{"id":9665,"date":"2013-08-10T14:14:12","date_gmt":"2013-08-10T12:14:12","guid":{"rendered":"http:\/\/www.deskmodder.de\/blog\/?p=9665"},"modified":"2023-01-14T17:18:17","modified_gmt":"2023-01-14T16:18:17","slug":"direkt-zum-desktop-booten-wird-bald-keiner-mehr-nutzen","status":"publish","type":"post","link":"https:\/\/www.deskmodder.de\/blog\/2013\/08\/10\/direkt-zum-desktop-booten-wird-bald-keiner-mehr-nutzen\/","title":{"rendered":"Direkt zum Desktop booten wird bald keiner mehr nutzen"},"content":{"rendered":"<p><a href=\"http:\/\/www.deskmodder.de\/blog\/wp-content\/uploads\/2013\/08\/start-startmenue-einstellen-suchen-windows8.1_1.jpg\" rel=\"lightbox[9665]\"><img loading=\"lazy\" decoding=\"async\" class=\"alignleft size-medium wp-image-9670\" alt=\"start-startmenue-einstellen-suchen-windows8.1_1\" src=\"http:\/\/www.deskmodder.de\/blog\/wp-content\/uploads\/2013\/08\/start-startmenue-einstellen-suchen-windows8.1_1-150x90.jpg\" width=\"150\" height=\"90\" srcset=\"https:\/\/www.deskmodder.de\/blog\/wp-content\/uploads\/2013\/08\/start-startmenue-einstellen-suchen-windows8.1_1-150x90.jpg 150w, https:\/\/www.deskmodder.de\/blog\/wp-content\/uploads\/2013\/08\/start-startmenue-einstellen-suchen-windows8.1_1-500x300.jpg 500w, https:\/\/www.deskmodder.de\/blog\/wp-content\/uploads\/2013\/08\/start-startmenue-einstellen-suchen-windows8.1_1.jpg 796w\" sizes=\"auto, (max-width: 150px) 100vw, 150px\" \/><\/a>Gestern hat Randy Guthrie (Microsoft Technology Evangelist) einen Blogpost verfasst, indem er meint, dass das direkte starten zum Desktop bald kaum jemand mehr nutzt. (<a href=\"http:\/\/www.deskmodder.de\/wiki\/index.php?title=Direkt_zum_Desktop_starten_aktivieren_in_Windows_8.1\" target=\"_blank\" rel=\"noopener\">Einstellung direkt zum Desktop starten<\/a>)<br \/>\nWie kommt er darauf? Er ist der Meinung, dass es jetzt schon f\u00fcr Tablets und Ger\u00e4te mit Touch zum Beispiel viel einfacher ist, alles \u00fcber das Metro (Modern UI) Startmen\u00fc zu machen, wie \u00fcber den Desktop.<\/p>\n<p>Und auch die PC-Besitzer w\u00fcrden sich auch sehr schnell daran gew\u00f6hnen.<br \/>\nAuch wenn Microsoft auf die Kundenw\u00fcnsche eingegangen ist und diese Funktion in der 8.1 eingebaut hat. <!--more--><br \/>\n<i> \u201cI like the live tile notifications that appear on my favorite apps, so for the way that I use the computer now, it works better for me to launch to the Start Screen instead of the Desktop, even though I don\u2019t have a touch screen in front of me.\u201d<\/i><\/p>\n<p>Sch\u00f6n f\u00fcr ihn, oder denkt ihr auch so?<br \/>\n(<a href=\"http:\/\/blogs.msdn.com\/b\/mis_laboratory\/archive\/2013\/08\/09\/windows-8-1-boot-to-desktop-maybe-the-designers-were-right.aspx\" target=\"_blank\" rel=\"noopener\">blogs.msdn.com<\/a>)<\/p>\n<p style=\"text-align: right;\">(<a href=\"http:\/\/news.softpedia.com\/news\/Microsoft-Windows-8-1-s-Boot-to-Desktop-Option-Might-Become-Obsolete-374544.shtml\" target=\"_blank\" rel=\"noopener\">via<\/a>)<\/p>\n","protected":false},"excerpt":{"rendered":"<p>Gestern hat Randy Guthrie (Microsoft Technology Evangelist) einen Blogpost verfasst, indem er meint, dass das direkte starten zum Desktop bald kaum jemand mehr nutzt. (Einstellung direkt zum Desktop starten) Wie kommt er darauf? Er ist der Meinung, dass es jetzt&hellip; <\/p>\n","protected":false},"author":134,"featured_media":9670,"comment_status":"open","ping_status":"open","sticky":false,"template":"","format":"standard","meta":{"jetpack_post_was_ever_published":false,"footnotes":"","jetpack_publicize_message":"","jetpack_publicize_feature_enabled":true,"jetpack_social_post_already_shared":false,"jetpack_social_options":{"image_generator_settings":{"template":"highway","default_image_id":0,"font":"","enabled":false},"version":2}},"categories":[1,11],"tags":[729,9750],"class_list":["post-9665","post","type-post","status-publish","format-standard","has-post-thumbnail","hentry","category-allgemein","category-windows","tag-direkt-zum-desktop","tag-windows-8-1"],"wp_featured_image":{"id":9670,"alt_text":"","description":"","media_type":"image","media_details":{"width":796,"height":479,"file":"2013\/08\/start-startmenue-einstellen-suchen-windows8.1_1.jpg","sizes":{"thumbnail":{"file":"start-startmenue-einstellen-suchen-windows8.1_1-150x150.jpg","width":150,"height":150,"mime-type":"image\/jpeg","source_url":"https:\/\/www.deskmodder.de\/blog\/wp-content\/uploads\/2013\/08\/start-startmenue-einstellen-suchen-windows8.1_1-150x150.jpg"},"medium":{"file":"start-startmenue-einstellen-suchen-windows8.1_1-150x90.jpg","width":150,"height":90,"mime-type":"image\/jpeg","source_url":"https:\/\/www.deskmodder.de\/blog\/wp-content\/uploads\/2013\/08\/start-startmenue-einstellen-suchen-windows8.1_1-150x90.jpg"},"large":{"file":"start-startmenue-einstellen-suchen-windows8.1_1-500x300.jpg","width":500,"height":300,"mime-type":"image\/jpeg","source_url":"https:\/\/www.deskmodder.de\/blog\/wp-content\/uploads\/2013\/08\/start-startmenue-einstellen-suchen-windows8.1_1-500x300.jpg"}},"image_meta":{"aperture":0,"credit":"","camera":"","caption":"","created_timestamp":0,"copyright":"","focal_length":0,"iso":0,"shutter_speed":0,"title":""}},"post":9665,"source_url":"https:\/\/www.deskmodder.de\/blog\/wp-content\/uploads\/2013\/08\/start-startmenue-einstellen-suchen-windows8.1_1.jpg"},"commentcount":17,"wp_comments":[{"id":3000,"parent":0,"author":0,"author_name":"Test","author_email":"klo@aol.com","author_url":"","author_avatar_urls":{"24":"https:\/\/secure.gravatar.com\/avatar\/15bf3b001a29e46bdee6209d0dd6a4a202b59fa8fbbedf10b14f8a5382ebb083?s=24&d=mm&r=g","48":"https:\/\/secure.gravatar.com\/avatar\/15bf3b001a29e46bdee6209d0dd6a4a202b59fa8fbbedf10b14f8a5382ebb083?s=48&d=mm&r=g","96":"https:\/\/secure.gravatar.com\/avatar\/15bf3b001a29e46bdee6209d0dd6a4a202b59fa8fbbedf10b14f8a5382ebb083?s=96&d=mm&r=g"},"date":"2013-08-10T14:37:31","cld_nonce":"173fc99a75","content":{"rendered":"<p>Der hat einfach einen an der Waffel, sorry f\u00fcr die ehrlichen Worte. Auch Win 8.1 wird an den schlechten Verk\u00e4ufen von Windows 8.0 <img src=\"https:\/\/www.deskmodder.de\/blog\/wp-content\/plugins\/classic-smilies\/img\/icon_wink.gif\" alt=\";)\" class=\"wp-smiley\" \/> rein gar nichts \u00e4ndern, denn 8.1 macht noch immer die selben Fehler. Die Fehler sind eigentlich auch recht einfach zu erkennen &#8211; die Leute wollen a) diese Kacheloptik nicht, deswegen wird auch Windows Phone nie den Erfolg wie Android haben, und b) muss es eine Trennung zwischen Tablet und Desktop-OS geben! Die Leute wollen auch die Glaseffekte und nicht diesen armseligen Retrolook! Solange MS das nicht erkennt, wird Windows 7 f\u00fchrend bleiben. MS muss erkennen, dass sie eine andere Optik entwickeln. Windows 8 ist eh vom Ruf bereits durch, also mal schauen ob Windows 9, oder wie auch immer es hei\u00dfen wird, einen Schwenk macht. Und das was ich sage beruht nicht auf dem eigenen Willen, das sind Kundenmeinungen von vielen Hundert Menschen, die ich beruflich bereits befragt habe.<\/p>\n"},"status":"1"},{"id":3001,"parent":0,"author":0,"author_name":"","author_email":"","author_url":"http:\/\/www.drwindows.de\/windows-news\/66694-uber-tellerrand-geschaut-news-10-08-13-a.html#post539882","author_avatar_urls":{"24":"https:\/\/secure.gravatar.com\/avatar\/?s=24&d=mm&r=g","48":"https:\/\/secure.gravatar.com\/avatar\/?s=48&d=mm&r=g","96":"https:\/\/secure.gravatar.com\/avatar\/?s=96&d=mm&r=g"},"date":"2013-08-10T15:01:06","cld_nonce":"173fc99a75","content":{"rendered":"<p>[&#8230;]  [&#8230;]<\/p>\n"},"status":"1"},{"id":3002,"parent":0,"author":0,"author_name":"Multi_OS","author_email":"compyfreak1@freenet.de","author_url":"","author_avatar_urls":{"24":"https:\/\/secure.gravatar.com\/avatar\/8d5940a7b9e291a0bb4e695f5487673ef22dab7f75f087802a49cb86762a3194?s=24&d=mm&r=g","48":"https:\/\/secure.gravatar.com\/avatar\/8d5940a7b9e291a0bb4e695f5487673ef22dab7f75f087802a49cb86762a3194?s=48&d=mm&r=g","96":"https:\/\/secure.gravatar.com\/avatar\/8d5940a7b9e291a0bb4e695f5487673ef22dab7f75f087802a49cb86762a3194?s=96&d=mm&r=g"},"date":"2013-08-10T16:39:38","cld_nonce":"173fc99a75","content":{"rendered":"<p>Da hat einer aber \u00fcberhaupt so gar keine Ahnung von Design und Zukunft.<\/p>\n<p>Aber wer in der Vergangenheit lebt, wird ein ewig Gestriger bleiben.<\/p>\n"},"status":"1"},{"id":3003,"parent":0,"author":0,"author_name":"magnet","author_email":"mmgermany@arcor.de","author_url":"","author_avatar_urls":{"24":"https:\/\/secure.gravatar.com\/avatar\/fe7f98dac3622cfd748e39443dbde21340d86cb9d560223a91fc6375169d0e41?s=24&d=mm&r=g","48":"https:\/\/secure.gravatar.com\/avatar\/fe7f98dac3622cfd748e39443dbde21340d86cb9d560223a91fc6375169d0e41?s=48&d=mm&r=g","96":"https:\/\/secure.gravatar.com\/avatar\/fe7f98dac3622cfd748e39443dbde21340d86cb9d560223a91fc6375169d0e41?s=96&d=mm&r=g"},"date":"2013-08-10T17:00:01","cld_nonce":"173fc99a75","content":{"rendered":"<p>Vom Prinzip hat dieser Randy Guthrie recht. Laptop auf, ein Blick nach links, ein Blick nach rechts und schon bin ich \u00fcber alles informiert. Egal ob Mails, News, Wetter. Und schon kann ich das starten was an diesem Tag wichtig ist.<\/p>\n"},"status":"1"},{"id":3004,"parent":0,"author":0,"author_name":"Tipp","author_email":"klo@aol.com","author_url":"","author_avatar_urls":{"24":"https:\/\/secure.gravatar.com\/avatar\/15bf3b001a29e46bdee6209d0dd6a4a202b59fa8fbbedf10b14f8a5382ebb083?s=24&d=mm&r=g","48":"https:\/\/secure.gravatar.com\/avatar\/15bf3b001a29e46bdee6209d0dd6a4a202b59fa8fbbedf10b14f8a5382ebb083?s=48&d=mm&r=g","96":"https:\/\/secure.gravatar.com\/avatar\/15bf3b001a29e46bdee6209d0dd6a4a202b59fa8fbbedf10b14f8a5382ebb083?s=96&d=mm&r=g"},"date":"2013-08-10T17:18:19","cld_nonce":"173fc99a75","content":{"rendered":"<p>@Multi_OS<br \/>\nWar klar, dass wieder so ein geistiger Bullshit als Reaktion kommt. Was hat Design mit Zukunft zu tun und umgekehrt! Und vor allem, was hat die Vergangenheit damit am Hut! Echt, diese kindischen Reaktionen, wenn andere User anderer Meinung sind. <\/p>\n<p>Windows 8 ist bis dato ein Totalflopp, anders kann man Windows 8 nach einem Jahr gemessen an den Verkaufzahlen, wie auch bei den Windows 8 basierten Tablets, egal ob RT oder mit vollem Win8, nicht nennen. Und dar\u00fcber hinaus habe ich geschrieben, es ist die Meinung hunderter Kunden, die ich befragt habe. <\/p>\n<p>Ich pers\u00f6nlich nutzte Windows 8 gerne, die Teletubbie-Kacheln mit diesen wiederlichen bunten Farben und die GUI mit dem Minimalismus sind trotzdem der letzte M\u00fcll, rein von der Optik betrachtet.<\/p>\n"},"status":"1"},{"id":3006,"parent":0,"author":0,"author_name":"qwert73","author_email":"galkauskaite@web.de","author_url":"","author_avatar_urls":{"24":"https:\/\/secure.gravatar.com\/avatar\/6c2ec42ee0d9eac0951d1fb545971dc4a004134365fbc5950821cc2806913881?s=24&d=mm&r=g","48":"https:\/\/secure.gravatar.com\/avatar\/6c2ec42ee0d9eac0951d1fb545971dc4a004134365fbc5950821cc2806913881?s=48&d=mm&r=g","96":"https:\/\/secure.gravatar.com\/avatar\/6c2ec42ee0d9eac0951d1fb545971dc4a004134365fbc5950821cc2806913881?s=96&d=mm&r=g"},"date":"2013-08-10T20:21:15","cld_nonce":"173fc99a75","content":{"rendered":"<p>Wie w\u00e4r&#8217;s denn, einfach bei Windows 7 zu bleiben bis einem ein wei\u00dfer Bart w\u00e4chst oder einfach zu Linux zu wechseln, wo ja die pure Sachlichkeit fernab jeglicher Teletubbie-Optik waltet und man das Gef\u00fchl gratis spendiert bekommt, das wundersch\u00f6ne Jahr 2003 w\u00e4re noch nicht vorbei. Man muss ja nicht unbedingt immer im Namen der Allgemeinheit daherquatschen, um bl\u00f6derweise genau diese davon zu \u00fcberzeugen, dass, was einem selber durch die tr\u00fcbe Birne geht, schon immer deren eigener Quark w\u00e4r. Geht kacken mit eurer Heuchelei!<\/p>\n"},"status":"1"},{"id":3007,"parent":0,"author":0,"author_name":"qwert73","author_email":"galkauskaite@web.de","author_url":"","author_avatar_urls":{"24":"https:\/\/secure.gravatar.com\/avatar\/6c2ec42ee0d9eac0951d1fb545971dc4a004134365fbc5950821cc2806913881?s=24&d=mm&r=g","48":"https:\/\/secure.gravatar.com\/avatar\/6c2ec42ee0d9eac0951d1fb545971dc4a004134365fbc5950821cc2806913881?s=48&d=mm&r=g","96":"https:\/\/secure.gravatar.com\/avatar\/6c2ec42ee0d9eac0951d1fb545971dc4a004134365fbc5950821cc2806913881?s=96&d=mm&r=g"},"date":"2013-08-10T20:23:28","cld_nonce":"173fc99a75","content":{"rendered":"<p>Zum Thema:<\/p>\n<p>Kann man niocht ein wenig Zeit vergehen lassen, bis sich irgendwas heraussch\u00e4lt?<\/p>\n<p>Ich kann mich noch daran erinnern, wie vor 3 Jahren Android noch als popeliges M\u00f6chtegern-Os angesehen wurde. Und heute? Tja, heute wissen Besserwisser, dass es schon immer besser gewesen w\u00e4re, bei dem zu bleiben, was man als ausgewiesener Besserwisser schon immer als besser wusste.<\/p>\n"},"status":"1"},{"id":3008,"parent":0,"author":0,"author_name":"Tipp","author_email":"klo@aol.com","author_url":"","author_avatar_urls":{"24":"https:\/\/secure.gravatar.com\/avatar\/15bf3b001a29e46bdee6209d0dd6a4a202b59fa8fbbedf10b14f8a5382ebb083?s=24&d=mm&r=g","48":"https:\/\/secure.gravatar.com\/avatar\/15bf3b001a29e46bdee6209d0dd6a4a202b59fa8fbbedf10b14f8a5382ebb083?s=48&d=mm&r=g","96":"https:\/\/secure.gravatar.com\/avatar\/15bf3b001a29e46bdee6209d0dd6a4a202b59fa8fbbedf10b14f8a5382ebb083?s=96&d=mm&r=g"},"date":"2013-08-10T20:52:43","cld_nonce":"173fc99a75","content":{"rendered":"<p>Mann redest du ein Stuss, qwert73!<\/p>\n"},"status":"1"},{"id":3009,"parent":0,"author":0,"author_name":"qwert73","author_email":"galkauskaite@web.de","author_url":"","author_avatar_urls":{"24":"https:\/\/secure.gravatar.com\/avatar\/6c2ec42ee0d9eac0951d1fb545971dc4a004134365fbc5950821cc2806913881?s=24&d=mm&r=g","48":"https:\/\/secure.gravatar.com\/avatar\/6c2ec42ee0d9eac0951d1fb545971dc4a004134365fbc5950821cc2806913881?s=48&d=mm&r=g","96":"https:\/\/secure.gravatar.com\/avatar\/6c2ec42ee0d9eac0951d1fb545971dc4a004134365fbc5950821cc2806913881?s=96&d=mm&r=g"},"date":"2013-08-10T21:00:04","cld_nonce":"173fc99a75","content":{"rendered":"<p>Du must es ja wissen, Teletubbie!<\/p>\n"},"status":"1"},{"id":3011,"parent":0,"author":0,"author_name":"J\u00fcrgenHugo","author_email":"hugohilter@t-online.de","author_url":"http:\/\/aurum2rivi.wordpress.com\/","author_avatar_urls":{"24":"https:\/\/secure.gravatar.com\/avatar\/dc5176746c873787fa3f8df5f9bdfbd2f7688721f771100eb4d7b4e82e2d655b?s=24&d=mm&r=g","48":"https:\/\/secure.gravatar.com\/avatar\/dc5176746c873787fa3f8df5f9bdfbd2f7688721f771100eb4d7b4e82e2d655b?s=48&d=mm&r=g","96":"https:\/\/secure.gravatar.com\/avatar\/dc5176746c873787fa3f8df5f9bdfbd2f7688721f771100eb4d7b4e82e2d655b?s=96&d=mm&r=g"},"date":"2013-08-10T23:46:45","cld_nonce":"173fc99a75","content":{"rendered":"<p>&#8222;Und auch die PC-Besitzer w\u00fcrden sich auch sehr schnell daran gew\u00f6hnen.&#8220;<\/p>\n<p>Was so ein &#8222;Evangelist&#8220; denkt und meint, das ist f\u00fcr mich wie in den Wind gesprochen!!<\/p>\n<p>Bei meinen Comps ist nur eines wichtig: das MIR das gef\u00e4llt &#8211; ein anderer sitzt hier n\u00e4mlich nicht. Und wenn ich mich ein paar Tage nicht rasiere, dann ist mein Bart fast wei\u00df&#8230;<\/p>\n"},"status":"1"},{"id":3013,"parent":0,"author":518,"author_name":"&#075;&#108;&#111;&#112;&#115;&#099;&#104;&#105;&#107;","author_email":"cumbala@gmx.net","author_url":"","author_avatar_urls":{"24":"https:\/\/secure.gravatar.com\/avatar\/1216f4d4240e858c049d59091b54c708648008163301bb5d431af496e10aefbd?s=24&d=mm&r=g","48":"https:\/\/secure.gravatar.com\/avatar\/1216f4d4240e858c049d59091b54c708648008163301bb5d431af496e10aefbd?s=48&d=mm&r=g","96":"https:\/\/secure.gravatar.com\/avatar\/1216f4d4240e858c049d59091b54c708648008163301bb5d431af496e10aefbd?s=96&d=mm&r=g"},"date":"2013-08-11T01:30:04","cld_nonce":"173fc99a75","content":{"rendered":"<p>Es kommt doch immer darauf an was der Benutzer machen will, f\u00fcr User die nichts anders als Internet, Spielen, Mails und mit Apps arbeiten, mag das Gekachle ja dass das optimale sein. F\u00fcr User die Bildbearbeitung, Videos schneiden, Programmieren, Sendungen \u00fcber DVB mitschneiden usw. usw. ist das Bl\u00f6dsinn. Da die Metro Murksoberfl\u00e4che nur max. 2 Fenster darstellen kann, wie soll man da ernsthaft arbeiten? Bei den geannten Programmen wird doch sowieso in den Desktopmodus umgeschaltet, wieso soll ich dann den Umweg \u00fcber die Kachelwiese machen?<\/p>\n<p>Den Traum, den Microsoft tr\u00e4umt, dass die Windows User -wie die Apple J\u00fcnger- massenhaft Apps kaufen, der wird sowieso bald ausgetr\u00e4umt sein.<\/p>\n"},"status":"1"},{"id":3018,"parent":0,"author":0,"author_name":"Tipp","author_email":"klo@aol.com","author_url":"","author_avatar_urls":{"24":"https:\/\/secure.gravatar.com\/avatar\/15bf3b001a29e46bdee6209d0dd6a4a202b59fa8fbbedf10b14f8a5382ebb083?s=24&d=mm&r=g","48":"https:\/\/secure.gravatar.com\/avatar\/15bf3b001a29e46bdee6209d0dd6a4a202b59fa8fbbedf10b14f8a5382ebb083?s=48&d=mm&r=g","96":"https:\/\/secure.gravatar.com\/avatar\/15bf3b001a29e46bdee6209d0dd6a4a202b59fa8fbbedf10b14f8a5382ebb083?s=96&d=mm&r=g"},"date":"2013-08-11T11:37:49","cld_nonce":"173fc99a75","content":{"rendered":"<p>Es ist ja schon bezeichnend, Microsoft hat es in Windows 8.1 ja noch nicht mal geschafft, bzw. den Usern nicht mal diesen einen kleinen Wunsch erf\u00fcllt, und es haben sich dar\u00fcber &#8222;aber tausende&#8220; beschwert, dass man die Taskleistenfarbe getrennt von der Fensterfarbe \u00e4ndern kann &#8211; so eine Kleinigkeit fehlt bei einem BS, Stand 2013! <\/p>\n<p>Das ist einfach besch\u00e4mend! Als wenn man sich nen Zacken aus der Krone bricht, als BS-Entwickler, den Usern diesen kleinen Wunsch zu erf\u00fcllen. Aber gut, daf\u00fcr k\u00f6nnen wir jetzt selbst die gr\u00f6\u00dfe der Kacheln \u00e4ndern, supi, die Farben der Kacheln aber erneut nicht den eigenen W\u00fcnschen anpassen &#8211; Windows 8 ist und bleibt, auch mit 8.1, einfach ein unfertiges Produkt &#8211; nur eine Meinung!<\/p>\n"},"status":"1"},{"id":3019,"parent":0,"author":1474,"author_name":"&#070;&#114;&#097;&#109;&#101;&#114;","author_email":"zwergalarm@t-online.de","author_url":"","author_avatar_urls":{"24":"https:\/\/secure.gravatar.com\/avatar\/ef2cd390e319b5d70a0702480b853c01307a1097eb9ac69082a744a152e1f64c?s=24&d=mm&r=g","48":"https:\/\/secure.gravatar.com\/avatar\/ef2cd390e319b5d70a0702480b853c01307a1097eb9ac69082a744a152e1f64c?s=48&d=mm&r=g","96":"https:\/\/secure.gravatar.com\/avatar\/ef2cd390e319b5d70a0702480b853c01307a1097eb9ac69082a744a152e1f64c?s=96&d=mm&r=g"},"date":"2013-08-11T12:40:04","cld_nonce":"173fc99a75","content":{"rendered":"<p>Das Microsoft das Starten direkt zum Desktop jetzt fest eingebaut hat ist ganz nett und sie sollten es auch als M\u00f6glichkeit behalten. So kann jeder Nutzer selbst entscheiden was f\u00fcr ihn effektivier ist.<br \/>\nIch nutze Windows 8 seit 6 Monaten und der Anfang war nicht ganz leicht. Da jammerte ich auch schon so einiges mal rum aber da ich so schnell nicht aufgeben wollte probierte ich das eine und andere aus. Da gab es zB &#8222;Classic Shell&#8220; und &#8222;StartMenuReviver&#8220; die ihre Dienste sehr gut machten und dann nach kurzer Zeit wieder gel\u00f6scht wurden. Ich fand (dank Deskmodder.de) sehr hilfreiche Info\u00b4s die ich umgesetzt hatte und bekam somit ein leicht zu bedienendes System. In die Taskleiste (oben) legte ich mir folgende Kn\u00f6pfe: Shutdown, Metro (Modern UI). Mein Pc startet normal in die Modern UI und da w\u00e4hle ich das Programm was ich nutzen will. Will ich ein zweites Programm starten schnell auf den Modern UI Knopf (Taskleiste) geklickt, Programm gew\u00e4hlt und weiter. Somit ist kein minimieren des laufenden Programms oder der umst\u00e4ndliche Weg \u00fcber den Startknopf n\u00f6tig. Wenn mans erstmal raus hat ist das Arbeiten leichter. Windows 8.1 hab ich als VHD auf dem Rechner laufen und da hab ich nur die Modern UI auf durchsichtig gestellt, sieht halt besser aus.<br \/>\nOb Windows 8.1 auch so schlecht von den Usern angenommen wird, wird sich zeigen. Windows Vista war ja auch so grotten schlecht und Windows 7 um l\u00e4ngen besser (Windows 6 auf Windows 6.1).<\/p>\n"},"status":"1"},{"id":3022,"parent":0,"author":134,"author_name":"&#109;&#111;&#105;&#110;&#109;&#111;&#105;&#110;","author_email":"moin-moin@hab-verschlafen.de","author_url":"","author_avatar_urls":{"24":"https:\/\/secure.gravatar.com\/avatar\/fab96769102f8886245ab411df9a42a235be79261e4b44aa7ab2a555da8b86b4?s=24&d=mm&r=g","48":"https:\/\/secure.gravatar.com\/avatar\/fab96769102f8886245ab411df9a42a235be79261e4b44aa7ab2a555da8b86b4?s=48&d=mm&r=g","96":"https:\/\/secure.gravatar.com\/avatar\/fab96769102f8886245ab411df9a42a235be79261e4b44aa7ab2a555da8b86b4?s=96&d=mm&r=g"},"date":"2013-08-11T14:25:42","cld_nonce":"173fc99a75","content":{"rendered":"<p><i> Ich fand (dank Deskmodder.de) sehr hilfreiche Info\u00b4s<\/i><br \/>\nH\u00f6rt man gerne. <img src=\"https:\/\/www.deskmodder.de\/blog\/wp-content\/plugins\/classic-smilies\/img\/icon_wink.gif\" alt=\";)\" class=\"wp-smiley\" \/><\/p>\n<p><i> Windows Vista war ja auch so grotten schlecht<\/i><br \/>\nAuch so ein Vorurteil. MS hatte zu Anfang  nur das Problem mit den Treibern. Und schon haben es alle verteufelt.<br \/>\nVista selber (richtig eingerichtet) lief ohne Probleme wie Win 7.<\/p>\n"},"status":"1"},{"id":3023,"parent":0,"author":1474,"author_name":"&#070;&#114;&#097;&#109;&#101;&#114;","author_email":"zwergalarm@t-online.de","author_url":"","author_avatar_urls":{"24":"https:\/\/secure.gravatar.com\/avatar\/ef2cd390e319b5d70a0702480b853c01307a1097eb9ac69082a744a152e1f64c?s=24&d=mm&r=g","48":"https:\/\/secure.gravatar.com\/avatar\/ef2cd390e319b5d70a0702480b853c01307a1097eb9ac69082a744a152e1f64c?s=48&d=mm&r=g","96":"https:\/\/secure.gravatar.com\/avatar\/ef2cd390e319b5d70a0702480b853c01307a1097eb9ac69082a744a152e1f64c?s=96&d=mm&r=g"},"date":"2013-08-11T19:15:19","cld_nonce":"173fc99a75","content":{"rendered":"<p>@moinmoin<br \/>\n&#8222;so grotten schlecht&#8220; war mit einem Augenzwinker gedacht. Hatte selber Vista (PC-Kauf) und es lief. Es war nur eine Eingew\u00f6hnung n\u00f6tig und DAS ist bei allen BS gleich, ob es da Linux, MacOSX oder eben Windows ist.<\/p>\n"},"status":"1"},{"id":3024,"parent":0,"author":0,"author_name":"J\u00fcrgenHugo","author_email":"hugohilter@t-online.de","author_url":"http:\/\/aurum2rivi.wordpress.com\/","author_avatar_urls":{"24":"https:\/\/secure.gravatar.com\/avatar\/dc5176746c873787fa3f8df5f9bdfbd2f7688721f771100eb4d7b4e82e2d655b?s=24&d=mm&r=g","48":"https:\/\/secure.gravatar.com\/avatar\/dc5176746c873787fa3f8df5f9bdfbd2f7688721f771100eb4d7b4e82e2d655b?s=48&d=mm&r=g","96":"https:\/\/secure.gravatar.com\/avatar\/dc5176746c873787fa3f8df5f9bdfbd2f7688721f771100eb4d7b4e82e2d655b?s=96&d=mm&r=g"},"date":"2013-08-11T23:27:33","cld_nonce":"173fc99a75","content":{"rendered":"<p>@Framer:<\/p>\n<p>&#8222;&#8230;Hatte selber Vista (PC-Kauf) und es lief. Es war nur eine Eingew\u00f6hnung n\u00f6tig und DAS ist bei allen BS gleich, ob es da Linux, MacOSX oder eben Windows ist.&#8220;<\/p>\n<p>Ich habe Vista auch gehabt, mein 1. PC war damals knapp 2 Monate vor Win7 ver****, was reinstecken lohnte nicht mehr. Da habe ich den geplanten Neukauf vorgezogen &#8211; auf dem neuen PC war Vista vorinstalliert, ich wollte das aber NICHT.<\/p>\n<p>Einen Tag, nachdem Win7 drau\u00dfen war, war die Systembuilder Win7 Ultimate im Briefkasten. SOfort habe ich die reingeschoben &#8211; ab da war Vista Geschichte.<\/p>\n<p>Fast 2 Monate habe ich mich bei jedem Booten gegrottet, wenn das &#8222;Home Premium&#8220; zu sehen war &#8211; da habe ich mich immer verh\u00f6hnt gef\u00fchlt&#8230;<\/p>\n<p>Man kann sich an vieles gew\u00f6hnen &#8211; wenn man will oder mu\u00df. Bei Vista wollte und mu\u00dfte ich aber eben nicht.<\/p>\n"},"status":"1"},{"id":3026,"parent":0,"author":134,"author_name":"&#109;&#111;&#105;&#110;&#109;&#111;&#105;&#110;","author_email":"moin-moin@hab-verschlafen.de","author_url":"","author_avatar_urls":{"24":"https:\/\/secure.gravatar.com\/avatar\/fab96769102f8886245ab411df9a42a235be79261e4b44aa7ab2a555da8b86b4?s=24&d=mm&r=g","48":"https:\/\/secure.gravatar.com\/avatar\/fab96769102f8886245ab411df9a42a235be79261e4b44aa7ab2a555da8b86b4?s=48&d=mm&r=g","96":"https:\/\/secure.gravatar.com\/avatar\/fab96769102f8886245ab411df9a42a235be79261e4b44aa7ab2a555da8b86b4?s=96&d=mm&r=g"},"date":"2013-08-12T08:51:15","cld_nonce":"173fc99a75","content":{"rendered":"<p>Framer, das Zwinkern war in dem absatzlosen Text nicht zu erkennen. <img src=\"https:\/\/www.deskmodder.de\/blog\/wp-content\/plugins\/classic-smilies\/img\/icon_wink.gif\" alt=\";)\" class=\"wp-smiley\" \/><br \/>\nAber recht hast du. Eingew\u00f6hnung ist alles.<\/p>\n"},"status":"1"}],"wp_author":{"id":134,"name":"moinmoin","description":"Ich bin nicht allwissend, was <a href=\"https:\/\/www.deskmodder.de\/wiki\/index.php?title=Kategorie:Windows_11\">Windows<\/a> angeht. Aber genau deshalb nehme ich Windows gerne auseinander und unter die Lupe, um all mein Wissen zu erweitern. <i>J\u00fcrgen<\/i>","author_avatar_urls":{"24":"https:\/\/secure.gravatar.com\/avatar\/fab96769102f8886245ab411df9a42a235be79261e4b44aa7ab2a555da8b86b4?s=24&d=mm&r=g","48":"https:\/\/secure.gravatar.com\/avatar\/fab96769102f8886245ab411df9a42a235be79261e4b44aa7ab2a555da8b86b4?s=48&d=mm&r=g","96":"https:\/\/secure.gravatar.com\/avatar\/fab96769102f8886245ab411df9a42a235be79261e4b44aa7ab2a555da8b86b4?s=96&d=mm&r=g"}},"cld_nonce":"173fc99a75","yoast_head":"<!-- This site is optimized with the Yoast SEO Premium plugin v27.5 (Yoast SEO v27.5) - https:\/\/yoast.com\/product\/yoast-seo-premium-wordpress\/ -->\n<title>Direkt zum Desktop booten wird bald keiner mehr nutzen - Deskmodder.de<\/title>\n<meta name=\"robots\" content=\"index, follow, max-snippet:-1, max-image-preview:large, max-video-preview:-1\" \/>\n<link rel=\"canonical\" href=\"https:\/\/www.deskmodder.de\/blog\/2013\/08\/10\/direkt-zum-desktop-booten-wird-bald-keiner-mehr-nutzen\/\" \/>\n<meta property=\"og:locale\" content=\"de_DE\" \/>\n<meta property=\"og:type\" content=\"article\" \/>\n<meta property=\"og:title\" content=\"Direkt zum Desktop booten wird bald keiner mehr nutzen\" \/>\n<meta property=\"og:description\" content=\"Gestern hat Randy Guthrie (Microsoft Technology Evangelist) einen Blogpost verfasst, indem er meint, dass das direkte starten zum Desktop bald kaum jemand mehr nutzt. (Einstellung direkt zum Desktop starten) Wie kommt er darauf? Er ist der Meinung, dass es jetzt&hellip;\" \/>\n<meta property=\"og:url\" content=\"https:\/\/www.deskmodder.de\/blog\/2013\/08\/10\/direkt-zum-desktop-booten-wird-bald-keiner-mehr-nutzen\/\" \/>\n<meta property=\"og:site_name\" content=\"Deskmodder.de\" \/>\n<meta property=\"article:publisher\" content=\"https:\/\/www.facebook.com\/Deskmodder\" \/>\n<meta property=\"article:published_time\" content=\"2013-08-10T12:14:12+00:00\" \/>\n<meta property=\"article:modified_time\" content=\"2023-01-14T16:18:17+00:00\" \/>\n<meta property=\"og:image\" content=\"https:\/\/www.deskmodder.de\/blog\/wp-content\/uploads\/2013\/08\/start-startmenue-einstellen-suchen-windows8.1_1.jpg\" \/>\n\t<meta property=\"og:image:width\" content=\"796\" \/>\n\t<meta property=\"og:image:height\" content=\"479\" \/>\n\t<meta property=\"og:image:type\" content=\"image\/jpeg\" \/>\n<meta name=\"author\" content=\"moinmoin\" \/>\n<meta name=\"twitter:card\" content=\"summary_large_image\" \/>\n<meta name=\"twitter:creator\" content=\"@Deskmodder\" \/>\n<meta name=\"twitter:site\" content=\"@Deskmodder\" \/>\n<script type=\"application\/ld+json\" class=\"yoast-schema-graph\">{\"@context\":\"https:\\\/\\\/schema.org\",\"@graph\":[{\"@type\":\"Article\",\"@id\":\"https:\\\/\\\/www.deskmodder.de\\\/blog\\\/2013\\\/08\\\/10\\\/direkt-zum-desktop-booten-wird-bald-keiner-mehr-nutzen\\\/#article\",\"isPartOf\":{\"@id\":\"https:\\\/\\\/www.deskmodder.de\\\/blog\\\/2013\\\/08\\\/10\\\/direkt-zum-desktop-booten-wird-bald-keiner-mehr-nutzen\\\/\"},\"author\":{\"name\":\"moinmoin\",\"@id\":\"https:\\\/\\\/www.deskmodder.de\\\/blog\\\/#\\\/schema\\\/person\\\/a40b17a9503c4a1568ac4073bb54182a\"},\"headline\":\"Direkt zum Desktop booten wird bald keiner mehr nutzen\",\"datePublished\":\"2013-08-10T12:14:12+00:00\",\"dateModified\":\"2023-01-14T16:18:17+00:00\",\"mainEntityOfPage\":{\"@id\":\"https:\\\/\\\/www.deskmodder.de\\\/blog\\\/2013\\\/08\\\/10\\\/direkt-zum-desktop-booten-wird-bald-keiner-mehr-nutzen\\\/\"},\"wordCount\":169,\"commentCount\":17,\"publisher\":{\"@id\":\"https:\\\/\\\/www.deskmodder.de\\\/blog\\\/#organization\"},\"image\":{\"@id\":\"https:\\\/\\\/www.deskmodder.de\\\/blog\\\/2013\\\/08\\\/10\\\/direkt-zum-desktop-booten-wird-bald-keiner-mehr-nutzen\\\/#primaryimage\"},\"thumbnailUrl\":\"https:\\\/\\\/www.deskmodder.de\\\/blog\\\/wp-content\\\/uploads\\\/2013\\\/08\\\/start-startmenue-einstellen-suchen-windows8.1_1.jpg\",\"keywords\":[\"direkt zum desktop\",\"Windows 8.1\"],\"articleSection\":{\"1\":\"Windows \u00e4lter\"},\"inLanguage\":\"de\",\"potentialAction\":[{\"@type\":\"CommentAction\",\"name\":\"Comment\",\"target\":[\"https:\\\/\\\/www.deskmodder.de\\\/blog\\\/2013\\\/08\\\/10\\\/direkt-zum-desktop-booten-wird-bald-keiner-mehr-nutzen\\\/#respond\"]}],\"copyrightYear\":\"2013\",\"copyrightHolder\":{\"@id\":\"https:\\\/\\\/www.deskmodder.de\\\/blog\\\/#organization\"}},{\"@type\":\"WebPage\",\"@id\":\"https:\\\/\\\/www.deskmodder.de\\\/blog\\\/2013\\\/08\\\/10\\\/direkt-zum-desktop-booten-wird-bald-keiner-mehr-nutzen\\\/\",\"url\":\"https:\\\/\\\/www.deskmodder.de\\\/blog\\\/2013\\\/08\\\/10\\\/direkt-zum-desktop-booten-wird-bald-keiner-mehr-nutzen\\\/\",\"name\":\"Direkt zum Desktop booten wird bald keiner mehr nutzen - Deskmodder.de\",\"isPartOf\":{\"@id\":\"https:\\\/\\\/www.deskmodder.de\\\/blog\\\/#website\"},\"primaryImageOfPage\":{\"@id\":\"https:\\\/\\\/www.deskmodder.de\\\/blog\\\/2013\\\/08\\\/10\\\/direkt-zum-desktop-booten-wird-bald-keiner-mehr-nutzen\\\/#primaryimage\"},\"image\":{\"@id\":\"https:\\\/\\\/www.deskmodder.de\\\/blog\\\/2013\\\/08\\\/10\\\/direkt-zum-desktop-booten-wird-bald-keiner-mehr-nutzen\\\/#primaryimage\"},\"thumbnailUrl\":\"https:\\\/\\\/www.deskmodder.de\\\/blog\\\/wp-content\\\/uploads\\\/2013\\\/08\\\/start-startmenue-einstellen-suchen-windows8.1_1.jpg\",\"datePublished\":\"2013-08-10T12:14:12+00:00\",\"dateModified\":\"2023-01-14T16:18:17+00:00\",\"breadcrumb\":{\"@id\":\"https:\\\/\\\/www.deskmodder.de\\\/blog\\\/2013\\\/08\\\/10\\\/direkt-zum-desktop-booten-wird-bald-keiner-mehr-nutzen\\\/#breadcrumb\"},\"inLanguage\":\"de\",\"potentialAction\":[{\"@type\":\"ReadAction\",\"target\":[\"https:\\\/\\\/www.deskmodder.de\\\/blog\\\/2013\\\/08\\\/10\\\/direkt-zum-desktop-booten-wird-bald-keiner-mehr-nutzen\\\/\"]}]},{\"@type\":\"ImageObject\",\"inLanguage\":\"de\",\"@id\":\"https:\\\/\\\/www.deskmodder.de\\\/blog\\\/2013\\\/08\\\/10\\\/direkt-zum-desktop-booten-wird-bald-keiner-mehr-nutzen\\\/#primaryimage\",\"url\":\"https:\\\/\\\/www.deskmodder.de\\\/blog\\\/wp-content\\\/uploads\\\/2013\\\/08\\\/start-startmenue-einstellen-suchen-windows8.1_1.jpg\",\"contentUrl\":\"https:\\\/\\\/www.deskmodder.de\\\/blog\\\/wp-content\\\/uploads\\\/2013\\\/08\\\/start-startmenue-einstellen-suchen-windows8.1_1.jpg\",\"width\":796,\"height\":479},{\"@type\":\"BreadcrumbList\",\"@id\":\"https:\\\/\\\/www.deskmodder.de\\\/blog\\\/2013\\\/08\\\/10\\\/direkt-zum-desktop-booten-wird-bald-keiner-mehr-nutzen\\\/#breadcrumb\",\"itemListElement\":[{\"@type\":\"ListItem\",\"position\":1,\"name\":\"Startseite\",\"item\":\"https:\\\/\\\/www.deskmodder.de\\\/blog\\\/\"},{\"@type\":\"ListItem\",\"position\":2,\"name\":\"Direkt zum Desktop booten wird bald keiner mehr nutzen\"}]},{\"@type\":\"WebSite\",\"@id\":\"https:\\\/\\\/www.deskmodder.de\\\/blog\\\/#website\",\"url\":\"https:\\\/\\\/www.deskmodder.de\\\/blog\\\/\",\"name\":\"Deskmodder.de\",\"description\":\"News zum Thema Microsoft, Windows 11 \\\/ 10, sowie anderen Neuigkeiten aus dem Netz, viele Tipps und individuelle Hilfe bei Problemen in unserem Forum \u25cf Deskmodder - seit 2003\",\"publisher\":{\"@id\":\"https:\\\/\\\/www.deskmodder.de\\\/blog\\\/#organization\"},\"potentialAction\":[{\"@type\":\"SearchAction\",\"target\":{\"@type\":\"EntryPoint\",\"urlTemplate\":\"https:\\\/\\\/www.deskmodder.de\\\/blog\\\/?s={search_term_string}\"},\"query-input\":{\"@type\":\"PropertyValueSpecification\",\"valueRequired\":true,\"valueName\":\"search_term_string\"}}],\"inLanguage\":\"de\"},{\"@type\":\"Organization\",\"@id\":\"https:\\\/\\\/www.deskmodder.de\\\/blog\\\/#organization\",\"name\":\"Deskmodder\",\"url\":\"https:\\\/\\\/www.deskmodder.de\\\/blog\\\/\",\"logo\":{\"@type\":\"ImageObject\",\"inLanguage\":\"de\",\"@id\":\"https:\\\/\\\/www.deskmodder.de\\\/blog\\\/#\\\/schema\\\/logo\\\/image\\\/\",\"url\":\"https:\\\/\\\/www.deskmodder.de\\\/blog\\\/wp-content\\\/uploads\\\/2019\\\/01\\\/deskmodder-logo-app.png\",\"contentUrl\":\"https:\\\/\\\/www.deskmodder.de\\\/blog\\\/wp-content\\\/uploads\\\/2019\\\/01\\\/deskmodder-logo-app.png\",\"width\":281,\"height\":286,\"caption\":\"Deskmodder\"},\"image\":{\"@id\":\"https:\\\/\\\/www.deskmodder.de\\\/blog\\\/#\\\/schema\\\/logo\\\/image\\\/\"},\"sameAs\":[\"https:\\\/\\\/www.facebook.com\\\/Deskmodder\",\"https:\\\/\\\/x.com\\\/Deskmodder\",\"https:\\\/\\\/mastodontech.de\\\/@Deskmodder\",\"https:\\\/\\\/www.youtube.com\\\/user\\\/deskmodder\",\"https:\\\/\\\/mewe.com\\\/group\\\/5c83b5231add826fc80cdae1\"]},{\"@type\":\"Person\",\"@id\":\"https:\\\/\\\/www.deskmodder.de\\\/blog\\\/#\\\/schema\\\/person\\\/a40b17a9503c4a1568ac4073bb54182a\",\"name\":\"moinmoin\",\"image\":{\"@type\":\"ImageObject\",\"inLanguage\":\"de\",\"@id\":\"https:\\\/\\\/secure.gravatar.com\\\/avatar\\\/fab96769102f8886245ab411df9a42a235be79261e4b44aa7ab2a555da8b86b4?s=96&d=mm&r=g\",\"url\":\"https:\\\/\\\/secure.gravatar.com\\\/avatar\\\/fab96769102f8886245ab411df9a42a235be79261e4b44aa7ab2a555da8b86b4?s=96&d=mm&r=g\",\"contentUrl\":\"https:\\\/\\\/secure.gravatar.com\\\/avatar\\\/fab96769102f8886245ab411df9a42a235be79261e4b44aa7ab2a555da8b86b4?s=96&d=mm&r=g\",\"caption\":\"moinmoin\"},\"description\":\"Ich bin nicht allwissend, was Windows angeht. Aber genau deshalb nehme ich Windows gerne auseinander und unter die Lupe, um all mein Wissen zu erweitern. J\u00fcrgen\",\"url\":\"https:\\\/\\\/www.deskmodder.de\\\/blog\\\/author\\\/moinmoin\\\/\"}]}<\/script>\n<!-- \/ Yoast SEO Premium plugin. -->","yoast_head_json":{"title":"Direkt zum Desktop booten wird bald keiner mehr nutzen - Deskmodder.de","robots":{"index":"index","follow":"follow","max-snippet":"max-snippet:-1","max-image-preview":"max-image-preview:large","max-video-preview":"max-video-preview:-1"},"canonical":"https:\/\/www.deskmodder.de\/blog\/2013\/08\/10\/direkt-zum-desktop-booten-wird-bald-keiner-mehr-nutzen\/","og_locale":"de_DE","og_type":"article","og_title":"Direkt zum Desktop booten wird bald keiner mehr nutzen","og_description":"Gestern hat Randy Guthrie (Microsoft Technology Evangelist) einen Blogpost verfasst, indem er meint, dass das direkte starten zum Desktop bald kaum jemand mehr nutzt. (Einstellung direkt zum Desktop starten) Wie kommt er darauf? Er ist der Meinung, dass es jetzt&hellip;","og_url":"https:\/\/www.deskmodder.de\/blog\/2013\/08\/10\/direkt-zum-desktop-booten-wird-bald-keiner-mehr-nutzen\/","og_site_name":"Deskmodder.de","article_publisher":"https:\/\/www.facebook.com\/Deskmodder","article_published_time":"2013-08-10T12:14:12+00:00","article_modified_time":"2023-01-14T16:18:17+00:00","og_image":[{"width":796,"height":479,"url":"https:\/\/www.deskmodder.de\/blog\/wp-content\/uploads\/2013\/08\/start-startmenue-einstellen-suchen-windows8.1_1.jpg","type":"image\/jpeg"}],"author":"moinmoin","twitter_card":"summary_large_image","twitter_creator":"@Deskmodder","twitter_site":"@Deskmodder","schema":{"@context":"https:\/\/schema.org","@graph":[{"@type":"Article","@id":"https:\/\/www.deskmodder.de\/blog\/2013\/08\/10\/direkt-zum-desktop-booten-wird-bald-keiner-mehr-nutzen\/#article","isPartOf":{"@id":"https:\/\/www.deskmodder.de\/blog\/2013\/08\/10\/direkt-zum-desktop-booten-wird-bald-keiner-mehr-nutzen\/"},"author":{"name":"moinmoin","@id":"https:\/\/www.deskmodder.de\/blog\/#\/schema\/person\/a40b17a9503c4a1568ac4073bb54182a"},"headline":"Direkt zum Desktop booten wird bald keiner mehr nutzen","datePublished":"2013-08-10T12:14:12+00:00","dateModified":"2023-01-14T16:18:17+00:00","mainEntityOfPage":{"@id":"https:\/\/www.deskmodder.de\/blog\/2013\/08\/10\/direkt-zum-desktop-booten-wird-bald-keiner-mehr-nutzen\/"},"wordCount":169,"commentCount":17,"publisher":{"@id":"https:\/\/www.deskmodder.de\/blog\/#organization"},"image":{"@id":"https:\/\/www.deskmodder.de\/blog\/2013\/08\/10\/direkt-zum-desktop-booten-wird-bald-keiner-mehr-nutzen\/#primaryimage"},"thumbnailUrl":"https:\/\/www.deskmodder.de\/blog\/wp-content\/uploads\/2013\/08\/start-startmenue-einstellen-suchen-windows8.1_1.jpg","keywords":["direkt zum desktop","Windows 8.1"],"articleSection":{"1":"Windows \u00e4lter"},"inLanguage":"de","potentialAction":[{"@type":"CommentAction","name":"Comment","target":["https:\/\/www.deskmodder.de\/blog\/2013\/08\/10\/direkt-zum-desktop-booten-wird-bald-keiner-mehr-nutzen\/#respond"]}],"copyrightYear":"2013","copyrightHolder":{"@id":"https:\/\/www.deskmodder.de\/blog\/#organization"}},{"@type":"WebPage","@id":"https:\/\/www.deskmodder.de\/blog\/2013\/08\/10\/direkt-zum-desktop-booten-wird-bald-keiner-mehr-nutzen\/","url":"https:\/\/www.deskmodder.de\/blog\/2013\/08\/10\/direkt-zum-desktop-booten-wird-bald-keiner-mehr-nutzen\/","name":"Direkt zum Desktop booten wird bald keiner mehr nutzen - Deskmodder.de","isPartOf":{"@id":"https:\/\/www.deskmodder.de\/blog\/#website"},"primaryImageOfPage":{"@id":"https:\/\/www.deskmodder.de\/blog\/2013\/08\/10\/direkt-zum-desktop-booten-wird-bald-keiner-mehr-nutzen\/#primaryimage"},"image":{"@id":"https:\/\/www.deskmodder.de\/blog\/2013\/08\/10\/direkt-zum-desktop-booten-wird-bald-keiner-mehr-nutzen\/#primaryimage"},"thumbnailUrl":"https:\/\/www.deskmodder.de\/blog\/wp-content\/uploads\/2013\/08\/start-startmenue-einstellen-suchen-windows8.1_1.jpg","datePublished":"2013-08-10T12:14:12+00:00","dateModified":"2023-01-14T16:18:17+00:00","breadcrumb":{"@id":"https:\/\/www.deskmodder.de\/blog\/2013\/08\/10\/direkt-zum-desktop-booten-wird-bald-keiner-mehr-nutzen\/#breadcrumb"},"inLanguage":"de","potentialAction":[{"@type":"ReadAction","target":["https:\/\/www.deskmodder.de\/blog\/2013\/08\/10\/direkt-zum-desktop-booten-wird-bald-keiner-mehr-nutzen\/"]}]},{"@type":"ImageObject","inLanguage":"de","@id":"https:\/\/www.deskmodder.de\/blog\/2013\/08\/10\/direkt-zum-desktop-booten-wird-bald-keiner-mehr-nutzen\/#primaryimage","url":"https:\/\/www.deskmodder.de\/blog\/wp-content\/uploads\/2013\/08\/start-startmenue-einstellen-suchen-windows8.1_1.jpg","contentUrl":"https:\/\/www.deskmodder.de\/blog\/wp-content\/uploads\/2013\/08\/start-startmenue-einstellen-suchen-windows8.1_1.jpg","width":796,"height":479},{"@type":"BreadcrumbList","@id":"https:\/\/www.deskmodder.de\/blog\/2013\/08\/10\/direkt-zum-desktop-booten-wird-bald-keiner-mehr-nutzen\/#breadcrumb","itemListElement":[{"@type":"ListItem","position":1,"name":"Startseite","item":"https:\/\/www.deskmodder.de\/blog\/"},{"@type":"ListItem","position":2,"name":"Direkt zum Desktop booten wird bald keiner mehr nutzen"}]},{"@type":"WebSite","@id":"https:\/\/www.deskmodder.de\/blog\/#website","url":"https:\/\/www.deskmodder.de\/blog\/","name":"Deskmodder.de","description":"News zum Thema Microsoft, Windows 11 \/ 10, sowie anderen Neuigkeiten aus dem Netz, viele Tipps und individuelle Hilfe bei Problemen in unserem Forum \u25cf Deskmodder - seit 2003","publisher":{"@id":"https:\/\/www.deskmodder.de\/blog\/#organization"},"potentialAction":[{"@type":"SearchAction","target":{"@type":"EntryPoint","urlTemplate":"https:\/\/www.deskmodder.de\/blog\/?s={search_term_string}"},"query-input":{"@type":"PropertyValueSpecification","valueRequired":true,"valueName":"search_term_string"}}],"inLanguage":"de"},{"@type":"Organization","@id":"https:\/\/www.deskmodder.de\/blog\/#organization","name":"Deskmodder","url":"https:\/\/www.deskmodder.de\/blog\/","logo":{"@type":"ImageObject","inLanguage":"de","@id":"https:\/\/www.deskmodder.de\/blog\/#\/schema\/logo\/image\/","url":"https:\/\/www.deskmodder.de\/blog\/wp-content\/uploads\/2019\/01\/deskmodder-logo-app.png","contentUrl":"https:\/\/www.deskmodder.de\/blog\/wp-content\/uploads\/2019\/01\/deskmodder-logo-app.png","width":281,"height":286,"caption":"Deskmodder"},"image":{"@id":"https:\/\/www.deskmodder.de\/blog\/#\/schema\/logo\/image\/"},"sameAs":["https:\/\/www.facebook.com\/Deskmodder","https:\/\/x.com\/Deskmodder","https:\/\/mastodontech.de\/@Deskmodder","https:\/\/www.youtube.com\/user\/deskmodder","https:\/\/mewe.com\/group\/5c83b5231add826fc80cdae1"]},{"@type":"Person","@id":"https:\/\/www.deskmodder.de\/blog\/#\/schema\/person\/a40b17a9503c4a1568ac4073bb54182a","name":"moinmoin","image":{"@type":"ImageObject","inLanguage":"de","@id":"https:\/\/secure.gravatar.com\/avatar\/fab96769102f8886245ab411df9a42a235be79261e4b44aa7ab2a555da8b86b4?s=96&d=mm&r=g","url":"https:\/\/secure.gravatar.com\/avatar\/fab96769102f8886245ab411df9a42a235be79261e4b44aa7ab2a555da8b86b4?s=96&d=mm&r=g","contentUrl":"https:\/\/secure.gravatar.com\/avatar\/fab96769102f8886245ab411df9a42a235be79261e4b44aa7ab2a555da8b86b4?s=96&d=mm&r=g","caption":"moinmoin"},"description":"Ich bin nicht allwissend, was Windows angeht. Aber genau deshalb nehme ich Windows gerne auseinander und unter die Lupe, um all mein Wissen zu erweitern. J\u00fcrgen","url":"https:\/\/www.deskmodder.de\/blog\/author\/moinmoin\/"}]}},"jetpack_publicize_connections":[],"jetpack_featured_media_url":"https:\/\/www.deskmodder.de\/blog\/wp-content\/uploads\/2013\/08\/start-startmenue-einstellen-suchen-windows8.1_1.jpg","_links":{"self":[{"href":"https:\/\/www.deskmodder.de\/blog\/wp-json\/wp\/v2\/posts\/9665","targetHints":{"allow":["GET"]}}],"collection":[{"href":"https:\/\/www.deskmodder.de\/blog\/wp-json\/wp\/v2\/posts"}],"about":[{"href":"https:\/\/www.deskmodder.de\/blog\/wp-json\/wp\/v2\/types\/post"}],"author":[{"embeddable":true,"href":"https:\/\/www.deskmodder.de\/blog\/wp-json\/wp\/v2\/users\/134"}],"replies":[{"embeddable":true,"href":"https:\/\/www.deskmodder.de\/blog\/wp-json\/wp\/v2\/comments?post=9665"}],"version-history":[{"count":0,"href":"https:\/\/www.deskmodder.de\/blog\/wp-json\/wp\/v2\/posts\/9665\/revisions"}],"wp:featuredmedia":[{"embeddable":true,"href":"https:\/\/www.deskmodder.de\/blog\/wp-json\/wp\/v2\/media\/9670"}],"wp:attachment":[{"href":"https:\/\/www.deskmodder.de\/blog\/wp-json\/wp\/v2\/media?parent=9665"}],"wp:term":[{"taxonomy":"category","embeddable":true,"href":"https:\/\/www.deskmodder.de\/blog\/wp-json\/wp\/v2\/categories?post=9665"},{"taxonomy":"post_tag","embeddable":true,"href":"https:\/\/www.deskmodder.de\/blog\/wp-json\/wp\/v2\/tags?post=9665"}],"curies":[{"name":"wp","href":"https:\/\/api.w.org\/{rel}","templated":true}]}}