{"id":96480,"date":"2018-01-13T15:18:21","date_gmt":"2018-01-13T14:18:21","guid":{"rendered":"https:\/\/www.deskmodder.de\/blog\/?p=96480"},"modified":"2018-01-13T15:18:21","modified_gmt":"2018-01-13T14:18:21","slug":"amd-stellt-einen-patch-fuer-die-zweite-spectre-cpu-schwachstelle-bereit","status":"publish","type":"post","link":"https:\/\/www.deskmodder.de\/blog\/2018\/01\/13\/amd-stellt-einen-patch-fuer-die-zweite-spectre-cpu-schwachstelle-bereit\/","title":{"rendered":"AMD stellt einen Patch f\u00fcr die zweite Spectre-CPU-Schwachstelle bereit"},"content":{"rendered":"<p>W\u00e4hrend Intel im Mittelpunkt des Spectre\/Meltdown-Fiaskos steht, sind AMDs Chips auch von den CPU-Schwachstellen betroffen. Zuvor hatte das Unternehmen bereits jedoch gesagt, dass ein geringeres Risiko bei Variante 2 von Spectre aufgrund der Architektur der Chips besteht. Nun stellt man nat\u00fcrlich dennoch einen Patch bereit, da beide Varianten immer noch &#8222;auf AMD-Prozessoren anwendbar&#8220; seien. AMD hat den PC-Herstellern bereits den Fix f\u00fcr die erste Spectre-Version zur Verf\u00fcgung gestellt, und Microsoft hat mit dem Rollout begonnen. Der Chiphersteller sagte auch, dass er mit Redmond zusammenarbeitet, um ein Problem zu l\u00f6sen, das die Verteilung von Patches f\u00fcr seine \u00e4lteren Prozessoren verz\u00f6gert.<\/p>\n<p>Da die zweite Version von Spectre einen anderen Fix ben\u00f6tigt, wird AMD seinen Kunden und Partnern f\u00fcr Ryzen- und EPYC-Prozessoren ab dieser Woche einen Patch f\u00fcr seine Chips zur Verf\u00fcgung stellen. Firmware-Updates f\u00fcr die \u00e4lteren Chips werden in den n\u00e4chsten Wochen folgen. Wenn man Linux verwendet, bekommt man den Patch eventuell schneller, da Linux-Anbieter bereits begonnen haben, Betriebssystem-Patches f\u00fcr die zweite Variante zu ver\u00f6ffentlichen. Wann Windows-Benutzer dieses erhalten, ist abh\u00e4ngig von der Einigung zwischen AMD und Microsoft bez\u00fcglich der Zeitplanung. Trotz der Entscheidung, einen Patch f\u00fcr Version 2 zu ver\u00f6ffentlichen, bekr\u00e4ftigt das Unternehmen, dass die Architektur seiner Chips es Angreifern sehr schwer machen wird, den Exploit zu nutzen.<\/p>\n<p><a href=\"https:\/\/www.deskmodder.de\/blog\/wp-content\/uploads\/2017\/09\/ryzen-logo-amd-ifa17.jpg\" rel=\"lightbox[96480]\"><img loading=\"lazy\" decoding=\"async\" src=\"https:\/\/www.deskmodder.de\/blog\/wp-content\/uploads\/2017\/09\/ryzen-logo-amd-ifa17-810x541.jpg\" alt=\"\" width=\"810\" height=\"541\" class=\"aligncenter size-large wp-image-90566\" srcset=\"https:\/\/www.deskmodder.de\/blog\/wp-content\/uploads\/2017\/09\/ryzen-logo-amd-ifa17-810x541.jpg 810w, https:\/\/www.deskmodder.de\/blog\/wp-content\/uploads\/2017\/09\/ryzen-logo-amd-ifa17-306x205.jpg 306w, https:\/\/www.deskmodder.de\/blog\/wp-content\/uploads\/2017\/09\/ryzen-logo-amd-ifa17-500x334.jpg 500w, https:\/\/www.deskmodder.de\/blog\/wp-content\/uploads\/2017\/09\/ryzen-logo-amd-ifa17.jpg 1963w\" sizes=\"auto, (max-width: 810px) 100vw, 810px\" \/><\/a><\/p>\n<p>Via: <a href=\"https:\/\/www.engadget.com\/2018\/01\/12\/amd-spectre-patch\/\">Engadget<\/a><\/p>\n","protected":false},"excerpt":{"rendered":"<p>W\u00e4hrend Intel im Mittelpunkt des Spectre\/Meltdown-Fiaskos steht, sind AMDs Chips auch von den CPU-Schwachstellen betroffen. Zuvor hatte das Unternehmen bereits jedoch gesagt, dass ein geringeres Risiko bei Variante 2 von Spectre aufgrund der Architektur der Chips besteht. Nun stellt man&hellip; <\/p>\n","protected":false},"author":2550,"featured_media":90566,"comment_status":"open","ping_status":"open","sticky":false,"template":"","format":"standard","meta":{"jetpack_post_was_ever_published":false,"footnotes":"","jetpack_publicize_message":"","jetpack_publicize_feature_enabled":true,"jetpack_social_post_already_shared":true,"jetpack_social_options":{"image_generator_settings":{"template":"highway","default_image_id":0,"font":"","enabled":false},"version":2}},"categories":[1286,152,2689],"tags":[4246,17122,9740,28539,2236,16003,11853,104,9741],"class_list":["post-96480","post","type-post","status-publish","format-standard","has-post-thumbnail","hentry","category-hardware","category-software","category-windows-10","tag-amd","tag-epyc","tag-linux","tag-meltdown","tag-patch","tag-ryzen","tag-spectre","tag-update","tag-windows"],"wp_featured_image":{"id":90566,"alt_text":"","description":"","media_type":"image","media_details":{"width":1963,"height":1312,"file":"2017\/09\/ryzen-logo-amd-ifa17.jpg","sizes":{"thumbnail":{"file":"ryzen-logo-amd-ifa17-306x205.jpg","width":306,"height":205,"mime-type":"image\/jpeg","source_url":"https:\/\/www.deskmodder.de\/blog\/wp-content\/uploads\/2017\/09\/ryzen-logo-amd-ifa17-306x205.jpg"},"medium":{"file":"ryzen-logo-amd-ifa17-500x334.jpg","width":500,"height":334,"mime-type":"image\/jpeg","source_url":"https:\/\/www.deskmodder.de\/blog\/wp-content\/uploads\/2017\/09\/ryzen-logo-amd-ifa17-500x334.jpg"},"large":{"file":"ryzen-logo-amd-ifa17-810x541.jpg","width":810,"height":541,"mime-type":"image\/jpeg","source_url":"https:\/\/www.deskmodder.de\/blog\/wp-content\/uploads\/2017\/09\/ryzen-logo-amd-ifa17-810x541.jpg"},"wp_review_large":{"file":"ryzen-logo-amd-ifa17-320x200.jpg","width":320,"height":200,"mime-type":"image\/jpeg","source_url":"https:\/\/www.deskmodder.de\/blog\/wp-content\/uploads\/2017\/09\/ryzen-logo-amd-ifa17-320x200.jpg"},"wp_review_small":{"file":"ryzen-logo-amd-ifa17-65x65.jpg","width":65,"height":65,"mime-type":"image\/jpeg","source_url":"https:\/\/www.deskmodder.de\/blog\/wp-content\/uploads\/2017\/09\/ryzen-logo-amd-ifa17-65x65.jpg"},"blog-large":{"file":"ryzen-logo-amd-ifa17-642x300.jpg","width":642,"height":300,"mime-type":"image\/jpeg","source_url":"https:\/\/www.deskmodder.de\/blog\/wp-content\/uploads\/2017\/09\/ryzen-logo-amd-ifa17-642x300.jpg"},"blog-medium":{"file":"ryzen-logo-amd-ifa17-306x205.jpg","width":306,"height":205,"mime-type":"image\/jpeg","source_url":"https:\/\/www.deskmodder.de\/blog\/wp-content\/uploads\/2017\/09\/ryzen-logo-amd-ifa17-306x205.jpg"},"recent-thumb":{"file":"ryzen-logo-amd-ifa17-350x316.jpg","width":350,"height":316,"mime-type":"image\/jpeg","source_url":"https:\/\/www.deskmodder.de\/blog\/wp-content\/uploads\/2017\/09\/ryzen-logo-amd-ifa17-350x316.jpg"},"service-featured":{"file":"ryzen-logo-amd-ifa17-600x330.jpg","width":600,"height":330,"mime-type":"image\/jpeg","source_url":"https:\/\/www.deskmodder.de\/blog\/wp-content\/uploads\/2017\/09\/ryzen-logo-amd-ifa17-600x330.jpg"},"wp_rp_thumbnail":{"file":"ryzen-logo-amd-ifa17-150x150.jpg","width":150,"height":150,"mime-type":"image\/jpeg","source_url":"https:\/\/www.deskmodder.de\/blog\/wp-content\/uploads\/2017\/09\/ryzen-logo-amd-ifa17-150x150.jpg"}},"image_meta":{"aperture":"5.5","credit":"","camera":"Canon PowerShot A590 IS","caption":"","created_timestamp":"1504373415","copyright":"","focal_length":"23.2","iso":"250","shutter_speed":"0.016666666666667","title":"","orientation":"1","keywords":[]}},"post":96480,"source_url":"https:\/\/www.deskmodder.de\/blog\/wp-content\/uploads\/2017\/09\/ryzen-logo-amd-ifa17.jpg"},"commentcount":4,"wp_comments":[{"id":64576,"parent":0,"author":3679,"author_name":"blackTears","author_email":"maikrosoft@gmx.de","author_url":"","author_avatar_urls":{"24":"https:\/\/secure.gravatar.com\/avatar\/64277d4947658dc236c5dd267f036084d4eb6174978ae74785d32ce4d40aba33?s=24&d=mm&r=g","48":"https:\/\/secure.gravatar.com\/avatar\/64277d4947658dc236c5dd267f036084d4eb6174978ae74785d32ce4d40aba33?s=48&d=mm&r=g","96":"https:\/\/secure.gravatar.com\/avatar\/64277d4947658dc236c5dd267f036084d4eb6174978ae74785d32ce4d40aba33?s=96&d=mm&r=g"},"date":"2018-01-13T15:50:40","cld_nonce":"015d9540d6","content":{"rendered":"<p>[ironie on]<br \/>\nDa einige Intels durch die Patches einiges an Leistung verlieren muss auch AMD gepatcht werden. Kann ja nicht angehen das AMD dann pl\u00f6tzlich schneller als Intel ist auch wenn die Schwachstelle nicht wirklich ausgenutzt werden kann bei AMD.<br \/>\n[\/ironie off]<\/p>\n"},"status":"1"},{"id":64586,"parent":64576,"author":0,"author_name":"n\u00f6rgler2017","author_email":"junkmail2015@mail.ru","author_url":"","author_avatar_urls":{"24":"https:\/\/secure.gravatar.com\/avatar\/702d6b4335de9f876daa290c6bd69606b468ad4d2db81401bc295d599245907f?s=24&d=mm&r=g","48":"https:\/\/secure.gravatar.com\/avatar\/702d6b4335de9f876daa290c6bd69606b468ad4d2db81401bc295d599245907f?s=48&d=mm&r=g","96":"https:\/\/secure.gravatar.com\/avatar\/702d6b4335de9f876daa290c6bd69606b468ad4d2db81401bc295d599245907f?s=96&d=mm&r=g"},"date":"2018-01-13T22:12:44","cld_nonce":"015d9540d6","content":{"rendered":"<p>ich sehe das auch so&#8230;eigendlich sind bei amd diese patches NICHT notwendig&#8230;<\/p>\n"},"status":"1"},{"id":64599,"parent":0,"author":0,"author_name":"Manny","author_email":"bluediversion63@hotmail.de","author_url":"","author_avatar_urls":{"24":"https:\/\/secure.gravatar.com\/avatar\/4df3fc4a774b00d7ea170af066c29586b73adb8f28bbf23cfbfccfadd55d8136?s=24&d=mm&r=g","48":"https:\/\/secure.gravatar.com\/avatar\/4df3fc4a774b00d7ea170af066c29586b73adb8f28bbf23cfbfccfadd55d8136?s=48&d=mm&r=g","96":"https:\/\/secure.gravatar.com\/avatar\/4df3fc4a774b00d7ea170af066c29586b73adb8f28bbf23cfbfccfadd55d8136?s=96&d=mm&r=g"},"date":"2018-01-14T05:29:57","cld_nonce":"015d9540d6","content":{"rendered":"<p>Mal davon abgesehen ob die Patches bei AMD notwendig sind oder nicht stellt sich eher die Frage ob das dann eine Softwarel\u00f6sung wird (f\u00fcr verschiedene Betriebssysteme) oder direkt eine M\u00f6glichkeit auf Hardwareebene &#8211; da m\u00fcssen aber dann wohl oder \u00fcbel Prozessorhersteller und Mainboardhersteller  zusammen &#8222;arbeiten&#8220; &#8211; und was das bei einigen, gerade was Updates betrifft sehr langwierig ( wenn \u00fcberhaupt) werden kann ist in der heutigen Zeit ja fast schon Standard (\u00e4hnlich wie bei Handy \/Smartphone &#8211; die ja auch betroffen sein sollen)<br \/>\nEs wird ja meistens dann eh nur auf die Kohle geschaut in der Hoffnung wenn etwas nicht mehr geht einfach &#8222;wegschmeissen&#8220; und was neues kaufen <img src=\"https:\/\/www.deskmodder.de\/blog\/wp-content\/plugins\/classic-smilies\/img\/icon_wink.gif\" alt=\";)\" class=\"wp-smiley\" \/><\/p>\n"},"status":"1"},{"id":64653,"parent":64586,"author":0,"author_name":"Alex","author_email":"sajodjkhsakd@web.de","author_url":"","author_avatar_urls":{"24":"https:\/\/secure.gravatar.com\/avatar\/8ed1cc0d3b63b633dd8a3c2bb8e7fc8e1676af98c8f1730afeffee19e514ace9?s=24&d=mm&r=g","48":"https:\/\/secure.gravatar.com\/avatar\/8ed1cc0d3b63b633dd8a3c2bb8e7fc8e1676af98c8f1730afeffee19e514ace9?s=48&d=mm&r=g","96":"https:\/\/secure.gravatar.com\/avatar\/8ed1cc0d3b63b633dd8a3c2bb8e7fc8e1676af98c8f1730afeffee19e514ace9?s=96&d=mm&r=g"},"date":"2018-01-15T21:01:02","cld_nonce":"015d9540d6","content":{"rendered":"<p>Ich muss gestehen ich hab mich nicht in die genaueren Details eingelesen. Hier geht es ja nur um Spectre, wo AMD selbst angibt betroffen zu sein (wie fast jede moderne Architektur). Jedoch meinen Sie, dass es AMD nicht so stark trifft wie Intel. Die Aussage, dass die Patches jedoch gar nicht n\u00f6tig w\u00e4ren &#8211; da habe ich bis jetzt nichts zu erfahren. Gibts dazu iwelche Details, Quellen etc. warum das so sei?<\/p>\n"},"status":"1"}],"wp_author":{"id":2550,"name":"MAX","description":"Begeisterter Technik-Enthusiast, der aktuell zwei Welten vereint. Windows auf PC sowie Xbox und iOS auf dem iPhone, als auch auf dem iPad. Gespaltene Pers\u00f6nlichkeit w\u00fcrde ich sagen. ;)","author_avatar_urls":{"24":"https:\/\/secure.gravatar.com\/avatar\/0a924a9e0119dd457d49c2eb1fa27ade332376ba6138336743cdd8c221e4a3a3?s=24&d=mm&r=g","48":"https:\/\/secure.gravatar.com\/avatar\/0a924a9e0119dd457d49c2eb1fa27ade332376ba6138336743cdd8c221e4a3a3?s=48&d=mm&r=g","96":"https:\/\/secure.gravatar.com\/avatar\/0a924a9e0119dd457d49c2eb1fa27ade332376ba6138336743cdd8c221e4a3a3?s=96&d=mm&r=g"}},"cld_nonce":"015d9540d6","yoast_head":"<!-- This site is optimized with the Yoast SEO Premium plugin v27.5 (Yoast SEO v27.5) - https:\/\/yoast.com\/product\/yoast-seo-premium-wordpress\/ -->\n<title>AMD stellt einen Patch f\u00fcr die zweite Spectre-CPU-Schwachstelle bereit - Deskmodder.de<\/title>\n<meta name=\"description\" content=\"Intel steht im Mittelpunkt des Spectre\/Meltdown-Fiaskos, aber auch AMD Chips sind von den CPU-Schwachstellen betroffen. Zuvor hatte das Unternehmen bereits jedoch gesagt, dass ein geringeres Risiko bei Variante 2 von Spectre aufgrund der Architektur der Chips besteht. Nun stellt man nat\u00fcrlich dennoch einen Patch bereit\" \/>\n<meta name=\"robots\" content=\"index, follow, max-snippet:-1, max-image-preview:large, max-video-preview:-1\" \/>\n<link rel=\"canonical\" href=\"https:\/\/www.deskmodder.de\/blog\/2018\/01\/13\/amd-stellt-einen-patch-fuer-die-zweite-spectre-cpu-schwachstelle-bereit\/\" \/>\n<meta property=\"og:locale\" content=\"de_DE\" \/>\n<meta property=\"og:type\" content=\"article\" \/>\n<meta property=\"og:title\" content=\"AMD stellt einen Patch f\u00fcr die zweite Spectre-CPU-Schwachstelle bereit\" \/>\n<meta property=\"og:description\" content=\"Intel steht im Mittelpunkt des Spectre\/Meltdown-Fiaskos, aber auch AMD Chips sind von den CPU-Schwachstellen betroffen. Zuvor hatte das Unternehmen bereits jedoch gesagt, dass ein geringeres Risiko bei Variante 2 von Spectre aufgrund der Architektur der Chips besteht. Nun stellt man nat\u00fcrlich dennoch einen Patch bereit\" \/>\n<meta property=\"og:url\" content=\"https:\/\/www.deskmodder.de\/blog\/2018\/01\/13\/amd-stellt-einen-patch-fuer-die-zweite-spectre-cpu-schwachstelle-bereit\/\" \/>\n<meta property=\"og:site_name\" content=\"Deskmodder.de\" \/>\n<meta property=\"article:publisher\" content=\"https:\/\/www.facebook.com\/Deskmodder\" \/>\n<meta property=\"article:published_time\" content=\"2018-01-13T14:18:21+00:00\" \/>\n<meta property=\"og:image\" content=\"https:\/\/www.deskmodder.de\/blog\/wp-content\/uploads\/2017\/09\/ryzen-logo-amd-ifa17.jpg\" \/>\n\t<meta property=\"og:image:width\" content=\"1963\" \/>\n\t<meta property=\"og:image:height\" content=\"1312\" \/>\n\t<meta property=\"og:image:type\" content=\"image\/jpeg\" \/>\n<meta name=\"author\" content=\"MAX\" \/>\n<meta name=\"twitter:card\" content=\"summary_large_image\" \/>\n<meta name=\"twitter:creator\" content=\"@themximum\" \/>\n<meta name=\"twitter:site\" content=\"@Deskmodder\" \/>\n<script type=\"application\/ld+json\" class=\"yoast-schema-graph\">{\"@context\":\"https:\\\/\\\/schema.org\",\"@graph\":[{\"@type\":\"Article\",\"@id\":\"https:\\\/\\\/www.deskmodder.de\\\/blog\\\/2018\\\/01\\\/13\\\/amd-stellt-einen-patch-fuer-die-zweite-spectre-cpu-schwachstelle-bereit\\\/#article\",\"isPartOf\":{\"@id\":\"https:\\\/\\\/www.deskmodder.de\\\/blog\\\/2018\\\/01\\\/13\\\/amd-stellt-einen-patch-fuer-die-zweite-spectre-cpu-schwachstelle-bereit\\\/\"},\"author\":{\"name\":\"MAX\",\"@id\":\"https:\\\/\\\/www.deskmodder.de\\\/blog\\\/#\\\/schema\\\/person\\\/bd4b9506e83c661f1de1af925c726d7c\"},\"headline\":\"AMD stellt einen Patch f\u00fcr die zweite Spectre-CPU-Schwachstelle bereit\",\"datePublished\":\"2018-01-13T14:18:21+00:00\",\"mainEntityOfPage\":{\"@id\":\"https:\\\/\\\/www.deskmodder.de\\\/blog\\\/2018\\\/01\\\/13\\\/amd-stellt-einen-patch-fuer-die-zweite-spectre-cpu-schwachstelle-bereit\\\/\"},\"wordCount\":238,\"commentCount\":4,\"publisher\":{\"@id\":\"https:\\\/\\\/www.deskmodder.de\\\/blog\\\/#organization\"},\"image\":{\"@id\":\"https:\\\/\\\/www.deskmodder.de\\\/blog\\\/2018\\\/01\\\/13\\\/amd-stellt-einen-patch-fuer-die-zweite-spectre-cpu-schwachstelle-bereit\\\/#primaryimage\"},\"thumbnailUrl\":\"https:\\\/\\\/www.deskmodder.de\\\/blog\\\/wp-content\\\/uploads\\\/2017\\\/09\\\/ryzen-logo-amd-ifa17.jpg\",\"keywords\":[\"AMD\",\"EPYC\",\"Linux\",\"Meltdown\",\"Patch\",\"Ryzen\",\"Spectre\",\"Update\",\"Windows \u00e4lter\"],\"articleSection\":[\"Hardware\",\"Software &amp; Updates\",\"Windows 10\"],\"inLanguage\":\"de\",\"potentialAction\":[{\"@type\":\"CommentAction\",\"name\":\"Comment\",\"target\":[\"https:\\\/\\\/www.deskmodder.de\\\/blog\\\/2018\\\/01\\\/13\\\/amd-stellt-einen-patch-fuer-die-zweite-spectre-cpu-schwachstelle-bereit\\\/#respond\"]}],\"copyrightYear\":\"2018\",\"copyrightHolder\":{\"@id\":\"https:\\\/\\\/www.deskmodder.de\\\/blog\\\/#organization\"}},{\"@type\":\"WebPage\",\"@id\":\"https:\\\/\\\/www.deskmodder.de\\\/blog\\\/2018\\\/01\\\/13\\\/amd-stellt-einen-patch-fuer-die-zweite-spectre-cpu-schwachstelle-bereit\\\/\",\"url\":\"https:\\\/\\\/www.deskmodder.de\\\/blog\\\/2018\\\/01\\\/13\\\/amd-stellt-einen-patch-fuer-die-zweite-spectre-cpu-schwachstelle-bereit\\\/\",\"name\":\"AMD stellt einen Patch f\u00fcr die zweite Spectre-CPU-Schwachstelle bereit - Deskmodder.de\",\"isPartOf\":{\"@id\":\"https:\\\/\\\/www.deskmodder.de\\\/blog\\\/#website\"},\"primaryImageOfPage\":{\"@id\":\"https:\\\/\\\/www.deskmodder.de\\\/blog\\\/2018\\\/01\\\/13\\\/amd-stellt-einen-patch-fuer-die-zweite-spectre-cpu-schwachstelle-bereit\\\/#primaryimage\"},\"image\":{\"@id\":\"https:\\\/\\\/www.deskmodder.de\\\/blog\\\/2018\\\/01\\\/13\\\/amd-stellt-einen-patch-fuer-die-zweite-spectre-cpu-schwachstelle-bereit\\\/#primaryimage\"},\"thumbnailUrl\":\"https:\\\/\\\/www.deskmodder.de\\\/blog\\\/wp-content\\\/uploads\\\/2017\\\/09\\\/ryzen-logo-amd-ifa17.jpg\",\"datePublished\":\"2018-01-13T14:18:21+00:00\",\"description\":\"Intel steht im Mittelpunkt des Spectre\\\/Meltdown-Fiaskos, aber auch AMD Chips sind von den CPU-Schwachstellen betroffen. Zuvor hatte das Unternehmen bereits jedoch gesagt, dass ein geringeres Risiko bei Variante 2 von Spectre aufgrund der Architektur der Chips besteht. Nun stellt man nat\u00fcrlich dennoch einen Patch bereit\",\"breadcrumb\":{\"@id\":\"https:\\\/\\\/www.deskmodder.de\\\/blog\\\/2018\\\/01\\\/13\\\/amd-stellt-einen-patch-fuer-die-zweite-spectre-cpu-schwachstelle-bereit\\\/#breadcrumb\"},\"inLanguage\":\"de\",\"potentialAction\":[{\"@type\":\"ReadAction\",\"target\":[\"https:\\\/\\\/www.deskmodder.de\\\/blog\\\/2018\\\/01\\\/13\\\/amd-stellt-einen-patch-fuer-die-zweite-spectre-cpu-schwachstelle-bereit\\\/\"]}]},{\"@type\":\"ImageObject\",\"inLanguage\":\"de\",\"@id\":\"https:\\\/\\\/www.deskmodder.de\\\/blog\\\/2018\\\/01\\\/13\\\/amd-stellt-einen-patch-fuer-die-zweite-spectre-cpu-schwachstelle-bereit\\\/#primaryimage\",\"url\":\"https:\\\/\\\/www.deskmodder.de\\\/blog\\\/wp-content\\\/uploads\\\/2017\\\/09\\\/ryzen-logo-amd-ifa17.jpg\",\"contentUrl\":\"https:\\\/\\\/www.deskmodder.de\\\/blog\\\/wp-content\\\/uploads\\\/2017\\\/09\\\/ryzen-logo-amd-ifa17.jpg\",\"width\":1963,\"height\":1312},{\"@type\":\"BreadcrumbList\",\"@id\":\"https:\\\/\\\/www.deskmodder.de\\\/blog\\\/2018\\\/01\\\/13\\\/amd-stellt-einen-patch-fuer-die-zweite-spectre-cpu-schwachstelle-bereit\\\/#breadcrumb\",\"itemListElement\":[{\"@type\":\"ListItem\",\"position\":1,\"name\":\"Startseite\",\"item\":\"https:\\\/\\\/www.deskmodder.de\\\/blog\\\/\"},{\"@type\":\"ListItem\",\"position\":2,\"name\":\"AMD stellt einen Patch f\u00fcr die zweite Spectre-CPU-Schwachstelle bereit\"}]},{\"@type\":\"WebSite\",\"@id\":\"https:\\\/\\\/www.deskmodder.de\\\/blog\\\/#website\",\"url\":\"https:\\\/\\\/www.deskmodder.de\\\/blog\\\/\",\"name\":\"Deskmodder.de\",\"description\":\"News zum Thema Microsoft, Windows 11 \\\/ 10, sowie anderen Neuigkeiten aus dem Netz, viele Tipps und individuelle Hilfe bei Problemen in unserem Forum \u25cf Deskmodder - seit 2003\",\"publisher\":{\"@id\":\"https:\\\/\\\/www.deskmodder.de\\\/blog\\\/#organization\"},\"potentialAction\":[{\"@type\":\"SearchAction\",\"target\":{\"@type\":\"EntryPoint\",\"urlTemplate\":\"https:\\\/\\\/www.deskmodder.de\\\/blog\\\/?s={search_term_string}\"},\"query-input\":{\"@type\":\"PropertyValueSpecification\",\"valueRequired\":true,\"valueName\":\"search_term_string\"}}],\"inLanguage\":\"de\"},{\"@type\":\"Organization\",\"@id\":\"https:\\\/\\\/www.deskmodder.de\\\/blog\\\/#organization\",\"name\":\"Deskmodder\",\"url\":\"https:\\\/\\\/www.deskmodder.de\\\/blog\\\/\",\"logo\":{\"@type\":\"ImageObject\",\"inLanguage\":\"de\",\"@id\":\"https:\\\/\\\/www.deskmodder.de\\\/blog\\\/#\\\/schema\\\/logo\\\/image\\\/\",\"url\":\"https:\\\/\\\/www.deskmodder.de\\\/blog\\\/wp-content\\\/uploads\\\/2019\\\/01\\\/deskmodder-logo-app.png\",\"contentUrl\":\"https:\\\/\\\/www.deskmodder.de\\\/blog\\\/wp-content\\\/uploads\\\/2019\\\/01\\\/deskmodder-logo-app.png\",\"width\":281,\"height\":286,\"caption\":\"Deskmodder\"},\"image\":{\"@id\":\"https:\\\/\\\/www.deskmodder.de\\\/blog\\\/#\\\/schema\\\/logo\\\/image\\\/\"},\"sameAs\":[\"https:\\\/\\\/www.facebook.com\\\/Deskmodder\",\"https:\\\/\\\/x.com\\\/Deskmodder\",\"https:\\\/\\\/mastodontech.de\\\/@Deskmodder\",\"https:\\\/\\\/www.youtube.com\\\/user\\\/deskmodder\",\"https:\\\/\\\/mewe.com\\\/group\\\/5c83b5231add826fc80cdae1\"]},{\"@type\":\"Person\",\"@id\":\"https:\\\/\\\/www.deskmodder.de\\\/blog\\\/#\\\/schema\\\/person\\\/bd4b9506e83c661f1de1af925c726d7c\",\"name\":\"MAX\",\"image\":{\"@type\":\"ImageObject\",\"inLanguage\":\"de\",\"@id\":\"https:\\\/\\\/secure.gravatar.com\\\/avatar\\\/0a924a9e0119dd457d49c2eb1fa27ade332376ba6138336743cdd8c221e4a3a3?s=96&d=mm&r=g\",\"url\":\"https:\\\/\\\/secure.gravatar.com\\\/avatar\\\/0a924a9e0119dd457d49c2eb1fa27ade332376ba6138336743cdd8c221e4a3a3?s=96&d=mm&r=g\",\"contentUrl\":\"https:\\\/\\\/secure.gravatar.com\\\/avatar\\\/0a924a9e0119dd457d49c2eb1fa27ade332376ba6138336743cdd8c221e4a3a3?s=96&d=mm&r=g\",\"caption\":\"MAX\"},\"description\":\"Begeisterter Technik-Enthusiast, der aktuell zwei Welten vereint. Windows auf PC sowie Xbox und iOS auf dem iPhone, als auch auf dem iPad. Gespaltene Pers\u00f6nlichkeit w\u00fcrde ich sagen. ;)\",\"sameAs\":[\"https:\\\/\\\/www.instagram.com\\\/themximum\\\/\",\"https:\\\/\\\/x.com\\\/themximum\"],\"url\":\"https:\\\/\\\/www.deskmodder.de\\\/blog\\\/author\\\/max\\\/\"}]}<\/script>\n<!-- \/ Yoast SEO Premium plugin. -->","yoast_head_json":{"title":"AMD stellt einen Patch f\u00fcr die zweite Spectre-CPU-Schwachstelle bereit - Deskmodder.de","description":"Intel steht im Mittelpunkt des Spectre\/Meltdown-Fiaskos, aber auch AMD Chips sind von den CPU-Schwachstellen betroffen. Zuvor hatte das Unternehmen bereits jedoch gesagt, dass ein geringeres Risiko bei Variante 2 von Spectre aufgrund der Architektur der Chips besteht. Nun stellt man nat\u00fcrlich dennoch einen Patch bereit","robots":{"index":"index","follow":"follow","max-snippet":"max-snippet:-1","max-image-preview":"max-image-preview:large","max-video-preview":"max-video-preview:-1"},"canonical":"https:\/\/www.deskmodder.de\/blog\/2018\/01\/13\/amd-stellt-einen-patch-fuer-die-zweite-spectre-cpu-schwachstelle-bereit\/","og_locale":"de_DE","og_type":"article","og_title":"AMD stellt einen Patch f\u00fcr die zweite Spectre-CPU-Schwachstelle bereit","og_description":"Intel steht im Mittelpunkt des Spectre\/Meltdown-Fiaskos, aber auch AMD Chips sind von den CPU-Schwachstellen betroffen. Zuvor hatte das Unternehmen bereits jedoch gesagt, dass ein geringeres Risiko bei Variante 2 von Spectre aufgrund der Architektur der Chips besteht. Nun stellt man nat\u00fcrlich dennoch einen Patch bereit","og_url":"https:\/\/www.deskmodder.de\/blog\/2018\/01\/13\/amd-stellt-einen-patch-fuer-die-zweite-spectre-cpu-schwachstelle-bereit\/","og_site_name":"Deskmodder.de","article_publisher":"https:\/\/www.facebook.com\/Deskmodder","article_published_time":"2018-01-13T14:18:21+00:00","og_image":[{"width":1963,"height":1312,"url":"https:\/\/www.deskmodder.de\/blog\/wp-content\/uploads\/2017\/09\/ryzen-logo-amd-ifa17.jpg","type":"image\/jpeg"}],"author":"MAX","twitter_card":"summary_large_image","twitter_creator":"@themximum","twitter_site":"@Deskmodder","schema":{"@context":"https:\/\/schema.org","@graph":[{"@type":"Article","@id":"https:\/\/www.deskmodder.de\/blog\/2018\/01\/13\/amd-stellt-einen-patch-fuer-die-zweite-spectre-cpu-schwachstelle-bereit\/#article","isPartOf":{"@id":"https:\/\/www.deskmodder.de\/blog\/2018\/01\/13\/amd-stellt-einen-patch-fuer-die-zweite-spectre-cpu-schwachstelle-bereit\/"},"author":{"name":"MAX","@id":"https:\/\/www.deskmodder.de\/blog\/#\/schema\/person\/bd4b9506e83c661f1de1af925c726d7c"},"headline":"AMD stellt einen Patch f\u00fcr die zweite Spectre-CPU-Schwachstelle bereit","datePublished":"2018-01-13T14:18:21+00:00","mainEntityOfPage":{"@id":"https:\/\/www.deskmodder.de\/blog\/2018\/01\/13\/amd-stellt-einen-patch-fuer-die-zweite-spectre-cpu-schwachstelle-bereit\/"},"wordCount":238,"commentCount":4,"publisher":{"@id":"https:\/\/www.deskmodder.de\/blog\/#organization"},"image":{"@id":"https:\/\/www.deskmodder.de\/blog\/2018\/01\/13\/amd-stellt-einen-patch-fuer-die-zweite-spectre-cpu-schwachstelle-bereit\/#primaryimage"},"thumbnailUrl":"https:\/\/www.deskmodder.de\/blog\/wp-content\/uploads\/2017\/09\/ryzen-logo-amd-ifa17.jpg","keywords":["AMD","EPYC","Linux","Meltdown","Patch","Ryzen","Spectre","Update","Windows \u00e4lter"],"articleSection":["Hardware","Software &amp; Updates","Windows 10"],"inLanguage":"de","potentialAction":[{"@type":"CommentAction","name":"Comment","target":["https:\/\/www.deskmodder.de\/blog\/2018\/01\/13\/amd-stellt-einen-patch-fuer-die-zweite-spectre-cpu-schwachstelle-bereit\/#respond"]}],"copyrightYear":"2018","copyrightHolder":{"@id":"https:\/\/www.deskmodder.de\/blog\/#organization"}},{"@type":"WebPage","@id":"https:\/\/www.deskmodder.de\/blog\/2018\/01\/13\/amd-stellt-einen-patch-fuer-die-zweite-spectre-cpu-schwachstelle-bereit\/","url":"https:\/\/www.deskmodder.de\/blog\/2018\/01\/13\/amd-stellt-einen-patch-fuer-die-zweite-spectre-cpu-schwachstelle-bereit\/","name":"AMD stellt einen Patch f\u00fcr die zweite Spectre-CPU-Schwachstelle bereit - Deskmodder.de","isPartOf":{"@id":"https:\/\/www.deskmodder.de\/blog\/#website"},"primaryImageOfPage":{"@id":"https:\/\/www.deskmodder.de\/blog\/2018\/01\/13\/amd-stellt-einen-patch-fuer-die-zweite-spectre-cpu-schwachstelle-bereit\/#primaryimage"},"image":{"@id":"https:\/\/www.deskmodder.de\/blog\/2018\/01\/13\/amd-stellt-einen-patch-fuer-die-zweite-spectre-cpu-schwachstelle-bereit\/#primaryimage"},"thumbnailUrl":"https:\/\/www.deskmodder.de\/blog\/wp-content\/uploads\/2017\/09\/ryzen-logo-amd-ifa17.jpg","datePublished":"2018-01-13T14:18:21+00:00","description":"Intel steht im Mittelpunkt des Spectre\/Meltdown-Fiaskos, aber auch AMD Chips sind von den CPU-Schwachstellen betroffen. Zuvor hatte das Unternehmen bereits jedoch gesagt, dass ein geringeres Risiko bei Variante 2 von Spectre aufgrund der Architektur der Chips besteht. Nun stellt man nat\u00fcrlich dennoch einen Patch bereit","breadcrumb":{"@id":"https:\/\/www.deskmodder.de\/blog\/2018\/01\/13\/amd-stellt-einen-patch-fuer-die-zweite-spectre-cpu-schwachstelle-bereit\/#breadcrumb"},"inLanguage":"de","potentialAction":[{"@type":"ReadAction","target":["https:\/\/www.deskmodder.de\/blog\/2018\/01\/13\/amd-stellt-einen-patch-fuer-die-zweite-spectre-cpu-schwachstelle-bereit\/"]}]},{"@type":"ImageObject","inLanguage":"de","@id":"https:\/\/www.deskmodder.de\/blog\/2018\/01\/13\/amd-stellt-einen-patch-fuer-die-zweite-spectre-cpu-schwachstelle-bereit\/#primaryimage","url":"https:\/\/www.deskmodder.de\/blog\/wp-content\/uploads\/2017\/09\/ryzen-logo-amd-ifa17.jpg","contentUrl":"https:\/\/www.deskmodder.de\/blog\/wp-content\/uploads\/2017\/09\/ryzen-logo-amd-ifa17.jpg","width":1963,"height":1312},{"@type":"BreadcrumbList","@id":"https:\/\/www.deskmodder.de\/blog\/2018\/01\/13\/amd-stellt-einen-patch-fuer-die-zweite-spectre-cpu-schwachstelle-bereit\/#breadcrumb","itemListElement":[{"@type":"ListItem","position":1,"name":"Startseite","item":"https:\/\/www.deskmodder.de\/blog\/"},{"@type":"ListItem","position":2,"name":"AMD stellt einen Patch f\u00fcr die zweite Spectre-CPU-Schwachstelle bereit"}]},{"@type":"WebSite","@id":"https:\/\/www.deskmodder.de\/blog\/#website","url":"https:\/\/www.deskmodder.de\/blog\/","name":"Deskmodder.de","description":"News zum Thema Microsoft, Windows 11 \/ 10, sowie anderen Neuigkeiten aus dem Netz, viele Tipps und individuelle Hilfe bei Problemen in unserem Forum \u25cf Deskmodder - seit 2003","publisher":{"@id":"https:\/\/www.deskmodder.de\/blog\/#organization"},"potentialAction":[{"@type":"SearchAction","target":{"@type":"EntryPoint","urlTemplate":"https:\/\/www.deskmodder.de\/blog\/?s={search_term_string}"},"query-input":{"@type":"PropertyValueSpecification","valueRequired":true,"valueName":"search_term_string"}}],"inLanguage":"de"},{"@type":"Organization","@id":"https:\/\/www.deskmodder.de\/blog\/#organization","name":"Deskmodder","url":"https:\/\/www.deskmodder.de\/blog\/","logo":{"@type":"ImageObject","inLanguage":"de","@id":"https:\/\/www.deskmodder.de\/blog\/#\/schema\/logo\/image\/","url":"https:\/\/www.deskmodder.de\/blog\/wp-content\/uploads\/2019\/01\/deskmodder-logo-app.png","contentUrl":"https:\/\/www.deskmodder.de\/blog\/wp-content\/uploads\/2019\/01\/deskmodder-logo-app.png","width":281,"height":286,"caption":"Deskmodder"},"image":{"@id":"https:\/\/www.deskmodder.de\/blog\/#\/schema\/logo\/image\/"},"sameAs":["https:\/\/www.facebook.com\/Deskmodder","https:\/\/x.com\/Deskmodder","https:\/\/mastodontech.de\/@Deskmodder","https:\/\/www.youtube.com\/user\/deskmodder","https:\/\/mewe.com\/group\/5c83b5231add826fc80cdae1"]},{"@type":"Person","@id":"https:\/\/www.deskmodder.de\/blog\/#\/schema\/person\/bd4b9506e83c661f1de1af925c726d7c","name":"MAX","image":{"@type":"ImageObject","inLanguage":"de","@id":"https:\/\/secure.gravatar.com\/avatar\/0a924a9e0119dd457d49c2eb1fa27ade332376ba6138336743cdd8c221e4a3a3?s=96&d=mm&r=g","url":"https:\/\/secure.gravatar.com\/avatar\/0a924a9e0119dd457d49c2eb1fa27ade332376ba6138336743cdd8c221e4a3a3?s=96&d=mm&r=g","contentUrl":"https:\/\/secure.gravatar.com\/avatar\/0a924a9e0119dd457d49c2eb1fa27ade332376ba6138336743cdd8c221e4a3a3?s=96&d=mm&r=g","caption":"MAX"},"description":"Begeisterter Technik-Enthusiast, der aktuell zwei Welten vereint. Windows auf PC sowie Xbox und iOS auf dem iPhone, als auch auf dem iPad. Gespaltene Pers\u00f6nlichkeit w\u00fcrde ich sagen. ;)","sameAs":["https:\/\/www.instagram.com\/themximum\/","https:\/\/x.com\/themximum"],"url":"https:\/\/www.deskmodder.de\/blog\/author\/max\/"}]}},"jetpack_publicize_connections":[],"jetpack_featured_media_url":"https:\/\/www.deskmodder.de\/blog\/wp-content\/uploads\/2017\/09\/ryzen-logo-amd-ifa17.jpg","_links":{"self":[{"href":"https:\/\/www.deskmodder.de\/blog\/wp-json\/wp\/v2\/posts\/96480","targetHints":{"allow":["GET"]}}],"collection":[{"href":"https:\/\/www.deskmodder.de\/blog\/wp-json\/wp\/v2\/posts"}],"about":[{"href":"https:\/\/www.deskmodder.de\/blog\/wp-json\/wp\/v2\/types\/post"}],"author":[{"embeddable":true,"href":"https:\/\/www.deskmodder.de\/blog\/wp-json\/wp\/v2\/users\/2550"}],"replies":[{"embeddable":true,"href":"https:\/\/www.deskmodder.de\/blog\/wp-json\/wp\/v2\/comments?post=96480"}],"version-history":[{"count":0,"href":"https:\/\/www.deskmodder.de\/blog\/wp-json\/wp\/v2\/posts\/96480\/revisions"}],"wp:featuredmedia":[{"embeddable":true,"href":"https:\/\/www.deskmodder.de\/blog\/wp-json\/wp\/v2\/media\/90566"}],"wp:attachment":[{"href":"https:\/\/www.deskmodder.de\/blog\/wp-json\/wp\/v2\/media?parent=96480"}],"wp:term":[{"taxonomy":"category","embeddable":true,"href":"https:\/\/www.deskmodder.de\/blog\/wp-json\/wp\/v2\/categories?post=96480"},{"taxonomy":"post_tag","embeddable":true,"href":"https:\/\/www.deskmodder.de\/blog\/wp-json\/wp\/v2\/tags?post=96480"}],"curies":[{"name":"wp","href":"https:\/\/api.w.org\/{rel}","templated":true}]}}