{"id":96150,"date":"2018-01-05T19:32:13","date_gmt":"2018-01-05T18:32:13","guid":{"rendered":"https:\/\/www.deskmodder.de\/blog\/?p=96150"},"modified":"2018-01-05T19:37:09","modified_gmt":"2018-01-05T18:37:09","slug":"ios-macos-und-die-cpu-luecken-das-sagt-apple","status":"publish","type":"post","link":"https:\/\/www.deskmodder.de\/blog\/2018\/01\/05\/ios-macos-und-die-cpu-luecken-das-sagt-apple\/","title":{"rendered":"iOS, macOS und die CPU-L\u00fccken: Das sagt Apple"},"content":{"rendered":"<p>Gestern und heute haben wir schon intensiv \u00fcber Microsofts Updates f\u00fcr Windows gegen die aktuelle Sicherheits-Problematik mit den Prozessoren berichtet. Aber wie ist eigentlich der aktuelle Stand im Hause Apple?<\/p>\n<p>Man hat heute bekanntgegeben, dass <span style=\"text-decoration: underline;\">alle<\/span>\u00a0Ger\u00e4te mit macOS und iOS betroffen sind. Damit best\u00e4tigt man das Ganze also nochmal explizit auch f\u00fcr die ARM-Chips &#8211; das war ja soweit auch schon bekannt. Die Apple Watch hingegen ist nicht von Meltdown betroffen.<\/p>\n<p>Die aktuellen Betriebssystem-Versionen &#8211; also\u00a0iOS 11.2, macOS 10.13.2 und tvOS 11.2 &#8211; f\u00fcr die von Meltdown betroffenen Ger\u00e4te\u00a0sollen laut Apple bereits Ma\u00dfnahmen zur &#8222;Abschw\u00e4chung&#8220; enthalten. Also ist man hier seit Dezember 2017 schon zumindest etwas sicherer unterwegs, sofern man alle Updates installiert hat. Mit den Benchmarks\u00a0GeekBench 4, Speedometer, JetStream und ARES-6 konnte Apple nach eigenen Angaben keine Performance-Einbu\u00dfen feststellen.<\/p>\n<p>F\u00fcr\u00a0Spectre werden hingegen erst in den n\u00e4chsten Tagen Updates f\u00fcr Safari ver\u00f6ffentlicht. Unter iOS wird das mal wieder zwingend mit einem Betriebssystem-Update verbunden sein. Bei macOS g\u00e4be es mehr M\u00f6glichkeiten zur Verteilung des Patches &#8211; entweder als Safari-Update \u00fcber den Store oder als &#8222;<a href=\"https:\/\/www.deskmodder.de\/wiki\/index.php?title=Automatische_Updates_deaktivieren_\/_aktivieren_\/_manuell_-_macOS_(Mac)#Automatische_Installation_von_System-Updates_deaktivieren_o._aktivieren\" target=\"_blank\" rel=\"noopener\">heimliches&#8220; Sicherheitsupdate<\/a> im Hintergrund. Wir werden auf jeden Fall berichten. Hier gibt Apple zu, dass sie bei dem\u00a0JetStream Benchmark um bis zu 2,5 Prozent schlechtere Performance-Werte gemessen haben. Bei den anderen Tests (Speedometer und ARES-6) hat man keine Abweichungen zwischen gepatchtem und ungepatchtem Safari feststellen k\u00f6nnen.<\/p>\n<p>Ebenso will man weiter an der Meltdown-Problematik arbeiten und mit den n\u00e4chsten Updates f\u00fcr iOS, macOS und tvOS nochmal nachlegen. Im Umkehrschluss bedeutet das ja irgendwie auch, dass die derzeitige L\u00f6sung des Problems nur eine halbgare ist.<\/p>\n<div class=\"quelle\">Quelle: <a href=\"https:\/\/support.apple.com\/de-de\/HT208394\" target=\"_blank\" rel=\"noopener\">Apple<\/a><\/div>\n","protected":false},"excerpt":{"rendered":"<p>Gestern und heute haben wir schon intensiv \u00fcber Microsofts Updates f\u00fcr Windows gegen die aktuelle Sicherheits-Problematik mit den Prozessoren berichtet. Aber wie ist eigentlich der aktuelle Stand im Hause Apple? Man hat heute bekanntgegeben, dass alle\u00a0Ger\u00e4te mit macOS und iOS&hellip; <\/p>\n","protected":false},"author":1525,"featured_media":90372,"comment_status":"open","ping_status":"open","sticky":false,"template":"","format":"standard","meta":{"jetpack_post_was_ever_published":false,"footnotes":"","jetpack_publicize_message":"","jetpack_publicize_feature_enabled":true,"jetpack_social_post_already_shared":true,"jetpack_social_options":{"image_generator_settings":{"template":"highway","default_image_id":0,"font":"","enabled":false},"version":2}},"categories":[1,232,9],"tags":[98,28549,28548,9746,2445,16269,96,28539,4434,11853,13998,104],"class_list":["post-96150","post","type-post","status-publish","format-standard","has-post-thumbnail","hentry","category-allgemein","category-ios","category-mac","tag-apple","tag-cve-2017-5715","tag-cve-2017-5753","tag-ios","tag-ipad","tag-iphone-x","tag-macos","tag-meltdown","tag-safari","tag-spectre","tag-tvos","tag-update"],"wp_featured_image":{"id":90372,"alt_text":"","description":"","media_type":"image","media_details":{"width":1500,"height":750,"file":"2017\/09\/img-0005.jpg","sizes":{"thumbnail":{"file":"img-0005-306x153.jpg","width":306,"height":153,"mime-type":"image\/jpeg","source_url":"https:\/\/www.deskmodder.de\/blog\/wp-content\/uploads\/2017\/09\/img-0005-306x153.jpg"},"medium":{"file":"img-0005-500x250.jpg","width":500,"height":250,"mime-type":"image\/jpeg","source_url":"https:\/\/www.deskmodder.de\/blog\/wp-content\/uploads\/2017\/09\/img-0005-500x250.jpg"},"large":{"file":"img-0005-810x405.jpg","width":810,"height":405,"mime-type":"image\/jpeg","source_url":"https:\/\/www.deskmodder.de\/blog\/wp-content\/uploads\/2017\/09\/img-0005-810x405.jpg"},"wp_review_large":{"file":"img-0005-320x200.jpg","width":320,"height":200,"mime-type":"image\/jpeg","source_url":"https:\/\/www.deskmodder.de\/blog\/wp-content\/uploads\/2017\/09\/img-0005-320x200.jpg"},"wp_review_small":{"file":"img-0005-65x65.jpg","width":65,"height":65,"mime-type":"image\/jpeg","source_url":"https:\/\/www.deskmodder.de\/blog\/wp-content\/uploads\/2017\/09\/img-0005-65x65.jpg"},"blog-large":{"file":"img-0005-642x300.jpg","width":642,"height":300,"mime-type":"image\/jpeg","source_url":"https:\/\/www.deskmodder.de\/blog\/wp-content\/uploads\/2017\/09\/img-0005-642x300.jpg"},"blog-medium":{"file":"img-0005-306x205.jpg","width":306,"height":205,"mime-type":"image\/jpeg","source_url":"https:\/\/www.deskmodder.de\/blog\/wp-content\/uploads\/2017\/09\/img-0005-306x205.jpg"},"recent-thumb":{"file":"img-0005-350x316.jpg","width":350,"height":316,"mime-type":"image\/jpeg","source_url":"https:\/\/www.deskmodder.de\/blog\/wp-content\/uploads\/2017\/09\/img-0005-350x316.jpg"},"service-featured":{"file":"img-0005-600x330.jpg","width":600,"height":330,"mime-type":"image\/jpeg","source_url":"https:\/\/www.deskmodder.de\/blog\/wp-content\/uploads\/2017\/09\/img-0005-600x330.jpg"},"wp_rp_thumbnail":{"file":"img-0005-150x150.jpg","width":150,"height":150,"mime-type":"image\/jpeg","source_url":"https:\/\/www.deskmodder.de\/blog\/wp-content\/uploads\/2017\/09\/img-0005-150x150.jpg"}},"image_meta":{"aperture":"0","credit":"","camera":"","caption":"","created_timestamp":"0","copyright":"","focal_length":"0","iso":"0","shutter_speed":"0","title":"","orientation":"0","keywords":[]}},"post":90371,"source_url":"https:\/\/www.deskmodder.de\/blog\/wp-content\/uploads\/2017\/09\/img-0005.jpg"},"commentcount":0,"wp_comments":[],"wp_author":{"id":1525,"name":"W8U","description":"Technikliebhaber aus Niedersachsen und seit 2013 bei den Deskmoddern. Interessiert sich f\u00fcr (fast) alles, durch das Strom flie\u00dft: Computer, Smartphones, Tablets, Autos und so weiter.","author_avatar_urls":{"24":"https:\/\/secure.gravatar.com\/avatar\/a1e9db99fdd71a9ae2c516203e3fcd390817fa98f868eb9ba6d4a77d1a815cd4?s=24&d=mm&r=g","48":"https:\/\/secure.gravatar.com\/avatar\/a1e9db99fdd71a9ae2c516203e3fcd390817fa98f868eb9ba6d4a77d1a815cd4?s=48&d=mm&r=g","96":"https:\/\/secure.gravatar.com\/avatar\/a1e9db99fdd71a9ae2c516203e3fcd390817fa98f868eb9ba6d4a77d1a815cd4?s=96&d=mm&r=g"}},"cld_nonce":"22296a9893","yoast_head":"<!-- This site is optimized with the Yoast SEO Premium plugin v27.4 (Yoast SEO v27.4) - https:\/\/yoast.com\/product\/yoast-seo-premium-wordpress\/ -->\n<title>iOS, macOS und die CPU-L\u00fccken: Das sagt Apple - Deskmodder.de<\/title>\n<meta name=\"robots\" content=\"index, follow, max-snippet:-1, max-image-preview:large, max-video-preview:-1\" \/>\n<link rel=\"canonical\" href=\"https:\/\/www.deskmodder.de\/blog\/2018\/01\/05\/ios-macos-und-die-cpu-luecken-das-sagt-apple\/\" \/>\n<meta property=\"og:locale\" content=\"de_DE\" \/>\n<meta property=\"og:type\" content=\"article\" \/>\n<meta property=\"og:title\" content=\"iOS, macOS und die CPU-L\u00fccken: Das sagt Apple\" \/>\n<meta property=\"og:description\" content=\"Gestern und heute haben wir schon intensiv \u00fcber Microsofts Updates f\u00fcr Windows gegen die aktuelle Sicherheits-Problematik mit den Prozessoren berichtet. Aber wie ist eigentlich der aktuelle Stand im Hause Apple? Man hat heute bekanntgegeben, dass alle\u00a0Ger\u00e4te mit macOS und iOS&hellip;\" \/>\n<meta property=\"og:url\" content=\"https:\/\/www.deskmodder.de\/blog\/2018\/01\/05\/ios-macos-und-die-cpu-luecken-das-sagt-apple\/\" \/>\n<meta property=\"og:site_name\" content=\"Deskmodder.de\" \/>\n<meta property=\"article:publisher\" content=\"https:\/\/www.facebook.com\/Deskmodder\" \/>\n<meta property=\"article:published_time\" content=\"2018-01-05T18:32:13+00:00\" \/>\n<meta property=\"article:modified_time\" content=\"2018-01-05T18:37:09+00:00\" \/>\n<meta property=\"og:image\" content=\"https:\/\/www.deskmodder.de\/blog\/wp-content\/uploads\/2017\/09\/img-0005.jpg\" \/>\n\t<meta property=\"og:image:width\" content=\"1500\" \/>\n\t<meta property=\"og:image:height\" content=\"750\" \/>\n\t<meta property=\"og:image:type\" content=\"image\/jpeg\" \/>\n<meta name=\"author\" content=\"W8U\" \/>\n<meta name=\"twitter:card\" content=\"summary_large_image\" \/>\n<meta name=\"twitter:creator\" content=\"@Deskmodder\" \/>\n<meta name=\"twitter:site\" content=\"@Deskmodder\" \/>\n<script type=\"application\/ld+json\" class=\"yoast-schema-graph\">{\"@context\":\"https:\\\/\\\/schema.org\",\"@graph\":[{\"@type\":\"Article\",\"@id\":\"https:\\\/\\\/www.deskmodder.de\\\/blog\\\/2018\\\/01\\\/05\\\/ios-macos-und-die-cpu-luecken-das-sagt-apple\\\/#article\",\"isPartOf\":{\"@id\":\"https:\\\/\\\/www.deskmodder.de\\\/blog\\\/2018\\\/01\\\/05\\\/ios-macos-und-die-cpu-luecken-das-sagt-apple\\\/\"},\"author\":{\"name\":\"W8U\",\"@id\":\"https:\\\/\\\/www.deskmodder.de\\\/blog\\\/#\\\/schema\\\/person\\\/f3c70b4f4860c9fcc4c04057ed04f469\"},\"headline\":\"iOS, macOS und die CPU-L\u00fccken: Das sagt Apple\",\"datePublished\":\"2018-01-05T18:32:13+00:00\",\"dateModified\":\"2018-01-05T18:37:09+00:00\",\"mainEntityOfPage\":{\"@id\":\"https:\\\/\\\/www.deskmodder.de\\\/blog\\\/2018\\\/01\\\/05\\\/ios-macos-und-die-cpu-luecken-das-sagt-apple\\\/\"},\"wordCount\":288,\"commentCount\":0,\"publisher\":{\"@id\":\"https:\\\/\\\/www.deskmodder.de\\\/blog\\\/#organization\"},\"image\":{\"@id\":\"https:\\\/\\\/www.deskmodder.de\\\/blog\\\/2018\\\/01\\\/05\\\/ios-macos-und-die-cpu-luecken-das-sagt-apple\\\/#primaryimage\"},\"thumbnailUrl\":\"https:\\\/\\\/www.deskmodder.de\\\/blog\\\/wp-content\\\/uploads\\\/2017\\\/09\\\/img-0005.jpg\",\"keywords\":[\"Apple\",\"CVE-2017-5715\",\"CVE-2017-5753\",\"iOS\",\"iPad\",\"iPhone X\",\"MacOS\",\"Meltdown\",\"safari\",\"Spectre\",\"tvOS\",\"Update\"],\"articleSection\":{\"1\":\"iOS\",\"2\":\"Mac\"},\"inLanguage\":\"de\",\"potentialAction\":[{\"@type\":\"CommentAction\",\"name\":\"Comment\",\"target\":[\"https:\\\/\\\/www.deskmodder.de\\\/blog\\\/2018\\\/01\\\/05\\\/ios-macos-und-die-cpu-luecken-das-sagt-apple\\\/#respond\"]}],\"copyrightYear\":\"2018\",\"copyrightHolder\":{\"@id\":\"https:\\\/\\\/www.deskmodder.de\\\/blog\\\/#organization\"}},{\"@type\":\"WebPage\",\"@id\":\"https:\\\/\\\/www.deskmodder.de\\\/blog\\\/2018\\\/01\\\/05\\\/ios-macos-und-die-cpu-luecken-das-sagt-apple\\\/\",\"url\":\"https:\\\/\\\/www.deskmodder.de\\\/blog\\\/2018\\\/01\\\/05\\\/ios-macos-und-die-cpu-luecken-das-sagt-apple\\\/\",\"name\":\"iOS, macOS und die CPU-L\u00fccken: Das sagt Apple - Deskmodder.de\",\"isPartOf\":{\"@id\":\"https:\\\/\\\/www.deskmodder.de\\\/blog\\\/#website\"},\"primaryImageOfPage\":{\"@id\":\"https:\\\/\\\/www.deskmodder.de\\\/blog\\\/2018\\\/01\\\/05\\\/ios-macos-und-die-cpu-luecken-das-sagt-apple\\\/#primaryimage\"},\"image\":{\"@id\":\"https:\\\/\\\/www.deskmodder.de\\\/blog\\\/2018\\\/01\\\/05\\\/ios-macos-und-die-cpu-luecken-das-sagt-apple\\\/#primaryimage\"},\"thumbnailUrl\":\"https:\\\/\\\/www.deskmodder.de\\\/blog\\\/wp-content\\\/uploads\\\/2017\\\/09\\\/img-0005.jpg\",\"datePublished\":\"2018-01-05T18:32:13+00:00\",\"dateModified\":\"2018-01-05T18:37:09+00:00\",\"breadcrumb\":{\"@id\":\"https:\\\/\\\/www.deskmodder.de\\\/blog\\\/2018\\\/01\\\/05\\\/ios-macos-und-die-cpu-luecken-das-sagt-apple\\\/#breadcrumb\"},\"inLanguage\":\"de\",\"potentialAction\":[{\"@type\":\"ReadAction\",\"target\":[\"https:\\\/\\\/www.deskmodder.de\\\/blog\\\/2018\\\/01\\\/05\\\/ios-macos-und-die-cpu-luecken-das-sagt-apple\\\/\"]}]},{\"@type\":\"ImageObject\",\"inLanguage\":\"de\",\"@id\":\"https:\\\/\\\/www.deskmodder.de\\\/blog\\\/2018\\\/01\\\/05\\\/ios-macos-und-die-cpu-luecken-das-sagt-apple\\\/#primaryimage\",\"url\":\"https:\\\/\\\/www.deskmodder.de\\\/blog\\\/wp-content\\\/uploads\\\/2017\\\/09\\\/img-0005.jpg\",\"contentUrl\":\"https:\\\/\\\/www.deskmodder.de\\\/blog\\\/wp-content\\\/uploads\\\/2017\\\/09\\\/img-0005.jpg\",\"width\":1500,\"height\":750},{\"@type\":\"BreadcrumbList\",\"@id\":\"https:\\\/\\\/www.deskmodder.de\\\/blog\\\/2018\\\/01\\\/05\\\/ios-macos-und-die-cpu-luecken-das-sagt-apple\\\/#breadcrumb\",\"itemListElement\":[{\"@type\":\"ListItem\",\"position\":1,\"name\":\"Startseite\",\"item\":\"https:\\\/\\\/www.deskmodder.de\\\/blog\\\/\"},{\"@type\":\"ListItem\",\"position\":2,\"name\":\"iOS, macOS und die CPU-L\u00fccken: Das sagt Apple\"}]},{\"@type\":\"WebSite\",\"@id\":\"https:\\\/\\\/www.deskmodder.de\\\/blog\\\/#website\",\"url\":\"https:\\\/\\\/www.deskmodder.de\\\/blog\\\/\",\"name\":\"Deskmodder.de\",\"description\":\"News zum Thema Microsoft, Windows 11 \\\/ 10, sowie anderen Neuigkeiten aus dem Netz, viele Tipps und individuelle Hilfe bei Problemen in unserem Forum \u25cf Deskmodder - seit 2003\",\"publisher\":{\"@id\":\"https:\\\/\\\/www.deskmodder.de\\\/blog\\\/#organization\"},\"potentialAction\":[{\"@type\":\"SearchAction\",\"target\":{\"@type\":\"EntryPoint\",\"urlTemplate\":\"https:\\\/\\\/www.deskmodder.de\\\/blog\\\/?s={search_term_string}\"},\"query-input\":{\"@type\":\"PropertyValueSpecification\",\"valueRequired\":true,\"valueName\":\"search_term_string\"}}],\"inLanguage\":\"de\"},{\"@type\":\"Organization\",\"@id\":\"https:\\\/\\\/www.deskmodder.de\\\/blog\\\/#organization\",\"name\":\"Deskmodder\",\"url\":\"https:\\\/\\\/www.deskmodder.de\\\/blog\\\/\",\"logo\":{\"@type\":\"ImageObject\",\"inLanguage\":\"de\",\"@id\":\"https:\\\/\\\/www.deskmodder.de\\\/blog\\\/#\\\/schema\\\/logo\\\/image\\\/\",\"url\":\"https:\\\/\\\/www.deskmodder.de\\\/blog\\\/wp-content\\\/uploads\\\/2019\\\/01\\\/deskmodder-logo-app.png\",\"contentUrl\":\"https:\\\/\\\/www.deskmodder.de\\\/blog\\\/wp-content\\\/uploads\\\/2019\\\/01\\\/deskmodder-logo-app.png\",\"width\":281,\"height\":286,\"caption\":\"Deskmodder\"},\"image\":{\"@id\":\"https:\\\/\\\/www.deskmodder.de\\\/blog\\\/#\\\/schema\\\/logo\\\/image\\\/\"},\"sameAs\":[\"https:\\\/\\\/www.facebook.com\\\/Deskmodder\",\"https:\\\/\\\/x.com\\\/Deskmodder\",\"https:\\\/\\\/mastodontech.de\\\/@Deskmodder\",\"https:\\\/\\\/www.youtube.com\\\/user\\\/deskmodder\",\"https:\\\/\\\/mewe.com\\\/group\\\/5c83b5231add826fc80cdae1\"]},{\"@type\":\"Person\",\"@id\":\"https:\\\/\\\/www.deskmodder.de\\\/blog\\\/#\\\/schema\\\/person\\\/f3c70b4f4860c9fcc4c04057ed04f469\",\"name\":\"W8U\",\"image\":{\"@type\":\"ImageObject\",\"inLanguage\":\"de\",\"@id\":\"https:\\\/\\\/secure.gravatar.com\\\/avatar\\\/a1e9db99fdd71a9ae2c516203e3fcd390817fa98f868eb9ba6d4a77d1a815cd4?s=96&d=mm&r=g\",\"url\":\"https:\\\/\\\/secure.gravatar.com\\\/avatar\\\/a1e9db99fdd71a9ae2c516203e3fcd390817fa98f868eb9ba6d4a77d1a815cd4?s=96&d=mm&r=g\",\"contentUrl\":\"https:\\\/\\\/secure.gravatar.com\\\/avatar\\\/a1e9db99fdd71a9ae2c516203e3fcd390817fa98f868eb9ba6d4a77d1a815cd4?s=96&d=mm&r=g\",\"caption\":\"W8U\"},\"description\":\"Technikliebhaber aus Niedersachsen und seit 2013 bei den Deskmoddern. Interessiert sich f\u00fcr (fast) alles, durch das Strom flie\u00dft: Computer, Smartphones, Tablets, Autos und so weiter.\",\"url\":\"https:\\\/\\\/www.deskmodder.de\\\/blog\\\/author\\\/w8u\\\/\"}]}<\/script>\n<!-- \/ Yoast SEO Premium plugin. -->","yoast_head_json":{"title":"iOS, macOS und die CPU-L\u00fccken: Das sagt Apple - Deskmodder.de","robots":{"index":"index","follow":"follow","max-snippet":"max-snippet:-1","max-image-preview":"max-image-preview:large","max-video-preview":"max-video-preview:-1"},"canonical":"https:\/\/www.deskmodder.de\/blog\/2018\/01\/05\/ios-macos-und-die-cpu-luecken-das-sagt-apple\/","og_locale":"de_DE","og_type":"article","og_title":"iOS, macOS und die CPU-L\u00fccken: Das sagt Apple","og_description":"Gestern und heute haben wir schon intensiv \u00fcber Microsofts Updates f\u00fcr Windows gegen die aktuelle Sicherheits-Problematik mit den Prozessoren berichtet. Aber wie ist eigentlich der aktuelle Stand im Hause Apple? Man hat heute bekanntgegeben, dass alle\u00a0Ger\u00e4te mit macOS und iOS&hellip;","og_url":"https:\/\/www.deskmodder.de\/blog\/2018\/01\/05\/ios-macos-und-die-cpu-luecken-das-sagt-apple\/","og_site_name":"Deskmodder.de","article_publisher":"https:\/\/www.facebook.com\/Deskmodder","article_published_time":"2018-01-05T18:32:13+00:00","article_modified_time":"2018-01-05T18:37:09+00:00","og_image":[{"width":1500,"height":750,"url":"https:\/\/www.deskmodder.de\/blog\/wp-content\/uploads\/2017\/09\/img-0005.jpg","type":"image\/jpeg"}],"author":"W8U","twitter_card":"summary_large_image","twitter_creator":"@Deskmodder","twitter_site":"@Deskmodder","schema":{"@context":"https:\/\/schema.org","@graph":[{"@type":"Article","@id":"https:\/\/www.deskmodder.de\/blog\/2018\/01\/05\/ios-macos-und-die-cpu-luecken-das-sagt-apple\/#article","isPartOf":{"@id":"https:\/\/www.deskmodder.de\/blog\/2018\/01\/05\/ios-macos-und-die-cpu-luecken-das-sagt-apple\/"},"author":{"name":"W8U","@id":"https:\/\/www.deskmodder.de\/blog\/#\/schema\/person\/f3c70b4f4860c9fcc4c04057ed04f469"},"headline":"iOS, macOS und die CPU-L\u00fccken: Das sagt Apple","datePublished":"2018-01-05T18:32:13+00:00","dateModified":"2018-01-05T18:37:09+00:00","mainEntityOfPage":{"@id":"https:\/\/www.deskmodder.de\/blog\/2018\/01\/05\/ios-macos-und-die-cpu-luecken-das-sagt-apple\/"},"wordCount":288,"commentCount":0,"publisher":{"@id":"https:\/\/www.deskmodder.de\/blog\/#organization"},"image":{"@id":"https:\/\/www.deskmodder.de\/blog\/2018\/01\/05\/ios-macos-und-die-cpu-luecken-das-sagt-apple\/#primaryimage"},"thumbnailUrl":"https:\/\/www.deskmodder.de\/blog\/wp-content\/uploads\/2017\/09\/img-0005.jpg","keywords":["Apple","CVE-2017-5715","CVE-2017-5753","iOS","iPad","iPhone X","MacOS","Meltdown","safari","Spectre","tvOS","Update"],"articleSection":{"1":"iOS","2":"Mac"},"inLanguage":"de","potentialAction":[{"@type":"CommentAction","name":"Comment","target":["https:\/\/www.deskmodder.de\/blog\/2018\/01\/05\/ios-macos-und-die-cpu-luecken-das-sagt-apple\/#respond"]}],"copyrightYear":"2018","copyrightHolder":{"@id":"https:\/\/www.deskmodder.de\/blog\/#organization"}},{"@type":"WebPage","@id":"https:\/\/www.deskmodder.de\/blog\/2018\/01\/05\/ios-macos-und-die-cpu-luecken-das-sagt-apple\/","url":"https:\/\/www.deskmodder.de\/blog\/2018\/01\/05\/ios-macos-und-die-cpu-luecken-das-sagt-apple\/","name":"iOS, macOS und die CPU-L\u00fccken: Das sagt Apple - Deskmodder.de","isPartOf":{"@id":"https:\/\/www.deskmodder.de\/blog\/#website"},"primaryImageOfPage":{"@id":"https:\/\/www.deskmodder.de\/blog\/2018\/01\/05\/ios-macos-und-die-cpu-luecken-das-sagt-apple\/#primaryimage"},"image":{"@id":"https:\/\/www.deskmodder.de\/blog\/2018\/01\/05\/ios-macos-und-die-cpu-luecken-das-sagt-apple\/#primaryimage"},"thumbnailUrl":"https:\/\/www.deskmodder.de\/blog\/wp-content\/uploads\/2017\/09\/img-0005.jpg","datePublished":"2018-01-05T18:32:13+00:00","dateModified":"2018-01-05T18:37:09+00:00","breadcrumb":{"@id":"https:\/\/www.deskmodder.de\/blog\/2018\/01\/05\/ios-macos-und-die-cpu-luecken-das-sagt-apple\/#breadcrumb"},"inLanguage":"de","potentialAction":[{"@type":"ReadAction","target":["https:\/\/www.deskmodder.de\/blog\/2018\/01\/05\/ios-macos-und-die-cpu-luecken-das-sagt-apple\/"]}]},{"@type":"ImageObject","inLanguage":"de","@id":"https:\/\/www.deskmodder.de\/blog\/2018\/01\/05\/ios-macos-und-die-cpu-luecken-das-sagt-apple\/#primaryimage","url":"https:\/\/www.deskmodder.de\/blog\/wp-content\/uploads\/2017\/09\/img-0005.jpg","contentUrl":"https:\/\/www.deskmodder.de\/blog\/wp-content\/uploads\/2017\/09\/img-0005.jpg","width":1500,"height":750},{"@type":"BreadcrumbList","@id":"https:\/\/www.deskmodder.de\/blog\/2018\/01\/05\/ios-macos-und-die-cpu-luecken-das-sagt-apple\/#breadcrumb","itemListElement":[{"@type":"ListItem","position":1,"name":"Startseite","item":"https:\/\/www.deskmodder.de\/blog\/"},{"@type":"ListItem","position":2,"name":"iOS, macOS und die CPU-L\u00fccken: Das sagt Apple"}]},{"@type":"WebSite","@id":"https:\/\/www.deskmodder.de\/blog\/#website","url":"https:\/\/www.deskmodder.de\/blog\/","name":"Deskmodder.de","description":"News zum Thema Microsoft, Windows 11 \/ 10, sowie anderen Neuigkeiten aus dem Netz, viele Tipps und individuelle Hilfe bei Problemen in unserem Forum \u25cf Deskmodder - seit 2003","publisher":{"@id":"https:\/\/www.deskmodder.de\/blog\/#organization"},"potentialAction":[{"@type":"SearchAction","target":{"@type":"EntryPoint","urlTemplate":"https:\/\/www.deskmodder.de\/blog\/?s={search_term_string}"},"query-input":{"@type":"PropertyValueSpecification","valueRequired":true,"valueName":"search_term_string"}}],"inLanguage":"de"},{"@type":"Organization","@id":"https:\/\/www.deskmodder.de\/blog\/#organization","name":"Deskmodder","url":"https:\/\/www.deskmodder.de\/blog\/","logo":{"@type":"ImageObject","inLanguage":"de","@id":"https:\/\/www.deskmodder.de\/blog\/#\/schema\/logo\/image\/","url":"https:\/\/www.deskmodder.de\/blog\/wp-content\/uploads\/2019\/01\/deskmodder-logo-app.png","contentUrl":"https:\/\/www.deskmodder.de\/blog\/wp-content\/uploads\/2019\/01\/deskmodder-logo-app.png","width":281,"height":286,"caption":"Deskmodder"},"image":{"@id":"https:\/\/www.deskmodder.de\/blog\/#\/schema\/logo\/image\/"},"sameAs":["https:\/\/www.facebook.com\/Deskmodder","https:\/\/x.com\/Deskmodder","https:\/\/mastodontech.de\/@Deskmodder","https:\/\/www.youtube.com\/user\/deskmodder","https:\/\/mewe.com\/group\/5c83b5231add826fc80cdae1"]},{"@type":"Person","@id":"https:\/\/www.deskmodder.de\/blog\/#\/schema\/person\/f3c70b4f4860c9fcc4c04057ed04f469","name":"W8U","image":{"@type":"ImageObject","inLanguage":"de","@id":"https:\/\/secure.gravatar.com\/avatar\/a1e9db99fdd71a9ae2c516203e3fcd390817fa98f868eb9ba6d4a77d1a815cd4?s=96&d=mm&r=g","url":"https:\/\/secure.gravatar.com\/avatar\/a1e9db99fdd71a9ae2c516203e3fcd390817fa98f868eb9ba6d4a77d1a815cd4?s=96&d=mm&r=g","contentUrl":"https:\/\/secure.gravatar.com\/avatar\/a1e9db99fdd71a9ae2c516203e3fcd390817fa98f868eb9ba6d4a77d1a815cd4?s=96&d=mm&r=g","caption":"W8U"},"description":"Technikliebhaber aus Niedersachsen und seit 2013 bei den Deskmoddern. Interessiert sich f\u00fcr (fast) alles, durch das Strom flie\u00dft: Computer, Smartphones, Tablets, Autos und so weiter.","url":"https:\/\/www.deskmodder.de\/blog\/author\/w8u\/"}]}},"jetpack_publicize_connections":[],"jetpack_featured_media_url":"https:\/\/www.deskmodder.de\/blog\/wp-content\/uploads\/2017\/09\/img-0005.jpg","_links":{"self":[{"href":"https:\/\/www.deskmodder.de\/blog\/wp-json\/wp\/v2\/posts\/96150","targetHints":{"allow":["GET"]}}],"collection":[{"href":"https:\/\/www.deskmodder.de\/blog\/wp-json\/wp\/v2\/posts"}],"about":[{"href":"https:\/\/www.deskmodder.de\/blog\/wp-json\/wp\/v2\/types\/post"}],"author":[{"embeddable":true,"href":"https:\/\/www.deskmodder.de\/blog\/wp-json\/wp\/v2\/users\/1525"}],"replies":[{"embeddable":true,"href":"https:\/\/www.deskmodder.de\/blog\/wp-json\/wp\/v2\/comments?post=96150"}],"version-history":[{"count":0,"href":"https:\/\/www.deskmodder.de\/blog\/wp-json\/wp\/v2\/posts\/96150\/revisions"}],"wp:featuredmedia":[{"embeddable":true,"href":"https:\/\/www.deskmodder.de\/blog\/wp-json\/wp\/v2\/media\/90372"}],"wp:attachment":[{"href":"https:\/\/www.deskmodder.de\/blog\/wp-json\/wp\/v2\/media?parent=96150"}],"wp:term":[{"taxonomy":"category","embeddable":true,"href":"https:\/\/www.deskmodder.de\/blog\/wp-json\/wp\/v2\/categories?post=96150"},{"taxonomy":"post_tag","embeddable":true,"href":"https:\/\/www.deskmodder.de\/blog\/wp-json\/wp\/v2\/tags?post=96150"}],"curies":[{"name":"wp","href":"https:\/\/api.w.org\/{rel}","templated":true}]}}