{"id":86969,"date":"2017-06-23T19:55:44","date_gmt":"2017-06-23T17:55:44","guid":{"rendered":"https:\/\/www.deskmodder.de\/blog\/?p=86969"},"modified":"2017-06-23T19:55:44","modified_gmt":"2017-06-23T17:55:44","slug":"lg-v30-dual-kamera-glas-rueckseite-kabelloses-laden-moegliche-praesentation-auf-der-ifa-2017","status":"publish","type":"post","link":"https:\/\/www.deskmodder.de\/blog\/2017\/06\/23\/lg-v30-dual-kamera-glas-rueckseite-kabelloses-laden-moegliche-praesentation-auf-der-ifa-2017\/","title":{"rendered":"LG V30: Dual-Kamera, Glas-R\u00fcckseite, kabelloses Laden &#038; m\u00f6gliche Pr\u00e4sentation auf der IFA 2017"},"content":{"rendered":"<p><img loading=\"lazy\" decoding=\"async\" class=\"aligncenter size-large wp-image-57407\" src=\"https:\/\/www.deskmodder.de\/blog\/wp-content\/uploads\/2015\/11\/Bild_LG-V10_Second-Screen-975x1300-700x504.jpg\" alt=\"\" width=\"700\" height=\"504\" srcset=\"https:\/\/www.deskmodder.de\/blog\/wp-content\/uploads\/2015\/11\/Bild_LG-V10_Second-Screen-975x1300-700x504.jpg 700w, https:\/\/www.deskmodder.de\/blog\/wp-content\/uploads\/2015\/11\/Bild_LG-V10_Second-Screen-975x1300-250x180.jpg 250w, https:\/\/www.deskmodder.de\/blog\/wp-content\/uploads\/2015\/11\/Bild_LG-V10_Second-Screen-975x1300-500x360.jpg 500w\" sizes=\"auto, (max-width: 700px) 100vw, 700px\" \/><\/p>\n<p>Mit dem LG V30 wird uns LG im Herbst die 3.Generation seiner V-Serie pr\u00e4sentieren, welche vielleicht wieder global verf\u00fcgbar sein wird. Nun gibt&#8217;s weitere Informationen zur Ausstattung sowie einen m\u00f6glichen Termin der Vorstellung.<\/p>\n<p>So scheint LG die diesj\u00e4hrige IFA in Berlin f\u00fcr die Pr\u00e4sentation ins Auge gefasst zu haben, hat den Termin aber noch nicht best\u00e4tigt. Nachdem das LG V30 mit dem Snapdragon 835 ausgestattet sein soll, wird nun zus\u00e4tzlich von kabellosem Laden, einer Glas-R\u00fcckseite, einem Fingerabdrucksensor und einer Dual-Kamera in Sachen Ausstattung berichtet.<\/p>\n<p>Ansonsten wird vermutlich im LG V30 wieder feinste Hardware stecken. Ob auch ein zweites Display an der Front vorhanden sein wird, ist noch nicht bekannt.<\/p>\n<div class=\"quelle\">Quelle: <a href=\"https:\/\/twitter.com\/OnLeaks\/status\/878150557273387009\" target=\"_blank\" rel=\"noopener\">OnLeaks<\/a> <\/div>\n","protected":false},"excerpt":{"rendered":"<p>Mit dem LG V30 wird uns LG im Herbst die 3.Generation seiner V-Serie pr\u00e4sentieren, welche vielleicht wieder global verf\u00fcgbar sein wird. Nun gibt&#8217;s weitere Informationen zur Ausstattung sowie einen m\u00f6glichen Termin der Vorstellung. So scheint LG die diesj\u00e4hrige IFA in&hellip; <\/p>\n","protected":false},"author":2020,"featured_media":54154,"comment_status":"open","ping_status":"open","sticky":false,"template":"","format":"standard","meta":{"jetpack_post_was_ever_published":false,"footnotes":"","jetpack_publicize_message":"","jetpack_publicize_feature_enabled":true,"jetpack_social_post_already_shared":true,"jetpack_social_options":{"image_generator_settings":{"template":"highway","default_image_id":0,"font":"","enabled":false},"version":2}},"categories":[1,1286],"tags":[16150],"class_list":["post-86969","post","type-post","status-publish","format-standard","has-post-thumbnail","hentry","category-allgemein","category-hardware","tag-lg-v30"],"wp_featured_image":{"id":54154,"alt_text":"","description":"","media_type":"image","media_details":{"width":1200,"height":900,"file":"2015\/10\/Bild_LG-V10_Black_1.jpg","sizes":{"thumbnail":{"file":"Bild_LG-V10_Black_1-250x180.jpg","width":250,"height":180,"mime-type":"image\/jpeg","source_url":"https:\/\/www.deskmodder.de\/blog\/wp-content\/uploads\/2015\/10\/Bild_LG-V10_Black_1-250x180.jpg"},"medium":{"file":"Bild_LG-V10_Black_1-500x360.jpg","width":500,"height":360,"mime-type":"image\/jpeg","source_url":"https:\/\/www.deskmodder.de\/blog\/wp-content\/uploads\/2015\/10\/Bild_LG-V10_Black_1-500x360.jpg"},"large":{"file":"Bild_LG-V10_Black_1-700x504.jpg","width":700,"height":504,"mime-type":"image\/jpeg","source_url":"https:\/\/www.deskmodder.de\/blog\/wp-content\/uploads\/2015\/10\/Bild_LG-V10_Black_1-700x504.jpg"},"wp_review_large":{"file":"Bild_LG-V10_Black_1-320x200.jpg","width":320,"height":200,"mime-type":"image\/jpeg","source_url":"https:\/\/www.deskmodder.de\/blog\/wp-content\/uploads\/2015\/10\/Bild_LG-V10_Black_1-320x200.jpg"},"wp_review_small":{"file":"Bild_LG-V10_Black_1-65x65.jpg","width":65,"height":65,"mime-type":"image\/jpeg","source_url":"https:\/\/www.deskmodder.de\/blog\/wp-content\/uploads\/2015\/10\/Bild_LG-V10_Black_1-65x65.jpg"},"wp_rp_thumbnail":{"file":"Bild_LG-V10_Black_1-150x150.jpg","width":150,"height":150,"mime-type":"image\/jpeg","source_url":"https:\/\/www.deskmodder.de\/blog\/wp-content\/uploads\/2015\/10\/Bild_LG-V10_Black_1-150x150.jpg"}},"image_meta":{"aperture":0,"credit":"","camera":"","caption":"","created_timestamp":0,"copyright":"","focal_length":0,"iso":0,"shutter_speed":0,"title":"","orientation":0}},"post":54151,"source_url":"https:\/\/www.deskmodder.de\/blog\/wp-content\/uploads\/2015\/10\/Bild_LG-V10_Black_1.jpg"},"commentcount":0,"wp_comments":[],"wp_author":{"id":2020,"name":"Mike","description":"\u00dcber das Anpassen &amp; Abspecken von XP in die \"Windows-Welt\" gekommen, interessiere ich mich eigentlich f\u00fcr jedes gute St\u00fcck Technik. Neben Windows hat auch Android bei mir ein zu Hause gefunden. Und ich bin jedes Jahr gespannt, was mich Neues erwartet. Bloggen ist eine Leidenschaft von mir und ich teile diese hier gerne mit euch.","author_avatar_urls":{"24":"https:\/\/secure.gravatar.com\/avatar\/a25a00ccc6c845d38ee2695915f64089ae7e42ad1a0e8247e29b357ef56b0fab?s=24&d=mm&r=g","48":"https:\/\/secure.gravatar.com\/avatar\/a25a00ccc6c845d38ee2695915f64089ae7e42ad1a0e8247e29b357ef56b0fab?s=48&d=mm&r=g","96":"https:\/\/secure.gravatar.com\/avatar\/a25a00ccc6c845d38ee2695915f64089ae7e42ad1a0e8247e29b357ef56b0fab?s=96&d=mm&r=g"}},"cld_nonce":"f49c0a4a03","yoast_head":"<!-- This site is optimized with the Yoast SEO Premium plugin v27.5 (Yoast SEO v27.5) - https:\/\/yoast.com\/product\/yoast-seo-premium-wordpress\/ -->\n<title>LG V30: Dual-Kamera, Glas-R\u00fcckseite, kabelloses Laden &amp; m\u00f6gliche Pr\u00e4sentation auf der IFA 2017 - Deskmodder.de<\/title>\n<meta name=\"robots\" content=\"index, follow, max-snippet:-1, max-image-preview:large, max-video-preview:-1\" \/>\n<link rel=\"canonical\" href=\"https:\/\/www.deskmodder.de\/blog\/2017\/06\/23\/lg-v30-dual-kamera-glas-rueckseite-kabelloses-laden-moegliche-praesentation-auf-der-ifa-2017\/\" \/>\n<meta property=\"og:locale\" content=\"de_DE\" \/>\n<meta property=\"og:type\" content=\"article\" \/>\n<meta property=\"og:title\" content=\"LG V30: Dual-Kamera, Glas-R\u00fcckseite, kabelloses Laden &amp; m\u00f6gliche Pr\u00e4sentation auf der IFA 2017\" \/>\n<meta property=\"og:description\" content=\"Mit dem LG V30 wird uns LG im Herbst die 3.Generation seiner V-Serie pr\u00e4sentieren, welche vielleicht wieder global verf\u00fcgbar sein wird. Nun gibt&#8217;s weitere Informationen zur Ausstattung sowie einen m\u00f6glichen Termin der Vorstellung. So scheint LG die diesj\u00e4hrige IFA in&hellip;\" \/>\n<meta property=\"og:url\" content=\"https:\/\/www.deskmodder.de\/blog\/2017\/06\/23\/lg-v30-dual-kamera-glas-rueckseite-kabelloses-laden-moegliche-praesentation-auf-der-ifa-2017\/\" \/>\n<meta property=\"og:site_name\" content=\"Deskmodder.de\" \/>\n<meta property=\"article:publisher\" content=\"https:\/\/www.facebook.com\/Deskmodder\" \/>\n<meta property=\"article:published_time\" content=\"2017-06-23T17:55:44+00:00\" \/>\n<meta property=\"og:image\" content=\"https:\/\/www.deskmodder.de\/blog\/wp-content\/uploads\/2015\/10\/Bild_LG-V10_Black_1.jpg\" \/>\n\t<meta property=\"og:image:width\" content=\"1200\" \/>\n\t<meta property=\"og:image:height\" content=\"900\" \/>\n\t<meta property=\"og:image:type\" content=\"image\/jpeg\" \/>\n<meta name=\"author\" content=\"Mike\" \/>\n<meta name=\"twitter:card\" content=\"summary_large_image\" \/>\n<meta name=\"twitter:creator\" content=\"@Deskmodder\" \/>\n<meta name=\"twitter:site\" content=\"@Deskmodder\" \/>\n<script type=\"application\/ld+json\" class=\"yoast-schema-graph\">{\"@context\":\"https:\\\/\\\/schema.org\",\"@graph\":[{\"@type\":\"Article\",\"@id\":\"https:\\\/\\\/www.deskmodder.de\\\/blog\\\/2017\\\/06\\\/23\\\/lg-v30-dual-kamera-glas-rueckseite-kabelloses-laden-moegliche-praesentation-auf-der-ifa-2017\\\/#article\",\"isPartOf\":{\"@id\":\"https:\\\/\\\/www.deskmodder.de\\\/blog\\\/2017\\\/06\\\/23\\\/lg-v30-dual-kamera-glas-rueckseite-kabelloses-laden-moegliche-praesentation-auf-der-ifa-2017\\\/\"},\"author\":{\"name\":\"Mike\",\"@id\":\"https:\\\/\\\/www.deskmodder.de\\\/blog\\\/#\\\/schema\\\/person\\\/0d15dadb25ee420cb54f76ad120c98fa\"},\"headline\":\"LG V30: Dual-Kamera, Glas-R\u00fcckseite, kabelloses Laden &#038; m\u00f6gliche Pr\u00e4sentation auf der IFA 2017\",\"datePublished\":\"2017-06-23T17:55:44+00:00\",\"mainEntityOfPage\":{\"@id\":\"https:\\\/\\\/www.deskmodder.de\\\/blog\\\/2017\\\/06\\\/23\\\/lg-v30-dual-kamera-glas-rueckseite-kabelloses-laden-moegliche-praesentation-auf-der-ifa-2017\\\/\"},\"wordCount\":136,\"commentCount\":0,\"publisher\":{\"@id\":\"https:\\\/\\\/www.deskmodder.de\\\/blog\\\/#organization\"},\"image\":{\"@id\":\"https:\\\/\\\/www.deskmodder.de\\\/blog\\\/2017\\\/06\\\/23\\\/lg-v30-dual-kamera-glas-rueckseite-kabelloses-laden-moegliche-praesentation-auf-der-ifa-2017\\\/#primaryimage\"},\"thumbnailUrl\":\"https:\\\/\\\/www.deskmodder.de\\\/blog\\\/wp-content\\\/uploads\\\/2015\\\/10\\\/Bild_LG-V10_Black_1.jpg\",\"keywords\":[\"LG V30\"],\"articleSection\":{\"1\":\"Hardware\"},\"inLanguage\":\"de\",\"potentialAction\":[{\"@type\":\"CommentAction\",\"name\":\"Comment\",\"target\":[\"https:\\\/\\\/www.deskmodder.de\\\/blog\\\/2017\\\/06\\\/23\\\/lg-v30-dual-kamera-glas-rueckseite-kabelloses-laden-moegliche-praesentation-auf-der-ifa-2017\\\/#respond\"]}],\"copyrightYear\":\"2017\",\"copyrightHolder\":{\"@id\":\"https:\\\/\\\/www.deskmodder.de\\\/blog\\\/#organization\"}},{\"@type\":\"WebPage\",\"@id\":\"https:\\\/\\\/www.deskmodder.de\\\/blog\\\/2017\\\/06\\\/23\\\/lg-v30-dual-kamera-glas-rueckseite-kabelloses-laden-moegliche-praesentation-auf-der-ifa-2017\\\/\",\"url\":\"https:\\\/\\\/www.deskmodder.de\\\/blog\\\/2017\\\/06\\\/23\\\/lg-v30-dual-kamera-glas-rueckseite-kabelloses-laden-moegliche-praesentation-auf-der-ifa-2017\\\/\",\"name\":\"LG V30: Dual-Kamera, Glas-R\u00fcckseite, kabelloses Laden & m\u00f6gliche Pr\u00e4sentation auf der IFA 2017 - Deskmodder.de\",\"isPartOf\":{\"@id\":\"https:\\\/\\\/www.deskmodder.de\\\/blog\\\/#website\"},\"primaryImageOfPage\":{\"@id\":\"https:\\\/\\\/www.deskmodder.de\\\/blog\\\/2017\\\/06\\\/23\\\/lg-v30-dual-kamera-glas-rueckseite-kabelloses-laden-moegliche-praesentation-auf-der-ifa-2017\\\/#primaryimage\"},\"image\":{\"@id\":\"https:\\\/\\\/www.deskmodder.de\\\/blog\\\/2017\\\/06\\\/23\\\/lg-v30-dual-kamera-glas-rueckseite-kabelloses-laden-moegliche-praesentation-auf-der-ifa-2017\\\/#primaryimage\"},\"thumbnailUrl\":\"https:\\\/\\\/www.deskmodder.de\\\/blog\\\/wp-content\\\/uploads\\\/2015\\\/10\\\/Bild_LG-V10_Black_1.jpg\",\"datePublished\":\"2017-06-23T17:55:44+00:00\",\"breadcrumb\":{\"@id\":\"https:\\\/\\\/www.deskmodder.de\\\/blog\\\/2017\\\/06\\\/23\\\/lg-v30-dual-kamera-glas-rueckseite-kabelloses-laden-moegliche-praesentation-auf-der-ifa-2017\\\/#breadcrumb\"},\"inLanguage\":\"de\",\"potentialAction\":[{\"@type\":\"ReadAction\",\"target\":[\"https:\\\/\\\/www.deskmodder.de\\\/blog\\\/2017\\\/06\\\/23\\\/lg-v30-dual-kamera-glas-rueckseite-kabelloses-laden-moegliche-praesentation-auf-der-ifa-2017\\\/\"]}]},{\"@type\":\"ImageObject\",\"inLanguage\":\"de\",\"@id\":\"https:\\\/\\\/www.deskmodder.de\\\/blog\\\/2017\\\/06\\\/23\\\/lg-v30-dual-kamera-glas-rueckseite-kabelloses-laden-moegliche-praesentation-auf-der-ifa-2017\\\/#primaryimage\",\"url\":\"https:\\\/\\\/www.deskmodder.de\\\/blog\\\/wp-content\\\/uploads\\\/2015\\\/10\\\/Bild_LG-V10_Black_1.jpg\",\"contentUrl\":\"https:\\\/\\\/www.deskmodder.de\\\/blog\\\/wp-content\\\/uploads\\\/2015\\\/10\\\/Bild_LG-V10_Black_1.jpg\",\"width\":1200,\"height\":900},{\"@type\":\"BreadcrumbList\",\"@id\":\"https:\\\/\\\/www.deskmodder.de\\\/blog\\\/2017\\\/06\\\/23\\\/lg-v30-dual-kamera-glas-rueckseite-kabelloses-laden-moegliche-praesentation-auf-der-ifa-2017\\\/#breadcrumb\",\"itemListElement\":[{\"@type\":\"ListItem\",\"position\":1,\"name\":\"Startseite\",\"item\":\"https:\\\/\\\/www.deskmodder.de\\\/blog\\\/\"},{\"@type\":\"ListItem\",\"position\":2,\"name\":\"LG V30: Dual-Kamera, Glas-R\u00fcckseite, kabelloses Laden &#038; m\u00f6gliche Pr\u00e4sentation auf der IFA 2017\"}]},{\"@type\":\"WebSite\",\"@id\":\"https:\\\/\\\/www.deskmodder.de\\\/blog\\\/#website\",\"url\":\"https:\\\/\\\/www.deskmodder.de\\\/blog\\\/\",\"name\":\"Deskmodder.de\",\"description\":\"News zum Thema Microsoft, Windows 11 \\\/ 10, sowie anderen Neuigkeiten aus dem Netz, viele Tipps und individuelle Hilfe bei Problemen in unserem Forum \u25cf Deskmodder - seit 2003\",\"publisher\":{\"@id\":\"https:\\\/\\\/www.deskmodder.de\\\/blog\\\/#organization\"},\"potentialAction\":[{\"@type\":\"SearchAction\",\"target\":{\"@type\":\"EntryPoint\",\"urlTemplate\":\"https:\\\/\\\/www.deskmodder.de\\\/blog\\\/?s={search_term_string}\"},\"query-input\":{\"@type\":\"PropertyValueSpecification\",\"valueRequired\":true,\"valueName\":\"search_term_string\"}}],\"inLanguage\":\"de\"},{\"@type\":\"Organization\",\"@id\":\"https:\\\/\\\/www.deskmodder.de\\\/blog\\\/#organization\",\"name\":\"Deskmodder\",\"url\":\"https:\\\/\\\/www.deskmodder.de\\\/blog\\\/\",\"logo\":{\"@type\":\"ImageObject\",\"inLanguage\":\"de\",\"@id\":\"https:\\\/\\\/www.deskmodder.de\\\/blog\\\/#\\\/schema\\\/logo\\\/image\\\/\",\"url\":\"https:\\\/\\\/www.deskmodder.de\\\/blog\\\/wp-content\\\/uploads\\\/2019\\\/01\\\/deskmodder-logo-app.png\",\"contentUrl\":\"https:\\\/\\\/www.deskmodder.de\\\/blog\\\/wp-content\\\/uploads\\\/2019\\\/01\\\/deskmodder-logo-app.png\",\"width\":281,\"height\":286,\"caption\":\"Deskmodder\"},\"image\":{\"@id\":\"https:\\\/\\\/www.deskmodder.de\\\/blog\\\/#\\\/schema\\\/logo\\\/image\\\/\"},\"sameAs\":[\"https:\\\/\\\/www.facebook.com\\\/Deskmodder\",\"https:\\\/\\\/x.com\\\/Deskmodder\",\"https:\\\/\\\/mastodontech.de\\\/@Deskmodder\",\"https:\\\/\\\/www.youtube.com\\\/user\\\/deskmodder\",\"https:\\\/\\\/mewe.com\\\/group\\\/5c83b5231add826fc80cdae1\"]},{\"@type\":\"Person\",\"@id\":\"https:\\\/\\\/www.deskmodder.de\\\/blog\\\/#\\\/schema\\\/person\\\/0d15dadb25ee420cb54f76ad120c98fa\",\"name\":\"Mike\",\"image\":{\"@type\":\"ImageObject\",\"inLanguage\":\"de\",\"@id\":\"https:\\\/\\\/secure.gravatar.com\\\/avatar\\\/a25a00ccc6c845d38ee2695915f64089ae7e42ad1a0e8247e29b357ef56b0fab?s=96&d=mm&r=g\",\"url\":\"https:\\\/\\\/secure.gravatar.com\\\/avatar\\\/a25a00ccc6c845d38ee2695915f64089ae7e42ad1a0e8247e29b357ef56b0fab?s=96&d=mm&r=g\",\"contentUrl\":\"https:\\\/\\\/secure.gravatar.com\\\/avatar\\\/a25a00ccc6c845d38ee2695915f64089ae7e42ad1a0e8247e29b357ef56b0fab?s=96&d=mm&r=g\",\"caption\":\"Mike\"},\"description\":\"\u00dcber das Anpassen &amp; Abspecken von XP in die \\\"Windows-Welt\\\" gekommen, interessiere ich mich eigentlich f\u00fcr jedes gute St\u00fcck Technik. Neben Windows hat auch Android bei mir ein zu Hause gefunden. Und ich bin jedes Jahr gespannt, was mich Neues erwartet. Bloggen ist eine Leidenschaft von mir und ich teile diese hier gerne mit euch.\",\"url\":\"https:\\\/\\\/www.deskmodder.de\\\/blog\\\/author\\\/mike\\\/\"}]}<\/script>\n<!-- \/ Yoast SEO Premium plugin. -->","yoast_head_json":{"title":"LG V30: Dual-Kamera, Glas-R\u00fcckseite, kabelloses Laden & m\u00f6gliche Pr\u00e4sentation auf der IFA 2017 - Deskmodder.de","robots":{"index":"index","follow":"follow","max-snippet":"max-snippet:-1","max-image-preview":"max-image-preview:large","max-video-preview":"max-video-preview:-1"},"canonical":"https:\/\/www.deskmodder.de\/blog\/2017\/06\/23\/lg-v30-dual-kamera-glas-rueckseite-kabelloses-laden-moegliche-praesentation-auf-der-ifa-2017\/","og_locale":"de_DE","og_type":"article","og_title":"LG V30: Dual-Kamera, Glas-R\u00fcckseite, kabelloses Laden & m\u00f6gliche Pr\u00e4sentation auf der IFA 2017","og_description":"Mit dem LG V30 wird uns LG im Herbst die 3.Generation seiner V-Serie pr\u00e4sentieren, welche vielleicht wieder global verf\u00fcgbar sein wird. Nun gibt&#8217;s weitere Informationen zur Ausstattung sowie einen m\u00f6glichen Termin der Vorstellung. So scheint LG die diesj\u00e4hrige IFA in&hellip;","og_url":"https:\/\/www.deskmodder.de\/blog\/2017\/06\/23\/lg-v30-dual-kamera-glas-rueckseite-kabelloses-laden-moegliche-praesentation-auf-der-ifa-2017\/","og_site_name":"Deskmodder.de","article_publisher":"https:\/\/www.facebook.com\/Deskmodder","article_published_time":"2017-06-23T17:55:44+00:00","og_image":[{"width":1200,"height":900,"url":"https:\/\/www.deskmodder.de\/blog\/wp-content\/uploads\/2015\/10\/Bild_LG-V10_Black_1.jpg","type":"image\/jpeg"}],"author":"Mike","twitter_card":"summary_large_image","twitter_creator":"@Deskmodder","twitter_site":"@Deskmodder","schema":{"@context":"https:\/\/schema.org","@graph":[{"@type":"Article","@id":"https:\/\/www.deskmodder.de\/blog\/2017\/06\/23\/lg-v30-dual-kamera-glas-rueckseite-kabelloses-laden-moegliche-praesentation-auf-der-ifa-2017\/#article","isPartOf":{"@id":"https:\/\/www.deskmodder.de\/blog\/2017\/06\/23\/lg-v30-dual-kamera-glas-rueckseite-kabelloses-laden-moegliche-praesentation-auf-der-ifa-2017\/"},"author":{"name":"Mike","@id":"https:\/\/www.deskmodder.de\/blog\/#\/schema\/person\/0d15dadb25ee420cb54f76ad120c98fa"},"headline":"LG V30: Dual-Kamera, Glas-R\u00fcckseite, kabelloses Laden &#038; m\u00f6gliche Pr\u00e4sentation auf der IFA 2017","datePublished":"2017-06-23T17:55:44+00:00","mainEntityOfPage":{"@id":"https:\/\/www.deskmodder.de\/blog\/2017\/06\/23\/lg-v30-dual-kamera-glas-rueckseite-kabelloses-laden-moegliche-praesentation-auf-der-ifa-2017\/"},"wordCount":136,"commentCount":0,"publisher":{"@id":"https:\/\/www.deskmodder.de\/blog\/#organization"},"image":{"@id":"https:\/\/www.deskmodder.de\/blog\/2017\/06\/23\/lg-v30-dual-kamera-glas-rueckseite-kabelloses-laden-moegliche-praesentation-auf-der-ifa-2017\/#primaryimage"},"thumbnailUrl":"https:\/\/www.deskmodder.de\/blog\/wp-content\/uploads\/2015\/10\/Bild_LG-V10_Black_1.jpg","keywords":["LG V30"],"articleSection":{"1":"Hardware"},"inLanguage":"de","potentialAction":[{"@type":"CommentAction","name":"Comment","target":["https:\/\/www.deskmodder.de\/blog\/2017\/06\/23\/lg-v30-dual-kamera-glas-rueckseite-kabelloses-laden-moegliche-praesentation-auf-der-ifa-2017\/#respond"]}],"copyrightYear":"2017","copyrightHolder":{"@id":"https:\/\/www.deskmodder.de\/blog\/#organization"}},{"@type":"WebPage","@id":"https:\/\/www.deskmodder.de\/blog\/2017\/06\/23\/lg-v30-dual-kamera-glas-rueckseite-kabelloses-laden-moegliche-praesentation-auf-der-ifa-2017\/","url":"https:\/\/www.deskmodder.de\/blog\/2017\/06\/23\/lg-v30-dual-kamera-glas-rueckseite-kabelloses-laden-moegliche-praesentation-auf-der-ifa-2017\/","name":"LG V30: Dual-Kamera, Glas-R\u00fcckseite, kabelloses Laden & m\u00f6gliche Pr\u00e4sentation auf der IFA 2017 - Deskmodder.de","isPartOf":{"@id":"https:\/\/www.deskmodder.de\/blog\/#website"},"primaryImageOfPage":{"@id":"https:\/\/www.deskmodder.de\/blog\/2017\/06\/23\/lg-v30-dual-kamera-glas-rueckseite-kabelloses-laden-moegliche-praesentation-auf-der-ifa-2017\/#primaryimage"},"image":{"@id":"https:\/\/www.deskmodder.de\/blog\/2017\/06\/23\/lg-v30-dual-kamera-glas-rueckseite-kabelloses-laden-moegliche-praesentation-auf-der-ifa-2017\/#primaryimage"},"thumbnailUrl":"https:\/\/www.deskmodder.de\/blog\/wp-content\/uploads\/2015\/10\/Bild_LG-V10_Black_1.jpg","datePublished":"2017-06-23T17:55:44+00:00","breadcrumb":{"@id":"https:\/\/www.deskmodder.de\/blog\/2017\/06\/23\/lg-v30-dual-kamera-glas-rueckseite-kabelloses-laden-moegliche-praesentation-auf-der-ifa-2017\/#breadcrumb"},"inLanguage":"de","potentialAction":[{"@type":"ReadAction","target":["https:\/\/www.deskmodder.de\/blog\/2017\/06\/23\/lg-v30-dual-kamera-glas-rueckseite-kabelloses-laden-moegliche-praesentation-auf-der-ifa-2017\/"]}]},{"@type":"ImageObject","inLanguage":"de","@id":"https:\/\/www.deskmodder.de\/blog\/2017\/06\/23\/lg-v30-dual-kamera-glas-rueckseite-kabelloses-laden-moegliche-praesentation-auf-der-ifa-2017\/#primaryimage","url":"https:\/\/www.deskmodder.de\/blog\/wp-content\/uploads\/2015\/10\/Bild_LG-V10_Black_1.jpg","contentUrl":"https:\/\/www.deskmodder.de\/blog\/wp-content\/uploads\/2015\/10\/Bild_LG-V10_Black_1.jpg","width":1200,"height":900},{"@type":"BreadcrumbList","@id":"https:\/\/www.deskmodder.de\/blog\/2017\/06\/23\/lg-v30-dual-kamera-glas-rueckseite-kabelloses-laden-moegliche-praesentation-auf-der-ifa-2017\/#breadcrumb","itemListElement":[{"@type":"ListItem","position":1,"name":"Startseite","item":"https:\/\/www.deskmodder.de\/blog\/"},{"@type":"ListItem","position":2,"name":"LG V30: Dual-Kamera, Glas-R\u00fcckseite, kabelloses Laden &#038; m\u00f6gliche Pr\u00e4sentation auf der IFA 2017"}]},{"@type":"WebSite","@id":"https:\/\/www.deskmodder.de\/blog\/#website","url":"https:\/\/www.deskmodder.de\/blog\/","name":"Deskmodder.de","description":"News zum Thema Microsoft, Windows 11 \/ 10, sowie anderen Neuigkeiten aus dem Netz, viele Tipps und individuelle Hilfe bei Problemen in unserem Forum \u25cf Deskmodder - seit 2003","publisher":{"@id":"https:\/\/www.deskmodder.de\/blog\/#organization"},"potentialAction":[{"@type":"SearchAction","target":{"@type":"EntryPoint","urlTemplate":"https:\/\/www.deskmodder.de\/blog\/?s={search_term_string}"},"query-input":{"@type":"PropertyValueSpecification","valueRequired":true,"valueName":"search_term_string"}}],"inLanguage":"de"},{"@type":"Organization","@id":"https:\/\/www.deskmodder.de\/blog\/#organization","name":"Deskmodder","url":"https:\/\/www.deskmodder.de\/blog\/","logo":{"@type":"ImageObject","inLanguage":"de","@id":"https:\/\/www.deskmodder.de\/blog\/#\/schema\/logo\/image\/","url":"https:\/\/www.deskmodder.de\/blog\/wp-content\/uploads\/2019\/01\/deskmodder-logo-app.png","contentUrl":"https:\/\/www.deskmodder.de\/blog\/wp-content\/uploads\/2019\/01\/deskmodder-logo-app.png","width":281,"height":286,"caption":"Deskmodder"},"image":{"@id":"https:\/\/www.deskmodder.de\/blog\/#\/schema\/logo\/image\/"},"sameAs":["https:\/\/www.facebook.com\/Deskmodder","https:\/\/x.com\/Deskmodder","https:\/\/mastodontech.de\/@Deskmodder","https:\/\/www.youtube.com\/user\/deskmodder","https:\/\/mewe.com\/group\/5c83b5231add826fc80cdae1"]},{"@type":"Person","@id":"https:\/\/www.deskmodder.de\/blog\/#\/schema\/person\/0d15dadb25ee420cb54f76ad120c98fa","name":"Mike","image":{"@type":"ImageObject","inLanguage":"de","@id":"https:\/\/secure.gravatar.com\/avatar\/a25a00ccc6c845d38ee2695915f64089ae7e42ad1a0e8247e29b357ef56b0fab?s=96&d=mm&r=g","url":"https:\/\/secure.gravatar.com\/avatar\/a25a00ccc6c845d38ee2695915f64089ae7e42ad1a0e8247e29b357ef56b0fab?s=96&d=mm&r=g","contentUrl":"https:\/\/secure.gravatar.com\/avatar\/a25a00ccc6c845d38ee2695915f64089ae7e42ad1a0e8247e29b357ef56b0fab?s=96&d=mm&r=g","caption":"Mike"},"description":"\u00dcber das Anpassen &amp; Abspecken von XP in die \"Windows-Welt\" gekommen, interessiere ich mich eigentlich f\u00fcr jedes gute St\u00fcck Technik. Neben Windows hat auch Android bei mir ein zu Hause gefunden. Und ich bin jedes Jahr gespannt, was mich Neues erwartet. Bloggen ist eine Leidenschaft von mir und ich teile diese hier gerne mit euch.","url":"https:\/\/www.deskmodder.de\/blog\/author\/mike\/"}]}},"jetpack_publicize_connections":[],"jetpack_featured_media_url":"https:\/\/www.deskmodder.de\/blog\/wp-content\/uploads\/2015\/10\/Bild_LG-V10_Black_1.jpg","_links":{"self":[{"href":"https:\/\/www.deskmodder.de\/blog\/wp-json\/wp\/v2\/posts\/86969","targetHints":{"allow":["GET"]}}],"collection":[{"href":"https:\/\/www.deskmodder.de\/blog\/wp-json\/wp\/v2\/posts"}],"about":[{"href":"https:\/\/www.deskmodder.de\/blog\/wp-json\/wp\/v2\/types\/post"}],"author":[{"embeddable":true,"href":"https:\/\/www.deskmodder.de\/blog\/wp-json\/wp\/v2\/users\/2020"}],"replies":[{"embeddable":true,"href":"https:\/\/www.deskmodder.de\/blog\/wp-json\/wp\/v2\/comments?post=86969"}],"version-history":[{"count":0,"href":"https:\/\/www.deskmodder.de\/blog\/wp-json\/wp\/v2\/posts\/86969\/revisions"}],"wp:featuredmedia":[{"embeddable":true,"href":"https:\/\/www.deskmodder.de\/blog\/wp-json\/wp\/v2\/media\/54154"}],"wp:attachment":[{"href":"https:\/\/www.deskmodder.de\/blog\/wp-json\/wp\/v2\/media?parent=86969"}],"wp:term":[{"taxonomy":"category","embeddable":true,"href":"https:\/\/www.deskmodder.de\/blog\/wp-json\/wp\/v2\/categories?post=86969"},{"taxonomy":"post_tag","embeddable":true,"href":"https:\/\/www.deskmodder.de\/blog\/wp-json\/wp\/v2\/tags?post=86969"}],"curies":[{"name":"wp","href":"https:\/\/api.w.org\/{rel}","templated":true}]}}