{"id":86770,"date":"2017-06-19T23:27:26","date_gmt":"2017-06-19T21:27:26","guid":{"rendered":"https:\/\/www.deskmodder.de\/blog\/?p=86770"},"modified":"2017-06-19T23:27:26","modified_gmt":"2017-06-19T21:27:26","slug":"ikea-wird-apples-arkit-unterstuetzen","status":"publish","type":"post","link":"https:\/\/www.deskmodder.de\/blog\/2017\/06\/19\/ikea-wird-apples-arkit-unterstuetzen\/","title":{"rendered":"IKEA wird Apples ARKit unterst\u00fctzen"},"content":{"rendered":"<p>\u00d6kad verklighet, wie der Schwede so sch\u00f6n sagen w\u00fcrde, wird ab Oktober in der IKEA-App Einzug halten. Wer keine Ahnung hat, was ich meine&#8230; Die Rede ist von Augmented Reality, also AR. Dies wird mit ARKit ab Herbst in iOS 11 nativ unterst\u00fctzt und soll App-Entwicklern eine einfache Plattform mit guter 3D-Erkennung bieten.<\/p>\n<p>Das schwedische M\u00f6belhaus m\u00f6chte sich dies direkt zu nutzen machen. Dies best\u00e4tigte Tim Cook von Apple in einem Interview mit Bloomberg Businessweek. Auch IKEA-CEO Michael Valdsgaard \u00e4u\u00dferte sich zu den Pl\u00e4nen. Die unter anderem direkt ab Start bis zu 600 IKEA-Produkte beinhalten, welche man mithilfe von AR direkt im Raum platzieren kann.<\/p>\n<figure id=\"attachment_41079\" aria-describedby=\"caption-attachment-41079\" style=\"width: 288px\" class=\"wp-caption aligncenter\"><img loading=\"lazy\" decoding=\"async\" src=\"https:\/\/www.deskmodder.de\/blog\/wp-content\/uploads\/2015\/04\/index.jpg\" alt=\"\" width=\"288\" height=\"175\" class=\"size-full wp-image-41079\" srcset=\"https:\/\/www.deskmodder.de\/blog\/wp-content\/uploads\/2015\/04\/index.jpg 288w, https:\/\/www.deskmodder.de\/blog\/wp-content\/uploads\/2015\/04\/index-150x91.jpg 150w\" sizes=\"auto, (max-width: 288px) 100vw, 288px\" \/><figcaption id=\"caption-attachment-41079\" class=\"wp-caption-text\">IKEA<\/figcaption><\/figure>\n<p>Diese Produktanzahl soll nat\u00fcrlich \u00fcber die Zeit kontinuierlich erh\u00f6ht werden. Man schlie\u00dfe auch Vorver\u00f6ffentlichungen und Entw\u00fcrfe nicht aus. Dadurch m\u00f6chte man die Nutzer\/ Kunden auch aktiv an der Entwicklung beteiligen. Durch die Restriktionen von iOS 11 wird die neue App voraussichtlich aber nur auf den neueren iPhones und iPads funktionieren.<\/p>\n<p>Via: <a href=\"http:\/\/www.maclife.de\/news\/ikea-wird-unsere-moebel-app-apples-ar-10092942.html\">maclife<\/a><\/p>\n","protected":false},"excerpt":{"rendered":"<p>\u00d6kad verklighet, wie der Schwede so sch\u00f6n sagen w\u00fcrde, wird ab Oktober in der IKEA-App Einzug halten. Wer keine Ahnung hat, was ich meine&#8230; Die Rede ist von Augmented Reality, also AR. Dies wird mit ARKit ab Herbst in iOS&hellip; <\/p>\n","protected":false},"author":2550,"featured_media":41079,"comment_status":"open","ping_status":"open","sticky":false,"template":"","format":"standard","meta":{"jetpack_post_was_ever_published":false,"footnotes":"","jetpack_publicize_message":"","jetpack_publicize_feature_enabled":true,"jetpack_social_post_already_shared":true,"jetpack_social_options":{"image_generator_settings":{"template":"highway","default_image_id":0,"font":"","enabled":false},"version":2}},"categories":[232,152],"tags":[98,17632,8269,9746,17258],"class_list":["post-86770","post","type-post","status-publish","format-standard","has-post-thumbnail","hentry","category-ios","category-software","tag-apple","tag-arkit","tag-ikea","tag-ios","tag-moebel"],"wp_featured_image":{"id":41079,"alt_text":"","description":"","media_type":"image","media_details":{"width":288,"height":175,"file":"2015\/04\/index.jpg","sizes":{"thumbnail":{"file":"index-150x150.jpg","width":150,"height":150,"mime-type":"image\/jpeg","source_url":"https:\/\/www.deskmodder.de\/blog\/wp-content\/uploads\/2015\/04\/index-150x150.jpg"},"medium":{"file":"index-150x91.jpg","width":150,"height":91,"mime-type":"image\/jpeg","source_url":"https:\/\/www.deskmodder.de\/blog\/wp-content\/uploads\/2015\/04\/index-150x91.jpg"}},"image_meta":{"aperture":0,"credit":"","camera":"","caption":"","created_timestamp":0,"copyright":"","focal_length":0,"iso":0,"shutter_speed":0,"title":"","orientation":0}},"post":41075,"source_url":"https:\/\/www.deskmodder.de\/blog\/wp-content\/uploads\/2015\/04\/index.jpg"},"commentcount":0,"wp_comments":[],"wp_author":{"id":2550,"name":"MAX","description":"Begeisterter Technik-Enthusiast, der aktuell zwei Welten vereint. Windows auf PC sowie Xbox und iOS auf dem iPhone, als auch auf dem iPad. Gespaltene Pers\u00f6nlichkeit w\u00fcrde ich sagen. ;)","author_avatar_urls":{"24":"https:\/\/secure.gravatar.com\/avatar\/0a924a9e0119dd457d49c2eb1fa27ade332376ba6138336743cdd8c221e4a3a3?s=24&d=mm&r=g","48":"https:\/\/secure.gravatar.com\/avatar\/0a924a9e0119dd457d49c2eb1fa27ade332376ba6138336743cdd8c221e4a3a3?s=48&d=mm&r=g","96":"https:\/\/secure.gravatar.com\/avatar\/0a924a9e0119dd457d49c2eb1fa27ade332376ba6138336743cdd8c221e4a3a3?s=96&d=mm&r=g"}},"cld_nonce":"015d9540d6","yoast_head":"<!-- This site is optimized with the Yoast SEO Premium plugin v27.5 (Yoast SEO v27.5) - https:\/\/yoast.com\/product\/yoast-seo-premium-wordpress\/ -->\n<title>IKEA wird Apples ARKit unterst\u00fctzen - Deskmodder.de<\/title>\n<meta name=\"description\" content=\"\u00d6kad verklighet, wie der Schwede so sch\u00f6n sagen w\u00fcrde, wird ab Oktober in der IKEA-App Einzug halten. Die Rede ist von Augmented Reality, also AR.\" \/>\n<meta name=\"robots\" content=\"index, follow, max-snippet:-1, max-image-preview:large, max-video-preview:-1\" \/>\n<link rel=\"canonical\" href=\"https:\/\/www.deskmodder.de\/blog\/2017\/06\/19\/ikea-wird-apples-arkit-unterstuetzen\/\" \/>\n<meta property=\"og:locale\" content=\"de_DE\" \/>\n<meta property=\"og:type\" content=\"article\" \/>\n<meta property=\"og:title\" content=\"IKEA wird Apples ARKit unterst\u00fctzen\" \/>\n<meta property=\"og:description\" content=\"\u00d6kad verklighet, wie der Schwede so sch\u00f6n sagen w\u00fcrde, wird ab Oktober in der IKEA-App Einzug halten. Die Rede ist von Augmented Reality, also AR.\" \/>\n<meta property=\"og:url\" content=\"https:\/\/www.deskmodder.de\/blog\/2017\/06\/19\/ikea-wird-apples-arkit-unterstuetzen\/\" \/>\n<meta property=\"og:site_name\" content=\"Deskmodder.de\" \/>\n<meta property=\"article:publisher\" content=\"https:\/\/www.facebook.com\/Deskmodder\" \/>\n<meta property=\"article:published_time\" content=\"2017-06-19T21:27:26+00:00\" \/>\n<meta property=\"og:image\" content=\"https:\/\/www.deskmodder.de\/blog\/wp-content\/uploads\/2015\/04\/index.jpg\" \/>\n\t<meta property=\"og:image:width\" content=\"288\" \/>\n\t<meta property=\"og:image:height\" content=\"175\" \/>\n\t<meta property=\"og:image:type\" content=\"image\/jpeg\" \/>\n<meta name=\"author\" content=\"MAX\" \/>\n<meta name=\"twitter:card\" content=\"summary_large_image\" \/>\n<meta name=\"twitter:creator\" content=\"@themximum\" \/>\n<meta name=\"twitter:site\" content=\"@Deskmodder\" \/>\n<script type=\"application\/ld+json\" class=\"yoast-schema-graph\">{\"@context\":\"https:\\\/\\\/schema.org\",\"@graph\":[{\"@type\":\"Article\",\"@id\":\"https:\\\/\\\/www.deskmodder.de\\\/blog\\\/2017\\\/06\\\/19\\\/ikea-wird-apples-arkit-unterstuetzen\\\/#article\",\"isPartOf\":{\"@id\":\"https:\\\/\\\/www.deskmodder.de\\\/blog\\\/2017\\\/06\\\/19\\\/ikea-wird-apples-arkit-unterstuetzen\\\/\"},\"author\":{\"name\":\"MAX\",\"@id\":\"https:\\\/\\\/www.deskmodder.de\\\/blog\\\/#\\\/schema\\\/person\\\/bd4b9506e83c661f1de1af925c726d7c\"},\"headline\":\"IKEA wird Apples ARKit unterst\u00fctzen\",\"datePublished\":\"2017-06-19T21:27:26+00:00\",\"mainEntityOfPage\":{\"@id\":\"https:\\\/\\\/www.deskmodder.de\\\/blog\\\/2017\\\/06\\\/19\\\/ikea-wird-apples-arkit-unterstuetzen\\\/\"},\"wordCount\":182,\"commentCount\":0,\"publisher\":{\"@id\":\"https:\\\/\\\/www.deskmodder.de\\\/blog\\\/#organization\"},\"image\":{\"@id\":\"https:\\\/\\\/www.deskmodder.de\\\/blog\\\/2017\\\/06\\\/19\\\/ikea-wird-apples-arkit-unterstuetzen\\\/#primaryimage\"},\"thumbnailUrl\":\"https:\\\/\\\/www.deskmodder.de\\\/blog\\\/wp-content\\\/uploads\\\/2015\\\/04\\\/index.jpg\",\"keywords\":[\"Apple\",\"ARKit\",\"Ikea\",\"iOS\",\"M\u00f6bel\"],\"articleSection\":[\"iOS\",\"Software &amp; Updates\"],\"inLanguage\":\"de\",\"potentialAction\":[{\"@type\":\"CommentAction\",\"name\":\"Comment\",\"target\":[\"https:\\\/\\\/www.deskmodder.de\\\/blog\\\/2017\\\/06\\\/19\\\/ikea-wird-apples-arkit-unterstuetzen\\\/#respond\"]}],\"copyrightYear\":\"2017\",\"copyrightHolder\":{\"@id\":\"https:\\\/\\\/www.deskmodder.de\\\/blog\\\/#organization\"}},{\"@type\":\"WebPage\",\"@id\":\"https:\\\/\\\/www.deskmodder.de\\\/blog\\\/2017\\\/06\\\/19\\\/ikea-wird-apples-arkit-unterstuetzen\\\/\",\"url\":\"https:\\\/\\\/www.deskmodder.de\\\/blog\\\/2017\\\/06\\\/19\\\/ikea-wird-apples-arkit-unterstuetzen\\\/\",\"name\":\"IKEA wird Apples ARKit unterst\u00fctzen - Deskmodder.de\",\"isPartOf\":{\"@id\":\"https:\\\/\\\/www.deskmodder.de\\\/blog\\\/#website\"},\"primaryImageOfPage\":{\"@id\":\"https:\\\/\\\/www.deskmodder.de\\\/blog\\\/2017\\\/06\\\/19\\\/ikea-wird-apples-arkit-unterstuetzen\\\/#primaryimage\"},\"image\":{\"@id\":\"https:\\\/\\\/www.deskmodder.de\\\/blog\\\/2017\\\/06\\\/19\\\/ikea-wird-apples-arkit-unterstuetzen\\\/#primaryimage\"},\"thumbnailUrl\":\"https:\\\/\\\/www.deskmodder.de\\\/blog\\\/wp-content\\\/uploads\\\/2015\\\/04\\\/index.jpg\",\"datePublished\":\"2017-06-19T21:27:26+00:00\",\"description\":\"\u00d6kad verklighet, wie der Schwede so sch\u00f6n sagen w\u00fcrde, wird ab Oktober in der IKEA-App Einzug halten. Die Rede ist von Augmented Reality, also AR.\",\"breadcrumb\":{\"@id\":\"https:\\\/\\\/www.deskmodder.de\\\/blog\\\/2017\\\/06\\\/19\\\/ikea-wird-apples-arkit-unterstuetzen\\\/#breadcrumb\"},\"inLanguage\":\"de\",\"potentialAction\":[{\"@type\":\"ReadAction\",\"target\":[\"https:\\\/\\\/www.deskmodder.de\\\/blog\\\/2017\\\/06\\\/19\\\/ikea-wird-apples-arkit-unterstuetzen\\\/\"]}]},{\"@type\":\"ImageObject\",\"inLanguage\":\"de\",\"@id\":\"https:\\\/\\\/www.deskmodder.de\\\/blog\\\/2017\\\/06\\\/19\\\/ikea-wird-apples-arkit-unterstuetzen\\\/#primaryimage\",\"url\":\"https:\\\/\\\/www.deskmodder.de\\\/blog\\\/wp-content\\\/uploads\\\/2015\\\/04\\\/index.jpg\",\"contentUrl\":\"https:\\\/\\\/www.deskmodder.de\\\/blog\\\/wp-content\\\/uploads\\\/2015\\\/04\\\/index.jpg\",\"width\":288,\"height\":175,\"caption\":\"IKEA\"},{\"@type\":\"BreadcrumbList\",\"@id\":\"https:\\\/\\\/www.deskmodder.de\\\/blog\\\/2017\\\/06\\\/19\\\/ikea-wird-apples-arkit-unterstuetzen\\\/#breadcrumb\",\"itemListElement\":[{\"@type\":\"ListItem\",\"position\":1,\"name\":\"Startseite\",\"item\":\"https:\\\/\\\/www.deskmodder.de\\\/blog\\\/\"},{\"@type\":\"ListItem\",\"position\":2,\"name\":\"IKEA wird Apples ARKit unterst\u00fctzen\"}]},{\"@type\":\"WebSite\",\"@id\":\"https:\\\/\\\/www.deskmodder.de\\\/blog\\\/#website\",\"url\":\"https:\\\/\\\/www.deskmodder.de\\\/blog\\\/\",\"name\":\"Deskmodder.de\",\"description\":\"News zum Thema Microsoft, Windows 11 \\\/ 10, sowie anderen Neuigkeiten aus dem Netz, viele Tipps und individuelle Hilfe bei Problemen in unserem Forum \u25cf Deskmodder - seit 2003\",\"publisher\":{\"@id\":\"https:\\\/\\\/www.deskmodder.de\\\/blog\\\/#organization\"},\"potentialAction\":[{\"@type\":\"SearchAction\",\"target\":{\"@type\":\"EntryPoint\",\"urlTemplate\":\"https:\\\/\\\/www.deskmodder.de\\\/blog\\\/?s={search_term_string}\"},\"query-input\":{\"@type\":\"PropertyValueSpecification\",\"valueRequired\":true,\"valueName\":\"search_term_string\"}}],\"inLanguage\":\"de\"},{\"@type\":\"Organization\",\"@id\":\"https:\\\/\\\/www.deskmodder.de\\\/blog\\\/#organization\",\"name\":\"Deskmodder\",\"url\":\"https:\\\/\\\/www.deskmodder.de\\\/blog\\\/\",\"logo\":{\"@type\":\"ImageObject\",\"inLanguage\":\"de\",\"@id\":\"https:\\\/\\\/www.deskmodder.de\\\/blog\\\/#\\\/schema\\\/logo\\\/image\\\/\",\"url\":\"https:\\\/\\\/www.deskmodder.de\\\/blog\\\/wp-content\\\/uploads\\\/2019\\\/01\\\/deskmodder-logo-app.png\",\"contentUrl\":\"https:\\\/\\\/www.deskmodder.de\\\/blog\\\/wp-content\\\/uploads\\\/2019\\\/01\\\/deskmodder-logo-app.png\",\"width\":281,\"height\":286,\"caption\":\"Deskmodder\"},\"image\":{\"@id\":\"https:\\\/\\\/www.deskmodder.de\\\/blog\\\/#\\\/schema\\\/logo\\\/image\\\/\"},\"sameAs\":[\"https:\\\/\\\/www.facebook.com\\\/Deskmodder\",\"https:\\\/\\\/x.com\\\/Deskmodder\",\"https:\\\/\\\/mastodontech.de\\\/@Deskmodder\",\"https:\\\/\\\/www.youtube.com\\\/user\\\/deskmodder\",\"https:\\\/\\\/mewe.com\\\/group\\\/5c83b5231add826fc80cdae1\"]},{\"@type\":\"Person\",\"@id\":\"https:\\\/\\\/www.deskmodder.de\\\/blog\\\/#\\\/schema\\\/person\\\/bd4b9506e83c661f1de1af925c726d7c\",\"name\":\"MAX\",\"image\":{\"@type\":\"ImageObject\",\"inLanguage\":\"de\",\"@id\":\"https:\\\/\\\/secure.gravatar.com\\\/avatar\\\/0a924a9e0119dd457d49c2eb1fa27ade332376ba6138336743cdd8c221e4a3a3?s=96&d=mm&r=g\",\"url\":\"https:\\\/\\\/secure.gravatar.com\\\/avatar\\\/0a924a9e0119dd457d49c2eb1fa27ade332376ba6138336743cdd8c221e4a3a3?s=96&d=mm&r=g\",\"contentUrl\":\"https:\\\/\\\/secure.gravatar.com\\\/avatar\\\/0a924a9e0119dd457d49c2eb1fa27ade332376ba6138336743cdd8c221e4a3a3?s=96&d=mm&r=g\",\"caption\":\"MAX\"},\"description\":\"Begeisterter Technik-Enthusiast, der aktuell zwei Welten vereint. Windows auf PC sowie Xbox und iOS auf dem iPhone, als auch auf dem iPad. Gespaltene Pers\u00f6nlichkeit w\u00fcrde ich sagen. ;)\",\"sameAs\":[\"https:\\\/\\\/www.instagram.com\\\/themximum\\\/\",\"https:\\\/\\\/x.com\\\/themximum\"],\"url\":\"https:\\\/\\\/www.deskmodder.de\\\/blog\\\/author\\\/max\\\/\"}]}<\/script>\n<!-- \/ Yoast SEO Premium plugin. -->","yoast_head_json":{"title":"IKEA wird Apples ARKit unterst\u00fctzen - Deskmodder.de","description":"\u00d6kad verklighet, wie der Schwede so sch\u00f6n sagen w\u00fcrde, wird ab Oktober in der IKEA-App Einzug halten. Die Rede ist von Augmented Reality, also AR.","robots":{"index":"index","follow":"follow","max-snippet":"max-snippet:-1","max-image-preview":"max-image-preview:large","max-video-preview":"max-video-preview:-1"},"canonical":"https:\/\/www.deskmodder.de\/blog\/2017\/06\/19\/ikea-wird-apples-arkit-unterstuetzen\/","og_locale":"de_DE","og_type":"article","og_title":"IKEA wird Apples ARKit unterst\u00fctzen","og_description":"\u00d6kad verklighet, wie der Schwede so sch\u00f6n sagen w\u00fcrde, wird ab Oktober in der IKEA-App Einzug halten. Die Rede ist von Augmented Reality, also AR.","og_url":"https:\/\/www.deskmodder.de\/blog\/2017\/06\/19\/ikea-wird-apples-arkit-unterstuetzen\/","og_site_name":"Deskmodder.de","article_publisher":"https:\/\/www.facebook.com\/Deskmodder","article_published_time":"2017-06-19T21:27:26+00:00","og_image":[{"width":288,"height":175,"url":"https:\/\/www.deskmodder.de\/blog\/wp-content\/uploads\/2015\/04\/index.jpg","type":"image\/jpeg"}],"author":"MAX","twitter_card":"summary_large_image","twitter_creator":"@themximum","twitter_site":"@Deskmodder","schema":{"@context":"https:\/\/schema.org","@graph":[{"@type":"Article","@id":"https:\/\/www.deskmodder.de\/blog\/2017\/06\/19\/ikea-wird-apples-arkit-unterstuetzen\/#article","isPartOf":{"@id":"https:\/\/www.deskmodder.de\/blog\/2017\/06\/19\/ikea-wird-apples-arkit-unterstuetzen\/"},"author":{"name":"MAX","@id":"https:\/\/www.deskmodder.de\/blog\/#\/schema\/person\/bd4b9506e83c661f1de1af925c726d7c"},"headline":"IKEA wird Apples ARKit unterst\u00fctzen","datePublished":"2017-06-19T21:27:26+00:00","mainEntityOfPage":{"@id":"https:\/\/www.deskmodder.de\/blog\/2017\/06\/19\/ikea-wird-apples-arkit-unterstuetzen\/"},"wordCount":182,"commentCount":0,"publisher":{"@id":"https:\/\/www.deskmodder.de\/blog\/#organization"},"image":{"@id":"https:\/\/www.deskmodder.de\/blog\/2017\/06\/19\/ikea-wird-apples-arkit-unterstuetzen\/#primaryimage"},"thumbnailUrl":"https:\/\/www.deskmodder.de\/blog\/wp-content\/uploads\/2015\/04\/index.jpg","keywords":["Apple","ARKit","Ikea","iOS","M\u00f6bel"],"articleSection":["iOS","Software &amp; Updates"],"inLanguage":"de","potentialAction":[{"@type":"CommentAction","name":"Comment","target":["https:\/\/www.deskmodder.de\/blog\/2017\/06\/19\/ikea-wird-apples-arkit-unterstuetzen\/#respond"]}],"copyrightYear":"2017","copyrightHolder":{"@id":"https:\/\/www.deskmodder.de\/blog\/#organization"}},{"@type":"WebPage","@id":"https:\/\/www.deskmodder.de\/blog\/2017\/06\/19\/ikea-wird-apples-arkit-unterstuetzen\/","url":"https:\/\/www.deskmodder.de\/blog\/2017\/06\/19\/ikea-wird-apples-arkit-unterstuetzen\/","name":"IKEA wird Apples ARKit unterst\u00fctzen - Deskmodder.de","isPartOf":{"@id":"https:\/\/www.deskmodder.de\/blog\/#website"},"primaryImageOfPage":{"@id":"https:\/\/www.deskmodder.de\/blog\/2017\/06\/19\/ikea-wird-apples-arkit-unterstuetzen\/#primaryimage"},"image":{"@id":"https:\/\/www.deskmodder.de\/blog\/2017\/06\/19\/ikea-wird-apples-arkit-unterstuetzen\/#primaryimage"},"thumbnailUrl":"https:\/\/www.deskmodder.de\/blog\/wp-content\/uploads\/2015\/04\/index.jpg","datePublished":"2017-06-19T21:27:26+00:00","description":"\u00d6kad verklighet, wie der Schwede so sch\u00f6n sagen w\u00fcrde, wird ab Oktober in der IKEA-App Einzug halten. Die Rede ist von Augmented Reality, also AR.","breadcrumb":{"@id":"https:\/\/www.deskmodder.de\/blog\/2017\/06\/19\/ikea-wird-apples-arkit-unterstuetzen\/#breadcrumb"},"inLanguage":"de","potentialAction":[{"@type":"ReadAction","target":["https:\/\/www.deskmodder.de\/blog\/2017\/06\/19\/ikea-wird-apples-arkit-unterstuetzen\/"]}]},{"@type":"ImageObject","inLanguage":"de","@id":"https:\/\/www.deskmodder.de\/blog\/2017\/06\/19\/ikea-wird-apples-arkit-unterstuetzen\/#primaryimage","url":"https:\/\/www.deskmodder.de\/blog\/wp-content\/uploads\/2015\/04\/index.jpg","contentUrl":"https:\/\/www.deskmodder.de\/blog\/wp-content\/uploads\/2015\/04\/index.jpg","width":288,"height":175,"caption":"IKEA"},{"@type":"BreadcrumbList","@id":"https:\/\/www.deskmodder.de\/blog\/2017\/06\/19\/ikea-wird-apples-arkit-unterstuetzen\/#breadcrumb","itemListElement":[{"@type":"ListItem","position":1,"name":"Startseite","item":"https:\/\/www.deskmodder.de\/blog\/"},{"@type":"ListItem","position":2,"name":"IKEA wird Apples ARKit unterst\u00fctzen"}]},{"@type":"WebSite","@id":"https:\/\/www.deskmodder.de\/blog\/#website","url":"https:\/\/www.deskmodder.de\/blog\/","name":"Deskmodder.de","description":"News zum Thema Microsoft, Windows 11 \/ 10, sowie anderen Neuigkeiten aus dem Netz, viele Tipps und individuelle Hilfe bei Problemen in unserem Forum \u25cf Deskmodder - seit 2003","publisher":{"@id":"https:\/\/www.deskmodder.de\/blog\/#organization"},"potentialAction":[{"@type":"SearchAction","target":{"@type":"EntryPoint","urlTemplate":"https:\/\/www.deskmodder.de\/blog\/?s={search_term_string}"},"query-input":{"@type":"PropertyValueSpecification","valueRequired":true,"valueName":"search_term_string"}}],"inLanguage":"de"},{"@type":"Organization","@id":"https:\/\/www.deskmodder.de\/blog\/#organization","name":"Deskmodder","url":"https:\/\/www.deskmodder.de\/blog\/","logo":{"@type":"ImageObject","inLanguage":"de","@id":"https:\/\/www.deskmodder.de\/blog\/#\/schema\/logo\/image\/","url":"https:\/\/www.deskmodder.de\/blog\/wp-content\/uploads\/2019\/01\/deskmodder-logo-app.png","contentUrl":"https:\/\/www.deskmodder.de\/blog\/wp-content\/uploads\/2019\/01\/deskmodder-logo-app.png","width":281,"height":286,"caption":"Deskmodder"},"image":{"@id":"https:\/\/www.deskmodder.de\/blog\/#\/schema\/logo\/image\/"},"sameAs":["https:\/\/www.facebook.com\/Deskmodder","https:\/\/x.com\/Deskmodder","https:\/\/mastodontech.de\/@Deskmodder","https:\/\/www.youtube.com\/user\/deskmodder","https:\/\/mewe.com\/group\/5c83b5231add826fc80cdae1"]},{"@type":"Person","@id":"https:\/\/www.deskmodder.de\/blog\/#\/schema\/person\/bd4b9506e83c661f1de1af925c726d7c","name":"MAX","image":{"@type":"ImageObject","inLanguage":"de","@id":"https:\/\/secure.gravatar.com\/avatar\/0a924a9e0119dd457d49c2eb1fa27ade332376ba6138336743cdd8c221e4a3a3?s=96&d=mm&r=g","url":"https:\/\/secure.gravatar.com\/avatar\/0a924a9e0119dd457d49c2eb1fa27ade332376ba6138336743cdd8c221e4a3a3?s=96&d=mm&r=g","contentUrl":"https:\/\/secure.gravatar.com\/avatar\/0a924a9e0119dd457d49c2eb1fa27ade332376ba6138336743cdd8c221e4a3a3?s=96&d=mm&r=g","caption":"MAX"},"description":"Begeisterter Technik-Enthusiast, der aktuell zwei Welten vereint. Windows auf PC sowie Xbox und iOS auf dem iPhone, als auch auf dem iPad. Gespaltene Pers\u00f6nlichkeit w\u00fcrde ich sagen. ;)","sameAs":["https:\/\/www.instagram.com\/themximum\/","https:\/\/x.com\/themximum"],"url":"https:\/\/www.deskmodder.de\/blog\/author\/max\/"}]}},"jetpack_publicize_connections":[],"jetpack_featured_media_url":"https:\/\/www.deskmodder.de\/blog\/wp-content\/uploads\/2015\/04\/index.jpg","_links":{"self":[{"href":"https:\/\/www.deskmodder.de\/blog\/wp-json\/wp\/v2\/posts\/86770","targetHints":{"allow":["GET"]}}],"collection":[{"href":"https:\/\/www.deskmodder.de\/blog\/wp-json\/wp\/v2\/posts"}],"about":[{"href":"https:\/\/www.deskmodder.de\/blog\/wp-json\/wp\/v2\/types\/post"}],"author":[{"embeddable":true,"href":"https:\/\/www.deskmodder.de\/blog\/wp-json\/wp\/v2\/users\/2550"}],"replies":[{"embeddable":true,"href":"https:\/\/www.deskmodder.de\/blog\/wp-json\/wp\/v2\/comments?post=86770"}],"version-history":[{"count":0,"href":"https:\/\/www.deskmodder.de\/blog\/wp-json\/wp\/v2\/posts\/86770\/revisions"}],"wp:featuredmedia":[{"embeddable":true,"href":"https:\/\/www.deskmodder.de\/blog\/wp-json\/wp\/v2\/media\/41079"}],"wp:attachment":[{"href":"https:\/\/www.deskmodder.de\/blog\/wp-json\/wp\/v2\/media?parent=86770"}],"wp:term":[{"taxonomy":"category","embeddable":true,"href":"https:\/\/www.deskmodder.de\/blog\/wp-json\/wp\/v2\/categories?post=86770"},{"taxonomy":"post_tag","embeddable":true,"href":"https:\/\/www.deskmodder.de\/blog\/wp-json\/wp\/v2\/tags?post=86770"}],"curies":[{"name":"wp","href":"https:\/\/api.w.org\/{rel}","templated":true}]}}