{"id":85757,"date":"2017-05-31T22:43:16","date_gmt":"2017-05-31T20:43:16","guid":{"rendered":"https:\/\/www.deskmodder.de\/blog\/?p=85757"},"modified":"2017-05-31T22:43:16","modified_gmt":"2017-05-31T20:43:16","slug":"amazon-echo-unterstuetzung-des-icloud-kalendars-hinzugefuegt-puenktlich-vor-einer-siri-konkurrenz","status":"publish","type":"post","link":"https:\/\/www.deskmodder.de\/blog\/2017\/05\/31\/amazon-echo-unterstuetzung-des-icloud-kalendars-hinzugefuegt-puenktlich-vor-einer-siri-konkurrenz\/","title":{"rendered":"Apple\/ Amazon Echo &#8211; Unterst\u00fctzung des iCloud Kalendars hinzugef\u00fcgt, p\u00fcnktlich vor einer Siri-Konkurrenz?"},"content":{"rendered":"<p>Endlich unterst\u00fctzt Amazon Echo auch den Kalender von Apple in der iCloud. Bisher konnten Nutzer nur per Sprache auf die Kalender von Google und Microsoft zugreifen. Amazon hat dies nun gl\u00fccklicherweise ge\u00e4ndert, denn viele Nutzer im Apple-Universum haben sich die Unterst\u00fctzung oft gew\u00fcnscht.<\/p>\n<p>Alexa kann nun neue Events zum Kalender hinzuf\u00fcgen oder Termine abrufen. Dabei sollten \u00c4nderungen sofort mit allen iDevices synchronisiert werden, was doch echt praktisch ist. Einzige Voraussetzung ist die aktivierte Zwei-Faktoren-Authentifizierung bei Apple, was aber ziemlich einfach zu aktivieren ist und eine der kleineren H\u00fcrden sein sollte.<\/p>\n<p><img loading=\"lazy\" decoding=\"async\" src=\"https:\/\/www.deskmodder.de\/blog\/wp-content\/uploads\/2016\/09\/Echo-Dot-Black-Top-583x583.jpg\" alt=\"\" width=\"583\" height=\"583\" class=\"aligncenter size-large wp-image-71907\" srcset=\"https:\/\/www.deskmodder.de\/blog\/wp-content\/uploads\/2016\/09\/Echo-Dot-Black-Top-583x583.jpg 583w, https:\/\/www.deskmodder.de\/blog\/wp-content\/uploads\/2016\/09\/Echo-Dot-Black-Top-205x205.jpg 205w, https:\/\/www.deskmodder.de\/blog\/wp-content\/uploads\/2016\/09\/Echo-Dot-Black-Top-360x360.jpg 360w, https:\/\/www.deskmodder.de\/blog\/wp-content\/uploads\/2016\/09\/Echo-Dot-Black-Top-65x65.jpg 65w, https:\/\/www.deskmodder.de\/blog\/wp-content\/uploads\/2016\/09\/Echo-Dot-Black-Top-150x150.jpg 150w\" sizes=\"auto, (max-width: 583px) 100vw, 583px\" \/><\/p>\n<p>Spannend ist die Unterst\u00fctzung des iCloud Kalanders vor allem unter dem Aspekt, dass man Apple aktuell unterstellt an einem Echo-Pendant zu arbeiten. Dieses Pendant w\u00fcrde dann sehr wahrscheinlich nat\u00fcrlich mit Siri laufen und sich nahtlos in das Universum mit HomeKit, iCloud etc. einf\u00fcgen. Berichten zufolge soll dieser Lautsprecher bereits am 5. Juni zur Er\u00f6ffnung der WWDC vorgestellt werden, wobei ein Release aber f\u00fcr sp\u00e4ter im Jahr erwartet wird. Meiner Meinung nach wird interessant, ob dieser Speaker dann auch den Apple TV als HomeKit-Zentrale ersetzen kann. Sch\u00f6n w\u00e4re es.<\/p>\n<p>Via: <a href=\"https:\/\/www.engadget.com\/2017\/05\/31\/amazon-echo-icloud-calendar-support\/\">Engadget<\/a><\/p>\n","protected":false},"excerpt":{"rendered":"<p>Endlich unterst\u00fctzt Amazon Echo auch den Kalender von Apple in der iCloud. Bisher konnten Nutzer nur per Sprache auf die Kalender von Google und Microsoft zugreifen. Amazon hat dies nun gl\u00fccklicherweise ge\u00e4ndert, denn viele Nutzer im Apple-Universum haben sich die&hellip; <\/p>\n","protected":false},"author":2550,"featured_media":71907,"comment_status":"open","ping_status":"open","sticky":false,"template":"","format":"standard","meta":{"jetpack_post_was_ever_published":false,"footnotes":"","jetpack_publicize_message":"","jetpack_publicize_feature_enabled":true,"jetpack_social_post_already_shared":true,"jetpack_social_options":{"image_generator_settings":{"template":"highway","default_image_id":0,"font":"","enabled":false},"version":2}},"categories":[232],"tags":[13079,2369,98,13080,7059,5616,4376,12653],"class_list":["post-85757","post","type-post","status-publish","format-standard","has-post-thumbnail","hentry","category-ios","tag-alexa","tag-amazon","tag-apple","tag-echo","tag-home","tag-icloud","tag-siri","tag-sprache"],"wp_featured_image":{"id":71907,"alt_text":"","description":"","media_type":"image","media_details":{"width":5000,"height":5000,"file":"2016\/09\/Echo-Dot-Black-Top.jpg","sizes":{"thumbnail":{"file":"Echo-Dot-Black-Top-205x205.jpg","width":205,"height":205,"mime-type":"image\/jpeg","source_url":"https:\/\/www.deskmodder.de\/blog\/wp-content\/uploads\/2016\/09\/Echo-Dot-Black-Top-205x205.jpg"},"medium":{"file":"Echo-Dot-Black-Top-360x360.jpg","width":360,"height":360,"mime-type":"image\/jpeg","source_url":"https:\/\/www.deskmodder.de\/blog\/wp-content\/uploads\/2016\/09\/Echo-Dot-Black-Top-360x360.jpg"},"large":{"file":"Echo-Dot-Black-Top-583x583.jpg","width":583,"height":583,"mime-type":"image\/jpeg","source_url":"https:\/\/www.deskmodder.de\/blog\/wp-content\/uploads\/2016\/09\/Echo-Dot-Black-Top-583x583.jpg"},"wp_review_large":{"file":"Echo-Dot-Black-Top-320x200.jpg","width":320,"height":200,"mime-type":"image\/jpeg","source_url":"https:\/\/www.deskmodder.de\/blog\/wp-content\/uploads\/2016\/09\/Echo-Dot-Black-Top-320x200.jpg"},"wp_review_small":{"file":"Echo-Dot-Black-Top-65x65.jpg","width":65,"height":65,"mime-type":"image\/jpeg","source_url":"https:\/\/www.deskmodder.de\/blog\/wp-content\/uploads\/2016\/09\/Echo-Dot-Black-Top-65x65.jpg"},"blog-large":{"file":"Echo-Dot-Black-Top-642x300.jpg","width":642,"height":300,"mime-type":"image\/jpeg","source_url":"https:\/\/www.deskmodder.de\/blog\/wp-content\/uploads\/2016\/09\/Echo-Dot-Black-Top-642x300.jpg"},"blog-medium":{"file":"Echo-Dot-Black-Top-306x205.jpg","width":306,"height":205,"mime-type":"image\/jpeg","source_url":"https:\/\/www.deskmodder.de\/blog\/wp-content\/uploads\/2016\/09\/Echo-Dot-Black-Top-306x205.jpg"},"recent-thumb":{"file":"Echo-Dot-Black-Top-350x316.jpg","width":350,"height":316,"mime-type":"image\/jpeg","source_url":"https:\/\/www.deskmodder.de\/blog\/wp-content\/uploads\/2016\/09\/Echo-Dot-Black-Top-350x316.jpg"},"service-featured":{"file":"Echo-Dot-Black-Top-600x330.jpg","width":600,"height":330,"mime-type":"image\/jpeg","source_url":"https:\/\/www.deskmodder.de\/blog\/wp-content\/uploads\/2016\/09\/Echo-Dot-Black-Top-600x330.jpg"},"wp_rp_thumbnail":{"file":"Echo-Dot-Black-Top-150x150.jpg","width":150,"height":150,"mime-type":"image\/jpeg","source_url":"https:\/\/www.deskmodder.de\/blog\/wp-content\/uploads\/2016\/09\/Echo-Dot-Black-Top-150x150.jpg"}},"image_meta":{"aperture":"0","credit":"","camera":"","caption":"","created_timestamp":"0","copyright":"","focal_length":"0","iso":"0","shutter_speed":"0","title":"","orientation":"1","keywords":[]}},"post":71899,"source_url":"https:\/\/www.deskmodder.de\/blog\/wp-content\/uploads\/2016\/09\/Echo-Dot-Black-Top.jpg"},"commentcount":0,"wp_comments":[],"wp_author":{"id":2550,"name":"MAX","description":"Begeisterter Technik-Enthusiast, der aktuell zwei Welten vereint. Windows auf PC sowie Xbox und iOS auf dem iPhone, als auch auf dem iPad. Gespaltene Pers\u00f6nlichkeit w\u00fcrde ich sagen. ;)","author_avatar_urls":{"24":"https:\/\/secure.gravatar.com\/avatar\/0a924a9e0119dd457d49c2eb1fa27ade332376ba6138336743cdd8c221e4a3a3?s=24&d=mm&r=g","48":"https:\/\/secure.gravatar.com\/avatar\/0a924a9e0119dd457d49c2eb1fa27ade332376ba6138336743cdd8c221e4a3a3?s=48&d=mm&r=g","96":"https:\/\/secure.gravatar.com\/avatar\/0a924a9e0119dd457d49c2eb1fa27ade332376ba6138336743cdd8c221e4a3a3?s=96&d=mm&r=g"}},"cld_nonce":"015d9540d6","yoast_head":"<!-- This site is optimized with the Yoast SEO Premium plugin v27.5 (Yoast SEO v27.5) - https:\/\/yoast.com\/product\/yoast-seo-premium-wordpress\/ -->\n<title>Apple\/ Amazon Echo - Unterst\u00fctzung des iCloud Kalendars hinzugef\u00fcgt, p\u00fcnktlich vor einer Siri-Konkurrenz? - Deskmodder.de<\/title>\n<meta name=\"description\" content=\"Nun unterst\u00fctzt Amazon Echo auch den Kalender von Apple in der iCloud. Bisher konnte man nur per Sprache auf Kalender von Google und Microsoft zugreifen.\" \/>\n<meta name=\"robots\" content=\"index, follow, max-snippet:-1, max-image-preview:large, max-video-preview:-1\" \/>\n<link rel=\"canonical\" href=\"https:\/\/www.deskmodder.de\/blog\/2017\/05\/31\/amazon-echo-unterstuetzung-des-icloud-kalendars-hinzugefuegt-puenktlich-vor-einer-siri-konkurrenz\/\" \/>\n<meta property=\"og:locale\" content=\"de_DE\" \/>\n<meta property=\"og:type\" content=\"article\" \/>\n<meta property=\"og:title\" content=\"Apple\/ Amazon Echo - Unterst\u00fctzung des iCloud Kalendars hinzugef\u00fcgt, p\u00fcnktlich vor einer Siri-Konkurrenz?\" \/>\n<meta property=\"og:description\" content=\"Nun unterst\u00fctzt Amazon Echo auch den Kalender von Apple in der iCloud. Bisher konnte man nur per Sprache auf Kalender von Google und Microsoft zugreifen.\" \/>\n<meta property=\"og:url\" content=\"https:\/\/www.deskmodder.de\/blog\/2017\/05\/31\/amazon-echo-unterstuetzung-des-icloud-kalendars-hinzugefuegt-puenktlich-vor-einer-siri-konkurrenz\/\" \/>\n<meta property=\"og:site_name\" content=\"Deskmodder.de\" \/>\n<meta property=\"article:publisher\" content=\"https:\/\/www.facebook.com\/Deskmodder\" \/>\n<meta property=\"article:published_time\" content=\"2017-05-31T20:43:16+00:00\" \/>\n<meta property=\"og:image\" content=\"https:\/\/www.deskmodder.de\/blog\/wp-content\/uploads\/2016\/09\/Echo-Dot-Black-Top-583x583.jpg\" \/>\n\t<meta property=\"og:image:width\" content=\"583\" \/>\n\t<meta property=\"og:image:height\" content=\"583\" \/>\n\t<meta property=\"og:image:type\" content=\"image\/jpeg\" \/>\n<meta name=\"author\" content=\"MAX\" \/>\n<meta name=\"twitter:card\" content=\"summary_large_image\" \/>\n<meta name=\"twitter:creator\" content=\"@themximum\" \/>\n<meta name=\"twitter:site\" content=\"@Deskmodder\" \/>\n<script type=\"application\/ld+json\" class=\"yoast-schema-graph\">{\"@context\":\"https:\\\/\\\/schema.org\",\"@graph\":[{\"@type\":\"Article\",\"@id\":\"https:\\\/\\\/www.deskmodder.de\\\/blog\\\/2017\\\/05\\\/31\\\/amazon-echo-unterstuetzung-des-icloud-kalendars-hinzugefuegt-puenktlich-vor-einer-siri-konkurrenz\\\/#article\",\"isPartOf\":{\"@id\":\"https:\\\/\\\/www.deskmodder.de\\\/blog\\\/2017\\\/05\\\/31\\\/amazon-echo-unterstuetzung-des-icloud-kalendars-hinzugefuegt-puenktlich-vor-einer-siri-konkurrenz\\\/\"},\"author\":{\"name\":\"MAX\",\"@id\":\"https:\\\/\\\/www.deskmodder.de\\\/blog\\\/#\\\/schema\\\/person\\\/bd4b9506e83c661f1de1af925c726d7c\"},\"headline\":\"Apple\\\/ Amazon Echo &#8211; Unterst\u00fctzung des iCloud Kalendars hinzugef\u00fcgt, p\u00fcnktlich vor einer Siri-Konkurrenz?\",\"datePublished\":\"2017-05-31T20:43:16+00:00\",\"mainEntityOfPage\":{\"@id\":\"https:\\\/\\\/www.deskmodder.de\\\/blog\\\/2017\\\/05\\\/31\\\/amazon-echo-unterstuetzung-des-icloud-kalendars-hinzugefuegt-puenktlich-vor-einer-siri-konkurrenz\\\/\"},\"wordCount\":211,\"commentCount\":0,\"publisher\":{\"@id\":\"https:\\\/\\\/www.deskmodder.de\\\/blog\\\/#organization\"},\"image\":{\"@id\":\"https:\\\/\\\/www.deskmodder.de\\\/blog\\\/2017\\\/05\\\/31\\\/amazon-echo-unterstuetzung-des-icloud-kalendars-hinzugefuegt-puenktlich-vor-einer-siri-konkurrenz\\\/#primaryimage\"},\"thumbnailUrl\":\"https:\\\/\\\/www.deskmodder.de\\\/blog\\\/wp-content\\\/uploads\\\/2016\\\/09\\\/Echo-Dot-Black-Top.jpg\",\"keywords\":[\"Alexa\",\"Amazon\",\"Apple\",\"Echo\",\"Home\",\"iCloud\",\"siri\",\"Sprache\"],\"articleSection\":[\"iOS\"],\"inLanguage\":\"de\",\"potentialAction\":[{\"@type\":\"CommentAction\",\"name\":\"Comment\",\"target\":[\"https:\\\/\\\/www.deskmodder.de\\\/blog\\\/2017\\\/05\\\/31\\\/amazon-echo-unterstuetzung-des-icloud-kalendars-hinzugefuegt-puenktlich-vor-einer-siri-konkurrenz\\\/#respond\"]}],\"copyrightYear\":\"2017\",\"copyrightHolder\":{\"@id\":\"https:\\\/\\\/www.deskmodder.de\\\/blog\\\/#organization\"}},{\"@type\":\"WebPage\",\"@id\":\"https:\\\/\\\/www.deskmodder.de\\\/blog\\\/2017\\\/05\\\/31\\\/amazon-echo-unterstuetzung-des-icloud-kalendars-hinzugefuegt-puenktlich-vor-einer-siri-konkurrenz\\\/\",\"url\":\"https:\\\/\\\/www.deskmodder.de\\\/blog\\\/2017\\\/05\\\/31\\\/amazon-echo-unterstuetzung-des-icloud-kalendars-hinzugefuegt-puenktlich-vor-einer-siri-konkurrenz\\\/\",\"name\":\"Apple\\\/ Amazon Echo - Unterst\u00fctzung des iCloud Kalendars hinzugef\u00fcgt, p\u00fcnktlich vor einer Siri-Konkurrenz? - Deskmodder.de\",\"isPartOf\":{\"@id\":\"https:\\\/\\\/www.deskmodder.de\\\/blog\\\/#website\"},\"primaryImageOfPage\":{\"@id\":\"https:\\\/\\\/www.deskmodder.de\\\/blog\\\/2017\\\/05\\\/31\\\/amazon-echo-unterstuetzung-des-icloud-kalendars-hinzugefuegt-puenktlich-vor-einer-siri-konkurrenz\\\/#primaryimage\"},\"image\":{\"@id\":\"https:\\\/\\\/www.deskmodder.de\\\/blog\\\/2017\\\/05\\\/31\\\/amazon-echo-unterstuetzung-des-icloud-kalendars-hinzugefuegt-puenktlich-vor-einer-siri-konkurrenz\\\/#primaryimage\"},\"thumbnailUrl\":\"https:\\\/\\\/www.deskmodder.de\\\/blog\\\/wp-content\\\/uploads\\\/2016\\\/09\\\/Echo-Dot-Black-Top.jpg\",\"datePublished\":\"2017-05-31T20:43:16+00:00\",\"description\":\"Nun unterst\u00fctzt Amazon Echo auch den Kalender von Apple in der iCloud. Bisher konnte man nur per Sprache auf Kalender von Google und Microsoft zugreifen.\",\"breadcrumb\":{\"@id\":\"https:\\\/\\\/www.deskmodder.de\\\/blog\\\/2017\\\/05\\\/31\\\/amazon-echo-unterstuetzung-des-icloud-kalendars-hinzugefuegt-puenktlich-vor-einer-siri-konkurrenz\\\/#breadcrumb\"},\"inLanguage\":\"de\",\"potentialAction\":[{\"@type\":\"ReadAction\",\"target\":[\"https:\\\/\\\/www.deskmodder.de\\\/blog\\\/2017\\\/05\\\/31\\\/amazon-echo-unterstuetzung-des-icloud-kalendars-hinzugefuegt-puenktlich-vor-einer-siri-konkurrenz\\\/\"]}]},{\"@type\":\"ImageObject\",\"inLanguage\":\"de\",\"@id\":\"https:\\\/\\\/www.deskmodder.de\\\/blog\\\/2017\\\/05\\\/31\\\/amazon-echo-unterstuetzung-des-icloud-kalendars-hinzugefuegt-puenktlich-vor-einer-siri-konkurrenz\\\/#primaryimage\",\"url\":\"https:\\\/\\\/www.deskmodder.de\\\/blog\\\/wp-content\\\/uploads\\\/2016\\\/09\\\/Echo-Dot-Black-Top.jpg\",\"contentUrl\":\"https:\\\/\\\/www.deskmodder.de\\\/blog\\\/wp-content\\\/uploads\\\/2016\\\/09\\\/Echo-Dot-Black-Top.jpg\",\"width\":5000,\"height\":5000},{\"@type\":\"BreadcrumbList\",\"@id\":\"https:\\\/\\\/www.deskmodder.de\\\/blog\\\/2017\\\/05\\\/31\\\/amazon-echo-unterstuetzung-des-icloud-kalendars-hinzugefuegt-puenktlich-vor-einer-siri-konkurrenz\\\/#breadcrumb\",\"itemListElement\":[{\"@type\":\"ListItem\",\"position\":1,\"name\":\"Startseite\",\"item\":\"https:\\\/\\\/www.deskmodder.de\\\/blog\\\/\"},{\"@type\":\"ListItem\",\"position\":2,\"name\":\"Apple\\\/ Amazon Echo &#8211; Unterst\u00fctzung des iCloud Kalendars hinzugef\u00fcgt, p\u00fcnktlich vor einer Siri-Konkurrenz?\"}]},{\"@type\":\"WebSite\",\"@id\":\"https:\\\/\\\/www.deskmodder.de\\\/blog\\\/#website\",\"url\":\"https:\\\/\\\/www.deskmodder.de\\\/blog\\\/\",\"name\":\"Deskmodder.de\",\"description\":\"News zum Thema Microsoft, Windows 11 \\\/ 10, sowie anderen Neuigkeiten aus dem Netz, viele Tipps und individuelle Hilfe bei Problemen in unserem Forum \u25cf Deskmodder - seit 2003\",\"publisher\":{\"@id\":\"https:\\\/\\\/www.deskmodder.de\\\/blog\\\/#organization\"},\"potentialAction\":[{\"@type\":\"SearchAction\",\"target\":{\"@type\":\"EntryPoint\",\"urlTemplate\":\"https:\\\/\\\/www.deskmodder.de\\\/blog\\\/?s={search_term_string}\"},\"query-input\":{\"@type\":\"PropertyValueSpecification\",\"valueRequired\":true,\"valueName\":\"search_term_string\"}}],\"inLanguage\":\"de\"},{\"@type\":\"Organization\",\"@id\":\"https:\\\/\\\/www.deskmodder.de\\\/blog\\\/#organization\",\"name\":\"Deskmodder\",\"url\":\"https:\\\/\\\/www.deskmodder.de\\\/blog\\\/\",\"logo\":{\"@type\":\"ImageObject\",\"inLanguage\":\"de\",\"@id\":\"https:\\\/\\\/www.deskmodder.de\\\/blog\\\/#\\\/schema\\\/logo\\\/image\\\/\",\"url\":\"https:\\\/\\\/www.deskmodder.de\\\/blog\\\/wp-content\\\/uploads\\\/2019\\\/01\\\/deskmodder-logo-app.png\",\"contentUrl\":\"https:\\\/\\\/www.deskmodder.de\\\/blog\\\/wp-content\\\/uploads\\\/2019\\\/01\\\/deskmodder-logo-app.png\",\"width\":281,\"height\":286,\"caption\":\"Deskmodder\"},\"image\":{\"@id\":\"https:\\\/\\\/www.deskmodder.de\\\/blog\\\/#\\\/schema\\\/logo\\\/image\\\/\"},\"sameAs\":[\"https:\\\/\\\/www.facebook.com\\\/Deskmodder\",\"https:\\\/\\\/x.com\\\/Deskmodder\",\"https:\\\/\\\/mastodontech.de\\\/@Deskmodder\",\"https:\\\/\\\/www.youtube.com\\\/user\\\/deskmodder\",\"https:\\\/\\\/mewe.com\\\/group\\\/5c83b5231add826fc80cdae1\"]},{\"@type\":\"Person\",\"@id\":\"https:\\\/\\\/www.deskmodder.de\\\/blog\\\/#\\\/schema\\\/person\\\/bd4b9506e83c661f1de1af925c726d7c\",\"name\":\"MAX\",\"image\":{\"@type\":\"ImageObject\",\"inLanguage\":\"de\",\"@id\":\"https:\\\/\\\/secure.gravatar.com\\\/avatar\\\/0a924a9e0119dd457d49c2eb1fa27ade332376ba6138336743cdd8c221e4a3a3?s=96&d=mm&r=g\",\"url\":\"https:\\\/\\\/secure.gravatar.com\\\/avatar\\\/0a924a9e0119dd457d49c2eb1fa27ade332376ba6138336743cdd8c221e4a3a3?s=96&d=mm&r=g\",\"contentUrl\":\"https:\\\/\\\/secure.gravatar.com\\\/avatar\\\/0a924a9e0119dd457d49c2eb1fa27ade332376ba6138336743cdd8c221e4a3a3?s=96&d=mm&r=g\",\"caption\":\"MAX\"},\"description\":\"Begeisterter Technik-Enthusiast, der aktuell zwei Welten vereint. Windows auf PC sowie Xbox und iOS auf dem iPhone, als auch auf dem iPad. Gespaltene Pers\u00f6nlichkeit w\u00fcrde ich sagen. ;)\",\"sameAs\":[\"https:\\\/\\\/www.instagram.com\\\/themximum\\\/\",\"https:\\\/\\\/x.com\\\/themximum\"],\"url\":\"https:\\\/\\\/www.deskmodder.de\\\/blog\\\/author\\\/max\\\/\"}]}<\/script>\n<!-- \/ Yoast SEO Premium plugin. -->","yoast_head_json":{"title":"Apple\/ Amazon Echo - Unterst\u00fctzung des iCloud Kalendars hinzugef\u00fcgt, p\u00fcnktlich vor einer Siri-Konkurrenz? - Deskmodder.de","description":"Nun unterst\u00fctzt Amazon Echo auch den Kalender von Apple in der iCloud. Bisher konnte man nur per Sprache auf Kalender von Google und Microsoft zugreifen.","robots":{"index":"index","follow":"follow","max-snippet":"max-snippet:-1","max-image-preview":"max-image-preview:large","max-video-preview":"max-video-preview:-1"},"canonical":"https:\/\/www.deskmodder.de\/blog\/2017\/05\/31\/amazon-echo-unterstuetzung-des-icloud-kalendars-hinzugefuegt-puenktlich-vor-einer-siri-konkurrenz\/","og_locale":"de_DE","og_type":"article","og_title":"Apple\/ Amazon Echo - Unterst\u00fctzung des iCloud Kalendars hinzugef\u00fcgt, p\u00fcnktlich vor einer Siri-Konkurrenz?","og_description":"Nun unterst\u00fctzt Amazon Echo auch den Kalender von Apple in der iCloud. Bisher konnte man nur per Sprache auf Kalender von Google und Microsoft zugreifen.","og_url":"https:\/\/www.deskmodder.de\/blog\/2017\/05\/31\/amazon-echo-unterstuetzung-des-icloud-kalendars-hinzugefuegt-puenktlich-vor-einer-siri-konkurrenz\/","og_site_name":"Deskmodder.de","article_publisher":"https:\/\/www.facebook.com\/Deskmodder","article_published_time":"2017-05-31T20:43:16+00:00","og_image":[{"width":583,"height":583,"url":"https:\/\/www.deskmodder.de\/blog\/wp-content\/uploads\/2016\/09\/Echo-Dot-Black-Top-583x583.jpg","type":"image\/jpeg"}],"author":"MAX","twitter_card":"summary_large_image","twitter_creator":"@themximum","twitter_site":"@Deskmodder","schema":{"@context":"https:\/\/schema.org","@graph":[{"@type":"Article","@id":"https:\/\/www.deskmodder.de\/blog\/2017\/05\/31\/amazon-echo-unterstuetzung-des-icloud-kalendars-hinzugefuegt-puenktlich-vor-einer-siri-konkurrenz\/#article","isPartOf":{"@id":"https:\/\/www.deskmodder.de\/blog\/2017\/05\/31\/amazon-echo-unterstuetzung-des-icloud-kalendars-hinzugefuegt-puenktlich-vor-einer-siri-konkurrenz\/"},"author":{"name":"MAX","@id":"https:\/\/www.deskmodder.de\/blog\/#\/schema\/person\/bd4b9506e83c661f1de1af925c726d7c"},"headline":"Apple\/ Amazon Echo &#8211; Unterst\u00fctzung des iCloud Kalendars hinzugef\u00fcgt, p\u00fcnktlich vor einer Siri-Konkurrenz?","datePublished":"2017-05-31T20:43:16+00:00","mainEntityOfPage":{"@id":"https:\/\/www.deskmodder.de\/blog\/2017\/05\/31\/amazon-echo-unterstuetzung-des-icloud-kalendars-hinzugefuegt-puenktlich-vor-einer-siri-konkurrenz\/"},"wordCount":211,"commentCount":0,"publisher":{"@id":"https:\/\/www.deskmodder.de\/blog\/#organization"},"image":{"@id":"https:\/\/www.deskmodder.de\/blog\/2017\/05\/31\/amazon-echo-unterstuetzung-des-icloud-kalendars-hinzugefuegt-puenktlich-vor-einer-siri-konkurrenz\/#primaryimage"},"thumbnailUrl":"https:\/\/www.deskmodder.de\/blog\/wp-content\/uploads\/2016\/09\/Echo-Dot-Black-Top.jpg","keywords":["Alexa","Amazon","Apple","Echo","Home","iCloud","siri","Sprache"],"articleSection":["iOS"],"inLanguage":"de","potentialAction":[{"@type":"CommentAction","name":"Comment","target":["https:\/\/www.deskmodder.de\/blog\/2017\/05\/31\/amazon-echo-unterstuetzung-des-icloud-kalendars-hinzugefuegt-puenktlich-vor-einer-siri-konkurrenz\/#respond"]}],"copyrightYear":"2017","copyrightHolder":{"@id":"https:\/\/www.deskmodder.de\/blog\/#organization"}},{"@type":"WebPage","@id":"https:\/\/www.deskmodder.de\/blog\/2017\/05\/31\/amazon-echo-unterstuetzung-des-icloud-kalendars-hinzugefuegt-puenktlich-vor-einer-siri-konkurrenz\/","url":"https:\/\/www.deskmodder.de\/blog\/2017\/05\/31\/amazon-echo-unterstuetzung-des-icloud-kalendars-hinzugefuegt-puenktlich-vor-einer-siri-konkurrenz\/","name":"Apple\/ Amazon Echo - Unterst\u00fctzung des iCloud Kalendars hinzugef\u00fcgt, p\u00fcnktlich vor einer Siri-Konkurrenz? - Deskmodder.de","isPartOf":{"@id":"https:\/\/www.deskmodder.de\/blog\/#website"},"primaryImageOfPage":{"@id":"https:\/\/www.deskmodder.de\/blog\/2017\/05\/31\/amazon-echo-unterstuetzung-des-icloud-kalendars-hinzugefuegt-puenktlich-vor-einer-siri-konkurrenz\/#primaryimage"},"image":{"@id":"https:\/\/www.deskmodder.de\/blog\/2017\/05\/31\/amazon-echo-unterstuetzung-des-icloud-kalendars-hinzugefuegt-puenktlich-vor-einer-siri-konkurrenz\/#primaryimage"},"thumbnailUrl":"https:\/\/www.deskmodder.de\/blog\/wp-content\/uploads\/2016\/09\/Echo-Dot-Black-Top.jpg","datePublished":"2017-05-31T20:43:16+00:00","description":"Nun unterst\u00fctzt Amazon Echo auch den Kalender von Apple in der iCloud. Bisher konnte man nur per Sprache auf Kalender von Google und Microsoft zugreifen.","breadcrumb":{"@id":"https:\/\/www.deskmodder.de\/blog\/2017\/05\/31\/amazon-echo-unterstuetzung-des-icloud-kalendars-hinzugefuegt-puenktlich-vor-einer-siri-konkurrenz\/#breadcrumb"},"inLanguage":"de","potentialAction":[{"@type":"ReadAction","target":["https:\/\/www.deskmodder.de\/blog\/2017\/05\/31\/amazon-echo-unterstuetzung-des-icloud-kalendars-hinzugefuegt-puenktlich-vor-einer-siri-konkurrenz\/"]}]},{"@type":"ImageObject","inLanguage":"de","@id":"https:\/\/www.deskmodder.de\/blog\/2017\/05\/31\/amazon-echo-unterstuetzung-des-icloud-kalendars-hinzugefuegt-puenktlich-vor-einer-siri-konkurrenz\/#primaryimage","url":"https:\/\/www.deskmodder.de\/blog\/wp-content\/uploads\/2016\/09\/Echo-Dot-Black-Top.jpg","contentUrl":"https:\/\/www.deskmodder.de\/blog\/wp-content\/uploads\/2016\/09\/Echo-Dot-Black-Top.jpg","width":5000,"height":5000},{"@type":"BreadcrumbList","@id":"https:\/\/www.deskmodder.de\/blog\/2017\/05\/31\/amazon-echo-unterstuetzung-des-icloud-kalendars-hinzugefuegt-puenktlich-vor-einer-siri-konkurrenz\/#breadcrumb","itemListElement":[{"@type":"ListItem","position":1,"name":"Startseite","item":"https:\/\/www.deskmodder.de\/blog\/"},{"@type":"ListItem","position":2,"name":"Apple\/ Amazon Echo &#8211; Unterst\u00fctzung des iCloud Kalendars hinzugef\u00fcgt, p\u00fcnktlich vor einer Siri-Konkurrenz?"}]},{"@type":"WebSite","@id":"https:\/\/www.deskmodder.de\/blog\/#website","url":"https:\/\/www.deskmodder.de\/blog\/","name":"Deskmodder.de","description":"News zum Thema Microsoft, Windows 11 \/ 10, sowie anderen Neuigkeiten aus dem Netz, viele Tipps und individuelle Hilfe bei Problemen in unserem Forum \u25cf Deskmodder - seit 2003","publisher":{"@id":"https:\/\/www.deskmodder.de\/blog\/#organization"},"potentialAction":[{"@type":"SearchAction","target":{"@type":"EntryPoint","urlTemplate":"https:\/\/www.deskmodder.de\/blog\/?s={search_term_string}"},"query-input":{"@type":"PropertyValueSpecification","valueRequired":true,"valueName":"search_term_string"}}],"inLanguage":"de"},{"@type":"Organization","@id":"https:\/\/www.deskmodder.de\/blog\/#organization","name":"Deskmodder","url":"https:\/\/www.deskmodder.de\/blog\/","logo":{"@type":"ImageObject","inLanguage":"de","@id":"https:\/\/www.deskmodder.de\/blog\/#\/schema\/logo\/image\/","url":"https:\/\/www.deskmodder.de\/blog\/wp-content\/uploads\/2019\/01\/deskmodder-logo-app.png","contentUrl":"https:\/\/www.deskmodder.de\/blog\/wp-content\/uploads\/2019\/01\/deskmodder-logo-app.png","width":281,"height":286,"caption":"Deskmodder"},"image":{"@id":"https:\/\/www.deskmodder.de\/blog\/#\/schema\/logo\/image\/"},"sameAs":["https:\/\/www.facebook.com\/Deskmodder","https:\/\/x.com\/Deskmodder","https:\/\/mastodontech.de\/@Deskmodder","https:\/\/www.youtube.com\/user\/deskmodder","https:\/\/mewe.com\/group\/5c83b5231add826fc80cdae1"]},{"@type":"Person","@id":"https:\/\/www.deskmodder.de\/blog\/#\/schema\/person\/bd4b9506e83c661f1de1af925c726d7c","name":"MAX","image":{"@type":"ImageObject","inLanguage":"de","@id":"https:\/\/secure.gravatar.com\/avatar\/0a924a9e0119dd457d49c2eb1fa27ade332376ba6138336743cdd8c221e4a3a3?s=96&d=mm&r=g","url":"https:\/\/secure.gravatar.com\/avatar\/0a924a9e0119dd457d49c2eb1fa27ade332376ba6138336743cdd8c221e4a3a3?s=96&d=mm&r=g","contentUrl":"https:\/\/secure.gravatar.com\/avatar\/0a924a9e0119dd457d49c2eb1fa27ade332376ba6138336743cdd8c221e4a3a3?s=96&d=mm&r=g","caption":"MAX"},"description":"Begeisterter Technik-Enthusiast, der aktuell zwei Welten vereint. Windows auf PC sowie Xbox und iOS auf dem iPhone, als auch auf dem iPad. Gespaltene Pers\u00f6nlichkeit w\u00fcrde ich sagen. ;)","sameAs":["https:\/\/www.instagram.com\/themximum\/","https:\/\/x.com\/themximum"],"url":"https:\/\/www.deskmodder.de\/blog\/author\/max\/"}]}},"jetpack_publicize_connections":[],"jetpack_featured_media_url":"https:\/\/www.deskmodder.de\/blog\/wp-content\/uploads\/2016\/09\/Echo-Dot-Black-Top.jpg","_links":{"self":[{"href":"https:\/\/www.deskmodder.de\/blog\/wp-json\/wp\/v2\/posts\/85757","targetHints":{"allow":["GET"]}}],"collection":[{"href":"https:\/\/www.deskmodder.de\/blog\/wp-json\/wp\/v2\/posts"}],"about":[{"href":"https:\/\/www.deskmodder.de\/blog\/wp-json\/wp\/v2\/types\/post"}],"author":[{"embeddable":true,"href":"https:\/\/www.deskmodder.de\/blog\/wp-json\/wp\/v2\/users\/2550"}],"replies":[{"embeddable":true,"href":"https:\/\/www.deskmodder.de\/blog\/wp-json\/wp\/v2\/comments?post=85757"}],"version-history":[{"count":0,"href":"https:\/\/www.deskmodder.de\/blog\/wp-json\/wp\/v2\/posts\/85757\/revisions"}],"wp:featuredmedia":[{"embeddable":true,"href":"https:\/\/www.deskmodder.de\/blog\/wp-json\/wp\/v2\/media\/71907"}],"wp:attachment":[{"href":"https:\/\/www.deskmodder.de\/blog\/wp-json\/wp\/v2\/media?parent=85757"}],"wp:term":[{"taxonomy":"category","embeddable":true,"href":"https:\/\/www.deskmodder.de\/blog\/wp-json\/wp\/v2\/categories?post=85757"},{"taxonomy":"post_tag","embeddable":true,"href":"https:\/\/www.deskmodder.de\/blog\/wp-json\/wp\/v2\/tags?post=85757"}],"curies":[{"name":"wp","href":"https:\/\/api.w.org\/{rel}","templated":true}]}}