{"id":82635,"date":"2017-04-06T23:27:11","date_gmt":"2017-04-06T21:27:11","guid":{"rendered":"https:\/\/www.deskmodder.de\/blog\/?p=82635"},"modified":"2017-04-07T17:23:13","modified_gmt":"2017-04-07T15:23:13","slug":"amd-ryzen-energiesparplan-hoechstleistung-nicht-mehr-erforderlich","status":"publish","type":"post","link":"https:\/\/www.deskmodder.de\/blog\/2017\/04\/06\/amd-ryzen-energiesparplan-hoechstleistung-nicht-mehr-erforderlich\/","title":{"rendered":"AMD Ryzen &#8211; Energiesparplan &#8222;H\u00f6chstleistung&#8220; nicht mehr erforderlich und AGESA Update"},"content":{"rendered":"<p>Nach der Ver\u00f6ffentlichung von AMDs neuer Prozessor-Generation Ryzen gab es zahlreiche Probleme, dabei betrafen diese noch nicht mal den Prozessor selbst, sondern die Kompatibilit\u00e4t mit Windows 10 war noch sehr verbesserungsw\u00fcrdig. Das Gute an der Sache ist, dass diese Probleme alle mit Software-Updates behebbar sind, was AMD nun auch noch nachtr\u00e4glich macht. Klar, dies ist nat\u00fcrlich nicht wirklich sch\u00f6n, aber die Konkurrenz macht die gleichen Fehler, weswegen ich jetzt AMD nichts vorwerfe. Denn trotz aller Beschwerden liefen die Systeme ja und das ja sogar auch ziemlich flott.<\/p>\n<p>Wie auch immer, wie bereits angedeutet arbeitet AMD an der Behebung aller Inkompatibilit\u00e4ten und m\u00f6chte die Performance steigern. Bei dem ersten Problem, welches AMD nun behebt, wurde empfohlen Windows mit dem Energiesparplan &#8222;H\u00f6chstleistung&#8220; zu nutzen, da nur so die volle Leistung der Prozessoren erwartet werden kann. Das Problem am Ausbalancierten-Plan war, dass dort Windows unpassende Timings beim Wechsel zwischen den P-States<sup id=\"fnref-82635-1\"><a href=\"#fn-82635-1\" class=\"jetpack-footnote\">1<\/a><\/sup> einsetzt. Diese f\u00fchrten zu reichlich Performance-Verlusten im Vergleich zum Plan &#8222;H\u00f6chstleistung&#8220;. Weiterhin limitierte dies auch die Prozessor-Antwortzeit bei stark fordernden Anwendungen.<\/p>\n<p><img loading=\"lazy\" decoding=\"async\" src=\"https:\/\/www.deskmodder.de\/blog\/wp-content\/uploads\/2017\/02\/amd-ryzen-700x200.jpg\" alt=\"\" width=\"700\" height=\"200\" class=\"aligncenter size-full wp-image-79517\" srcset=\"https:\/\/www.deskmodder.de\/blog\/wp-content\/uploads\/2017\/02\/amd-ryzen-700x200.jpg 700w, https:\/\/www.deskmodder.de\/blog\/wp-content\/uploads\/2017\/02\/amd-ryzen-700x200-306x87.jpg 306w, https:\/\/www.deskmodder.de\/blog\/wp-content\/uploads\/2017\/02\/amd-ryzen-700x200-500x143.jpg 500w\" sizes=\"auto, (max-width: 700px) 100vw, 700px\" \/><\/p>\n<p>Zus\u00e4tzlich kann der Plan &#8222;Ausbalanciert&#8220; alle Kerne bis auf die ersten beiden parken. Bei einem 8C16T AMD Ryzen 7 1800X w\u00fcrde also nur noch eigentlich ein Kern genutzt werden, genauer der Core 0 (physischer Kern) und der Core 1 (SMT Kern), alle anderen k\u00f6nnten dann geparkt werden. Das Aufwecken f\u00fchrt hier nun aber zu Problemen und kann die Latenzen enorm erh\u00f6hen und die Performance verschlechtern.<\/p>\n<p>Die L\u00f6sung von AMD ist der Energiesparplan &#8222;AMD Ryzen\u2122 Balanced&#8220;, welcher ab sofort runtergeladen werden kann, bzw. mit dem n\u00e4chsten Chipsatz-Update automatisch als neuer Standard-Plan eingef\u00fchrt wird. Dieses Chipsatz-Update wird bald zur Verf\u00fcgung stehen. Aber keine Sorge sollte ihr euch den neuen Plan nachfolgend runterladen, dann m\u00fcsst ihr durch ein Mainboard-Update keine doppelten Eintr\u00e4ge bef\u00fcrchten, denn AMD hat dies bei dem Update mit ber\u00fccksichtigt.<\/p>\n<div class=\"wpcmsdev-tabs\">\n<div class=\"tab\">\n<h3 class=\"tab-title\" data-tab-id=\"download-und-installation\">Download und Installation<\/h3>\n<div id=\"tab-download-und-installation\" class=\"tab-content\">\n<p>Den neuen &#8222;AMD Ryzen\u2122 Balanced&#8220; \u2192 <a href=\"https:\/\/community.amd.com\/servlet\/JiveServlet\/download\/1461-70650\/Ryzen_Balanced_Power_Plan.zip\">hier<\/a> \u2190 von der Webseite von AMD direkt als ZIP-Datei runterladen. Die ZIP-Datei muss nach dem Download nur noch entpackt werden und der Energiesparplan mit einem Klick auf die &#8222;.ppkg&#8220;-Datei installiert werden. Fertig!<\/p>\n<\/div>\n<\/div>\n<\/div>\n<p>Doch was macht der AMD Ryzen\u2122 Balanced Plan anders? Dazu nennt AMD in einem <a href=\"https:\/\/community.amd.com\/community\/gaming\/blog\/2017\/04\/06\/amd-ryzen-community-update-3\">Community Blog Post<\/a> folgende 3 Punkte:<\/p>\n<ol>\n<li>Der AMD Ryzen\u2122 Balanced Plan erlaubt immer noch aggressives Energiemanagement. Es sollte dennoch einen feinen Unterschied zwischen dem OEM Balanced und dem von AMD geben.<\/li>\n<li>Die Performance soll gleichauf mit dem Plan &#8222;H\u00f6chstleistung&#8220; sein.<\/li>\n<li>Sollte ein Programm &#8222;Idle&#8220; Clocks von 3200-3400MHz anzeigen, dann kannst du dir trotzdem sicher sein, dass der Kern schl\u00e4ft. Das Programm zeigt dann den letzten bekannten P-State an.<\/li>\n<\/ol>\n<p>Genauer gesagt, ver\u00e4ndert der Power Plan nicht wie der Prozessor low-power idle states handhabt, genannt &#8222;CC-States&#8220;. Diese CC-States 1-6 stehen f\u00fcr den Takt und den Stromverbrauch. So ist cc6 zum Beispiel der State, wo der Kern quasi ausgeschaltet ist und nur noch die Spannung von Software erkannt werden kann.<\/p>\n<p>Dank der direkt in Zen integrierte Power Management-L\u00f6sung k\u00f6nnen diese Stadien in gut 1 ms gewechselt werden, was wesentlich schneller als das Parken der Kerne durch Windows ist. Einige Programme k\u00f6nnen diesen Schlafmodus von Zen nun nicht erkennen und geben einfach den letzten bekannten P-State aus, was verwirren kann, aber im Endeffekt ist die effektive Taktgeschwindigkeit normalerweise unter 1 GHz.<\/p>\n<div class=\"video-container\"><div style=\"position:relative;width:100%;max-width:810px;height:456px;background-color:black;color:white;padding:0px;\" data-video-id=\"PSmGLU2Jx0Y\">\n\t\t\t\t\t\t<div style=\"text-align: center;\">\n\t\t\t\t\t\t\t<span class=\"hint-text\">Erst durch Klick auf den Button werden Daten an Youtube \u00fcbermittelt und dir das Video angezeigt.<br\/>Mehr dazu in unserer <a href=\"https:\/\/www.deskmodder.de\/blog\/datenschutz-auf-deskmodder-de\/\" target=\"_blank\">Datenschutzrichtlinie<\/a><\/span>\n\t\t\t\t\t\t<\/div>\n\t\t\t\t\t\t<div style=\"text-align: center; margin-top: 10px;\">\n\t\t\t\t\t\t\t<button onclick=\"showVideo(this)\">Verstanden!<\/button>\n\t\t\t\t\t\t<\/div>\n\t\t\t\t\t\t<div class=\"video-container\" style=\"display:none;\">\n\t\t\t\t\t\t\t<img decoding=\"async\" src=\"https:\/\/img.youtube.com\/vi\/PSmGLU2Jx0Y\/hqdefault.jpg\" alt=\"Vorschaubild\" style=\"width:100%; max-width:810px;\" \/>\n\t\t\t\t\t\t<\/div>\n\t\t\t\t\t<\/div>\n\t\t\t\t\t<script>\n\t\t\t\t\t\tfunction showVideo(button) {\n\t\t\t\t\t\t\tconst videoID = button.parentElement.parentElement.getAttribute(\"data-video-id\");\n\t\t\t\t\t\t\tconsole.log(\"Video ID:\", videoID); \/\/ Debugging\n\t\t\t\t\t\t\tconst iframeHTML = \"<iframe width='810' height='456' src='https:\/\/www.youtube-nocookie.com\/embed\/\" + videoID + \"?feature=oembed' frameborder='0' allow='accelerometer; autoplay; clipboard-write; encrypted-media; gyroscope; picture-in-picture' allowfullscreen><\/iframe>\";\n\n\t\t\t\t\t\t\tbutton.parentElement.parentElement.querySelector(\".video-container\").innerHTML = iframeHTML;\n\n\t\t\t\t\t\t\t\/\/ Video-Container sichtbar machen\n\t\t\t\t\t\t\tbutton.parentElement.parentElement.querySelector(\".video-container\").style.display = \"block\";\n\t\t\t\t\t\t\tbutton.parentElement.parentElement.querySelector(\".hint-text\").style.display = \"none\";\n\t\t\t\t\t\t\tbutton.remove();\n\t\t\t\t\t\t}\n\t\t\t\t\t<\/script><\/div>\n<h3>AGESA und Ryzen Master bekommen ein Update<\/h3>\n<p>Am Ende des letzten Blog Posts weist AMD auch daraufhin, dass die Ryzen Master Application ein Update auf Version 1.0.1 ab dem 11. April erhalten wird. Dieses Update erm\u00f6glicht Ryzen Master nun anstelle von &#8222;tCTL&#8220; die &#8222;junction&#8220; Temperatur auszugeben. Au\u00dferdem wird die Voraussetzung von HPET (High-Precision Event Timer) im Installer gestrichen, wenn das System bereits die neue AGESA-Version 1.0.0.4 einsetzt.<\/p>\n<p>Doch was ist AGESA? AGESA meint AMD Generic Encapsulated Software Architecture f\u00fcr AMD Ryzen\u2122 Prozessoren, welches f\u00fcr die Initialisierung des AMD x86-64 Prozessors w\u00e4hrend der Boot-Zeit verantwortlich ist. Laut AMD ist dies wie der Kern des Motherboard-Updates, welches Hersteller bereits ver\u00f6ffentlicht haben oder bald werden.<\/p>\n<p>In Version 1.0.0.4 von AGESA hat man sich vor allem auf folgende Punkte konzentriert:<\/p>\n<ol>\n<li>Die DRAM Latenz wurde um ca. 6ns verk\u00fcrzt. Dies f\u00fchrt zu einer besseren Performance bei RAM-intensiven Anwendungen.<\/li>\n<li>Ein Problem wurde behoben, wo ein ungew\u00f6hnlicher FMA3 Code zu einem Aufh\u00e4ngen des Systems f\u00fchren konnte.<\/li>\n<li>Der &#8222;overclock sleep bug&#8220; wurde behoben, wo inkorrekte Frequenzen der CPU nach einem S3 Schlaf gemeldet wurden.<\/li>\n<li>AMD Ryzen\u2122 Master ben\u00f6tigt nun nicht l\u00e4nger den High-Precision Event Timer (HPET).<\/li>\n<\/ol>\n<p>Ich finde es toll, dass AMD sich wirklich so den Nutzerbeschwerden annimmt und die Problem so zeitnah in den Griff bekommt. Pers\u00f6nlich bereue ich meine Entscheidung f\u00fcr den Kauf eines AMD Prozessors kein bisschen und w\u00fcnsche AMD echt Erfolg mit den kommenden Ryzen-Prozessoren. Der Markt ben\u00f6tigt unbedingt wieder einen ernsthaften Wettkampf, damit die Preise im Allgemeinen wieder auf ein bezahlbares Niveau kommen und wir eventuell in Zukunft auch mal wieder wirkliche Neuerungen, sei es ein Quanten-Prozessor, sehen.<\/p>\n<p>PS: Der Energiesparplan funktioniert einwandfrei und ist hinsichtlich Performance wirklich fast gleich auf mit dem Plan &#8222;H\u00f6chstleistung&#8220;. Zahlreiche Vergleiche zwischen den Pl\u00e4nen anhand von verschiedenen Spielen k\u00f6nnt ihr auch in dem Post \u2192 <a href=\"https:\/\/community.amd.com\/community\/gaming\/blog\/2017\/04\/06\/amd-ryzen-community-update-3\">hier<\/a> \u2190 nachlesen.<\/p>\n<div class=\"footnotes\">\n<hr \/>\n<ol>\n<li id=\"fn-82635-1\">\nWechsel zwischen Frequenzen und Spannungen werden &#8222;P-States&#8220; genannt. P-States sind Frequenz\/Spannungs-Kombinationen, welche vom OS angefragt werden. Prozessoren erhalten diese Anfragen permanent und handeln nach bestimmten passenden States, die direkt in die Hardware integriert wurden.&#160;<a href=\"#fnref-82635-1\">&#8617;<\/a>\n<\/li>\n<\/ol>\n<\/div>\n","protected":false},"excerpt":{"rendered":"<p>Nach der Ver\u00f6ffentlichung von AMDs neuer Prozessor-Generation Ryzen gab es zahlreiche Probleme, dabei betrafen diese noch nicht mal den Prozessor selbst, sondern die Kompatibilit\u00e4t mit Windows 10 war noch sehr verbesserungsw\u00fcrdig. Das Gute an der Sache ist, dass diese Probleme&hellip; <\/p>\n","protected":false},"author":2550,"featured_media":79517,"comment_status":"open","ping_status":"open","sticky":false,"template":"","format":"standard","meta":{"jetpack_post_was_ever_published":false,"footnotes":"","jetpack_publicize_message":"","jetpack_publicize_feature_enabled":true,"jetpack_social_post_already_shared":true,"jetpack_social_options":{"image_generator_settings":{"template":"highway","default_image_id":0,"font":"","enabled":false},"version":2}},"categories":[1286],"tags":[16659,4246,330,8586,16660,2160,16662,6354,14569,148,16661,16663,16003,104,9751],"class_list":["post-82635","post","type-post","status-publish","format-standard","has-post-thumbnail","hentry","category-hardware","tag-agesa","tag-amd","tag-bios","tag-chipsatz","tag-energiesparplan","tag-firmware","tag-hpet","tag-mainboard","tag-management","tag-microsoft","tag-p-state","tag-power","tag-ryzen","tag-update","tag-windows-10"],"wp_featured_image":{"id":79517,"alt_text":"","description":"","media_type":"image","media_details":{"width":700,"height":200,"file":"2017\/02\/amd-ryzen-700x200.jpg","sizes":{"thumbnail":{"file":"amd-ryzen-700x200-306x87.jpg","width":306,"height":87,"mime-type":"image\/jpeg","source_url":"https:\/\/www.deskmodder.de\/blog\/wp-content\/uploads\/2017\/02\/amd-ryzen-700x200-306x87.jpg"},"medium":{"file":"amd-ryzen-700x200-500x143.jpg","width":500,"height":143,"mime-type":"image\/jpeg","source_url":"https:\/\/www.deskmodder.de\/blog\/wp-content\/uploads\/2017\/02\/amd-ryzen-700x200-500x143.jpg"},"wp_review_large":{"file":"amd-ryzen-700x200-320x200.jpg","width":320,"height":200,"mime-type":"image\/jpeg","source_url":"https:\/\/www.deskmodder.de\/blog\/wp-content\/uploads\/2017\/02\/amd-ryzen-700x200-320x200.jpg"},"wp_review_small":{"file":"amd-ryzen-700x200-65x65.jpg","width":65,"height":65,"mime-type":"image\/jpeg","source_url":"https:\/\/www.deskmodder.de\/blog\/wp-content\/uploads\/2017\/02\/amd-ryzen-700x200-65x65.jpg"},"blog-large":{"file":"amd-ryzen-700x200-642x200.jpg","width":642,"height":200,"mime-type":"image\/jpeg","source_url":"https:\/\/www.deskmodder.de\/blog\/wp-content\/uploads\/2017\/02\/amd-ryzen-700x200-642x200.jpg"},"blog-medium":{"file":"amd-ryzen-700x200-306x200.jpg","width":306,"height":200,"mime-type":"image\/jpeg","source_url":"https:\/\/www.deskmodder.de\/blog\/wp-content\/uploads\/2017\/02\/amd-ryzen-700x200-306x200.jpg"},"recent-thumb":{"file":"amd-ryzen-700x200-350x200.jpg","width":350,"height":200,"mime-type":"image\/jpeg","source_url":"https:\/\/www.deskmodder.de\/blog\/wp-content\/uploads\/2017\/02\/amd-ryzen-700x200-350x200.jpg"},"service-featured":{"file":"amd-ryzen-700x200-600x200.jpg","width":600,"height":200,"mime-type":"image\/jpeg","source_url":"https:\/\/www.deskmodder.de\/blog\/wp-content\/uploads\/2017\/02\/amd-ryzen-700x200-600x200.jpg"},"wp_rp_thumbnail":{"file":"amd-ryzen-700x200-150x150.jpg","width":150,"height":150,"mime-type":"image\/jpeg","source_url":"https:\/\/www.deskmodder.de\/blog\/wp-content\/uploads\/2017\/02\/amd-ryzen-700x200-150x150.jpg"}},"image_meta":{"aperture":"0","credit":"","camera":"","caption":"","created_timestamp":"0","copyright":"","focal_length":"0","iso":"0","shutter_speed":"0","title":"","orientation":"0","keywords":[]}},"post":79513,"source_url":"https:\/\/www.deskmodder.de\/blog\/wp-content\/uploads\/2017\/02\/amd-ryzen-700x200.jpg"},"commentcount":23,"wp_comments":[{"id":46524,"parent":0,"author":0,"author_name":"SirMarc","author_email":"Marcsenn@web.de","author_url":"","author_avatar_urls":{"24":"https:\/\/secure.gravatar.com\/avatar\/9e62520146b31fd00d34e0e668aa8f0006e7445dcb1f8ee2166fee7fef2be7a3?s=24&d=mm&r=g","48":"https:\/\/secure.gravatar.com\/avatar\/9e62520146b31fd00d34e0e668aa8f0006e7445dcb1f8ee2166fee7fef2be7a3?s=48&d=mm&r=g","96":"https:\/\/secure.gravatar.com\/avatar\/9e62520146b31fd00d34e0e668aa8f0006e7445dcb1f8ee2166fee7fef2be7a3?s=96&d=mm&r=g"},"date":"2017-04-07T02:39:49","cld_nonce":"015d9540d6","content":{"rendered":"<p>bei mir ist immer H\u00f6chstleistung eingetragen seit je, mag das nicht, weil die hd stellt sich Leider selber aus(wieso kauft man extra eine wb black um den immer noch auf die HD zu warten bis spindel wider hochf\u00e4hrt) und kein windows hat von mir eine erlaubnis was zu tun was ich nicht will, oder Faul zu schlafen.<br \/>\nund wenn ich von pc weggehe ist der monitor von hand aus, dieses hyper irgentwas, schnellstart ist seit es das gibt deaktiviert weil 5-6 Sekunden Bootzeit beim Einschalten des rechners ist er sogar schneller, als per Hyprzeuch, schnellstart.,<\/p>\n"},"status":"1"},{"id":46526,"parent":46524,"author":0,"author_name":"Herr Hugo","author_email":"hugohilter@t-online.de","author_url":"","author_avatar_urls":{"24":"https:\/\/secure.gravatar.com\/avatar\/dc5176746c873787fa3f8df5f9bdfbd2f7688721f771100eb4d7b4e82e2d655b?s=24&d=mm&r=g","48":"https:\/\/secure.gravatar.com\/avatar\/dc5176746c873787fa3f8df5f9bdfbd2f7688721f771100eb4d7b4e82e2d655b?s=48&d=mm&r=g","96":"https:\/\/secure.gravatar.com\/avatar\/dc5176746c873787fa3f8df5f9bdfbd2f7688721f771100eb4d7b4e82e2d655b?s=96&d=mm&r=g"},"date":"2017-04-07T03:05:27","cld_nonce":"015d9540d6","content":{"rendered":"<p>Jetzt sage mir doch einmal, was du GEnau f\u00fcr einen Wunderrechner hast, der von <\/p>\n<p>&#8211; ganz komplett ausgeschaltet &gt; Knopf dr\u00fccken &gt; alles machen k\u00f6nnen &#8211; <\/p>\n<p>nur 5-6 Sek braucht: PC mit? Laptop mit? Wie viele Monitore? Da bin ich echt gespannt. Ist der auch wirklich ganz aus?<\/p>\n"},"status":"1"},{"id":46534,"parent":46524,"author":2550,"author_name":"MAX","author_email":"maxstahl@outlook.com","author_url":"","author_avatar_urls":{"24":"https:\/\/secure.gravatar.com\/avatar\/baa8420b54a519e302878331460593a8692483d5d41187ec53ed72d7d8fc4aa4?s=24&d=mm&r=g","48":"https:\/\/secure.gravatar.com\/avatar\/baa8420b54a519e302878331460593a8692483d5d41187ec53ed72d7d8fc4aa4?s=48&d=mm&r=g","96":"https:\/\/secure.gravatar.com\/avatar\/baa8420b54a519e302878331460593a8692483d5d41187ec53ed72d7d8fc4aa4?s=96&d=mm&r=g"},"date":"2017-04-07T10:19:51","cld_nonce":"015d9540d6","content":{"rendered":"<p>Das mit dem Ausstellen der HDD l\u00e4sst sich mit dem neuen Plan in den Energieoptionen aber auch ausstellen. <img src=\"https:\/\/www.deskmodder.de\/blog\/wp-content\/plugins\/classic-smilies\/img\/icon_smile.gif\" alt=\":)\" class=\"wp-smiley\" \/><\/p>\n"},"status":"1"},{"id":46538,"parent":46524,"author":2371,"author_name":"Birkuli","author_email":"birkuli@t-online.de","author_url":"","author_avatar_urls":{"24":"https:\/\/secure.gravatar.com\/avatar\/779ab74708368fd5da13cb60a3093905cb0f2da05766b9cd0bb8b5249744b5a9?s=24&d=mm&r=g","48":"https:\/\/secure.gravatar.com\/avatar\/779ab74708368fd5da13cb60a3093905cb0f2da05766b9cd0bb8b5249744b5a9?s=48&d=mm&r=g","96":"https:\/\/secure.gravatar.com\/avatar\/779ab74708368fd5da13cb60a3093905cb0f2da05766b9cd0bb8b5249744b5a9?s=96&d=mm&r=g"},"date":"2017-04-07T12:01:00","cld_nonce":"015d9540d6","content":{"rendered":"<p>Im Bios\/Uefi alle Energiesparmodi auf \u201eAus\u201c stellen und die \u00dcbergabe an Software\/Betriebssystem verweigern, (Kontrolle verbleibt beim Bios), Hardwareseitige Stromspar Einstellungen deaktivieren.<br \/>\nWenn alles aus ist, befindet sich das Board und die Hardware im Highspeed Modus f\u00fcr Serversysteme, da die Kontrolle allein beim Bios liegt und die Delegierung an die Software und Ger\u00e4te deaktiviert ist sollte alles mit maximalen Einstellungen arbeiten und kein Ger\u00e4t was sich an den Spezifikationen h\u00e4lt mehr eigenm\u00e4chtig in Schlummerzustand gehen.<br \/>\nWer noch m\u00f6chte kann auch den Turbomode auf Maximum einstellen, dann l\u00e4uft die CPU und der Speicher auch noch auf Maximum.<\/p>\n"},"status":"1"},{"id":46541,"parent":0,"author":2371,"author_name":"Birkuli","author_email":"birkuli@t-online.de","author_url":"","author_avatar_urls":{"24":"https:\/\/secure.gravatar.com\/avatar\/779ab74708368fd5da13cb60a3093905cb0f2da05766b9cd0bb8b5249744b5a9?s=24&d=mm&r=g","48":"https:\/\/secure.gravatar.com\/avatar\/779ab74708368fd5da13cb60a3093905cb0f2da05766b9cd0bb8b5249744b5a9?s=48&d=mm&r=g","96":"https:\/\/secure.gravatar.com\/avatar\/779ab74708368fd5da13cb60a3093905cb0f2da05766b9cd0bb8b5249744b5a9?s=96&d=mm&r=g"},"date":"2017-04-07T12:22:18","cld_nonce":"015d9540d6","content":{"rendered":"<p>Aber ob es Sinn macht mit acht Kernen im Fullspeed und alle Peripherie am Anschlag zu surfen und z.B. Deskmodder zu lesen, wage ich zu bezweifeln, wer genug Geld hat und die Energie nur so raushauen kann, dem sei es geg\u00f6nnt, gibt ja auch Leute die ihr Auto immer bis zum Anschlag mit Vollgas fahren und dann Verbr\u00e4uche weit jenseits der 40 Liter haben.<br \/>\nAber wer sich einmal Ernsthaft mit den Energieeinstellungen seiner gesamten Hardware und Software auseinandersetzt, kann dort durchaus Sinnvolle Einstellungen t\u00e4tigen, Handb\u00fccher und Wiki\u2019s sind da oftmals sehr hilfreich und wenn die Leistung ben\u00f6tigt wird ist sie dann auch da.<br \/>\nBei mir z.B. surfen und lesen, AMD FX8350 1 Kern mit ca. 1200 MHz, wird Leistung ben\u00f6tigt geht er auf alle acht Kerne mit jeweils 4,8 GHz, wer noch eine \u00e4ltere HD im System hat kann ja dort das Parken deaktivieren dann rotiert sie immer und der Lesekopf ist in hab Acht Stellung.<\/p>\n"},"status":"1"},{"id":46542,"parent":46526,"author":2021,"author_name":"3dz9j56","author_email":"jonas.zoche@t-online.de","author_url":"","author_avatar_urls":{"24":"https:\/\/secure.gravatar.com\/avatar\/ebf1c79b72ab4bbe04ed8aa3cef9470a3e8f594b061cfe93ff0dd9fdf07e4519?s=24&d=mm&r=g","48":"https:\/\/secure.gravatar.com\/avatar\/ebf1c79b72ab4bbe04ed8aa3cef9470a3e8f594b061cfe93ff0dd9fdf07e4519?s=48&d=mm&r=g","96":"https:\/\/secure.gravatar.com\/avatar\/ebf1c79b72ab4bbe04ed8aa3cef9470a3e8f594b061cfe93ff0dd9fdf07e4519?s=96&d=mm&r=g"},"date":"2017-04-07T12:31:07","cld_nonce":"015d9540d6","content":{"rendered":"<p>8 Sekunden schaffe ich auch&#8230; Ein modernes UEFI, Fastboot aktiviert, Windows im EFI Modus installiert auf einer relativ neuen SSD. Und das mit 50GB an Programmen aktuell.<\/p>\n"},"status":"1"},{"id":46545,"parent":46526,"author":0,"author_name":"arcticocean","author_email":"trash_acc@gmx.net","author_url":"","author_avatar_urls":{"24":"https:\/\/secure.gravatar.com\/avatar\/4c7424dc5ab84a9d1ea050f4bc8293af5505cf90e7cade0001f388ea02806ef9?s=24&d=mm&r=g","48":"https:\/\/secure.gravatar.com\/avatar\/4c7424dc5ab84a9d1ea050f4bc8293af5505cf90e7cade0001f388ea02806ef9?s=48&d=mm&r=g","96":"https:\/\/secure.gravatar.com\/avatar\/4c7424dc5ab84a9d1ea050f4bc8293af5505cf90e7cade0001f388ea02806ef9?s=96&d=mm&r=g"},"date":"2017-04-07T13:27:40","cld_nonce":"015d9540d6","content":{"rendered":"<p>i7 6700k<br \/>\nGTX980TI<br \/>\n16 GB RAM<br \/>\n250GB M2SSD &#8211;&gt; OS Platte<br \/>\n1 TB SATA SSD<br \/>\n3 Monitore plus g\u00e4ngige Peripherie<br \/>\nEFI optimiert<br \/>\nVon Knopfdruck bis Desktop ca. 7-8 Sekunden.<\/p>\n"},"status":"1"},{"id":46548,"parent":46545,"author":2371,"author_name":"Birkuli","author_email":"birkuli@t-online.de","author_url":"","author_avatar_urls":{"24":"https:\/\/secure.gravatar.com\/avatar\/779ab74708368fd5da13cb60a3093905cb0f2da05766b9cd0bb8b5249744b5a9?s=24&d=mm&r=g","48":"https:\/\/secure.gravatar.com\/avatar\/779ab74708368fd5da13cb60a3093905cb0f2da05766b9cd0bb8b5249744b5a9?s=48&d=mm&r=g","96":"https:\/\/secure.gravatar.com\/avatar\/779ab74708368fd5da13cb60a3093905cb0f2da05766b9cd0bb8b5249744b5a9?s=96&d=mm&r=g"},"date":"2017-04-07T15:28:05","cld_nonce":"015d9540d6","content":{"rendered":"<p>redet ihr jetzt von einem tats\u00e4chlichen Kaltstart (Stromlos durch Stecker raus z.B.) es darf kein Strom mehr flie\u00dfen, oder von einem Start aus dem suspendet Mode, der sieht genauso aus und dauert etwa 4 bis 10 Sekunden?<br \/>\nDie tats\u00e4chliche Kaltstartzeit k\u00f6nnt ihr ganz einfach ermitteln,<br \/>\nden Stecker aus dem Netzteil herausziehen, den PC Netzschalter dr\u00fccken damit sich die Kondensatoren entleeren, Stecker wieder einstecken und den PC starten und dabei die Zeit nehmen (z.B. Handy Stoppuhr), so l\u00e4sst sich bei eingeschalteten Fast Boot die tats\u00e4chliche Kaltstartzeit ermitteln, sollte das Bios so eingestellt sein das der PC nach einem Stromausfall wieder startet so k\u00f6nnt ihr zus\u00e4tzlich den An\/Aus Schalter ausschalten und nach wieder einstecken des Stecker dann den Schalter bet\u00e4tigen und die Zeit nehmen.<br \/>\nIch habe bei Start aus dem suspendet Mode auch 4 bis 8 Sekunden aber bei reinem Kaltstart trotz Fast Boot und richtiger Einstellungen mindestens ca. 30 bis 40 Sekunden (ich benutze normal keinen Fast Boot).<\/p>\n"},"status":"1"},{"id":46660,"parent":0,"author":0,"author_name":"Herr Hugo","author_email":"hugohilter@t-online.de","author_url":"","author_avatar_urls":{"24":"https:\/\/secure.gravatar.com\/avatar\/dc5176746c873787fa3f8df5f9bdfbd2f7688721f771100eb4d7b4e82e2d655b?s=24&d=mm&r=g","48":"https:\/\/secure.gravatar.com\/avatar\/dc5176746c873787fa3f8df5f9bdfbd2f7688721f771100eb4d7b4e82e2d655b?s=48&d=mm&r=g","96":"https:\/\/secure.gravatar.com\/avatar\/dc5176746c873787fa3f8df5f9bdfbd2f7688721f771100eb4d7b4e82e2d655b?s=96&d=mm&r=g"},"date":"2017-04-08T12:43:57","cld_nonce":"015d9540d6","content":{"rendered":"<p>Nochmal zum Start: Kaltstart, ganz kalt (vorher Stecker raus), Ruhezustand, Standby, bis Desktop, mit ohne Passwort &#8211; da gibts viele M\u00f6glichkeiten. Nur eines ist f\u00fcr mich per Definition ganz klar:<\/p>\n<p>&#8222;An&#8220; ist der Rechner, wenn ich etwas mache oder SOfort machen k\u00f6nnte, weil er im Leerlauf r\u00f6delt und ich nur die Wallpaper betrachte. Unterschiedlich ist nur die Zeit, die es braucht um von &#8222;wie auch immer nicht an&#8220; &gt; &#8222;An&#8220; zu kommen &#8211; und wie oft ich das mache. <\/p>\n<p> &#8211; mein(e) Win-Rechner sind normal immer &#8222;Standby&#8220; (kein Ruhezustand mit iwas schreiben auf die SSD), wenn ich an einem etwas machen will, wecke ich ihn mit Tastatur oder Maus auf. Das passiert im Laufe des Tages diverse, weil ich den nur durchlaufen lasse, wenn ich ganz kurz weg bin oder nix mache.<\/p>\n<p>&#8211; Neustarten tu ich den Haupt-PC so aller 4\/5 Tage mal, damit von vorne angefangen wird &#8211; und wenn das \u00b4ne Minute dauert, dann dauerts die eben. A.j.F. ist der schon l\u00e4ngst wieder oben, wenn ich mir ein K\u00e4ffchen in der Mikro hei\u00df mache (gro\u00dfe Tasse, sch\u00f6n hei\u00df = 75 Sek. K\u00fcche 2 m weg).<\/p>\n<p>Das k\u00f6nnte man sicher optimieren (den PC, das K\u00e4ffchen braucht seine Zeit um hei\u00df zu werden, grins) &#8211; aber was nutzt es mir, wenn ich alles optimiere, zus\u00e4tzlich den Autostart total ausmiste, nur um Progs (z.B. NetWorx), die ich st\u00e4ndig nebenher laufen haben m\u00f6chte, dann manuell zu starten? Da verliere ich mehr Zeit, als ich hinterher gewinne.<\/p>\n<p>Selbst wenn ich beim Neustart sitzen bleibe, werde ich nicht vor Langeweile sterben. (Dummy)Pa\u00dfw\u00f6rter sind zwar vergeben (sonst klappt das mit dem Netzwerk ja nicht), mu\u00df ich aber nicht eingeben.<\/p>\n<p>Wenn beispielsweise (warum auch immer) mind. 20x pro Tag ein Neustart f\u00e4llig w\u00e4re, ja dann&#8230;aber so ist das vielleicht 2 &#8211; 4x die Woche (ab an mu\u00df man ja wegen Programmupdates etc.)<\/p>\n<p>Aber der Normalfall ist eben, das ich mich zum Rechner begebe, eine Taste dr\u00fccke und der schon l\u00e4ngst aus dem Standby ist, bevor ich mir \u00b4ne Zigarette anstecken kann &#8211; Nichtraucher k\u00f6nnen sich z.B. ein Gummib\u00e4rchen aus der T\u00fcte kramen. <img src=\"https:\/\/www.deskmodder.de\/blog\/wp-content\/plugins\/classic-smilies\/img\/icon_mrgreen.gif\" alt=\":mrgreen:\" class=\"wp-smiley\" \/><br \/>\n&#8212;&#8212;&#8212;&#8212;&#8212;&#8212;&#8212;&#8212;&#8212;<br \/>\n@Herr Birkuli, speziell f\u00fcr dich: &#8222;&#8230;wer genug Geld hat und die Energie nur so raushauen kann&#8230;&#8220; &#8211; was ist schon &#8222;genug&#8220;? Mehr ist immer besser&#8230;<\/p>\n<p>Bei &#8222;raushauen&#8220; kann ich konkreter werden: die letzten 5 Abrechnungszeitr\u00e4ume zwischen 2112 und 2206 kWh ergibt ~ 56,- Monat nach jetzigem Preis.<\/p>\n<p>Da ist nat\u00fcrlich auch alles andere enthalten au\u00dfer dem compen &#8211; vom K\u00e4ffchen hei\u00df machen\/Fanta kalt k\u00fchlen bis Licht auffem Klo und anderswo &#8211; f\u00fcr einen Einzel-Hugo, der alleine wohnt. Wie viel genau davon die Comps verbrauchen, wei\u00df ich nicht. Vielleicht die H\u00e4lfte, w\u00e4ren 28,-\/30,- im Monat.<\/p>\n"},"status":"1"},{"id":46667,"parent":46660,"author":2371,"author_name":"Birkuli","author_email":"birkuli@t-online.de","author_url":"","author_avatar_urls":{"24":"https:\/\/secure.gravatar.com\/avatar\/779ab74708368fd5da13cb60a3093905cb0f2da05766b9cd0bb8b5249744b5a9?s=24&d=mm&r=g","48":"https:\/\/secure.gravatar.com\/avatar\/779ab74708368fd5da13cb60a3093905cb0f2da05766b9cd0bb8b5249744b5a9?s=48&d=mm&r=g","96":"https:\/\/secure.gravatar.com\/avatar\/779ab74708368fd5da13cb60a3093905cb0f2da05766b9cd0bb8b5249744b5a9?s=96&d=mm&r=g"},"date":"2017-04-08T13:53:38","cld_nonce":"015d9540d6","content":{"rendered":"<p>Hallo @Herr Hugo,<br \/>\ndie Angaben von ca. 56\u20ac, eher 60\u20ac pro Monat habe ich auch etwa, auch Single Haushalt.<br \/>\nBei mir l\u00e4uft der PC etwa 12 bis 24 Stunden am Tag und mindestens ein Drittel unter Volllast, wie du ja sicher mitbekommen hast bin ich sehr viel in Gange mit dem PC und mache an so manchen Tagen bis zu 6 Clean Install oder so wie Gestern um an eine ESD zu gelangen f\u00fcnfmal Image zur\u00fcckspielen usw. mein System ist so eingestellt das es trotz \u00dcbertaktung noch Energie spart, wenn das nicht so w\u00e4re, w\u00fcrde ich statt der etwa 25 bis 30\u20ac f\u00fcr den PC bei etwa 60 bis 90\u20ac und mehr bei voller Power und gleichem Nutzungsverhalten pro Monat nur f\u00fcr den PC liegen.<br \/>\n(das w\u00e4re mit raushauen gemeint, wie mein zweiter Thread von oben Serverbetrieb eingestellt)<br \/>\nBei mir laufen meine Testreihen sehr unkonventionell ab, ich probiere solange bis es entweder funktioniert oder eben nicht, dass erfordert oft etliches wiederholen gleicher Vorg\u00e4nge, oft auch mit R\u00fccksetzen und Kaltstart des Systems.<br \/>\nWarum das Ganze? Ich habe einfach Spa\u00df daran.<br \/>\nAber jetzt ist die Winterpause vorbei und ich habe weniger Zeit zum Computern.<br \/>\nMal ehrlich, das schlimmste was mir passieren k\u00f6nnte, w\u00e4re ein perfekt funktionierender PC wo es nichts mehr zum Basteln und konfigurieren g\u00e4be., grausam, ich bin nun einmal ein T\u00fcftler durch und durch.<\/p>\n"},"status":"1"},{"id":46671,"parent":46534,"author":2343,"author_name":"SirMarcvonGoskon","author_email":"marcsenn@web.de","author_url":"","author_avatar_urls":{"24":"https:\/\/secure.gravatar.com\/avatar\/9e62520146b31fd00d34e0e668aa8f0006e7445dcb1f8ee2166fee7fef2be7a3?s=24&d=mm&r=g","48":"https:\/\/secure.gravatar.com\/avatar\/9e62520146b31fd00d34e0e668aa8f0006e7445dcb1f8ee2166fee7fef2be7a3?s=48&d=mm&r=g","96":"https:\/\/secure.gravatar.com\/avatar\/9e62520146b31fd00d34e0e668aa8f0006e7445dcb1f8ee2166fee7fef2be7a3?s=96&d=mm&r=g"},"date":"2017-04-08T15:04:12","cld_nonce":"015d9540d6","content":{"rendered":"<p>Nein bei modernen HDs schaltet die Harddisk selber aus auch wenn alles auf 0 ist im Energie Einstellung,  ist im Flash der HD drin, kann man f\u00fcr einen Win Start deaktivieren per Software aber nicht f\u00fcr immer, was hald nerft das es auch bei einer WB Black so macht, sind auch 1-2 Sekunde bis wider zugriff ist.<br \/>\nDas mit den 20 Minuten HD ausschalten ist Windows selber wo das macht. <\/p>\n<p>Also ich messe das starten von Win 10 Bootmen\u00fc( Windows 7 Black Style Bootmenue) <img src=\"https:\/\/www.deskmodder.de\/blog\/wp-content\/plugins\/classic-smilies\/img\/icon_wink.gif\" alt=\";)\" class=\"wp-smiley\" \/> enter bis zur Oberfl\u00e4che und arbeiten k\u00f6nnen 5-6 Sekunden und bei mir ist nichts aktiviert wegen Schnellstart und so zeuch, <\/p>\n<p>Weil alles wo ich installiere, wo Windows zum Boote nimmt oder wo sehr mit Win 10 verknuddelt ist alles auf der Start SSD installiert, hab ja eine 240(boot)\/4807500GB SSD, norton auf den F: Installiert auch eine SSD(weil wennman eine AV auf den C: installiert ist die weg bei einem Upgrade, sonst nicht.<br \/>\nMSOffice 2016 auf der SSD weil auch seehr Verknuddelt.<br \/>\nAlso da greift nichts auf die Normal HD zu wo zum start wichtig ist.<\/p>\n<p>Eine Insider startetet bei mir in 35 Sekunden die war immer auf einer Normal HD installiert, jetzt ja kein mehr.<br \/>\nhab  zwischen durch eine im VM mal zu schauen was neu ist gerade jetzt den die 16170  <\/p>\n<p>@Birkuli<br \/>\neine Moderne HD geht auch  automatisch in den stromspar modus.<br \/>\nUnd eigentlich m\u00fcsste Windows nicht mal eine Energiesteuerung einbauen weil die Hardware selber schaut. <img src=\"https:\/\/www.deskmodder.de\/blog\/wp-content\/plugins\/classic-smilies\/img\/icon_wink.gif\" alt=\";-)\" class=\"wp-smiley\" \/><br \/>\nDie HD stell auch ab wenn man auf 0 stellt bei Energiesparmodus Harddisk.<br \/>\nich bin seit je auf 0 mit dem Energie sparen, ich spare den eher wenn ich ausschalte komplette am Abend und die steck leiste den Strom unterbreche f\u00fcr alles.<br \/>\nauch CPU  immer volle Leistung egal ob jetzt 50 Euro mehr oder weniger im halben Jahr egal.<br \/>\nWir den lustig mit den amd Ryzen+2000 wo ich kaufe (16 Core)<\/p>\n"},"status":"1"},{"id":46672,"parent":46667,"author":2343,"author_name":"SirMarcvonGoskon","author_email":"marcsenn@web.de","author_url":"","author_avatar_urls":{"24":"https:\/\/secure.gravatar.com\/avatar\/9e62520146b31fd00d34e0e668aa8f0006e7445dcb1f8ee2166fee7fef2be7a3?s=24&d=mm&r=g","48":"https:\/\/secure.gravatar.com\/avatar\/9e62520146b31fd00d34e0e668aa8f0006e7445dcb1f8ee2166fee7fef2be7a3?s=48&d=mm&r=g","96":"https:\/\/secure.gravatar.com\/avatar\/9e62520146b31fd00d34e0e668aa8f0006e7445dcb1f8ee2166fee7fef2be7a3?s=96&d=mm&r=g"},"date":"2017-04-08T15:36:26","cld_nonce":"015d9540d6","content":{"rendered":"<p>Och nee ich mag wenns l\u00e4uft, hab immer die neuste Anwender Win Version clean installiert, wenn ich mal eine, insider anschaue den im VM weil keine zeit 10 mal zu Booten.<br \/>\nMein Winupdate ist eigentlich Arbeitslos weil alles was mit Updates\/Upgrades zu tun hat wird per msu\/cap\/iso Dateien hier heruntergeladen und per Hand installiert.<br \/>\nnur 2 mal war jetzt der Winupdate schneller, als ich mit herunterladen. ^^<br \/>\nHab 20 Jahre jetzt mit Software\/BS und so gebastelt.<br \/>\nDas einzige was ich noch mache ist mein PC immer selber zusammenbauen alle 4-5 Jahren.<\/p>\n<p>Mal nach HDDScan-3.3 suchen da kann man alles einstellen was HD  Hardware ist.<\/p>\n"},"status":"1"},{"id":46675,"parent":46671,"author":2371,"author_name":"Birkuli","author_email":"birkuli@t-online.de","author_url":"","author_avatar_urls":{"24":"https:\/\/secure.gravatar.com\/avatar\/779ab74708368fd5da13cb60a3093905cb0f2da05766b9cd0bb8b5249744b5a9?s=24&d=mm&r=g","48":"https:\/\/secure.gravatar.com\/avatar\/779ab74708368fd5da13cb60a3093905cb0f2da05766b9cd0bb8b5249744b5a9?s=48&d=mm&r=g","96":"https:\/\/secure.gravatar.com\/avatar\/779ab74708368fd5da13cb60a3093905cb0f2da05766b9cd0bb8b5249744b5a9?s=96&d=mm&r=g"},"date":"2017-04-08T16:33:55","cld_nonce":"015d9540d6","content":{"rendered":"<p>Hallo @SirMarcvonGoskon,<br \/>\nmit dem Tool &#8222;CrystalDiskInfo&#8220;<br \/>\n<a href=\"https:\/\/www.computerbase.de\/downloads\/system\/festplatten\/crystaldiskinfo\/\" rel=\"nofollow ugc\">https:\/\/www.computerbase.de\/downloads\/system\/festplatten\/crystaldiskinfo\/<\/a><br \/>\nkannst du unter &#8222;Option&#8220;, &#8222;Erweiterte Option&#8220; AAM\/APM Verwaltung bei deiner HDD das Automatic Acoustic Management und das Advanced Power Management deaktivieren, CrystalDiskInfo kanst du ja wenn du nur eine HDD \u00fcberwachen willst so konfigurieren das nur die HDD erfasst wird und CrystalDiskInfo automatisch mit Windows starten lassen und schon l\u00e4uft die HDD volle Kanne.<br \/>\nDas Tool gibt es auch als portable Version.<br \/>\nEbenfalls ansehen kannst du die Tools &#8222;quietHDD&#8220; und &#8222;HDparm&#8220;.<br \/>\nGru\u00df Birkuli<br \/>\nPS: von einem Festplattenhersteller gab es einmal ein DOS Tool wo man diese Funktionen direkt in der Firmware permanent flashen konnte.<\/p>\n"},"status":"1"},{"id":46683,"parent":46660,"author":0,"author_name":"Peter Christian","author_email":"petercnowak@icloud.com","author_url":"","author_avatar_urls":{"24":"https:\/\/secure.gravatar.com\/avatar\/bdd68544648abe37cdec72d9fec2a6f7cddbae789a5315e181e13d065d85a628?s=24&d=mm&r=g","48":"https:\/\/secure.gravatar.com\/avatar\/bdd68544648abe37cdec72d9fec2a6f7cddbae789a5315e181e13d065d85a628?s=48&d=mm&r=g","96":"https:\/\/secure.gravatar.com\/avatar\/bdd68544648abe37cdec72d9fec2a6f7cddbae789a5315e181e13d065d85a628?s=96&d=mm&r=g"},"date":"2017-04-08T19:04:51","cld_nonce":"015d9540d6","content":{"rendered":"<p>Ne Menge KW f\u00fcr einen 1-Personen Haushalt..? (Jahresendabrechnung was nachgezahlt?)<\/p>\n"},"status":"1"},{"id":46686,"parent":0,"author":2550,"author_name":"MAX","author_email":"maxstahl@outlook.com","author_url":"","author_avatar_urls":{"24":"https:\/\/secure.gravatar.com\/avatar\/baa8420b54a519e302878331460593a8692483d5d41187ec53ed72d7d8fc4aa4?s=24&d=mm&r=g","48":"https:\/\/secure.gravatar.com\/avatar\/baa8420b54a519e302878331460593a8692483d5d41187ec53ed72d7d8fc4aa4?s=48&d=mm&r=g","96":"https:\/\/secure.gravatar.com\/avatar\/baa8420b54a519e302878331460593a8692483d5d41187ec53ed72d7d8fc4aa4?s=96&d=mm&r=g"},"date":"2017-04-08T20:46:00","cld_nonce":"015d9540d6","content":{"rendered":"<p>@alle<br \/>\nhoffentlich habt ihr alle \u00d6ko-Strom gebucht, vong Umweltliebe her.<\/p>\n"},"status":"1"},{"id":46692,"parent":46686,"author":2343,"author_name":"SirMarcvonGoskon","author_email":"marcsenn@web.de","author_url":"","author_avatar_urls":{"24":"https:\/\/secure.gravatar.com\/avatar\/9e62520146b31fd00d34e0e668aa8f0006e7445dcb1f8ee2166fee7fef2be7a3?s=24&d=mm&r=g","48":"https:\/\/secure.gravatar.com\/avatar\/9e62520146b31fd00d34e0e668aa8f0006e7445dcb1f8ee2166fee7fef2be7a3?s=48&d=mm&r=g","96":"https:\/\/secure.gravatar.com\/avatar\/9e62520146b31fd00d34e0e668aa8f0006e7445dcb1f8ee2166fee7fef2be7a3?s=96&d=mm&r=g"},"date":"2017-04-08T22:50:43","cld_nonce":"015d9540d6","content":{"rendered":"<p>naja ist mir eigentlich egal einfach strom soll fliesen<br \/>\nNee noch teurer dieses \u00f6ko zeuch Strom als ich zahlte in der Schweiz weniger als hier pro Monat f\u00fcr strom. <img src=\"https:\/\/www.deskmodder.de\/blog\/wp-content\/plugins\/classic-smilies\/img\/icon_wink.gif\" alt=\";-)\" class=\"wp-smiley\" \/><\/p>\n"},"status":"1"},{"id":46706,"parent":46683,"author":0,"author_name":"Herr Hugo","author_email":"hugohilter@t-online.de","author_url":"","author_avatar_urls":{"24":"https:\/\/secure.gravatar.com\/avatar\/dc5176746c873787fa3f8df5f9bdfbd2f7688721f771100eb4d7b4e82e2d655b?s=24&d=mm&r=g","48":"https:\/\/secure.gravatar.com\/avatar\/dc5176746c873787fa3f8df5f9bdfbd2f7688721f771100eb4d7b4e82e2d655b?s=48&d=mm&r=g","96":"https:\/\/secure.gravatar.com\/avatar\/dc5176746c873787fa3f8df5f9bdfbd2f7688721f771100eb4d7b4e82e2d655b?s=96&d=mm&r=g"},"date":"2017-04-09T01:36:48","cld_nonce":"015d9540d6","content":{"rendered":"<p>11x die 56,- das 12x (die End&#8230;) von ~ 50,- &#8211; 80,- also ziemlich gleichm\u00e4\u00dfig. Was ich anderswo weniger brauche (k\u00f6cheln nur mit Mikrowelle, keine Waschmaschine, , seltenst B\u00fcgelei, \u00fcberall LEDs, 3x pro Tag staubsaugen tu ich auch nicht&#8230;) brauche ich halt woanders mehr.<\/p>\n<p>Wenn man aber mal 30,-\/Monat nur compen nimmt, da sind andere Hobbys durchaus teurer (gut, die Hardware kostet auch, aber auch beim z.B. fotografieren kosten Cams &amp; Objektive ordentlich).<\/p>\n<p>Eine zus\u00e4tzliche Frauensperson, die w\u00e4re nat\u00fcrlich NOCH teurer &#8211; au\u00dfer die willkommene reiche Witwe. Eine solche ist aber leider nicht in Sicht, die Hugo\u00b4s Hardware auf neue Ebenen hilft. <img src=\"https:\/\/www.deskmodder.de\/blog\/wp-content\/plugins\/classic-smilies\/img\/icon_lol.gif\" alt=\":lol:\" class=\"wp-smiley\" \/><\/p>\n"},"status":"1"},{"id":46707,"parent":46667,"author":0,"author_name":"Herr Hugo","author_email":"hugohilter@t-online.de","author_url":"","author_avatar_urls":{"24":"https:\/\/secure.gravatar.com\/avatar\/dc5176746c873787fa3f8df5f9bdfbd2f7688721f771100eb4d7b4e82e2d655b?s=24&d=mm&r=g","48":"https:\/\/secure.gravatar.com\/avatar\/dc5176746c873787fa3f8df5f9bdfbd2f7688721f771100eb4d7b4e82e2d655b?s=48&d=mm&r=g","96":"https:\/\/secure.gravatar.com\/avatar\/dc5176746c873787fa3f8df5f9bdfbd2f7688721f771100eb4d7b4e82e2d655b?s=96&d=mm&r=g"},"date":"2017-04-09T01:55:28","cld_nonce":"015d9540d6","content":{"rendered":"<p>Stromverbrauch \u00e4hnlich, aber soviel wie du fummele ich nicht. Wenn ich die Laufzeiten aller Rechner addiere (ich habe ja nie alle 5 an, ab\/an mal 2) kommt vielleicht gut ~ 10 h raus.<\/p>\n<p>Beim lokalen Streamen &gt; TV l\u00e4uft ja kein Rechner mit, sondern nur TV &amp; NAS &amp; Fire TV, beim Streamen von Amazon ist das NAS im Ruhezustand, PC brauch\u00b4ich da auch keinen, beim linearen TV erst recht nicht.<\/p>\n<p>Wenn gebraucht (z.B. den gesehenen Film in den anderen Ordner auf dem NAS sortieren), gehe ich einen Meter und hole ein Notebook fix aus dem Standby.<br \/>\n&#8212;&#8212;&#8212;&#8212;&#8212;&#8212;&#8212;&#8212;<br \/>\nWinters- oder Sommerszeit beeinflussen mein compen &#8222;0&#8220; &#8211; Herr Hugo mag eh keine pralle Sonne, er sitzt lieber im Schatten. Auch im Hochsommer leuchtet die Sonne das Wohnputerzimmer nicht aus &#8211; recht dichte Gardinen sorgen daf\u00fcr.<\/p>\n<p>Allerdings erw\u00e4rmt die Sonne trotzdem Mauern und K\u00e4mmerchen, Comps und Monitore verbreiten auch W\u00e4rme. Klimaanlage ist aber nicht (die w\u00fcrde ja auch NOCH mehr Strom verbrauchen) &#8211; da sitze ich nur in Boxershorts und habe einen Turmventilator laufen.<\/p>\n<p>Jaaah &#8211; der braucht Strom, aber nicht so ville ~ 40 &#8211; 50 Watt. Aber unter 30\u00b0 im St\u00fcbchen schalte ich den eh nicht ein.<\/p>\n"},"status":"1"},{"id":46708,"parent":46707,"author":2371,"author_name":"Birkuli","author_email":"birkuli@t-online.de","author_url":"","author_avatar_urls":{"24":"https:\/\/secure.gravatar.com\/avatar\/779ab74708368fd5da13cb60a3093905cb0f2da05766b9cd0bb8b5249744b5a9?s=24&d=mm&r=g","48":"https:\/\/secure.gravatar.com\/avatar\/779ab74708368fd5da13cb60a3093905cb0f2da05766b9cd0bb8b5249744b5a9?s=48&d=mm&r=g","96":"https:\/\/secure.gravatar.com\/avatar\/779ab74708368fd5da13cb60a3093905cb0f2da05766b9cd0bb8b5249744b5a9?s=96&d=mm&r=g"},"date":"2017-04-09T02:23:17","cld_nonce":"015d9540d6","content":{"rendered":"<p>naja Herr Hugo, was soll auch der Geiz, f\u00fcr irgendwas haben wir ja auch ein leben lang gearbeitet und Spa\u00df mu\u00df sein, wenn das nicht mehr drinn w\u00e4re k\u00f6nnte man sich auch erschie\u00dfen.<\/p>\n"},"status":"1"},{"id":46715,"parent":46706,"author":0,"author_name":"Peter Christian","author_email":"petercnowak@icloud.com","author_url":"","author_avatar_urls":{"24":"https:\/\/secure.gravatar.com\/avatar\/bdd68544648abe37cdec72d9fec2a6f7cddbae789a5315e181e13d065d85a628?s=24&d=mm&r=g","48":"https:\/\/secure.gravatar.com\/avatar\/bdd68544648abe37cdec72d9fec2a6f7cddbae789a5315e181e13d065d85a628?s=48&d=mm&r=g","96":"https:\/\/secure.gravatar.com\/avatar\/bdd68544648abe37cdec72d9fec2a6f7cddbae789a5315e181e13d065d85a628?s=96&d=mm&r=g"},"date":"2017-04-09T11:17:15","cld_nonce":"015d9540d6","content":{"rendered":"<p>Ja, das Fotografieren kann ein teures Hobby sein. Da ist f\u00fcr ein Objektiv schon mal 15000\u20ac und mehr f\u00e4llig; je nach Anwendungsoption.<br \/>\nAllerdings geh\u00f6ren solche Ausgaben zum (notwendiges) Investment f\u00fcr ein Unternehmen, was wiederum von der Steuer absetzbar ist. Im Filmbereich-Professional steigen dann die Kosten durch die Decke des M\u00f6glichen f\u00fcr einen Amateur, was dann nicht mehr f\u00fcr eine Hobby-Filmerei vertretbar ist. Im Profi-Bereich ist dann auch Arbeitsteilung durch Spezialisierung angesagt. Einer allein kann die vielf\u00e4ltigen technischen Aufgaben  gar nicht bewerkstelligen.<\/p>\n"},"status":"1"},{"id":46716,"parent":46686,"author":0,"author_name":"Peter Christian","author_email":"petercnowak@icloud.com","author_url":"","author_avatar_urls":{"24":"https:\/\/secure.gravatar.com\/avatar\/bdd68544648abe37cdec72d9fec2a6f7cddbae789a5315e181e13d065d85a628?s=24&d=mm&r=g","48":"https:\/\/secure.gravatar.com\/avatar\/bdd68544648abe37cdec72d9fec2a6f7cddbae789a5315e181e13d065d85a628?s=48&d=mm&r=g","96":"https:\/\/secure.gravatar.com\/avatar\/bdd68544648abe37cdec72d9fec2a6f7cddbae789a5315e181e13d065d85a628?s=96&d=mm&r=g"},"date":"2017-04-09T11:48:35","cld_nonce":"015d9540d6","content":{"rendered":"<p>@Max Teilweise ja. Ist wohl so ein Mix aus Erneuerbaren: (Kraftw\u00e4rmekopplung) und Windm\u00fchlen und konventioneller Stromerzeugung, und Windm\u00fchlen wie gesagt, die immer dann Strom liefern, wenn er nicht gebraucht wird. Also, schon paradox, das Ganze. Das EEG ist enorm ineffizient und Verbraucher unfreundlich gestaltet, und vor alllem teuer f\u00fcr diejenigen, die wenig Geld haben. Denn wenn Investoren Strom produzieren, der entweder mangels Leitung oder weil er momentan nicht gebraucht wird, er dennoch von den Stromkunden bezahlt werden muss, dann ist das eine elende Situation, und entspricht nicht den Marktgesetzen. Normalerweise regeln Angebot und Nachfrage den Preis. Im EEG ist dieses Marktregelungsgesetz abgeschafft; zu Ungunsten der Verbraucher. So stehen Windm\u00fchlen dumm in der Gegend herum, die sich fr\u00f6hlich drehen, aber deren Strom m\u00f6glicherweise nicht weitertransportiert wird, mangels Anschlu\u00df ans Netz, beispielsweise. Auch dieser Strom, der nicht flie\u00dfen kann, muss von den Verbrauchern bezahlt werden. Trotz drehender Windm\u00fchlen und Solarpanels m\u00fcssen f\u00fcr die Grundlast zus\u00e4tzlich Gaskraftwerke oder auch Kohle die Spitzen bereitgestellt werden. Wenn wenig Wind weht oder wenig Solarstrom mangels Sonne erzeugt wird, m\u00fcssen die konventionellen Kraftwerke in Aktion treten, was wiederum den Strompreis durch die Decke treibt. Mittlerweile sind aufgrund der verkrachten Energiewende bis zu mehreren Hunderttausend Haushalte ohne Strom, weil die Leute ihn nich mehr bezahlen k\u00f6nnen.<br \/>\nAll das f\u00fchrt manchmal zu absurden Situationen: Strom aus Erneuerbaren mussten nach \u00d6sterreich wegen \u00dcberlastung der Leitungswrge umgeleitet werden. Daf\u00fcr mussten deutsche Verbraucher bezahlen. Als er zu Spitzenzeiten wieder gebraucht wurde, hat \u00d6sterreich nochmal zugeschlagen und zum doppelten Preis, wie er uns gekostet hat, wieder ins deutsche Stromnetz zur\u00fcck transportiert. Irre, was hier unter dem so fr\u00f6hlich &#8222;umweltfreundlichen&#8220;  EEG l\u00e4uft.<\/p>\n"},"status":"1"},{"id":46718,"parent":46716,"author":2550,"author_name":"MAX","author_email":"maxstahl@outlook.com","author_url":"","author_avatar_urls":{"24":"https:\/\/secure.gravatar.com\/avatar\/baa8420b54a519e302878331460593a8692483d5d41187ec53ed72d7d8fc4aa4?s=24&d=mm&r=g","48":"https:\/\/secure.gravatar.com\/avatar\/baa8420b54a519e302878331460593a8692483d5d41187ec53ed72d7d8fc4aa4?s=48&d=mm&r=g","96":"https:\/\/secure.gravatar.com\/avatar\/baa8420b54a519e302878331460593a8692483d5d41187ec53ed72d7d8fc4aa4?s=96&d=mm&r=g"},"date":"2017-04-09T12:23:16","cld_nonce":"015d9540d6","content":{"rendered":"<p>Das war von mir auch mehr als Witz gedacht, weil ich finde man h\u00e4tte die Gelder f\u00fcr den Energiewandel lieber in die Erforschung von Kernfusion und die Sicherheit der Kernspaltungskraftwerke investieren sollen, bzw. in die Forschung f\u00fcr Akkumulatoren.<\/p>\n"},"status":"1"},{"id":46724,"parent":0,"author":0,"author_name":"Herr Hugo","author_email":"hugohilter@t-online.de","author_url":"","author_avatar_urls":{"24":"https:\/\/secure.gravatar.com\/avatar\/dc5176746c873787fa3f8df5f9bdfbd2f7688721f771100eb4d7b4e82e2d655b?s=24&d=mm&r=g","48":"https:\/\/secure.gravatar.com\/avatar\/dc5176746c873787fa3f8df5f9bdfbd2f7688721f771100eb4d7b4e82e2d655b?s=48&d=mm&r=g","96":"https:\/\/secure.gravatar.com\/avatar\/dc5176746c873787fa3f8df5f9bdfbd2f7688721f771100eb4d7b4e82e2d655b?s=96&d=mm&r=g"},"date":"2017-04-09T12:59:34","cld_nonce":"015d9540d6","content":{"rendered":"<p>@Herren Birkuli &amp; Peter (Christian):<\/p>\n<p>&#8222;&#8230;und Spa\u00df mu\u00df sein, wenn das nicht mehr drin w\u00e4re k\u00f6nnte man sich auch erschie\u00dfen.&#8220;<\/p>\n<p>Erschie\u00dfen ist auch nicht billich &#8211; mangels Waffenschein m\u00fc\u00dfte man sich die Wumme (38-er ++ sollte es schon sein) ja in dunklen Kan\u00e4len besorgen. Was man so h\u00f6rt, f\u00fcr den Gegenwert eines nicht schwachen PCs&#8230;<br \/>\n&#8212;&#8212;&#8212;&#8212;&#8212;&#8212;&#8212;&#8212;&#8212;&#8211;<\/p>\n<p>Ich kenne die Preise f\u00fcr Profi Canon\/Nikon DSLRs und deren Objektive, auch die von Leica M und Hasselblad MiFo digital &#8211; oder gar von Phase One. Die o.a. reiche Witwe m\u00fc\u00dfte schon &#8222;richtig reich&#8220; und gebefreudig sein. <\/p>\n<p>Ich habe so um 2001 in Polen im in so\u00b4nem Biergarten einen einheimischen beobachtet, der sich mit einer kleineren Digi-Filmcam &#8222;in Szene gesetzt&#8220; hat. Aber nur so lange, bis ich eine Mamiya M645J mit aufgesetztem Blitz und Riesengriff hervorgeholt habe. Da blieben Mund und Nase offen, grins.<\/p>\n<p>Ordentliches Fuchteln und hinknien vor dem Gesangsduo (die vom o.a. Polen gefilmt wurden) war nat\u00fcrlich Pflicht. Fast w\u00e4re ich hingefallen, weil ich schon einige Kognaks intus hatte &#8211; das konnte ich aber noch mit letztem Geschick vermeiden. <\/p>\n<p>Ja, die Fotos waren brauchbar, ich habe sie da entwickeln lassen und dem Duo beim n\u00e4chsten Treffen verehrt. G\u00f6ld wollte ich nicht daf\u00fcr &#8211; also mu\u00dfte ich wieder einige Kognaks s\u00fcffeln, aber dann auf deren Rechnung.<\/p>\n"},"status":"1"}],"wp_author":{"id":2550,"name":"MAX","description":"Begeisterter Technik-Enthusiast, der aktuell zwei Welten vereint. Windows auf PC sowie Xbox und iOS auf dem iPhone, als auch auf dem iPad. Gespaltene Pers\u00f6nlichkeit w\u00fcrde ich sagen. ;)","author_avatar_urls":{"24":"https:\/\/secure.gravatar.com\/avatar\/0a924a9e0119dd457d49c2eb1fa27ade332376ba6138336743cdd8c221e4a3a3?s=24&d=mm&r=g","48":"https:\/\/secure.gravatar.com\/avatar\/0a924a9e0119dd457d49c2eb1fa27ade332376ba6138336743cdd8c221e4a3a3?s=48&d=mm&r=g","96":"https:\/\/secure.gravatar.com\/avatar\/0a924a9e0119dd457d49c2eb1fa27ade332376ba6138336743cdd8c221e4a3a3?s=96&d=mm&r=g"}},"cld_nonce":"015d9540d6","yoast_head":"<!-- This site is optimized with the Yoast SEO Premium plugin v27.5 (Yoast SEO v27.5) - https:\/\/yoast.com\/product\/yoast-seo-premium-wordpress\/ -->\n<title>AMD Ryzen - Energiesparplan &quot;H\u00f6chstleistung&quot; nicht mehr erforderlich und AGESA Update - Deskmodder.de<\/title>\n<meta name=\"description\" content=\"AMD ver\u00f6ffentlicht f\u00fcr seine Ryzen Prozessoren den Energiesparplan &quot;AMD Ryzen\u2122 Balanced&quot; [Download] und Updates f\u00fcr Ryzen Master sowie f\u00fcr AGESA.\" \/>\n<meta name=\"robots\" content=\"index, follow, max-snippet:-1, max-image-preview:large, max-video-preview:-1\" \/>\n<link rel=\"canonical\" href=\"https:\/\/www.deskmodder.de\/blog\/2017\/04\/06\/amd-ryzen-energiesparplan-hoechstleistung-nicht-mehr-erforderlich\/\" \/>\n<meta property=\"og:locale\" content=\"de_DE\" \/>\n<meta property=\"og:type\" content=\"article\" \/>\n<meta property=\"og:title\" content=\"AMD Ryzen - Energiesparplan &quot;H\u00f6chstleistung&quot; nicht mehr erforderlich und AGESA Update\" \/>\n<meta property=\"og:description\" content=\"AMD ver\u00f6ffentlicht f\u00fcr seine Ryzen Prozessoren den Energiesparplan &quot;AMD Ryzen\u2122 Balanced&quot; [Download] und Updates f\u00fcr Ryzen Master sowie f\u00fcr AGESA.\" \/>\n<meta property=\"og:url\" content=\"https:\/\/www.deskmodder.de\/blog\/2017\/04\/06\/amd-ryzen-energiesparplan-hoechstleistung-nicht-mehr-erforderlich\/\" \/>\n<meta property=\"og:site_name\" content=\"Deskmodder.de\" \/>\n<meta property=\"article:publisher\" content=\"https:\/\/www.facebook.com\/Deskmodder\" \/>\n<meta property=\"article:published_time\" content=\"2017-04-06T21:27:11+00:00\" \/>\n<meta property=\"article:modified_time\" content=\"2017-04-07T15:23:13+00:00\" \/>\n<meta property=\"og:image\" content=\"https:\/\/www.deskmodder.de\/blog\/wp-content\/uploads\/2017\/02\/amd-ryzen-700x200.jpg\" \/>\n\t<meta property=\"og:image:width\" content=\"700\" \/>\n\t<meta property=\"og:image:height\" content=\"200\" \/>\n\t<meta property=\"og:image:type\" content=\"image\/jpeg\" \/>\n<meta name=\"author\" content=\"MAX\" \/>\n<meta name=\"twitter:card\" content=\"summary_large_image\" \/>\n<meta name=\"twitter:creator\" content=\"@themximum\" \/>\n<meta name=\"twitter:site\" content=\"@Deskmodder\" \/>\n<script type=\"application\/ld+json\" class=\"yoast-schema-graph\">{\"@context\":\"https:\\\/\\\/schema.org\",\"@graph\":[{\"@type\":\"Article\",\"@id\":\"https:\\\/\\\/www.deskmodder.de\\\/blog\\\/2017\\\/04\\\/06\\\/amd-ryzen-energiesparplan-hoechstleistung-nicht-mehr-erforderlich\\\/#article\",\"isPartOf\":{\"@id\":\"https:\\\/\\\/www.deskmodder.de\\\/blog\\\/2017\\\/04\\\/06\\\/amd-ryzen-energiesparplan-hoechstleistung-nicht-mehr-erforderlich\\\/\"},\"author\":{\"name\":\"MAX\",\"@id\":\"https:\\\/\\\/www.deskmodder.de\\\/blog\\\/#\\\/schema\\\/person\\\/bd4b9506e83c661f1de1af925c726d7c\"},\"headline\":\"AMD Ryzen &#8211; Energiesparplan &#8222;H\u00f6chstleistung&#8220; nicht mehr erforderlich und AGESA Update\",\"datePublished\":\"2017-04-06T21:27:11+00:00\",\"dateModified\":\"2017-04-07T15:23:13+00:00\",\"mainEntityOfPage\":{\"@id\":\"https:\\\/\\\/www.deskmodder.de\\\/blog\\\/2017\\\/04\\\/06\\\/amd-ryzen-energiesparplan-hoechstleistung-nicht-mehr-erforderlich\\\/\"},\"wordCount\":930,\"commentCount\":23,\"publisher\":{\"@id\":\"https:\\\/\\\/www.deskmodder.de\\\/blog\\\/#organization\"},\"image\":{\"@id\":\"https:\\\/\\\/www.deskmodder.de\\\/blog\\\/2017\\\/04\\\/06\\\/amd-ryzen-energiesparplan-hoechstleistung-nicht-mehr-erforderlich\\\/#primaryimage\"},\"thumbnailUrl\":\"https:\\\/\\\/www.deskmodder.de\\\/blog\\\/wp-content\\\/uploads\\\/2017\\\/02\\\/amd-ryzen-700x200.jpg\",\"keywords\":[\"AGESA\",\"AMD\",\"Bios\",\"Chipsatz\",\"Energiesparplan\",\"Firmware\",\"HPET\",\"Mainboard\",\"Management\",\"Microsoft\",\"P-State\",\"Power\",\"Ryzen\",\"Update\",\"Windows 10\"],\"articleSection\":[\"Hardware\"],\"inLanguage\":\"de\",\"potentialAction\":[{\"@type\":\"CommentAction\",\"name\":\"Comment\",\"target\":[\"https:\\\/\\\/www.deskmodder.de\\\/blog\\\/2017\\\/04\\\/06\\\/amd-ryzen-energiesparplan-hoechstleistung-nicht-mehr-erforderlich\\\/#respond\"]}],\"copyrightYear\":\"2017\",\"copyrightHolder\":{\"@id\":\"https:\\\/\\\/www.deskmodder.de\\\/blog\\\/#organization\"}},{\"@type\":\"WebPage\",\"@id\":\"https:\\\/\\\/www.deskmodder.de\\\/blog\\\/2017\\\/04\\\/06\\\/amd-ryzen-energiesparplan-hoechstleistung-nicht-mehr-erforderlich\\\/\",\"url\":\"https:\\\/\\\/www.deskmodder.de\\\/blog\\\/2017\\\/04\\\/06\\\/amd-ryzen-energiesparplan-hoechstleistung-nicht-mehr-erforderlich\\\/\",\"name\":\"AMD Ryzen - Energiesparplan \\\"H\u00f6chstleistung\\\" nicht mehr erforderlich und AGESA Update - Deskmodder.de\",\"isPartOf\":{\"@id\":\"https:\\\/\\\/www.deskmodder.de\\\/blog\\\/#website\"},\"primaryImageOfPage\":{\"@id\":\"https:\\\/\\\/www.deskmodder.de\\\/blog\\\/2017\\\/04\\\/06\\\/amd-ryzen-energiesparplan-hoechstleistung-nicht-mehr-erforderlich\\\/#primaryimage\"},\"image\":{\"@id\":\"https:\\\/\\\/www.deskmodder.de\\\/blog\\\/2017\\\/04\\\/06\\\/amd-ryzen-energiesparplan-hoechstleistung-nicht-mehr-erforderlich\\\/#primaryimage\"},\"thumbnailUrl\":\"https:\\\/\\\/www.deskmodder.de\\\/blog\\\/wp-content\\\/uploads\\\/2017\\\/02\\\/amd-ryzen-700x200.jpg\",\"datePublished\":\"2017-04-06T21:27:11+00:00\",\"dateModified\":\"2017-04-07T15:23:13+00:00\",\"description\":\"AMD ver\u00f6ffentlicht f\u00fcr seine Ryzen Prozessoren den Energiesparplan \\\"AMD Ryzen\u2122 Balanced\\\" [Download] und Updates f\u00fcr Ryzen Master sowie f\u00fcr AGESA.\",\"breadcrumb\":{\"@id\":\"https:\\\/\\\/www.deskmodder.de\\\/blog\\\/2017\\\/04\\\/06\\\/amd-ryzen-energiesparplan-hoechstleistung-nicht-mehr-erforderlich\\\/#breadcrumb\"},\"inLanguage\":\"de\",\"potentialAction\":[{\"@type\":\"ReadAction\",\"target\":[\"https:\\\/\\\/www.deskmodder.de\\\/blog\\\/2017\\\/04\\\/06\\\/amd-ryzen-energiesparplan-hoechstleistung-nicht-mehr-erforderlich\\\/\"]}]},{\"@type\":\"ImageObject\",\"inLanguage\":\"de\",\"@id\":\"https:\\\/\\\/www.deskmodder.de\\\/blog\\\/2017\\\/04\\\/06\\\/amd-ryzen-energiesparplan-hoechstleistung-nicht-mehr-erforderlich\\\/#primaryimage\",\"url\":\"https:\\\/\\\/www.deskmodder.de\\\/blog\\\/wp-content\\\/uploads\\\/2017\\\/02\\\/amd-ryzen-700x200.jpg\",\"contentUrl\":\"https:\\\/\\\/www.deskmodder.de\\\/blog\\\/wp-content\\\/uploads\\\/2017\\\/02\\\/amd-ryzen-700x200.jpg\",\"width\":700,\"height\":200},{\"@type\":\"BreadcrumbList\",\"@id\":\"https:\\\/\\\/www.deskmodder.de\\\/blog\\\/2017\\\/04\\\/06\\\/amd-ryzen-energiesparplan-hoechstleistung-nicht-mehr-erforderlich\\\/#breadcrumb\",\"itemListElement\":[{\"@type\":\"ListItem\",\"position\":1,\"name\":\"Startseite\",\"item\":\"https:\\\/\\\/www.deskmodder.de\\\/blog\\\/\"},{\"@type\":\"ListItem\",\"position\":2,\"name\":\"AMD Ryzen &#8211; Energiesparplan &#8222;H\u00f6chstleistung&#8220; nicht mehr erforderlich und AGESA Update\"}]},{\"@type\":\"WebSite\",\"@id\":\"https:\\\/\\\/www.deskmodder.de\\\/blog\\\/#website\",\"url\":\"https:\\\/\\\/www.deskmodder.de\\\/blog\\\/\",\"name\":\"Deskmodder.de\",\"description\":\"News zum Thema Microsoft, Windows 11 \\\/ 10, sowie anderen Neuigkeiten aus dem Netz, viele Tipps und individuelle Hilfe bei Problemen in unserem Forum \u25cf Deskmodder - seit 2003\",\"publisher\":{\"@id\":\"https:\\\/\\\/www.deskmodder.de\\\/blog\\\/#organization\"},\"potentialAction\":[{\"@type\":\"SearchAction\",\"target\":{\"@type\":\"EntryPoint\",\"urlTemplate\":\"https:\\\/\\\/www.deskmodder.de\\\/blog\\\/?s={search_term_string}\"},\"query-input\":{\"@type\":\"PropertyValueSpecification\",\"valueRequired\":true,\"valueName\":\"search_term_string\"}}],\"inLanguage\":\"de\"},{\"@type\":\"Organization\",\"@id\":\"https:\\\/\\\/www.deskmodder.de\\\/blog\\\/#organization\",\"name\":\"Deskmodder\",\"url\":\"https:\\\/\\\/www.deskmodder.de\\\/blog\\\/\",\"logo\":{\"@type\":\"ImageObject\",\"inLanguage\":\"de\",\"@id\":\"https:\\\/\\\/www.deskmodder.de\\\/blog\\\/#\\\/schema\\\/logo\\\/image\\\/\",\"url\":\"https:\\\/\\\/www.deskmodder.de\\\/blog\\\/wp-content\\\/uploads\\\/2019\\\/01\\\/deskmodder-logo-app.png\",\"contentUrl\":\"https:\\\/\\\/www.deskmodder.de\\\/blog\\\/wp-content\\\/uploads\\\/2019\\\/01\\\/deskmodder-logo-app.png\",\"width\":281,\"height\":286,\"caption\":\"Deskmodder\"},\"image\":{\"@id\":\"https:\\\/\\\/www.deskmodder.de\\\/blog\\\/#\\\/schema\\\/logo\\\/image\\\/\"},\"sameAs\":[\"https:\\\/\\\/www.facebook.com\\\/Deskmodder\",\"https:\\\/\\\/x.com\\\/Deskmodder\",\"https:\\\/\\\/mastodontech.de\\\/@Deskmodder\",\"https:\\\/\\\/www.youtube.com\\\/user\\\/deskmodder\",\"https:\\\/\\\/mewe.com\\\/group\\\/5c83b5231add826fc80cdae1\"]},{\"@type\":\"Person\",\"@id\":\"https:\\\/\\\/www.deskmodder.de\\\/blog\\\/#\\\/schema\\\/person\\\/bd4b9506e83c661f1de1af925c726d7c\",\"name\":\"MAX\",\"image\":{\"@type\":\"ImageObject\",\"inLanguage\":\"de\",\"@id\":\"https:\\\/\\\/secure.gravatar.com\\\/avatar\\\/0a924a9e0119dd457d49c2eb1fa27ade332376ba6138336743cdd8c221e4a3a3?s=96&d=mm&r=g\",\"url\":\"https:\\\/\\\/secure.gravatar.com\\\/avatar\\\/0a924a9e0119dd457d49c2eb1fa27ade332376ba6138336743cdd8c221e4a3a3?s=96&d=mm&r=g\",\"contentUrl\":\"https:\\\/\\\/secure.gravatar.com\\\/avatar\\\/0a924a9e0119dd457d49c2eb1fa27ade332376ba6138336743cdd8c221e4a3a3?s=96&d=mm&r=g\",\"caption\":\"MAX\"},\"description\":\"Begeisterter Technik-Enthusiast, der aktuell zwei Welten vereint. Windows auf PC sowie Xbox und iOS auf dem iPhone, als auch auf dem iPad. Gespaltene Pers\u00f6nlichkeit w\u00fcrde ich sagen. ;)\",\"sameAs\":[\"https:\\\/\\\/www.instagram.com\\\/themximum\\\/\",\"https:\\\/\\\/x.com\\\/themximum\"],\"url\":\"https:\\\/\\\/www.deskmodder.de\\\/blog\\\/author\\\/max\\\/\"}]}<\/script>\n<!-- \/ Yoast SEO Premium plugin. -->","yoast_head_json":{"title":"AMD Ryzen - Energiesparplan \"H\u00f6chstleistung\" nicht mehr erforderlich und AGESA Update - Deskmodder.de","description":"AMD ver\u00f6ffentlicht f\u00fcr seine Ryzen Prozessoren den Energiesparplan \"AMD Ryzen\u2122 Balanced\" [Download] und Updates f\u00fcr Ryzen Master sowie f\u00fcr AGESA.","robots":{"index":"index","follow":"follow","max-snippet":"max-snippet:-1","max-image-preview":"max-image-preview:large","max-video-preview":"max-video-preview:-1"},"canonical":"https:\/\/www.deskmodder.de\/blog\/2017\/04\/06\/amd-ryzen-energiesparplan-hoechstleistung-nicht-mehr-erforderlich\/","og_locale":"de_DE","og_type":"article","og_title":"AMD Ryzen - Energiesparplan \"H\u00f6chstleistung\" nicht mehr erforderlich und AGESA Update","og_description":"AMD ver\u00f6ffentlicht f\u00fcr seine Ryzen Prozessoren den Energiesparplan \"AMD Ryzen\u2122 Balanced\" [Download] und Updates f\u00fcr Ryzen Master sowie f\u00fcr AGESA.","og_url":"https:\/\/www.deskmodder.de\/blog\/2017\/04\/06\/amd-ryzen-energiesparplan-hoechstleistung-nicht-mehr-erforderlich\/","og_site_name":"Deskmodder.de","article_publisher":"https:\/\/www.facebook.com\/Deskmodder","article_published_time":"2017-04-06T21:27:11+00:00","article_modified_time":"2017-04-07T15:23:13+00:00","og_image":[{"width":700,"height":200,"url":"https:\/\/www.deskmodder.de\/blog\/wp-content\/uploads\/2017\/02\/amd-ryzen-700x200.jpg","type":"image\/jpeg"}],"author":"MAX","twitter_card":"summary_large_image","twitter_creator":"@themximum","twitter_site":"@Deskmodder","schema":{"@context":"https:\/\/schema.org","@graph":[{"@type":"Article","@id":"https:\/\/www.deskmodder.de\/blog\/2017\/04\/06\/amd-ryzen-energiesparplan-hoechstleistung-nicht-mehr-erforderlich\/#article","isPartOf":{"@id":"https:\/\/www.deskmodder.de\/blog\/2017\/04\/06\/amd-ryzen-energiesparplan-hoechstleistung-nicht-mehr-erforderlich\/"},"author":{"name":"MAX","@id":"https:\/\/www.deskmodder.de\/blog\/#\/schema\/person\/bd4b9506e83c661f1de1af925c726d7c"},"headline":"AMD Ryzen &#8211; Energiesparplan &#8222;H\u00f6chstleistung&#8220; nicht mehr erforderlich und AGESA Update","datePublished":"2017-04-06T21:27:11+00:00","dateModified":"2017-04-07T15:23:13+00:00","mainEntityOfPage":{"@id":"https:\/\/www.deskmodder.de\/blog\/2017\/04\/06\/amd-ryzen-energiesparplan-hoechstleistung-nicht-mehr-erforderlich\/"},"wordCount":930,"commentCount":23,"publisher":{"@id":"https:\/\/www.deskmodder.de\/blog\/#organization"},"image":{"@id":"https:\/\/www.deskmodder.de\/blog\/2017\/04\/06\/amd-ryzen-energiesparplan-hoechstleistung-nicht-mehr-erforderlich\/#primaryimage"},"thumbnailUrl":"https:\/\/www.deskmodder.de\/blog\/wp-content\/uploads\/2017\/02\/amd-ryzen-700x200.jpg","keywords":["AGESA","AMD","Bios","Chipsatz","Energiesparplan","Firmware","HPET","Mainboard","Management","Microsoft","P-State","Power","Ryzen","Update","Windows 10"],"articleSection":["Hardware"],"inLanguage":"de","potentialAction":[{"@type":"CommentAction","name":"Comment","target":["https:\/\/www.deskmodder.de\/blog\/2017\/04\/06\/amd-ryzen-energiesparplan-hoechstleistung-nicht-mehr-erforderlich\/#respond"]}],"copyrightYear":"2017","copyrightHolder":{"@id":"https:\/\/www.deskmodder.de\/blog\/#organization"}},{"@type":"WebPage","@id":"https:\/\/www.deskmodder.de\/blog\/2017\/04\/06\/amd-ryzen-energiesparplan-hoechstleistung-nicht-mehr-erforderlich\/","url":"https:\/\/www.deskmodder.de\/blog\/2017\/04\/06\/amd-ryzen-energiesparplan-hoechstleistung-nicht-mehr-erforderlich\/","name":"AMD Ryzen - Energiesparplan \"H\u00f6chstleistung\" nicht mehr erforderlich und AGESA Update - Deskmodder.de","isPartOf":{"@id":"https:\/\/www.deskmodder.de\/blog\/#website"},"primaryImageOfPage":{"@id":"https:\/\/www.deskmodder.de\/blog\/2017\/04\/06\/amd-ryzen-energiesparplan-hoechstleistung-nicht-mehr-erforderlich\/#primaryimage"},"image":{"@id":"https:\/\/www.deskmodder.de\/blog\/2017\/04\/06\/amd-ryzen-energiesparplan-hoechstleistung-nicht-mehr-erforderlich\/#primaryimage"},"thumbnailUrl":"https:\/\/www.deskmodder.de\/blog\/wp-content\/uploads\/2017\/02\/amd-ryzen-700x200.jpg","datePublished":"2017-04-06T21:27:11+00:00","dateModified":"2017-04-07T15:23:13+00:00","description":"AMD ver\u00f6ffentlicht f\u00fcr seine Ryzen Prozessoren den Energiesparplan \"AMD Ryzen\u2122 Balanced\" [Download] und Updates f\u00fcr Ryzen Master sowie f\u00fcr AGESA.","breadcrumb":{"@id":"https:\/\/www.deskmodder.de\/blog\/2017\/04\/06\/amd-ryzen-energiesparplan-hoechstleistung-nicht-mehr-erforderlich\/#breadcrumb"},"inLanguage":"de","potentialAction":[{"@type":"ReadAction","target":["https:\/\/www.deskmodder.de\/blog\/2017\/04\/06\/amd-ryzen-energiesparplan-hoechstleistung-nicht-mehr-erforderlich\/"]}]},{"@type":"ImageObject","inLanguage":"de","@id":"https:\/\/www.deskmodder.de\/blog\/2017\/04\/06\/amd-ryzen-energiesparplan-hoechstleistung-nicht-mehr-erforderlich\/#primaryimage","url":"https:\/\/www.deskmodder.de\/blog\/wp-content\/uploads\/2017\/02\/amd-ryzen-700x200.jpg","contentUrl":"https:\/\/www.deskmodder.de\/blog\/wp-content\/uploads\/2017\/02\/amd-ryzen-700x200.jpg","width":700,"height":200},{"@type":"BreadcrumbList","@id":"https:\/\/www.deskmodder.de\/blog\/2017\/04\/06\/amd-ryzen-energiesparplan-hoechstleistung-nicht-mehr-erforderlich\/#breadcrumb","itemListElement":[{"@type":"ListItem","position":1,"name":"Startseite","item":"https:\/\/www.deskmodder.de\/blog\/"},{"@type":"ListItem","position":2,"name":"AMD Ryzen &#8211; Energiesparplan &#8222;H\u00f6chstleistung&#8220; nicht mehr erforderlich und AGESA Update"}]},{"@type":"WebSite","@id":"https:\/\/www.deskmodder.de\/blog\/#website","url":"https:\/\/www.deskmodder.de\/blog\/","name":"Deskmodder.de","description":"News zum Thema Microsoft, Windows 11 \/ 10, sowie anderen Neuigkeiten aus dem Netz, viele Tipps und individuelle Hilfe bei Problemen in unserem Forum \u25cf Deskmodder - seit 2003","publisher":{"@id":"https:\/\/www.deskmodder.de\/blog\/#organization"},"potentialAction":[{"@type":"SearchAction","target":{"@type":"EntryPoint","urlTemplate":"https:\/\/www.deskmodder.de\/blog\/?s={search_term_string}"},"query-input":{"@type":"PropertyValueSpecification","valueRequired":true,"valueName":"search_term_string"}}],"inLanguage":"de"},{"@type":"Organization","@id":"https:\/\/www.deskmodder.de\/blog\/#organization","name":"Deskmodder","url":"https:\/\/www.deskmodder.de\/blog\/","logo":{"@type":"ImageObject","inLanguage":"de","@id":"https:\/\/www.deskmodder.de\/blog\/#\/schema\/logo\/image\/","url":"https:\/\/www.deskmodder.de\/blog\/wp-content\/uploads\/2019\/01\/deskmodder-logo-app.png","contentUrl":"https:\/\/www.deskmodder.de\/blog\/wp-content\/uploads\/2019\/01\/deskmodder-logo-app.png","width":281,"height":286,"caption":"Deskmodder"},"image":{"@id":"https:\/\/www.deskmodder.de\/blog\/#\/schema\/logo\/image\/"},"sameAs":["https:\/\/www.facebook.com\/Deskmodder","https:\/\/x.com\/Deskmodder","https:\/\/mastodontech.de\/@Deskmodder","https:\/\/www.youtube.com\/user\/deskmodder","https:\/\/mewe.com\/group\/5c83b5231add826fc80cdae1"]},{"@type":"Person","@id":"https:\/\/www.deskmodder.de\/blog\/#\/schema\/person\/bd4b9506e83c661f1de1af925c726d7c","name":"MAX","image":{"@type":"ImageObject","inLanguage":"de","@id":"https:\/\/secure.gravatar.com\/avatar\/0a924a9e0119dd457d49c2eb1fa27ade332376ba6138336743cdd8c221e4a3a3?s=96&d=mm&r=g","url":"https:\/\/secure.gravatar.com\/avatar\/0a924a9e0119dd457d49c2eb1fa27ade332376ba6138336743cdd8c221e4a3a3?s=96&d=mm&r=g","contentUrl":"https:\/\/secure.gravatar.com\/avatar\/0a924a9e0119dd457d49c2eb1fa27ade332376ba6138336743cdd8c221e4a3a3?s=96&d=mm&r=g","caption":"MAX"},"description":"Begeisterter Technik-Enthusiast, der aktuell zwei Welten vereint. Windows auf PC sowie Xbox und iOS auf dem iPhone, als auch auf dem iPad. Gespaltene Pers\u00f6nlichkeit w\u00fcrde ich sagen. ;)","sameAs":["https:\/\/www.instagram.com\/themximum\/","https:\/\/x.com\/themximum"],"url":"https:\/\/www.deskmodder.de\/blog\/author\/max\/"}]}},"jetpack_publicize_connections":[],"jetpack_featured_media_url":"https:\/\/www.deskmodder.de\/blog\/wp-content\/uploads\/2017\/02\/amd-ryzen-700x200.jpg","_links":{"self":[{"href":"https:\/\/www.deskmodder.de\/blog\/wp-json\/wp\/v2\/posts\/82635","targetHints":{"allow":["GET"]}}],"collection":[{"href":"https:\/\/www.deskmodder.de\/blog\/wp-json\/wp\/v2\/posts"}],"about":[{"href":"https:\/\/www.deskmodder.de\/blog\/wp-json\/wp\/v2\/types\/post"}],"author":[{"embeddable":true,"href":"https:\/\/www.deskmodder.de\/blog\/wp-json\/wp\/v2\/users\/2550"}],"replies":[{"embeddable":true,"href":"https:\/\/www.deskmodder.de\/blog\/wp-json\/wp\/v2\/comments?post=82635"}],"version-history":[{"count":0,"href":"https:\/\/www.deskmodder.de\/blog\/wp-json\/wp\/v2\/posts\/82635\/revisions"}],"wp:featuredmedia":[{"embeddable":true,"href":"https:\/\/www.deskmodder.de\/blog\/wp-json\/wp\/v2\/media\/79517"}],"wp:attachment":[{"href":"https:\/\/www.deskmodder.de\/blog\/wp-json\/wp\/v2\/media?parent=82635"}],"wp:term":[{"taxonomy":"category","embeddable":true,"href":"https:\/\/www.deskmodder.de\/blog\/wp-json\/wp\/v2\/categories?post=82635"},{"taxonomy":"post_tag","embeddable":true,"href":"https:\/\/www.deskmodder.de\/blog\/wp-json\/wp\/v2\/tags?post=82635"}],"curies":[{"name":"wp","href":"https:\/\/api.w.org\/{rel}","templated":true}]}}