{"id":82028,"date":"2017-03-26T21:33:02","date_gmt":"2017-03-26T19:33:02","guid":{"rendered":"https:\/\/www.deskmodder.de\/blog\/?p=82028"},"modified":"2017-05-31T22:45:41","modified_gmt":"2017-05-31T20:45:41","slug":"amd-ryzen-cpu-mit-12-kernen-und-24-threads-aufgetaucht","status":"publish","type":"post","link":"https:\/\/www.deskmodder.de\/blog\/2017\/03\/26\/amd-ryzen-cpu-mit-12-kernen-und-24-threads-aufgetaucht\/","title":{"rendered":"AMD Ryzen &#8211; CPU mit 12 Kernen und 24 Threads aufgetaucht"},"content":{"rendered":"<p>Zur Ver\u00f6ffentlichungskeynote von AMDs neuen Prozessoren hat Lisa Su, CEO von AMD, schon bereits angek\u00fcndigt, dass es Ryzen Server-Prozessoren und Ryzen APUs geben wird. Direkt nach dem Event war sich die Ger\u00fcchtek\u00fcche aber auch sicher, dass AMD uns noch einen Highend 16 Core-Prozessor pr\u00e4sentieren wird, welcher dann mit 32 Threads aufwarten kann. Dieser ist f\u00fcr den Heimgebrauch nat\u00fcrlich aktuell sehr \u00fcberdimensioniert, aber vor allem Video Content Creator k\u00f6nnten mit dem Prozessor ihren Spa\u00df haben. Neusten Erkenntnissen nach d\u00fcrfen wir auch einen 12 Core Prozessor mit 24 Threads erwarten.<\/p>\n<p>Das Portal <a href=\"https:\/\/videocardz.com\/67649\/amd-ryzen-cpu-with-12-cores-and-24-threads-spotted\">Videocardz<\/a> behauptet einen Ryzen-Prozessor mit der genannten Kernanzahl in einem Engineering Sample vom Alienware ausfindig gemacht zu haben. Dieses Entwicklungsmodell von Ryzen soll die folgende Bezeichnung haben: 2D2701A9UC9F4_32\/27_N. Auf den ersten Blick meint man dort nichts ableiten zu k\u00f6nnen, doch das D an zweiter Stelle steht schon mal f\u00fcr Desktop. Die Taktfrequenz w\u00e4re 2,7 GHz Base und 3,2 GHz Turbo, damit ist der Takt pro Kern um einiges geringer als beim 1800X. Dies bedeutet, dass der Prozessor eher weniger f\u00fcr Single Core-Anwendungen gedacht ist, sondern eher f\u00fcr Multi Core-Programme \u00e0 la ein Videoschnittprogramm.<\/p>\n<p><img loading=\"lazy\" decoding=\"async\" src=\"https:\/\/www.deskmodder.de\/blog\/wp-content\/uploads\/2017\/02\/amd-ryzen-700x200.jpg\" alt=\"\" width=\"700\" height=\"200\" class=\"aligncenter size-full wp-image-79517\" srcset=\"https:\/\/www.deskmodder.de\/blog\/wp-content\/uploads\/2017\/02\/amd-ryzen-700x200.jpg 700w, https:\/\/www.deskmodder.de\/blog\/wp-content\/uploads\/2017\/02\/amd-ryzen-700x200-306x87.jpg 306w, https:\/\/www.deskmodder.de\/blog\/wp-content\/uploads\/2017\/02\/amd-ryzen-700x200-500x143.jpg 500w\" sizes=\"auto, (max-width: 700px) 100vw, 700px\" \/><\/p>\n<p>Das &#8222;U&#8220; bezeichnet den CPU-Sockel, welcher ein neuer zu seien scheint, denn das U deckt sich mit keiner Bezeichnung der bisher ver\u00f6ffentlichen Sockel. Pers\u00f6nlich f\u00e4nde ich dies sehr merkw\u00fcrdig, vor allem da AMD gerade erst einen neuen Sockel eingef\u00fchrt hat und diesen als All-on-One-L\u00f6sung verkauft. Aber hier gilt abwarten und Tee trinken. Schlussendlich l\u00e4sst sich aus der Bezeichnung noch ablesen, dass es sich um die zweite Generation von Ryzen handelt und der Prozessor im B-Stepping vorlag.<\/p>\n<p>Wann der Prozessor erscheint und ob die obigen Informationen stimmen, das wird sich sicherlich in den kommenden Monaten zeigen.<\/p>\n<p>Via: <a href=\"http:\/\/www.pcgameshardware.de\/AMD-Zen-Codename-261795\/News\/Neue-CPU-mit-12-Kernen-und-24-Threads-1224072\/\">PCGH<\/a><\/p>\n","protected":false},"excerpt":{"rendered":"<p>Zur Ver\u00f6ffentlichungskeynote von AMDs neuen Prozessoren hat Lisa Su, CEO von AMD, schon bereits angek\u00fcndigt, dass es Ryzen Server-Prozessoren und Ryzen APUs geben wird. Direkt nach dem Event war sich die Ger\u00fcchtek\u00fcche aber auch sicher, dass AMD uns noch einen&hellip; <\/p>\n","protected":false},"author":2550,"featured_media":79517,"comment_status":"open","ping_status":"open","sticky":false,"template":"","format":"standard","meta":{"jetpack_post_was_ever_published":false,"footnotes":"","jetpack_publicize_message":"","jetpack_publicize_feature_enabled":true,"jetpack_social_post_already_shared":true,"jetpack_social_options":{"image_generator_settings":{"template":"highway","default_image_id":0,"font":"","enabled":false},"version":2}},"categories":[1286],"tags":[4246,1763,1631,3065,16003,16531],"class_list":["post-82028","post","type-post","status-publish","format-standard","has-post-thumbnail","hentry","category-hardware","tag-amd","tag-cpu","tag-leak","tag-prozessor","tag-ryzen","tag-sockel"],"wp_featured_image":{"id":79517,"alt_text":"","description":"","media_type":"image","media_details":{"width":700,"height":200,"file":"2017\/02\/amd-ryzen-700x200.jpg","sizes":{"thumbnail":{"file":"amd-ryzen-700x200-306x87.jpg","width":306,"height":87,"mime-type":"image\/jpeg","source_url":"https:\/\/www.deskmodder.de\/blog\/wp-content\/uploads\/2017\/02\/amd-ryzen-700x200-306x87.jpg"},"medium":{"file":"amd-ryzen-700x200-500x143.jpg","width":500,"height":143,"mime-type":"image\/jpeg","source_url":"https:\/\/www.deskmodder.de\/blog\/wp-content\/uploads\/2017\/02\/amd-ryzen-700x200-500x143.jpg"},"wp_review_large":{"file":"amd-ryzen-700x200-320x200.jpg","width":320,"height":200,"mime-type":"image\/jpeg","source_url":"https:\/\/www.deskmodder.de\/blog\/wp-content\/uploads\/2017\/02\/amd-ryzen-700x200-320x200.jpg"},"wp_review_small":{"file":"amd-ryzen-700x200-65x65.jpg","width":65,"height":65,"mime-type":"image\/jpeg","source_url":"https:\/\/www.deskmodder.de\/blog\/wp-content\/uploads\/2017\/02\/amd-ryzen-700x200-65x65.jpg"},"blog-large":{"file":"amd-ryzen-700x200-642x200.jpg","width":642,"height":200,"mime-type":"image\/jpeg","source_url":"https:\/\/www.deskmodder.de\/blog\/wp-content\/uploads\/2017\/02\/amd-ryzen-700x200-642x200.jpg"},"blog-medium":{"file":"amd-ryzen-700x200-306x200.jpg","width":306,"height":200,"mime-type":"image\/jpeg","source_url":"https:\/\/www.deskmodder.de\/blog\/wp-content\/uploads\/2017\/02\/amd-ryzen-700x200-306x200.jpg"},"recent-thumb":{"file":"amd-ryzen-700x200-350x200.jpg","width":350,"height":200,"mime-type":"image\/jpeg","source_url":"https:\/\/www.deskmodder.de\/blog\/wp-content\/uploads\/2017\/02\/amd-ryzen-700x200-350x200.jpg"},"service-featured":{"file":"amd-ryzen-700x200-600x200.jpg","width":600,"height":200,"mime-type":"image\/jpeg","source_url":"https:\/\/www.deskmodder.de\/blog\/wp-content\/uploads\/2017\/02\/amd-ryzen-700x200-600x200.jpg"},"wp_rp_thumbnail":{"file":"amd-ryzen-700x200-150x150.jpg","width":150,"height":150,"mime-type":"image\/jpeg","source_url":"https:\/\/www.deskmodder.de\/blog\/wp-content\/uploads\/2017\/02\/amd-ryzen-700x200-150x150.jpg"}},"image_meta":{"aperture":"0","credit":"","camera":"","caption":"","created_timestamp":"0","copyright":"","focal_length":"0","iso":"0","shutter_speed":"0","title":"","orientation":"0","keywords":[]}},"post":79513,"source_url":"https:\/\/www.deskmodder.de\/blog\/wp-content\/uploads\/2017\/02\/amd-ryzen-700x200.jpg"},"commentcount":8,"wp_comments":[{"id":45851,"parent":0,"author":0,"author_name":"Peter Christian","author_email":"petercnowak@icloud.com","author_url":"","author_avatar_urls":{"24":"https:\/\/secure.gravatar.com\/avatar\/bdd68544648abe37cdec72d9fec2a6f7cddbae789a5315e181e13d065d85a628?s=24&d=mm&r=g","48":"https:\/\/secure.gravatar.com\/avatar\/bdd68544648abe37cdec72d9fec2a6f7cddbae789a5315e181e13d065d85a628?s=48&d=mm&r=g","96":"https:\/\/secure.gravatar.com\/avatar\/bdd68544648abe37cdec72d9fec2a6f7cddbae789a5315e181e13d065d85a628?s=96&d=mm&r=g"},"date":"2017-03-27T00:56:31","cld_nonce":"015d9540d6","content":{"rendered":"<p>So eine Hochleistungs-CPU ist f\u00fcr Schnittrechner f\u00fcr komplexes Video-Editing hochinteressant. Abwarten. Wieder Arbeit f\u00fcr unsere IT-Ingenieure, die die Rechner derzeit technisch aufr\u00fcsten. Mal schauen, wie sie die Neuen von AMD beurteilen. Noch hat Intel bei denen die Nase vorn.<\/p>\n"},"status":"1"},{"id":45853,"parent":45851,"author":0,"author_name":"SirMarc","author_email":"Marcsenn@web.de","author_url":"","author_avatar_urls":{"24":"https:\/\/secure.gravatar.com\/avatar\/9e62520146b31fd00d34e0e668aa8f0006e7445dcb1f8ee2166fee7fef2be7a3?s=24&d=mm&r=g","48":"https:\/\/secure.gravatar.com\/avatar\/9e62520146b31fd00d34e0e668aa8f0006e7445dcb1f8ee2166fee7fef2be7a3?s=48&d=mm&r=g","96":"https:\/\/secure.gravatar.com\/avatar\/9e62520146b31fd00d34e0e668aa8f0006e7445dcb1f8ee2166fee7fef2be7a3?s=96&d=mm&r=g"},"date":"2017-03-27T07:27:48","cld_nonce":"015d9540d6","content":{"rendered":"<p>Tja ist ja auch klar, was da amd jahrelang produziert hat.<br \/>\nBei den neuen AMD hat sogar Intel selber angst.<br \/>\nJetzt nur noch ein paar Spiele Laptops Herstellers \u00fcberzeugen das sie die grossen Ryzer einbauen und schon ist AMD wider in guten zahlen.<\/p>\n"},"status":"1"},{"id":45857,"parent":45853,"author":0,"author_name":"Peter Christian","author_email":"petercnowak@icloud.com","author_url":"","author_avatar_urls":{"24":"https:\/\/secure.gravatar.com\/avatar\/bdd68544648abe37cdec72d9fec2a6f7cddbae789a5315e181e13d065d85a628?s=24&d=mm&r=g","48":"https:\/\/secure.gravatar.com\/avatar\/bdd68544648abe37cdec72d9fec2a6f7cddbae789a5315e181e13d065d85a628?s=48&d=mm&r=g","96":"https:\/\/secure.gravatar.com\/avatar\/bdd68544648abe37cdec72d9fec2a6f7cddbae789a5315e181e13d065d85a628?s=96&d=mm&r=g"},"date":"2017-03-27T10:01:33","cld_nonce":"015d9540d6","content":{"rendered":"<p>Kann sicherlich gut sein.<\/p>\n"},"status":"1"},{"id":45858,"parent":0,"author":3447,"author_name":"Roland Brem","author_email":"brem_roland@hotmail.com","author_url":"","author_avatar_urls":{"24":"https:\/\/secure.gravatar.com\/avatar\/fbc4e28e6998147d96f9d842218f2d144dd023b24edb2e782537c654ef56fa72?s=24&d=mm&r=g","48":"https:\/\/secure.gravatar.com\/avatar\/fbc4e28e6998147d96f9d842218f2d144dd023b24edb2e782537c654ef56fa72?s=48&d=mm&r=g","96":"https:\/\/secure.gravatar.com\/avatar\/fbc4e28e6998147d96f9d842218f2d144dd023b24edb2e782537c654ef56fa72?s=96&d=mm&r=g"},"date":"2017-03-27T10:29:21","cld_nonce":"015d9540d6","content":{"rendered":"<p>Ich freu mich erst mal auf die Vega&#8230;<\/p>\n"},"status":"1"},{"id":45862,"parent":0,"author":0,"author_name":"SirMarc","author_email":"Marcsenn@web.de","author_url":"","author_avatar_urls":{"24":"https:\/\/secure.gravatar.com\/avatar\/9e62520146b31fd00d34e0e668aa8f0006e7445dcb1f8ee2166fee7fef2be7a3?s=24&d=mm&r=g","48":"https:\/\/secure.gravatar.com\/avatar\/9e62520146b31fd00d34e0e668aa8f0006e7445dcb1f8ee2166fee7fef2be7a3?s=48&d=mm&r=g","96":"https:\/\/secure.gravatar.com\/avatar\/9e62520146b31fd00d34e0e668aa8f0006e7445dcb1f8ee2166fee7fef2be7a3?s=96&d=mm&r=g"},"date":"2017-03-27T12:02:22","cld_nonce":"015d9540d6","content":{"rendered":"<p>Das wird doch der x1900 sein oder der mit 16 Codes x2000.<\/p>\n<p>Ich warte bis der x2000 da ist. Freu<\/p>\n"},"status":"1"},{"id":45864,"parent":45853,"author":3704,"author_name":"ibecf","author_email":"stefan@meiser.me","author_url":"","author_avatar_urls":{"24":"https:\/\/secure.gravatar.com\/avatar\/659f6c353ab94bd452a791289ce56c01c3cab86e10006d62a82733469823a4a5?s=24&d=mm&r=g","48":"https:\/\/secure.gravatar.com\/avatar\/659f6c353ab94bd452a791289ce56c01c3cab86e10006d62a82733469823a4a5?s=48&d=mm&r=g","96":"https:\/\/secure.gravatar.com\/avatar\/659f6c353ab94bd452a791289ce56c01c3cab86e10006d62a82733469823a4a5?s=96&d=mm&r=g"},"date":"2017-03-27T14:39:11","cld_nonce":"015d9540d6","content":{"rendered":"<p>Entscheidend wir aber sein wie die gro\u00dfen OEMs auf AMD&#8217;s Ryzen  reagieren werden und wieder mehr Laptops und Desktops mit AMDs best\u00fccken werden und das nicht nur im ultra billig Segment.<\/p>\n<p>Wenn es AMD, da schafft im im mittleren Preissegment  Fu\u00df zu fassen, kann es was werden. <\/p>\n<p>Denn das Hauptgesch\u00e4ft macht Intel im Endkundenbereich mit ihren i3 und i5 Prozessoren ,die High-End Prozessoren sind zwar gut f\u00fcrs Prestige, aber vom Marktanteil eher Nische.<\/p>\n"},"status":"1"},{"id":45867,"parent":45864,"author":0,"author_name":"Peter Christian","author_email":"petercnowak@icloud.com","author_url":"","author_avatar_urls":{"24":"https:\/\/secure.gravatar.com\/avatar\/bdd68544648abe37cdec72d9fec2a6f7cddbae789a5315e181e13d065d85a628?s=24&d=mm&r=g","48":"https:\/\/secure.gravatar.com\/avatar\/bdd68544648abe37cdec72d9fec2a6f7cddbae789a5315e181e13d065d85a628?s=48&d=mm&r=g","96":"https:\/\/secure.gravatar.com\/avatar\/bdd68544648abe37cdec72d9fec2a6f7cddbae789a5315e181e13d065d85a628?s=96&d=mm&r=g"},"date":"2017-03-27T15:31:43","cld_nonce":"015d9540d6","content":{"rendered":"<p>Ich denke auch, dass ein Ryzen f\u00fcr Laptops im mittleren Preissegment durchaus ein Chance h\u00e4tte.<\/p>\n"},"status":"1"},{"id":45875,"parent":0,"author":0,"author_name":"Hagal","author_email":"Hagal@nixmail.com","author_url":"","author_avatar_urls":{"24":"https:\/\/secure.gravatar.com\/avatar\/2e9668798d4059544b38f3d4a66d5111dd6ac5212b425367add8fc24b9638e7a?s=24&d=mm&r=g","48":"https:\/\/secure.gravatar.com\/avatar\/2e9668798d4059544b38f3d4a66d5111dd6ac5212b425367add8fc24b9638e7a?s=48&d=mm&r=g","96":"https:\/\/secure.gravatar.com\/avatar\/2e9668798d4059544b38f3d4a66d5111dd6ac5212b425367add8fc24b9638e7a?s=96&d=mm&r=g"},"date":"2017-03-27T18:36:25","cld_nonce":"015d9540d6","content":{"rendered":"<p>16C\/32T will haben, da macht x26-4 und 5 Encode\u00b4s erst richtig Laune &lt;3<\/p>\n<p>mfg<\/p>\n"},"status":"1"}],"wp_author":{"id":2550,"name":"MAX","description":"Begeisterter Technik-Enthusiast, der aktuell zwei Welten vereint. Windows auf PC sowie Xbox und iOS auf dem iPhone, als auch auf dem iPad. Gespaltene Pers\u00f6nlichkeit w\u00fcrde ich sagen. ;)","author_avatar_urls":{"24":"https:\/\/secure.gravatar.com\/avatar\/0a924a9e0119dd457d49c2eb1fa27ade332376ba6138336743cdd8c221e4a3a3?s=24&d=mm&r=g","48":"https:\/\/secure.gravatar.com\/avatar\/0a924a9e0119dd457d49c2eb1fa27ade332376ba6138336743cdd8c221e4a3a3?s=48&d=mm&r=g","96":"https:\/\/secure.gravatar.com\/avatar\/0a924a9e0119dd457d49c2eb1fa27ade332376ba6138336743cdd8c221e4a3a3?s=96&d=mm&r=g"}},"cld_nonce":"015d9540d6","yoast_head":"<!-- This site is optimized with the Yoast SEO Premium plugin v27.5 (Yoast SEO v27.5) - https:\/\/yoast.com\/product\/yoast-seo-premium-wordpress\/ -->\n<title>AMD Ryzen - CPU mit 12 Kernen und 24 Threads aufgetaucht - Deskmodder.de<\/title>\n<meta name=\"description\" content=\"Es gibt neue Leaks zu AMDs Ryzen-Produktlinie und zwar sollen angeblich auch ein 12 Core-Prozessor mit 24 Threads in Planung sein.\" \/>\n<meta name=\"robots\" content=\"index, follow, max-snippet:-1, max-image-preview:large, max-video-preview:-1\" \/>\n<link rel=\"canonical\" href=\"https:\/\/www.deskmodder.de\/blog\/2017\/03\/26\/amd-ryzen-cpu-mit-12-kernen-und-24-threads-aufgetaucht\/\" \/>\n<meta property=\"og:locale\" content=\"de_DE\" \/>\n<meta property=\"og:type\" content=\"article\" \/>\n<meta property=\"og:title\" content=\"AMD Ryzen - CPU mit 12 Kernen und 24 Threads aufgetaucht\" \/>\n<meta property=\"og:description\" content=\"Es gibt neue Leaks zu AMDs Ryzen-Produktlinie und zwar sollen angeblich auch ein 12 Core-Prozessor mit 24 Threads in Planung sein.\" \/>\n<meta property=\"og:url\" content=\"https:\/\/www.deskmodder.de\/blog\/2017\/03\/26\/amd-ryzen-cpu-mit-12-kernen-und-24-threads-aufgetaucht\/\" \/>\n<meta property=\"og:site_name\" content=\"Deskmodder.de\" \/>\n<meta property=\"article:publisher\" content=\"https:\/\/www.facebook.com\/Deskmodder\" \/>\n<meta property=\"article:published_time\" content=\"2017-03-26T19:33:02+00:00\" \/>\n<meta property=\"article:modified_time\" content=\"2017-05-31T20:45:41+00:00\" \/>\n<meta property=\"og:image\" content=\"https:\/\/www.deskmodder.de\/blog\/wp-content\/uploads\/2017\/02\/amd-ryzen-700x200.jpg\" \/>\n\t<meta property=\"og:image:width\" content=\"700\" \/>\n\t<meta property=\"og:image:height\" content=\"200\" \/>\n\t<meta property=\"og:image:type\" content=\"image\/jpeg\" \/>\n<meta name=\"author\" content=\"MAX\" \/>\n<meta name=\"twitter:card\" content=\"summary_large_image\" \/>\n<meta name=\"twitter:creator\" content=\"@themximum\" \/>\n<meta name=\"twitter:site\" content=\"@Deskmodder\" \/>\n<script type=\"application\/ld+json\" class=\"yoast-schema-graph\">{\"@context\":\"https:\\\/\\\/schema.org\",\"@graph\":[{\"@type\":\"Article\",\"@id\":\"https:\\\/\\\/www.deskmodder.de\\\/blog\\\/2017\\\/03\\\/26\\\/amd-ryzen-cpu-mit-12-kernen-und-24-threads-aufgetaucht\\\/#article\",\"isPartOf\":{\"@id\":\"https:\\\/\\\/www.deskmodder.de\\\/blog\\\/2017\\\/03\\\/26\\\/amd-ryzen-cpu-mit-12-kernen-und-24-threads-aufgetaucht\\\/\"},\"author\":{\"name\":\"MAX\",\"@id\":\"https:\\\/\\\/www.deskmodder.de\\\/blog\\\/#\\\/schema\\\/person\\\/bd4b9506e83c661f1de1af925c726d7c\"},\"headline\":\"AMD Ryzen &#8211; CPU mit 12 Kernen und 24 Threads aufgetaucht\",\"datePublished\":\"2017-03-26T19:33:02+00:00\",\"dateModified\":\"2017-05-31T20:45:41+00:00\",\"mainEntityOfPage\":{\"@id\":\"https:\\\/\\\/www.deskmodder.de\\\/blog\\\/2017\\\/03\\\/26\\\/amd-ryzen-cpu-mit-12-kernen-und-24-threads-aufgetaucht\\\/\"},\"wordCount\":307,\"commentCount\":8,\"publisher\":{\"@id\":\"https:\\\/\\\/www.deskmodder.de\\\/blog\\\/#organization\"},\"image\":{\"@id\":\"https:\\\/\\\/www.deskmodder.de\\\/blog\\\/2017\\\/03\\\/26\\\/amd-ryzen-cpu-mit-12-kernen-und-24-threads-aufgetaucht\\\/#primaryimage\"},\"thumbnailUrl\":\"https:\\\/\\\/www.deskmodder.de\\\/blog\\\/wp-content\\\/uploads\\\/2017\\\/02\\\/amd-ryzen-700x200.jpg\",\"keywords\":[\"AMD\",\"CPU\",\"Leak\",\"Prozessor\",\"Ryzen\",\"Sockel\"],\"articleSection\":[\"Hardware\"],\"inLanguage\":\"de\",\"potentialAction\":[{\"@type\":\"CommentAction\",\"name\":\"Comment\",\"target\":[\"https:\\\/\\\/www.deskmodder.de\\\/blog\\\/2017\\\/03\\\/26\\\/amd-ryzen-cpu-mit-12-kernen-und-24-threads-aufgetaucht\\\/#respond\"]}],\"copyrightYear\":\"2017\",\"copyrightHolder\":{\"@id\":\"https:\\\/\\\/www.deskmodder.de\\\/blog\\\/#organization\"}},{\"@type\":\"WebPage\",\"@id\":\"https:\\\/\\\/www.deskmodder.de\\\/blog\\\/2017\\\/03\\\/26\\\/amd-ryzen-cpu-mit-12-kernen-und-24-threads-aufgetaucht\\\/\",\"url\":\"https:\\\/\\\/www.deskmodder.de\\\/blog\\\/2017\\\/03\\\/26\\\/amd-ryzen-cpu-mit-12-kernen-und-24-threads-aufgetaucht\\\/\",\"name\":\"AMD Ryzen - CPU mit 12 Kernen und 24 Threads aufgetaucht - Deskmodder.de\",\"isPartOf\":{\"@id\":\"https:\\\/\\\/www.deskmodder.de\\\/blog\\\/#website\"},\"primaryImageOfPage\":{\"@id\":\"https:\\\/\\\/www.deskmodder.de\\\/blog\\\/2017\\\/03\\\/26\\\/amd-ryzen-cpu-mit-12-kernen-und-24-threads-aufgetaucht\\\/#primaryimage\"},\"image\":{\"@id\":\"https:\\\/\\\/www.deskmodder.de\\\/blog\\\/2017\\\/03\\\/26\\\/amd-ryzen-cpu-mit-12-kernen-und-24-threads-aufgetaucht\\\/#primaryimage\"},\"thumbnailUrl\":\"https:\\\/\\\/www.deskmodder.de\\\/blog\\\/wp-content\\\/uploads\\\/2017\\\/02\\\/amd-ryzen-700x200.jpg\",\"datePublished\":\"2017-03-26T19:33:02+00:00\",\"dateModified\":\"2017-05-31T20:45:41+00:00\",\"description\":\"Es gibt neue Leaks zu AMDs Ryzen-Produktlinie und zwar sollen angeblich auch ein 12 Core-Prozessor mit 24 Threads in Planung sein.\",\"breadcrumb\":{\"@id\":\"https:\\\/\\\/www.deskmodder.de\\\/blog\\\/2017\\\/03\\\/26\\\/amd-ryzen-cpu-mit-12-kernen-und-24-threads-aufgetaucht\\\/#breadcrumb\"},\"inLanguage\":\"de\",\"potentialAction\":[{\"@type\":\"ReadAction\",\"target\":[\"https:\\\/\\\/www.deskmodder.de\\\/blog\\\/2017\\\/03\\\/26\\\/amd-ryzen-cpu-mit-12-kernen-und-24-threads-aufgetaucht\\\/\"]}]},{\"@type\":\"ImageObject\",\"inLanguage\":\"de\",\"@id\":\"https:\\\/\\\/www.deskmodder.de\\\/blog\\\/2017\\\/03\\\/26\\\/amd-ryzen-cpu-mit-12-kernen-und-24-threads-aufgetaucht\\\/#primaryimage\",\"url\":\"https:\\\/\\\/www.deskmodder.de\\\/blog\\\/wp-content\\\/uploads\\\/2017\\\/02\\\/amd-ryzen-700x200.jpg\",\"contentUrl\":\"https:\\\/\\\/www.deskmodder.de\\\/blog\\\/wp-content\\\/uploads\\\/2017\\\/02\\\/amd-ryzen-700x200.jpg\",\"width\":700,\"height\":200},{\"@type\":\"BreadcrumbList\",\"@id\":\"https:\\\/\\\/www.deskmodder.de\\\/blog\\\/2017\\\/03\\\/26\\\/amd-ryzen-cpu-mit-12-kernen-und-24-threads-aufgetaucht\\\/#breadcrumb\",\"itemListElement\":[{\"@type\":\"ListItem\",\"position\":1,\"name\":\"Startseite\",\"item\":\"https:\\\/\\\/www.deskmodder.de\\\/blog\\\/\"},{\"@type\":\"ListItem\",\"position\":2,\"name\":\"AMD Ryzen &#8211; CPU mit 12 Kernen und 24 Threads aufgetaucht\"}]},{\"@type\":\"WebSite\",\"@id\":\"https:\\\/\\\/www.deskmodder.de\\\/blog\\\/#website\",\"url\":\"https:\\\/\\\/www.deskmodder.de\\\/blog\\\/\",\"name\":\"Deskmodder.de\",\"description\":\"News zum Thema Microsoft, Windows 11 \\\/ 10, sowie anderen Neuigkeiten aus dem Netz, viele Tipps und individuelle Hilfe bei Problemen in unserem Forum \u25cf Deskmodder - seit 2003\",\"publisher\":{\"@id\":\"https:\\\/\\\/www.deskmodder.de\\\/blog\\\/#organization\"},\"potentialAction\":[{\"@type\":\"SearchAction\",\"target\":{\"@type\":\"EntryPoint\",\"urlTemplate\":\"https:\\\/\\\/www.deskmodder.de\\\/blog\\\/?s={search_term_string}\"},\"query-input\":{\"@type\":\"PropertyValueSpecification\",\"valueRequired\":true,\"valueName\":\"search_term_string\"}}],\"inLanguage\":\"de\"},{\"@type\":\"Organization\",\"@id\":\"https:\\\/\\\/www.deskmodder.de\\\/blog\\\/#organization\",\"name\":\"Deskmodder\",\"url\":\"https:\\\/\\\/www.deskmodder.de\\\/blog\\\/\",\"logo\":{\"@type\":\"ImageObject\",\"inLanguage\":\"de\",\"@id\":\"https:\\\/\\\/www.deskmodder.de\\\/blog\\\/#\\\/schema\\\/logo\\\/image\\\/\",\"url\":\"https:\\\/\\\/www.deskmodder.de\\\/blog\\\/wp-content\\\/uploads\\\/2019\\\/01\\\/deskmodder-logo-app.png\",\"contentUrl\":\"https:\\\/\\\/www.deskmodder.de\\\/blog\\\/wp-content\\\/uploads\\\/2019\\\/01\\\/deskmodder-logo-app.png\",\"width\":281,\"height\":286,\"caption\":\"Deskmodder\"},\"image\":{\"@id\":\"https:\\\/\\\/www.deskmodder.de\\\/blog\\\/#\\\/schema\\\/logo\\\/image\\\/\"},\"sameAs\":[\"https:\\\/\\\/www.facebook.com\\\/Deskmodder\",\"https:\\\/\\\/x.com\\\/Deskmodder\",\"https:\\\/\\\/mastodontech.de\\\/@Deskmodder\",\"https:\\\/\\\/www.youtube.com\\\/user\\\/deskmodder\",\"https:\\\/\\\/mewe.com\\\/group\\\/5c83b5231add826fc80cdae1\"]},{\"@type\":\"Person\",\"@id\":\"https:\\\/\\\/www.deskmodder.de\\\/blog\\\/#\\\/schema\\\/person\\\/bd4b9506e83c661f1de1af925c726d7c\",\"name\":\"MAX\",\"image\":{\"@type\":\"ImageObject\",\"inLanguage\":\"de\",\"@id\":\"https:\\\/\\\/secure.gravatar.com\\\/avatar\\\/0a924a9e0119dd457d49c2eb1fa27ade332376ba6138336743cdd8c221e4a3a3?s=96&d=mm&r=g\",\"url\":\"https:\\\/\\\/secure.gravatar.com\\\/avatar\\\/0a924a9e0119dd457d49c2eb1fa27ade332376ba6138336743cdd8c221e4a3a3?s=96&d=mm&r=g\",\"contentUrl\":\"https:\\\/\\\/secure.gravatar.com\\\/avatar\\\/0a924a9e0119dd457d49c2eb1fa27ade332376ba6138336743cdd8c221e4a3a3?s=96&d=mm&r=g\",\"caption\":\"MAX\"},\"description\":\"Begeisterter Technik-Enthusiast, der aktuell zwei Welten vereint. Windows auf PC sowie Xbox und iOS auf dem iPhone, als auch auf dem iPad. Gespaltene Pers\u00f6nlichkeit w\u00fcrde ich sagen. ;)\",\"sameAs\":[\"https:\\\/\\\/www.instagram.com\\\/themximum\\\/\",\"https:\\\/\\\/x.com\\\/themximum\"],\"url\":\"https:\\\/\\\/www.deskmodder.de\\\/blog\\\/author\\\/max\\\/\"}]}<\/script>\n<!-- \/ Yoast SEO Premium plugin. -->","yoast_head_json":{"title":"AMD Ryzen - CPU mit 12 Kernen und 24 Threads aufgetaucht - Deskmodder.de","description":"Es gibt neue Leaks zu AMDs Ryzen-Produktlinie und zwar sollen angeblich auch ein 12 Core-Prozessor mit 24 Threads in Planung sein.","robots":{"index":"index","follow":"follow","max-snippet":"max-snippet:-1","max-image-preview":"max-image-preview:large","max-video-preview":"max-video-preview:-1"},"canonical":"https:\/\/www.deskmodder.de\/blog\/2017\/03\/26\/amd-ryzen-cpu-mit-12-kernen-und-24-threads-aufgetaucht\/","og_locale":"de_DE","og_type":"article","og_title":"AMD Ryzen - CPU mit 12 Kernen und 24 Threads aufgetaucht","og_description":"Es gibt neue Leaks zu AMDs Ryzen-Produktlinie und zwar sollen angeblich auch ein 12 Core-Prozessor mit 24 Threads in Planung sein.","og_url":"https:\/\/www.deskmodder.de\/blog\/2017\/03\/26\/amd-ryzen-cpu-mit-12-kernen-und-24-threads-aufgetaucht\/","og_site_name":"Deskmodder.de","article_publisher":"https:\/\/www.facebook.com\/Deskmodder","article_published_time":"2017-03-26T19:33:02+00:00","article_modified_time":"2017-05-31T20:45:41+00:00","og_image":[{"width":700,"height":200,"url":"https:\/\/www.deskmodder.de\/blog\/wp-content\/uploads\/2017\/02\/amd-ryzen-700x200.jpg","type":"image\/jpeg"}],"author":"MAX","twitter_card":"summary_large_image","twitter_creator":"@themximum","twitter_site":"@Deskmodder","schema":{"@context":"https:\/\/schema.org","@graph":[{"@type":"Article","@id":"https:\/\/www.deskmodder.de\/blog\/2017\/03\/26\/amd-ryzen-cpu-mit-12-kernen-und-24-threads-aufgetaucht\/#article","isPartOf":{"@id":"https:\/\/www.deskmodder.de\/blog\/2017\/03\/26\/amd-ryzen-cpu-mit-12-kernen-und-24-threads-aufgetaucht\/"},"author":{"name":"MAX","@id":"https:\/\/www.deskmodder.de\/blog\/#\/schema\/person\/bd4b9506e83c661f1de1af925c726d7c"},"headline":"AMD Ryzen &#8211; CPU mit 12 Kernen und 24 Threads aufgetaucht","datePublished":"2017-03-26T19:33:02+00:00","dateModified":"2017-05-31T20:45:41+00:00","mainEntityOfPage":{"@id":"https:\/\/www.deskmodder.de\/blog\/2017\/03\/26\/amd-ryzen-cpu-mit-12-kernen-und-24-threads-aufgetaucht\/"},"wordCount":307,"commentCount":8,"publisher":{"@id":"https:\/\/www.deskmodder.de\/blog\/#organization"},"image":{"@id":"https:\/\/www.deskmodder.de\/blog\/2017\/03\/26\/amd-ryzen-cpu-mit-12-kernen-und-24-threads-aufgetaucht\/#primaryimage"},"thumbnailUrl":"https:\/\/www.deskmodder.de\/blog\/wp-content\/uploads\/2017\/02\/amd-ryzen-700x200.jpg","keywords":["AMD","CPU","Leak","Prozessor","Ryzen","Sockel"],"articleSection":["Hardware"],"inLanguage":"de","potentialAction":[{"@type":"CommentAction","name":"Comment","target":["https:\/\/www.deskmodder.de\/blog\/2017\/03\/26\/amd-ryzen-cpu-mit-12-kernen-und-24-threads-aufgetaucht\/#respond"]}],"copyrightYear":"2017","copyrightHolder":{"@id":"https:\/\/www.deskmodder.de\/blog\/#organization"}},{"@type":"WebPage","@id":"https:\/\/www.deskmodder.de\/blog\/2017\/03\/26\/amd-ryzen-cpu-mit-12-kernen-und-24-threads-aufgetaucht\/","url":"https:\/\/www.deskmodder.de\/blog\/2017\/03\/26\/amd-ryzen-cpu-mit-12-kernen-und-24-threads-aufgetaucht\/","name":"AMD Ryzen - CPU mit 12 Kernen und 24 Threads aufgetaucht - Deskmodder.de","isPartOf":{"@id":"https:\/\/www.deskmodder.de\/blog\/#website"},"primaryImageOfPage":{"@id":"https:\/\/www.deskmodder.de\/blog\/2017\/03\/26\/amd-ryzen-cpu-mit-12-kernen-und-24-threads-aufgetaucht\/#primaryimage"},"image":{"@id":"https:\/\/www.deskmodder.de\/blog\/2017\/03\/26\/amd-ryzen-cpu-mit-12-kernen-und-24-threads-aufgetaucht\/#primaryimage"},"thumbnailUrl":"https:\/\/www.deskmodder.de\/blog\/wp-content\/uploads\/2017\/02\/amd-ryzen-700x200.jpg","datePublished":"2017-03-26T19:33:02+00:00","dateModified":"2017-05-31T20:45:41+00:00","description":"Es gibt neue Leaks zu AMDs Ryzen-Produktlinie und zwar sollen angeblich auch ein 12 Core-Prozessor mit 24 Threads in Planung sein.","breadcrumb":{"@id":"https:\/\/www.deskmodder.de\/blog\/2017\/03\/26\/amd-ryzen-cpu-mit-12-kernen-und-24-threads-aufgetaucht\/#breadcrumb"},"inLanguage":"de","potentialAction":[{"@type":"ReadAction","target":["https:\/\/www.deskmodder.de\/blog\/2017\/03\/26\/amd-ryzen-cpu-mit-12-kernen-und-24-threads-aufgetaucht\/"]}]},{"@type":"ImageObject","inLanguage":"de","@id":"https:\/\/www.deskmodder.de\/blog\/2017\/03\/26\/amd-ryzen-cpu-mit-12-kernen-und-24-threads-aufgetaucht\/#primaryimage","url":"https:\/\/www.deskmodder.de\/blog\/wp-content\/uploads\/2017\/02\/amd-ryzen-700x200.jpg","contentUrl":"https:\/\/www.deskmodder.de\/blog\/wp-content\/uploads\/2017\/02\/amd-ryzen-700x200.jpg","width":700,"height":200},{"@type":"BreadcrumbList","@id":"https:\/\/www.deskmodder.de\/blog\/2017\/03\/26\/amd-ryzen-cpu-mit-12-kernen-und-24-threads-aufgetaucht\/#breadcrumb","itemListElement":[{"@type":"ListItem","position":1,"name":"Startseite","item":"https:\/\/www.deskmodder.de\/blog\/"},{"@type":"ListItem","position":2,"name":"AMD Ryzen &#8211; CPU mit 12 Kernen und 24 Threads aufgetaucht"}]},{"@type":"WebSite","@id":"https:\/\/www.deskmodder.de\/blog\/#website","url":"https:\/\/www.deskmodder.de\/blog\/","name":"Deskmodder.de","description":"News zum Thema Microsoft, Windows 11 \/ 10, sowie anderen Neuigkeiten aus dem Netz, viele Tipps und individuelle Hilfe bei Problemen in unserem Forum \u25cf Deskmodder - seit 2003","publisher":{"@id":"https:\/\/www.deskmodder.de\/blog\/#organization"},"potentialAction":[{"@type":"SearchAction","target":{"@type":"EntryPoint","urlTemplate":"https:\/\/www.deskmodder.de\/blog\/?s={search_term_string}"},"query-input":{"@type":"PropertyValueSpecification","valueRequired":true,"valueName":"search_term_string"}}],"inLanguage":"de"},{"@type":"Organization","@id":"https:\/\/www.deskmodder.de\/blog\/#organization","name":"Deskmodder","url":"https:\/\/www.deskmodder.de\/blog\/","logo":{"@type":"ImageObject","inLanguage":"de","@id":"https:\/\/www.deskmodder.de\/blog\/#\/schema\/logo\/image\/","url":"https:\/\/www.deskmodder.de\/blog\/wp-content\/uploads\/2019\/01\/deskmodder-logo-app.png","contentUrl":"https:\/\/www.deskmodder.de\/blog\/wp-content\/uploads\/2019\/01\/deskmodder-logo-app.png","width":281,"height":286,"caption":"Deskmodder"},"image":{"@id":"https:\/\/www.deskmodder.de\/blog\/#\/schema\/logo\/image\/"},"sameAs":["https:\/\/www.facebook.com\/Deskmodder","https:\/\/x.com\/Deskmodder","https:\/\/mastodontech.de\/@Deskmodder","https:\/\/www.youtube.com\/user\/deskmodder","https:\/\/mewe.com\/group\/5c83b5231add826fc80cdae1"]},{"@type":"Person","@id":"https:\/\/www.deskmodder.de\/blog\/#\/schema\/person\/bd4b9506e83c661f1de1af925c726d7c","name":"MAX","image":{"@type":"ImageObject","inLanguage":"de","@id":"https:\/\/secure.gravatar.com\/avatar\/0a924a9e0119dd457d49c2eb1fa27ade332376ba6138336743cdd8c221e4a3a3?s=96&d=mm&r=g","url":"https:\/\/secure.gravatar.com\/avatar\/0a924a9e0119dd457d49c2eb1fa27ade332376ba6138336743cdd8c221e4a3a3?s=96&d=mm&r=g","contentUrl":"https:\/\/secure.gravatar.com\/avatar\/0a924a9e0119dd457d49c2eb1fa27ade332376ba6138336743cdd8c221e4a3a3?s=96&d=mm&r=g","caption":"MAX"},"description":"Begeisterter Technik-Enthusiast, der aktuell zwei Welten vereint. Windows auf PC sowie Xbox und iOS auf dem iPhone, als auch auf dem iPad. Gespaltene Pers\u00f6nlichkeit w\u00fcrde ich sagen. ;)","sameAs":["https:\/\/www.instagram.com\/themximum\/","https:\/\/x.com\/themximum"],"url":"https:\/\/www.deskmodder.de\/blog\/author\/max\/"}]}},"jetpack_publicize_connections":[],"jetpack_featured_media_url":"https:\/\/www.deskmodder.de\/blog\/wp-content\/uploads\/2017\/02\/amd-ryzen-700x200.jpg","_links":{"self":[{"href":"https:\/\/www.deskmodder.de\/blog\/wp-json\/wp\/v2\/posts\/82028","targetHints":{"allow":["GET"]}}],"collection":[{"href":"https:\/\/www.deskmodder.de\/blog\/wp-json\/wp\/v2\/posts"}],"about":[{"href":"https:\/\/www.deskmodder.de\/blog\/wp-json\/wp\/v2\/types\/post"}],"author":[{"embeddable":true,"href":"https:\/\/www.deskmodder.de\/blog\/wp-json\/wp\/v2\/users\/2550"}],"replies":[{"embeddable":true,"href":"https:\/\/www.deskmodder.de\/blog\/wp-json\/wp\/v2\/comments?post=82028"}],"version-history":[{"count":0,"href":"https:\/\/www.deskmodder.de\/blog\/wp-json\/wp\/v2\/posts\/82028\/revisions"}],"wp:featuredmedia":[{"embeddable":true,"href":"https:\/\/www.deskmodder.de\/blog\/wp-json\/wp\/v2\/media\/79517"}],"wp:attachment":[{"href":"https:\/\/www.deskmodder.de\/blog\/wp-json\/wp\/v2\/media?parent=82028"}],"wp:term":[{"taxonomy":"category","embeddable":true,"href":"https:\/\/www.deskmodder.de\/blog\/wp-json\/wp\/v2\/categories?post=82028"},{"taxonomy":"post_tag","embeddable":true,"href":"https:\/\/www.deskmodder.de\/blog\/wp-json\/wp\/v2\/tags?post=82028"}],"curies":[{"name":"wp","href":"https:\/\/api.w.org\/{rel}","templated":true}]}}