{"id":81538,"date":"2017-03-18T11:02:50","date_gmt":"2017-03-18T10:02:50","guid":{"rendered":"https:\/\/www.deskmodder.de\/blog\/?p=81538"},"modified":"2017-03-18T11:04:29","modified_gmt":"2017-03-18T10:04:29","slug":"telekom-startet-projekt-lte-ueberall","status":"publish","type":"post","link":"https:\/\/www.deskmodder.de\/blog\/2017\/03\/18\/telekom-startet-projekt-lte-ueberall\/","title":{"rendered":"Telekom startet Projekt &#8222;LTE \u00fcberall&#8220;"},"content":{"rendered":"<p>Im Jahr 2015 hat die Bundesnetzagentur wieder ordentlich Umsatz gemacht, denn es stand die Versteigerung des GSM-Bandes 900 an, welches zum Teil an die Deutsche Telekom ging. Dadurch, dass dieses Frequenzband technologieneutral verkauft wurde, kann die Telekom nun entscheiden, was diese in ihrem Bereich anbieten wird. Entschieden hat man sich nun das Programm &#8222;LTE \u00fcberall&#8220; zu starten, welches eben mit den zus\u00e4tzlichen Kapazit\u00e4ten des 900-Bandes, LTE bis ins Geb\u00e4ude, bzw. in Wohnh\u00e4user bringen soll. Die Telekom verspricht sich damit die Qualit\u00e4t ihres Netzes noch weiter zu erh\u00f6hen, da man damit bis Ende 2019 \u00fcberall da, wo man bereits mobil telefonieren kann, auch LTE anbieten kann.<\/p>\n<p>Bis zum Ende des Jahres m\u00f6chte die Telekom bereits 4000 Standorte mit LTE 900 ausr\u00fcsten. Die ersten Standorte, welche seit gestern in Betrieb sind, stehen in Bonn, K\u00f6ln, Leipzig, Berlin und Stuttgart. F\u00fcr Kunden in dem Empfangsbereich entstehen nat\u00fcrlich keine zus\u00e4tzlichen Kosten und irgendwelche Tarifwechsel oder Zusatzoptionen sind auch nicht n\u00f6tig. Alles soll direkt funktionieren, wenn ein kompatibles Smartphone in einen Empfangsbereich kommt. Kompatible Smartphones sind dabei alle europ\u00e4ischen LTE-Smartphones der letzten Jahre, also iPhones, Galaxys oder Lumias mit LTE.<\/p>\n<p><img loading=\"lazy\" decoding=\"async\" src=\"https:\/\/www.deskmodder.de\/blog\/wp-content\/uploads\/2017\/03\/remote-login-mast-493769-1920.jpg\" alt=\"\" width=\"1920\" height=\"1280\" class=\"aligncenter size-full wp-image-81540\" srcset=\"https:\/\/www.deskmodder.de\/blog\/wp-content\/uploads\/2017\/03\/remote-login-mast-493769-1920.jpg 1920w, https:\/\/www.deskmodder.de\/blog\/wp-content\/uploads\/2017\/03\/remote-login-mast-493769-1920-306x205.jpg 306w, https:\/\/www.deskmodder.de\/blog\/wp-content\/uploads\/2017\/03\/remote-login-mast-493769-1920-500x333.jpg 500w, https:\/\/www.deskmodder.de\/blog\/wp-content\/uploads\/2017\/03\/remote-login-mast-493769-1920-810x540.jpg 810w\" sizes=\"auto, (max-width: 1920px) 100vw, 1920px\" \/><\/p>\n<p>Sollte jemand von euch in der N\u00e4he eines Standortes wohnen und zuf\u00e4llig noch ein GSM-Smartphone einsetzen, dann kann dieses aber problemlos weitergenutzt werden. Die Telekom und die Bundesnetzagentur haben sich n\u00e4mlich darauf geeinigt, dass auf dem Band ein Parallelbetrieb von LTE und GSM erfolgt, wobei die Bandbreite der einzelnen Standards dynamisch je nach Bedarf ver\u00e4ndert werden kann.<\/p>\n<p><a href=\"https:\/\/www.deskmodder.de\/blog\/wp-content\/uploads\/2017\/03\/dl-single-ran.jpg\" rel=\"lightbox[81538]\"><img loading=\"lazy\" decoding=\"async\" src=\"https:\/\/www.deskmodder.de\/blog\/wp-content\/uploads\/2017\/03\/dl-single-ran-803x583.jpg\" alt=\"\" width=\"803\" height=\"583\" class=\"aligncenter size-large wp-image-81539\" srcset=\"https:\/\/www.deskmodder.de\/blog\/wp-content\/uploads\/2017\/03\/dl-single-ran-803x583.jpg 803w, https:\/\/www.deskmodder.de\/blog\/wp-content\/uploads\/2017\/03\/dl-single-ran-283x205.jpg 283w, https:\/\/www.deskmodder.de\/blog\/wp-content\/uploads\/2017\/03\/dl-single-ran-496x360.jpg 496w\" sizes=\"auto, (max-width: 803px) 100vw, 803px\" \/><\/a><\/p>\n<p>Schlussendlich m\u00f6chte die Telekom mit der neuen Single RAN-Technik den Parallelbetrieb auch auf anderen Frequenzen erlauben und dort ebenfalls die Bandbreite je nach Bedarf anpassen. Single RAN, was aktuell an allen Mobilfunkstandorten umger\u00fcstet wird, verarbeitet gleichzeitig alle drei Mobilfunkstandards, also GSM, UMTS und LTE. Damit lassen sich in Zukunft auch vereinfacht neue Standards wie 5G einf\u00fchren, was dem Kunden im Endeffekt also nur zugutekommt.<\/p>\n<p>Quelle: <a href=\"https:\/\/www.telekom.com\/de\/medien\/medieninformationen\/detail\/telekom-startet-das-projekt-lte-ueberall-487846\">Telekom<\/a><\/p>\n","protected":false},"excerpt":{"rendered":"<p>Im Jahr 2015 hat die Bundesnetzagentur wieder ordentlich Umsatz gemacht, denn es stand die Versteigerung des GSM-Bandes 900 an, welches zum Teil an die Deutsche Telekom ging. Dadurch, dass dieses Frequenzband technologieneutral verkauft wurde, kann die Telekom nun entscheiden, was&hellip; <\/p>\n","protected":false},"author":2550,"featured_media":12591,"comment_status":"open","ping_status":"open","sticky":false,"template":"","format":"standard","meta":{"jetpack_post_was_ever_published":false,"footnotes":"","jetpack_publicize_message":"","jetpack_publicize_feature_enabled":true,"jetpack_social_post_already_shared":true,"jetpack_social_options":{"image_generator_settings":{"template":"highway","default_image_id":0,"font":"","enabled":false},"version":2}},"categories":[1286],"tags":[16450,10017,16451,2859,5638,16449,1749,16448,4300],"class_list":["post-81538","post","type-post","status-publish","format-standard","has-post-thumbnail","hentry","category-hardware","tag-ausbau","tag-deutsche-telekom","tag-gsm","tag-lte","tag-mobilfunk","tag-single-ran","tag-telekom","tag-telekom-deutschland","tag-umts"],"wp_featured_image":{"id":12591,"alt_text":"","description":"","media_type":"image","media_details":{"width":900,"height":530,"file":"2013\/09\/Deutsche-telekom-logo.png","sizes":{"thumbnail":{"file":"Deutsche-telekom-logo-150x150.png","width":150,"height":150,"mime-type":"image\/png","source_url":"https:\/\/www.deskmodder.de\/blog\/wp-content\/uploads\/2013\/09\/Deutsche-telekom-logo-150x150.png"},"medium":{"file":"Deutsche-telekom-logo-150x88.png","width":150,"height":88,"mime-type":"image\/png","source_url":"https:\/\/www.deskmodder.de\/blog\/wp-content\/uploads\/2013\/09\/Deutsche-telekom-logo-150x88.png"},"large":{"file":"Deutsche-telekom-logo-500x294.png","width":500,"height":294,"mime-type":"image\/png","source_url":"https:\/\/www.deskmodder.de\/blog\/wp-content\/uploads\/2013\/09\/Deutsche-telekom-logo-500x294.png"}},"image_meta":{"aperture":0,"credit":"","camera":"","caption":"","created_timestamp":0,"copyright":"","focal_length":0,"iso":0,"shutter_speed":0,"title":""}},"post":12590,"source_url":"https:\/\/www.deskmodder.de\/blog\/wp-content\/uploads\/2013\/09\/Deutsche-telekom-logo.png"},"commentcount":0,"wp_comments":[],"wp_author":{"id":2550,"name":"MAX","description":"Begeisterter Technik-Enthusiast, der aktuell zwei Welten vereint. Windows auf PC sowie Xbox und iOS auf dem iPhone, als auch auf dem iPad. Gespaltene Pers\u00f6nlichkeit w\u00fcrde ich sagen. ;)","author_avatar_urls":{"24":"https:\/\/secure.gravatar.com\/avatar\/0a924a9e0119dd457d49c2eb1fa27ade332376ba6138336743cdd8c221e4a3a3?s=24&d=mm&r=g","48":"https:\/\/secure.gravatar.com\/avatar\/0a924a9e0119dd457d49c2eb1fa27ade332376ba6138336743cdd8c221e4a3a3?s=48&d=mm&r=g","96":"https:\/\/secure.gravatar.com\/avatar\/0a924a9e0119dd457d49c2eb1fa27ade332376ba6138336743cdd8c221e4a3a3?s=96&d=mm&r=g"}},"cld_nonce":"015d9540d6","yoast_head":"<!-- This site is optimized with the Yoast SEO Premium plugin v27.5 (Yoast SEO v27.5) - https:\/\/yoast.com\/product\/yoast-seo-premium-wordpress\/ -->\n<title>Telekom startet Projekt &quot;LTE \u00fcberall&quot; - Deskmodder.de<\/title>\n<meta name=\"description\" content=\"Die Telekom hat sich bei der Versteigerung des GSM 900-Bandes ein gro\u00dfes Frequenzspektrum gesichert und m\u00f6chte auf diesem jetzt LTE 900 \u00fcberall anbieten.\" \/>\n<meta name=\"robots\" content=\"index, follow, max-snippet:-1, max-image-preview:large, max-video-preview:-1\" \/>\n<link rel=\"canonical\" href=\"https:\/\/www.deskmodder.de\/blog\/2017\/03\/18\/telekom-startet-projekt-lte-ueberall\/\" \/>\n<meta property=\"og:locale\" content=\"de_DE\" \/>\n<meta property=\"og:type\" content=\"article\" \/>\n<meta property=\"og:title\" content=\"Telekom startet Projekt &quot;LTE \u00fcberall&quot;\" \/>\n<meta property=\"og:description\" content=\"Die Telekom hat sich bei der Versteigerung des GSM 900-Bandes ein gro\u00dfes Frequenzspektrum gesichert und m\u00f6chte auf diesem jetzt LTE 900 \u00fcberall anbieten.\" \/>\n<meta property=\"og:url\" content=\"https:\/\/www.deskmodder.de\/blog\/2017\/03\/18\/telekom-startet-projekt-lte-ueberall\/\" \/>\n<meta property=\"og:site_name\" content=\"Deskmodder.de\" \/>\n<meta property=\"article:publisher\" content=\"https:\/\/www.facebook.com\/Deskmodder\" \/>\n<meta property=\"article:published_time\" content=\"2017-03-18T10:02:50+00:00\" \/>\n<meta property=\"article:modified_time\" content=\"2017-03-18T10:04:29+00:00\" \/>\n<meta property=\"og:image\" content=\"https:\/\/www.deskmodder.de\/blog\/wp-content\/uploads\/2013\/09\/Deutsche-telekom-logo.png\" \/>\n\t<meta property=\"og:image:width\" content=\"900\" \/>\n\t<meta property=\"og:image:height\" content=\"530\" \/>\n\t<meta property=\"og:image:type\" content=\"image\/png\" \/>\n<meta name=\"author\" content=\"MAX\" \/>\n<meta name=\"twitter:card\" content=\"summary_large_image\" \/>\n<meta name=\"twitter:creator\" content=\"@themximum\" \/>\n<meta name=\"twitter:site\" content=\"@Deskmodder\" \/>\n<script type=\"application\/ld+json\" class=\"yoast-schema-graph\">{\"@context\":\"https:\\\/\\\/schema.org\",\"@graph\":[{\"@type\":\"Article\",\"@id\":\"https:\\\/\\\/www.deskmodder.de\\\/blog\\\/2017\\\/03\\\/18\\\/telekom-startet-projekt-lte-ueberall\\\/#article\",\"isPartOf\":{\"@id\":\"https:\\\/\\\/www.deskmodder.de\\\/blog\\\/2017\\\/03\\\/18\\\/telekom-startet-projekt-lte-ueberall\\\/\"},\"author\":{\"name\":\"MAX\",\"@id\":\"https:\\\/\\\/www.deskmodder.de\\\/blog\\\/#\\\/schema\\\/person\\\/bd4b9506e83c661f1de1af925c726d7c\"},\"headline\":\"Telekom startet Projekt &#8222;LTE \u00fcberall&#8220;\",\"datePublished\":\"2017-03-18T10:02:50+00:00\",\"dateModified\":\"2017-03-18T10:04:29+00:00\",\"mainEntityOfPage\":{\"@id\":\"https:\\\/\\\/www.deskmodder.de\\\/blog\\\/2017\\\/03\\\/18\\\/telekom-startet-projekt-lte-ueberall\\\/\"},\"wordCount\":329,\"commentCount\":0,\"publisher\":{\"@id\":\"https:\\\/\\\/www.deskmodder.de\\\/blog\\\/#organization\"},\"image\":{\"@id\":\"https:\\\/\\\/www.deskmodder.de\\\/blog\\\/2017\\\/03\\\/18\\\/telekom-startet-projekt-lte-ueberall\\\/#primaryimage\"},\"thumbnailUrl\":\"https:\\\/\\\/www.deskmodder.de\\\/blog\\\/wp-content\\\/uploads\\\/2013\\\/09\\\/Deutsche-telekom-logo.png\",\"keywords\":[\"Ausbau\",\"Deutsche Telekom\",\"GSM\",\"LTE+\",\"Mobilfunk\",\"Single RAN\",\"Telekom\",\"Telekom Deutschland\",\"UMTS\"],\"articleSection\":[\"Hardware\"],\"inLanguage\":\"de\",\"potentialAction\":[{\"@type\":\"CommentAction\",\"name\":\"Comment\",\"target\":[\"https:\\\/\\\/www.deskmodder.de\\\/blog\\\/2017\\\/03\\\/18\\\/telekom-startet-projekt-lte-ueberall\\\/#respond\"]}],\"copyrightYear\":\"2017\",\"copyrightHolder\":{\"@id\":\"https:\\\/\\\/www.deskmodder.de\\\/blog\\\/#organization\"}},{\"@type\":\"WebPage\",\"@id\":\"https:\\\/\\\/www.deskmodder.de\\\/blog\\\/2017\\\/03\\\/18\\\/telekom-startet-projekt-lte-ueberall\\\/\",\"url\":\"https:\\\/\\\/www.deskmodder.de\\\/blog\\\/2017\\\/03\\\/18\\\/telekom-startet-projekt-lte-ueberall\\\/\",\"name\":\"Telekom startet Projekt \\\"LTE \u00fcberall\\\" - Deskmodder.de\",\"isPartOf\":{\"@id\":\"https:\\\/\\\/www.deskmodder.de\\\/blog\\\/#website\"},\"primaryImageOfPage\":{\"@id\":\"https:\\\/\\\/www.deskmodder.de\\\/blog\\\/2017\\\/03\\\/18\\\/telekom-startet-projekt-lte-ueberall\\\/#primaryimage\"},\"image\":{\"@id\":\"https:\\\/\\\/www.deskmodder.de\\\/blog\\\/2017\\\/03\\\/18\\\/telekom-startet-projekt-lte-ueberall\\\/#primaryimage\"},\"thumbnailUrl\":\"https:\\\/\\\/www.deskmodder.de\\\/blog\\\/wp-content\\\/uploads\\\/2013\\\/09\\\/Deutsche-telekom-logo.png\",\"datePublished\":\"2017-03-18T10:02:50+00:00\",\"dateModified\":\"2017-03-18T10:04:29+00:00\",\"description\":\"Die Telekom hat sich bei der Versteigerung des GSM 900-Bandes ein gro\u00dfes Frequenzspektrum gesichert und m\u00f6chte auf diesem jetzt LTE 900 \u00fcberall anbieten.\",\"breadcrumb\":{\"@id\":\"https:\\\/\\\/www.deskmodder.de\\\/blog\\\/2017\\\/03\\\/18\\\/telekom-startet-projekt-lte-ueberall\\\/#breadcrumb\"},\"inLanguage\":\"de\",\"potentialAction\":[{\"@type\":\"ReadAction\",\"target\":[\"https:\\\/\\\/www.deskmodder.de\\\/blog\\\/2017\\\/03\\\/18\\\/telekom-startet-projekt-lte-ueberall\\\/\"]}]},{\"@type\":\"ImageObject\",\"inLanguage\":\"de\",\"@id\":\"https:\\\/\\\/www.deskmodder.de\\\/blog\\\/2017\\\/03\\\/18\\\/telekom-startet-projekt-lte-ueberall\\\/#primaryimage\",\"url\":\"https:\\\/\\\/www.deskmodder.de\\\/blog\\\/wp-content\\\/uploads\\\/2013\\\/09\\\/Deutsche-telekom-logo.png\",\"contentUrl\":\"https:\\\/\\\/www.deskmodder.de\\\/blog\\\/wp-content\\\/uploads\\\/2013\\\/09\\\/Deutsche-telekom-logo.png\",\"width\":900,\"height\":530},{\"@type\":\"BreadcrumbList\",\"@id\":\"https:\\\/\\\/www.deskmodder.de\\\/blog\\\/2017\\\/03\\\/18\\\/telekom-startet-projekt-lte-ueberall\\\/#breadcrumb\",\"itemListElement\":[{\"@type\":\"ListItem\",\"position\":1,\"name\":\"Startseite\",\"item\":\"https:\\\/\\\/www.deskmodder.de\\\/blog\\\/\"},{\"@type\":\"ListItem\",\"position\":2,\"name\":\"Telekom startet Projekt &#8222;LTE \u00fcberall&#8220;\"}]},{\"@type\":\"WebSite\",\"@id\":\"https:\\\/\\\/www.deskmodder.de\\\/blog\\\/#website\",\"url\":\"https:\\\/\\\/www.deskmodder.de\\\/blog\\\/\",\"name\":\"Deskmodder.de\",\"description\":\"News zum Thema Microsoft, Windows 11 \\\/ 10, sowie anderen Neuigkeiten aus dem Netz, viele Tipps und individuelle Hilfe bei Problemen in unserem Forum \u25cf Deskmodder - seit 2003\",\"publisher\":{\"@id\":\"https:\\\/\\\/www.deskmodder.de\\\/blog\\\/#organization\"},\"potentialAction\":[{\"@type\":\"SearchAction\",\"target\":{\"@type\":\"EntryPoint\",\"urlTemplate\":\"https:\\\/\\\/www.deskmodder.de\\\/blog\\\/?s={search_term_string}\"},\"query-input\":{\"@type\":\"PropertyValueSpecification\",\"valueRequired\":true,\"valueName\":\"search_term_string\"}}],\"inLanguage\":\"de\"},{\"@type\":\"Organization\",\"@id\":\"https:\\\/\\\/www.deskmodder.de\\\/blog\\\/#organization\",\"name\":\"Deskmodder\",\"url\":\"https:\\\/\\\/www.deskmodder.de\\\/blog\\\/\",\"logo\":{\"@type\":\"ImageObject\",\"inLanguage\":\"de\",\"@id\":\"https:\\\/\\\/www.deskmodder.de\\\/blog\\\/#\\\/schema\\\/logo\\\/image\\\/\",\"url\":\"https:\\\/\\\/www.deskmodder.de\\\/blog\\\/wp-content\\\/uploads\\\/2019\\\/01\\\/deskmodder-logo-app.png\",\"contentUrl\":\"https:\\\/\\\/www.deskmodder.de\\\/blog\\\/wp-content\\\/uploads\\\/2019\\\/01\\\/deskmodder-logo-app.png\",\"width\":281,\"height\":286,\"caption\":\"Deskmodder\"},\"image\":{\"@id\":\"https:\\\/\\\/www.deskmodder.de\\\/blog\\\/#\\\/schema\\\/logo\\\/image\\\/\"},\"sameAs\":[\"https:\\\/\\\/www.facebook.com\\\/Deskmodder\",\"https:\\\/\\\/x.com\\\/Deskmodder\",\"https:\\\/\\\/mastodontech.de\\\/@Deskmodder\",\"https:\\\/\\\/www.youtube.com\\\/user\\\/deskmodder\",\"https:\\\/\\\/mewe.com\\\/group\\\/5c83b5231add826fc80cdae1\"]},{\"@type\":\"Person\",\"@id\":\"https:\\\/\\\/www.deskmodder.de\\\/blog\\\/#\\\/schema\\\/person\\\/bd4b9506e83c661f1de1af925c726d7c\",\"name\":\"MAX\",\"image\":{\"@type\":\"ImageObject\",\"inLanguage\":\"de\",\"@id\":\"https:\\\/\\\/secure.gravatar.com\\\/avatar\\\/0a924a9e0119dd457d49c2eb1fa27ade332376ba6138336743cdd8c221e4a3a3?s=96&d=mm&r=g\",\"url\":\"https:\\\/\\\/secure.gravatar.com\\\/avatar\\\/0a924a9e0119dd457d49c2eb1fa27ade332376ba6138336743cdd8c221e4a3a3?s=96&d=mm&r=g\",\"contentUrl\":\"https:\\\/\\\/secure.gravatar.com\\\/avatar\\\/0a924a9e0119dd457d49c2eb1fa27ade332376ba6138336743cdd8c221e4a3a3?s=96&d=mm&r=g\",\"caption\":\"MAX\"},\"description\":\"Begeisterter Technik-Enthusiast, der aktuell zwei Welten vereint. Windows auf PC sowie Xbox und iOS auf dem iPhone, als auch auf dem iPad. Gespaltene Pers\u00f6nlichkeit w\u00fcrde ich sagen. ;)\",\"sameAs\":[\"https:\\\/\\\/www.instagram.com\\\/themximum\\\/\",\"https:\\\/\\\/x.com\\\/themximum\"],\"url\":\"https:\\\/\\\/www.deskmodder.de\\\/blog\\\/author\\\/max\\\/\"}]}<\/script>\n<!-- \/ Yoast SEO Premium plugin. -->","yoast_head_json":{"title":"Telekom startet Projekt \"LTE \u00fcberall\" - Deskmodder.de","description":"Die Telekom hat sich bei der Versteigerung des GSM 900-Bandes ein gro\u00dfes Frequenzspektrum gesichert und m\u00f6chte auf diesem jetzt LTE 900 \u00fcberall anbieten.","robots":{"index":"index","follow":"follow","max-snippet":"max-snippet:-1","max-image-preview":"max-image-preview:large","max-video-preview":"max-video-preview:-1"},"canonical":"https:\/\/www.deskmodder.de\/blog\/2017\/03\/18\/telekom-startet-projekt-lte-ueberall\/","og_locale":"de_DE","og_type":"article","og_title":"Telekom startet Projekt \"LTE \u00fcberall\"","og_description":"Die Telekom hat sich bei der Versteigerung des GSM 900-Bandes ein gro\u00dfes Frequenzspektrum gesichert und m\u00f6chte auf diesem jetzt LTE 900 \u00fcberall anbieten.","og_url":"https:\/\/www.deskmodder.de\/blog\/2017\/03\/18\/telekom-startet-projekt-lte-ueberall\/","og_site_name":"Deskmodder.de","article_publisher":"https:\/\/www.facebook.com\/Deskmodder","article_published_time":"2017-03-18T10:02:50+00:00","article_modified_time":"2017-03-18T10:04:29+00:00","og_image":[{"width":900,"height":530,"url":"https:\/\/www.deskmodder.de\/blog\/wp-content\/uploads\/2013\/09\/Deutsche-telekom-logo.png","type":"image\/png"}],"author":"MAX","twitter_card":"summary_large_image","twitter_creator":"@themximum","twitter_site":"@Deskmodder","schema":{"@context":"https:\/\/schema.org","@graph":[{"@type":"Article","@id":"https:\/\/www.deskmodder.de\/blog\/2017\/03\/18\/telekom-startet-projekt-lte-ueberall\/#article","isPartOf":{"@id":"https:\/\/www.deskmodder.de\/blog\/2017\/03\/18\/telekom-startet-projekt-lte-ueberall\/"},"author":{"name":"MAX","@id":"https:\/\/www.deskmodder.de\/blog\/#\/schema\/person\/bd4b9506e83c661f1de1af925c726d7c"},"headline":"Telekom startet Projekt &#8222;LTE \u00fcberall&#8220;","datePublished":"2017-03-18T10:02:50+00:00","dateModified":"2017-03-18T10:04:29+00:00","mainEntityOfPage":{"@id":"https:\/\/www.deskmodder.de\/blog\/2017\/03\/18\/telekom-startet-projekt-lte-ueberall\/"},"wordCount":329,"commentCount":0,"publisher":{"@id":"https:\/\/www.deskmodder.de\/blog\/#organization"},"image":{"@id":"https:\/\/www.deskmodder.de\/blog\/2017\/03\/18\/telekom-startet-projekt-lte-ueberall\/#primaryimage"},"thumbnailUrl":"https:\/\/www.deskmodder.de\/blog\/wp-content\/uploads\/2013\/09\/Deutsche-telekom-logo.png","keywords":["Ausbau","Deutsche Telekom","GSM","LTE+","Mobilfunk","Single RAN","Telekom","Telekom Deutschland","UMTS"],"articleSection":["Hardware"],"inLanguage":"de","potentialAction":[{"@type":"CommentAction","name":"Comment","target":["https:\/\/www.deskmodder.de\/blog\/2017\/03\/18\/telekom-startet-projekt-lte-ueberall\/#respond"]}],"copyrightYear":"2017","copyrightHolder":{"@id":"https:\/\/www.deskmodder.de\/blog\/#organization"}},{"@type":"WebPage","@id":"https:\/\/www.deskmodder.de\/blog\/2017\/03\/18\/telekom-startet-projekt-lte-ueberall\/","url":"https:\/\/www.deskmodder.de\/blog\/2017\/03\/18\/telekom-startet-projekt-lte-ueberall\/","name":"Telekom startet Projekt \"LTE \u00fcberall\" - Deskmodder.de","isPartOf":{"@id":"https:\/\/www.deskmodder.de\/blog\/#website"},"primaryImageOfPage":{"@id":"https:\/\/www.deskmodder.de\/blog\/2017\/03\/18\/telekom-startet-projekt-lte-ueberall\/#primaryimage"},"image":{"@id":"https:\/\/www.deskmodder.de\/blog\/2017\/03\/18\/telekom-startet-projekt-lte-ueberall\/#primaryimage"},"thumbnailUrl":"https:\/\/www.deskmodder.de\/blog\/wp-content\/uploads\/2013\/09\/Deutsche-telekom-logo.png","datePublished":"2017-03-18T10:02:50+00:00","dateModified":"2017-03-18T10:04:29+00:00","description":"Die Telekom hat sich bei der Versteigerung des GSM 900-Bandes ein gro\u00dfes Frequenzspektrum gesichert und m\u00f6chte auf diesem jetzt LTE 900 \u00fcberall anbieten.","breadcrumb":{"@id":"https:\/\/www.deskmodder.de\/blog\/2017\/03\/18\/telekom-startet-projekt-lte-ueberall\/#breadcrumb"},"inLanguage":"de","potentialAction":[{"@type":"ReadAction","target":["https:\/\/www.deskmodder.de\/blog\/2017\/03\/18\/telekom-startet-projekt-lte-ueberall\/"]}]},{"@type":"ImageObject","inLanguage":"de","@id":"https:\/\/www.deskmodder.de\/blog\/2017\/03\/18\/telekom-startet-projekt-lte-ueberall\/#primaryimage","url":"https:\/\/www.deskmodder.de\/blog\/wp-content\/uploads\/2013\/09\/Deutsche-telekom-logo.png","contentUrl":"https:\/\/www.deskmodder.de\/blog\/wp-content\/uploads\/2013\/09\/Deutsche-telekom-logo.png","width":900,"height":530},{"@type":"BreadcrumbList","@id":"https:\/\/www.deskmodder.de\/blog\/2017\/03\/18\/telekom-startet-projekt-lte-ueberall\/#breadcrumb","itemListElement":[{"@type":"ListItem","position":1,"name":"Startseite","item":"https:\/\/www.deskmodder.de\/blog\/"},{"@type":"ListItem","position":2,"name":"Telekom startet Projekt &#8222;LTE \u00fcberall&#8220;"}]},{"@type":"WebSite","@id":"https:\/\/www.deskmodder.de\/blog\/#website","url":"https:\/\/www.deskmodder.de\/blog\/","name":"Deskmodder.de","description":"News zum Thema Microsoft, Windows 11 \/ 10, sowie anderen Neuigkeiten aus dem Netz, viele Tipps und individuelle Hilfe bei Problemen in unserem Forum \u25cf Deskmodder - seit 2003","publisher":{"@id":"https:\/\/www.deskmodder.de\/blog\/#organization"},"potentialAction":[{"@type":"SearchAction","target":{"@type":"EntryPoint","urlTemplate":"https:\/\/www.deskmodder.de\/blog\/?s={search_term_string}"},"query-input":{"@type":"PropertyValueSpecification","valueRequired":true,"valueName":"search_term_string"}}],"inLanguage":"de"},{"@type":"Organization","@id":"https:\/\/www.deskmodder.de\/blog\/#organization","name":"Deskmodder","url":"https:\/\/www.deskmodder.de\/blog\/","logo":{"@type":"ImageObject","inLanguage":"de","@id":"https:\/\/www.deskmodder.de\/blog\/#\/schema\/logo\/image\/","url":"https:\/\/www.deskmodder.de\/blog\/wp-content\/uploads\/2019\/01\/deskmodder-logo-app.png","contentUrl":"https:\/\/www.deskmodder.de\/blog\/wp-content\/uploads\/2019\/01\/deskmodder-logo-app.png","width":281,"height":286,"caption":"Deskmodder"},"image":{"@id":"https:\/\/www.deskmodder.de\/blog\/#\/schema\/logo\/image\/"},"sameAs":["https:\/\/www.facebook.com\/Deskmodder","https:\/\/x.com\/Deskmodder","https:\/\/mastodontech.de\/@Deskmodder","https:\/\/www.youtube.com\/user\/deskmodder","https:\/\/mewe.com\/group\/5c83b5231add826fc80cdae1"]},{"@type":"Person","@id":"https:\/\/www.deskmodder.de\/blog\/#\/schema\/person\/bd4b9506e83c661f1de1af925c726d7c","name":"MAX","image":{"@type":"ImageObject","inLanguage":"de","@id":"https:\/\/secure.gravatar.com\/avatar\/0a924a9e0119dd457d49c2eb1fa27ade332376ba6138336743cdd8c221e4a3a3?s=96&d=mm&r=g","url":"https:\/\/secure.gravatar.com\/avatar\/0a924a9e0119dd457d49c2eb1fa27ade332376ba6138336743cdd8c221e4a3a3?s=96&d=mm&r=g","contentUrl":"https:\/\/secure.gravatar.com\/avatar\/0a924a9e0119dd457d49c2eb1fa27ade332376ba6138336743cdd8c221e4a3a3?s=96&d=mm&r=g","caption":"MAX"},"description":"Begeisterter Technik-Enthusiast, der aktuell zwei Welten vereint. Windows auf PC sowie Xbox und iOS auf dem iPhone, als auch auf dem iPad. Gespaltene Pers\u00f6nlichkeit w\u00fcrde ich sagen. ;)","sameAs":["https:\/\/www.instagram.com\/themximum\/","https:\/\/x.com\/themximum"],"url":"https:\/\/www.deskmodder.de\/blog\/author\/max\/"}]}},"jetpack_publicize_connections":[],"jetpack_featured_media_url":"https:\/\/www.deskmodder.de\/blog\/wp-content\/uploads\/2013\/09\/Deutsche-telekom-logo.png","_links":{"self":[{"href":"https:\/\/www.deskmodder.de\/blog\/wp-json\/wp\/v2\/posts\/81538","targetHints":{"allow":["GET"]}}],"collection":[{"href":"https:\/\/www.deskmodder.de\/blog\/wp-json\/wp\/v2\/posts"}],"about":[{"href":"https:\/\/www.deskmodder.de\/blog\/wp-json\/wp\/v2\/types\/post"}],"author":[{"embeddable":true,"href":"https:\/\/www.deskmodder.de\/blog\/wp-json\/wp\/v2\/users\/2550"}],"replies":[{"embeddable":true,"href":"https:\/\/www.deskmodder.de\/blog\/wp-json\/wp\/v2\/comments?post=81538"}],"version-history":[{"count":0,"href":"https:\/\/www.deskmodder.de\/blog\/wp-json\/wp\/v2\/posts\/81538\/revisions"}],"wp:featuredmedia":[{"embeddable":true,"href":"https:\/\/www.deskmodder.de\/blog\/wp-json\/wp\/v2\/media\/12591"}],"wp:attachment":[{"href":"https:\/\/www.deskmodder.de\/blog\/wp-json\/wp\/v2\/media?parent=81538"}],"wp:term":[{"taxonomy":"category","embeddable":true,"href":"https:\/\/www.deskmodder.de\/blog\/wp-json\/wp\/v2\/categories?post=81538"},{"taxonomy":"post_tag","embeddable":true,"href":"https:\/\/www.deskmodder.de\/blog\/wp-json\/wp\/v2\/tags?post=81538"}],"curies":[{"name":"wp","href":"https:\/\/api.w.org\/{rel}","templated":true}]}}