{"id":80592,"date":"2017-02-27T16:33:35","date_gmt":"2017-02-27T15:33:35","guid":{"rendered":"https:\/\/www.deskmodder.de\/blog\/?p=80592"},"modified":"2017-02-27T16:33:35","modified_gmt":"2017-02-27T15:33:35","slug":"intel-werden-die-prozessoren-preiswerter","status":"publish","type":"post","link":"https:\/\/www.deskmodder.de\/blog\/2017\/02\/27\/intel-werden-die-prozessoren-preiswerter\/","title":{"rendered":"Intel &#8211; Werden die Prozessoren preiswerter?"},"content":{"rendered":"<p>Am 2. M\u00e4rz, also bereits in 3 Tagen, werden die neuen Ryzen-Prozessoren aus dem Hause AMD ver\u00f6ffentlicht. Dies erscheinen bekanntlich zu Kampfpreisen, welche Intel das F\u00fcrchten lehren sollen, wie man so sch\u00f6n sagt. Anscheinend funktioniert diese Taktik auch, denn eine Ladenkette in den USA senkt jetzt die Preise vieler Intel-Prozessoren, dabei kann diese Anweisung an Micro Center nat\u00fcrlich direkt von Intel kommen oder es sich auch nur um eine Aktion handeln. Wie auch immer, dank dieser Aktion unterbietet Micro Center viele Wettbewerber.<\/p>\n<p>So verkauft die Kette das neue Kaby-Lake-Flaggschiff Core i7-7700K f\u00fcr nur noch US$ 299, f\u00fcr welches zuvor rund US$ 350 verlangt worden. Die Ger\u00fcchtek\u00fcche sieht dies nat\u00fcrlich als einen m\u00f6glichen Startschuss f\u00fcr eine allgemeine Preissenkung bei Intel, was zuvor sehr selten, bzw. eigentlich nie vorgekommen ist. Der Preis unterbietet damit auch deutlich die Preisempfehlung seitens Intel, welche das letzte Mal am 3. Januar 2017 aktualisiert wurde. Auch den Achtkerner Core i7-6900K bietet Micro Center g\u00fcnstiger an, so kostet dieser satte US$ 89 weniger, als von Intel empfohlen, n\u00e4mlich nur noch US$ 1000.<\/p>\n<p><img loading=\"lazy\" decoding=\"async\" src=\"https:\/\/www.deskmodder.de\/blog\/wp-content\/uploads\/2014\/01\/Intel-Logo.jpg\" alt=\"\" width=\"793\" height=\"537\" class=\"aligncenter size-full wp-image-18604\" srcset=\"https:\/\/www.deskmodder.de\/blog\/wp-content\/uploads\/2014\/01\/Intel-Logo.jpg 793w, https:\/\/www.deskmodder.de\/blog\/wp-content\/uploads\/2014\/01\/Intel-Logo-150x101.jpg 150w, https:\/\/www.deskmodder.de\/blog\/wp-content\/uploads\/2014\/01\/Intel-Logo-500x338.jpg 500w\" sizes=\"auto, (max-width: 793px) 100vw, 793px\" \/><\/p>\n<p>Normalerweise bewegen sich die H\u00e4ndlerpreise bei den aktuellsten Generationen immer um den empfohlenen Intel-Preis rum, zus\u00e4tzlich VAT (vgl. Mehrwertsteuer). Doch, wie bereits oben angedeutet, kann es sich hier auch nur um eine geschickte Werbeaktion handeln, welche noch einmal den Umsatz ankurbeln soll, bevor dann die neuen Ryzen-Prozessoren kommen. Sollte einer von euch nun Interesse am Kauf haben, dann muss er leider in die USA reisen, denn die Rabattierungen gelten nur in den Stores selbst und nicht via Versand.<\/p>\n<p>Via: <a href=\"https:\/\/www.heise.de\/newsticker\/meldung\/Intel-Prozessoren-Spekulationen-um-deutliche-Rabatte-3636397.html?wt_mc=rss.ho.beitrag.atom\">heise<\/a><\/p>\n","protected":false},"excerpt":{"rendered":"<p>Am 2. M\u00e4rz, also bereits in 3 Tagen, werden die neuen Ryzen-Prozessoren aus dem Hause AMD ver\u00f6ffentlicht. Dies erscheinen bekanntlich zu Kampfpreisen, welche Intel das F\u00fcrchten lehren sollen, wie man so sch\u00f6n sagt. Anscheinend funktioniert diese Taktik auch, denn eine&hellip; <\/p>\n","protected":false},"author":2550,"featured_media":18604,"comment_status":"open","ping_status":"open","sticky":false,"template":"","format":"standard","meta":{"jetpack_post_was_ever_published":false,"footnotes":"","jetpack_publicize_message":"","jetpack_publicize_feature_enabled":true,"jetpack_social_post_already_shared":true,"jetpack_social_options":{"image_generator_settings":{"template":"highway","default_image_id":0,"font":"","enabled":false},"version":2}},"categories":[1286],"tags":[16220,16219,1763,574,2384,3589,16221],"class_list":["post-80592","post","type-post","status-publish","format-standard","has-post-thumbnail","hentry","category-hardware","tag-core-i7-6900k","tag-core-i7-7700k","tag-cpu","tag-intel","tag-preise","tag-prozessoren","tag-senkung"],"wp_featured_image":{"id":18604,"alt_text":"","description":"","media_type":"image","media_details":{"width":793,"height":537,"file":"2014\/01\/Intel-Logo.jpg","sizes":{"thumbnail":{"file":"Intel-Logo-150x150.jpg","width":150,"height":150,"mime-type":"image\/jpeg","source_url":"https:\/\/www.deskmodder.de\/blog\/wp-content\/uploads\/2014\/01\/Intel-Logo-150x150.jpg"},"medium":{"file":"Intel-Logo-150x101.jpg","width":150,"height":101,"mime-type":"image\/jpeg","source_url":"https:\/\/www.deskmodder.de\/blog\/wp-content\/uploads\/2014\/01\/Intel-Logo-150x101.jpg"},"large":{"file":"Intel-Logo-500x338.jpg","width":500,"height":338,"mime-type":"image\/jpeg","source_url":"https:\/\/www.deskmodder.de\/blog\/wp-content\/uploads\/2014\/01\/Intel-Logo-500x338.jpg"}},"image_meta":{"aperture":0,"credit":"","camera":"","caption":"","created_timestamp":0,"copyright":"","focal_length":0,"iso":0,"shutter_speed":0,"title":""}},"post":18601,"source_url":"https:\/\/www.deskmodder.de\/blog\/wp-content\/uploads\/2014\/01\/Intel-Logo.jpg"},"commentcount":0,"wp_comments":[],"wp_author":{"id":2550,"name":"MAX","description":"Begeisterter Technik-Enthusiast, der aktuell zwei Welten vereint. Windows auf PC sowie Xbox und iOS auf dem iPhone, als auch auf dem iPad. Gespaltene Pers\u00f6nlichkeit w\u00fcrde ich sagen. ;)","author_avatar_urls":{"24":"https:\/\/secure.gravatar.com\/avatar\/0a924a9e0119dd457d49c2eb1fa27ade332376ba6138336743cdd8c221e4a3a3?s=24&d=mm&r=g","48":"https:\/\/secure.gravatar.com\/avatar\/0a924a9e0119dd457d49c2eb1fa27ade332376ba6138336743cdd8c221e4a3a3?s=48&d=mm&r=g","96":"https:\/\/secure.gravatar.com\/avatar\/0a924a9e0119dd457d49c2eb1fa27ade332376ba6138336743cdd8c221e4a3a3?s=96&d=mm&r=g"}},"cld_nonce":"015d9540d6","yoast_head":"<!-- This site is optimized with the Yoast SEO Premium plugin v27.5 (Yoast SEO v27.5) - https:\/\/yoast.com\/product\/yoast-seo-premium-wordpress\/ -->\n<title>Intel - Werden die Prozessoren preiswerter? - Deskmodder.de<\/title>\n<meta name=\"description\" content=\"Die US-Kette Micro Center senkt die Preise zahlreicher beliebter Intel-Prozessoren. Ist dies ein Zeichen daf\u00fcr, dass Intel dem Preisdruck von AMD nachgibt?\" \/>\n<meta name=\"robots\" content=\"index, follow, max-snippet:-1, max-image-preview:large, max-video-preview:-1\" \/>\n<link rel=\"canonical\" href=\"https:\/\/www.deskmodder.de\/blog\/2017\/02\/27\/intel-werden-die-prozessoren-preiswerter\/\" \/>\n<meta property=\"og:locale\" content=\"de_DE\" \/>\n<meta property=\"og:type\" content=\"article\" \/>\n<meta property=\"og:title\" content=\"Intel - Werden die Prozessoren preiswerter?\" \/>\n<meta property=\"og:description\" content=\"Die US-Kette Micro Center senkt die Preise zahlreicher beliebter Intel-Prozessoren. Ist dies ein Zeichen daf\u00fcr, dass Intel dem Preisdruck von AMD nachgibt?\" \/>\n<meta property=\"og:url\" content=\"https:\/\/www.deskmodder.de\/blog\/2017\/02\/27\/intel-werden-die-prozessoren-preiswerter\/\" \/>\n<meta property=\"og:site_name\" content=\"Deskmodder.de\" \/>\n<meta property=\"article:publisher\" content=\"https:\/\/www.facebook.com\/Deskmodder\" \/>\n<meta property=\"article:published_time\" content=\"2017-02-27T15:33:35+00:00\" \/>\n<meta property=\"og:image\" content=\"https:\/\/www.deskmodder.de\/blog\/wp-content\/uploads\/2014\/01\/Intel-Logo.jpg\" \/>\n\t<meta property=\"og:image:width\" content=\"793\" \/>\n\t<meta property=\"og:image:height\" content=\"537\" \/>\n\t<meta property=\"og:image:type\" content=\"image\/jpeg\" \/>\n<meta name=\"author\" content=\"MAX\" \/>\n<meta name=\"twitter:card\" content=\"summary_large_image\" \/>\n<meta name=\"twitter:creator\" content=\"@themximum\" \/>\n<meta name=\"twitter:site\" content=\"@Deskmodder\" \/>\n<script type=\"application\/ld+json\" class=\"yoast-schema-graph\">{\"@context\":\"https:\\\/\\\/schema.org\",\"@graph\":[{\"@type\":\"Article\",\"@id\":\"https:\\\/\\\/www.deskmodder.de\\\/blog\\\/2017\\\/02\\\/27\\\/intel-werden-die-prozessoren-preiswerter\\\/#article\",\"isPartOf\":{\"@id\":\"https:\\\/\\\/www.deskmodder.de\\\/blog\\\/2017\\\/02\\\/27\\\/intel-werden-die-prozessoren-preiswerter\\\/\"},\"author\":{\"name\":\"MAX\",\"@id\":\"https:\\\/\\\/www.deskmodder.de\\\/blog\\\/#\\\/schema\\\/person\\\/bd4b9506e83c661f1de1af925c726d7c\"},\"headline\":\"Intel &#8211; Werden die Prozessoren preiswerter?\",\"datePublished\":\"2017-02-27T15:33:35+00:00\",\"mainEntityOfPage\":{\"@id\":\"https:\\\/\\\/www.deskmodder.de\\\/blog\\\/2017\\\/02\\\/27\\\/intel-werden-die-prozessoren-preiswerter\\\/\"},\"wordCount\":272,\"commentCount\":0,\"publisher\":{\"@id\":\"https:\\\/\\\/www.deskmodder.de\\\/blog\\\/#organization\"},\"image\":{\"@id\":\"https:\\\/\\\/www.deskmodder.de\\\/blog\\\/2017\\\/02\\\/27\\\/intel-werden-die-prozessoren-preiswerter\\\/#primaryimage\"},\"thumbnailUrl\":\"https:\\\/\\\/www.deskmodder.de\\\/blog\\\/wp-content\\\/uploads\\\/2014\\\/01\\\/Intel-Logo.jpg\",\"keywords\":[\"Core i7 6900K\",\"Core i7 7700K\",\"CPU\",\"Intel\",\"Preise\",\"Prozessoren\",\"Senkung\"],\"articleSection\":[\"Hardware\"],\"inLanguage\":\"de\",\"potentialAction\":[{\"@type\":\"CommentAction\",\"name\":\"Comment\",\"target\":[\"https:\\\/\\\/www.deskmodder.de\\\/blog\\\/2017\\\/02\\\/27\\\/intel-werden-die-prozessoren-preiswerter\\\/#respond\"]}],\"copyrightYear\":\"2017\",\"copyrightHolder\":{\"@id\":\"https:\\\/\\\/www.deskmodder.de\\\/blog\\\/#organization\"}},{\"@type\":\"WebPage\",\"@id\":\"https:\\\/\\\/www.deskmodder.de\\\/blog\\\/2017\\\/02\\\/27\\\/intel-werden-die-prozessoren-preiswerter\\\/\",\"url\":\"https:\\\/\\\/www.deskmodder.de\\\/blog\\\/2017\\\/02\\\/27\\\/intel-werden-die-prozessoren-preiswerter\\\/\",\"name\":\"Intel - Werden die Prozessoren preiswerter? - Deskmodder.de\",\"isPartOf\":{\"@id\":\"https:\\\/\\\/www.deskmodder.de\\\/blog\\\/#website\"},\"primaryImageOfPage\":{\"@id\":\"https:\\\/\\\/www.deskmodder.de\\\/blog\\\/2017\\\/02\\\/27\\\/intel-werden-die-prozessoren-preiswerter\\\/#primaryimage\"},\"image\":{\"@id\":\"https:\\\/\\\/www.deskmodder.de\\\/blog\\\/2017\\\/02\\\/27\\\/intel-werden-die-prozessoren-preiswerter\\\/#primaryimage\"},\"thumbnailUrl\":\"https:\\\/\\\/www.deskmodder.de\\\/blog\\\/wp-content\\\/uploads\\\/2014\\\/01\\\/Intel-Logo.jpg\",\"datePublished\":\"2017-02-27T15:33:35+00:00\",\"description\":\"Die US-Kette Micro Center senkt die Preise zahlreicher beliebter Intel-Prozessoren. Ist dies ein Zeichen daf\u00fcr, dass Intel dem Preisdruck von AMD nachgibt?\",\"breadcrumb\":{\"@id\":\"https:\\\/\\\/www.deskmodder.de\\\/blog\\\/2017\\\/02\\\/27\\\/intel-werden-die-prozessoren-preiswerter\\\/#breadcrumb\"},\"inLanguage\":\"de\",\"potentialAction\":[{\"@type\":\"ReadAction\",\"target\":[\"https:\\\/\\\/www.deskmodder.de\\\/blog\\\/2017\\\/02\\\/27\\\/intel-werden-die-prozessoren-preiswerter\\\/\"]}]},{\"@type\":\"ImageObject\",\"inLanguage\":\"de\",\"@id\":\"https:\\\/\\\/www.deskmodder.de\\\/blog\\\/2017\\\/02\\\/27\\\/intel-werden-die-prozessoren-preiswerter\\\/#primaryimage\",\"url\":\"https:\\\/\\\/www.deskmodder.de\\\/blog\\\/wp-content\\\/uploads\\\/2014\\\/01\\\/Intel-Logo.jpg\",\"contentUrl\":\"https:\\\/\\\/www.deskmodder.de\\\/blog\\\/wp-content\\\/uploads\\\/2014\\\/01\\\/Intel-Logo.jpg\",\"width\":793,\"height\":537},{\"@type\":\"BreadcrumbList\",\"@id\":\"https:\\\/\\\/www.deskmodder.de\\\/blog\\\/2017\\\/02\\\/27\\\/intel-werden-die-prozessoren-preiswerter\\\/#breadcrumb\",\"itemListElement\":[{\"@type\":\"ListItem\",\"position\":1,\"name\":\"Startseite\",\"item\":\"https:\\\/\\\/www.deskmodder.de\\\/blog\\\/\"},{\"@type\":\"ListItem\",\"position\":2,\"name\":\"Intel &#8211; Werden die Prozessoren preiswerter?\"}]},{\"@type\":\"WebSite\",\"@id\":\"https:\\\/\\\/www.deskmodder.de\\\/blog\\\/#website\",\"url\":\"https:\\\/\\\/www.deskmodder.de\\\/blog\\\/\",\"name\":\"Deskmodder.de\",\"description\":\"News zum Thema Microsoft, Windows 11 \\\/ 10, sowie anderen Neuigkeiten aus dem Netz, viele Tipps und individuelle Hilfe bei Problemen in unserem Forum \u25cf Deskmodder - seit 2003\",\"publisher\":{\"@id\":\"https:\\\/\\\/www.deskmodder.de\\\/blog\\\/#organization\"},\"potentialAction\":[{\"@type\":\"SearchAction\",\"target\":{\"@type\":\"EntryPoint\",\"urlTemplate\":\"https:\\\/\\\/www.deskmodder.de\\\/blog\\\/?s={search_term_string}\"},\"query-input\":{\"@type\":\"PropertyValueSpecification\",\"valueRequired\":true,\"valueName\":\"search_term_string\"}}],\"inLanguage\":\"de\"},{\"@type\":\"Organization\",\"@id\":\"https:\\\/\\\/www.deskmodder.de\\\/blog\\\/#organization\",\"name\":\"Deskmodder\",\"url\":\"https:\\\/\\\/www.deskmodder.de\\\/blog\\\/\",\"logo\":{\"@type\":\"ImageObject\",\"inLanguage\":\"de\",\"@id\":\"https:\\\/\\\/www.deskmodder.de\\\/blog\\\/#\\\/schema\\\/logo\\\/image\\\/\",\"url\":\"https:\\\/\\\/www.deskmodder.de\\\/blog\\\/wp-content\\\/uploads\\\/2019\\\/01\\\/deskmodder-logo-app.png\",\"contentUrl\":\"https:\\\/\\\/www.deskmodder.de\\\/blog\\\/wp-content\\\/uploads\\\/2019\\\/01\\\/deskmodder-logo-app.png\",\"width\":281,\"height\":286,\"caption\":\"Deskmodder\"},\"image\":{\"@id\":\"https:\\\/\\\/www.deskmodder.de\\\/blog\\\/#\\\/schema\\\/logo\\\/image\\\/\"},\"sameAs\":[\"https:\\\/\\\/www.facebook.com\\\/Deskmodder\",\"https:\\\/\\\/x.com\\\/Deskmodder\",\"https:\\\/\\\/mastodontech.de\\\/@Deskmodder\",\"https:\\\/\\\/www.youtube.com\\\/user\\\/deskmodder\",\"https:\\\/\\\/mewe.com\\\/group\\\/5c83b5231add826fc80cdae1\"]},{\"@type\":\"Person\",\"@id\":\"https:\\\/\\\/www.deskmodder.de\\\/blog\\\/#\\\/schema\\\/person\\\/bd4b9506e83c661f1de1af925c726d7c\",\"name\":\"MAX\",\"image\":{\"@type\":\"ImageObject\",\"inLanguage\":\"de\",\"@id\":\"https:\\\/\\\/secure.gravatar.com\\\/avatar\\\/0a924a9e0119dd457d49c2eb1fa27ade332376ba6138336743cdd8c221e4a3a3?s=96&d=mm&r=g\",\"url\":\"https:\\\/\\\/secure.gravatar.com\\\/avatar\\\/0a924a9e0119dd457d49c2eb1fa27ade332376ba6138336743cdd8c221e4a3a3?s=96&d=mm&r=g\",\"contentUrl\":\"https:\\\/\\\/secure.gravatar.com\\\/avatar\\\/0a924a9e0119dd457d49c2eb1fa27ade332376ba6138336743cdd8c221e4a3a3?s=96&d=mm&r=g\",\"caption\":\"MAX\"},\"description\":\"Begeisterter Technik-Enthusiast, der aktuell zwei Welten vereint. Windows auf PC sowie Xbox und iOS auf dem iPhone, als auch auf dem iPad. Gespaltene Pers\u00f6nlichkeit w\u00fcrde ich sagen. ;)\",\"sameAs\":[\"https:\\\/\\\/www.instagram.com\\\/themximum\\\/\",\"https:\\\/\\\/x.com\\\/themximum\"],\"url\":\"https:\\\/\\\/www.deskmodder.de\\\/blog\\\/author\\\/max\\\/\"}]}<\/script>\n<!-- \/ Yoast SEO Premium plugin. -->","yoast_head_json":{"title":"Intel - Werden die Prozessoren preiswerter? - Deskmodder.de","description":"Die US-Kette Micro Center senkt die Preise zahlreicher beliebter Intel-Prozessoren. Ist dies ein Zeichen daf\u00fcr, dass Intel dem Preisdruck von AMD nachgibt?","robots":{"index":"index","follow":"follow","max-snippet":"max-snippet:-1","max-image-preview":"max-image-preview:large","max-video-preview":"max-video-preview:-1"},"canonical":"https:\/\/www.deskmodder.de\/blog\/2017\/02\/27\/intel-werden-die-prozessoren-preiswerter\/","og_locale":"de_DE","og_type":"article","og_title":"Intel - Werden die Prozessoren preiswerter?","og_description":"Die US-Kette Micro Center senkt die Preise zahlreicher beliebter Intel-Prozessoren. Ist dies ein Zeichen daf\u00fcr, dass Intel dem Preisdruck von AMD nachgibt?","og_url":"https:\/\/www.deskmodder.de\/blog\/2017\/02\/27\/intel-werden-die-prozessoren-preiswerter\/","og_site_name":"Deskmodder.de","article_publisher":"https:\/\/www.facebook.com\/Deskmodder","article_published_time":"2017-02-27T15:33:35+00:00","og_image":[{"width":793,"height":537,"url":"https:\/\/www.deskmodder.de\/blog\/wp-content\/uploads\/2014\/01\/Intel-Logo.jpg","type":"image\/jpeg"}],"author":"MAX","twitter_card":"summary_large_image","twitter_creator":"@themximum","twitter_site":"@Deskmodder","schema":{"@context":"https:\/\/schema.org","@graph":[{"@type":"Article","@id":"https:\/\/www.deskmodder.de\/blog\/2017\/02\/27\/intel-werden-die-prozessoren-preiswerter\/#article","isPartOf":{"@id":"https:\/\/www.deskmodder.de\/blog\/2017\/02\/27\/intel-werden-die-prozessoren-preiswerter\/"},"author":{"name":"MAX","@id":"https:\/\/www.deskmodder.de\/blog\/#\/schema\/person\/bd4b9506e83c661f1de1af925c726d7c"},"headline":"Intel &#8211; Werden die Prozessoren preiswerter?","datePublished":"2017-02-27T15:33:35+00:00","mainEntityOfPage":{"@id":"https:\/\/www.deskmodder.de\/blog\/2017\/02\/27\/intel-werden-die-prozessoren-preiswerter\/"},"wordCount":272,"commentCount":0,"publisher":{"@id":"https:\/\/www.deskmodder.de\/blog\/#organization"},"image":{"@id":"https:\/\/www.deskmodder.de\/blog\/2017\/02\/27\/intel-werden-die-prozessoren-preiswerter\/#primaryimage"},"thumbnailUrl":"https:\/\/www.deskmodder.de\/blog\/wp-content\/uploads\/2014\/01\/Intel-Logo.jpg","keywords":["Core i7 6900K","Core i7 7700K","CPU","Intel","Preise","Prozessoren","Senkung"],"articleSection":["Hardware"],"inLanguage":"de","potentialAction":[{"@type":"CommentAction","name":"Comment","target":["https:\/\/www.deskmodder.de\/blog\/2017\/02\/27\/intel-werden-die-prozessoren-preiswerter\/#respond"]}],"copyrightYear":"2017","copyrightHolder":{"@id":"https:\/\/www.deskmodder.de\/blog\/#organization"}},{"@type":"WebPage","@id":"https:\/\/www.deskmodder.de\/blog\/2017\/02\/27\/intel-werden-die-prozessoren-preiswerter\/","url":"https:\/\/www.deskmodder.de\/blog\/2017\/02\/27\/intel-werden-die-prozessoren-preiswerter\/","name":"Intel - Werden die Prozessoren preiswerter? - Deskmodder.de","isPartOf":{"@id":"https:\/\/www.deskmodder.de\/blog\/#website"},"primaryImageOfPage":{"@id":"https:\/\/www.deskmodder.de\/blog\/2017\/02\/27\/intel-werden-die-prozessoren-preiswerter\/#primaryimage"},"image":{"@id":"https:\/\/www.deskmodder.de\/blog\/2017\/02\/27\/intel-werden-die-prozessoren-preiswerter\/#primaryimage"},"thumbnailUrl":"https:\/\/www.deskmodder.de\/blog\/wp-content\/uploads\/2014\/01\/Intel-Logo.jpg","datePublished":"2017-02-27T15:33:35+00:00","description":"Die US-Kette Micro Center senkt die Preise zahlreicher beliebter Intel-Prozessoren. Ist dies ein Zeichen daf\u00fcr, dass Intel dem Preisdruck von AMD nachgibt?","breadcrumb":{"@id":"https:\/\/www.deskmodder.de\/blog\/2017\/02\/27\/intel-werden-die-prozessoren-preiswerter\/#breadcrumb"},"inLanguage":"de","potentialAction":[{"@type":"ReadAction","target":["https:\/\/www.deskmodder.de\/blog\/2017\/02\/27\/intel-werden-die-prozessoren-preiswerter\/"]}]},{"@type":"ImageObject","inLanguage":"de","@id":"https:\/\/www.deskmodder.de\/blog\/2017\/02\/27\/intel-werden-die-prozessoren-preiswerter\/#primaryimage","url":"https:\/\/www.deskmodder.de\/blog\/wp-content\/uploads\/2014\/01\/Intel-Logo.jpg","contentUrl":"https:\/\/www.deskmodder.de\/blog\/wp-content\/uploads\/2014\/01\/Intel-Logo.jpg","width":793,"height":537},{"@type":"BreadcrumbList","@id":"https:\/\/www.deskmodder.de\/blog\/2017\/02\/27\/intel-werden-die-prozessoren-preiswerter\/#breadcrumb","itemListElement":[{"@type":"ListItem","position":1,"name":"Startseite","item":"https:\/\/www.deskmodder.de\/blog\/"},{"@type":"ListItem","position":2,"name":"Intel &#8211; Werden die Prozessoren preiswerter?"}]},{"@type":"WebSite","@id":"https:\/\/www.deskmodder.de\/blog\/#website","url":"https:\/\/www.deskmodder.de\/blog\/","name":"Deskmodder.de","description":"News zum Thema Microsoft, Windows 11 \/ 10, sowie anderen Neuigkeiten aus dem Netz, viele Tipps und individuelle Hilfe bei Problemen in unserem Forum \u25cf Deskmodder - seit 2003","publisher":{"@id":"https:\/\/www.deskmodder.de\/blog\/#organization"},"potentialAction":[{"@type":"SearchAction","target":{"@type":"EntryPoint","urlTemplate":"https:\/\/www.deskmodder.de\/blog\/?s={search_term_string}"},"query-input":{"@type":"PropertyValueSpecification","valueRequired":true,"valueName":"search_term_string"}}],"inLanguage":"de"},{"@type":"Organization","@id":"https:\/\/www.deskmodder.de\/blog\/#organization","name":"Deskmodder","url":"https:\/\/www.deskmodder.de\/blog\/","logo":{"@type":"ImageObject","inLanguage":"de","@id":"https:\/\/www.deskmodder.de\/blog\/#\/schema\/logo\/image\/","url":"https:\/\/www.deskmodder.de\/blog\/wp-content\/uploads\/2019\/01\/deskmodder-logo-app.png","contentUrl":"https:\/\/www.deskmodder.de\/blog\/wp-content\/uploads\/2019\/01\/deskmodder-logo-app.png","width":281,"height":286,"caption":"Deskmodder"},"image":{"@id":"https:\/\/www.deskmodder.de\/blog\/#\/schema\/logo\/image\/"},"sameAs":["https:\/\/www.facebook.com\/Deskmodder","https:\/\/x.com\/Deskmodder","https:\/\/mastodontech.de\/@Deskmodder","https:\/\/www.youtube.com\/user\/deskmodder","https:\/\/mewe.com\/group\/5c83b5231add826fc80cdae1"]},{"@type":"Person","@id":"https:\/\/www.deskmodder.de\/blog\/#\/schema\/person\/bd4b9506e83c661f1de1af925c726d7c","name":"MAX","image":{"@type":"ImageObject","inLanguage":"de","@id":"https:\/\/secure.gravatar.com\/avatar\/0a924a9e0119dd457d49c2eb1fa27ade332376ba6138336743cdd8c221e4a3a3?s=96&d=mm&r=g","url":"https:\/\/secure.gravatar.com\/avatar\/0a924a9e0119dd457d49c2eb1fa27ade332376ba6138336743cdd8c221e4a3a3?s=96&d=mm&r=g","contentUrl":"https:\/\/secure.gravatar.com\/avatar\/0a924a9e0119dd457d49c2eb1fa27ade332376ba6138336743cdd8c221e4a3a3?s=96&d=mm&r=g","caption":"MAX"},"description":"Begeisterter Technik-Enthusiast, der aktuell zwei Welten vereint. Windows auf PC sowie Xbox und iOS auf dem iPhone, als auch auf dem iPad. Gespaltene Pers\u00f6nlichkeit w\u00fcrde ich sagen. ;)","sameAs":["https:\/\/www.instagram.com\/themximum\/","https:\/\/x.com\/themximum"],"url":"https:\/\/www.deskmodder.de\/blog\/author\/max\/"}]}},"jetpack_publicize_connections":[],"jetpack_featured_media_url":"https:\/\/www.deskmodder.de\/blog\/wp-content\/uploads\/2014\/01\/Intel-Logo.jpg","_links":{"self":[{"href":"https:\/\/www.deskmodder.de\/blog\/wp-json\/wp\/v2\/posts\/80592","targetHints":{"allow":["GET"]}}],"collection":[{"href":"https:\/\/www.deskmodder.de\/blog\/wp-json\/wp\/v2\/posts"}],"about":[{"href":"https:\/\/www.deskmodder.de\/blog\/wp-json\/wp\/v2\/types\/post"}],"author":[{"embeddable":true,"href":"https:\/\/www.deskmodder.de\/blog\/wp-json\/wp\/v2\/users\/2550"}],"replies":[{"embeddable":true,"href":"https:\/\/www.deskmodder.de\/blog\/wp-json\/wp\/v2\/comments?post=80592"}],"version-history":[{"count":0,"href":"https:\/\/www.deskmodder.de\/blog\/wp-json\/wp\/v2\/posts\/80592\/revisions"}],"wp:featuredmedia":[{"embeddable":true,"href":"https:\/\/www.deskmodder.de\/blog\/wp-json\/wp\/v2\/media\/18604"}],"wp:attachment":[{"href":"https:\/\/www.deskmodder.de\/blog\/wp-json\/wp\/v2\/media?parent=80592"}],"wp:term":[{"taxonomy":"category","embeddable":true,"href":"https:\/\/www.deskmodder.de\/blog\/wp-json\/wp\/v2\/categories?post=80592"},{"taxonomy":"post_tag","embeddable":true,"href":"https:\/\/www.deskmodder.de\/blog\/wp-json\/wp\/v2\/tags?post=80592"}],"curies":[{"name":"wp","href":"https:\/\/api.w.org\/{rel}","templated":true}]}}