{"id":80186,"date":"2017-02-22T20:00:57","date_gmt":"2017-02-22T19:00:57","guid":{"rendered":"https:\/\/www.deskmodder.de\/blog\/?p=80186"},"modified":"2017-02-22T20:00:57","modified_gmt":"2017-02-22T19:00:57","slug":"amd-ryzen-vorbestellung-sind-nun-moeglich-veroeffentlichung-am-2-maerz","status":"publish","type":"post","link":"https:\/\/www.deskmodder.de\/blog\/2017\/02\/22\/amd-ryzen-vorbestellung-sind-nun-moeglich-veroeffentlichung-am-2-maerz\/","title":{"rendered":"AMD Ryzen &#8211; Vorbestellung sind nun m\u00f6glich | Ver\u00f6ffentlichung am 2. M\u00e4rz"},"content":{"rendered":"<p>Endlich, endllich, endlich&#8230; Kleines Kind (Ich) h\u00fcpft im Kreis und freut sich wie verr\u00fcckt. Die Ryzen-Prozessoren kommen und zwar schon am 02. M\u00e4rz 2017. Die Vorbestellungsseiten sind bei den Partnerunternehmen nun live geschaltet und Gott, die Preise sind so wunderbar.Ich meine das teuerste Mainboard aktuell bei Alternate kostet rund 330 \u20ac. Aber viel besser ist der Preis des Ryzen 7 1800X, denn dieser betr\u00e4gt bei Alternate nur ca. 560 \u20ac und wer jetzt sagt, dass der damit schlechter sein muss, der l\u00fcgt, denn einige gr\u00f6\u00dfere Medien haben bereits Presseversionen erhalten und pro Kern \u00fcber 5 GHz raus schlagen k\u00f6nnen, was einfach so cool ist.<\/p>\n<p><a href=\"https:\/\/www.deskmodder.de\/blog\/wp-content\/uploads\/2017\/02\/amd-ryzen-700x200.jpg\" rel=\"lightbox[80186]\"><img loading=\"lazy\" decoding=\"async\" src=\"https:\/\/www.deskmodder.de\/blog\/wp-content\/uploads\/2017\/02\/amd-ryzen-700x200.jpg\" alt=\"\" width=\"700\" height=\"200\" class=\"aligncenter size-full wp-image-79517\" srcset=\"https:\/\/www.deskmodder.de\/blog\/wp-content\/uploads\/2017\/02\/amd-ryzen-700x200.jpg 700w, https:\/\/www.deskmodder.de\/blog\/wp-content\/uploads\/2017\/02\/amd-ryzen-700x200-306x87.jpg 306w, https:\/\/www.deskmodder.de\/blog\/wp-content\/uploads\/2017\/02\/amd-ryzen-700x200-500x143.jpg 500w\" sizes=\"auto, (max-width: 700px) 100vw, 700px\" \/><\/a><\/p>\n<p>Als deutsche Partner sind dabei <a href=\"https:\/\/www.agando-shop.de\/\" target=\"_blank\">AGANDO<\/a> | <a href=\"https:\/\/www.alternate.de\/\" target=\"_blank\">Alternate<\/a> | <a href=\"https:\/\/www.ankermann.com\/de\/%22\" target=\"_blank\">ANKERMANN<\/a> | <a href=\"http:\/\/www.arlt.com\/\" target=\"_blank\">ARLT<\/a> | <a href=\"http:\/\/www.caseking.de\/amd-ryzen\" target=\"_blank\">CASEKING<\/a> | <a href=\"https:\/\/www.csl-computer.com\/amdryzen\" target=\"_blank\">CSL (Desktop)<\/a> | <a href=\"https:\/\/www.cyberport.de\/\" target=\"_blank\">Cyberport<\/a> | <a href=\"http:\/\/www.one.de\/shop\/index.php\" target=\"_blank\">ECT<\/a> | <a href=\"http:\/\/www.mifcom.de\/\" target=\"_blank\">MIFCOM<\/a> | <a href=\"http:\/\/www.mindfactory.de\/Highlights\/AMD_RYZEN\" target=\"_blank\">Mindfactory<\/a> | <a href=\"https:\/\/www.snogard.de\/\" target=\"_blank\">SNOGARD<\/a>. Diese bieten neben dem Startlineup, bestehend aus:<\/p>\n<ul>\n<li>Ryzen 7 1800X<\/li>\n<li>Ryzen 7 1700X<\/li>\n<li>Ryzen 7 1700<\/li>\n<\/ul>\n<p>auch gleich noch das passende Mainboard sowie CPU-K\u00fchler an. Bei One, CSL und Co. kann man sich auch gleich ein komplett System kaufen, welche gegen\u00fcber dem Einzelkauf nat\u00fcrlich teurer ausfallen. Ich werde mich bis morgen noch gedulden und dann sehr wahrscheinlich vorbestellen, sodass wir euch dann auch zeitnah im M\u00e4rz mit Tests zum Ryzen bereichern k\u00f6nnen. (Da wir ja leider kein Pressekit bekommen, weil noch zu klein&#8230; <em>grins<\/em>) Wichtige Frage ist auch immer noch: Welches Motherboard bestell ich mir und ich vermute, dass ich mich aufgrund auch der letzten Kommentare entweder f\u00fcr das ASUS Prime X370 Pro oder ASUS Crosshair VI entscheiden werde.<\/p>\n","protected":false},"excerpt":{"rendered":"<p>Endlich, endllich, endlich&#8230; Kleines Kind (Ich) h\u00fcpft im Kreis und freut sich wie verr\u00fcckt. Die Ryzen-Prozessoren kommen und zwar schon am 02. M\u00e4rz 2017. Die Vorbestellungsseiten sind bei den Partnerunternehmen nun live geschaltet und Gott, die Preise sind so wunderbar.Ich&hellip; <\/p>\n","protected":false},"author":2550,"featured_media":79517,"comment_status":"open","ping_status":"open","sticky":false,"template":"","format":"standard","meta":{"jetpack_post_was_ever_published":false,"footnotes":"","jetpack_publicize_message":"","jetpack_publicize_feature_enabled":true,"jetpack_social_post_already_shared":true,"jetpack_social_options":{"image_generator_settings":{"template":"highway","default_image_id":0,"font":"","enabled":false},"version":2}},"categories":[1286],"tags":[16048,16047,16046,16115,4246,2146,16159,3589,16003],"class_list":["post-80186","post","type-post","status-publish","format-standard","has-post-thumbnail","hentry","category-hardware","tag-7-1700","tag-7-1700x","tag-7-1800x","tag-am4","tag-amd","tag-asus","tag-mainboards","tag-prozessoren","tag-ryzen"],"wp_featured_image":{"id":79517,"alt_text":"","description":"","media_type":"image","media_details":{"width":700,"height":200,"file":"2017\/02\/amd-ryzen-700x200.jpg","sizes":{"thumbnail":{"file":"amd-ryzen-700x200-306x87.jpg","width":306,"height":87,"mime-type":"image\/jpeg","source_url":"https:\/\/www.deskmodder.de\/blog\/wp-content\/uploads\/2017\/02\/amd-ryzen-700x200-306x87.jpg"},"medium":{"file":"amd-ryzen-700x200-500x143.jpg","width":500,"height":143,"mime-type":"image\/jpeg","source_url":"https:\/\/www.deskmodder.de\/blog\/wp-content\/uploads\/2017\/02\/amd-ryzen-700x200-500x143.jpg"},"wp_review_large":{"file":"amd-ryzen-700x200-320x200.jpg","width":320,"height":200,"mime-type":"image\/jpeg","source_url":"https:\/\/www.deskmodder.de\/blog\/wp-content\/uploads\/2017\/02\/amd-ryzen-700x200-320x200.jpg"},"wp_review_small":{"file":"amd-ryzen-700x200-65x65.jpg","width":65,"height":65,"mime-type":"image\/jpeg","source_url":"https:\/\/www.deskmodder.de\/blog\/wp-content\/uploads\/2017\/02\/amd-ryzen-700x200-65x65.jpg"},"blog-large":{"file":"amd-ryzen-700x200-642x200.jpg","width":642,"height":200,"mime-type":"image\/jpeg","source_url":"https:\/\/www.deskmodder.de\/blog\/wp-content\/uploads\/2017\/02\/amd-ryzen-700x200-642x200.jpg"},"blog-medium":{"file":"amd-ryzen-700x200-306x200.jpg","width":306,"height":200,"mime-type":"image\/jpeg","source_url":"https:\/\/www.deskmodder.de\/blog\/wp-content\/uploads\/2017\/02\/amd-ryzen-700x200-306x200.jpg"},"recent-thumb":{"file":"amd-ryzen-700x200-350x200.jpg","width":350,"height":200,"mime-type":"image\/jpeg","source_url":"https:\/\/www.deskmodder.de\/blog\/wp-content\/uploads\/2017\/02\/amd-ryzen-700x200-350x200.jpg"},"service-featured":{"file":"amd-ryzen-700x200-600x200.jpg","width":600,"height":200,"mime-type":"image\/jpeg","source_url":"https:\/\/www.deskmodder.de\/blog\/wp-content\/uploads\/2017\/02\/amd-ryzen-700x200-600x200.jpg"},"wp_rp_thumbnail":{"file":"amd-ryzen-700x200-150x150.jpg","width":150,"height":150,"mime-type":"image\/jpeg","source_url":"https:\/\/www.deskmodder.de\/blog\/wp-content\/uploads\/2017\/02\/amd-ryzen-700x200-150x150.jpg"}},"image_meta":{"aperture":"0","credit":"","camera":"","caption":"","created_timestamp":"0","copyright":"","focal_length":"0","iso":"0","shutter_speed":"0","title":"","orientation":"0","keywords":[]}},"post":79513,"source_url":"https:\/\/www.deskmodder.de\/blog\/wp-content\/uploads\/2017\/02\/amd-ryzen-700x200.jpg"},"commentcount":21,"wp_comments":[{"id":43744,"parent":0,"author":0,"author_name":"SirMarc","author_email":"marcsenn@web.de","author_url":"","author_avatar_urls":{"24":"https:\/\/secure.gravatar.com\/avatar\/9e62520146b31fd00d34e0e668aa8f0006e7445dcb1f8ee2166fee7fef2be7a3?s=24&d=mm&r=g","48":"https:\/\/secure.gravatar.com\/avatar\/9e62520146b31fd00d34e0e668aa8f0006e7445dcb1f8ee2166fee7fef2be7a3?s=48&d=mm&r=g","96":"https:\/\/secure.gravatar.com\/avatar\/9e62520146b31fd00d34e0e668aa8f0006e7445dcb1f8ee2166fee7fef2be7a3?s=96&d=mm&r=g"},"date":"2017-02-22T21:05:32","cld_nonce":"f0bbbebbe0","content":{"rendered":"<p>Ich nehmen nur asus Boards und nur einer mit dem x370 Chipsatz,<br \/>\nPS: Ups ASUS ROG Crosshair VI <img src=\"https:\/\/www.deskmodder.de\/blog\/wp-content\/plugins\/classic-smilies\/img\/icon_wink.gif\" alt=\";-)\" class=\"wp-smiley\" \/> wird genomen, muss ja wider 4-5 Jahre halten.<\/p>\n"},"status":"1"},{"id":43746,"parent":0,"author":2021,"author_name":"3dz9j56","author_email":"jonas.zoche@t-online.de","author_url":"","author_avatar_urls":{"24":"https:\/\/secure.gravatar.com\/avatar\/ebf1c79b72ab4bbe04ed8aa3cef9470a3e8f594b061cfe93ff0dd9fdf07e4519?s=24&d=mm&r=g","48":"https:\/\/secure.gravatar.com\/avatar\/ebf1c79b72ab4bbe04ed8aa3cef9470a3e8f594b061cfe93ff0dd9fdf07e4519?s=48&d=mm&r=g","96":"https:\/\/secure.gravatar.com\/avatar\/ebf1c79b72ab4bbe04ed8aa3cef9470a3e8f594b061cfe93ff0dd9fdf07e4519?s=96&d=mm&r=g"},"date":"2017-02-22T21:31:22","cld_nonce":"f0bbbebbe0","content":{"rendered":"<p>Ich hoffe mal, dass es da dann auch Umr\u00fcsts\u00e4tze f\u00fcr bisherige K\u00fchler geben wird, mein Alpenf\u00f6hn Brocken 2 ist ja gerade mal 1,5 Jahre alt und es w\u00e4re schade um den guten K\u00fchler.<i>gepostet mit der <a href=\"https:\/\/www.microsoft.com\/store\/apps\/9wzdncrdfx92\" >Deskmodder.de-App<\/a><\/i><\/p>\n"},"status":"1"},{"id":43747,"parent":43746,"author":2371,"author_name":"Birkuli","author_email":"birkuli@t-online.de","author_url":"","author_avatar_urls":{"24":"https:\/\/secure.gravatar.com\/avatar\/779ab74708368fd5da13cb60a3093905cb0f2da05766b9cd0bb8b5249744b5a9?s=24&d=mm&r=g","48":"https:\/\/secure.gravatar.com\/avatar\/779ab74708368fd5da13cb60a3093905cb0f2da05766b9cd0bb8b5249744b5a9?s=48&d=mm&r=g","96":"https:\/\/secure.gravatar.com\/avatar\/779ab74708368fd5da13cb60a3093905cb0f2da05766b9cd0bb8b5249744b5a9?s=96&d=mm&r=g"},"date":"2017-02-22T21:47:50","cld_nonce":"f0bbbebbe0","content":{"rendered":"<p>ne vern\u00fcnftige AIO kostet auch nur noch 70\u20ac und damit kannste richtig spielen mit dem Ryzen.<br \/>\nMein FX8350 l\u00e4uft stabil bei 4,8 GHz mit der ENERMAX Liqmax II 240 mit 16\u00b0 auf einem Asus Sabertooth 990FX R.2 Board.<\/p>\n"},"status":"1"},{"id":43748,"parent":0,"author":2371,"author_name":"Birkuli","author_email":"birkuli@t-online.de","author_url":"","author_avatar_urls":{"24":"https:\/\/secure.gravatar.com\/avatar\/779ab74708368fd5da13cb60a3093905cb0f2da05766b9cd0bb8b5249744b5a9?s=24&d=mm&r=g","48":"https:\/\/secure.gravatar.com\/avatar\/779ab74708368fd5da13cb60a3093905cb0f2da05766b9cd0bb8b5249744b5a9?s=48&d=mm&r=g","96":"https:\/\/secure.gravatar.com\/avatar\/779ab74708368fd5da13cb60a3093905cb0f2da05766b9cd0bb8b5249744b5a9?s=96&d=mm&r=g"},"date":"2017-02-22T21:56:30","cld_nonce":"f0bbbebbe0","content":{"rendered":"<p>Asus ist glaub ich, eine gute Wahl, bisher alle Asus Produkte die ich hatte waren wirklich gut durchdacht und absolut gut gepflegt was die Software betrifft das hatte ich bisher bei noch keinem anderen Hersteller vergleichbar erlebt und ich habe in fast 30 Jahren schon eine Menge Hard und Software erlebt.<br \/>\nWas n\u00fctzt einem die neueste Technik, wenn ab Rev. 1 Schluss ist und nichts mehr kommt an Support mein derzeitiges Board und auch GPU sind von Asus und aus dem Jahr 2012 und 2013 und werden immer noch mit aktuellen Treibern und Firmware gepflegt das nenne ich mal Vorbildlich.<\/p>\n"},"status":"1"},{"id":43749,"parent":43747,"author":2021,"author_name":"3dz9j56","author_email":"jonas.zoche@t-online.de","author_url":"","author_avatar_urls":{"24":"https:\/\/secure.gravatar.com\/avatar\/ebf1c79b72ab4bbe04ed8aa3cef9470a3e8f594b061cfe93ff0dd9fdf07e4519?s=24&d=mm&r=g","48":"https:\/\/secure.gravatar.com\/avatar\/ebf1c79b72ab4bbe04ed8aa3cef9470a3e8f594b061cfe93ff0dd9fdf07e4519?s=48&d=mm&r=g","96":"https:\/\/secure.gravatar.com\/avatar\/ebf1c79b72ab4bbe04ed8aa3cef9470a3e8f594b061cfe93ff0dd9fdf07e4519?s=96&d=mm&r=g"},"date":"2017-02-22T22:20:38","cld_nonce":"f0bbbebbe0","content":{"rendered":"<p>Aber der Brocken ist leiser als eine AiO, da er einen 140mm L\u00fcfter und keine Pumpe hat <img src=\"https:\/\/www.deskmodder.de\/blog\/wp-content\/plugins\/classic-smilies\/img\/icon_wink.gif\" alt=\";-)\" class=\"wp-smiley\" \/><br \/>\nUnd 4,2GHz auf einem 8120, der original nur 3,1 bietet, zeugt doch eigentlich auch von einer guten K\u00fchlleistung <img src=\"https:\/\/www.deskmodder.de\/blog\/wp-content\/plugins\/classic-smilies\/img\/icon_biggrin.gif\" alt=\":D\" class=\"wp-smiley\" \/><\/p>\n"},"status":"1"},{"id":43750,"parent":0,"author":0,"author_name":"Peter Christian","author_email":"petercnowak@icloud.com","author_url":"","author_avatar_urls":{"24":"https:\/\/secure.gravatar.com\/avatar\/bdd68544648abe37cdec72d9fec2a6f7cddbae789a5315e181e13d065d85a628?s=24&d=mm&r=g","48":"https:\/\/secure.gravatar.com\/avatar\/bdd68544648abe37cdec72d9fec2a6f7cddbae789a5315e181e13d065d85a628?s=48&d=mm&r=g","96":"https:\/\/secure.gravatar.com\/avatar\/bdd68544648abe37cdec72d9fec2a6f7cddbae789a5315e181e13d065d85a628?s=96&d=mm&r=g"},"date":"2017-02-22T22:27:56","cld_nonce":"f0bbbebbe0","content":{"rendered":"<p>Die Freude ist allseits un\u00fcbersehbar! Sch\u00f6n&#8230;!??<\/p>\n"},"status":"1"},{"id":43751,"parent":43749,"author":3447,"author_name":"Roland Brem","author_email":"brem_roland@hotmail.com","author_url":"","author_avatar_urls":{"24":"https:\/\/secure.gravatar.com\/avatar\/fbc4e28e6998147d96f9d842218f2d144dd023b24edb2e782537c654ef56fa72?s=24&d=mm&r=g","48":"https:\/\/secure.gravatar.com\/avatar\/fbc4e28e6998147d96f9d842218f2d144dd023b24edb2e782537c654ef56fa72?s=48&d=mm&r=g","96":"https:\/\/secure.gravatar.com\/avatar\/fbc4e28e6998147d96f9d842218f2d144dd023b24edb2e782537c654ef56fa72?s=96&d=mm&r=g"},"date":"2017-02-22T22:44:02","cld_nonce":"f0bbbebbe0","content":{"rendered":"<p>Ich hatte vor meiner Alphacool Custom-Wasserk\u00fchlung auch eine AIO, die Eisbaer&#8230; Die Pumpe h\u00f6rte man weder bei der AIO noch bei meiner jetzigen. Aktuell l\u00e4uft meine auf h\u00f6chster Stufe 5, da ein Radiator zus\u00e4tzlich verbaut wurde. Da sind L\u00fcfter wesentlich lauter.<br \/>\nIch nutze da schon die Prolimatech, die wirklich sehr sehr leise sind&#8230;<\/p>\n"},"status":"1"},{"id":43752,"parent":43748,"author":3447,"author_name":"Roland Brem","author_email":"brem_roland@hotmail.com","author_url":"","author_avatar_urls":{"24":"https:\/\/secure.gravatar.com\/avatar\/fbc4e28e6998147d96f9d842218f2d144dd023b24edb2e782537c654ef56fa72?s=24&d=mm&r=g","48":"https:\/\/secure.gravatar.com\/avatar\/fbc4e28e6998147d96f9d842218f2d144dd023b24edb2e782537c654ef56fa72?s=48&d=mm&r=g","96":"https:\/\/secure.gravatar.com\/avatar\/fbc4e28e6998147d96f9d842218f2d144dd023b24edb2e782537c654ef56fa72?s=96&d=mm&r=g"},"date":"2017-02-22T22:50:15","cld_nonce":"f0bbbebbe0","content":{"rendered":"<p>Ich muss sagen, das das Preis-\/Leistungsverh\u00e4ltnis nicht mehr so rosig ist. Habe mir z. B. vor ca. 2-3 Wochen noch das TUF Sabertooth 990FX R3.0 geholt. \u00dcber 200 EUR und nur Probleme. Anfangs ging es los, mit der Installation vom USB-Stick. Nach Fertigstellung sollten die Treiber und Apps von ASUS installiert werden. Alles Windows 10 Treiber.<br \/>\nSobald Intel-LAN, USB3.0\/3.2 Treiber, USB Boost oder sonst irgendein Treiber, der ins System eingreift installiert wird, Bluescreen, Systemabsturz. Danach werden die SSDs nicht mehr angezeigt. Systemwiederherstellung nicht m\u00f6glich. Alles wieder von vorne. Hab nun seit letzter Woche ein Austauschboard. Selbiges Problem. Auch die L\u00fcfteranzeige im BIOS stimmt nicht usw. Da war ich mit dem ASRock 990FX Extreme6 besser bedient.<br \/>\nIst auch bei den Grafikkarten von ASUS so.. Da bringen sie eine Strix oder Grafikkarte mit Gaming im Namen, zahlt erheblich mehr und haben weniger Takt, wie die Konkurrenz. <\/p>\n<p>Mein n\u00e4chstes Board wird wohl wieder ein ASRock. Entweder das Taichi oder das X370 Pro Gaming&#8230;<br \/>\nSeitdem ASRock nicht mehr zu ASUS geh\u00f6rt, machen die wirklich gute Boards.<\/p>\n"},"status":"1"},{"id":43753,"parent":43751,"author":2021,"author_name":"3dz9j56","author_email":"jonas.zoche@t-online.de","author_url":"","author_avatar_urls":{"24":"https:\/\/secure.gravatar.com\/avatar\/ebf1c79b72ab4bbe04ed8aa3cef9470a3e8f594b061cfe93ff0dd9fdf07e4519?s=24&d=mm&r=g","48":"https:\/\/secure.gravatar.com\/avatar\/ebf1c79b72ab4bbe04ed8aa3cef9470a3e8f594b061cfe93ff0dd9fdf07e4519?s=48&d=mm&r=g","96":"https:\/\/secure.gravatar.com\/avatar\/ebf1c79b72ab4bbe04ed8aa3cef9470a3e8f594b061cfe93ff0dd9fdf07e4519?s=96&d=mm&r=g"},"date":"2017-02-22T23:01:11","cld_nonce":"f0bbbebbe0","content":{"rendered":"<p>Dass deine Custom-Wasserk\u00fchlung sehr leise ist, glaub ich dir gerne &#8211; aber die bewegt sich dann auch wieder in anderen Preisregionen.<br \/>\nUnd die Geschichte mit dem &#8222;nicht h\u00f6ren&#8220; h\u00e4ngt ja auch sehr stark von der Umgebung ab, und was sonst noch so verbaut ist. Und mir ist mein PC gerade leise genug, mit 2 140mm SilentWings und Schalld\u00e4mmung (Das BeQuiet Silent Base 600). Vielleicht hast du bei der Alphacool ja auch einfach ein sehr leises Modell erwischt, aber nach dem, was ich bisher \u00fcber AiO L\u00f6sungen gelesen habe, sind die Dinger generell lauter als die meisten Silentl\u00fcfter.<br \/>\nZudem sehe ich es auch nicht ein, meinen K\u00fchler zu ersetzen, um ein paar Grad tiefer zu kommen, wenn mein PC auch jetzt schon stabil l\u00e4uft. Und h\u00f6her will ich mit dem Takt nicht, nicht wegen der K\u00fchlung, sondern weil ich die Spannung in Regionen drehen m\u00fcsste, die mir nicht mehr so wirklich geheuer sind. Und da der Ryzen ja weniger Strom verbraucht als der Bulldozer, sollte mein aktueller K\u00fchler f\u00fcr alles Wesentliche ausreichen.<br \/>\n<i>gepostet mit der <a href=\"https:\/\/www.microsoft.com\/store\/apps\/9wzdncrdfx92\" >Deskmodder.de-App<\/a><\/i><\/p>\n"},"status":"1"},{"id":43756,"parent":0,"author":0,"author_name":"Herr Hugo","author_email":"hugohilter@t-online.de","author_url":"","author_avatar_urls":{"24":"https:\/\/secure.gravatar.com\/avatar\/dc5176746c873787fa3f8df5f9bdfbd2f7688721f771100eb4d7b4e82e2d655b?s=24&d=mm&r=g","48":"https:\/\/secure.gravatar.com\/avatar\/dc5176746c873787fa3f8df5f9bdfbd2f7688721f771100eb4d7b4e82e2d655b?s=48&d=mm&r=g","96":"https:\/\/secure.gravatar.com\/avatar\/dc5176746c873787fa3f8df5f9bdfbd2f7688721f771100eb4d7b4e82e2d655b?s=96&d=mm&r=g"},"date":"2017-02-22T23:37:35","cld_nonce":"f0bbbebbe0","content":{"rendered":"<p>Herrjeh &#8211; allein 1800X + Motherboard kostet ~ 900,-\/1000,- je nach Anbieter, bei MIF-Com f\u00fcr\u00b4n ganzen Rechner mit passender anderer Hardware mu\u00df man ~ 3000,- einplanen (Selberschrauber eben was weniger) &#8211; da diskutier\u00b4 ich doch nicht \u00fcber Umr\u00fcsts\u00e4tze f\u00fcr K\u00fchler, um \u00b4n paar \u20ac zu knausern.<\/p>\n<p>Neuer Rechner, neuer K\u00fchler &#8211; welcher, da kann man ja dr\u00fcber \u00fcberlegen und pers\u00f6nliche Neigungen ausleben. \u00dcber WaK\u00fc denke ich bei dem n\u00e4chsten Rechner auch nach &#8211; etwas Mehrkosten, bitte, wenn die Leistung stimmt &#8211; aber leise ist ein Mu\u00df, ich sitze ja nicht mit Ohrensch\u00fctzern da rum. <img src=\"https:\/\/www.deskmodder.de\/blog\/wp-content\/plugins\/classic-smilies\/img\/icon_mrgreen.gif\" alt=\":mrgreen:\" class=\"wp-smiley\" \/><\/p>\n"},"status":"1"},{"id":43757,"parent":43749,"author":2371,"author_name":"Birkuli","author_email":"birkuli@t-online.de","author_url":"","author_avatar_urls":{"24":"https:\/\/secure.gravatar.com\/avatar\/779ab74708368fd5da13cb60a3093905cb0f2da05766b9cd0bb8b5249744b5a9?s=24&d=mm&r=g","48":"https:\/\/secure.gravatar.com\/avatar\/779ab74708368fd5da13cb60a3093905cb0f2da05766b9cd0bb8b5249744b5a9?s=48&d=mm&r=g","96":"https:\/\/secure.gravatar.com\/avatar\/779ab74708368fd5da13cb60a3093905cb0f2da05766b9cd0bb8b5249744b5a9?s=96&d=mm&r=g"},"date":"2017-02-22T23:40:27","cld_nonce":"f0bbbebbe0","content":{"rendered":"<p>meine Pumpe ist absolut nicht zu h\u00f6ren und die L\u00fcfter per Schalter in drei Stufen einstellbar je nach Aufgabe, plus der Regelung bis Silent vom Board, also mein System ist gut Gek\u00fchlt und auf mittlerer Stufe auch Leise, 2 &#8211; 12cm L\u00fcfter der AIO und 2 &#8211; 12cm L\u00fcfter im Geh\u00e4use nur \u00fcber Board steuerbar.<br \/>\nBei mittlerer Einstellung unter Last nicht mehr als 40\u00b0 eher weniger.<\/p>\n"},"status":"1"},{"id":43758,"parent":43752,"author":2371,"author_name":"Birkuli","author_email":"birkuli@t-online.de","author_url":"","author_avatar_urls":{"24":"https:\/\/secure.gravatar.com\/avatar\/779ab74708368fd5da13cb60a3093905cb0f2da05766b9cd0bb8b5249744b5a9?s=24&d=mm&r=g","48":"https:\/\/secure.gravatar.com\/avatar\/779ab74708368fd5da13cb60a3093905cb0f2da05766b9cd0bb8b5249744b5a9?s=48&d=mm&r=g","96":"https:\/\/secure.gravatar.com\/avatar\/779ab74708368fd5da13cb60a3093905cb0f2da05766b9cd0bb8b5249744b5a9?s=96&d=mm&r=g"},"date":"2017-02-22T23:52:54","cld_nonce":"f0bbbebbe0","content":{"rendered":"<p>so unterschiedlich ist das, ich habe mit meinem 2.0 keinerlei Probleme aber ich nutze auch nur die original Herstellertreiber wenn auftreibbar und das Board l\u00e4uft in allen OC Modes sicher und stabil bei mir sind bereits 4 Modes gespeichert gewesen und alle laufen top musste nur die Sprache auf Deutsch umstellen und neu speichern.<br \/>\nProbleme hatte ich bis jetzt nur mit Fast Boot weil ich aber h\u00e4ufig ins Bios muss fahre ich ohne sonst muss leider Legacy komplett abgeschaltet werden.<br \/>\nSo macht jeder seine Erfahrungen<\/p>\n"},"status":"1"},{"id":43763,"parent":43749,"author":3447,"author_name":"Roland Brem","author_email":"brem_roland@hotmail.com","author_url":"","author_avatar_urls":{"24":"https:\/\/secure.gravatar.com\/avatar\/fbc4e28e6998147d96f9d842218f2d144dd023b24edb2e782537c654ef56fa72?s=24&d=mm&r=g","48":"https:\/\/secure.gravatar.com\/avatar\/fbc4e28e6998147d96f9d842218f2d144dd023b24edb2e782537c654ef56fa72?s=48&d=mm&r=g","96":"https:\/\/secure.gravatar.com\/avatar\/fbc4e28e6998147d96f9d842218f2d144dd023b24edb2e782537c654ef56fa72?s=96&d=mm&r=g"},"date":"2017-02-23T09:39:50","cld_nonce":"f0bbbebbe0","content":{"rendered":"<p>@3dz9j56 nicht nur erwischt, ist so. Die Alphacool Eisbaer wurde mehrmals ausgezeichnet. Bei der Custom-Wasserk\u00fchlung verwende ich die aller neueste Pumpe, die VP755 V2, die sich aber von den anderen kaum unterscheidet. Andere Farbe, etwas mehr Power&#8230;<\/p>\n"},"status":"1"},{"id":43764,"parent":43758,"author":3447,"author_name":"Roland Brem","author_email":"brem_roland@hotmail.com","author_url":"","author_avatar_urls":{"24":"https:\/\/secure.gravatar.com\/avatar\/fbc4e28e6998147d96f9d842218f2d144dd023b24edb2e782537c654ef56fa72?s=24&d=mm&r=g","48":"https:\/\/secure.gravatar.com\/avatar\/fbc4e28e6998147d96f9d842218f2d144dd023b24edb2e782537c654ef56fa72?s=48&d=mm&r=g","96":"https:\/\/secure.gravatar.com\/avatar\/fbc4e28e6998147d96f9d842218f2d144dd023b24edb2e782537c654ef56fa72?s=96&d=mm&r=g"},"date":"2017-02-23T09:45:17","cld_nonce":"f0bbbebbe0","content":{"rendered":"<p>@Birkuli, ich hab auch nicht das R2.0 sondern das R3.0, was ASUS erst nochmal rausgehauen hatte. Im Internet haben mehrere damit Probleme. Schreibe zur Zeit auch mit dem ASUS-Support, wo auch nicht viel rauskommt. Alles was die mir vorschlagen ist ohnehin erledigt. BIOS-Update war von vornherein schon drauf, CPU, RAMs sind auch neu, M.2 SSD und 1 TB SSD alles OK.<br \/>\nIch frage mich, wie oft ich noch das Board laut ASUS tauschen sollte. Das war n\u00e4mlich ihr n\u00e4chster Rat. Zweimal tauschen innerhalb 2-3 Wochen? Ist doch Mist.<\/p>\n<p>Ach ja, weil du die originalen Herstellertreiber erw\u00e4hnst. Die kann ich ja nicht einmal installieren &#8211; siehe Beitrag oben, was da passiert. Den Audiotreiber kann ich nur installieren, wenn ich ihn auf die SSD kopiere und von da installiere. Von der DVD hei\u00dft es zwar, installiert, aber dem ist nicht so. <\/p>\n<p>F\u00fcr mich gibt es derzeit nur noch 2 Hertseller: Bei Boards ASRock und MSI, bei GraKa auch MSI. Bester Service und Garantie bleibt auch erhalten, wenn man bei der GraKa einen Wasserk\u00fchler verbaut. Bei ASUS ist da AUS.<\/p>\n"},"status":"1"},{"id":43765,"parent":43756,"author":3447,"author_name":"Roland Brem","author_email":"brem_roland@hotmail.com","author_url":"","author_avatar_urls":{"24":"https:\/\/secure.gravatar.com\/avatar\/fbc4e28e6998147d96f9d842218f2d144dd023b24edb2e782537c654ef56fa72?s=24&d=mm&r=g","48":"https:\/\/secure.gravatar.com\/avatar\/fbc4e28e6998147d96f9d842218f2d144dd023b24edb2e782537c654ef56fa72?s=48&d=mm&r=g","96":"https:\/\/secure.gravatar.com\/avatar\/fbc4e28e6998147d96f9d842218f2d144dd023b24edb2e782537c654ef56fa72?s=96&d=mm&r=g"},"date":"2017-02-23T09:47:59","cld_nonce":"f0bbbebbe0","content":{"rendered":"<p>Allzu teuer sind die auch nicht mehr. Vorallem die AIO-L\u00f6sungen werden immer besser. Da haben Corsair und Alphacool sehr gute Teile. Der Vorteil von Alphacool ist, man kann diese problemlos via Extension-Set erweitern, so dass man ich nachhinein weitere Komponenten einf\u00fcgen kann. <\/p>\n<p>Die Alphacool Eisbaer 240 kostet ca. 118 EUR. Einbauen, Strom anschlie\u00dfen, fertig.<\/p>\n"},"status":"1"},{"id":43770,"parent":43765,"author":0,"author_name":"Herr Hugo","author_email":"hugohilter@t-online.de","author_url":"","author_avatar_urls":{"24":"https:\/\/secure.gravatar.com\/avatar\/dc5176746c873787fa3f8df5f9bdfbd2f7688721f771100eb4d7b4e82e2d655b?s=24&d=mm&r=g","48":"https:\/\/secure.gravatar.com\/avatar\/dc5176746c873787fa3f8df5f9bdfbd2f7688721f771100eb4d7b4e82e2d655b?s=48&d=mm&r=g","96":"https:\/\/secure.gravatar.com\/avatar\/dc5176746c873787fa3f8df5f9bdfbd2f7688721f771100eb4d7b4e82e2d655b?s=96&d=mm&r=g"},"date":"2017-02-23T11:26:38","cld_nonce":"f0bbbebbe0","content":{"rendered":"<p>Hab mir den Alphacool Eisbaer 240 mal bei den Mazonen angeguckt, das ist ja gar kein gro\u00dfes Teil. Und von den 118.- mu\u00df man eh den Preis f\u00fcr einen guten Luftk\u00fchler abziehen, bleibt lediglich die Differenz.<\/p>\n<p>Und sowas darf bei Planungen in den Preisregionen keine Rolle spielen, wenn ein Vorteil winkt. Wenn ich k\u00f6nnte, wie ich wollte, st\u00e4nde eh was anderes hier, wo man ~ 4x 30&#8243; Eizo\u00b4s anschlie\u00dfen kann &#8211; aber alleine die kosten um gut 10000,- grins. Eine reiche Witwe ist aber leider nicht in Sicht.<\/p>\n<p>Aber sein m\u00f6gliches Budget soll man schon ausreizen, zuviel geizen bringt auch nix, da \u00e4rgert man sich sp\u00e4ter nur: &#8222;H\u00e4ttste mal&#8230;&#8220;<\/p>\n"},"status":"1"},{"id":43773,"parent":43752,"author":2371,"author_name":"Birkuli","author_email":"birkuli@t-online.de","author_url":"","author_avatar_urls":{"24":"https:\/\/secure.gravatar.com\/avatar\/779ab74708368fd5da13cb60a3093905cb0f2da05766b9cd0bb8b5249744b5a9?s=24&d=mm&r=g","48":"https:\/\/secure.gravatar.com\/avatar\/779ab74708368fd5da13cb60a3093905cb0f2da05766b9cd0bb8b5249744b5a9?s=48&d=mm&r=g","96":"https:\/\/secure.gravatar.com\/avatar\/779ab74708368fd5da13cb60a3093905cb0f2da05766b9cd0bb8b5249744b5a9?s=96&d=mm&r=g"},"date":"2017-02-23T13:31:38","cld_nonce":"f0bbbebbe0","content":{"rendered":"<p>Ja Roland ich habe schon gesehen das du das 3.0 hast, ich wollte nur anmerken das es beim 2.0 nicht solche Probleme gibt.<br \/>\nAber was ich durch die Bank immer wieder im Internet lese ist das die generelle Arbeit mit M.2 \u00fcberall f\u00fcr massive Probleme sorgt, die Chips\u00e4tze sind einfach zu empfindlich was das Zusammenspiel aller Komponenten betrifft.<br \/>\nWenn du noch eine alte SATA3 Platte hast kannst du ja mal die M.2 rausnehmen und das Uefi mit F5 neu einlesen, einmal neu ins Uefi starten und Windows 10 installieren lassen, erstmal ohne optimiertes Bios zum Testen, sollte Windows dort normal funktionieren hast du den Fehler sehr wahrscheinlich eingegrenzt.<br \/>\nWenn du den originalen NVMe Treiber eingebunden hast in dein Image so versuche es mal mit dem MS Treiber nur zur Installation oder umgekehrt mal im Setup den NVMe Herstellertreiber f\u00fcr die M.2 laden.<br \/>\nDas mit den L\u00fcfter Drehzahlen habe ich auch bemerkt und festgestellt das Asus die Boardspannung flexibel steuert und anscheinend die L\u00fcfter zu langsam drehen, wenn ich ein OC Profil nehme wird alles korrekt eingestellt, ich habe noch nicht gefunden welche Spannung da manuell gehalten\/eingestellt werden muss.<br \/>\nAber ab und zu scheint das Board zu wenig Strom zu bekommen was dann nat\u00fcrlich zu Fehlern f\u00fchrt.<\/p>\n"},"status":"1"},{"id":43777,"parent":43770,"author":2718,"author_name":"mickythebeagle","author_email":"mickythebeagle@googlemail.com","author_url":"","author_avatar_urls":{"24":"https:\/\/secure.gravatar.com\/avatar\/4a12feeb7945fc72fe1c2c0f6374159f9dace99cdff9f61125ec7414f5cba372?s=24&d=mm&r=g","48":"https:\/\/secure.gravatar.com\/avatar\/4a12feeb7945fc72fe1c2c0f6374159f9dace99cdff9f61125ec7414f5cba372?s=48&d=mm&r=g","96":"https:\/\/secure.gravatar.com\/avatar\/4a12feeb7945fc72fe1c2c0f6374159f9dace99cdff9f61125ec7414f5cba372?s=96&d=mm&r=g"},"date":"2017-02-23T14:23:47","cld_nonce":"f0bbbebbe0","content":{"rendered":"<p>&#8222;Eine reiche Witwe ist aber leider nicht in Sicht.&#8220;<\/p>\n<p>l\u00f6l, geh Putzen^^<\/p>\n"},"status":"1"},{"id":43780,"parent":43773,"author":3447,"author_name":"Roland Brem","author_email":"brem_roland@hotmail.com","author_url":"","author_avatar_urls":{"24":"https:\/\/secure.gravatar.com\/avatar\/fbc4e28e6998147d96f9d842218f2d144dd023b24edb2e782537c654ef56fa72?s=24&d=mm&r=g","48":"https:\/\/secure.gravatar.com\/avatar\/fbc4e28e6998147d96f9d842218f2d144dd023b24edb2e782537c654ef56fa72?s=48&d=mm&r=g","96":"https:\/\/secure.gravatar.com\/avatar\/fbc4e28e6998147d96f9d842218f2d144dd023b24edb2e782537c654ef56fa72?s=96&d=mm&r=g"},"date":"2017-02-23T18:56:13","cld_nonce":"f0bbbebbe0","content":{"rendered":"<p>Alte SSD ist gut gesagt. Hab leider nur die Samsung 950 Pro M.2 SSD und die Samsung 850 Pro SSD 1 TB. Gibt bei beiden die Probleme. Ich nehme sowieso nicht den originalen MS NVMe Treiber, da der zu langsam ist. Nehme den aktuellen V2.1 von Samsung. Da l\u00e4uft ja alles soweit. Nur die ASUS-Treiber will er nicht. Dabei wollte ich ja auch die ASUS AI Suite haben, wegen \u00dcberwachung usw. Traurig. Vom Support h\u00f6r ich auch immer Standard-Texte &#8211; Austausch. Kein Bock mehr. H\u00e4tte ich das alles vorher gewusst&#8230;<br \/>\nVon der Ausstattung w\u00e4re das Board schon super. Vor allem ist mir aufgefallen, dass mit den Standardeinstellungen die CPU automatisch h\u00f6her getaktet wird mit meinen FX-8350 als eigentlich vom Hersteller der Boost-Takt ist. Bin dann h\u00f6her als der FX-8370 &#8211; \u00fcber 4334 MHz. Wenn man da noch was machen w\u00fcrde&#8230; xd&#8230; 5 GHz sind da kein gro\u00dfes Problem&#8230;<\/p>\n"},"status":"1"},{"id":43783,"parent":43752,"author":2371,"author_name":"Birkuli","author_email":"birkuli@t-online.de","author_url":"","author_avatar_urls":{"24":"https:\/\/secure.gravatar.com\/avatar\/779ab74708368fd5da13cb60a3093905cb0f2da05766b9cd0bb8b5249744b5a9?s=24&d=mm&r=g","48":"https:\/\/secure.gravatar.com\/avatar\/779ab74708368fd5da13cb60a3093905cb0f2da05766b9cd0bb8b5249744b5a9?s=48&d=mm&r=g","96":"https:\/\/secure.gravatar.com\/avatar\/779ab74708368fd5da13cb60a3093905cb0f2da05766b9cd0bb8b5249744b5a9?s=96&d=mm&r=g"},"date":"2017-02-23T21:22:59","cld_nonce":"f0bbbebbe0","content":{"rendered":"<p>das gleiche Theater hatte ich letztens mit dem Gigabyte GA-Z170X-Gaming 7, 8 von 10 f\u00fcr Windows 10 angebotene Programme waren nicht lauff\u00e4hig und das Uefi war ein Witz.<br \/>\nHabe zum Gl\u00fcck gleich Widerrufen und den Mist zur\u00fcckgeschickt.<br \/>\nKannst du die AI Suite3 nicht von Hand installieren? Bei mir geht das jedenfalls mit der 2 und die 3 hat auch eine Standallone Installation und ist zwingende Voraussetzung zum Installieren der \u00fcbrigen Tools, ob die dann laufen ist die zweite Frage.<br \/>\nDa f\u00fcr mein Board keine AI 2.0 f\u00fcr Windows 10 angeboten wird habe ich kurzerhand die f\u00fcr Windows 8.1 Installiert das geht auch aber f\u00fcr das Sabertooth 3.0 wird f\u00fcr Windows 10 das Tool angeboten.<br \/>\nChipsatz geht au\u00dfer Microsoft im Moment nichts, die original AMD Treiber craschen, Realtek kannst du die original von Realtek nehmen, wenn Realtek Lan kannst du auch den aktuellen von Realtek nehmen, wenn Intel Lan dann sollte der aktuellste auch laufen, tut aber eigentlich nicht n\u00f6tig.<br \/>\nSamsung NVMe hast du ja schon, den Chipsatz w\u00fcrde ich so belassen, weil alle anderen craschen, obwohl angeblich die Richtigen, habe auch schon etliches ausprobiert.<br \/>\nDen Asmedia USB 3.0\/3.1 kannst du ja ausprobieren, bei mir funktioniert der originale Treiber.<br \/>\nAsmedia SATA Treiber Finger weg, auch die craschen allesamt.<br \/>\nDas Problem scheint zu sein das die craschenden Treiber eigentlich f\u00fcr Standallone Karten gemacht sind aber unsere Ger\u00e4te sind ja integrierte und werden eben Anders angesprochen, warum sie eine identische ID haben ist mir schleierhaft aber das Problem existiert schon sehr lange, war fr\u00fcher schon bei SCSI und Raid Kontrollern so.<br \/>\nDie Treiber sind leider zu speziell als dass man wie Fr\u00fcher durch fixen der inis etwas erreichen k\u00f6nnte.<\/p>\n"},"status":"1"},{"id":43784,"parent":43752,"author":2371,"author_name":"Birkuli","author_email":"birkuli@t-online.de","author_url":"","author_avatar_urls":{"24":"https:\/\/secure.gravatar.com\/avatar\/779ab74708368fd5da13cb60a3093905cb0f2da05766b9cd0bb8b5249744b5a9?s=24&d=mm&r=g","48":"https:\/\/secure.gravatar.com\/avatar\/779ab74708368fd5da13cb60a3093905cb0f2da05766b9cd0bb8b5249744b5a9?s=48&d=mm&r=g","96":"https:\/\/secure.gravatar.com\/avatar\/779ab74708368fd5da13cb60a3093905cb0f2da05766b9cd0bb8b5249744b5a9?s=96&d=mm&r=g"},"date":"2017-02-23T21:47:09","cld_nonce":"f0bbbebbe0","content":{"rendered":"<p>Das Sabertooth 990FX l\u00e4sst sich mit einem AMD FX8350 locker bis 5,5 GHz \u00fcbertackten mit normaler WAK\u00dc, ich habe das Gespann mit 4,8 GHz laufen durch Erh\u00f6hung der Boardspannung und CPU-NB Taktung von 200 auf 240, Boost bleibt eingeschaltet ebenso wie Cool &amp; Quiet,<br \/>\nIch habe die Werte aus einem ASUS OC Profil genommen und etwas modifiziert und als eigenes Abgespeichert, sonst l\u00e4uft der Prozessor und das Board st\u00e4ndig Vollpower und nagelt mal eben 170 bis 180 Watt durch und das muss nicht sein.<br \/>\n\u00dcber den CPU Teiler w\u00fcrde ich nicht zu sehr \u00fcbertakten, (wenn ja bis max 21) da sonst die W\u00e4rme stark ansteigt und die \u00fcbrigen Sachen teils mit in die H\u00f6he gehen.<\/p>\n"},"status":"1"}],"wp_author":{"id":2550,"name":"MAX","description":"Begeisterter Technik-Enthusiast, der aktuell zwei Welten vereint. Windows auf PC sowie Xbox und iOS auf dem iPhone, als auch auf dem iPad. Gespaltene Pers\u00f6nlichkeit w\u00fcrde ich sagen. ;)","author_avatar_urls":{"24":"https:\/\/secure.gravatar.com\/avatar\/0a924a9e0119dd457d49c2eb1fa27ade332376ba6138336743cdd8c221e4a3a3?s=24&d=mm&r=g","48":"https:\/\/secure.gravatar.com\/avatar\/0a924a9e0119dd457d49c2eb1fa27ade332376ba6138336743cdd8c221e4a3a3?s=48&d=mm&r=g","96":"https:\/\/secure.gravatar.com\/avatar\/0a924a9e0119dd457d49c2eb1fa27ade332376ba6138336743cdd8c221e4a3a3?s=96&d=mm&r=g"}},"cld_nonce":"f0bbbebbe0","yoast_head":"<!-- This site is optimized with the Yoast SEO Premium plugin v27.5 (Yoast SEO v27.5) - https:\/\/yoast.com\/product\/yoast-seo-premium-wordpress\/ -->\n<title>AMD Ryzen - Vorbestellung sind nun m\u00f6glich | Ver\u00f6ffentlichung am 2. M\u00e4rz - Deskmodder.de<\/title>\n<meta name=\"description\" content=\"Die Ryzen-Prozessoren sind da! Erscheinungstermin ist der 02. M\u00e4rz und Vorbestellungen werden ab heute bei den Partnern angenommen\" \/>\n<meta name=\"robots\" content=\"index, follow, max-snippet:-1, max-image-preview:large, max-video-preview:-1\" \/>\n<link rel=\"canonical\" href=\"https:\/\/www.deskmodder.de\/blog\/2017\/02\/22\/amd-ryzen-vorbestellung-sind-nun-moeglich-veroeffentlichung-am-2-maerz\/\" \/>\n<meta property=\"og:locale\" content=\"de_DE\" \/>\n<meta property=\"og:type\" content=\"article\" \/>\n<meta property=\"og:title\" content=\"AMD Ryzen - Vorbestellung sind nun m\u00f6glich | Ver\u00f6ffentlichung am 2. M\u00e4rz\" \/>\n<meta property=\"og:description\" content=\"Die Ryzen-Prozessoren sind da! Erscheinungstermin ist der 02. M\u00e4rz und Vorbestellungen werden ab heute bei den Partnern angenommen\" \/>\n<meta property=\"og:url\" content=\"https:\/\/www.deskmodder.de\/blog\/2017\/02\/22\/amd-ryzen-vorbestellung-sind-nun-moeglich-veroeffentlichung-am-2-maerz\/\" \/>\n<meta property=\"og:site_name\" content=\"Deskmodder.de\" \/>\n<meta property=\"article:publisher\" content=\"https:\/\/www.facebook.com\/Deskmodder\" \/>\n<meta property=\"article:published_time\" content=\"2017-02-22T19:00:57+00:00\" \/>\n<meta property=\"og:image\" content=\"https:\/\/www.deskmodder.de\/blog\/wp-content\/uploads\/2017\/02\/amd-ryzen-700x200.jpg\" \/>\n\t<meta property=\"og:image:width\" content=\"700\" \/>\n\t<meta property=\"og:image:height\" content=\"200\" \/>\n\t<meta property=\"og:image:type\" content=\"image\/jpeg\" \/>\n<meta name=\"author\" content=\"MAX\" \/>\n<meta name=\"twitter:card\" content=\"summary_large_image\" \/>\n<meta name=\"twitter:creator\" content=\"@themximum\" \/>\n<meta name=\"twitter:site\" content=\"@Deskmodder\" \/>\n<script type=\"application\/ld+json\" class=\"yoast-schema-graph\">{\"@context\":\"https:\\\/\\\/schema.org\",\"@graph\":[{\"@type\":\"Article\",\"@id\":\"https:\\\/\\\/www.deskmodder.de\\\/blog\\\/2017\\\/02\\\/22\\\/amd-ryzen-vorbestellung-sind-nun-moeglich-veroeffentlichung-am-2-maerz\\\/#article\",\"isPartOf\":{\"@id\":\"https:\\\/\\\/www.deskmodder.de\\\/blog\\\/2017\\\/02\\\/22\\\/amd-ryzen-vorbestellung-sind-nun-moeglich-veroeffentlichung-am-2-maerz\\\/\"},\"author\":{\"name\":\"MAX\",\"@id\":\"https:\\\/\\\/www.deskmodder.de\\\/blog\\\/#\\\/schema\\\/person\\\/bd4b9506e83c661f1de1af925c726d7c\"},\"headline\":\"AMD Ryzen &#8211; Vorbestellung sind nun m\u00f6glich | Ver\u00f6ffentlichung am 2. M\u00e4rz\",\"datePublished\":\"2017-02-22T19:00:57+00:00\",\"mainEntityOfPage\":{\"@id\":\"https:\\\/\\\/www.deskmodder.de\\\/blog\\\/2017\\\/02\\\/22\\\/amd-ryzen-vorbestellung-sind-nun-moeglich-veroeffentlichung-am-2-maerz\\\/\"},\"wordCount\":255,\"commentCount\":21,\"publisher\":{\"@id\":\"https:\\\/\\\/www.deskmodder.de\\\/blog\\\/#organization\"},\"image\":{\"@id\":\"https:\\\/\\\/www.deskmodder.de\\\/blog\\\/2017\\\/02\\\/22\\\/amd-ryzen-vorbestellung-sind-nun-moeglich-veroeffentlichung-am-2-maerz\\\/#primaryimage\"},\"thumbnailUrl\":\"https:\\\/\\\/www.deskmodder.de\\\/blog\\\/wp-content\\\/uploads\\\/2017\\\/02\\\/amd-ryzen-700x200.jpg\",\"keywords\":[\"7 1700\",\"7 1700X\",\"7 1800X\",\"AM4\",\"AMD\",\"Asus\",\"Mainboards\",\"Prozessoren\",\"Ryzen\"],\"articleSection\":[\"Hardware\"],\"inLanguage\":\"de\",\"potentialAction\":[{\"@type\":\"CommentAction\",\"name\":\"Comment\",\"target\":[\"https:\\\/\\\/www.deskmodder.de\\\/blog\\\/2017\\\/02\\\/22\\\/amd-ryzen-vorbestellung-sind-nun-moeglich-veroeffentlichung-am-2-maerz\\\/#respond\"]}],\"copyrightYear\":\"2017\",\"copyrightHolder\":{\"@id\":\"https:\\\/\\\/www.deskmodder.de\\\/blog\\\/#organization\"}},{\"@type\":\"WebPage\",\"@id\":\"https:\\\/\\\/www.deskmodder.de\\\/blog\\\/2017\\\/02\\\/22\\\/amd-ryzen-vorbestellung-sind-nun-moeglich-veroeffentlichung-am-2-maerz\\\/\",\"url\":\"https:\\\/\\\/www.deskmodder.de\\\/blog\\\/2017\\\/02\\\/22\\\/amd-ryzen-vorbestellung-sind-nun-moeglich-veroeffentlichung-am-2-maerz\\\/\",\"name\":\"AMD Ryzen - Vorbestellung sind nun m\u00f6glich | Ver\u00f6ffentlichung am 2. M\u00e4rz - Deskmodder.de\",\"isPartOf\":{\"@id\":\"https:\\\/\\\/www.deskmodder.de\\\/blog\\\/#website\"},\"primaryImageOfPage\":{\"@id\":\"https:\\\/\\\/www.deskmodder.de\\\/blog\\\/2017\\\/02\\\/22\\\/amd-ryzen-vorbestellung-sind-nun-moeglich-veroeffentlichung-am-2-maerz\\\/#primaryimage\"},\"image\":{\"@id\":\"https:\\\/\\\/www.deskmodder.de\\\/blog\\\/2017\\\/02\\\/22\\\/amd-ryzen-vorbestellung-sind-nun-moeglich-veroeffentlichung-am-2-maerz\\\/#primaryimage\"},\"thumbnailUrl\":\"https:\\\/\\\/www.deskmodder.de\\\/blog\\\/wp-content\\\/uploads\\\/2017\\\/02\\\/amd-ryzen-700x200.jpg\",\"datePublished\":\"2017-02-22T19:00:57+00:00\",\"description\":\"Die Ryzen-Prozessoren sind da! Erscheinungstermin ist der 02. M\u00e4rz und Vorbestellungen werden ab heute bei den Partnern angenommen\",\"breadcrumb\":{\"@id\":\"https:\\\/\\\/www.deskmodder.de\\\/blog\\\/2017\\\/02\\\/22\\\/amd-ryzen-vorbestellung-sind-nun-moeglich-veroeffentlichung-am-2-maerz\\\/#breadcrumb\"},\"inLanguage\":\"de\",\"potentialAction\":[{\"@type\":\"ReadAction\",\"target\":[\"https:\\\/\\\/www.deskmodder.de\\\/blog\\\/2017\\\/02\\\/22\\\/amd-ryzen-vorbestellung-sind-nun-moeglich-veroeffentlichung-am-2-maerz\\\/\"]}]},{\"@type\":\"ImageObject\",\"inLanguage\":\"de\",\"@id\":\"https:\\\/\\\/www.deskmodder.de\\\/blog\\\/2017\\\/02\\\/22\\\/amd-ryzen-vorbestellung-sind-nun-moeglich-veroeffentlichung-am-2-maerz\\\/#primaryimage\",\"url\":\"https:\\\/\\\/www.deskmodder.de\\\/blog\\\/wp-content\\\/uploads\\\/2017\\\/02\\\/amd-ryzen-700x200.jpg\",\"contentUrl\":\"https:\\\/\\\/www.deskmodder.de\\\/blog\\\/wp-content\\\/uploads\\\/2017\\\/02\\\/amd-ryzen-700x200.jpg\",\"width\":700,\"height\":200},{\"@type\":\"BreadcrumbList\",\"@id\":\"https:\\\/\\\/www.deskmodder.de\\\/blog\\\/2017\\\/02\\\/22\\\/amd-ryzen-vorbestellung-sind-nun-moeglich-veroeffentlichung-am-2-maerz\\\/#breadcrumb\",\"itemListElement\":[{\"@type\":\"ListItem\",\"position\":1,\"name\":\"Startseite\",\"item\":\"https:\\\/\\\/www.deskmodder.de\\\/blog\\\/\"},{\"@type\":\"ListItem\",\"position\":2,\"name\":\"AMD Ryzen &#8211; Vorbestellung sind nun m\u00f6glich | Ver\u00f6ffentlichung am 2. M\u00e4rz\"}]},{\"@type\":\"WebSite\",\"@id\":\"https:\\\/\\\/www.deskmodder.de\\\/blog\\\/#website\",\"url\":\"https:\\\/\\\/www.deskmodder.de\\\/blog\\\/\",\"name\":\"Deskmodder.de\",\"description\":\"News zum Thema Microsoft, Windows 11 \\\/ 10, sowie anderen Neuigkeiten aus dem Netz, viele Tipps und individuelle Hilfe bei Problemen in unserem Forum \u25cf Deskmodder - seit 2003\",\"publisher\":{\"@id\":\"https:\\\/\\\/www.deskmodder.de\\\/blog\\\/#organization\"},\"potentialAction\":[{\"@type\":\"SearchAction\",\"target\":{\"@type\":\"EntryPoint\",\"urlTemplate\":\"https:\\\/\\\/www.deskmodder.de\\\/blog\\\/?s={search_term_string}\"},\"query-input\":{\"@type\":\"PropertyValueSpecification\",\"valueRequired\":true,\"valueName\":\"search_term_string\"}}],\"inLanguage\":\"de\"},{\"@type\":\"Organization\",\"@id\":\"https:\\\/\\\/www.deskmodder.de\\\/blog\\\/#organization\",\"name\":\"Deskmodder\",\"url\":\"https:\\\/\\\/www.deskmodder.de\\\/blog\\\/\",\"logo\":{\"@type\":\"ImageObject\",\"inLanguage\":\"de\",\"@id\":\"https:\\\/\\\/www.deskmodder.de\\\/blog\\\/#\\\/schema\\\/logo\\\/image\\\/\",\"url\":\"https:\\\/\\\/www.deskmodder.de\\\/blog\\\/wp-content\\\/uploads\\\/2019\\\/01\\\/deskmodder-logo-app.png\",\"contentUrl\":\"https:\\\/\\\/www.deskmodder.de\\\/blog\\\/wp-content\\\/uploads\\\/2019\\\/01\\\/deskmodder-logo-app.png\",\"width\":281,\"height\":286,\"caption\":\"Deskmodder\"},\"image\":{\"@id\":\"https:\\\/\\\/www.deskmodder.de\\\/blog\\\/#\\\/schema\\\/logo\\\/image\\\/\"},\"sameAs\":[\"https:\\\/\\\/www.facebook.com\\\/Deskmodder\",\"https:\\\/\\\/x.com\\\/Deskmodder\",\"https:\\\/\\\/mastodontech.de\\\/@Deskmodder\",\"https:\\\/\\\/www.youtube.com\\\/user\\\/deskmodder\",\"https:\\\/\\\/mewe.com\\\/group\\\/5c83b5231add826fc80cdae1\"]},{\"@type\":\"Person\",\"@id\":\"https:\\\/\\\/www.deskmodder.de\\\/blog\\\/#\\\/schema\\\/person\\\/bd4b9506e83c661f1de1af925c726d7c\",\"name\":\"MAX\",\"image\":{\"@type\":\"ImageObject\",\"inLanguage\":\"de\",\"@id\":\"https:\\\/\\\/secure.gravatar.com\\\/avatar\\\/0a924a9e0119dd457d49c2eb1fa27ade332376ba6138336743cdd8c221e4a3a3?s=96&d=mm&r=g\",\"url\":\"https:\\\/\\\/secure.gravatar.com\\\/avatar\\\/0a924a9e0119dd457d49c2eb1fa27ade332376ba6138336743cdd8c221e4a3a3?s=96&d=mm&r=g\",\"contentUrl\":\"https:\\\/\\\/secure.gravatar.com\\\/avatar\\\/0a924a9e0119dd457d49c2eb1fa27ade332376ba6138336743cdd8c221e4a3a3?s=96&d=mm&r=g\",\"caption\":\"MAX\"},\"description\":\"Begeisterter Technik-Enthusiast, der aktuell zwei Welten vereint. Windows auf PC sowie Xbox und iOS auf dem iPhone, als auch auf dem iPad. Gespaltene Pers\u00f6nlichkeit w\u00fcrde ich sagen. ;)\",\"sameAs\":[\"https:\\\/\\\/www.instagram.com\\\/themximum\\\/\",\"https:\\\/\\\/x.com\\\/themximum\"],\"url\":\"https:\\\/\\\/www.deskmodder.de\\\/blog\\\/author\\\/max\\\/\"}]}<\/script>\n<!-- \/ Yoast SEO Premium plugin. -->","yoast_head_json":{"title":"AMD Ryzen - Vorbestellung sind nun m\u00f6glich | Ver\u00f6ffentlichung am 2. M\u00e4rz - Deskmodder.de","description":"Die Ryzen-Prozessoren sind da! Erscheinungstermin ist der 02. M\u00e4rz und Vorbestellungen werden ab heute bei den Partnern angenommen","robots":{"index":"index","follow":"follow","max-snippet":"max-snippet:-1","max-image-preview":"max-image-preview:large","max-video-preview":"max-video-preview:-1"},"canonical":"https:\/\/www.deskmodder.de\/blog\/2017\/02\/22\/amd-ryzen-vorbestellung-sind-nun-moeglich-veroeffentlichung-am-2-maerz\/","og_locale":"de_DE","og_type":"article","og_title":"AMD Ryzen - Vorbestellung sind nun m\u00f6glich | Ver\u00f6ffentlichung am 2. M\u00e4rz","og_description":"Die Ryzen-Prozessoren sind da! Erscheinungstermin ist der 02. M\u00e4rz und Vorbestellungen werden ab heute bei den Partnern angenommen","og_url":"https:\/\/www.deskmodder.de\/blog\/2017\/02\/22\/amd-ryzen-vorbestellung-sind-nun-moeglich-veroeffentlichung-am-2-maerz\/","og_site_name":"Deskmodder.de","article_publisher":"https:\/\/www.facebook.com\/Deskmodder","article_published_time":"2017-02-22T19:00:57+00:00","og_image":[{"width":700,"height":200,"url":"https:\/\/www.deskmodder.de\/blog\/wp-content\/uploads\/2017\/02\/amd-ryzen-700x200.jpg","type":"image\/jpeg"}],"author":"MAX","twitter_card":"summary_large_image","twitter_creator":"@themximum","twitter_site":"@Deskmodder","schema":{"@context":"https:\/\/schema.org","@graph":[{"@type":"Article","@id":"https:\/\/www.deskmodder.de\/blog\/2017\/02\/22\/amd-ryzen-vorbestellung-sind-nun-moeglich-veroeffentlichung-am-2-maerz\/#article","isPartOf":{"@id":"https:\/\/www.deskmodder.de\/blog\/2017\/02\/22\/amd-ryzen-vorbestellung-sind-nun-moeglich-veroeffentlichung-am-2-maerz\/"},"author":{"name":"MAX","@id":"https:\/\/www.deskmodder.de\/blog\/#\/schema\/person\/bd4b9506e83c661f1de1af925c726d7c"},"headline":"AMD Ryzen &#8211; Vorbestellung sind nun m\u00f6glich | Ver\u00f6ffentlichung am 2. M\u00e4rz","datePublished":"2017-02-22T19:00:57+00:00","mainEntityOfPage":{"@id":"https:\/\/www.deskmodder.de\/blog\/2017\/02\/22\/amd-ryzen-vorbestellung-sind-nun-moeglich-veroeffentlichung-am-2-maerz\/"},"wordCount":255,"commentCount":21,"publisher":{"@id":"https:\/\/www.deskmodder.de\/blog\/#organization"},"image":{"@id":"https:\/\/www.deskmodder.de\/blog\/2017\/02\/22\/amd-ryzen-vorbestellung-sind-nun-moeglich-veroeffentlichung-am-2-maerz\/#primaryimage"},"thumbnailUrl":"https:\/\/www.deskmodder.de\/blog\/wp-content\/uploads\/2017\/02\/amd-ryzen-700x200.jpg","keywords":["7 1700","7 1700X","7 1800X","AM4","AMD","Asus","Mainboards","Prozessoren","Ryzen"],"articleSection":["Hardware"],"inLanguage":"de","potentialAction":[{"@type":"CommentAction","name":"Comment","target":["https:\/\/www.deskmodder.de\/blog\/2017\/02\/22\/amd-ryzen-vorbestellung-sind-nun-moeglich-veroeffentlichung-am-2-maerz\/#respond"]}],"copyrightYear":"2017","copyrightHolder":{"@id":"https:\/\/www.deskmodder.de\/blog\/#organization"}},{"@type":"WebPage","@id":"https:\/\/www.deskmodder.de\/blog\/2017\/02\/22\/amd-ryzen-vorbestellung-sind-nun-moeglich-veroeffentlichung-am-2-maerz\/","url":"https:\/\/www.deskmodder.de\/blog\/2017\/02\/22\/amd-ryzen-vorbestellung-sind-nun-moeglich-veroeffentlichung-am-2-maerz\/","name":"AMD Ryzen - Vorbestellung sind nun m\u00f6glich | Ver\u00f6ffentlichung am 2. M\u00e4rz - Deskmodder.de","isPartOf":{"@id":"https:\/\/www.deskmodder.de\/blog\/#website"},"primaryImageOfPage":{"@id":"https:\/\/www.deskmodder.de\/blog\/2017\/02\/22\/amd-ryzen-vorbestellung-sind-nun-moeglich-veroeffentlichung-am-2-maerz\/#primaryimage"},"image":{"@id":"https:\/\/www.deskmodder.de\/blog\/2017\/02\/22\/amd-ryzen-vorbestellung-sind-nun-moeglich-veroeffentlichung-am-2-maerz\/#primaryimage"},"thumbnailUrl":"https:\/\/www.deskmodder.de\/blog\/wp-content\/uploads\/2017\/02\/amd-ryzen-700x200.jpg","datePublished":"2017-02-22T19:00:57+00:00","description":"Die Ryzen-Prozessoren sind da! Erscheinungstermin ist der 02. M\u00e4rz und Vorbestellungen werden ab heute bei den Partnern angenommen","breadcrumb":{"@id":"https:\/\/www.deskmodder.de\/blog\/2017\/02\/22\/amd-ryzen-vorbestellung-sind-nun-moeglich-veroeffentlichung-am-2-maerz\/#breadcrumb"},"inLanguage":"de","potentialAction":[{"@type":"ReadAction","target":["https:\/\/www.deskmodder.de\/blog\/2017\/02\/22\/amd-ryzen-vorbestellung-sind-nun-moeglich-veroeffentlichung-am-2-maerz\/"]}]},{"@type":"ImageObject","inLanguage":"de","@id":"https:\/\/www.deskmodder.de\/blog\/2017\/02\/22\/amd-ryzen-vorbestellung-sind-nun-moeglich-veroeffentlichung-am-2-maerz\/#primaryimage","url":"https:\/\/www.deskmodder.de\/blog\/wp-content\/uploads\/2017\/02\/amd-ryzen-700x200.jpg","contentUrl":"https:\/\/www.deskmodder.de\/blog\/wp-content\/uploads\/2017\/02\/amd-ryzen-700x200.jpg","width":700,"height":200},{"@type":"BreadcrumbList","@id":"https:\/\/www.deskmodder.de\/blog\/2017\/02\/22\/amd-ryzen-vorbestellung-sind-nun-moeglich-veroeffentlichung-am-2-maerz\/#breadcrumb","itemListElement":[{"@type":"ListItem","position":1,"name":"Startseite","item":"https:\/\/www.deskmodder.de\/blog\/"},{"@type":"ListItem","position":2,"name":"AMD Ryzen &#8211; Vorbestellung sind nun m\u00f6glich | Ver\u00f6ffentlichung am 2. M\u00e4rz"}]},{"@type":"WebSite","@id":"https:\/\/www.deskmodder.de\/blog\/#website","url":"https:\/\/www.deskmodder.de\/blog\/","name":"Deskmodder.de","description":"News zum Thema Microsoft, Windows 11 \/ 10, sowie anderen Neuigkeiten aus dem Netz, viele Tipps und individuelle Hilfe bei Problemen in unserem Forum \u25cf Deskmodder - seit 2003","publisher":{"@id":"https:\/\/www.deskmodder.de\/blog\/#organization"},"potentialAction":[{"@type":"SearchAction","target":{"@type":"EntryPoint","urlTemplate":"https:\/\/www.deskmodder.de\/blog\/?s={search_term_string}"},"query-input":{"@type":"PropertyValueSpecification","valueRequired":true,"valueName":"search_term_string"}}],"inLanguage":"de"},{"@type":"Organization","@id":"https:\/\/www.deskmodder.de\/blog\/#organization","name":"Deskmodder","url":"https:\/\/www.deskmodder.de\/blog\/","logo":{"@type":"ImageObject","inLanguage":"de","@id":"https:\/\/www.deskmodder.de\/blog\/#\/schema\/logo\/image\/","url":"https:\/\/www.deskmodder.de\/blog\/wp-content\/uploads\/2019\/01\/deskmodder-logo-app.png","contentUrl":"https:\/\/www.deskmodder.de\/blog\/wp-content\/uploads\/2019\/01\/deskmodder-logo-app.png","width":281,"height":286,"caption":"Deskmodder"},"image":{"@id":"https:\/\/www.deskmodder.de\/blog\/#\/schema\/logo\/image\/"},"sameAs":["https:\/\/www.facebook.com\/Deskmodder","https:\/\/x.com\/Deskmodder","https:\/\/mastodontech.de\/@Deskmodder","https:\/\/www.youtube.com\/user\/deskmodder","https:\/\/mewe.com\/group\/5c83b5231add826fc80cdae1"]},{"@type":"Person","@id":"https:\/\/www.deskmodder.de\/blog\/#\/schema\/person\/bd4b9506e83c661f1de1af925c726d7c","name":"MAX","image":{"@type":"ImageObject","inLanguage":"de","@id":"https:\/\/secure.gravatar.com\/avatar\/0a924a9e0119dd457d49c2eb1fa27ade332376ba6138336743cdd8c221e4a3a3?s=96&d=mm&r=g","url":"https:\/\/secure.gravatar.com\/avatar\/0a924a9e0119dd457d49c2eb1fa27ade332376ba6138336743cdd8c221e4a3a3?s=96&d=mm&r=g","contentUrl":"https:\/\/secure.gravatar.com\/avatar\/0a924a9e0119dd457d49c2eb1fa27ade332376ba6138336743cdd8c221e4a3a3?s=96&d=mm&r=g","caption":"MAX"},"description":"Begeisterter Technik-Enthusiast, der aktuell zwei Welten vereint. Windows auf PC sowie Xbox und iOS auf dem iPhone, als auch auf dem iPad. Gespaltene Pers\u00f6nlichkeit w\u00fcrde ich sagen. ;)","sameAs":["https:\/\/www.instagram.com\/themximum\/","https:\/\/x.com\/themximum"],"url":"https:\/\/www.deskmodder.de\/blog\/author\/max\/"}]}},"jetpack_publicize_connections":[],"jetpack_featured_media_url":"https:\/\/www.deskmodder.de\/blog\/wp-content\/uploads\/2017\/02\/amd-ryzen-700x200.jpg","_links":{"self":[{"href":"https:\/\/www.deskmodder.de\/blog\/wp-json\/wp\/v2\/posts\/80186","targetHints":{"allow":["GET"]}}],"collection":[{"href":"https:\/\/www.deskmodder.de\/blog\/wp-json\/wp\/v2\/posts"}],"about":[{"href":"https:\/\/www.deskmodder.de\/blog\/wp-json\/wp\/v2\/types\/post"}],"author":[{"embeddable":true,"href":"https:\/\/www.deskmodder.de\/blog\/wp-json\/wp\/v2\/users\/2550"}],"replies":[{"embeddable":true,"href":"https:\/\/www.deskmodder.de\/blog\/wp-json\/wp\/v2\/comments?post=80186"}],"version-history":[{"count":0,"href":"https:\/\/www.deskmodder.de\/blog\/wp-json\/wp\/v2\/posts\/80186\/revisions"}],"wp:featuredmedia":[{"embeddable":true,"href":"https:\/\/www.deskmodder.de\/blog\/wp-json\/wp\/v2\/media\/79517"}],"wp:attachment":[{"href":"https:\/\/www.deskmodder.de\/blog\/wp-json\/wp\/v2\/media?parent=80186"}],"wp:term":[{"taxonomy":"category","embeddable":true,"href":"https:\/\/www.deskmodder.de\/blog\/wp-json\/wp\/v2\/categories?post=80186"},{"taxonomy":"post_tag","embeddable":true,"href":"https:\/\/www.deskmodder.de\/blog\/wp-json\/wp\/v2\/tags?post=80186"}],"curies":[{"name":"wp","href":"https:\/\/api.w.org\/{rel}","templated":true}]}}