{"id":80028,"date":"2017-02-17T22:31:03","date_gmt":"2017-02-17T21:31:03","guid":{"rendered":"https:\/\/www.deskmodder.de\/blog\/?p=80028"},"modified":"2017-02-17T22:31:03","modified_gmt":"2017-02-17T21:31:03","slug":"amd-ryzen-erste-bilder-der-cpu-und-des-dies","status":"publish","type":"post","link":"https:\/\/www.deskmodder.de\/blog\/2017\/02\/17\/amd-ryzen-erste-bilder-der-cpu-und-des-dies\/","title":{"rendered":"AMD Ryzen &#8211; Erste Bilder der CPU und des Dies"},"content":{"rendered":"<p>Ende Februar und der Release der neuen Ryzen Prozessoren r\u00fccken immer n\u00e4her. Die Leaks werden t\u00e4glich st\u00fcckchenweise immer mehr und AMD scheint es zu freuen, denn  die Spannung bei den interessierten steigt. Auf der ISSCC hat AMD dem Ganzen jetzt technisch nochmal ein bisschen Nachdruck verliehen. Zum einen durch das Zeigen des Prozessors und zum anderen durch n\u00e4here Informationen zum Aufbau.<\/p>\n<p>Bei der Veranstaltung zeigt die CEO Dr. Lisa Su das erste Mal einen neuen Ryzen Prozessor &#8222;pers\u00f6nlich&#8220;, also live und in Farbe. Im Endeffekt ist das ganze nat\u00fcrlich weniger spektakul\u00e4r, einfach weil die Platine nat\u00fcrlich hinter dem K\u00fchlk\u00f6rper versteckt ist.<\/p>\n<p><a href=\"https:\/\/www.deskmodder.de\/blog\/wp-content\/uploads\/2017\/02\/amd-zen.jpg\" rel=\"lightbox[80028]\"><img loading=\"lazy\" decoding=\"async\" src=\"https:\/\/www.deskmodder.de\/blog\/wp-content\/uploads\/2017\/02\/amd-zen.jpg\" alt=\"\" width=\"620\" height=\"400\" class=\"aligncenter size-full wp-image-80032\" srcset=\"https:\/\/www.deskmodder.de\/blog\/wp-content\/uploads\/2017\/02\/amd-zen.jpg 620w, https:\/\/www.deskmodder.de\/blog\/wp-content\/uploads\/2017\/02\/amd-zen-306x197.jpg 306w, https:\/\/www.deskmodder.de\/blog\/wp-content\/uploads\/2017\/02\/amd-zen-500x323.jpg 500w\" sizes=\"auto, (max-width: 620px) 100vw, 620px\" \/><\/a><\/p>\n<p>Spannender hingegen sind die Bilder die AMD noch mitgebracht hatte, wo eine schematische Darstellung des Prozessors den inneren Aufbau dieses zeigt. Genauer gesagt, zeigen die Bilder den Ryzen-Die, also ein ungeh\u00e4ustes St\u00fcck eins Halbleiter-Wafers, in diesem Fall eines Ryzen-Wafers. Zu sehen sind unter anderem die Module f\u00fcr die Sprungvorhersage, die Arithmetisch-logische Einheit (ALU), die Gleitkommaeinheit (FPU), der Scheduler sowie der L1 und der L2-Cache.<\/p>\n<p>Auf einem weiteren Bild zeigt der Hersteller den Core Complex, kurz CCX, das zeigt, dass ein Komplex aus 4 Kernen, gruppiert um einen L3-Cache, besteht. Laut AMD besteht jede CPU mindestens aus einem CCX, was bedeutet, dass die Achtkern-Prozessoren aus zwei CCX bestehen m\u00fcssen.Bei dem Prozessor mit 6 Kernen muss AMD also zwei Kerne deaktivieren, was diese eigenen Angaben nach auch problemlos k\u00f6nnen.<\/p>\n<div id='gallery-1' class='gallery galleryid-80028 gallery-columns-2 gallery-size-large'><figure class='gallery-item'>\n\t\t\t<div class='gallery-icon landscape'>\n\t\t\t\t<a href='https:\/\/www.deskmodder.de\/blog\/wp-content\/uploads\/2017\/02\/amd-ryzen-core-functional-units.jpg' rel=\"lightbox[80028]\"><img loading=\"lazy\" decoding=\"async\" width=\"625\" height=\"418\" src=\"https:\/\/www.deskmodder.de\/blog\/wp-content\/uploads\/2017\/02\/amd-ryzen-core-functional-units.jpg\" class=\"attachment-large size-large\" alt=\"\" srcset=\"https:\/\/www.deskmodder.de\/blog\/wp-content\/uploads\/2017\/02\/amd-ryzen-core-functional-units.jpg 625w, https:\/\/www.deskmodder.de\/blog\/wp-content\/uploads\/2017\/02\/amd-ryzen-core-functional-units-306x205.jpg 306w, https:\/\/www.deskmodder.de\/blog\/wp-content\/uploads\/2017\/02\/amd-ryzen-core-functional-units-500x334.jpg 500w\" sizes=\"auto, (max-width: 625px) 100vw, 625px\" \/><\/a>\n\t\t\t<\/div><\/figure><figure class='gallery-item'>\n\t\t\t<div class='gallery-icon landscape'>\n\t\t\t\t<a href='https:\/\/www.deskmodder.de\/blog\/wp-content\/uploads\/2017\/02\/amd-ryzen-core-complex.jpg' rel=\"lightbox[80028]\"><img loading=\"lazy\" decoding=\"async\" width=\"625\" height=\"413\" src=\"https:\/\/www.deskmodder.de\/blog\/wp-content\/uploads\/2017\/02\/amd-ryzen-core-complex.jpg\" class=\"attachment-large size-large\" alt=\"\" srcset=\"https:\/\/www.deskmodder.de\/blog\/wp-content\/uploads\/2017\/02\/amd-ryzen-core-complex.jpg 625w, https:\/\/www.deskmodder.de\/blog\/wp-content\/uploads\/2017\/02\/amd-ryzen-core-complex-306x202.jpg 306w, https:\/\/www.deskmodder.de\/blog\/wp-content\/uploads\/2017\/02\/amd-ryzen-core-complex-500x330.jpg 500w\" sizes=\"auto, (max-width: 625px) 100vw, 625px\" \/><\/a>\n\t\t\t<\/div><\/figure>\n\t\t<\/div>\n\n<p>Via: <a href=\"http:\/\/www.tomshardware.de\/ryzen-photo-amd-ccx-die,news-257828.html\">Tom&#8217;s HW<\/a><\/p>\n<p>*Notiz: Sollten euch einige Begriffe nicht ganz klar sein, dann entschuldige ich mich. Ich musste mich auch zuerst belesen, zum Beispiel was ein Die ist. Den Artikel habe ich dann so geschrieben, wie ich ihn f\u00fcr mich f\u00fcr verst\u00e4ndlich halte, deswegen sollte etwas noch unklar sein, dann gerne in den Kommentaren fragen oder eben bingen, googeln bzw. yahoon. *grins**<\/p>\n","protected":false},"excerpt":{"rendered":"<p>Ende Februar und der Release der neuen Ryzen Prozessoren r\u00fccken immer n\u00e4her. Die Leaks werden t\u00e4glich st\u00fcckchenweise immer mehr und AMD scheint es zu freuen, denn die Spannung bei den interessierten steigt. Auf der ISSCC hat AMD dem Ganzen jetzt&hellip; <\/p>\n","protected":false},"author":2550,"featured_media":79517,"comment_status":"open","ping_status":"open","sticky":false,"template":"","format":"standard","meta":{"jetpack_post_was_ever_published":false,"footnotes":"","jetpack_publicize_message":"","jetpack_publicize_feature_enabled":true,"jetpack_social_post_already_shared":true,"jetpack_social_options":{"image_generator_settings":{"template":"highway","default_image_id":0,"font":"","enabled":false},"version":2}},"categories":[1286],"tags":[4246,7777,16112,16111,1763,16113,3065,16003],"class_list":["post-80028","post","type-post","status-publish","format-standard","has-post-thumbnail","hentry","category-hardware","tag-amd","tag-aufbau","tag-ccx","tag-core-complex","tag-cpu","tag-die","tag-prozessor","tag-ryzen"],"wp_featured_image":{"id":79517,"alt_text":"","description":"","media_type":"image","media_details":{"width":700,"height":200,"file":"2017\/02\/amd-ryzen-700x200.jpg","sizes":{"thumbnail":{"file":"amd-ryzen-700x200-306x87.jpg","width":306,"height":87,"mime-type":"image\/jpeg","source_url":"https:\/\/www.deskmodder.de\/blog\/wp-content\/uploads\/2017\/02\/amd-ryzen-700x200-306x87.jpg"},"medium":{"file":"amd-ryzen-700x200-500x143.jpg","width":500,"height":143,"mime-type":"image\/jpeg","source_url":"https:\/\/www.deskmodder.de\/blog\/wp-content\/uploads\/2017\/02\/amd-ryzen-700x200-500x143.jpg"},"wp_review_large":{"file":"amd-ryzen-700x200-320x200.jpg","width":320,"height":200,"mime-type":"image\/jpeg","source_url":"https:\/\/www.deskmodder.de\/blog\/wp-content\/uploads\/2017\/02\/amd-ryzen-700x200-320x200.jpg"},"wp_review_small":{"file":"amd-ryzen-700x200-65x65.jpg","width":65,"height":65,"mime-type":"image\/jpeg","source_url":"https:\/\/www.deskmodder.de\/blog\/wp-content\/uploads\/2017\/02\/amd-ryzen-700x200-65x65.jpg"},"blog-large":{"file":"amd-ryzen-700x200-642x200.jpg","width":642,"height":200,"mime-type":"image\/jpeg","source_url":"https:\/\/www.deskmodder.de\/blog\/wp-content\/uploads\/2017\/02\/amd-ryzen-700x200-642x200.jpg"},"blog-medium":{"file":"amd-ryzen-700x200-306x200.jpg","width":306,"height":200,"mime-type":"image\/jpeg","source_url":"https:\/\/www.deskmodder.de\/blog\/wp-content\/uploads\/2017\/02\/amd-ryzen-700x200-306x200.jpg"},"recent-thumb":{"file":"amd-ryzen-700x200-350x200.jpg","width":350,"height":200,"mime-type":"image\/jpeg","source_url":"https:\/\/www.deskmodder.de\/blog\/wp-content\/uploads\/2017\/02\/amd-ryzen-700x200-350x200.jpg"},"service-featured":{"file":"amd-ryzen-700x200-600x200.jpg","width":600,"height":200,"mime-type":"image\/jpeg","source_url":"https:\/\/www.deskmodder.de\/blog\/wp-content\/uploads\/2017\/02\/amd-ryzen-700x200-600x200.jpg"},"wp_rp_thumbnail":{"file":"amd-ryzen-700x200-150x150.jpg","width":150,"height":150,"mime-type":"image\/jpeg","source_url":"https:\/\/www.deskmodder.de\/blog\/wp-content\/uploads\/2017\/02\/amd-ryzen-700x200-150x150.jpg"}},"image_meta":{"aperture":"0","credit":"","camera":"","caption":"","created_timestamp":"0","copyright":"","focal_length":"0","iso":"0","shutter_speed":"0","title":"","orientation":"0","keywords":[]}},"post":79513,"source_url":"https:\/\/www.deskmodder.de\/blog\/wp-content\/uploads\/2017\/02\/amd-ryzen-700x200.jpg"},"commentcount":16,"wp_comments":[{"id":43621,"parent":0,"author":2074,"author_name":"Thors","author_email":"dkb210@t-online.de","author_url":"","author_avatar_urls":{"24":"https:\/\/secure.gravatar.com\/avatar\/3a943ac2784cca5e9a86278089ca03844a04cab358a5ba6c98ca9f521a944bdd?s=24&d=mm&r=g","48":"https:\/\/secure.gravatar.com\/avatar\/3a943ac2784cca5e9a86278089ca03844a04cab358a5ba6c98ca9f521a944bdd?s=48&d=mm&r=g","96":"https:\/\/secure.gravatar.com\/avatar\/3a943ac2784cca5e9a86278089ca03844a04cab358a5ba6c98ca9f521a944bdd?s=96&d=mm&r=g"},"date":"2017-02-17T22:51:44","cld_nonce":"015d9540d6","content":{"rendered":"<p>Ich bin ja mal gespannt, wie sich die CPU\u00b4s schlagen wenn sie erst mal auf dem Markt sind. Wenn die Tests wirklich so positiv sind, freue ich mich f\u00fcr AMD !<\/p>\n"},"status":"1"},{"id":43623,"parent":0,"author":0,"author_name":"dominik","author_email":"dominik.info@gmx.net","author_url":"","author_avatar_urls":{"24":"https:\/\/secure.gravatar.com\/avatar\/356171d2399f1ed3a90da26c0e38f20fee3ea95ebebf7c4175b16d912b700c83?s=24&d=mm&r=g","48":"https:\/\/secure.gravatar.com\/avatar\/356171d2399f1ed3a90da26c0e38f20fee3ea95ebebf7c4175b16d912b700c83?s=48&d=mm&r=g","96":"https:\/\/secure.gravatar.com\/avatar\/356171d2399f1ed3a90da26c0e38f20fee3ea95ebebf7c4175b16d912b700c83?s=96&d=mm&r=g"},"date":"2017-02-17T23:38:06","cld_nonce":"015d9540d6","content":{"rendered":"<p>Ich kann es nur hoffen f\u00fcr AMD&#8230; ich kanns kaum erwarten&#8230;<\/p>\n<p>Und wehe wenn das nix is&#8230; dann wird AMD endg\u00fcltig verbannt&#8230;<br \/>\nGenau wie Windows Phone wegen fehlender STANDARD APPZ&#8230;<\/p>\n"},"status":"1"},{"id":43625,"parent":0,"author":0,"author_name":"Peter Christian","author_email":"petercnowak@icloud.com","author_url":"","author_avatar_urls":{"24":"https:\/\/secure.gravatar.com\/avatar\/bdd68544648abe37cdec72d9fec2a6f7cddbae789a5315e181e13d065d85a628?s=24&d=mm&r=g","48":"https:\/\/secure.gravatar.com\/avatar\/bdd68544648abe37cdec72d9fec2a6f7cddbae789a5315e181e13d065d85a628?s=48&d=mm&r=g","96":"https:\/\/secure.gravatar.com\/avatar\/bdd68544648abe37cdec72d9fec2a6f7cddbae789a5315e181e13d065d85a628?s=96&d=mm&r=g"},"date":"2017-02-17T23:57:48","cld_nonce":"015d9540d6","content":{"rendered":"<p>Schon ok. Haben ja einen Experten f\u00fcr Hardware im Bekanntenkreis.<\/p>\n"},"status":"1"},{"id":43626,"parent":0,"author":2371,"author_name":"Birkuli","author_email":"birkuli@t-online.de","author_url":"","author_avatar_urls":{"24":"https:\/\/secure.gravatar.com\/avatar\/779ab74708368fd5da13cb60a3093905cb0f2da05766b9cd0bb8b5249744b5a9?s=24&d=mm&r=g","48":"https:\/\/secure.gravatar.com\/avatar\/779ab74708368fd5da13cb60a3093905cb0f2da05766b9cd0bb8b5249744b5a9?s=48&d=mm&r=g","96":"https:\/\/secure.gravatar.com\/avatar\/779ab74708368fd5da13cb60a3093905cb0f2da05766b9cd0bb8b5249744b5a9?s=96&d=mm&r=g"},"date":"2017-02-18T00:23:18","cld_nonce":"015d9540d6","content":{"rendered":"<p>F\u00fcr AMD und die Nutzer ist es wirklich Wichtig das der Anschluss gehalten wird, mit dem was jetzt im Vorwege bekannt wurde, Ger\u00fcchteweise, kann man hoffen f\u00fcr vern\u00fcnftiges Geld ein sehr Leistungsf\u00e4higes System zu bekommen.<br \/>\nWenn ich mir \u00dcberlege in ein Ryzen System als Firma zu investieren mit trotz nur 65W TDP Leistungsstarken Prozessoren in der Spar Version, kann eine Firma ca. 350 bis 450\u20ac an Energie einsparen pro Jahr und Rechner.<br \/>\nDas muss Intel erstmal gleichtun, ich glaube in der Anschaffung 30 bis 50% g\u00fcnstiger und im Unterhalt auch noch g\u00fcnstiger sind gute Argumente f\u00fcr AMD und mit der neuen Plattform wird das gr\u00f6\u00dfte Manko ja auch behoben und zu Intel in Geschwindigkeit und Leistungsf\u00e4higkeit der Meistverbreiteten Standards aufgeschlossen.<br \/>\nWer jedoch optimale Leistung im kleinen Server\/Workstation Bereich ben\u00f6tigt wird wohl weiterhin zu den erheblich teureren Core X Prozessoren greifen, es sei denn AMD zaubert da noch etwas aus dem Hut.<br \/>\nSpannend ist das allemal, \u00e4hnlich wie damals mit den DX 386 und DX 486 Prozessoren als AMD den Markt ordentlich aufmischte und Intel dazu zwang ebenfalls seine Prozessoren Preise zu senken.<br \/>\nAllerdings konterte Intel damals sofort mit der 5er Serie die wieder technisch davon eilte und neue Leistung Standards setzte, aber Konkurrenz belebt das Gesch\u00e4ft.<br \/>\nSchade das sich die Asiaten mit ihren Prozessoren ausschlie\u00dflich auf den Mobil Markt eingestellt haben sonst k\u00f6nnten sie durchaus zu einer dritten Kraft werden was dem Wettbewerb enorm f\u00f6rdern w\u00fcrde.<\/p>\n"},"status":"1"},{"id":43627,"parent":0,"author":0,"author_name":"Herr Hugo","author_email":"hugohilter@t-online.de","author_url":"","author_avatar_urls":{"24":"https:\/\/secure.gravatar.com\/avatar\/dc5176746c873787fa3f8df5f9bdfbd2f7688721f771100eb4d7b4e82e2d655b?s=24&d=mm&r=g","48":"https:\/\/secure.gravatar.com\/avatar\/dc5176746c873787fa3f8df5f9bdfbd2f7688721f771100eb4d7b4e82e2d655b?s=48&d=mm&r=g","96":"https:\/\/secure.gravatar.com\/avatar\/dc5176746c873787fa3f8df5f9bdfbd2f7688721f771100eb4d7b4e82e2d655b?s=96&d=mm&r=g"},"date":"2017-02-18T00:24:19","cld_nonce":"015d9540d6","content":{"rendered":"<p>&#8222;AMD scheint es zu freuen, denn die Spannung bei den interessierten steigt&#8220; &#8211; neien, es gibt mind. einen &#8222;Interessierten&#8220; dessen Spannungskurve nur er selber kontrolliert: mich.<\/p>\n<p>Ich verfolge generell die Hardwareentwicklung (da, wo sie f\u00fcr mich relevant ist) &#8211; aber meine Zeit-\/Kaufpl\u00e4ne bestimme ich und nur ich.<\/p>\n<p>Hei\u00dft: Ryzen vorteilhaft f\u00fcr mich &#8211; ja, nicht vorteilhaft &#8211; nein.<\/p>\n<p>Wobei &#8222;Vorteil&#8220; f\u00fcr mich nicht ist z.B. 30,- billjer oder 5,3 % schneller &#8211; da mu\u00df schon was &#8222;bei rumkommen&#8220;. Konkret werde ich beobachten, wie sich 1700x und 1800x gegen i7 7700k einordnen &#8211; und zwar in der Praxis, nicht in Benchmarks, nicht in bestimmten Spielen.<\/p>\n<p>Ich gebe es gerne zu: &#8222;brauchen&#8220; tu ich deren Leistung nicht unbedingt &#8211; ich will aber Rechner, die flott reagieren und sch\u00f6ne Reserven haben. Im jetzigen Haupt-PC hab\u00b4 ich 32 GB RAM, nie werde ich die bis zum Anschlag bringen &#8211; aber sie sind eben da. Das freut mich genug, grins.<\/p>\n<p>PS &#8211; auf dem obigen Bild interessiert mich eher: wie viel Karat hat der Brilli von der Dr. Lisa Su? Sowas sieht man &#8211; die CPU sieht man eingebaut nicht&#8230; <img src=\"https:\/\/www.deskmodder.de\/blog\/wp-content\/plugins\/classic-smilies\/img\/icon_mrgreen.gif\" alt=\":mrgreen:\" class=\"wp-smiley\" \/><\/p>\n"},"status":"1"},{"id":43629,"parent":43627,"author":0,"author_name":"SirMarc","author_email":"marcsenn@web.de","author_url":"","author_avatar_urls":{"24":"https:\/\/secure.gravatar.com\/avatar\/9e62520146b31fd00d34e0e668aa8f0006e7445dcb1f8ee2166fee7fef2be7a3?s=24&d=mm&r=g","48":"https:\/\/secure.gravatar.com\/avatar\/9e62520146b31fd00d34e0e668aa8f0006e7445dcb1f8ee2166fee7fef2be7a3?s=48&d=mm&r=g","96":"https:\/\/secure.gravatar.com\/avatar\/9e62520146b31fd00d34e0e668aa8f0006e7445dcb1f8ee2166fee7fef2be7a3?s=96&d=mm&r=g"},"date":"2017-02-18T10:05:03","cld_nonce":"015d9540d6","content":{"rendered":"<p>Tja Herr Hugo die ist leider vergeben, keine Change f\u00fcr Herr Hugo. ZwinkerGrins<\/p>\n<p>Ja die Leistung brauchen glaube ich 80% der Menschheit nicht, aber es Hilft endlich AMD wider ins Rampenlicht,. wenn die an dem CPU jetzt Dran bleiben und weiterentwickeln und nicht wider zulange warten bis Intel wider 4 neuen CPUs Generationen raus gebracht hat, k\u00f6nnte es was werden.<br \/>\n5,3% ?<br \/>\nAlso von alten FX zum Ryzen sind es 40%<\/p>\n"},"status":"1"},{"id":43630,"parent":43629,"author":0,"author_name":"Herr Hugo","author_email":"hugohilter@t-online.de","author_url":"","author_avatar_urls":{"24":"https:\/\/secure.gravatar.com\/avatar\/dc5176746c873787fa3f8df5f9bdfbd2f7688721f771100eb4d7b4e82e2d655b?s=24&d=mm&r=g","48":"https:\/\/secure.gravatar.com\/avatar\/dc5176746c873787fa3f8df5f9bdfbd2f7688721f771100eb4d7b4e82e2d655b?s=48&d=mm&r=g","96":"https:\/\/secure.gravatar.com\/avatar\/dc5176746c873787fa3f8df5f9bdfbd2f7688721f771100eb4d7b4e82e2d655b?s=96&d=mm&r=g"},"date":"2017-02-18T10:52:43","cld_nonce":"015d9540d6","content":{"rendered":"<p>Was steht da? &#8222;&#8230;wie sich 1700x und 1800x gegen i7 7700k&#8220; &#8211; von alten FXs steht da nix.<\/p>\n"},"status":"1"},{"id":43631,"parent":43626,"author":0,"author_name":"Peter Christian","author_email":"petercnowak@icloud.com","author_url":"","author_avatar_urls":{"24":"https:\/\/secure.gravatar.com\/avatar\/bdd68544648abe37cdec72d9fec2a6f7cddbae789a5315e181e13d065d85a628?s=24&d=mm&r=g","48":"https:\/\/secure.gravatar.com\/avatar\/bdd68544648abe37cdec72d9fec2a6f7cddbae789a5315e181e13d065d85a628?s=48&d=mm&r=g","96":"https:\/\/secure.gravatar.com\/avatar\/bdd68544648abe37cdec72d9fec2a6f7cddbae789a5315e181e13d065d85a628?s=96&d=mm&r=g"},"date":"2017-02-18T11:02:53","cld_nonce":"015d9540d6","content":{"rendered":"<p>Ob Ryzen wohl auch in Notebooks verbaut wird?<\/p>\n"},"status":"1"},{"id":43636,"parent":43631,"author":2550,"author_name":"MAX","author_email":"maxstahl@outlook.com","author_url":"","author_avatar_urls":{"24":"https:\/\/secure.gravatar.com\/avatar\/baa8420b54a519e302878331460593a8692483d5d41187ec53ed72d7d8fc4aa4?s=24&d=mm&r=g","48":"https:\/\/secure.gravatar.com\/avatar\/baa8420b54a519e302878331460593a8692483d5d41187ec53ed72d7d8fc4aa4?s=48&d=mm&r=g","96":"https:\/\/secure.gravatar.com\/avatar\/baa8420b54a519e302878331460593a8692483d5d41187ec53ed72d7d8fc4aa4?s=96&d=mm&r=g"},"date":"2017-02-18T12:56:23","cld_nonce":"015d9540d6","content":{"rendered":"<p>Ist zu hoffen, vor allem da die kleineren Prozessoren eine sehr geringe TDP besitzen. Vermutlich wird aber noch auf die ersten Ryzen-APUs gewartet, dann spart man sich n\u00e4mlich die extra Grafikkarte.<\/p>\n"},"status":"1"},{"id":43637,"parent":43636,"author":0,"author_name":"Peter Christian","author_email":"petercnowak@icloud.com","author_url":"","author_avatar_urls":{"24":"https:\/\/secure.gravatar.com\/avatar\/bdd68544648abe37cdec72d9fec2a6f7cddbae789a5315e181e13d065d85a628?s=24&d=mm&r=g","48":"https:\/\/secure.gravatar.com\/avatar\/bdd68544648abe37cdec72d9fec2a6f7cddbae789a5315e181e13d065d85a628?s=48&d=mm&r=g","96":"https:\/\/secure.gravatar.com\/avatar\/bdd68544648abe37cdec72d9fec2a6f7cddbae789a5315e181e13d065d85a628?s=96&d=mm&r=g"},"date":"2017-02-18T13:12:39","cld_nonce":"015d9540d6","content":{"rendered":"<p>Na, das w\u00e4r doch was f\u00fcr mich. Warte ich also auf die entsprechenden Produkte.<\/p>\n<p>Ich selbst habe in meinem kleinen Akoya AMD4 verbaut; also nichts Gro\u00dfes. Kommt prima mit Win10 1607 zurecht. Bef\u00fcrchte aber, dass f\u00fcr die Zukunft meine CPU und GPU den kommenden &#8222;Redstones&#8220; nicht gewachsen sein wird. Muss abwarten, was Windows zu meiner Hardware sagt, bevor ich 1703 installieren kann. M\u00f6glich, dass es mit dem Upgrade auf rs-2 vielleicht doch mit AMD4 klappen k\u00f6nnte. Bin n\u00e4mlich mit der derzeitigen Performance von Win 10 mehr als zufrieden und w\u00fcrde gerne mit den kommenden Verbesserungen weitermachen.<\/p>\n"},"status":"1"},{"id":43640,"parent":43636,"author":2550,"author_name":"MAX","author_email":"maxstahl@outlook.com","author_url":"","author_avatar_urls":{"24":"https:\/\/secure.gravatar.com\/avatar\/baa8420b54a519e302878331460593a8692483d5d41187ec53ed72d7d8fc4aa4?s=24&d=mm&r=g","48":"https:\/\/secure.gravatar.com\/avatar\/baa8420b54a519e302878331460593a8692483d5d41187ec53ed72d7d8fc4aa4?s=48&d=mm&r=g","96":"https:\/\/secure.gravatar.com\/avatar\/baa8420b54a519e302878331460593a8692483d5d41187ec53ed72d7d8fc4aa4?s=96&d=mm&r=g"},"date":"2017-02-18T13:59:12","cld_nonce":"015d9540d6","content":{"rendered":"<p>Wenn es jetzt schon gut l\u00e4uft, dann wird Redstone 2 und 3 auf deinem Notebook auch laufen. Au\u00dferdem stammt dein Prozessor, wenn ich mich nicht irre, aus dem Jahr 2013 und es gibt einige, die Windows 10 fl\u00fcssig auf PCs mit Prozessoren aus dem Jahr 2010 und \u00e4lter am Laufen haben.<\/p>\n"},"status":"1"},{"id":43641,"parent":43627,"author":2550,"author_name":"MAX","author_email":"maxstahl@outlook.com","author_url":"","author_avatar_urls":{"24":"https:\/\/secure.gravatar.com\/avatar\/baa8420b54a519e302878331460593a8692483d5d41187ec53ed72d7d8fc4aa4?s=24&d=mm&r=g","48":"https:\/\/secure.gravatar.com\/avatar\/baa8420b54a519e302878331460593a8692483d5d41187ec53ed72d7d8fc4aa4?s=48&d=mm&r=g","96":"https:\/\/secure.gravatar.com\/avatar\/baa8420b54a519e302878331460593a8692483d5d41187ec53ed72d7d8fc4aa4?s=96&d=mm&r=g"},"date":"2017-02-18T14:06:04","cld_nonce":"015d9540d6","content":{"rendered":"<p>ACHTUNG IRONIE: Meinst du wirklich, dass der echt ist? In Asien ist doch alles kopiert und fake, vielleicht auch der Ring?! <img src=\"https:\/\/www.deskmodder.de\/blog\/wp-content\/plugins\/classic-smilies\/img\/icon_biggrin.gif\" alt=\":D\" class=\"wp-smiley\" \/><\/p>\n"},"status":"1"},{"id":43642,"parent":0,"author":0,"author_name":"Peter Christian","author_email":"petercnowak@icloud.com","author_url":"","author_avatar_urls":{"24":"https:\/\/secure.gravatar.com\/avatar\/bdd68544648abe37cdec72d9fec2a6f7cddbae789a5315e181e13d065d85a628?s=24&d=mm&r=g","48":"https:\/\/secure.gravatar.com\/avatar\/bdd68544648abe37cdec72d9fec2a6f7cddbae789a5315e181e13d065d85a628?s=48&d=mm&r=g","96":"https:\/\/secure.gravatar.com\/avatar\/bdd68544648abe37cdec72d9fec2a6f7cddbae789a5315e181e13d065d85a628?s=96&d=mm&r=g"},"date":"2017-02-18T15:16:58","cld_nonce":"015d9540d6","content":{"rendered":"<p>@Max Oh, das ist mal eine gute Nachricht. W\u00e4re toll!<br \/>\nJa, Win10 1607 l\u00e4uft &#8222;wie&#8217;s Lottchen&#8220;! Ich freue mich nat\u00fcrlich dar\u00fcber!<br \/>\nHabe in dem einen Jahr, in dem ich mit Windows konfrontiert bin, sehr viel \u00fcber das System gelernt. Zum Beispiel, dass es im Gegensatz zu Apple MacOSX-10.11 Windows ein ziemlich offenes System anbietet. Das hat seine Vorteile f\u00fcr die wohlgemerkt ambitionierten Experten unter den Usern. Der Nachteil ist, dass viele User eben nicht so technisch arriviert sind, wie sie von sich selbst glauben, und beginnen, im System herumzupfuschen. Genau das habe ich tunlichst vermieden.<br \/>\nAllerdings habe ich die Crash&#8217;s &#8211; ja, auch ich bin vor ihnen nicht verschont geblieben &#8211; teilweise durch mein Unwissen \u00fcber Grundlegendes zu verantworten gehabt; beispielsweise, dass die im Netz herumflangierendenTuning- und Reinigungstools lediglich das Herz, die Registry, in ziemliche &#8222;Verlegenheit&#8220; bringen k\u00f6nnen. Und vieles mehr, was ich gelernt habe.<\/p>\n<p>Aber nach einem Jahr Windows 10 kann ich sagen, es l\u00e4uft &#8211; und das ohne viel Aufhebens. <\/p>\n<p>Und wage daher mal eine Prognose: Wenn Microsoft stringent das Ziel verfolgt, mit allen Strukturproblemen, die aktuell auch mit Windows verbunden sind, dann kann Windows 10-As a Service zum besten Betriebssystem werden, das Microsoft je herausgebracht hat. <\/p>\n<p>Mit Windows10 und der implementierten Strategie der Fortentwicklung, die im &#8222;As a Service&#8220; angelegt ist, w\u00e4re der Grundstein hierf\u00fcr gelegt.<\/p>\n"},"status":"1"},{"id":43643,"parent":43630,"author":0,"author_name":"SirMarc","author_email":"marcsenn@web.de","author_url":"","author_avatar_urls":{"24":"https:\/\/secure.gravatar.com\/avatar\/9e62520146b31fd00d34e0e668aa8f0006e7445dcb1f8ee2166fee7fef2be7a3?s=24&d=mm&r=g","48":"https:\/\/secure.gravatar.com\/avatar\/9e62520146b31fd00d34e0e668aa8f0006e7445dcb1f8ee2166fee7fef2be7a3?s=48&d=mm&r=g","96":"https:\/\/secure.gravatar.com\/avatar\/9e62520146b31fd00d34e0e668aa8f0006e7445dcb1f8ee2166fee7fef2be7a3?s=96&d=mm&r=g"},"date":"2017-02-18T16:45:46","cld_nonce":"015d9540d6","content":{"rendered":"<p>Ach OKI sorrryy <img src=\"https:\/\/www.deskmodder.de\/blog\/wp-content\/plugins\/classic-smilies\/img\/icon_smile.gif\" alt=\":-)\" class=\"wp-smiley\" \/><\/p>\n<p>LOL sicher hat Millionen auf Konto und  wei\u00df nicht wohin, na da w\u00fcrde ich sicher auch Kopien Kaufen. ^^<\/p>\n"},"status":"1"},{"id":43649,"parent":43641,"author":0,"author_name":"Herr Hugo","author_email":"hugohilter@t-online.de","author_url":"","author_avatar_urls":{"24":"https:\/\/secure.gravatar.com\/avatar\/dc5176746c873787fa3f8df5f9bdfbd2f7688721f771100eb4d7b4e82e2d655b?s=24&d=mm&r=g","48":"https:\/\/secure.gravatar.com\/avatar\/dc5176746c873787fa3f8df5f9bdfbd2f7688721f771100eb4d7b4e82e2d655b?s=48&d=mm&r=g","96":"https:\/\/secure.gravatar.com\/avatar\/dc5176746c873787fa3f8df5f9bdfbd2f7688721f771100eb4d7b4e82e2d655b?s=96&d=mm&r=g"},"date":"2017-02-18T23:22:22","cld_nonce":"015d9540d6","content":{"rendered":"<p>Ich glaube schon, das der echt ist &#8211; auch ohne Ironie, grins. Sooo riesig ist der ja nun auch wieder nicht. Man k\u00f6nnte das aber leicht pr\u00fcfen: wenn er das Glas einer Uhr mit Saphirglas zerkratzt, dann isser echt. <img src=\"https:\/\/www.deskmodder.de\/blog\/wp-content\/plugins\/classic-smilies\/img\/icon_mrgreen.gif\" alt=\":mrgreen:\" class=\"wp-smiley\" \/><\/p>\n"},"status":"1"},{"id":43670,"parent":43636,"author":0,"author_name":"Peter Christian","author_email":"petercnowak@icloud.com","author_url":"","author_avatar_urls":{"24":"https:\/\/secure.gravatar.com\/avatar\/bdd68544648abe37cdec72d9fec2a6f7cddbae789a5315e181e13d065d85a628?s=24&d=mm&r=g","48":"https:\/\/secure.gravatar.com\/avatar\/bdd68544648abe37cdec72d9fec2a6f7cddbae789a5315e181e13d065d85a628?s=48&d=mm&r=g","96":"https:\/\/secure.gravatar.com\/avatar\/bdd68544648abe37cdec72d9fec2a6f7cddbae789a5315e181e13d065d85a628?s=96&d=mm&r=g"},"date":"2017-02-20T00:58:36","cld_nonce":"015d9540d6","content":{"rendered":"<p>Schau mal!<br \/>\n<a href=\"http:\/\/www.tomshardware.co.uk\/answers\/id-3282185\/ryzen-laptops.html\" rel=\"nofollow ugc\">http:\/\/www.tomshardware.co.uk\/answers\/id-3282185\/ryzen-laptops.html<\/a><\/p>\n"},"status":"1"}],"wp_author":{"id":2550,"name":"MAX","description":"Begeisterter Technik-Enthusiast, der aktuell zwei Welten vereint. Windows auf PC sowie Xbox und iOS auf dem iPhone, als auch auf dem iPad. Gespaltene Pers\u00f6nlichkeit w\u00fcrde ich sagen. ;)","author_avatar_urls":{"24":"https:\/\/secure.gravatar.com\/avatar\/0a924a9e0119dd457d49c2eb1fa27ade332376ba6138336743cdd8c221e4a3a3?s=24&d=mm&r=g","48":"https:\/\/secure.gravatar.com\/avatar\/0a924a9e0119dd457d49c2eb1fa27ade332376ba6138336743cdd8c221e4a3a3?s=48&d=mm&r=g","96":"https:\/\/secure.gravatar.com\/avatar\/0a924a9e0119dd457d49c2eb1fa27ade332376ba6138336743cdd8c221e4a3a3?s=96&d=mm&r=g"}},"cld_nonce":"015d9540d6","yoast_head":"<!-- This site is optimized with the Yoast SEO Premium plugin v27.5 (Yoast SEO v27.5) - https:\/\/yoast.com\/product\/yoast-seo-premium-wordpress\/ -->\n<title>AMD Ryzen - Erste Bilder der CPU und des Dies - Deskmodder.de<\/title>\n<meta name=\"description\" content=\"Auf der ISSCC zeigte AMD erstmals den neuen Ryzen Prozessor sowie den Aufbau des Ryzen-Dies. Auch zeigten sie ein Bild des Core Complex.\" \/>\n<meta name=\"robots\" content=\"index, follow, max-snippet:-1, max-image-preview:large, max-video-preview:-1\" \/>\n<link rel=\"canonical\" href=\"https:\/\/www.deskmodder.de\/blog\/2017\/02\/17\/amd-ryzen-erste-bilder-der-cpu-und-des-dies\/\" \/>\n<meta property=\"og:locale\" content=\"de_DE\" \/>\n<meta property=\"og:type\" content=\"article\" \/>\n<meta property=\"og:title\" content=\"AMD Ryzen - Erste Bilder der CPU und des Dies\" \/>\n<meta property=\"og:description\" content=\"Auf der ISSCC zeigte AMD erstmals den neuen Ryzen Prozessor sowie den Aufbau des Ryzen-Dies. Auch zeigten sie ein Bild des Core Complex.\" \/>\n<meta property=\"og:url\" content=\"https:\/\/www.deskmodder.de\/blog\/2017\/02\/17\/amd-ryzen-erste-bilder-der-cpu-und-des-dies\/\" \/>\n<meta property=\"og:site_name\" content=\"Deskmodder.de\" \/>\n<meta property=\"article:publisher\" content=\"https:\/\/www.facebook.com\/Deskmodder\" \/>\n<meta property=\"article:published_time\" content=\"2017-02-17T21:31:03+00:00\" \/>\n<meta property=\"og:image\" content=\"https:\/\/www.deskmodder.de\/blog\/wp-content\/uploads\/2017\/02\/amd-ryzen-700x200.jpg\" \/>\n\t<meta property=\"og:image:width\" content=\"700\" \/>\n\t<meta property=\"og:image:height\" content=\"200\" \/>\n\t<meta property=\"og:image:type\" content=\"image\/jpeg\" \/>\n<meta name=\"author\" content=\"MAX\" \/>\n<meta name=\"twitter:card\" content=\"summary_large_image\" \/>\n<meta name=\"twitter:creator\" content=\"@themximum\" \/>\n<meta name=\"twitter:site\" content=\"@Deskmodder\" \/>\n<script type=\"application\/ld+json\" class=\"yoast-schema-graph\">{\"@context\":\"https:\\\/\\\/schema.org\",\"@graph\":[{\"@type\":\"Article\",\"@id\":\"https:\\\/\\\/www.deskmodder.de\\\/blog\\\/2017\\\/02\\\/17\\\/amd-ryzen-erste-bilder-der-cpu-und-des-dies\\\/#article\",\"isPartOf\":{\"@id\":\"https:\\\/\\\/www.deskmodder.de\\\/blog\\\/2017\\\/02\\\/17\\\/amd-ryzen-erste-bilder-der-cpu-und-des-dies\\\/\"},\"author\":{\"name\":\"MAX\",\"@id\":\"https:\\\/\\\/www.deskmodder.de\\\/blog\\\/#\\\/schema\\\/person\\\/bd4b9506e83c661f1de1af925c726d7c\"},\"headline\":\"AMD Ryzen &#8211; Erste Bilder der CPU und des Dies\",\"datePublished\":\"2017-02-17T21:31:03+00:00\",\"mainEntityOfPage\":{\"@id\":\"https:\\\/\\\/www.deskmodder.de\\\/blog\\\/2017\\\/02\\\/17\\\/amd-ryzen-erste-bilder-der-cpu-und-des-dies\\\/\"},\"wordCount\":328,\"commentCount\":16,\"publisher\":{\"@id\":\"https:\\\/\\\/www.deskmodder.de\\\/blog\\\/#organization\"},\"image\":{\"@id\":\"https:\\\/\\\/www.deskmodder.de\\\/blog\\\/2017\\\/02\\\/17\\\/amd-ryzen-erste-bilder-der-cpu-und-des-dies\\\/#primaryimage\"},\"thumbnailUrl\":\"https:\\\/\\\/www.deskmodder.de\\\/blog\\\/wp-content\\\/uploads\\\/2017\\\/02\\\/amd-ryzen-700x200.jpg\",\"keywords\":[\"AMD\",\"Aufbau\",\"CCX\",\"Core Complex\",\"CPU\",\"Die\",\"Prozessor\",\"Ryzen\"],\"articleSection\":[\"Hardware\"],\"inLanguage\":\"de\",\"potentialAction\":[{\"@type\":\"CommentAction\",\"name\":\"Comment\",\"target\":[\"https:\\\/\\\/www.deskmodder.de\\\/blog\\\/2017\\\/02\\\/17\\\/amd-ryzen-erste-bilder-der-cpu-und-des-dies\\\/#respond\"]}],\"copyrightYear\":\"2017\",\"copyrightHolder\":{\"@id\":\"https:\\\/\\\/www.deskmodder.de\\\/blog\\\/#organization\"}},{\"@type\":\"WebPage\",\"@id\":\"https:\\\/\\\/www.deskmodder.de\\\/blog\\\/2017\\\/02\\\/17\\\/amd-ryzen-erste-bilder-der-cpu-und-des-dies\\\/\",\"url\":\"https:\\\/\\\/www.deskmodder.de\\\/blog\\\/2017\\\/02\\\/17\\\/amd-ryzen-erste-bilder-der-cpu-und-des-dies\\\/\",\"name\":\"AMD Ryzen - Erste Bilder der CPU und des Dies - Deskmodder.de\",\"isPartOf\":{\"@id\":\"https:\\\/\\\/www.deskmodder.de\\\/blog\\\/#website\"},\"primaryImageOfPage\":{\"@id\":\"https:\\\/\\\/www.deskmodder.de\\\/blog\\\/2017\\\/02\\\/17\\\/amd-ryzen-erste-bilder-der-cpu-und-des-dies\\\/#primaryimage\"},\"image\":{\"@id\":\"https:\\\/\\\/www.deskmodder.de\\\/blog\\\/2017\\\/02\\\/17\\\/amd-ryzen-erste-bilder-der-cpu-und-des-dies\\\/#primaryimage\"},\"thumbnailUrl\":\"https:\\\/\\\/www.deskmodder.de\\\/blog\\\/wp-content\\\/uploads\\\/2017\\\/02\\\/amd-ryzen-700x200.jpg\",\"datePublished\":\"2017-02-17T21:31:03+00:00\",\"description\":\"Auf der ISSCC zeigte AMD erstmals den neuen Ryzen Prozessor sowie den Aufbau des Ryzen-Dies. Auch zeigten sie ein Bild des Core Complex.\",\"breadcrumb\":{\"@id\":\"https:\\\/\\\/www.deskmodder.de\\\/blog\\\/2017\\\/02\\\/17\\\/amd-ryzen-erste-bilder-der-cpu-und-des-dies\\\/#breadcrumb\"},\"inLanguage\":\"de\",\"potentialAction\":[{\"@type\":\"ReadAction\",\"target\":[\"https:\\\/\\\/www.deskmodder.de\\\/blog\\\/2017\\\/02\\\/17\\\/amd-ryzen-erste-bilder-der-cpu-und-des-dies\\\/\"]}]},{\"@type\":\"ImageObject\",\"inLanguage\":\"de\",\"@id\":\"https:\\\/\\\/www.deskmodder.de\\\/blog\\\/2017\\\/02\\\/17\\\/amd-ryzen-erste-bilder-der-cpu-und-des-dies\\\/#primaryimage\",\"url\":\"https:\\\/\\\/www.deskmodder.de\\\/blog\\\/wp-content\\\/uploads\\\/2017\\\/02\\\/amd-ryzen-700x200.jpg\",\"contentUrl\":\"https:\\\/\\\/www.deskmodder.de\\\/blog\\\/wp-content\\\/uploads\\\/2017\\\/02\\\/amd-ryzen-700x200.jpg\",\"width\":700,\"height\":200},{\"@type\":\"BreadcrumbList\",\"@id\":\"https:\\\/\\\/www.deskmodder.de\\\/blog\\\/2017\\\/02\\\/17\\\/amd-ryzen-erste-bilder-der-cpu-und-des-dies\\\/#breadcrumb\",\"itemListElement\":[{\"@type\":\"ListItem\",\"position\":1,\"name\":\"Startseite\",\"item\":\"https:\\\/\\\/www.deskmodder.de\\\/blog\\\/\"},{\"@type\":\"ListItem\",\"position\":2,\"name\":\"AMD Ryzen &#8211; Erste Bilder der CPU und des Dies\"}]},{\"@type\":\"WebSite\",\"@id\":\"https:\\\/\\\/www.deskmodder.de\\\/blog\\\/#website\",\"url\":\"https:\\\/\\\/www.deskmodder.de\\\/blog\\\/\",\"name\":\"Deskmodder.de\",\"description\":\"News zum Thema Microsoft, Windows 11 \\\/ 10, sowie anderen Neuigkeiten aus dem Netz, viele Tipps und individuelle Hilfe bei Problemen in unserem Forum \u25cf Deskmodder - seit 2003\",\"publisher\":{\"@id\":\"https:\\\/\\\/www.deskmodder.de\\\/blog\\\/#organization\"},\"potentialAction\":[{\"@type\":\"SearchAction\",\"target\":{\"@type\":\"EntryPoint\",\"urlTemplate\":\"https:\\\/\\\/www.deskmodder.de\\\/blog\\\/?s={search_term_string}\"},\"query-input\":{\"@type\":\"PropertyValueSpecification\",\"valueRequired\":true,\"valueName\":\"search_term_string\"}}],\"inLanguage\":\"de\"},{\"@type\":\"Organization\",\"@id\":\"https:\\\/\\\/www.deskmodder.de\\\/blog\\\/#organization\",\"name\":\"Deskmodder\",\"url\":\"https:\\\/\\\/www.deskmodder.de\\\/blog\\\/\",\"logo\":{\"@type\":\"ImageObject\",\"inLanguage\":\"de\",\"@id\":\"https:\\\/\\\/www.deskmodder.de\\\/blog\\\/#\\\/schema\\\/logo\\\/image\\\/\",\"url\":\"https:\\\/\\\/www.deskmodder.de\\\/blog\\\/wp-content\\\/uploads\\\/2019\\\/01\\\/deskmodder-logo-app.png\",\"contentUrl\":\"https:\\\/\\\/www.deskmodder.de\\\/blog\\\/wp-content\\\/uploads\\\/2019\\\/01\\\/deskmodder-logo-app.png\",\"width\":281,\"height\":286,\"caption\":\"Deskmodder\"},\"image\":{\"@id\":\"https:\\\/\\\/www.deskmodder.de\\\/blog\\\/#\\\/schema\\\/logo\\\/image\\\/\"},\"sameAs\":[\"https:\\\/\\\/www.facebook.com\\\/Deskmodder\",\"https:\\\/\\\/x.com\\\/Deskmodder\",\"https:\\\/\\\/mastodontech.de\\\/@Deskmodder\",\"https:\\\/\\\/www.youtube.com\\\/user\\\/deskmodder\",\"https:\\\/\\\/mewe.com\\\/group\\\/5c83b5231add826fc80cdae1\"]},{\"@type\":\"Person\",\"@id\":\"https:\\\/\\\/www.deskmodder.de\\\/blog\\\/#\\\/schema\\\/person\\\/bd4b9506e83c661f1de1af925c726d7c\",\"name\":\"MAX\",\"image\":{\"@type\":\"ImageObject\",\"inLanguage\":\"de\",\"@id\":\"https:\\\/\\\/secure.gravatar.com\\\/avatar\\\/0a924a9e0119dd457d49c2eb1fa27ade332376ba6138336743cdd8c221e4a3a3?s=96&d=mm&r=g\",\"url\":\"https:\\\/\\\/secure.gravatar.com\\\/avatar\\\/0a924a9e0119dd457d49c2eb1fa27ade332376ba6138336743cdd8c221e4a3a3?s=96&d=mm&r=g\",\"contentUrl\":\"https:\\\/\\\/secure.gravatar.com\\\/avatar\\\/0a924a9e0119dd457d49c2eb1fa27ade332376ba6138336743cdd8c221e4a3a3?s=96&d=mm&r=g\",\"caption\":\"MAX\"},\"description\":\"Begeisterter Technik-Enthusiast, der aktuell zwei Welten vereint. Windows auf PC sowie Xbox und iOS auf dem iPhone, als auch auf dem iPad. Gespaltene Pers\u00f6nlichkeit w\u00fcrde ich sagen. ;)\",\"sameAs\":[\"https:\\\/\\\/www.instagram.com\\\/themximum\\\/\",\"https:\\\/\\\/x.com\\\/themximum\"],\"url\":\"https:\\\/\\\/www.deskmodder.de\\\/blog\\\/author\\\/max\\\/\"}]}<\/script>\n<!-- \/ Yoast SEO Premium plugin. -->","yoast_head_json":{"title":"AMD Ryzen - Erste Bilder der CPU und des Dies - Deskmodder.de","description":"Auf der ISSCC zeigte AMD erstmals den neuen Ryzen Prozessor sowie den Aufbau des Ryzen-Dies. Auch zeigten sie ein Bild des Core Complex.","robots":{"index":"index","follow":"follow","max-snippet":"max-snippet:-1","max-image-preview":"max-image-preview:large","max-video-preview":"max-video-preview:-1"},"canonical":"https:\/\/www.deskmodder.de\/blog\/2017\/02\/17\/amd-ryzen-erste-bilder-der-cpu-und-des-dies\/","og_locale":"de_DE","og_type":"article","og_title":"AMD Ryzen - Erste Bilder der CPU und des Dies","og_description":"Auf der ISSCC zeigte AMD erstmals den neuen Ryzen Prozessor sowie den Aufbau des Ryzen-Dies. Auch zeigten sie ein Bild des Core Complex.","og_url":"https:\/\/www.deskmodder.de\/blog\/2017\/02\/17\/amd-ryzen-erste-bilder-der-cpu-und-des-dies\/","og_site_name":"Deskmodder.de","article_publisher":"https:\/\/www.facebook.com\/Deskmodder","article_published_time":"2017-02-17T21:31:03+00:00","og_image":[{"width":700,"height":200,"url":"https:\/\/www.deskmodder.de\/blog\/wp-content\/uploads\/2017\/02\/amd-ryzen-700x200.jpg","type":"image\/jpeg"}],"author":"MAX","twitter_card":"summary_large_image","twitter_creator":"@themximum","twitter_site":"@Deskmodder","schema":{"@context":"https:\/\/schema.org","@graph":[{"@type":"Article","@id":"https:\/\/www.deskmodder.de\/blog\/2017\/02\/17\/amd-ryzen-erste-bilder-der-cpu-und-des-dies\/#article","isPartOf":{"@id":"https:\/\/www.deskmodder.de\/blog\/2017\/02\/17\/amd-ryzen-erste-bilder-der-cpu-und-des-dies\/"},"author":{"name":"MAX","@id":"https:\/\/www.deskmodder.de\/blog\/#\/schema\/person\/bd4b9506e83c661f1de1af925c726d7c"},"headline":"AMD Ryzen &#8211; Erste Bilder der CPU und des Dies","datePublished":"2017-02-17T21:31:03+00:00","mainEntityOfPage":{"@id":"https:\/\/www.deskmodder.de\/blog\/2017\/02\/17\/amd-ryzen-erste-bilder-der-cpu-und-des-dies\/"},"wordCount":328,"commentCount":16,"publisher":{"@id":"https:\/\/www.deskmodder.de\/blog\/#organization"},"image":{"@id":"https:\/\/www.deskmodder.de\/blog\/2017\/02\/17\/amd-ryzen-erste-bilder-der-cpu-und-des-dies\/#primaryimage"},"thumbnailUrl":"https:\/\/www.deskmodder.de\/blog\/wp-content\/uploads\/2017\/02\/amd-ryzen-700x200.jpg","keywords":["AMD","Aufbau","CCX","Core Complex","CPU","Die","Prozessor","Ryzen"],"articleSection":["Hardware"],"inLanguage":"de","potentialAction":[{"@type":"CommentAction","name":"Comment","target":["https:\/\/www.deskmodder.de\/blog\/2017\/02\/17\/amd-ryzen-erste-bilder-der-cpu-und-des-dies\/#respond"]}],"copyrightYear":"2017","copyrightHolder":{"@id":"https:\/\/www.deskmodder.de\/blog\/#organization"}},{"@type":"WebPage","@id":"https:\/\/www.deskmodder.de\/blog\/2017\/02\/17\/amd-ryzen-erste-bilder-der-cpu-und-des-dies\/","url":"https:\/\/www.deskmodder.de\/blog\/2017\/02\/17\/amd-ryzen-erste-bilder-der-cpu-und-des-dies\/","name":"AMD Ryzen - Erste Bilder der CPU und des Dies - Deskmodder.de","isPartOf":{"@id":"https:\/\/www.deskmodder.de\/blog\/#website"},"primaryImageOfPage":{"@id":"https:\/\/www.deskmodder.de\/blog\/2017\/02\/17\/amd-ryzen-erste-bilder-der-cpu-und-des-dies\/#primaryimage"},"image":{"@id":"https:\/\/www.deskmodder.de\/blog\/2017\/02\/17\/amd-ryzen-erste-bilder-der-cpu-und-des-dies\/#primaryimage"},"thumbnailUrl":"https:\/\/www.deskmodder.de\/blog\/wp-content\/uploads\/2017\/02\/amd-ryzen-700x200.jpg","datePublished":"2017-02-17T21:31:03+00:00","description":"Auf der ISSCC zeigte AMD erstmals den neuen Ryzen Prozessor sowie den Aufbau des Ryzen-Dies. Auch zeigten sie ein Bild des Core Complex.","breadcrumb":{"@id":"https:\/\/www.deskmodder.de\/blog\/2017\/02\/17\/amd-ryzen-erste-bilder-der-cpu-und-des-dies\/#breadcrumb"},"inLanguage":"de","potentialAction":[{"@type":"ReadAction","target":["https:\/\/www.deskmodder.de\/blog\/2017\/02\/17\/amd-ryzen-erste-bilder-der-cpu-und-des-dies\/"]}]},{"@type":"ImageObject","inLanguage":"de","@id":"https:\/\/www.deskmodder.de\/blog\/2017\/02\/17\/amd-ryzen-erste-bilder-der-cpu-und-des-dies\/#primaryimage","url":"https:\/\/www.deskmodder.de\/blog\/wp-content\/uploads\/2017\/02\/amd-ryzen-700x200.jpg","contentUrl":"https:\/\/www.deskmodder.de\/blog\/wp-content\/uploads\/2017\/02\/amd-ryzen-700x200.jpg","width":700,"height":200},{"@type":"BreadcrumbList","@id":"https:\/\/www.deskmodder.de\/blog\/2017\/02\/17\/amd-ryzen-erste-bilder-der-cpu-und-des-dies\/#breadcrumb","itemListElement":[{"@type":"ListItem","position":1,"name":"Startseite","item":"https:\/\/www.deskmodder.de\/blog\/"},{"@type":"ListItem","position":2,"name":"AMD Ryzen &#8211; Erste Bilder der CPU und des Dies"}]},{"@type":"WebSite","@id":"https:\/\/www.deskmodder.de\/blog\/#website","url":"https:\/\/www.deskmodder.de\/blog\/","name":"Deskmodder.de","description":"News zum Thema Microsoft, Windows 11 \/ 10, sowie anderen Neuigkeiten aus dem Netz, viele Tipps und individuelle Hilfe bei Problemen in unserem Forum \u25cf Deskmodder - seit 2003","publisher":{"@id":"https:\/\/www.deskmodder.de\/blog\/#organization"},"potentialAction":[{"@type":"SearchAction","target":{"@type":"EntryPoint","urlTemplate":"https:\/\/www.deskmodder.de\/blog\/?s={search_term_string}"},"query-input":{"@type":"PropertyValueSpecification","valueRequired":true,"valueName":"search_term_string"}}],"inLanguage":"de"},{"@type":"Organization","@id":"https:\/\/www.deskmodder.de\/blog\/#organization","name":"Deskmodder","url":"https:\/\/www.deskmodder.de\/blog\/","logo":{"@type":"ImageObject","inLanguage":"de","@id":"https:\/\/www.deskmodder.de\/blog\/#\/schema\/logo\/image\/","url":"https:\/\/www.deskmodder.de\/blog\/wp-content\/uploads\/2019\/01\/deskmodder-logo-app.png","contentUrl":"https:\/\/www.deskmodder.de\/blog\/wp-content\/uploads\/2019\/01\/deskmodder-logo-app.png","width":281,"height":286,"caption":"Deskmodder"},"image":{"@id":"https:\/\/www.deskmodder.de\/blog\/#\/schema\/logo\/image\/"},"sameAs":["https:\/\/www.facebook.com\/Deskmodder","https:\/\/x.com\/Deskmodder","https:\/\/mastodontech.de\/@Deskmodder","https:\/\/www.youtube.com\/user\/deskmodder","https:\/\/mewe.com\/group\/5c83b5231add826fc80cdae1"]},{"@type":"Person","@id":"https:\/\/www.deskmodder.de\/blog\/#\/schema\/person\/bd4b9506e83c661f1de1af925c726d7c","name":"MAX","image":{"@type":"ImageObject","inLanguage":"de","@id":"https:\/\/secure.gravatar.com\/avatar\/0a924a9e0119dd457d49c2eb1fa27ade332376ba6138336743cdd8c221e4a3a3?s=96&d=mm&r=g","url":"https:\/\/secure.gravatar.com\/avatar\/0a924a9e0119dd457d49c2eb1fa27ade332376ba6138336743cdd8c221e4a3a3?s=96&d=mm&r=g","contentUrl":"https:\/\/secure.gravatar.com\/avatar\/0a924a9e0119dd457d49c2eb1fa27ade332376ba6138336743cdd8c221e4a3a3?s=96&d=mm&r=g","caption":"MAX"},"description":"Begeisterter Technik-Enthusiast, der aktuell zwei Welten vereint. Windows auf PC sowie Xbox und iOS auf dem iPhone, als auch auf dem iPad. Gespaltene Pers\u00f6nlichkeit w\u00fcrde ich sagen. ;)","sameAs":["https:\/\/www.instagram.com\/themximum\/","https:\/\/x.com\/themximum"],"url":"https:\/\/www.deskmodder.de\/blog\/author\/max\/"}]}},"jetpack_publicize_connections":[],"jetpack_featured_media_url":"https:\/\/www.deskmodder.de\/blog\/wp-content\/uploads\/2017\/02\/amd-ryzen-700x200.jpg","_links":{"self":[{"href":"https:\/\/www.deskmodder.de\/blog\/wp-json\/wp\/v2\/posts\/80028","targetHints":{"allow":["GET"]}}],"collection":[{"href":"https:\/\/www.deskmodder.de\/blog\/wp-json\/wp\/v2\/posts"}],"about":[{"href":"https:\/\/www.deskmodder.de\/blog\/wp-json\/wp\/v2\/types\/post"}],"author":[{"embeddable":true,"href":"https:\/\/www.deskmodder.de\/blog\/wp-json\/wp\/v2\/users\/2550"}],"replies":[{"embeddable":true,"href":"https:\/\/www.deskmodder.de\/blog\/wp-json\/wp\/v2\/comments?post=80028"}],"version-history":[{"count":0,"href":"https:\/\/www.deskmodder.de\/blog\/wp-json\/wp\/v2\/posts\/80028\/revisions"}],"wp:featuredmedia":[{"embeddable":true,"href":"https:\/\/www.deskmodder.de\/blog\/wp-json\/wp\/v2\/media\/79517"}],"wp:attachment":[{"href":"https:\/\/www.deskmodder.de\/blog\/wp-json\/wp\/v2\/media?parent=80028"}],"wp:term":[{"taxonomy":"category","embeddable":true,"href":"https:\/\/www.deskmodder.de\/blog\/wp-json\/wp\/v2\/categories?post=80028"},{"taxonomy":"post_tag","embeddable":true,"href":"https:\/\/www.deskmodder.de\/blog\/wp-json\/wp\/v2\/tags?post=80028"}],"curies":[{"name":"wp","href":"https:\/\/api.w.org\/{rel}","templated":true}]}}