{"id":78271,"date":"2017-01-13T15:38:15","date_gmt":"2017-01-13T14:38:15","guid":{"rendered":"https:\/\/www.deskmodder.de\/blog\/?p=78271"},"modified":"2023-01-14T16:25:36","modified_gmt":"2023-01-14T15:25:36","slug":"microsoft-macht-windows-7-madig","status":"publish","type":"post","link":"https:\/\/www.deskmodder.de\/blog\/2017\/01\/13\/microsoft-macht-windows-7-madig\/","title":{"rendered":"Microsoft macht Windows 7 madig"},"content":{"rendered":"<blockquote class=\"quote_border_top\">\"Heute kann Windows 7 nicht mehr mit den gestiegenen Sicherheitsanforderungen mithalten.\u00a0Vielmehr sorgt es f\u00fcr h\u00f6here Betriebskosten [&#8230;].\u00a0Windows 7 basiert auf l\u00e4ngst veralteten Sicherheitsarchitekturen. Drei Jahre vor dem Support-Ende sollten sich somit insbesondere Firmenkunden rechtzeitig mit dem Wechsel auf ein modernes Betriebssystem besch\u00e4ftigen. Unternehmen wie Anwender, die mit ihren sensiblen Daten noch in drei Jahren auf Windows 7 unterwegs sind, sehen sich enormen Gefahren ausgesetzt. Bereits heute muss praktisch jedes Unternehmen mit Cyber-Angriffen rechnen [&#8230;].\"<\/blockquote>\n<p>Unter anderem mit diesen Worten l\u00e4utete Microsoft heute das Ende von Windows 7 ein.\u00a0Der Text klingt beinahe, als w\u00e4re Windows 7 aktuell eines der gr\u00f6\u00dften Sicherheitsrisiken \u00fcberhaupt und man sollte besser gestern als heute die Finger vom derzeit beliebtesten Microsoft-Betriebssystem lassen. Doch das wird Windows 7 \u00fcberhaupt nicht gerecht &#8211; es ist nach wie vor sicher. Und es wird auch noch drei Jahre und einen Tag mit frischen Updates versorgt.<\/p>\n<p>Eine Erinnerung zum Support-Ende im Jahr 2020 h\u00e4tte man seitens Microsoft auch neutraler schreiben k\u00f6nnen. Stattdessen\u00a0stellt man Windows 7 jetzt offenbar besonders schlecht dar, weil die Marktanteile von Windows 10 weit hinter den Erwartungen zur\u00fcck sind. Denn Windows 7 bringt nicht fortlaufend Geld &#8211; mit Windows 10 hat man dagegen einen Store als Goldgrube geschaffen.<\/p>\n<p><a href=\"https:\/\/www.deskmodder.de\/blog\/wp-content\/uploads\/2015\/07\/windows-1-10-alle-verpackungen-009.jpg\" rel=\"lightbox[78271]\"><img loading=\"lazy\" decoding=\"async\" class=\"aligncenter size-full wp-image-48667\" src=\"https:\/\/www.deskmodder.de\/blog\/wp-content\/uploads\/2015\/07\/windows-1-10-alle-verpackungen-009.jpg\" alt=\"\" width=\"600\" height=\"337\" \/><\/a><\/p>\n<p>Als Privatperson sollte man sich jetzt noch lange nicht verr\u00fcckt machen. Microsoft sollte viel lieber mal so prominent auf das <a href=\"https:\/\/www.deskmodder.de\/blog\/2016\/12\/31\/erinnerung-erweiterter-support-fuer-windows-vista-endet-naechstes-jahr\/\" target=\"_blank\" rel=\"noopener\">Support-Ende von Windows Vista<\/a> hinweisen. Denn das sind diejenigen Nutzer, die langsam aber sicher wirklich betroffen sind.<\/p>\n<div class=\"quelle\">Quelle: <a href=\"http:\/\/news.microsoft.com\/de-de\/early-goodbye-windows-7-support-endet-drei-jahren\/#sm.000003m6ovc1j8enwyke3n72ec1ub#hP8ukW7CcEzWlP4m.97\" target=\"_blank\" rel=\"noopener\">Microsoft<\/a><\/div>\n","protected":false},"excerpt":{"rendered":"<p>Unter anderem mit diesen Worten l\u00e4utete Microsoft heute das Ende von Windows 7 ein.\u00a0Der Text klingt beinahe, als w\u00e4re Windows 7 aktuell eines der gr\u00f6\u00dften Sicherheitsrisiken \u00fcberhaupt und man sollte besser gestern als heute die Finger vom derzeit beliebtesten Microsoft-Betriebssystem&hellip; <\/p>\n","protected":false},"author":1525,"featured_media":53260,"comment_status":"open","ping_status":"open","sticky":false,"template":"","format":"standard","meta":{"jetpack_post_was_ever_published":false,"footnotes":"","jetpack_publicize_message":"","jetpack_publicize_feature_enabled":true,"jetpack_social_post_already_shared":true,"jetpack_social_options":{"image_generator_settings":{"template":"highway","default_image_id":0,"font":"","enabled":false},"version":2}},"categories":[1,11],"tags":[5939,15770,603,14],"class_list":["post-78271","post","type-post","status-publish","format-standard","has-post-thumbnail","hentry","category-allgemein","category-windows","tag-5939","tag-lifecycle","tag-support","tag-windows-7-2"],"wp_featured_image":{"id":53260,"alt_text":"","description":"","media_type":"image","media_details":{"width":480,"height":360,"file":"2015\/09\/Windows_7.png","sizes":{"thumbnail":{"file":"Windows_7-250x180.png","width":250,"height":180,"mime-type":"image\/png","source_url":"https:\/\/www.deskmodder.de\/blog\/wp-content\/uploads\/2015\/09\/Windows_7-250x180.png"},"medium":{"file":"Windows_7-500x360.png","width":500,"height":360,"mime-type":"image\/png","source_url":"https:\/\/www.deskmodder.de\/blog\/wp-content\/uploads\/2015\/09\/Windows_7-500x360.png"},"large":{"file":"Windows_7-700x504.png","width":700,"height":504,"mime-type":"image\/png","source_url":"https:\/\/www.deskmodder.de\/blog\/wp-content\/uploads\/2015\/09\/Windows_7-700x504.png"},"wp_review_large":{"file":"Windows_7-320x200.png","width":320,"height":200,"mime-type":"image\/png","source_url":"https:\/\/www.deskmodder.de\/blog\/wp-content\/uploads\/2015\/09\/Windows_7-320x200.png"},"wp_review_small":{"file":"Windows_7-65x65.png","width":65,"height":65,"mime-type":"image\/png","source_url":"https:\/\/www.deskmodder.de\/blog\/wp-content\/uploads\/2015\/09\/Windows_7-65x65.png"},"wp_rp_thumbnail":{"file":"Windows_7-150x150.png","width":150,"height":150,"mime-type":"image\/png","source_url":"https:\/\/www.deskmodder.de\/blog\/wp-content\/uploads\/2015\/09\/Windows_7-150x150.png"}},"image_meta":{"aperture":0,"credit":"","camera":"","caption":"","created_timestamp":0,"copyright":"","focal_length":0,"iso":0,"shutter_speed":0,"title":"","orientation":0}},"post":53255,"source_url":"https:\/\/www.deskmodder.de\/blog\/wp-content\/uploads\/2015\/09\/Windows_7.png"},"commentcount":24,"wp_comments":[{"id":42228,"parent":0,"author":0,"author_name":"Johnny","author_email":"johnny_knoe@ovi.com","author_url":"","author_avatar_urls":{"24":"https:\/\/secure.gravatar.com\/avatar\/30a380b583b789f69c89ec47e286b740311153a8b6e4a933e90096614865ac3c?s=24&d=mm&r=g","48":"https:\/\/secure.gravatar.com\/avatar\/30a380b583b789f69c89ec47e286b740311153a8b6e4a933e90096614865ac3c?s=48&d=mm&r=g","96":"https:\/\/secure.gravatar.com\/avatar\/30a380b583b789f69c89ec47e286b740311153a8b6e4a933e90096614865ac3c?s=96&d=mm&r=g"},"date":"2017-01-13T15:52:10","cld_nonce":"fccbb51e44","content":{"rendered":"<p>Komischer Kommentar. Nichts aus dem XP Desaster gelernt, wo millionen Nutzer das n\u00f6tige Update bis zum allerletzten Augenblick ausgereizt bzw. \u00fcberreizt haben? Das soll mit W7 nicht noch einmal passieren. Von daher gebe ich MS Recht, die Kunden explizit darauf hinzuweisen, dass W7 einfach nur _alt_ ist und der Support in absehbarer Zeit ausl\u00e4uft.<\/p>\n"},"status":"1"},{"id":42229,"parent":0,"author":0,"author_name":"Schlaubi","author_email":"cumbala@gmx.net","author_url":"","author_avatar_urls":{"24":"https:\/\/secure.gravatar.com\/avatar\/1216f4d4240e858c049d59091b54c708648008163301bb5d431af496e10aefbd?s=24&d=mm&r=g","48":"https:\/\/secure.gravatar.com\/avatar\/1216f4d4240e858c049d59091b54c708648008163301bb5d431af496e10aefbd?s=48&d=mm&r=g","96":"https:\/\/secure.gravatar.com\/avatar\/1216f4d4240e858c049d59091b54c708648008163301bb5d431af496e10aefbd?s=96&d=mm&r=g"},"date":"2017-01-13T15:57:28","cld_nonce":"fccbb51e44","content":{"rendered":"<p>Da halte ich Windows-10 in einer Firmenumgebung f\u00fcr das weitaus gr\u00f6ssere Risiko insbesondere beim abschnorcheln von Daten die Microsoft rein gar nichts angehen.<\/p>\n"},"status":"1"},{"id":42230,"parent":42228,"author":1525,"author_name":"W8U","author_email":"windows-8-user@live.de","author_url":"","author_avatar_urls":{"24":"https:\/\/secure.gravatar.com\/avatar\/a1e9db99fdd71a9ae2c516203e3fcd390817fa98f868eb9ba6d4a77d1a815cd4?s=24&d=mm&r=g","48":"https:\/\/secure.gravatar.com\/avatar\/a1e9db99fdd71a9ae2c516203e3fcd390817fa98f868eb9ba6d4a77d1a815cd4?s=48&d=mm&r=g","96":"https:\/\/secure.gravatar.com\/avatar\/a1e9db99fdd71a9ae2c516203e3fcd390817fa98f868eb9ba6d4a77d1a815cd4?s=96&d=mm&r=g"},"date":"2017-01-13T16:00:30","cld_nonce":"fccbb51e44","content":{"rendered":"<p>Wenn sie nur schreiben w\u00fcrden, dass es &#8222;alt&#8220; ist und es in 3 Jahren Sicherheitsprobleme geben wird, w\u00e4re das ja vollkommen ok. Aber wenn du dir mal den kompletten Artikel von Microsoft hinter dem Quellenlink anschaust, wird recht schnell klar, dass man uns Windows 7 als Sicherheitsrisiko verkaufen will &#8211; und zwar schon heute.<\/p>\n"},"status":"1"},{"id":42239,"parent":42229,"author":0,"author_name":"Andreas","author_email":"andy@byom.de","author_url":"","author_avatar_urls":{"24":"https:\/\/secure.gravatar.com\/avatar\/bea85f47b6d15a18f22b88e2b90470e51008bc61bd5ca05bdcf55fb949e7c950?s=24&d=mm&r=g","48":"https:\/\/secure.gravatar.com\/avatar\/bea85f47b6d15a18f22b88e2b90470e51008bc61bd5ca05bdcf55fb949e7c950?s=48&d=mm&r=g","96":"https:\/\/secure.gravatar.com\/avatar\/bea85f47b6d15a18f22b88e2b90470e51008bc61bd5ca05bdcf55fb949e7c950?s=96&d=mm&r=g"},"date":"2017-01-13T17:26:47","cld_nonce":"fccbb51e44","content":{"rendered":"<p>Nicht nur in Firmenumgebungen.Auch als Privatnutzer musst Microsoft nicht alles wissen und Daten abgreifen.<\/p>\n"},"status":"1"},{"id":42243,"parent":0,"author":0,"author_name":"Just4Fun","author_email":"just4fun@gmx.de","author_url":"","author_avatar_urls":{"24":"https:\/\/secure.gravatar.com\/avatar\/c0fb0a83636df81327c5d1754f480d2f3420d22b9354c7752f100ccdc25e4c20?s=24&d=mm&r=g","48":"https:\/\/secure.gravatar.com\/avatar\/c0fb0a83636df81327c5d1754f480d2f3420d22b9354c7752f100ccdc25e4c20?s=48&d=mm&r=g","96":"https:\/\/secure.gravatar.com\/avatar\/c0fb0a83636df81327c5d1754f480d2f3420d22b9354c7752f100ccdc25e4c20?s=96&d=mm&r=g"},"date":"2017-01-13T18:06:22","cld_nonce":"fccbb51e44","content":{"rendered":"<p>Windows seven for ever&#8230;<\/p>\n"},"status":"1"},{"id":42246,"parent":0,"author":0,"author_name":"Peter Christian","author_email":"petercnowak@icloud.com","author_url":"","author_avatar_urls":{"24":"https:\/\/secure.gravatar.com\/avatar\/bdd68544648abe37cdec72d9fec2a6f7cddbae789a5315e181e13d065d85a628?s=24&d=mm&r=g","48":"https:\/\/secure.gravatar.com\/avatar\/bdd68544648abe37cdec72d9fec2a6f7cddbae789a5315e181e13d065d85a628?s=48&d=mm&r=g","96":"https:\/\/secure.gravatar.com\/avatar\/bdd68544648abe37cdec72d9fec2a6f7cddbae789a5315e181e13d065d85a628?s=96&d=mm&r=g"},"date":"2017-01-13T18:13:45","cld_nonce":"fccbb51e44","content":{"rendered":"<p>Ja genau, es geht Microsoft um den Marktanteil von Win10 in Relation zu Win7.<br \/>\nSchade, dass jemand aus der PR-Section den CEO&#8217;s zur Diffamierung eines bisher hervorragend laufenden Produktes geraten hat. Das war au\u00dferordentlich dumm. Denn Microsoft sollte wissen, dass solche Werbestrategien stets am Image eines globalagierenden Konzerns r\u00fctteln. Und: wer sich mal im FeedbackHub die Kommentare zu Windows10 anschaut, liest man mehr Misstrauen und Skepsis als von Akzeptanz. Es gilt, niemals seine Reputation durch solch durchsichtige Aktionen, wie Nestbeschmutzung, aufs Spiel setzen. Reputation gewinnt man nur durch Vertrauen seiner Kundschaft, die nun dazu gebracht werden, dass sie mit Win7 buchst\u00e4blich Mist gekauft haben. Und das kann doch nicht im Sinne eines seri\u00f6sen Konzerns sein.<br \/>\nW\u00e4re ich Chef eines solchen Unternehmens, w\u00fcrde ich mich sp\u00e4testens jetzt mal um meine Executives im Konzern k\u00fcmmern, die f\u00fcr so eine betriebssch\u00e4dliche Kommunikation verantwortlich zeichnen.<\/p>\n"},"status":"1"},{"id":42249,"parent":0,"author":0,"author_name":"Christian","author_email":"christian.gaeng@outlook.de","author_url":"","author_avatar_urls":{"24":"https:\/\/secure.gravatar.com\/avatar\/d66dc0ec341988eb86187cd0df52e57f300261170a486821e917752a310000f5?s=24&d=mm&r=g","48":"https:\/\/secure.gravatar.com\/avatar\/d66dc0ec341988eb86187cd0df52e57f300261170a486821e917752a310000f5?s=48&d=mm&r=g","96":"https:\/\/secure.gravatar.com\/avatar\/d66dc0ec341988eb86187cd0df52e57f300261170a486821e917752a310000f5?s=96&d=mm&r=g"},"date":"2017-01-13T18:44:47","cld_nonce":"fccbb51e44","content":{"rendered":"<p>Microsoft ist f\u00fcr den geringen Marktanteil von Windows 10 selbst verantwortlich. Durch eine grottenschlechte Informationspolitik und unfertige Produkte. Ich h\u00e4tte z.B. Edge so lange zur\u00fcckgehalten, bis er ann\u00e4hernd den Funktionsumfang von Firefox oder Chrome erheicht h\u00e4t.<br \/>\nIch selbst arbeite f\u00fcr eine untergeordnete Beh\u00f6rde des Bundesfamilienministeriums. Bei uns sind 1000 Windows 7 Pro Rechner im Einsatz. Das OS schnurrt wie eine Katze und l\u00e4uft ohne Probleme. Wenn man mal von dem etwas langsameren Start absieht.<\/p>\n"},"status":"1"},{"id":42255,"parent":0,"author":0,"author_name":"Andi","author_email":"akoerner@online.de","author_url":"","author_avatar_urls":{"24":"https:\/\/secure.gravatar.com\/avatar\/53b2b4482efef660f83e48feb8a968bf6c3b926198bebae0f8b34c4f1f773809?s=24&d=mm&r=g","48":"https:\/\/secure.gravatar.com\/avatar\/53b2b4482efef660f83e48feb8a968bf6c3b926198bebae0f8b34c4f1f773809?s=48&d=mm&r=g","96":"https:\/\/secure.gravatar.com\/avatar\/53b2b4482efef660f83e48feb8a968bf6c3b926198bebae0f8b34c4f1f773809?s=96&d=mm&r=g"},"date":"2017-01-13T19:50:39","cld_nonce":"fccbb51e44","content":{"rendered":"<p>Ich f\u00fcr meinen Teil bin wieder von Win 10 auf Win 7 zur\u00fcck. Mir ging die verspielte Oberfl\u00e4che von Win 10 auf den Keks. Und jetzt l\u00e4uft der Rechner auch wieder schneller.Der Start geht bei mir genau so schnell wie mit Win10.<br \/>\nUnd meines Erachtens sitzt das Sicherheitsproblem nach wie vor noch vor dem Rechner. <\/p>\n<p>Ansonsten mu\u00df ich Andreas recht geben das MS nicht mehr Daten abgreifen mu\u00df als notwendig<\/p>\n"},"status":"1"},{"id":42262,"parent":0,"author":0,"author_name":"Andreas","author_email":"andy@byom.de","author_url":"","author_avatar_urls":{"24":"https:\/\/secure.gravatar.com\/avatar\/bea85f47b6d15a18f22b88e2b90470e51008bc61bd5ca05bdcf55fb949e7c950?s=24&d=mm&r=g","48":"https:\/\/secure.gravatar.com\/avatar\/bea85f47b6d15a18f22b88e2b90470e51008bc61bd5ca05bdcf55fb949e7c950?s=48&d=mm&r=g","96":"https:\/\/secure.gravatar.com\/avatar\/bea85f47b6d15a18f22b88e2b90470e51008bc61bd5ca05bdcf55fb949e7c950?s=96&d=mm&r=g"},"date":"2017-01-13T20:47:28","cld_nonce":"fccbb51e44","content":{"rendered":"<p>@Andi Danke f\u00fcrs Recht geben.<\/p>\n"},"status":"1"},{"id":42288,"parent":0,"author":0,"author_name":"Herr Hugo","author_email":"hugohilter@t-online.de","author_url":"","author_avatar_urls":{"24":"https:\/\/secure.gravatar.com\/avatar\/dc5176746c873787fa3f8df5f9bdfbd2f7688721f771100eb4d7b4e82e2d655b?s=24&d=mm&r=g","48":"https:\/\/secure.gravatar.com\/avatar\/dc5176746c873787fa3f8df5f9bdfbd2f7688721f771100eb4d7b4e82e2d655b?s=48&d=mm&r=g","96":"https:\/\/secure.gravatar.com\/avatar\/dc5176746c873787fa3f8df5f9bdfbd2f7688721f771100eb4d7b4e82e2d655b?s=96&d=mm&r=g"},"date":"2017-01-13T23:52:01","cld_nonce":"fccbb51e44","content":{"rendered":"<p>\u00c4\u00e4\u00e4h &#8211; was MS zu ieinem seiner OS sagt oder meint, das ist f\u00fcr mich doch wie in den Wind gesprochen. Ich nutze auch haupts\u00e4chlich Win7 und halte mich \u00fcber Win10 auf dem laufenden &#8211; aber sicher nicht auf deren Websites.<\/p>\n"},"status":"1"},{"id":42345,"parent":0,"author":0,"author_name":"Thomas","author_email":"powerhund@fn.de","author_url":"","author_avatar_urls":{"24":"https:\/\/secure.gravatar.com\/avatar\/bb8bab52d7ad4bea3609cf9f50a6954cb920a08b42f108f685bdda3a4ab8b486?s=24&d=mm&r=g","48":"https:\/\/secure.gravatar.com\/avatar\/bb8bab52d7ad4bea3609cf9f50a6954cb920a08b42f108f685bdda3a4ab8b486?s=48&d=mm&r=g","96":"https:\/\/secure.gravatar.com\/avatar\/bb8bab52d7ad4bea3609cf9f50a6954cb920a08b42f108f685bdda3a4ab8b486?s=96&d=mm&r=g"},"date":"2017-01-14T16:23:18","cld_nonce":"fccbb51e44","content":{"rendered":"<p>Ich f\u00fcr mein teil kann Windows 10 nichts gutes abgewinnen und werde wohl auch bis 2020 dabei bleiben.Was dann kommtz wird sich ergeben.<\/p>\n"},"status":"1"},{"id":42372,"parent":0,"author":0,"author_name":"Janami25","author_email":"mirovb23@gmail.com","author_url":"","author_avatar_urls":{"24":"https:\/\/secure.gravatar.com\/avatar\/48f569d8dec591ae29df498900efdc8c685094a1d3f8d8df5fced7f0c075771a?s=24&d=mm&r=g","48":"https:\/\/secure.gravatar.com\/avatar\/48f569d8dec591ae29df498900efdc8c685094a1d3f8d8df5fced7f0c075771a?s=48&d=mm&r=g","96":"https:\/\/secure.gravatar.com\/avatar\/48f569d8dec591ae29df498900efdc8c685094a1d3f8d8df5fced7f0c075771a?s=96&d=mm&r=g"},"date":"2017-01-15T14:32:06","cld_nonce":"fccbb51e44","content":{"rendered":"<p>Ein guter Artikel mit einem richtigen, guten Kommentar.<\/p>\n"},"status":"1"},{"id":42375,"parent":42249,"author":2564,"author_name":"Nemo_G","author_email":"guenter.niemann@arcor.de","author_url":"","author_avatar_urls":{"24":"https:\/\/secure.gravatar.com\/avatar\/1c7dc1e83f70168311f80d8c6dabdd6bc0e2819647b31be718aefbc97e5089dd?s=24&d=mm&r=g","48":"https:\/\/secure.gravatar.com\/avatar\/1c7dc1e83f70168311f80d8c6dabdd6bc0e2819647b31be718aefbc97e5089dd?s=48&d=mm&r=g","96":"https:\/\/secure.gravatar.com\/avatar\/1c7dc1e83f70168311f80d8c6dabdd6bc0e2819647b31be718aefbc97e5089dd?s=96&d=mm&r=g"},"date":"2017-01-15T16:00:28","cld_nonce":"fccbb51e44","content":{"rendered":"<p>Christian,<\/p>\n<p>Vielleicht an SSDs gegeizt?<\/p>\n<p>Gru\u00df, Nemo<\/p>\n"},"status":"1"},{"id":42376,"parent":42375,"author":0,"author_name":"Christian","author_email":"christian.gaeng@outlook.de","author_url":"","author_avatar_urls":{"24":"https:\/\/secure.gravatar.com\/avatar\/d66dc0ec341988eb86187cd0df52e57f300261170a486821e917752a310000f5?s=24&d=mm&r=g","48":"https:\/\/secure.gravatar.com\/avatar\/d66dc0ec341988eb86187cd0df52e57f300261170a486821e917752a310000f5?s=48&d=mm&r=g","96":"https:\/\/secure.gravatar.com\/avatar\/d66dc0ec341988eb86187cd0df52e57f300261170a486821e917752a310000f5?s=96&d=mm&r=g"},"date":"2017-01-15T16:48:30","cld_nonce":"fccbb51e44","content":{"rendered":"<p>Hast du eine Ahnung, wie lange Rechner in einer Beh\u00f6rde eingesetzt werden? Kann aber auch am Mainboard liegen, dass kein Fast Boot unterst\u00fctzt.<\/p>\n"},"status":"1"},{"id":42378,"parent":42249,"author":2371,"author_name":"Birkuli","author_email":"birkuli@t-online.de","author_url":"","author_avatar_urls":{"24":"https:\/\/secure.gravatar.com\/avatar\/779ab74708368fd5da13cb60a3093905cb0f2da05766b9cd0bb8b5249744b5a9?s=24&d=mm&r=g","48":"https:\/\/secure.gravatar.com\/avatar\/779ab74708368fd5da13cb60a3093905cb0f2da05766b9cd0bb8b5249744b5a9?s=48&d=mm&r=g","96":"https:\/\/secure.gravatar.com\/avatar\/779ab74708368fd5da13cb60a3093905cb0f2da05766b9cd0bb8b5249744b5a9?s=96&d=mm&r=g"},"date":"2017-01-15T17:02:11","cld_nonce":"fccbb51e44","content":{"rendered":"<p>im produktiven Betrieb ist es doch ehrlich gesagt v\u00f6llig Wurst ob der PC in 15 Sekunden oder in zwei Minuten startet, je nachdem was in der Infrastruktur festgelegt ist startet man in der Regel den PC einmal morgens zu Arbeitsbeginn und dann nur noch im Fehlerfall, wenn etwas nicht mehr l\u00e4uft.<br \/>\nIn deinem Fall eine Beh\u00f6rde mit 1000 PC etwa kann der Admin sogar alle oder auch bestimmte PC zu Arbeitsbeginn bis zum Anmeldebildschirm starten und Updates und Wartungsprogramme ausf\u00fchren die dann zur Anmeldung des Benutzers bereitstehen.<br \/>\nAlso das mit den Startzeiten wird viel zu sehr \u00fcberbewertet und gerade in einer so gro\u00dfen Netzwerkstruktur kommt es auf sauber und stabil und nicht auf schnell an.<\/p>\n"},"status":"1"},{"id":42383,"parent":42378,"author":0,"author_name":"Peter Christian","author_email":"petercnowak@icloud.com","author_url":"","author_avatar_urls":{"24":"https:\/\/secure.gravatar.com\/avatar\/bdd68544648abe37cdec72d9fec2a6f7cddbae789a5315e181e13d065d85a628?s=24&d=mm&r=g","48":"https:\/\/secure.gravatar.com\/avatar\/bdd68544648abe37cdec72d9fec2a6f7cddbae789a5315e181e13d065d85a628?s=48&d=mm&r=g","96":"https:\/\/secure.gravatar.com\/avatar\/bdd68544648abe37cdec72d9fec2a6f7cddbae789a5315e181e13d065d85a628?s=96&d=mm&r=g"},"date":"2017-01-15T19:53:00","cld_nonce":"fccbb51e44","content":{"rendered":"<p>Ist es nicht auch ein Indiz f\u00fcr ein gut funktionierendes Betriebssystem, wenn er schnell vom Login zum Desktop startet? Ich frage deswegen, weil mein 1607 14393.693 irre schnell betriebsbereit ist.<\/p>\n"},"status":"1"},{"id":42389,"parent":42383,"author":2371,"author_name":"Birkuli","author_email":"birkuli@t-online.de","author_url":"","author_avatar_urls":{"24":"https:\/\/secure.gravatar.com\/avatar\/779ab74708368fd5da13cb60a3093905cb0f2da05766b9cd0bb8b5249744b5a9?s=24&d=mm&r=g","48":"https:\/\/secure.gravatar.com\/avatar\/779ab74708368fd5da13cb60a3093905cb0f2da05766b9cd0bb8b5249744b5a9?s=48&d=mm&r=g","96":"https:\/\/secure.gravatar.com\/avatar\/779ab74708368fd5da13cb60a3093905cb0f2da05766b9cd0bb8b5249744b5a9?s=96&d=mm&r=g"},"date":"2017-01-15T22:07:51","cld_nonce":"fccbb51e44","content":{"rendered":"<p>ja f\u00fcr den merklichen Schnellstart hat sich bei den Mainboard Herstellern und bei Microsoft in der Zusammenarbeit einiges getan, wenn alles funktioniert ist es ja auch eine gute Sache, da haben die Bios Schreiber und Microsoft Ingenieure mal gut zusammen gearbeitet was den UEFI Standard anbelangt.<br \/>\nFast Boot (\u00fcbergehen aller Posttests) in Zusammenarbeit mit Hybridstart von Windows machen schon was her, da es mir an einem UEFI Board mangelt benutze ich den Suspendet Mode und mein PC ist auch in 5-8 Sekunden da aber das ist im produktiven Betrieb und erstrecht in Firmen wegen der Sicherheit nicht m\u00f6glich, da muss der Benutzer ordentlich abgemeldet werden ohne das sich noch Daten im Speicher befinden.<br \/>\nIch habe mal in einer gro\u00dfen Netzwerk Infrastruktur mit etwa 1800 Rechnern aller Arten, Windows, Unix, Linux und noch andere spezielle Betriebssysteme gearbeitet, da liefen einige Systeme rund um die Uhr und andere z.B. in der Verwaltung mussten den PC nach Dienstschluss sogar komplett Ausschalten.<br \/>\nWenn Updates oder Sonstiges wichtiges anstanden konnten die Netzwerkverwalter die PC selber Fernhochfahren oder es kam eine Mitteilung an die Mitarbeiter den PC nicht runter zu fahren und sich nur Abzumelden.<br \/>\nDa spielten mehrere Serversysteme zusammen und bildeten ein Intranet und jeder PC bezog seinen Desktop aus einem Dom\u00e4nencontroller sodass Fast Boot dort Utopie ist da dauerte es schon mal bis zu 4 Minuten bis der Rechner voll Betriebsbereit war.<br \/>\nIst aber auch schon ein paar J\u00e4hrchen her.<\/p>\n"},"status":"1"},{"id":42392,"parent":0,"author":0,"author_name":"Peter Christian","author_email":"petercnowak@icloud.com","author_url":"","author_avatar_urls":{"24":"https:\/\/secure.gravatar.com\/avatar\/bdd68544648abe37cdec72d9fec2a6f7cddbae789a5315e181e13d065d85a628?s=24&d=mm&r=g","48":"https:\/\/secure.gravatar.com\/avatar\/bdd68544648abe37cdec72d9fec2a6f7cddbae789a5315e181e13d065d85a628?s=48&d=mm&r=g","96":"https:\/\/secure.gravatar.com\/avatar\/bdd68544648abe37cdec72d9fec2a6f7cddbae789a5315e181e13d065d85a628?s=96&d=mm&r=g"},"date":"2017-01-15T23:44:08","cld_nonce":"fccbb51e44","content":{"rendered":"<p>@Birkuli. Ja, sehe ich auch so, dass die Startgeschwindigkeit auf den betrieblichen Ablauf eines Unternehmens nicht die Rolle-Welche spielt. Da ist eher die Systemsicherheit bzw. Performance der Player. Ich war nur positiv \u00fcberrascht, wie schnell der Rechner mit Win10 in Betrieb ist, im Vergleich zu den Macs in unseren Studios.<br \/>\nAber eine Frage noch: Ich habe in der Cloud von Apple (von meinem iPhone) Fotos gespeichert. Die App ist auch auf meinem Desktop. Aber sie \u00f6ffnet nur auf das zugeh\u00f6rige Passwort. Zu meiner \u00dcberraschung sind sie nun auf meinem Bildschirm als Slide-Show zu sehen, wenn der Rechner nach einer Weile in den Leerlauf bzw. in den Ruhemodus geht. Also, wei\u00df der Geier, wie Windows das angestellt hat. Aber wer was auch immer das hinbekommen hat, das ist ganz toll anzuschauen; die Fotos sind teils in einer Compilation angeordnet, mit Zoom-Effekt, mit \u00dcberg\u00e4ngen oder teils collagiert mit rhythmischen Ver\u00e4nderungen in der Projektion. Ganz toll, sieht das aus. Kann das wirklich sein, dass Windows diese &#8222;Vernissage&#8220; technisch organisiert hat? Irgendwie ist mir das Ganze ein R\u00e4tsel&#8230;aber sch\u00f6n schaut&#8217;s aus.<\/p>\n"},"status":"1"},{"id":42393,"parent":42392,"author":2371,"author_name":"Birkuli","author_email":"birkuli@t-online.de","author_url":"","author_avatar_urls":{"24":"https:\/\/secure.gravatar.com\/avatar\/779ab74708368fd5da13cb60a3093905cb0f2da05766b9cd0bb8b5249744b5a9?s=24&d=mm&r=g","48":"https:\/\/secure.gravatar.com\/avatar\/779ab74708368fd5da13cb60a3093905cb0f2da05766b9cd0bb8b5249744b5a9?s=48&d=mm&r=g","96":"https:\/\/secure.gravatar.com\/avatar\/779ab74708368fd5da13cb60a3093905cb0f2da05766b9cd0bb8b5249744b5a9?s=96&d=mm&r=g"},"date":"2017-01-16T00:18:37","cld_nonce":"fccbb51e44","content":{"rendered":"<p>Die Foto App z.B. kann Fotos automatisch von verbundenen Handys in den Benutzerordner Bilder kopieren einige Pfade sind da schon voreingestellt, u. A. auch Cloud-Dienste und Datentr\u00e4ger aller Art die Bilder enthalten k\u00f6nnten, \u00e4hnlich macht es auch die Musik App nur eben mit Musik.<br \/>\nUnd Andere Apps k\u00f6nnen diese Daten dann weiterverarbeiten z.B. eine Slideshow der Bilder durch den Bildschirmschoner das ist heute alles sehr eng verwoben und h\u00e4ufig wird als Standardeinstellung leider das Einverst\u00e4ndnis als Default eingestellt.<br \/>\nAber was bei Cloud-Diensten ja auch noch ist, ist das sie immer auf einer Festplatte eine Kopie anlegen, ich nehme an das zwar deine Apple Cloud mit Passwort ist aber die Daten auf der Festplatte nicht und so k\u00f6nnen andere Programme auf die Daten zugreifen, wie es bei Apple genau ist kann ich nicht sagen aber bei den Cloud-Diensten Magenta Cloud, Google Cloud und One Drive ist es so, dass die Daten nicht Passwortgesch\u00fctzt oder Verschl\u00fcsselt sind und so tauchen sie dann in diversen Apps auf. Merke, bei Linux ist alles als Default auf aus und bei Microsoft alles auf an, bei Apple wie gesagt weis ich das nicht.<\/p>\n"},"status":"1"},{"id":42394,"parent":0,"author":0,"author_name":"Peter Christian","author_email":"petercnowak@icloud.com","author_url":"","author_avatar_urls":{"24":"https:\/\/secure.gravatar.com\/avatar\/bdd68544648abe37cdec72d9fec2a6f7cddbae789a5315e181e13d065d85a628?s=24&d=mm&r=g","48":"https:\/\/secure.gravatar.com\/avatar\/bdd68544648abe37cdec72d9fec2a6f7cddbae789a5315e181e13d065d85a628?s=48&d=mm&r=g","96":"https:\/\/secure.gravatar.com\/avatar\/bdd68544648abe37cdec72d9fec2a6f7cddbae789a5315e181e13d065d85a628?s=96&d=mm&r=g"},"date":"2017-01-16T00:44:14","cld_nonce":"fccbb51e44","content":{"rendered":"<p>Danke, Birkuli, das k\u00f6nnte eine Erkl\u00e4rung sein. Wie ich schon festgestellt habe, sind die gleichen Bilder auch teilweise in meinem Bilder-Ordner. Allerdings nicht alle, wie ich feststelle. Die sind nur auf meinem Handy, mit dem ich jetzt schreibe, und die sind eben auch in der Compilation. Und das erstaunt mich doch sehr&#8230;Aber wie gesagt, sieht toll aus. Und eh ich&#8217;s vergesse: Wusste gar nicht, dass es die M\u00f6glichkeit f\u00fcr eine Dia-Show in den personifizierten Einstellungen gibt; das habe ich erst im Nachhinein festgestellt. Viele Gr\u00fc\u00dfe!<\/p>\n"},"status":"1"},{"id":42395,"parent":42394,"author":2371,"author_name":"Birkuli","author_email":"birkuli@t-online.de","author_url":"","author_avatar_urls":{"24":"https:\/\/secure.gravatar.com\/avatar\/779ab74708368fd5da13cb60a3093905cb0f2da05766b9cd0bb8b5249744b5a9?s=24&d=mm&r=g","48":"https:\/\/secure.gravatar.com\/avatar\/779ab74708368fd5da13cb60a3093905cb0f2da05766b9cd0bb8b5249744b5a9?s=48&d=mm&r=g","96":"https:\/\/secure.gravatar.com\/avatar\/779ab74708368fd5da13cb60a3093905cb0f2da05766b9cd0bb8b5249744b5a9?s=96&d=mm&r=g"},"date":"2017-01-16T01:21:04","cld_nonce":"fccbb51e44","content":{"rendered":"<p>in den Einstellungen ist auch Angezeigt welche App auf welche Dienste zugreifen darf und wenn man nicht alles expliziert untersagt dann holen sich die Apps alles was sie kriegen k\u00f6nnen, die Bilder Apps scannen alle Laufwerke nach Bilder ab und auch Telefone und sonstige Ger\u00e4te, ebenso ist es mit der Kontakte App wenn man nicht aufpasst verbinden sie sich mit allen verf\u00fcgbaren Diensten um an Adressen zu kommen, die sozial Media Dienste sind fast alle schon voreingestellt um der App den Zugriff zu erlauben, wenn man mit einem Microsoftkonto angemeldet ist wird alles untereinander Verkn\u00fcpft und verwoben dann findet man pl\u00f6tzlich alle Telefonnummern die irgendwo gespeichert sind in der Telefon App wieder, z. B. die Nummern vom Handy und alle Dienste die darauf laufen und wiederum verkn\u00fcpft sind mit automatischen teilen wie bei Facebook, WhatsApp, Google und auch die Apple Dienste die mit Windows laufen, das Einverst\u00e4ndnis daf\u00fcr steht meist irgendwo im sehr kleingedruckten oder man kann es nicht unterbinden wenn es kostenlos ist.<br \/>\nDas Schema l\u00e4uft etwa so ab, App bekommt Berechtigung sich zu verbinden und zu synchronisieren und scannt alles nach Daten ab und sammelt sie ein, teils werden sie auch auf den PC oder in die Cloud geladen, um das Nutzererlebnis nat\u00fcrlich zu verbessern werden nat\u00fcrlich auch fast alle erhobenen Daten durch die Telemetrie an die entsprechenden Softwareh\u00e4user gesendet, da tun sie sich mittlerweile alle nichts mehr.<br \/>\nBei Microsoft, Facebook, Google, Nvidia usw. besteht ein Gro\u00dfteil der Software nur noch aus Telemetrie und Sammeldienste f\u00fcr Daten aller Art die dann abgesogen werden sobald man Online ist.<br \/>\nEs kann sch\u00f6n und auch Einfach sein, hat aber einen Preis, den das alle pers\u00f6nlichen Daten auf haupts\u00e4chlich US Servern gespeichert werden<\/p>\n"},"status":"1"},{"id":42405,"parent":0,"author":0,"author_name":"Peter Christian","author_email":"petercnowak@icloud.com","author_url":"","author_avatar_urls":{"24":"https:\/\/secure.gravatar.com\/avatar\/bdd68544648abe37cdec72d9fec2a6f7cddbae789a5315e181e13d065d85a628?s=24&d=mm&r=g","48":"https:\/\/secure.gravatar.com\/avatar\/bdd68544648abe37cdec72d9fec2a6f7cddbae789a5315e181e13d065d85a628?s=48&d=mm&r=g","96":"https:\/\/secure.gravatar.com\/avatar\/bdd68544648abe37cdec72d9fec2a6f7cddbae789a5315e181e13d065d85a628?s=96&d=mm&r=g"},"date":"2017-01-16T11:28:00","cld_nonce":"fccbb51e44","content":{"rendered":"<p>@Birkuli&#8230;Hoch interessant! Danke f\u00fcr die umfangreiche Aufkl\u00e4rung \u00fcber die Privacy. Werde mal die Punkte auf meinem Rechner abarbeiten, die Du genannt hast. Siehst Du, solch Wissen, wie das von Dir, das fehlt mir. Allerdings habe ich erst seit Januar 16 zum ersten Mal Kontakt mit einem Microsoft Produkt gehabt.<\/p>\n"},"status":"1"},{"id":42408,"parent":0,"author":2371,"author_name":"Birkuli","author_email":"birkuli@t-online.de","author_url":"","author_avatar_urls":{"24":"https:\/\/secure.gravatar.com\/avatar\/779ab74708368fd5da13cb60a3093905cb0f2da05766b9cd0bb8b5249744b5a9?s=24&d=mm&r=g","48":"https:\/\/secure.gravatar.com\/avatar\/779ab74708368fd5da13cb60a3093905cb0f2da05766b9cd0bb8b5249744b5a9?s=48&d=mm&r=g","96":"https:\/\/secure.gravatar.com\/avatar\/779ab74708368fd5da13cb60a3093905cb0f2da05766b9cd0bb8b5249744b5a9?s=96&d=mm&r=g"},"date":"2017-01-16T13:58:53","cld_nonce":"fccbb51e44","content":{"rendered":"<p>Hallo @ Peter Christian,<br \/>\nwenn du es genau wissen m\u00f6chtest besuche mal diesen Artikel<br \/>\n<a href=\"https:\/\/www.deskmodder.de\/wiki\/index.php?title=Datenschutz_Einstellungen_deaktivieren_aktivieren_Windows_10\" rel=\"ugc\">https:\/\/www.deskmodder.de\/wiki\/index.php?title=Datenschutz_Einstellungen_deaktivieren_aktivieren_Windows_10<\/a><br \/>\nam Ende wird auf eine PDF Datei verwiesen die recht interessant ist und sehr gute Anhaltspunkte liefert.<br \/>\nGru\u00df Birkuli<\/p>\n"},"status":"1"},{"id":42409,"parent":42408,"author":0,"author_name":"Peter Christian","author_email":"petercnowak@icloud.com","author_url":"","author_avatar_urls":{"24":"https:\/\/secure.gravatar.com\/avatar\/bdd68544648abe37cdec72d9fec2a6f7cddbae789a5315e181e13d065d85a628?s=24&d=mm&r=g","48":"https:\/\/secure.gravatar.com\/avatar\/bdd68544648abe37cdec72d9fec2a6f7cddbae789a5315e181e13d065d85a628?s=48&d=mm&r=g","96":"https:\/\/secure.gravatar.com\/avatar\/bdd68544648abe37cdec72d9fec2a6f7cddbae789a5315e181e13d065d85a628?s=96&d=mm&r=g"},"date":"2017-01-16T14:25:41","cld_nonce":"fccbb51e44","content":{"rendered":"<p>Herzlichen Dank, Birkuli! Und Gru\u00df zur\u00fcck!<\/p>\n"},"status":"1"}],"wp_author":{"id":1525,"name":"W8U","description":"Technikliebhaber aus Niedersachsen und seit 2013 bei den Deskmoddern. Interessiert sich f\u00fcr (fast) alles, durch das Strom flie\u00dft: Computer, Smartphones, Tablets, Autos und so weiter.","author_avatar_urls":{"24":"https:\/\/secure.gravatar.com\/avatar\/a1e9db99fdd71a9ae2c516203e3fcd390817fa98f868eb9ba6d4a77d1a815cd4?s=24&d=mm&r=g","48":"https:\/\/secure.gravatar.com\/avatar\/a1e9db99fdd71a9ae2c516203e3fcd390817fa98f868eb9ba6d4a77d1a815cd4?s=48&d=mm&r=g","96":"https:\/\/secure.gravatar.com\/avatar\/a1e9db99fdd71a9ae2c516203e3fcd390817fa98f868eb9ba6d4a77d1a815cd4?s=96&d=mm&r=g"}},"cld_nonce":"fccbb51e44","yoast_head":"<!-- This site is optimized with the Yoast SEO Premium plugin v27.4 (Yoast SEO v27.4) - https:\/\/yoast.com\/product\/yoast-seo-premium-wordpress\/ -->\n<title>Microsoft macht Windows 7 madig - Deskmodder.de<\/title>\n<meta name=\"robots\" content=\"index, follow, max-snippet:-1, max-image-preview:large, max-video-preview:-1\" \/>\n<link rel=\"canonical\" href=\"https:\/\/www.deskmodder.de\/blog\/2017\/01\/13\/microsoft-macht-windows-7-madig\/\" \/>\n<meta property=\"og:locale\" content=\"de_DE\" \/>\n<meta property=\"og:type\" content=\"article\" \/>\n<meta property=\"og:title\" content=\"Microsoft macht Windows 7 madig\" \/>\n<meta property=\"og:description\" content=\"Unter anderem mit diesen Worten l\u00e4utete Microsoft heute das Ende von Windows 7 ein.\u00a0Der Text klingt beinahe, als w\u00e4re Windows 7 aktuell eines der gr\u00f6\u00dften Sicherheitsrisiken \u00fcberhaupt und man sollte besser gestern als heute die Finger vom derzeit beliebtesten Microsoft-Betriebssystem&hellip;\" \/>\n<meta property=\"og:url\" content=\"https:\/\/www.deskmodder.de\/blog\/2017\/01\/13\/microsoft-macht-windows-7-madig\/\" \/>\n<meta property=\"og:site_name\" content=\"Deskmodder.de\" \/>\n<meta property=\"article:publisher\" content=\"https:\/\/www.facebook.com\/Deskmodder\" \/>\n<meta property=\"article:published_time\" content=\"2017-01-13T14:38:15+00:00\" \/>\n<meta property=\"article:modified_time\" content=\"2023-01-14T15:25:36+00:00\" \/>\n<meta property=\"og:image\" content=\"https:\/\/www.deskmodder.de\/blog\/wp-content\/uploads\/2015\/09\/Windows_7.png\" \/>\n\t<meta property=\"og:image:width\" content=\"480\" \/>\n\t<meta property=\"og:image:height\" content=\"360\" \/>\n\t<meta property=\"og:image:type\" content=\"image\/png\" \/>\n<meta name=\"author\" content=\"W8U\" \/>\n<meta name=\"twitter:card\" content=\"summary_large_image\" \/>\n<meta name=\"twitter:creator\" content=\"@Deskmodder\" \/>\n<meta name=\"twitter:site\" content=\"@Deskmodder\" \/>\n<script type=\"application\/ld+json\" class=\"yoast-schema-graph\">{\"@context\":\"https:\\\/\\\/schema.org\",\"@graph\":[{\"@type\":\"Article\",\"@id\":\"https:\\\/\\\/www.deskmodder.de\\\/blog\\\/2017\\\/01\\\/13\\\/microsoft-macht-windows-7-madig\\\/#article\",\"isPartOf\":{\"@id\":\"https:\\\/\\\/www.deskmodder.de\\\/blog\\\/2017\\\/01\\\/13\\\/microsoft-macht-windows-7-madig\\\/\"},\"author\":{\"name\":\"W8U\",\"@id\":\"https:\\\/\\\/www.deskmodder.de\\\/blog\\\/#\\\/schema\\\/person\\\/f3c70b4f4860c9fcc4c04057ed04f469\"},\"headline\":\"Microsoft macht Windows 7 madig\",\"datePublished\":\"2017-01-13T14:38:15+00:00\",\"dateModified\":\"2023-01-14T15:25:36+00:00\",\"mainEntityOfPage\":{\"@id\":\"https:\\\/\\\/www.deskmodder.de\\\/blog\\\/2017\\\/01\\\/13\\\/microsoft-macht-windows-7-madig\\\/\"},\"wordCount\":251,\"commentCount\":24,\"publisher\":{\"@id\":\"https:\\\/\\\/www.deskmodder.de\\\/blog\\\/#organization\"},\"image\":{\"@id\":\"https:\\\/\\\/www.deskmodder.de\\\/blog\\\/2017\\\/01\\\/13\\\/microsoft-macht-windows-7-madig\\\/#primaryimage\"},\"thumbnailUrl\":\"https:\\\/\\\/www.deskmodder.de\\\/blog\\\/wp-content\\\/uploads\\\/2015\\\/09\\\/Windows_7.png\",\"keywords\":[\"2020\",\"Lifecycle\",\"Support\",\"windows 7\"],\"articleSection\":{\"1\":\"Windows \u00e4lter\"},\"inLanguage\":\"de\",\"potentialAction\":[{\"@type\":\"CommentAction\",\"name\":\"Comment\",\"target\":[\"https:\\\/\\\/www.deskmodder.de\\\/blog\\\/2017\\\/01\\\/13\\\/microsoft-macht-windows-7-madig\\\/#respond\"]}],\"copyrightYear\":\"2017\",\"copyrightHolder\":{\"@id\":\"https:\\\/\\\/www.deskmodder.de\\\/blog\\\/#organization\"}},{\"@type\":\"WebPage\",\"@id\":\"https:\\\/\\\/www.deskmodder.de\\\/blog\\\/2017\\\/01\\\/13\\\/microsoft-macht-windows-7-madig\\\/\",\"url\":\"https:\\\/\\\/www.deskmodder.de\\\/blog\\\/2017\\\/01\\\/13\\\/microsoft-macht-windows-7-madig\\\/\",\"name\":\"Microsoft macht Windows 7 madig - Deskmodder.de\",\"isPartOf\":{\"@id\":\"https:\\\/\\\/www.deskmodder.de\\\/blog\\\/#website\"},\"primaryImageOfPage\":{\"@id\":\"https:\\\/\\\/www.deskmodder.de\\\/blog\\\/2017\\\/01\\\/13\\\/microsoft-macht-windows-7-madig\\\/#primaryimage\"},\"image\":{\"@id\":\"https:\\\/\\\/www.deskmodder.de\\\/blog\\\/2017\\\/01\\\/13\\\/microsoft-macht-windows-7-madig\\\/#primaryimage\"},\"thumbnailUrl\":\"https:\\\/\\\/www.deskmodder.de\\\/blog\\\/wp-content\\\/uploads\\\/2015\\\/09\\\/Windows_7.png\",\"datePublished\":\"2017-01-13T14:38:15+00:00\",\"dateModified\":\"2023-01-14T15:25:36+00:00\",\"breadcrumb\":{\"@id\":\"https:\\\/\\\/www.deskmodder.de\\\/blog\\\/2017\\\/01\\\/13\\\/microsoft-macht-windows-7-madig\\\/#breadcrumb\"},\"inLanguage\":\"de\",\"potentialAction\":[{\"@type\":\"ReadAction\",\"target\":[\"https:\\\/\\\/www.deskmodder.de\\\/blog\\\/2017\\\/01\\\/13\\\/microsoft-macht-windows-7-madig\\\/\"]}]},{\"@type\":\"ImageObject\",\"inLanguage\":\"de\",\"@id\":\"https:\\\/\\\/www.deskmodder.de\\\/blog\\\/2017\\\/01\\\/13\\\/microsoft-macht-windows-7-madig\\\/#primaryimage\",\"url\":\"https:\\\/\\\/www.deskmodder.de\\\/blog\\\/wp-content\\\/uploads\\\/2015\\\/09\\\/Windows_7.png\",\"contentUrl\":\"https:\\\/\\\/www.deskmodder.de\\\/blog\\\/wp-content\\\/uploads\\\/2015\\\/09\\\/Windows_7.png\",\"width\":480,\"height\":360},{\"@type\":\"BreadcrumbList\",\"@id\":\"https:\\\/\\\/www.deskmodder.de\\\/blog\\\/2017\\\/01\\\/13\\\/microsoft-macht-windows-7-madig\\\/#breadcrumb\",\"itemListElement\":[{\"@type\":\"ListItem\",\"position\":1,\"name\":\"Startseite\",\"item\":\"https:\\\/\\\/www.deskmodder.de\\\/blog\\\/\"},{\"@type\":\"ListItem\",\"position\":2,\"name\":\"Microsoft macht Windows 7 madig\"}]},{\"@type\":\"WebSite\",\"@id\":\"https:\\\/\\\/www.deskmodder.de\\\/blog\\\/#website\",\"url\":\"https:\\\/\\\/www.deskmodder.de\\\/blog\\\/\",\"name\":\"Deskmodder.de\",\"description\":\"News zum Thema Microsoft, Windows 11 \\\/ 10, sowie anderen Neuigkeiten aus dem Netz, viele Tipps und individuelle Hilfe bei Problemen in unserem Forum \u25cf Deskmodder - seit 2003\",\"publisher\":{\"@id\":\"https:\\\/\\\/www.deskmodder.de\\\/blog\\\/#organization\"},\"potentialAction\":[{\"@type\":\"SearchAction\",\"target\":{\"@type\":\"EntryPoint\",\"urlTemplate\":\"https:\\\/\\\/www.deskmodder.de\\\/blog\\\/?s={search_term_string}\"},\"query-input\":{\"@type\":\"PropertyValueSpecification\",\"valueRequired\":true,\"valueName\":\"search_term_string\"}}],\"inLanguage\":\"de\"},{\"@type\":\"Organization\",\"@id\":\"https:\\\/\\\/www.deskmodder.de\\\/blog\\\/#organization\",\"name\":\"Deskmodder\",\"url\":\"https:\\\/\\\/www.deskmodder.de\\\/blog\\\/\",\"logo\":{\"@type\":\"ImageObject\",\"inLanguage\":\"de\",\"@id\":\"https:\\\/\\\/www.deskmodder.de\\\/blog\\\/#\\\/schema\\\/logo\\\/image\\\/\",\"url\":\"https:\\\/\\\/www.deskmodder.de\\\/blog\\\/wp-content\\\/uploads\\\/2019\\\/01\\\/deskmodder-logo-app.png\",\"contentUrl\":\"https:\\\/\\\/www.deskmodder.de\\\/blog\\\/wp-content\\\/uploads\\\/2019\\\/01\\\/deskmodder-logo-app.png\",\"width\":281,\"height\":286,\"caption\":\"Deskmodder\"},\"image\":{\"@id\":\"https:\\\/\\\/www.deskmodder.de\\\/blog\\\/#\\\/schema\\\/logo\\\/image\\\/\"},\"sameAs\":[\"https:\\\/\\\/www.facebook.com\\\/Deskmodder\",\"https:\\\/\\\/x.com\\\/Deskmodder\",\"https:\\\/\\\/mastodontech.de\\\/@Deskmodder\",\"https:\\\/\\\/www.youtube.com\\\/user\\\/deskmodder\",\"https:\\\/\\\/mewe.com\\\/group\\\/5c83b5231add826fc80cdae1\"]},{\"@type\":\"Person\",\"@id\":\"https:\\\/\\\/www.deskmodder.de\\\/blog\\\/#\\\/schema\\\/person\\\/f3c70b4f4860c9fcc4c04057ed04f469\",\"name\":\"W8U\",\"image\":{\"@type\":\"ImageObject\",\"inLanguage\":\"de\",\"@id\":\"https:\\\/\\\/secure.gravatar.com\\\/avatar\\\/a1e9db99fdd71a9ae2c516203e3fcd390817fa98f868eb9ba6d4a77d1a815cd4?s=96&d=mm&r=g\",\"url\":\"https:\\\/\\\/secure.gravatar.com\\\/avatar\\\/a1e9db99fdd71a9ae2c516203e3fcd390817fa98f868eb9ba6d4a77d1a815cd4?s=96&d=mm&r=g\",\"contentUrl\":\"https:\\\/\\\/secure.gravatar.com\\\/avatar\\\/a1e9db99fdd71a9ae2c516203e3fcd390817fa98f868eb9ba6d4a77d1a815cd4?s=96&d=mm&r=g\",\"caption\":\"W8U\"},\"description\":\"Technikliebhaber aus Niedersachsen und seit 2013 bei den Deskmoddern. Interessiert sich f\u00fcr (fast) alles, durch das Strom flie\u00dft: Computer, Smartphones, Tablets, Autos und so weiter.\",\"url\":\"https:\\\/\\\/www.deskmodder.de\\\/blog\\\/author\\\/w8u\\\/\"}]}<\/script>\n<!-- \/ Yoast SEO Premium plugin. -->","yoast_head_json":{"title":"Microsoft macht Windows 7 madig - Deskmodder.de","robots":{"index":"index","follow":"follow","max-snippet":"max-snippet:-1","max-image-preview":"max-image-preview:large","max-video-preview":"max-video-preview:-1"},"canonical":"https:\/\/www.deskmodder.de\/blog\/2017\/01\/13\/microsoft-macht-windows-7-madig\/","og_locale":"de_DE","og_type":"article","og_title":"Microsoft macht Windows 7 madig","og_description":"Unter anderem mit diesen Worten l\u00e4utete Microsoft heute das Ende von Windows 7 ein.\u00a0Der Text klingt beinahe, als w\u00e4re Windows 7 aktuell eines der gr\u00f6\u00dften Sicherheitsrisiken \u00fcberhaupt und man sollte besser gestern als heute die Finger vom derzeit beliebtesten Microsoft-Betriebssystem&hellip;","og_url":"https:\/\/www.deskmodder.de\/blog\/2017\/01\/13\/microsoft-macht-windows-7-madig\/","og_site_name":"Deskmodder.de","article_publisher":"https:\/\/www.facebook.com\/Deskmodder","article_published_time":"2017-01-13T14:38:15+00:00","article_modified_time":"2023-01-14T15:25:36+00:00","og_image":[{"width":480,"height":360,"url":"https:\/\/www.deskmodder.de\/blog\/wp-content\/uploads\/2015\/09\/Windows_7.png","type":"image\/png"}],"author":"W8U","twitter_card":"summary_large_image","twitter_creator":"@Deskmodder","twitter_site":"@Deskmodder","schema":{"@context":"https:\/\/schema.org","@graph":[{"@type":"Article","@id":"https:\/\/www.deskmodder.de\/blog\/2017\/01\/13\/microsoft-macht-windows-7-madig\/#article","isPartOf":{"@id":"https:\/\/www.deskmodder.de\/blog\/2017\/01\/13\/microsoft-macht-windows-7-madig\/"},"author":{"name":"W8U","@id":"https:\/\/www.deskmodder.de\/blog\/#\/schema\/person\/f3c70b4f4860c9fcc4c04057ed04f469"},"headline":"Microsoft macht Windows 7 madig","datePublished":"2017-01-13T14:38:15+00:00","dateModified":"2023-01-14T15:25:36+00:00","mainEntityOfPage":{"@id":"https:\/\/www.deskmodder.de\/blog\/2017\/01\/13\/microsoft-macht-windows-7-madig\/"},"wordCount":251,"commentCount":24,"publisher":{"@id":"https:\/\/www.deskmodder.de\/blog\/#organization"},"image":{"@id":"https:\/\/www.deskmodder.de\/blog\/2017\/01\/13\/microsoft-macht-windows-7-madig\/#primaryimage"},"thumbnailUrl":"https:\/\/www.deskmodder.de\/blog\/wp-content\/uploads\/2015\/09\/Windows_7.png","keywords":["2020","Lifecycle","Support","windows 7"],"articleSection":{"1":"Windows \u00e4lter"},"inLanguage":"de","potentialAction":[{"@type":"CommentAction","name":"Comment","target":["https:\/\/www.deskmodder.de\/blog\/2017\/01\/13\/microsoft-macht-windows-7-madig\/#respond"]}],"copyrightYear":"2017","copyrightHolder":{"@id":"https:\/\/www.deskmodder.de\/blog\/#organization"}},{"@type":"WebPage","@id":"https:\/\/www.deskmodder.de\/blog\/2017\/01\/13\/microsoft-macht-windows-7-madig\/","url":"https:\/\/www.deskmodder.de\/blog\/2017\/01\/13\/microsoft-macht-windows-7-madig\/","name":"Microsoft macht Windows 7 madig - Deskmodder.de","isPartOf":{"@id":"https:\/\/www.deskmodder.de\/blog\/#website"},"primaryImageOfPage":{"@id":"https:\/\/www.deskmodder.de\/blog\/2017\/01\/13\/microsoft-macht-windows-7-madig\/#primaryimage"},"image":{"@id":"https:\/\/www.deskmodder.de\/blog\/2017\/01\/13\/microsoft-macht-windows-7-madig\/#primaryimage"},"thumbnailUrl":"https:\/\/www.deskmodder.de\/blog\/wp-content\/uploads\/2015\/09\/Windows_7.png","datePublished":"2017-01-13T14:38:15+00:00","dateModified":"2023-01-14T15:25:36+00:00","breadcrumb":{"@id":"https:\/\/www.deskmodder.de\/blog\/2017\/01\/13\/microsoft-macht-windows-7-madig\/#breadcrumb"},"inLanguage":"de","potentialAction":[{"@type":"ReadAction","target":["https:\/\/www.deskmodder.de\/blog\/2017\/01\/13\/microsoft-macht-windows-7-madig\/"]}]},{"@type":"ImageObject","inLanguage":"de","@id":"https:\/\/www.deskmodder.de\/blog\/2017\/01\/13\/microsoft-macht-windows-7-madig\/#primaryimage","url":"https:\/\/www.deskmodder.de\/blog\/wp-content\/uploads\/2015\/09\/Windows_7.png","contentUrl":"https:\/\/www.deskmodder.de\/blog\/wp-content\/uploads\/2015\/09\/Windows_7.png","width":480,"height":360},{"@type":"BreadcrumbList","@id":"https:\/\/www.deskmodder.de\/blog\/2017\/01\/13\/microsoft-macht-windows-7-madig\/#breadcrumb","itemListElement":[{"@type":"ListItem","position":1,"name":"Startseite","item":"https:\/\/www.deskmodder.de\/blog\/"},{"@type":"ListItem","position":2,"name":"Microsoft macht Windows 7 madig"}]},{"@type":"WebSite","@id":"https:\/\/www.deskmodder.de\/blog\/#website","url":"https:\/\/www.deskmodder.de\/blog\/","name":"Deskmodder.de","description":"News zum Thema Microsoft, Windows 11 \/ 10, sowie anderen Neuigkeiten aus dem Netz, viele Tipps und individuelle Hilfe bei Problemen in unserem Forum \u25cf Deskmodder - seit 2003","publisher":{"@id":"https:\/\/www.deskmodder.de\/blog\/#organization"},"potentialAction":[{"@type":"SearchAction","target":{"@type":"EntryPoint","urlTemplate":"https:\/\/www.deskmodder.de\/blog\/?s={search_term_string}"},"query-input":{"@type":"PropertyValueSpecification","valueRequired":true,"valueName":"search_term_string"}}],"inLanguage":"de"},{"@type":"Organization","@id":"https:\/\/www.deskmodder.de\/blog\/#organization","name":"Deskmodder","url":"https:\/\/www.deskmodder.de\/blog\/","logo":{"@type":"ImageObject","inLanguage":"de","@id":"https:\/\/www.deskmodder.de\/blog\/#\/schema\/logo\/image\/","url":"https:\/\/www.deskmodder.de\/blog\/wp-content\/uploads\/2019\/01\/deskmodder-logo-app.png","contentUrl":"https:\/\/www.deskmodder.de\/blog\/wp-content\/uploads\/2019\/01\/deskmodder-logo-app.png","width":281,"height":286,"caption":"Deskmodder"},"image":{"@id":"https:\/\/www.deskmodder.de\/blog\/#\/schema\/logo\/image\/"},"sameAs":["https:\/\/www.facebook.com\/Deskmodder","https:\/\/x.com\/Deskmodder","https:\/\/mastodontech.de\/@Deskmodder","https:\/\/www.youtube.com\/user\/deskmodder","https:\/\/mewe.com\/group\/5c83b5231add826fc80cdae1"]},{"@type":"Person","@id":"https:\/\/www.deskmodder.de\/blog\/#\/schema\/person\/f3c70b4f4860c9fcc4c04057ed04f469","name":"W8U","image":{"@type":"ImageObject","inLanguage":"de","@id":"https:\/\/secure.gravatar.com\/avatar\/a1e9db99fdd71a9ae2c516203e3fcd390817fa98f868eb9ba6d4a77d1a815cd4?s=96&d=mm&r=g","url":"https:\/\/secure.gravatar.com\/avatar\/a1e9db99fdd71a9ae2c516203e3fcd390817fa98f868eb9ba6d4a77d1a815cd4?s=96&d=mm&r=g","contentUrl":"https:\/\/secure.gravatar.com\/avatar\/a1e9db99fdd71a9ae2c516203e3fcd390817fa98f868eb9ba6d4a77d1a815cd4?s=96&d=mm&r=g","caption":"W8U"},"description":"Technikliebhaber aus Niedersachsen und seit 2013 bei den Deskmoddern. Interessiert sich f\u00fcr (fast) alles, durch das Strom flie\u00dft: Computer, Smartphones, Tablets, Autos und so weiter.","url":"https:\/\/www.deskmodder.de\/blog\/author\/w8u\/"}]}},"jetpack_publicize_connections":[],"jetpack_featured_media_url":"https:\/\/www.deskmodder.de\/blog\/wp-content\/uploads\/2015\/09\/Windows_7.png","_links":{"self":[{"href":"https:\/\/www.deskmodder.de\/blog\/wp-json\/wp\/v2\/posts\/78271","targetHints":{"allow":["GET"]}}],"collection":[{"href":"https:\/\/www.deskmodder.de\/blog\/wp-json\/wp\/v2\/posts"}],"about":[{"href":"https:\/\/www.deskmodder.de\/blog\/wp-json\/wp\/v2\/types\/post"}],"author":[{"embeddable":true,"href":"https:\/\/www.deskmodder.de\/blog\/wp-json\/wp\/v2\/users\/1525"}],"replies":[{"embeddable":true,"href":"https:\/\/www.deskmodder.de\/blog\/wp-json\/wp\/v2\/comments?post=78271"}],"version-history":[{"count":0,"href":"https:\/\/www.deskmodder.de\/blog\/wp-json\/wp\/v2\/posts\/78271\/revisions"}],"wp:featuredmedia":[{"embeddable":true,"href":"https:\/\/www.deskmodder.de\/blog\/wp-json\/wp\/v2\/media\/53260"}],"wp:attachment":[{"href":"https:\/\/www.deskmodder.de\/blog\/wp-json\/wp\/v2\/media?parent=78271"}],"wp:term":[{"taxonomy":"category","embeddable":true,"href":"https:\/\/www.deskmodder.de\/blog\/wp-json\/wp\/v2\/categories?post=78271"},{"taxonomy":"post_tag","embeddable":true,"href":"https:\/\/www.deskmodder.de\/blog\/wp-json\/wp\/v2\/tags?post=78271"}],"curies":[{"name":"wp","href":"https:\/\/api.w.org\/{rel}","templated":true}]}}