{"id":77142,"date":"2016-12-31T14:43:55","date_gmt":"2016-12-31T13:43:55","guid":{"rendered":"https:\/\/www.deskmodder.de\/blog\/?p=77142"},"modified":"2016-12-31T17:50:48","modified_gmt":"2016-12-31T16:50:48","slug":"erinnerung-erweiterter-support-fuer-windows-vista-endet-naechstes-jahr","status":"publish","type":"post","link":"https:\/\/www.deskmodder.de\/blog\/2016\/12\/31\/erinnerung-erweiterter-support-fuer-windows-vista-endet-naechstes-jahr\/","title":{"rendered":"Erinnerung: Erweiterter Support f\u00fcr Windows Vista endet n\u00e4chstes Jahr"},"content":{"rendered":"<p>Nur noch gute vier Monate sind es bis zum Support-Ende von Windows Vista. Denn am 11. April 2017 endet auch der sogenannte &#8222;erweiterte Support&#8220; &#8211; gemeint sind damit Sicherheitsupdates.<\/p>\n<p>Langsam aber sicher wird ein Vista-PC mit Internetverbindung zum Risiko f\u00fcr sich und andere. Auch Browser <a href=\"https:\/\/www.deskmodder.de\/blog\/2016\/12\/26\/mozilla-firefox-fuer-windows-xp-und-windows-vista-ab-oktober-2017-ist-feierabend\/\" target=\"_blank\">wie der Firefox<\/a> f\u00fcr Windows Vista werden im n\u00e4chsten Jahr nicht mehr mit Sicherheitsupdates versorgt.<\/p>\n<p>Wenn man aktuell noch auf Windows Vista setzt, sollte man aber nicht in Panik verfallen. Es sind noch vier Monate Zeit und auch danach verwandelt sich der Rechner nicht von heute auf morgen in ein gef\u00e4hrliches Monster.<\/p>\n<p><a href=\"https:\/\/www.deskmodder.de\/blog\/wp-content\/uploads\/2016\/12\/Windows-Vista-extended-Support.jpg\" rel=\"lightbox[77142]\"><img loading=\"lazy\" decoding=\"async\" class=\"aligncenter size-large wp-image-77144\" src=\"https:\/\/www.deskmodder.de\/blog\/wp-content\/uploads\/2016\/12\/Windows-Vista-extended-Support-810x271.jpg\" alt=\"\" width=\"810\" height=\"271\" srcset=\"https:\/\/www.deskmodder.de\/blog\/wp-content\/uploads\/2016\/12\/Windows-Vista-extended-Support-810x271.jpg 810w, https:\/\/www.deskmodder.de\/blog\/wp-content\/uploads\/2016\/12\/Windows-Vista-extended-Support-306x102.jpg 306w, https:\/\/www.deskmodder.de\/blog\/wp-content\/uploads\/2016\/12\/Windows-Vista-extended-Support-500x167.jpg 500w, https:\/\/www.deskmodder.de\/blog\/wp-content\/uploads\/2016\/12\/Windows-Vista-extended-Support.jpg 1692w\" sizes=\"auto, (max-width: 810px) 100vw, 810px\" \/><\/a><\/p>\n<div class=\"quelle\">Quelle: <a href=\"https:\/\/support.microsoft.com\/de-de\/help\/13853\/windows-lifecycle-fact-sheet\" target=\"_blank\">Microsoft<\/a><\/div>\n","protected":false},"excerpt":{"rendered":"<p>Nur noch gute vier Monate sind es bis zum Support-Ende von Windows Vista. Denn am 11. April 2017 endet auch der sogenannte &#8222;erweiterte Support&#8220; &#8211; gemeint sind damit Sicherheitsupdates. Langsam aber sicher wird ein Vista-PC mit Internetverbindung zum Risiko f\u00fcr&hellip; <\/p>\n","protected":false},"author":1525,"featured_media":77543,"comment_status":"open","ping_status":"open","sticky":false,"template":"","format":"standard","meta":{"jetpack_post_was_ever_published":false,"footnotes":"","jetpack_publicize_message":"","jetpack_publicize_feature_enabled":true,"jetpack_social_post_already_shared":true,"jetpack_social_options":{"image_generator_settings":{"template":"highway","default_image_id":0,"font":"","enabled":false},"version":2}},"categories":[11],"tags":[3285,4732,148,289],"class_list":["post-77142","post","type-post","status-publish","format-standard","has-post-thumbnail","hentry","category-windows","tag-ende","tag-extended-support","tag-microsoft","tag-windows-vista"],"wp_featured_image":{"id":77543,"alt_text":"","description":"","media_type":"image","media_details":{"width":800,"height":600,"file":"2016\/12\/IMG_4196.png","sizes":{"thumbnail":{"file":"IMG_4196-273x205.png","width":273,"height":205,"mime-type":"image\/png","source_url":"https:\/\/www.deskmodder.de\/blog\/wp-content\/uploads\/2016\/12\/IMG_4196-273x205.png"},"medium":{"file":"IMG_4196-480x360.png","width":480,"height":360,"mime-type":"image\/png","source_url":"https:\/\/www.deskmodder.de\/blog\/wp-content\/uploads\/2016\/12\/IMG_4196-480x360.png"},"large":{"file":"IMG_4196-777x583.png","width":777,"height":583,"mime-type":"image\/png","source_url":"https:\/\/www.deskmodder.de\/blog\/wp-content\/uploads\/2016\/12\/IMG_4196-777x583.png"},"wp_review_large":{"file":"IMG_4196-320x200.png","width":320,"height":200,"mime-type":"image\/png","source_url":"https:\/\/www.deskmodder.de\/blog\/wp-content\/uploads\/2016\/12\/IMG_4196-320x200.png"},"wp_review_small":{"file":"IMG_4196-65x65.png","width":65,"height":65,"mime-type":"image\/png","source_url":"https:\/\/www.deskmodder.de\/blog\/wp-content\/uploads\/2016\/12\/IMG_4196-65x65.png"},"blog-large":{"file":"IMG_4196-642x300.png","width":642,"height":300,"mime-type":"image\/png","source_url":"https:\/\/www.deskmodder.de\/blog\/wp-content\/uploads\/2016\/12\/IMG_4196-642x300.png"},"blog-medium":{"file":"IMG_4196-306x205.png","width":306,"height":205,"mime-type":"image\/png","source_url":"https:\/\/www.deskmodder.de\/blog\/wp-content\/uploads\/2016\/12\/IMG_4196-306x205.png"},"recent-thumb":{"file":"IMG_4196-350x316.png","width":350,"height":316,"mime-type":"image\/png","source_url":"https:\/\/www.deskmodder.de\/blog\/wp-content\/uploads\/2016\/12\/IMG_4196-350x316.png"},"service-featured":{"file":"IMG_4196-600x330.png","width":600,"height":330,"mime-type":"image\/png","source_url":"https:\/\/www.deskmodder.de\/blog\/wp-content\/uploads\/2016\/12\/IMG_4196-600x330.png"},"wp_rp_thumbnail":{"file":"IMG_4196-150x150.png","width":150,"height":150,"mime-type":"image\/png","source_url":"https:\/\/www.deskmodder.de\/blog\/wp-content\/uploads\/2016\/12\/IMG_4196-150x150.png"}},"image_meta":{"aperture":"0","credit":"","camera":"","caption":"","created_timestamp":"0","copyright":"","focal_length":"0","iso":"0","shutter_speed":"0","title":"","orientation":"0","keywords":[]}},"post":77142,"source_url":"https:\/\/www.deskmodder.de\/blog\/wp-content\/uploads\/2016\/12\/IMG_4196.png"},"commentcount":10,"wp_comments":[{"id":40813,"parent":0,"author":0,"author_name":"Herr Hugo","author_email":"hugohilter@t-online.de","author_url":"","author_avatar_urls":{"24":"https:\/\/secure.gravatar.com\/avatar\/dc5176746c873787fa3f8df5f9bdfbd2f7688721f771100eb4d7b4e82e2d655b?s=24&d=mm&r=g","48":"https:\/\/secure.gravatar.com\/avatar\/dc5176746c873787fa3f8df5f9bdfbd2f7688721f771100eb4d7b4e82e2d655b?s=48&d=mm&r=g","96":"https:\/\/secure.gravatar.com\/avatar\/dc5176746c873787fa3f8df5f9bdfbd2f7688721f771100eb4d7b4e82e2d655b?s=96&d=mm&r=g"},"date":"2016-12-31T23:01:20","cld_nonce":"fccbb51e44","content":{"rendered":"<p>&#8222;Wenn man aktuell noch auf Windows Vista setzt, sollte man aber nicht in Panik verfallen&#8220; &#8211; wer noch WinVista nutzt, der ist hart im Nehmen &#8211; Panik kennt der nicht, grins!<\/p>\n<p>Ja, ja, ich wei\u00df: &#8222;Aber hinterher\/zum Ende war Vista nicht viel schlechter als Win7 am Anfang usw.&#8220; &#8211; aber hinterher war eben zu sp\u00e4t.<\/p>\n<p>Noch sachlicheres zu &#8222;keine Panik&#8230;4 Monate&#8220; &#8211; da denke ich aber generell ein wenig weiter voraus. Z.B. das der Support f\u00fcr Win7 Januar 2020 ausl\u00e4uft, und da sind noch 3 Jahre hin. Sp\u00e4testens einige Monate vorher ist der letzte Rechner aber auf Win10 (falls es dann noch so hei\u00dft).<\/p>\n"},"status":"1"},{"id":40814,"parent":40813,"author":1525,"author_name":"W8U","author_email":"windows-8-user@live.de","author_url":"","author_avatar_urls":{"24":"https:\/\/secure.gravatar.com\/avatar\/a1e9db99fdd71a9ae2c516203e3fcd390817fa98f868eb9ba6d4a77d1a815cd4?s=24&d=mm&r=g","48":"https:\/\/secure.gravatar.com\/avatar\/a1e9db99fdd71a9ae2c516203e3fcd390817fa98f868eb9ba6d4a77d1a815cd4?s=48&d=mm&r=g","96":"https:\/\/secure.gravatar.com\/avatar\/a1e9db99fdd71a9ae2c516203e3fcd390817fa98f868eb9ba6d4a77d1a815cd4?s=96&d=mm&r=g"},"date":"2016-12-31T23:07:30","cld_nonce":"fccbb51e44","content":{"rendered":"<p>Wenn f\u00fcr Windows 7 Ende ist, werden wahrscheinlich viele wieder v\u00f6llig \u00fcberrascht sein. Wie bei Windows XP damals auch. Denken leider nicht alle so vorausschauend wie Herr Hugo&#8230; <img src=\"https:\/\/www.deskmodder.de\/blog\/wp-content\/plugins\/classic-smilies\/img\/icon_lol.gif\" alt=\":lol:\" class=\"wp-smiley\" \/><\/p>\n<p>Aber mal sehen. Vielleicht ist das Upgrade in zwei, drei Jahren ja auch noch kostenlos. Aktuell ist das ja noch m\u00f6glich.<\/p>\n"},"status":"1"},{"id":40846,"parent":0,"author":0,"author_name":"Marc","author_email":"spam84@ymail.com","author_url":"","author_avatar_urls":{"24":"https:\/\/secure.gravatar.com\/avatar\/d16f80a69776be75a752dbfd4f08206e6f1cc91acf6ad0c940ccbf03336bc76a?s=24&d=mm&r=g","48":"https:\/\/secure.gravatar.com\/avatar\/d16f80a69776be75a752dbfd4f08206e6f1cc91acf6ad0c940ccbf03336bc76a?s=48&d=mm&r=g","96":"https:\/\/secure.gravatar.com\/avatar\/d16f80a69776be75a752dbfd4f08206e6f1cc91acf6ad0c940ccbf03336bc76a?s=96&d=mm&r=g"},"date":"2017-01-01T10:47:29","cld_nonce":"fccbb51e44","content":{"rendered":"<p>Ich w\u00fcrde Vista ja liebend gerne noch einsetzen, aber dank Z97 Board leider nicht mehr wirklich m\u00f6glich. Es gibt zwar &#8222;Tricks&#8220;, um die Chipsatz und Lan Treiber von Win7 auf Vista problemlos \u00fcber den Ger\u00e4te-Manager zu laufen zu bekommen, allerdings st\u00fcrzen dann im Minutentakt immer Systemdienste ab.<\/p>\n<p>Allerdings kann man Vista gut nutzen, bis &#8230; Man alle Updates installiert hat. Dann funktioniert auf einmal nichts mehr. Vista mir SP2 ohne Updates l\u00e4uft recht gut, SP2 + Patches bis Dez.2016 und Vista ist nicht mehr nutzbar ;(<\/p>\n<p>Schade, ist bis heute mein liebstes Windows, aber visualisieren kommt f\u00fcr mich nicht in Frage. Die Performance in VMs ist ja unterirdisch. Werde mir irgendwann einen neuen &#8222;alten&#8220; PC zusammenstellen mit Hardware von ca. 2011. Damit sollte Vista dann ja perfekt (wie immer bei mir) laufen ^^ Hatte von 2007 an beginnend nie Probleme.<\/p>\n"},"status":"1"},{"id":40854,"parent":40814,"author":0,"author_name":"Herr Hugo","author_email":"hugohilter@t-online.de","author_url":"","author_avatar_urls":{"24":"https:\/\/secure.gravatar.com\/avatar\/dc5176746c873787fa3f8df5f9bdfbd2f7688721f771100eb4d7b4e82e2d655b?s=24&d=mm&r=g","48":"https:\/\/secure.gravatar.com\/avatar\/dc5176746c873787fa3f8df5f9bdfbd2f7688721f771100eb4d7b4e82e2d655b?s=48&d=mm&r=g","96":"https:\/\/secure.gravatar.com\/avatar\/dc5176746c873787fa3f8df5f9bdfbd2f7688721f771100eb4d7b4e82e2d655b?s=96&d=mm&r=g"},"date":"2017-01-01T12:29:58","cld_nonce":"fccbb51e44","content":{"rendered":"<p>Tja, das kostenlose &#8211; &#8222;habsch&#8220; aber schon \u00fcberall. 2x l\u00e4uft Win10, 2x Win7, da hatte ich aber schon kurz &#8222;Win10 und zur\u00fcck nach 7), also die digitale Signatur ist da. <\/p>\n<p>Ich habe von Anfang an beim ersten Comp (2006\/7 mit 55 J\u00e4hrchen) gewu\u00dft, das ich bezgl. Win etc. nicht doof bleiben will. \u00b4n Besen kann man nutzen, ohne gro\u00df dazu zu lernen, bei Win &amp; Konsorten mu\u00df man was tun &#8211; oder ein &#8222;Otto&#8220; bleiben.<\/p>\n<p>&#8222;Huch, vor kurz war der Sohnemann noch in der Wiege, und jetzt ist er gr\u00f6\u00dfer als ich &#8211; viel gr\u00f6\u00dfer!&#8220;<\/p>\n<p>Auch das h\u00e4tte dieser Otto vorausschauend ahnen k\u00f6nnen&#8230; <img src=\"https:\/\/www.deskmodder.de\/blog\/wp-content\/plugins\/classic-smilies\/img\/icon_lol.gif\" alt=\":lol:\" class=\"wp-smiley\" \/><\/p>\n"},"status":"1"},{"id":40889,"parent":40846,"author":0,"author_name":"Brokoli1","author_email":"bujalskische@web.de","author_url":"","author_avatar_urls":{"24":"https:\/\/secure.gravatar.com\/avatar\/fe1cc970b6b92623301adc91e1f26b3a8dfe927649868a0caf16f1ba02511edd?s=24&d=mm&r=g","48":"https:\/\/secure.gravatar.com\/avatar\/fe1cc970b6b92623301adc91e1f26b3a8dfe927649868a0caf16f1ba02511edd?s=48&d=mm&r=g","96":"https:\/\/secure.gravatar.com\/avatar\/fe1cc970b6b92623301adc91e1f26b3a8dfe927649868a0caf16f1ba02511edd?s=96&d=mm&r=g"},"date":"2017-01-01T21:17:54","cld_nonce":"fccbb51e44","content":{"rendered":"<p>Man k\u00f6nnte meinen du nimmst starke Drogen oder Medizin. Vista war damals zwar sch\u00f6n anzusehen und frisst heute noch Ressourcen wie Bl\u00f6de und eiert nur vor sich her, aber so verblendet kann man doch nicht sein&#8230;. <\/p>\n<p>Windows 10 ist dagegen ein Unterschied wie von nem Opel Kadett auf eine S Klasse. Viel schneller, bequemer, effizienter, sch\u00f6ner, sicherer usw. Usw. <\/p>\n<p>Wie man freiwillig In der Aero-H\u00f6lle bleiben kann, bleibt mir ein R\u00e4tsel. Aber gut: jeder wie er will&#8230;besser als XP ?<\/p>\n"},"status":"1"},{"id":40901,"parent":40846,"author":2343,"author_name":"SirMarcvonGoskon","author_email":"marcsenn@web.de","author_url":"","author_avatar_urls":{"24":"https:\/\/secure.gravatar.com\/avatar\/9e62520146b31fd00d34e0e668aa8f0006e7445dcb1f8ee2166fee7fef2be7a3?s=24&d=mm&r=g","48":"https:\/\/secure.gravatar.com\/avatar\/9e62520146b31fd00d34e0e668aa8f0006e7445dcb1f8ee2166fee7fef2be7a3?s=48&d=mm&r=g","96":"https:\/\/secure.gravatar.com\/avatar\/9e62520146b31fd00d34e0e668aa8f0006e7445dcb1f8ee2166fee7fef2be7a3?s=96&d=mm&r=g"},"date":"2017-01-01T23:39:50","cld_nonce":"fccbb51e44","content":{"rendered":"<p>Ich fand ja vista auch gut auch weil entlich ein Windows das den ersten 64bit amd 2 core richtig unterst\u00fctzte also sofort von xp zu vista, aber auch sofort zu Win 7. <img src=\"https:\/\/www.deskmodder.de\/blog\/wp-content\/plugins\/classic-smilies\/img\/icon_smile.gif\" alt=\":)\" class=\"wp-smiley\" \/><br \/>\nFrage mich was hat Vista was Win 7 nicht hat, ausser Nachteile im speicherbereich und Speed.<\/p>\n"},"status":"1"},{"id":40902,"parent":40889,"author":0,"author_name":"Herr Hugo","author_email":"hugohilter@t-online.de","author_url":"","author_avatar_urls":{"24":"https:\/\/secure.gravatar.com\/avatar\/dc5176746c873787fa3f8df5f9bdfbd2f7688721f771100eb4d7b4e82e2d655b?s=24&d=mm&r=g","48":"https:\/\/secure.gravatar.com\/avatar\/dc5176746c873787fa3f8df5f9bdfbd2f7688721f771100eb4d7b4e82e2d655b?s=48&d=mm&r=g","96":"https:\/\/secure.gravatar.com\/avatar\/dc5176746c873787fa3f8df5f9bdfbd2f7688721f771100eb4d7b4e82e2d655b?s=96&d=mm&r=g"},"date":"2017-01-02T00:12:38","cld_nonce":"fccbb51e44","content":{"rendered":"<p>Kachel-H\u00f6llen gibt\u00b4s auch&#8230; <img src=\"https:\/\/www.deskmodder.de\/blog\/wp-content\/plugins\/classic-smilies\/img\/icon_mrgreen.gif\" alt=\":mrgreen:\" class=\"wp-smiley\" \/><\/p>\n"},"status":"1"},{"id":40933,"parent":40889,"author":0,"author_name":"velswant","author_email":"bremeriaan5@copfenda-smart.nl","author_url":"","author_avatar_urls":{"24":"https:\/\/secure.gravatar.com\/avatar\/2922bed96ec23dcbf69d096bee4dd2b9bd4aae3980a5284562fc76c6a5e9956b?s=24&d=mm&r=g","48":"https:\/\/secure.gravatar.com\/avatar\/2922bed96ec23dcbf69d096bee4dd2b9bd4aae3980a5284562fc76c6a5e9956b?s=48&d=mm&r=g","96":"https:\/\/secure.gravatar.com\/avatar\/2922bed96ec23dcbf69d096bee4dd2b9bd4aae3980a5284562fc76c6a5e9956b?s=96&d=mm&r=g"},"date":"2017-01-02T09:42:11","cld_nonce":"fccbb51e44","content":{"rendered":"<p>Dumm nur, das w10 datenschutztechnisch ein Alptraum darstellt, eig ein noGo f\u00fcr jeden der 2g common sense einzusetzen bereit bzw. in der Lage ist. Man kann zwar alles &#8222;abstellen&#8220;, es werden dann aber bewiesenerma\u00dfen weiterhin Daten zu MS geschaufelt.<br \/>\nDazu kommt, dass permanent etwas schief l\u00e4uft (updates), dass der krude Update-Zwang eine Zumutung ist, eigentlich.<br \/>\nAber Hauptsache sch\u00f6n bunt, dann wird noch jeder indiskutable Bl\u00f6dsinn &#8222;unterschrieben&#8220;&#8230;<\/p>\n"},"status":"1"},{"id":40941,"parent":40933,"author":0,"author_name":"arcticocean","author_email":"trash_acc@gmx.net","author_url":"","author_avatar_urls":{"24":"https:\/\/secure.gravatar.com\/avatar\/4c7424dc5ab84a9d1ea050f4bc8293af5505cf90e7cade0001f388ea02806ef9?s=24&d=mm&r=g","48":"https:\/\/secure.gravatar.com\/avatar\/4c7424dc5ab84a9d1ea050f4bc8293af5505cf90e7cade0001f388ea02806ef9?s=48&d=mm&r=g","96":"https:\/\/secure.gravatar.com\/avatar\/4c7424dc5ab84a9d1ea050f4bc8293af5505cf90e7cade0001f388ea02806ef9?s=96&d=mm&r=g"},"date":"2017-01-02T11:23:46","cld_nonce":"fccbb51e44","content":{"rendered":"<p>Also mein Win 10 ist gr\u00f6\u00dftenteils schwarz. Wenn es bei dir bunt ist, solltest du deine Monitoreinstellungen \u00fcberpr\u00fcfen. Vielleicht funktioniert der ausgediente Win7-Aluhut-Grafiktreiber auch nicht mehr richtig <img src=\"https:\/\/www.deskmodder.de\/blog\/wp-content\/plugins\/classic-smilies\/img\/icon_biggrin.gif\" alt=\":D\" class=\"wp-smiley\" \/><\/p>\n"},"status":"1"},{"id":40943,"parent":0,"author":0,"author_name":"Herr Hugo","author_email":"hugohilter@t-online.de","author_url":"","author_avatar_urls":{"24":"https:\/\/secure.gravatar.com\/avatar\/dc5176746c873787fa3f8df5f9bdfbd2f7688721f771100eb4d7b4e82e2d655b?s=24&d=mm&r=g","48":"https:\/\/secure.gravatar.com\/avatar\/dc5176746c873787fa3f8df5f9bdfbd2f7688721f771100eb4d7b4e82e2d655b?s=48&d=mm&r=g","96":"https:\/\/secure.gravatar.com\/avatar\/dc5176746c873787fa3f8df5f9bdfbd2f7688721f771100eb4d7b4e82e2d655b?s=96&d=mm&r=g"},"date":"2017-01-02T12:15:50","cld_nonce":"fccbb51e44","content":{"rendered":"<p>@arcticocean: der mu\u00df in 2017 die erste kleine Breitseite von mir ertragen, grins! <img src=\"https:\/\/www.deskmodder.de\/blog\/wp-content\/plugins\/classic-smilies\/img\/icon_smile.gif\" alt=\":-)\" class=\"wp-smiley\" \/> <\/p>\n<p>Auch Leutchen, die noch Win7 bzw. 7 als Haupt-OS, 10 nebenher benutzen, k\u00f6nnen mitunter:<\/p>\n<p>&#8211; ihre Monitore z\u00e4hlen<br \/>\n&#8211; deren Einstellungen pr\u00fcfen<br \/>\n&#8211; ihre Alu-M\u00fctzen kurz l\u00fcften<\/p>\n<p>@velswant (eine Abwandlung von Felswand?): bei Win10 im Urzustand die beiden Worte &#8222;sch\u00f6n&#8220; und &#8222;bunt&#8220; zu nutzen, k\u00f6nnte zumindes ich mir nicht vorstellen&#8230; <img src=\"https:\/\/www.deskmodder.de\/blog\/wp-content\/plugins\/classic-smilies\/img\/icon_smile.gif\" alt=\":-)\" class=\"wp-smiley\" \/><\/p>\n"},"status":"1"}],"wp_author":{"id":1525,"name":"W8U","description":"Technikliebhaber aus Niedersachsen und seit 2013 bei den Deskmoddern. Interessiert sich f\u00fcr (fast) alles, durch das Strom flie\u00dft: Computer, Smartphones, Tablets, Autos und so weiter.","author_avatar_urls":{"24":"https:\/\/secure.gravatar.com\/avatar\/a1e9db99fdd71a9ae2c516203e3fcd390817fa98f868eb9ba6d4a77d1a815cd4?s=24&d=mm&r=g","48":"https:\/\/secure.gravatar.com\/avatar\/a1e9db99fdd71a9ae2c516203e3fcd390817fa98f868eb9ba6d4a77d1a815cd4?s=48&d=mm&r=g","96":"https:\/\/secure.gravatar.com\/avatar\/a1e9db99fdd71a9ae2c516203e3fcd390817fa98f868eb9ba6d4a77d1a815cd4?s=96&d=mm&r=g"}},"cld_nonce":"fccbb51e44","yoast_head":"<!-- This site is optimized with the Yoast SEO Premium plugin v27.4 (Yoast SEO v27.4) - https:\/\/yoast.com\/product\/yoast-seo-premium-wordpress\/ -->\n<title>Erinnerung: Erweiterter Support f\u00fcr Windows Vista endet n\u00e4chstes Jahr - Deskmodder.de<\/title>\n<meta name=\"robots\" content=\"index, follow, max-snippet:-1, max-image-preview:large, max-video-preview:-1\" \/>\n<link rel=\"canonical\" href=\"https:\/\/www.deskmodder.de\/blog\/2016\/12\/31\/erinnerung-erweiterter-support-fuer-windows-vista-endet-naechstes-jahr\/\" \/>\n<meta property=\"og:locale\" content=\"de_DE\" \/>\n<meta property=\"og:type\" content=\"article\" \/>\n<meta property=\"og:title\" content=\"Erinnerung: Erweiterter Support f\u00fcr Windows Vista endet n\u00e4chstes Jahr\" \/>\n<meta property=\"og:description\" content=\"Nur noch gute vier Monate sind es bis zum Support-Ende von Windows Vista. Denn am 11. April 2017 endet auch der sogenannte &#8222;erweiterte Support&#8220; &#8211; gemeint sind damit Sicherheitsupdates. Langsam aber sicher wird ein Vista-PC mit Internetverbindung zum Risiko f\u00fcr&hellip;\" \/>\n<meta property=\"og:url\" content=\"https:\/\/www.deskmodder.de\/blog\/2016\/12\/31\/erinnerung-erweiterter-support-fuer-windows-vista-endet-naechstes-jahr\/\" \/>\n<meta property=\"og:site_name\" content=\"Deskmodder.de\" \/>\n<meta property=\"article:publisher\" content=\"https:\/\/www.facebook.com\/Deskmodder\" \/>\n<meta property=\"article:published_time\" content=\"2016-12-31T13:43:55+00:00\" \/>\n<meta property=\"article:modified_time\" content=\"2016-12-31T16:50:48+00:00\" \/>\n<meta property=\"og:image\" content=\"https:\/\/www.deskmodder.de\/blog\/wp-content\/uploads\/2016\/12\/IMG_4196.png\" \/>\n\t<meta property=\"og:image:width\" content=\"800\" \/>\n\t<meta property=\"og:image:height\" content=\"600\" \/>\n\t<meta property=\"og:image:type\" content=\"image\/png\" \/>\n<meta name=\"author\" content=\"W8U\" \/>\n<meta name=\"twitter:card\" content=\"summary_large_image\" \/>\n<meta name=\"twitter:creator\" content=\"@Deskmodder\" \/>\n<meta name=\"twitter:site\" content=\"@Deskmodder\" \/>\n<script type=\"application\/ld+json\" class=\"yoast-schema-graph\">{\"@context\":\"https:\\\/\\\/schema.org\",\"@graph\":[{\"@type\":\"Article\",\"@id\":\"https:\\\/\\\/www.deskmodder.de\\\/blog\\\/2016\\\/12\\\/31\\\/erinnerung-erweiterter-support-fuer-windows-vista-endet-naechstes-jahr\\\/#article\",\"isPartOf\":{\"@id\":\"https:\\\/\\\/www.deskmodder.de\\\/blog\\\/2016\\\/12\\\/31\\\/erinnerung-erweiterter-support-fuer-windows-vista-endet-naechstes-jahr\\\/\"},\"author\":{\"name\":\"W8U\",\"@id\":\"https:\\\/\\\/www.deskmodder.de\\\/blog\\\/#\\\/schema\\\/person\\\/f3c70b4f4860c9fcc4c04057ed04f469\"},\"headline\":\"Erinnerung: Erweiterter Support f\u00fcr Windows Vista endet n\u00e4chstes Jahr\",\"datePublished\":\"2016-12-31T13:43:55+00:00\",\"dateModified\":\"2016-12-31T16:50:48+00:00\",\"mainEntityOfPage\":{\"@id\":\"https:\\\/\\\/www.deskmodder.de\\\/blog\\\/2016\\\/12\\\/31\\\/erinnerung-erweiterter-support-fuer-windows-vista-endet-naechstes-jahr\\\/\"},\"wordCount\":114,\"commentCount\":10,\"publisher\":{\"@id\":\"https:\\\/\\\/www.deskmodder.de\\\/blog\\\/#organization\"},\"image\":{\"@id\":\"https:\\\/\\\/www.deskmodder.de\\\/blog\\\/2016\\\/12\\\/31\\\/erinnerung-erweiterter-support-fuer-windows-vista-endet-naechstes-jahr\\\/#primaryimage\"},\"thumbnailUrl\":\"https:\\\/\\\/www.deskmodder.de\\\/blog\\\/wp-content\\\/uploads\\\/2016\\\/12\\\/IMG_4196.png\",\"keywords\":[\"Ende\",\"extended support\",\"Microsoft\",\"windows vista\"],\"articleSection\":[\"Windows \u00e4lter\"],\"inLanguage\":\"de\",\"potentialAction\":[{\"@type\":\"CommentAction\",\"name\":\"Comment\",\"target\":[\"https:\\\/\\\/www.deskmodder.de\\\/blog\\\/2016\\\/12\\\/31\\\/erinnerung-erweiterter-support-fuer-windows-vista-endet-naechstes-jahr\\\/#respond\"]}],\"copyrightYear\":\"2016\",\"copyrightHolder\":{\"@id\":\"https:\\\/\\\/www.deskmodder.de\\\/blog\\\/#organization\"}},{\"@type\":\"WebPage\",\"@id\":\"https:\\\/\\\/www.deskmodder.de\\\/blog\\\/2016\\\/12\\\/31\\\/erinnerung-erweiterter-support-fuer-windows-vista-endet-naechstes-jahr\\\/\",\"url\":\"https:\\\/\\\/www.deskmodder.de\\\/blog\\\/2016\\\/12\\\/31\\\/erinnerung-erweiterter-support-fuer-windows-vista-endet-naechstes-jahr\\\/\",\"name\":\"Erinnerung: Erweiterter Support f\u00fcr Windows Vista endet n\u00e4chstes Jahr - Deskmodder.de\",\"isPartOf\":{\"@id\":\"https:\\\/\\\/www.deskmodder.de\\\/blog\\\/#website\"},\"primaryImageOfPage\":{\"@id\":\"https:\\\/\\\/www.deskmodder.de\\\/blog\\\/2016\\\/12\\\/31\\\/erinnerung-erweiterter-support-fuer-windows-vista-endet-naechstes-jahr\\\/#primaryimage\"},\"image\":{\"@id\":\"https:\\\/\\\/www.deskmodder.de\\\/blog\\\/2016\\\/12\\\/31\\\/erinnerung-erweiterter-support-fuer-windows-vista-endet-naechstes-jahr\\\/#primaryimage\"},\"thumbnailUrl\":\"https:\\\/\\\/www.deskmodder.de\\\/blog\\\/wp-content\\\/uploads\\\/2016\\\/12\\\/IMG_4196.png\",\"datePublished\":\"2016-12-31T13:43:55+00:00\",\"dateModified\":\"2016-12-31T16:50:48+00:00\",\"breadcrumb\":{\"@id\":\"https:\\\/\\\/www.deskmodder.de\\\/blog\\\/2016\\\/12\\\/31\\\/erinnerung-erweiterter-support-fuer-windows-vista-endet-naechstes-jahr\\\/#breadcrumb\"},\"inLanguage\":\"de\",\"potentialAction\":[{\"@type\":\"ReadAction\",\"target\":[\"https:\\\/\\\/www.deskmodder.de\\\/blog\\\/2016\\\/12\\\/31\\\/erinnerung-erweiterter-support-fuer-windows-vista-endet-naechstes-jahr\\\/\"]}]},{\"@type\":\"ImageObject\",\"inLanguage\":\"de\",\"@id\":\"https:\\\/\\\/www.deskmodder.de\\\/blog\\\/2016\\\/12\\\/31\\\/erinnerung-erweiterter-support-fuer-windows-vista-endet-naechstes-jahr\\\/#primaryimage\",\"url\":\"https:\\\/\\\/www.deskmodder.de\\\/blog\\\/wp-content\\\/uploads\\\/2016\\\/12\\\/IMG_4196.png\",\"contentUrl\":\"https:\\\/\\\/www.deskmodder.de\\\/blog\\\/wp-content\\\/uploads\\\/2016\\\/12\\\/IMG_4196.png\",\"width\":800,\"height\":600},{\"@type\":\"BreadcrumbList\",\"@id\":\"https:\\\/\\\/www.deskmodder.de\\\/blog\\\/2016\\\/12\\\/31\\\/erinnerung-erweiterter-support-fuer-windows-vista-endet-naechstes-jahr\\\/#breadcrumb\",\"itemListElement\":[{\"@type\":\"ListItem\",\"position\":1,\"name\":\"Startseite\",\"item\":\"https:\\\/\\\/www.deskmodder.de\\\/blog\\\/\"},{\"@type\":\"ListItem\",\"position\":2,\"name\":\"Erinnerung: Erweiterter Support f\u00fcr Windows Vista endet n\u00e4chstes Jahr\"}]},{\"@type\":\"WebSite\",\"@id\":\"https:\\\/\\\/www.deskmodder.de\\\/blog\\\/#website\",\"url\":\"https:\\\/\\\/www.deskmodder.de\\\/blog\\\/\",\"name\":\"Deskmodder.de\",\"description\":\"News zum Thema Microsoft, Windows 11 \\\/ 10, sowie anderen Neuigkeiten aus dem Netz, viele Tipps und individuelle Hilfe bei Problemen in unserem Forum \u25cf Deskmodder - seit 2003\",\"publisher\":{\"@id\":\"https:\\\/\\\/www.deskmodder.de\\\/blog\\\/#organization\"},\"potentialAction\":[{\"@type\":\"SearchAction\",\"target\":{\"@type\":\"EntryPoint\",\"urlTemplate\":\"https:\\\/\\\/www.deskmodder.de\\\/blog\\\/?s={search_term_string}\"},\"query-input\":{\"@type\":\"PropertyValueSpecification\",\"valueRequired\":true,\"valueName\":\"search_term_string\"}}],\"inLanguage\":\"de\"},{\"@type\":\"Organization\",\"@id\":\"https:\\\/\\\/www.deskmodder.de\\\/blog\\\/#organization\",\"name\":\"Deskmodder\",\"url\":\"https:\\\/\\\/www.deskmodder.de\\\/blog\\\/\",\"logo\":{\"@type\":\"ImageObject\",\"inLanguage\":\"de\",\"@id\":\"https:\\\/\\\/www.deskmodder.de\\\/blog\\\/#\\\/schema\\\/logo\\\/image\\\/\",\"url\":\"https:\\\/\\\/www.deskmodder.de\\\/blog\\\/wp-content\\\/uploads\\\/2019\\\/01\\\/deskmodder-logo-app.png\",\"contentUrl\":\"https:\\\/\\\/www.deskmodder.de\\\/blog\\\/wp-content\\\/uploads\\\/2019\\\/01\\\/deskmodder-logo-app.png\",\"width\":281,\"height\":286,\"caption\":\"Deskmodder\"},\"image\":{\"@id\":\"https:\\\/\\\/www.deskmodder.de\\\/blog\\\/#\\\/schema\\\/logo\\\/image\\\/\"},\"sameAs\":[\"https:\\\/\\\/www.facebook.com\\\/Deskmodder\",\"https:\\\/\\\/x.com\\\/Deskmodder\",\"https:\\\/\\\/mastodontech.de\\\/@Deskmodder\",\"https:\\\/\\\/www.youtube.com\\\/user\\\/deskmodder\",\"https:\\\/\\\/mewe.com\\\/group\\\/5c83b5231add826fc80cdae1\"]},{\"@type\":\"Person\",\"@id\":\"https:\\\/\\\/www.deskmodder.de\\\/blog\\\/#\\\/schema\\\/person\\\/f3c70b4f4860c9fcc4c04057ed04f469\",\"name\":\"W8U\",\"image\":{\"@type\":\"ImageObject\",\"inLanguage\":\"de\",\"@id\":\"https:\\\/\\\/secure.gravatar.com\\\/avatar\\\/a1e9db99fdd71a9ae2c516203e3fcd390817fa98f868eb9ba6d4a77d1a815cd4?s=96&d=mm&r=g\",\"url\":\"https:\\\/\\\/secure.gravatar.com\\\/avatar\\\/a1e9db99fdd71a9ae2c516203e3fcd390817fa98f868eb9ba6d4a77d1a815cd4?s=96&d=mm&r=g\",\"contentUrl\":\"https:\\\/\\\/secure.gravatar.com\\\/avatar\\\/a1e9db99fdd71a9ae2c516203e3fcd390817fa98f868eb9ba6d4a77d1a815cd4?s=96&d=mm&r=g\",\"caption\":\"W8U\"},\"description\":\"Technikliebhaber aus Niedersachsen und seit 2013 bei den Deskmoddern. Interessiert sich f\u00fcr (fast) alles, durch das Strom flie\u00dft: Computer, Smartphones, Tablets, Autos und so weiter.\",\"url\":\"https:\\\/\\\/www.deskmodder.de\\\/blog\\\/author\\\/w8u\\\/\"}]}<\/script>\n<!-- \/ Yoast SEO Premium plugin. -->","yoast_head_json":{"title":"Erinnerung: Erweiterter Support f\u00fcr Windows Vista endet n\u00e4chstes Jahr - Deskmodder.de","robots":{"index":"index","follow":"follow","max-snippet":"max-snippet:-1","max-image-preview":"max-image-preview:large","max-video-preview":"max-video-preview:-1"},"canonical":"https:\/\/www.deskmodder.de\/blog\/2016\/12\/31\/erinnerung-erweiterter-support-fuer-windows-vista-endet-naechstes-jahr\/","og_locale":"de_DE","og_type":"article","og_title":"Erinnerung: Erweiterter Support f\u00fcr Windows Vista endet n\u00e4chstes Jahr","og_description":"Nur noch gute vier Monate sind es bis zum Support-Ende von Windows Vista. Denn am 11. April 2017 endet auch der sogenannte &#8222;erweiterte Support&#8220; &#8211; gemeint sind damit Sicherheitsupdates. Langsam aber sicher wird ein Vista-PC mit Internetverbindung zum Risiko f\u00fcr&hellip;","og_url":"https:\/\/www.deskmodder.de\/blog\/2016\/12\/31\/erinnerung-erweiterter-support-fuer-windows-vista-endet-naechstes-jahr\/","og_site_name":"Deskmodder.de","article_publisher":"https:\/\/www.facebook.com\/Deskmodder","article_published_time":"2016-12-31T13:43:55+00:00","article_modified_time":"2016-12-31T16:50:48+00:00","og_image":[{"width":800,"height":600,"url":"https:\/\/www.deskmodder.de\/blog\/wp-content\/uploads\/2016\/12\/IMG_4196.png","type":"image\/png"}],"author":"W8U","twitter_card":"summary_large_image","twitter_creator":"@Deskmodder","twitter_site":"@Deskmodder","schema":{"@context":"https:\/\/schema.org","@graph":[{"@type":"Article","@id":"https:\/\/www.deskmodder.de\/blog\/2016\/12\/31\/erinnerung-erweiterter-support-fuer-windows-vista-endet-naechstes-jahr\/#article","isPartOf":{"@id":"https:\/\/www.deskmodder.de\/blog\/2016\/12\/31\/erinnerung-erweiterter-support-fuer-windows-vista-endet-naechstes-jahr\/"},"author":{"name":"W8U","@id":"https:\/\/www.deskmodder.de\/blog\/#\/schema\/person\/f3c70b4f4860c9fcc4c04057ed04f469"},"headline":"Erinnerung: Erweiterter Support f\u00fcr Windows Vista endet n\u00e4chstes Jahr","datePublished":"2016-12-31T13:43:55+00:00","dateModified":"2016-12-31T16:50:48+00:00","mainEntityOfPage":{"@id":"https:\/\/www.deskmodder.de\/blog\/2016\/12\/31\/erinnerung-erweiterter-support-fuer-windows-vista-endet-naechstes-jahr\/"},"wordCount":114,"commentCount":10,"publisher":{"@id":"https:\/\/www.deskmodder.de\/blog\/#organization"},"image":{"@id":"https:\/\/www.deskmodder.de\/blog\/2016\/12\/31\/erinnerung-erweiterter-support-fuer-windows-vista-endet-naechstes-jahr\/#primaryimage"},"thumbnailUrl":"https:\/\/www.deskmodder.de\/blog\/wp-content\/uploads\/2016\/12\/IMG_4196.png","keywords":["Ende","extended support","Microsoft","windows vista"],"articleSection":["Windows \u00e4lter"],"inLanguage":"de","potentialAction":[{"@type":"CommentAction","name":"Comment","target":["https:\/\/www.deskmodder.de\/blog\/2016\/12\/31\/erinnerung-erweiterter-support-fuer-windows-vista-endet-naechstes-jahr\/#respond"]}],"copyrightYear":"2016","copyrightHolder":{"@id":"https:\/\/www.deskmodder.de\/blog\/#organization"}},{"@type":"WebPage","@id":"https:\/\/www.deskmodder.de\/blog\/2016\/12\/31\/erinnerung-erweiterter-support-fuer-windows-vista-endet-naechstes-jahr\/","url":"https:\/\/www.deskmodder.de\/blog\/2016\/12\/31\/erinnerung-erweiterter-support-fuer-windows-vista-endet-naechstes-jahr\/","name":"Erinnerung: Erweiterter Support f\u00fcr Windows Vista endet n\u00e4chstes Jahr - Deskmodder.de","isPartOf":{"@id":"https:\/\/www.deskmodder.de\/blog\/#website"},"primaryImageOfPage":{"@id":"https:\/\/www.deskmodder.de\/blog\/2016\/12\/31\/erinnerung-erweiterter-support-fuer-windows-vista-endet-naechstes-jahr\/#primaryimage"},"image":{"@id":"https:\/\/www.deskmodder.de\/blog\/2016\/12\/31\/erinnerung-erweiterter-support-fuer-windows-vista-endet-naechstes-jahr\/#primaryimage"},"thumbnailUrl":"https:\/\/www.deskmodder.de\/blog\/wp-content\/uploads\/2016\/12\/IMG_4196.png","datePublished":"2016-12-31T13:43:55+00:00","dateModified":"2016-12-31T16:50:48+00:00","breadcrumb":{"@id":"https:\/\/www.deskmodder.de\/blog\/2016\/12\/31\/erinnerung-erweiterter-support-fuer-windows-vista-endet-naechstes-jahr\/#breadcrumb"},"inLanguage":"de","potentialAction":[{"@type":"ReadAction","target":["https:\/\/www.deskmodder.de\/blog\/2016\/12\/31\/erinnerung-erweiterter-support-fuer-windows-vista-endet-naechstes-jahr\/"]}]},{"@type":"ImageObject","inLanguage":"de","@id":"https:\/\/www.deskmodder.de\/blog\/2016\/12\/31\/erinnerung-erweiterter-support-fuer-windows-vista-endet-naechstes-jahr\/#primaryimage","url":"https:\/\/www.deskmodder.de\/blog\/wp-content\/uploads\/2016\/12\/IMG_4196.png","contentUrl":"https:\/\/www.deskmodder.de\/blog\/wp-content\/uploads\/2016\/12\/IMG_4196.png","width":800,"height":600},{"@type":"BreadcrumbList","@id":"https:\/\/www.deskmodder.de\/blog\/2016\/12\/31\/erinnerung-erweiterter-support-fuer-windows-vista-endet-naechstes-jahr\/#breadcrumb","itemListElement":[{"@type":"ListItem","position":1,"name":"Startseite","item":"https:\/\/www.deskmodder.de\/blog\/"},{"@type":"ListItem","position":2,"name":"Erinnerung: Erweiterter Support f\u00fcr Windows Vista endet n\u00e4chstes Jahr"}]},{"@type":"WebSite","@id":"https:\/\/www.deskmodder.de\/blog\/#website","url":"https:\/\/www.deskmodder.de\/blog\/","name":"Deskmodder.de","description":"News zum Thema Microsoft, Windows 11 \/ 10, sowie anderen Neuigkeiten aus dem Netz, viele Tipps und individuelle Hilfe bei Problemen in unserem Forum \u25cf Deskmodder - seit 2003","publisher":{"@id":"https:\/\/www.deskmodder.de\/blog\/#organization"},"potentialAction":[{"@type":"SearchAction","target":{"@type":"EntryPoint","urlTemplate":"https:\/\/www.deskmodder.de\/blog\/?s={search_term_string}"},"query-input":{"@type":"PropertyValueSpecification","valueRequired":true,"valueName":"search_term_string"}}],"inLanguage":"de"},{"@type":"Organization","@id":"https:\/\/www.deskmodder.de\/blog\/#organization","name":"Deskmodder","url":"https:\/\/www.deskmodder.de\/blog\/","logo":{"@type":"ImageObject","inLanguage":"de","@id":"https:\/\/www.deskmodder.de\/blog\/#\/schema\/logo\/image\/","url":"https:\/\/www.deskmodder.de\/blog\/wp-content\/uploads\/2019\/01\/deskmodder-logo-app.png","contentUrl":"https:\/\/www.deskmodder.de\/blog\/wp-content\/uploads\/2019\/01\/deskmodder-logo-app.png","width":281,"height":286,"caption":"Deskmodder"},"image":{"@id":"https:\/\/www.deskmodder.de\/blog\/#\/schema\/logo\/image\/"},"sameAs":["https:\/\/www.facebook.com\/Deskmodder","https:\/\/x.com\/Deskmodder","https:\/\/mastodontech.de\/@Deskmodder","https:\/\/www.youtube.com\/user\/deskmodder","https:\/\/mewe.com\/group\/5c83b5231add826fc80cdae1"]},{"@type":"Person","@id":"https:\/\/www.deskmodder.de\/blog\/#\/schema\/person\/f3c70b4f4860c9fcc4c04057ed04f469","name":"W8U","image":{"@type":"ImageObject","inLanguage":"de","@id":"https:\/\/secure.gravatar.com\/avatar\/a1e9db99fdd71a9ae2c516203e3fcd390817fa98f868eb9ba6d4a77d1a815cd4?s=96&d=mm&r=g","url":"https:\/\/secure.gravatar.com\/avatar\/a1e9db99fdd71a9ae2c516203e3fcd390817fa98f868eb9ba6d4a77d1a815cd4?s=96&d=mm&r=g","contentUrl":"https:\/\/secure.gravatar.com\/avatar\/a1e9db99fdd71a9ae2c516203e3fcd390817fa98f868eb9ba6d4a77d1a815cd4?s=96&d=mm&r=g","caption":"W8U"},"description":"Technikliebhaber aus Niedersachsen und seit 2013 bei den Deskmoddern. Interessiert sich f\u00fcr (fast) alles, durch das Strom flie\u00dft: Computer, Smartphones, Tablets, Autos und so weiter.","url":"https:\/\/www.deskmodder.de\/blog\/author\/w8u\/"}]}},"jetpack_publicize_connections":[],"jetpack_featured_media_url":"https:\/\/www.deskmodder.de\/blog\/wp-content\/uploads\/2016\/12\/IMG_4196.png","_links":{"self":[{"href":"https:\/\/www.deskmodder.de\/blog\/wp-json\/wp\/v2\/posts\/77142","targetHints":{"allow":["GET"]}}],"collection":[{"href":"https:\/\/www.deskmodder.de\/blog\/wp-json\/wp\/v2\/posts"}],"about":[{"href":"https:\/\/www.deskmodder.de\/blog\/wp-json\/wp\/v2\/types\/post"}],"author":[{"embeddable":true,"href":"https:\/\/www.deskmodder.de\/blog\/wp-json\/wp\/v2\/users\/1525"}],"replies":[{"embeddable":true,"href":"https:\/\/www.deskmodder.de\/blog\/wp-json\/wp\/v2\/comments?post=77142"}],"version-history":[{"count":0,"href":"https:\/\/www.deskmodder.de\/blog\/wp-json\/wp\/v2\/posts\/77142\/revisions"}],"wp:featuredmedia":[{"embeddable":true,"href":"https:\/\/www.deskmodder.de\/blog\/wp-json\/wp\/v2\/media\/77543"}],"wp:attachment":[{"href":"https:\/\/www.deskmodder.de\/blog\/wp-json\/wp\/v2\/media?parent=77142"}],"wp:term":[{"taxonomy":"category","embeddable":true,"href":"https:\/\/www.deskmodder.de\/blog\/wp-json\/wp\/v2\/categories?post=77142"},{"taxonomy":"post_tag","embeddable":true,"href":"https:\/\/www.deskmodder.de\/blog\/wp-json\/wp\/v2\/tags?post=77142"}],"curies":[{"name":"wp","href":"https:\/\/api.w.org\/{rel}","templated":true}]}}