{"id":7591,"date":"2013-06-12T12:55:54","date_gmt":"2013-06-12T10:55:54","guid":{"rendered":"http:\/\/www.deskmodder.de\/blog\/?p=7591"},"modified":"2023-01-14T17:16:18","modified_gmt":"2023-01-14T16:16:18","slug":"windows-raeumt-nach-dem-juni-patchday-richtig-auf","status":"publish","type":"post","link":"https:\/\/www.deskmodder.de\/blog\/2013\/06\/12\/windows-raeumt-nach-dem-juni-patchday-richtig-auf\/","title":{"rendered":"Windows r\u00e4umt nach dem Juni Patchday richtig auf [Update]"},"content":{"rendered":"<p><a href=\"http:\/\/www.deskmodder.de\/blog\/wp-content\/uploads\/2013\/06\/patchday-bereinigung.jpg\" rel=\"lightbox[7591]\"><img loading=\"lazy\" decoding=\"async\" src=\"http:\/\/www.deskmodder.de\/blog\/wp-content\/uploads\/2013\/06\/patchday-bereinigung-121x150.jpg\" alt=\"patchday-bereinigung\" width=\"121\" height=\"150\" class=\"alignleft size-medium wp-image-7594\" srcset=\"https:\/\/www.deskmodder.de\/blog\/wp-content\/uploads\/2013\/06\/patchday-bereinigung-121x150.jpg 121w, https:\/\/www.deskmodder.de\/blog\/wp-content\/uploads\/2013\/06\/patchday-bereinigung.jpg 387w\" sizes=\"auto, (max-width: 121px) 100vw, 121px\" \/><\/a>Nach den vielen Juni Updates f\u00fcr Windows 8, ist Windows  2x neugestartet. Es waren ja auch einige sehr wichtige Updates dabei. Soweit habe ich mir nichts dabei gedacht. Da es wieder einmal Zeit wurde C: zu bereinigen, hab ich den Arbeitsplatz (Computer) aufgerufen, Eigenschaften und Bereinigen angeklickt.<br \/>\nDanach wird das Fenster angezeigt und dort dann noch einmal auf Systemdateien bereinigen klicken.<br \/>\nDabei ist mir aufgefallen, dass unter Windows Update-Bereinigung 374 MB stehen. Dieses sind alte Updates die Windows nicht mehr ben\u00f6tigt.<br \/>\nNehmt euch aber etwas Zeit daf\u00fcr (K\u00e4ffchen schl\u00fcrfen gehen), denn Windows muss diese meist komprimierten Dateien erst entpacken und die neuen dann wieder packen. Die CPU bekommt dabei ordentlich was zu tun.<br \/>\nIn der Anzeige  Installierte Updates waren nach der Bereinigung bei mir 6 Updates weniger.<!--more--><\/p>\n<p>Auf jeden Fall lohnt es sich die Bereinigung auszuf\u00fchren, wenn der Juni Patchday installiert wurde.<br \/>\nOb das Ganze nun schon ein Prozess oder Test f\u00fcr das Windows 8.1 Update ist, l\u00e4sst sich schwer sagen.<br \/>\nDenn es wurde angek\u00fcndigt das die Komprimierung verbessert werden soll.<br \/>\n<strong>[Update]<\/strong> Im versteckten  Ordner <strong>Winsxs<\/strong> wird eine Reserve.tmp angelegt die eine Gr\u00f6sse von <strong>3 GB<\/strong> f\u00fcr x64 und <a href=\"http:\/\/www.deskmodder.de\/blog\/wp-content\/uploads\/2013\/06\/patchday-bereinigung-1.jpg\" rel=\"lightbox[7591]\"><img loading=\"lazy\" decoding=\"async\" src=\"http:\/\/www.deskmodder.de\/blog\/wp-content\/uploads\/2013\/06\/patchday-bereinigung-1-150x134.jpg\" alt=\"patchday-bereinigung-1\" width=\"150\" height=\"134\" class=\"alignleft size-medium wp-image-7602\" srcset=\"https:\/\/www.deskmodder.de\/blog\/wp-content\/uploads\/2013\/06\/patchday-bereinigung-1-150x134.jpg 150w, https:\/\/www.deskmodder.de\/blog\/wp-content\/uploads\/2013\/06\/patchday-bereinigung-1-500x448.jpg 500w, https:\/\/www.deskmodder.de\/blog\/wp-content\/uploads\/2013\/06\/patchday-bereinigung-1.jpg 503w\" sizes=\"auto, (max-width: 150px) 100vw, 150px\" \/><\/a> <strong>2 GB<\/strong> f\u00fcr x32 hat. Damit wird sich Windows wohl den Platz (Platzhalter) f\u00fcr das grosse Update auf Windows 8.1 sichern.<br \/>\n<em>Danke an Mona f\u00fcr den Tipp.<\/em><br \/>\nVerantwortlich f\u00fcr diesen Platzhalter ist das <a href='http:\/\/support.microsoft.com\/kb\/2821895'\" target=\"_blank\"' rel=\"noopener noreferrer\"><strong>kb2821895<\/strong><\/a><\/p>\n<p>[Update 2] Hier die genaue Erkl\u00e4rung: <a href='http:\/\/www.deskmodder.de\/blog\/2013\/06\/13\/windows-8-kb2821895-und-die-mysterioese-reserve-tmp\/'\" target=\"_blank\"' rel=\"noopener noreferrer\">Windows 8 KB2821895 und die mysteri\u00f6se Reserve.tmp<\/a><\/p>\n<p>Und nebenbei: Auch f\u00fcr den Adobe Flashplayer <a href='http:\/\/get.adobe.com\/flashplayer\/'\" target=\"_blank\"' rel=\"noopener noreferrer\">Link<\/a> sowie Adobe Air <a href='http:\/\/get.adobe.com\/de\/air\/'\" target=\"_blank\"' rel=\"noopener noreferrer\">Link<\/a> sind wichtige (kritische) Updates vorhanden.<\/p>\n","protected":false},"excerpt":{"rendered":"<p>Nach den vielen Juni Updates f\u00fcr Windows 8, ist Windows 2x neugestartet. Es waren ja auch einige sehr wichtige Updates dabei. Soweit habe ich mir nichts dabei gedacht. Da es wieder einmal Zeit wurde C: zu bereinigen, hab ich den&hellip; <\/p>\n","protected":false},"author":134,"featured_media":7594,"comment_status":"open","ping_status":"open","sticky":false,"template":"","format":"standard","meta":{"jetpack_post_was_ever_published":false,"footnotes":"","jetpack_publicize_message":"","jetpack_publicize_feature_enabled":true,"jetpack_social_post_already_shared":false,"jetpack_social_options":{"image_generator_settings":{"template":"highway","default_image_id":0,"font":"","enabled":false},"version":2}},"categories":[1,11],"tags":[2052,2051,2053],"class_list":["post-7591","post","type-post","status-publish","format-standard","has-post-thumbnail","hentry","category-allgemein","category-windows","tag-bereinigen-nach-updates","tag-patchday-juni","tag-reserve-tmp"],"wp_featured_image":{"id":7594,"alt_text":"","description":"","media_type":"image","media_details":{"width":387,"height":478,"file":"2013\/06\/patchday-bereinigung.jpg","sizes":{"thumbnail":{"file":"patchday-bereinigung-150x150.jpg","width":150,"height":150,"mime-type":"image\/jpeg","source_url":"https:\/\/www.deskmodder.de\/blog\/wp-content\/uploads\/2013\/06\/patchday-bereinigung-150x150.jpg"},"medium":{"file":"patchday-bereinigung-121x150.jpg","width":121,"height":150,"mime-type":"image\/jpeg","source_url":"https:\/\/www.deskmodder.de\/blog\/wp-content\/uploads\/2013\/06\/patchday-bereinigung-121x150.jpg"}},"image_meta":{"aperture":0,"credit":"","camera":"","caption":"","created_timestamp":0,"copyright":"","focal_length":0,"iso":0,"shutter_speed":0,"title":""}},"post":7591,"source_url":"https:\/\/www.deskmodder.de\/blog\/wp-content\/uploads\/2013\/06\/patchday-bereinigung.jpg"},"commentcount":3,"wp_comments":[{"id":2460,"parent":0,"author":0,"author_name":"","author_email":"","author_url":"http:\/\/www.drwindows.de\/windows-news\/65388-uber-tellerrand-geschaut-news-12-06-13-a.html#post520669","author_avatar_urls":{"24":"https:\/\/secure.gravatar.com\/avatar\/?s=24&d=mm&r=g","48":"https:\/\/secure.gravatar.com\/avatar\/?s=48&d=mm&r=g","96":"https:\/\/secure.gravatar.com\/avatar\/?s=96&d=mm&r=g"},"date":"2013-06-12T14:46:26","cld_nonce":"173fc99a75","content":{"rendered":"<p>[&#8230;]  [&#8230;]<\/p>\n"},"status":"1"},{"id":2461,"parent":0,"author":0,"author_name":"Hinweis: Nach Patchday Juni 2013 funktioniert SFC \/scannow nicht mehr richtig! - Seite 3","author_email":"","author_url":"http:\/\/www.drwindows.de\/windows-8-allgemein\/65393-patchday-juni-2013-funktioniert-sfc-scannow-mehr-3.html#post520754","author_avatar_urls":{"24":"https:\/\/secure.gravatar.com\/avatar\/?s=24&d=mm&r=g","48":"https:\/\/secure.gravatar.com\/avatar\/?s=48&d=mm&r=g","96":"https:\/\/secure.gravatar.com\/avatar\/?s=96&d=mm&r=g"},"date":"2013-06-12T18:07:04","cld_nonce":"173fc99a75","content":{"rendered":"<p>[&#8230;]  [&#8230;]<\/p>\n"},"status":"1"},{"id":2463,"parent":0,"author":0,"author_name":"J\u00fcrgenHugo","author_email":"hugohilter@t-online.de","author_url":"http:\/\/aurum2rivi.wordpress.com\/","author_avatar_urls":{"24":"https:\/\/secure.gravatar.com\/avatar\/dc5176746c873787fa3f8df5f9bdfbd2f7688721f771100eb4d7b4e82e2d655b?s=24&d=mm&r=g","48":"https:\/\/secure.gravatar.com\/avatar\/dc5176746c873787fa3f8df5f9bdfbd2f7688721f771100eb4d7b4e82e2d655b?s=48&d=mm&r=g","96":"https:\/\/secure.gravatar.com\/avatar\/dc5176746c873787fa3f8df5f9bdfbd2f7688721f771100eb4d7b4e82e2d655b?s=96&d=mm&r=g"},"date":"2013-06-13T00:19:37","cld_nonce":"173fc99a75","content":{"rendered":"<p>Ooch, bei mir waren das nur (alles zusammen) 85 MB, und SO schnell k\u00f6nnte ich noch nicht mal einen Winzkaffee schl\u00fcrfen.<\/p>\n<p>Und zu den 2 GB &#8222;Reserve&#8220; &#8211; ich finde die nicht (nat\u00fcrlich habe ich sichtbar gemacht). Im ganzen Winsxs-Ordner ist keine Datei, die gr\u00f6\u00dfer as knapp 300 MB ist. Das o.a. Update ist installiert. Macht aber nix, solche Reserven sind bei mir eh nicht n\u00f6tig, auch wenn das &#8222;gro\u00dfe Update&#8220; 20 GB verbraten w\u00fcrde, grinse ich nur m\u00fcde.<\/p>\n<p>Platz hat man eben&#8230;<\/p>\n"},"status":"1"}],"wp_author":{"id":134,"name":"moinmoin","description":"Ich bin nicht allwissend, was <a href=\"https:\/\/www.deskmodder.de\/wiki\/index.php?title=Kategorie:Windows_11\">Windows<\/a> angeht. Aber genau deshalb nehme ich Windows gerne auseinander und unter die Lupe, um all mein Wissen zu erweitern. <i>J\u00fcrgen<\/i>","author_avatar_urls":{"24":"https:\/\/secure.gravatar.com\/avatar\/fab96769102f8886245ab411df9a42a235be79261e4b44aa7ab2a555da8b86b4?s=24&d=mm&r=g","48":"https:\/\/secure.gravatar.com\/avatar\/fab96769102f8886245ab411df9a42a235be79261e4b44aa7ab2a555da8b86b4?s=48&d=mm&r=g","96":"https:\/\/secure.gravatar.com\/avatar\/fab96769102f8886245ab411df9a42a235be79261e4b44aa7ab2a555da8b86b4?s=96&d=mm&r=g"}},"cld_nonce":"173fc99a75","yoast_head":"<!-- This site is optimized with the Yoast SEO Premium plugin v27.5 (Yoast SEO v27.5) - https:\/\/yoast.com\/product\/yoast-seo-premium-wordpress\/ -->\n<title>Windows r\u00e4umt nach dem Juni Patchday richtig auf [Update] - Deskmodder.de<\/title>\n<meta name=\"robots\" content=\"index, follow, max-snippet:-1, max-image-preview:large, max-video-preview:-1\" \/>\n<link rel=\"canonical\" href=\"https:\/\/www.deskmodder.de\/blog\/2013\/06\/12\/windows-raeumt-nach-dem-juni-patchday-richtig-auf\/\" \/>\n<meta property=\"og:locale\" content=\"de_DE\" \/>\n<meta property=\"og:type\" content=\"article\" \/>\n<meta property=\"og:title\" content=\"Windows r\u00e4umt nach dem Juni Patchday richtig auf [Update]\" \/>\n<meta property=\"og:description\" content=\"Nach den vielen Juni Updates f\u00fcr Windows 8, ist Windows 2x neugestartet. Es waren ja auch einige sehr wichtige Updates dabei. Soweit habe ich mir nichts dabei gedacht. Da es wieder einmal Zeit wurde C: zu bereinigen, hab ich den&hellip;\" \/>\n<meta property=\"og:url\" content=\"https:\/\/www.deskmodder.de\/blog\/2013\/06\/12\/windows-raeumt-nach-dem-juni-patchday-richtig-auf\/\" \/>\n<meta property=\"og:site_name\" content=\"Deskmodder.de\" \/>\n<meta property=\"article:publisher\" content=\"https:\/\/www.facebook.com\/Deskmodder\" \/>\n<meta property=\"article:published_time\" content=\"2013-06-12T10:55:54+00:00\" \/>\n<meta property=\"article:modified_time\" content=\"2023-01-14T16:16:18+00:00\" \/>\n<meta property=\"og:image\" content=\"https:\/\/www.deskmodder.de\/blog\/wp-content\/uploads\/2013\/06\/patchday-bereinigung.jpg\" \/>\n\t<meta property=\"og:image:width\" content=\"387\" \/>\n\t<meta property=\"og:image:height\" content=\"478\" \/>\n\t<meta property=\"og:image:type\" content=\"image\/jpeg\" \/>\n<meta name=\"author\" content=\"moinmoin\" \/>\n<meta name=\"twitter:card\" content=\"summary_large_image\" \/>\n<meta name=\"twitter:creator\" content=\"@Deskmodder\" \/>\n<meta name=\"twitter:site\" content=\"@Deskmodder\" \/>\n<script type=\"application\/ld+json\" class=\"yoast-schema-graph\">{\"@context\":\"https:\\\/\\\/schema.org\",\"@graph\":[{\"@type\":\"Article\",\"@id\":\"https:\\\/\\\/www.deskmodder.de\\\/blog\\\/2013\\\/06\\\/12\\\/windows-raeumt-nach-dem-juni-patchday-richtig-auf\\\/#article\",\"isPartOf\":{\"@id\":\"https:\\\/\\\/www.deskmodder.de\\\/blog\\\/2013\\\/06\\\/12\\\/windows-raeumt-nach-dem-juni-patchday-richtig-auf\\\/\"},\"author\":{\"name\":\"moinmoin\",\"@id\":\"https:\\\/\\\/www.deskmodder.de\\\/blog\\\/#\\\/schema\\\/person\\\/a40b17a9503c4a1568ac4073bb54182a\"},\"headline\":\"Windows r\u00e4umt nach dem Juni Patchday richtig auf [Update]\",\"datePublished\":\"2013-06-12T10:55:54+00:00\",\"dateModified\":\"2023-01-14T16:16:18+00:00\",\"mainEntityOfPage\":{\"@id\":\"https:\\\/\\\/www.deskmodder.de\\\/blog\\\/2013\\\/06\\\/12\\\/windows-raeumt-nach-dem-juni-patchday-richtig-auf\\\/\"},\"wordCount\":245,\"commentCount\":3,\"publisher\":{\"@id\":\"https:\\\/\\\/www.deskmodder.de\\\/blog\\\/#organization\"},\"image\":{\"@id\":\"https:\\\/\\\/www.deskmodder.de\\\/blog\\\/2013\\\/06\\\/12\\\/windows-raeumt-nach-dem-juni-patchday-richtig-auf\\\/#primaryimage\"},\"thumbnailUrl\":\"https:\\\/\\\/www.deskmodder.de\\\/blog\\\/wp-content\\\/uploads\\\/2013\\\/06\\\/patchday-bereinigung.jpg\",\"keywords\":[\"Bereinigen nach Updates\",\"Patchday Juni\",\"Reserve.tmp\"],\"articleSection\":{\"1\":\"Windows \u00e4lter\"},\"inLanguage\":\"de\",\"potentialAction\":[{\"@type\":\"CommentAction\",\"name\":\"Comment\",\"target\":[\"https:\\\/\\\/www.deskmodder.de\\\/blog\\\/2013\\\/06\\\/12\\\/windows-raeumt-nach-dem-juni-patchday-richtig-auf\\\/#respond\"]}],\"copyrightYear\":\"2013\",\"copyrightHolder\":{\"@id\":\"https:\\\/\\\/www.deskmodder.de\\\/blog\\\/#organization\"}},{\"@type\":\"WebPage\",\"@id\":\"https:\\\/\\\/www.deskmodder.de\\\/blog\\\/2013\\\/06\\\/12\\\/windows-raeumt-nach-dem-juni-patchday-richtig-auf\\\/\",\"url\":\"https:\\\/\\\/www.deskmodder.de\\\/blog\\\/2013\\\/06\\\/12\\\/windows-raeumt-nach-dem-juni-patchday-richtig-auf\\\/\",\"name\":\"Windows r\u00e4umt nach dem Juni Patchday richtig auf [Update] - Deskmodder.de\",\"isPartOf\":{\"@id\":\"https:\\\/\\\/www.deskmodder.de\\\/blog\\\/#website\"},\"primaryImageOfPage\":{\"@id\":\"https:\\\/\\\/www.deskmodder.de\\\/blog\\\/2013\\\/06\\\/12\\\/windows-raeumt-nach-dem-juni-patchday-richtig-auf\\\/#primaryimage\"},\"image\":{\"@id\":\"https:\\\/\\\/www.deskmodder.de\\\/blog\\\/2013\\\/06\\\/12\\\/windows-raeumt-nach-dem-juni-patchday-richtig-auf\\\/#primaryimage\"},\"thumbnailUrl\":\"https:\\\/\\\/www.deskmodder.de\\\/blog\\\/wp-content\\\/uploads\\\/2013\\\/06\\\/patchday-bereinigung.jpg\",\"datePublished\":\"2013-06-12T10:55:54+00:00\",\"dateModified\":\"2023-01-14T16:16:18+00:00\",\"breadcrumb\":{\"@id\":\"https:\\\/\\\/www.deskmodder.de\\\/blog\\\/2013\\\/06\\\/12\\\/windows-raeumt-nach-dem-juni-patchday-richtig-auf\\\/#breadcrumb\"},\"inLanguage\":\"de\",\"potentialAction\":[{\"@type\":\"ReadAction\",\"target\":[\"https:\\\/\\\/www.deskmodder.de\\\/blog\\\/2013\\\/06\\\/12\\\/windows-raeumt-nach-dem-juni-patchday-richtig-auf\\\/\"]}]},{\"@type\":\"ImageObject\",\"inLanguage\":\"de\",\"@id\":\"https:\\\/\\\/www.deskmodder.de\\\/blog\\\/2013\\\/06\\\/12\\\/windows-raeumt-nach-dem-juni-patchday-richtig-auf\\\/#primaryimage\",\"url\":\"https:\\\/\\\/www.deskmodder.de\\\/blog\\\/wp-content\\\/uploads\\\/2013\\\/06\\\/patchday-bereinigung.jpg\",\"contentUrl\":\"https:\\\/\\\/www.deskmodder.de\\\/blog\\\/wp-content\\\/uploads\\\/2013\\\/06\\\/patchday-bereinigung.jpg\",\"width\":387,\"height\":478},{\"@type\":\"BreadcrumbList\",\"@id\":\"https:\\\/\\\/www.deskmodder.de\\\/blog\\\/2013\\\/06\\\/12\\\/windows-raeumt-nach-dem-juni-patchday-richtig-auf\\\/#breadcrumb\",\"itemListElement\":[{\"@type\":\"ListItem\",\"position\":1,\"name\":\"Startseite\",\"item\":\"https:\\\/\\\/www.deskmodder.de\\\/blog\\\/\"},{\"@type\":\"ListItem\",\"position\":2,\"name\":\"Windows r\u00e4umt nach dem Juni Patchday richtig auf [Update]\"}]},{\"@type\":\"WebSite\",\"@id\":\"https:\\\/\\\/www.deskmodder.de\\\/blog\\\/#website\",\"url\":\"https:\\\/\\\/www.deskmodder.de\\\/blog\\\/\",\"name\":\"Deskmodder.de\",\"description\":\"News zum Thema Microsoft, Windows 11 \\\/ 10, sowie anderen Neuigkeiten aus dem Netz, viele Tipps und individuelle Hilfe bei Problemen in unserem Forum \u25cf Deskmodder - seit 2003\",\"publisher\":{\"@id\":\"https:\\\/\\\/www.deskmodder.de\\\/blog\\\/#organization\"},\"potentialAction\":[{\"@type\":\"SearchAction\",\"target\":{\"@type\":\"EntryPoint\",\"urlTemplate\":\"https:\\\/\\\/www.deskmodder.de\\\/blog\\\/?s={search_term_string}\"},\"query-input\":{\"@type\":\"PropertyValueSpecification\",\"valueRequired\":true,\"valueName\":\"search_term_string\"}}],\"inLanguage\":\"de\"},{\"@type\":\"Organization\",\"@id\":\"https:\\\/\\\/www.deskmodder.de\\\/blog\\\/#organization\",\"name\":\"Deskmodder\",\"url\":\"https:\\\/\\\/www.deskmodder.de\\\/blog\\\/\",\"logo\":{\"@type\":\"ImageObject\",\"inLanguage\":\"de\",\"@id\":\"https:\\\/\\\/www.deskmodder.de\\\/blog\\\/#\\\/schema\\\/logo\\\/image\\\/\",\"url\":\"https:\\\/\\\/www.deskmodder.de\\\/blog\\\/wp-content\\\/uploads\\\/2019\\\/01\\\/deskmodder-logo-app.png\",\"contentUrl\":\"https:\\\/\\\/www.deskmodder.de\\\/blog\\\/wp-content\\\/uploads\\\/2019\\\/01\\\/deskmodder-logo-app.png\",\"width\":281,\"height\":286,\"caption\":\"Deskmodder\"},\"image\":{\"@id\":\"https:\\\/\\\/www.deskmodder.de\\\/blog\\\/#\\\/schema\\\/logo\\\/image\\\/\"},\"sameAs\":[\"https:\\\/\\\/www.facebook.com\\\/Deskmodder\",\"https:\\\/\\\/x.com\\\/Deskmodder\",\"https:\\\/\\\/mastodontech.de\\\/@Deskmodder\",\"https:\\\/\\\/www.youtube.com\\\/user\\\/deskmodder\",\"https:\\\/\\\/mewe.com\\\/group\\\/5c83b5231add826fc80cdae1\"]},{\"@type\":\"Person\",\"@id\":\"https:\\\/\\\/www.deskmodder.de\\\/blog\\\/#\\\/schema\\\/person\\\/a40b17a9503c4a1568ac4073bb54182a\",\"name\":\"moinmoin\",\"image\":{\"@type\":\"ImageObject\",\"inLanguage\":\"de\",\"@id\":\"https:\\\/\\\/secure.gravatar.com\\\/avatar\\\/fab96769102f8886245ab411df9a42a235be79261e4b44aa7ab2a555da8b86b4?s=96&d=mm&r=g\",\"url\":\"https:\\\/\\\/secure.gravatar.com\\\/avatar\\\/fab96769102f8886245ab411df9a42a235be79261e4b44aa7ab2a555da8b86b4?s=96&d=mm&r=g\",\"contentUrl\":\"https:\\\/\\\/secure.gravatar.com\\\/avatar\\\/fab96769102f8886245ab411df9a42a235be79261e4b44aa7ab2a555da8b86b4?s=96&d=mm&r=g\",\"caption\":\"moinmoin\"},\"description\":\"Ich bin nicht allwissend, was Windows angeht. Aber genau deshalb nehme ich Windows gerne auseinander und unter die Lupe, um all mein Wissen zu erweitern. J\u00fcrgen\",\"url\":\"https:\\\/\\\/www.deskmodder.de\\\/blog\\\/author\\\/moinmoin\\\/\"}]}<\/script>\n<!-- \/ Yoast SEO Premium plugin. -->","yoast_head_json":{"title":"Windows r\u00e4umt nach dem Juni Patchday richtig auf [Update] - Deskmodder.de","robots":{"index":"index","follow":"follow","max-snippet":"max-snippet:-1","max-image-preview":"max-image-preview:large","max-video-preview":"max-video-preview:-1"},"canonical":"https:\/\/www.deskmodder.de\/blog\/2013\/06\/12\/windows-raeumt-nach-dem-juni-patchday-richtig-auf\/","og_locale":"de_DE","og_type":"article","og_title":"Windows r\u00e4umt nach dem Juni Patchday richtig auf [Update]","og_description":"Nach den vielen Juni Updates f\u00fcr Windows 8, ist Windows 2x neugestartet. Es waren ja auch einige sehr wichtige Updates dabei. Soweit habe ich mir nichts dabei gedacht. Da es wieder einmal Zeit wurde C: zu bereinigen, hab ich den&hellip;","og_url":"https:\/\/www.deskmodder.de\/blog\/2013\/06\/12\/windows-raeumt-nach-dem-juni-patchday-richtig-auf\/","og_site_name":"Deskmodder.de","article_publisher":"https:\/\/www.facebook.com\/Deskmodder","article_published_time":"2013-06-12T10:55:54+00:00","article_modified_time":"2023-01-14T16:16:18+00:00","og_image":[{"width":387,"height":478,"url":"https:\/\/www.deskmodder.de\/blog\/wp-content\/uploads\/2013\/06\/patchday-bereinigung.jpg","type":"image\/jpeg"}],"author":"moinmoin","twitter_card":"summary_large_image","twitter_creator":"@Deskmodder","twitter_site":"@Deskmodder","schema":{"@context":"https:\/\/schema.org","@graph":[{"@type":"Article","@id":"https:\/\/www.deskmodder.de\/blog\/2013\/06\/12\/windows-raeumt-nach-dem-juni-patchday-richtig-auf\/#article","isPartOf":{"@id":"https:\/\/www.deskmodder.de\/blog\/2013\/06\/12\/windows-raeumt-nach-dem-juni-patchday-richtig-auf\/"},"author":{"name":"moinmoin","@id":"https:\/\/www.deskmodder.de\/blog\/#\/schema\/person\/a40b17a9503c4a1568ac4073bb54182a"},"headline":"Windows r\u00e4umt nach dem Juni Patchday richtig auf [Update]","datePublished":"2013-06-12T10:55:54+00:00","dateModified":"2023-01-14T16:16:18+00:00","mainEntityOfPage":{"@id":"https:\/\/www.deskmodder.de\/blog\/2013\/06\/12\/windows-raeumt-nach-dem-juni-patchday-richtig-auf\/"},"wordCount":245,"commentCount":3,"publisher":{"@id":"https:\/\/www.deskmodder.de\/blog\/#organization"},"image":{"@id":"https:\/\/www.deskmodder.de\/blog\/2013\/06\/12\/windows-raeumt-nach-dem-juni-patchday-richtig-auf\/#primaryimage"},"thumbnailUrl":"https:\/\/www.deskmodder.de\/blog\/wp-content\/uploads\/2013\/06\/patchday-bereinigung.jpg","keywords":["Bereinigen nach Updates","Patchday Juni","Reserve.tmp"],"articleSection":{"1":"Windows \u00e4lter"},"inLanguage":"de","potentialAction":[{"@type":"CommentAction","name":"Comment","target":["https:\/\/www.deskmodder.de\/blog\/2013\/06\/12\/windows-raeumt-nach-dem-juni-patchday-richtig-auf\/#respond"]}],"copyrightYear":"2013","copyrightHolder":{"@id":"https:\/\/www.deskmodder.de\/blog\/#organization"}},{"@type":"WebPage","@id":"https:\/\/www.deskmodder.de\/blog\/2013\/06\/12\/windows-raeumt-nach-dem-juni-patchday-richtig-auf\/","url":"https:\/\/www.deskmodder.de\/blog\/2013\/06\/12\/windows-raeumt-nach-dem-juni-patchday-richtig-auf\/","name":"Windows r\u00e4umt nach dem Juni Patchday richtig auf [Update] - Deskmodder.de","isPartOf":{"@id":"https:\/\/www.deskmodder.de\/blog\/#website"},"primaryImageOfPage":{"@id":"https:\/\/www.deskmodder.de\/blog\/2013\/06\/12\/windows-raeumt-nach-dem-juni-patchday-richtig-auf\/#primaryimage"},"image":{"@id":"https:\/\/www.deskmodder.de\/blog\/2013\/06\/12\/windows-raeumt-nach-dem-juni-patchday-richtig-auf\/#primaryimage"},"thumbnailUrl":"https:\/\/www.deskmodder.de\/blog\/wp-content\/uploads\/2013\/06\/patchday-bereinigung.jpg","datePublished":"2013-06-12T10:55:54+00:00","dateModified":"2023-01-14T16:16:18+00:00","breadcrumb":{"@id":"https:\/\/www.deskmodder.de\/blog\/2013\/06\/12\/windows-raeumt-nach-dem-juni-patchday-richtig-auf\/#breadcrumb"},"inLanguage":"de","potentialAction":[{"@type":"ReadAction","target":["https:\/\/www.deskmodder.de\/blog\/2013\/06\/12\/windows-raeumt-nach-dem-juni-patchday-richtig-auf\/"]}]},{"@type":"ImageObject","inLanguage":"de","@id":"https:\/\/www.deskmodder.de\/blog\/2013\/06\/12\/windows-raeumt-nach-dem-juni-patchday-richtig-auf\/#primaryimage","url":"https:\/\/www.deskmodder.de\/blog\/wp-content\/uploads\/2013\/06\/patchday-bereinigung.jpg","contentUrl":"https:\/\/www.deskmodder.de\/blog\/wp-content\/uploads\/2013\/06\/patchday-bereinigung.jpg","width":387,"height":478},{"@type":"BreadcrumbList","@id":"https:\/\/www.deskmodder.de\/blog\/2013\/06\/12\/windows-raeumt-nach-dem-juni-patchday-richtig-auf\/#breadcrumb","itemListElement":[{"@type":"ListItem","position":1,"name":"Startseite","item":"https:\/\/www.deskmodder.de\/blog\/"},{"@type":"ListItem","position":2,"name":"Windows r\u00e4umt nach dem Juni Patchday richtig auf [Update]"}]},{"@type":"WebSite","@id":"https:\/\/www.deskmodder.de\/blog\/#website","url":"https:\/\/www.deskmodder.de\/blog\/","name":"Deskmodder.de","description":"News zum Thema Microsoft, Windows 11 \/ 10, sowie anderen Neuigkeiten aus dem Netz, viele Tipps und individuelle Hilfe bei Problemen in unserem Forum \u25cf Deskmodder - seit 2003","publisher":{"@id":"https:\/\/www.deskmodder.de\/blog\/#organization"},"potentialAction":[{"@type":"SearchAction","target":{"@type":"EntryPoint","urlTemplate":"https:\/\/www.deskmodder.de\/blog\/?s={search_term_string}"},"query-input":{"@type":"PropertyValueSpecification","valueRequired":true,"valueName":"search_term_string"}}],"inLanguage":"de"},{"@type":"Organization","@id":"https:\/\/www.deskmodder.de\/blog\/#organization","name":"Deskmodder","url":"https:\/\/www.deskmodder.de\/blog\/","logo":{"@type":"ImageObject","inLanguage":"de","@id":"https:\/\/www.deskmodder.de\/blog\/#\/schema\/logo\/image\/","url":"https:\/\/www.deskmodder.de\/blog\/wp-content\/uploads\/2019\/01\/deskmodder-logo-app.png","contentUrl":"https:\/\/www.deskmodder.de\/blog\/wp-content\/uploads\/2019\/01\/deskmodder-logo-app.png","width":281,"height":286,"caption":"Deskmodder"},"image":{"@id":"https:\/\/www.deskmodder.de\/blog\/#\/schema\/logo\/image\/"},"sameAs":["https:\/\/www.facebook.com\/Deskmodder","https:\/\/x.com\/Deskmodder","https:\/\/mastodontech.de\/@Deskmodder","https:\/\/www.youtube.com\/user\/deskmodder","https:\/\/mewe.com\/group\/5c83b5231add826fc80cdae1"]},{"@type":"Person","@id":"https:\/\/www.deskmodder.de\/blog\/#\/schema\/person\/a40b17a9503c4a1568ac4073bb54182a","name":"moinmoin","image":{"@type":"ImageObject","inLanguage":"de","@id":"https:\/\/secure.gravatar.com\/avatar\/fab96769102f8886245ab411df9a42a235be79261e4b44aa7ab2a555da8b86b4?s=96&d=mm&r=g","url":"https:\/\/secure.gravatar.com\/avatar\/fab96769102f8886245ab411df9a42a235be79261e4b44aa7ab2a555da8b86b4?s=96&d=mm&r=g","contentUrl":"https:\/\/secure.gravatar.com\/avatar\/fab96769102f8886245ab411df9a42a235be79261e4b44aa7ab2a555da8b86b4?s=96&d=mm&r=g","caption":"moinmoin"},"description":"Ich bin nicht allwissend, was Windows angeht. Aber genau deshalb nehme ich Windows gerne auseinander und unter die Lupe, um all mein Wissen zu erweitern. J\u00fcrgen","url":"https:\/\/www.deskmodder.de\/blog\/author\/moinmoin\/"}]}},"jetpack_publicize_connections":[],"jetpack_featured_media_url":"https:\/\/www.deskmodder.de\/blog\/wp-content\/uploads\/2013\/06\/patchday-bereinigung.jpg","_links":{"self":[{"href":"https:\/\/www.deskmodder.de\/blog\/wp-json\/wp\/v2\/posts\/7591","targetHints":{"allow":["GET"]}}],"collection":[{"href":"https:\/\/www.deskmodder.de\/blog\/wp-json\/wp\/v2\/posts"}],"about":[{"href":"https:\/\/www.deskmodder.de\/blog\/wp-json\/wp\/v2\/types\/post"}],"author":[{"embeddable":true,"href":"https:\/\/www.deskmodder.de\/blog\/wp-json\/wp\/v2\/users\/134"}],"replies":[{"embeddable":true,"href":"https:\/\/www.deskmodder.de\/blog\/wp-json\/wp\/v2\/comments?post=7591"}],"version-history":[{"count":0,"href":"https:\/\/www.deskmodder.de\/blog\/wp-json\/wp\/v2\/posts\/7591\/revisions"}],"wp:featuredmedia":[{"embeddable":true,"href":"https:\/\/www.deskmodder.de\/blog\/wp-json\/wp\/v2\/media\/7594"}],"wp:attachment":[{"href":"https:\/\/www.deskmodder.de\/blog\/wp-json\/wp\/v2\/media?parent=7591"}],"wp:term":[{"taxonomy":"category","embeddable":true,"href":"https:\/\/www.deskmodder.de\/blog\/wp-json\/wp\/v2\/categories?post=7591"},{"taxonomy":"post_tag","embeddable":true,"href":"https:\/\/www.deskmodder.de\/blog\/wp-json\/wp\/v2\/tags?post=7591"}],"curies":[{"name":"wp","href":"https:\/\/api.w.org\/{rel}","templated":true}]}}