{"id":7506,"date":"2013-06-08T12:12:27","date_gmt":"2013-06-08T10:12:27","guid":{"rendered":"http:\/\/www.deskmodder.de\/blog\/?p=7506"},"modified":"2023-01-14T17:16:27","modified_gmt":"2023-01-14T16:16:27","slug":"geruecht-finale-windows-8-1-im-august","status":"publish","type":"post","link":"https:\/\/www.deskmodder.de\/blog\/2013\/06\/08\/geruecht-finale-windows-8-1-im-august\/","title":{"rendered":"Ger\u00fccht: Finale Windows 8.1 im August"},"content":{"rendered":"<p><a href=\"http:\/\/www.deskmodder.de\/blog\/wp-content\/uploads\/2013\/06\/win8.1-im-august.jpg\" rel=\"lightbox[7506]\"><img loading=\"lazy\" decoding=\"async\" class=\"alignleft size-thumbnail wp-image-7507\" alt=\"win8.1-im-august\" src=\"http:\/\/www.deskmodder.de\/blog\/wp-content\/uploads\/2013\/06\/win8.1-im-august-150x150.jpg\" width=\"150\" height=\"150\" srcset=\"https:\/\/www.deskmodder.de\/blog\/wp-content\/uploads\/2013\/06\/win8.1-im-august-150x150.jpg 150w, https:\/\/www.deskmodder.de\/blog\/wp-content\/uploads\/2013\/06\/win8.1-im-august-300x300.jpg 300w, https:\/\/www.deskmodder.de\/blog\/wp-content\/uploads\/2013\/06\/win8.1-im-august.jpg 600w\" sizes=\"auto, (max-width: 150px) 100vw, 150px\" \/><\/a>Na da gings ja gestern im Twitter richtig los. Paul Thurrott hat gezwitschert, dass die Finale Windows 8.1 schon am 1. August erscheint. Bei einer Nachfrage eines Users, dass es doch viel sp\u00e4ter kommen sollte, kam nur noch die Antwort: <em>I was told this from someone a little closer to the matter.<\/em> Bisher konnte man sich auf seine Aussagen verlassen, warum nicht auch bei dieser.<br \/>\nDer Zeitraum zwischen Preview und RTM w\u00e4re zwar eng, aber es ist ja auch kein neues Betriebssystem wie von Win 7 auf Win 8.<br \/>\nF\u00fcr die nicht ganz so neugierigen wird sich die Preview also nicht lohnen. Denn innerhalb von 2 Monaten zwei mal die Programme und Apps neu zu installieren, w\u00e4re l\u00e4stig.<\/p>\n<p style=\"text-align: right;\">(<a href=\"http:\/\/forums.mydigitallife.info\/forum.php\" target=\"_blank\" rel=\"noopener\">via<\/a>)<\/p>\n","protected":false},"excerpt":{"rendered":"<p>Na da gings ja gestern im Twitter richtig los. Paul Thurrott hat gezwitschert, dass die Finale Windows 8.1 schon am 1. August erscheint. Bei einer Nachfrage eines Users, dass es doch viel sp\u00e4ter kommen sollte, kam nur noch die Antwort:&hellip; <\/p>\n","protected":false},"author":134,"featured_media":7507,"comment_status":"open","ping_status":"open","sticky":false,"template":"","format":"standard","meta":{"jetpack_post_was_ever_published":false,"footnotes":"","jetpack_publicize_message":"","jetpack_publicize_feature_enabled":true,"jetpack_social_post_already_shared":false,"jetpack_social_options":{"image_generator_settings":{"template":"highway","default_image_id":0,"font":"","enabled":false},"version":2}},"categories":[11],"tags":[2030,740,9750],"class_list":["post-7506","post","type-post","status-publish","format-standard","has-post-thumbnail","hentry","category-windows","tag-finale-version-im-august","tag-rtm","tag-windows-8-1"],"wp_featured_image":{"id":7507,"alt_text":"","description":"","media_type":"image","media_details":{"width":600,"height":600,"file":"2013\/06\/win8.1-im-august.jpg","sizes":{"thumbnail":{"file":"win8.1-im-august-150x150.jpg","width":150,"height":150,"mime-type":"image\/jpeg","source_url":"https:\/\/www.deskmodder.de\/blog\/wp-content\/uploads\/2013\/06\/win8.1-im-august-150x150.jpg"},"medium":{"file":"win8.1-im-august-300x300.jpg","width":300,"height":300,"mime-type":"image\/jpeg","source_url":"https:\/\/www.deskmodder.de\/blog\/wp-content\/uploads\/2013\/06\/win8.1-im-august-300x300.jpg"}},"image_meta":{"aperture":0,"credit":"","camera":"","caption":"","created_timestamp":0,"copyright":"","focal_length":0,"iso":0,"shutter_speed":0,"title":""}},"post":7506,"source_url":"https:\/\/www.deskmodder.de\/blog\/wp-content\/uploads\/2013\/06\/win8.1-im-august.jpg"},"commentcount":1,"wp_comments":[{"id":2446,"parent":0,"author":0,"author_name":"J\u00fcrgenHugo","author_email":"hugohilter@t-online.de","author_url":"http:\/\/aurum2rivi.wordpress.com\/","author_avatar_urls":{"24":"https:\/\/secure.gravatar.com\/avatar\/dc5176746c873787fa3f8df5f9bdfbd2f7688721f771100eb4d7b4e82e2d655b?s=24&d=mm&r=g","48":"https:\/\/secure.gravatar.com\/avatar\/dc5176746c873787fa3f8df5f9bdfbd2f7688721f771100eb4d7b4e82e2d655b?s=48&d=mm&r=g","96":"https:\/\/secure.gravatar.com\/avatar\/dc5176746c873787fa3f8df5f9bdfbd2f7688721f771100eb4d7b4e82e2d655b?s=96&d=mm&r=g"},"date":"2013-06-08T12:54:24","cld_nonce":"173fc99a75","content":{"rendered":"<p>Aaah! Da hat einer was geh\u00f6rt vom einem, der was geh\u00f6rt hat&#8230; Das ist zwar nicht die korrekte \u00dcbersetzung von:<\/p>\n<p>&#8222;I was told this from someone a little closer to the matter&#8220;<\/p>\n<p>aber so interpretiere ich das mal. Sei es wie es sei: der August wird kommen, der Oktober wird kommen, Win8.1 wird kommen. Aber vor August werde ich noch 62 &#8211; und das mu\u00df ich nicht vermuten, das wei\u00df ich aus zuverl\u00e4ssigster Quelle!<\/p>\n"},"status":"1"}],"wp_author":{"id":134,"name":"moinmoin","description":"Ich bin nicht allwissend, was <a href=\"https:\/\/www.deskmodder.de\/wiki\/index.php?title=Kategorie:Windows_11\">Windows<\/a> angeht. Aber genau deshalb nehme ich Windows gerne auseinander und unter die Lupe, um all mein Wissen zu erweitern. <i>J\u00fcrgen<\/i>","author_avatar_urls":{"24":"https:\/\/secure.gravatar.com\/avatar\/fab96769102f8886245ab411df9a42a235be79261e4b44aa7ab2a555da8b86b4?s=24&d=mm&r=g","48":"https:\/\/secure.gravatar.com\/avatar\/fab96769102f8886245ab411df9a42a235be79261e4b44aa7ab2a555da8b86b4?s=48&d=mm&r=g","96":"https:\/\/secure.gravatar.com\/avatar\/fab96769102f8886245ab411df9a42a235be79261e4b44aa7ab2a555da8b86b4?s=96&d=mm&r=g"}},"cld_nonce":"173fc99a75","yoast_head":"<!-- This site is optimized with the Yoast SEO Premium plugin v27.5 (Yoast SEO v27.5) - https:\/\/yoast.com\/product\/yoast-seo-premium-wordpress\/ -->\n<title>Ger\u00fccht: Finale Windows 8.1 im August - Deskmodder.de<\/title>\n<meta name=\"robots\" content=\"index, follow, max-snippet:-1, max-image-preview:large, max-video-preview:-1\" \/>\n<link rel=\"canonical\" href=\"https:\/\/www.deskmodder.de\/blog\/2013\/06\/08\/geruecht-finale-windows-8-1-im-august\/\" \/>\n<meta property=\"og:locale\" content=\"de_DE\" \/>\n<meta property=\"og:type\" content=\"article\" \/>\n<meta property=\"og:title\" content=\"Ger\u00fccht: Finale Windows 8.1 im August\" \/>\n<meta property=\"og:description\" content=\"Na da gings ja gestern im Twitter richtig los. Paul Thurrott hat gezwitschert, dass die Finale Windows 8.1 schon am 1. August erscheint. Bei einer Nachfrage eines Users, dass es doch viel sp\u00e4ter kommen sollte, kam nur noch die Antwort:&hellip;\" \/>\n<meta property=\"og:url\" content=\"https:\/\/www.deskmodder.de\/blog\/2013\/06\/08\/geruecht-finale-windows-8-1-im-august\/\" \/>\n<meta property=\"og:site_name\" content=\"Deskmodder.de\" \/>\n<meta property=\"article:publisher\" content=\"https:\/\/www.facebook.com\/Deskmodder\" \/>\n<meta property=\"article:published_time\" content=\"2013-06-08T10:12:27+00:00\" \/>\n<meta property=\"article:modified_time\" content=\"2023-01-14T16:16:27+00:00\" \/>\n<meta property=\"og:image\" content=\"https:\/\/www.deskmodder.de\/blog\/wp-content\/uploads\/2013\/06\/win8.1-im-august.jpg\" \/>\n\t<meta property=\"og:image:width\" content=\"600\" \/>\n\t<meta property=\"og:image:height\" content=\"600\" \/>\n\t<meta property=\"og:image:type\" content=\"image\/jpeg\" \/>\n<meta name=\"author\" content=\"moinmoin\" \/>\n<meta name=\"twitter:card\" content=\"summary_large_image\" \/>\n<meta name=\"twitter:creator\" content=\"@Deskmodder\" \/>\n<meta name=\"twitter:site\" content=\"@Deskmodder\" \/>\n<script type=\"application\/ld+json\" class=\"yoast-schema-graph\">{\"@context\":\"https:\\\/\\\/schema.org\",\"@graph\":[{\"@type\":\"Article\",\"@id\":\"https:\\\/\\\/www.deskmodder.de\\\/blog\\\/2013\\\/06\\\/08\\\/geruecht-finale-windows-8-1-im-august\\\/#article\",\"isPartOf\":{\"@id\":\"https:\\\/\\\/www.deskmodder.de\\\/blog\\\/2013\\\/06\\\/08\\\/geruecht-finale-windows-8-1-im-august\\\/\"},\"author\":{\"name\":\"moinmoin\",\"@id\":\"https:\\\/\\\/www.deskmodder.de\\\/blog\\\/#\\\/schema\\\/person\\\/a40b17a9503c4a1568ac4073bb54182a\"},\"headline\":\"Ger\u00fccht: Finale Windows 8.1 im August\",\"datePublished\":\"2013-06-08T10:12:27+00:00\",\"dateModified\":\"2023-01-14T16:16:27+00:00\",\"mainEntityOfPage\":{\"@id\":\"https:\\\/\\\/www.deskmodder.de\\\/blog\\\/2013\\\/06\\\/08\\\/geruecht-finale-windows-8-1-im-august\\\/\"},\"wordCount\":125,\"commentCount\":1,\"publisher\":{\"@id\":\"https:\\\/\\\/www.deskmodder.de\\\/blog\\\/#organization\"},\"image\":{\"@id\":\"https:\\\/\\\/www.deskmodder.de\\\/blog\\\/2013\\\/06\\\/08\\\/geruecht-finale-windows-8-1-im-august\\\/#primaryimage\"},\"thumbnailUrl\":\"https:\\\/\\\/www.deskmodder.de\\\/blog\\\/wp-content\\\/uploads\\\/2013\\\/06\\\/win8.1-im-august.jpg\",\"keywords\":[\"Finale Version im August\",\"RTM\",\"Windows 8.1\"],\"articleSection\":[\"Windows \u00e4lter\"],\"inLanguage\":\"de\",\"potentialAction\":[{\"@type\":\"CommentAction\",\"name\":\"Comment\",\"target\":[\"https:\\\/\\\/www.deskmodder.de\\\/blog\\\/2013\\\/06\\\/08\\\/geruecht-finale-windows-8-1-im-august\\\/#respond\"]}],\"copyrightYear\":\"2013\",\"copyrightHolder\":{\"@id\":\"https:\\\/\\\/www.deskmodder.de\\\/blog\\\/#organization\"}},{\"@type\":\"WebPage\",\"@id\":\"https:\\\/\\\/www.deskmodder.de\\\/blog\\\/2013\\\/06\\\/08\\\/geruecht-finale-windows-8-1-im-august\\\/\",\"url\":\"https:\\\/\\\/www.deskmodder.de\\\/blog\\\/2013\\\/06\\\/08\\\/geruecht-finale-windows-8-1-im-august\\\/\",\"name\":\"Ger\u00fccht: Finale Windows 8.1 im August - Deskmodder.de\",\"isPartOf\":{\"@id\":\"https:\\\/\\\/www.deskmodder.de\\\/blog\\\/#website\"},\"primaryImageOfPage\":{\"@id\":\"https:\\\/\\\/www.deskmodder.de\\\/blog\\\/2013\\\/06\\\/08\\\/geruecht-finale-windows-8-1-im-august\\\/#primaryimage\"},\"image\":{\"@id\":\"https:\\\/\\\/www.deskmodder.de\\\/blog\\\/2013\\\/06\\\/08\\\/geruecht-finale-windows-8-1-im-august\\\/#primaryimage\"},\"thumbnailUrl\":\"https:\\\/\\\/www.deskmodder.de\\\/blog\\\/wp-content\\\/uploads\\\/2013\\\/06\\\/win8.1-im-august.jpg\",\"datePublished\":\"2013-06-08T10:12:27+00:00\",\"dateModified\":\"2023-01-14T16:16:27+00:00\",\"breadcrumb\":{\"@id\":\"https:\\\/\\\/www.deskmodder.de\\\/blog\\\/2013\\\/06\\\/08\\\/geruecht-finale-windows-8-1-im-august\\\/#breadcrumb\"},\"inLanguage\":\"de\",\"potentialAction\":[{\"@type\":\"ReadAction\",\"target\":[\"https:\\\/\\\/www.deskmodder.de\\\/blog\\\/2013\\\/06\\\/08\\\/geruecht-finale-windows-8-1-im-august\\\/\"]}]},{\"@type\":\"ImageObject\",\"inLanguage\":\"de\",\"@id\":\"https:\\\/\\\/www.deskmodder.de\\\/blog\\\/2013\\\/06\\\/08\\\/geruecht-finale-windows-8-1-im-august\\\/#primaryimage\",\"url\":\"https:\\\/\\\/www.deskmodder.de\\\/blog\\\/wp-content\\\/uploads\\\/2013\\\/06\\\/win8.1-im-august.jpg\",\"contentUrl\":\"https:\\\/\\\/www.deskmodder.de\\\/blog\\\/wp-content\\\/uploads\\\/2013\\\/06\\\/win8.1-im-august.jpg\",\"width\":600,\"height\":600},{\"@type\":\"BreadcrumbList\",\"@id\":\"https:\\\/\\\/www.deskmodder.de\\\/blog\\\/2013\\\/06\\\/08\\\/geruecht-finale-windows-8-1-im-august\\\/#breadcrumb\",\"itemListElement\":[{\"@type\":\"ListItem\",\"position\":1,\"name\":\"Startseite\",\"item\":\"https:\\\/\\\/www.deskmodder.de\\\/blog\\\/\"},{\"@type\":\"ListItem\",\"position\":2,\"name\":\"Ger\u00fccht: Finale Windows 8.1 im August\"}]},{\"@type\":\"WebSite\",\"@id\":\"https:\\\/\\\/www.deskmodder.de\\\/blog\\\/#website\",\"url\":\"https:\\\/\\\/www.deskmodder.de\\\/blog\\\/\",\"name\":\"Deskmodder.de\",\"description\":\"News zum Thema Microsoft, Windows 11 \\\/ 10, sowie anderen Neuigkeiten aus dem Netz, viele Tipps und individuelle Hilfe bei Problemen in unserem Forum \u25cf Deskmodder - seit 2003\",\"publisher\":{\"@id\":\"https:\\\/\\\/www.deskmodder.de\\\/blog\\\/#organization\"},\"potentialAction\":[{\"@type\":\"SearchAction\",\"target\":{\"@type\":\"EntryPoint\",\"urlTemplate\":\"https:\\\/\\\/www.deskmodder.de\\\/blog\\\/?s={search_term_string}\"},\"query-input\":{\"@type\":\"PropertyValueSpecification\",\"valueRequired\":true,\"valueName\":\"search_term_string\"}}],\"inLanguage\":\"de\"},{\"@type\":\"Organization\",\"@id\":\"https:\\\/\\\/www.deskmodder.de\\\/blog\\\/#organization\",\"name\":\"Deskmodder\",\"url\":\"https:\\\/\\\/www.deskmodder.de\\\/blog\\\/\",\"logo\":{\"@type\":\"ImageObject\",\"inLanguage\":\"de\",\"@id\":\"https:\\\/\\\/www.deskmodder.de\\\/blog\\\/#\\\/schema\\\/logo\\\/image\\\/\",\"url\":\"https:\\\/\\\/www.deskmodder.de\\\/blog\\\/wp-content\\\/uploads\\\/2019\\\/01\\\/deskmodder-logo-app.png\",\"contentUrl\":\"https:\\\/\\\/www.deskmodder.de\\\/blog\\\/wp-content\\\/uploads\\\/2019\\\/01\\\/deskmodder-logo-app.png\",\"width\":281,\"height\":286,\"caption\":\"Deskmodder\"},\"image\":{\"@id\":\"https:\\\/\\\/www.deskmodder.de\\\/blog\\\/#\\\/schema\\\/logo\\\/image\\\/\"},\"sameAs\":[\"https:\\\/\\\/www.facebook.com\\\/Deskmodder\",\"https:\\\/\\\/x.com\\\/Deskmodder\",\"https:\\\/\\\/mastodontech.de\\\/@Deskmodder\",\"https:\\\/\\\/www.youtube.com\\\/user\\\/deskmodder\",\"https:\\\/\\\/mewe.com\\\/group\\\/5c83b5231add826fc80cdae1\"]},{\"@type\":\"Person\",\"@id\":\"https:\\\/\\\/www.deskmodder.de\\\/blog\\\/#\\\/schema\\\/person\\\/a40b17a9503c4a1568ac4073bb54182a\",\"name\":\"moinmoin\",\"image\":{\"@type\":\"ImageObject\",\"inLanguage\":\"de\",\"@id\":\"https:\\\/\\\/secure.gravatar.com\\\/avatar\\\/fab96769102f8886245ab411df9a42a235be79261e4b44aa7ab2a555da8b86b4?s=96&d=mm&r=g\",\"url\":\"https:\\\/\\\/secure.gravatar.com\\\/avatar\\\/fab96769102f8886245ab411df9a42a235be79261e4b44aa7ab2a555da8b86b4?s=96&d=mm&r=g\",\"contentUrl\":\"https:\\\/\\\/secure.gravatar.com\\\/avatar\\\/fab96769102f8886245ab411df9a42a235be79261e4b44aa7ab2a555da8b86b4?s=96&d=mm&r=g\",\"caption\":\"moinmoin\"},\"description\":\"Ich bin nicht allwissend, was Windows angeht. Aber genau deshalb nehme ich Windows gerne auseinander und unter die Lupe, um all mein Wissen zu erweitern. J\u00fcrgen\",\"url\":\"https:\\\/\\\/www.deskmodder.de\\\/blog\\\/author\\\/moinmoin\\\/\"}]}<\/script>\n<!-- \/ Yoast SEO Premium plugin. -->","yoast_head_json":{"title":"Ger\u00fccht: Finale Windows 8.1 im August - Deskmodder.de","robots":{"index":"index","follow":"follow","max-snippet":"max-snippet:-1","max-image-preview":"max-image-preview:large","max-video-preview":"max-video-preview:-1"},"canonical":"https:\/\/www.deskmodder.de\/blog\/2013\/06\/08\/geruecht-finale-windows-8-1-im-august\/","og_locale":"de_DE","og_type":"article","og_title":"Ger\u00fccht: Finale Windows 8.1 im August","og_description":"Na da gings ja gestern im Twitter richtig los. Paul Thurrott hat gezwitschert, dass die Finale Windows 8.1 schon am 1. August erscheint. Bei einer Nachfrage eines Users, dass es doch viel sp\u00e4ter kommen sollte, kam nur noch die Antwort:&hellip;","og_url":"https:\/\/www.deskmodder.de\/blog\/2013\/06\/08\/geruecht-finale-windows-8-1-im-august\/","og_site_name":"Deskmodder.de","article_publisher":"https:\/\/www.facebook.com\/Deskmodder","article_published_time":"2013-06-08T10:12:27+00:00","article_modified_time":"2023-01-14T16:16:27+00:00","og_image":[{"width":600,"height":600,"url":"https:\/\/www.deskmodder.de\/blog\/wp-content\/uploads\/2013\/06\/win8.1-im-august.jpg","type":"image\/jpeg"}],"author":"moinmoin","twitter_card":"summary_large_image","twitter_creator":"@Deskmodder","twitter_site":"@Deskmodder","schema":{"@context":"https:\/\/schema.org","@graph":[{"@type":"Article","@id":"https:\/\/www.deskmodder.de\/blog\/2013\/06\/08\/geruecht-finale-windows-8-1-im-august\/#article","isPartOf":{"@id":"https:\/\/www.deskmodder.de\/blog\/2013\/06\/08\/geruecht-finale-windows-8-1-im-august\/"},"author":{"name":"moinmoin","@id":"https:\/\/www.deskmodder.de\/blog\/#\/schema\/person\/a40b17a9503c4a1568ac4073bb54182a"},"headline":"Ger\u00fccht: Finale Windows 8.1 im August","datePublished":"2013-06-08T10:12:27+00:00","dateModified":"2023-01-14T16:16:27+00:00","mainEntityOfPage":{"@id":"https:\/\/www.deskmodder.de\/blog\/2013\/06\/08\/geruecht-finale-windows-8-1-im-august\/"},"wordCount":125,"commentCount":1,"publisher":{"@id":"https:\/\/www.deskmodder.de\/blog\/#organization"},"image":{"@id":"https:\/\/www.deskmodder.de\/blog\/2013\/06\/08\/geruecht-finale-windows-8-1-im-august\/#primaryimage"},"thumbnailUrl":"https:\/\/www.deskmodder.de\/blog\/wp-content\/uploads\/2013\/06\/win8.1-im-august.jpg","keywords":["Finale Version im August","RTM","Windows 8.1"],"articleSection":["Windows \u00e4lter"],"inLanguage":"de","potentialAction":[{"@type":"CommentAction","name":"Comment","target":["https:\/\/www.deskmodder.de\/blog\/2013\/06\/08\/geruecht-finale-windows-8-1-im-august\/#respond"]}],"copyrightYear":"2013","copyrightHolder":{"@id":"https:\/\/www.deskmodder.de\/blog\/#organization"}},{"@type":"WebPage","@id":"https:\/\/www.deskmodder.de\/blog\/2013\/06\/08\/geruecht-finale-windows-8-1-im-august\/","url":"https:\/\/www.deskmodder.de\/blog\/2013\/06\/08\/geruecht-finale-windows-8-1-im-august\/","name":"Ger\u00fccht: Finale Windows 8.1 im August - Deskmodder.de","isPartOf":{"@id":"https:\/\/www.deskmodder.de\/blog\/#website"},"primaryImageOfPage":{"@id":"https:\/\/www.deskmodder.de\/blog\/2013\/06\/08\/geruecht-finale-windows-8-1-im-august\/#primaryimage"},"image":{"@id":"https:\/\/www.deskmodder.de\/blog\/2013\/06\/08\/geruecht-finale-windows-8-1-im-august\/#primaryimage"},"thumbnailUrl":"https:\/\/www.deskmodder.de\/blog\/wp-content\/uploads\/2013\/06\/win8.1-im-august.jpg","datePublished":"2013-06-08T10:12:27+00:00","dateModified":"2023-01-14T16:16:27+00:00","breadcrumb":{"@id":"https:\/\/www.deskmodder.de\/blog\/2013\/06\/08\/geruecht-finale-windows-8-1-im-august\/#breadcrumb"},"inLanguage":"de","potentialAction":[{"@type":"ReadAction","target":["https:\/\/www.deskmodder.de\/blog\/2013\/06\/08\/geruecht-finale-windows-8-1-im-august\/"]}]},{"@type":"ImageObject","inLanguage":"de","@id":"https:\/\/www.deskmodder.de\/blog\/2013\/06\/08\/geruecht-finale-windows-8-1-im-august\/#primaryimage","url":"https:\/\/www.deskmodder.de\/blog\/wp-content\/uploads\/2013\/06\/win8.1-im-august.jpg","contentUrl":"https:\/\/www.deskmodder.de\/blog\/wp-content\/uploads\/2013\/06\/win8.1-im-august.jpg","width":600,"height":600},{"@type":"BreadcrumbList","@id":"https:\/\/www.deskmodder.de\/blog\/2013\/06\/08\/geruecht-finale-windows-8-1-im-august\/#breadcrumb","itemListElement":[{"@type":"ListItem","position":1,"name":"Startseite","item":"https:\/\/www.deskmodder.de\/blog\/"},{"@type":"ListItem","position":2,"name":"Ger\u00fccht: Finale Windows 8.1 im August"}]},{"@type":"WebSite","@id":"https:\/\/www.deskmodder.de\/blog\/#website","url":"https:\/\/www.deskmodder.de\/blog\/","name":"Deskmodder.de","description":"News zum Thema Microsoft, Windows 11 \/ 10, sowie anderen Neuigkeiten aus dem Netz, viele Tipps und individuelle Hilfe bei Problemen in unserem Forum \u25cf Deskmodder - seit 2003","publisher":{"@id":"https:\/\/www.deskmodder.de\/blog\/#organization"},"potentialAction":[{"@type":"SearchAction","target":{"@type":"EntryPoint","urlTemplate":"https:\/\/www.deskmodder.de\/blog\/?s={search_term_string}"},"query-input":{"@type":"PropertyValueSpecification","valueRequired":true,"valueName":"search_term_string"}}],"inLanguage":"de"},{"@type":"Organization","@id":"https:\/\/www.deskmodder.de\/blog\/#organization","name":"Deskmodder","url":"https:\/\/www.deskmodder.de\/blog\/","logo":{"@type":"ImageObject","inLanguage":"de","@id":"https:\/\/www.deskmodder.de\/blog\/#\/schema\/logo\/image\/","url":"https:\/\/www.deskmodder.de\/blog\/wp-content\/uploads\/2019\/01\/deskmodder-logo-app.png","contentUrl":"https:\/\/www.deskmodder.de\/blog\/wp-content\/uploads\/2019\/01\/deskmodder-logo-app.png","width":281,"height":286,"caption":"Deskmodder"},"image":{"@id":"https:\/\/www.deskmodder.de\/blog\/#\/schema\/logo\/image\/"},"sameAs":["https:\/\/www.facebook.com\/Deskmodder","https:\/\/x.com\/Deskmodder","https:\/\/mastodontech.de\/@Deskmodder","https:\/\/www.youtube.com\/user\/deskmodder","https:\/\/mewe.com\/group\/5c83b5231add826fc80cdae1"]},{"@type":"Person","@id":"https:\/\/www.deskmodder.de\/blog\/#\/schema\/person\/a40b17a9503c4a1568ac4073bb54182a","name":"moinmoin","image":{"@type":"ImageObject","inLanguage":"de","@id":"https:\/\/secure.gravatar.com\/avatar\/fab96769102f8886245ab411df9a42a235be79261e4b44aa7ab2a555da8b86b4?s=96&d=mm&r=g","url":"https:\/\/secure.gravatar.com\/avatar\/fab96769102f8886245ab411df9a42a235be79261e4b44aa7ab2a555da8b86b4?s=96&d=mm&r=g","contentUrl":"https:\/\/secure.gravatar.com\/avatar\/fab96769102f8886245ab411df9a42a235be79261e4b44aa7ab2a555da8b86b4?s=96&d=mm&r=g","caption":"moinmoin"},"description":"Ich bin nicht allwissend, was Windows angeht. Aber genau deshalb nehme ich Windows gerne auseinander und unter die Lupe, um all mein Wissen zu erweitern. J\u00fcrgen","url":"https:\/\/www.deskmodder.de\/blog\/author\/moinmoin\/"}]}},"jetpack_publicize_connections":[],"jetpack_featured_media_url":"https:\/\/www.deskmodder.de\/blog\/wp-content\/uploads\/2013\/06\/win8.1-im-august.jpg","_links":{"self":[{"href":"https:\/\/www.deskmodder.de\/blog\/wp-json\/wp\/v2\/posts\/7506","targetHints":{"allow":["GET"]}}],"collection":[{"href":"https:\/\/www.deskmodder.de\/blog\/wp-json\/wp\/v2\/posts"}],"about":[{"href":"https:\/\/www.deskmodder.de\/blog\/wp-json\/wp\/v2\/types\/post"}],"author":[{"embeddable":true,"href":"https:\/\/www.deskmodder.de\/blog\/wp-json\/wp\/v2\/users\/134"}],"replies":[{"embeddable":true,"href":"https:\/\/www.deskmodder.de\/blog\/wp-json\/wp\/v2\/comments?post=7506"}],"version-history":[{"count":0,"href":"https:\/\/www.deskmodder.de\/blog\/wp-json\/wp\/v2\/posts\/7506\/revisions"}],"wp:featuredmedia":[{"embeddable":true,"href":"https:\/\/www.deskmodder.de\/blog\/wp-json\/wp\/v2\/media\/7507"}],"wp:attachment":[{"href":"https:\/\/www.deskmodder.de\/blog\/wp-json\/wp\/v2\/media?parent=7506"}],"wp:term":[{"taxonomy":"category","embeddable":true,"href":"https:\/\/www.deskmodder.de\/blog\/wp-json\/wp\/v2\/categories?post=7506"},{"taxonomy":"post_tag","embeddable":true,"href":"https:\/\/www.deskmodder.de\/blog\/wp-json\/wp\/v2\/tags?post=7506"}],"curies":[{"name":"wp","href":"https:\/\/api.w.org\/{rel}","templated":true}]}}