{"id":71664,"date":"2016-09-10T19:04:57","date_gmt":"2016-09-10T17:04:57","guid":{"rendered":"https:\/\/www.deskmodder.de\/blog\/?p=71664"},"modified":"2017-01-04T15:34:54","modified_gmt":"2017-01-04T14:34:54","slug":"ifa-2016-kommentar-zur-messe","status":"publish","type":"post","link":"https:\/\/www.deskmodder.de\/blog\/2016\/09\/10\/ifa-2016-kommentar-zur-messe\/","title":{"rendered":"[IFA 2016] Kommentar zur Messe"},"content":{"rendered":"<p>Es war\u00a0in der\u00a0vergangenen Woche wieder Zeit f\u00fcr die IFA in unserer Hauptstadt und w\u00e4hrend diese sich schon wieder anderen Veranstaltungen widmet, wie dem Lollapalooza, m\u00f6chte ich euch gerne mit einem kurzen Res\u00fcmee begl\u00fccken, sowie einfach meine Beobachtungen auf der Messe kundtun, wobei Kommentare sehr, sehr gerne gesehen sind!<\/p>\n<p><img loading=\"lazy\" decoding=\"async\" class=\"aligncenter size-full wp-image-70893\" src=\"https:\/\/www.deskmodder.de\/blog\/wp-content\/uploads\/2016\/08\/IFA-Logo_Datum_png.png\" alt=\"IFA-Logo_Datum_png\" width=\"2683\" height=\"1343\" srcset=\"https:\/\/www.deskmodder.de\/blog\/wp-content\/uploads\/2016\/08\/IFA-Logo_Datum_png.png 2683w, https:\/\/www.deskmodder.de\/blog\/wp-content\/uploads\/2016\/08\/IFA-Logo_Datum_png-306x153.png 306w, https:\/\/www.deskmodder.de\/blog\/wp-content\/uploads\/2016\/08\/IFA-Logo_Datum_png-500x250.png 500w, https:\/\/www.deskmodder.de\/blog\/wp-content\/uploads\/2016\/08\/IFA-Logo_Datum_png-810x405.png 810w\" sizes=\"auto, (max-width: 2683px) 100vw, 2683px\" \/><\/p>\n<p>Fangen wir also ganz am Anfang an, beim Einlass in das Messe-Geb\u00e4ude, wo einem der Mund offen stehen bleibt, wie viele Menschen anstehen und wie viele von denen Kinderwagen dabei haben. Ich frage mich immer, muss das sein? Die Messe ist gro\u00df, voll und alles ist relativ eng. Muss man da noch mit einem Kinderwagen dort durch? Muss man einem Kleinkind bereits 8h stickige Luft sowie anhaltenden L\u00e4rm zumuten?<\/p>\n<p>Nat\u00fcrlich auf der IFA wurden von Halle 1(1) &#8211; 5 (1) fast eine komplette Etage nur Haushaltsger\u00e4te etc. gezeigt, was f\u00fcr Muttis und Vatis wirklich interessant sein kann, doch etwaige Kochshows, Produktvorf\u00fchrungen oder \u00e4hnliches lassen sich doch aber viel besser ohne ein\u00a0quengelndes Kleinkind ertragen, oder nicht? Aber apropos Haushaltsger\u00e4te, was die Firmen, wie\u00a0Siemens, Miele, LG, AEG\u00a0und auch Grundig,\u00a0jedes Jahr zeigen, ist wirklich faszinierend.<\/p>\n<p><center><img loading=\"lazy\" decoding=\"async\" class=\"aligncenter wp-image-71310 size-full\" src=\"https:\/\/www.deskmodder.de\/blog\/wp-content\/uploads\/2016\/09\/lg-windows-10-kuehlschrank.jpg\" alt=\"lg-windows-10-kuehlschrank\" width=\"800\" height=\"530\" srcset=\"https:\/\/www.deskmodder.de\/blog\/wp-content\/uploads\/2016\/09\/lg-windows-10-kuehlschrank.jpg 800w, https:\/\/www.deskmodder.de\/blog\/wp-content\/uploads\/2016\/09\/lg-windows-10-kuehlschrank-306x203.jpg 306w, https:\/\/www.deskmodder.de\/blog\/wp-content\/uploads\/2016\/09\/lg-windows-10-kuehlschrank-500x331.jpg 500w\" sizes=\"auto, (max-width: 800px) 100vw, 800px\" \/><\/center><\/p>\n<p>Stellt man sich vor, dass man Ende 2016 schon auf einem VUX Marmorkochfeld\u00a0von Grundig kochen k\u00f6nnte, der ein projiziertes Bedienfeld besitzt, oder der K\u00fchlschrank 2017 mit Windows 10 laufen k\u00f6nnte, dann ist man gleichzeitig \u00fcberrascht, voller Vorfreude, aber auch voller Skepsis. So ist zwar schon und gut, dass alles vernetzt und per Handy-App steuerbar ist, was ich auch schon lieber heute als morgen h\u00e4tt, aber woher wei\u00df der potentielle K\u00e4ufer, dass diese Technik wirklich sicher sein wird, sei es vor \u00e4u\u00dferen Angreifern oder durch Fehlbedienung. Die Hersteller geben keine genaue Antwort, h\u00f6chstens noch, dass die Technik aktuell ein Prototyp ist und beim Release alles sicher sein wird. Leere Versprechen meiner Meinung nach, denn vor allem ein K\u00fchlschrank mit\u00a0vollem Windows 10\u00a0kann niemals komplett sicher sein. Ich sehe schon die ersten Meldungen mit dem Inhalt: &#8222;BKA-Erpressungstrojaner auf smarten K\u00fchlschrank legt Smart\u00a0Home lahm&#8220;, denn so ein Trojaner trifft dann nicht nur den K\u00fchlschrank, sondern auch weitere eventuell mit diesem verbundene Ger\u00e4te wie automatische T\u00fcrschl\u00f6sser oder Heizungsger\u00e4te.<\/p>\n<figure id=\"attachment_71670\" aria-describedby=\"caption-attachment-71670\" style=\"width: 4208px\" class=\"wp-caption aligncenter\"><img loading=\"lazy\" decoding=\"async\" class=\"size-full wp-image-71670\" src=\"https:\/\/www.deskmodder.de\/blog\/wp-content\/uploads\/2016\/09\/WP_20160906_11_37_21_Pro_LI.jpg\" alt=\"Grundig VRA Marmorkochfeld\" width=\"4208\" height=\"2368\" srcset=\"https:\/\/www.deskmodder.de\/blog\/wp-content\/uploads\/2016\/09\/WP_20160906_11_37_21_Pro_LI.jpg 4208w, https:\/\/www.deskmodder.de\/blog\/wp-content\/uploads\/2016\/09\/WP_20160906_11_37_21_Pro_LI-306x172.jpg 306w, https:\/\/www.deskmodder.de\/blog\/wp-content\/uploads\/2016\/09\/WP_20160906_11_37_21_Pro_LI-500x281.jpg 500w, https:\/\/www.deskmodder.de\/blog\/wp-content\/uploads\/2016\/09\/WP_20160906_11_37_21_Pro_LI-810x456.jpg 810w\" sizes=\"auto, (max-width: 4208px) 100vw, 4208px\" \/><figcaption id=\"caption-attachment-71670\" class=\"wp-caption-text\">Grundig VRA Marmorkochfeld<\/figcaption><\/figure>\n<p>Ein Trojaner infiltriert, wie der Name schon sagt,\u00a0dann quasi die suggeriert sichere Festung, auch bekannt als dein Zuhause, und blockiert alles. Da helfen meiner Meinung nach auch keine smarten \u00dcberwachungskameras, welche ja ebenfalls ausfallen w\u00fcrden, oder eine der gef\u00fchlt zwanzigtausend iPhone-H\u00fcllen, was auch so ein Thema ist, wor\u00fcber ich mich stundenlang \u00e4rgern k\u00f6nnte. Die sogenannte iZone z.B. h\u00e4tte man getrost gegen etwas anderes eintauschen k\u00f6nnen, wie z.B. f\u00fcr Sicherheitsfirmen, Kaspersky, G Data und Co. Doch nein, man zeigt lieber H\u00fcllen aus Leder, welche so \u00e4hnlich aussehen wie die, die drei St\u00e4nde weiter auch liegen. Selbiges bei den ach so innovativen M\u00f6glichkeiten sein Lighting-Kabel aufzurollen und zu verstauen. Wer unseren Twitter-Liveticker verfolgt hat, wird sicherlich gemerkt haben, dass ich diesem Bereich kein Foto gewidmet habe, weil alles nahezu das Gleiche war.<\/p>\n<p>Ist man durch die iZone aber erstmal durch, dann trifft man auf den gigantischen Messeauftritt von LG, wo man den Standdesigner echt mal ein Lob aussprechen kann, denn der Tunnel aus OLED-4K-TVs war einfach zu beeindruckend. Aber auch die Aufteilung und Gro\u00dfz\u00fcgigkeit der Halle habe ich wirklich sehr\u00a0gesch\u00e4tzt, denn trotz Lageplan konnte man sich zum Beispiel\u00a0in der riesen Samsung-Halle &#8222;verlaufen&#8220; und wurde aller paar Meter von einem neuen Samsung-Produkt \u00fcberrascht, was ich ziemlich penetrant fand. Auch war es in der Halle durchgehend ziemlich laut, denn durch die zahlreichen Attraktionen mit der VR-Brille wurde st\u00e4ndig L\u00e4rm produziert.<\/p>\n<blockquote class=\"twitter-video\" data-lang=\"de\"><p>\n<center><\/p>\n<p dir=\"ltr\" lang=\"de\">Hier ein Video dazu&#8230; <a href=\"https:\/\/twitter.com\/LGBlog\">@LGBlog<\/a> <a href=\"https:\/\/twitter.com\/hashtag\/IFA2016?src=hash\">#IFA2016<\/a> <a href=\"https:\/\/t.co\/BUZ2FVagq8\">pic.twitter.com\/BUZ2FVagq8<\/a><\/p>\n<p>\u2014 Deskmodder (@Deskmodder) <a href=\"https:\/\/twitter.com\/Deskmodder\/status\/771996794167386113\">3. September 2016<\/a><\/center><\/p><\/blockquote>\n<p><script async src=\"\/\/platform.twitter.com\/widgets.js\" charset=\"utf-8\"><\/script><\/p>\n<p>Sony hatte das Ganze meiner Meinung nach etwas\u00a0eleganter gel\u00f6st, denn bei der PlayStation VR wurde gesittetes Anstehen erwartet und ab und zu lief auf den Bannern mal ein gro\u00dfer Einspieler, der zwar dann auch entsprechend laut war, aber eben nicht auf Dauer.<\/p>\n<p>Wie auch immer, nachdem man dann 6 Hallen hinter sich hat, wobei vor allem die Telekom-Halle designtechnisch unter diesen hervorragt, schmerzen die F\u00fc\u00dfe bereits und es wurde Zeit f\u00fcr eine Pause. Nat\u00fcrlich stehen einem auch sofort M\u00f6glichkeiten zum Kauf von Speisen zur Verf\u00fcgung, welche logischerweise nicht moderat sind. So habe ich dem Preis nach einen 8\u20ac Luxus-Burger gegessen, welcher aber nicht wirklich besser war als ein Big Mac bei McDonalds. Aber irgendwie m\u00fcssen ja die kostenlosen Presseausweise auch finanziert werden, der mir im \u00dcbrigen die lange Schlange am Morgen erspart hat.<\/p>\n<p>Nach dem Essen bin ich dann mehr oder weniger im schnellen Wechselschritt die restlichen \u00fcber 15 Hallen abgelaufen, wobei ich pers\u00f6nlich wirklich von den Haushaltsger\u00e4teherstellern angetan war, da diese Technik pr\u00e4sentieren, welche wirklich f\u00fcr unsere n\u00e4here Zukunft interessant werden k\u00f6nnte, denn schlie\u00dflich ist die K\u00fcche bei vielen bisher ziemlich analog geblieben. Pers\u00f6nlich war ich da sehr von dem Kochfeld von Panasonic angetan, wo man den Induktionstopf \u00fcberall auf der Arbeitsplatte platzieren kann, um zu kochen. Interessant\u00a0fand ich\u00a0aber auch die neuen Kopfh\u00f6rer von Skullcandy, da man bei diesen den Bass wirklich (angenehm) am Kopf sp\u00fcren konnte.<\/p>\n<p><img loading=\"lazy\" decoding=\"async\" class=\"aligncenter size-full wp-image-71671\" src=\"https:\/\/www.deskmodder.de\/blog\/wp-content\/uploads\/2016\/09\/WP_20160903_16_15_27_Pro_LI.jpg\" alt=\"Skullcandy\" width=\"4208\" height=\"2368\" srcset=\"https:\/\/www.deskmodder.de\/blog\/wp-content\/uploads\/2016\/09\/WP_20160903_16_15_27_Pro_LI.jpg 4208w, https:\/\/www.deskmodder.de\/blog\/wp-content\/uploads\/2016\/09\/WP_20160903_16_15_27_Pro_LI-306x172.jpg 306w, https:\/\/www.deskmodder.de\/blog\/wp-content\/uploads\/2016\/09\/WP_20160903_16_15_27_Pro_LI-500x281.jpg 500w, https:\/\/www.deskmodder.de\/blog\/wp-content\/uploads\/2016\/09\/WP_20160903_16_15_27_Pro_LI-810x456.jpg 810w\" sizes=\"auto, (max-width: 4208px) 100vw, 4208px\" \/><\/p>\n<p>Schlussendlich bin ich von der IFA mit zahlreichen neuen Eindr\u00fccken und Vorfreuden wieder nach Hause gekommen, welche ich in diesem Beitrag zwar etwas vernachl\u00e4ssigt habe,\u00a0wobei es\u00a0mir aber darum ging, vor allem denen, die \u00fcberlegen n\u00e4chstes Jahr mal zur IFA zu fahren, zu zeigen, dass ein eint\u00e4giger Messebesuch auf jeden Fall nicht ausreichend ist und dieser echt an den Nerven zerrt. Meine Freunde hatten mir auch erz\u00e4hlt, dass diese auch manchmal regelrecht \u00fcberfordert waren,\u00a0weil man\u00a0sich nicht sonderlich gut auskennt und die Firmen mit zahlreichen Fach- und Marketingbegriffen wild um sich werfen. Auch macht die nicht allzu frische Luft einen ziemlich schnell m\u00fcde, weswegen ich ein Mittagessen an der freien Luft nur empfehlen kann!<\/p>\n<p>Solltet ihr unseren Liveticker zur IFA verpasst haben, dann k\u00f6nnt ihr euch diesen nachfolgend nochmal anschauen.<\/p>\n<div class=\"video-container\"><a class=\"twitter-moment\" data-width=\"810\" href=\"https:\/\/twitter.com\/i\/moments\/816640836209348608\">IFA 2016<\/a><script async src=\"\/\/platform.twitter.com\/widgets.js\" charset=\"utf-8\"><\/script><\/div>\n","protected":false},"excerpt":{"rendered":"<p>Es war\u00a0in der\u00a0vergangenen Woche wieder Zeit f\u00fcr die IFA in unserer Hauptstadt und w\u00e4hrend diese sich schon wieder anderen Veranstaltungen widmet, wie dem Lollapalooza, m\u00f6chte ich euch gerne mit einem kurzen Res\u00fcmee begl\u00fccken, sowie einfach meine Beobachtungen auf der Messe&hellip; <\/p>\n","protected":false},"author":2550,"featured_media":70893,"comment_status":"open","ping_status":"open","sticky":false,"template":"","format":"standard","meta":{"jetpack_post_was_ever_published":false,"footnotes":"","jetpack_publicize_message":"","jetpack_publicize_feature_enabled":true,"jetpack_social_post_already_shared":true,"jetpack_social_options":{"image_generator_settings":{"template":"highway","default_image_id":0,"font":"","enabled":false},"version":2}},"categories":[1],"tags":[4500,1145,4499,13419,14344,5575,14267],"class_list":["post-71664","post","type-post","status-publish","format-standard","has-post-thumbnail","hentry","category-allgemein","tag-berlin","tag-event","tag-ifa","tag-ifa-2016","tag-kommentar","tag-live","tag-messe"],"wp_featured_image":{"id":70893,"alt_text":"","description":"","media_type":"image","media_details":{"width":2683,"height":1343,"file":"2016\/08\/IFA-Logo_Datum_png.png","sizes":{"thumbnail":{"file":"IFA-Logo_Datum_png-306x153.png","width":306,"height":153,"mime-type":"image\/png","source_url":"https:\/\/www.deskmodder.de\/blog\/wp-content\/uploads\/2016\/08\/IFA-Logo_Datum_png-306x153.png"},"medium":{"file":"IFA-Logo_Datum_png-500x250.png","width":500,"height":250,"mime-type":"image\/png","source_url":"https:\/\/www.deskmodder.de\/blog\/wp-content\/uploads\/2016\/08\/IFA-Logo_Datum_png-500x250.png"},"large":{"file":"IFA-Logo_Datum_png-810x405.png","width":810,"height":405,"mime-type":"image\/png","source_url":"https:\/\/www.deskmodder.de\/blog\/wp-content\/uploads\/2016\/08\/IFA-Logo_Datum_png-810x405.png"},"wp_review_large":{"file":"IFA-Logo_Datum_png-320x200.png","width":320,"height":200,"mime-type":"image\/png","source_url":"https:\/\/www.deskmodder.de\/blog\/wp-content\/uploads\/2016\/08\/IFA-Logo_Datum_png-320x200.png"},"wp_review_small":{"file":"IFA-Logo_Datum_png-65x65.png","width":65,"height":65,"mime-type":"image\/png","source_url":"https:\/\/www.deskmodder.de\/blog\/wp-content\/uploads\/2016\/08\/IFA-Logo_Datum_png-65x65.png"},"blog-large":{"file":"IFA-Logo_Datum_png-642x300.png","width":642,"height":300,"mime-type":"image\/png","source_url":"https:\/\/www.deskmodder.de\/blog\/wp-content\/uploads\/2016\/08\/IFA-Logo_Datum_png-642x300.png"},"blog-medium":{"file":"IFA-Logo_Datum_png-306x205.png","width":306,"height":205,"mime-type":"image\/png","source_url":"https:\/\/www.deskmodder.de\/blog\/wp-content\/uploads\/2016\/08\/IFA-Logo_Datum_png-306x205.png"},"recent-thumb":{"file":"IFA-Logo_Datum_png-350x316.png","width":350,"height":316,"mime-type":"image\/png","source_url":"https:\/\/www.deskmodder.de\/blog\/wp-content\/uploads\/2016\/08\/IFA-Logo_Datum_png-350x316.png"},"service-featured":{"file":"IFA-Logo_Datum_png-600x330.png","width":600,"height":330,"mime-type":"image\/png","source_url":"https:\/\/www.deskmodder.de\/blog\/wp-content\/uploads\/2016\/08\/IFA-Logo_Datum_png-600x330.png"},"wp_rp_thumbnail":{"file":"IFA-Logo_Datum_png-150x150.png","width":150,"height":150,"mime-type":"image\/png","source_url":"https:\/\/www.deskmodder.de\/blog\/wp-content\/uploads\/2016\/08\/IFA-Logo_Datum_png-150x150.png"}},"image_meta":{"aperture":"0","credit":"","camera":"","caption":"","created_timestamp":"0","copyright":"","focal_length":"0","iso":"0","shutter_speed":"0","title":"","orientation":"0","keywords":[]}},"post":70888,"source_url":"https:\/\/www.deskmodder.de\/blog\/wp-content\/uploads\/2016\/08\/IFA-Logo_Datum_png.png"},"commentcount":5,"wp_comments":[{"id":26392,"parent":0,"author":0,"author_name":"qwert73","author_email":"galkauskaite@web.de","author_url":"","author_avatar_urls":{"24":"https:\/\/secure.gravatar.com\/avatar\/6c2ec42ee0d9eac0951d1fb545971dc4a004134365fbc5950821cc2806913881?s=24&d=mm&r=g","48":"https:\/\/secure.gravatar.com\/avatar\/6c2ec42ee0d9eac0951d1fb545971dc4a004134365fbc5950821cc2806913881?s=48&d=mm&r=g","96":"https:\/\/secure.gravatar.com\/avatar\/6c2ec42ee0d9eac0951d1fb545971dc4a004134365fbc5950821cc2806913881?s=96&d=mm&r=g"},"date":"2016-09-11T12:14:08","cld_nonce":"015d9540d6","content":{"rendered":"<p>&#8222;Ich frage mich immer, muss das sein? Die Messe ist gro\u00df, voll und alles ist relativ eng. Muss man da noch mit einem Kinderwagen dort durch?&#8220;<br \/>\nAus meiner Erinnerung an die Zeiten, da das Blag noch nicht auf eigenen F\u00fc\u00dfen stehen geschweige denn laufen konnte: Ja muss man, wenn man denn das Kind nicht stundenlang alleine zu Hause lassen will und sich trotzdem nicht ausschlie\u00dfen l\u00e4sst von Leuten, die trotz zwei freier Arme, die keinen Kinderwagen schieben m\u00fcssen, sich all der Hindernisse wegen f\u00fcrchterlich eingeschr\u00e4nkt f\u00fchlen bei ihren Streifz\u00fcgen. Willkommen in der Welt der Erwachsenen! <img src=\"https:\/\/www.deskmodder.de\/blog\/wp-content\/plugins\/classic-smilies\/img\/icon_wink.gif\" alt=\";)\" class=\"wp-smiley\" \/><\/p>\n"},"status":"1"},{"id":26396,"parent":0,"author":0,"author_name":"qwert73","author_email":"galkauskaite@web.de","author_url":"","author_avatar_urls":{"24":"https:\/\/secure.gravatar.com\/avatar\/6c2ec42ee0d9eac0951d1fb545971dc4a004134365fbc5950821cc2806913881?s=24&d=mm&r=g","48":"https:\/\/secure.gravatar.com\/avatar\/6c2ec42ee0d9eac0951d1fb545971dc4a004134365fbc5950821cc2806913881?s=48&d=mm&r=g","96":"https:\/\/secure.gravatar.com\/avatar\/6c2ec42ee0d9eac0951d1fb545971dc4a004134365fbc5950821cc2806913881?s=96&d=mm&r=g"},"date":"2016-09-11T12:29:58","cld_nonce":"015d9540d6","content":{"rendered":"<p>&#8222;Nach dem Essen bin ich dann mehr oder weniger im schnellen Wechselschritt die restlichen \u00fcber 15 Hallen abgelaufen, wobei ich pers\u00f6nlich wirklich von den Haushaltsger\u00e4teherstellern angetan war, da diese Technik pr\u00e4sentieren, welche wirklich f\u00fcr unsere n\u00e4here Zukunft interessant werden k\u00f6nnte, denn schlie\u00dflich ist die K\u00fcche bei vielen bisher ziemlich analog geblieben.&#8220;<\/p>\n<p>Gew\u00f6hnlicherweise legt man an Haushaltsger\u00e4te das Kriterium der N\u00fctzlichkeit an &#8211; wie interessant sie noch dar\u00fcberhinaus sind, k\u00f6nnen ja dann die entscheiden, die ein B\u00fcgeleisen nicht zum B\u00fcgeln und einen K\u00fchlschrank nicht zum K\u00fchlen brauchen. In dem Ma\u00dfe, wie man dem zahlenden Publikum den Sinn digitaler Herdplatten und Mixer verklickern kann, l\u00e4sst sich Geld verdienen mit Ger\u00e4ten, deren urspr\u00fcnglicher Nutzen wo anders liegt als in dem, was der digitale Nonsens erm\u00f6glicht.<\/p>\n"},"status":"1"},{"id":26397,"parent":26392,"author":2550,"author_name":"MAX","author_email":"maxstahl@outlook.com","author_url":"","author_avatar_urls":{"24":"https:\/\/secure.gravatar.com\/avatar\/baa8420b54a519e302878331460593a8692483d5d41187ec53ed72d7d8fc4aa4?s=24&d=mm&r=g","48":"https:\/\/secure.gravatar.com\/avatar\/baa8420b54a519e302878331460593a8692483d5d41187ec53ed72d7d8fc4aa4?s=48&d=mm&r=g","96":"https:\/\/secure.gravatar.com\/avatar\/baa8420b54a519e302878331460593a8692483d5d41187ec53ed72d7d8fc4aa4?s=96&d=mm&r=g"},"date":"2016-09-11T12:29:59","cld_nonce":"015d9540d6","content":{"rendered":"<p>Wenn man doch unbedingt auf die Messe muss, dann k\u00f6nnte man doch auch mal Oma und Opa oder den Freundeskreis fragen, ob die nicht eventuell f\u00fcr einen Tag mal aufpassen k\u00f6nnten oder nicht? <img src=\"https:\/\/www.deskmodder.de\/blog\/wp-content\/plugins\/classic-smilies\/img\/icon_wink.gif\" alt=\";)\" class=\"wp-smiley\" \/><\/p>\n<p>Ich wei\u00df, dass viele Erwachsene ungern ihre Kinder in fremde H\u00e4nde geben, aber meiner Meinung nach ist es falsch ein so kleines Kind auf eine dauerhaft laute Messe zu schleppen und vor allem in Zeiten der totalen Vernetzung und dem perfekten Mobilfunkausbau auf der IFA sollte es doch kein Problem sein, wenn das Kind bei Freunden oder O&#038;O bleibt. Schlussendlich ist die Messe auch noch im n\u00e4chsten Jahr.<\/p>\n"},"status":"1"},{"id":26398,"parent":26396,"author":2550,"author_name":"MAX","author_email":"maxstahl@outlook.com","author_url":"","author_avatar_urls":{"24":"https:\/\/secure.gravatar.com\/avatar\/baa8420b54a519e302878331460593a8692483d5d41187ec53ed72d7d8fc4aa4?s=24&d=mm&r=g","48":"https:\/\/secure.gravatar.com\/avatar\/baa8420b54a519e302878331460593a8692483d5d41187ec53ed72d7d8fc4aa4?s=48&d=mm&r=g","96":"https:\/\/secure.gravatar.com\/avatar\/baa8420b54a519e302878331460593a8692483d5d41187ec53ed72d7d8fc4aa4?s=96&d=mm&r=g"},"date":"2016-09-11T12:32:42","cld_nonce":"015d9540d6","content":{"rendered":"<p>Stimmt, da hast du recht!<\/p>\n"},"status":"1"},{"id":26496,"parent":26397,"author":2550,"author_name":"MAX","author_email":"maxstahl@outlook.com","author_url":"","author_avatar_urls":{"24":"https:\/\/secure.gravatar.com\/avatar\/baa8420b54a519e302878331460593a8692483d5d41187ec53ed72d7d8fc4aa4?s=24&d=mm&r=g","48":"https:\/\/secure.gravatar.com\/avatar\/baa8420b54a519e302878331460593a8692483d5d41187ec53ed72d7d8fc4aa4?s=48&d=mm&r=g","96":"https:\/\/secure.gravatar.com\/avatar\/baa8420b54a519e302878331460593a8692483d5d41187ec53ed72d7d8fc4aa4?s=96&d=mm&r=g"},"date":"2016-09-12T12:58:03","cld_nonce":"015d9540d6","content":{"rendered":"<p>Die weiteren Kommentare wurden entfernt. <\/p>\n<p><i>gepostet mit der <a href=\"https:\/\/www.microsoft.com\/store\/apps\/9wzdncrdfx92\" >Deskmodder.de-App<\/a><\/i><\/p>\n"},"status":"1"}],"wp_author":{"id":2550,"name":"MAX","description":"Begeisterter Technik-Enthusiast, der aktuell zwei Welten vereint. Windows auf PC sowie Xbox und iOS auf dem iPhone, als auch auf dem iPad. Gespaltene Pers\u00f6nlichkeit w\u00fcrde ich sagen. ;)","author_avatar_urls":{"24":"https:\/\/secure.gravatar.com\/avatar\/0a924a9e0119dd457d49c2eb1fa27ade332376ba6138336743cdd8c221e4a3a3?s=24&d=mm&r=g","48":"https:\/\/secure.gravatar.com\/avatar\/0a924a9e0119dd457d49c2eb1fa27ade332376ba6138336743cdd8c221e4a3a3?s=48&d=mm&r=g","96":"https:\/\/secure.gravatar.com\/avatar\/0a924a9e0119dd457d49c2eb1fa27ade332376ba6138336743cdd8c221e4a3a3?s=96&d=mm&r=g"}},"cld_nonce":"015d9540d6","yoast_head":"<!-- This site is optimized with the Yoast SEO Premium plugin v27.5 (Yoast SEO v27.5) - https:\/\/yoast.com\/product\/yoast-seo-premium-wordpress\/ -->\n<title>[IFA 2016] Kommentar zur Messe - Deskmodder.de<\/title>\n<meta name=\"description\" content=\"Meine pers\u00f6nliche Meinung zum ganzen Messetreiben und den pr\u00e4sentierten Ger\u00e4ten, welche ich bei meinem Besuch sehen konnte, gibt es in diesem Beitrag.\" \/>\n<meta name=\"robots\" content=\"index, follow, max-snippet:-1, max-image-preview:large, max-video-preview:-1\" \/>\n<link rel=\"canonical\" href=\"https:\/\/www.deskmodder.de\/blog\/2016\/09\/10\/ifa-2016-kommentar-zur-messe\/\" \/>\n<meta property=\"og:locale\" content=\"de_DE\" \/>\n<meta property=\"og:type\" content=\"article\" \/>\n<meta property=\"og:title\" content=\"[IFA 2016] Kommentar zur Messe\" \/>\n<meta property=\"og:description\" content=\"Meine pers\u00f6nliche Meinung zum ganzen Messetreiben und den pr\u00e4sentierten Ger\u00e4ten, welche ich bei meinem Besuch sehen konnte, gibt es in diesem Beitrag.\" \/>\n<meta property=\"og:url\" content=\"https:\/\/www.deskmodder.de\/blog\/2016\/09\/10\/ifa-2016-kommentar-zur-messe\/\" \/>\n<meta property=\"og:site_name\" content=\"Deskmodder.de\" \/>\n<meta property=\"article:publisher\" content=\"https:\/\/www.facebook.com\/Deskmodder\" \/>\n<meta property=\"article:published_time\" content=\"2016-09-10T17:04:57+00:00\" \/>\n<meta property=\"article:modified_time\" content=\"2017-01-04T14:34:54+00:00\" \/>\n<meta property=\"og:image\" content=\"https:\/\/www.deskmodder.de\/blog\/wp-content\/uploads\/2016\/08\/IFA-Logo_Datum_png.png\" \/>\n\t<meta property=\"og:image:width\" content=\"2683\" \/>\n\t<meta property=\"og:image:height\" content=\"1343\" \/>\n\t<meta property=\"og:image:type\" content=\"image\/png\" \/>\n<meta name=\"author\" content=\"MAX\" \/>\n<meta name=\"twitter:card\" content=\"summary_large_image\" \/>\n<meta name=\"twitter:creator\" content=\"@themximum\" \/>\n<meta name=\"twitter:site\" content=\"@Deskmodder\" \/>\n<script type=\"application\/ld+json\" class=\"yoast-schema-graph\">{\"@context\":\"https:\\\/\\\/schema.org\",\"@graph\":[{\"@type\":\"Article\",\"@id\":\"https:\\\/\\\/www.deskmodder.de\\\/blog\\\/2016\\\/09\\\/10\\\/ifa-2016-kommentar-zur-messe\\\/#article\",\"isPartOf\":{\"@id\":\"https:\\\/\\\/www.deskmodder.de\\\/blog\\\/2016\\\/09\\\/10\\\/ifa-2016-kommentar-zur-messe\\\/\"},\"author\":{\"name\":\"MAX\",\"@id\":\"https:\\\/\\\/www.deskmodder.de\\\/blog\\\/#\\\/schema\\\/person\\\/bd4b9506e83c661f1de1af925c726d7c\"},\"headline\":\"[IFA 2016] Kommentar zur Messe\",\"datePublished\":\"2016-09-10T17:04:57+00:00\",\"dateModified\":\"2017-01-04T14:34:54+00:00\",\"mainEntityOfPage\":{\"@id\":\"https:\\\/\\\/www.deskmodder.de\\\/blog\\\/2016\\\/09\\\/10\\\/ifa-2016-kommentar-zur-messe\\\/\"},\"wordCount\":1039,\"commentCount\":5,\"publisher\":{\"@id\":\"https:\\\/\\\/www.deskmodder.de\\\/blog\\\/#organization\"},\"image\":{\"@id\":\"https:\\\/\\\/www.deskmodder.de\\\/blog\\\/2016\\\/09\\\/10\\\/ifa-2016-kommentar-zur-messe\\\/#primaryimage\"},\"thumbnailUrl\":\"https:\\\/\\\/www.deskmodder.de\\\/blog\\\/wp-content\\\/uploads\\\/2016\\\/08\\\/IFA-Logo_Datum_png.png\",\"keywords\":[\"berlin\",\"event\",\"ifa\",\"IFA 2016\",\"Kommentar\",\"live\",\"Messe\"],\"inLanguage\":\"de\",\"potentialAction\":[{\"@type\":\"CommentAction\",\"name\":\"Comment\",\"target\":[\"https:\\\/\\\/www.deskmodder.de\\\/blog\\\/2016\\\/09\\\/10\\\/ifa-2016-kommentar-zur-messe\\\/#respond\"]}],\"copyrightYear\":\"2016\",\"copyrightHolder\":{\"@id\":\"https:\\\/\\\/www.deskmodder.de\\\/blog\\\/#organization\"}},{\"@type\":\"WebPage\",\"@id\":\"https:\\\/\\\/www.deskmodder.de\\\/blog\\\/2016\\\/09\\\/10\\\/ifa-2016-kommentar-zur-messe\\\/\",\"url\":\"https:\\\/\\\/www.deskmodder.de\\\/blog\\\/2016\\\/09\\\/10\\\/ifa-2016-kommentar-zur-messe\\\/\",\"name\":\"[IFA 2016] Kommentar zur Messe - Deskmodder.de\",\"isPartOf\":{\"@id\":\"https:\\\/\\\/www.deskmodder.de\\\/blog\\\/#website\"},\"primaryImageOfPage\":{\"@id\":\"https:\\\/\\\/www.deskmodder.de\\\/blog\\\/2016\\\/09\\\/10\\\/ifa-2016-kommentar-zur-messe\\\/#primaryimage\"},\"image\":{\"@id\":\"https:\\\/\\\/www.deskmodder.de\\\/blog\\\/2016\\\/09\\\/10\\\/ifa-2016-kommentar-zur-messe\\\/#primaryimage\"},\"thumbnailUrl\":\"https:\\\/\\\/www.deskmodder.de\\\/blog\\\/wp-content\\\/uploads\\\/2016\\\/08\\\/IFA-Logo_Datum_png.png\",\"datePublished\":\"2016-09-10T17:04:57+00:00\",\"dateModified\":\"2017-01-04T14:34:54+00:00\",\"description\":\"Meine pers\u00f6nliche Meinung zum ganzen Messetreiben und den pr\u00e4sentierten Ger\u00e4ten, welche ich bei meinem Besuch sehen konnte, gibt es in diesem Beitrag.\",\"breadcrumb\":{\"@id\":\"https:\\\/\\\/www.deskmodder.de\\\/blog\\\/2016\\\/09\\\/10\\\/ifa-2016-kommentar-zur-messe\\\/#breadcrumb\"},\"inLanguage\":\"de\",\"potentialAction\":[{\"@type\":\"ReadAction\",\"target\":[\"https:\\\/\\\/www.deskmodder.de\\\/blog\\\/2016\\\/09\\\/10\\\/ifa-2016-kommentar-zur-messe\\\/\"]}]},{\"@type\":\"ImageObject\",\"inLanguage\":\"de\",\"@id\":\"https:\\\/\\\/www.deskmodder.de\\\/blog\\\/2016\\\/09\\\/10\\\/ifa-2016-kommentar-zur-messe\\\/#primaryimage\",\"url\":\"https:\\\/\\\/www.deskmodder.de\\\/blog\\\/wp-content\\\/uploads\\\/2016\\\/08\\\/IFA-Logo_Datum_png.png\",\"contentUrl\":\"https:\\\/\\\/www.deskmodder.de\\\/blog\\\/wp-content\\\/uploads\\\/2016\\\/08\\\/IFA-Logo_Datum_png.png\",\"width\":2683,\"height\":1343},{\"@type\":\"BreadcrumbList\",\"@id\":\"https:\\\/\\\/www.deskmodder.de\\\/blog\\\/2016\\\/09\\\/10\\\/ifa-2016-kommentar-zur-messe\\\/#breadcrumb\",\"itemListElement\":[{\"@type\":\"ListItem\",\"position\":1,\"name\":\"Startseite\",\"item\":\"https:\\\/\\\/www.deskmodder.de\\\/blog\\\/\"},{\"@type\":\"ListItem\",\"position\":2,\"name\":\"[IFA 2016] Kommentar zur Messe\"}]},{\"@type\":\"WebSite\",\"@id\":\"https:\\\/\\\/www.deskmodder.de\\\/blog\\\/#website\",\"url\":\"https:\\\/\\\/www.deskmodder.de\\\/blog\\\/\",\"name\":\"Deskmodder.de\",\"description\":\"News zum Thema Microsoft, Windows 11 \\\/ 10, sowie anderen Neuigkeiten aus dem Netz, viele Tipps und individuelle Hilfe bei Problemen in unserem Forum \u25cf Deskmodder - seit 2003\",\"publisher\":{\"@id\":\"https:\\\/\\\/www.deskmodder.de\\\/blog\\\/#organization\"},\"potentialAction\":[{\"@type\":\"SearchAction\",\"target\":{\"@type\":\"EntryPoint\",\"urlTemplate\":\"https:\\\/\\\/www.deskmodder.de\\\/blog\\\/?s={search_term_string}\"},\"query-input\":{\"@type\":\"PropertyValueSpecification\",\"valueRequired\":true,\"valueName\":\"search_term_string\"}}],\"inLanguage\":\"de\"},{\"@type\":\"Organization\",\"@id\":\"https:\\\/\\\/www.deskmodder.de\\\/blog\\\/#organization\",\"name\":\"Deskmodder\",\"url\":\"https:\\\/\\\/www.deskmodder.de\\\/blog\\\/\",\"logo\":{\"@type\":\"ImageObject\",\"inLanguage\":\"de\",\"@id\":\"https:\\\/\\\/www.deskmodder.de\\\/blog\\\/#\\\/schema\\\/logo\\\/image\\\/\",\"url\":\"https:\\\/\\\/www.deskmodder.de\\\/blog\\\/wp-content\\\/uploads\\\/2019\\\/01\\\/deskmodder-logo-app.png\",\"contentUrl\":\"https:\\\/\\\/www.deskmodder.de\\\/blog\\\/wp-content\\\/uploads\\\/2019\\\/01\\\/deskmodder-logo-app.png\",\"width\":281,\"height\":286,\"caption\":\"Deskmodder\"},\"image\":{\"@id\":\"https:\\\/\\\/www.deskmodder.de\\\/blog\\\/#\\\/schema\\\/logo\\\/image\\\/\"},\"sameAs\":[\"https:\\\/\\\/www.facebook.com\\\/Deskmodder\",\"https:\\\/\\\/x.com\\\/Deskmodder\",\"https:\\\/\\\/mastodontech.de\\\/@Deskmodder\",\"https:\\\/\\\/www.youtube.com\\\/user\\\/deskmodder\",\"https:\\\/\\\/mewe.com\\\/group\\\/5c83b5231add826fc80cdae1\"]},{\"@type\":\"Person\",\"@id\":\"https:\\\/\\\/www.deskmodder.de\\\/blog\\\/#\\\/schema\\\/person\\\/bd4b9506e83c661f1de1af925c726d7c\",\"name\":\"MAX\",\"image\":{\"@type\":\"ImageObject\",\"inLanguage\":\"de\",\"@id\":\"https:\\\/\\\/secure.gravatar.com\\\/avatar\\\/0a924a9e0119dd457d49c2eb1fa27ade332376ba6138336743cdd8c221e4a3a3?s=96&d=mm&r=g\",\"url\":\"https:\\\/\\\/secure.gravatar.com\\\/avatar\\\/0a924a9e0119dd457d49c2eb1fa27ade332376ba6138336743cdd8c221e4a3a3?s=96&d=mm&r=g\",\"contentUrl\":\"https:\\\/\\\/secure.gravatar.com\\\/avatar\\\/0a924a9e0119dd457d49c2eb1fa27ade332376ba6138336743cdd8c221e4a3a3?s=96&d=mm&r=g\",\"caption\":\"MAX\"},\"description\":\"Begeisterter Technik-Enthusiast, der aktuell zwei Welten vereint. Windows auf PC sowie Xbox und iOS auf dem iPhone, als auch auf dem iPad. Gespaltene Pers\u00f6nlichkeit w\u00fcrde ich sagen. ;)\",\"sameAs\":[\"https:\\\/\\\/www.instagram.com\\\/themximum\\\/\",\"https:\\\/\\\/x.com\\\/themximum\"],\"url\":\"https:\\\/\\\/www.deskmodder.de\\\/blog\\\/author\\\/max\\\/\"}]}<\/script>\n<!-- \/ Yoast SEO Premium plugin. -->","yoast_head_json":{"title":"[IFA 2016] Kommentar zur Messe - Deskmodder.de","description":"Meine pers\u00f6nliche Meinung zum ganzen Messetreiben und den pr\u00e4sentierten Ger\u00e4ten, welche ich bei meinem Besuch sehen konnte, gibt es in diesem Beitrag.","robots":{"index":"index","follow":"follow","max-snippet":"max-snippet:-1","max-image-preview":"max-image-preview:large","max-video-preview":"max-video-preview:-1"},"canonical":"https:\/\/www.deskmodder.de\/blog\/2016\/09\/10\/ifa-2016-kommentar-zur-messe\/","og_locale":"de_DE","og_type":"article","og_title":"[IFA 2016] Kommentar zur Messe","og_description":"Meine pers\u00f6nliche Meinung zum ganzen Messetreiben und den pr\u00e4sentierten Ger\u00e4ten, welche ich bei meinem Besuch sehen konnte, gibt es in diesem Beitrag.","og_url":"https:\/\/www.deskmodder.de\/blog\/2016\/09\/10\/ifa-2016-kommentar-zur-messe\/","og_site_name":"Deskmodder.de","article_publisher":"https:\/\/www.facebook.com\/Deskmodder","article_published_time":"2016-09-10T17:04:57+00:00","article_modified_time":"2017-01-04T14:34:54+00:00","og_image":[{"width":2683,"height":1343,"url":"https:\/\/www.deskmodder.de\/blog\/wp-content\/uploads\/2016\/08\/IFA-Logo_Datum_png.png","type":"image\/png"}],"author":"MAX","twitter_card":"summary_large_image","twitter_creator":"@themximum","twitter_site":"@Deskmodder","schema":{"@context":"https:\/\/schema.org","@graph":[{"@type":"Article","@id":"https:\/\/www.deskmodder.de\/blog\/2016\/09\/10\/ifa-2016-kommentar-zur-messe\/#article","isPartOf":{"@id":"https:\/\/www.deskmodder.de\/blog\/2016\/09\/10\/ifa-2016-kommentar-zur-messe\/"},"author":{"name":"MAX","@id":"https:\/\/www.deskmodder.de\/blog\/#\/schema\/person\/bd4b9506e83c661f1de1af925c726d7c"},"headline":"[IFA 2016] Kommentar zur Messe","datePublished":"2016-09-10T17:04:57+00:00","dateModified":"2017-01-04T14:34:54+00:00","mainEntityOfPage":{"@id":"https:\/\/www.deskmodder.de\/blog\/2016\/09\/10\/ifa-2016-kommentar-zur-messe\/"},"wordCount":1039,"commentCount":5,"publisher":{"@id":"https:\/\/www.deskmodder.de\/blog\/#organization"},"image":{"@id":"https:\/\/www.deskmodder.de\/blog\/2016\/09\/10\/ifa-2016-kommentar-zur-messe\/#primaryimage"},"thumbnailUrl":"https:\/\/www.deskmodder.de\/blog\/wp-content\/uploads\/2016\/08\/IFA-Logo_Datum_png.png","keywords":["berlin","event","ifa","IFA 2016","Kommentar","live","Messe"],"inLanguage":"de","potentialAction":[{"@type":"CommentAction","name":"Comment","target":["https:\/\/www.deskmodder.de\/blog\/2016\/09\/10\/ifa-2016-kommentar-zur-messe\/#respond"]}],"copyrightYear":"2016","copyrightHolder":{"@id":"https:\/\/www.deskmodder.de\/blog\/#organization"}},{"@type":"WebPage","@id":"https:\/\/www.deskmodder.de\/blog\/2016\/09\/10\/ifa-2016-kommentar-zur-messe\/","url":"https:\/\/www.deskmodder.de\/blog\/2016\/09\/10\/ifa-2016-kommentar-zur-messe\/","name":"[IFA 2016] Kommentar zur Messe - Deskmodder.de","isPartOf":{"@id":"https:\/\/www.deskmodder.de\/blog\/#website"},"primaryImageOfPage":{"@id":"https:\/\/www.deskmodder.de\/blog\/2016\/09\/10\/ifa-2016-kommentar-zur-messe\/#primaryimage"},"image":{"@id":"https:\/\/www.deskmodder.de\/blog\/2016\/09\/10\/ifa-2016-kommentar-zur-messe\/#primaryimage"},"thumbnailUrl":"https:\/\/www.deskmodder.de\/blog\/wp-content\/uploads\/2016\/08\/IFA-Logo_Datum_png.png","datePublished":"2016-09-10T17:04:57+00:00","dateModified":"2017-01-04T14:34:54+00:00","description":"Meine pers\u00f6nliche Meinung zum ganzen Messetreiben und den pr\u00e4sentierten Ger\u00e4ten, welche ich bei meinem Besuch sehen konnte, gibt es in diesem Beitrag.","breadcrumb":{"@id":"https:\/\/www.deskmodder.de\/blog\/2016\/09\/10\/ifa-2016-kommentar-zur-messe\/#breadcrumb"},"inLanguage":"de","potentialAction":[{"@type":"ReadAction","target":["https:\/\/www.deskmodder.de\/blog\/2016\/09\/10\/ifa-2016-kommentar-zur-messe\/"]}]},{"@type":"ImageObject","inLanguage":"de","@id":"https:\/\/www.deskmodder.de\/blog\/2016\/09\/10\/ifa-2016-kommentar-zur-messe\/#primaryimage","url":"https:\/\/www.deskmodder.de\/blog\/wp-content\/uploads\/2016\/08\/IFA-Logo_Datum_png.png","contentUrl":"https:\/\/www.deskmodder.de\/blog\/wp-content\/uploads\/2016\/08\/IFA-Logo_Datum_png.png","width":2683,"height":1343},{"@type":"BreadcrumbList","@id":"https:\/\/www.deskmodder.de\/blog\/2016\/09\/10\/ifa-2016-kommentar-zur-messe\/#breadcrumb","itemListElement":[{"@type":"ListItem","position":1,"name":"Startseite","item":"https:\/\/www.deskmodder.de\/blog\/"},{"@type":"ListItem","position":2,"name":"[IFA 2016] Kommentar zur Messe"}]},{"@type":"WebSite","@id":"https:\/\/www.deskmodder.de\/blog\/#website","url":"https:\/\/www.deskmodder.de\/blog\/","name":"Deskmodder.de","description":"News zum Thema Microsoft, Windows 11 \/ 10, sowie anderen Neuigkeiten aus dem Netz, viele Tipps und individuelle Hilfe bei Problemen in unserem Forum \u25cf Deskmodder - seit 2003","publisher":{"@id":"https:\/\/www.deskmodder.de\/blog\/#organization"},"potentialAction":[{"@type":"SearchAction","target":{"@type":"EntryPoint","urlTemplate":"https:\/\/www.deskmodder.de\/blog\/?s={search_term_string}"},"query-input":{"@type":"PropertyValueSpecification","valueRequired":true,"valueName":"search_term_string"}}],"inLanguage":"de"},{"@type":"Organization","@id":"https:\/\/www.deskmodder.de\/blog\/#organization","name":"Deskmodder","url":"https:\/\/www.deskmodder.de\/blog\/","logo":{"@type":"ImageObject","inLanguage":"de","@id":"https:\/\/www.deskmodder.de\/blog\/#\/schema\/logo\/image\/","url":"https:\/\/www.deskmodder.de\/blog\/wp-content\/uploads\/2019\/01\/deskmodder-logo-app.png","contentUrl":"https:\/\/www.deskmodder.de\/blog\/wp-content\/uploads\/2019\/01\/deskmodder-logo-app.png","width":281,"height":286,"caption":"Deskmodder"},"image":{"@id":"https:\/\/www.deskmodder.de\/blog\/#\/schema\/logo\/image\/"},"sameAs":["https:\/\/www.facebook.com\/Deskmodder","https:\/\/x.com\/Deskmodder","https:\/\/mastodontech.de\/@Deskmodder","https:\/\/www.youtube.com\/user\/deskmodder","https:\/\/mewe.com\/group\/5c83b5231add826fc80cdae1"]},{"@type":"Person","@id":"https:\/\/www.deskmodder.de\/blog\/#\/schema\/person\/bd4b9506e83c661f1de1af925c726d7c","name":"MAX","image":{"@type":"ImageObject","inLanguage":"de","@id":"https:\/\/secure.gravatar.com\/avatar\/0a924a9e0119dd457d49c2eb1fa27ade332376ba6138336743cdd8c221e4a3a3?s=96&d=mm&r=g","url":"https:\/\/secure.gravatar.com\/avatar\/0a924a9e0119dd457d49c2eb1fa27ade332376ba6138336743cdd8c221e4a3a3?s=96&d=mm&r=g","contentUrl":"https:\/\/secure.gravatar.com\/avatar\/0a924a9e0119dd457d49c2eb1fa27ade332376ba6138336743cdd8c221e4a3a3?s=96&d=mm&r=g","caption":"MAX"},"description":"Begeisterter Technik-Enthusiast, der aktuell zwei Welten vereint. Windows auf PC sowie Xbox und iOS auf dem iPhone, als auch auf dem iPad. Gespaltene Pers\u00f6nlichkeit w\u00fcrde ich sagen. ;)","sameAs":["https:\/\/www.instagram.com\/themximum\/","https:\/\/x.com\/themximum"],"url":"https:\/\/www.deskmodder.de\/blog\/author\/max\/"}]}},"jetpack_publicize_connections":[],"jetpack_featured_media_url":"https:\/\/www.deskmodder.de\/blog\/wp-content\/uploads\/2016\/08\/IFA-Logo_Datum_png.png","_links":{"self":[{"href":"https:\/\/www.deskmodder.de\/blog\/wp-json\/wp\/v2\/posts\/71664","targetHints":{"allow":["GET"]}}],"collection":[{"href":"https:\/\/www.deskmodder.de\/blog\/wp-json\/wp\/v2\/posts"}],"about":[{"href":"https:\/\/www.deskmodder.de\/blog\/wp-json\/wp\/v2\/types\/post"}],"author":[{"embeddable":true,"href":"https:\/\/www.deskmodder.de\/blog\/wp-json\/wp\/v2\/users\/2550"}],"replies":[{"embeddable":true,"href":"https:\/\/www.deskmodder.de\/blog\/wp-json\/wp\/v2\/comments?post=71664"}],"version-history":[{"count":0,"href":"https:\/\/www.deskmodder.de\/blog\/wp-json\/wp\/v2\/posts\/71664\/revisions"}],"wp:featuredmedia":[{"embeddable":true,"href":"https:\/\/www.deskmodder.de\/blog\/wp-json\/wp\/v2\/media\/70893"}],"wp:attachment":[{"href":"https:\/\/www.deskmodder.de\/blog\/wp-json\/wp\/v2\/media?parent=71664"}],"wp:term":[{"taxonomy":"category","embeddable":true,"href":"https:\/\/www.deskmodder.de\/blog\/wp-json\/wp\/v2\/categories?post=71664"},{"taxonomy":"post_tag","embeddable":true,"href":"https:\/\/www.deskmodder.de\/blog\/wp-json\/wp\/v2\/tags?post=71664"}],"curies":[{"name":"wp","href":"https:\/\/api.w.org\/{rel}","templated":true}]}}