{"id":71272,"date":"2016-09-02T10:20:49","date_gmt":"2016-09-02T08:20:49","guid":{"rendered":"https:\/\/www.deskmodder.de\/blog\/?p=71272"},"modified":"2016-09-02T10:20:49","modified_gmt":"2016-09-02T08:20:49","slug":"ifa-2016-sony-stellt-aufzeichnung-der-pressekonferenz-online","status":"publish","type":"post","link":"https:\/\/www.deskmodder.de\/blog\/2016\/09\/02\/ifa-2016-sony-stellt-aufzeichnung-der-pressekonferenz-online\/","title":{"rendered":"[IFA 2016] Sony stellt Aufzeichnung der Pressekonferenz online"},"content":{"rendered":"<p>Gestern hatte Sony seinen gro\u00dfen Auftritt in Berlin auf der diesj\u00e4hrigen IFA. Gezeigt wurden u.a. die neuen Xperia XZ und Xperia X Compact Smartphones. Aber auch neue Kopfh\u00f6rer und mehr hatte Sony im Gep\u00e4ck dabei.<\/p>\n<p><img loading=\"lazy\" decoding=\"async\" class=\"aligncenter size-large wp-image-71194\" src=\"https:\/\/www.deskmodder.de\/blog\/wp-content\/uploads\/2016\/09\/Xperia-XZ_Mineral-Schwarz_front-583x583.jpg\" alt=\"Xperia XZ_Mineral-Schwarz_front\" width=\"583\" height=\"583\" srcset=\"https:\/\/www.deskmodder.de\/blog\/wp-content\/uploads\/2016\/09\/Xperia-XZ_Mineral-Schwarz_front-583x583.jpg 583w, https:\/\/www.deskmodder.de\/blog\/wp-content\/uploads\/2016\/09\/Xperia-XZ_Mineral-Schwarz_front-205x205.jpg 205w, https:\/\/www.deskmodder.de\/blog\/wp-content\/uploads\/2016\/09\/Xperia-XZ_Mineral-Schwarz_front-360x360.jpg 360w, https:\/\/www.deskmodder.de\/blog\/wp-content\/uploads\/2016\/09\/Xperia-XZ_Mineral-Schwarz_front-65x65.jpg 65w, https:\/\/www.deskmodder.de\/blog\/wp-content\/uploads\/2016\/09\/Xperia-XZ_Mineral-Schwarz_front-150x150.jpg 150w\" sizes=\"auto, (max-width: 583px) 100vw, 583px\" \/><\/p>\n<p>Nun hat Sony die Aufzeichnung der Pressekonferenz im hauseigenen YouTube-Kanal online gestellt. Wer Lust<br \/>\nhat kann sich also die Neuheiten nochmals in Ruhe auf der Couch zu Hause anschauen.<\/p>\n<div class=\"video-container\"><div style=\"position:relative;width:100%;max-width:810px;height:456px;background-color:black;color:white;padding:0px;\" data-video-id=\"1QyElFkVfgo\">\n\t\t\t\t\t\t<div style=\"text-align: center;\">\n\t\t\t\t\t\t\t<span class=\"hint-text\">Erst durch Klick auf den Button werden Daten an Youtube \u00fcbermittelt und dir das Video angezeigt.<br\/>Mehr dazu in unserer <a href=\"https:\/\/www.deskmodder.de\/blog\/datenschutz-auf-deskmodder-de\/\" target=\"_blank\">Datenschutzrichtlinie<\/a><\/span>\n\t\t\t\t\t\t<\/div>\n\t\t\t\t\t\t<div style=\"text-align: center; margin-top: 10px;\">\n\t\t\t\t\t\t\t<button onclick=\"showVideo(this)\">Verstanden!<\/button>\n\t\t\t\t\t\t<\/div>\n\t\t\t\t\t\t<div class=\"video-container\" style=\"display:none;\">\n\t\t\t\t\t\t\t<img decoding=\"async\" src=\"https:\/\/img.youtube.com\/vi\/1QyElFkVfgo\/hqdefault.jpg\" alt=\"Vorschaubild\" style=\"width:100%; max-width:810px;\" \/>\n\t\t\t\t\t\t<\/div>\n\t\t\t\t\t<\/div>\n\t\t\t\t\t<script>\n\t\t\t\t\t\tfunction showVideo(button) {\n\t\t\t\t\t\t\tconst videoID = button.parentElement.parentElement.getAttribute(\"data-video-id\");\n\t\t\t\t\t\t\tconsole.log(\"Video ID:\", videoID); \/\/ Debugging\n\t\t\t\t\t\t\tconst iframeHTML = \"<iframe width='810' height='456' src='https:\/\/www.youtube-nocookie.com\/embed\/\" + videoID + \"?feature=oembed' frameborder='0' allow='accelerometer; autoplay; clipboard-write; encrypted-media; gyroscope; picture-in-picture' allowfullscreen><\/iframe>\";\n\n\t\t\t\t\t\t\tbutton.parentElement.parentElement.querySelector(\".video-container\").innerHTML = iframeHTML;\n\n\t\t\t\t\t\t\t\/\/ Video-Container sichtbar machen\n\t\t\t\t\t\t\tbutton.parentElement.parentElement.querySelector(\".video-container\").style.display = \"block\";\n\t\t\t\t\t\t\tbutton.parentElement.parentElement.querySelector(\".hint-text\").style.display = \"none\";\n\t\t\t\t\t\t\tbutton.remove();\n\t\t\t\t\t\t}\n\t\t\t\t\t<\/script><\/div>\n<p>&nbsp;<\/p>\n","protected":false},"excerpt":{"rendered":"<p>Gestern hatte Sony seinen gro\u00dfen Auftritt in Berlin auf der diesj\u00e4hrigen IFA. Gezeigt wurden u.a. die neuen Xperia XZ und Xperia X Compact Smartphones. Aber auch neue Kopfh\u00f6rer und mehr hatte Sony im Gep\u00e4ck dabei. Nun hat Sony die Aufzeichnung&hellip; <\/p>\n","protected":false},"author":2020,"featured_media":71197,"comment_status":"open","ping_status":"open","sticky":false,"template":"","format":"standard","meta":{"jetpack_post_was_ever_published":false,"footnotes":"","jetpack_publicize_message":"","jetpack_publicize_feature_enabled":true,"jetpack_social_post_already_shared":true,"jetpack_social_options":{"image_generator_settings":{"template":"highway","default_image_id":0,"font":"","enabled":false},"version":2}},"categories":[1],"tags":[13419,2790,1929],"class_list":["post-71272","post","type-post","status-publish","format-standard","has-post-thumbnail","hentry","category-allgemein","tag-ifa-2016","tag-pressekonferenz","tag-sony"],"wp_featured_image":{"id":71197,"alt_text":"","description":"","media_type":"image","media_details":{"width":7000,"height":7000,"file":"2016\/09\/Xperia-X-Compact_Nacht-Schwarz_front.jpg","sizes":{"thumbnail":{"file":"Xperia-X-Compact_Nacht-Schwarz_front-205x205.jpg","width":205,"height":205,"mime-type":"image\/jpeg","source_url":"https:\/\/www.deskmodder.de\/blog\/wp-content\/uploads\/2016\/09\/Xperia-X-Compact_Nacht-Schwarz_front-205x205.jpg"},"medium":{"file":"Xperia-X-Compact_Nacht-Schwarz_front-360x360.jpg","width":360,"height":360,"mime-type":"image\/jpeg","source_url":"https:\/\/www.deskmodder.de\/blog\/wp-content\/uploads\/2016\/09\/Xperia-X-Compact_Nacht-Schwarz_front-360x360.jpg"},"large":{"file":"Xperia-X-Compact_Nacht-Schwarz_front-583x583.jpg","width":583,"height":583,"mime-type":"image\/jpeg","source_url":"https:\/\/www.deskmodder.de\/blog\/wp-content\/uploads\/2016\/09\/Xperia-X-Compact_Nacht-Schwarz_front-583x583.jpg"},"wp_review_large":{"file":"Xperia-X-Compact_Nacht-Schwarz_front-320x200.jpg","width":320,"height":200,"mime-type":"image\/jpeg","source_url":"https:\/\/www.deskmodder.de\/blog\/wp-content\/uploads\/2016\/09\/Xperia-X-Compact_Nacht-Schwarz_front-320x200.jpg"},"wp_review_small":{"file":"Xperia-X-Compact_Nacht-Schwarz_front-65x65.jpg","width":65,"height":65,"mime-type":"image\/jpeg","source_url":"https:\/\/www.deskmodder.de\/blog\/wp-content\/uploads\/2016\/09\/Xperia-X-Compact_Nacht-Schwarz_front-65x65.jpg"},"blog-large":{"file":"Xperia-X-Compact_Nacht-Schwarz_front-642x300.jpg","width":642,"height":300,"mime-type":"image\/jpeg","source_url":"https:\/\/www.deskmodder.de\/blog\/wp-content\/uploads\/2016\/09\/Xperia-X-Compact_Nacht-Schwarz_front-642x300.jpg"},"blog-medium":{"file":"Xperia-X-Compact_Nacht-Schwarz_front-306x205.jpg","width":306,"height":205,"mime-type":"image\/jpeg","source_url":"https:\/\/www.deskmodder.de\/blog\/wp-content\/uploads\/2016\/09\/Xperia-X-Compact_Nacht-Schwarz_front-306x205.jpg"},"recent-thumb":{"file":"Xperia-X-Compact_Nacht-Schwarz_front-350x316.jpg","width":350,"height":316,"mime-type":"image\/jpeg","source_url":"https:\/\/www.deskmodder.de\/blog\/wp-content\/uploads\/2016\/09\/Xperia-X-Compact_Nacht-Schwarz_front-350x316.jpg"},"service-featured":{"file":"Xperia-X-Compact_Nacht-Schwarz_front-600x330.jpg","width":600,"height":330,"mime-type":"image\/jpeg","source_url":"https:\/\/www.deskmodder.de\/blog\/wp-content\/uploads\/2016\/09\/Xperia-X-Compact_Nacht-Schwarz_front-600x330.jpg"},"wp_rp_thumbnail":{"file":"Xperia-X-Compact_Nacht-Schwarz_front-150x150.jpg","width":150,"height":150,"mime-type":"image\/jpeg","source_url":"https:\/\/www.deskmodder.de\/blog\/wp-content\/uploads\/2016\/09\/Xperia-X-Compact_Nacht-Schwarz_front-150x150.jpg"}},"image_meta":{"aperture":"0","credit":"","camera":"","caption":"","created_timestamp":"0","copyright":"","focal_length":"0","iso":"0","shutter_speed":"0","title":"","orientation":"1","keywords":[]}},"post":71190,"source_url":"https:\/\/www.deskmodder.de\/blog\/wp-content\/uploads\/2016\/09\/Xperia-X-Compact_Nacht-Schwarz_front.jpg"},"commentcount":0,"wp_comments":[],"wp_author":{"id":2020,"name":"Mike","description":"\u00dcber das Anpassen &amp; Abspecken von XP in die \"Windows-Welt\" gekommen, interessiere ich mich eigentlich f\u00fcr jedes gute St\u00fcck Technik. Neben Windows hat auch Android bei mir ein zu Hause gefunden. Und ich bin jedes Jahr gespannt, was mich Neues erwartet. Bloggen ist eine Leidenschaft von mir und ich teile diese hier gerne mit euch.","author_avatar_urls":{"24":"https:\/\/secure.gravatar.com\/avatar\/a25a00ccc6c845d38ee2695915f64089ae7e42ad1a0e8247e29b357ef56b0fab?s=24&d=mm&r=g","48":"https:\/\/secure.gravatar.com\/avatar\/a25a00ccc6c845d38ee2695915f64089ae7e42ad1a0e8247e29b357ef56b0fab?s=48&d=mm&r=g","96":"https:\/\/secure.gravatar.com\/avatar\/a25a00ccc6c845d38ee2695915f64089ae7e42ad1a0e8247e29b357ef56b0fab?s=96&d=mm&r=g"}},"cld_nonce":"1ebf7c6f1e","yoast_head":"<!-- This site is optimized with the Yoast SEO Premium plugin v27.5 (Yoast SEO v27.5) - https:\/\/yoast.com\/product\/yoast-seo-premium-wordpress\/ -->\n<title>[IFA 2016] Sony stellt Aufzeichnung der Pressekonferenz online - Deskmodder.de<\/title>\n<meta name=\"robots\" content=\"index, follow, max-snippet:-1, max-image-preview:large, max-video-preview:-1\" \/>\n<link rel=\"canonical\" href=\"https:\/\/www.deskmodder.de\/blog\/2016\/09\/02\/ifa-2016-sony-stellt-aufzeichnung-der-pressekonferenz-online\/\" \/>\n<meta property=\"og:locale\" content=\"de_DE\" \/>\n<meta property=\"og:type\" content=\"article\" \/>\n<meta property=\"og:title\" content=\"[IFA 2016] Sony stellt Aufzeichnung der Pressekonferenz online\" \/>\n<meta property=\"og:description\" content=\"Gestern hatte Sony seinen gro\u00dfen Auftritt in Berlin auf der diesj\u00e4hrigen IFA. Gezeigt wurden u.a. die neuen Xperia XZ und Xperia X Compact Smartphones. Aber auch neue Kopfh\u00f6rer und mehr hatte Sony im Gep\u00e4ck dabei. Nun hat Sony die Aufzeichnung&hellip;\" \/>\n<meta property=\"og:url\" content=\"https:\/\/www.deskmodder.de\/blog\/2016\/09\/02\/ifa-2016-sony-stellt-aufzeichnung-der-pressekonferenz-online\/\" \/>\n<meta property=\"og:site_name\" content=\"Deskmodder.de\" \/>\n<meta property=\"article:publisher\" content=\"https:\/\/www.facebook.com\/Deskmodder\" \/>\n<meta property=\"article:published_time\" content=\"2016-09-02T08:20:49+00:00\" \/>\n<meta property=\"og:image\" content=\"https:\/\/www.deskmodder.de\/blog\/wp-content\/uploads\/2016\/09\/Xperia-X-Compact_Nacht-Schwarz_front-583x583.jpg\" \/>\n\t<meta property=\"og:image:width\" content=\"583\" \/>\n\t<meta property=\"og:image:height\" content=\"583\" \/>\n\t<meta property=\"og:image:type\" content=\"image\/jpeg\" \/>\n<meta name=\"author\" content=\"Mike\" \/>\n<meta name=\"twitter:card\" content=\"summary_large_image\" \/>\n<meta name=\"twitter:creator\" content=\"@Deskmodder\" \/>\n<meta name=\"twitter:site\" content=\"@Deskmodder\" \/>\n<script type=\"application\/ld+json\" class=\"yoast-schema-graph\">{\"@context\":\"https:\\\/\\\/schema.org\",\"@graph\":[{\"@type\":\"Article\",\"@id\":\"https:\\\/\\\/www.deskmodder.de\\\/blog\\\/2016\\\/09\\\/02\\\/ifa-2016-sony-stellt-aufzeichnung-der-pressekonferenz-online\\\/#article\",\"isPartOf\":{\"@id\":\"https:\\\/\\\/www.deskmodder.de\\\/blog\\\/2016\\\/09\\\/02\\\/ifa-2016-sony-stellt-aufzeichnung-der-pressekonferenz-online\\\/\"},\"author\":{\"name\":\"Mike\",\"@id\":\"https:\\\/\\\/www.deskmodder.de\\\/blog\\\/#\\\/schema\\\/person\\\/0d15dadb25ee420cb54f76ad120c98fa\"},\"headline\":\"[IFA 2016] Sony stellt Aufzeichnung der Pressekonferenz online\",\"datePublished\":\"2016-09-02T08:20:49+00:00\",\"mainEntityOfPage\":{\"@id\":\"https:\\\/\\\/www.deskmodder.de\\\/blog\\\/2016\\\/09\\\/02\\\/ifa-2016-sony-stellt-aufzeichnung-der-pressekonferenz-online\\\/\"},\"wordCount\":81,\"commentCount\":0,\"publisher\":{\"@id\":\"https:\\\/\\\/www.deskmodder.de\\\/blog\\\/#organization\"},\"image\":{\"@id\":\"https:\\\/\\\/www.deskmodder.de\\\/blog\\\/2016\\\/09\\\/02\\\/ifa-2016-sony-stellt-aufzeichnung-der-pressekonferenz-online\\\/#primaryimage\"},\"thumbnailUrl\":\"https:\\\/\\\/www.deskmodder.de\\\/blog\\\/wp-content\\\/uploads\\\/2016\\\/09\\\/Xperia-X-Compact_Nacht-Schwarz_front.jpg\",\"keywords\":[\"IFA 2016\",\"Pressekonferenz\",\"Sony\"],\"inLanguage\":\"de\",\"potentialAction\":[{\"@type\":\"CommentAction\",\"name\":\"Comment\",\"target\":[\"https:\\\/\\\/www.deskmodder.de\\\/blog\\\/2016\\\/09\\\/02\\\/ifa-2016-sony-stellt-aufzeichnung-der-pressekonferenz-online\\\/#respond\"]}],\"copyrightYear\":\"2016\",\"copyrightHolder\":{\"@id\":\"https:\\\/\\\/www.deskmodder.de\\\/blog\\\/#organization\"}},{\"@type\":\"WebPage\",\"@id\":\"https:\\\/\\\/www.deskmodder.de\\\/blog\\\/2016\\\/09\\\/02\\\/ifa-2016-sony-stellt-aufzeichnung-der-pressekonferenz-online\\\/\",\"url\":\"https:\\\/\\\/www.deskmodder.de\\\/blog\\\/2016\\\/09\\\/02\\\/ifa-2016-sony-stellt-aufzeichnung-der-pressekonferenz-online\\\/\",\"name\":\"[IFA 2016] Sony stellt Aufzeichnung der Pressekonferenz online - Deskmodder.de\",\"isPartOf\":{\"@id\":\"https:\\\/\\\/www.deskmodder.de\\\/blog\\\/#website\"},\"primaryImageOfPage\":{\"@id\":\"https:\\\/\\\/www.deskmodder.de\\\/blog\\\/2016\\\/09\\\/02\\\/ifa-2016-sony-stellt-aufzeichnung-der-pressekonferenz-online\\\/#primaryimage\"},\"image\":{\"@id\":\"https:\\\/\\\/www.deskmodder.de\\\/blog\\\/2016\\\/09\\\/02\\\/ifa-2016-sony-stellt-aufzeichnung-der-pressekonferenz-online\\\/#primaryimage\"},\"thumbnailUrl\":\"https:\\\/\\\/www.deskmodder.de\\\/blog\\\/wp-content\\\/uploads\\\/2016\\\/09\\\/Xperia-X-Compact_Nacht-Schwarz_front.jpg\",\"datePublished\":\"2016-09-02T08:20:49+00:00\",\"breadcrumb\":{\"@id\":\"https:\\\/\\\/www.deskmodder.de\\\/blog\\\/2016\\\/09\\\/02\\\/ifa-2016-sony-stellt-aufzeichnung-der-pressekonferenz-online\\\/#breadcrumb\"},\"inLanguage\":\"de\",\"potentialAction\":[{\"@type\":\"ReadAction\",\"target\":[\"https:\\\/\\\/www.deskmodder.de\\\/blog\\\/2016\\\/09\\\/02\\\/ifa-2016-sony-stellt-aufzeichnung-der-pressekonferenz-online\\\/\"]}]},{\"@type\":\"ImageObject\",\"inLanguage\":\"de\",\"@id\":\"https:\\\/\\\/www.deskmodder.de\\\/blog\\\/2016\\\/09\\\/02\\\/ifa-2016-sony-stellt-aufzeichnung-der-pressekonferenz-online\\\/#primaryimage\",\"url\":\"https:\\\/\\\/www.deskmodder.de\\\/blog\\\/wp-content\\\/uploads\\\/2016\\\/09\\\/Xperia-X-Compact_Nacht-Schwarz_front.jpg\",\"contentUrl\":\"https:\\\/\\\/www.deskmodder.de\\\/blog\\\/wp-content\\\/uploads\\\/2016\\\/09\\\/Xperia-X-Compact_Nacht-Schwarz_front.jpg\",\"width\":7000,\"height\":7000},{\"@type\":\"BreadcrumbList\",\"@id\":\"https:\\\/\\\/www.deskmodder.de\\\/blog\\\/2016\\\/09\\\/02\\\/ifa-2016-sony-stellt-aufzeichnung-der-pressekonferenz-online\\\/#breadcrumb\",\"itemListElement\":[{\"@type\":\"ListItem\",\"position\":1,\"name\":\"Startseite\",\"item\":\"https:\\\/\\\/www.deskmodder.de\\\/blog\\\/\"},{\"@type\":\"ListItem\",\"position\":2,\"name\":\"[IFA 2016] Sony stellt Aufzeichnung der Pressekonferenz online\"}]},{\"@type\":\"WebSite\",\"@id\":\"https:\\\/\\\/www.deskmodder.de\\\/blog\\\/#website\",\"url\":\"https:\\\/\\\/www.deskmodder.de\\\/blog\\\/\",\"name\":\"Deskmodder.de\",\"description\":\"News zum Thema Microsoft, Windows 11 \\\/ 10, sowie anderen Neuigkeiten aus dem Netz, viele Tipps und individuelle Hilfe bei Problemen in unserem Forum \u25cf Deskmodder - seit 2003\",\"publisher\":{\"@id\":\"https:\\\/\\\/www.deskmodder.de\\\/blog\\\/#organization\"},\"potentialAction\":[{\"@type\":\"SearchAction\",\"target\":{\"@type\":\"EntryPoint\",\"urlTemplate\":\"https:\\\/\\\/www.deskmodder.de\\\/blog\\\/?s={search_term_string}\"},\"query-input\":{\"@type\":\"PropertyValueSpecification\",\"valueRequired\":true,\"valueName\":\"search_term_string\"}}],\"inLanguage\":\"de\"},{\"@type\":\"Organization\",\"@id\":\"https:\\\/\\\/www.deskmodder.de\\\/blog\\\/#organization\",\"name\":\"Deskmodder\",\"url\":\"https:\\\/\\\/www.deskmodder.de\\\/blog\\\/\",\"logo\":{\"@type\":\"ImageObject\",\"inLanguage\":\"de\",\"@id\":\"https:\\\/\\\/www.deskmodder.de\\\/blog\\\/#\\\/schema\\\/logo\\\/image\\\/\",\"url\":\"https:\\\/\\\/www.deskmodder.de\\\/blog\\\/wp-content\\\/uploads\\\/2019\\\/01\\\/deskmodder-logo-app.png\",\"contentUrl\":\"https:\\\/\\\/www.deskmodder.de\\\/blog\\\/wp-content\\\/uploads\\\/2019\\\/01\\\/deskmodder-logo-app.png\",\"width\":281,\"height\":286,\"caption\":\"Deskmodder\"},\"image\":{\"@id\":\"https:\\\/\\\/www.deskmodder.de\\\/blog\\\/#\\\/schema\\\/logo\\\/image\\\/\"},\"sameAs\":[\"https:\\\/\\\/www.facebook.com\\\/Deskmodder\",\"https:\\\/\\\/x.com\\\/Deskmodder\",\"https:\\\/\\\/mastodontech.de\\\/@Deskmodder\",\"https:\\\/\\\/www.youtube.com\\\/user\\\/deskmodder\",\"https:\\\/\\\/mewe.com\\\/group\\\/5c83b5231add826fc80cdae1\"]},{\"@type\":\"Person\",\"@id\":\"https:\\\/\\\/www.deskmodder.de\\\/blog\\\/#\\\/schema\\\/person\\\/0d15dadb25ee420cb54f76ad120c98fa\",\"name\":\"Mike\",\"image\":{\"@type\":\"ImageObject\",\"inLanguage\":\"de\",\"@id\":\"https:\\\/\\\/secure.gravatar.com\\\/avatar\\\/a25a00ccc6c845d38ee2695915f64089ae7e42ad1a0e8247e29b357ef56b0fab?s=96&d=mm&r=g\",\"url\":\"https:\\\/\\\/secure.gravatar.com\\\/avatar\\\/a25a00ccc6c845d38ee2695915f64089ae7e42ad1a0e8247e29b357ef56b0fab?s=96&d=mm&r=g\",\"contentUrl\":\"https:\\\/\\\/secure.gravatar.com\\\/avatar\\\/a25a00ccc6c845d38ee2695915f64089ae7e42ad1a0e8247e29b357ef56b0fab?s=96&d=mm&r=g\",\"caption\":\"Mike\"},\"description\":\"\u00dcber das Anpassen &amp; Abspecken von XP in die \\\"Windows-Welt\\\" gekommen, interessiere ich mich eigentlich f\u00fcr jedes gute St\u00fcck Technik. Neben Windows hat auch Android bei mir ein zu Hause gefunden. Und ich bin jedes Jahr gespannt, was mich Neues erwartet. Bloggen ist eine Leidenschaft von mir und ich teile diese hier gerne mit euch.\",\"url\":\"https:\\\/\\\/www.deskmodder.de\\\/blog\\\/author\\\/mike\\\/\"}]}<\/script>\n<!-- \/ Yoast SEO Premium plugin. -->","yoast_head_json":{"title":"[IFA 2016] Sony stellt Aufzeichnung der Pressekonferenz online - Deskmodder.de","robots":{"index":"index","follow":"follow","max-snippet":"max-snippet:-1","max-image-preview":"max-image-preview:large","max-video-preview":"max-video-preview:-1"},"canonical":"https:\/\/www.deskmodder.de\/blog\/2016\/09\/02\/ifa-2016-sony-stellt-aufzeichnung-der-pressekonferenz-online\/","og_locale":"de_DE","og_type":"article","og_title":"[IFA 2016] Sony stellt Aufzeichnung der Pressekonferenz online","og_description":"Gestern hatte Sony seinen gro\u00dfen Auftritt in Berlin auf der diesj\u00e4hrigen IFA. Gezeigt wurden u.a. die neuen Xperia XZ und Xperia X Compact Smartphones. Aber auch neue Kopfh\u00f6rer und mehr hatte Sony im Gep\u00e4ck dabei. Nun hat Sony die Aufzeichnung&hellip;","og_url":"https:\/\/www.deskmodder.de\/blog\/2016\/09\/02\/ifa-2016-sony-stellt-aufzeichnung-der-pressekonferenz-online\/","og_site_name":"Deskmodder.de","article_publisher":"https:\/\/www.facebook.com\/Deskmodder","article_published_time":"2016-09-02T08:20:49+00:00","og_image":[{"width":583,"height":583,"url":"https:\/\/www.deskmodder.de\/blog\/wp-content\/uploads\/2016\/09\/Xperia-X-Compact_Nacht-Schwarz_front-583x583.jpg","type":"image\/jpeg"}],"author":"Mike","twitter_card":"summary_large_image","twitter_creator":"@Deskmodder","twitter_site":"@Deskmodder","schema":{"@context":"https:\/\/schema.org","@graph":[{"@type":"Article","@id":"https:\/\/www.deskmodder.de\/blog\/2016\/09\/02\/ifa-2016-sony-stellt-aufzeichnung-der-pressekonferenz-online\/#article","isPartOf":{"@id":"https:\/\/www.deskmodder.de\/blog\/2016\/09\/02\/ifa-2016-sony-stellt-aufzeichnung-der-pressekonferenz-online\/"},"author":{"name":"Mike","@id":"https:\/\/www.deskmodder.de\/blog\/#\/schema\/person\/0d15dadb25ee420cb54f76ad120c98fa"},"headline":"[IFA 2016] Sony stellt Aufzeichnung der Pressekonferenz online","datePublished":"2016-09-02T08:20:49+00:00","mainEntityOfPage":{"@id":"https:\/\/www.deskmodder.de\/blog\/2016\/09\/02\/ifa-2016-sony-stellt-aufzeichnung-der-pressekonferenz-online\/"},"wordCount":81,"commentCount":0,"publisher":{"@id":"https:\/\/www.deskmodder.de\/blog\/#organization"},"image":{"@id":"https:\/\/www.deskmodder.de\/blog\/2016\/09\/02\/ifa-2016-sony-stellt-aufzeichnung-der-pressekonferenz-online\/#primaryimage"},"thumbnailUrl":"https:\/\/www.deskmodder.de\/blog\/wp-content\/uploads\/2016\/09\/Xperia-X-Compact_Nacht-Schwarz_front.jpg","keywords":["IFA 2016","Pressekonferenz","Sony"],"inLanguage":"de","potentialAction":[{"@type":"CommentAction","name":"Comment","target":["https:\/\/www.deskmodder.de\/blog\/2016\/09\/02\/ifa-2016-sony-stellt-aufzeichnung-der-pressekonferenz-online\/#respond"]}],"copyrightYear":"2016","copyrightHolder":{"@id":"https:\/\/www.deskmodder.de\/blog\/#organization"}},{"@type":"WebPage","@id":"https:\/\/www.deskmodder.de\/blog\/2016\/09\/02\/ifa-2016-sony-stellt-aufzeichnung-der-pressekonferenz-online\/","url":"https:\/\/www.deskmodder.de\/blog\/2016\/09\/02\/ifa-2016-sony-stellt-aufzeichnung-der-pressekonferenz-online\/","name":"[IFA 2016] Sony stellt Aufzeichnung der Pressekonferenz online - Deskmodder.de","isPartOf":{"@id":"https:\/\/www.deskmodder.de\/blog\/#website"},"primaryImageOfPage":{"@id":"https:\/\/www.deskmodder.de\/blog\/2016\/09\/02\/ifa-2016-sony-stellt-aufzeichnung-der-pressekonferenz-online\/#primaryimage"},"image":{"@id":"https:\/\/www.deskmodder.de\/blog\/2016\/09\/02\/ifa-2016-sony-stellt-aufzeichnung-der-pressekonferenz-online\/#primaryimage"},"thumbnailUrl":"https:\/\/www.deskmodder.de\/blog\/wp-content\/uploads\/2016\/09\/Xperia-X-Compact_Nacht-Schwarz_front.jpg","datePublished":"2016-09-02T08:20:49+00:00","breadcrumb":{"@id":"https:\/\/www.deskmodder.de\/blog\/2016\/09\/02\/ifa-2016-sony-stellt-aufzeichnung-der-pressekonferenz-online\/#breadcrumb"},"inLanguage":"de","potentialAction":[{"@type":"ReadAction","target":["https:\/\/www.deskmodder.de\/blog\/2016\/09\/02\/ifa-2016-sony-stellt-aufzeichnung-der-pressekonferenz-online\/"]}]},{"@type":"ImageObject","inLanguage":"de","@id":"https:\/\/www.deskmodder.de\/blog\/2016\/09\/02\/ifa-2016-sony-stellt-aufzeichnung-der-pressekonferenz-online\/#primaryimage","url":"https:\/\/www.deskmodder.de\/blog\/wp-content\/uploads\/2016\/09\/Xperia-X-Compact_Nacht-Schwarz_front.jpg","contentUrl":"https:\/\/www.deskmodder.de\/blog\/wp-content\/uploads\/2016\/09\/Xperia-X-Compact_Nacht-Schwarz_front.jpg","width":7000,"height":7000},{"@type":"BreadcrumbList","@id":"https:\/\/www.deskmodder.de\/blog\/2016\/09\/02\/ifa-2016-sony-stellt-aufzeichnung-der-pressekonferenz-online\/#breadcrumb","itemListElement":[{"@type":"ListItem","position":1,"name":"Startseite","item":"https:\/\/www.deskmodder.de\/blog\/"},{"@type":"ListItem","position":2,"name":"[IFA 2016] Sony stellt Aufzeichnung der Pressekonferenz online"}]},{"@type":"WebSite","@id":"https:\/\/www.deskmodder.de\/blog\/#website","url":"https:\/\/www.deskmodder.de\/blog\/","name":"Deskmodder.de","description":"News zum Thema Microsoft, Windows 11 \/ 10, sowie anderen Neuigkeiten aus dem Netz, viele Tipps und individuelle Hilfe bei Problemen in unserem Forum \u25cf Deskmodder - seit 2003","publisher":{"@id":"https:\/\/www.deskmodder.de\/blog\/#organization"},"potentialAction":[{"@type":"SearchAction","target":{"@type":"EntryPoint","urlTemplate":"https:\/\/www.deskmodder.de\/blog\/?s={search_term_string}"},"query-input":{"@type":"PropertyValueSpecification","valueRequired":true,"valueName":"search_term_string"}}],"inLanguage":"de"},{"@type":"Organization","@id":"https:\/\/www.deskmodder.de\/blog\/#organization","name":"Deskmodder","url":"https:\/\/www.deskmodder.de\/blog\/","logo":{"@type":"ImageObject","inLanguage":"de","@id":"https:\/\/www.deskmodder.de\/blog\/#\/schema\/logo\/image\/","url":"https:\/\/www.deskmodder.de\/blog\/wp-content\/uploads\/2019\/01\/deskmodder-logo-app.png","contentUrl":"https:\/\/www.deskmodder.de\/blog\/wp-content\/uploads\/2019\/01\/deskmodder-logo-app.png","width":281,"height":286,"caption":"Deskmodder"},"image":{"@id":"https:\/\/www.deskmodder.de\/blog\/#\/schema\/logo\/image\/"},"sameAs":["https:\/\/www.facebook.com\/Deskmodder","https:\/\/x.com\/Deskmodder","https:\/\/mastodontech.de\/@Deskmodder","https:\/\/www.youtube.com\/user\/deskmodder","https:\/\/mewe.com\/group\/5c83b5231add826fc80cdae1"]},{"@type":"Person","@id":"https:\/\/www.deskmodder.de\/blog\/#\/schema\/person\/0d15dadb25ee420cb54f76ad120c98fa","name":"Mike","image":{"@type":"ImageObject","inLanguage":"de","@id":"https:\/\/secure.gravatar.com\/avatar\/a25a00ccc6c845d38ee2695915f64089ae7e42ad1a0e8247e29b357ef56b0fab?s=96&d=mm&r=g","url":"https:\/\/secure.gravatar.com\/avatar\/a25a00ccc6c845d38ee2695915f64089ae7e42ad1a0e8247e29b357ef56b0fab?s=96&d=mm&r=g","contentUrl":"https:\/\/secure.gravatar.com\/avatar\/a25a00ccc6c845d38ee2695915f64089ae7e42ad1a0e8247e29b357ef56b0fab?s=96&d=mm&r=g","caption":"Mike"},"description":"\u00dcber das Anpassen &amp; Abspecken von XP in die \"Windows-Welt\" gekommen, interessiere ich mich eigentlich f\u00fcr jedes gute St\u00fcck Technik. Neben Windows hat auch Android bei mir ein zu Hause gefunden. Und ich bin jedes Jahr gespannt, was mich Neues erwartet. Bloggen ist eine Leidenschaft von mir und ich teile diese hier gerne mit euch.","url":"https:\/\/www.deskmodder.de\/blog\/author\/mike\/"}]}},"jetpack_publicize_connections":[],"jetpack_featured_media_url":"https:\/\/www.deskmodder.de\/blog\/wp-content\/uploads\/2016\/09\/Xperia-X-Compact_Nacht-Schwarz_front.jpg","_links":{"self":[{"href":"https:\/\/www.deskmodder.de\/blog\/wp-json\/wp\/v2\/posts\/71272","targetHints":{"allow":["GET"]}}],"collection":[{"href":"https:\/\/www.deskmodder.de\/blog\/wp-json\/wp\/v2\/posts"}],"about":[{"href":"https:\/\/www.deskmodder.de\/blog\/wp-json\/wp\/v2\/types\/post"}],"author":[{"embeddable":true,"href":"https:\/\/www.deskmodder.de\/blog\/wp-json\/wp\/v2\/users\/2020"}],"replies":[{"embeddable":true,"href":"https:\/\/www.deskmodder.de\/blog\/wp-json\/wp\/v2\/comments?post=71272"}],"version-history":[{"count":0,"href":"https:\/\/www.deskmodder.de\/blog\/wp-json\/wp\/v2\/posts\/71272\/revisions"}],"wp:featuredmedia":[{"embeddable":true,"href":"https:\/\/www.deskmodder.de\/blog\/wp-json\/wp\/v2\/media\/71197"}],"wp:attachment":[{"href":"https:\/\/www.deskmodder.de\/blog\/wp-json\/wp\/v2\/media?parent=71272"}],"wp:term":[{"taxonomy":"category","embeddable":true,"href":"https:\/\/www.deskmodder.de\/blog\/wp-json\/wp\/v2\/categories?post=71272"},{"taxonomy":"post_tag","embeddable":true,"href":"https:\/\/www.deskmodder.de\/blog\/wp-json\/wp\/v2\/tags?post=71272"}],"curies":[{"name":"wp","href":"https:\/\/api.w.org\/{rel}","templated":true}]}}