{"id":71246,"date":"2016-09-02T08:00:16","date_gmt":"2016-09-02T06:00:16","guid":{"rendered":"https:\/\/www.deskmodder.de\/blog\/?p=71246"},"modified":"2016-09-01T21:05:36","modified_gmt":"2016-09-01T19:05:36","slug":"ifa-2016-telekom-pressekonferenz-im-livestream","status":"publish","type":"post","link":"https:\/\/www.deskmodder.de\/blog\/2016\/09\/02\/ifa-2016-telekom-pressekonferenz-im-livestream\/","title":{"rendered":"[IFA 2016] Telekom Pressekonferenz im Livestream"},"content":{"rendered":"<p><img loading=\"lazy\" decoding=\"async\" class=\"aligncenter size-full wp-image-12591\" src=\"https:\/\/www.deskmodder.de\/blog\/wp-content\/uploads\/2013\/09\/Deutsche-telekom-logo.png\" alt=\"Deutsche-telekom-logo\" width=\"900\" height=\"530\" srcset=\"https:\/\/www.deskmodder.de\/blog\/wp-content\/uploads\/2013\/09\/Deutsche-telekom-logo.png 900w, https:\/\/www.deskmodder.de\/blog\/wp-content\/uploads\/2013\/09\/Deutsche-telekom-logo-150x88.png 150w, https:\/\/www.deskmodder.de\/blog\/wp-content\/uploads\/2013\/09\/Deutsche-telekom-logo-500x294.png 500w\" sizes=\"auto, (max-width: 900px) 100vw, 900px\" \/><\/p>\n<p>Am 02. September 2016 um 9:00 Uhr startet in Berlin auf der IFA die Pressekonferenz der Telekom. Erwartet werden zahlreiche offizielle Ank\u00fcndigungen zu Neuerungen f\u00fcr EntertainTV sowie der Ger\u00fcchtek\u00fcche zufolge eine Apple Music Option als Pendant zur Spotify Option.<\/p>\n<p>Alles weitere gibt es ab um 9 Uhr im Livestream hinter dem nachfolgenden Link zu sehen:<\/p>\n<p style=\"text-align: center;\"><a class=\"wpcmsdev-button color-red\" href=\"http:\/\/www.telekom.com\/ifa\"><span>Telekom PK &#8211;\u00a0Livestream \u00f6ffnen<\/span><\/a><\/p>\n","protected":false},"excerpt":{"rendered":"<p>Am 02. September 2016 um 9:00 Uhr startet in Berlin auf der IFA die Pressekonferenz der Telekom. Erwartet werden zahlreiche offizielle Ank\u00fcndigungen zu Neuerungen f\u00fcr EntertainTV sowie der Ger\u00fcchtek\u00fcche zufolge eine Apple Music Option als Pendant zur Spotify Option. Alles&hellip; <\/p>\n","protected":false},"author":2550,"featured_media":12591,"comment_status":"open","ping_status":"open","sticky":false,"template":"","format":"standard","meta":{"jetpack_post_was_ever_published":false,"footnotes":"","jetpack_publicize_message":"","jetpack_publicize_feature_enabled":true,"jetpack_social_post_already_shared":true,"jetpack_social_options":{"image_generator_settings":{"template":"highway","default_image_id":0,"font":"","enabled":false},"version":2}},"categories":[1],"tags":[14181,1145,1137,5638,4898,2790,1749],"class_list":["post-71246","post","type-post","status-publish","format-standard","has-post-thumbnail","hentry","category-allgemein","tag-entertaintv","tag-event","tag-livestream","tag-mobilfunk","tag-music","tag-pressekonferenz","tag-telekom"],"wp_featured_image":{"id":12591,"alt_text":"","description":"","media_type":"image","media_details":{"width":900,"height":530,"file":"2013\/09\/Deutsche-telekom-logo.png","sizes":{"thumbnail":{"file":"Deutsche-telekom-logo-150x150.png","width":150,"height":150,"mime-type":"image\/png","source_url":"https:\/\/www.deskmodder.de\/blog\/wp-content\/uploads\/2013\/09\/Deutsche-telekom-logo-150x150.png"},"medium":{"file":"Deutsche-telekom-logo-150x88.png","width":150,"height":88,"mime-type":"image\/png","source_url":"https:\/\/www.deskmodder.de\/blog\/wp-content\/uploads\/2013\/09\/Deutsche-telekom-logo-150x88.png"},"large":{"file":"Deutsche-telekom-logo-500x294.png","width":500,"height":294,"mime-type":"image\/png","source_url":"https:\/\/www.deskmodder.de\/blog\/wp-content\/uploads\/2013\/09\/Deutsche-telekom-logo-500x294.png"}},"image_meta":{"aperture":0,"credit":"","camera":"","caption":"","created_timestamp":0,"copyright":"","focal_length":0,"iso":0,"shutter_speed":0,"title":""}},"post":12590,"source_url":"https:\/\/www.deskmodder.de\/blog\/wp-content\/uploads\/2013\/09\/Deutsche-telekom-logo.png"},"commentcount":0,"wp_comments":[],"wp_author":{"id":2550,"name":"MAX","description":"Begeisterter Technik-Enthusiast, der aktuell zwei Welten vereint. Windows auf PC sowie Xbox und iOS auf dem iPhone, als auch auf dem iPad. Gespaltene Pers\u00f6nlichkeit w\u00fcrde ich sagen. ;)","author_avatar_urls":{"24":"https:\/\/secure.gravatar.com\/avatar\/0a924a9e0119dd457d49c2eb1fa27ade332376ba6138336743cdd8c221e4a3a3?s=24&d=mm&r=g","48":"https:\/\/secure.gravatar.com\/avatar\/0a924a9e0119dd457d49c2eb1fa27ade332376ba6138336743cdd8c221e4a3a3?s=48&d=mm&r=g","96":"https:\/\/secure.gravatar.com\/avatar\/0a924a9e0119dd457d49c2eb1fa27ade332376ba6138336743cdd8c221e4a3a3?s=96&d=mm&r=g"}},"cld_nonce":"015d9540d6","yoast_head":"<!-- This site is optimized with the Yoast SEO Premium plugin v27.5 (Yoast SEO v27.5) - https:\/\/yoast.com\/product\/yoast-seo-premium-wordpress\/ -->\n<title>[IFA 2016] Telekom Pressekonferenz im Livestream - Deskmodder.de<\/title>\n<meta name=\"description\" content=\"Schaue dir die Telekom Pressekonferenz im Livestream direkt auf der Webseite der Deutschen Telekom an. Los geht&#039;s: um 9:00 Uhr am 02.09.2016.\" \/>\n<meta name=\"robots\" content=\"index, follow, max-snippet:-1, max-image-preview:large, max-video-preview:-1\" \/>\n<link rel=\"canonical\" href=\"https:\/\/www.deskmodder.de\/blog\/2016\/09\/02\/ifa-2016-telekom-pressekonferenz-im-livestream\/\" \/>\n<meta property=\"og:locale\" content=\"de_DE\" \/>\n<meta property=\"og:type\" content=\"article\" \/>\n<meta property=\"og:title\" content=\"[IFA 2016] Telekom Pressekonferenz im Livestream\" \/>\n<meta property=\"og:description\" content=\"Schaue dir die Telekom Pressekonferenz im Livestream direkt auf der Webseite der Deutschen Telekom an. Los geht&#039;s: um 9:00 Uhr am 02.09.2016.\" \/>\n<meta property=\"og:url\" content=\"https:\/\/www.deskmodder.de\/blog\/2016\/09\/02\/ifa-2016-telekom-pressekonferenz-im-livestream\/\" \/>\n<meta property=\"og:site_name\" content=\"Deskmodder.de\" \/>\n<meta property=\"article:publisher\" content=\"https:\/\/www.facebook.com\/Deskmodder\" \/>\n<meta property=\"article:published_time\" content=\"2016-09-02T06:00:16+00:00\" \/>\n<meta property=\"og:image\" content=\"https:\/\/www.deskmodder.de\/blog\/wp-content\/uploads\/2013\/09\/Deutsche-telekom-logo.png\" \/>\n\t<meta property=\"og:image:width\" content=\"900\" \/>\n\t<meta property=\"og:image:height\" content=\"530\" \/>\n\t<meta property=\"og:image:type\" content=\"image\/png\" \/>\n<meta name=\"author\" content=\"MAX\" \/>\n<meta name=\"twitter:card\" content=\"summary_large_image\" \/>\n<meta name=\"twitter:creator\" content=\"@themximum\" \/>\n<meta name=\"twitter:site\" content=\"@Deskmodder\" \/>\n<script type=\"application\/ld+json\" class=\"yoast-schema-graph\">{\"@context\":\"https:\\\/\\\/schema.org\",\"@graph\":[{\"@type\":\"Article\",\"@id\":\"https:\\\/\\\/www.deskmodder.de\\\/blog\\\/2016\\\/09\\\/02\\\/ifa-2016-telekom-pressekonferenz-im-livestream\\\/#article\",\"isPartOf\":{\"@id\":\"https:\\\/\\\/www.deskmodder.de\\\/blog\\\/2016\\\/09\\\/02\\\/ifa-2016-telekom-pressekonferenz-im-livestream\\\/\"},\"author\":{\"name\":\"MAX\",\"@id\":\"https:\\\/\\\/www.deskmodder.de\\\/blog\\\/#\\\/schema\\\/person\\\/bd4b9506e83c661f1de1af925c726d7c\"},\"headline\":\"[IFA 2016] Telekom Pressekonferenz im Livestream\",\"datePublished\":\"2016-09-02T06:00:16+00:00\",\"mainEntityOfPage\":{\"@id\":\"https:\\\/\\\/www.deskmodder.de\\\/blog\\\/2016\\\/09\\\/02\\\/ifa-2016-telekom-pressekonferenz-im-livestream\\\/\"},\"wordCount\":75,\"commentCount\":0,\"publisher\":{\"@id\":\"https:\\\/\\\/www.deskmodder.de\\\/blog\\\/#organization\"},\"image\":{\"@id\":\"https:\\\/\\\/www.deskmodder.de\\\/blog\\\/2016\\\/09\\\/02\\\/ifa-2016-telekom-pressekonferenz-im-livestream\\\/#primaryimage\"},\"thumbnailUrl\":\"https:\\\/\\\/www.deskmodder.de\\\/blog\\\/wp-content\\\/uploads\\\/2013\\\/09\\\/Deutsche-telekom-logo.png\",\"keywords\":[\"EntertainTV\",\"event\",\"LiveStream\",\"Mobilfunk\",\"music\",\"Pressekonferenz\",\"Telekom\"],\"inLanguage\":\"de\",\"potentialAction\":[{\"@type\":\"CommentAction\",\"name\":\"Comment\",\"target\":[\"https:\\\/\\\/www.deskmodder.de\\\/blog\\\/2016\\\/09\\\/02\\\/ifa-2016-telekom-pressekonferenz-im-livestream\\\/#respond\"]}],\"copyrightYear\":\"2016\",\"copyrightHolder\":{\"@id\":\"https:\\\/\\\/www.deskmodder.de\\\/blog\\\/#organization\"}},{\"@type\":\"WebPage\",\"@id\":\"https:\\\/\\\/www.deskmodder.de\\\/blog\\\/2016\\\/09\\\/02\\\/ifa-2016-telekom-pressekonferenz-im-livestream\\\/\",\"url\":\"https:\\\/\\\/www.deskmodder.de\\\/blog\\\/2016\\\/09\\\/02\\\/ifa-2016-telekom-pressekonferenz-im-livestream\\\/\",\"name\":\"[IFA 2016] Telekom Pressekonferenz im Livestream - Deskmodder.de\",\"isPartOf\":{\"@id\":\"https:\\\/\\\/www.deskmodder.de\\\/blog\\\/#website\"},\"primaryImageOfPage\":{\"@id\":\"https:\\\/\\\/www.deskmodder.de\\\/blog\\\/2016\\\/09\\\/02\\\/ifa-2016-telekom-pressekonferenz-im-livestream\\\/#primaryimage\"},\"image\":{\"@id\":\"https:\\\/\\\/www.deskmodder.de\\\/blog\\\/2016\\\/09\\\/02\\\/ifa-2016-telekom-pressekonferenz-im-livestream\\\/#primaryimage\"},\"thumbnailUrl\":\"https:\\\/\\\/www.deskmodder.de\\\/blog\\\/wp-content\\\/uploads\\\/2013\\\/09\\\/Deutsche-telekom-logo.png\",\"datePublished\":\"2016-09-02T06:00:16+00:00\",\"description\":\"Schaue dir die Telekom Pressekonferenz im Livestream direkt auf der Webseite der Deutschen Telekom an. Los geht's: um 9:00 Uhr am 02.09.2016.\",\"breadcrumb\":{\"@id\":\"https:\\\/\\\/www.deskmodder.de\\\/blog\\\/2016\\\/09\\\/02\\\/ifa-2016-telekom-pressekonferenz-im-livestream\\\/#breadcrumb\"},\"inLanguage\":\"de\",\"potentialAction\":[{\"@type\":\"ReadAction\",\"target\":[\"https:\\\/\\\/www.deskmodder.de\\\/blog\\\/2016\\\/09\\\/02\\\/ifa-2016-telekom-pressekonferenz-im-livestream\\\/\"]}]},{\"@type\":\"ImageObject\",\"inLanguage\":\"de\",\"@id\":\"https:\\\/\\\/www.deskmodder.de\\\/blog\\\/2016\\\/09\\\/02\\\/ifa-2016-telekom-pressekonferenz-im-livestream\\\/#primaryimage\",\"url\":\"https:\\\/\\\/www.deskmodder.de\\\/blog\\\/wp-content\\\/uploads\\\/2013\\\/09\\\/Deutsche-telekom-logo.png\",\"contentUrl\":\"https:\\\/\\\/www.deskmodder.de\\\/blog\\\/wp-content\\\/uploads\\\/2013\\\/09\\\/Deutsche-telekom-logo.png\",\"width\":900,\"height\":530},{\"@type\":\"BreadcrumbList\",\"@id\":\"https:\\\/\\\/www.deskmodder.de\\\/blog\\\/2016\\\/09\\\/02\\\/ifa-2016-telekom-pressekonferenz-im-livestream\\\/#breadcrumb\",\"itemListElement\":[{\"@type\":\"ListItem\",\"position\":1,\"name\":\"Startseite\",\"item\":\"https:\\\/\\\/www.deskmodder.de\\\/blog\\\/\"},{\"@type\":\"ListItem\",\"position\":2,\"name\":\"[IFA 2016] Telekom Pressekonferenz im Livestream\"}]},{\"@type\":\"WebSite\",\"@id\":\"https:\\\/\\\/www.deskmodder.de\\\/blog\\\/#website\",\"url\":\"https:\\\/\\\/www.deskmodder.de\\\/blog\\\/\",\"name\":\"Deskmodder.de\",\"description\":\"News zum Thema Microsoft, Windows 11 \\\/ 10, sowie anderen Neuigkeiten aus dem Netz, viele Tipps und individuelle Hilfe bei Problemen in unserem Forum \u25cf Deskmodder - seit 2003\",\"publisher\":{\"@id\":\"https:\\\/\\\/www.deskmodder.de\\\/blog\\\/#organization\"},\"potentialAction\":[{\"@type\":\"SearchAction\",\"target\":{\"@type\":\"EntryPoint\",\"urlTemplate\":\"https:\\\/\\\/www.deskmodder.de\\\/blog\\\/?s={search_term_string}\"},\"query-input\":{\"@type\":\"PropertyValueSpecification\",\"valueRequired\":true,\"valueName\":\"search_term_string\"}}],\"inLanguage\":\"de\"},{\"@type\":\"Organization\",\"@id\":\"https:\\\/\\\/www.deskmodder.de\\\/blog\\\/#organization\",\"name\":\"Deskmodder\",\"url\":\"https:\\\/\\\/www.deskmodder.de\\\/blog\\\/\",\"logo\":{\"@type\":\"ImageObject\",\"inLanguage\":\"de\",\"@id\":\"https:\\\/\\\/www.deskmodder.de\\\/blog\\\/#\\\/schema\\\/logo\\\/image\\\/\",\"url\":\"https:\\\/\\\/www.deskmodder.de\\\/blog\\\/wp-content\\\/uploads\\\/2019\\\/01\\\/deskmodder-logo-app.png\",\"contentUrl\":\"https:\\\/\\\/www.deskmodder.de\\\/blog\\\/wp-content\\\/uploads\\\/2019\\\/01\\\/deskmodder-logo-app.png\",\"width\":281,\"height\":286,\"caption\":\"Deskmodder\"},\"image\":{\"@id\":\"https:\\\/\\\/www.deskmodder.de\\\/blog\\\/#\\\/schema\\\/logo\\\/image\\\/\"},\"sameAs\":[\"https:\\\/\\\/www.facebook.com\\\/Deskmodder\",\"https:\\\/\\\/x.com\\\/Deskmodder\",\"https:\\\/\\\/mastodontech.de\\\/@Deskmodder\",\"https:\\\/\\\/www.youtube.com\\\/user\\\/deskmodder\",\"https:\\\/\\\/mewe.com\\\/group\\\/5c83b5231add826fc80cdae1\"]},{\"@type\":\"Person\",\"@id\":\"https:\\\/\\\/www.deskmodder.de\\\/blog\\\/#\\\/schema\\\/person\\\/bd4b9506e83c661f1de1af925c726d7c\",\"name\":\"MAX\",\"image\":{\"@type\":\"ImageObject\",\"inLanguage\":\"de\",\"@id\":\"https:\\\/\\\/secure.gravatar.com\\\/avatar\\\/0a924a9e0119dd457d49c2eb1fa27ade332376ba6138336743cdd8c221e4a3a3?s=96&d=mm&r=g\",\"url\":\"https:\\\/\\\/secure.gravatar.com\\\/avatar\\\/0a924a9e0119dd457d49c2eb1fa27ade332376ba6138336743cdd8c221e4a3a3?s=96&d=mm&r=g\",\"contentUrl\":\"https:\\\/\\\/secure.gravatar.com\\\/avatar\\\/0a924a9e0119dd457d49c2eb1fa27ade332376ba6138336743cdd8c221e4a3a3?s=96&d=mm&r=g\",\"caption\":\"MAX\"},\"description\":\"Begeisterter Technik-Enthusiast, der aktuell zwei Welten vereint. Windows auf PC sowie Xbox und iOS auf dem iPhone, als auch auf dem iPad. Gespaltene Pers\u00f6nlichkeit w\u00fcrde ich sagen. ;)\",\"sameAs\":[\"https:\\\/\\\/www.instagram.com\\\/themximum\\\/\",\"https:\\\/\\\/x.com\\\/themximum\"],\"url\":\"https:\\\/\\\/www.deskmodder.de\\\/blog\\\/author\\\/max\\\/\"}]}<\/script>\n<!-- \/ Yoast SEO Premium plugin. -->","yoast_head_json":{"title":"[IFA 2016] Telekom Pressekonferenz im Livestream - Deskmodder.de","description":"Schaue dir die Telekom Pressekonferenz im Livestream direkt auf der Webseite der Deutschen Telekom an. Los geht's: um 9:00 Uhr am 02.09.2016.","robots":{"index":"index","follow":"follow","max-snippet":"max-snippet:-1","max-image-preview":"max-image-preview:large","max-video-preview":"max-video-preview:-1"},"canonical":"https:\/\/www.deskmodder.de\/blog\/2016\/09\/02\/ifa-2016-telekom-pressekonferenz-im-livestream\/","og_locale":"de_DE","og_type":"article","og_title":"[IFA 2016] Telekom Pressekonferenz im Livestream","og_description":"Schaue dir die Telekom Pressekonferenz im Livestream direkt auf der Webseite der Deutschen Telekom an. Los geht's: um 9:00 Uhr am 02.09.2016.","og_url":"https:\/\/www.deskmodder.de\/blog\/2016\/09\/02\/ifa-2016-telekom-pressekonferenz-im-livestream\/","og_site_name":"Deskmodder.de","article_publisher":"https:\/\/www.facebook.com\/Deskmodder","article_published_time":"2016-09-02T06:00:16+00:00","og_image":[{"width":900,"height":530,"url":"https:\/\/www.deskmodder.de\/blog\/wp-content\/uploads\/2013\/09\/Deutsche-telekom-logo.png","type":"image\/png"}],"author":"MAX","twitter_card":"summary_large_image","twitter_creator":"@themximum","twitter_site":"@Deskmodder","schema":{"@context":"https:\/\/schema.org","@graph":[{"@type":"Article","@id":"https:\/\/www.deskmodder.de\/blog\/2016\/09\/02\/ifa-2016-telekom-pressekonferenz-im-livestream\/#article","isPartOf":{"@id":"https:\/\/www.deskmodder.de\/blog\/2016\/09\/02\/ifa-2016-telekom-pressekonferenz-im-livestream\/"},"author":{"name":"MAX","@id":"https:\/\/www.deskmodder.de\/blog\/#\/schema\/person\/bd4b9506e83c661f1de1af925c726d7c"},"headline":"[IFA 2016] Telekom Pressekonferenz im Livestream","datePublished":"2016-09-02T06:00:16+00:00","mainEntityOfPage":{"@id":"https:\/\/www.deskmodder.de\/blog\/2016\/09\/02\/ifa-2016-telekom-pressekonferenz-im-livestream\/"},"wordCount":75,"commentCount":0,"publisher":{"@id":"https:\/\/www.deskmodder.de\/blog\/#organization"},"image":{"@id":"https:\/\/www.deskmodder.de\/blog\/2016\/09\/02\/ifa-2016-telekom-pressekonferenz-im-livestream\/#primaryimage"},"thumbnailUrl":"https:\/\/www.deskmodder.de\/blog\/wp-content\/uploads\/2013\/09\/Deutsche-telekom-logo.png","keywords":["EntertainTV","event","LiveStream","Mobilfunk","music","Pressekonferenz","Telekom"],"inLanguage":"de","potentialAction":[{"@type":"CommentAction","name":"Comment","target":["https:\/\/www.deskmodder.de\/blog\/2016\/09\/02\/ifa-2016-telekom-pressekonferenz-im-livestream\/#respond"]}],"copyrightYear":"2016","copyrightHolder":{"@id":"https:\/\/www.deskmodder.de\/blog\/#organization"}},{"@type":"WebPage","@id":"https:\/\/www.deskmodder.de\/blog\/2016\/09\/02\/ifa-2016-telekom-pressekonferenz-im-livestream\/","url":"https:\/\/www.deskmodder.de\/blog\/2016\/09\/02\/ifa-2016-telekom-pressekonferenz-im-livestream\/","name":"[IFA 2016] Telekom Pressekonferenz im Livestream - Deskmodder.de","isPartOf":{"@id":"https:\/\/www.deskmodder.de\/blog\/#website"},"primaryImageOfPage":{"@id":"https:\/\/www.deskmodder.de\/blog\/2016\/09\/02\/ifa-2016-telekom-pressekonferenz-im-livestream\/#primaryimage"},"image":{"@id":"https:\/\/www.deskmodder.de\/blog\/2016\/09\/02\/ifa-2016-telekom-pressekonferenz-im-livestream\/#primaryimage"},"thumbnailUrl":"https:\/\/www.deskmodder.de\/blog\/wp-content\/uploads\/2013\/09\/Deutsche-telekom-logo.png","datePublished":"2016-09-02T06:00:16+00:00","description":"Schaue dir die Telekom Pressekonferenz im Livestream direkt auf der Webseite der Deutschen Telekom an. Los geht's: um 9:00 Uhr am 02.09.2016.","breadcrumb":{"@id":"https:\/\/www.deskmodder.de\/blog\/2016\/09\/02\/ifa-2016-telekom-pressekonferenz-im-livestream\/#breadcrumb"},"inLanguage":"de","potentialAction":[{"@type":"ReadAction","target":["https:\/\/www.deskmodder.de\/blog\/2016\/09\/02\/ifa-2016-telekom-pressekonferenz-im-livestream\/"]}]},{"@type":"ImageObject","inLanguage":"de","@id":"https:\/\/www.deskmodder.de\/blog\/2016\/09\/02\/ifa-2016-telekom-pressekonferenz-im-livestream\/#primaryimage","url":"https:\/\/www.deskmodder.de\/blog\/wp-content\/uploads\/2013\/09\/Deutsche-telekom-logo.png","contentUrl":"https:\/\/www.deskmodder.de\/blog\/wp-content\/uploads\/2013\/09\/Deutsche-telekom-logo.png","width":900,"height":530},{"@type":"BreadcrumbList","@id":"https:\/\/www.deskmodder.de\/blog\/2016\/09\/02\/ifa-2016-telekom-pressekonferenz-im-livestream\/#breadcrumb","itemListElement":[{"@type":"ListItem","position":1,"name":"Startseite","item":"https:\/\/www.deskmodder.de\/blog\/"},{"@type":"ListItem","position":2,"name":"[IFA 2016] Telekom Pressekonferenz im Livestream"}]},{"@type":"WebSite","@id":"https:\/\/www.deskmodder.de\/blog\/#website","url":"https:\/\/www.deskmodder.de\/blog\/","name":"Deskmodder.de","description":"News zum Thema Microsoft, Windows 11 \/ 10, sowie anderen Neuigkeiten aus dem Netz, viele Tipps und individuelle Hilfe bei Problemen in unserem Forum \u25cf Deskmodder - seit 2003","publisher":{"@id":"https:\/\/www.deskmodder.de\/blog\/#organization"},"potentialAction":[{"@type":"SearchAction","target":{"@type":"EntryPoint","urlTemplate":"https:\/\/www.deskmodder.de\/blog\/?s={search_term_string}"},"query-input":{"@type":"PropertyValueSpecification","valueRequired":true,"valueName":"search_term_string"}}],"inLanguage":"de"},{"@type":"Organization","@id":"https:\/\/www.deskmodder.de\/blog\/#organization","name":"Deskmodder","url":"https:\/\/www.deskmodder.de\/blog\/","logo":{"@type":"ImageObject","inLanguage":"de","@id":"https:\/\/www.deskmodder.de\/blog\/#\/schema\/logo\/image\/","url":"https:\/\/www.deskmodder.de\/blog\/wp-content\/uploads\/2019\/01\/deskmodder-logo-app.png","contentUrl":"https:\/\/www.deskmodder.de\/blog\/wp-content\/uploads\/2019\/01\/deskmodder-logo-app.png","width":281,"height":286,"caption":"Deskmodder"},"image":{"@id":"https:\/\/www.deskmodder.de\/blog\/#\/schema\/logo\/image\/"},"sameAs":["https:\/\/www.facebook.com\/Deskmodder","https:\/\/x.com\/Deskmodder","https:\/\/mastodontech.de\/@Deskmodder","https:\/\/www.youtube.com\/user\/deskmodder","https:\/\/mewe.com\/group\/5c83b5231add826fc80cdae1"]},{"@type":"Person","@id":"https:\/\/www.deskmodder.de\/blog\/#\/schema\/person\/bd4b9506e83c661f1de1af925c726d7c","name":"MAX","image":{"@type":"ImageObject","inLanguage":"de","@id":"https:\/\/secure.gravatar.com\/avatar\/0a924a9e0119dd457d49c2eb1fa27ade332376ba6138336743cdd8c221e4a3a3?s=96&d=mm&r=g","url":"https:\/\/secure.gravatar.com\/avatar\/0a924a9e0119dd457d49c2eb1fa27ade332376ba6138336743cdd8c221e4a3a3?s=96&d=mm&r=g","contentUrl":"https:\/\/secure.gravatar.com\/avatar\/0a924a9e0119dd457d49c2eb1fa27ade332376ba6138336743cdd8c221e4a3a3?s=96&d=mm&r=g","caption":"MAX"},"description":"Begeisterter Technik-Enthusiast, der aktuell zwei Welten vereint. Windows auf PC sowie Xbox und iOS auf dem iPhone, als auch auf dem iPad. Gespaltene Pers\u00f6nlichkeit w\u00fcrde ich sagen. ;)","sameAs":["https:\/\/www.instagram.com\/themximum\/","https:\/\/x.com\/themximum"],"url":"https:\/\/www.deskmodder.de\/blog\/author\/max\/"}]}},"jetpack_publicize_connections":[],"jetpack_featured_media_url":"https:\/\/www.deskmodder.de\/blog\/wp-content\/uploads\/2013\/09\/Deutsche-telekom-logo.png","_links":{"self":[{"href":"https:\/\/www.deskmodder.de\/blog\/wp-json\/wp\/v2\/posts\/71246","targetHints":{"allow":["GET"]}}],"collection":[{"href":"https:\/\/www.deskmodder.de\/blog\/wp-json\/wp\/v2\/posts"}],"about":[{"href":"https:\/\/www.deskmodder.de\/blog\/wp-json\/wp\/v2\/types\/post"}],"author":[{"embeddable":true,"href":"https:\/\/www.deskmodder.de\/blog\/wp-json\/wp\/v2\/users\/2550"}],"replies":[{"embeddable":true,"href":"https:\/\/www.deskmodder.de\/blog\/wp-json\/wp\/v2\/comments?post=71246"}],"version-history":[{"count":0,"href":"https:\/\/www.deskmodder.de\/blog\/wp-json\/wp\/v2\/posts\/71246\/revisions"}],"wp:featuredmedia":[{"embeddable":true,"href":"https:\/\/www.deskmodder.de\/blog\/wp-json\/wp\/v2\/media\/12591"}],"wp:attachment":[{"href":"https:\/\/www.deskmodder.de\/blog\/wp-json\/wp\/v2\/media?parent=71246"}],"wp:term":[{"taxonomy":"category","embeddable":true,"href":"https:\/\/www.deskmodder.de\/blog\/wp-json\/wp\/v2\/categories?post=71246"},{"taxonomy":"post_tag","embeddable":true,"href":"https:\/\/www.deskmodder.de\/blog\/wp-json\/wp\/v2\/tags?post=71246"}],"curies":[{"name":"wp","href":"https:\/\/api.w.org\/{rel}","templated":true}]}}