{"id":71207,"date":"2016-09-01T16:42:31","date_gmt":"2016-09-01T14:42:31","guid":{"rendered":"https:\/\/www.deskmodder.de\/blog\/?p=71207"},"modified":"2016-09-01T17:57:59","modified_gmt":"2016-09-01T15:57:59","slug":"ifa-2016-huawei-stellt-mediapad-m3-offiziell-vor","status":"publish","type":"post","link":"https:\/\/www.deskmodder.de\/blog\/2016\/09\/01\/ifa-2016-huawei-stellt-mediapad-m3-offiziell-vor\/","title":{"rendered":"[IFA 2016] Huawei stellt MediaPad M3 offiziell vor"},"content":{"rendered":"<p>Im letzten Jahr brachte Huawei das MediaPad M2 mit nach Berlin und p\u00fcnktlich 1 Jahr sp\u00e4ter pr\u00e4sentiert man nun das Huawei MediaPad M3. Technisch hat man das Tablet an aktuelle Spezifikationen angepasst. Das Tablet kommt mit 8,4 Zoll Display (meine pers\u00f6nlich bevorzugte Gr\u00f6\u00dfe eines Tablets) mit einer Aufl\u00f6sung von 2560 x 1600 Pixeln. Insgesamt gibt es 2 Varianten, welche sich beim internen Speicher und der LTE-Unterst\u00fctzung unterscheiden.<\/p>\n<p><img loading=\"lazy\" decoding=\"async\" class=\"aligncenter size-large wp-image-71220\" src=\"https:\/\/www.deskmodder.de\/blog\/wp-content\/uploads\/2016\/09\/IMG_20160901_163318-1-810x270.jpg\" alt=\"IMG_20160901_163318\" width=\"810\" height=\"270\" srcset=\"https:\/\/www.deskmodder.de\/blog\/wp-content\/uploads\/2016\/09\/IMG_20160901_163318-1-810x270.jpg 810w, https:\/\/www.deskmodder.de\/blog\/wp-content\/uploads\/2016\/09\/IMG_20160901_163318-1-306x102.jpg 306w, https:\/\/www.deskmodder.de\/blog\/wp-content\/uploads\/2016\/09\/IMG_20160901_163318-1-500x167.jpg 500w, https:\/\/www.deskmodder.de\/blog\/wp-content\/uploads\/2016\/09\/IMG_20160901_163318-1.jpg 2048w\" sizes=\"auto, (max-width: 810px) 100vw, 810px\" \/><\/p>\n<p>Angetrieben wird das MediaPad M3 vom Kirin 950 Prozessor und 4 GB RAM.Fotos fertigt ihr mit den beiden 8 MP Kameras an der R\u00fcckseite und an der Front. Ja Version gibt&#8217;s 32 GB oder 64 GB internen Speicher, welches per MicroSD-Karte erweitert werden kann. Der Akku liefert 5.100 mAh und vorinstalliert ist Android 6.0.1.\u00a0Neu an der Front ist der verbaute Fingerabdruckscanner.<\/p>\n<p><img loading=\"lazy\" decoding=\"async\" class=\"aligncenter size-large wp-image-71224\" src=\"https:\/\/www.deskmodder.de\/blog\/wp-content\/uploads\/2016\/09\/198287633-810x422.jpg\" alt=\"198287633\" width=\"810\" height=\"422\" srcset=\"https:\/\/www.deskmodder.de\/blog\/wp-content\/uploads\/2016\/09\/198287633-810x422.jpg 810w, https:\/\/www.deskmodder.de\/blog\/wp-content\/uploads\/2016\/09\/198287633-306x159.jpg 306w, https:\/\/www.deskmodder.de\/blog\/wp-content\/uploads\/2016\/09\/198287633-500x260.jpg 500w, https:\/\/www.deskmodder.de\/blog\/wp-content\/uploads\/2016\/09\/198287633.jpg 960w\" sizes=\"auto, (max-width: 810px) 100vw, 810px\" \/><\/p>\n<p><img loading=\"lazy\" decoding=\"async\" class=\"aligncenter size-large wp-image-71223\" src=\"https:\/\/www.deskmodder.de\/blog\/wp-content\/uploads\/2016\/09\/198287636-810x422.jpg\" alt=\"198287636\" width=\"810\" height=\"422\" srcset=\"https:\/\/www.deskmodder.de\/blog\/wp-content\/uploads\/2016\/09\/198287636-810x422.jpg 810w, https:\/\/www.deskmodder.de\/blog\/wp-content\/uploads\/2016\/09\/198287636-306x159.jpg 306w, https:\/\/www.deskmodder.de\/blog\/wp-content\/uploads\/2016\/09\/198287636-500x260.jpg 500w, https:\/\/www.deskmodder.de\/blog\/wp-content\/uploads\/2016\/09\/198287636.jpg 960w\" sizes=\"auto, (max-width: 810px) 100vw, 810px\" \/><\/p>\n<p>Das MediaPad ohne LTE und mit 32 GB Speicher wird 349,- Euro und das Modell mit LTE und 64 GB Speicher 449,- Euro kosten. Ein Termin der Verf\u00fcgbarkeit ist noch nicht bekannt.<\/p>\n<div class=\"video-container\"><div style=\"position:relative;width:100%;max-width:810px;height:456px;background-color:black;color:white;padding:0px;\" data-video-id=\"WqOpZfTVIoQ\">\n\t\t\t\t\t\t<div style=\"text-align: center;\">\n\t\t\t\t\t\t\t<span class=\"hint-text\">Erst durch Klick auf den Button werden Daten an Youtube \u00fcbermittelt und dir das Video angezeigt.<br\/>Mehr dazu in unserer <a href=\"https:\/\/www.deskmodder.de\/blog\/datenschutz-auf-deskmodder-de\/\" target=\"_blank\">Datenschutzrichtlinie<\/a><\/span>\n\t\t\t\t\t\t<\/div>\n\t\t\t\t\t\t<div style=\"text-align: center; margin-top: 10px;\">\n\t\t\t\t\t\t\t<button onclick=\"showVideo(this)\">Verstanden!<\/button>\n\t\t\t\t\t\t<\/div>\n\t\t\t\t\t\t<div class=\"video-container\" style=\"display:none;\">\n\t\t\t\t\t\t\t<img decoding=\"async\" src=\"https:\/\/img.youtube.com\/vi\/WqOpZfTVIoQ\/hqdefault.jpg\" alt=\"Vorschaubild\" style=\"width:100%; max-width:810px;\" \/>\n\t\t\t\t\t\t<\/div>\n\t\t\t\t\t<\/div>\n\t\t\t\t\t<script>\n\t\t\t\t\t\tfunction showVideo(button) {\n\t\t\t\t\t\t\tconst videoID = button.parentElement.parentElement.getAttribute(\"data-video-id\");\n\t\t\t\t\t\t\tconsole.log(\"Video ID:\", videoID); \/\/ Debugging\n\t\t\t\t\t\t\tconst iframeHTML = \"<iframe width='810' height='456' src='https:\/\/www.youtube-nocookie.com\/embed\/\" + videoID + \"?feature=oembed' frameborder='0' allow='accelerometer; autoplay; clipboard-write; encrypted-media; gyroscope; picture-in-picture' allowfullscreen><\/iframe>\";\n\n\t\t\t\t\t\t\tbutton.parentElement.parentElement.querySelector(\".video-container\").innerHTML = iframeHTML;\n\n\t\t\t\t\t\t\t\/\/ Video-Container sichtbar machen\n\t\t\t\t\t\t\tbutton.parentElement.parentElement.querySelector(\".video-container\").style.display = \"block\";\n\t\t\t\t\t\t\tbutton.parentElement.parentElement.querySelector(\".hint-text\").style.display = \"none\";\n\t\t\t\t\t\t\tbutton.remove();\n\t\t\t\t\t\t}\n\t\t\t\t\t<\/script><\/div>\n<p>Weitere Informationen findet ihr auf der <a href=\"http:\/\/m.huawei.com\/enmobile\/consumer\/tablets\/detail\/mediapad-m3-8-en.htm\" target=\"_blank\">Produktseite vom MediaPad M3<\/a>.<\/p>\n","protected":false},"excerpt":{"rendered":"<p>Im letzten Jahr brachte Huawei das MediaPad M2 mit nach Berlin und p\u00fcnktlich 1 Jahr sp\u00e4ter pr\u00e4sentiert man nun das Huawei MediaPad M3. Technisch hat man das Tablet an aktuelle Spezifikationen angepasst. Das Tablet kommt mit 8,4 Zoll Display (meine&hellip; <\/p>\n","protected":false},"author":2020,"featured_media":71224,"comment_status":"open","ping_status":"open","sticky":false,"template":"","format":"standard","meta":{"jetpack_post_was_ever_published":false,"footnotes":"","jetpack_publicize_message":"","jetpack_publicize_feature_enabled":true,"jetpack_social_post_already_shared":true,"jetpack_social_options":{"image_generator_settings":{"template":"highway","default_image_id":0,"font":"","enabled":false},"version":2}},"categories":[1286],"tags":[14258,13419],"class_list":["post-71207","post","type-post","status-publish","format-standard","has-post-thumbnail","hentry","category-hardware","tag-huawei-mediapad-m3","tag-ifa-2016"],"wp_featured_image":{"id":71224,"alt_text":"","description":"","media_type":"image","media_details":{"width":960,"height":500,"file":"2016\/09\/198287633.jpg","sizes":{"thumbnail":{"file":"198287633-306x159.jpg","width":306,"height":159,"mime-type":"image\/jpeg","source_url":"https:\/\/www.deskmodder.de\/blog\/wp-content\/uploads\/2016\/09\/198287633-306x159.jpg"},"medium":{"file":"198287633-500x260.jpg","width":500,"height":260,"mime-type":"image\/jpeg","source_url":"https:\/\/www.deskmodder.de\/blog\/wp-content\/uploads\/2016\/09\/198287633-500x260.jpg"},"large":{"file":"198287633-810x422.jpg","width":810,"height":422,"mime-type":"image\/jpeg","source_url":"https:\/\/www.deskmodder.de\/blog\/wp-content\/uploads\/2016\/09\/198287633-810x422.jpg"},"wp_review_large":{"file":"198287633-320x200.jpg","width":320,"height":200,"mime-type":"image\/jpeg","source_url":"https:\/\/www.deskmodder.de\/blog\/wp-content\/uploads\/2016\/09\/198287633-320x200.jpg"},"wp_review_small":{"file":"198287633-65x65.jpg","width":65,"height":65,"mime-type":"image\/jpeg","source_url":"https:\/\/www.deskmodder.de\/blog\/wp-content\/uploads\/2016\/09\/198287633-65x65.jpg"},"blog-large":{"file":"198287633-642x300.jpg","width":642,"height":300,"mime-type":"image\/jpeg","source_url":"https:\/\/www.deskmodder.de\/blog\/wp-content\/uploads\/2016\/09\/198287633-642x300.jpg"},"blog-medium":{"file":"198287633-306x205.jpg","width":306,"height":205,"mime-type":"image\/jpeg","source_url":"https:\/\/www.deskmodder.de\/blog\/wp-content\/uploads\/2016\/09\/198287633-306x205.jpg"},"recent-thumb":{"file":"198287633-350x316.jpg","width":350,"height":316,"mime-type":"image\/jpeg","source_url":"https:\/\/www.deskmodder.de\/blog\/wp-content\/uploads\/2016\/09\/198287633-350x316.jpg"},"service-featured":{"file":"198287633-600x330.jpg","width":600,"height":330,"mime-type":"image\/jpeg","source_url":"https:\/\/www.deskmodder.de\/blog\/wp-content\/uploads\/2016\/09\/198287633-600x330.jpg"},"wp_rp_thumbnail":{"file":"198287633-150x150.jpg","width":150,"height":150,"mime-type":"image\/jpeg","source_url":"https:\/\/www.deskmodder.de\/blog\/wp-content\/uploads\/2016\/09\/198287633-150x150.jpg"}},"image_meta":{"aperture":"0","credit":"","camera":"","caption":"","created_timestamp":"0","copyright":"","focal_length":"0","iso":"0","shutter_speed":"0","title":"","orientation":"1","keywords":[]}},"post":71207,"source_url":"https:\/\/www.deskmodder.de\/blog\/wp-content\/uploads\/2016\/09\/198287633.jpg"},"commentcount":0,"wp_comments":[],"wp_author":{"id":2020,"name":"Mike","description":"\u00dcber das Anpassen &amp; Abspecken von XP in die \"Windows-Welt\" gekommen, interessiere ich mich eigentlich f\u00fcr jedes gute St\u00fcck Technik. Neben Windows hat auch Android bei mir ein zu Hause gefunden. Und ich bin jedes Jahr gespannt, was mich Neues erwartet. Bloggen ist eine Leidenschaft von mir und ich teile diese hier gerne mit euch.","author_avatar_urls":{"24":"https:\/\/secure.gravatar.com\/avatar\/a25a00ccc6c845d38ee2695915f64089ae7e42ad1a0e8247e29b357ef56b0fab?s=24&d=mm&r=g","48":"https:\/\/secure.gravatar.com\/avatar\/a25a00ccc6c845d38ee2695915f64089ae7e42ad1a0e8247e29b357ef56b0fab?s=48&d=mm&r=g","96":"https:\/\/secure.gravatar.com\/avatar\/a25a00ccc6c845d38ee2695915f64089ae7e42ad1a0e8247e29b357ef56b0fab?s=96&d=mm&r=g"}},"cld_nonce":"1ebf7c6f1e","yoast_head":"<!-- This site is optimized with the Yoast SEO Premium plugin v27.5 (Yoast SEO v27.5) - https:\/\/yoast.com\/product\/yoast-seo-premium-wordpress\/ -->\n<title>[IFA 2016] Huawei stellt MediaPad M3 offiziell vor - Deskmodder.de<\/title>\n<meta name=\"robots\" content=\"index, follow, max-snippet:-1, max-image-preview:large, max-video-preview:-1\" \/>\n<link rel=\"canonical\" href=\"https:\/\/www.deskmodder.de\/blog\/2016\/09\/01\/ifa-2016-huawei-stellt-mediapad-m3-offiziell-vor\/\" \/>\n<meta property=\"og:locale\" content=\"de_DE\" \/>\n<meta property=\"og:type\" content=\"article\" \/>\n<meta property=\"og:title\" content=\"[IFA 2016] Huawei stellt MediaPad M3 offiziell vor\" \/>\n<meta property=\"og:description\" content=\"Im letzten Jahr brachte Huawei das MediaPad M2 mit nach Berlin und p\u00fcnktlich 1 Jahr sp\u00e4ter pr\u00e4sentiert man nun das Huawei MediaPad M3. Technisch hat man das Tablet an aktuelle Spezifikationen angepasst. Das Tablet kommt mit 8,4 Zoll Display (meine&hellip;\" \/>\n<meta property=\"og:url\" content=\"https:\/\/www.deskmodder.de\/blog\/2016\/09\/01\/ifa-2016-huawei-stellt-mediapad-m3-offiziell-vor\/\" \/>\n<meta property=\"og:site_name\" content=\"Deskmodder.de\" \/>\n<meta property=\"article:publisher\" content=\"https:\/\/www.facebook.com\/Deskmodder\" \/>\n<meta property=\"article:published_time\" content=\"2016-09-01T14:42:31+00:00\" \/>\n<meta property=\"article:modified_time\" content=\"2016-09-01T15:57:59+00:00\" \/>\n<meta property=\"og:image\" content=\"https:\/\/www.deskmodder.de\/blog\/wp-content\/uploads\/2016\/09\/198287633.jpg\" \/>\n\t<meta property=\"og:image:width\" content=\"960\" \/>\n\t<meta property=\"og:image:height\" content=\"500\" \/>\n\t<meta property=\"og:image:type\" content=\"image\/jpeg\" \/>\n<meta name=\"author\" content=\"Mike\" \/>\n<meta name=\"twitter:card\" content=\"summary_large_image\" \/>\n<meta name=\"twitter:creator\" content=\"@Deskmodder\" \/>\n<meta name=\"twitter:site\" content=\"@Deskmodder\" \/>\n<script type=\"application\/ld+json\" class=\"yoast-schema-graph\">{\"@context\":\"https:\\\/\\\/schema.org\",\"@graph\":[{\"@type\":\"Article\",\"@id\":\"https:\\\/\\\/www.deskmodder.de\\\/blog\\\/2016\\\/09\\\/01\\\/ifa-2016-huawei-stellt-mediapad-m3-offiziell-vor\\\/#article\",\"isPartOf\":{\"@id\":\"https:\\\/\\\/www.deskmodder.de\\\/blog\\\/2016\\\/09\\\/01\\\/ifa-2016-huawei-stellt-mediapad-m3-offiziell-vor\\\/\"},\"author\":{\"name\":\"Mike\",\"@id\":\"https:\\\/\\\/www.deskmodder.de\\\/blog\\\/#\\\/schema\\\/person\\\/0d15dadb25ee420cb54f76ad120c98fa\"},\"headline\":\"[IFA 2016] Huawei stellt MediaPad M3 offiziell vor\",\"datePublished\":\"2016-09-01T14:42:31+00:00\",\"dateModified\":\"2016-09-01T15:57:59+00:00\",\"mainEntityOfPage\":{\"@id\":\"https:\\\/\\\/www.deskmodder.de\\\/blog\\\/2016\\\/09\\\/01\\\/ifa-2016-huawei-stellt-mediapad-m3-offiziell-vor\\\/\"},\"wordCount\":179,\"commentCount\":0,\"publisher\":{\"@id\":\"https:\\\/\\\/www.deskmodder.de\\\/blog\\\/#organization\"},\"image\":{\"@id\":\"https:\\\/\\\/www.deskmodder.de\\\/blog\\\/2016\\\/09\\\/01\\\/ifa-2016-huawei-stellt-mediapad-m3-offiziell-vor\\\/#primaryimage\"},\"thumbnailUrl\":\"https:\\\/\\\/www.deskmodder.de\\\/blog\\\/wp-content\\\/uploads\\\/2016\\\/09\\\/198287633.jpg\",\"keywords\":[\"Huawei MediaPad M3\",\"IFA 2016\"],\"articleSection\":[\"Hardware\"],\"inLanguage\":\"de\",\"potentialAction\":[{\"@type\":\"CommentAction\",\"name\":\"Comment\",\"target\":[\"https:\\\/\\\/www.deskmodder.de\\\/blog\\\/2016\\\/09\\\/01\\\/ifa-2016-huawei-stellt-mediapad-m3-offiziell-vor\\\/#respond\"]}],\"copyrightYear\":\"2016\",\"copyrightHolder\":{\"@id\":\"https:\\\/\\\/www.deskmodder.de\\\/blog\\\/#organization\"}},{\"@type\":\"WebPage\",\"@id\":\"https:\\\/\\\/www.deskmodder.de\\\/blog\\\/2016\\\/09\\\/01\\\/ifa-2016-huawei-stellt-mediapad-m3-offiziell-vor\\\/\",\"url\":\"https:\\\/\\\/www.deskmodder.de\\\/blog\\\/2016\\\/09\\\/01\\\/ifa-2016-huawei-stellt-mediapad-m3-offiziell-vor\\\/\",\"name\":\"[IFA 2016] Huawei stellt MediaPad M3 offiziell vor - Deskmodder.de\",\"isPartOf\":{\"@id\":\"https:\\\/\\\/www.deskmodder.de\\\/blog\\\/#website\"},\"primaryImageOfPage\":{\"@id\":\"https:\\\/\\\/www.deskmodder.de\\\/blog\\\/2016\\\/09\\\/01\\\/ifa-2016-huawei-stellt-mediapad-m3-offiziell-vor\\\/#primaryimage\"},\"image\":{\"@id\":\"https:\\\/\\\/www.deskmodder.de\\\/blog\\\/2016\\\/09\\\/01\\\/ifa-2016-huawei-stellt-mediapad-m3-offiziell-vor\\\/#primaryimage\"},\"thumbnailUrl\":\"https:\\\/\\\/www.deskmodder.de\\\/blog\\\/wp-content\\\/uploads\\\/2016\\\/09\\\/198287633.jpg\",\"datePublished\":\"2016-09-01T14:42:31+00:00\",\"dateModified\":\"2016-09-01T15:57:59+00:00\",\"breadcrumb\":{\"@id\":\"https:\\\/\\\/www.deskmodder.de\\\/blog\\\/2016\\\/09\\\/01\\\/ifa-2016-huawei-stellt-mediapad-m3-offiziell-vor\\\/#breadcrumb\"},\"inLanguage\":\"de\",\"potentialAction\":[{\"@type\":\"ReadAction\",\"target\":[\"https:\\\/\\\/www.deskmodder.de\\\/blog\\\/2016\\\/09\\\/01\\\/ifa-2016-huawei-stellt-mediapad-m3-offiziell-vor\\\/\"]}]},{\"@type\":\"ImageObject\",\"inLanguage\":\"de\",\"@id\":\"https:\\\/\\\/www.deskmodder.de\\\/blog\\\/2016\\\/09\\\/01\\\/ifa-2016-huawei-stellt-mediapad-m3-offiziell-vor\\\/#primaryimage\",\"url\":\"https:\\\/\\\/www.deskmodder.de\\\/blog\\\/wp-content\\\/uploads\\\/2016\\\/09\\\/198287633.jpg\",\"contentUrl\":\"https:\\\/\\\/www.deskmodder.de\\\/blog\\\/wp-content\\\/uploads\\\/2016\\\/09\\\/198287633.jpg\",\"width\":960,\"height\":500},{\"@type\":\"BreadcrumbList\",\"@id\":\"https:\\\/\\\/www.deskmodder.de\\\/blog\\\/2016\\\/09\\\/01\\\/ifa-2016-huawei-stellt-mediapad-m3-offiziell-vor\\\/#breadcrumb\",\"itemListElement\":[{\"@type\":\"ListItem\",\"position\":1,\"name\":\"Startseite\",\"item\":\"https:\\\/\\\/www.deskmodder.de\\\/blog\\\/\"},{\"@type\":\"ListItem\",\"position\":2,\"name\":\"[IFA 2016] Huawei stellt MediaPad M3 offiziell vor\"}]},{\"@type\":\"WebSite\",\"@id\":\"https:\\\/\\\/www.deskmodder.de\\\/blog\\\/#website\",\"url\":\"https:\\\/\\\/www.deskmodder.de\\\/blog\\\/\",\"name\":\"Deskmodder.de\",\"description\":\"News zum Thema Microsoft, Windows 11 \\\/ 10, sowie anderen Neuigkeiten aus dem Netz, viele Tipps und individuelle Hilfe bei Problemen in unserem Forum \u25cf Deskmodder - seit 2003\",\"publisher\":{\"@id\":\"https:\\\/\\\/www.deskmodder.de\\\/blog\\\/#organization\"},\"potentialAction\":[{\"@type\":\"SearchAction\",\"target\":{\"@type\":\"EntryPoint\",\"urlTemplate\":\"https:\\\/\\\/www.deskmodder.de\\\/blog\\\/?s={search_term_string}\"},\"query-input\":{\"@type\":\"PropertyValueSpecification\",\"valueRequired\":true,\"valueName\":\"search_term_string\"}}],\"inLanguage\":\"de\"},{\"@type\":\"Organization\",\"@id\":\"https:\\\/\\\/www.deskmodder.de\\\/blog\\\/#organization\",\"name\":\"Deskmodder\",\"url\":\"https:\\\/\\\/www.deskmodder.de\\\/blog\\\/\",\"logo\":{\"@type\":\"ImageObject\",\"inLanguage\":\"de\",\"@id\":\"https:\\\/\\\/www.deskmodder.de\\\/blog\\\/#\\\/schema\\\/logo\\\/image\\\/\",\"url\":\"https:\\\/\\\/www.deskmodder.de\\\/blog\\\/wp-content\\\/uploads\\\/2019\\\/01\\\/deskmodder-logo-app.png\",\"contentUrl\":\"https:\\\/\\\/www.deskmodder.de\\\/blog\\\/wp-content\\\/uploads\\\/2019\\\/01\\\/deskmodder-logo-app.png\",\"width\":281,\"height\":286,\"caption\":\"Deskmodder\"},\"image\":{\"@id\":\"https:\\\/\\\/www.deskmodder.de\\\/blog\\\/#\\\/schema\\\/logo\\\/image\\\/\"},\"sameAs\":[\"https:\\\/\\\/www.facebook.com\\\/Deskmodder\",\"https:\\\/\\\/x.com\\\/Deskmodder\",\"https:\\\/\\\/mastodontech.de\\\/@Deskmodder\",\"https:\\\/\\\/www.youtube.com\\\/user\\\/deskmodder\",\"https:\\\/\\\/mewe.com\\\/group\\\/5c83b5231add826fc80cdae1\"]},{\"@type\":\"Person\",\"@id\":\"https:\\\/\\\/www.deskmodder.de\\\/blog\\\/#\\\/schema\\\/person\\\/0d15dadb25ee420cb54f76ad120c98fa\",\"name\":\"Mike\",\"image\":{\"@type\":\"ImageObject\",\"inLanguage\":\"de\",\"@id\":\"https:\\\/\\\/secure.gravatar.com\\\/avatar\\\/a25a00ccc6c845d38ee2695915f64089ae7e42ad1a0e8247e29b357ef56b0fab?s=96&d=mm&r=g\",\"url\":\"https:\\\/\\\/secure.gravatar.com\\\/avatar\\\/a25a00ccc6c845d38ee2695915f64089ae7e42ad1a0e8247e29b357ef56b0fab?s=96&d=mm&r=g\",\"contentUrl\":\"https:\\\/\\\/secure.gravatar.com\\\/avatar\\\/a25a00ccc6c845d38ee2695915f64089ae7e42ad1a0e8247e29b357ef56b0fab?s=96&d=mm&r=g\",\"caption\":\"Mike\"},\"description\":\"\u00dcber das Anpassen &amp; Abspecken von XP in die \\\"Windows-Welt\\\" gekommen, interessiere ich mich eigentlich f\u00fcr jedes gute St\u00fcck Technik. Neben Windows hat auch Android bei mir ein zu Hause gefunden. Und ich bin jedes Jahr gespannt, was mich Neues erwartet. Bloggen ist eine Leidenschaft von mir und ich teile diese hier gerne mit euch.\",\"url\":\"https:\\\/\\\/www.deskmodder.de\\\/blog\\\/author\\\/mike\\\/\"}]}<\/script>\n<!-- \/ Yoast SEO Premium plugin. -->","yoast_head_json":{"title":"[IFA 2016] Huawei stellt MediaPad M3 offiziell vor - Deskmodder.de","robots":{"index":"index","follow":"follow","max-snippet":"max-snippet:-1","max-image-preview":"max-image-preview:large","max-video-preview":"max-video-preview:-1"},"canonical":"https:\/\/www.deskmodder.de\/blog\/2016\/09\/01\/ifa-2016-huawei-stellt-mediapad-m3-offiziell-vor\/","og_locale":"de_DE","og_type":"article","og_title":"[IFA 2016] Huawei stellt MediaPad M3 offiziell vor","og_description":"Im letzten Jahr brachte Huawei das MediaPad M2 mit nach Berlin und p\u00fcnktlich 1 Jahr sp\u00e4ter pr\u00e4sentiert man nun das Huawei MediaPad M3. Technisch hat man das Tablet an aktuelle Spezifikationen angepasst. Das Tablet kommt mit 8,4 Zoll Display (meine&hellip;","og_url":"https:\/\/www.deskmodder.de\/blog\/2016\/09\/01\/ifa-2016-huawei-stellt-mediapad-m3-offiziell-vor\/","og_site_name":"Deskmodder.de","article_publisher":"https:\/\/www.facebook.com\/Deskmodder","article_published_time":"2016-09-01T14:42:31+00:00","article_modified_time":"2016-09-01T15:57:59+00:00","og_image":[{"width":960,"height":500,"url":"https:\/\/www.deskmodder.de\/blog\/wp-content\/uploads\/2016\/09\/198287633.jpg","type":"image\/jpeg"}],"author":"Mike","twitter_card":"summary_large_image","twitter_creator":"@Deskmodder","twitter_site":"@Deskmodder","schema":{"@context":"https:\/\/schema.org","@graph":[{"@type":"Article","@id":"https:\/\/www.deskmodder.de\/blog\/2016\/09\/01\/ifa-2016-huawei-stellt-mediapad-m3-offiziell-vor\/#article","isPartOf":{"@id":"https:\/\/www.deskmodder.de\/blog\/2016\/09\/01\/ifa-2016-huawei-stellt-mediapad-m3-offiziell-vor\/"},"author":{"name":"Mike","@id":"https:\/\/www.deskmodder.de\/blog\/#\/schema\/person\/0d15dadb25ee420cb54f76ad120c98fa"},"headline":"[IFA 2016] Huawei stellt MediaPad M3 offiziell vor","datePublished":"2016-09-01T14:42:31+00:00","dateModified":"2016-09-01T15:57:59+00:00","mainEntityOfPage":{"@id":"https:\/\/www.deskmodder.de\/blog\/2016\/09\/01\/ifa-2016-huawei-stellt-mediapad-m3-offiziell-vor\/"},"wordCount":179,"commentCount":0,"publisher":{"@id":"https:\/\/www.deskmodder.de\/blog\/#organization"},"image":{"@id":"https:\/\/www.deskmodder.de\/blog\/2016\/09\/01\/ifa-2016-huawei-stellt-mediapad-m3-offiziell-vor\/#primaryimage"},"thumbnailUrl":"https:\/\/www.deskmodder.de\/blog\/wp-content\/uploads\/2016\/09\/198287633.jpg","keywords":["Huawei MediaPad M3","IFA 2016"],"articleSection":["Hardware"],"inLanguage":"de","potentialAction":[{"@type":"CommentAction","name":"Comment","target":["https:\/\/www.deskmodder.de\/blog\/2016\/09\/01\/ifa-2016-huawei-stellt-mediapad-m3-offiziell-vor\/#respond"]}],"copyrightYear":"2016","copyrightHolder":{"@id":"https:\/\/www.deskmodder.de\/blog\/#organization"}},{"@type":"WebPage","@id":"https:\/\/www.deskmodder.de\/blog\/2016\/09\/01\/ifa-2016-huawei-stellt-mediapad-m3-offiziell-vor\/","url":"https:\/\/www.deskmodder.de\/blog\/2016\/09\/01\/ifa-2016-huawei-stellt-mediapad-m3-offiziell-vor\/","name":"[IFA 2016] Huawei stellt MediaPad M3 offiziell vor - Deskmodder.de","isPartOf":{"@id":"https:\/\/www.deskmodder.de\/blog\/#website"},"primaryImageOfPage":{"@id":"https:\/\/www.deskmodder.de\/blog\/2016\/09\/01\/ifa-2016-huawei-stellt-mediapad-m3-offiziell-vor\/#primaryimage"},"image":{"@id":"https:\/\/www.deskmodder.de\/blog\/2016\/09\/01\/ifa-2016-huawei-stellt-mediapad-m3-offiziell-vor\/#primaryimage"},"thumbnailUrl":"https:\/\/www.deskmodder.de\/blog\/wp-content\/uploads\/2016\/09\/198287633.jpg","datePublished":"2016-09-01T14:42:31+00:00","dateModified":"2016-09-01T15:57:59+00:00","breadcrumb":{"@id":"https:\/\/www.deskmodder.de\/blog\/2016\/09\/01\/ifa-2016-huawei-stellt-mediapad-m3-offiziell-vor\/#breadcrumb"},"inLanguage":"de","potentialAction":[{"@type":"ReadAction","target":["https:\/\/www.deskmodder.de\/blog\/2016\/09\/01\/ifa-2016-huawei-stellt-mediapad-m3-offiziell-vor\/"]}]},{"@type":"ImageObject","inLanguage":"de","@id":"https:\/\/www.deskmodder.de\/blog\/2016\/09\/01\/ifa-2016-huawei-stellt-mediapad-m3-offiziell-vor\/#primaryimage","url":"https:\/\/www.deskmodder.de\/blog\/wp-content\/uploads\/2016\/09\/198287633.jpg","contentUrl":"https:\/\/www.deskmodder.de\/blog\/wp-content\/uploads\/2016\/09\/198287633.jpg","width":960,"height":500},{"@type":"BreadcrumbList","@id":"https:\/\/www.deskmodder.de\/blog\/2016\/09\/01\/ifa-2016-huawei-stellt-mediapad-m3-offiziell-vor\/#breadcrumb","itemListElement":[{"@type":"ListItem","position":1,"name":"Startseite","item":"https:\/\/www.deskmodder.de\/blog\/"},{"@type":"ListItem","position":2,"name":"[IFA 2016] Huawei stellt MediaPad M3 offiziell vor"}]},{"@type":"WebSite","@id":"https:\/\/www.deskmodder.de\/blog\/#website","url":"https:\/\/www.deskmodder.de\/blog\/","name":"Deskmodder.de","description":"News zum Thema Microsoft, Windows 11 \/ 10, sowie anderen Neuigkeiten aus dem Netz, viele Tipps und individuelle Hilfe bei Problemen in unserem Forum \u25cf Deskmodder - seit 2003","publisher":{"@id":"https:\/\/www.deskmodder.de\/blog\/#organization"},"potentialAction":[{"@type":"SearchAction","target":{"@type":"EntryPoint","urlTemplate":"https:\/\/www.deskmodder.de\/blog\/?s={search_term_string}"},"query-input":{"@type":"PropertyValueSpecification","valueRequired":true,"valueName":"search_term_string"}}],"inLanguage":"de"},{"@type":"Organization","@id":"https:\/\/www.deskmodder.de\/blog\/#organization","name":"Deskmodder","url":"https:\/\/www.deskmodder.de\/blog\/","logo":{"@type":"ImageObject","inLanguage":"de","@id":"https:\/\/www.deskmodder.de\/blog\/#\/schema\/logo\/image\/","url":"https:\/\/www.deskmodder.de\/blog\/wp-content\/uploads\/2019\/01\/deskmodder-logo-app.png","contentUrl":"https:\/\/www.deskmodder.de\/blog\/wp-content\/uploads\/2019\/01\/deskmodder-logo-app.png","width":281,"height":286,"caption":"Deskmodder"},"image":{"@id":"https:\/\/www.deskmodder.de\/blog\/#\/schema\/logo\/image\/"},"sameAs":["https:\/\/www.facebook.com\/Deskmodder","https:\/\/x.com\/Deskmodder","https:\/\/mastodontech.de\/@Deskmodder","https:\/\/www.youtube.com\/user\/deskmodder","https:\/\/mewe.com\/group\/5c83b5231add826fc80cdae1"]},{"@type":"Person","@id":"https:\/\/www.deskmodder.de\/blog\/#\/schema\/person\/0d15dadb25ee420cb54f76ad120c98fa","name":"Mike","image":{"@type":"ImageObject","inLanguage":"de","@id":"https:\/\/secure.gravatar.com\/avatar\/a25a00ccc6c845d38ee2695915f64089ae7e42ad1a0e8247e29b357ef56b0fab?s=96&d=mm&r=g","url":"https:\/\/secure.gravatar.com\/avatar\/a25a00ccc6c845d38ee2695915f64089ae7e42ad1a0e8247e29b357ef56b0fab?s=96&d=mm&r=g","contentUrl":"https:\/\/secure.gravatar.com\/avatar\/a25a00ccc6c845d38ee2695915f64089ae7e42ad1a0e8247e29b357ef56b0fab?s=96&d=mm&r=g","caption":"Mike"},"description":"\u00dcber das Anpassen &amp; Abspecken von XP in die \"Windows-Welt\" gekommen, interessiere ich mich eigentlich f\u00fcr jedes gute St\u00fcck Technik. Neben Windows hat auch Android bei mir ein zu Hause gefunden. Und ich bin jedes Jahr gespannt, was mich Neues erwartet. Bloggen ist eine Leidenschaft von mir und ich teile diese hier gerne mit euch.","url":"https:\/\/www.deskmodder.de\/blog\/author\/mike\/"}]}},"jetpack_publicize_connections":[],"jetpack_featured_media_url":"https:\/\/www.deskmodder.de\/blog\/wp-content\/uploads\/2016\/09\/198287633.jpg","_links":{"self":[{"href":"https:\/\/www.deskmodder.de\/blog\/wp-json\/wp\/v2\/posts\/71207","targetHints":{"allow":["GET"]}}],"collection":[{"href":"https:\/\/www.deskmodder.de\/blog\/wp-json\/wp\/v2\/posts"}],"about":[{"href":"https:\/\/www.deskmodder.de\/blog\/wp-json\/wp\/v2\/types\/post"}],"author":[{"embeddable":true,"href":"https:\/\/www.deskmodder.de\/blog\/wp-json\/wp\/v2\/users\/2020"}],"replies":[{"embeddable":true,"href":"https:\/\/www.deskmodder.de\/blog\/wp-json\/wp\/v2\/comments?post=71207"}],"version-history":[{"count":0,"href":"https:\/\/www.deskmodder.de\/blog\/wp-json\/wp\/v2\/posts\/71207\/revisions"}],"wp:featuredmedia":[{"embeddable":true,"href":"https:\/\/www.deskmodder.de\/blog\/wp-json\/wp\/v2\/media\/71224"}],"wp:attachment":[{"href":"https:\/\/www.deskmodder.de\/blog\/wp-json\/wp\/v2\/media?parent=71207"}],"wp:term":[{"taxonomy":"category","embeddable":true,"href":"https:\/\/www.deskmodder.de\/blog\/wp-json\/wp\/v2\/categories?post=71207"},{"taxonomy":"post_tag","embeddable":true,"href":"https:\/\/www.deskmodder.de\/blog\/wp-json\/wp\/v2\/tags?post=71207"}],"curies":[{"name":"wp","href":"https:\/\/api.w.org\/{rel}","templated":true}]}}