{"id":6871,"date":"2013-05-10T13:24:13","date_gmt":"2013-05-10T11:24:13","guid":{"rendered":"http:\/\/www.deskmodder.de\/blog\/?p=6871"},"modified":"2023-01-14T17:17:45","modified_gmt":"2023-01-14T16:17:45","slug":"arbeitsplatz-computer-wird-zu-dieser-pc-windows-8-1","status":"publish","type":"post","link":"https:\/\/www.deskmodder.de\/blog\/2013\/05\/10\/arbeitsplatz-computer-wird-zu-dieser-pc-windows-8-1\/","title":{"rendered":"Arbeitsplatz &#8211; Computer wird zu Dieser PC Windows 8.1"},"content":{"rendered":"<p><a href=\"http:\/\/www.deskmodder.de\/blog\/wp-content\/uploads\/2013\/05\/dieser-pc.jpg\" rel=\"lightbox[6871]\"><img loading=\"lazy\" decoding=\"async\" src=\"http:\/\/www.deskmodder.de\/blog\/wp-content\/uploads\/2013\/05\/dieser-pc-150x150.jpg\" alt=\"dieser-pc\" width=\"150\" height=\"150\" class=\"alignleft size-thumbnail wp-image-6872\" \/><\/a>So wie es aussieht, hat Microsoft im Explorer weiter herum geschraubt. In der <em>Build 6.3.9391<\/em> wurde die Ansicht vom Arbeitsplatz (Computer) umgekrempelt.<br \/>\nWie man sieht heisst es dann This PC (Dieser PC). Weiterhin sind zu den <a href='http:\/\/www.deskmodder.de\/blog\/2013\/03\/26\/arbeitsplatz-computer-dokumente-bilder-videos-musik-entfernen-windows-blue\/'>vier <strike> Bibliotheken<\/strike> Ordnern<\/a> im Arbeitsplatz zwei weitere (Desktop und Download) hinzugekommen.<br \/>\nIm englischen wurde das <strong>My<\/strong> Musik, Picture etc. entfernt. Also d\u00fcrfte das auch im deutschen dann nicht mehr <strong>Eigene<\/strong> Bilder&#8230;, sondern nur noch Bilder heissen.<br \/>\nDie Bibliotheken links wurden entfernt, warum auch immer.<br \/>\nWas man nicht auf dem Bild sehen kann, welches PainteR bereit gestellt hat, ist das nun auch s\u00e4mtliche Ger\u00e4te mit Wechselmedien und auch entfernbare Ger\u00e4te in einer Rubrik im Arbeitsplatz angezeigt werden.<\/p>\n<p>Mehr dazu in unserem <a href='http:\/\/www.deskmodder.de\/wiki\/index.php\/Ordner_Bibliotheken_unter_Computer_Arbeitsplatz_entfernen_Windows_8.1'>Wiki<\/a>.<\/p>\n<p>Lassen wir uns weiterhin \u00fcberraschen, was noch so in der n\u00e4chsten Zeit kommt.<br \/>\n(<a href='http:\/\/pcportal.org.ru\/forum\/8-3123-72#89889'>Quelle<\/a>)<\/p>\n","protected":false},"excerpt":{"rendered":"<p>So wie es aussieht, hat Microsoft im Explorer weiter herum geschraubt. In der Build 6.3.9391 wurde die Ansicht vom Arbeitsplatz (Computer) umgekrempelt. Wie man sieht heisst es dann This PC (Dieser PC). Weiterhin sind zu den vier Bibliotheken Ordnern im&hellip; <\/p>\n","protected":false},"author":134,"featured_media":6872,"comment_status":"open","ping_status":"open","sticky":false,"template":"","format":"standard","meta":{"jetpack_post_was_ever_published":false,"footnotes":"","jetpack_publicize_message":"","jetpack_publicize_feature_enabled":true,"jetpack_social_post_already_shared":false,"jetpack_social_options":{"image_generator_settings":{"template":"highway","default_image_id":0,"font":"","enabled":false},"version":2}},"categories":[11],"tags":[1876,1877,1875,9750],"class_list":["post-6871","post","type-post","status-publish","format-standard","has-post-thumbnail","hentry","category-windows","tag-andere-anzeige-im-explorer","tag-arbeitsplatz-mit-bibliotheken","tag-dieser-pc","tag-windows-8-1"],"wp_featured_image":{"id":6872,"alt_text":"","description":"","media_type":"image","media_details":{"width":820,"height":608,"file":"2013\/05\/dieser-pc.jpg","sizes":{"thumbnail":{"file":"dieser-pc-150x150.jpg","width":150,"height":150,"mime-type":"image\/jpeg","source_url":"https:\/\/www.deskmodder.de\/blog\/wp-content\/uploads\/2013\/05\/dieser-pc-150x150.jpg"},"medium":{"file":"dieser-pc-300x222.jpg","width":300,"height":222,"mime-type":"image\/jpeg","source_url":"https:\/\/www.deskmodder.de\/blog\/wp-content\/uploads\/2013\/05\/dieser-pc-300x222.jpg"}},"image_meta":{"aperture":0,"credit":"","camera":"","caption":"","created_timestamp":0,"copyright":"","focal_length":0,"iso":0,"shutter_speed":0,"title":""}},"post":6871,"source_url":"https:\/\/www.deskmodder.de\/blog\/wp-content\/uploads\/2013\/05\/dieser-pc.jpg"},"commentcount":6,"wp_comments":[{"id":2185,"parent":0,"author":1387,"author_name":"&#104;&#056;&#050;&#107;","author_email":"malte.nilges@gmail.com","author_url":"","author_avatar_urls":{"24":"https:\/\/secure.gravatar.com\/avatar\/277e719fae61a2bd4b222954fade52fe4d73e436bced0e9134e4ada890fff0be?s=24&d=mm&r=g","48":"https:\/\/secure.gravatar.com\/avatar\/277e719fae61a2bd4b222954fade52fe4d73e436bced0e9134e4ada890fff0be?s=48&d=mm&r=g","96":"https:\/\/secure.gravatar.com\/avatar\/277e719fae61a2bd4b222954fade52fe4d73e436bced0e9134e4ada890fff0be?s=96&d=mm&r=g"},"date":"2013-05-10T16:26:34","cld_nonce":"173fc99a75","content":{"rendered":"<p>Dass nicht mehr das &#8222;Eigene&#8220; vor Bilder usw. steht finde ich nicht so schlimm, aber was soll den &#8222;This PC&#8220;.<br \/>\nH\u00f6rt sich nicht so toll an und sieht nicht so sch\u00f6n aus.<\/p>\n"},"status":"1"},{"id":2186,"parent":0,"author":0,"author_name":"J\u00fcrgenHugo","author_email":"hugohilter@t-online.de","author_url":"http:\/\/aurum2rivi.wordpress.com\/","author_avatar_urls":{"24":"https:\/\/secure.gravatar.com\/avatar\/dc5176746c873787fa3f8df5f9bdfbd2f7688721f771100eb4d7b4e82e2d655b?s=24&d=mm&r=g","48":"https:\/\/secure.gravatar.com\/avatar\/dc5176746c873787fa3f8df5f9bdfbd2f7688721f771100eb4d7b4e82e2d655b?s=48&d=mm&r=g","96":"https:\/\/secure.gravatar.com\/avatar\/dc5176746c873787fa3f8df5f9bdfbd2f7688721f771100eb4d7b4e82e2d655b?s=96&d=mm&r=g"},"date":"2013-05-10T17:27:31","cld_nonce":"173fc99a75","content":{"rendered":"<p>Wie das hei\u00dft ist mir ziemlich wurscht &#8211; bei mir sind eh nur &#8222;Devices &amp; Drives&#8220; zu sehen. Die Bibliotheken benutze ich (genau wie in 7) sowieso nie, und in den &#8222;Eigenen&#8230;&#8220; speichere ich nx ab &#8211; egal, wie die nun hei\u00dfen.<\/p>\n<p>Wenn die links fehlen sollten, dann w\u00e4re das f\u00fcr mich nur zum Vorteil, dann ist da mehr Platz&#8230; <img src=\"https:\/\/www.deskmodder.de\/blog\/wp-content\/plugins\/classic-smilies\/img\/icon_lol.gif\" alt=\":lol:\" class=\"wp-smiley\" \/><\/p>\n"},"status":"1"},{"id":2187,"parent":0,"author":134,"author_name":"&#109;&#111;&#105;&#110;&#109;&#111;&#105;&#110;","author_email":"moin-moin@hab-verschlafen.de","author_url":"","author_avatar_urls":{"24":"https:\/\/secure.gravatar.com\/avatar\/fab96769102f8886245ab411df9a42a235be79261e4b44aa7ab2a555da8b86b4?s=24&d=mm&r=g","48":"https:\/\/secure.gravatar.com\/avatar\/fab96769102f8886245ab411df9a42a235be79261e4b44aa7ab2a555da8b86b4?s=48&d=mm&r=g","96":"https:\/\/secure.gravatar.com\/avatar\/fab96769102f8886245ab411df9a42a235be79261e4b44aa7ab2a555da8b86b4?s=96&d=mm&r=g"},"date":"2013-05-10T17:53:13","cld_nonce":"173fc99a75","content":{"rendered":"<p>Wenn der Link in der Taskleiste dann direkt zum Arbeitsplatz geht, w\u00e4re es ja noch besser. Dann hat man wirklich alles in einem Explorer-Fenster.<\/p>\n"},"status":"1"},{"id":2188,"parent":0,"author":0,"author_name":"J\u00fcrgenHugo","author_email":"hugohilter@t-online.de","author_url":"http:\/\/aurum2rivi.wordpress.com\/","author_avatar_urls":{"24":"https:\/\/secure.gravatar.com\/avatar\/dc5176746c873787fa3f8df5f9bdfbd2f7688721f771100eb4d7b4e82e2d655b?s=24&d=mm&r=g","48":"https:\/\/secure.gravatar.com\/avatar\/dc5176746c873787fa3f8df5f9bdfbd2f7688721f771100eb4d7b4e82e2d655b?s=48&d=mm&r=g","96":"https:\/\/secure.gravatar.com\/avatar\/dc5176746c873787fa3f8df5f9bdfbd2f7688721f771100eb4d7b4e82e2d655b?s=96&d=mm&r=g"},"date":"2013-05-11T07:07:57","cld_nonce":"173fc99a75","content":{"rendered":"<p>Noch was: um &#8222;direkt zu Arbeitsplatz&#8220; zu kommen habe ich mit &#8222;Capslockgoodbye&#8220; die Hochstelltaste damit umbelegt.<\/p>\n<p>Die brauche ich sowieso nicht, und so hat sie eine sinnvolle Funktion. Klappt in Win8 genau so problemlos wie in Win7.<\/p>\n"},"status":"1"},{"id":2190,"parent":0,"author":0,"author_name":"qwert73","author_email":"galkauskaite@web.de","author_url":"","author_avatar_urls":{"24":"https:\/\/secure.gravatar.com\/avatar\/6c2ec42ee0d9eac0951d1fb545971dc4a004134365fbc5950821cc2806913881?s=24&d=mm&r=g","48":"https:\/\/secure.gravatar.com\/avatar\/6c2ec42ee0d9eac0951d1fb545971dc4a004134365fbc5950821cc2806913881?s=48&d=mm&r=g","96":"https:\/\/secure.gravatar.com\/avatar\/6c2ec42ee0d9eac0951d1fb545971dc4a004134365fbc5950821cc2806913881?s=96&d=mm&r=g"},"date":"2013-05-12T11:57:57","cld_nonce":"173fc99a75","content":{"rendered":"<p>moinmoin,<br \/>\nsicher, dass es sich bei den 4 Ordnern um Bibliotheken handelt? Wenn ich den Screenshot deuten w\u00fcrde, sieht das eher so aus, als ob die Bibliotheken als Feature abgeschafft wurden.<\/p>\n"},"status":"1"},{"id":2191,"parent":0,"author":134,"author_name":"&#109;&#111;&#105;&#110;&#109;&#111;&#105;&#110;","author_email":"moin-moin@hab-verschlafen.de","author_url":"","author_avatar_urls":{"24":"https:\/\/secure.gravatar.com\/avatar\/fab96769102f8886245ab411df9a42a235be79261e4b44aa7ab2a555da8b86b4?s=24&d=mm&r=g","48":"https:\/\/secure.gravatar.com\/avatar\/fab96769102f8886245ab411df9a42a235be79261e4b44aa7ab2a555da8b86b4?s=48&d=mm&r=g","96":"https:\/\/secure.gravatar.com\/avatar\/fab96769102f8886245ab411df9a42a235be79261e4b44aa7ab2a555da8b86b4?s=96&d=mm&r=g"},"date":"2013-05-12T12:24:28","cld_nonce":"173fc99a75","content":{"rendered":"<p>Du hast recht. Hab es gerade getestet in der 9385. Dort sind ja noch die Bibliotheken links. Ordner hinzugef\u00fcgt, Bild rein und wird im &#8222;Arbeitsplatz&#8220; unter <i> My Picture<\/i> nicht angezeigt. Hab es korrigiert. <img src=\"https:\/\/www.deskmodder.de\/blog\/wp-content\/plugins\/classic-smilies\/img\/icon_smile.gif\" alt=\":)\" class=\"wp-smiley\" \/><\/p>\n<p>Stellt sich die Frage, ob es sinnvoll ist die Bibliotheken zu entfernen. Gibt ja sicherlich einige die mehrere z.B. Bilderordner in die Bilder-Bibliothek zusammengefasst haben.<\/p>\n"},"status":"1"}],"wp_author":{"id":134,"name":"moinmoin","description":"Ich bin nicht allwissend, was <a href=\"https:\/\/www.deskmodder.de\/wiki\/index.php?title=Kategorie:Windows_11\">Windows<\/a> angeht. Aber genau deshalb nehme ich Windows gerne auseinander und unter die Lupe, um all mein Wissen zu erweitern. <i>J\u00fcrgen<\/i>","author_avatar_urls":{"24":"https:\/\/secure.gravatar.com\/avatar\/fab96769102f8886245ab411df9a42a235be79261e4b44aa7ab2a555da8b86b4?s=24&d=mm&r=g","48":"https:\/\/secure.gravatar.com\/avatar\/fab96769102f8886245ab411df9a42a235be79261e4b44aa7ab2a555da8b86b4?s=48&d=mm&r=g","96":"https:\/\/secure.gravatar.com\/avatar\/fab96769102f8886245ab411df9a42a235be79261e4b44aa7ab2a555da8b86b4?s=96&d=mm&r=g"}},"cld_nonce":"173fc99a75","yoast_head":"<!-- This site is optimized with the Yoast SEO Premium plugin v27.5 (Yoast SEO v27.5) - https:\/\/yoast.com\/product\/yoast-seo-premium-wordpress\/ -->\n<title>Arbeitsplatz - Computer wird zu Dieser PC Windows 8.1 - Deskmodder.de<\/title>\n<meta name=\"robots\" content=\"index, follow, max-snippet:-1, max-image-preview:large, max-video-preview:-1\" \/>\n<link rel=\"canonical\" href=\"https:\/\/www.deskmodder.de\/blog\/2013\/05\/10\/arbeitsplatz-computer-wird-zu-dieser-pc-windows-8-1\/\" \/>\n<meta property=\"og:locale\" content=\"de_DE\" \/>\n<meta property=\"og:type\" content=\"article\" \/>\n<meta property=\"og:title\" content=\"Arbeitsplatz - Computer wird zu Dieser PC Windows 8.1\" \/>\n<meta property=\"og:description\" content=\"So wie es aussieht, hat Microsoft im Explorer weiter herum geschraubt. In der Build 6.3.9391 wurde die Ansicht vom Arbeitsplatz (Computer) umgekrempelt. Wie man sieht heisst es dann This PC (Dieser PC). Weiterhin sind zu den vier Bibliotheken Ordnern im&hellip;\" \/>\n<meta property=\"og:url\" content=\"https:\/\/www.deskmodder.de\/blog\/2013\/05\/10\/arbeitsplatz-computer-wird-zu-dieser-pc-windows-8-1\/\" \/>\n<meta property=\"og:site_name\" content=\"Deskmodder.de\" \/>\n<meta property=\"article:publisher\" content=\"https:\/\/www.facebook.com\/Deskmodder\" \/>\n<meta property=\"article:published_time\" content=\"2013-05-10T11:24:13+00:00\" \/>\n<meta property=\"article:modified_time\" content=\"2023-01-14T16:17:45+00:00\" \/>\n<meta property=\"og:image\" content=\"https:\/\/www.deskmodder.de\/blog\/wp-content\/uploads\/2013\/05\/dieser-pc.jpg\" \/>\n\t<meta property=\"og:image:width\" content=\"820\" \/>\n\t<meta property=\"og:image:height\" content=\"608\" \/>\n\t<meta property=\"og:image:type\" content=\"image\/jpeg\" \/>\n<meta name=\"author\" content=\"moinmoin\" \/>\n<meta name=\"twitter:card\" content=\"summary_large_image\" \/>\n<meta name=\"twitter:creator\" content=\"@Deskmodder\" \/>\n<meta name=\"twitter:site\" content=\"@Deskmodder\" \/>\n<script type=\"application\/ld+json\" class=\"yoast-schema-graph\">{\"@context\":\"https:\\\/\\\/schema.org\",\"@graph\":[{\"@type\":\"Article\",\"@id\":\"https:\\\/\\\/www.deskmodder.de\\\/blog\\\/2013\\\/05\\\/10\\\/arbeitsplatz-computer-wird-zu-dieser-pc-windows-8-1\\\/#article\",\"isPartOf\":{\"@id\":\"https:\\\/\\\/www.deskmodder.de\\\/blog\\\/2013\\\/05\\\/10\\\/arbeitsplatz-computer-wird-zu-dieser-pc-windows-8-1\\\/\"},\"author\":{\"name\":\"moinmoin\",\"@id\":\"https:\\\/\\\/www.deskmodder.de\\\/blog\\\/#\\\/schema\\\/person\\\/a40b17a9503c4a1568ac4073bb54182a\"},\"headline\":\"Arbeitsplatz &#8211; Computer wird zu Dieser PC Windows 8.1\",\"datePublished\":\"2013-05-10T11:24:13+00:00\",\"dateModified\":\"2023-01-14T16:17:45+00:00\",\"mainEntityOfPage\":{\"@id\":\"https:\\\/\\\/www.deskmodder.de\\\/blog\\\/2013\\\/05\\\/10\\\/arbeitsplatz-computer-wird-zu-dieser-pc-windows-8-1\\\/\"},\"wordCount\":143,\"commentCount\":6,\"publisher\":{\"@id\":\"https:\\\/\\\/www.deskmodder.de\\\/blog\\\/#organization\"},\"image\":{\"@id\":\"https:\\\/\\\/www.deskmodder.de\\\/blog\\\/2013\\\/05\\\/10\\\/arbeitsplatz-computer-wird-zu-dieser-pc-windows-8-1\\\/#primaryimage\"},\"thumbnailUrl\":\"https:\\\/\\\/www.deskmodder.de\\\/blog\\\/wp-content\\\/uploads\\\/2013\\\/05\\\/dieser-pc.jpg\",\"keywords\":[\"andere Anzeige im Explorer\",\"Arbeitsplatz mit Bibliotheken\",\"Dieser PC\",\"Windows 8.1\"],\"articleSection\":[\"Windows \u00e4lter\"],\"inLanguage\":\"de\",\"potentialAction\":[{\"@type\":\"CommentAction\",\"name\":\"Comment\",\"target\":[\"https:\\\/\\\/www.deskmodder.de\\\/blog\\\/2013\\\/05\\\/10\\\/arbeitsplatz-computer-wird-zu-dieser-pc-windows-8-1\\\/#respond\"]}],\"copyrightYear\":\"2013\",\"copyrightHolder\":{\"@id\":\"https:\\\/\\\/www.deskmodder.de\\\/blog\\\/#organization\"}},{\"@type\":\"WebPage\",\"@id\":\"https:\\\/\\\/www.deskmodder.de\\\/blog\\\/2013\\\/05\\\/10\\\/arbeitsplatz-computer-wird-zu-dieser-pc-windows-8-1\\\/\",\"url\":\"https:\\\/\\\/www.deskmodder.de\\\/blog\\\/2013\\\/05\\\/10\\\/arbeitsplatz-computer-wird-zu-dieser-pc-windows-8-1\\\/\",\"name\":\"Arbeitsplatz - Computer wird zu Dieser PC Windows 8.1 - Deskmodder.de\",\"isPartOf\":{\"@id\":\"https:\\\/\\\/www.deskmodder.de\\\/blog\\\/#website\"},\"primaryImageOfPage\":{\"@id\":\"https:\\\/\\\/www.deskmodder.de\\\/blog\\\/2013\\\/05\\\/10\\\/arbeitsplatz-computer-wird-zu-dieser-pc-windows-8-1\\\/#primaryimage\"},\"image\":{\"@id\":\"https:\\\/\\\/www.deskmodder.de\\\/blog\\\/2013\\\/05\\\/10\\\/arbeitsplatz-computer-wird-zu-dieser-pc-windows-8-1\\\/#primaryimage\"},\"thumbnailUrl\":\"https:\\\/\\\/www.deskmodder.de\\\/blog\\\/wp-content\\\/uploads\\\/2013\\\/05\\\/dieser-pc.jpg\",\"datePublished\":\"2013-05-10T11:24:13+00:00\",\"dateModified\":\"2023-01-14T16:17:45+00:00\",\"breadcrumb\":{\"@id\":\"https:\\\/\\\/www.deskmodder.de\\\/blog\\\/2013\\\/05\\\/10\\\/arbeitsplatz-computer-wird-zu-dieser-pc-windows-8-1\\\/#breadcrumb\"},\"inLanguage\":\"de\",\"potentialAction\":[{\"@type\":\"ReadAction\",\"target\":[\"https:\\\/\\\/www.deskmodder.de\\\/blog\\\/2013\\\/05\\\/10\\\/arbeitsplatz-computer-wird-zu-dieser-pc-windows-8-1\\\/\"]}]},{\"@type\":\"ImageObject\",\"inLanguage\":\"de\",\"@id\":\"https:\\\/\\\/www.deskmodder.de\\\/blog\\\/2013\\\/05\\\/10\\\/arbeitsplatz-computer-wird-zu-dieser-pc-windows-8-1\\\/#primaryimage\",\"url\":\"https:\\\/\\\/www.deskmodder.de\\\/blog\\\/wp-content\\\/uploads\\\/2013\\\/05\\\/dieser-pc.jpg\",\"contentUrl\":\"https:\\\/\\\/www.deskmodder.de\\\/blog\\\/wp-content\\\/uploads\\\/2013\\\/05\\\/dieser-pc.jpg\",\"width\":820,\"height\":608},{\"@type\":\"BreadcrumbList\",\"@id\":\"https:\\\/\\\/www.deskmodder.de\\\/blog\\\/2013\\\/05\\\/10\\\/arbeitsplatz-computer-wird-zu-dieser-pc-windows-8-1\\\/#breadcrumb\",\"itemListElement\":[{\"@type\":\"ListItem\",\"position\":1,\"name\":\"Startseite\",\"item\":\"https:\\\/\\\/www.deskmodder.de\\\/blog\\\/\"},{\"@type\":\"ListItem\",\"position\":2,\"name\":\"Arbeitsplatz &#8211; Computer wird zu Dieser PC Windows 8.1\"}]},{\"@type\":\"WebSite\",\"@id\":\"https:\\\/\\\/www.deskmodder.de\\\/blog\\\/#website\",\"url\":\"https:\\\/\\\/www.deskmodder.de\\\/blog\\\/\",\"name\":\"Deskmodder.de\",\"description\":\"News zum Thema Microsoft, Windows 11 \\\/ 10, sowie anderen Neuigkeiten aus dem Netz, viele Tipps und individuelle Hilfe bei Problemen in unserem Forum \u25cf Deskmodder - seit 2003\",\"publisher\":{\"@id\":\"https:\\\/\\\/www.deskmodder.de\\\/blog\\\/#organization\"},\"potentialAction\":[{\"@type\":\"SearchAction\",\"target\":{\"@type\":\"EntryPoint\",\"urlTemplate\":\"https:\\\/\\\/www.deskmodder.de\\\/blog\\\/?s={search_term_string}\"},\"query-input\":{\"@type\":\"PropertyValueSpecification\",\"valueRequired\":true,\"valueName\":\"search_term_string\"}}],\"inLanguage\":\"de\"},{\"@type\":\"Organization\",\"@id\":\"https:\\\/\\\/www.deskmodder.de\\\/blog\\\/#organization\",\"name\":\"Deskmodder\",\"url\":\"https:\\\/\\\/www.deskmodder.de\\\/blog\\\/\",\"logo\":{\"@type\":\"ImageObject\",\"inLanguage\":\"de\",\"@id\":\"https:\\\/\\\/www.deskmodder.de\\\/blog\\\/#\\\/schema\\\/logo\\\/image\\\/\",\"url\":\"https:\\\/\\\/www.deskmodder.de\\\/blog\\\/wp-content\\\/uploads\\\/2019\\\/01\\\/deskmodder-logo-app.png\",\"contentUrl\":\"https:\\\/\\\/www.deskmodder.de\\\/blog\\\/wp-content\\\/uploads\\\/2019\\\/01\\\/deskmodder-logo-app.png\",\"width\":281,\"height\":286,\"caption\":\"Deskmodder\"},\"image\":{\"@id\":\"https:\\\/\\\/www.deskmodder.de\\\/blog\\\/#\\\/schema\\\/logo\\\/image\\\/\"},\"sameAs\":[\"https:\\\/\\\/www.facebook.com\\\/Deskmodder\",\"https:\\\/\\\/x.com\\\/Deskmodder\",\"https:\\\/\\\/mastodontech.de\\\/@Deskmodder\",\"https:\\\/\\\/www.youtube.com\\\/user\\\/deskmodder\",\"https:\\\/\\\/mewe.com\\\/group\\\/5c83b5231add826fc80cdae1\"]},{\"@type\":\"Person\",\"@id\":\"https:\\\/\\\/www.deskmodder.de\\\/blog\\\/#\\\/schema\\\/person\\\/a40b17a9503c4a1568ac4073bb54182a\",\"name\":\"moinmoin\",\"image\":{\"@type\":\"ImageObject\",\"inLanguage\":\"de\",\"@id\":\"https:\\\/\\\/secure.gravatar.com\\\/avatar\\\/fab96769102f8886245ab411df9a42a235be79261e4b44aa7ab2a555da8b86b4?s=96&d=mm&r=g\",\"url\":\"https:\\\/\\\/secure.gravatar.com\\\/avatar\\\/fab96769102f8886245ab411df9a42a235be79261e4b44aa7ab2a555da8b86b4?s=96&d=mm&r=g\",\"contentUrl\":\"https:\\\/\\\/secure.gravatar.com\\\/avatar\\\/fab96769102f8886245ab411df9a42a235be79261e4b44aa7ab2a555da8b86b4?s=96&d=mm&r=g\",\"caption\":\"moinmoin\"},\"description\":\"Ich bin nicht allwissend, was Windows angeht. Aber genau deshalb nehme ich Windows gerne auseinander und unter die Lupe, um all mein Wissen zu erweitern. J\u00fcrgen\",\"url\":\"https:\\\/\\\/www.deskmodder.de\\\/blog\\\/author\\\/moinmoin\\\/\"}]}<\/script>\n<!-- \/ Yoast SEO Premium plugin. -->","yoast_head_json":{"title":"Arbeitsplatz - Computer wird zu Dieser PC Windows 8.1 - Deskmodder.de","robots":{"index":"index","follow":"follow","max-snippet":"max-snippet:-1","max-image-preview":"max-image-preview:large","max-video-preview":"max-video-preview:-1"},"canonical":"https:\/\/www.deskmodder.de\/blog\/2013\/05\/10\/arbeitsplatz-computer-wird-zu-dieser-pc-windows-8-1\/","og_locale":"de_DE","og_type":"article","og_title":"Arbeitsplatz - Computer wird zu Dieser PC Windows 8.1","og_description":"So wie es aussieht, hat Microsoft im Explorer weiter herum geschraubt. In der Build 6.3.9391 wurde die Ansicht vom Arbeitsplatz (Computer) umgekrempelt. Wie man sieht heisst es dann This PC (Dieser PC). Weiterhin sind zu den vier Bibliotheken Ordnern im&hellip;","og_url":"https:\/\/www.deskmodder.de\/blog\/2013\/05\/10\/arbeitsplatz-computer-wird-zu-dieser-pc-windows-8-1\/","og_site_name":"Deskmodder.de","article_publisher":"https:\/\/www.facebook.com\/Deskmodder","article_published_time":"2013-05-10T11:24:13+00:00","article_modified_time":"2023-01-14T16:17:45+00:00","og_image":[{"width":820,"height":608,"url":"https:\/\/www.deskmodder.de\/blog\/wp-content\/uploads\/2013\/05\/dieser-pc.jpg","type":"image\/jpeg"}],"author":"moinmoin","twitter_card":"summary_large_image","twitter_creator":"@Deskmodder","twitter_site":"@Deskmodder","schema":{"@context":"https:\/\/schema.org","@graph":[{"@type":"Article","@id":"https:\/\/www.deskmodder.de\/blog\/2013\/05\/10\/arbeitsplatz-computer-wird-zu-dieser-pc-windows-8-1\/#article","isPartOf":{"@id":"https:\/\/www.deskmodder.de\/blog\/2013\/05\/10\/arbeitsplatz-computer-wird-zu-dieser-pc-windows-8-1\/"},"author":{"name":"moinmoin","@id":"https:\/\/www.deskmodder.de\/blog\/#\/schema\/person\/a40b17a9503c4a1568ac4073bb54182a"},"headline":"Arbeitsplatz &#8211; Computer wird zu Dieser PC Windows 8.1","datePublished":"2013-05-10T11:24:13+00:00","dateModified":"2023-01-14T16:17:45+00:00","mainEntityOfPage":{"@id":"https:\/\/www.deskmodder.de\/blog\/2013\/05\/10\/arbeitsplatz-computer-wird-zu-dieser-pc-windows-8-1\/"},"wordCount":143,"commentCount":6,"publisher":{"@id":"https:\/\/www.deskmodder.de\/blog\/#organization"},"image":{"@id":"https:\/\/www.deskmodder.de\/blog\/2013\/05\/10\/arbeitsplatz-computer-wird-zu-dieser-pc-windows-8-1\/#primaryimage"},"thumbnailUrl":"https:\/\/www.deskmodder.de\/blog\/wp-content\/uploads\/2013\/05\/dieser-pc.jpg","keywords":["andere Anzeige im Explorer","Arbeitsplatz mit Bibliotheken","Dieser PC","Windows 8.1"],"articleSection":["Windows \u00e4lter"],"inLanguage":"de","potentialAction":[{"@type":"CommentAction","name":"Comment","target":["https:\/\/www.deskmodder.de\/blog\/2013\/05\/10\/arbeitsplatz-computer-wird-zu-dieser-pc-windows-8-1\/#respond"]}],"copyrightYear":"2013","copyrightHolder":{"@id":"https:\/\/www.deskmodder.de\/blog\/#organization"}},{"@type":"WebPage","@id":"https:\/\/www.deskmodder.de\/blog\/2013\/05\/10\/arbeitsplatz-computer-wird-zu-dieser-pc-windows-8-1\/","url":"https:\/\/www.deskmodder.de\/blog\/2013\/05\/10\/arbeitsplatz-computer-wird-zu-dieser-pc-windows-8-1\/","name":"Arbeitsplatz - Computer wird zu Dieser PC Windows 8.1 - Deskmodder.de","isPartOf":{"@id":"https:\/\/www.deskmodder.de\/blog\/#website"},"primaryImageOfPage":{"@id":"https:\/\/www.deskmodder.de\/blog\/2013\/05\/10\/arbeitsplatz-computer-wird-zu-dieser-pc-windows-8-1\/#primaryimage"},"image":{"@id":"https:\/\/www.deskmodder.de\/blog\/2013\/05\/10\/arbeitsplatz-computer-wird-zu-dieser-pc-windows-8-1\/#primaryimage"},"thumbnailUrl":"https:\/\/www.deskmodder.de\/blog\/wp-content\/uploads\/2013\/05\/dieser-pc.jpg","datePublished":"2013-05-10T11:24:13+00:00","dateModified":"2023-01-14T16:17:45+00:00","breadcrumb":{"@id":"https:\/\/www.deskmodder.de\/blog\/2013\/05\/10\/arbeitsplatz-computer-wird-zu-dieser-pc-windows-8-1\/#breadcrumb"},"inLanguage":"de","potentialAction":[{"@type":"ReadAction","target":["https:\/\/www.deskmodder.de\/blog\/2013\/05\/10\/arbeitsplatz-computer-wird-zu-dieser-pc-windows-8-1\/"]}]},{"@type":"ImageObject","inLanguage":"de","@id":"https:\/\/www.deskmodder.de\/blog\/2013\/05\/10\/arbeitsplatz-computer-wird-zu-dieser-pc-windows-8-1\/#primaryimage","url":"https:\/\/www.deskmodder.de\/blog\/wp-content\/uploads\/2013\/05\/dieser-pc.jpg","contentUrl":"https:\/\/www.deskmodder.de\/blog\/wp-content\/uploads\/2013\/05\/dieser-pc.jpg","width":820,"height":608},{"@type":"BreadcrumbList","@id":"https:\/\/www.deskmodder.de\/blog\/2013\/05\/10\/arbeitsplatz-computer-wird-zu-dieser-pc-windows-8-1\/#breadcrumb","itemListElement":[{"@type":"ListItem","position":1,"name":"Startseite","item":"https:\/\/www.deskmodder.de\/blog\/"},{"@type":"ListItem","position":2,"name":"Arbeitsplatz &#8211; Computer wird zu Dieser PC Windows 8.1"}]},{"@type":"WebSite","@id":"https:\/\/www.deskmodder.de\/blog\/#website","url":"https:\/\/www.deskmodder.de\/blog\/","name":"Deskmodder.de","description":"News zum Thema Microsoft, Windows 11 \/ 10, sowie anderen Neuigkeiten aus dem Netz, viele Tipps und individuelle Hilfe bei Problemen in unserem Forum \u25cf Deskmodder - seit 2003","publisher":{"@id":"https:\/\/www.deskmodder.de\/blog\/#organization"},"potentialAction":[{"@type":"SearchAction","target":{"@type":"EntryPoint","urlTemplate":"https:\/\/www.deskmodder.de\/blog\/?s={search_term_string}"},"query-input":{"@type":"PropertyValueSpecification","valueRequired":true,"valueName":"search_term_string"}}],"inLanguage":"de"},{"@type":"Organization","@id":"https:\/\/www.deskmodder.de\/blog\/#organization","name":"Deskmodder","url":"https:\/\/www.deskmodder.de\/blog\/","logo":{"@type":"ImageObject","inLanguage":"de","@id":"https:\/\/www.deskmodder.de\/blog\/#\/schema\/logo\/image\/","url":"https:\/\/www.deskmodder.de\/blog\/wp-content\/uploads\/2019\/01\/deskmodder-logo-app.png","contentUrl":"https:\/\/www.deskmodder.de\/blog\/wp-content\/uploads\/2019\/01\/deskmodder-logo-app.png","width":281,"height":286,"caption":"Deskmodder"},"image":{"@id":"https:\/\/www.deskmodder.de\/blog\/#\/schema\/logo\/image\/"},"sameAs":["https:\/\/www.facebook.com\/Deskmodder","https:\/\/x.com\/Deskmodder","https:\/\/mastodontech.de\/@Deskmodder","https:\/\/www.youtube.com\/user\/deskmodder","https:\/\/mewe.com\/group\/5c83b5231add826fc80cdae1"]},{"@type":"Person","@id":"https:\/\/www.deskmodder.de\/blog\/#\/schema\/person\/a40b17a9503c4a1568ac4073bb54182a","name":"moinmoin","image":{"@type":"ImageObject","inLanguage":"de","@id":"https:\/\/secure.gravatar.com\/avatar\/fab96769102f8886245ab411df9a42a235be79261e4b44aa7ab2a555da8b86b4?s=96&d=mm&r=g","url":"https:\/\/secure.gravatar.com\/avatar\/fab96769102f8886245ab411df9a42a235be79261e4b44aa7ab2a555da8b86b4?s=96&d=mm&r=g","contentUrl":"https:\/\/secure.gravatar.com\/avatar\/fab96769102f8886245ab411df9a42a235be79261e4b44aa7ab2a555da8b86b4?s=96&d=mm&r=g","caption":"moinmoin"},"description":"Ich bin nicht allwissend, was Windows angeht. Aber genau deshalb nehme ich Windows gerne auseinander und unter die Lupe, um all mein Wissen zu erweitern. J\u00fcrgen","url":"https:\/\/www.deskmodder.de\/blog\/author\/moinmoin\/"}]}},"jetpack_publicize_connections":[],"jetpack_featured_media_url":"https:\/\/www.deskmodder.de\/blog\/wp-content\/uploads\/2013\/05\/dieser-pc.jpg","_links":{"self":[{"href":"https:\/\/www.deskmodder.de\/blog\/wp-json\/wp\/v2\/posts\/6871","targetHints":{"allow":["GET"]}}],"collection":[{"href":"https:\/\/www.deskmodder.de\/blog\/wp-json\/wp\/v2\/posts"}],"about":[{"href":"https:\/\/www.deskmodder.de\/blog\/wp-json\/wp\/v2\/types\/post"}],"author":[{"embeddable":true,"href":"https:\/\/www.deskmodder.de\/blog\/wp-json\/wp\/v2\/users\/134"}],"replies":[{"embeddable":true,"href":"https:\/\/www.deskmodder.de\/blog\/wp-json\/wp\/v2\/comments?post=6871"}],"version-history":[{"count":0,"href":"https:\/\/www.deskmodder.de\/blog\/wp-json\/wp\/v2\/posts\/6871\/revisions"}],"wp:featuredmedia":[{"embeddable":true,"href":"https:\/\/www.deskmodder.de\/blog\/wp-json\/wp\/v2\/media\/6872"}],"wp:attachment":[{"href":"https:\/\/www.deskmodder.de\/blog\/wp-json\/wp\/v2\/media?parent=6871"}],"wp:term":[{"taxonomy":"category","embeddable":true,"href":"https:\/\/www.deskmodder.de\/blog\/wp-json\/wp\/v2\/categories?post=6871"},{"taxonomy":"post_tag","embeddable":true,"href":"https:\/\/www.deskmodder.de\/blog\/wp-json\/wp\/v2\/tags?post=6871"}],"curies":[{"name":"wp","href":"https:\/\/api.w.org\/{rel}","templated":true}]}}