{"id":6853,"date":"2013-05-08T11:39:32","date_gmt":"2013-05-08T09:39:32","guid":{"rendered":"http:\/\/www.deskmodder.de\/blog\/?p=6853"},"modified":"2023-01-14T17:17:50","modified_gmt":"2023-01-14T16:17:50","slug":"office-auch-in-den-naechsten-jahren-als-softwarepaket-erhaeltlich","status":"publish","type":"post","link":"https:\/\/www.deskmodder.de\/blog\/2013\/05\/08\/office-auch-in-den-naechsten-jahren-als-softwarepaket-erhaeltlich\/","title":{"rendered":"Office auch in den n\u00e4chsten Jahren als Softwarepaket erh\u00e4ltlich"},"content":{"rendered":"<p><a href=\"http:\/\/www.deskmodder.de\/blog\/wp-content\/uploads\/2012\/05\/office.png\" rel=\"lightbox[6853]\"><img loading=\"lazy\" decoding=\"async\" src=\"http:\/\/www.deskmodder.de\/blog\/wp-content\/uploads\/2012\/05\/office-150x150.png\" alt=\"office\" width=\"150\" height=\"150\" class=\"alignleft size-thumbnail wp-image-2214\" srcset=\"https:\/\/www.deskmodder.de\/blog\/wp-content\/uploads\/2012\/05\/office-150x150.png 150w, https:\/\/www.deskmodder.de\/blog\/wp-content\/uploads\/2012\/05\/office.png 256w\" sizes=\"auto, (max-width: 150px) 100vw, 150px\" \/><\/a> Adobe hatte ja <a href='http:\/\/www.deskmodder.de\/blog\/2013\/05\/07\/adobe-keine-creative-suite-mehr\/'>bekannt<\/a> gegeben, auf die klassische Software bei der Creative Suite zu verzichten und nun vollst\u00e4ndig auf ein Abo-Modell umzusteigen.<br \/>\nNun hat sich Microsoft im <a href='http:\/\/blogs.office.com\/b\/office-news\/archive\/2013\/05\/07\/software-subscriptions-progressive-or-premature.aspx'>blogs.office.com<\/a> dazu ge\u00e4ussert, wie sie mit Office in den n\u00e4chsten Jahren umgehen will.<br \/>\nMicrosoft rechnet damit das es noch ca. 10 Jahre dauern wird, bis sich alle an solche Abo-Geschichten gew\u00f6hnen w\u00fcrden. Und bis dahin wird es auch weiterhin Office als Softwarepaket und auch wie schon eingef\u00fchrt Office 365 geben.<br \/>\nClint Patterson beschrieb in dem Blogeintrag, dass sie mit ihrem Abo-Modell sehr gute Zahlen erreicht haben, die ihre Erwartungen \u00fcbertroffen haben.<!--more--><br \/>\nDenn der Vorteil ist bei solch einem Abo-Modell ja nicht zu leugnen. Man hat immer die neueste Version, wird sofort mit Updates versorgt und kann aus dem Abo aussteigen wann man m\u00f6chte.<br \/>\nF\u00fcr den normalen User ist es eher interessant wie teuer so ein Abo ist und ob es sich gegen\u00fcber einer klassischen Software lohnt. Denn diese benutzt man ein paar Jahre bis man sich vielleicht einmal eine neue Version zulegt.<br \/>\nNebenbei wurde auch bekannt, dass <a href='http:\/\/blogs.office.com\/b\/microsoft_office_365_blog\/archive\/2013\/05\/07\/office-web-apps-more-office-more-collaborative-more-devices.aspx'>Office 365<\/a> mehrere neue Funktionen spendiert bekommt.<\/p>\n<p>Ich f\u00fcr mich muss gestehen, noch stehe ich einem Abo-Modell skeptisch gegen\u00fcber. Aber auch heute hat man ja schon durch Anti-Virensoftware nichts anderes wie ein Abo. Man bezahlt f\u00fcr ein Jahr und ist solange <em>&#8222;gesch\u00fctzt&#8220;<\/em>. Bezahlt man nicht weiter, ist die Software nutzlos.<br \/>\nWas meint ihr, wird sich ein Abo f\u00fcr gr\u00f6ssere Software durchsetzen?<\/p>\n","protected":false},"excerpt":{"rendered":"<p>Adobe hatte ja bekannt gegeben, auf die klassische Software bei der Creative Suite zu verzichten und nun vollst\u00e4ndig auf ein Abo-Modell umzusteigen. Nun hat sich Microsoft im blogs.office.com dazu ge\u00e4ussert, wie sie mit Office in den n\u00e4chsten Jahren umgehen will.&hellip; <\/p>\n","protected":false},"author":134,"featured_media":0,"comment_status":"open","ping_status":"open","sticky":false,"template":"","format":"standard","meta":{"jetpack_post_was_ever_published":false,"footnotes":"","jetpack_publicize_message":"","jetpack_publicize_feature_enabled":true,"jetpack_social_post_already_shared":false,"jetpack_social_options":{"image_generator_settings":{"template":"highway","default_image_id":0,"font":"","enabled":false},"version":2}},"categories":[11],"tags":[1870],"class_list":["post-6853","post","type-post","status-publish","format-standard","hentry","category-windows","tag-office-auch-weiterhin-als-software"],"wp_featured_image":null,"commentcount":3,"wp_comments":[{"id":2182,"parent":0,"author":0,"author_name":"J\u00fcrgenHugo","author_email":"hugohilter@t-online.de","author_url":"http:\/\/aurum2rivi.wordpress.com\/","author_avatar_urls":{"24":"https:\/\/secure.gravatar.com\/avatar\/dc5176746c873787fa3f8df5f9bdfbd2f7688721f771100eb4d7b4e82e2d655b?s=24&d=mm&r=g","48":"https:\/\/secure.gravatar.com\/avatar\/dc5176746c873787fa3f8df5f9bdfbd2f7688721f771100eb4d7b4e82e2d655b?s=48&d=mm&r=g","96":"https:\/\/secure.gravatar.com\/avatar\/dc5176746c873787fa3f8df5f9bdfbd2f7688721f771100eb4d7b4e82e2d655b?s=96&d=mm&r=g"},"date":"2013-05-08T12:01:28","cld_nonce":"173fc99a75","content":{"rendered":"<p>Wei\u00df nicht &#8211; so in &#8222;richtig&#8220; ist mir das lieber. Bei MS-Office ist mir das allerdings schnuppe &#8211; das brauche ich nicht mal umsonst. OO langt da 10x f\u00fcr mich.<\/p>\n<p>Meinen Router (Speedport W921V), den habe ich &#8222;abonniert&#8220;, das schien mir g\u00fcnstiger. Da ist die K\u00fcndigungsfrist aber auch ziemlich kurz, ich glaube 7 Tage.<\/p>\n<p>Bei Antivirus setze ich auf avast! in der Free-Version. habe ich nix dr\u00fcber zu meckern &#8211; hab\u00b4s schon mal hie\/da empfohlen, von denen meckert auch keiner.<\/p>\n"},"status":"1"},{"id":2183,"parent":0,"author":0,"author_name":"Pandorra","author_email":"fox_mzysso@Rcpt.at","author_url":"","author_avatar_urls":{"24":"https:\/\/secure.gravatar.com\/avatar\/238c8a340dfa0b93db3e5971ae7be79a9d8a86af48fdcaaced1fda99a4ca624d?s=24&d=mm&r=g","48":"https:\/\/secure.gravatar.com\/avatar\/238c8a340dfa0b93db3e5971ae7be79a9d8a86af48fdcaaced1fda99a4ca624d?s=48&d=mm&r=g","96":"https:\/\/secure.gravatar.com\/avatar\/238c8a340dfa0b93db3e5971ae7be79a9d8a86af48fdcaaced1fda99a4ca624d?s=96&d=mm&r=g"},"date":"2013-05-09T01:23:05","cld_nonce":"173fc99a75","content":{"rendered":"<p>Es wird sich durchsetzen &#8211; nutzen werde ich es nicht. Nutze schon seit vielen Jahren kostenfreie Virenscanner. Notfalls steige ich auf Linux um ^^<\/p>\n"},"status":"1"},{"id":2184,"parent":0,"author":134,"author_name":"&#109;&#111;&#105;&#110;&#109;&#111;&#105;&#110;","author_email":"moin-moin@hab-verschlafen.de","author_url":"","author_avatar_urls":{"24":"https:\/\/secure.gravatar.com\/avatar\/fab96769102f8886245ab411df9a42a235be79261e4b44aa7ab2a555da8b86b4?s=24&d=mm&r=g","48":"https:\/\/secure.gravatar.com\/avatar\/fab96769102f8886245ab411df9a42a235be79261e4b44aa7ab2a555da8b86b4?s=48&d=mm&r=g","96":"https:\/\/secure.gravatar.com\/avatar\/fab96769102f8886245ab411df9a42a235be79261e4b44aa7ab2a555da8b86b4?s=96&d=mm&r=g"},"date":"2013-05-09T08:48:45","cld_nonce":"173fc99a75","content":{"rendered":"<p>Immer diese Androhungen. ^^ <img src=\"https:\/\/www.deskmodder.de\/blog\/wp-content\/plugins\/classic-smilies\/img\/icon_wink.gif\" alt=\";)\" class=\"wp-smiley\" \/><\/p>\n"},"status":"1"}],"wp_author":{"id":134,"name":"moinmoin","description":"Ich bin nicht allwissend, was <a href=\"https:\/\/www.deskmodder.de\/wiki\/index.php?title=Kategorie:Windows_11\">Windows<\/a> angeht. Aber genau deshalb nehme ich Windows gerne auseinander und unter die Lupe, um all mein Wissen zu erweitern. <i>J\u00fcrgen<\/i>","author_avatar_urls":{"24":"https:\/\/secure.gravatar.com\/avatar\/fab96769102f8886245ab411df9a42a235be79261e4b44aa7ab2a555da8b86b4?s=24&d=mm&r=g","48":"https:\/\/secure.gravatar.com\/avatar\/fab96769102f8886245ab411df9a42a235be79261e4b44aa7ab2a555da8b86b4?s=48&d=mm&r=g","96":"https:\/\/secure.gravatar.com\/avatar\/fab96769102f8886245ab411df9a42a235be79261e4b44aa7ab2a555da8b86b4?s=96&d=mm&r=g"}},"cld_nonce":"173fc99a75","yoast_head":"<!-- This site is optimized with the Yoast SEO Premium plugin v27.5 (Yoast SEO v27.5) - https:\/\/yoast.com\/product\/yoast-seo-premium-wordpress\/ -->\n<title>Office auch in den n\u00e4chsten Jahren als Softwarepaket erh\u00e4ltlich - Deskmodder.de<\/title>\n<meta name=\"robots\" content=\"index, follow, max-snippet:-1, max-image-preview:large, max-video-preview:-1\" \/>\n<link rel=\"canonical\" href=\"https:\/\/www.deskmodder.de\/blog\/2013\/05\/08\/office-auch-in-den-naechsten-jahren-als-softwarepaket-erhaeltlich\/\" \/>\n<meta property=\"og:locale\" content=\"de_DE\" \/>\n<meta property=\"og:type\" content=\"article\" \/>\n<meta property=\"og:title\" content=\"Office auch in den n\u00e4chsten Jahren als Softwarepaket erh\u00e4ltlich\" \/>\n<meta property=\"og:description\" content=\"Adobe hatte ja bekannt gegeben, auf die klassische Software bei der Creative Suite zu verzichten und nun vollst\u00e4ndig auf ein Abo-Modell umzusteigen. Nun hat sich Microsoft im blogs.office.com dazu ge\u00e4ussert, wie sie mit Office in den n\u00e4chsten Jahren umgehen will.&hellip;\" \/>\n<meta property=\"og:url\" content=\"https:\/\/www.deskmodder.de\/blog\/2013\/05\/08\/office-auch-in-den-naechsten-jahren-als-softwarepaket-erhaeltlich\/\" \/>\n<meta property=\"og:site_name\" content=\"Deskmodder.de\" \/>\n<meta property=\"article:publisher\" content=\"https:\/\/www.facebook.com\/Deskmodder\" \/>\n<meta property=\"article:published_time\" content=\"2013-05-08T09:39:32+00:00\" \/>\n<meta property=\"article:modified_time\" content=\"2023-01-14T16:17:50+00:00\" \/>\n<meta property=\"og:image\" content=\"http:\/\/www.deskmodder.de\/blog\/wp-content\/uploads\/2012\/05\/office-150x150.png\" \/>\n<meta name=\"author\" content=\"moinmoin\" \/>\n<meta name=\"twitter:card\" content=\"summary_large_image\" \/>\n<meta name=\"twitter:creator\" content=\"@Deskmodder\" \/>\n<meta name=\"twitter:site\" content=\"@Deskmodder\" \/>\n<script type=\"application\/ld+json\" class=\"yoast-schema-graph\">{\"@context\":\"https:\\\/\\\/schema.org\",\"@graph\":[{\"@type\":\"Article\",\"@id\":\"https:\\\/\\\/www.deskmodder.de\\\/blog\\\/2013\\\/05\\\/08\\\/office-auch-in-den-naechsten-jahren-als-softwarepaket-erhaeltlich\\\/#article\",\"isPartOf\":{\"@id\":\"https:\\\/\\\/www.deskmodder.de\\\/blog\\\/2013\\\/05\\\/08\\\/office-auch-in-den-naechsten-jahren-als-softwarepaket-erhaeltlich\\\/\"},\"author\":{\"name\":\"moinmoin\",\"@id\":\"https:\\\/\\\/www.deskmodder.de\\\/blog\\\/#\\\/schema\\\/person\\\/a40b17a9503c4a1568ac4073bb54182a\"},\"headline\":\"Office auch in den n\u00e4chsten Jahren als Softwarepaket erh\u00e4ltlich\",\"datePublished\":\"2013-05-08T09:39:32+00:00\",\"dateModified\":\"2023-01-14T16:17:50+00:00\",\"mainEntityOfPage\":{\"@id\":\"https:\\\/\\\/www.deskmodder.de\\\/blog\\\/2013\\\/05\\\/08\\\/office-auch-in-den-naechsten-jahren-als-softwarepaket-erhaeltlich\\\/\"},\"wordCount\":260,\"commentCount\":3,\"publisher\":{\"@id\":\"https:\\\/\\\/www.deskmodder.de\\\/blog\\\/#organization\"},\"image\":{\"@id\":\"https:\\\/\\\/www.deskmodder.de\\\/blog\\\/2013\\\/05\\\/08\\\/office-auch-in-den-naechsten-jahren-als-softwarepaket-erhaeltlich\\\/#primaryimage\"},\"thumbnailUrl\":\"http:\\\/\\\/www.deskmodder.de\\\/blog\\\/wp-content\\\/uploads\\\/2012\\\/05\\\/office-150x150.png\",\"keywords\":[\"Office auch weiterhin als Software\"],\"articleSection\":[\"Windows \u00e4lter\"],\"inLanguage\":\"de\",\"potentialAction\":[{\"@type\":\"CommentAction\",\"name\":\"Comment\",\"target\":[\"https:\\\/\\\/www.deskmodder.de\\\/blog\\\/2013\\\/05\\\/08\\\/office-auch-in-den-naechsten-jahren-als-softwarepaket-erhaeltlich\\\/#respond\"]}],\"copyrightYear\":\"2013\",\"copyrightHolder\":{\"@id\":\"https:\\\/\\\/www.deskmodder.de\\\/blog\\\/#organization\"}},{\"@type\":\"WebPage\",\"@id\":\"https:\\\/\\\/www.deskmodder.de\\\/blog\\\/2013\\\/05\\\/08\\\/office-auch-in-den-naechsten-jahren-als-softwarepaket-erhaeltlich\\\/\",\"url\":\"https:\\\/\\\/www.deskmodder.de\\\/blog\\\/2013\\\/05\\\/08\\\/office-auch-in-den-naechsten-jahren-als-softwarepaket-erhaeltlich\\\/\",\"name\":\"Office auch in den n\u00e4chsten Jahren als Softwarepaket erh\u00e4ltlich - Deskmodder.de\",\"isPartOf\":{\"@id\":\"https:\\\/\\\/www.deskmodder.de\\\/blog\\\/#website\"},\"primaryImageOfPage\":{\"@id\":\"https:\\\/\\\/www.deskmodder.de\\\/blog\\\/2013\\\/05\\\/08\\\/office-auch-in-den-naechsten-jahren-als-softwarepaket-erhaeltlich\\\/#primaryimage\"},\"image\":{\"@id\":\"https:\\\/\\\/www.deskmodder.de\\\/blog\\\/2013\\\/05\\\/08\\\/office-auch-in-den-naechsten-jahren-als-softwarepaket-erhaeltlich\\\/#primaryimage\"},\"thumbnailUrl\":\"http:\\\/\\\/www.deskmodder.de\\\/blog\\\/wp-content\\\/uploads\\\/2012\\\/05\\\/office-150x150.png\",\"datePublished\":\"2013-05-08T09:39:32+00:00\",\"dateModified\":\"2023-01-14T16:17:50+00:00\",\"breadcrumb\":{\"@id\":\"https:\\\/\\\/www.deskmodder.de\\\/blog\\\/2013\\\/05\\\/08\\\/office-auch-in-den-naechsten-jahren-als-softwarepaket-erhaeltlich\\\/#breadcrumb\"},\"inLanguage\":\"de\",\"potentialAction\":[{\"@type\":\"ReadAction\",\"target\":[\"https:\\\/\\\/www.deskmodder.de\\\/blog\\\/2013\\\/05\\\/08\\\/office-auch-in-den-naechsten-jahren-als-softwarepaket-erhaeltlich\\\/\"]}]},{\"@type\":\"ImageObject\",\"inLanguage\":\"de\",\"@id\":\"https:\\\/\\\/www.deskmodder.de\\\/blog\\\/2013\\\/05\\\/08\\\/office-auch-in-den-naechsten-jahren-als-softwarepaket-erhaeltlich\\\/#primaryimage\",\"url\":\"https:\\\/\\\/www.deskmodder.de\\\/blog\\\/wp-content\\\/uploads\\\/2012\\\/05\\\/office.png\",\"contentUrl\":\"https:\\\/\\\/www.deskmodder.de\\\/blog\\\/wp-content\\\/uploads\\\/2012\\\/05\\\/office.png\",\"width\":\"256\",\"height\":\"256\"},{\"@type\":\"BreadcrumbList\",\"@id\":\"https:\\\/\\\/www.deskmodder.de\\\/blog\\\/2013\\\/05\\\/08\\\/office-auch-in-den-naechsten-jahren-als-softwarepaket-erhaeltlich\\\/#breadcrumb\",\"itemListElement\":[{\"@type\":\"ListItem\",\"position\":1,\"name\":\"Startseite\",\"item\":\"https:\\\/\\\/www.deskmodder.de\\\/blog\\\/\"},{\"@type\":\"ListItem\",\"position\":2,\"name\":\"Office auch in den n\u00e4chsten Jahren als Softwarepaket erh\u00e4ltlich\"}]},{\"@type\":\"WebSite\",\"@id\":\"https:\\\/\\\/www.deskmodder.de\\\/blog\\\/#website\",\"url\":\"https:\\\/\\\/www.deskmodder.de\\\/blog\\\/\",\"name\":\"Deskmodder.de\",\"description\":\"News zum Thema Microsoft, Windows 11 \\\/ 10, sowie anderen Neuigkeiten aus dem Netz, viele Tipps und individuelle Hilfe bei Problemen in unserem Forum \u25cf Deskmodder - seit 2003\",\"publisher\":{\"@id\":\"https:\\\/\\\/www.deskmodder.de\\\/blog\\\/#organization\"},\"potentialAction\":[{\"@type\":\"SearchAction\",\"target\":{\"@type\":\"EntryPoint\",\"urlTemplate\":\"https:\\\/\\\/www.deskmodder.de\\\/blog\\\/?s={search_term_string}\"},\"query-input\":{\"@type\":\"PropertyValueSpecification\",\"valueRequired\":true,\"valueName\":\"search_term_string\"}}],\"inLanguage\":\"de\"},{\"@type\":\"Organization\",\"@id\":\"https:\\\/\\\/www.deskmodder.de\\\/blog\\\/#organization\",\"name\":\"Deskmodder\",\"url\":\"https:\\\/\\\/www.deskmodder.de\\\/blog\\\/\",\"logo\":{\"@type\":\"ImageObject\",\"inLanguage\":\"de\",\"@id\":\"https:\\\/\\\/www.deskmodder.de\\\/blog\\\/#\\\/schema\\\/logo\\\/image\\\/\",\"url\":\"https:\\\/\\\/www.deskmodder.de\\\/blog\\\/wp-content\\\/uploads\\\/2019\\\/01\\\/deskmodder-logo-app.png\",\"contentUrl\":\"https:\\\/\\\/www.deskmodder.de\\\/blog\\\/wp-content\\\/uploads\\\/2019\\\/01\\\/deskmodder-logo-app.png\",\"width\":281,\"height\":286,\"caption\":\"Deskmodder\"},\"image\":{\"@id\":\"https:\\\/\\\/www.deskmodder.de\\\/blog\\\/#\\\/schema\\\/logo\\\/image\\\/\"},\"sameAs\":[\"https:\\\/\\\/www.facebook.com\\\/Deskmodder\",\"https:\\\/\\\/x.com\\\/Deskmodder\",\"https:\\\/\\\/mastodontech.de\\\/@Deskmodder\",\"https:\\\/\\\/www.youtube.com\\\/user\\\/deskmodder\",\"https:\\\/\\\/mewe.com\\\/group\\\/5c83b5231add826fc80cdae1\"]},{\"@type\":\"Person\",\"@id\":\"https:\\\/\\\/www.deskmodder.de\\\/blog\\\/#\\\/schema\\\/person\\\/a40b17a9503c4a1568ac4073bb54182a\",\"name\":\"moinmoin\",\"image\":{\"@type\":\"ImageObject\",\"inLanguage\":\"de\",\"@id\":\"https:\\\/\\\/secure.gravatar.com\\\/avatar\\\/fab96769102f8886245ab411df9a42a235be79261e4b44aa7ab2a555da8b86b4?s=96&d=mm&r=g\",\"url\":\"https:\\\/\\\/secure.gravatar.com\\\/avatar\\\/fab96769102f8886245ab411df9a42a235be79261e4b44aa7ab2a555da8b86b4?s=96&d=mm&r=g\",\"contentUrl\":\"https:\\\/\\\/secure.gravatar.com\\\/avatar\\\/fab96769102f8886245ab411df9a42a235be79261e4b44aa7ab2a555da8b86b4?s=96&d=mm&r=g\",\"caption\":\"moinmoin\"},\"description\":\"Ich bin nicht allwissend, was Windows angeht. Aber genau deshalb nehme ich Windows gerne auseinander und unter die Lupe, um all mein Wissen zu erweitern. J\u00fcrgen\",\"url\":\"https:\\\/\\\/www.deskmodder.de\\\/blog\\\/author\\\/moinmoin\\\/\"}]}<\/script>\n<!-- \/ Yoast SEO Premium plugin. -->","yoast_head_json":{"title":"Office auch in den n\u00e4chsten Jahren als Softwarepaket erh\u00e4ltlich - Deskmodder.de","robots":{"index":"index","follow":"follow","max-snippet":"max-snippet:-1","max-image-preview":"max-image-preview:large","max-video-preview":"max-video-preview:-1"},"canonical":"https:\/\/www.deskmodder.de\/blog\/2013\/05\/08\/office-auch-in-den-naechsten-jahren-als-softwarepaket-erhaeltlich\/","og_locale":"de_DE","og_type":"article","og_title":"Office auch in den n\u00e4chsten Jahren als Softwarepaket erh\u00e4ltlich","og_description":"Adobe hatte ja bekannt gegeben, auf die klassische Software bei der Creative Suite zu verzichten und nun vollst\u00e4ndig auf ein Abo-Modell umzusteigen. Nun hat sich Microsoft im blogs.office.com dazu ge\u00e4ussert, wie sie mit Office in den n\u00e4chsten Jahren umgehen will.&hellip;","og_url":"https:\/\/www.deskmodder.de\/blog\/2013\/05\/08\/office-auch-in-den-naechsten-jahren-als-softwarepaket-erhaeltlich\/","og_site_name":"Deskmodder.de","article_publisher":"https:\/\/www.facebook.com\/Deskmodder","article_published_time":"2013-05-08T09:39:32+00:00","article_modified_time":"2023-01-14T16:17:50+00:00","og_image":[{"url":"http:\/\/www.deskmodder.de\/blog\/wp-content\/uploads\/2012\/05\/office-150x150.png","type":"","width":"","height":""}],"author":"moinmoin","twitter_card":"summary_large_image","twitter_creator":"@Deskmodder","twitter_site":"@Deskmodder","schema":{"@context":"https:\/\/schema.org","@graph":[{"@type":"Article","@id":"https:\/\/www.deskmodder.de\/blog\/2013\/05\/08\/office-auch-in-den-naechsten-jahren-als-softwarepaket-erhaeltlich\/#article","isPartOf":{"@id":"https:\/\/www.deskmodder.de\/blog\/2013\/05\/08\/office-auch-in-den-naechsten-jahren-als-softwarepaket-erhaeltlich\/"},"author":{"name":"moinmoin","@id":"https:\/\/www.deskmodder.de\/blog\/#\/schema\/person\/a40b17a9503c4a1568ac4073bb54182a"},"headline":"Office auch in den n\u00e4chsten Jahren als Softwarepaket erh\u00e4ltlich","datePublished":"2013-05-08T09:39:32+00:00","dateModified":"2023-01-14T16:17:50+00:00","mainEntityOfPage":{"@id":"https:\/\/www.deskmodder.de\/blog\/2013\/05\/08\/office-auch-in-den-naechsten-jahren-als-softwarepaket-erhaeltlich\/"},"wordCount":260,"commentCount":3,"publisher":{"@id":"https:\/\/www.deskmodder.de\/blog\/#organization"},"image":{"@id":"https:\/\/www.deskmodder.de\/blog\/2013\/05\/08\/office-auch-in-den-naechsten-jahren-als-softwarepaket-erhaeltlich\/#primaryimage"},"thumbnailUrl":"http:\/\/www.deskmodder.de\/blog\/wp-content\/uploads\/2012\/05\/office-150x150.png","keywords":["Office auch weiterhin als Software"],"articleSection":["Windows \u00e4lter"],"inLanguage":"de","potentialAction":[{"@type":"CommentAction","name":"Comment","target":["https:\/\/www.deskmodder.de\/blog\/2013\/05\/08\/office-auch-in-den-naechsten-jahren-als-softwarepaket-erhaeltlich\/#respond"]}],"copyrightYear":"2013","copyrightHolder":{"@id":"https:\/\/www.deskmodder.de\/blog\/#organization"}},{"@type":"WebPage","@id":"https:\/\/www.deskmodder.de\/blog\/2013\/05\/08\/office-auch-in-den-naechsten-jahren-als-softwarepaket-erhaeltlich\/","url":"https:\/\/www.deskmodder.de\/blog\/2013\/05\/08\/office-auch-in-den-naechsten-jahren-als-softwarepaket-erhaeltlich\/","name":"Office auch in den n\u00e4chsten Jahren als Softwarepaket erh\u00e4ltlich - Deskmodder.de","isPartOf":{"@id":"https:\/\/www.deskmodder.de\/blog\/#website"},"primaryImageOfPage":{"@id":"https:\/\/www.deskmodder.de\/blog\/2013\/05\/08\/office-auch-in-den-naechsten-jahren-als-softwarepaket-erhaeltlich\/#primaryimage"},"image":{"@id":"https:\/\/www.deskmodder.de\/blog\/2013\/05\/08\/office-auch-in-den-naechsten-jahren-als-softwarepaket-erhaeltlich\/#primaryimage"},"thumbnailUrl":"http:\/\/www.deskmodder.de\/blog\/wp-content\/uploads\/2012\/05\/office-150x150.png","datePublished":"2013-05-08T09:39:32+00:00","dateModified":"2023-01-14T16:17:50+00:00","breadcrumb":{"@id":"https:\/\/www.deskmodder.de\/blog\/2013\/05\/08\/office-auch-in-den-naechsten-jahren-als-softwarepaket-erhaeltlich\/#breadcrumb"},"inLanguage":"de","potentialAction":[{"@type":"ReadAction","target":["https:\/\/www.deskmodder.de\/blog\/2013\/05\/08\/office-auch-in-den-naechsten-jahren-als-softwarepaket-erhaeltlich\/"]}]},{"@type":"ImageObject","inLanguage":"de","@id":"https:\/\/www.deskmodder.de\/blog\/2013\/05\/08\/office-auch-in-den-naechsten-jahren-als-softwarepaket-erhaeltlich\/#primaryimage","url":"https:\/\/www.deskmodder.de\/blog\/wp-content\/uploads\/2012\/05\/office.png","contentUrl":"https:\/\/www.deskmodder.de\/blog\/wp-content\/uploads\/2012\/05\/office.png","width":"256","height":"256"},{"@type":"BreadcrumbList","@id":"https:\/\/www.deskmodder.de\/blog\/2013\/05\/08\/office-auch-in-den-naechsten-jahren-als-softwarepaket-erhaeltlich\/#breadcrumb","itemListElement":[{"@type":"ListItem","position":1,"name":"Startseite","item":"https:\/\/www.deskmodder.de\/blog\/"},{"@type":"ListItem","position":2,"name":"Office auch in den n\u00e4chsten Jahren als Softwarepaket erh\u00e4ltlich"}]},{"@type":"WebSite","@id":"https:\/\/www.deskmodder.de\/blog\/#website","url":"https:\/\/www.deskmodder.de\/blog\/","name":"Deskmodder.de","description":"News zum Thema Microsoft, Windows 11 \/ 10, sowie anderen Neuigkeiten aus dem Netz, viele Tipps und individuelle Hilfe bei Problemen in unserem Forum \u25cf Deskmodder - seit 2003","publisher":{"@id":"https:\/\/www.deskmodder.de\/blog\/#organization"},"potentialAction":[{"@type":"SearchAction","target":{"@type":"EntryPoint","urlTemplate":"https:\/\/www.deskmodder.de\/blog\/?s={search_term_string}"},"query-input":{"@type":"PropertyValueSpecification","valueRequired":true,"valueName":"search_term_string"}}],"inLanguage":"de"},{"@type":"Organization","@id":"https:\/\/www.deskmodder.de\/blog\/#organization","name":"Deskmodder","url":"https:\/\/www.deskmodder.de\/blog\/","logo":{"@type":"ImageObject","inLanguage":"de","@id":"https:\/\/www.deskmodder.de\/blog\/#\/schema\/logo\/image\/","url":"https:\/\/www.deskmodder.de\/blog\/wp-content\/uploads\/2019\/01\/deskmodder-logo-app.png","contentUrl":"https:\/\/www.deskmodder.de\/blog\/wp-content\/uploads\/2019\/01\/deskmodder-logo-app.png","width":281,"height":286,"caption":"Deskmodder"},"image":{"@id":"https:\/\/www.deskmodder.de\/blog\/#\/schema\/logo\/image\/"},"sameAs":["https:\/\/www.facebook.com\/Deskmodder","https:\/\/x.com\/Deskmodder","https:\/\/mastodontech.de\/@Deskmodder","https:\/\/www.youtube.com\/user\/deskmodder","https:\/\/mewe.com\/group\/5c83b5231add826fc80cdae1"]},{"@type":"Person","@id":"https:\/\/www.deskmodder.de\/blog\/#\/schema\/person\/a40b17a9503c4a1568ac4073bb54182a","name":"moinmoin","image":{"@type":"ImageObject","inLanguage":"de","@id":"https:\/\/secure.gravatar.com\/avatar\/fab96769102f8886245ab411df9a42a235be79261e4b44aa7ab2a555da8b86b4?s=96&d=mm&r=g","url":"https:\/\/secure.gravatar.com\/avatar\/fab96769102f8886245ab411df9a42a235be79261e4b44aa7ab2a555da8b86b4?s=96&d=mm&r=g","contentUrl":"https:\/\/secure.gravatar.com\/avatar\/fab96769102f8886245ab411df9a42a235be79261e4b44aa7ab2a555da8b86b4?s=96&d=mm&r=g","caption":"moinmoin"},"description":"Ich bin nicht allwissend, was Windows angeht. Aber genau deshalb nehme ich Windows gerne auseinander und unter die Lupe, um all mein Wissen zu erweitern. J\u00fcrgen","url":"https:\/\/www.deskmodder.de\/blog\/author\/moinmoin\/"}]}},"jetpack_publicize_connections":[],"jetpack_featured_media_url":"","_links":{"self":[{"href":"https:\/\/www.deskmodder.de\/blog\/wp-json\/wp\/v2\/posts\/6853","targetHints":{"allow":["GET"]}}],"collection":[{"href":"https:\/\/www.deskmodder.de\/blog\/wp-json\/wp\/v2\/posts"}],"about":[{"href":"https:\/\/www.deskmodder.de\/blog\/wp-json\/wp\/v2\/types\/post"}],"author":[{"embeddable":true,"href":"https:\/\/www.deskmodder.de\/blog\/wp-json\/wp\/v2\/users\/134"}],"replies":[{"embeddable":true,"href":"https:\/\/www.deskmodder.de\/blog\/wp-json\/wp\/v2\/comments?post=6853"}],"version-history":[{"count":0,"href":"https:\/\/www.deskmodder.de\/blog\/wp-json\/wp\/v2\/posts\/6853\/revisions"}],"wp:attachment":[{"href":"https:\/\/www.deskmodder.de\/blog\/wp-json\/wp\/v2\/media?parent=6853"}],"wp:term":[{"taxonomy":"category","embeddable":true,"href":"https:\/\/www.deskmodder.de\/blog\/wp-json\/wp\/v2\/categories?post=6853"},{"taxonomy":"post_tag","embeddable":true,"href":"https:\/\/www.deskmodder.de\/blog\/wp-json\/wp\/v2\/tags?post=6853"}],"curies":[{"name":"wp","href":"https:\/\/api.w.org\/{rel}","templated":true}]}}