{"id":67836,"date":"2016-07-09T00:32:46","date_gmt":"2016-07-08T22:32:46","guid":{"rendered":"https:\/\/www.deskmodder.de\/blog\/?p=67836"},"modified":"2016-07-09T00:32:46","modified_gmt":"2016-07-08T22:32:46","slug":"uhd-blu-ray-universal-nennt-termin-fuer-deutschlandstart","status":"publish","type":"post","link":"https:\/\/www.deskmodder.de\/blog\/2016\/07\/09\/uhd-blu-ray-universal-nennt-termin-fuer-deutschlandstart\/","title":{"rendered":"UHD Blu-ray &#8211; Universal nennt Termin f\u00fcr Deutschlandstart"},"content":{"rendered":"<p>Die Filmindustrie bereitet sich gerade darauf vor die n\u00e4chste Generation der Blu-ray zu ver\u00f6ffentlichen, die Ultra HD Blu-ray, wobei aber nie wirklich bekannt wurde, wann den nun ein Studio einen seiner Filme ver\u00f6ffentlicht. Jetzt k\u00fcndigt Universal Pictures aber gleich den Start von 6 UHD-Blu-rays an.<\/p>\n<p><img loading=\"lazy\" decoding=\"async\" src=\"https:\/\/www.deskmodder.de\/blog\/wp-content\/uploads\/2014\/01\/4K-BluRay.png\" alt=\"4K-BluRay\" width=\"631\" height=\"234\" class=\"aligncenter size-full wp-image-19085\" srcset=\"https:\/\/www.deskmodder.de\/blog\/wp-content\/uploads\/2014\/01\/4K-BluRay.png 631w, https:\/\/www.deskmodder.de\/blog\/wp-content\/uploads\/2014\/01\/4K-BluRay-150x55.png 150w, https:\/\/www.deskmodder.de\/blog\/wp-content\/uploads\/2014\/01\/4K-BluRay-500x185.png 500w\" sizes=\"auto, (max-width: 631px) 100vw, 631px\" \/><\/p>\n<p>Beginnend mit zwei 4K-Discs, die am 25. August  ver\u00f6ffentlicht werden. Bei diesen handelt es sich um zwei IMAX-Dokumentationen mit je 3 Filmen, genauer gesagt handelt sich um &#8222;IMAX Adventure 4K Blu-ray-Collection (Ultra HD)&#8220; mit den Filmen &#8222;Tornado Alley&#8220;, &#8222;Gran Canyon Adventure: River at Risk&#8220; und &#8222;Hidden Universe&#8220; sowie um &#8222;IMAX Nature 4K Blu-ray-Collection (Ultra HD)&#8220; mit &#8222;Antarctica: On the Edge&#8220;, &#8222;Titans of the Ice Age&#8220; und &#8222;Great White Shark\u201c.<\/p>\n<p>Die anderen vier 4K-Discs erscheinen dann am 29. September, wobei &#8222;Everest&#8220;, &#8222;Lucy&#8220; und &#8222;Oblivion&#8220; als 4K-Auflage &#8222;wiederbelebt&#8220; werden. (Interessant w\u00e4re es, ob Everest, Lucy und Oblivion dann auch in 4K auf Prime Video ver\u00f6ffentlicht werden.) Zus\u00e4tzlich wird auch der Film &#8222;Warcraft: The Beginning&#8220; als UHD-Blu-ray erscheinen, welcher, da er zurzeit noch im Kino l\u00e4uft, gleichzeitig seine Premiere im Heimkino feiert.<\/p>\n<p>Die Audioqualit\u00e4t der Blu-rays soll im \u00dcbrigen sehr gut sein, denn teilweise wird Dolby Atmos oder DTS-HD High Resolution 7.1 mitgeliefert, wobei die Technik aktuell noch wenig verbreitet ist, denn Dolby Atmos f\u00fcr den Heimgebrauch ist noch sehr teuer. Apropos Technik f\u00fcr die UHD-Blu-rays ben\u00f6tigt man auch spezielle Player, welche noch nicht in der Masse verbreitet sind und meiner Meinung nach auch so schnell nicht werden, da sich zum einen Blu-ray-Player noch nicht mal fl\u00e4chendeckend verbreitet haben, geschweige denn 4K-TVs. Der Durchbruch dauert also noch.<\/p>\n<div class=\"viaquelle\">Via: <a href=\"http:\/\/www.heise.de\/newsticker\/meldung\/Ultra-HD-Blu-ray-Universal-Pictures-nennt-Termin-fuer-Deutschlandstart-3262179.html?wt_mc=rss.ho.beitrag.atom\" target=\"_blank\">Heise<\/a><\/div>\n","protected":false},"excerpt":{"rendered":"<p>Die Filmindustrie bereitet sich gerade darauf vor die n\u00e4chste Generation der Blu-ray zu ver\u00f6ffentlichen, die Ultra HD Blu-ray, wobei aber nie wirklich bekannt wurde, wann den nun ein Studio einen seiner Filme ver\u00f6ffentlicht. Jetzt k\u00fcndigt Universal Pictures aber gleich den&hellip; <\/p>\n","protected":false},"author":2550,"featured_media":19085,"comment_status":"open","ping_status":"open","sticky":false,"template":"","format":"standard","meta":{"jetpack_post_was_ever_published":false,"footnotes":"","jetpack_publicize_message":"","jetpack_publicize_feature_enabled":true,"jetpack_social_post_already_shared":true,"jetpack_social_options":{"image_generator_settings":{"template":"highway","default_image_id":0,"font":"","enabled":false},"version":2}},"categories":[1286],"tags":[3546,4347,4346,13562,279,2742,4481,164,5364,10311],"class_list":["post-67836","post","type-post","status-publish","format-standard","has-post-thumbnail","hentry","category-hardware","tag-4k","tag-4k-blu-ray","tag-blu-ray","tag-discs","tag-dvd","tag-filme","tag-player","tag-tv","tag-uhd","tag-universal"],"wp_featured_image":{"id":19085,"alt_text":"","description":"","media_type":"image","media_details":{"width":631,"height":234,"file":"2014\/01\/4K-BluRay.png","sizes":{"thumbnail":{"file":"4K-BluRay-150x150.png","width":150,"height":150,"mime-type":"image\/png","source_url":"https:\/\/www.deskmodder.de\/blog\/wp-content\/uploads\/2014\/01\/4K-BluRay-150x150.png"},"medium":{"file":"4K-BluRay-150x55.png","width":150,"height":55,"mime-type":"image\/png","source_url":"https:\/\/www.deskmodder.de\/blog\/wp-content\/uploads\/2014\/01\/4K-BluRay-150x55.png"},"large":{"file":"4K-BluRay-500x185.png","width":500,"height":185,"mime-type":"image\/png","source_url":"https:\/\/www.deskmodder.de\/blog\/wp-content\/uploads\/2014\/01\/4K-BluRay-500x185.png"}},"image_meta":{"aperture":0,"credit":"","camera":"","caption":"","created_timestamp":0,"copyright":"","focal_length":0,"iso":0,"shutter_speed":0,"title":""}},"post":19084,"source_url":"https:\/\/www.deskmodder.de\/blog\/wp-content\/uploads\/2014\/01\/4K-BluRay.png"},"commentcount":3,"wp_comments":[{"id":22400,"parent":0,"author":0,"author_name":"Tipp","author_email":"klo@aol.com","author_url":"","author_avatar_urls":{"24":"https:\/\/secure.gravatar.com\/avatar\/15bf3b001a29e46bdee6209d0dd6a4a202b59fa8fbbedf10b14f8a5382ebb083?s=24&d=mm&r=g","48":"https:\/\/secure.gravatar.com\/avatar\/15bf3b001a29e46bdee6209d0dd6a4a202b59fa8fbbedf10b14f8a5382ebb083?s=48&d=mm&r=g","96":"https:\/\/secure.gravatar.com\/avatar\/15bf3b001a29e46bdee6209d0dd6a4a202b59fa8fbbedf10b14f8a5382ebb083?s=96&d=mm&r=g"},"date":"2016-07-09T11:24:35","cld_nonce":"015d9540d6","content":{"rendered":"<p>6 St\u00fcck, wow!  Wahrscheinlich auch kein natives 4K drauf, auf den Disks, nur hochgerechnet, k\u00f6nnen sie behalten. Ich habe mir beide Ultra HD Blu-ray Player angeschaut, was f\u00fcr ein unausgereifter Technikm\u00fcll, vor allem der Samsung. Ultra HD Blu-ray ist eine Totgeburt, ein paar Enthusiasten greifen zu, dem Rest reicht DVD und Full-HD! Schon die Blu-ray hat sich nie durchgesetzt, wie soll das dieses \u00fcberteuerte Medium schaffen! <img src=\"https:\/\/www.deskmodder.de\/blog\/wp-content\/plugins\/classic-smilies\/img\/icon_wink.gif\" alt=\";)\" class=\"wp-smiley\" \/><\/p>\n"},"status":"1"},{"id":22401,"parent":22400,"author":2550,"author_name":"MAX","author_email":"maxstahl@outlook.com","author_url":"","author_avatar_urls":{"24":"https:\/\/secure.gravatar.com\/avatar\/baa8420b54a519e302878331460593a8692483d5d41187ec53ed72d7d8fc4aa4?s=24&d=mm&r=g","48":"https:\/\/secure.gravatar.com\/avatar\/baa8420b54a519e302878331460593a8692483d5d41187ec53ed72d7d8fc4aa4?s=48&d=mm&r=g","96":"https:\/\/secure.gravatar.com\/avatar\/baa8420b54a519e302878331460593a8692483d5d41187ec53ed72d7d8fc4aa4?s=96&d=mm&r=g"},"date":"2016-07-09T11:33:35","cld_nonce":"015d9540d6","content":{"rendered":"<p>Hier h\u00e4ngt auch viel davon ab, wie sich die 4K-TVs verbreiten.<\/p>\n"},"status":"1"},{"id":22404,"parent":22401,"author":2673,"author_name":"Tommy1967","author_email":"thomas.bauer1967@yahoo.de","author_url":"","author_avatar_urls":{"24":"https:\/\/secure.gravatar.com\/avatar\/b543c356018d1eae65a01e24901f591e8d1eeb364b94c1b9a79847abaf75beec?s=24&d=mm&r=g","48":"https:\/\/secure.gravatar.com\/avatar\/b543c356018d1eae65a01e24901f591e8d1eeb364b94c1b9a79847abaf75beec?s=48&d=mm&r=g","96":"https:\/\/secure.gravatar.com\/avatar\/b543c356018d1eae65a01e24901f591e8d1eeb364b94c1b9a79847abaf75beec?s=96&d=mm&r=g"},"date":"2016-07-09T18:32:26","cld_nonce":"015d9540d6","content":{"rendered":"<p>Was kommt als n\u00e4chstes? 8K TVs? Profitable Unternehmen sollten ja Mehrgewinne erwirtschaften. Man erreicht aber immer den Punkt wo der Kunde sagt, OK, das reicht mir. Selbst Windows zeigt seit Vista sinkende Hardwareanforderungen. Angenommen du hast ein OctacoreHandy mit 4 GB RAM. Sag mir doch einen Grund warum du dir dann die n\u00e4chsten 5 Jahre noch ein Handy kaufen willst? Klar. Der Hersteller geht her und gibt f\u00fcr das Top Ger\u00e4t keine Updates mehr raus und macht deine HighEnd Hardware so unfreiwillig zum Briefbeschwerer. Ich als Kunde merke mir aber sowas und werde nie mehr wieder bei den Hersteller kaufen. Es geht ja auch um Ressourcenschonung und um Umweltschutz.<\/p>\n"},"status":"1"}],"wp_author":{"id":2550,"name":"MAX","description":"Begeisterter Technik-Enthusiast, der aktuell zwei Welten vereint. Windows auf PC sowie Xbox und iOS auf dem iPhone, als auch auf dem iPad. Gespaltene Pers\u00f6nlichkeit w\u00fcrde ich sagen. ;)","author_avatar_urls":{"24":"https:\/\/secure.gravatar.com\/avatar\/0a924a9e0119dd457d49c2eb1fa27ade332376ba6138336743cdd8c221e4a3a3?s=24&d=mm&r=g","48":"https:\/\/secure.gravatar.com\/avatar\/0a924a9e0119dd457d49c2eb1fa27ade332376ba6138336743cdd8c221e4a3a3?s=48&d=mm&r=g","96":"https:\/\/secure.gravatar.com\/avatar\/0a924a9e0119dd457d49c2eb1fa27ade332376ba6138336743cdd8c221e4a3a3?s=96&d=mm&r=g"}},"cld_nonce":"015d9540d6","yoast_head":"<!-- This site is optimized with the Yoast SEO Premium plugin v27.5 (Yoast SEO v27.5) - https:\/\/yoast.com\/product\/yoast-seo-premium-wordpress\/ -->\n<title>UHD Blu-ray - Universal nennt Termin f\u00fcr Deutschlandstart - Deskmodder.de<\/title>\n<meta name=\"description\" content=\"Universal nennt Termin f\u00fcr den Deutschlandstart der UHD Blu-ray, welcher sich mit 2 Filmdokumentationen, gefolgt von 4 aktuellen Kinofilmen auszeichnet.\" \/>\n<meta name=\"robots\" content=\"index, follow, max-snippet:-1, max-image-preview:large, max-video-preview:-1\" \/>\n<link rel=\"canonical\" href=\"https:\/\/www.deskmodder.de\/blog\/2016\/07\/09\/uhd-blu-ray-universal-nennt-termin-fuer-deutschlandstart\/\" \/>\n<meta property=\"og:locale\" content=\"de_DE\" \/>\n<meta property=\"og:type\" content=\"article\" \/>\n<meta property=\"og:title\" content=\"UHD Blu-ray - Universal nennt Termin f\u00fcr Deutschlandstart\" \/>\n<meta property=\"og:description\" content=\"Universal nennt Termin f\u00fcr den Deutschlandstart der UHD Blu-ray, welcher sich mit 2 Filmdokumentationen, gefolgt von 4 aktuellen Kinofilmen auszeichnet.\" \/>\n<meta property=\"og:url\" content=\"https:\/\/www.deskmodder.de\/blog\/2016\/07\/09\/uhd-blu-ray-universal-nennt-termin-fuer-deutschlandstart\/\" \/>\n<meta property=\"og:site_name\" content=\"Deskmodder.de\" \/>\n<meta property=\"article:publisher\" content=\"https:\/\/www.facebook.com\/Deskmodder\" \/>\n<meta property=\"article:published_time\" content=\"2016-07-08T22:32:46+00:00\" \/>\n<meta property=\"og:image\" content=\"https:\/\/www.deskmodder.de\/blog\/wp-content\/uploads\/2014\/01\/4K-BluRay.png\" \/>\n\t<meta property=\"og:image:width\" content=\"631\" \/>\n\t<meta property=\"og:image:height\" content=\"234\" \/>\n\t<meta property=\"og:image:type\" content=\"image\/png\" \/>\n<meta name=\"author\" content=\"MAX\" \/>\n<meta name=\"twitter:card\" content=\"summary_large_image\" \/>\n<meta name=\"twitter:creator\" content=\"@themximum\" \/>\n<meta name=\"twitter:site\" content=\"@Deskmodder\" \/>\n<script type=\"application\/ld+json\" class=\"yoast-schema-graph\">{\"@context\":\"https:\\\/\\\/schema.org\",\"@graph\":[{\"@type\":\"Article\",\"@id\":\"https:\\\/\\\/www.deskmodder.de\\\/blog\\\/2016\\\/07\\\/09\\\/uhd-blu-ray-universal-nennt-termin-fuer-deutschlandstart\\\/#article\",\"isPartOf\":{\"@id\":\"https:\\\/\\\/www.deskmodder.de\\\/blog\\\/2016\\\/07\\\/09\\\/uhd-blu-ray-universal-nennt-termin-fuer-deutschlandstart\\\/\"},\"author\":{\"name\":\"MAX\",\"@id\":\"https:\\\/\\\/www.deskmodder.de\\\/blog\\\/#\\\/schema\\\/person\\\/bd4b9506e83c661f1de1af925c726d7c\"},\"headline\":\"UHD Blu-ray &#8211; Universal nennt Termin f\u00fcr Deutschlandstart\",\"datePublished\":\"2016-07-08T22:32:46+00:00\",\"mainEntityOfPage\":{\"@id\":\"https:\\\/\\\/www.deskmodder.de\\\/blog\\\/2016\\\/07\\\/09\\\/uhd-blu-ray-universal-nennt-termin-fuer-deutschlandstart\\\/\"},\"wordCount\":281,\"commentCount\":3,\"publisher\":{\"@id\":\"https:\\\/\\\/www.deskmodder.de\\\/blog\\\/#organization\"},\"image\":{\"@id\":\"https:\\\/\\\/www.deskmodder.de\\\/blog\\\/2016\\\/07\\\/09\\\/uhd-blu-ray-universal-nennt-termin-fuer-deutschlandstart\\\/#primaryimage\"},\"thumbnailUrl\":\"https:\\\/\\\/www.deskmodder.de\\\/blog\\\/wp-content\\\/uploads\\\/2014\\\/01\\\/4K-BluRay.png\",\"keywords\":[\"4k\",\"4k Blu-ray\",\"Blu-ray\",\"Discs\",\"DVD\",\"Filme\",\"player\",\"TV\",\"UHD\",\"universal\"],\"articleSection\":[\"Hardware\"],\"inLanguage\":\"de\",\"potentialAction\":[{\"@type\":\"CommentAction\",\"name\":\"Comment\",\"target\":[\"https:\\\/\\\/www.deskmodder.de\\\/blog\\\/2016\\\/07\\\/09\\\/uhd-blu-ray-universal-nennt-termin-fuer-deutschlandstart\\\/#respond\"]}],\"copyrightYear\":\"2016\",\"copyrightHolder\":{\"@id\":\"https:\\\/\\\/www.deskmodder.de\\\/blog\\\/#organization\"}},{\"@type\":\"WebPage\",\"@id\":\"https:\\\/\\\/www.deskmodder.de\\\/blog\\\/2016\\\/07\\\/09\\\/uhd-blu-ray-universal-nennt-termin-fuer-deutschlandstart\\\/\",\"url\":\"https:\\\/\\\/www.deskmodder.de\\\/blog\\\/2016\\\/07\\\/09\\\/uhd-blu-ray-universal-nennt-termin-fuer-deutschlandstart\\\/\",\"name\":\"UHD Blu-ray - Universal nennt Termin f\u00fcr Deutschlandstart - Deskmodder.de\",\"isPartOf\":{\"@id\":\"https:\\\/\\\/www.deskmodder.de\\\/blog\\\/#website\"},\"primaryImageOfPage\":{\"@id\":\"https:\\\/\\\/www.deskmodder.de\\\/blog\\\/2016\\\/07\\\/09\\\/uhd-blu-ray-universal-nennt-termin-fuer-deutschlandstart\\\/#primaryimage\"},\"image\":{\"@id\":\"https:\\\/\\\/www.deskmodder.de\\\/blog\\\/2016\\\/07\\\/09\\\/uhd-blu-ray-universal-nennt-termin-fuer-deutschlandstart\\\/#primaryimage\"},\"thumbnailUrl\":\"https:\\\/\\\/www.deskmodder.de\\\/blog\\\/wp-content\\\/uploads\\\/2014\\\/01\\\/4K-BluRay.png\",\"datePublished\":\"2016-07-08T22:32:46+00:00\",\"description\":\"Universal nennt Termin f\u00fcr den Deutschlandstart der UHD Blu-ray, welcher sich mit 2 Filmdokumentationen, gefolgt von 4 aktuellen Kinofilmen auszeichnet.\",\"breadcrumb\":{\"@id\":\"https:\\\/\\\/www.deskmodder.de\\\/blog\\\/2016\\\/07\\\/09\\\/uhd-blu-ray-universal-nennt-termin-fuer-deutschlandstart\\\/#breadcrumb\"},\"inLanguage\":\"de\",\"potentialAction\":[{\"@type\":\"ReadAction\",\"target\":[\"https:\\\/\\\/www.deskmodder.de\\\/blog\\\/2016\\\/07\\\/09\\\/uhd-blu-ray-universal-nennt-termin-fuer-deutschlandstart\\\/\"]}]},{\"@type\":\"ImageObject\",\"inLanguage\":\"de\",\"@id\":\"https:\\\/\\\/www.deskmodder.de\\\/blog\\\/2016\\\/07\\\/09\\\/uhd-blu-ray-universal-nennt-termin-fuer-deutschlandstart\\\/#primaryimage\",\"url\":\"https:\\\/\\\/www.deskmodder.de\\\/blog\\\/wp-content\\\/uploads\\\/2014\\\/01\\\/4K-BluRay.png\",\"contentUrl\":\"https:\\\/\\\/www.deskmodder.de\\\/blog\\\/wp-content\\\/uploads\\\/2014\\\/01\\\/4K-BluRay.png\",\"width\":631,\"height\":234},{\"@type\":\"BreadcrumbList\",\"@id\":\"https:\\\/\\\/www.deskmodder.de\\\/blog\\\/2016\\\/07\\\/09\\\/uhd-blu-ray-universal-nennt-termin-fuer-deutschlandstart\\\/#breadcrumb\",\"itemListElement\":[{\"@type\":\"ListItem\",\"position\":1,\"name\":\"Startseite\",\"item\":\"https:\\\/\\\/www.deskmodder.de\\\/blog\\\/\"},{\"@type\":\"ListItem\",\"position\":2,\"name\":\"UHD Blu-ray &#8211; Universal nennt Termin f\u00fcr Deutschlandstart\"}]},{\"@type\":\"WebSite\",\"@id\":\"https:\\\/\\\/www.deskmodder.de\\\/blog\\\/#website\",\"url\":\"https:\\\/\\\/www.deskmodder.de\\\/blog\\\/\",\"name\":\"Deskmodder.de\",\"description\":\"News zum Thema Microsoft, Windows 11 \\\/ 10, sowie anderen Neuigkeiten aus dem Netz, viele Tipps und individuelle Hilfe bei Problemen in unserem Forum \u25cf Deskmodder - seit 2003\",\"publisher\":{\"@id\":\"https:\\\/\\\/www.deskmodder.de\\\/blog\\\/#organization\"},\"potentialAction\":[{\"@type\":\"SearchAction\",\"target\":{\"@type\":\"EntryPoint\",\"urlTemplate\":\"https:\\\/\\\/www.deskmodder.de\\\/blog\\\/?s={search_term_string}\"},\"query-input\":{\"@type\":\"PropertyValueSpecification\",\"valueRequired\":true,\"valueName\":\"search_term_string\"}}],\"inLanguage\":\"de\"},{\"@type\":\"Organization\",\"@id\":\"https:\\\/\\\/www.deskmodder.de\\\/blog\\\/#organization\",\"name\":\"Deskmodder\",\"url\":\"https:\\\/\\\/www.deskmodder.de\\\/blog\\\/\",\"logo\":{\"@type\":\"ImageObject\",\"inLanguage\":\"de\",\"@id\":\"https:\\\/\\\/www.deskmodder.de\\\/blog\\\/#\\\/schema\\\/logo\\\/image\\\/\",\"url\":\"https:\\\/\\\/www.deskmodder.de\\\/blog\\\/wp-content\\\/uploads\\\/2019\\\/01\\\/deskmodder-logo-app.png\",\"contentUrl\":\"https:\\\/\\\/www.deskmodder.de\\\/blog\\\/wp-content\\\/uploads\\\/2019\\\/01\\\/deskmodder-logo-app.png\",\"width\":281,\"height\":286,\"caption\":\"Deskmodder\"},\"image\":{\"@id\":\"https:\\\/\\\/www.deskmodder.de\\\/blog\\\/#\\\/schema\\\/logo\\\/image\\\/\"},\"sameAs\":[\"https:\\\/\\\/www.facebook.com\\\/Deskmodder\",\"https:\\\/\\\/x.com\\\/Deskmodder\",\"https:\\\/\\\/mastodontech.de\\\/@Deskmodder\",\"https:\\\/\\\/www.youtube.com\\\/user\\\/deskmodder\",\"https:\\\/\\\/mewe.com\\\/group\\\/5c83b5231add826fc80cdae1\"]},{\"@type\":\"Person\",\"@id\":\"https:\\\/\\\/www.deskmodder.de\\\/blog\\\/#\\\/schema\\\/person\\\/bd4b9506e83c661f1de1af925c726d7c\",\"name\":\"MAX\",\"image\":{\"@type\":\"ImageObject\",\"inLanguage\":\"de\",\"@id\":\"https:\\\/\\\/secure.gravatar.com\\\/avatar\\\/0a924a9e0119dd457d49c2eb1fa27ade332376ba6138336743cdd8c221e4a3a3?s=96&d=mm&r=g\",\"url\":\"https:\\\/\\\/secure.gravatar.com\\\/avatar\\\/0a924a9e0119dd457d49c2eb1fa27ade332376ba6138336743cdd8c221e4a3a3?s=96&d=mm&r=g\",\"contentUrl\":\"https:\\\/\\\/secure.gravatar.com\\\/avatar\\\/0a924a9e0119dd457d49c2eb1fa27ade332376ba6138336743cdd8c221e4a3a3?s=96&d=mm&r=g\",\"caption\":\"MAX\"},\"description\":\"Begeisterter Technik-Enthusiast, der aktuell zwei Welten vereint. Windows auf PC sowie Xbox und iOS auf dem iPhone, als auch auf dem iPad. Gespaltene Pers\u00f6nlichkeit w\u00fcrde ich sagen. ;)\",\"sameAs\":[\"https:\\\/\\\/www.instagram.com\\\/themximum\\\/\",\"https:\\\/\\\/x.com\\\/themximum\"],\"url\":\"https:\\\/\\\/www.deskmodder.de\\\/blog\\\/author\\\/max\\\/\"}]}<\/script>\n<!-- \/ Yoast SEO Premium plugin. -->","yoast_head_json":{"title":"UHD Blu-ray - Universal nennt Termin f\u00fcr Deutschlandstart - Deskmodder.de","description":"Universal nennt Termin f\u00fcr den Deutschlandstart der UHD Blu-ray, welcher sich mit 2 Filmdokumentationen, gefolgt von 4 aktuellen Kinofilmen auszeichnet.","robots":{"index":"index","follow":"follow","max-snippet":"max-snippet:-1","max-image-preview":"max-image-preview:large","max-video-preview":"max-video-preview:-1"},"canonical":"https:\/\/www.deskmodder.de\/blog\/2016\/07\/09\/uhd-blu-ray-universal-nennt-termin-fuer-deutschlandstart\/","og_locale":"de_DE","og_type":"article","og_title":"UHD Blu-ray - Universal nennt Termin f\u00fcr Deutschlandstart","og_description":"Universal nennt Termin f\u00fcr den Deutschlandstart der UHD Blu-ray, welcher sich mit 2 Filmdokumentationen, gefolgt von 4 aktuellen Kinofilmen auszeichnet.","og_url":"https:\/\/www.deskmodder.de\/blog\/2016\/07\/09\/uhd-blu-ray-universal-nennt-termin-fuer-deutschlandstart\/","og_site_name":"Deskmodder.de","article_publisher":"https:\/\/www.facebook.com\/Deskmodder","article_published_time":"2016-07-08T22:32:46+00:00","og_image":[{"width":631,"height":234,"url":"https:\/\/www.deskmodder.de\/blog\/wp-content\/uploads\/2014\/01\/4K-BluRay.png","type":"image\/png"}],"author":"MAX","twitter_card":"summary_large_image","twitter_creator":"@themximum","twitter_site":"@Deskmodder","schema":{"@context":"https:\/\/schema.org","@graph":[{"@type":"Article","@id":"https:\/\/www.deskmodder.de\/blog\/2016\/07\/09\/uhd-blu-ray-universal-nennt-termin-fuer-deutschlandstart\/#article","isPartOf":{"@id":"https:\/\/www.deskmodder.de\/blog\/2016\/07\/09\/uhd-blu-ray-universal-nennt-termin-fuer-deutschlandstart\/"},"author":{"name":"MAX","@id":"https:\/\/www.deskmodder.de\/blog\/#\/schema\/person\/bd4b9506e83c661f1de1af925c726d7c"},"headline":"UHD Blu-ray &#8211; Universal nennt Termin f\u00fcr Deutschlandstart","datePublished":"2016-07-08T22:32:46+00:00","mainEntityOfPage":{"@id":"https:\/\/www.deskmodder.de\/blog\/2016\/07\/09\/uhd-blu-ray-universal-nennt-termin-fuer-deutschlandstart\/"},"wordCount":281,"commentCount":3,"publisher":{"@id":"https:\/\/www.deskmodder.de\/blog\/#organization"},"image":{"@id":"https:\/\/www.deskmodder.de\/blog\/2016\/07\/09\/uhd-blu-ray-universal-nennt-termin-fuer-deutschlandstart\/#primaryimage"},"thumbnailUrl":"https:\/\/www.deskmodder.de\/blog\/wp-content\/uploads\/2014\/01\/4K-BluRay.png","keywords":["4k","4k Blu-ray","Blu-ray","Discs","DVD","Filme","player","TV","UHD","universal"],"articleSection":["Hardware"],"inLanguage":"de","potentialAction":[{"@type":"CommentAction","name":"Comment","target":["https:\/\/www.deskmodder.de\/blog\/2016\/07\/09\/uhd-blu-ray-universal-nennt-termin-fuer-deutschlandstart\/#respond"]}],"copyrightYear":"2016","copyrightHolder":{"@id":"https:\/\/www.deskmodder.de\/blog\/#organization"}},{"@type":"WebPage","@id":"https:\/\/www.deskmodder.de\/blog\/2016\/07\/09\/uhd-blu-ray-universal-nennt-termin-fuer-deutschlandstart\/","url":"https:\/\/www.deskmodder.de\/blog\/2016\/07\/09\/uhd-blu-ray-universal-nennt-termin-fuer-deutschlandstart\/","name":"UHD Blu-ray - Universal nennt Termin f\u00fcr Deutschlandstart - Deskmodder.de","isPartOf":{"@id":"https:\/\/www.deskmodder.de\/blog\/#website"},"primaryImageOfPage":{"@id":"https:\/\/www.deskmodder.de\/blog\/2016\/07\/09\/uhd-blu-ray-universal-nennt-termin-fuer-deutschlandstart\/#primaryimage"},"image":{"@id":"https:\/\/www.deskmodder.de\/blog\/2016\/07\/09\/uhd-blu-ray-universal-nennt-termin-fuer-deutschlandstart\/#primaryimage"},"thumbnailUrl":"https:\/\/www.deskmodder.de\/blog\/wp-content\/uploads\/2014\/01\/4K-BluRay.png","datePublished":"2016-07-08T22:32:46+00:00","description":"Universal nennt Termin f\u00fcr den Deutschlandstart der UHD Blu-ray, welcher sich mit 2 Filmdokumentationen, gefolgt von 4 aktuellen Kinofilmen auszeichnet.","breadcrumb":{"@id":"https:\/\/www.deskmodder.de\/blog\/2016\/07\/09\/uhd-blu-ray-universal-nennt-termin-fuer-deutschlandstart\/#breadcrumb"},"inLanguage":"de","potentialAction":[{"@type":"ReadAction","target":["https:\/\/www.deskmodder.de\/blog\/2016\/07\/09\/uhd-blu-ray-universal-nennt-termin-fuer-deutschlandstart\/"]}]},{"@type":"ImageObject","inLanguage":"de","@id":"https:\/\/www.deskmodder.de\/blog\/2016\/07\/09\/uhd-blu-ray-universal-nennt-termin-fuer-deutschlandstart\/#primaryimage","url":"https:\/\/www.deskmodder.de\/blog\/wp-content\/uploads\/2014\/01\/4K-BluRay.png","contentUrl":"https:\/\/www.deskmodder.de\/blog\/wp-content\/uploads\/2014\/01\/4K-BluRay.png","width":631,"height":234},{"@type":"BreadcrumbList","@id":"https:\/\/www.deskmodder.de\/blog\/2016\/07\/09\/uhd-blu-ray-universal-nennt-termin-fuer-deutschlandstart\/#breadcrumb","itemListElement":[{"@type":"ListItem","position":1,"name":"Startseite","item":"https:\/\/www.deskmodder.de\/blog\/"},{"@type":"ListItem","position":2,"name":"UHD Blu-ray &#8211; Universal nennt Termin f\u00fcr Deutschlandstart"}]},{"@type":"WebSite","@id":"https:\/\/www.deskmodder.de\/blog\/#website","url":"https:\/\/www.deskmodder.de\/blog\/","name":"Deskmodder.de","description":"News zum Thema Microsoft, Windows 11 \/ 10, sowie anderen Neuigkeiten aus dem Netz, viele Tipps und individuelle Hilfe bei Problemen in unserem Forum \u25cf Deskmodder - seit 2003","publisher":{"@id":"https:\/\/www.deskmodder.de\/blog\/#organization"},"potentialAction":[{"@type":"SearchAction","target":{"@type":"EntryPoint","urlTemplate":"https:\/\/www.deskmodder.de\/blog\/?s={search_term_string}"},"query-input":{"@type":"PropertyValueSpecification","valueRequired":true,"valueName":"search_term_string"}}],"inLanguage":"de"},{"@type":"Organization","@id":"https:\/\/www.deskmodder.de\/blog\/#organization","name":"Deskmodder","url":"https:\/\/www.deskmodder.de\/blog\/","logo":{"@type":"ImageObject","inLanguage":"de","@id":"https:\/\/www.deskmodder.de\/blog\/#\/schema\/logo\/image\/","url":"https:\/\/www.deskmodder.de\/blog\/wp-content\/uploads\/2019\/01\/deskmodder-logo-app.png","contentUrl":"https:\/\/www.deskmodder.de\/blog\/wp-content\/uploads\/2019\/01\/deskmodder-logo-app.png","width":281,"height":286,"caption":"Deskmodder"},"image":{"@id":"https:\/\/www.deskmodder.de\/blog\/#\/schema\/logo\/image\/"},"sameAs":["https:\/\/www.facebook.com\/Deskmodder","https:\/\/x.com\/Deskmodder","https:\/\/mastodontech.de\/@Deskmodder","https:\/\/www.youtube.com\/user\/deskmodder","https:\/\/mewe.com\/group\/5c83b5231add826fc80cdae1"]},{"@type":"Person","@id":"https:\/\/www.deskmodder.de\/blog\/#\/schema\/person\/bd4b9506e83c661f1de1af925c726d7c","name":"MAX","image":{"@type":"ImageObject","inLanguage":"de","@id":"https:\/\/secure.gravatar.com\/avatar\/0a924a9e0119dd457d49c2eb1fa27ade332376ba6138336743cdd8c221e4a3a3?s=96&d=mm&r=g","url":"https:\/\/secure.gravatar.com\/avatar\/0a924a9e0119dd457d49c2eb1fa27ade332376ba6138336743cdd8c221e4a3a3?s=96&d=mm&r=g","contentUrl":"https:\/\/secure.gravatar.com\/avatar\/0a924a9e0119dd457d49c2eb1fa27ade332376ba6138336743cdd8c221e4a3a3?s=96&d=mm&r=g","caption":"MAX"},"description":"Begeisterter Technik-Enthusiast, der aktuell zwei Welten vereint. Windows auf PC sowie Xbox und iOS auf dem iPhone, als auch auf dem iPad. Gespaltene Pers\u00f6nlichkeit w\u00fcrde ich sagen. ;)","sameAs":["https:\/\/www.instagram.com\/themximum\/","https:\/\/x.com\/themximum"],"url":"https:\/\/www.deskmodder.de\/blog\/author\/max\/"}]}},"jetpack_publicize_connections":[],"jetpack_featured_media_url":"https:\/\/www.deskmodder.de\/blog\/wp-content\/uploads\/2014\/01\/4K-BluRay.png","_links":{"self":[{"href":"https:\/\/www.deskmodder.de\/blog\/wp-json\/wp\/v2\/posts\/67836","targetHints":{"allow":["GET"]}}],"collection":[{"href":"https:\/\/www.deskmodder.de\/blog\/wp-json\/wp\/v2\/posts"}],"about":[{"href":"https:\/\/www.deskmodder.de\/blog\/wp-json\/wp\/v2\/types\/post"}],"author":[{"embeddable":true,"href":"https:\/\/www.deskmodder.de\/blog\/wp-json\/wp\/v2\/users\/2550"}],"replies":[{"embeddable":true,"href":"https:\/\/www.deskmodder.de\/blog\/wp-json\/wp\/v2\/comments?post=67836"}],"version-history":[{"count":0,"href":"https:\/\/www.deskmodder.de\/blog\/wp-json\/wp\/v2\/posts\/67836\/revisions"}],"wp:featuredmedia":[{"embeddable":true,"href":"https:\/\/www.deskmodder.de\/blog\/wp-json\/wp\/v2\/media\/19085"}],"wp:attachment":[{"href":"https:\/\/www.deskmodder.de\/blog\/wp-json\/wp\/v2\/media?parent=67836"}],"wp:term":[{"taxonomy":"category","embeddable":true,"href":"https:\/\/www.deskmodder.de\/blog\/wp-json\/wp\/v2\/categories?post=67836"},{"taxonomy":"post_tag","embeddable":true,"href":"https:\/\/www.deskmodder.de\/blog\/wp-json\/wp\/v2\/tags?post=67836"}],"curies":[{"name":"wp","href":"https:\/\/api.w.org\/{rel}","templated":true}]}}