{"id":59057,"date":"2016-01-19T11:37:26","date_gmt":"2016-01-19T10:37:26","guid":{"rendered":"http:\/\/www.deskmodder.de\/blog\/?p=59057"},"modified":"2016-01-19T11:37:26","modified_gmt":"2016-01-19T10:37:26","slug":"mwc-2016-auch-sony-mit-pressekonferenz-barcelona","status":"publish","type":"post","link":"https:\/\/www.deskmodder.de\/blog\/2016\/01\/19\/mwc-2016-auch-sony-mit-pressekonferenz-barcelona\/","title":{"rendered":"[MWC 2016] Auch Sony mit Pressekonferenz in Barcelona"},"content":{"rendered":"<p>Gestern bekamen wir von LG die Best\u00e4tigung, dass man auf dem anstehenden Mobile World Congress Ende Februar das neue LG G5 pr\u00e4sentieren wird. Nun gibt&#8217;s einen weiteren Hersteller, welcher zur Pressekonferenz einl\u00e4dt. Denn nun hat auch Sony Einladungen versandt.<\/p>\n<p><img loading=\"lazy\" decoding=\"async\" class=\"aligncenter size-full wp-image-18069\" src=\"http:\/\/www.deskmodder.de\/blog\/wp-content\/uploads\/2014\/01\/sony-logo3.jpg\" alt=\"sony-logo3\" width=\"1600\" height=\"900\" srcset=\"https:\/\/www.deskmodder.de\/blog\/wp-content\/uploads\/2014\/01\/sony-logo3.jpg 1600w, https:\/\/www.deskmodder.de\/blog\/wp-content\/uploads\/2014\/01\/sony-logo3-150x84.jpg 150w, https:\/\/www.deskmodder.de\/blog\/wp-content\/uploads\/2014\/01\/sony-logo3-500x281.jpg 500w\" sizes=\"auto, (max-width: 1600px) 100vw, 1600px\" \/><\/p>\n<p>Was uns Sony vorstellen wird, ist bislang nicht bekannt. Vermutet wird die Vorstellung des Xperia Z6, obwohl das Xperia Z5 noch relativ neu ist. Wir werden nat\u00fcrlich berichten. \u00a0Es scheint zumindest spannend zu werden.<\/p>\n","protected":false},"excerpt":{"rendered":"<p>Gestern bekamen wir von LG die Best\u00e4tigung, dass man auf dem anstehenden Mobile World Congress Ende Februar das neue LG G5 pr\u00e4sentieren wird. Nun gibt&#8217;s einen weiteren Hersteller, welcher zur Pressekonferenz einl\u00e4dt. Denn nun hat auch Sony Einladungen versandt. Was&hellip; <\/p>\n","protected":false},"author":2020,"featured_media":18069,"comment_status":"open","ping_status":"open","sticky":false,"template":"","format":"standard","meta":{"jetpack_post_was_ever_published":false,"footnotes":"","jetpack_publicize_message":"","jetpack_publicize_feature_enabled":true,"jetpack_social_post_already_shared":true,"jetpack_social_options":{"image_generator_settings":{"template":"highway","default_image_id":0,"font":"","enabled":false},"version":2}},"categories":[1286],"tags":[11575,11576,4200],"class_list":["post-59057","post","type-post","status-publish","format-standard","has-post-thumbnail","hentry","category-hardware","tag-mobile-world-congress-2016","tag-mwc-2016","tag-sony-pressekonferenz"],"wp_featured_image":{"id":18069,"alt_text":"","description":"","media_type":"image","media_details":{"width":1600,"height":900,"file":"2014\/01\/sony-logo3.jpg","sizes":{"thumbnail":{"file":"sony-logo3-150x150.jpg","width":150,"height":150,"mime-type":"image\/jpeg","source_url":"https:\/\/www.deskmodder.de\/blog\/wp-content\/uploads\/2014\/01\/sony-logo3-150x150.jpg"},"medium":{"file":"sony-logo3-150x84.jpg","width":150,"height":84,"mime-type":"image\/jpeg","source_url":"https:\/\/www.deskmodder.de\/blog\/wp-content\/uploads\/2014\/01\/sony-logo3-150x84.jpg"},"large":{"file":"sony-logo3-500x281.jpg","width":500,"height":281,"mime-type":"image\/jpeg","source_url":"https:\/\/www.deskmodder.de\/blog\/wp-content\/uploads\/2014\/01\/sony-logo3-500x281.jpg"}},"image_meta":{"aperture":0,"credit":"","camera":"","caption":"","created_timestamp":0,"copyright":"","focal_length":0,"iso":0,"shutter_speed":0,"title":""}},"post":18063,"source_url":"https:\/\/www.deskmodder.de\/blog\/wp-content\/uploads\/2014\/01\/sony-logo3.jpg"},"commentcount":0,"wp_comments":[],"wp_author":{"id":2020,"name":"Mike","description":"\u00dcber das Anpassen &amp; Abspecken von XP in die \"Windows-Welt\" gekommen, interessiere ich mich eigentlich f\u00fcr jedes gute St\u00fcck Technik. Neben Windows hat auch Android bei mir ein zu Hause gefunden. Und ich bin jedes Jahr gespannt, was mich Neues erwartet. Bloggen ist eine Leidenschaft von mir und ich teile diese hier gerne mit euch.","author_avatar_urls":{"24":"https:\/\/secure.gravatar.com\/avatar\/a25a00ccc6c845d38ee2695915f64089ae7e42ad1a0e8247e29b357ef56b0fab?s=24&d=mm&r=g","48":"https:\/\/secure.gravatar.com\/avatar\/a25a00ccc6c845d38ee2695915f64089ae7e42ad1a0e8247e29b357ef56b0fab?s=48&d=mm&r=g","96":"https:\/\/secure.gravatar.com\/avatar\/a25a00ccc6c845d38ee2695915f64089ae7e42ad1a0e8247e29b357ef56b0fab?s=96&d=mm&r=g"}},"cld_nonce":"5cfe60523a","yoast_head":"<!-- This site is optimized with the Yoast SEO Premium plugin v27.5 (Yoast SEO v27.5) - https:\/\/yoast.com\/product\/yoast-seo-premium-wordpress\/ -->\n<title>[MWC 2016] Auch Sony mit Pressekonferenz in Barcelona - Deskmodder.de<\/title>\n<meta name=\"robots\" content=\"index, follow, max-snippet:-1, max-image-preview:large, max-video-preview:-1\" \/>\n<link rel=\"canonical\" href=\"https:\/\/www.deskmodder.de\/blog\/2016\/01\/19\/mwc-2016-auch-sony-mit-pressekonferenz-barcelona\/\" \/>\n<meta property=\"og:locale\" content=\"de_DE\" \/>\n<meta property=\"og:type\" content=\"article\" \/>\n<meta property=\"og:title\" content=\"[MWC 2016] Auch Sony mit Pressekonferenz in Barcelona\" \/>\n<meta property=\"og:description\" content=\"Gestern bekamen wir von LG die Best\u00e4tigung, dass man auf dem anstehenden Mobile World Congress Ende Februar das neue LG G5 pr\u00e4sentieren wird. Nun gibt&#8217;s einen weiteren Hersteller, welcher zur Pressekonferenz einl\u00e4dt. Denn nun hat auch Sony Einladungen versandt. Was&hellip;\" \/>\n<meta property=\"og:url\" content=\"https:\/\/www.deskmodder.de\/blog\/2016\/01\/19\/mwc-2016-auch-sony-mit-pressekonferenz-barcelona\/\" \/>\n<meta property=\"og:site_name\" content=\"Deskmodder.de\" \/>\n<meta property=\"article:publisher\" content=\"https:\/\/www.facebook.com\/Deskmodder\" \/>\n<meta property=\"article:published_time\" content=\"2016-01-19T10:37:26+00:00\" \/>\n<meta property=\"og:image\" content=\"https:\/\/www.deskmodder.de\/blog\/wp-content\/uploads\/2014\/01\/sony-logo3.jpg\" \/>\n\t<meta property=\"og:image:width\" content=\"1600\" \/>\n\t<meta property=\"og:image:height\" content=\"900\" \/>\n\t<meta property=\"og:image:type\" content=\"image\/jpeg\" \/>\n<meta name=\"author\" content=\"Mike\" \/>\n<meta name=\"twitter:card\" content=\"summary_large_image\" \/>\n<meta name=\"twitter:creator\" content=\"@Deskmodder\" \/>\n<meta name=\"twitter:site\" content=\"@Deskmodder\" \/>\n<script type=\"application\/ld+json\" class=\"yoast-schema-graph\">{\"@context\":\"https:\\\/\\\/schema.org\",\"@graph\":[{\"@type\":\"Article\",\"@id\":\"https:\\\/\\\/www.deskmodder.de\\\/blog\\\/2016\\\/01\\\/19\\\/mwc-2016-auch-sony-mit-pressekonferenz-barcelona\\\/#article\",\"isPartOf\":{\"@id\":\"https:\\\/\\\/www.deskmodder.de\\\/blog\\\/2016\\\/01\\\/19\\\/mwc-2016-auch-sony-mit-pressekonferenz-barcelona\\\/\"},\"author\":{\"name\":\"Mike\",\"@id\":\"https:\\\/\\\/www.deskmodder.de\\\/blog\\\/#\\\/schema\\\/person\\\/0d15dadb25ee420cb54f76ad120c98fa\"},\"headline\":\"[MWC 2016] Auch Sony mit Pressekonferenz in Barcelona\",\"datePublished\":\"2016-01-19T10:37:26+00:00\",\"mainEntityOfPage\":{\"@id\":\"https:\\\/\\\/www.deskmodder.de\\\/blog\\\/2016\\\/01\\\/19\\\/mwc-2016-auch-sony-mit-pressekonferenz-barcelona\\\/\"},\"wordCount\":85,\"commentCount\":0,\"publisher\":{\"@id\":\"https:\\\/\\\/www.deskmodder.de\\\/blog\\\/#organization\"},\"image\":{\"@id\":\"https:\\\/\\\/www.deskmodder.de\\\/blog\\\/2016\\\/01\\\/19\\\/mwc-2016-auch-sony-mit-pressekonferenz-barcelona\\\/#primaryimage\"},\"thumbnailUrl\":\"https:\\\/\\\/www.deskmodder.de\\\/blog\\\/wp-content\\\/uploads\\\/2014\\\/01\\\/sony-logo3.jpg\",\"keywords\":[\"Mobile World Congress 2016\",\"MWC 2016\",\"Sony Pressekonferenz\"],\"articleSection\":[\"Hardware\"],\"inLanguage\":\"de\",\"potentialAction\":[{\"@type\":\"CommentAction\",\"name\":\"Comment\",\"target\":[\"https:\\\/\\\/www.deskmodder.de\\\/blog\\\/2016\\\/01\\\/19\\\/mwc-2016-auch-sony-mit-pressekonferenz-barcelona\\\/#respond\"]}],\"copyrightYear\":\"2016\",\"copyrightHolder\":{\"@id\":\"https:\\\/\\\/www.deskmodder.de\\\/blog\\\/#organization\"}},{\"@type\":\"WebPage\",\"@id\":\"https:\\\/\\\/www.deskmodder.de\\\/blog\\\/2016\\\/01\\\/19\\\/mwc-2016-auch-sony-mit-pressekonferenz-barcelona\\\/\",\"url\":\"https:\\\/\\\/www.deskmodder.de\\\/blog\\\/2016\\\/01\\\/19\\\/mwc-2016-auch-sony-mit-pressekonferenz-barcelona\\\/\",\"name\":\"[MWC 2016] Auch Sony mit Pressekonferenz in Barcelona - Deskmodder.de\",\"isPartOf\":{\"@id\":\"https:\\\/\\\/www.deskmodder.de\\\/blog\\\/#website\"},\"primaryImageOfPage\":{\"@id\":\"https:\\\/\\\/www.deskmodder.de\\\/blog\\\/2016\\\/01\\\/19\\\/mwc-2016-auch-sony-mit-pressekonferenz-barcelona\\\/#primaryimage\"},\"image\":{\"@id\":\"https:\\\/\\\/www.deskmodder.de\\\/blog\\\/2016\\\/01\\\/19\\\/mwc-2016-auch-sony-mit-pressekonferenz-barcelona\\\/#primaryimage\"},\"thumbnailUrl\":\"https:\\\/\\\/www.deskmodder.de\\\/blog\\\/wp-content\\\/uploads\\\/2014\\\/01\\\/sony-logo3.jpg\",\"datePublished\":\"2016-01-19T10:37:26+00:00\",\"breadcrumb\":{\"@id\":\"https:\\\/\\\/www.deskmodder.de\\\/blog\\\/2016\\\/01\\\/19\\\/mwc-2016-auch-sony-mit-pressekonferenz-barcelona\\\/#breadcrumb\"},\"inLanguage\":\"de\",\"potentialAction\":[{\"@type\":\"ReadAction\",\"target\":[\"https:\\\/\\\/www.deskmodder.de\\\/blog\\\/2016\\\/01\\\/19\\\/mwc-2016-auch-sony-mit-pressekonferenz-barcelona\\\/\"]}]},{\"@type\":\"ImageObject\",\"inLanguage\":\"de\",\"@id\":\"https:\\\/\\\/www.deskmodder.de\\\/blog\\\/2016\\\/01\\\/19\\\/mwc-2016-auch-sony-mit-pressekonferenz-barcelona\\\/#primaryimage\",\"url\":\"https:\\\/\\\/www.deskmodder.de\\\/blog\\\/wp-content\\\/uploads\\\/2014\\\/01\\\/sony-logo3.jpg\",\"contentUrl\":\"https:\\\/\\\/www.deskmodder.de\\\/blog\\\/wp-content\\\/uploads\\\/2014\\\/01\\\/sony-logo3.jpg\",\"width\":1600,\"height\":900},{\"@type\":\"BreadcrumbList\",\"@id\":\"https:\\\/\\\/www.deskmodder.de\\\/blog\\\/2016\\\/01\\\/19\\\/mwc-2016-auch-sony-mit-pressekonferenz-barcelona\\\/#breadcrumb\",\"itemListElement\":[{\"@type\":\"ListItem\",\"position\":1,\"name\":\"Startseite\",\"item\":\"https:\\\/\\\/www.deskmodder.de\\\/blog\\\/\"},{\"@type\":\"ListItem\",\"position\":2,\"name\":\"[MWC 2016] Auch Sony mit Pressekonferenz in Barcelona\"}]},{\"@type\":\"WebSite\",\"@id\":\"https:\\\/\\\/www.deskmodder.de\\\/blog\\\/#website\",\"url\":\"https:\\\/\\\/www.deskmodder.de\\\/blog\\\/\",\"name\":\"Deskmodder.de\",\"description\":\"News zum Thema Microsoft, Windows 11 \\\/ 10, sowie anderen Neuigkeiten aus dem Netz, viele Tipps und individuelle Hilfe bei Problemen in unserem Forum \u25cf Deskmodder - seit 2003\",\"publisher\":{\"@id\":\"https:\\\/\\\/www.deskmodder.de\\\/blog\\\/#organization\"},\"potentialAction\":[{\"@type\":\"SearchAction\",\"target\":{\"@type\":\"EntryPoint\",\"urlTemplate\":\"https:\\\/\\\/www.deskmodder.de\\\/blog\\\/?s={search_term_string}\"},\"query-input\":{\"@type\":\"PropertyValueSpecification\",\"valueRequired\":true,\"valueName\":\"search_term_string\"}}],\"inLanguage\":\"de\"},{\"@type\":\"Organization\",\"@id\":\"https:\\\/\\\/www.deskmodder.de\\\/blog\\\/#organization\",\"name\":\"Deskmodder\",\"url\":\"https:\\\/\\\/www.deskmodder.de\\\/blog\\\/\",\"logo\":{\"@type\":\"ImageObject\",\"inLanguage\":\"de\",\"@id\":\"https:\\\/\\\/www.deskmodder.de\\\/blog\\\/#\\\/schema\\\/logo\\\/image\\\/\",\"url\":\"https:\\\/\\\/www.deskmodder.de\\\/blog\\\/wp-content\\\/uploads\\\/2019\\\/01\\\/deskmodder-logo-app.png\",\"contentUrl\":\"https:\\\/\\\/www.deskmodder.de\\\/blog\\\/wp-content\\\/uploads\\\/2019\\\/01\\\/deskmodder-logo-app.png\",\"width\":281,\"height\":286,\"caption\":\"Deskmodder\"},\"image\":{\"@id\":\"https:\\\/\\\/www.deskmodder.de\\\/blog\\\/#\\\/schema\\\/logo\\\/image\\\/\"},\"sameAs\":[\"https:\\\/\\\/www.facebook.com\\\/Deskmodder\",\"https:\\\/\\\/x.com\\\/Deskmodder\",\"https:\\\/\\\/mastodontech.de\\\/@Deskmodder\",\"https:\\\/\\\/www.youtube.com\\\/user\\\/deskmodder\",\"https:\\\/\\\/mewe.com\\\/group\\\/5c83b5231add826fc80cdae1\"]},{\"@type\":\"Person\",\"@id\":\"https:\\\/\\\/www.deskmodder.de\\\/blog\\\/#\\\/schema\\\/person\\\/0d15dadb25ee420cb54f76ad120c98fa\",\"name\":\"Mike\",\"image\":{\"@type\":\"ImageObject\",\"inLanguage\":\"de\",\"@id\":\"https:\\\/\\\/secure.gravatar.com\\\/avatar\\\/a25a00ccc6c845d38ee2695915f64089ae7e42ad1a0e8247e29b357ef56b0fab?s=96&d=mm&r=g\",\"url\":\"https:\\\/\\\/secure.gravatar.com\\\/avatar\\\/a25a00ccc6c845d38ee2695915f64089ae7e42ad1a0e8247e29b357ef56b0fab?s=96&d=mm&r=g\",\"contentUrl\":\"https:\\\/\\\/secure.gravatar.com\\\/avatar\\\/a25a00ccc6c845d38ee2695915f64089ae7e42ad1a0e8247e29b357ef56b0fab?s=96&d=mm&r=g\",\"caption\":\"Mike\"},\"description\":\"\u00dcber das Anpassen &amp; Abspecken von XP in die \\\"Windows-Welt\\\" gekommen, interessiere ich mich eigentlich f\u00fcr jedes gute St\u00fcck Technik. Neben Windows hat auch Android bei mir ein zu Hause gefunden. Und ich bin jedes Jahr gespannt, was mich Neues erwartet. Bloggen ist eine Leidenschaft von mir und ich teile diese hier gerne mit euch.\",\"url\":\"https:\\\/\\\/www.deskmodder.de\\\/blog\\\/author\\\/mike\\\/\"}]}<\/script>\n<!-- \/ Yoast SEO Premium plugin. -->","yoast_head_json":{"title":"[MWC 2016] Auch Sony mit Pressekonferenz in Barcelona - Deskmodder.de","robots":{"index":"index","follow":"follow","max-snippet":"max-snippet:-1","max-image-preview":"max-image-preview:large","max-video-preview":"max-video-preview:-1"},"canonical":"https:\/\/www.deskmodder.de\/blog\/2016\/01\/19\/mwc-2016-auch-sony-mit-pressekonferenz-barcelona\/","og_locale":"de_DE","og_type":"article","og_title":"[MWC 2016] Auch Sony mit Pressekonferenz in Barcelona","og_description":"Gestern bekamen wir von LG die Best\u00e4tigung, dass man auf dem anstehenden Mobile World Congress Ende Februar das neue LG G5 pr\u00e4sentieren wird. Nun gibt&#8217;s einen weiteren Hersteller, welcher zur Pressekonferenz einl\u00e4dt. Denn nun hat auch Sony Einladungen versandt. Was&hellip;","og_url":"https:\/\/www.deskmodder.de\/blog\/2016\/01\/19\/mwc-2016-auch-sony-mit-pressekonferenz-barcelona\/","og_site_name":"Deskmodder.de","article_publisher":"https:\/\/www.facebook.com\/Deskmodder","article_published_time":"2016-01-19T10:37:26+00:00","og_image":[{"width":1600,"height":900,"url":"https:\/\/www.deskmodder.de\/blog\/wp-content\/uploads\/2014\/01\/sony-logo3.jpg","type":"image\/jpeg"}],"author":"Mike","twitter_card":"summary_large_image","twitter_creator":"@Deskmodder","twitter_site":"@Deskmodder","schema":{"@context":"https:\/\/schema.org","@graph":[{"@type":"Article","@id":"https:\/\/www.deskmodder.de\/blog\/2016\/01\/19\/mwc-2016-auch-sony-mit-pressekonferenz-barcelona\/#article","isPartOf":{"@id":"https:\/\/www.deskmodder.de\/blog\/2016\/01\/19\/mwc-2016-auch-sony-mit-pressekonferenz-barcelona\/"},"author":{"name":"Mike","@id":"https:\/\/www.deskmodder.de\/blog\/#\/schema\/person\/0d15dadb25ee420cb54f76ad120c98fa"},"headline":"[MWC 2016] Auch Sony mit Pressekonferenz in Barcelona","datePublished":"2016-01-19T10:37:26+00:00","mainEntityOfPage":{"@id":"https:\/\/www.deskmodder.de\/blog\/2016\/01\/19\/mwc-2016-auch-sony-mit-pressekonferenz-barcelona\/"},"wordCount":85,"commentCount":0,"publisher":{"@id":"https:\/\/www.deskmodder.de\/blog\/#organization"},"image":{"@id":"https:\/\/www.deskmodder.de\/blog\/2016\/01\/19\/mwc-2016-auch-sony-mit-pressekonferenz-barcelona\/#primaryimage"},"thumbnailUrl":"https:\/\/www.deskmodder.de\/blog\/wp-content\/uploads\/2014\/01\/sony-logo3.jpg","keywords":["Mobile World Congress 2016","MWC 2016","Sony Pressekonferenz"],"articleSection":["Hardware"],"inLanguage":"de","potentialAction":[{"@type":"CommentAction","name":"Comment","target":["https:\/\/www.deskmodder.de\/blog\/2016\/01\/19\/mwc-2016-auch-sony-mit-pressekonferenz-barcelona\/#respond"]}],"copyrightYear":"2016","copyrightHolder":{"@id":"https:\/\/www.deskmodder.de\/blog\/#organization"}},{"@type":"WebPage","@id":"https:\/\/www.deskmodder.de\/blog\/2016\/01\/19\/mwc-2016-auch-sony-mit-pressekonferenz-barcelona\/","url":"https:\/\/www.deskmodder.de\/blog\/2016\/01\/19\/mwc-2016-auch-sony-mit-pressekonferenz-barcelona\/","name":"[MWC 2016] Auch Sony mit Pressekonferenz in Barcelona - Deskmodder.de","isPartOf":{"@id":"https:\/\/www.deskmodder.de\/blog\/#website"},"primaryImageOfPage":{"@id":"https:\/\/www.deskmodder.de\/blog\/2016\/01\/19\/mwc-2016-auch-sony-mit-pressekonferenz-barcelona\/#primaryimage"},"image":{"@id":"https:\/\/www.deskmodder.de\/blog\/2016\/01\/19\/mwc-2016-auch-sony-mit-pressekonferenz-barcelona\/#primaryimage"},"thumbnailUrl":"https:\/\/www.deskmodder.de\/blog\/wp-content\/uploads\/2014\/01\/sony-logo3.jpg","datePublished":"2016-01-19T10:37:26+00:00","breadcrumb":{"@id":"https:\/\/www.deskmodder.de\/blog\/2016\/01\/19\/mwc-2016-auch-sony-mit-pressekonferenz-barcelona\/#breadcrumb"},"inLanguage":"de","potentialAction":[{"@type":"ReadAction","target":["https:\/\/www.deskmodder.de\/blog\/2016\/01\/19\/mwc-2016-auch-sony-mit-pressekonferenz-barcelona\/"]}]},{"@type":"ImageObject","inLanguage":"de","@id":"https:\/\/www.deskmodder.de\/blog\/2016\/01\/19\/mwc-2016-auch-sony-mit-pressekonferenz-barcelona\/#primaryimage","url":"https:\/\/www.deskmodder.de\/blog\/wp-content\/uploads\/2014\/01\/sony-logo3.jpg","contentUrl":"https:\/\/www.deskmodder.de\/blog\/wp-content\/uploads\/2014\/01\/sony-logo3.jpg","width":1600,"height":900},{"@type":"BreadcrumbList","@id":"https:\/\/www.deskmodder.de\/blog\/2016\/01\/19\/mwc-2016-auch-sony-mit-pressekonferenz-barcelona\/#breadcrumb","itemListElement":[{"@type":"ListItem","position":1,"name":"Startseite","item":"https:\/\/www.deskmodder.de\/blog\/"},{"@type":"ListItem","position":2,"name":"[MWC 2016] Auch Sony mit Pressekonferenz in Barcelona"}]},{"@type":"WebSite","@id":"https:\/\/www.deskmodder.de\/blog\/#website","url":"https:\/\/www.deskmodder.de\/blog\/","name":"Deskmodder.de","description":"News zum Thema Microsoft, Windows 11 \/ 10, sowie anderen Neuigkeiten aus dem Netz, viele Tipps und individuelle Hilfe bei Problemen in unserem Forum \u25cf Deskmodder - seit 2003","publisher":{"@id":"https:\/\/www.deskmodder.de\/blog\/#organization"},"potentialAction":[{"@type":"SearchAction","target":{"@type":"EntryPoint","urlTemplate":"https:\/\/www.deskmodder.de\/blog\/?s={search_term_string}"},"query-input":{"@type":"PropertyValueSpecification","valueRequired":true,"valueName":"search_term_string"}}],"inLanguage":"de"},{"@type":"Organization","@id":"https:\/\/www.deskmodder.de\/blog\/#organization","name":"Deskmodder","url":"https:\/\/www.deskmodder.de\/blog\/","logo":{"@type":"ImageObject","inLanguage":"de","@id":"https:\/\/www.deskmodder.de\/blog\/#\/schema\/logo\/image\/","url":"https:\/\/www.deskmodder.de\/blog\/wp-content\/uploads\/2019\/01\/deskmodder-logo-app.png","contentUrl":"https:\/\/www.deskmodder.de\/blog\/wp-content\/uploads\/2019\/01\/deskmodder-logo-app.png","width":281,"height":286,"caption":"Deskmodder"},"image":{"@id":"https:\/\/www.deskmodder.de\/blog\/#\/schema\/logo\/image\/"},"sameAs":["https:\/\/www.facebook.com\/Deskmodder","https:\/\/x.com\/Deskmodder","https:\/\/mastodontech.de\/@Deskmodder","https:\/\/www.youtube.com\/user\/deskmodder","https:\/\/mewe.com\/group\/5c83b5231add826fc80cdae1"]},{"@type":"Person","@id":"https:\/\/www.deskmodder.de\/blog\/#\/schema\/person\/0d15dadb25ee420cb54f76ad120c98fa","name":"Mike","image":{"@type":"ImageObject","inLanguage":"de","@id":"https:\/\/secure.gravatar.com\/avatar\/a25a00ccc6c845d38ee2695915f64089ae7e42ad1a0e8247e29b357ef56b0fab?s=96&d=mm&r=g","url":"https:\/\/secure.gravatar.com\/avatar\/a25a00ccc6c845d38ee2695915f64089ae7e42ad1a0e8247e29b357ef56b0fab?s=96&d=mm&r=g","contentUrl":"https:\/\/secure.gravatar.com\/avatar\/a25a00ccc6c845d38ee2695915f64089ae7e42ad1a0e8247e29b357ef56b0fab?s=96&d=mm&r=g","caption":"Mike"},"description":"\u00dcber das Anpassen &amp; Abspecken von XP in die \"Windows-Welt\" gekommen, interessiere ich mich eigentlich f\u00fcr jedes gute St\u00fcck Technik. Neben Windows hat auch Android bei mir ein zu Hause gefunden. Und ich bin jedes Jahr gespannt, was mich Neues erwartet. Bloggen ist eine Leidenschaft von mir und ich teile diese hier gerne mit euch.","url":"https:\/\/www.deskmodder.de\/blog\/author\/mike\/"}]}},"jetpack_publicize_connections":[],"jetpack_featured_media_url":"https:\/\/www.deskmodder.de\/blog\/wp-content\/uploads\/2014\/01\/sony-logo3.jpg","_links":{"self":[{"href":"https:\/\/www.deskmodder.de\/blog\/wp-json\/wp\/v2\/posts\/59057","targetHints":{"allow":["GET"]}}],"collection":[{"href":"https:\/\/www.deskmodder.de\/blog\/wp-json\/wp\/v2\/posts"}],"about":[{"href":"https:\/\/www.deskmodder.de\/blog\/wp-json\/wp\/v2\/types\/post"}],"author":[{"embeddable":true,"href":"https:\/\/www.deskmodder.de\/blog\/wp-json\/wp\/v2\/users\/2020"}],"replies":[{"embeddable":true,"href":"https:\/\/www.deskmodder.de\/blog\/wp-json\/wp\/v2\/comments?post=59057"}],"version-history":[{"count":0,"href":"https:\/\/www.deskmodder.de\/blog\/wp-json\/wp\/v2\/posts\/59057\/revisions"}],"wp:featuredmedia":[{"embeddable":true,"href":"https:\/\/www.deskmodder.de\/blog\/wp-json\/wp\/v2\/media\/18069"}],"wp:attachment":[{"href":"https:\/\/www.deskmodder.de\/blog\/wp-json\/wp\/v2\/media?parent=59057"}],"wp:term":[{"taxonomy":"category","embeddable":true,"href":"https:\/\/www.deskmodder.de\/blog\/wp-json\/wp\/v2\/categories?post=59057"},{"taxonomy":"post_tag","embeddable":true,"href":"https:\/\/www.deskmodder.de\/blog\/wp-json\/wp\/v2\/tags?post=59057"}],"curies":[{"name":"wp","href":"https:\/\/api.w.org\/{rel}","templated":true}]}}