{"id":57669,"date":"2015-12-08T13:53:45","date_gmt":"2015-12-08T12:53:45","guid":{"rendered":"http:\/\/www.deskmodder.de\/blog\/?p=57669"},"modified":"2015-12-08T13:53:45","modified_gmt":"2015-12-08T12:53:45","slug":"windows-10-mobile-outlook-mail-kalender-wird-persoenlicher","status":"publish","type":"post","link":"https:\/\/www.deskmodder.de\/blog\/2015\/12\/08\/windows-10-mobile-outlook-mail-kalender-wird-persoenlicher\/","title":{"rendered":"Windows 10 Mobile &#8211; Outlook Mail \/ Kalender wird pers\u00f6nlicher"},"content":{"rendered":"<p>Heute hat Microsoft seine Mail und Kalender App, a.k.a. Outlook, auf Version\u00a017.6506.42262.0\u00a0aktualisiert.<\/p>\n<p><a href=\"http:\/\/www.deskmodder.de\/blog\/wp-content\/uploads\/2015\/12\/ow10m.png\" rel=\"lightbox[57669]\"><img loading=\"lazy\" decoding=\"async\" class=\"aligncenter wp-image-57674 size-large\" src=\"http:\/\/www.deskmodder.de\/blog\/wp-content\/uploads\/2015\/12\/ow10m-700x504.png\" alt=\"Outlook Windows 10 Mobile\" width=\"700\" height=\"504\" \/><\/a><\/p>\n<p>&nbsp;<\/p>\n<p>&nbsp;<\/p>\n<p>Das Update bringt gr\u00f6\u00dftenteils visuelle Ver\u00e4nderungen mit, wie ein dunkles Design und die M\u00f6glichkeit zum Festlegen einer Akzentfarbe und eines Hintergrundbildes. Des Weiteren bekommt man in der\u00a0Wochen- und Tagesansicht nun die aktuelle Wochennummer angezeigt, sowie neue schnelle Aktionen f\u00fcr Kalendertermine im Kontextmen\u00fc eingepflegt. Bei Outlook Mail werden nun die ungelesenen Nachrichten neben jedem Konto angezeigt und Microsoft hat an der Benutzerfreundlichkeit der App\u00a0geschraubt.<\/p>\n\n<div class=\"wpcmsdev-toggle\">\n<h3 class=\"toggle-title\"><a href=\"#toggle-changelog-vom-windows-store\"><i class=\"fa fa-plus icon-for-inactive\"><\/i><i class=\"fa fa-minus icon-for-active\"><\/i>Changelog (vom Windows Store)<\/a><\/h3>\n<div id=\"toggle-changelog-vom-windows-store\" class=\"toggle-content\">\n<ul>\n<li>Die Liste der E-Mail-Konten wurde im Ordnerbereich nach oben verschoben, um den Kontowechsel zu erleichtern<\/li>\n<li>Die Anzahl der ungelesenen E-Mail-Nachrichten wird jetzt neben jedem Konto angezeigt<\/li>\n<li>Ein dunkles Design und Personalisierungseinstellungen zum Festlegen von Akzentfarbe und Hintergrundbild wurden hinzugef\u00fcgt<\/li>\n<li>Unterst\u00fctzung f\u00fcr weitere Kalendertypen wurde hinzugef\u00fcgt<\/li>\n<li>Die Wochen- und Tagesansichten in Kalendern weisen jetzt Wochennummern auf<\/li>\n<li>Dem Kontextmen\u00fc wurden schnelle Aktionen f\u00fcr Kalendertermine hinzugef\u00fcgt<\/li>\n<li>Verschiedene Leistungsverbesserungen wurden implementiert<\/li>\n<li>Die wichtigsten Absturzursachen und andere Programmfehler wurden behoben<\/li>\n<li>Eine Option wurde hinzugef\u00fcgt, um die Gruppierung von Nachrichten nach Unterhaltung zu deaktivieren\n<\/div>\n<\/div>\n<p> <\/li>\n<\/ul>\n<!-- WP-Appbox (Version: 4.5.12 \/\/ Store: microsoftstore \/\/ ID: 9wzdncrfhvqm) -->\n<div class=\"wpappbox wpappbox-67a4a1e66bd694e7d9d851b280cfa271 microsoftstore simple\">\n\t<div class=\"qrcode\"><img decoding=\"async\" src=\"https:\/\/api.qrserver.com\/v1\/create-qr-code\/?data=https%3A%2F%2Fwww.microsoft.com%2Fde-de%2Fstore%2Fp%2Fapp%2F9wzdncrfhvqm&size=200x200&ecc=M&margin=0\" alt=\"Mail und Kalender\" \/><\/div>\n\t<div class=\"appicon\">\n\t\t<a target=\"_blank\" rel=\"nofollow\" href=\"https:\/\/www.microsoft.com\/de-de\/store\/p\/app\/9wzdncrfhvqm\"><img decoding=\"async\" src=\"\/\/store-images.microsoft.com\/image\/apps.7714.9007199266248608.2525645b-bc8c-4125-85ee-19fc430fd71d.adbc5c47-7ad2-4740-8a07-204f010caf4a?w=180&#038;h=180&#038;q=60\" alt=\"Mail und Kalender\" \/><\/a>\n\t<\/div>\n\t<div class=\"applinks\">\n\t\t<div class=\"appbuttons\">\n\t\t\t<a target=\"_blank\" rel=\"nofollow\" href=\"https:\/\/www.microsoft.com\/de-de\/store\/p\/app\/9wzdncrfhvqm\">Download<\/a>\n\t\t\t<span onMouseOver=\"jQuery('.wpappbox-67a4a1e66bd694e7d9d851b280cfa271 .qrcode').show();\" onMouseOut=\"jQuery('.wpappbox-67a4a1e66bd694e7d9d851b280cfa271 .qrcode').hide();\">QR-Code<\/span>\n\t\t<\/div>\n\t<\/div>\n\t<div class=\"appdetails\">\n\t\t<div class=\"apptitle\"><a target=\"_blank\" rel=\"nofollow\" href=\"https:\/\/www.microsoft.com\/de-de\/store\/p\/app\/9wzdncrfhvqm\" title=\"Mail und Kalender\" class=\"apptitle\">Mail und Kalender<\/a><\/div>\n\t\t<div class=\"developer\">\n\t\t\t<span class=\"label\">Entwickler: <\/span>\n\t\t\t<span class=\"value\">Microsoft Corporation<\/span>\n\t\t<\/div>\n\t\t<div class=\"price\">\n\t\t\t<span class=\"label\">Preis: <\/span>\n\t\t\t<span class=\"value\">Kostenlos<\/span> \n\t\t\t<span class=\"rating\"><div title=\"3.5 von 5 Sternen\" class=\"rating-stars stars-monochrome stars35\"><\/div><\/span>\n\t\t<\/div>\n\t<\/div>\n<\/div><!-- \/WP-Appbox -->\n<p><b>Auch interessant:<\/b> Ihr sucht weitere Tipps, Tricks und Tutorials f\u00fcr Windows 10? Dann schaut in unserem Wiki vorbei bzw. speichert folgende Seiten in den Favoriten:<\/p>\n<ul>\n<li><a href=\"http:\/\/www.deskmodder.de\/wiki\/index.php?title=Portal:Windows_10\" target=\"_blank\"><strong>Portal Windows 10 im\u00a0Deskmodder-Wiki<\/strong><\/a><\/li>\n<li><a href=\"http:\/\/www.deskmodder.de\/wiki\/index.php?title=Kategorie:Windows_10\" target=\"_blank\"><strong>Alle Windows 10 Tutorials im \u00dcberblick (Deskmodder-Wiki)<\/strong><\/a><\/li>\n<\/ul>\n<p>Ihr habt Fragen zu Windows 10? Dann ab in unser Forum. Auch G\u00e4ste d\u00fcrfen Fragen stellen und nat\u00fcrlich auch beantworten:<\/p>\n<ul>\n<li><a href=\"http:\/\/www.deskmodder.de\/phpBB3\/viewforum.php?f=326\" target=\"_blank\"><strong>Windows 10 Deskmodder-Forum<\/strong><\/a><\/li>\n<\/ul>\n","protected":false},"excerpt":{"rendered":"<p>Heute hat Microsoft seine Mail und Kalender App, a.k.a. Outlook, auf Version\u00a017.6506.42262.0\u00a0aktualisiert. &nbsp; &nbsp; Das Update bringt gr\u00f6\u00dftenteils visuelle Ver\u00e4nderungen mit, wie ein dunkles Design und die M\u00f6glichkeit zum Festlegen einer Akzentfarbe und eines Hintergrundbildes. Des Weiteren bekommt man in&hellip; <\/p>\n","protected":false},"author":2550,"featured_media":57674,"comment_status":"open","ping_status":"open","sticky":false,"template":"","format":"standard","meta":{"jetpack_post_was_ever_published":false,"footnotes":"","jetpack_publicize_message":"","jetpack_publicize_feature_enabled":true,"jetpack_social_post_already_shared":true,"jetpack_social_options":{"image_generator_settings":{"template":"highway","default_image_id":0,"font":"","enabled":false},"version":2}},"categories":[3031],"tags":[11241,6172,7300,148,9745,1525,11240,9751,7485,9741,942],"class_list":["post-57669","post","type-post","status-publish","format-standard","has-post-thumbnail","hentry","category-windows-apps","tag-calender","tag-kalender","tag-mail","tag-microsoft","tag-mobile","tag-outlook","tag-w10m","tag-windows-10","tag-windows-10-mobile","tag-windows","tag-windows-store"],"wp_featured_image":{"id":57674,"alt_text":"","description":"","media_type":"image","media_details":{"width":1280,"height":720,"file":"2015\/12\/ow10m.png","sizes":{"thumbnail":{"file":"ow10m-e1454711211555-244x180.png","width":244,"height":180,"mime-type":"image\/png","source_url":"https:\/\/www.deskmodder.de\/blog\/wp-content\/uploads\/2015\/12\/ow10m-e1454711211555-244x180.png"},"medium":{"file":"ow10m-500x281.png","width":500,"height":281,"mime-type":"image\/png","source_url":"https:\/\/www.deskmodder.de\/blog\/wp-content\/uploads\/2015\/12\/ow10m-500x281.png"},"large":{"file":"ow10m-700x394.png","width":700,"height":394,"mime-type":"image\/png","source_url":"https:\/\/www.deskmodder.de\/blog\/wp-content\/uploads\/2015\/12\/ow10m-700x394.png"},"wp_review_large":{"file":"ow10m-320x200.png","width":320,"height":200,"mime-type":"image\/png","source_url":"https:\/\/www.deskmodder.de\/blog\/wp-content\/uploads\/2015\/12\/ow10m-320x200.png"},"wp_review_small":{"file":"ow10m-65x65.png","width":65,"height":65,"mime-type":"image\/png","source_url":"https:\/\/www.deskmodder.de\/blog\/wp-content\/uploads\/2015\/12\/ow10m-65x65.png"},"blog-large":{"file":"ow10m-642x300.png","width":642,"height":300,"mime-type":"image\/png","source_url":"https:\/\/www.deskmodder.de\/blog\/wp-content\/uploads\/2015\/12\/ow10m-642x300.png"},"blog-medium":{"file":"ow10m-306x205.png","width":306,"height":205,"mime-type":"image\/png","source_url":"https:\/\/www.deskmodder.de\/blog\/wp-content\/uploads\/2015\/12\/ow10m-306x205.png"},"recent-thumb":{"file":"ow10m-350x316.png","width":350,"height":316,"mime-type":"image\/png","source_url":"https:\/\/www.deskmodder.de\/blog\/wp-content\/uploads\/2015\/12\/ow10m-350x316.png"},"service-featured":{"file":"ow10m-600x330.png","width":600,"height":330,"mime-type":"image\/png","source_url":"https:\/\/www.deskmodder.de\/blog\/wp-content\/uploads\/2015\/12\/ow10m-600x330.png"},"wp_rp_thumbnail":{"file":"ow10m-150x150.png","width":150,"height":150,"mime-type":"image\/png","source_url":"https:\/\/www.deskmodder.de\/blog\/wp-content\/uploads\/2015\/12\/ow10m-150x150.png"}},"image_meta":{"aperture":0,"credit":"","camera":"","caption":"","created_timestamp":0,"copyright":"","focal_length":0,"iso":0,"shutter_speed":0,"title":"","orientation":0}},"post":57669,"source_url":"https:\/\/www.deskmodder.de\/blog\/wp-content\/uploads\/2015\/12\/ow10m.png"},"commentcount":5,"wp_comments":[{"id":17291,"parent":0,"author":2600,"author_name":"Moonwalk65","author_email":"moonwalk65@live.de","author_url":"","author_avatar_urls":{"24":"https:\/\/secure.gravatar.com\/avatar\/64cb900995ea37b7e158d64665347e27966c557c368dc6187164cbc6cf73801e?s=24&d=mm&r=g","48":"https:\/\/secure.gravatar.com\/avatar\/64cb900995ea37b7e158d64665347e27966c557c368dc6187164cbc6cf73801e?s=48&d=mm&r=g","96":"https:\/\/secure.gravatar.com\/avatar\/64cb900995ea37b7e158d64665347e27966c557c368dc6187164cbc6cf73801e?s=96&d=mm&r=g"},"date":"2015-12-08T14:34:56","cld_nonce":"5cfe60523a","content":{"rendered":"<p>Seit dem Update werden mir immer 2 Mails auf der Live Tile angezeigt, die nicht vorhanden sind. War vor dem Update definitiv nicht so<\/p>\n"},"status":"1"},{"id":17292,"parent":0,"author":0,"author_name":"schae","author_email":"schae69@outlook.com","author_url":"","author_avatar_urls":{"24":"https:\/\/secure.gravatar.com\/avatar\/75aa3c1dacec6888e60d99bac8d1ea6eb4c1bbd3506cd03d40487fc2550a191a?s=24&d=mm&r=g","48":"https:\/\/secure.gravatar.com\/avatar\/75aa3c1dacec6888e60d99bac8d1ea6eb4c1bbd3506cd03d40487fc2550a191a?s=48&d=mm&r=g","96":"https:\/\/secure.gravatar.com\/avatar\/75aa3c1dacec6888e60d99bac8d1ea6eb4c1bbd3506cd03d40487fc2550a191a?s=96&d=mm&r=g"},"date":"2015-12-08T14:59:53","cld_nonce":"5cfe60523a","content":{"rendered":"<p>Bei mir zeigt es schon seit Monaten auch 2 Mails an, obwohl \u00fcberhaupt keine vorhanden sind.<\/p>\n"},"status":"1"},{"id":17294,"parent":17291,"author":1525,"author_name":"W8U","author_email":"windows-8-user@live.de","author_url":"","author_avatar_urls":{"24":"https:\/\/secure.gravatar.com\/avatar\/a1e9db99fdd71a9ae2c516203e3fcd390817fa98f868eb9ba6d4a77d1a815cd4?s=24&d=mm&r=g","48":"https:\/\/secure.gravatar.com\/avatar\/a1e9db99fdd71a9ae2c516203e3fcd390817fa98f868eb9ba6d4a77d1a815cd4?s=48&d=mm&r=g","96":"https:\/\/secure.gravatar.com\/avatar\/a1e9db99fdd71a9ae2c516203e3fcd390817fa98f868eb9ba6d4a77d1a815cd4?s=96&d=mm&r=g"},"date":"2015-12-08T18:43:19","cld_nonce":"5cfe60523a","content":{"rendered":"<p>Die Mail-App hat &#8217;ne Live-Kachel? Muss man die erst irgendwo aktivieren? Mir wird da n\u00e4mlich gar nichts angezeigt. <img src=\"https:\/\/www.deskmodder.de\/blog\/wp-content\/plugins\/classic-smilies\/img\/icon_biggrin.gif\" alt=\":D\" class=\"wp-smiley\" \/><\/p>\n"},"status":"1"},{"id":17295,"parent":17291,"author":134,"author_name":"moinmoin","author_email":"moin-moin@hab-verschlafen.de","author_url":"","author_avatar_urls":{"24":"https:\/\/secure.gravatar.com\/avatar\/fab96769102f8886245ab411df9a42a235be79261e4b44aa7ab2a555da8b86b4?s=24&d=mm&r=g","48":"https:\/\/secure.gravatar.com\/avatar\/fab96769102f8886245ab411df9a42a235be79261e4b44aa7ab2a555da8b86b4?s=48&d=mm&r=g","96":"https:\/\/secure.gravatar.com\/avatar\/fab96769102f8886245ab411df9a42a235be79261e4b44aa7ab2a555da8b86b4?s=96&d=mm&r=g"},"date":"2015-12-08T18:53:13","cld_nonce":"5cfe60523a","content":{"rendered":"<p>Du kannst dir sogar f\u00fcr jedes einzelne Konto eine Livekachel erstellen. <img src=\"https:\/\/www.deskmodder.de\/blog\/wp-content\/plugins\/classic-smilies\/img\/icon_wink.gif\" alt=\";)\" class=\"wp-smiley\" \/><\/p>\n"},"status":"1"},{"id":17296,"parent":17291,"author":1525,"author_name":"W8U","author_email":"windows-8-user@live.de","author_url":"","author_avatar_urls":{"24":"https:\/\/secure.gravatar.com\/avatar\/a1e9db99fdd71a9ae2c516203e3fcd390817fa98f868eb9ba6d4a77d1a815cd4?s=24&d=mm&r=g","48":"https:\/\/secure.gravatar.com\/avatar\/a1e9db99fdd71a9ae2c516203e3fcd390817fa98f868eb9ba6d4a77d1a815cd4?s=48&d=mm&r=g","96":"https:\/\/secure.gravatar.com\/avatar\/a1e9db99fdd71a9ae2c516203e3fcd390817fa98f868eb9ba6d4a77d1a815cd4?s=96&d=mm&r=g"},"date":"2015-12-08T18:58:35","cld_nonce":"5cfe60523a","content":{"rendered":"<p>Sch\u00f6n und gut. Trotzdem sehe ich da nur das Outlook-Logo und keine Mails in der Kachel.<\/p>\n"},"status":"1"}],"wp_author":{"id":2550,"name":"MAX","description":"Begeisterter Technik-Enthusiast, der aktuell zwei Welten vereint. Windows auf PC sowie Xbox und iOS auf dem iPhone, als auch auf dem iPad. Gespaltene Pers\u00f6nlichkeit w\u00fcrde ich sagen. ;)","author_avatar_urls":{"24":"https:\/\/secure.gravatar.com\/avatar\/0a924a9e0119dd457d49c2eb1fa27ade332376ba6138336743cdd8c221e4a3a3?s=24&d=mm&r=g","48":"https:\/\/secure.gravatar.com\/avatar\/0a924a9e0119dd457d49c2eb1fa27ade332376ba6138336743cdd8c221e4a3a3?s=48&d=mm&r=g","96":"https:\/\/secure.gravatar.com\/avatar\/0a924a9e0119dd457d49c2eb1fa27ade332376ba6138336743cdd8c221e4a3a3?s=96&d=mm&r=g"}},"cld_nonce":"5cfe60523a","yoast_head":"<!-- This site is optimized with the Yoast SEO Premium plugin v27.5 (Yoast SEO v27.5) - https:\/\/yoast.com\/product\/yoast-seo-premium-wordpress\/ -->\n<title>Windows 10 Mobile - Outlook Mail \/ Kalender wird pers\u00f6nlicher - Deskmodder.de<\/title>\n<meta name=\"robots\" content=\"index, follow, max-snippet:-1, max-image-preview:large, max-video-preview:-1\" \/>\n<link rel=\"canonical\" href=\"https:\/\/www.deskmodder.de\/blog\/2015\/12\/08\/windows-10-mobile-outlook-mail-kalender-wird-persoenlicher\/\" \/>\n<meta property=\"og:locale\" content=\"de_DE\" \/>\n<meta property=\"og:type\" content=\"article\" \/>\n<meta property=\"og:title\" content=\"Windows 10 Mobile - Outlook Mail \/ Kalender wird pers\u00f6nlicher\" \/>\n<meta property=\"og:description\" content=\"Heute hat Microsoft seine Mail und Kalender App, a.k.a. Outlook, auf Version\u00a017.6506.42262.0\u00a0aktualisiert. &nbsp; &nbsp; Das Update bringt gr\u00f6\u00dftenteils visuelle Ver\u00e4nderungen mit, wie ein dunkles Design und die M\u00f6glichkeit zum Festlegen einer Akzentfarbe und eines Hintergrundbildes. Des Weiteren bekommt man in&hellip;\" \/>\n<meta property=\"og:url\" content=\"https:\/\/www.deskmodder.de\/blog\/2015\/12\/08\/windows-10-mobile-outlook-mail-kalender-wird-persoenlicher\/\" \/>\n<meta property=\"og:site_name\" content=\"Deskmodder.de\" \/>\n<meta property=\"article:publisher\" content=\"https:\/\/www.facebook.com\/Deskmodder\" \/>\n<meta property=\"article:published_time\" content=\"2015-12-08T12:53:45+00:00\" \/>\n<meta property=\"og:image\" content=\"https:\/\/www.deskmodder.de\/blog\/wp-content\/uploads\/2015\/12\/ow10m.png\" \/>\n\t<meta property=\"og:image:width\" content=\"1280\" \/>\n\t<meta property=\"og:image:height\" content=\"720\" \/>\n\t<meta property=\"og:image:type\" content=\"image\/png\" \/>\n<meta name=\"author\" content=\"MAX\" \/>\n<meta name=\"twitter:card\" content=\"summary_large_image\" \/>\n<meta name=\"twitter:creator\" content=\"@themximum\" \/>\n<meta name=\"twitter:site\" content=\"@Deskmodder\" \/>\n<script type=\"application\/ld+json\" class=\"yoast-schema-graph\">{\"@context\":\"https:\\\/\\\/schema.org\",\"@graph\":[{\"@type\":\"Article\",\"@id\":\"https:\\\/\\\/www.deskmodder.de\\\/blog\\\/2015\\\/12\\\/08\\\/windows-10-mobile-outlook-mail-kalender-wird-persoenlicher\\\/#article\",\"isPartOf\":{\"@id\":\"https:\\\/\\\/www.deskmodder.de\\\/blog\\\/2015\\\/12\\\/08\\\/windows-10-mobile-outlook-mail-kalender-wird-persoenlicher\\\/\"},\"author\":{\"name\":\"MAX\",\"@id\":\"https:\\\/\\\/www.deskmodder.de\\\/blog\\\/#\\\/schema\\\/person\\\/bd4b9506e83c661f1de1af925c726d7c\"},\"headline\":\"Windows 10 Mobile &#8211; Outlook Mail \\\/ Kalender wird pers\u00f6nlicher\",\"datePublished\":\"2015-12-08T12:53:45+00:00\",\"mainEntityOfPage\":{\"@id\":\"https:\\\/\\\/www.deskmodder.de\\\/blog\\\/2015\\\/12\\\/08\\\/windows-10-mobile-outlook-mail-kalender-wird-persoenlicher\\\/\"},\"wordCount\":261,\"commentCount\":5,\"publisher\":{\"@id\":\"https:\\\/\\\/www.deskmodder.de\\\/blog\\\/#organization\"},\"image\":{\"@id\":\"https:\\\/\\\/www.deskmodder.de\\\/blog\\\/2015\\\/12\\\/08\\\/windows-10-mobile-outlook-mail-kalender-wird-persoenlicher\\\/#primaryimage\"},\"thumbnailUrl\":\"https:\\\/\\\/www.deskmodder.de\\\/blog\\\/wp-content\\\/uploads\\\/2015\\\/12\\\/ow10m.png\",\"keywords\":[\"Calender\",\"Kalender\",\"Mail\",\"Microsoft\",\"Mobile\",\"Outlook\",\"W10M\",\"Windows 10\",\"Windows 10 Mobile\",\"Windows \u00e4lter\",\"Windows Store\"],\"articleSection\":[\"Windows Apps\"],\"inLanguage\":\"de\",\"potentialAction\":[{\"@type\":\"CommentAction\",\"name\":\"Comment\",\"target\":[\"https:\\\/\\\/www.deskmodder.de\\\/blog\\\/2015\\\/12\\\/08\\\/windows-10-mobile-outlook-mail-kalender-wird-persoenlicher\\\/#respond\"]}],\"copyrightYear\":\"2015\",\"copyrightHolder\":{\"@id\":\"https:\\\/\\\/www.deskmodder.de\\\/blog\\\/#organization\"}},{\"@type\":\"WebPage\",\"@id\":\"https:\\\/\\\/www.deskmodder.de\\\/blog\\\/2015\\\/12\\\/08\\\/windows-10-mobile-outlook-mail-kalender-wird-persoenlicher\\\/\",\"url\":\"https:\\\/\\\/www.deskmodder.de\\\/blog\\\/2015\\\/12\\\/08\\\/windows-10-mobile-outlook-mail-kalender-wird-persoenlicher\\\/\",\"name\":\"Windows 10 Mobile - Outlook Mail \\\/ Kalender wird pers\u00f6nlicher - Deskmodder.de\",\"isPartOf\":{\"@id\":\"https:\\\/\\\/www.deskmodder.de\\\/blog\\\/#website\"},\"primaryImageOfPage\":{\"@id\":\"https:\\\/\\\/www.deskmodder.de\\\/blog\\\/2015\\\/12\\\/08\\\/windows-10-mobile-outlook-mail-kalender-wird-persoenlicher\\\/#primaryimage\"},\"image\":{\"@id\":\"https:\\\/\\\/www.deskmodder.de\\\/blog\\\/2015\\\/12\\\/08\\\/windows-10-mobile-outlook-mail-kalender-wird-persoenlicher\\\/#primaryimage\"},\"thumbnailUrl\":\"https:\\\/\\\/www.deskmodder.de\\\/blog\\\/wp-content\\\/uploads\\\/2015\\\/12\\\/ow10m.png\",\"datePublished\":\"2015-12-08T12:53:45+00:00\",\"breadcrumb\":{\"@id\":\"https:\\\/\\\/www.deskmodder.de\\\/blog\\\/2015\\\/12\\\/08\\\/windows-10-mobile-outlook-mail-kalender-wird-persoenlicher\\\/#breadcrumb\"},\"inLanguage\":\"de\",\"potentialAction\":[{\"@type\":\"ReadAction\",\"target\":[\"https:\\\/\\\/www.deskmodder.de\\\/blog\\\/2015\\\/12\\\/08\\\/windows-10-mobile-outlook-mail-kalender-wird-persoenlicher\\\/\"]}]},{\"@type\":\"ImageObject\",\"inLanguage\":\"de\",\"@id\":\"https:\\\/\\\/www.deskmodder.de\\\/blog\\\/2015\\\/12\\\/08\\\/windows-10-mobile-outlook-mail-kalender-wird-persoenlicher\\\/#primaryimage\",\"url\":\"https:\\\/\\\/www.deskmodder.de\\\/blog\\\/wp-content\\\/uploads\\\/2015\\\/12\\\/ow10m.png\",\"contentUrl\":\"https:\\\/\\\/www.deskmodder.de\\\/blog\\\/wp-content\\\/uploads\\\/2015\\\/12\\\/ow10m.png\",\"width\":1280,\"height\":720},{\"@type\":\"BreadcrumbList\",\"@id\":\"https:\\\/\\\/www.deskmodder.de\\\/blog\\\/2015\\\/12\\\/08\\\/windows-10-mobile-outlook-mail-kalender-wird-persoenlicher\\\/#breadcrumb\",\"itemListElement\":[{\"@type\":\"ListItem\",\"position\":1,\"name\":\"Startseite\",\"item\":\"https:\\\/\\\/www.deskmodder.de\\\/blog\\\/\"},{\"@type\":\"ListItem\",\"position\":2,\"name\":\"Windows 10 Mobile &#8211; Outlook Mail \\\/ Kalender wird pers\u00f6nlicher\"}]},{\"@type\":\"WebSite\",\"@id\":\"https:\\\/\\\/www.deskmodder.de\\\/blog\\\/#website\",\"url\":\"https:\\\/\\\/www.deskmodder.de\\\/blog\\\/\",\"name\":\"Deskmodder.de\",\"description\":\"News zum Thema Microsoft, Windows 11 \\\/ 10, sowie anderen Neuigkeiten aus dem Netz, viele Tipps und individuelle Hilfe bei Problemen in unserem Forum \u25cf Deskmodder - seit 2003\",\"publisher\":{\"@id\":\"https:\\\/\\\/www.deskmodder.de\\\/blog\\\/#organization\"},\"potentialAction\":[{\"@type\":\"SearchAction\",\"target\":{\"@type\":\"EntryPoint\",\"urlTemplate\":\"https:\\\/\\\/www.deskmodder.de\\\/blog\\\/?s={search_term_string}\"},\"query-input\":{\"@type\":\"PropertyValueSpecification\",\"valueRequired\":true,\"valueName\":\"search_term_string\"}}],\"inLanguage\":\"de\"},{\"@type\":\"Organization\",\"@id\":\"https:\\\/\\\/www.deskmodder.de\\\/blog\\\/#organization\",\"name\":\"Deskmodder\",\"url\":\"https:\\\/\\\/www.deskmodder.de\\\/blog\\\/\",\"logo\":{\"@type\":\"ImageObject\",\"inLanguage\":\"de\",\"@id\":\"https:\\\/\\\/www.deskmodder.de\\\/blog\\\/#\\\/schema\\\/logo\\\/image\\\/\",\"url\":\"https:\\\/\\\/www.deskmodder.de\\\/blog\\\/wp-content\\\/uploads\\\/2019\\\/01\\\/deskmodder-logo-app.png\",\"contentUrl\":\"https:\\\/\\\/www.deskmodder.de\\\/blog\\\/wp-content\\\/uploads\\\/2019\\\/01\\\/deskmodder-logo-app.png\",\"width\":281,\"height\":286,\"caption\":\"Deskmodder\"},\"image\":{\"@id\":\"https:\\\/\\\/www.deskmodder.de\\\/blog\\\/#\\\/schema\\\/logo\\\/image\\\/\"},\"sameAs\":[\"https:\\\/\\\/www.facebook.com\\\/Deskmodder\",\"https:\\\/\\\/x.com\\\/Deskmodder\",\"https:\\\/\\\/mastodontech.de\\\/@Deskmodder\",\"https:\\\/\\\/www.youtube.com\\\/user\\\/deskmodder\",\"https:\\\/\\\/mewe.com\\\/group\\\/5c83b5231add826fc80cdae1\"]},{\"@type\":\"Person\",\"@id\":\"https:\\\/\\\/www.deskmodder.de\\\/blog\\\/#\\\/schema\\\/person\\\/bd4b9506e83c661f1de1af925c726d7c\",\"name\":\"MAX\",\"image\":{\"@type\":\"ImageObject\",\"inLanguage\":\"de\",\"@id\":\"https:\\\/\\\/secure.gravatar.com\\\/avatar\\\/0a924a9e0119dd457d49c2eb1fa27ade332376ba6138336743cdd8c221e4a3a3?s=96&d=mm&r=g\",\"url\":\"https:\\\/\\\/secure.gravatar.com\\\/avatar\\\/0a924a9e0119dd457d49c2eb1fa27ade332376ba6138336743cdd8c221e4a3a3?s=96&d=mm&r=g\",\"contentUrl\":\"https:\\\/\\\/secure.gravatar.com\\\/avatar\\\/0a924a9e0119dd457d49c2eb1fa27ade332376ba6138336743cdd8c221e4a3a3?s=96&d=mm&r=g\",\"caption\":\"MAX\"},\"description\":\"Begeisterter Technik-Enthusiast, der aktuell zwei Welten vereint. Windows auf PC sowie Xbox und iOS auf dem iPhone, als auch auf dem iPad. Gespaltene Pers\u00f6nlichkeit w\u00fcrde ich sagen. ;)\",\"sameAs\":[\"https:\\\/\\\/www.instagram.com\\\/themximum\\\/\",\"https:\\\/\\\/x.com\\\/themximum\"],\"url\":\"https:\\\/\\\/www.deskmodder.de\\\/blog\\\/author\\\/max\\\/\"}]}<\/script>\n<!-- \/ Yoast SEO Premium plugin. -->","yoast_head_json":{"title":"Windows 10 Mobile - Outlook Mail \/ Kalender wird pers\u00f6nlicher - Deskmodder.de","robots":{"index":"index","follow":"follow","max-snippet":"max-snippet:-1","max-image-preview":"max-image-preview:large","max-video-preview":"max-video-preview:-1"},"canonical":"https:\/\/www.deskmodder.de\/blog\/2015\/12\/08\/windows-10-mobile-outlook-mail-kalender-wird-persoenlicher\/","og_locale":"de_DE","og_type":"article","og_title":"Windows 10 Mobile - Outlook Mail \/ Kalender wird pers\u00f6nlicher","og_description":"Heute hat Microsoft seine Mail und Kalender App, a.k.a. Outlook, auf Version\u00a017.6506.42262.0\u00a0aktualisiert. &nbsp; &nbsp; Das Update bringt gr\u00f6\u00dftenteils visuelle Ver\u00e4nderungen mit, wie ein dunkles Design und die M\u00f6glichkeit zum Festlegen einer Akzentfarbe und eines Hintergrundbildes. Des Weiteren bekommt man in&hellip;","og_url":"https:\/\/www.deskmodder.de\/blog\/2015\/12\/08\/windows-10-mobile-outlook-mail-kalender-wird-persoenlicher\/","og_site_name":"Deskmodder.de","article_publisher":"https:\/\/www.facebook.com\/Deskmodder","article_published_time":"2015-12-08T12:53:45+00:00","og_image":[{"width":1280,"height":720,"url":"https:\/\/www.deskmodder.de\/blog\/wp-content\/uploads\/2015\/12\/ow10m.png","type":"image\/png"}],"author":"MAX","twitter_card":"summary_large_image","twitter_creator":"@themximum","twitter_site":"@Deskmodder","schema":{"@context":"https:\/\/schema.org","@graph":[{"@type":"Article","@id":"https:\/\/www.deskmodder.de\/blog\/2015\/12\/08\/windows-10-mobile-outlook-mail-kalender-wird-persoenlicher\/#article","isPartOf":{"@id":"https:\/\/www.deskmodder.de\/blog\/2015\/12\/08\/windows-10-mobile-outlook-mail-kalender-wird-persoenlicher\/"},"author":{"name":"MAX","@id":"https:\/\/www.deskmodder.de\/blog\/#\/schema\/person\/bd4b9506e83c661f1de1af925c726d7c"},"headline":"Windows 10 Mobile &#8211; Outlook Mail \/ Kalender wird pers\u00f6nlicher","datePublished":"2015-12-08T12:53:45+00:00","mainEntityOfPage":{"@id":"https:\/\/www.deskmodder.de\/blog\/2015\/12\/08\/windows-10-mobile-outlook-mail-kalender-wird-persoenlicher\/"},"wordCount":261,"commentCount":5,"publisher":{"@id":"https:\/\/www.deskmodder.de\/blog\/#organization"},"image":{"@id":"https:\/\/www.deskmodder.de\/blog\/2015\/12\/08\/windows-10-mobile-outlook-mail-kalender-wird-persoenlicher\/#primaryimage"},"thumbnailUrl":"https:\/\/www.deskmodder.de\/blog\/wp-content\/uploads\/2015\/12\/ow10m.png","keywords":["Calender","Kalender","Mail","Microsoft","Mobile","Outlook","W10M","Windows 10","Windows 10 Mobile","Windows \u00e4lter","Windows Store"],"articleSection":["Windows Apps"],"inLanguage":"de","potentialAction":[{"@type":"CommentAction","name":"Comment","target":["https:\/\/www.deskmodder.de\/blog\/2015\/12\/08\/windows-10-mobile-outlook-mail-kalender-wird-persoenlicher\/#respond"]}],"copyrightYear":"2015","copyrightHolder":{"@id":"https:\/\/www.deskmodder.de\/blog\/#organization"}},{"@type":"WebPage","@id":"https:\/\/www.deskmodder.de\/blog\/2015\/12\/08\/windows-10-mobile-outlook-mail-kalender-wird-persoenlicher\/","url":"https:\/\/www.deskmodder.de\/blog\/2015\/12\/08\/windows-10-mobile-outlook-mail-kalender-wird-persoenlicher\/","name":"Windows 10 Mobile - Outlook Mail \/ Kalender wird pers\u00f6nlicher - Deskmodder.de","isPartOf":{"@id":"https:\/\/www.deskmodder.de\/blog\/#website"},"primaryImageOfPage":{"@id":"https:\/\/www.deskmodder.de\/blog\/2015\/12\/08\/windows-10-mobile-outlook-mail-kalender-wird-persoenlicher\/#primaryimage"},"image":{"@id":"https:\/\/www.deskmodder.de\/blog\/2015\/12\/08\/windows-10-mobile-outlook-mail-kalender-wird-persoenlicher\/#primaryimage"},"thumbnailUrl":"https:\/\/www.deskmodder.de\/blog\/wp-content\/uploads\/2015\/12\/ow10m.png","datePublished":"2015-12-08T12:53:45+00:00","breadcrumb":{"@id":"https:\/\/www.deskmodder.de\/blog\/2015\/12\/08\/windows-10-mobile-outlook-mail-kalender-wird-persoenlicher\/#breadcrumb"},"inLanguage":"de","potentialAction":[{"@type":"ReadAction","target":["https:\/\/www.deskmodder.de\/blog\/2015\/12\/08\/windows-10-mobile-outlook-mail-kalender-wird-persoenlicher\/"]}]},{"@type":"ImageObject","inLanguage":"de","@id":"https:\/\/www.deskmodder.de\/blog\/2015\/12\/08\/windows-10-mobile-outlook-mail-kalender-wird-persoenlicher\/#primaryimage","url":"https:\/\/www.deskmodder.de\/blog\/wp-content\/uploads\/2015\/12\/ow10m.png","contentUrl":"https:\/\/www.deskmodder.de\/blog\/wp-content\/uploads\/2015\/12\/ow10m.png","width":1280,"height":720},{"@type":"BreadcrumbList","@id":"https:\/\/www.deskmodder.de\/blog\/2015\/12\/08\/windows-10-mobile-outlook-mail-kalender-wird-persoenlicher\/#breadcrumb","itemListElement":[{"@type":"ListItem","position":1,"name":"Startseite","item":"https:\/\/www.deskmodder.de\/blog\/"},{"@type":"ListItem","position":2,"name":"Windows 10 Mobile &#8211; Outlook Mail \/ Kalender wird pers\u00f6nlicher"}]},{"@type":"WebSite","@id":"https:\/\/www.deskmodder.de\/blog\/#website","url":"https:\/\/www.deskmodder.de\/blog\/","name":"Deskmodder.de","description":"News zum Thema Microsoft, Windows 11 \/ 10, sowie anderen Neuigkeiten aus dem Netz, viele Tipps und individuelle Hilfe bei Problemen in unserem Forum \u25cf Deskmodder - seit 2003","publisher":{"@id":"https:\/\/www.deskmodder.de\/blog\/#organization"},"potentialAction":[{"@type":"SearchAction","target":{"@type":"EntryPoint","urlTemplate":"https:\/\/www.deskmodder.de\/blog\/?s={search_term_string}"},"query-input":{"@type":"PropertyValueSpecification","valueRequired":true,"valueName":"search_term_string"}}],"inLanguage":"de"},{"@type":"Organization","@id":"https:\/\/www.deskmodder.de\/blog\/#organization","name":"Deskmodder","url":"https:\/\/www.deskmodder.de\/blog\/","logo":{"@type":"ImageObject","inLanguage":"de","@id":"https:\/\/www.deskmodder.de\/blog\/#\/schema\/logo\/image\/","url":"https:\/\/www.deskmodder.de\/blog\/wp-content\/uploads\/2019\/01\/deskmodder-logo-app.png","contentUrl":"https:\/\/www.deskmodder.de\/blog\/wp-content\/uploads\/2019\/01\/deskmodder-logo-app.png","width":281,"height":286,"caption":"Deskmodder"},"image":{"@id":"https:\/\/www.deskmodder.de\/blog\/#\/schema\/logo\/image\/"},"sameAs":["https:\/\/www.facebook.com\/Deskmodder","https:\/\/x.com\/Deskmodder","https:\/\/mastodontech.de\/@Deskmodder","https:\/\/www.youtube.com\/user\/deskmodder","https:\/\/mewe.com\/group\/5c83b5231add826fc80cdae1"]},{"@type":"Person","@id":"https:\/\/www.deskmodder.de\/blog\/#\/schema\/person\/bd4b9506e83c661f1de1af925c726d7c","name":"MAX","image":{"@type":"ImageObject","inLanguage":"de","@id":"https:\/\/secure.gravatar.com\/avatar\/0a924a9e0119dd457d49c2eb1fa27ade332376ba6138336743cdd8c221e4a3a3?s=96&d=mm&r=g","url":"https:\/\/secure.gravatar.com\/avatar\/0a924a9e0119dd457d49c2eb1fa27ade332376ba6138336743cdd8c221e4a3a3?s=96&d=mm&r=g","contentUrl":"https:\/\/secure.gravatar.com\/avatar\/0a924a9e0119dd457d49c2eb1fa27ade332376ba6138336743cdd8c221e4a3a3?s=96&d=mm&r=g","caption":"MAX"},"description":"Begeisterter Technik-Enthusiast, der aktuell zwei Welten vereint. Windows auf PC sowie Xbox und iOS auf dem iPhone, als auch auf dem iPad. Gespaltene Pers\u00f6nlichkeit w\u00fcrde ich sagen. ;)","sameAs":["https:\/\/www.instagram.com\/themximum\/","https:\/\/x.com\/themximum"],"url":"https:\/\/www.deskmodder.de\/blog\/author\/max\/"}]}},"jetpack_publicize_connections":[],"jetpack_featured_media_url":"https:\/\/www.deskmodder.de\/blog\/wp-content\/uploads\/2015\/12\/ow10m.png","_links":{"self":[{"href":"https:\/\/www.deskmodder.de\/blog\/wp-json\/wp\/v2\/posts\/57669","targetHints":{"allow":["GET"]}}],"collection":[{"href":"https:\/\/www.deskmodder.de\/blog\/wp-json\/wp\/v2\/posts"}],"about":[{"href":"https:\/\/www.deskmodder.de\/blog\/wp-json\/wp\/v2\/types\/post"}],"author":[{"embeddable":true,"href":"https:\/\/www.deskmodder.de\/blog\/wp-json\/wp\/v2\/users\/2550"}],"replies":[{"embeddable":true,"href":"https:\/\/www.deskmodder.de\/blog\/wp-json\/wp\/v2\/comments?post=57669"}],"version-history":[{"count":0,"href":"https:\/\/www.deskmodder.de\/blog\/wp-json\/wp\/v2\/posts\/57669\/revisions"}],"wp:featuredmedia":[{"embeddable":true,"href":"https:\/\/www.deskmodder.de\/blog\/wp-json\/wp\/v2\/media\/57674"}],"wp:attachment":[{"href":"https:\/\/www.deskmodder.de\/blog\/wp-json\/wp\/v2\/media?parent=57669"}],"wp:term":[{"taxonomy":"category","embeddable":true,"href":"https:\/\/www.deskmodder.de\/blog\/wp-json\/wp\/v2\/categories?post=57669"},{"taxonomy":"post_tag","embeddable":true,"href":"https:\/\/www.deskmodder.de\/blog\/wp-json\/wp\/v2\/tags?post=57669"}],"curies":[{"name":"wp","href":"https:\/\/api.w.org\/{rel}","templated":true}]}}