{"id":5705,"date":"2013-03-07T13:27:43","date_gmt":"2013-03-07T12:27:43","guid":{"rendered":"http:\/\/www.deskmodder.de\/blog\/?p=5705"},"modified":"2023-01-14T17:20:09","modified_gmt":"2023-01-14T16:20:09","slug":"immersivetaille-das-neue-startmenue-in-den-desktop-einbeziehen","status":"publish","type":"post","link":"https:\/\/www.deskmodder.de\/blog\/2013\/03\/07\/immersivetaille-das-neue-startmenue-in-den-desktop-einbeziehen\/","title":{"rendered":"ImmersiveTaille: Das neue Startmen\u00fc in den Desktop einbeziehen"},"content":{"rendered":"<p><a href=\"http:\/\/www.deskmodder.de\/blog\/wp-content\/uploads\/2013\/03\/immersive_taille_v2.png\" rel=\"lightbox[5705]\"><img loading=\"lazy\" decoding=\"async\" src=\"http:\/\/www.deskmodder.de\/blog\/wp-content\/uploads\/2013\/03\/immersive_taille_v2-150x150.png\" alt=\"immersive_taille_v2\" width=\"150\" height=\"150\" class=\"alignleft size-thumbnail wp-image-5706\" \/><\/a>Mit dem Tool <strong>ImmersiveTaille<\/strong> kann man das Moder UI (Metro) Startmen\u00fc auf dem Desktop einblenden lassen. Voreingestellte M\u00f6glichkeiten sind:<br \/>\nStart oben, unten, rechts, links, sowie Modern UI (Metro) Start mit Taskleiste. Bei mehreren Monitoren reicht ein Klick auf + oder &#8211; im Reiter Grundlegende und man kann den Monitor ausw\u00e4hlen, wo das Startmen\u00fc erscheinen soll.<br \/>\nUnter Erweitert kann man dann selbst die Position vom Metro Start bestimmen. Das Tool selber muss nicht installiert werden und kommt im Standard in Franz\u00f6sisch. Ein Klick unten links auf die Flagge und dann kommt die deutsche Fahne zum Vorschein. Die \u00dcbersetzung ist ein bisschen lustig, aber erf\u00fcllt seinen Zweck.<br \/>\nEin nettes Tool, das man ruhig einmal testen kann, denn es ist Freeware.<\/p>\n<p>Info und Download: <a href='http:\/\/sourceforge.net\/projects\/immersivetaille\/'>sourceforge.net\/immersivetaille<\/a><\/p>\n<p>Auch interessant, da es den selben Zweck erf\u00fcllt: <a href='http:\/\/www.deskmodder.de\/blog\/2012\/09\/19\/das-metro-startmenue-startscreen-immer-auf-dem-zweiten-desktop-starten-windows-8\/'><strong>Start Menu Modifier<\/strong><\/a><\/p>\n","protected":false},"excerpt":{"rendered":"<p>Mit dem Tool ImmersiveTaille kann man das Moder UI (Metro) Startmen\u00fc auf dem Desktop einblenden lassen. Voreingestellte M\u00f6glichkeiten sind: Start oben, unten, rechts, links, sowie Modern UI (Metro) Start mit Taskleiste. Bei mehreren Monitoren reicht ein Klick auf + oder&hellip; <\/p>\n","protected":false},"author":134,"featured_media":5706,"comment_status":"open","ping_status":"open","sticky":false,"template":"","format":"standard","meta":{"jetpack_post_was_ever_published":false,"footnotes":"","jetpack_publicize_message":"","jetpack_publicize_feature_enabled":true,"jetpack_social_post_already_shared":false,"jetpack_social_options":{"image_generator_settings":{"template":"highway","default_image_id":0,"font":"","enabled":false},"version":2}},"categories":[11],"tags":[1584,1582,1583,932,9742],"class_list":["post-5705","post","type-post","status-publish","format-standard","has-post-thumbnail","hentry","category-windows","tag-immersivetaille","tag-metro-start-mit-taskleiste","tag-modern-ui-start-mit-taskleiste","tag-start-menu-modifier","tag-windows-8"],"wp_featured_image":{"id":5706,"alt_text":"","description":"","media_type":"image","media_details":{"width":900,"height":654,"file":"2013\/03\/immersive_taille_v2.png","sizes":{"thumbnail":{"file":"immersive_taille_v2-150x150.png","width":150,"height":150,"mime-type":"image\/png","source_url":"https:\/\/www.deskmodder.de\/blog\/wp-content\/uploads\/2013\/03\/immersive_taille_v2-150x150.png"},"medium":{"file":"immersive_taille_v2-300x218.png","width":300,"height":218,"mime-type":"image\/png","source_url":"https:\/\/www.deskmodder.de\/blog\/wp-content\/uploads\/2013\/03\/immersive_taille_v2-300x218.png"}},"image_meta":{"aperture":0,"credit":"","camera":"","caption":"","created_timestamp":0,"copyright":"","focal_length":0,"iso":0,"shutter_speed":0,"title":""}},"post":5705,"source_url":"https:\/\/www.deskmodder.de\/blog\/wp-content\/uploads\/2013\/03\/immersive_taille_v2.png"},"commentcount":4,"wp_comments":[{"id":1865,"parent":0,"author":0,"author_name":"J\u00fcrgenHugo","author_email":"hugohilter@t-online.de","author_url":"http:\/\/aurum2rivi.wordpress.com\/","author_avatar_urls":{"24":"https:\/\/secure.gravatar.com\/avatar\/dc5176746c873787fa3f8df5f9bdfbd2f7688721f771100eb4d7b4e82e2d655b?s=24&d=mm&r=g","48":"https:\/\/secure.gravatar.com\/avatar\/dc5176746c873787fa3f8df5f9bdfbd2f7688721f771100eb4d7b4e82e2d655b?s=48&d=mm&r=g","96":"https:\/\/secure.gravatar.com\/avatar\/dc5176746c873787fa3f8df5f9bdfbd2f7688721f771100eb4d7b4e82e2d655b?s=96&d=mm&r=g"},"date":"2013-03-07T23:43:18","cld_nonce":"173fc99a75","content":{"rendered":"<p>Tjaaa, mein lieben moinmoin, ich bin ja testfreudig, aber:<\/p>\n<p>&#8222;Ein Klick unten links auf die Flagge und dann kommt die deutsche Fahne zum Vorschein. Die \u00dcbersetzung ist ein bisschen lustig, aber erf\u00fcllt seinen Zweck.&#8220;<\/p>\n<p>Hast du selbst geklickt, oder hat dir das einer erz\u00e4hlt? ICH krieg das nicht zum laufen, kommen nur Fehlermeldungen. Kompatibilit\u00e4tsmodus bringt auch nix &#8211; und nu?<\/p>\n"},"status":"1"},{"id":1866,"parent":0,"author":0,"author_name":"pFn0L","author_email":"600@gmx.li","author_url":"","author_avatar_urls":{"24":"https:\/\/secure.gravatar.com\/avatar\/024e2d07ea14f30aebebfc4fa88920adacdba6e4fe1382f1762e6667cf490ccd?s=24&d=mm&r=g","48":"https:\/\/secure.gravatar.com\/avatar\/024e2d07ea14f30aebebfc4fa88920adacdba6e4fe1382f1762e6667cf490ccd?s=48&d=mm&r=g","96":"https:\/\/secure.gravatar.com\/avatar\/024e2d07ea14f30aebebfc4fa88920adacdba6e4fe1382f1762e6667cf490ccd?s=96&d=mm&r=g"},"date":"2013-03-08T07:25:00","cld_nonce":"173fc99a75","content":{"rendered":"<p>Also ich habe es auch getestet. Win8-64<br \/>\nKlappte absolut Problemlos wie beschrieben.<br \/>\nDie \u00dcbersetzung ist aber wirklich etwas &#8222;speziell&#8220;. HeHe.<\/p>\n<p>In der Kombination mit ModernMix finde ich die ganze Sache wirklich toll f\u00fcr den grossen Desktop Bildschirm.<\/p>\n<p>Ich hoffe MS schaut da genau hin und bringt \u00e4hnliches oder sogar besseres bei &#8222;Blue&#8220;.<br \/>\nIch bef\u00fcrchte aber leider nicht.<\/p>\n"},"status":"1"},{"id":1868,"parent":0,"author":134,"author_name":"&#109;&#111;&#105;&#110;&#109;&#111;&#105;&#110;","author_email":"moin-moin@hab-verschlafen.de","author_url":"","author_avatar_urls":{"24":"https:\/\/secure.gravatar.com\/avatar\/fab96769102f8886245ab411df9a42a235be79261e4b44aa7ab2a555da8b86b4?s=24&d=mm&r=g","48":"https:\/\/secure.gravatar.com\/avatar\/fab96769102f8886245ab411df9a42a235be79261e4b44aa7ab2a555da8b86b4?s=48&d=mm&r=g","96":"https:\/\/secure.gravatar.com\/avatar\/fab96769102f8886245ab411df9a42a235be79261e4b44aa7ab2a555da8b86b4?s=96&d=mm&r=g"},"date":"2013-03-08T08:14:23","cld_nonce":"173fc99a75","content":{"rendered":"<p>Jupp habs selbst getestet, J\u00fcrgenHugo. <img src=\"https:\/\/www.deskmodder.de\/blog\/wp-content\/plugins\/classic-smilies\/img\/icon_smile.gif\" alt=\":)\" class=\"wp-smiley\" \/><br \/>\nSchade nur das nicht auch die Apps kleiner bzw. in der Gr\u00f6sse dargestellt werden k\u00f6nnen. W\u00e4re die eleganteste L\u00f6sung gegen\u00fcber <a href='http:\/\/www.deskmodder.de\/blog\/2013\/03\/07\/modernmix-windows-8-apps-in-einzelenen-fenstern-oeffnen\/' >ModernMix<\/a>. (Und w\u00fcrde Geld sparen). <img src=\"https:\/\/www.deskmodder.de\/blog\/wp-content\/plugins\/classic-smilies\/img\/icon_wink.gif\" alt=\";)\" class=\"wp-smiley\" \/><\/p>\n"},"status":"1"},{"id":1890,"parent":0,"author":0,"author_name":"ImmersiveTaille \u00b7 Startscreen von Windows 8 auf dem Desktop zeigen \u203a Blog to go \u00b7 Marcels Blog","author_email":"","author_url":"http:\/\/www.blogtogo.de\/immersivetaille-startscreen-von-windows-8-auf-dem-desktop-zeigen\/","author_avatar_urls":{"24":"https:\/\/secure.gravatar.com\/avatar\/?s=24&d=mm&r=g","48":"https:\/\/secure.gravatar.com\/avatar\/?s=48&d=mm&r=g","96":"https:\/\/secure.gravatar.com\/avatar\/?s=96&d=mm&r=g"},"date":"2013-03-14T14:27:42","cld_nonce":"173fc99a75","content":{"rendered":"<p>[&#8230;] \u00dcbrigens, kleiner Tipp: \u00dcber die Fahne in der unteren linken Ecke k\u00f6nnt ihr die \u00dcbersetzung auch auf Deutsch stellen. Diese ist zwar unfreiwillig komisch, erf\u00fcllt aber ihren Zweck.  (via) [&#8230;]<\/p>\n"},"status":"1"}],"wp_author":{"id":134,"name":"moinmoin","description":"Ich bin nicht allwissend, was <a href=\"https:\/\/www.deskmodder.de\/wiki\/index.php?title=Kategorie:Windows_11\">Windows<\/a> angeht. Aber genau deshalb nehme ich Windows gerne auseinander und unter die Lupe, um all mein Wissen zu erweitern. <i>J\u00fcrgen<\/i>","author_avatar_urls":{"24":"https:\/\/secure.gravatar.com\/avatar\/fab96769102f8886245ab411df9a42a235be79261e4b44aa7ab2a555da8b86b4?s=24&d=mm&r=g","48":"https:\/\/secure.gravatar.com\/avatar\/fab96769102f8886245ab411df9a42a235be79261e4b44aa7ab2a555da8b86b4?s=48&d=mm&r=g","96":"https:\/\/secure.gravatar.com\/avatar\/fab96769102f8886245ab411df9a42a235be79261e4b44aa7ab2a555da8b86b4?s=96&d=mm&r=g"}},"cld_nonce":"173fc99a75","yoast_head":"<!-- This site is optimized with the Yoast SEO Premium plugin v27.5 (Yoast SEO v27.5) - https:\/\/yoast.com\/product\/yoast-seo-premium-wordpress\/ -->\n<title>ImmersiveTaille: Das neue Startmen\u00fc in den Desktop einbeziehen - Deskmodder.de<\/title>\n<meta name=\"robots\" content=\"index, follow, max-snippet:-1, max-image-preview:large, max-video-preview:-1\" \/>\n<link rel=\"canonical\" href=\"https:\/\/www.deskmodder.de\/blog\/2013\/03\/07\/immersivetaille-das-neue-startmenue-in-den-desktop-einbeziehen\/\" \/>\n<meta property=\"og:locale\" content=\"de_DE\" \/>\n<meta property=\"og:type\" content=\"article\" \/>\n<meta property=\"og:title\" content=\"ImmersiveTaille: Das neue Startmen\u00fc in den Desktop einbeziehen\" \/>\n<meta property=\"og:description\" content=\"Mit dem Tool ImmersiveTaille kann man das Moder UI (Metro) Startmen\u00fc auf dem Desktop einblenden lassen. Voreingestellte M\u00f6glichkeiten sind: Start oben, unten, rechts, links, sowie Modern UI (Metro) Start mit Taskleiste. Bei mehreren Monitoren reicht ein Klick auf + oder&hellip;\" \/>\n<meta property=\"og:url\" content=\"https:\/\/www.deskmodder.de\/blog\/2013\/03\/07\/immersivetaille-das-neue-startmenue-in-den-desktop-einbeziehen\/\" \/>\n<meta property=\"og:site_name\" content=\"Deskmodder.de\" \/>\n<meta property=\"article:publisher\" content=\"https:\/\/www.facebook.com\/Deskmodder\" \/>\n<meta property=\"article:published_time\" content=\"2013-03-07T12:27:43+00:00\" \/>\n<meta property=\"article:modified_time\" content=\"2023-01-14T16:20:09+00:00\" \/>\n<meta property=\"og:image\" content=\"https:\/\/www.deskmodder.de\/blog\/wp-content\/uploads\/2013\/03\/immersive_taille_v2.png\" \/>\n\t<meta property=\"og:image:width\" content=\"900\" \/>\n\t<meta property=\"og:image:height\" content=\"654\" \/>\n\t<meta property=\"og:image:type\" content=\"image\/png\" \/>\n<meta name=\"author\" content=\"moinmoin\" \/>\n<meta name=\"twitter:card\" content=\"summary_large_image\" \/>\n<meta name=\"twitter:creator\" content=\"@Deskmodder\" \/>\n<meta name=\"twitter:site\" content=\"@Deskmodder\" \/>\n<script type=\"application\/ld+json\" class=\"yoast-schema-graph\">{\"@context\":\"https:\\\/\\\/schema.org\",\"@graph\":[{\"@type\":\"Article\",\"@id\":\"https:\\\/\\\/www.deskmodder.de\\\/blog\\\/2013\\\/03\\\/07\\\/immersivetaille-das-neue-startmenue-in-den-desktop-einbeziehen\\\/#article\",\"isPartOf\":{\"@id\":\"https:\\\/\\\/www.deskmodder.de\\\/blog\\\/2013\\\/03\\\/07\\\/immersivetaille-das-neue-startmenue-in-den-desktop-einbeziehen\\\/\"},\"author\":{\"name\":\"moinmoin\",\"@id\":\"https:\\\/\\\/www.deskmodder.de\\\/blog\\\/#\\\/schema\\\/person\\\/a40b17a9503c4a1568ac4073bb54182a\"},\"headline\":\"ImmersiveTaille: Das neue Startmen\u00fc in den Desktop einbeziehen\",\"datePublished\":\"2013-03-07T12:27:43+00:00\",\"dateModified\":\"2023-01-14T16:20:09+00:00\",\"mainEntityOfPage\":{\"@id\":\"https:\\\/\\\/www.deskmodder.de\\\/blog\\\/2013\\\/03\\\/07\\\/immersivetaille-das-neue-startmenue-in-den-desktop-einbeziehen\\\/\"},\"wordCount\":147,\"commentCount\":4,\"publisher\":{\"@id\":\"https:\\\/\\\/www.deskmodder.de\\\/blog\\\/#organization\"},\"image\":{\"@id\":\"https:\\\/\\\/www.deskmodder.de\\\/blog\\\/2013\\\/03\\\/07\\\/immersivetaille-das-neue-startmenue-in-den-desktop-einbeziehen\\\/#primaryimage\"},\"thumbnailUrl\":\"https:\\\/\\\/www.deskmodder.de\\\/blog\\\/wp-content\\\/uploads\\\/2013\\\/03\\\/immersive_taille_v2.png\",\"keywords\":[\"ImmersiveTaille\",\"Metro Start mit Taskleiste\",\"Modern UI Start mit Taskleiste\",\"Start Menu Modifier\",\"Windows 8\"],\"articleSection\":[\"Windows \u00e4lter\"],\"inLanguage\":\"de\",\"potentialAction\":[{\"@type\":\"CommentAction\",\"name\":\"Comment\",\"target\":[\"https:\\\/\\\/www.deskmodder.de\\\/blog\\\/2013\\\/03\\\/07\\\/immersivetaille-das-neue-startmenue-in-den-desktop-einbeziehen\\\/#respond\"]}],\"copyrightYear\":\"2013\",\"copyrightHolder\":{\"@id\":\"https:\\\/\\\/www.deskmodder.de\\\/blog\\\/#organization\"}},{\"@type\":\"WebPage\",\"@id\":\"https:\\\/\\\/www.deskmodder.de\\\/blog\\\/2013\\\/03\\\/07\\\/immersivetaille-das-neue-startmenue-in-den-desktop-einbeziehen\\\/\",\"url\":\"https:\\\/\\\/www.deskmodder.de\\\/blog\\\/2013\\\/03\\\/07\\\/immersivetaille-das-neue-startmenue-in-den-desktop-einbeziehen\\\/\",\"name\":\"ImmersiveTaille: Das neue Startmen\u00fc in den Desktop einbeziehen - Deskmodder.de\",\"isPartOf\":{\"@id\":\"https:\\\/\\\/www.deskmodder.de\\\/blog\\\/#website\"},\"primaryImageOfPage\":{\"@id\":\"https:\\\/\\\/www.deskmodder.de\\\/blog\\\/2013\\\/03\\\/07\\\/immersivetaille-das-neue-startmenue-in-den-desktop-einbeziehen\\\/#primaryimage\"},\"image\":{\"@id\":\"https:\\\/\\\/www.deskmodder.de\\\/blog\\\/2013\\\/03\\\/07\\\/immersivetaille-das-neue-startmenue-in-den-desktop-einbeziehen\\\/#primaryimage\"},\"thumbnailUrl\":\"https:\\\/\\\/www.deskmodder.de\\\/blog\\\/wp-content\\\/uploads\\\/2013\\\/03\\\/immersive_taille_v2.png\",\"datePublished\":\"2013-03-07T12:27:43+00:00\",\"dateModified\":\"2023-01-14T16:20:09+00:00\",\"breadcrumb\":{\"@id\":\"https:\\\/\\\/www.deskmodder.de\\\/blog\\\/2013\\\/03\\\/07\\\/immersivetaille-das-neue-startmenue-in-den-desktop-einbeziehen\\\/#breadcrumb\"},\"inLanguage\":\"de\",\"potentialAction\":[{\"@type\":\"ReadAction\",\"target\":[\"https:\\\/\\\/www.deskmodder.de\\\/blog\\\/2013\\\/03\\\/07\\\/immersivetaille-das-neue-startmenue-in-den-desktop-einbeziehen\\\/\"]}]},{\"@type\":\"ImageObject\",\"inLanguage\":\"de\",\"@id\":\"https:\\\/\\\/www.deskmodder.de\\\/blog\\\/2013\\\/03\\\/07\\\/immersivetaille-das-neue-startmenue-in-den-desktop-einbeziehen\\\/#primaryimage\",\"url\":\"https:\\\/\\\/www.deskmodder.de\\\/blog\\\/wp-content\\\/uploads\\\/2013\\\/03\\\/immersive_taille_v2.png\",\"contentUrl\":\"https:\\\/\\\/www.deskmodder.de\\\/blog\\\/wp-content\\\/uploads\\\/2013\\\/03\\\/immersive_taille_v2.png\",\"width\":900,\"height\":654},{\"@type\":\"BreadcrumbList\",\"@id\":\"https:\\\/\\\/www.deskmodder.de\\\/blog\\\/2013\\\/03\\\/07\\\/immersivetaille-das-neue-startmenue-in-den-desktop-einbeziehen\\\/#breadcrumb\",\"itemListElement\":[{\"@type\":\"ListItem\",\"position\":1,\"name\":\"Startseite\",\"item\":\"https:\\\/\\\/www.deskmodder.de\\\/blog\\\/\"},{\"@type\":\"ListItem\",\"position\":2,\"name\":\"ImmersiveTaille: Das neue Startmen\u00fc in den Desktop einbeziehen\"}]},{\"@type\":\"WebSite\",\"@id\":\"https:\\\/\\\/www.deskmodder.de\\\/blog\\\/#website\",\"url\":\"https:\\\/\\\/www.deskmodder.de\\\/blog\\\/\",\"name\":\"Deskmodder.de\",\"description\":\"News zum Thema Microsoft, Windows 11 \\\/ 10, sowie anderen Neuigkeiten aus dem Netz, viele Tipps und individuelle Hilfe bei Problemen in unserem Forum \u25cf Deskmodder - seit 2003\",\"publisher\":{\"@id\":\"https:\\\/\\\/www.deskmodder.de\\\/blog\\\/#organization\"},\"potentialAction\":[{\"@type\":\"SearchAction\",\"target\":{\"@type\":\"EntryPoint\",\"urlTemplate\":\"https:\\\/\\\/www.deskmodder.de\\\/blog\\\/?s={search_term_string}\"},\"query-input\":{\"@type\":\"PropertyValueSpecification\",\"valueRequired\":true,\"valueName\":\"search_term_string\"}}],\"inLanguage\":\"de\"},{\"@type\":\"Organization\",\"@id\":\"https:\\\/\\\/www.deskmodder.de\\\/blog\\\/#organization\",\"name\":\"Deskmodder\",\"url\":\"https:\\\/\\\/www.deskmodder.de\\\/blog\\\/\",\"logo\":{\"@type\":\"ImageObject\",\"inLanguage\":\"de\",\"@id\":\"https:\\\/\\\/www.deskmodder.de\\\/blog\\\/#\\\/schema\\\/logo\\\/image\\\/\",\"url\":\"https:\\\/\\\/www.deskmodder.de\\\/blog\\\/wp-content\\\/uploads\\\/2019\\\/01\\\/deskmodder-logo-app.png\",\"contentUrl\":\"https:\\\/\\\/www.deskmodder.de\\\/blog\\\/wp-content\\\/uploads\\\/2019\\\/01\\\/deskmodder-logo-app.png\",\"width\":281,\"height\":286,\"caption\":\"Deskmodder\"},\"image\":{\"@id\":\"https:\\\/\\\/www.deskmodder.de\\\/blog\\\/#\\\/schema\\\/logo\\\/image\\\/\"},\"sameAs\":[\"https:\\\/\\\/www.facebook.com\\\/Deskmodder\",\"https:\\\/\\\/x.com\\\/Deskmodder\",\"https:\\\/\\\/mastodontech.de\\\/@Deskmodder\",\"https:\\\/\\\/www.youtube.com\\\/user\\\/deskmodder\",\"https:\\\/\\\/mewe.com\\\/group\\\/5c83b5231add826fc80cdae1\"]},{\"@type\":\"Person\",\"@id\":\"https:\\\/\\\/www.deskmodder.de\\\/blog\\\/#\\\/schema\\\/person\\\/a40b17a9503c4a1568ac4073bb54182a\",\"name\":\"moinmoin\",\"image\":{\"@type\":\"ImageObject\",\"inLanguage\":\"de\",\"@id\":\"https:\\\/\\\/secure.gravatar.com\\\/avatar\\\/fab96769102f8886245ab411df9a42a235be79261e4b44aa7ab2a555da8b86b4?s=96&d=mm&r=g\",\"url\":\"https:\\\/\\\/secure.gravatar.com\\\/avatar\\\/fab96769102f8886245ab411df9a42a235be79261e4b44aa7ab2a555da8b86b4?s=96&d=mm&r=g\",\"contentUrl\":\"https:\\\/\\\/secure.gravatar.com\\\/avatar\\\/fab96769102f8886245ab411df9a42a235be79261e4b44aa7ab2a555da8b86b4?s=96&d=mm&r=g\",\"caption\":\"moinmoin\"},\"description\":\"Ich bin nicht allwissend, was Windows angeht. Aber genau deshalb nehme ich Windows gerne auseinander und unter die Lupe, um all mein Wissen zu erweitern. J\u00fcrgen\",\"url\":\"https:\\\/\\\/www.deskmodder.de\\\/blog\\\/author\\\/moinmoin\\\/\"}]}<\/script>\n<!-- \/ Yoast SEO Premium plugin. -->","yoast_head_json":{"title":"ImmersiveTaille: Das neue Startmen\u00fc in den Desktop einbeziehen - Deskmodder.de","robots":{"index":"index","follow":"follow","max-snippet":"max-snippet:-1","max-image-preview":"max-image-preview:large","max-video-preview":"max-video-preview:-1"},"canonical":"https:\/\/www.deskmodder.de\/blog\/2013\/03\/07\/immersivetaille-das-neue-startmenue-in-den-desktop-einbeziehen\/","og_locale":"de_DE","og_type":"article","og_title":"ImmersiveTaille: Das neue Startmen\u00fc in den Desktop einbeziehen","og_description":"Mit dem Tool ImmersiveTaille kann man das Moder UI (Metro) Startmen\u00fc auf dem Desktop einblenden lassen. Voreingestellte M\u00f6glichkeiten sind: Start oben, unten, rechts, links, sowie Modern UI (Metro) Start mit Taskleiste. Bei mehreren Monitoren reicht ein Klick auf + oder&hellip;","og_url":"https:\/\/www.deskmodder.de\/blog\/2013\/03\/07\/immersivetaille-das-neue-startmenue-in-den-desktop-einbeziehen\/","og_site_name":"Deskmodder.de","article_publisher":"https:\/\/www.facebook.com\/Deskmodder","article_published_time":"2013-03-07T12:27:43+00:00","article_modified_time":"2023-01-14T16:20:09+00:00","og_image":[{"width":900,"height":654,"url":"https:\/\/www.deskmodder.de\/blog\/wp-content\/uploads\/2013\/03\/immersive_taille_v2.png","type":"image\/png"}],"author":"moinmoin","twitter_card":"summary_large_image","twitter_creator":"@Deskmodder","twitter_site":"@Deskmodder","schema":{"@context":"https:\/\/schema.org","@graph":[{"@type":"Article","@id":"https:\/\/www.deskmodder.de\/blog\/2013\/03\/07\/immersivetaille-das-neue-startmenue-in-den-desktop-einbeziehen\/#article","isPartOf":{"@id":"https:\/\/www.deskmodder.de\/blog\/2013\/03\/07\/immersivetaille-das-neue-startmenue-in-den-desktop-einbeziehen\/"},"author":{"name":"moinmoin","@id":"https:\/\/www.deskmodder.de\/blog\/#\/schema\/person\/a40b17a9503c4a1568ac4073bb54182a"},"headline":"ImmersiveTaille: Das neue Startmen\u00fc in den Desktop einbeziehen","datePublished":"2013-03-07T12:27:43+00:00","dateModified":"2023-01-14T16:20:09+00:00","mainEntityOfPage":{"@id":"https:\/\/www.deskmodder.de\/blog\/2013\/03\/07\/immersivetaille-das-neue-startmenue-in-den-desktop-einbeziehen\/"},"wordCount":147,"commentCount":4,"publisher":{"@id":"https:\/\/www.deskmodder.de\/blog\/#organization"},"image":{"@id":"https:\/\/www.deskmodder.de\/blog\/2013\/03\/07\/immersivetaille-das-neue-startmenue-in-den-desktop-einbeziehen\/#primaryimage"},"thumbnailUrl":"https:\/\/www.deskmodder.de\/blog\/wp-content\/uploads\/2013\/03\/immersive_taille_v2.png","keywords":["ImmersiveTaille","Metro Start mit Taskleiste","Modern UI Start mit Taskleiste","Start Menu Modifier","Windows 8"],"articleSection":["Windows \u00e4lter"],"inLanguage":"de","potentialAction":[{"@type":"CommentAction","name":"Comment","target":["https:\/\/www.deskmodder.de\/blog\/2013\/03\/07\/immersivetaille-das-neue-startmenue-in-den-desktop-einbeziehen\/#respond"]}],"copyrightYear":"2013","copyrightHolder":{"@id":"https:\/\/www.deskmodder.de\/blog\/#organization"}},{"@type":"WebPage","@id":"https:\/\/www.deskmodder.de\/blog\/2013\/03\/07\/immersivetaille-das-neue-startmenue-in-den-desktop-einbeziehen\/","url":"https:\/\/www.deskmodder.de\/blog\/2013\/03\/07\/immersivetaille-das-neue-startmenue-in-den-desktop-einbeziehen\/","name":"ImmersiveTaille: Das neue Startmen\u00fc in den Desktop einbeziehen - Deskmodder.de","isPartOf":{"@id":"https:\/\/www.deskmodder.de\/blog\/#website"},"primaryImageOfPage":{"@id":"https:\/\/www.deskmodder.de\/blog\/2013\/03\/07\/immersivetaille-das-neue-startmenue-in-den-desktop-einbeziehen\/#primaryimage"},"image":{"@id":"https:\/\/www.deskmodder.de\/blog\/2013\/03\/07\/immersivetaille-das-neue-startmenue-in-den-desktop-einbeziehen\/#primaryimage"},"thumbnailUrl":"https:\/\/www.deskmodder.de\/blog\/wp-content\/uploads\/2013\/03\/immersive_taille_v2.png","datePublished":"2013-03-07T12:27:43+00:00","dateModified":"2023-01-14T16:20:09+00:00","breadcrumb":{"@id":"https:\/\/www.deskmodder.de\/blog\/2013\/03\/07\/immersivetaille-das-neue-startmenue-in-den-desktop-einbeziehen\/#breadcrumb"},"inLanguage":"de","potentialAction":[{"@type":"ReadAction","target":["https:\/\/www.deskmodder.de\/blog\/2013\/03\/07\/immersivetaille-das-neue-startmenue-in-den-desktop-einbeziehen\/"]}]},{"@type":"ImageObject","inLanguage":"de","@id":"https:\/\/www.deskmodder.de\/blog\/2013\/03\/07\/immersivetaille-das-neue-startmenue-in-den-desktop-einbeziehen\/#primaryimage","url":"https:\/\/www.deskmodder.de\/blog\/wp-content\/uploads\/2013\/03\/immersive_taille_v2.png","contentUrl":"https:\/\/www.deskmodder.de\/blog\/wp-content\/uploads\/2013\/03\/immersive_taille_v2.png","width":900,"height":654},{"@type":"BreadcrumbList","@id":"https:\/\/www.deskmodder.de\/blog\/2013\/03\/07\/immersivetaille-das-neue-startmenue-in-den-desktop-einbeziehen\/#breadcrumb","itemListElement":[{"@type":"ListItem","position":1,"name":"Startseite","item":"https:\/\/www.deskmodder.de\/blog\/"},{"@type":"ListItem","position":2,"name":"ImmersiveTaille: Das neue Startmen\u00fc in den Desktop einbeziehen"}]},{"@type":"WebSite","@id":"https:\/\/www.deskmodder.de\/blog\/#website","url":"https:\/\/www.deskmodder.de\/blog\/","name":"Deskmodder.de","description":"News zum Thema Microsoft, Windows 11 \/ 10, sowie anderen Neuigkeiten aus dem Netz, viele Tipps und individuelle Hilfe bei Problemen in unserem Forum \u25cf Deskmodder - seit 2003","publisher":{"@id":"https:\/\/www.deskmodder.de\/blog\/#organization"},"potentialAction":[{"@type":"SearchAction","target":{"@type":"EntryPoint","urlTemplate":"https:\/\/www.deskmodder.de\/blog\/?s={search_term_string}"},"query-input":{"@type":"PropertyValueSpecification","valueRequired":true,"valueName":"search_term_string"}}],"inLanguage":"de"},{"@type":"Organization","@id":"https:\/\/www.deskmodder.de\/blog\/#organization","name":"Deskmodder","url":"https:\/\/www.deskmodder.de\/blog\/","logo":{"@type":"ImageObject","inLanguage":"de","@id":"https:\/\/www.deskmodder.de\/blog\/#\/schema\/logo\/image\/","url":"https:\/\/www.deskmodder.de\/blog\/wp-content\/uploads\/2019\/01\/deskmodder-logo-app.png","contentUrl":"https:\/\/www.deskmodder.de\/blog\/wp-content\/uploads\/2019\/01\/deskmodder-logo-app.png","width":281,"height":286,"caption":"Deskmodder"},"image":{"@id":"https:\/\/www.deskmodder.de\/blog\/#\/schema\/logo\/image\/"},"sameAs":["https:\/\/www.facebook.com\/Deskmodder","https:\/\/x.com\/Deskmodder","https:\/\/mastodontech.de\/@Deskmodder","https:\/\/www.youtube.com\/user\/deskmodder","https:\/\/mewe.com\/group\/5c83b5231add826fc80cdae1"]},{"@type":"Person","@id":"https:\/\/www.deskmodder.de\/blog\/#\/schema\/person\/a40b17a9503c4a1568ac4073bb54182a","name":"moinmoin","image":{"@type":"ImageObject","inLanguage":"de","@id":"https:\/\/secure.gravatar.com\/avatar\/fab96769102f8886245ab411df9a42a235be79261e4b44aa7ab2a555da8b86b4?s=96&d=mm&r=g","url":"https:\/\/secure.gravatar.com\/avatar\/fab96769102f8886245ab411df9a42a235be79261e4b44aa7ab2a555da8b86b4?s=96&d=mm&r=g","contentUrl":"https:\/\/secure.gravatar.com\/avatar\/fab96769102f8886245ab411df9a42a235be79261e4b44aa7ab2a555da8b86b4?s=96&d=mm&r=g","caption":"moinmoin"},"description":"Ich bin nicht allwissend, was Windows angeht. Aber genau deshalb nehme ich Windows gerne auseinander und unter die Lupe, um all mein Wissen zu erweitern. J\u00fcrgen","url":"https:\/\/www.deskmodder.de\/blog\/author\/moinmoin\/"}]}},"jetpack_publicize_connections":[],"jetpack_featured_media_url":"https:\/\/www.deskmodder.de\/blog\/wp-content\/uploads\/2013\/03\/immersive_taille_v2.png","_links":{"self":[{"href":"https:\/\/www.deskmodder.de\/blog\/wp-json\/wp\/v2\/posts\/5705","targetHints":{"allow":["GET"]}}],"collection":[{"href":"https:\/\/www.deskmodder.de\/blog\/wp-json\/wp\/v2\/posts"}],"about":[{"href":"https:\/\/www.deskmodder.de\/blog\/wp-json\/wp\/v2\/types\/post"}],"author":[{"embeddable":true,"href":"https:\/\/www.deskmodder.de\/blog\/wp-json\/wp\/v2\/users\/134"}],"replies":[{"embeddable":true,"href":"https:\/\/www.deskmodder.de\/blog\/wp-json\/wp\/v2\/comments?post=5705"}],"version-history":[{"count":0,"href":"https:\/\/www.deskmodder.de\/blog\/wp-json\/wp\/v2\/posts\/5705\/revisions"}],"wp:featuredmedia":[{"embeddable":true,"href":"https:\/\/www.deskmodder.de\/blog\/wp-json\/wp\/v2\/media\/5706"}],"wp:attachment":[{"href":"https:\/\/www.deskmodder.de\/blog\/wp-json\/wp\/v2\/media?parent=5705"}],"wp:term":[{"taxonomy":"category","embeddable":true,"href":"https:\/\/www.deskmodder.de\/blog\/wp-json\/wp\/v2\/categories?post=5705"},{"taxonomy":"post_tag","embeddable":true,"href":"https:\/\/www.deskmodder.de\/blog\/wp-json\/wp\/v2\/tags?post=5705"}],"curies":[{"name":"wp","href":"https:\/\/api.w.org\/{rel}","templated":true}]}}