{"id":56147,"date":"2015-11-03T11:43:51","date_gmt":"2015-11-03T10:43:51","guid":{"rendered":"http:\/\/www.deskmodder.de\/blog\/?p=56147"},"modified":"2023-01-14T16:33:48","modified_gmt":"2023-01-14T15:33:48","slug":"windows-7-professional-vorinstalliert-am-31-oktober-2016-ist-feierabend","status":"publish","type":"post","link":"https:\/\/www.deskmodder.de\/blog\/2015\/11\/03\/windows-7-professional-vorinstalliert-am-31-oktober-2016-ist-feierabend\/","title":{"rendered":"Windows 7 Professional vorinstalliert &#8211; Am 31.Oktober 2016 ist Feierabend"},"content":{"rendered":"<p>Alle reden \u00fcber Windows 10 und die neuen Ger\u00e4te mit dem neuen vorinstalliertem Betriebssystem. Aber Microsoft gibt den Ger\u00e4teherstellern noch eine Gnadenfrist f\u00fcr Windows 7 Professional auf neuen Ger\u00e4ten. Denn obwohl der Verkauf von Windows 7 schon l\u00e4ngst eingestellt wurde, k\u00f6nnen die OEMs noch bis zum 31.Oktober 2016 Windows 7 Professional installieren. Somit hat Microsoft die &#8222;Deadline&#8220; gegen\u00fcber dem normalen Rhythmus noch einmal um zwei Jahre verl\u00e4ngert.<\/p>\n<p><a href=\"http:\/\/www.deskmodder.de\/blog\/wp-content\/uploads\/2015\/11\/win-7-pro-bis-wann-verkauf.jpg\" rel=\"lightbox[56147]\"><img loading=\"lazy\" decoding=\"async\" src=\"http:\/\/www.deskmodder.de\/blog\/wp-content\/uploads\/2015\/11\/win-7-pro-bis-wann-verkauf-500x360.jpg\" alt=\"win-7-pro-bis-wann-verkauf\" width=\"500\" height=\"360\" class=\"aligncenter size-medium wp-image-56148\" srcset=\"https:\/\/www.deskmodder.de\/blog\/wp-content\/uploads\/2015\/11\/win-7-pro-bis-wann-verkauf-500x360.jpg 500w, https:\/\/www.deskmodder.de\/blog\/wp-content\/uploads\/2015\/11\/win-7-pro-bis-wann-verkauf-250x180.jpg 250w, https:\/\/www.deskmodder.de\/blog\/wp-content\/uploads\/2015\/11\/win-7-pro-bis-wann-verkauf-700x504.jpg 700w\" sizes=\"auto, (max-width: 500px) 100vw, 500px\" \/><\/a><\/p>\n<p>Selbst Windows 8.0 wird schon im Juni 2016, also noch vor Windows 7 Pro nicht mehr vorinstalliert. Auch Windows 8.1 wird dann zum 31.10 eingestellt. Danach gibt es dann nur die Lagerbest\u00e4nde in den Online- und Offline-Shops.   Wenn sich Firmen oder auch private Personen Ger\u00e4te mit Windows 7 Professional kaufen, haben sie noch 4 Jahre um es &#8222;supportet&#8220; nutzen zu k\u00f6nnen. Denn 2020 ist dann auch endg\u00fcltig Schluss f\u00fcr Windows 7.<\/p>\n<p>Warum ich immer Professional hinter Windows 7 schreibe? Ganz einfach, weil es schon seit einem Jahr keine neuen Ger\u00e4te mehr mit Win 7 Basic, Home Premium und sogar Ultimate mehr gibt und ich hier keinem eine Hoffnung machen will, dass es neben der Pro auch noch andere Versionen gibt.<\/p>\n<p>Wer noch die Windows 7 herumliegen hat, braucht sich aber keine Gedanken machen. Denn installieren l\u00e4sst sich Windows 7 auch weiterhin.<\/p>\n<div class=\"quelle\">Quelle: <a href=\"http:\/\/windows.microsoft.com\/en-us\/windows\/lifecycle#section_2\" target=\"_blank\" rel=\"noopener\">microsoft<\/a><\/div>\n","protected":false},"excerpt":{"rendered":"<p>Alle reden \u00fcber Windows 10 und die neuen Ger\u00e4te mit dem neuen vorinstalliertem Betriebssystem. Aber Microsoft gibt den Ger\u00e4teherstellern noch eine Gnadenfrist f\u00fcr Windows 7 Professional auf neuen Ger\u00e4ten. Denn obwohl der Verkauf von Windows 7 schon l\u00e4ngst eingestellt wurde,&hellip; <\/p>\n","protected":false},"author":134,"featured_media":56148,"comment_status":"open","ping_status":"open","sticky":false,"template":"","format":"standard","meta":{"jetpack_post_was_ever_published":false,"footnotes":"","jetpack_publicize_message":"","jetpack_publicize_feature_enabled":true,"jetpack_social_post_already_shared":true,"jetpack_social_options":{"image_generator_settings":{"template":"highway","default_image_id":0,"font":"","enabled":false},"version":2}},"categories":[11],"tags":[10905,10904,10903,14],"class_list":["post-56147","post","type-post","status-publish","format-standard","has-post-thumbnail","hentry","category-windows","tag-31-oktober-2016","tag-geraete-deadline","tag-professional","tag-windows-7-2"],"wp_featured_image":{"id":56148,"alt_text":"","description":"","media_type":"image","media_details":{"width":890,"height":503,"file":"2015\/11\/win-7-pro-bis-wann-verkauf.jpg","sizes":{"thumbnail":{"file":"win-7-pro-bis-wann-verkauf-250x180.jpg","width":250,"height":180,"mime-type":"image\/jpeg","source_url":"https:\/\/www.deskmodder.de\/blog\/wp-content\/uploads\/2015\/11\/win-7-pro-bis-wann-verkauf-250x180.jpg"},"medium":{"file":"win-7-pro-bis-wann-verkauf-500x360.jpg","width":500,"height":360,"mime-type":"image\/jpeg","source_url":"https:\/\/www.deskmodder.de\/blog\/wp-content\/uploads\/2015\/11\/win-7-pro-bis-wann-verkauf-500x360.jpg"},"large":{"file":"win-7-pro-bis-wann-verkauf-700x504.jpg","width":700,"height":504,"mime-type":"image\/jpeg","source_url":"https:\/\/www.deskmodder.de\/blog\/wp-content\/uploads\/2015\/11\/win-7-pro-bis-wann-verkauf-700x504.jpg"},"wp_review_large":{"file":"win-7-pro-bis-wann-verkauf-320x200.jpg","width":320,"height":200,"mime-type":"image\/jpeg","source_url":"https:\/\/www.deskmodder.de\/blog\/wp-content\/uploads\/2015\/11\/win-7-pro-bis-wann-verkauf-320x200.jpg"},"wp_review_small":{"file":"win-7-pro-bis-wann-verkauf-65x65.jpg","width":65,"height":65,"mime-type":"image\/jpeg","source_url":"https:\/\/www.deskmodder.de\/blog\/wp-content\/uploads\/2015\/11\/win-7-pro-bis-wann-verkauf-65x65.jpg"},"wp_rp_thumbnail":{"file":"win-7-pro-bis-wann-verkauf-150x150.jpg","width":150,"height":150,"mime-type":"image\/jpeg","source_url":"https:\/\/www.deskmodder.de\/blog\/wp-content\/uploads\/2015\/11\/win-7-pro-bis-wann-verkauf-150x150.jpg"}},"image_meta":{"aperture":0,"credit":"","camera":"","caption":"","created_timestamp":0,"copyright":"","focal_length":0,"iso":0,"shutter_speed":0,"title":"","orientation":0}},"post":56147,"source_url":"https:\/\/www.deskmodder.de\/blog\/wp-content\/uploads\/2015\/11\/win-7-pro-bis-wann-verkauf.jpg"},"commentcount":1,"wp_comments":[{"id":16100,"parent":0,"author":2177,"author_name":"Der Puritaner","author_email":"der-puritaner@gmx.net","author_url":"","author_avatar_urls":{"24":"https:\/\/secure.gravatar.com\/avatar\/9d6937f93cc6173813be361c8e62fc8d6bdd38aec327224eb7bf45bfc3f61600?s=24&d=mm&r=g","48":"https:\/\/secure.gravatar.com\/avatar\/9d6937f93cc6173813be361c8e62fc8d6bdd38aec327224eb7bf45bfc3f61600?s=48&d=mm&r=g","96":"https:\/\/secure.gravatar.com\/avatar\/9d6937f93cc6173813be361c8e62fc8d6bdd38aec327224eb7bf45bfc3f61600?s=96&d=mm&r=g"},"date":"2015-11-03T19:49:22","cld_nonce":"2c6819c04b","content":{"rendered":"<p>Schon klar der User soll nun mit Windows 10 vorlieb nehmen.<\/p>\n<p>Volumenlizenzkunden und MSDN-Abonnenten k\u00f6nnen weiterhin Windows 7 und 8.1 aus den jeweiligen Download-Portalen beziehen, allein schon um ihre Downgrade-Rechte wahrnehmen zu k\u00f6nnen. Diese haben im Prinzip auch Privatkunden, in der Praxis werden sie sie aber nur selten wirklich wahrnehmen k\u00f6nnen.<\/p>\n"},"status":"1"}],"wp_author":{"id":134,"name":"moinmoin","description":"Ich bin nicht allwissend, was <a href=\"https:\/\/www.deskmodder.de\/wiki\/index.php?title=Kategorie:Windows_11\">Windows<\/a> angeht. Aber genau deshalb nehme ich Windows gerne auseinander und unter die Lupe, um all mein Wissen zu erweitern. <i>J\u00fcrgen<\/i>","author_avatar_urls":{"24":"https:\/\/secure.gravatar.com\/avatar\/fab96769102f8886245ab411df9a42a235be79261e4b44aa7ab2a555da8b86b4?s=24&d=mm&r=g","48":"https:\/\/secure.gravatar.com\/avatar\/fab96769102f8886245ab411df9a42a235be79261e4b44aa7ab2a555da8b86b4?s=48&d=mm&r=g","96":"https:\/\/secure.gravatar.com\/avatar\/fab96769102f8886245ab411df9a42a235be79261e4b44aa7ab2a555da8b86b4?s=96&d=mm&r=g"}},"cld_nonce":"2c6819c04b","yoast_head":"<!-- This site is optimized with the Yoast SEO Premium plugin v27.5 (Yoast SEO v27.5) - https:\/\/yoast.com\/product\/yoast-seo-premium-wordpress\/ -->\n<title>Windows 7 Professional vorinstalliert - Am 31.Oktober 2016 ist Feierabend - Deskmodder.de<\/title>\n<meta name=\"description\" content=\"Wer Windows 7 vorinstalliert kaufen m\u00f6chte, hat noch Zeit bis zum 31.Oktober 2016.\" \/>\n<meta name=\"robots\" content=\"index, follow, max-snippet:-1, max-image-preview:large, max-video-preview:-1\" \/>\n<link rel=\"canonical\" href=\"https:\/\/www.deskmodder.de\/blog\/2015\/11\/03\/windows-7-professional-vorinstalliert-am-31-oktober-2016-ist-feierabend\/\" \/>\n<meta property=\"og:locale\" content=\"de_DE\" \/>\n<meta property=\"og:type\" content=\"article\" \/>\n<meta property=\"og:title\" content=\"Windows 7 Professional vorinstalliert - Am 31.Oktober 2016 ist Feierabend\" \/>\n<meta property=\"og:description\" content=\"Wer Windows 7 vorinstalliert kaufen m\u00f6chte, hat noch Zeit bis zum 31.Oktober 2016.\" \/>\n<meta property=\"og:url\" content=\"https:\/\/www.deskmodder.de\/blog\/2015\/11\/03\/windows-7-professional-vorinstalliert-am-31-oktober-2016-ist-feierabend\/\" \/>\n<meta property=\"og:site_name\" content=\"Deskmodder.de\" \/>\n<meta property=\"article:publisher\" content=\"https:\/\/www.facebook.com\/Deskmodder\" \/>\n<meta property=\"article:published_time\" content=\"2015-11-03T10:43:51+00:00\" \/>\n<meta property=\"article:modified_time\" content=\"2023-01-14T15:33:48+00:00\" \/>\n<meta property=\"og:image\" content=\"https:\/\/www.deskmodder.de\/blog\/wp-content\/uploads\/2015\/11\/win-7-pro-bis-wann-verkauf.jpg\" \/>\n\t<meta property=\"og:image:width\" content=\"890\" \/>\n\t<meta property=\"og:image:height\" content=\"503\" \/>\n\t<meta property=\"og:image:type\" content=\"image\/jpeg\" \/>\n<meta name=\"author\" content=\"moinmoin\" \/>\n<meta name=\"twitter:card\" content=\"summary_large_image\" \/>\n<meta name=\"twitter:creator\" content=\"@Deskmodder\" \/>\n<meta name=\"twitter:site\" content=\"@Deskmodder\" \/>\n<script type=\"application\/ld+json\" class=\"yoast-schema-graph\">{\"@context\":\"https:\\\/\\\/schema.org\",\"@graph\":[{\"@type\":\"Article\",\"@id\":\"https:\\\/\\\/www.deskmodder.de\\\/blog\\\/2015\\\/11\\\/03\\\/windows-7-professional-vorinstalliert-am-31-oktober-2016-ist-feierabend\\\/#article\",\"isPartOf\":{\"@id\":\"https:\\\/\\\/www.deskmodder.de\\\/blog\\\/2015\\\/11\\\/03\\\/windows-7-professional-vorinstalliert-am-31-oktober-2016-ist-feierabend\\\/\"},\"author\":{\"name\":\"moinmoin\",\"@id\":\"https:\\\/\\\/www.deskmodder.de\\\/blog\\\/#\\\/schema\\\/person\\\/a40b17a9503c4a1568ac4073bb54182a\"},\"headline\":\"Windows 7 Professional vorinstalliert &#8211; Am 31.Oktober 2016 ist Feierabend\",\"datePublished\":\"2015-11-03T10:43:51+00:00\",\"dateModified\":\"2023-01-14T15:33:48+00:00\",\"mainEntityOfPage\":{\"@id\":\"https:\\\/\\\/www.deskmodder.de\\\/blog\\\/2015\\\/11\\\/03\\\/windows-7-professional-vorinstalliert-am-31-oktober-2016-ist-feierabend\\\/\"},\"wordCount\":217,\"commentCount\":1,\"publisher\":{\"@id\":\"https:\\\/\\\/www.deskmodder.de\\\/blog\\\/#organization\"},\"image\":{\"@id\":\"https:\\\/\\\/www.deskmodder.de\\\/blog\\\/2015\\\/11\\\/03\\\/windows-7-professional-vorinstalliert-am-31-oktober-2016-ist-feierabend\\\/#primaryimage\"},\"thumbnailUrl\":\"https:\\\/\\\/www.deskmodder.de\\\/blog\\\/wp-content\\\/uploads\\\/2015\\\/11\\\/win-7-pro-bis-wann-verkauf.jpg\",\"keywords\":[\"31.Oktober 2016\",\"Ger\u00e4te Deadline\",\"Professional\",\"windows 7\"],\"articleSection\":[\"Windows \u00e4lter\"],\"inLanguage\":\"de\",\"potentialAction\":[{\"@type\":\"CommentAction\",\"name\":\"Comment\",\"target\":[\"https:\\\/\\\/www.deskmodder.de\\\/blog\\\/2015\\\/11\\\/03\\\/windows-7-professional-vorinstalliert-am-31-oktober-2016-ist-feierabend\\\/#respond\"]}],\"copyrightYear\":\"2015\",\"copyrightHolder\":{\"@id\":\"https:\\\/\\\/www.deskmodder.de\\\/blog\\\/#organization\"}},{\"@type\":\"WebPage\",\"@id\":\"https:\\\/\\\/www.deskmodder.de\\\/blog\\\/2015\\\/11\\\/03\\\/windows-7-professional-vorinstalliert-am-31-oktober-2016-ist-feierabend\\\/\",\"url\":\"https:\\\/\\\/www.deskmodder.de\\\/blog\\\/2015\\\/11\\\/03\\\/windows-7-professional-vorinstalliert-am-31-oktober-2016-ist-feierabend\\\/\",\"name\":\"Windows 7 Professional vorinstalliert - Am 31.Oktober 2016 ist Feierabend - Deskmodder.de\",\"isPartOf\":{\"@id\":\"https:\\\/\\\/www.deskmodder.de\\\/blog\\\/#website\"},\"primaryImageOfPage\":{\"@id\":\"https:\\\/\\\/www.deskmodder.de\\\/blog\\\/2015\\\/11\\\/03\\\/windows-7-professional-vorinstalliert-am-31-oktober-2016-ist-feierabend\\\/#primaryimage\"},\"image\":{\"@id\":\"https:\\\/\\\/www.deskmodder.de\\\/blog\\\/2015\\\/11\\\/03\\\/windows-7-professional-vorinstalliert-am-31-oktober-2016-ist-feierabend\\\/#primaryimage\"},\"thumbnailUrl\":\"https:\\\/\\\/www.deskmodder.de\\\/blog\\\/wp-content\\\/uploads\\\/2015\\\/11\\\/win-7-pro-bis-wann-verkauf.jpg\",\"datePublished\":\"2015-11-03T10:43:51+00:00\",\"dateModified\":\"2023-01-14T15:33:48+00:00\",\"description\":\"Wer Windows 7 vorinstalliert kaufen m\u00f6chte, hat noch Zeit bis zum 31.Oktober 2016.\",\"breadcrumb\":{\"@id\":\"https:\\\/\\\/www.deskmodder.de\\\/blog\\\/2015\\\/11\\\/03\\\/windows-7-professional-vorinstalliert-am-31-oktober-2016-ist-feierabend\\\/#breadcrumb\"},\"inLanguage\":\"de\",\"potentialAction\":[{\"@type\":\"ReadAction\",\"target\":[\"https:\\\/\\\/www.deskmodder.de\\\/blog\\\/2015\\\/11\\\/03\\\/windows-7-professional-vorinstalliert-am-31-oktober-2016-ist-feierabend\\\/\"]}]},{\"@type\":\"ImageObject\",\"inLanguage\":\"de\",\"@id\":\"https:\\\/\\\/www.deskmodder.de\\\/blog\\\/2015\\\/11\\\/03\\\/windows-7-professional-vorinstalliert-am-31-oktober-2016-ist-feierabend\\\/#primaryimage\",\"url\":\"https:\\\/\\\/www.deskmodder.de\\\/blog\\\/wp-content\\\/uploads\\\/2015\\\/11\\\/win-7-pro-bis-wann-verkauf.jpg\",\"contentUrl\":\"https:\\\/\\\/www.deskmodder.de\\\/blog\\\/wp-content\\\/uploads\\\/2015\\\/11\\\/win-7-pro-bis-wann-verkauf.jpg\",\"width\":890,\"height\":503},{\"@type\":\"BreadcrumbList\",\"@id\":\"https:\\\/\\\/www.deskmodder.de\\\/blog\\\/2015\\\/11\\\/03\\\/windows-7-professional-vorinstalliert-am-31-oktober-2016-ist-feierabend\\\/#breadcrumb\",\"itemListElement\":[{\"@type\":\"ListItem\",\"position\":1,\"name\":\"Startseite\",\"item\":\"https:\\\/\\\/www.deskmodder.de\\\/blog\\\/\"},{\"@type\":\"ListItem\",\"position\":2,\"name\":\"Windows 7 Professional vorinstalliert &#8211; Am 31.Oktober 2016 ist Feierabend\"}]},{\"@type\":\"WebSite\",\"@id\":\"https:\\\/\\\/www.deskmodder.de\\\/blog\\\/#website\",\"url\":\"https:\\\/\\\/www.deskmodder.de\\\/blog\\\/\",\"name\":\"Deskmodder.de\",\"description\":\"News zum Thema Microsoft, Windows 11 \\\/ 10, sowie anderen Neuigkeiten aus dem Netz, viele Tipps und individuelle Hilfe bei Problemen in unserem Forum \u25cf Deskmodder - seit 2003\",\"publisher\":{\"@id\":\"https:\\\/\\\/www.deskmodder.de\\\/blog\\\/#organization\"},\"potentialAction\":[{\"@type\":\"SearchAction\",\"target\":{\"@type\":\"EntryPoint\",\"urlTemplate\":\"https:\\\/\\\/www.deskmodder.de\\\/blog\\\/?s={search_term_string}\"},\"query-input\":{\"@type\":\"PropertyValueSpecification\",\"valueRequired\":true,\"valueName\":\"search_term_string\"}}],\"inLanguage\":\"de\"},{\"@type\":\"Organization\",\"@id\":\"https:\\\/\\\/www.deskmodder.de\\\/blog\\\/#organization\",\"name\":\"Deskmodder\",\"url\":\"https:\\\/\\\/www.deskmodder.de\\\/blog\\\/\",\"logo\":{\"@type\":\"ImageObject\",\"inLanguage\":\"de\",\"@id\":\"https:\\\/\\\/www.deskmodder.de\\\/blog\\\/#\\\/schema\\\/logo\\\/image\\\/\",\"url\":\"https:\\\/\\\/www.deskmodder.de\\\/blog\\\/wp-content\\\/uploads\\\/2019\\\/01\\\/deskmodder-logo-app.png\",\"contentUrl\":\"https:\\\/\\\/www.deskmodder.de\\\/blog\\\/wp-content\\\/uploads\\\/2019\\\/01\\\/deskmodder-logo-app.png\",\"width\":281,\"height\":286,\"caption\":\"Deskmodder\"},\"image\":{\"@id\":\"https:\\\/\\\/www.deskmodder.de\\\/blog\\\/#\\\/schema\\\/logo\\\/image\\\/\"},\"sameAs\":[\"https:\\\/\\\/www.facebook.com\\\/Deskmodder\",\"https:\\\/\\\/x.com\\\/Deskmodder\",\"https:\\\/\\\/mastodontech.de\\\/@Deskmodder\",\"https:\\\/\\\/www.youtube.com\\\/user\\\/deskmodder\",\"https:\\\/\\\/mewe.com\\\/group\\\/5c83b5231add826fc80cdae1\"]},{\"@type\":\"Person\",\"@id\":\"https:\\\/\\\/www.deskmodder.de\\\/blog\\\/#\\\/schema\\\/person\\\/a40b17a9503c4a1568ac4073bb54182a\",\"name\":\"moinmoin\",\"image\":{\"@type\":\"ImageObject\",\"inLanguage\":\"de\",\"@id\":\"https:\\\/\\\/secure.gravatar.com\\\/avatar\\\/fab96769102f8886245ab411df9a42a235be79261e4b44aa7ab2a555da8b86b4?s=96&d=mm&r=g\",\"url\":\"https:\\\/\\\/secure.gravatar.com\\\/avatar\\\/fab96769102f8886245ab411df9a42a235be79261e4b44aa7ab2a555da8b86b4?s=96&d=mm&r=g\",\"contentUrl\":\"https:\\\/\\\/secure.gravatar.com\\\/avatar\\\/fab96769102f8886245ab411df9a42a235be79261e4b44aa7ab2a555da8b86b4?s=96&d=mm&r=g\",\"caption\":\"moinmoin\"},\"description\":\"Ich bin nicht allwissend, was Windows angeht. Aber genau deshalb nehme ich Windows gerne auseinander und unter die Lupe, um all mein Wissen zu erweitern. J\u00fcrgen\",\"url\":\"https:\\\/\\\/www.deskmodder.de\\\/blog\\\/author\\\/moinmoin\\\/\"}]}<\/script>\n<!-- \/ Yoast SEO Premium plugin. -->","yoast_head_json":{"title":"Windows 7 Professional vorinstalliert - Am 31.Oktober 2016 ist Feierabend - Deskmodder.de","description":"Wer Windows 7 vorinstalliert kaufen m\u00f6chte, hat noch Zeit bis zum 31.Oktober 2016.","robots":{"index":"index","follow":"follow","max-snippet":"max-snippet:-1","max-image-preview":"max-image-preview:large","max-video-preview":"max-video-preview:-1"},"canonical":"https:\/\/www.deskmodder.de\/blog\/2015\/11\/03\/windows-7-professional-vorinstalliert-am-31-oktober-2016-ist-feierabend\/","og_locale":"de_DE","og_type":"article","og_title":"Windows 7 Professional vorinstalliert - Am 31.Oktober 2016 ist Feierabend","og_description":"Wer Windows 7 vorinstalliert kaufen m\u00f6chte, hat noch Zeit bis zum 31.Oktober 2016.","og_url":"https:\/\/www.deskmodder.de\/blog\/2015\/11\/03\/windows-7-professional-vorinstalliert-am-31-oktober-2016-ist-feierabend\/","og_site_name":"Deskmodder.de","article_publisher":"https:\/\/www.facebook.com\/Deskmodder","article_published_time":"2015-11-03T10:43:51+00:00","article_modified_time":"2023-01-14T15:33:48+00:00","og_image":[{"width":890,"height":503,"url":"https:\/\/www.deskmodder.de\/blog\/wp-content\/uploads\/2015\/11\/win-7-pro-bis-wann-verkauf.jpg","type":"image\/jpeg"}],"author":"moinmoin","twitter_card":"summary_large_image","twitter_creator":"@Deskmodder","twitter_site":"@Deskmodder","schema":{"@context":"https:\/\/schema.org","@graph":[{"@type":"Article","@id":"https:\/\/www.deskmodder.de\/blog\/2015\/11\/03\/windows-7-professional-vorinstalliert-am-31-oktober-2016-ist-feierabend\/#article","isPartOf":{"@id":"https:\/\/www.deskmodder.de\/blog\/2015\/11\/03\/windows-7-professional-vorinstalliert-am-31-oktober-2016-ist-feierabend\/"},"author":{"name":"moinmoin","@id":"https:\/\/www.deskmodder.de\/blog\/#\/schema\/person\/a40b17a9503c4a1568ac4073bb54182a"},"headline":"Windows 7 Professional vorinstalliert &#8211; Am 31.Oktober 2016 ist Feierabend","datePublished":"2015-11-03T10:43:51+00:00","dateModified":"2023-01-14T15:33:48+00:00","mainEntityOfPage":{"@id":"https:\/\/www.deskmodder.de\/blog\/2015\/11\/03\/windows-7-professional-vorinstalliert-am-31-oktober-2016-ist-feierabend\/"},"wordCount":217,"commentCount":1,"publisher":{"@id":"https:\/\/www.deskmodder.de\/blog\/#organization"},"image":{"@id":"https:\/\/www.deskmodder.de\/blog\/2015\/11\/03\/windows-7-professional-vorinstalliert-am-31-oktober-2016-ist-feierabend\/#primaryimage"},"thumbnailUrl":"https:\/\/www.deskmodder.de\/blog\/wp-content\/uploads\/2015\/11\/win-7-pro-bis-wann-verkauf.jpg","keywords":["31.Oktober 2016","Ger\u00e4te Deadline","Professional","windows 7"],"articleSection":["Windows \u00e4lter"],"inLanguage":"de","potentialAction":[{"@type":"CommentAction","name":"Comment","target":["https:\/\/www.deskmodder.de\/blog\/2015\/11\/03\/windows-7-professional-vorinstalliert-am-31-oktober-2016-ist-feierabend\/#respond"]}],"copyrightYear":"2015","copyrightHolder":{"@id":"https:\/\/www.deskmodder.de\/blog\/#organization"}},{"@type":"WebPage","@id":"https:\/\/www.deskmodder.de\/blog\/2015\/11\/03\/windows-7-professional-vorinstalliert-am-31-oktober-2016-ist-feierabend\/","url":"https:\/\/www.deskmodder.de\/blog\/2015\/11\/03\/windows-7-professional-vorinstalliert-am-31-oktober-2016-ist-feierabend\/","name":"Windows 7 Professional vorinstalliert - Am 31.Oktober 2016 ist Feierabend - Deskmodder.de","isPartOf":{"@id":"https:\/\/www.deskmodder.de\/blog\/#website"},"primaryImageOfPage":{"@id":"https:\/\/www.deskmodder.de\/blog\/2015\/11\/03\/windows-7-professional-vorinstalliert-am-31-oktober-2016-ist-feierabend\/#primaryimage"},"image":{"@id":"https:\/\/www.deskmodder.de\/blog\/2015\/11\/03\/windows-7-professional-vorinstalliert-am-31-oktober-2016-ist-feierabend\/#primaryimage"},"thumbnailUrl":"https:\/\/www.deskmodder.de\/blog\/wp-content\/uploads\/2015\/11\/win-7-pro-bis-wann-verkauf.jpg","datePublished":"2015-11-03T10:43:51+00:00","dateModified":"2023-01-14T15:33:48+00:00","description":"Wer Windows 7 vorinstalliert kaufen m\u00f6chte, hat noch Zeit bis zum 31.Oktober 2016.","breadcrumb":{"@id":"https:\/\/www.deskmodder.de\/blog\/2015\/11\/03\/windows-7-professional-vorinstalliert-am-31-oktober-2016-ist-feierabend\/#breadcrumb"},"inLanguage":"de","potentialAction":[{"@type":"ReadAction","target":["https:\/\/www.deskmodder.de\/blog\/2015\/11\/03\/windows-7-professional-vorinstalliert-am-31-oktober-2016-ist-feierabend\/"]}]},{"@type":"ImageObject","inLanguage":"de","@id":"https:\/\/www.deskmodder.de\/blog\/2015\/11\/03\/windows-7-professional-vorinstalliert-am-31-oktober-2016-ist-feierabend\/#primaryimage","url":"https:\/\/www.deskmodder.de\/blog\/wp-content\/uploads\/2015\/11\/win-7-pro-bis-wann-verkauf.jpg","contentUrl":"https:\/\/www.deskmodder.de\/blog\/wp-content\/uploads\/2015\/11\/win-7-pro-bis-wann-verkauf.jpg","width":890,"height":503},{"@type":"BreadcrumbList","@id":"https:\/\/www.deskmodder.de\/blog\/2015\/11\/03\/windows-7-professional-vorinstalliert-am-31-oktober-2016-ist-feierabend\/#breadcrumb","itemListElement":[{"@type":"ListItem","position":1,"name":"Startseite","item":"https:\/\/www.deskmodder.de\/blog\/"},{"@type":"ListItem","position":2,"name":"Windows 7 Professional vorinstalliert &#8211; Am 31.Oktober 2016 ist Feierabend"}]},{"@type":"WebSite","@id":"https:\/\/www.deskmodder.de\/blog\/#website","url":"https:\/\/www.deskmodder.de\/blog\/","name":"Deskmodder.de","description":"News zum Thema Microsoft, Windows 11 \/ 10, sowie anderen Neuigkeiten aus dem Netz, viele Tipps und individuelle Hilfe bei Problemen in unserem Forum \u25cf Deskmodder - seit 2003","publisher":{"@id":"https:\/\/www.deskmodder.de\/blog\/#organization"},"potentialAction":[{"@type":"SearchAction","target":{"@type":"EntryPoint","urlTemplate":"https:\/\/www.deskmodder.de\/blog\/?s={search_term_string}"},"query-input":{"@type":"PropertyValueSpecification","valueRequired":true,"valueName":"search_term_string"}}],"inLanguage":"de"},{"@type":"Organization","@id":"https:\/\/www.deskmodder.de\/blog\/#organization","name":"Deskmodder","url":"https:\/\/www.deskmodder.de\/blog\/","logo":{"@type":"ImageObject","inLanguage":"de","@id":"https:\/\/www.deskmodder.de\/blog\/#\/schema\/logo\/image\/","url":"https:\/\/www.deskmodder.de\/blog\/wp-content\/uploads\/2019\/01\/deskmodder-logo-app.png","contentUrl":"https:\/\/www.deskmodder.de\/blog\/wp-content\/uploads\/2019\/01\/deskmodder-logo-app.png","width":281,"height":286,"caption":"Deskmodder"},"image":{"@id":"https:\/\/www.deskmodder.de\/blog\/#\/schema\/logo\/image\/"},"sameAs":["https:\/\/www.facebook.com\/Deskmodder","https:\/\/x.com\/Deskmodder","https:\/\/mastodontech.de\/@Deskmodder","https:\/\/www.youtube.com\/user\/deskmodder","https:\/\/mewe.com\/group\/5c83b5231add826fc80cdae1"]},{"@type":"Person","@id":"https:\/\/www.deskmodder.de\/blog\/#\/schema\/person\/a40b17a9503c4a1568ac4073bb54182a","name":"moinmoin","image":{"@type":"ImageObject","inLanguage":"de","@id":"https:\/\/secure.gravatar.com\/avatar\/fab96769102f8886245ab411df9a42a235be79261e4b44aa7ab2a555da8b86b4?s=96&d=mm&r=g","url":"https:\/\/secure.gravatar.com\/avatar\/fab96769102f8886245ab411df9a42a235be79261e4b44aa7ab2a555da8b86b4?s=96&d=mm&r=g","contentUrl":"https:\/\/secure.gravatar.com\/avatar\/fab96769102f8886245ab411df9a42a235be79261e4b44aa7ab2a555da8b86b4?s=96&d=mm&r=g","caption":"moinmoin"},"description":"Ich bin nicht allwissend, was Windows angeht. Aber genau deshalb nehme ich Windows gerne auseinander und unter die Lupe, um all mein Wissen zu erweitern. J\u00fcrgen","url":"https:\/\/www.deskmodder.de\/blog\/author\/moinmoin\/"}]}},"jetpack_publicize_connections":[],"jetpack_featured_media_url":"https:\/\/www.deskmodder.de\/blog\/wp-content\/uploads\/2015\/11\/win-7-pro-bis-wann-verkauf.jpg","_links":{"self":[{"href":"https:\/\/www.deskmodder.de\/blog\/wp-json\/wp\/v2\/posts\/56147","targetHints":{"allow":["GET"]}}],"collection":[{"href":"https:\/\/www.deskmodder.de\/blog\/wp-json\/wp\/v2\/posts"}],"about":[{"href":"https:\/\/www.deskmodder.de\/blog\/wp-json\/wp\/v2\/types\/post"}],"author":[{"embeddable":true,"href":"https:\/\/www.deskmodder.de\/blog\/wp-json\/wp\/v2\/users\/134"}],"replies":[{"embeddable":true,"href":"https:\/\/www.deskmodder.de\/blog\/wp-json\/wp\/v2\/comments?post=56147"}],"version-history":[{"count":0,"href":"https:\/\/www.deskmodder.de\/blog\/wp-json\/wp\/v2\/posts\/56147\/revisions"}],"wp:featuredmedia":[{"embeddable":true,"href":"https:\/\/www.deskmodder.de\/blog\/wp-json\/wp\/v2\/media\/56148"}],"wp:attachment":[{"href":"https:\/\/www.deskmodder.de\/blog\/wp-json\/wp\/v2\/media?parent=56147"}],"wp:term":[{"taxonomy":"category","embeddable":true,"href":"https:\/\/www.deskmodder.de\/blog\/wp-json\/wp\/v2\/categories?post=56147"},{"taxonomy":"post_tag","embeddable":true,"href":"https:\/\/www.deskmodder.de\/blog\/wp-json\/wp\/v2\/tags?post=56147"}],"curies":[{"name":"wp","href":"https:\/\/api.w.org\/{rel}","templated":true}]}}