{"id":55489,"date":"2015-10-24T17:05:30","date_gmt":"2015-10-24T15:05:30","guid":{"rendered":"http:\/\/www.deskmodder.de\/blog\/?p=55489"},"modified":"2015-10-24T18:14:08","modified_gmt":"2015-10-24T16:14:08","slug":"intel-lg-demnaechst-mit-gemeinsamen-prozessor-fuer-mobile-geraete","status":"publish","type":"post","link":"https:\/\/www.deskmodder.de\/blog\/2015\/10\/24\/intel-lg-demnaechst-mit-gemeinsamen-prozessor-fuer-mobile-geraete\/","title":{"rendered":"Intel &#038; LG demn\u00e4chst mit gemeinsamen Prozessor f\u00fcr mobile Ger\u00e4te ?"},"content":{"rendered":"<p>Schon l\u00e4nger ist bekannt, dass LG an einem eigenen Prozessor arbeiten soll. Hiermit will man letztlich die Kosten f\u00fcr die eigenen Ger\u00e4te senken und m\u00f6glichen Problemen mit Chips anderer Hersteller aus dem Weg gehen. Nun wird berichtet, das LG und Intel gemeinsam an einem Prozessor f\u00fcr mobile Ger\u00e4te arbeiten sollen. Details dazu sind hier nicht bekannt. Aber zumindest sollen diese Prozessoren im 14nm Verfahren produziert werden.<\/p>\n<p><a href=\"http:\/\/www.deskmodder.de\/blog\/wp-content\/uploads\/2015\/02\/Intel-Logo-150x150.jpg\" rel=\"lightbox[55489]\"><img loading=\"lazy\" decoding=\"async\" class=\"aligncenter size-full wp-image-44988\" src=\"http:\/\/www.deskmodder.de\/blog\/wp-content\/uploads\/2015\/02\/Intel-Logo-150x150.jpg\" alt=\"rp_Intel-Logo-150x150.jpg\" width=\"150\" height=\"150\" \/><\/a><\/p>\n<p>Fraglich ist derzeit, ob es sich hierbei um einen auf ARM basierenden Chip handeln wird oder um einen auf x86 Basis. F\u00fcr Intel w\u00e4re wohl Letzteres erstrebenswert. Grunds\u00e4tzlich kann der Markt hier nur gewinnen, um die &#8222;<em>Vorherrschafft<\/em>&#8220; von Qualcomm einzud\u00e4mmen. Hier setzt ja bereits Samsung immer mehr auf die eigenen Exynos-Chips und auch MediaTek-Chips werden immer beliebter. M\u00f6glicherweise werden wir ja zur CES 2016 oder dem Mobile World Congress 2016 mehr dazu erfahren oder einen Prototyp sehen.<br \/>\n<div class=\"quelle\"><a href=\"http:\/\/www.hankyung.com\/news\/app\/newsview.php?aid=2015101971591\" target=\"_blank\">Quelle<\/a><\/div><div class=\"viaquelle\">via <a href=\"http:\/\/winfuture.de\/news,89520.html\" target=\"_blank\">Winfuture<\/a><\/div><\/p>\n","protected":false},"excerpt":{"rendered":"<p>Schon l\u00e4nger ist bekannt, dass LG an einem eigenen Prozessor arbeiten soll. Hiermit will man letztlich die Kosten f\u00fcr die eigenen Ger\u00e4te senken und m\u00f6glichen Problemen mit Chips anderer Hersteller aus dem Weg gehen. Nun wird berichtet, das LG und&hellip; <\/p>\n","protected":false},"author":2020,"featured_media":18604,"comment_status":"open","ping_status":"open","sticky":false,"template":"","format":"standard","meta":{"jetpack_post_was_ever_published":false,"footnotes":"","jetpack_publicize_message":"","jetpack_publicize_feature_enabled":true,"jetpack_social_post_already_shared":true,"jetpack_social_options":{"image_generator_settings":{"template":"highway","default_image_id":0,"font":"","enabled":false},"version":2}},"categories":[1286],"tags":[3784,10793,2184,3065],"class_list":["post-55489","post","type-post","status-publish","format-standard","has-post-thumbnail","hentry","category-hardware","tag-chip","tag-inteol","tag-lg","tag-prozessor"],"wp_featured_image":{"id":18604,"alt_text":"","description":"","media_type":"image","media_details":{"width":793,"height":537,"file":"2014\/01\/Intel-Logo.jpg","sizes":{"thumbnail":{"file":"Intel-Logo-150x150.jpg","width":150,"height":150,"mime-type":"image\/jpeg","source_url":"https:\/\/www.deskmodder.de\/blog\/wp-content\/uploads\/2014\/01\/Intel-Logo-150x150.jpg"},"medium":{"file":"Intel-Logo-150x101.jpg","width":150,"height":101,"mime-type":"image\/jpeg","source_url":"https:\/\/www.deskmodder.de\/blog\/wp-content\/uploads\/2014\/01\/Intel-Logo-150x101.jpg"},"large":{"file":"Intel-Logo-500x338.jpg","width":500,"height":338,"mime-type":"image\/jpeg","source_url":"https:\/\/www.deskmodder.de\/blog\/wp-content\/uploads\/2014\/01\/Intel-Logo-500x338.jpg"}},"image_meta":{"aperture":0,"credit":"","camera":"","caption":"","created_timestamp":0,"copyright":"","focal_length":0,"iso":0,"shutter_speed":0,"title":""}},"post":18601,"source_url":"https:\/\/www.deskmodder.de\/blog\/wp-content\/uploads\/2014\/01\/Intel-Logo.jpg"},"commentcount":0,"wp_comments":[],"wp_author":{"id":2020,"name":"Mike","description":"\u00dcber das Anpassen &amp; Abspecken von XP in die \"Windows-Welt\" gekommen, interessiere ich mich eigentlich f\u00fcr jedes gute St\u00fcck Technik. Neben Windows hat auch Android bei mir ein zu Hause gefunden. Und ich bin jedes Jahr gespannt, was mich Neues erwartet. Bloggen ist eine Leidenschaft von mir und ich teile diese hier gerne mit euch.","author_avatar_urls":{"24":"https:\/\/secure.gravatar.com\/avatar\/a25a00ccc6c845d38ee2695915f64089ae7e42ad1a0e8247e29b357ef56b0fab?s=24&d=mm&r=g","48":"https:\/\/secure.gravatar.com\/avatar\/a25a00ccc6c845d38ee2695915f64089ae7e42ad1a0e8247e29b357ef56b0fab?s=48&d=mm&r=g","96":"https:\/\/secure.gravatar.com\/avatar\/a25a00ccc6c845d38ee2695915f64089ae7e42ad1a0e8247e29b357ef56b0fab?s=96&d=mm&r=g"}},"cld_nonce":"5cfe60523a","yoast_head":"<!-- This site is optimized with the Yoast SEO Premium plugin v27.5 (Yoast SEO v27.5) - https:\/\/yoast.com\/product\/yoast-seo-premium-wordpress\/ -->\n<title>Intel &amp; LG demn\u00e4chst mit gemeinsamen Prozessor f\u00fcr mobile Ger\u00e4te ? - Deskmodder.de<\/title>\n<meta name=\"robots\" content=\"index, follow, max-snippet:-1, max-image-preview:large, max-video-preview:-1\" \/>\n<link rel=\"canonical\" href=\"https:\/\/www.deskmodder.de\/blog\/2015\/10\/24\/intel-lg-demnaechst-mit-gemeinsamen-prozessor-fuer-mobile-geraete\/\" \/>\n<meta property=\"og:locale\" content=\"de_DE\" \/>\n<meta property=\"og:type\" content=\"article\" \/>\n<meta property=\"og:title\" content=\"Intel &amp; LG demn\u00e4chst mit gemeinsamen Prozessor f\u00fcr mobile Ger\u00e4te ?\" \/>\n<meta property=\"og:description\" content=\"Schon l\u00e4nger ist bekannt, dass LG an einem eigenen Prozessor arbeiten soll. Hiermit will man letztlich die Kosten f\u00fcr die eigenen Ger\u00e4te senken und m\u00f6glichen Problemen mit Chips anderer Hersteller aus dem Weg gehen. Nun wird berichtet, das LG und&hellip;\" \/>\n<meta property=\"og:url\" content=\"https:\/\/www.deskmodder.de\/blog\/2015\/10\/24\/intel-lg-demnaechst-mit-gemeinsamen-prozessor-fuer-mobile-geraete\/\" \/>\n<meta property=\"og:site_name\" content=\"Deskmodder.de\" \/>\n<meta property=\"article:publisher\" content=\"https:\/\/www.facebook.com\/Deskmodder\" \/>\n<meta property=\"article:published_time\" content=\"2015-10-24T15:05:30+00:00\" \/>\n<meta property=\"article:modified_time\" content=\"2015-10-24T16:14:08+00:00\" \/>\n<meta property=\"og:image\" content=\"https:\/\/www.deskmodder.de\/blog\/wp-content\/uploads\/2014\/01\/Intel-Logo.jpg\" \/>\n\t<meta property=\"og:image:width\" content=\"793\" \/>\n\t<meta property=\"og:image:height\" content=\"537\" \/>\n\t<meta property=\"og:image:type\" content=\"image\/jpeg\" \/>\n<meta name=\"author\" content=\"Mike\" \/>\n<meta name=\"twitter:card\" content=\"summary_large_image\" \/>\n<meta name=\"twitter:creator\" content=\"@Deskmodder\" \/>\n<meta name=\"twitter:site\" content=\"@Deskmodder\" \/>\n<script type=\"application\/ld+json\" class=\"yoast-schema-graph\">{\"@context\":\"https:\\\/\\\/schema.org\",\"@graph\":[{\"@type\":\"Article\",\"@id\":\"https:\\\/\\\/www.deskmodder.de\\\/blog\\\/2015\\\/10\\\/24\\\/intel-lg-demnaechst-mit-gemeinsamen-prozessor-fuer-mobile-geraete\\\/#article\",\"isPartOf\":{\"@id\":\"https:\\\/\\\/www.deskmodder.de\\\/blog\\\/2015\\\/10\\\/24\\\/intel-lg-demnaechst-mit-gemeinsamen-prozessor-fuer-mobile-geraete\\\/\"},\"author\":{\"name\":\"Mike\",\"@id\":\"https:\\\/\\\/www.deskmodder.de\\\/blog\\\/#\\\/schema\\\/person\\\/0d15dadb25ee420cb54f76ad120c98fa\"},\"headline\":\"Intel &#038; LG demn\u00e4chst mit gemeinsamen Prozessor f\u00fcr mobile Ger\u00e4te ?\",\"datePublished\":\"2015-10-24T15:05:30+00:00\",\"dateModified\":\"2015-10-24T16:14:08+00:00\",\"mainEntityOfPage\":{\"@id\":\"https:\\\/\\\/www.deskmodder.de\\\/blog\\\/2015\\\/10\\\/24\\\/intel-lg-demnaechst-mit-gemeinsamen-prozessor-fuer-mobile-geraete\\\/\"},\"wordCount\":171,\"commentCount\":0,\"publisher\":{\"@id\":\"https:\\\/\\\/www.deskmodder.de\\\/blog\\\/#organization\"},\"image\":{\"@id\":\"https:\\\/\\\/www.deskmodder.de\\\/blog\\\/2015\\\/10\\\/24\\\/intel-lg-demnaechst-mit-gemeinsamen-prozessor-fuer-mobile-geraete\\\/#primaryimage\"},\"thumbnailUrl\":\"https:\\\/\\\/www.deskmodder.de\\\/blog\\\/wp-content\\\/uploads\\\/2014\\\/01\\\/Intel-Logo.jpg\",\"keywords\":[\"Chip\",\"Inteol\",\"LG\",\"Prozessor\"],\"articleSection\":[\"Hardware\"],\"inLanguage\":\"de\",\"potentialAction\":[{\"@type\":\"CommentAction\",\"name\":\"Comment\",\"target\":[\"https:\\\/\\\/www.deskmodder.de\\\/blog\\\/2015\\\/10\\\/24\\\/intel-lg-demnaechst-mit-gemeinsamen-prozessor-fuer-mobile-geraete\\\/#respond\"]}],\"copyrightYear\":\"2015\",\"copyrightHolder\":{\"@id\":\"https:\\\/\\\/www.deskmodder.de\\\/blog\\\/#organization\"}},{\"@type\":\"WebPage\",\"@id\":\"https:\\\/\\\/www.deskmodder.de\\\/blog\\\/2015\\\/10\\\/24\\\/intel-lg-demnaechst-mit-gemeinsamen-prozessor-fuer-mobile-geraete\\\/\",\"url\":\"https:\\\/\\\/www.deskmodder.de\\\/blog\\\/2015\\\/10\\\/24\\\/intel-lg-demnaechst-mit-gemeinsamen-prozessor-fuer-mobile-geraete\\\/\",\"name\":\"Intel & LG demn\u00e4chst mit gemeinsamen Prozessor f\u00fcr mobile Ger\u00e4te ? - Deskmodder.de\",\"isPartOf\":{\"@id\":\"https:\\\/\\\/www.deskmodder.de\\\/blog\\\/#website\"},\"primaryImageOfPage\":{\"@id\":\"https:\\\/\\\/www.deskmodder.de\\\/blog\\\/2015\\\/10\\\/24\\\/intel-lg-demnaechst-mit-gemeinsamen-prozessor-fuer-mobile-geraete\\\/#primaryimage\"},\"image\":{\"@id\":\"https:\\\/\\\/www.deskmodder.de\\\/blog\\\/2015\\\/10\\\/24\\\/intel-lg-demnaechst-mit-gemeinsamen-prozessor-fuer-mobile-geraete\\\/#primaryimage\"},\"thumbnailUrl\":\"https:\\\/\\\/www.deskmodder.de\\\/blog\\\/wp-content\\\/uploads\\\/2014\\\/01\\\/Intel-Logo.jpg\",\"datePublished\":\"2015-10-24T15:05:30+00:00\",\"dateModified\":\"2015-10-24T16:14:08+00:00\",\"breadcrumb\":{\"@id\":\"https:\\\/\\\/www.deskmodder.de\\\/blog\\\/2015\\\/10\\\/24\\\/intel-lg-demnaechst-mit-gemeinsamen-prozessor-fuer-mobile-geraete\\\/#breadcrumb\"},\"inLanguage\":\"de\",\"potentialAction\":[{\"@type\":\"ReadAction\",\"target\":[\"https:\\\/\\\/www.deskmodder.de\\\/blog\\\/2015\\\/10\\\/24\\\/intel-lg-demnaechst-mit-gemeinsamen-prozessor-fuer-mobile-geraete\\\/\"]}]},{\"@type\":\"ImageObject\",\"inLanguage\":\"de\",\"@id\":\"https:\\\/\\\/www.deskmodder.de\\\/blog\\\/2015\\\/10\\\/24\\\/intel-lg-demnaechst-mit-gemeinsamen-prozessor-fuer-mobile-geraete\\\/#primaryimage\",\"url\":\"https:\\\/\\\/www.deskmodder.de\\\/blog\\\/wp-content\\\/uploads\\\/2014\\\/01\\\/Intel-Logo.jpg\",\"contentUrl\":\"https:\\\/\\\/www.deskmodder.de\\\/blog\\\/wp-content\\\/uploads\\\/2014\\\/01\\\/Intel-Logo.jpg\",\"width\":793,\"height\":537},{\"@type\":\"BreadcrumbList\",\"@id\":\"https:\\\/\\\/www.deskmodder.de\\\/blog\\\/2015\\\/10\\\/24\\\/intel-lg-demnaechst-mit-gemeinsamen-prozessor-fuer-mobile-geraete\\\/#breadcrumb\",\"itemListElement\":[{\"@type\":\"ListItem\",\"position\":1,\"name\":\"Startseite\",\"item\":\"https:\\\/\\\/www.deskmodder.de\\\/blog\\\/\"},{\"@type\":\"ListItem\",\"position\":2,\"name\":\"Intel &#038; LG demn\u00e4chst mit gemeinsamen Prozessor f\u00fcr mobile Ger\u00e4te ?\"}]},{\"@type\":\"WebSite\",\"@id\":\"https:\\\/\\\/www.deskmodder.de\\\/blog\\\/#website\",\"url\":\"https:\\\/\\\/www.deskmodder.de\\\/blog\\\/\",\"name\":\"Deskmodder.de\",\"description\":\"News zum Thema Microsoft, Windows 11 \\\/ 10, sowie anderen Neuigkeiten aus dem Netz, viele Tipps und individuelle Hilfe bei Problemen in unserem Forum \u25cf Deskmodder - seit 2003\",\"publisher\":{\"@id\":\"https:\\\/\\\/www.deskmodder.de\\\/blog\\\/#organization\"},\"potentialAction\":[{\"@type\":\"SearchAction\",\"target\":{\"@type\":\"EntryPoint\",\"urlTemplate\":\"https:\\\/\\\/www.deskmodder.de\\\/blog\\\/?s={search_term_string}\"},\"query-input\":{\"@type\":\"PropertyValueSpecification\",\"valueRequired\":true,\"valueName\":\"search_term_string\"}}],\"inLanguage\":\"de\"},{\"@type\":\"Organization\",\"@id\":\"https:\\\/\\\/www.deskmodder.de\\\/blog\\\/#organization\",\"name\":\"Deskmodder\",\"url\":\"https:\\\/\\\/www.deskmodder.de\\\/blog\\\/\",\"logo\":{\"@type\":\"ImageObject\",\"inLanguage\":\"de\",\"@id\":\"https:\\\/\\\/www.deskmodder.de\\\/blog\\\/#\\\/schema\\\/logo\\\/image\\\/\",\"url\":\"https:\\\/\\\/www.deskmodder.de\\\/blog\\\/wp-content\\\/uploads\\\/2019\\\/01\\\/deskmodder-logo-app.png\",\"contentUrl\":\"https:\\\/\\\/www.deskmodder.de\\\/blog\\\/wp-content\\\/uploads\\\/2019\\\/01\\\/deskmodder-logo-app.png\",\"width\":281,\"height\":286,\"caption\":\"Deskmodder\"},\"image\":{\"@id\":\"https:\\\/\\\/www.deskmodder.de\\\/blog\\\/#\\\/schema\\\/logo\\\/image\\\/\"},\"sameAs\":[\"https:\\\/\\\/www.facebook.com\\\/Deskmodder\",\"https:\\\/\\\/x.com\\\/Deskmodder\",\"https:\\\/\\\/mastodontech.de\\\/@Deskmodder\",\"https:\\\/\\\/www.youtube.com\\\/user\\\/deskmodder\",\"https:\\\/\\\/mewe.com\\\/group\\\/5c83b5231add826fc80cdae1\"]},{\"@type\":\"Person\",\"@id\":\"https:\\\/\\\/www.deskmodder.de\\\/blog\\\/#\\\/schema\\\/person\\\/0d15dadb25ee420cb54f76ad120c98fa\",\"name\":\"Mike\",\"image\":{\"@type\":\"ImageObject\",\"inLanguage\":\"de\",\"@id\":\"https:\\\/\\\/secure.gravatar.com\\\/avatar\\\/a25a00ccc6c845d38ee2695915f64089ae7e42ad1a0e8247e29b357ef56b0fab?s=96&d=mm&r=g\",\"url\":\"https:\\\/\\\/secure.gravatar.com\\\/avatar\\\/a25a00ccc6c845d38ee2695915f64089ae7e42ad1a0e8247e29b357ef56b0fab?s=96&d=mm&r=g\",\"contentUrl\":\"https:\\\/\\\/secure.gravatar.com\\\/avatar\\\/a25a00ccc6c845d38ee2695915f64089ae7e42ad1a0e8247e29b357ef56b0fab?s=96&d=mm&r=g\",\"caption\":\"Mike\"},\"description\":\"\u00dcber das Anpassen &amp; Abspecken von XP in die \\\"Windows-Welt\\\" gekommen, interessiere ich mich eigentlich f\u00fcr jedes gute St\u00fcck Technik. Neben Windows hat auch Android bei mir ein zu Hause gefunden. Und ich bin jedes Jahr gespannt, was mich Neues erwartet. Bloggen ist eine Leidenschaft von mir und ich teile diese hier gerne mit euch.\",\"url\":\"https:\\\/\\\/www.deskmodder.de\\\/blog\\\/author\\\/mike\\\/\"}]}<\/script>\n<!-- \/ Yoast SEO Premium plugin. -->","yoast_head_json":{"title":"Intel & LG demn\u00e4chst mit gemeinsamen Prozessor f\u00fcr mobile Ger\u00e4te ? - Deskmodder.de","robots":{"index":"index","follow":"follow","max-snippet":"max-snippet:-1","max-image-preview":"max-image-preview:large","max-video-preview":"max-video-preview:-1"},"canonical":"https:\/\/www.deskmodder.de\/blog\/2015\/10\/24\/intel-lg-demnaechst-mit-gemeinsamen-prozessor-fuer-mobile-geraete\/","og_locale":"de_DE","og_type":"article","og_title":"Intel & LG demn\u00e4chst mit gemeinsamen Prozessor f\u00fcr mobile Ger\u00e4te ?","og_description":"Schon l\u00e4nger ist bekannt, dass LG an einem eigenen Prozessor arbeiten soll. Hiermit will man letztlich die Kosten f\u00fcr die eigenen Ger\u00e4te senken und m\u00f6glichen Problemen mit Chips anderer Hersteller aus dem Weg gehen. Nun wird berichtet, das LG und&hellip;","og_url":"https:\/\/www.deskmodder.de\/blog\/2015\/10\/24\/intel-lg-demnaechst-mit-gemeinsamen-prozessor-fuer-mobile-geraete\/","og_site_name":"Deskmodder.de","article_publisher":"https:\/\/www.facebook.com\/Deskmodder","article_published_time":"2015-10-24T15:05:30+00:00","article_modified_time":"2015-10-24T16:14:08+00:00","og_image":[{"width":793,"height":537,"url":"https:\/\/www.deskmodder.de\/blog\/wp-content\/uploads\/2014\/01\/Intel-Logo.jpg","type":"image\/jpeg"}],"author":"Mike","twitter_card":"summary_large_image","twitter_creator":"@Deskmodder","twitter_site":"@Deskmodder","schema":{"@context":"https:\/\/schema.org","@graph":[{"@type":"Article","@id":"https:\/\/www.deskmodder.de\/blog\/2015\/10\/24\/intel-lg-demnaechst-mit-gemeinsamen-prozessor-fuer-mobile-geraete\/#article","isPartOf":{"@id":"https:\/\/www.deskmodder.de\/blog\/2015\/10\/24\/intel-lg-demnaechst-mit-gemeinsamen-prozessor-fuer-mobile-geraete\/"},"author":{"name":"Mike","@id":"https:\/\/www.deskmodder.de\/blog\/#\/schema\/person\/0d15dadb25ee420cb54f76ad120c98fa"},"headline":"Intel &#038; LG demn\u00e4chst mit gemeinsamen Prozessor f\u00fcr mobile Ger\u00e4te ?","datePublished":"2015-10-24T15:05:30+00:00","dateModified":"2015-10-24T16:14:08+00:00","mainEntityOfPage":{"@id":"https:\/\/www.deskmodder.de\/blog\/2015\/10\/24\/intel-lg-demnaechst-mit-gemeinsamen-prozessor-fuer-mobile-geraete\/"},"wordCount":171,"commentCount":0,"publisher":{"@id":"https:\/\/www.deskmodder.de\/blog\/#organization"},"image":{"@id":"https:\/\/www.deskmodder.de\/blog\/2015\/10\/24\/intel-lg-demnaechst-mit-gemeinsamen-prozessor-fuer-mobile-geraete\/#primaryimage"},"thumbnailUrl":"https:\/\/www.deskmodder.de\/blog\/wp-content\/uploads\/2014\/01\/Intel-Logo.jpg","keywords":["Chip","Inteol","LG","Prozessor"],"articleSection":["Hardware"],"inLanguage":"de","potentialAction":[{"@type":"CommentAction","name":"Comment","target":["https:\/\/www.deskmodder.de\/blog\/2015\/10\/24\/intel-lg-demnaechst-mit-gemeinsamen-prozessor-fuer-mobile-geraete\/#respond"]}],"copyrightYear":"2015","copyrightHolder":{"@id":"https:\/\/www.deskmodder.de\/blog\/#organization"}},{"@type":"WebPage","@id":"https:\/\/www.deskmodder.de\/blog\/2015\/10\/24\/intel-lg-demnaechst-mit-gemeinsamen-prozessor-fuer-mobile-geraete\/","url":"https:\/\/www.deskmodder.de\/blog\/2015\/10\/24\/intel-lg-demnaechst-mit-gemeinsamen-prozessor-fuer-mobile-geraete\/","name":"Intel & LG demn\u00e4chst mit gemeinsamen Prozessor f\u00fcr mobile Ger\u00e4te ? - Deskmodder.de","isPartOf":{"@id":"https:\/\/www.deskmodder.de\/blog\/#website"},"primaryImageOfPage":{"@id":"https:\/\/www.deskmodder.de\/blog\/2015\/10\/24\/intel-lg-demnaechst-mit-gemeinsamen-prozessor-fuer-mobile-geraete\/#primaryimage"},"image":{"@id":"https:\/\/www.deskmodder.de\/blog\/2015\/10\/24\/intel-lg-demnaechst-mit-gemeinsamen-prozessor-fuer-mobile-geraete\/#primaryimage"},"thumbnailUrl":"https:\/\/www.deskmodder.de\/blog\/wp-content\/uploads\/2014\/01\/Intel-Logo.jpg","datePublished":"2015-10-24T15:05:30+00:00","dateModified":"2015-10-24T16:14:08+00:00","breadcrumb":{"@id":"https:\/\/www.deskmodder.de\/blog\/2015\/10\/24\/intel-lg-demnaechst-mit-gemeinsamen-prozessor-fuer-mobile-geraete\/#breadcrumb"},"inLanguage":"de","potentialAction":[{"@type":"ReadAction","target":["https:\/\/www.deskmodder.de\/blog\/2015\/10\/24\/intel-lg-demnaechst-mit-gemeinsamen-prozessor-fuer-mobile-geraete\/"]}]},{"@type":"ImageObject","inLanguage":"de","@id":"https:\/\/www.deskmodder.de\/blog\/2015\/10\/24\/intel-lg-demnaechst-mit-gemeinsamen-prozessor-fuer-mobile-geraete\/#primaryimage","url":"https:\/\/www.deskmodder.de\/blog\/wp-content\/uploads\/2014\/01\/Intel-Logo.jpg","contentUrl":"https:\/\/www.deskmodder.de\/blog\/wp-content\/uploads\/2014\/01\/Intel-Logo.jpg","width":793,"height":537},{"@type":"BreadcrumbList","@id":"https:\/\/www.deskmodder.de\/blog\/2015\/10\/24\/intel-lg-demnaechst-mit-gemeinsamen-prozessor-fuer-mobile-geraete\/#breadcrumb","itemListElement":[{"@type":"ListItem","position":1,"name":"Startseite","item":"https:\/\/www.deskmodder.de\/blog\/"},{"@type":"ListItem","position":2,"name":"Intel &#038; LG demn\u00e4chst mit gemeinsamen Prozessor f\u00fcr mobile Ger\u00e4te ?"}]},{"@type":"WebSite","@id":"https:\/\/www.deskmodder.de\/blog\/#website","url":"https:\/\/www.deskmodder.de\/blog\/","name":"Deskmodder.de","description":"News zum Thema Microsoft, Windows 11 \/ 10, sowie anderen Neuigkeiten aus dem Netz, viele Tipps und individuelle Hilfe bei Problemen in unserem Forum \u25cf Deskmodder - seit 2003","publisher":{"@id":"https:\/\/www.deskmodder.de\/blog\/#organization"},"potentialAction":[{"@type":"SearchAction","target":{"@type":"EntryPoint","urlTemplate":"https:\/\/www.deskmodder.de\/blog\/?s={search_term_string}"},"query-input":{"@type":"PropertyValueSpecification","valueRequired":true,"valueName":"search_term_string"}}],"inLanguage":"de"},{"@type":"Organization","@id":"https:\/\/www.deskmodder.de\/blog\/#organization","name":"Deskmodder","url":"https:\/\/www.deskmodder.de\/blog\/","logo":{"@type":"ImageObject","inLanguage":"de","@id":"https:\/\/www.deskmodder.de\/blog\/#\/schema\/logo\/image\/","url":"https:\/\/www.deskmodder.de\/blog\/wp-content\/uploads\/2019\/01\/deskmodder-logo-app.png","contentUrl":"https:\/\/www.deskmodder.de\/blog\/wp-content\/uploads\/2019\/01\/deskmodder-logo-app.png","width":281,"height":286,"caption":"Deskmodder"},"image":{"@id":"https:\/\/www.deskmodder.de\/blog\/#\/schema\/logo\/image\/"},"sameAs":["https:\/\/www.facebook.com\/Deskmodder","https:\/\/x.com\/Deskmodder","https:\/\/mastodontech.de\/@Deskmodder","https:\/\/www.youtube.com\/user\/deskmodder","https:\/\/mewe.com\/group\/5c83b5231add826fc80cdae1"]},{"@type":"Person","@id":"https:\/\/www.deskmodder.de\/blog\/#\/schema\/person\/0d15dadb25ee420cb54f76ad120c98fa","name":"Mike","image":{"@type":"ImageObject","inLanguage":"de","@id":"https:\/\/secure.gravatar.com\/avatar\/a25a00ccc6c845d38ee2695915f64089ae7e42ad1a0e8247e29b357ef56b0fab?s=96&d=mm&r=g","url":"https:\/\/secure.gravatar.com\/avatar\/a25a00ccc6c845d38ee2695915f64089ae7e42ad1a0e8247e29b357ef56b0fab?s=96&d=mm&r=g","contentUrl":"https:\/\/secure.gravatar.com\/avatar\/a25a00ccc6c845d38ee2695915f64089ae7e42ad1a0e8247e29b357ef56b0fab?s=96&d=mm&r=g","caption":"Mike"},"description":"\u00dcber das Anpassen &amp; Abspecken von XP in die \"Windows-Welt\" gekommen, interessiere ich mich eigentlich f\u00fcr jedes gute St\u00fcck Technik. Neben Windows hat auch Android bei mir ein zu Hause gefunden. Und ich bin jedes Jahr gespannt, was mich Neues erwartet. Bloggen ist eine Leidenschaft von mir und ich teile diese hier gerne mit euch.","url":"https:\/\/www.deskmodder.de\/blog\/author\/mike\/"}]}},"jetpack_publicize_connections":[],"jetpack_featured_media_url":"https:\/\/www.deskmodder.de\/blog\/wp-content\/uploads\/2014\/01\/Intel-Logo.jpg","_links":{"self":[{"href":"https:\/\/www.deskmodder.de\/blog\/wp-json\/wp\/v2\/posts\/55489","targetHints":{"allow":["GET"]}}],"collection":[{"href":"https:\/\/www.deskmodder.de\/blog\/wp-json\/wp\/v2\/posts"}],"about":[{"href":"https:\/\/www.deskmodder.de\/blog\/wp-json\/wp\/v2\/types\/post"}],"author":[{"embeddable":true,"href":"https:\/\/www.deskmodder.de\/blog\/wp-json\/wp\/v2\/users\/2020"}],"replies":[{"embeddable":true,"href":"https:\/\/www.deskmodder.de\/blog\/wp-json\/wp\/v2\/comments?post=55489"}],"version-history":[{"count":0,"href":"https:\/\/www.deskmodder.de\/blog\/wp-json\/wp\/v2\/posts\/55489\/revisions"}],"wp:featuredmedia":[{"embeddable":true,"href":"https:\/\/www.deskmodder.de\/blog\/wp-json\/wp\/v2\/media\/18604"}],"wp:attachment":[{"href":"https:\/\/www.deskmodder.de\/blog\/wp-json\/wp\/v2\/media?parent=55489"}],"wp:term":[{"taxonomy":"category","embeddable":true,"href":"https:\/\/www.deskmodder.de\/blog\/wp-json\/wp\/v2\/categories?post=55489"},{"taxonomy":"post_tag","embeddable":true,"href":"https:\/\/www.deskmodder.de\/blog\/wp-json\/wp\/v2\/tags?post=55489"}],"curies":[{"name":"wp","href":"https:\/\/api.w.org\/{rel}","templated":true}]}}