{"id":55258,"date":"2015-10-20T19:06:57","date_gmt":"2015-10-20T17:06:57","guid":{"rendered":"http:\/\/www.deskmodder.de\/blog\/?p=55258"},"modified":"2015-10-20T19:06:57","modified_gmt":"2015-10-20T17:06:57","slug":"apple-tv-4-generation-ab-montag-vorbestellbar-fuer-bis-zu-240-euro","status":"publish","type":"post","link":"https:\/\/www.deskmodder.de\/blog\/2015\/10\/20\/apple-tv-4-generation-ab-montag-vorbestellbar-fuer-bis-zu-240-euro\/","title":{"rendered":"Apple TV (4. Generation) ab Montag vorbestellbar &#8211; f\u00fcr bis zu 240 Euro"},"content":{"rendered":"<p>Im letzten Monat hat Apple die vierte Generation Mediacenter-Box Apple TV vorgestellt und noch keine konkreten Infos zur Verf\u00fcgbarkeit oder den deutschen Preisen bekanntgegeben. Laut Tim Cook werden aber ab Anfang n\u00e4chster Woche\u00a0Bestellungen entgegengenommen und erste Ger\u00e4te gegen Ende der Woche verschickt.<\/p>\n<p>Zudem wurden durch einen Onlineh\u00e4ndler auch die Preise f\u00fcr Deutschland enth\u00fcllt &#8211; ganz sch\u00f6n heftig im Vergleich zur Konkurrenz&#8230;<\/p>\n<ul>\n<li>32\u00a0GB f\u00fcr 179 Euro<\/li>\n<li>64 GB f\u00fcr 239 Euro<\/li>\n<\/ul>\n<div class=\"video-container\"><div style=\"position:relative;width:100%;max-width:810px;height:456px;background-color:black;color:white;padding:0px;\" data-video-id=\"wGe66lSeSXg\">\n\t\t\t\t\t\t<div style=\"text-align: center;\">\n\t\t\t\t\t\t\t<span class=\"hint-text\">Erst durch Klick auf den Button werden Daten an Youtube \u00fcbermittelt und dir das Video angezeigt.<br\/>Mehr dazu in unserer <a href=\"https:\/\/www.deskmodder.de\/blog\/datenschutz-auf-deskmodder-de\/\" target=\"_blank\">Datenschutzrichtlinie<\/a><\/span>\n\t\t\t\t\t\t<\/div>\n\t\t\t\t\t\t<div style=\"text-align: center; margin-top: 10px;\">\n\t\t\t\t\t\t\t<button onclick=\"showVideo(this)\">Verstanden!<\/button>\n\t\t\t\t\t\t<\/div>\n\t\t\t\t\t\t<div class=\"video-container\" style=\"display:none;\">\n\t\t\t\t\t\t\t<img decoding=\"async\" src=\"https:\/\/img.youtube.com\/vi\/wGe66lSeSXg\/hqdefault.jpg\" alt=\"Vorschaubild\" style=\"width:100%; max-width:810px;\" \/>\n\t\t\t\t\t\t<\/div>\n\t\t\t\t\t<\/div>\n\t\t\t\t\t<script>\n\t\t\t\t\t\tfunction showVideo(button) {\n\t\t\t\t\t\t\tconst videoID = button.parentElement.parentElement.getAttribute(\"data-video-id\");\n\t\t\t\t\t\t\tconsole.log(\"Video ID:\", videoID); \/\/ Debugging\n\t\t\t\t\t\t\tconst iframeHTML = \"<iframe width='810' height='456' src='https:\/\/www.youtube-nocookie.com\/embed\/\" + videoID + \"?feature=oembed' frameborder='0' allow='accelerometer; autoplay; clipboard-write; encrypted-media; gyroscope; picture-in-picture' allowfullscreen><\/iframe>\";\n\n\t\t\t\t\t\t\tbutton.parentElement.parentElement.querySelector(\".video-container\").innerHTML = iframeHTML;\n\n\t\t\t\t\t\t\t\/\/ Video-Container sichtbar machen\n\t\t\t\t\t\t\tbutton.parentElement.parentElement.querySelector(\".video-container\").style.display = \"block\";\n\t\t\t\t\t\t\tbutton.parentElement.parentElement.querySelector(\".hint-text\").style.display = \"none\";\n\t\t\t\t\t\t\tbutton.remove();\n\t\t\t\t\t\t}\n\t\t\t\t\t<\/script><\/div>\n<div class=\"quelle\">Quelle: <a href=\"http:\/\/www.wsj.com\/articles\/apple-ceo-tim-cook-apple-music-has-15-million-users-1445319068\" target=\"_blank\">WSJ<\/a><\/div>\n","protected":false},"excerpt":{"rendered":"<p>Im letzten Monat hat Apple die vierte Generation Mediacenter-Box Apple TV vorgestellt und noch keine konkreten Infos zur Verf\u00fcgbarkeit oder den deutschen Preisen bekanntgegeben. Laut Tim Cook werden aber ab Anfang n\u00e4chster Woche\u00a0Bestellungen entgegengenommen und erste Ger\u00e4te gegen Ende der&hellip; <\/p>\n","protected":false},"author":1525,"featured_media":55268,"comment_status":"open","ping_status":"open","sticky":false,"template":"","format":"standard","meta":{"jetpack_post_was_ever_published":false,"footnotes":"","jetpack_publicize_message":"","jetpack_publicize_feature_enabled":true,"jetpack_social_post_already_shared":true,"jetpack_social_options":{"image_generator_settings":{"template":"highway","default_image_id":0,"font":"","enabled":false},"version":2}},"categories":[1286],"tags":[936,10720,5533,8421,4397,2384,5039],"class_list":["post-55258","post","type-post","status-publish","format-standard","has-post-thumbnail","hentry","category-hardware","tag-936","tag-4-gen","tag-apple-tv","tag-bestellen","tag-deutschland","tag-preise","tag-verfuegbarkeit"],"wp_featured_image":{"id":55268,"alt_text":"","description":"","media_type":"image","media_details":{"width":1110,"height":799,"file":"2015\/10\/apple-tv-4-2105.png","sizes":{"thumbnail":{"file":"apple-tv-4-2105-250x180.png","width":250,"height":180,"mime-type":"image\/png","source_url":"https:\/\/www.deskmodder.de\/blog\/wp-content\/uploads\/2015\/10\/apple-tv-4-2105-250x180.png"},"medium":{"file":"apple-tv-4-2105-500x360.png","width":500,"height":360,"mime-type":"image\/png","source_url":"https:\/\/www.deskmodder.de\/blog\/wp-content\/uploads\/2015\/10\/apple-tv-4-2105-500x360.png"},"large":{"file":"apple-tv-4-2105-700x504.png","width":700,"height":504,"mime-type":"image\/png","source_url":"https:\/\/www.deskmodder.de\/blog\/wp-content\/uploads\/2015\/10\/apple-tv-4-2105-700x504.png"},"wp_review_large":{"file":"apple-tv-4-2105-320x200.png","width":320,"height":200,"mime-type":"image\/png","source_url":"https:\/\/www.deskmodder.de\/blog\/wp-content\/uploads\/2015\/10\/apple-tv-4-2105-320x200.png"},"wp_review_small":{"file":"apple-tv-4-2105-65x65.png","width":65,"height":65,"mime-type":"image\/png","source_url":"https:\/\/www.deskmodder.de\/blog\/wp-content\/uploads\/2015\/10\/apple-tv-4-2105-65x65.png"},"wp_rp_thumbnail":{"file":"apple-tv-4-2105-150x150.png","width":150,"height":150,"mime-type":"image\/png","source_url":"https:\/\/www.deskmodder.de\/blog\/wp-content\/uploads\/2015\/10\/apple-tv-4-2105-150x150.png"}},"image_meta":{"aperture":0,"credit":"","camera":"","caption":"","created_timestamp":0,"copyright":"","focal_length":0,"iso":0,"shutter_speed":0,"title":"","orientation":0}},"post":55258,"source_url":"https:\/\/www.deskmodder.de\/blog\/wp-content\/uploads\/2015\/10\/apple-tv-4-2105.png"},"commentcount":1,"wp_comments":[{"id":15705,"parent":0,"author":0,"author_name":"qwert73","author_email":"galkauskaite@web.de","author_url":"","author_avatar_urls":{"24":"https:\/\/secure.gravatar.com\/avatar\/6c2ec42ee0d9eac0951d1fb545971dc4a004134365fbc5950821cc2806913881?s=24&d=mm&r=g","48":"https:\/\/secure.gravatar.com\/avatar\/6c2ec42ee0d9eac0951d1fb545971dc4a004134365fbc5950821cc2806913881?s=48&d=mm&r=g","96":"https:\/\/secure.gravatar.com\/avatar\/6c2ec42ee0d9eac0951d1fb545971dc4a004134365fbc5950821cc2806913881?s=96&d=mm&r=g"},"date":"2015-10-21T13:08:57","cld_nonce":"5cfe60523a","content":{"rendered":"<p>\u00dcberraschen tuen die Preise auch nicht: Bei Apple ist immer alles deutlich teurer, aber man darf zumindest Qualit\u00e4t erwarten. Da ich n\u00e4chstes Jahr mir einen TV von Sony kaufen will, auf dem Android TV bereits drauf ist, es also keiner seperaten anzuschlie\u00dfenden Box bedarf, kann Apple meines Erachtens nur \u00fcber den Inhalt konkurrieren. Ich bin mir sicher, dass sich das auf Apple TV bezogene \u00d6kosystem pr\u00e4chtig entwickeln wird und mit vielen hochwertigen Apps Android TV blass aussehen lassen wird &#8211; auf der anderen Seite ist Google auch nicht so bl\u00f6d, als dass es sein Android TV, in dem ja noch Chromecast mitenthalten ist, nicht auf state of the art bringen kann. Wo Apple sicherlich wird punkten k\u00f6nnen: exklusive Inhalte. Es sollen ja lauter Verhandlungen hier und da gelaufen sein oder noch laufen. Und so wie Apple einst die Musikindustrie umgekrempelt hat, ist ihnen auch zuzutrauen, das Fernsehen aus dem Kabel heraus ins Internet hinauf zu schubsen, zumindest in den USA. Mal schauen, was sich tut!<\/p>\n"},"status":"1"}],"wp_author":{"id":1525,"name":"W8U","description":"Technikliebhaber aus Niedersachsen und seit 2013 bei den Deskmoddern. Interessiert sich f\u00fcr (fast) alles, durch das Strom flie\u00dft: Computer, Smartphones, Tablets, Autos und so weiter.","author_avatar_urls":{"24":"https:\/\/secure.gravatar.com\/avatar\/a1e9db99fdd71a9ae2c516203e3fcd390817fa98f868eb9ba6d4a77d1a815cd4?s=24&d=mm&r=g","48":"https:\/\/secure.gravatar.com\/avatar\/a1e9db99fdd71a9ae2c516203e3fcd390817fa98f868eb9ba6d4a77d1a815cd4?s=48&d=mm&r=g","96":"https:\/\/secure.gravatar.com\/avatar\/a1e9db99fdd71a9ae2c516203e3fcd390817fa98f868eb9ba6d4a77d1a815cd4?s=96&d=mm&r=g"}},"cld_nonce":"5cfe60523a","yoast_head":"<!-- This site is optimized with the Yoast SEO Premium plugin v27.5 (Yoast SEO v27.5) - https:\/\/yoast.com\/product\/yoast-seo-premium-wordpress\/ -->\n<title>Apple TV (4. Generation) ab Montag vorbestellbar - f\u00fcr bis zu 240 Euro - Deskmodder.de<\/title>\n<meta name=\"robots\" content=\"index, follow, max-snippet:-1, max-image-preview:large, max-video-preview:-1\" \/>\n<link rel=\"canonical\" href=\"https:\/\/www.deskmodder.de\/blog\/2015\/10\/20\/apple-tv-4-generation-ab-montag-vorbestellbar-fuer-bis-zu-240-euro\/\" \/>\n<meta property=\"og:locale\" content=\"de_DE\" \/>\n<meta property=\"og:type\" content=\"article\" \/>\n<meta property=\"og:title\" content=\"Apple TV (4. Generation) ab Montag vorbestellbar - f\u00fcr bis zu 240 Euro\" \/>\n<meta property=\"og:description\" content=\"Im letzten Monat hat Apple die vierte Generation Mediacenter-Box Apple TV vorgestellt und noch keine konkreten Infos zur Verf\u00fcgbarkeit oder den deutschen Preisen bekanntgegeben. Laut Tim Cook werden aber ab Anfang n\u00e4chster Woche\u00a0Bestellungen entgegengenommen und erste Ger\u00e4te gegen Ende der&hellip;\" \/>\n<meta property=\"og:url\" content=\"https:\/\/www.deskmodder.de\/blog\/2015\/10\/20\/apple-tv-4-generation-ab-montag-vorbestellbar-fuer-bis-zu-240-euro\/\" \/>\n<meta property=\"og:site_name\" content=\"Deskmodder.de\" \/>\n<meta property=\"article:publisher\" content=\"https:\/\/www.facebook.com\/Deskmodder\" \/>\n<meta property=\"article:published_time\" content=\"2015-10-20T17:06:57+00:00\" \/>\n<meta property=\"og:image\" content=\"https:\/\/www.deskmodder.de\/blog\/wp-content\/uploads\/2015\/10\/apple-tv-4-2105.png\" \/>\n\t<meta property=\"og:image:width\" content=\"1110\" \/>\n\t<meta property=\"og:image:height\" content=\"799\" \/>\n\t<meta property=\"og:image:type\" content=\"image\/png\" \/>\n<meta name=\"author\" content=\"W8U\" \/>\n<meta name=\"twitter:card\" content=\"summary_large_image\" \/>\n<meta name=\"twitter:creator\" content=\"@Deskmodder\" \/>\n<meta name=\"twitter:site\" content=\"@Deskmodder\" \/>\n<script type=\"application\/ld+json\" class=\"yoast-schema-graph\">{\"@context\":\"https:\\\/\\\/schema.org\",\"@graph\":[{\"@type\":\"Article\",\"@id\":\"https:\\\/\\\/www.deskmodder.de\\\/blog\\\/2015\\\/10\\\/20\\\/apple-tv-4-generation-ab-montag-vorbestellbar-fuer-bis-zu-240-euro\\\/#article\",\"isPartOf\":{\"@id\":\"https:\\\/\\\/www.deskmodder.de\\\/blog\\\/2015\\\/10\\\/20\\\/apple-tv-4-generation-ab-montag-vorbestellbar-fuer-bis-zu-240-euro\\\/\"},\"author\":{\"name\":\"W8U\",\"@id\":\"https:\\\/\\\/www.deskmodder.de\\\/blog\\\/#\\\/schema\\\/person\\\/f3c70b4f4860c9fcc4c04057ed04f469\"},\"headline\":\"Apple TV (4. Generation) ab Montag vorbestellbar &#8211; f\u00fcr bis zu 240 Euro\",\"datePublished\":\"2015-10-20T17:06:57+00:00\",\"mainEntityOfPage\":{\"@id\":\"https:\\\/\\\/www.deskmodder.de\\\/blog\\\/2015\\\/10\\\/20\\\/apple-tv-4-generation-ab-montag-vorbestellbar-fuer-bis-zu-240-euro\\\/\"},\"wordCount\":101,\"commentCount\":1,\"publisher\":{\"@id\":\"https:\\\/\\\/www.deskmodder.de\\\/blog\\\/#organization\"},\"image\":{\"@id\":\"https:\\\/\\\/www.deskmodder.de\\\/blog\\\/2015\\\/10\\\/20\\\/apple-tv-4-generation-ab-montag-vorbestellbar-fuer-bis-zu-240-euro\\\/#primaryimage\"},\"thumbnailUrl\":\"https:\\\/\\\/www.deskmodder.de\\\/blog\\\/wp-content\\\/uploads\\\/2015\\\/10\\\/apple-tv-4-2105.png\",\"keywords\":[\"2015\",\"4 gen\",\"apple tv\",\"bestellen\",\"deutschland\",\"Preise\",\"Verf\u00fcgbarkeit\"],\"articleSection\":[\"Hardware\"],\"inLanguage\":\"de\",\"potentialAction\":[{\"@type\":\"CommentAction\",\"name\":\"Comment\",\"target\":[\"https:\\\/\\\/www.deskmodder.de\\\/blog\\\/2015\\\/10\\\/20\\\/apple-tv-4-generation-ab-montag-vorbestellbar-fuer-bis-zu-240-euro\\\/#respond\"]}],\"copyrightYear\":\"2015\",\"copyrightHolder\":{\"@id\":\"https:\\\/\\\/www.deskmodder.de\\\/blog\\\/#organization\"}},{\"@type\":\"WebPage\",\"@id\":\"https:\\\/\\\/www.deskmodder.de\\\/blog\\\/2015\\\/10\\\/20\\\/apple-tv-4-generation-ab-montag-vorbestellbar-fuer-bis-zu-240-euro\\\/\",\"url\":\"https:\\\/\\\/www.deskmodder.de\\\/blog\\\/2015\\\/10\\\/20\\\/apple-tv-4-generation-ab-montag-vorbestellbar-fuer-bis-zu-240-euro\\\/\",\"name\":\"Apple TV (4. Generation) ab Montag vorbestellbar - f\u00fcr bis zu 240 Euro - Deskmodder.de\",\"isPartOf\":{\"@id\":\"https:\\\/\\\/www.deskmodder.de\\\/blog\\\/#website\"},\"primaryImageOfPage\":{\"@id\":\"https:\\\/\\\/www.deskmodder.de\\\/blog\\\/2015\\\/10\\\/20\\\/apple-tv-4-generation-ab-montag-vorbestellbar-fuer-bis-zu-240-euro\\\/#primaryimage\"},\"image\":{\"@id\":\"https:\\\/\\\/www.deskmodder.de\\\/blog\\\/2015\\\/10\\\/20\\\/apple-tv-4-generation-ab-montag-vorbestellbar-fuer-bis-zu-240-euro\\\/#primaryimage\"},\"thumbnailUrl\":\"https:\\\/\\\/www.deskmodder.de\\\/blog\\\/wp-content\\\/uploads\\\/2015\\\/10\\\/apple-tv-4-2105.png\",\"datePublished\":\"2015-10-20T17:06:57+00:00\",\"breadcrumb\":{\"@id\":\"https:\\\/\\\/www.deskmodder.de\\\/blog\\\/2015\\\/10\\\/20\\\/apple-tv-4-generation-ab-montag-vorbestellbar-fuer-bis-zu-240-euro\\\/#breadcrumb\"},\"inLanguage\":\"de\",\"potentialAction\":[{\"@type\":\"ReadAction\",\"target\":[\"https:\\\/\\\/www.deskmodder.de\\\/blog\\\/2015\\\/10\\\/20\\\/apple-tv-4-generation-ab-montag-vorbestellbar-fuer-bis-zu-240-euro\\\/\"]}]},{\"@type\":\"ImageObject\",\"inLanguage\":\"de\",\"@id\":\"https:\\\/\\\/www.deskmodder.de\\\/blog\\\/2015\\\/10\\\/20\\\/apple-tv-4-generation-ab-montag-vorbestellbar-fuer-bis-zu-240-euro\\\/#primaryimage\",\"url\":\"https:\\\/\\\/www.deskmodder.de\\\/blog\\\/wp-content\\\/uploads\\\/2015\\\/10\\\/apple-tv-4-2105.png\",\"contentUrl\":\"https:\\\/\\\/www.deskmodder.de\\\/blog\\\/wp-content\\\/uploads\\\/2015\\\/10\\\/apple-tv-4-2105.png\",\"width\":1110,\"height\":799},{\"@type\":\"BreadcrumbList\",\"@id\":\"https:\\\/\\\/www.deskmodder.de\\\/blog\\\/2015\\\/10\\\/20\\\/apple-tv-4-generation-ab-montag-vorbestellbar-fuer-bis-zu-240-euro\\\/#breadcrumb\",\"itemListElement\":[{\"@type\":\"ListItem\",\"position\":1,\"name\":\"Startseite\",\"item\":\"https:\\\/\\\/www.deskmodder.de\\\/blog\\\/\"},{\"@type\":\"ListItem\",\"position\":2,\"name\":\"Apple TV (4. Generation) ab Montag vorbestellbar &#8211; f\u00fcr bis zu 240 Euro\"}]},{\"@type\":\"WebSite\",\"@id\":\"https:\\\/\\\/www.deskmodder.de\\\/blog\\\/#website\",\"url\":\"https:\\\/\\\/www.deskmodder.de\\\/blog\\\/\",\"name\":\"Deskmodder.de\",\"description\":\"News zum Thema Microsoft, Windows 11 \\\/ 10, sowie anderen Neuigkeiten aus dem Netz, viele Tipps und individuelle Hilfe bei Problemen in unserem Forum \u25cf Deskmodder - seit 2003\",\"publisher\":{\"@id\":\"https:\\\/\\\/www.deskmodder.de\\\/blog\\\/#organization\"},\"potentialAction\":[{\"@type\":\"SearchAction\",\"target\":{\"@type\":\"EntryPoint\",\"urlTemplate\":\"https:\\\/\\\/www.deskmodder.de\\\/blog\\\/?s={search_term_string}\"},\"query-input\":{\"@type\":\"PropertyValueSpecification\",\"valueRequired\":true,\"valueName\":\"search_term_string\"}}],\"inLanguage\":\"de\"},{\"@type\":\"Organization\",\"@id\":\"https:\\\/\\\/www.deskmodder.de\\\/blog\\\/#organization\",\"name\":\"Deskmodder\",\"url\":\"https:\\\/\\\/www.deskmodder.de\\\/blog\\\/\",\"logo\":{\"@type\":\"ImageObject\",\"inLanguage\":\"de\",\"@id\":\"https:\\\/\\\/www.deskmodder.de\\\/blog\\\/#\\\/schema\\\/logo\\\/image\\\/\",\"url\":\"https:\\\/\\\/www.deskmodder.de\\\/blog\\\/wp-content\\\/uploads\\\/2019\\\/01\\\/deskmodder-logo-app.png\",\"contentUrl\":\"https:\\\/\\\/www.deskmodder.de\\\/blog\\\/wp-content\\\/uploads\\\/2019\\\/01\\\/deskmodder-logo-app.png\",\"width\":281,\"height\":286,\"caption\":\"Deskmodder\"},\"image\":{\"@id\":\"https:\\\/\\\/www.deskmodder.de\\\/blog\\\/#\\\/schema\\\/logo\\\/image\\\/\"},\"sameAs\":[\"https:\\\/\\\/www.facebook.com\\\/Deskmodder\",\"https:\\\/\\\/x.com\\\/Deskmodder\",\"https:\\\/\\\/mastodontech.de\\\/@Deskmodder\",\"https:\\\/\\\/www.youtube.com\\\/user\\\/deskmodder\",\"https:\\\/\\\/mewe.com\\\/group\\\/5c83b5231add826fc80cdae1\"]},{\"@type\":\"Person\",\"@id\":\"https:\\\/\\\/www.deskmodder.de\\\/blog\\\/#\\\/schema\\\/person\\\/f3c70b4f4860c9fcc4c04057ed04f469\",\"name\":\"W8U\",\"image\":{\"@type\":\"ImageObject\",\"inLanguage\":\"de\",\"@id\":\"https:\\\/\\\/secure.gravatar.com\\\/avatar\\\/a1e9db99fdd71a9ae2c516203e3fcd390817fa98f868eb9ba6d4a77d1a815cd4?s=96&d=mm&r=g\",\"url\":\"https:\\\/\\\/secure.gravatar.com\\\/avatar\\\/a1e9db99fdd71a9ae2c516203e3fcd390817fa98f868eb9ba6d4a77d1a815cd4?s=96&d=mm&r=g\",\"contentUrl\":\"https:\\\/\\\/secure.gravatar.com\\\/avatar\\\/a1e9db99fdd71a9ae2c516203e3fcd390817fa98f868eb9ba6d4a77d1a815cd4?s=96&d=mm&r=g\",\"caption\":\"W8U\"},\"description\":\"Technikliebhaber aus Niedersachsen und seit 2013 bei den Deskmoddern. Interessiert sich f\u00fcr (fast) alles, durch das Strom flie\u00dft: Computer, Smartphones, Tablets, Autos und so weiter.\",\"url\":\"https:\\\/\\\/www.deskmodder.de\\\/blog\\\/author\\\/w8u\\\/\"}]}<\/script>\n<!-- \/ Yoast SEO Premium plugin. -->","yoast_head_json":{"title":"Apple TV (4. Generation) ab Montag vorbestellbar - f\u00fcr bis zu 240 Euro - Deskmodder.de","robots":{"index":"index","follow":"follow","max-snippet":"max-snippet:-1","max-image-preview":"max-image-preview:large","max-video-preview":"max-video-preview:-1"},"canonical":"https:\/\/www.deskmodder.de\/blog\/2015\/10\/20\/apple-tv-4-generation-ab-montag-vorbestellbar-fuer-bis-zu-240-euro\/","og_locale":"de_DE","og_type":"article","og_title":"Apple TV (4. Generation) ab Montag vorbestellbar - f\u00fcr bis zu 240 Euro","og_description":"Im letzten Monat hat Apple die vierte Generation Mediacenter-Box Apple TV vorgestellt und noch keine konkreten Infos zur Verf\u00fcgbarkeit oder den deutschen Preisen bekanntgegeben. Laut Tim Cook werden aber ab Anfang n\u00e4chster Woche\u00a0Bestellungen entgegengenommen und erste Ger\u00e4te gegen Ende der&hellip;","og_url":"https:\/\/www.deskmodder.de\/blog\/2015\/10\/20\/apple-tv-4-generation-ab-montag-vorbestellbar-fuer-bis-zu-240-euro\/","og_site_name":"Deskmodder.de","article_publisher":"https:\/\/www.facebook.com\/Deskmodder","article_published_time":"2015-10-20T17:06:57+00:00","og_image":[{"width":1110,"height":799,"url":"https:\/\/www.deskmodder.de\/blog\/wp-content\/uploads\/2015\/10\/apple-tv-4-2105.png","type":"image\/png"}],"author":"W8U","twitter_card":"summary_large_image","twitter_creator":"@Deskmodder","twitter_site":"@Deskmodder","schema":{"@context":"https:\/\/schema.org","@graph":[{"@type":"Article","@id":"https:\/\/www.deskmodder.de\/blog\/2015\/10\/20\/apple-tv-4-generation-ab-montag-vorbestellbar-fuer-bis-zu-240-euro\/#article","isPartOf":{"@id":"https:\/\/www.deskmodder.de\/blog\/2015\/10\/20\/apple-tv-4-generation-ab-montag-vorbestellbar-fuer-bis-zu-240-euro\/"},"author":{"name":"W8U","@id":"https:\/\/www.deskmodder.de\/blog\/#\/schema\/person\/f3c70b4f4860c9fcc4c04057ed04f469"},"headline":"Apple TV (4. Generation) ab Montag vorbestellbar &#8211; f\u00fcr bis zu 240 Euro","datePublished":"2015-10-20T17:06:57+00:00","mainEntityOfPage":{"@id":"https:\/\/www.deskmodder.de\/blog\/2015\/10\/20\/apple-tv-4-generation-ab-montag-vorbestellbar-fuer-bis-zu-240-euro\/"},"wordCount":101,"commentCount":1,"publisher":{"@id":"https:\/\/www.deskmodder.de\/blog\/#organization"},"image":{"@id":"https:\/\/www.deskmodder.de\/blog\/2015\/10\/20\/apple-tv-4-generation-ab-montag-vorbestellbar-fuer-bis-zu-240-euro\/#primaryimage"},"thumbnailUrl":"https:\/\/www.deskmodder.de\/blog\/wp-content\/uploads\/2015\/10\/apple-tv-4-2105.png","keywords":["2015","4 gen","apple tv","bestellen","deutschland","Preise","Verf\u00fcgbarkeit"],"articleSection":["Hardware"],"inLanguage":"de","potentialAction":[{"@type":"CommentAction","name":"Comment","target":["https:\/\/www.deskmodder.de\/blog\/2015\/10\/20\/apple-tv-4-generation-ab-montag-vorbestellbar-fuer-bis-zu-240-euro\/#respond"]}],"copyrightYear":"2015","copyrightHolder":{"@id":"https:\/\/www.deskmodder.de\/blog\/#organization"}},{"@type":"WebPage","@id":"https:\/\/www.deskmodder.de\/blog\/2015\/10\/20\/apple-tv-4-generation-ab-montag-vorbestellbar-fuer-bis-zu-240-euro\/","url":"https:\/\/www.deskmodder.de\/blog\/2015\/10\/20\/apple-tv-4-generation-ab-montag-vorbestellbar-fuer-bis-zu-240-euro\/","name":"Apple TV (4. Generation) ab Montag vorbestellbar - f\u00fcr bis zu 240 Euro - Deskmodder.de","isPartOf":{"@id":"https:\/\/www.deskmodder.de\/blog\/#website"},"primaryImageOfPage":{"@id":"https:\/\/www.deskmodder.de\/blog\/2015\/10\/20\/apple-tv-4-generation-ab-montag-vorbestellbar-fuer-bis-zu-240-euro\/#primaryimage"},"image":{"@id":"https:\/\/www.deskmodder.de\/blog\/2015\/10\/20\/apple-tv-4-generation-ab-montag-vorbestellbar-fuer-bis-zu-240-euro\/#primaryimage"},"thumbnailUrl":"https:\/\/www.deskmodder.de\/blog\/wp-content\/uploads\/2015\/10\/apple-tv-4-2105.png","datePublished":"2015-10-20T17:06:57+00:00","breadcrumb":{"@id":"https:\/\/www.deskmodder.de\/blog\/2015\/10\/20\/apple-tv-4-generation-ab-montag-vorbestellbar-fuer-bis-zu-240-euro\/#breadcrumb"},"inLanguage":"de","potentialAction":[{"@type":"ReadAction","target":["https:\/\/www.deskmodder.de\/blog\/2015\/10\/20\/apple-tv-4-generation-ab-montag-vorbestellbar-fuer-bis-zu-240-euro\/"]}]},{"@type":"ImageObject","inLanguage":"de","@id":"https:\/\/www.deskmodder.de\/blog\/2015\/10\/20\/apple-tv-4-generation-ab-montag-vorbestellbar-fuer-bis-zu-240-euro\/#primaryimage","url":"https:\/\/www.deskmodder.de\/blog\/wp-content\/uploads\/2015\/10\/apple-tv-4-2105.png","contentUrl":"https:\/\/www.deskmodder.de\/blog\/wp-content\/uploads\/2015\/10\/apple-tv-4-2105.png","width":1110,"height":799},{"@type":"BreadcrumbList","@id":"https:\/\/www.deskmodder.de\/blog\/2015\/10\/20\/apple-tv-4-generation-ab-montag-vorbestellbar-fuer-bis-zu-240-euro\/#breadcrumb","itemListElement":[{"@type":"ListItem","position":1,"name":"Startseite","item":"https:\/\/www.deskmodder.de\/blog\/"},{"@type":"ListItem","position":2,"name":"Apple TV (4. Generation) ab Montag vorbestellbar &#8211; f\u00fcr bis zu 240 Euro"}]},{"@type":"WebSite","@id":"https:\/\/www.deskmodder.de\/blog\/#website","url":"https:\/\/www.deskmodder.de\/blog\/","name":"Deskmodder.de","description":"News zum Thema Microsoft, Windows 11 \/ 10, sowie anderen Neuigkeiten aus dem Netz, viele Tipps und individuelle Hilfe bei Problemen in unserem Forum \u25cf Deskmodder - seit 2003","publisher":{"@id":"https:\/\/www.deskmodder.de\/blog\/#organization"},"potentialAction":[{"@type":"SearchAction","target":{"@type":"EntryPoint","urlTemplate":"https:\/\/www.deskmodder.de\/blog\/?s={search_term_string}"},"query-input":{"@type":"PropertyValueSpecification","valueRequired":true,"valueName":"search_term_string"}}],"inLanguage":"de"},{"@type":"Organization","@id":"https:\/\/www.deskmodder.de\/blog\/#organization","name":"Deskmodder","url":"https:\/\/www.deskmodder.de\/blog\/","logo":{"@type":"ImageObject","inLanguage":"de","@id":"https:\/\/www.deskmodder.de\/blog\/#\/schema\/logo\/image\/","url":"https:\/\/www.deskmodder.de\/blog\/wp-content\/uploads\/2019\/01\/deskmodder-logo-app.png","contentUrl":"https:\/\/www.deskmodder.de\/blog\/wp-content\/uploads\/2019\/01\/deskmodder-logo-app.png","width":281,"height":286,"caption":"Deskmodder"},"image":{"@id":"https:\/\/www.deskmodder.de\/blog\/#\/schema\/logo\/image\/"},"sameAs":["https:\/\/www.facebook.com\/Deskmodder","https:\/\/x.com\/Deskmodder","https:\/\/mastodontech.de\/@Deskmodder","https:\/\/www.youtube.com\/user\/deskmodder","https:\/\/mewe.com\/group\/5c83b5231add826fc80cdae1"]},{"@type":"Person","@id":"https:\/\/www.deskmodder.de\/blog\/#\/schema\/person\/f3c70b4f4860c9fcc4c04057ed04f469","name":"W8U","image":{"@type":"ImageObject","inLanguage":"de","@id":"https:\/\/secure.gravatar.com\/avatar\/a1e9db99fdd71a9ae2c516203e3fcd390817fa98f868eb9ba6d4a77d1a815cd4?s=96&d=mm&r=g","url":"https:\/\/secure.gravatar.com\/avatar\/a1e9db99fdd71a9ae2c516203e3fcd390817fa98f868eb9ba6d4a77d1a815cd4?s=96&d=mm&r=g","contentUrl":"https:\/\/secure.gravatar.com\/avatar\/a1e9db99fdd71a9ae2c516203e3fcd390817fa98f868eb9ba6d4a77d1a815cd4?s=96&d=mm&r=g","caption":"W8U"},"description":"Technikliebhaber aus Niedersachsen und seit 2013 bei den Deskmoddern. Interessiert sich f\u00fcr (fast) alles, durch das Strom flie\u00dft: Computer, Smartphones, Tablets, Autos und so weiter.","url":"https:\/\/www.deskmodder.de\/blog\/author\/w8u\/"}]}},"jetpack_publicize_connections":[],"jetpack_featured_media_url":"https:\/\/www.deskmodder.de\/blog\/wp-content\/uploads\/2015\/10\/apple-tv-4-2105.png","_links":{"self":[{"href":"https:\/\/www.deskmodder.de\/blog\/wp-json\/wp\/v2\/posts\/55258","targetHints":{"allow":["GET"]}}],"collection":[{"href":"https:\/\/www.deskmodder.de\/blog\/wp-json\/wp\/v2\/posts"}],"about":[{"href":"https:\/\/www.deskmodder.de\/blog\/wp-json\/wp\/v2\/types\/post"}],"author":[{"embeddable":true,"href":"https:\/\/www.deskmodder.de\/blog\/wp-json\/wp\/v2\/users\/1525"}],"replies":[{"embeddable":true,"href":"https:\/\/www.deskmodder.de\/blog\/wp-json\/wp\/v2\/comments?post=55258"}],"version-history":[{"count":0,"href":"https:\/\/www.deskmodder.de\/blog\/wp-json\/wp\/v2\/posts\/55258\/revisions"}],"wp:featuredmedia":[{"embeddable":true,"href":"https:\/\/www.deskmodder.de\/blog\/wp-json\/wp\/v2\/media\/55268"}],"wp:attachment":[{"href":"https:\/\/www.deskmodder.de\/blog\/wp-json\/wp\/v2\/media?parent=55258"}],"wp:term":[{"taxonomy":"category","embeddable":true,"href":"https:\/\/www.deskmodder.de\/blog\/wp-json\/wp\/v2\/categories?post=55258"},{"taxonomy":"post_tag","embeddable":true,"href":"https:\/\/www.deskmodder.de\/blog\/wp-json\/wp\/v2\/tags?post=55258"}],"curies":[{"name":"wp","href":"https:\/\/api.w.org\/{rel}","templated":true}]}}