{"id":53970,"date":"2015-09-28T22:39:54","date_gmt":"2015-09-28T20:39:54","guid":{"rendered":"http:\/\/www.deskmodder.de\/blog\/?p=53970"},"modified":"2015-09-28T22:40:30","modified_gmt":"2015-09-28T20:40:30","slug":"telekom-gruene-wollen-das-bundesrepublik-anteile-verkauft","status":"publish","type":"post","link":"https:\/\/www.deskmodder.de\/blog\/2015\/09\/28\/telekom-gruene-wollen-das-bundesrepublik-anteile-verkauft\/","title":{"rendered":"Telekom &#8211; Gr\u00fcne wollen, dass Bundesrepublik Anteile verkauft"},"content":{"rendered":"<p>Die Gr\u00fcnen wollen die Anteile der Bundesrepublik\u00a0von 31,9 % an der Telekom\u00a0verkaufen und das Geld in den\u00a0Fiber-To-The-Home Glasfaserausbau investieren. Durch den Verkauf erhoffen sich die Gr\u00fcnen einen Gewinn von 10 Milliarden Euro. Ihr Hauptargument liegt darin, dass der Bund die F\u00f6rdermittel, welche die Telekom bekommt, eigentlich in einen staatseigenen Betrieb steckt und dies aus &#8222;ordnungspolitischer&#8220; Sicht nicht sinnvoll sei.<\/p>\n<p><a href=\"http:\/\/www.deskmodder.de\/blog\/wp-content\/uploads\/2013\/09\/Deutsche-telekom-logo.png\" rel=\"lightbox[53970]\"><img loading=\"lazy\" decoding=\"async\" class=\"aligncenter wp-image-12591 size-medium\" src=\"http:\/\/www.deskmodder.de\/blog\/wp-content\/uploads\/2013\/09\/Deutsche-telekom-logo-150x88.png\" alt=\"Deutsche-telekom-logo\" width=\"150\" height=\"88\" srcset=\"https:\/\/www.deskmodder.de\/blog\/wp-content\/uploads\/2013\/09\/Deutsche-telekom-logo-150x88.png 150w, https:\/\/www.deskmodder.de\/blog\/wp-content\/uploads\/2013\/09\/Deutsche-telekom-logo-500x294.png 500w, https:\/\/www.deskmodder.de\/blog\/wp-content\/uploads\/2013\/09\/Deutsche-telekom-logo.png 900w\" sizes=\"auto, (max-width: 150px) 100vw, 150px\" \/><\/a><\/p>\n<p>Des Weiteren ist man der Meinung, dass die Sonderrolle der Telekom, Schuld an dem langsamen Breitbandausbau sei. Erg\u00e4nzend sagt auch\u00a0Gr\u00fcnen-Politiker Alexander Bonde, Minister f\u00fcr den l\u00e4ndlichen Raum und Verbraucherschutz in Baden-W\u00fcrttemberg, zur FAZ,\u00a0dass es auch nach den Vorgaben der Bundeshaushaltsordnung nicht sinnvoll sei einen Teilbesitz an der Telekom zu halten.<\/p>\n<p>Ich pers\u00f6nlich finde, dass dies f\u00fcr den Moment vielleicht hohe Einnahmen f\u00fcr den Vater Staat sein m\u00f6gen, aber die Anteile\u00a0in der Zukunft vielleicht noch mehr bringen w\u00fcrden, da die Telekom vor allem in der USA\u00a0aktuell einen steilen Wachstumskurs besitzt, was nat\u00fcrlich\u00a0zu h\u00f6heren\u00a0Umsatzzahlen\u00a0f\u00fchrt und vielleicht die Dividende f\u00fcr die Aktion\u00e4re steigen l\u00e4sst.<\/p>\n <\/p>\n<div class=\"wpcmsdev-toggle\">\n<h3 class=\"toggle-title\"><a href=\"#toggle-mehr-informationen-zum-umsatz-der-telekom-im-1-quartal-15\"><i class=\"fa fa-plus icon-for-inactive\"><\/i><i class=\"fa fa-minus icon-for-active\"><\/i>Mehr Informationen zum Umsatz der Telekom im 1. Quartal &#8217;15<\/a><\/h3>\n<div id=\"toggle-mehr-informationen-zum-umsatz-der-telekom-im-1-quartal-15\" class=\"toggle-content\">\n<p> \u25aa <a href=\"https:\/\/bundesanzeiger.de\" target=\"_blank\">Bundesanzeiger<\/a> \u2192 Suche: Deutsche Telekom AG &amp; Rechnungslegung\/Finanzberichte<\/p>\n<\/div>\n<\/div>\n<p> \n<p><div class=\"quelle\">Quelle: <a href=\"http:\/\/www.faz.net\/\" target=\"_blank\">faz.net<\/a><\/div><div class=\"viaquelle\">Via: <a href=\"http:\/\/www.golem.de\/news\/ftth-gruene-wollen-staatsanteil-an-der-telekom-verkaufen-1509-116553.html\" target=\"_blank\">Golem.de<\/a><\/div><\/p>\n","protected":false},"excerpt":{"rendered":"<p>Die Gr\u00fcnen wollen die Anteile der Bundesrepublik\u00a0von 31,9 % an der Telekom\u00a0verkaufen und das Geld in den\u00a0Fiber-To-The-Home Glasfaserausbau investieren. Durch den Verkauf erhoffen sich die Gr\u00fcnen einen Gewinn von 10 Milliarden Euro. Ihr Hauptargument liegt darin, dass der Bund die&hellip; <\/p>\n","protected":false},"author":2550,"featured_media":12591,"comment_status":"open","ping_status":"open","sticky":false,"template":"","format":"standard","meta":{"jetpack_post_was_ever_published":false,"footnotes":"","jetpack_publicize_message":"","jetpack_publicize_feature_enabled":true,"jetpack_social_post_already_shared":true,"jetpack_social_options":{"image_generator_settings":{"template":"highway","default_image_id":0,"font":"","enabled":false},"version":2}},"categories":[1],"tags":[10452,5437,10456,4397,10455,10453,10454,2634,1749],"class_list":["post-53970","post","type-post","status-publish","format-standard","has-post-thumbnail","hentry","category-allgemein","tag-aktien","tag-breitbandausbau","tag-bundesrepublik-deutschland","tag-deutschland","tag-die-gruenen","tag-ftth","tag-glasfaser","tag-politik","tag-telekom"],"wp_featured_image":{"id":12591,"alt_text":"","description":"","media_type":"image","media_details":{"width":900,"height":530,"file":"2013\/09\/Deutsche-telekom-logo.png","sizes":{"thumbnail":{"file":"Deutsche-telekom-logo-150x150.png","width":150,"height":150,"mime-type":"image\/png","source_url":"https:\/\/www.deskmodder.de\/blog\/wp-content\/uploads\/2013\/09\/Deutsche-telekom-logo-150x150.png"},"medium":{"file":"Deutsche-telekom-logo-150x88.png","width":150,"height":88,"mime-type":"image\/png","source_url":"https:\/\/www.deskmodder.de\/blog\/wp-content\/uploads\/2013\/09\/Deutsche-telekom-logo-150x88.png"},"large":{"file":"Deutsche-telekom-logo-500x294.png","width":500,"height":294,"mime-type":"image\/png","source_url":"https:\/\/www.deskmodder.de\/blog\/wp-content\/uploads\/2013\/09\/Deutsche-telekom-logo-500x294.png"}},"image_meta":{"aperture":0,"credit":"","camera":"","caption":"","created_timestamp":0,"copyright":"","focal_length":0,"iso":0,"shutter_speed":0,"title":""}},"post":12590,"source_url":"https:\/\/www.deskmodder.de\/blog\/wp-content\/uploads\/2013\/09\/Deutsche-telekom-logo.png"},"commentcount":1,"wp_comments":[{"id":15133,"parent":0,"author":0,"author_name":"T-Magnicht","author_email":"ernst-m@web.de","author_url":"","author_avatar_urls":{"24":"https:\/\/secure.gravatar.com\/avatar\/c13477cce9fbb2873a413c420ef9a0f2df300beb0789d787f13d3ddad08af9e4?s=24&d=mm&r=g","48":"https:\/\/secure.gravatar.com\/avatar\/c13477cce9fbb2873a413c420ef9a0f2df300beb0789d787f13d3ddad08af9e4?s=48&d=mm&r=g","96":"https:\/\/secure.gravatar.com\/avatar\/c13477cce9fbb2873a413c420ef9a0f2df300beb0789d787f13d3ddad08af9e4?s=96&d=mm&r=g"},"date":"2015-09-29T09:09:54","cld_nonce":"5cfe60523a","content":{"rendered":"<p>Die Bundesregierung als Teilseigner macht sowieso Mist beim Breitbandausbau. Jetzt wollen die uns immer noch lahme 16MBit oder gar 2MBit als Breitbandausbau verkaufen. Und dann auch noch Vektoring. Wer schon mal an so einer Leitung hing, weil, dass sowas nur in St\u00e4dten auf der ersten Meile klappt.<\/p>\n"},"status":"1"}],"wp_author":{"id":2550,"name":"MAX","description":"Begeisterter Technik-Enthusiast, der aktuell zwei Welten vereint. Windows auf PC sowie Xbox und iOS auf dem iPhone, als auch auf dem iPad. Gespaltene Pers\u00f6nlichkeit w\u00fcrde ich sagen. ;)","author_avatar_urls":{"24":"https:\/\/secure.gravatar.com\/avatar\/0a924a9e0119dd457d49c2eb1fa27ade332376ba6138336743cdd8c221e4a3a3?s=24&d=mm&r=g","48":"https:\/\/secure.gravatar.com\/avatar\/0a924a9e0119dd457d49c2eb1fa27ade332376ba6138336743cdd8c221e4a3a3?s=48&d=mm&r=g","96":"https:\/\/secure.gravatar.com\/avatar\/0a924a9e0119dd457d49c2eb1fa27ade332376ba6138336743cdd8c221e4a3a3?s=96&d=mm&r=g"}},"cld_nonce":"5cfe60523a","yoast_head":"<!-- This site is optimized with the Yoast SEO Premium plugin v27.5 (Yoast SEO v27.5) - https:\/\/yoast.com\/product\/yoast-seo-premium-wordpress\/ -->\n<title>Telekom - Gr\u00fcne wollen, dass Bundesrepublik Anteile verkauft - Deskmodder.de<\/title>\n<meta name=\"robots\" content=\"index, follow, max-snippet:-1, max-image-preview:large, max-video-preview:-1\" \/>\n<link rel=\"canonical\" href=\"https:\/\/www.deskmodder.de\/blog\/2015\/09\/28\/telekom-gruene-wollen-das-bundesrepublik-anteile-verkauft\/\" \/>\n<meta property=\"og:locale\" content=\"de_DE\" \/>\n<meta property=\"og:type\" content=\"article\" \/>\n<meta property=\"og:title\" content=\"Telekom - Gr\u00fcne wollen, dass Bundesrepublik Anteile verkauft\" \/>\n<meta property=\"og:description\" content=\"Die Gr\u00fcnen wollen die Anteile der Bundesrepublik\u00a0von 31,9 % an der Telekom\u00a0verkaufen und das Geld in den\u00a0Fiber-To-The-Home Glasfaserausbau investieren. Durch den Verkauf erhoffen sich die Gr\u00fcnen einen Gewinn von 10 Milliarden Euro. Ihr Hauptargument liegt darin, dass der Bund die&hellip;\" \/>\n<meta property=\"og:url\" content=\"https:\/\/www.deskmodder.de\/blog\/2015\/09\/28\/telekom-gruene-wollen-das-bundesrepublik-anteile-verkauft\/\" \/>\n<meta property=\"og:site_name\" content=\"Deskmodder.de\" \/>\n<meta property=\"article:publisher\" content=\"https:\/\/www.facebook.com\/Deskmodder\" \/>\n<meta property=\"article:published_time\" content=\"2015-09-28T20:39:54+00:00\" \/>\n<meta property=\"article:modified_time\" content=\"2015-09-28T20:40:30+00:00\" \/>\n<meta property=\"og:image\" content=\"https:\/\/www.deskmodder.de\/blog\/wp-content\/uploads\/2013\/09\/Deutsche-telekom-logo.png\" \/>\n\t<meta property=\"og:image:width\" content=\"900\" \/>\n\t<meta property=\"og:image:height\" content=\"530\" \/>\n\t<meta property=\"og:image:type\" content=\"image\/png\" \/>\n<meta name=\"author\" content=\"MAX\" \/>\n<meta name=\"twitter:card\" content=\"summary_large_image\" \/>\n<meta name=\"twitter:creator\" content=\"@themximum\" \/>\n<meta name=\"twitter:site\" content=\"@Deskmodder\" \/>\n<script type=\"application\/ld+json\" class=\"yoast-schema-graph\">{\"@context\":\"https:\\\/\\\/schema.org\",\"@graph\":[{\"@type\":\"Article\",\"@id\":\"https:\\\/\\\/www.deskmodder.de\\\/blog\\\/2015\\\/09\\\/28\\\/telekom-gruene-wollen-das-bundesrepublik-anteile-verkauft\\\/#article\",\"isPartOf\":{\"@id\":\"https:\\\/\\\/www.deskmodder.de\\\/blog\\\/2015\\\/09\\\/28\\\/telekom-gruene-wollen-das-bundesrepublik-anteile-verkauft\\\/\"},\"author\":{\"name\":\"MAX\",\"@id\":\"https:\\\/\\\/www.deskmodder.de\\\/blog\\\/#\\\/schema\\\/person\\\/bd4b9506e83c661f1de1af925c726d7c\"},\"headline\":\"Telekom &#8211; Gr\u00fcne wollen, dass Bundesrepublik Anteile verkauft\",\"datePublished\":\"2015-09-28T20:39:54+00:00\",\"dateModified\":\"2015-09-28T20:40:30+00:00\",\"mainEntityOfPage\":{\"@id\":\"https:\\\/\\\/www.deskmodder.de\\\/blog\\\/2015\\\/09\\\/28\\\/telekom-gruene-wollen-das-bundesrepublik-anteile-verkauft\\\/\"},\"wordCount\":226,\"commentCount\":1,\"publisher\":{\"@id\":\"https:\\\/\\\/www.deskmodder.de\\\/blog\\\/#organization\"},\"image\":{\"@id\":\"https:\\\/\\\/www.deskmodder.de\\\/blog\\\/2015\\\/09\\\/28\\\/telekom-gruene-wollen-das-bundesrepublik-anteile-verkauft\\\/#primaryimage\"},\"thumbnailUrl\":\"https:\\\/\\\/www.deskmodder.de\\\/blog\\\/wp-content\\\/uploads\\\/2013\\\/09\\\/Deutsche-telekom-logo.png\",\"keywords\":[\"Aktien\",\"Breitbandausbau\",\"Bundesrepublik Deutschland\",\"deutschland\",\"Die Gr\u00fcnen\",\"FTTH\",\"Glasfaser\",\"Politik\",\"Telekom\"],\"inLanguage\":\"de\",\"potentialAction\":[{\"@type\":\"CommentAction\",\"name\":\"Comment\",\"target\":[\"https:\\\/\\\/www.deskmodder.de\\\/blog\\\/2015\\\/09\\\/28\\\/telekom-gruene-wollen-das-bundesrepublik-anteile-verkauft\\\/#respond\"]}],\"copyrightYear\":\"2015\",\"copyrightHolder\":{\"@id\":\"https:\\\/\\\/www.deskmodder.de\\\/blog\\\/#organization\"}},{\"@type\":\"WebPage\",\"@id\":\"https:\\\/\\\/www.deskmodder.de\\\/blog\\\/2015\\\/09\\\/28\\\/telekom-gruene-wollen-das-bundesrepublik-anteile-verkauft\\\/\",\"url\":\"https:\\\/\\\/www.deskmodder.de\\\/blog\\\/2015\\\/09\\\/28\\\/telekom-gruene-wollen-das-bundesrepublik-anteile-verkauft\\\/\",\"name\":\"Telekom - Gr\u00fcne wollen, dass Bundesrepublik Anteile verkauft - Deskmodder.de\",\"isPartOf\":{\"@id\":\"https:\\\/\\\/www.deskmodder.de\\\/blog\\\/#website\"},\"primaryImageOfPage\":{\"@id\":\"https:\\\/\\\/www.deskmodder.de\\\/blog\\\/2015\\\/09\\\/28\\\/telekom-gruene-wollen-das-bundesrepublik-anteile-verkauft\\\/#primaryimage\"},\"image\":{\"@id\":\"https:\\\/\\\/www.deskmodder.de\\\/blog\\\/2015\\\/09\\\/28\\\/telekom-gruene-wollen-das-bundesrepublik-anteile-verkauft\\\/#primaryimage\"},\"thumbnailUrl\":\"https:\\\/\\\/www.deskmodder.de\\\/blog\\\/wp-content\\\/uploads\\\/2013\\\/09\\\/Deutsche-telekom-logo.png\",\"datePublished\":\"2015-09-28T20:39:54+00:00\",\"dateModified\":\"2015-09-28T20:40:30+00:00\",\"breadcrumb\":{\"@id\":\"https:\\\/\\\/www.deskmodder.de\\\/blog\\\/2015\\\/09\\\/28\\\/telekom-gruene-wollen-das-bundesrepublik-anteile-verkauft\\\/#breadcrumb\"},\"inLanguage\":\"de\",\"potentialAction\":[{\"@type\":\"ReadAction\",\"target\":[\"https:\\\/\\\/www.deskmodder.de\\\/blog\\\/2015\\\/09\\\/28\\\/telekom-gruene-wollen-das-bundesrepublik-anteile-verkauft\\\/\"]}]},{\"@type\":\"ImageObject\",\"inLanguage\":\"de\",\"@id\":\"https:\\\/\\\/www.deskmodder.de\\\/blog\\\/2015\\\/09\\\/28\\\/telekom-gruene-wollen-das-bundesrepublik-anteile-verkauft\\\/#primaryimage\",\"url\":\"https:\\\/\\\/www.deskmodder.de\\\/blog\\\/wp-content\\\/uploads\\\/2013\\\/09\\\/Deutsche-telekom-logo.png\",\"contentUrl\":\"https:\\\/\\\/www.deskmodder.de\\\/blog\\\/wp-content\\\/uploads\\\/2013\\\/09\\\/Deutsche-telekom-logo.png\",\"width\":900,\"height\":530},{\"@type\":\"BreadcrumbList\",\"@id\":\"https:\\\/\\\/www.deskmodder.de\\\/blog\\\/2015\\\/09\\\/28\\\/telekom-gruene-wollen-das-bundesrepublik-anteile-verkauft\\\/#breadcrumb\",\"itemListElement\":[{\"@type\":\"ListItem\",\"position\":1,\"name\":\"Startseite\",\"item\":\"https:\\\/\\\/www.deskmodder.de\\\/blog\\\/\"},{\"@type\":\"ListItem\",\"position\":2,\"name\":\"Telekom &#8211; Gr\u00fcne wollen, dass Bundesrepublik Anteile verkauft\"}]},{\"@type\":\"WebSite\",\"@id\":\"https:\\\/\\\/www.deskmodder.de\\\/blog\\\/#website\",\"url\":\"https:\\\/\\\/www.deskmodder.de\\\/blog\\\/\",\"name\":\"Deskmodder.de\",\"description\":\"News zum Thema Microsoft, Windows 11 \\\/ 10, sowie anderen Neuigkeiten aus dem Netz, viele Tipps und individuelle Hilfe bei Problemen in unserem Forum \u25cf Deskmodder - seit 2003\",\"publisher\":{\"@id\":\"https:\\\/\\\/www.deskmodder.de\\\/blog\\\/#organization\"},\"potentialAction\":[{\"@type\":\"SearchAction\",\"target\":{\"@type\":\"EntryPoint\",\"urlTemplate\":\"https:\\\/\\\/www.deskmodder.de\\\/blog\\\/?s={search_term_string}\"},\"query-input\":{\"@type\":\"PropertyValueSpecification\",\"valueRequired\":true,\"valueName\":\"search_term_string\"}}],\"inLanguage\":\"de\"},{\"@type\":\"Organization\",\"@id\":\"https:\\\/\\\/www.deskmodder.de\\\/blog\\\/#organization\",\"name\":\"Deskmodder\",\"url\":\"https:\\\/\\\/www.deskmodder.de\\\/blog\\\/\",\"logo\":{\"@type\":\"ImageObject\",\"inLanguage\":\"de\",\"@id\":\"https:\\\/\\\/www.deskmodder.de\\\/blog\\\/#\\\/schema\\\/logo\\\/image\\\/\",\"url\":\"https:\\\/\\\/www.deskmodder.de\\\/blog\\\/wp-content\\\/uploads\\\/2019\\\/01\\\/deskmodder-logo-app.png\",\"contentUrl\":\"https:\\\/\\\/www.deskmodder.de\\\/blog\\\/wp-content\\\/uploads\\\/2019\\\/01\\\/deskmodder-logo-app.png\",\"width\":281,\"height\":286,\"caption\":\"Deskmodder\"},\"image\":{\"@id\":\"https:\\\/\\\/www.deskmodder.de\\\/blog\\\/#\\\/schema\\\/logo\\\/image\\\/\"},\"sameAs\":[\"https:\\\/\\\/www.facebook.com\\\/Deskmodder\",\"https:\\\/\\\/x.com\\\/Deskmodder\",\"https:\\\/\\\/mastodontech.de\\\/@Deskmodder\",\"https:\\\/\\\/www.youtube.com\\\/user\\\/deskmodder\",\"https:\\\/\\\/mewe.com\\\/group\\\/5c83b5231add826fc80cdae1\"]},{\"@type\":\"Person\",\"@id\":\"https:\\\/\\\/www.deskmodder.de\\\/blog\\\/#\\\/schema\\\/person\\\/bd4b9506e83c661f1de1af925c726d7c\",\"name\":\"MAX\",\"image\":{\"@type\":\"ImageObject\",\"inLanguage\":\"de\",\"@id\":\"https:\\\/\\\/secure.gravatar.com\\\/avatar\\\/0a924a9e0119dd457d49c2eb1fa27ade332376ba6138336743cdd8c221e4a3a3?s=96&d=mm&r=g\",\"url\":\"https:\\\/\\\/secure.gravatar.com\\\/avatar\\\/0a924a9e0119dd457d49c2eb1fa27ade332376ba6138336743cdd8c221e4a3a3?s=96&d=mm&r=g\",\"contentUrl\":\"https:\\\/\\\/secure.gravatar.com\\\/avatar\\\/0a924a9e0119dd457d49c2eb1fa27ade332376ba6138336743cdd8c221e4a3a3?s=96&d=mm&r=g\",\"caption\":\"MAX\"},\"description\":\"Begeisterter Technik-Enthusiast, der aktuell zwei Welten vereint. Windows auf PC sowie Xbox und iOS auf dem iPhone, als auch auf dem iPad. Gespaltene Pers\u00f6nlichkeit w\u00fcrde ich sagen. ;)\",\"sameAs\":[\"https:\\\/\\\/www.instagram.com\\\/themximum\\\/\",\"https:\\\/\\\/x.com\\\/themximum\"],\"url\":\"https:\\\/\\\/www.deskmodder.de\\\/blog\\\/author\\\/max\\\/\"}]}<\/script>\n<!-- \/ Yoast SEO Premium plugin. -->","yoast_head_json":{"title":"Telekom - Gr\u00fcne wollen, dass Bundesrepublik Anteile verkauft - Deskmodder.de","robots":{"index":"index","follow":"follow","max-snippet":"max-snippet:-1","max-image-preview":"max-image-preview:large","max-video-preview":"max-video-preview:-1"},"canonical":"https:\/\/www.deskmodder.de\/blog\/2015\/09\/28\/telekom-gruene-wollen-das-bundesrepublik-anteile-verkauft\/","og_locale":"de_DE","og_type":"article","og_title":"Telekom - Gr\u00fcne wollen, dass Bundesrepublik Anteile verkauft","og_description":"Die Gr\u00fcnen wollen die Anteile der Bundesrepublik\u00a0von 31,9 % an der Telekom\u00a0verkaufen und das Geld in den\u00a0Fiber-To-The-Home Glasfaserausbau investieren. Durch den Verkauf erhoffen sich die Gr\u00fcnen einen Gewinn von 10 Milliarden Euro. Ihr Hauptargument liegt darin, dass der Bund die&hellip;","og_url":"https:\/\/www.deskmodder.de\/blog\/2015\/09\/28\/telekom-gruene-wollen-das-bundesrepublik-anteile-verkauft\/","og_site_name":"Deskmodder.de","article_publisher":"https:\/\/www.facebook.com\/Deskmodder","article_published_time":"2015-09-28T20:39:54+00:00","article_modified_time":"2015-09-28T20:40:30+00:00","og_image":[{"width":900,"height":530,"url":"https:\/\/www.deskmodder.de\/blog\/wp-content\/uploads\/2013\/09\/Deutsche-telekom-logo.png","type":"image\/png"}],"author":"MAX","twitter_card":"summary_large_image","twitter_creator":"@themximum","twitter_site":"@Deskmodder","schema":{"@context":"https:\/\/schema.org","@graph":[{"@type":"Article","@id":"https:\/\/www.deskmodder.de\/blog\/2015\/09\/28\/telekom-gruene-wollen-das-bundesrepublik-anteile-verkauft\/#article","isPartOf":{"@id":"https:\/\/www.deskmodder.de\/blog\/2015\/09\/28\/telekom-gruene-wollen-das-bundesrepublik-anteile-verkauft\/"},"author":{"name":"MAX","@id":"https:\/\/www.deskmodder.de\/blog\/#\/schema\/person\/bd4b9506e83c661f1de1af925c726d7c"},"headline":"Telekom &#8211; Gr\u00fcne wollen, dass Bundesrepublik Anteile verkauft","datePublished":"2015-09-28T20:39:54+00:00","dateModified":"2015-09-28T20:40:30+00:00","mainEntityOfPage":{"@id":"https:\/\/www.deskmodder.de\/blog\/2015\/09\/28\/telekom-gruene-wollen-das-bundesrepublik-anteile-verkauft\/"},"wordCount":226,"commentCount":1,"publisher":{"@id":"https:\/\/www.deskmodder.de\/blog\/#organization"},"image":{"@id":"https:\/\/www.deskmodder.de\/blog\/2015\/09\/28\/telekom-gruene-wollen-das-bundesrepublik-anteile-verkauft\/#primaryimage"},"thumbnailUrl":"https:\/\/www.deskmodder.de\/blog\/wp-content\/uploads\/2013\/09\/Deutsche-telekom-logo.png","keywords":["Aktien","Breitbandausbau","Bundesrepublik Deutschland","deutschland","Die Gr\u00fcnen","FTTH","Glasfaser","Politik","Telekom"],"inLanguage":"de","potentialAction":[{"@type":"CommentAction","name":"Comment","target":["https:\/\/www.deskmodder.de\/blog\/2015\/09\/28\/telekom-gruene-wollen-das-bundesrepublik-anteile-verkauft\/#respond"]}],"copyrightYear":"2015","copyrightHolder":{"@id":"https:\/\/www.deskmodder.de\/blog\/#organization"}},{"@type":"WebPage","@id":"https:\/\/www.deskmodder.de\/blog\/2015\/09\/28\/telekom-gruene-wollen-das-bundesrepublik-anteile-verkauft\/","url":"https:\/\/www.deskmodder.de\/blog\/2015\/09\/28\/telekom-gruene-wollen-das-bundesrepublik-anteile-verkauft\/","name":"Telekom - Gr\u00fcne wollen, dass Bundesrepublik Anteile verkauft - Deskmodder.de","isPartOf":{"@id":"https:\/\/www.deskmodder.de\/blog\/#website"},"primaryImageOfPage":{"@id":"https:\/\/www.deskmodder.de\/blog\/2015\/09\/28\/telekom-gruene-wollen-das-bundesrepublik-anteile-verkauft\/#primaryimage"},"image":{"@id":"https:\/\/www.deskmodder.de\/blog\/2015\/09\/28\/telekom-gruene-wollen-das-bundesrepublik-anteile-verkauft\/#primaryimage"},"thumbnailUrl":"https:\/\/www.deskmodder.de\/blog\/wp-content\/uploads\/2013\/09\/Deutsche-telekom-logo.png","datePublished":"2015-09-28T20:39:54+00:00","dateModified":"2015-09-28T20:40:30+00:00","breadcrumb":{"@id":"https:\/\/www.deskmodder.de\/blog\/2015\/09\/28\/telekom-gruene-wollen-das-bundesrepublik-anteile-verkauft\/#breadcrumb"},"inLanguage":"de","potentialAction":[{"@type":"ReadAction","target":["https:\/\/www.deskmodder.de\/blog\/2015\/09\/28\/telekom-gruene-wollen-das-bundesrepublik-anteile-verkauft\/"]}]},{"@type":"ImageObject","inLanguage":"de","@id":"https:\/\/www.deskmodder.de\/blog\/2015\/09\/28\/telekom-gruene-wollen-das-bundesrepublik-anteile-verkauft\/#primaryimage","url":"https:\/\/www.deskmodder.de\/blog\/wp-content\/uploads\/2013\/09\/Deutsche-telekom-logo.png","contentUrl":"https:\/\/www.deskmodder.de\/blog\/wp-content\/uploads\/2013\/09\/Deutsche-telekom-logo.png","width":900,"height":530},{"@type":"BreadcrumbList","@id":"https:\/\/www.deskmodder.de\/blog\/2015\/09\/28\/telekom-gruene-wollen-das-bundesrepublik-anteile-verkauft\/#breadcrumb","itemListElement":[{"@type":"ListItem","position":1,"name":"Startseite","item":"https:\/\/www.deskmodder.de\/blog\/"},{"@type":"ListItem","position":2,"name":"Telekom &#8211; Gr\u00fcne wollen, dass Bundesrepublik Anteile verkauft"}]},{"@type":"WebSite","@id":"https:\/\/www.deskmodder.de\/blog\/#website","url":"https:\/\/www.deskmodder.de\/blog\/","name":"Deskmodder.de","description":"News zum Thema Microsoft, Windows 11 \/ 10, sowie anderen Neuigkeiten aus dem Netz, viele Tipps und individuelle Hilfe bei Problemen in unserem Forum \u25cf Deskmodder - seit 2003","publisher":{"@id":"https:\/\/www.deskmodder.de\/blog\/#organization"},"potentialAction":[{"@type":"SearchAction","target":{"@type":"EntryPoint","urlTemplate":"https:\/\/www.deskmodder.de\/blog\/?s={search_term_string}"},"query-input":{"@type":"PropertyValueSpecification","valueRequired":true,"valueName":"search_term_string"}}],"inLanguage":"de"},{"@type":"Organization","@id":"https:\/\/www.deskmodder.de\/blog\/#organization","name":"Deskmodder","url":"https:\/\/www.deskmodder.de\/blog\/","logo":{"@type":"ImageObject","inLanguage":"de","@id":"https:\/\/www.deskmodder.de\/blog\/#\/schema\/logo\/image\/","url":"https:\/\/www.deskmodder.de\/blog\/wp-content\/uploads\/2019\/01\/deskmodder-logo-app.png","contentUrl":"https:\/\/www.deskmodder.de\/blog\/wp-content\/uploads\/2019\/01\/deskmodder-logo-app.png","width":281,"height":286,"caption":"Deskmodder"},"image":{"@id":"https:\/\/www.deskmodder.de\/blog\/#\/schema\/logo\/image\/"},"sameAs":["https:\/\/www.facebook.com\/Deskmodder","https:\/\/x.com\/Deskmodder","https:\/\/mastodontech.de\/@Deskmodder","https:\/\/www.youtube.com\/user\/deskmodder","https:\/\/mewe.com\/group\/5c83b5231add826fc80cdae1"]},{"@type":"Person","@id":"https:\/\/www.deskmodder.de\/blog\/#\/schema\/person\/bd4b9506e83c661f1de1af925c726d7c","name":"MAX","image":{"@type":"ImageObject","inLanguage":"de","@id":"https:\/\/secure.gravatar.com\/avatar\/0a924a9e0119dd457d49c2eb1fa27ade332376ba6138336743cdd8c221e4a3a3?s=96&d=mm&r=g","url":"https:\/\/secure.gravatar.com\/avatar\/0a924a9e0119dd457d49c2eb1fa27ade332376ba6138336743cdd8c221e4a3a3?s=96&d=mm&r=g","contentUrl":"https:\/\/secure.gravatar.com\/avatar\/0a924a9e0119dd457d49c2eb1fa27ade332376ba6138336743cdd8c221e4a3a3?s=96&d=mm&r=g","caption":"MAX"},"description":"Begeisterter Technik-Enthusiast, der aktuell zwei Welten vereint. Windows auf PC sowie Xbox und iOS auf dem iPhone, als auch auf dem iPad. Gespaltene Pers\u00f6nlichkeit w\u00fcrde ich sagen. ;)","sameAs":["https:\/\/www.instagram.com\/themximum\/","https:\/\/x.com\/themximum"],"url":"https:\/\/www.deskmodder.de\/blog\/author\/max\/"}]}},"jetpack_publicize_connections":[],"jetpack_featured_media_url":"https:\/\/www.deskmodder.de\/blog\/wp-content\/uploads\/2013\/09\/Deutsche-telekom-logo.png","_links":{"self":[{"href":"https:\/\/www.deskmodder.de\/blog\/wp-json\/wp\/v2\/posts\/53970","targetHints":{"allow":["GET"]}}],"collection":[{"href":"https:\/\/www.deskmodder.de\/blog\/wp-json\/wp\/v2\/posts"}],"about":[{"href":"https:\/\/www.deskmodder.de\/blog\/wp-json\/wp\/v2\/types\/post"}],"author":[{"embeddable":true,"href":"https:\/\/www.deskmodder.de\/blog\/wp-json\/wp\/v2\/users\/2550"}],"replies":[{"embeddable":true,"href":"https:\/\/www.deskmodder.de\/blog\/wp-json\/wp\/v2\/comments?post=53970"}],"version-history":[{"count":0,"href":"https:\/\/www.deskmodder.de\/blog\/wp-json\/wp\/v2\/posts\/53970\/revisions"}],"wp:featuredmedia":[{"embeddable":true,"href":"https:\/\/www.deskmodder.de\/blog\/wp-json\/wp\/v2\/media\/12591"}],"wp:attachment":[{"href":"https:\/\/www.deskmodder.de\/blog\/wp-json\/wp\/v2\/media?parent=53970"}],"wp:term":[{"taxonomy":"category","embeddable":true,"href":"https:\/\/www.deskmodder.de\/blog\/wp-json\/wp\/v2\/categories?post=53970"},{"taxonomy":"post_tag","embeddable":true,"href":"https:\/\/www.deskmodder.de\/blog\/wp-json\/wp\/v2\/tags?post=53970"}],"curies":[{"name":"wp","href":"https:\/\/api.w.org\/{rel}","templated":true}]}}