{"id":52837,"date":"2015-09-13T14:45:28","date_gmt":"2015-09-13T12:45:28","guid":{"rendered":"http:\/\/www.deskmodder.de\/blog\/?p=52837"},"modified":"2015-09-13T14:51:13","modified_gmt":"2015-09-13T12:51:13","slug":"apple-keynote-nachtraeglich-in-voller-laenge-ansehen","status":"publish","type":"post","link":"https:\/\/www.deskmodder.de\/blog\/2015\/09\/13\/apple-keynote-nachtraeglich-in-voller-laenge-ansehen\/","title":{"rendered":"Apple Keynote (September 2015) nachtr\u00e4glich in voller L\u00e4nge ansehen"},"content":{"rendered":"<p>Vergangenen Mittwoch hat Apple in San Francisco ein\u00a0<a href=\"http:\/\/www.deskmodder.de\/blog\/2015\/09\/09\/konkurrenz-fuer-microsofts-surface-apple-stellt-das-ipad-pro-vor-ab-november-fuer-799-euro\/\" target=\"_blank\">gro\u00dfes iPad<\/a>, <a href=\"http:\/\/www.deskmodder.de\/blog\/2015\/09\/09\/apple-praesentiert-das-iphone-6s-und-iphone-6s-plus-mit-besserer-kamera-und-3d-touch\/\" target=\"_blank\">neue iPhones<\/a>\u00a0und ein neues Apple TV vorgestellt. Wer die Pr\u00e4sentation verpasst hat oder eine \u00e4ltere Version von Windows einsetzt, kann die Aufzeichnung nun auf YouTube in voller L\u00e4nge ansehen.<\/p>\n<p><div style=\"position:relative;width:100%;max-width:810px;height:456px;background-color:black;color:white;padding:0px;\" data-video-id=\"0qwALOOvUik\">\n\t\t\t\t\t\t<div style=\"text-align: center;\">\n\t\t\t\t\t\t\t<span class=\"hint-text\">Erst durch Klick auf den Button werden Daten an Youtube \u00fcbermittelt und dir das Video angezeigt.<br\/>Mehr dazu in unserer <a href=\"https:\/\/www.deskmodder.de\/blog\/datenschutz-auf-deskmodder-de\/\" target=\"_blank\">Datenschutzrichtlinie<\/a><\/span>\n\t\t\t\t\t\t<\/div>\n\t\t\t\t\t\t<div style=\"text-align: center; margin-top: 10px;\">\n\t\t\t\t\t\t\t<button onclick=\"showVideo(this)\">Verstanden!<\/button>\n\t\t\t\t\t\t<\/div>\n\t\t\t\t\t\t<div class=\"video-container\" style=\"display:none;\">\n\t\t\t\t\t\t\t<img decoding=\"async\" src=\"https:\/\/img.youtube.com\/vi\/0qwALOOvUik\/hqdefault.jpg\" alt=\"Vorschaubild\" style=\"width:100%; max-width:810px;\" \/>\n\t\t\t\t\t\t<\/div>\n\t\t\t\t\t<\/div>\n\t\t\t\t\t<script>\n\t\t\t\t\t\tfunction showVideo(button) {\n\t\t\t\t\t\t\tconst videoID = button.parentElement.parentElement.getAttribute(\"data-video-id\");\n\t\t\t\t\t\t\tconsole.log(\"Video ID:\", videoID); \/\/ Debugging\n\t\t\t\t\t\t\tconst iframeHTML = \"<iframe width='810' height='456' src='https:\/\/www.youtube-nocookie.com\/embed\/\" + videoID + \"?feature=oembed' frameborder='0' allow='accelerometer; autoplay; clipboard-write; encrypted-media; gyroscope; picture-in-picture' allowfullscreen><\/iframe>\";\n\n\t\t\t\t\t\t\tbutton.parentElement.parentElement.querySelector(\".video-container\").innerHTML = iframeHTML;\n\n\t\t\t\t\t\t\t\/\/ Video-Container sichtbar machen\n\t\t\t\t\t\t\tbutton.parentElement.parentElement.querySelector(\".video-container\").style.display = \"block\";\n\t\t\t\t\t\t\tbutton.parentElement.parentElement.querySelector(\".hint-text\").style.display = \"none\";\n\t\t\t\t\t\t\tbutton.remove();\n\t\t\t\t\t\t}\n\t\t\t\t\t<\/script><\/p>\n","protected":false},"excerpt":{"rendered":"<p>Vergangenen Mittwoch hat Apple in San Francisco ein\u00a0gro\u00dfes iPad, neue iPhones\u00a0und ein neues Apple TV vorgestellt. Wer die Pr\u00e4sentation verpasst hat oder eine \u00e4ltere Version von Windows einsetzt, kann die Aufzeichnung nun auf YouTube in voller L\u00e4nge ansehen. Erst durch&hellip; <\/p>\n","protected":false},"author":1525,"featured_media":52839,"comment_status":"open","ping_status":"open","sticky":false,"template":"","format":"standard","meta":{"jetpack_post_was_ever_published":false,"footnotes":"","jetpack_publicize_message":"","jetpack_publicize_feature_enabled":true,"jetpack_social_post_already_shared":true,"jetpack_social_options":{"image_generator_settings":{"template":"highway","default_image_id":0,"font":"","enabled":false},"version":2}},"categories":[1],"tags":[10184,98,5533,1145,4703,5298,2879,5041],"class_list":["post-52837","post","type-post","status-publish","format-standard","has-post-thumbnail","hentry","category-allgemein","tag-10184","tag-apple","tag-apple-tv","tag-event","tag-ipad-pro","tag-iphone-6s","tag-keynote","tag-september"],"wp_featured_image":{"id":52839,"alt_text":"","description":"","media_type":"image","media_details":{"width":1500,"height":1080,"file":"2015\/09\/apple_event.png","sizes":{"thumbnail":{"file":"apple_event-250x180.png","width":250,"height":180,"mime-type":"image\/png","source_url":"https:\/\/www.deskmodder.de\/blog\/wp-content\/uploads\/2015\/09\/apple_event-250x180.png"},"medium":{"file":"apple_event-500x360.png","width":500,"height":360,"mime-type":"image\/png","source_url":"https:\/\/www.deskmodder.de\/blog\/wp-content\/uploads\/2015\/09\/apple_event-500x360.png"},"large":{"file":"apple_event-700x504.png","width":700,"height":504,"mime-type":"image\/png","source_url":"https:\/\/www.deskmodder.de\/blog\/wp-content\/uploads\/2015\/09\/apple_event-700x504.png"},"wp_review_large":{"file":"apple_event-320x200.png","width":320,"height":200,"mime-type":"image\/png","source_url":"https:\/\/www.deskmodder.de\/blog\/wp-content\/uploads\/2015\/09\/apple_event-320x200.png"},"wp_review_small":{"file":"apple_event-65x65.png","width":65,"height":65,"mime-type":"image\/png","source_url":"https:\/\/www.deskmodder.de\/blog\/wp-content\/uploads\/2015\/09\/apple_event-65x65.png"},"wp_rp_thumbnail":{"file":"apple_event-150x150.png","width":150,"height":150,"mime-type":"image\/png","source_url":"https:\/\/www.deskmodder.de\/blog\/wp-content\/uploads\/2015\/09\/apple_event-150x150.png"}},"image_meta":{"aperture":0,"credit":"","camera":"","caption":"","created_timestamp":0,"copyright":"","focal_length":0,"iso":0,"shutter_speed":0,"title":"","orientation":0}},"post":52837,"source_url":"https:\/\/www.deskmodder.de\/blog\/wp-content\/uploads\/2015\/09\/apple_event.png"},"commentcount":0,"wp_comments":[],"wp_author":{"id":1525,"name":"W8U","description":"Technikliebhaber aus Niedersachsen und seit 2013 bei den Deskmoddern. Interessiert sich f\u00fcr (fast) alles, durch das Strom flie\u00dft: Computer, Smartphones, Tablets, Autos und so weiter.","author_avatar_urls":{"24":"https:\/\/secure.gravatar.com\/avatar\/a1e9db99fdd71a9ae2c516203e3fcd390817fa98f868eb9ba6d4a77d1a815cd4?s=24&d=mm&r=g","48":"https:\/\/secure.gravatar.com\/avatar\/a1e9db99fdd71a9ae2c516203e3fcd390817fa98f868eb9ba6d4a77d1a815cd4?s=48&d=mm&r=g","96":"https:\/\/secure.gravatar.com\/avatar\/a1e9db99fdd71a9ae2c516203e3fcd390817fa98f868eb9ba6d4a77d1a815cd4?s=96&d=mm&r=g"}},"cld_nonce":"5cfe60523a","yoast_head":"<!-- This site is optimized with the Yoast SEO Premium plugin v27.5 (Yoast SEO v27.5) - https:\/\/yoast.com\/product\/yoast-seo-premium-wordpress\/ -->\n<title>Apple Keynote (September 2015) nachtr\u00e4glich in voller L\u00e4nge ansehen - Deskmodder.de<\/title>\n<meta name=\"robots\" content=\"index, follow, max-snippet:-1, max-image-preview:large, max-video-preview:-1\" \/>\n<link rel=\"canonical\" href=\"https:\/\/www.deskmodder.de\/blog\/2015\/09\/13\/apple-keynote-nachtraeglich-in-voller-laenge-ansehen\/\" \/>\n<meta property=\"og:locale\" content=\"de_DE\" \/>\n<meta property=\"og:type\" content=\"article\" \/>\n<meta property=\"og:title\" content=\"Apple Keynote (September 2015) nachtr\u00e4glich in voller L\u00e4nge ansehen\" \/>\n<meta property=\"og:description\" content=\"Vergangenen Mittwoch hat Apple in San Francisco ein\u00a0gro\u00dfes iPad, neue iPhones\u00a0und ein neues Apple TV vorgestellt. Wer die Pr\u00e4sentation verpasst hat oder eine \u00e4ltere Version von Windows einsetzt, kann die Aufzeichnung nun auf YouTube in voller L\u00e4nge ansehen. Erst durch&hellip;\" \/>\n<meta property=\"og:url\" content=\"https:\/\/www.deskmodder.de\/blog\/2015\/09\/13\/apple-keynote-nachtraeglich-in-voller-laenge-ansehen\/\" \/>\n<meta property=\"og:site_name\" content=\"Deskmodder.de\" \/>\n<meta property=\"article:publisher\" content=\"https:\/\/www.facebook.com\/Deskmodder\" \/>\n<meta property=\"article:published_time\" content=\"2015-09-13T12:45:28+00:00\" \/>\n<meta property=\"article:modified_time\" content=\"2015-09-13T12:51:13+00:00\" \/>\n<meta property=\"og:image\" content=\"https:\/\/www.deskmodder.de\/blog\/wp-content\/uploads\/2015\/09\/apple_event.png\" \/>\n\t<meta property=\"og:image:width\" content=\"1500\" \/>\n\t<meta property=\"og:image:height\" content=\"1080\" \/>\n\t<meta property=\"og:image:type\" content=\"image\/png\" \/>\n<meta name=\"author\" content=\"W8U\" \/>\n<meta name=\"twitter:card\" content=\"summary_large_image\" \/>\n<meta name=\"twitter:creator\" content=\"@Deskmodder\" \/>\n<meta name=\"twitter:site\" content=\"@Deskmodder\" \/>\n<script type=\"application\/ld+json\" class=\"yoast-schema-graph\">{\"@context\":\"https:\\\/\\\/schema.org\",\"@graph\":[{\"@type\":\"Article\",\"@id\":\"https:\\\/\\\/www.deskmodder.de\\\/blog\\\/2015\\\/09\\\/13\\\/apple-keynote-nachtraeglich-in-voller-laenge-ansehen\\\/#article\",\"isPartOf\":{\"@id\":\"https:\\\/\\\/www.deskmodder.de\\\/blog\\\/2015\\\/09\\\/13\\\/apple-keynote-nachtraeglich-in-voller-laenge-ansehen\\\/\"},\"author\":{\"name\":\"W8U\",\"@id\":\"https:\\\/\\\/www.deskmodder.de\\\/blog\\\/#\\\/schema\\\/person\\\/f3c70b4f4860c9fcc4c04057ed04f469\"},\"headline\":\"Apple Keynote (September 2015) nachtr\u00e4glich in voller L\u00e4nge ansehen\",\"datePublished\":\"2015-09-13T12:45:28+00:00\",\"dateModified\":\"2015-09-13T12:51:13+00:00\",\"mainEntityOfPage\":{\"@id\":\"https:\\\/\\\/www.deskmodder.de\\\/blog\\\/2015\\\/09\\\/13\\\/apple-keynote-nachtraeglich-in-voller-laenge-ansehen\\\/\"},\"wordCount\":53,\"commentCount\":0,\"publisher\":{\"@id\":\"https:\\\/\\\/www.deskmodder.de\\\/blog\\\/#organization\"},\"image\":{\"@id\":\"https:\\\/\\\/www.deskmodder.de\\\/blog\\\/2015\\\/09\\\/13\\\/apple-keynote-nachtraeglich-in-voller-laenge-ansehen\\\/#primaryimage\"},\"thumbnailUrl\":\"https:\\\/\\\/www.deskmodder.de\\\/blog\\\/wp-content\\\/uploads\\\/2015\\\/09\\\/apple_event.png\",\"keywords\":[\"205\",\"Apple\",\"apple tv\",\"event\",\"iPad Pro\",\"iPhone 6s\",\"Keynote\",\"september\"],\"inLanguage\":\"de\",\"potentialAction\":[{\"@type\":\"CommentAction\",\"name\":\"Comment\",\"target\":[\"https:\\\/\\\/www.deskmodder.de\\\/blog\\\/2015\\\/09\\\/13\\\/apple-keynote-nachtraeglich-in-voller-laenge-ansehen\\\/#respond\"]}],\"copyrightYear\":\"2015\",\"copyrightHolder\":{\"@id\":\"https:\\\/\\\/www.deskmodder.de\\\/blog\\\/#organization\"}},{\"@type\":\"WebPage\",\"@id\":\"https:\\\/\\\/www.deskmodder.de\\\/blog\\\/2015\\\/09\\\/13\\\/apple-keynote-nachtraeglich-in-voller-laenge-ansehen\\\/\",\"url\":\"https:\\\/\\\/www.deskmodder.de\\\/blog\\\/2015\\\/09\\\/13\\\/apple-keynote-nachtraeglich-in-voller-laenge-ansehen\\\/\",\"name\":\"Apple Keynote (September 2015) nachtr\u00e4glich in voller L\u00e4nge ansehen - Deskmodder.de\",\"isPartOf\":{\"@id\":\"https:\\\/\\\/www.deskmodder.de\\\/blog\\\/#website\"},\"primaryImageOfPage\":{\"@id\":\"https:\\\/\\\/www.deskmodder.de\\\/blog\\\/2015\\\/09\\\/13\\\/apple-keynote-nachtraeglich-in-voller-laenge-ansehen\\\/#primaryimage\"},\"image\":{\"@id\":\"https:\\\/\\\/www.deskmodder.de\\\/blog\\\/2015\\\/09\\\/13\\\/apple-keynote-nachtraeglich-in-voller-laenge-ansehen\\\/#primaryimage\"},\"thumbnailUrl\":\"https:\\\/\\\/www.deskmodder.de\\\/blog\\\/wp-content\\\/uploads\\\/2015\\\/09\\\/apple_event.png\",\"datePublished\":\"2015-09-13T12:45:28+00:00\",\"dateModified\":\"2015-09-13T12:51:13+00:00\",\"breadcrumb\":{\"@id\":\"https:\\\/\\\/www.deskmodder.de\\\/blog\\\/2015\\\/09\\\/13\\\/apple-keynote-nachtraeglich-in-voller-laenge-ansehen\\\/#breadcrumb\"},\"inLanguage\":\"de\",\"potentialAction\":[{\"@type\":\"ReadAction\",\"target\":[\"https:\\\/\\\/www.deskmodder.de\\\/blog\\\/2015\\\/09\\\/13\\\/apple-keynote-nachtraeglich-in-voller-laenge-ansehen\\\/\"]}]},{\"@type\":\"ImageObject\",\"inLanguage\":\"de\",\"@id\":\"https:\\\/\\\/www.deskmodder.de\\\/blog\\\/2015\\\/09\\\/13\\\/apple-keynote-nachtraeglich-in-voller-laenge-ansehen\\\/#primaryimage\",\"url\":\"https:\\\/\\\/www.deskmodder.de\\\/blog\\\/wp-content\\\/uploads\\\/2015\\\/09\\\/apple_event.png\",\"contentUrl\":\"https:\\\/\\\/www.deskmodder.de\\\/blog\\\/wp-content\\\/uploads\\\/2015\\\/09\\\/apple_event.png\",\"width\":1500,\"height\":1080},{\"@type\":\"BreadcrumbList\",\"@id\":\"https:\\\/\\\/www.deskmodder.de\\\/blog\\\/2015\\\/09\\\/13\\\/apple-keynote-nachtraeglich-in-voller-laenge-ansehen\\\/#breadcrumb\",\"itemListElement\":[{\"@type\":\"ListItem\",\"position\":1,\"name\":\"Startseite\",\"item\":\"https:\\\/\\\/www.deskmodder.de\\\/blog\\\/\"},{\"@type\":\"ListItem\",\"position\":2,\"name\":\"Apple Keynote (September 2015) nachtr\u00e4glich in voller L\u00e4nge ansehen\"}]},{\"@type\":\"WebSite\",\"@id\":\"https:\\\/\\\/www.deskmodder.de\\\/blog\\\/#website\",\"url\":\"https:\\\/\\\/www.deskmodder.de\\\/blog\\\/\",\"name\":\"Deskmodder.de\",\"description\":\"News zum Thema Microsoft, Windows 11 \\\/ 10, sowie anderen Neuigkeiten aus dem Netz, viele Tipps und individuelle Hilfe bei Problemen in unserem Forum \u25cf Deskmodder - seit 2003\",\"publisher\":{\"@id\":\"https:\\\/\\\/www.deskmodder.de\\\/blog\\\/#organization\"},\"potentialAction\":[{\"@type\":\"SearchAction\",\"target\":{\"@type\":\"EntryPoint\",\"urlTemplate\":\"https:\\\/\\\/www.deskmodder.de\\\/blog\\\/?s={search_term_string}\"},\"query-input\":{\"@type\":\"PropertyValueSpecification\",\"valueRequired\":true,\"valueName\":\"search_term_string\"}}],\"inLanguage\":\"de\"},{\"@type\":\"Organization\",\"@id\":\"https:\\\/\\\/www.deskmodder.de\\\/blog\\\/#organization\",\"name\":\"Deskmodder\",\"url\":\"https:\\\/\\\/www.deskmodder.de\\\/blog\\\/\",\"logo\":{\"@type\":\"ImageObject\",\"inLanguage\":\"de\",\"@id\":\"https:\\\/\\\/www.deskmodder.de\\\/blog\\\/#\\\/schema\\\/logo\\\/image\\\/\",\"url\":\"https:\\\/\\\/www.deskmodder.de\\\/blog\\\/wp-content\\\/uploads\\\/2019\\\/01\\\/deskmodder-logo-app.png\",\"contentUrl\":\"https:\\\/\\\/www.deskmodder.de\\\/blog\\\/wp-content\\\/uploads\\\/2019\\\/01\\\/deskmodder-logo-app.png\",\"width\":281,\"height\":286,\"caption\":\"Deskmodder\"},\"image\":{\"@id\":\"https:\\\/\\\/www.deskmodder.de\\\/blog\\\/#\\\/schema\\\/logo\\\/image\\\/\"},\"sameAs\":[\"https:\\\/\\\/www.facebook.com\\\/Deskmodder\",\"https:\\\/\\\/x.com\\\/Deskmodder\",\"https:\\\/\\\/mastodontech.de\\\/@Deskmodder\",\"https:\\\/\\\/www.youtube.com\\\/user\\\/deskmodder\",\"https:\\\/\\\/mewe.com\\\/group\\\/5c83b5231add826fc80cdae1\"]},{\"@type\":\"Person\",\"@id\":\"https:\\\/\\\/www.deskmodder.de\\\/blog\\\/#\\\/schema\\\/person\\\/f3c70b4f4860c9fcc4c04057ed04f469\",\"name\":\"W8U\",\"image\":{\"@type\":\"ImageObject\",\"inLanguage\":\"de\",\"@id\":\"https:\\\/\\\/secure.gravatar.com\\\/avatar\\\/a1e9db99fdd71a9ae2c516203e3fcd390817fa98f868eb9ba6d4a77d1a815cd4?s=96&d=mm&r=g\",\"url\":\"https:\\\/\\\/secure.gravatar.com\\\/avatar\\\/a1e9db99fdd71a9ae2c516203e3fcd390817fa98f868eb9ba6d4a77d1a815cd4?s=96&d=mm&r=g\",\"contentUrl\":\"https:\\\/\\\/secure.gravatar.com\\\/avatar\\\/a1e9db99fdd71a9ae2c516203e3fcd390817fa98f868eb9ba6d4a77d1a815cd4?s=96&d=mm&r=g\",\"caption\":\"W8U\"},\"description\":\"Technikliebhaber aus Niedersachsen und seit 2013 bei den Deskmoddern. Interessiert sich f\u00fcr (fast) alles, durch das Strom flie\u00dft: Computer, Smartphones, Tablets, Autos und so weiter.\",\"url\":\"https:\\\/\\\/www.deskmodder.de\\\/blog\\\/author\\\/w8u\\\/\"}]}<\/script>\n<!-- \/ Yoast SEO Premium plugin. -->","yoast_head_json":{"title":"Apple Keynote (September 2015) nachtr\u00e4glich in voller L\u00e4nge ansehen - Deskmodder.de","robots":{"index":"index","follow":"follow","max-snippet":"max-snippet:-1","max-image-preview":"max-image-preview:large","max-video-preview":"max-video-preview:-1"},"canonical":"https:\/\/www.deskmodder.de\/blog\/2015\/09\/13\/apple-keynote-nachtraeglich-in-voller-laenge-ansehen\/","og_locale":"de_DE","og_type":"article","og_title":"Apple Keynote (September 2015) nachtr\u00e4glich in voller L\u00e4nge ansehen","og_description":"Vergangenen Mittwoch hat Apple in San Francisco ein\u00a0gro\u00dfes iPad, neue iPhones\u00a0und ein neues Apple TV vorgestellt. Wer die Pr\u00e4sentation verpasst hat oder eine \u00e4ltere Version von Windows einsetzt, kann die Aufzeichnung nun auf YouTube in voller L\u00e4nge ansehen. Erst durch&hellip;","og_url":"https:\/\/www.deskmodder.de\/blog\/2015\/09\/13\/apple-keynote-nachtraeglich-in-voller-laenge-ansehen\/","og_site_name":"Deskmodder.de","article_publisher":"https:\/\/www.facebook.com\/Deskmodder","article_published_time":"2015-09-13T12:45:28+00:00","article_modified_time":"2015-09-13T12:51:13+00:00","og_image":[{"width":1500,"height":1080,"url":"https:\/\/www.deskmodder.de\/blog\/wp-content\/uploads\/2015\/09\/apple_event.png","type":"image\/png"}],"author":"W8U","twitter_card":"summary_large_image","twitter_creator":"@Deskmodder","twitter_site":"@Deskmodder","schema":{"@context":"https:\/\/schema.org","@graph":[{"@type":"Article","@id":"https:\/\/www.deskmodder.de\/blog\/2015\/09\/13\/apple-keynote-nachtraeglich-in-voller-laenge-ansehen\/#article","isPartOf":{"@id":"https:\/\/www.deskmodder.de\/blog\/2015\/09\/13\/apple-keynote-nachtraeglich-in-voller-laenge-ansehen\/"},"author":{"name":"W8U","@id":"https:\/\/www.deskmodder.de\/blog\/#\/schema\/person\/f3c70b4f4860c9fcc4c04057ed04f469"},"headline":"Apple Keynote (September 2015) nachtr\u00e4glich in voller L\u00e4nge ansehen","datePublished":"2015-09-13T12:45:28+00:00","dateModified":"2015-09-13T12:51:13+00:00","mainEntityOfPage":{"@id":"https:\/\/www.deskmodder.de\/blog\/2015\/09\/13\/apple-keynote-nachtraeglich-in-voller-laenge-ansehen\/"},"wordCount":53,"commentCount":0,"publisher":{"@id":"https:\/\/www.deskmodder.de\/blog\/#organization"},"image":{"@id":"https:\/\/www.deskmodder.de\/blog\/2015\/09\/13\/apple-keynote-nachtraeglich-in-voller-laenge-ansehen\/#primaryimage"},"thumbnailUrl":"https:\/\/www.deskmodder.de\/blog\/wp-content\/uploads\/2015\/09\/apple_event.png","keywords":["205","Apple","apple tv","event","iPad Pro","iPhone 6s","Keynote","september"],"inLanguage":"de","potentialAction":[{"@type":"CommentAction","name":"Comment","target":["https:\/\/www.deskmodder.de\/blog\/2015\/09\/13\/apple-keynote-nachtraeglich-in-voller-laenge-ansehen\/#respond"]}],"copyrightYear":"2015","copyrightHolder":{"@id":"https:\/\/www.deskmodder.de\/blog\/#organization"}},{"@type":"WebPage","@id":"https:\/\/www.deskmodder.de\/blog\/2015\/09\/13\/apple-keynote-nachtraeglich-in-voller-laenge-ansehen\/","url":"https:\/\/www.deskmodder.de\/blog\/2015\/09\/13\/apple-keynote-nachtraeglich-in-voller-laenge-ansehen\/","name":"Apple Keynote (September 2015) nachtr\u00e4glich in voller L\u00e4nge ansehen - Deskmodder.de","isPartOf":{"@id":"https:\/\/www.deskmodder.de\/blog\/#website"},"primaryImageOfPage":{"@id":"https:\/\/www.deskmodder.de\/blog\/2015\/09\/13\/apple-keynote-nachtraeglich-in-voller-laenge-ansehen\/#primaryimage"},"image":{"@id":"https:\/\/www.deskmodder.de\/blog\/2015\/09\/13\/apple-keynote-nachtraeglich-in-voller-laenge-ansehen\/#primaryimage"},"thumbnailUrl":"https:\/\/www.deskmodder.de\/blog\/wp-content\/uploads\/2015\/09\/apple_event.png","datePublished":"2015-09-13T12:45:28+00:00","dateModified":"2015-09-13T12:51:13+00:00","breadcrumb":{"@id":"https:\/\/www.deskmodder.de\/blog\/2015\/09\/13\/apple-keynote-nachtraeglich-in-voller-laenge-ansehen\/#breadcrumb"},"inLanguage":"de","potentialAction":[{"@type":"ReadAction","target":["https:\/\/www.deskmodder.de\/blog\/2015\/09\/13\/apple-keynote-nachtraeglich-in-voller-laenge-ansehen\/"]}]},{"@type":"ImageObject","inLanguage":"de","@id":"https:\/\/www.deskmodder.de\/blog\/2015\/09\/13\/apple-keynote-nachtraeglich-in-voller-laenge-ansehen\/#primaryimage","url":"https:\/\/www.deskmodder.de\/blog\/wp-content\/uploads\/2015\/09\/apple_event.png","contentUrl":"https:\/\/www.deskmodder.de\/blog\/wp-content\/uploads\/2015\/09\/apple_event.png","width":1500,"height":1080},{"@type":"BreadcrumbList","@id":"https:\/\/www.deskmodder.de\/blog\/2015\/09\/13\/apple-keynote-nachtraeglich-in-voller-laenge-ansehen\/#breadcrumb","itemListElement":[{"@type":"ListItem","position":1,"name":"Startseite","item":"https:\/\/www.deskmodder.de\/blog\/"},{"@type":"ListItem","position":2,"name":"Apple Keynote (September 2015) nachtr\u00e4glich in voller L\u00e4nge ansehen"}]},{"@type":"WebSite","@id":"https:\/\/www.deskmodder.de\/blog\/#website","url":"https:\/\/www.deskmodder.de\/blog\/","name":"Deskmodder.de","description":"News zum Thema Microsoft, Windows 11 \/ 10, sowie anderen Neuigkeiten aus dem Netz, viele Tipps und individuelle Hilfe bei Problemen in unserem Forum \u25cf Deskmodder - seit 2003","publisher":{"@id":"https:\/\/www.deskmodder.de\/blog\/#organization"},"potentialAction":[{"@type":"SearchAction","target":{"@type":"EntryPoint","urlTemplate":"https:\/\/www.deskmodder.de\/blog\/?s={search_term_string}"},"query-input":{"@type":"PropertyValueSpecification","valueRequired":true,"valueName":"search_term_string"}}],"inLanguage":"de"},{"@type":"Organization","@id":"https:\/\/www.deskmodder.de\/blog\/#organization","name":"Deskmodder","url":"https:\/\/www.deskmodder.de\/blog\/","logo":{"@type":"ImageObject","inLanguage":"de","@id":"https:\/\/www.deskmodder.de\/blog\/#\/schema\/logo\/image\/","url":"https:\/\/www.deskmodder.de\/blog\/wp-content\/uploads\/2019\/01\/deskmodder-logo-app.png","contentUrl":"https:\/\/www.deskmodder.de\/blog\/wp-content\/uploads\/2019\/01\/deskmodder-logo-app.png","width":281,"height":286,"caption":"Deskmodder"},"image":{"@id":"https:\/\/www.deskmodder.de\/blog\/#\/schema\/logo\/image\/"},"sameAs":["https:\/\/www.facebook.com\/Deskmodder","https:\/\/x.com\/Deskmodder","https:\/\/mastodontech.de\/@Deskmodder","https:\/\/www.youtube.com\/user\/deskmodder","https:\/\/mewe.com\/group\/5c83b5231add826fc80cdae1"]},{"@type":"Person","@id":"https:\/\/www.deskmodder.de\/blog\/#\/schema\/person\/f3c70b4f4860c9fcc4c04057ed04f469","name":"W8U","image":{"@type":"ImageObject","inLanguage":"de","@id":"https:\/\/secure.gravatar.com\/avatar\/a1e9db99fdd71a9ae2c516203e3fcd390817fa98f868eb9ba6d4a77d1a815cd4?s=96&d=mm&r=g","url":"https:\/\/secure.gravatar.com\/avatar\/a1e9db99fdd71a9ae2c516203e3fcd390817fa98f868eb9ba6d4a77d1a815cd4?s=96&d=mm&r=g","contentUrl":"https:\/\/secure.gravatar.com\/avatar\/a1e9db99fdd71a9ae2c516203e3fcd390817fa98f868eb9ba6d4a77d1a815cd4?s=96&d=mm&r=g","caption":"W8U"},"description":"Technikliebhaber aus Niedersachsen und seit 2013 bei den Deskmoddern. Interessiert sich f\u00fcr (fast) alles, durch das Strom flie\u00dft: Computer, Smartphones, Tablets, Autos und so weiter.","url":"https:\/\/www.deskmodder.de\/blog\/author\/w8u\/"}]}},"jetpack_publicize_connections":[],"jetpack_featured_media_url":"https:\/\/www.deskmodder.de\/blog\/wp-content\/uploads\/2015\/09\/apple_event.png","_links":{"self":[{"href":"https:\/\/www.deskmodder.de\/blog\/wp-json\/wp\/v2\/posts\/52837","targetHints":{"allow":["GET"]}}],"collection":[{"href":"https:\/\/www.deskmodder.de\/blog\/wp-json\/wp\/v2\/posts"}],"about":[{"href":"https:\/\/www.deskmodder.de\/blog\/wp-json\/wp\/v2\/types\/post"}],"author":[{"embeddable":true,"href":"https:\/\/www.deskmodder.de\/blog\/wp-json\/wp\/v2\/users\/1525"}],"replies":[{"embeddable":true,"href":"https:\/\/www.deskmodder.de\/blog\/wp-json\/wp\/v2\/comments?post=52837"}],"version-history":[{"count":0,"href":"https:\/\/www.deskmodder.de\/blog\/wp-json\/wp\/v2\/posts\/52837\/revisions"}],"wp:featuredmedia":[{"embeddable":true,"href":"https:\/\/www.deskmodder.de\/blog\/wp-json\/wp\/v2\/media\/52839"}],"wp:attachment":[{"href":"https:\/\/www.deskmodder.de\/blog\/wp-json\/wp\/v2\/media?parent=52837"}],"wp:term":[{"taxonomy":"category","embeddable":true,"href":"https:\/\/www.deskmodder.de\/blog\/wp-json\/wp\/v2\/categories?post=52837"},{"taxonomy":"post_tag","embeddable":true,"href":"https:\/\/www.deskmodder.de\/blog\/wp-json\/wp\/v2\/tags?post=52837"}],"curies":[{"name":"wp","href":"https:\/\/api.w.org\/{rel}","templated":true}]}}