{"id":52470,"date":"2015-09-07T13:56:22","date_gmt":"2015-09-07T11:56:22","guid":{"rendered":"http:\/\/www.deskmodder.de\/blog\/?p=52470"},"modified":"2015-09-07T13:56:22","modified_gmt":"2015-09-07T11:56:22","slug":"western-digital-stellt-my-cloud-os-3-0-mit-verbesserter-kontenverwaltung-und-mehr-vor","status":"publish","type":"post","link":"https:\/\/www.deskmodder.de\/blog\/2015\/09\/07\/western-digital-stellt-my-cloud-os-3-0-mit-verbesserter-kontenverwaltung-und-mehr-vor\/","title":{"rendered":"Western Digital stellt My Cloud OS 3.0 mit verbesserter Kontenverwaltung und mehr vor"},"content":{"rendered":"<p>Die User eines NAS aus dem Hause Western Digital kennen das hauseigene My Cloud OS. Im Rahmen der IFA hat WD nun Version 3.0 vom My Cloud OS pr\u00e4sentiert und verspricht eine bessere Cloudanbindung sowie Kontenverwaltung. Ebenso legt man mit Version 3 nun den Fokus auch auf das Sharing.<\/p>\n<p><a href=\"http:\/\/www.deskmodder.de\/blog\/wp-content\/uploads\/2015\/09\/whats-new_1.jpg\" rel=\"lightbox[52470]\"><img loading=\"lazy\" decoding=\"async\" class=\"aligncenter size-full wp-image-52479\" src=\"http:\/\/www.deskmodder.de\/blog\/wp-content\/uploads\/2015\/09\/whats-new_1.jpg\" alt=\"whats-new_1\" width=\"980\" height=\"506\" \/><\/a><\/p>\n<p>Das Teilen von Inhalten war ja bereits m\u00f6glich, doch nun hat man als Administrator auch die M\u00f6glichkeit andere User einen Link zu senden, damit diese die Cloud ebenfalls nutzen k\u00f6nnen. Hier legt der Administrator dann f\u00fcr die User entsprechende Zugriffsrechte fest. Neu\u00a0hinzugekommen ist &#8222;My Sync&#8220;. Hiermit werden lokale Daten und gespeicherte Daten synchronisiert.<\/p>\n<p>Ab dem 21.September wird das My Cloud OS 3.0 offiziell freigegeben und steht dann Usern einer My Cloud, My Cloud Mirror, My Cloud EX2 und EX4, My Cloud EX2100 und EX4100 sowie der My Cloud DL2100 und DL4100 zur Verf\u00fcgung. Weitere Informationen findet ihr bei <a href=\"http:\/\/www.wdc.com\/de\/whats-new\/\" target=\"_blank\">Western Digital<\/a>.<\/p>\n","protected":false},"excerpt":{"rendered":"<p>Die User eines NAS aus dem Hause Western Digital kennen das hauseigene My Cloud OS. Im Rahmen der IFA hat WD nun Version 3.0 vom My Cloud OS pr\u00e4sentiert und verspricht eine bessere Cloudanbindung sowie Kontenverwaltung. Ebenso legt man mit&hellip; <\/p>\n","protected":false},"author":2020,"featured_media":52479,"comment_status":"open","ping_status":"open","sticky":false,"template":"","format":"standard","meta":{"jetpack_post_was_ever_published":false,"footnotes":"","jetpack_publicize_message":"","jetpack_publicize_feature_enabled":true,"jetpack_social_post_already_shared":true,"jetpack_social_options":{"image_generator_settings":{"template":"highway","default_image_id":0,"font":"","enabled":false},"version":2}},"categories":[1,152],"tags":[10108,3623,3624],"class_list":["post-52470","post","type-post","status-publish","format-standard","has-post-thumbnail","hentry","category-allgemein","category-software","tag-my-cloud-os-3-0","tag-wd","tag-western-digital"],"wp_featured_image":{"id":52479,"alt_text":"","description":"","media_type":"image","media_details":{"width":980,"height":506,"file":"2015\/09\/whats-new_1.jpg","sizes":{"thumbnail":{"file":"whats-new_1-250x180.jpg","width":250,"height":180,"mime-type":"image\/jpeg","source_url":"https:\/\/www.deskmodder.de\/blog\/wp-content\/uploads\/2015\/09\/whats-new_1-250x180.jpg"},"medium":{"file":"whats-new_1-500x360.jpg","width":500,"height":360,"mime-type":"image\/jpeg","source_url":"https:\/\/www.deskmodder.de\/blog\/wp-content\/uploads\/2015\/09\/whats-new_1-500x360.jpg"},"large":{"file":"whats-new_1-700x504.jpg","width":700,"height":504,"mime-type":"image\/jpeg","source_url":"https:\/\/www.deskmodder.de\/blog\/wp-content\/uploads\/2015\/09\/whats-new_1-700x504.jpg"},"wp_review_large":{"file":"whats-new_1-320x200.jpg","width":320,"height":200,"mime-type":"image\/jpeg","source_url":"https:\/\/www.deskmodder.de\/blog\/wp-content\/uploads\/2015\/09\/whats-new_1-320x200.jpg"},"wp_review_small":{"file":"whats-new_1-65x65.jpg","width":65,"height":65,"mime-type":"image\/jpeg","source_url":"https:\/\/www.deskmodder.de\/blog\/wp-content\/uploads\/2015\/09\/whats-new_1-65x65.jpg"},"wp_rp_thumbnail":{"file":"whats-new_1-150x150.jpg","width":150,"height":150,"mime-type":"image\/jpeg","source_url":"https:\/\/www.deskmodder.de\/blog\/wp-content\/uploads\/2015\/09\/whats-new_1-150x150.jpg"}},"image_meta":{"aperture":0,"credit":"","camera":"","caption":"","created_timestamp":0,"copyright":"","focal_length":0,"iso":0,"shutter_speed":0,"title":"","orientation":1}},"post":52470,"source_url":"https:\/\/www.deskmodder.de\/blog\/wp-content\/uploads\/2015\/09\/whats-new_1.jpg"},"commentcount":0,"wp_comments":[],"wp_author":{"id":2020,"name":"Mike","description":"\u00dcber das Anpassen &amp; Abspecken von XP in die \"Windows-Welt\" gekommen, interessiere ich mich eigentlich f\u00fcr jedes gute St\u00fcck Technik. Neben Windows hat auch Android bei mir ein zu Hause gefunden. Und ich bin jedes Jahr gespannt, was mich Neues erwartet. Bloggen ist eine Leidenschaft von mir und ich teile diese hier gerne mit euch.","author_avatar_urls":{"24":"https:\/\/secure.gravatar.com\/avatar\/a25a00ccc6c845d38ee2695915f64089ae7e42ad1a0e8247e29b357ef56b0fab?s=24&d=mm&r=g","48":"https:\/\/secure.gravatar.com\/avatar\/a25a00ccc6c845d38ee2695915f64089ae7e42ad1a0e8247e29b357ef56b0fab?s=48&d=mm&r=g","96":"https:\/\/secure.gravatar.com\/avatar\/a25a00ccc6c845d38ee2695915f64089ae7e42ad1a0e8247e29b357ef56b0fab?s=96&d=mm&r=g"}},"cld_nonce":"5cfe60523a","yoast_head":"<!-- This site is optimized with the Yoast SEO Premium plugin v27.5 (Yoast SEO v27.5) - https:\/\/yoast.com\/product\/yoast-seo-premium-wordpress\/ -->\n<title>Western Digital stellt My Cloud OS 3.0 mit verbesserter Kontenverwaltung und mehr vor - Deskmodder.de<\/title>\n<meta name=\"robots\" content=\"index, follow, max-snippet:-1, max-image-preview:large, max-video-preview:-1\" \/>\n<link rel=\"canonical\" href=\"https:\/\/www.deskmodder.de\/blog\/2015\/09\/07\/western-digital-stellt-my-cloud-os-3-0-mit-verbesserter-kontenverwaltung-und-mehr-vor\/\" \/>\n<meta property=\"og:locale\" content=\"de_DE\" \/>\n<meta property=\"og:type\" content=\"article\" \/>\n<meta property=\"og:title\" content=\"Western Digital stellt My Cloud OS 3.0 mit verbesserter Kontenverwaltung und mehr vor\" \/>\n<meta property=\"og:description\" content=\"Die User eines NAS aus dem Hause Western Digital kennen das hauseigene My Cloud OS. Im Rahmen der IFA hat WD nun Version 3.0 vom My Cloud OS pr\u00e4sentiert und verspricht eine bessere Cloudanbindung sowie Kontenverwaltung. Ebenso legt man mit&hellip;\" \/>\n<meta property=\"og:url\" content=\"https:\/\/www.deskmodder.de\/blog\/2015\/09\/07\/western-digital-stellt-my-cloud-os-3-0-mit-verbesserter-kontenverwaltung-und-mehr-vor\/\" \/>\n<meta property=\"og:site_name\" content=\"Deskmodder.de\" \/>\n<meta property=\"article:publisher\" content=\"https:\/\/www.facebook.com\/Deskmodder\" \/>\n<meta property=\"article:published_time\" content=\"2015-09-07T11:56:22+00:00\" \/>\n<meta property=\"og:image\" content=\"https:\/\/www.deskmodder.de\/blog\/wp-content\/uploads\/2015\/09\/whats-new_1.jpg\" \/>\n\t<meta property=\"og:image:width\" content=\"980\" \/>\n\t<meta property=\"og:image:height\" content=\"506\" \/>\n\t<meta property=\"og:image:type\" content=\"image\/jpeg\" \/>\n<meta name=\"author\" content=\"Mike\" \/>\n<meta name=\"twitter:card\" content=\"summary_large_image\" \/>\n<meta name=\"twitter:creator\" content=\"@Deskmodder\" \/>\n<meta name=\"twitter:site\" content=\"@Deskmodder\" \/>\n<script type=\"application\/ld+json\" class=\"yoast-schema-graph\">{\"@context\":\"https:\\\/\\\/schema.org\",\"@graph\":[{\"@type\":\"Article\",\"@id\":\"https:\\\/\\\/www.deskmodder.de\\\/blog\\\/2015\\\/09\\\/07\\\/western-digital-stellt-my-cloud-os-3-0-mit-verbesserter-kontenverwaltung-und-mehr-vor\\\/#article\",\"isPartOf\":{\"@id\":\"https:\\\/\\\/www.deskmodder.de\\\/blog\\\/2015\\\/09\\\/07\\\/western-digital-stellt-my-cloud-os-3-0-mit-verbesserter-kontenverwaltung-und-mehr-vor\\\/\"},\"author\":{\"name\":\"Mike\",\"@id\":\"https:\\\/\\\/www.deskmodder.de\\\/blog\\\/#\\\/schema\\\/person\\\/0d15dadb25ee420cb54f76ad120c98fa\"},\"headline\":\"Western Digital stellt My Cloud OS 3.0 mit verbesserter Kontenverwaltung und mehr vor\",\"datePublished\":\"2015-09-07T11:56:22+00:00\",\"mainEntityOfPage\":{\"@id\":\"https:\\\/\\\/www.deskmodder.de\\\/blog\\\/2015\\\/09\\\/07\\\/western-digital-stellt-my-cloud-os-3-0-mit-verbesserter-kontenverwaltung-und-mehr-vor\\\/\"},\"wordCount\":165,\"commentCount\":0,\"publisher\":{\"@id\":\"https:\\\/\\\/www.deskmodder.de\\\/blog\\\/#organization\"},\"image\":{\"@id\":\"https:\\\/\\\/www.deskmodder.de\\\/blog\\\/2015\\\/09\\\/07\\\/western-digital-stellt-my-cloud-os-3-0-mit-verbesserter-kontenverwaltung-und-mehr-vor\\\/#primaryimage\"},\"thumbnailUrl\":\"https:\\\/\\\/www.deskmodder.de\\\/blog\\\/wp-content\\\/uploads\\\/2015\\\/09\\\/whats-new_1.jpg\",\"keywords\":[\"My Cloud OS 3.0\",\"WD\",\"Western Digital\"],\"articleSection\":{\"1\":\"Software &amp; Updates\"},\"inLanguage\":\"de\",\"potentialAction\":[{\"@type\":\"CommentAction\",\"name\":\"Comment\",\"target\":[\"https:\\\/\\\/www.deskmodder.de\\\/blog\\\/2015\\\/09\\\/07\\\/western-digital-stellt-my-cloud-os-3-0-mit-verbesserter-kontenverwaltung-und-mehr-vor\\\/#respond\"]}],\"copyrightYear\":\"2015\",\"copyrightHolder\":{\"@id\":\"https:\\\/\\\/www.deskmodder.de\\\/blog\\\/#organization\"}},{\"@type\":\"WebPage\",\"@id\":\"https:\\\/\\\/www.deskmodder.de\\\/blog\\\/2015\\\/09\\\/07\\\/western-digital-stellt-my-cloud-os-3-0-mit-verbesserter-kontenverwaltung-und-mehr-vor\\\/\",\"url\":\"https:\\\/\\\/www.deskmodder.de\\\/blog\\\/2015\\\/09\\\/07\\\/western-digital-stellt-my-cloud-os-3-0-mit-verbesserter-kontenverwaltung-und-mehr-vor\\\/\",\"name\":\"Western Digital stellt My Cloud OS 3.0 mit verbesserter Kontenverwaltung und mehr vor - Deskmodder.de\",\"isPartOf\":{\"@id\":\"https:\\\/\\\/www.deskmodder.de\\\/blog\\\/#website\"},\"primaryImageOfPage\":{\"@id\":\"https:\\\/\\\/www.deskmodder.de\\\/blog\\\/2015\\\/09\\\/07\\\/western-digital-stellt-my-cloud-os-3-0-mit-verbesserter-kontenverwaltung-und-mehr-vor\\\/#primaryimage\"},\"image\":{\"@id\":\"https:\\\/\\\/www.deskmodder.de\\\/blog\\\/2015\\\/09\\\/07\\\/western-digital-stellt-my-cloud-os-3-0-mit-verbesserter-kontenverwaltung-und-mehr-vor\\\/#primaryimage\"},\"thumbnailUrl\":\"https:\\\/\\\/www.deskmodder.de\\\/blog\\\/wp-content\\\/uploads\\\/2015\\\/09\\\/whats-new_1.jpg\",\"datePublished\":\"2015-09-07T11:56:22+00:00\",\"breadcrumb\":{\"@id\":\"https:\\\/\\\/www.deskmodder.de\\\/blog\\\/2015\\\/09\\\/07\\\/western-digital-stellt-my-cloud-os-3-0-mit-verbesserter-kontenverwaltung-und-mehr-vor\\\/#breadcrumb\"},\"inLanguage\":\"de\",\"potentialAction\":[{\"@type\":\"ReadAction\",\"target\":[\"https:\\\/\\\/www.deskmodder.de\\\/blog\\\/2015\\\/09\\\/07\\\/western-digital-stellt-my-cloud-os-3-0-mit-verbesserter-kontenverwaltung-und-mehr-vor\\\/\"]}]},{\"@type\":\"ImageObject\",\"inLanguage\":\"de\",\"@id\":\"https:\\\/\\\/www.deskmodder.de\\\/blog\\\/2015\\\/09\\\/07\\\/western-digital-stellt-my-cloud-os-3-0-mit-verbesserter-kontenverwaltung-und-mehr-vor\\\/#primaryimage\",\"url\":\"https:\\\/\\\/www.deskmodder.de\\\/blog\\\/wp-content\\\/uploads\\\/2015\\\/09\\\/whats-new_1.jpg\",\"contentUrl\":\"https:\\\/\\\/www.deskmodder.de\\\/blog\\\/wp-content\\\/uploads\\\/2015\\\/09\\\/whats-new_1.jpg\",\"width\":980,\"height\":506},{\"@type\":\"BreadcrumbList\",\"@id\":\"https:\\\/\\\/www.deskmodder.de\\\/blog\\\/2015\\\/09\\\/07\\\/western-digital-stellt-my-cloud-os-3-0-mit-verbesserter-kontenverwaltung-und-mehr-vor\\\/#breadcrumb\",\"itemListElement\":[{\"@type\":\"ListItem\",\"position\":1,\"name\":\"Startseite\",\"item\":\"https:\\\/\\\/www.deskmodder.de\\\/blog\\\/\"},{\"@type\":\"ListItem\",\"position\":2,\"name\":\"Western Digital stellt My Cloud OS 3.0 mit verbesserter Kontenverwaltung und mehr vor\"}]},{\"@type\":\"WebSite\",\"@id\":\"https:\\\/\\\/www.deskmodder.de\\\/blog\\\/#website\",\"url\":\"https:\\\/\\\/www.deskmodder.de\\\/blog\\\/\",\"name\":\"Deskmodder.de\",\"description\":\"News zum Thema Microsoft, Windows 11 \\\/ 10, sowie anderen Neuigkeiten aus dem Netz, viele Tipps und individuelle Hilfe bei Problemen in unserem Forum \u25cf Deskmodder - seit 2003\",\"publisher\":{\"@id\":\"https:\\\/\\\/www.deskmodder.de\\\/blog\\\/#organization\"},\"potentialAction\":[{\"@type\":\"SearchAction\",\"target\":{\"@type\":\"EntryPoint\",\"urlTemplate\":\"https:\\\/\\\/www.deskmodder.de\\\/blog\\\/?s={search_term_string}\"},\"query-input\":{\"@type\":\"PropertyValueSpecification\",\"valueRequired\":true,\"valueName\":\"search_term_string\"}}],\"inLanguage\":\"de\"},{\"@type\":\"Organization\",\"@id\":\"https:\\\/\\\/www.deskmodder.de\\\/blog\\\/#organization\",\"name\":\"Deskmodder\",\"url\":\"https:\\\/\\\/www.deskmodder.de\\\/blog\\\/\",\"logo\":{\"@type\":\"ImageObject\",\"inLanguage\":\"de\",\"@id\":\"https:\\\/\\\/www.deskmodder.de\\\/blog\\\/#\\\/schema\\\/logo\\\/image\\\/\",\"url\":\"https:\\\/\\\/www.deskmodder.de\\\/blog\\\/wp-content\\\/uploads\\\/2019\\\/01\\\/deskmodder-logo-app.png\",\"contentUrl\":\"https:\\\/\\\/www.deskmodder.de\\\/blog\\\/wp-content\\\/uploads\\\/2019\\\/01\\\/deskmodder-logo-app.png\",\"width\":281,\"height\":286,\"caption\":\"Deskmodder\"},\"image\":{\"@id\":\"https:\\\/\\\/www.deskmodder.de\\\/blog\\\/#\\\/schema\\\/logo\\\/image\\\/\"},\"sameAs\":[\"https:\\\/\\\/www.facebook.com\\\/Deskmodder\",\"https:\\\/\\\/x.com\\\/Deskmodder\",\"https:\\\/\\\/mastodontech.de\\\/@Deskmodder\",\"https:\\\/\\\/www.youtube.com\\\/user\\\/deskmodder\",\"https:\\\/\\\/mewe.com\\\/group\\\/5c83b5231add826fc80cdae1\"]},{\"@type\":\"Person\",\"@id\":\"https:\\\/\\\/www.deskmodder.de\\\/blog\\\/#\\\/schema\\\/person\\\/0d15dadb25ee420cb54f76ad120c98fa\",\"name\":\"Mike\",\"image\":{\"@type\":\"ImageObject\",\"inLanguage\":\"de\",\"@id\":\"https:\\\/\\\/secure.gravatar.com\\\/avatar\\\/a25a00ccc6c845d38ee2695915f64089ae7e42ad1a0e8247e29b357ef56b0fab?s=96&d=mm&r=g\",\"url\":\"https:\\\/\\\/secure.gravatar.com\\\/avatar\\\/a25a00ccc6c845d38ee2695915f64089ae7e42ad1a0e8247e29b357ef56b0fab?s=96&d=mm&r=g\",\"contentUrl\":\"https:\\\/\\\/secure.gravatar.com\\\/avatar\\\/a25a00ccc6c845d38ee2695915f64089ae7e42ad1a0e8247e29b357ef56b0fab?s=96&d=mm&r=g\",\"caption\":\"Mike\"},\"description\":\"\u00dcber das Anpassen &amp; Abspecken von XP in die \\\"Windows-Welt\\\" gekommen, interessiere ich mich eigentlich f\u00fcr jedes gute St\u00fcck Technik. Neben Windows hat auch Android bei mir ein zu Hause gefunden. Und ich bin jedes Jahr gespannt, was mich Neues erwartet. Bloggen ist eine Leidenschaft von mir und ich teile diese hier gerne mit euch.\",\"url\":\"https:\\\/\\\/www.deskmodder.de\\\/blog\\\/author\\\/mike\\\/\"}]}<\/script>\n<!-- \/ Yoast SEO Premium plugin. -->","yoast_head_json":{"title":"Western Digital stellt My Cloud OS 3.0 mit verbesserter Kontenverwaltung und mehr vor - Deskmodder.de","robots":{"index":"index","follow":"follow","max-snippet":"max-snippet:-1","max-image-preview":"max-image-preview:large","max-video-preview":"max-video-preview:-1"},"canonical":"https:\/\/www.deskmodder.de\/blog\/2015\/09\/07\/western-digital-stellt-my-cloud-os-3-0-mit-verbesserter-kontenverwaltung-und-mehr-vor\/","og_locale":"de_DE","og_type":"article","og_title":"Western Digital stellt My Cloud OS 3.0 mit verbesserter Kontenverwaltung und mehr vor","og_description":"Die User eines NAS aus dem Hause Western Digital kennen das hauseigene My Cloud OS. Im Rahmen der IFA hat WD nun Version 3.0 vom My Cloud OS pr\u00e4sentiert und verspricht eine bessere Cloudanbindung sowie Kontenverwaltung. Ebenso legt man mit&hellip;","og_url":"https:\/\/www.deskmodder.de\/blog\/2015\/09\/07\/western-digital-stellt-my-cloud-os-3-0-mit-verbesserter-kontenverwaltung-und-mehr-vor\/","og_site_name":"Deskmodder.de","article_publisher":"https:\/\/www.facebook.com\/Deskmodder","article_published_time":"2015-09-07T11:56:22+00:00","og_image":[{"width":980,"height":506,"url":"https:\/\/www.deskmodder.de\/blog\/wp-content\/uploads\/2015\/09\/whats-new_1.jpg","type":"image\/jpeg"}],"author":"Mike","twitter_card":"summary_large_image","twitter_creator":"@Deskmodder","twitter_site":"@Deskmodder","schema":{"@context":"https:\/\/schema.org","@graph":[{"@type":"Article","@id":"https:\/\/www.deskmodder.de\/blog\/2015\/09\/07\/western-digital-stellt-my-cloud-os-3-0-mit-verbesserter-kontenverwaltung-und-mehr-vor\/#article","isPartOf":{"@id":"https:\/\/www.deskmodder.de\/blog\/2015\/09\/07\/western-digital-stellt-my-cloud-os-3-0-mit-verbesserter-kontenverwaltung-und-mehr-vor\/"},"author":{"name":"Mike","@id":"https:\/\/www.deskmodder.de\/blog\/#\/schema\/person\/0d15dadb25ee420cb54f76ad120c98fa"},"headline":"Western Digital stellt My Cloud OS 3.0 mit verbesserter Kontenverwaltung und mehr vor","datePublished":"2015-09-07T11:56:22+00:00","mainEntityOfPage":{"@id":"https:\/\/www.deskmodder.de\/blog\/2015\/09\/07\/western-digital-stellt-my-cloud-os-3-0-mit-verbesserter-kontenverwaltung-und-mehr-vor\/"},"wordCount":165,"commentCount":0,"publisher":{"@id":"https:\/\/www.deskmodder.de\/blog\/#organization"},"image":{"@id":"https:\/\/www.deskmodder.de\/blog\/2015\/09\/07\/western-digital-stellt-my-cloud-os-3-0-mit-verbesserter-kontenverwaltung-und-mehr-vor\/#primaryimage"},"thumbnailUrl":"https:\/\/www.deskmodder.de\/blog\/wp-content\/uploads\/2015\/09\/whats-new_1.jpg","keywords":["My Cloud OS 3.0","WD","Western Digital"],"articleSection":{"1":"Software &amp; Updates"},"inLanguage":"de","potentialAction":[{"@type":"CommentAction","name":"Comment","target":["https:\/\/www.deskmodder.de\/blog\/2015\/09\/07\/western-digital-stellt-my-cloud-os-3-0-mit-verbesserter-kontenverwaltung-und-mehr-vor\/#respond"]}],"copyrightYear":"2015","copyrightHolder":{"@id":"https:\/\/www.deskmodder.de\/blog\/#organization"}},{"@type":"WebPage","@id":"https:\/\/www.deskmodder.de\/blog\/2015\/09\/07\/western-digital-stellt-my-cloud-os-3-0-mit-verbesserter-kontenverwaltung-und-mehr-vor\/","url":"https:\/\/www.deskmodder.de\/blog\/2015\/09\/07\/western-digital-stellt-my-cloud-os-3-0-mit-verbesserter-kontenverwaltung-und-mehr-vor\/","name":"Western Digital stellt My Cloud OS 3.0 mit verbesserter Kontenverwaltung und mehr vor - Deskmodder.de","isPartOf":{"@id":"https:\/\/www.deskmodder.de\/blog\/#website"},"primaryImageOfPage":{"@id":"https:\/\/www.deskmodder.de\/blog\/2015\/09\/07\/western-digital-stellt-my-cloud-os-3-0-mit-verbesserter-kontenverwaltung-und-mehr-vor\/#primaryimage"},"image":{"@id":"https:\/\/www.deskmodder.de\/blog\/2015\/09\/07\/western-digital-stellt-my-cloud-os-3-0-mit-verbesserter-kontenverwaltung-und-mehr-vor\/#primaryimage"},"thumbnailUrl":"https:\/\/www.deskmodder.de\/blog\/wp-content\/uploads\/2015\/09\/whats-new_1.jpg","datePublished":"2015-09-07T11:56:22+00:00","breadcrumb":{"@id":"https:\/\/www.deskmodder.de\/blog\/2015\/09\/07\/western-digital-stellt-my-cloud-os-3-0-mit-verbesserter-kontenverwaltung-und-mehr-vor\/#breadcrumb"},"inLanguage":"de","potentialAction":[{"@type":"ReadAction","target":["https:\/\/www.deskmodder.de\/blog\/2015\/09\/07\/western-digital-stellt-my-cloud-os-3-0-mit-verbesserter-kontenverwaltung-und-mehr-vor\/"]}]},{"@type":"ImageObject","inLanguage":"de","@id":"https:\/\/www.deskmodder.de\/blog\/2015\/09\/07\/western-digital-stellt-my-cloud-os-3-0-mit-verbesserter-kontenverwaltung-und-mehr-vor\/#primaryimage","url":"https:\/\/www.deskmodder.de\/blog\/wp-content\/uploads\/2015\/09\/whats-new_1.jpg","contentUrl":"https:\/\/www.deskmodder.de\/blog\/wp-content\/uploads\/2015\/09\/whats-new_1.jpg","width":980,"height":506},{"@type":"BreadcrumbList","@id":"https:\/\/www.deskmodder.de\/blog\/2015\/09\/07\/western-digital-stellt-my-cloud-os-3-0-mit-verbesserter-kontenverwaltung-und-mehr-vor\/#breadcrumb","itemListElement":[{"@type":"ListItem","position":1,"name":"Startseite","item":"https:\/\/www.deskmodder.de\/blog\/"},{"@type":"ListItem","position":2,"name":"Western Digital stellt My Cloud OS 3.0 mit verbesserter Kontenverwaltung und mehr vor"}]},{"@type":"WebSite","@id":"https:\/\/www.deskmodder.de\/blog\/#website","url":"https:\/\/www.deskmodder.de\/blog\/","name":"Deskmodder.de","description":"News zum Thema Microsoft, Windows 11 \/ 10, sowie anderen Neuigkeiten aus dem Netz, viele Tipps und individuelle Hilfe bei Problemen in unserem Forum \u25cf Deskmodder - seit 2003","publisher":{"@id":"https:\/\/www.deskmodder.de\/blog\/#organization"},"potentialAction":[{"@type":"SearchAction","target":{"@type":"EntryPoint","urlTemplate":"https:\/\/www.deskmodder.de\/blog\/?s={search_term_string}"},"query-input":{"@type":"PropertyValueSpecification","valueRequired":true,"valueName":"search_term_string"}}],"inLanguage":"de"},{"@type":"Organization","@id":"https:\/\/www.deskmodder.de\/blog\/#organization","name":"Deskmodder","url":"https:\/\/www.deskmodder.de\/blog\/","logo":{"@type":"ImageObject","inLanguage":"de","@id":"https:\/\/www.deskmodder.de\/blog\/#\/schema\/logo\/image\/","url":"https:\/\/www.deskmodder.de\/blog\/wp-content\/uploads\/2019\/01\/deskmodder-logo-app.png","contentUrl":"https:\/\/www.deskmodder.de\/blog\/wp-content\/uploads\/2019\/01\/deskmodder-logo-app.png","width":281,"height":286,"caption":"Deskmodder"},"image":{"@id":"https:\/\/www.deskmodder.de\/blog\/#\/schema\/logo\/image\/"},"sameAs":["https:\/\/www.facebook.com\/Deskmodder","https:\/\/x.com\/Deskmodder","https:\/\/mastodontech.de\/@Deskmodder","https:\/\/www.youtube.com\/user\/deskmodder","https:\/\/mewe.com\/group\/5c83b5231add826fc80cdae1"]},{"@type":"Person","@id":"https:\/\/www.deskmodder.de\/blog\/#\/schema\/person\/0d15dadb25ee420cb54f76ad120c98fa","name":"Mike","image":{"@type":"ImageObject","inLanguage":"de","@id":"https:\/\/secure.gravatar.com\/avatar\/a25a00ccc6c845d38ee2695915f64089ae7e42ad1a0e8247e29b357ef56b0fab?s=96&d=mm&r=g","url":"https:\/\/secure.gravatar.com\/avatar\/a25a00ccc6c845d38ee2695915f64089ae7e42ad1a0e8247e29b357ef56b0fab?s=96&d=mm&r=g","contentUrl":"https:\/\/secure.gravatar.com\/avatar\/a25a00ccc6c845d38ee2695915f64089ae7e42ad1a0e8247e29b357ef56b0fab?s=96&d=mm&r=g","caption":"Mike"},"description":"\u00dcber das Anpassen &amp; Abspecken von XP in die \"Windows-Welt\" gekommen, interessiere ich mich eigentlich f\u00fcr jedes gute St\u00fcck Technik. Neben Windows hat auch Android bei mir ein zu Hause gefunden. Und ich bin jedes Jahr gespannt, was mich Neues erwartet. Bloggen ist eine Leidenschaft von mir und ich teile diese hier gerne mit euch.","url":"https:\/\/www.deskmodder.de\/blog\/author\/mike\/"}]}},"jetpack_publicize_connections":[],"jetpack_featured_media_url":"https:\/\/www.deskmodder.de\/blog\/wp-content\/uploads\/2015\/09\/whats-new_1.jpg","_links":{"self":[{"href":"https:\/\/www.deskmodder.de\/blog\/wp-json\/wp\/v2\/posts\/52470","targetHints":{"allow":["GET"]}}],"collection":[{"href":"https:\/\/www.deskmodder.de\/blog\/wp-json\/wp\/v2\/posts"}],"about":[{"href":"https:\/\/www.deskmodder.de\/blog\/wp-json\/wp\/v2\/types\/post"}],"author":[{"embeddable":true,"href":"https:\/\/www.deskmodder.de\/blog\/wp-json\/wp\/v2\/users\/2020"}],"replies":[{"embeddable":true,"href":"https:\/\/www.deskmodder.de\/blog\/wp-json\/wp\/v2\/comments?post=52470"}],"version-history":[{"count":0,"href":"https:\/\/www.deskmodder.de\/blog\/wp-json\/wp\/v2\/posts\/52470\/revisions"}],"wp:featuredmedia":[{"embeddable":true,"href":"https:\/\/www.deskmodder.de\/blog\/wp-json\/wp\/v2\/media\/52479"}],"wp:attachment":[{"href":"https:\/\/www.deskmodder.de\/blog\/wp-json\/wp\/v2\/media?parent=52470"}],"wp:term":[{"taxonomy":"category","embeddable":true,"href":"https:\/\/www.deskmodder.de\/blog\/wp-json\/wp\/v2\/categories?post=52470"},{"taxonomy":"post_tag","embeddable":true,"href":"https:\/\/www.deskmodder.de\/blog\/wp-json\/wp\/v2\/tags?post=52470"}],"curies":[{"name":"wp","href":"https:\/\/api.w.org\/{rel}","templated":true}]}}