{"id":52388,"date":"2015-09-06T19:17:40","date_gmt":"2015-09-06T17:17:40","guid":{"rendered":"http:\/\/www.deskmodder.de\/blog\/?p=52388"},"modified":"2015-09-07T12:44:56","modified_gmt":"2015-09-07T10:44:56","slug":"speedon-option-der-telekom-zusaetzlich-gebuchtes-datenvolumen-nun-31-tage-gueltig","status":"publish","type":"post","link":"https:\/\/www.deskmodder.de\/blog\/2015\/09\/06\/speedon-option-der-telekom-zusaetzlich-gebuchtes-datenvolumen-nun-31-tage-gueltig\/","title":{"rendered":"SpeedOn-Option der Telekom: Zus\u00e4tzlich gebuchtes Datenvolumen nun 31 Tage g\u00fcltig"},"content":{"rendered":"<p>Bereits im Vorfeld der IFA hatte die Deutsche Telekom bekanntgegeben, dass man die Magenta Tarife hinsichtlich des integrierten Datenvolumen anpassen wird. So erh\u00f6hte man das Volumen bei Magenta Mobil M von 1,5 GB auf 2 GB und bei Magenta Mobil L von 3 GB auf 4 GB. Aber auch bei der bekannten SpeedOn-Option bessert die Telekom nun endlich nach.<\/p>\n<p><a href=\"http:\/\/www.deskmodder.de\/blog\/wp-content\/uploads\/2013\/09\/Deutsche-telekom-logo.png\" rel=\"lightbox[52388]\"><img loading=\"lazy\" decoding=\"async\" class=\"aligncenter size-full wp-image-12591\" src=\"http:\/\/www.deskmodder.de\/blog\/wp-content\/uploads\/2013\/09\/Deutsche-telekom-logo.png\" alt=\"Deutsche-telekom-logo\" width=\"900\" height=\"530\" srcset=\"https:\/\/www.deskmodder.de\/blog\/wp-content\/uploads\/2013\/09\/Deutsche-telekom-logo.png 900w, https:\/\/www.deskmodder.de\/blog\/wp-content\/uploads\/2013\/09\/Deutsche-telekom-logo-150x88.png 150w, https:\/\/www.deskmodder.de\/blog\/wp-content\/uploads\/2013\/09\/Deutsche-telekom-logo-500x294.png 500w\" sizes=\"auto, (max-width: 900px) 100vw, 900px\" \/><\/a><\/p>\n<p>Hatte man sein Datenvolumen aufgebraucht, kann\u00a0man bekanntlich zus\u00e4tzliches Volumen per SpeedOn-Option hinzubuchen. Einziger Nachteil war &#8211; wurde dieses bis zum Monatsende nicht aufgebraucht, verfiel es und wurde nicht \u00fcbernommen. Und genau das hat sich nun ge\u00e4ndert. Nutzt man nun die SpeedOn-Option bleibt das Zusatzvolumen 31 Tage g\u00fcltig und wird also auch auf das integrierte Volumen des Nachfolgemonats angerechnet.<\/p>\n<p>Bleibt nun\u00a0noch zu hoffen, dass man hier das Volumen der SpeedOn-Option erh\u00f6ht, denn 250 MB sind nicht wirklich viel.<\/p>\n<p>Alle weiteren News der Telekom von der IFA 2015 gibt&#8217;s <a href=\"https:\/\/www.telekom.com\/medien\/produkte-fuer-privatkunden\/286268\" target=\"_blank\">HIER<\/a>.<\/p>\n","protected":false},"excerpt":{"rendered":"<p>Bereits im Vorfeld der IFA hatte die Deutsche Telekom bekanntgegeben, dass man die Magenta Tarife hinsichtlich des integrierten Datenvolumen anpassen wird. So erh\u00f6hte man das Volumen bei Magenta Mobil M von 1,5 GB auf 2 GB und bei Magenta Mobil&hellip; <\/p>\n","protected":false},"author":2020,"featured_media":12591,"comment_status":"open","ping_status":"open","sticky":false,"template":"","format":"standard","meta":{"jetpack_post_was_ever_published":false,"footnotes":"","jetpack_publicize_message":"","jetpack_publicize_feature_enabled":true,"jetpack_social_post_already_shared":true,"jetpack_social_options":{"image_generator_settings":{"template":"highway","default_image_id":0,"font":"","enabled":false},"version":2}},"categories":[1,231],"tags":[10011,10098,10099,1749],"class_list":["post-52388","post","type-post","status-publish","format-standard","has-post-thumbnail","hentry","category-allgemein","category-mobile","tag-ifa-2015","tag-speedon","tag-speedon-option-telekom","tag-telekom"],"wp_featured_image":{"id":12591,"alt_text":"","description":"","media_type":"image","media_details":{"width":900,"height":530,"file":"2013\/09\/Deutsche-telekom-logo.png","sizes":{"thumbnail":{"file":"Deutsche-telekom-logo-150x150.png","width":150,"height":150,"mime-type":"image\/png","source_url":"https:\/\/www.deskmodder.de\/blog\/wp-content\/uploads\/2013\/09\/Deutsche-telekom-logo-150x150.png"},"medium":{"file":"Deutsche-telekom-logo-150x88.png","width":150,"height":88,"mime-type":"image\/png","source_url":"https:\/\/www.deskmodder.de\/blog\/wp-content\/uploads\/2013\/09\/Deutsche-telekom-logo-150x88.png"},"large":{"file":"Deutsche-telekom-logo-500x294.png","width":500,"height":294,"mime-type":"image\/png","source_url":"https:\/\/www.deskmodder.de\/blog\/wp-content\/uploads\/2013\/09\/Deutsche-telekom-logo-500x294.png"}},"image_meta":{"aperture":0,"credit":"","camera":"","caption":"","created_timestamp":0,"copyright":"","focal_length":0,"iso":0,"shutter_speed":0,"title":""}},"post":12590,"source_url":"https:\/\/www.deskmodder.de\/blog\/wp-content\/uploads\/2013\/09\/Deutsche-telekom-logo.png"},"commentcount":2,"wp_comments":[{"id":14484,"parent":0,"author":2503,"author_name":"Peeta83","author_email":"peeta83@gmx.de","author_url":"","author_avatar_urls":{"24":"https:\/\/secure.gravatar.com\/avatar\/4aa3284a2151284fa4b08881b5c044910b485bc59f63a4744f5cd7f93a9f1a64?s=24&d=mm&r=g","48":"https:\/\/secure.gravatar.com\/avatar\/4aa3284a2151284fa4b08881b5c044910b485bc59f63a4744f5cd7f93a9f1a64?s=48&d=mm&r=g","96":"https:\/\/secure.gravatar.com\/avatar\/4aa3284a2151284fa4b08881b5c044910b485bc59f63a4744f5cd7f93a9f1a64?s=96&d=mm&r=g"},"date":"2015-09-07T12:22:20","cld_nonce":"5cfe60523a","content":{"rendered":"<p>Nur am Rande. der Magenta L wurde von 3 auf 4 GB erh\u00f6ht <img src=\"https:\/\/www.deskmodder.de\/blog\/wp-content\/plugins\/classic-smilies\/img\/icon_smile.gif\" alt=\":)\" class=\"wp-smiley\" \/><\/p>\n"},"status":"1"},{"id":14486,"parent":14484,"author":134,"author_name":"moinmoin","author_email":"moin-moin@hab-verschlafen.de","author_url":"","author_avatar_urls":{"24":"https:\/\/secure.gravatar.com\/avatar\/fab96769102f8886245ab411df9a42a235be79261e4b44aa7ab2a555da8b86b4?s=24&d=mm&r=g","48":"https:\/\/secure.gravatar.com\/avatar\/fab96769102f8886245ab411df9a42a235be79261e4b44aa7ab2a555da8b86b4?s=48&d=mm&r=g","96":"https:\/\/secure.gravatar.com\/avatar\/fab96769102f8886245ab411df9a42a235be79261e4b44aa7ab2a555da8b86b4?s=96&d=mm&r=g"},"date":"2015-09-07T12:39:47","cld_nonce":"5cfe60523a","content":{"rendered":"<p>Danke, ist ge\u00e4ndert. <img src=\"https:\/\/www.deskmodder.de\/blog\/wp-content\/plugins\/classic-smilies\/img\/icon_smile.gif\" alt=\":)\" class=\"wp-smiley\" \/><\/p>\n"},"status":"1"}],"wp_author":{"id":2020,"name":"Mike","description":"\u00dcber das Anpassen &amp; Abspecken von XP in die \"Windows-Welt\" gekommen, interessiere ich mich eigentlich f\u00fcr jedes gute St\u00fcck Technik. Neben Windows hat auch Android bei mir ein zu Hause gefunden. Und ich bin jedes Jahr gespannt, was mich Neues erwartet. Bloggen ist eine Leidenschaft von mir und ich teile diese hier gerne mit euch.","author_avatar_urls":{"24":"https:\/\/secure.gravatar.com\/avatar\/a25a00ccc6c845d38ee2695915f64089ae7e42ad1a0e8247e29b357ef56b0fab?s=24&d=mm&r=g","48":"https:\/\/secure.gravatar.com\/avatar\/a25a00ccc6c845d38ee2695915f64089ae7e42ad1a0e8247e29b357ef56b0fab?s=48&d=mm&r=g","96":"https:\/\/secure.gravatar.com\/avatar\/a25a00ccc6c845d38ee2695915f64089ae7e42ad1a0e8247e29b357ef56b0fab?s=96&d=mm&r=g"}},"cld_nonce":"5cfe60523a","yoast_head":"<!-- This site is optimized with the Yoast SEO Premium plugin v27.5 (Yoast SEO v27.5) - https:\/\/yoast.com\/product\/yoast-seo-premium-wordpress\/ -->\n<title>SpeedOn-Option der Telekom: Zus\u00e4tzlich gebuchtes Datenvolumen nun 31 Tage g\u00fcltig - Deskmodder.de<\/title>\n<meta name=\"robots\" content=\"index, follow, max-snippet:-1, max-image-preview:large, max-video-preview:-1\" \/>\n<link rel=\"canonical\" href=\"https:\/\/www.deskmodder.de\/blog\/2015\/09\/06\/speedon-option-der-telekom-zusaetzlich-gebuchtes-datenvolumen-nun-31-tage-gueltig\/\" \/>\n<meta property=\"og:locale\" content=\"de_DE\" \/>\n<meta property=\"og:type\" content=\"article\" \/>\n<meta property=\"og:title\" content=\"SpeedOn-Option der Telekom: Zus\u00e4tzlich gebuchtes Datenvolumen nun 31 Tage g\u00fcltig\" \/>\n<meta property=\"og:description\" content=\"Bereits im Vorfeld der IFA hatte die Deutsche Telekom bekanntgegeben, dass man die Magenta Tarife hinsichtlich des integrierten Datenvolumen anpassen wird. So erh\u00f6hte man das Volumen bei Magenta Mobil M von 1,5 GB auf 2 GB und bei Magenta Mobil&hellip;\" \/>\n<meta property=\"og:url\" content=\"https:\/\/www.deskmodder.de\/blog\/2015\/09\/06\/speedon-option-der-telekom-zusaetzlich-gebuchtes-datenvolumen-nun-31-tage-gueltig\/\" \/>\n<meta property=\"og:site_name\" content=\"Deskmodder.de\" \/>\n<meta property=\"article:publisher\" content=\"https:\/\/www.facebook.com\/Deskmodder\" \/>\n<meta property=\"article:published_time\" content=\"2015-09-06T17:17:40+00:00\" \/>\n<meta property=\"article:modified_time\" content=\"2015-09-07T10:44:56+00:00\" \/>\n<meta property=\"og:image\" content=\"https:\/\/www.deskmodder.de\/blog\/wp-content\/uploads\/2013\/09\/Deutsche-telekom-logo.png\" \/>\n\t<meta property=\"og:image:width\" content=\"900\" \/>\n\t<meta property=\"og:image:height\" content=\"530\" \/>\n\t<meta property=\"og:image:type\" content=\"image\/png\" \/>\n<meta name=\"author\" content=\"Mike\" \/>\n<meta name=\"twitter:card\" content=\"summary_large_image\" \/>\n<meta name=\"twitter:creator\" content=\"@Deskmodder\" \/>\n<meta name=\"twitter:site\" content=\"@Deskmodder\" \/>\n<script type=\"application\/ld+json\" class=\"yoast-schema-graph\">{\"@context\":\"https:\\\/\\\/schema.org\",\"@graph\":[{\"@type\":\"Article\",\"@id\":\"https:\\\/\\\/www.deskmodder.de\\\/blog\\\/2015\\\/09\\\/06\\\/speedon-option-der-telekom-zusaetzlich-gebuchtes-datenvolumen-nun-31-tage-gueltig\\\/#article\",\"isPartOf\":{\"@id\":\"https:\\\/\\\/www.deskmodder.de\\\/blog\\\/2015\\\/09\\\/06\\\/speedon-option-der-telekom-zusaetzlich-gebuchtes-datenvolumen-nun-31-tage-gueltig\\\/\"},\"author\":{\"name\":\"Mike\",\"@id\":\"https:\\\/\\\/www.deskmodder.de\\\/blog\\\/#\\\/schema\\\/person\\\/0d15dadb25ee420cb54f76ad120c98fa\"},\"headline\":\"SpeedOn-Option der Telekom: Zus\u00e4tzlich gebuchtes Datenvolumen nun 31 Tage g\u00fcltig\",\"datePublished\":\"2015-09-06T17:17:40+00:00\",\"dateModified\":\"2015-09-07T10:44:56+00:00\",\"mainEntityOfPage\":{\"@id\":\"https:\\\/\\\/www.deskmodder.de\\\/blog\\\/2015\\\/09\\\/06\\\/speedon-option-der-telekom-zusaetzlich-gebuchtes-datenvolumen-nun-31-tage-gueltig\\\/\"},\"wordCount\":159,\"commentCount\":2,\"publisher\":{\"@id\":\"https:\\\/\\\/www.deskmodder.de\\\/blog\\\/#organization\"},\"image\":{\"@id\":\"https:\\\/\\\/www.deskmodder.de\\\/blog\\\/2015\\\/09\\\/06\\\/speedon-option-der-telekom-zusaetzlich-gebuchtes-datenvolumen-nun-31-tage-gueltig\\\/#primaryimage\"},\"thumbnailUrl\":\"https:\\\/\\\/www.deskmodder.de\\\/blog\\\/wp-content\\\/uploads\\\/2013\\\/09\\\/Deutsche-telekom-logo.png\",\"keywords\":[\"IFA 2015\",\"SpeedOn\",\"SpeedOn-Option Telekom\",\"Telekom\"],\"articleSection\":{\"1\":\"Mobile\"},\"inLanguage\":\"de\",\"potentialAction\":[{\"@type\":\"CommentAction\",\"name\":\"Comment\",\"target\":[\"https:\\\/\\\/www.deskmodder.de\\\/blog\\\/2015\\\/09\\\/06\\\/speedon-option-der-telekom-zusaetzlich-gebuchtes-datenvolumen-nun-31-tage-gueltig\\\/#respond\"]}],\"copyrightYear\":\"2015\",\"copyrightHolder\":{\"@id\":\"https:\\\/\\\/www.deskmodder.de\\\/blog\\\/#organization\"}},{\"@type\":\"WebPage\",\"@id\":\"https:\\\/\\\/www.deskmodder.de\\\/blog\\\/2015\\\/09\\\/06\\\/speedon-option-der-telekom-zusaetzlich-gebuchtes-datenvolumen-nun-31-tage-gueltig\\\/\",\"url\":\"https:\\\/\\\/www.deskmodder.de\\\/blog\\\/2015\\\/09\\\/06\\\/speedon-option-der-telekom-zusaetzlich-gebuchtes-datenvolumen-nun-31-tage-gueltig\\\/\",\"name\":\"SpeedOn-Option der Telekom: Zus\u00e4tzlich gebuchtes Datenvolumen nun 31 Tage g\u00fcltig - Deskmodder.de\",\"isPartOf\":{\"@id\":\"https:\\\/\\\/www.deskmodder.de\\\/blog\\\/#website\"},\"primaryImageOfPage\":{\"@id\":\"https:\\\/\\\/www.deskmodder.de\\\/blog\\\/2015\\\/09\\\/06\\\/speedon-option-der-telekom-zusaetzlich-gebuchtes-datenvolumen-nun-31-tage-gueltig\\\/#primaryimage\"},\"image\":{\"@id\":\"https:\\\/\\\/www.deskmodder.de\\\/blog\\\/2015\\\/09\\\/06\\\/speedon-option-der-telekom-zusaetzlich-gebuchtes-datenvolumen-nun-31-tage-gueltig\\\/#primaryimage\"},\"thumbnailUrl\":\"https:\\\/\\\/www.deskmodder.de\\\/blog\\\/wp-content\\\/uploads\\\/2013\\\/09\\\/Deutsche-telekom-logo.png\",\"datePublished\":\"2015-09-06T17:17:40+00:00\",\"dateModified\":\"2015-09-07T10:44:56+00:00\",\"breadcrumb\":{\"@id\":\"https:\\\/\\\/www.deskmodder.de\\\/blog\\\/2015\\\/09\\\/06\\\/speedon-option-der-telekom-zusaetzlich-gebuchtes-datenvolumen-nun-31-tage-gueltig\\\/#breadcrumb\"},\"inLanguage\":\"de\",\"potentialAction\":[{\"@type\":\"ReadAction\",\"target\":[\"https:\\\/\\\/www.deskmodder.de\\\/blog\\\/2015\\\/09\\\/06\\\/speedon-option-der-telekom-zusaetzlich-gebuchtes-datenvolumen-nun-31-tage-gueltig\\\/\"]}]},{\"@type\":\"ImageObject\",\"inLanguage\":\"de\",\"@id\":\"https:\\\/\\\/www.deskmodder.de\\\/blog\\\/2015\\\/09\\\/06\\\/speedon-option-der-telekom-zusaetzlich-gebuchtes-datenvolumen-nun-31-tage-gueltig\\\/#primaryimage\",\"url\":\"https:\\\/\\\/www.deskmodder.de\\\/blog\\\/wp-content\\\/uploads\\\/2013\\\/09\\\/Deutsche-telekom-logo.png\",\"contentUrl\":\"https:\\\/\\\/www.deskmodder.de\\\/blog\\\/wp-content\\\/uploads\\\/2013\\\/09\\\/Deutsche-telekom-logo.png\",\"width\":900,\"height\":530},{\"@type\":\"BreadcrumbList\",\"@id\":\"https:\\\/\\\/www.deskmodder.de\\\/blog\\\/2015\\\/09\\\/06\\\/speedon-option-der-telekom-zusaetzlich-gebuchtes-datenvolumen-nun-31-tage-gueltig\\\/#breadcrumb\",\"itemListElement\":[{\"@type\":\"ListItem\",\"position\":1,\"name\":\"Startseite\",\"item\":\"https:\\\/\\\/www.deskmodder.de\\\/blog\\\/\"},{\"@type\":\"ListItem\",\"position\":2,\"name\":\"SpeedOn-Option der Telekom: Zus\u00e4tzlich gebuchtes Datenvolumen nun 31 Tage g\u00fcltig\"}]},{\"@type\":\"WebSite\",\"@id\":\"https:\\\/\\\/www.deskmodder.de\\\/blog\\\/#website\",\"url\":\"https:\\\/\\\/www.deskmodder.de\\\/blog\\\/\",\"name\":\"Deskmodder.de\",\"description\":\"News zum Thema Microsoft, Windows 11 \\\/ 10, sowie anderen Neuigkeiten aus dem Netz, viele Tipps und individuelle Hilfe bei Problemen in unserem Forum \u25cf Deskmodder - seit 2003\",\"publisher\":{\"@id\":\"https:\\\/\\\/www.deskmodder.de\\\/blog\\\/#organization\"},\"potentialAction\":[{\"@type\":\"SearchAction\",\"target\":{\"@type\":\"EntryPoint\",\"urlTemplate\":\"https:\\\/\\\/www.deskmodder.de\\\/blog\\\/?s={search_term_string}\"},\"query-input\":{\"@type\":\"PropertyValueSpecification\",\"valueRequired\":true,\"valueName\":\"search_term_string\"}}],\"inLanguage\":\"de\"},{\"@type\":\"Organization\",\"@id\":\"https:\\\/\\\/www.deskmodder.de\\\/blog\\\/#organization\",\"name\":\"Deskmodder\",\"url\":\"https:\\\/\\\/www.deskmodder.de\\\/blog\\\/\",\"logo\":{\"@type\":\"ImageObject\",\"inLanguage\":\"de\",\"@id\":\"https:\\\/\\\/www.deskmodder.de\\\/blog\\\/#\\\/schema\\\/logo\\\/image\\\/\",\"url\":\"https:\\\/\\\/www.deskmodder.de\\\/blog\\\/wp-content\\\/uploads\\\/2019\\\/01\\\/deskmodder-logo-app.png\",\"contentUrl\":\"https:\\\/\\\/www.deskmodder.de\\\/blog\\\/wp-content\\\/uploads\\\/2019\\\/01\\\/deskmodder-logo-app.png\",\"width\":281,\"height\":286,\"caption\":\"Deskmodder\"},\"image\":{\"@id\":\"https:\\\/\\\/www.deskmodder.de\\\/blog\\\/#\\\/schema\\\/logo\\\/image\\\/\"},\"sameAs\":[\"https:\\\/\\\/www.facebook.com\\\/Deskmodder\",\"https:\\\/\\\/x.com\\\/Deskmodder\",\"https:\\\/\\\/mastodontech.de\\\/@Deskmodder\",\"https:\\\/\\\/www.youtube.com\\\/user\\\/deskmodder\",\"https:\\\/\\\/mewe.com\\\/group\\\/5c83b5231add826fc80cdae1\"]},{\"@type\":\"Person\",\"@id\":\"https:\\\/\\\/www.deskmodder.de\\\/blog\\\/#\\\/schema\\\/person\\\/0d15dadb25ee420cb54f76ad120c98fa\",\"name\":\"Mike\",\"image\":{\"@type\":\"ImageObject\",\"inLanguage\":\"de\",\"@id\":\"https:\\\/\\\/secure.gravatar.com\\\/avatar\\\/a25a00ccc6c845d38ee2695915f64089ae7e42ad1a0e8247e29b357ef56b0fab?s=96&d=mm&r=g\",\"url\":\"https:\\\/\\\/secure.gravatar.com\\\/avatar\\\/a25a00ccc6c845d38ee2695915f64089ae7e42ad1a0e8247e29b357ef56b0fab?s=96&d=mm&r=g\",\"contentUrl\":\"https:\\\/\\\/secure.gravatar.com\\\/avatar\\\/a25a00ccc6c845d38ee2695915f64089ae7e42ad1a0e8247e29b357ef56b0fab?s=96&d=mm&r=g\",\"caption\":\"Mike\"},\"description\":\"\u00dcber das Anpassen &amp; Abspecken von XP in die \\\"Windows-Welt\\\" gekommen, interessiere ich mich eigentlich f\u00fcr jedes gute St\u00fcck Technik. Neben Windows hat auch Android bei mir ein zu Hause gefunden. Und ich bin jedes Jahr gespannt, was mich Neues erwartet. Bloggen ist eine Leidenschaft von mir und ich teile diese hier gerne mit euch.\",\"url\":\"https:\\\/\\\/www.deskmodder.de\\\/blog\\\/author\\\/mike\\\/\"}]}<\/script>\n<!-- \/ Yoast SEO Premium plugin. -->","yoast_head_json":{"title":"SpeedOn-Option der Telekom: Zus\u00e4tzlich gebuchtes Datenvolumen nun 31 Tage g\u00fcltig - Deskmodder.de","robots":{"index":"index","follow":"follow","max-snippet":"max-snippet:-1","max-image-preview":"max-image-preview:large","max-video-preview":"max-video-preview:-1"},"canonical":"https:\/\/www.deskmodder.de\/blog\/2015\/09\/06\/speedon-option-der-telekom-zusaetzlich-gebuchtes-datenvolumen-nun-31-tage-gueltig\/","og_locale":"de_DE","og_type":"article","og_title":"SpeedOn-Option der Telekom: Zus\u00e4tzlich gebuchtes Datenvolumen nun 31 Tage g\u00fcltig","og_description":"Bereits im Vorfeld der IFA hatte die Deutsche Telekom bekanntgegeben, dass man die Magenta Tarife hinsichtlich des integrierten Datenvolumen anpassen wird. So erh\u00f6hte man das Volumen bei Magenta Mobil M von 1,5 GB auf 2 GB und bei Magenta Mobil&hellip;","og_url":"https:\/\/www.deskmodder.de\/blog\/2015\/09\/06\/speedon-option-der-telekom-zusaetzlich-gebuchtes-datenvolumen-nun-31-tage-gueltig\/","og_site_name":"Deskmodder.de","article_publisher":"https:\/\/www.facebook.com\/Deskmodder","article_published_time":"2015-09-06T17:17:40+00:00","article_modified_time":"2015-09-07T10:44:56+00:00","og_image":[{"width":900,"height":530,"url":"https:\/\/www.deskmodder.de\/blog\/wp-content\/uploads\/2013\/09\/Deutsche-telekom-logo.png","type":"image\/png"}],"author":"Mike","twitter_card":"summary_large_image","twitter_creator":"@Deskmodder","twitter_site":"@Deskmodder","schema":{"@context":"https:\/\/schema.org","@graph":[{"@type":"Article","@id":"https:\/\/www.deskmodder.de\/blog\/2015\/09\/06\/speedon-option-der-telekom-zusaetzlich-gebuchtes-datenvolumen-nun-31-tage-gueltig\/#article","isPartOf":{"@id":"https:\/\/www.deskmodder.de\/blog\/2015\/09\/06\/speedon-option-der-telekom-zusaetzlich-gebuchtes-datenvolumen-nun-31-tage-gueltig\/"},"author":{"name":"Mike","@id":"https:\/\/www.deskmodder.de\/blog\/#\/schema\/person\/0d15dadb25ee420cb54f76ad120c98fa"},"headline":"SpeedOn-Option der Telekom: Zus\u00e4tzlich gebuchtes Datenvolumen nun 31 Tage g\u00fcltig","datePublished":"2015-09-06T17:17:40+00:00","dateModified":"2015-09-07T10:44:56+00:00","mainEntityOfPage":{"@id":"https:\/\/www.deskmodder.de\/blog\/2015\/09\/06\/speedon-option-der-telekom-zusaetzlich-gebuchtes-datenvolumen-nun-31-tage-gueltig\/"},"wordCount":159,"commentCount":2,"publisher":{"@id":"https:\/\/www.deskmodder.de\/blog\/#organization"},"image":{"@id":"https:\/\/www.deskmodder.de\/blog\/2015\/09\/06\/speedon-option-der-telekom-zusaetzlich-gebuchtes-datenvolumen-nun-31-tage-gueltig\/#primaryimage"},"thumbnailUrl":"https:\/\/www.deskmodder.de\/blog\/wp-content\/uploads\/2013\/09\/Deutsche-telekom-logo.png","keywords":["IFA 2015","SpeedOn","SpeedOn-Option Telekom","Telekom"],"articleSection":{"1":"Mobile"},"inLanguage":"de","potentialAction":[{"@type":"CommentAction","name":"Comment","target":["https:\/\/www.deskmodder.de\/blog\/2015\/09\/06\/speedon-option-der-telekom-zusaetzlich-gebuchtes-datenvolumen-nun-31-tage-gueltig\/#respond"]}],"copyrightYear":"2015","copyrightHolder":{"@id":"https:\/\/www.deskmodder.de\/blog\/#organization"}},{"@type":"WebPage","@id":"https:\/\/www.deskmodder.de\/blog\/2015\/09\/06\/speedon-option-der-telekom-zusaetzlich-gebuchtes-datenvolumen-nun-31-tage-gueltig\/","url":"https:\/\/www.deskmodder.de\/blog\/2015\/09\/06\/speedon-option-der-telekom-zusaetzlich-gebuchtes-datenvolumen-nun-31-tage-gueltig\/","name":"SpeedOn-Option der Telekom: Zus\u00e4tzlich gebuchtes Datenvolumen nun 31 Tage g\u00fcltig - Deskmodder.de","isPartOf":{"@id":"https:\/\/www.deskmodder.de\/blog\/#website"},"primaryImageOfPage":{"@id":"https:\/\/www.deskmodder.de\/blog\/2015\/09\/06\/speedon-option-der-telekom-zusaetzlich-gebuchtes-datenvolumen-nun-31-tage-gueltig\/#primaryimage"},"image":{"@id":"https:\/\/www.deskmodder.de\/blog\/2015\/09\/06\/speedon-option-der-telekom-zusaetzlich-gebuchtes-datenvolumen-nun-31-tage-gueltig\/#primaryimage"},"thumbnailUrl":"https:\/\/www.deskmodder.de\/blog\/wp-content\/uploads\/2013\/09\/Deutsche-telekom-logo.png","datePublished":"2015-09-06T17:17:40+00:00","dateModified":"2015-09-07T10:44:56+00:00","breadcrumb":{"@id":"https:\/\/www.deskmodder.de\/blog\/2015\/09\/06\/speedon-option-der-telekom-zusaetzlich-gebuchtes-datenvolumen-nun-31-tage-gueltig\/#breadcrumb"},"inLanguage":"de","potentialAction":[{"@type":"ReadAction","target":["https:\/\/www.deskmodder.de\/blog\/2015\/09\/06\/speedon-option-der-telekom-zusaetzlich-gebuchtes-datenvolumen-nun-31-tage-gueltig\/"]}]},{"@type":"ImageObject","inLanguage":"de","@id":"https:\/\/www.deskmodder.de\/blog\/2015\/09\/06\/speedon-option-der-telekom-zusaetzlich-gebuchtes-datenvolumen-nun-31-tage-gueltig\/#primaryimage","url":"https:\/\/www.deskmodder.de\/blog\/wp-content\/uploads\/2013\/09\/Deutsche-telekom-logo.png","contentUrl":"https:\/\/www.deskmodder.de\/blog\/wp-content\/uploads\/2013\/09\/Deutsche-telekom-logo.png","width":900,"height":530},{"@type":"BreadcrumbList","@id":"https:\/\/www.deskmodder.de\/blog\/2015\/09\/06\/speedon-option-der-telekom-zusaetzlich-gebuchtes-datenvolumen-nun-31-tage-gueltig\/#breadcrumb","itemListElement":[{"@type":"ListItem","position":1,"name":"Startseite","item":"https:\/\/www.deskmodder.de\/blog\/"},{"@type":"ListItem","position":2,"name":"SpeedOn-Option der Telekom: Zus\u00e4tzlich gebuchtes Datenvolumen nun 31 Tage g\u00fcltig"}]},{"@type":"WebSite","@id":"https:\/\/www.deskmodder.de\/blog\/#website","url":"https:\/\/www.deskmodder.de\/blog\/","name":"Deskmodder.de","description":"News zum Thema Microsoft, Windows 11 \/ 10, sowie anderen Neuigkeiten aus dem Netz, viele Tipps und individuelle Hilfe bei Problemen in unserem Forum \u25cf Deskmodder - seit 2003","publisher":{"@id":"https:\/\/www.deskmodder.de\/blog\/#organization"},"potentialAction":[{"@type":"SearchAction","target":{"@type":"EntryPoint","urlTemplate":"https:\/\/www.deskmodder.de\/blog\/?s={search_term_string}"},"query-input":{"@type":"PropertyValueSpecification","valueRequired":true,"valueName":"search_term_string"}}],"inLanguage":"de"},{"@type":"Organization","@id":"https:\/\/www.deskmodder.de\/blog\/#organization","name":"Deskmodder","url":"https:\/\/www.deskmodder.de\/blog\/","logo":{"@type":"ImageObject","inLanguage":"de","@id":"https:\/\/www.deskmodder.de\/blog\/#\/schema\/logo\/image\/","url":"https:\/\/www.deskmodder.de\/blog\/wp-content\/uploads\/2019\/01\/deskmodder-logo-app.png","contentUrl":"https:\/\/www.deskmodder.de\/blog\/wp-content\/uploads\/2019\/01\/deskmodder-logo-app.png","width":281,"height":286,"caption":"Deskmodder"},"image":{"@id":"https:\/\/www.deskmodder.de\/blog\/#\/schema\/logo\/image\/"},"sameAs":["https:\/\/www.facebook.com\/Deskmodder","https:\/\/x.com\/Deskmodder","https:\/\/mastodontech.de\/@Deskmodder","https:\/\/www.youtube.com\/user\/deskmodder","https:\/\/mewe.com\/group\/5c83b5231add826fc80cdae1"]},{"@type":"Person","@id":"https:\/\/www.deskmodder.de\/blog\/#\/schema\/person\/0d15dadb25ee420cb54f76ad120c98fa","name":"Mike","image":{"@type":"ImageObject","inLanguage":"de","@id":"https:\/\/secure.gravatar.com\/avatar\/a25a00ccc6c845d38ee2695915f64089ae7e42ad1a0e8247e29b357ef56b0fab?s=96&d=mm&r=g","url":"https:\/\/secure.gravatar.com\/avatar\/a25a00ccc6c845d38ee2695915f64089ae7e42ad1a0e8247e29b357ef56b0fab?s=96&d=mm&r=g","contentUrl":"https:\/\/secure.gravatar.com\/avatar\/a25a00ccc6c845d38ee2695915f64089ae7e42ad1a0e8247e29b357ef56b0fab?s=96&d=mm&r=g","caption":"Mike"},"description":"\u00dcber das Anpassen &amp; Abspecken von XP in die \"Windows-Welt\" gekommen, interessiere ich mich eigentlich f\u00fcr jedes gute St\u00fcck Technik. Neben Windows hat auch Android bei mir ein zu Hause gefunden. Und ich bin jedes Jahr gespannt, was mich Neues erwartet. Bloggen ist eine Leidenschaft von mir und ich teile diese hier gerne mit euch.","url":"https:\/\/www.deskmodder.de\/blog\/author\/mike\/"}]}},"jetpack_publicize_connections":[],"jetpack_featured_media_url":"https:\/\/www.deskmodder.de\/blog\/wp-content\/uploads\/2013\/09\/Deutsche-telekom-logo.png","_links":{"self":[{"href":"https:\/\/www.deskmodder.de\/blog\/wp-json\/wp\/v2\/posts\/52388","targetHints":{"allow":["GET"]}}],"collection":[{"href":"https:\/\/www.deskmodder.de\/blog\/wp-json\/wp\/v2\/posts"}],"about":[{"href":"https:\/\/www.deskmodder.de\/blog\/wp-json\/wp\/v2\/types\/post"}],"author":[{"embeddable":true,"href":"https:\/\/www.deskmodder.de\/blog\/wp-json\/wp\/v2\/users\/2020"}],"replies":[{"embeddable":true,"href":"https:\/\/www.deskmodder.de\/blog\/wp-json\/wp\/v2\/comments?post=52388"}],"version-history":[{"count":0,"href":"https:\/\/www.deskmodder.de\/blog\/wp-json\/wp\/v2\/posts\/52388\/revisions"}],"wp:featuredmedia":[{"embeddable":true,"href":"https:\/\/www.deskmodder.de\/blog\/wp-json\/wp\/v2\/media\/12591"}],"wp:attachment":[{"href":"https:\/\/www.deskmodder.de\/blog\/wp-json\/wp\/v2\/media?parent=52388"}],"wp:term":[{"taxonomy":"category","embeddable":true,"href":"https:\/\/www.deskmodder.de\/blog\/wp-json\/wp\/v2\/categories?post=52388"},{"taxonomy":"post_tag","embeddable":true,"href":"https:\/\/www.deskmodder.de\/blog\/wp-json\/wp\/v2\/tags?post=52388"}],"curies":[{"name":"wp","href":"https:\/\/api.w.org\/{rel}","templated":true}]}}