{"id":52223,"date":"2015-09-03T19:12:31","date_gmt":"2015-09-03T17:12:31","guid":{"rendered":"http:\/\/www.deskmodder.de\/blog\/?p=52223"},"modified":"2015-09-03T19:30:29","modified_gmt":"2015-09-03T17:30:29","slug":"wintel-bald-auch-gemeinsame-smartphones","status":"publish","type":"post","link":"https:\/\/www.deskmodder.de\/blog\/2015\/09\/03\/wintel-bald-auch-gemeinsame-smartphones\/","title":{"rendered":"Wintel: Bald auch gemeinsame Smartphones?"},"content":{"rendered":"<p>Microsoft und Intel verbinden eine glor\u00adreiche Vergangenheit: Als Windows-Entwickler und\u00a0Chiphersteller pr\u00e4gen sie gemeinsam seit etwa 30 Jahren eine \u00c4ra der Desktop-PCs. Beide haben aber auch die sp\u00e4ten Nullerjahre v\u00f6llig verpennt und erst sp\u00e4t den Trend der mobilen Ger\u00e4te erkannt. Folglich ist Intel im mobilen Bereich (Smartphone + Tablets) praktisch gar nicht vertreten und Microsoft auch nur m\u00e4\u00dfig erfolgreich. Dort hat Qualcomm gewisserma\u00dfen die Position von Intel inne und Android die Position von Windows.<\/p>\n<p><img loading=\"lazy\" decoding=\"async\" class=\"aligncenter size-full wp-image-52255\" src=\"http:\/\/www.deskmodder.de\/blog\/wp-content\/uploads\/2015\/09\/windows_intel.jpg\" alt=\"windows_intel\" width=\"956\" height=\"197\" \/><\/p>\n<p>Nun k\u00f6nnte wieder etwas Bewegung in den seit einigen Jahren festgefahrenen Smartphone-Markt kommen: Intel <a href=\"http:\/\/www.engadget.com\/2015\/09\/02\/intel-s-core-m-processors-are-being-tested-in-phones\/\" target=\"_blank\">testet angeblich<\/a>\u00a0bereits erste Prozessoren der Core-M-Serie in Phablets &#8211; derzeit\u00a0wird im Ruhemodus aber wohl noch zu viel Strom verbraucht.\u00a0Und was liegt bei einer Marktreife der mobilen Chips von Intel n\u00e4her als eine (exklusive) Kooperation mit dem alten Partner Microsoft? Schlie\u00dflich kennen sich beide Seiten bestens und k\u00f6nnten so gemeinsam im mobilen Bereich zumindest etwas Fu\u00df fassen.<\/p>\n<p>Ich sehe ab 2016 oder sp\u00e4testens\u00a02017 Prozessoren von Intel in den Smartphones von Microsoft &#8211; und f\u00fcr diese Aussage muss ich nicht mal Analyst von Beruf sein.<\/p>\n","protected":false},"excerpt":{"rendered":"<p>Microsoft und Intel verbinden eine glor\u00adreiche Vergangenheit: Als Windows-Entwickler und\u00a0Chiphersteller pr\u00e4gen sie gemeinsam seit etwa 30 Jahren eine \u00c4ra der Desktop-PCs. Beide haben aber auch die sp\u00e4ten Nullerjahre v\u00f6llig verpennt und erst sp\u00e4t den Trend der mobilen Ger\u00e4te erkannt. Folglich&hellip; <\/p>\n","protected":false},"author":1525,"featured_media":52245,"comment_status":"open","ping_status":"open","sticky":false,"template":"","format":"standard","meta":{"jetpack_post_was_ever_published":false,"footnotes":"","jetpack_publicize_message":"","jetpack_publicize_feature_enabled":true,"jetpack_social_post_already_shared":true,"jetpack_social_options":{"image_generator_settings":{"template":"highway","default_image_id":0,"font":"","enabled":false},"version":2}},"categories":[231],"tags":[10070,574,1069,148,897,9741],"class_list":["post-52223","post","type-post","status-publish","format-standard","has-post-thumbnail","hentry","category-mobile","tag-core-m","tag-intel","tag-lumia","tag-microsoft","tag-smartphone","tag-windows"],"wp_featured_image":{"id":52245,"alt_text":"","description":"","media_type":"image","media_details":{"width":640,"height":355,"file":"2015\/09\/wintel_windows_intel.jpg","sizes":{"thumbnail":{"file":"wintel_windows_intel-250x180.jpg","width":250,"height":180,"mime-type":"image\/jpeg","source_url":"https:\/\/www.deskmodder.de\/blog\/wp-content\/uploads\/2015\/09\/wintel_windows_intel-250x180.jpg"},"medium":{"file":"wintel_windows_intel-500x360.jpg","width":500,"height":360,"mime-type":"image\/jpeg","source_url":"https:\/\/www.deskmodder.de\/blog\/wp-content\/uploads\/2015\/09\/wintel_windows_intel-500x360.jpg"},"large":{"file":"wintel_windows_intel-700x504.jpg","width":700,"height":504,"mime-type":"image\/jpeg","source_url":"https:\/\/www.deskmodder.de\/blog\/wp-content\/uploads\/2015\/09\/wintel_windows_intel-700x504.jpg"},"wp_rp_thumbnail":{"file":"wintel_windows_intel-150x150.jpg","width":150,"height":150,"mime-type":"image\/jpeg","source_url":"https:\/\/www.deskmodder.de\/blog\/wp-content\/uploads\/2015\/09\/wintel_windows_intel-150x150.jpg"}},"image_meta":{"aperture":0,"credit":"","camera":"","caption":"","created_timestamp":0,"copyright":"","focal_length":0,"iso":0,"shutter_speed":0,"title":"","orientation":0}},"post":52223,"source_url":"https:\/\/www.deskmodder.de\/blog\/wp-content\/uploads\/2015\/09\/wintel_windows_intel.jpg"},"commentcount":3,"wp_comments":[{"id":14368,"parent":0,"author":0,"author_name":"Herr Hugo","author_email":"hugohilter@t-online.de","author_url":"","author_avatar_urls":{"24":"https:\/\/secure.gravatar.com\/avatar\/dc5176746c873787fa3f8df5f9bdfbd2f7688721f771100eb4d7b4e82e2d655b?s=24&d=mm&r=g","48":"https:\/\/secure.gravatar.com\/avatar\/dc5176746c873787fa3f8df5f9bdfbd2f7688721f771100eb4d7b4e82e2d655b?s=48&d=mm&r=g","96":"https:\/\/secure.gravatar.com\/avatar\/dc5176746c873787fa3f8df5f9bdfbd2f7688721f771100eb4d7b4e82e2d655b?s=96&d=mm&r=g"},"date":"2015-09-03T23:15:41","cld_nonce":"5cfe60523a","content":{"rendered":"<p>&#8222;Schlie\u00dflich kennen sich beide Seiten bestens und k\u00f6nnten so gemeinsam im mobilen Bereich zumindest etwas Fu\u00df fassen.&#8220;<\/p>\n<p>So wie es alleine und mit Nokia ja schon in hervorragender Weise gelungen ist. <img src=\"https:\/\/www.deskmodder.de\/blog\/wp-content\/plugins\/classic-smilies\/img\/icon_razz.gif\" alt=\":-P\" class=\"wp-smiley\" \/><\/p>\n"},"status":"1"},{"id":14370,"parent":0,"author":0,"author_name":"Gerhard","author_email":"gerhardsugs@gmail.com","author_url":"","author_avatar_urls":{"24":"https:\/\/secure.gravatar.com\/avatar\/14673eb993b94745fe654cce017e3f77c5796f937fc79e1ab6942918e0cfcbb3?s=24&d=mm&r=g","48":"https:\/\/secure.gravatar.com\/avatar\/14673eb993b94745fe654cce017e3f77c5796f937fc79e1ab6942918e0cfcbb3?s=48&d=mm&r=g","96":"https:\/\/secure.gravatar.com\/avatar\/14673eb993b94745fe654cce017e3f77c5796f937fc79e1ab6942918e0cfcbb3?s=96&d=mm&r=g"},"date":"2015-09-04T00:39:04","cld_nonce":"5cfe60523a","content":{"rendered":"<p>MS konnte im Bereich Hardware nie richtig Fuss fassen. Der recht gute Ansatz mit Windows CE ging unter<br \/>\nund bei den SP&#8217;s d\u00fcmpelt man auch. Nach fast 20 Jahren der Versuche w\u00e4re es mit Intel ein Wunder &#8230;<\/p>\n"},"status":"1"},{"id":14462,"parent":0,"author":0,"author_name":"Markus","author_email":"Bauer@gmx.net","author_url":"","author_avatar_urls":{"24":"https:\/\/secure.gravatar.com\/avatar\/21984f9748643e3ee9a0d7e2d4f90c4a95c84e2e68f836177ec2e57687e19b90?s=24&d=mm&r=g","48":"https:\/\/secure.gravatar.com\/avatar\/21984f9748643e3ee9a0d7e2d4f90c4a95c84e2e68f836177ec2e57687e19b90?s=48&d=mm&r=g","96":"https:\/\/secure.gravatar.com\/avatar\/21984f9748643e3ee9a0d7e2d4f90c4a95c84e2e68f836177ec2e57687e19b90?s=96&d=mm&r=g"},"date":"2015-09-06T15:20:41","cld_nonce":"5cfe60523a","content":{"rendered":"<p>Im Gegensatz zu Google musst sich MS mit einigen Kartellklagen rumschlagen. Das hat nicht nur den IE und Media Player betroffen sondern auch die Hardware. Wenn Microsoft in den 2000er mit einen Netbook mit Win 0S  auf den Markt gegangen w\u00e4re und daf\u00fcr die Hardware selber hergesellt h\u00e4tte wie Apple das gemacht hat, dann h\u00e4tte es wohl klagen geregnet.<\/p>\n"},"status":"1"}],"wp_author":{"id":1525,"name":"W8U","description":"Technikliebhaber aus Niedersachsen und seit 2013 bei den Deskmoddern. Interessiert sich f\u00fcr (fast) alles, durch das Strom flie\u00dft: Computer, Smartphones, Tablets, Autos und so weiter.","author_avatar_urls":{"24":"https:\/\/secure.gravatar.com\/avatar\/a1e9db99fdd71a9ae2c516203e3fcd390817fa98f868eb9ba6d4a77d1a815cd4?s=24&d=mm&r=g","48":"https:\/\/secure.gravatar.com\/avatar\/a1e9db99fdd71a9ae2c516203e3fcd390817fa98f868eb9ba6d4a77d1a815cd4?s=48&d=mm&r=g","96":"https:\/\/secure.gravatar.com\/avatar\/a1e9db99fdd71a9ae2c516203e3fcd390817fa98f868eb9ba6d4a77d1a815cd4?s=96&d=mm&r=g"}},"cld_nonce":"5cfe60523a","yoast_head":"<!-- This site is optimized with the Yoast SEO Premium plugin v27.5 (Yoast SEO v27.5) - https:\/\/yoast.com\/product\/yoast-seo-premium-wordpress\/ -->\n<title>Wintel: Bald auch gemeinsame Smartphones? - Deskmodder.de<\/title>\n<meta name=\"robots\" content=\"index, follow, max-snippet:-1, max-image-preview:large, max-video-preview:-1\" \/>\n<link rel=\"canonical\" href=\"https:\/\/www.deskmodder.de\/blog\/2015\/09\/03\/wintel-bald-auch-gemeinsame-smartphones\/\" \/>\n<meta property=\"og:locale\" content=\"de_DE\" \/>\n<meta property=\"og:type\" content=\"article\" \/>\n<meta property=\"og:title\" content=\"Wintel: Bald auch gemeinsame Smartphones?\" \/>\n<meta property=\"og:description\" content=\"Microsoft und Intel verbinden eine glor\u00adreiche Vergangenheit: Als Windows-Entwickler und\u00a0Chiphersteller pr\u00e4gen sie gemeinsam seit etwa 30 Jahren eine \u00c4ra der Desktop-PCs. Beide haben aber auch die sp\u00e4ten Nullerjahre v\u00f6llig verpennt und erst sp\u00e4t den Trend der mobilen Ger\u00e4te erkannt. Folglich&hellip;\" \/>\n<meta property=\"og:url\" content=\"https:\/\/www.deskmodder.de\/blog\/2015\/09\/03\/wintel-bald-auch-gemeinsame-smartphones\/\" \/>\n<meta property=\"og:site_name\" content=\"Deskmodder.de\" \/>\n<meta property=\"article:publisher\" content=\"https:\/\/www.facebook.com\/Deskmodder\" \/>\n<meta property=\"article:published_time\" content=\"2015-09-03T17:12:31+00:00\" \/>\n<meta property=\"article:modified_time\" content=\"2015-09-03T17:30:29+00:00\" \/>\n<meta property=\"og:image\" content=\"https:\/\/www.deskmodder.de\/blog\/wp-content\/uploads\/2015\/09\/wintel_windows_intel.jpg\" \/>\n\t<meta property=\"og:image:width\" content=\"640\" \/>\n\t<meta property=\"og:image:height\" content=\"355\" \/>\n\t<meta property=\"og:image:type\" content=\"image\/jpeg\" \/>\n<meta name=\"author\" content=\"W8U\" \/>\n<meta name=\"twitter:card\" content=\"summary_large_image\" \/>\n<meta name=\"twitter:creator\" content=\"@Deskmodder\" \/>\n<meta name=\"twitter:site\" content=\"@Deskmodder\" \/>\n<script type=\"application\/ld+json\" class=\"yoast-schema-graph\">{\"@context\":\"https:\\\/\\\/schema.org\",\"@graph\":[{\"@type\":\"Article\",\"@id\":\"https:\\\/\\\/www.deskmodder.de\\\/blog\\\/2015\\\/09\\\/03\\\/wintel-bald-auch-gemeinsame-smartphones\\\/#article\",\"isPartOf\":{\"@id\":\"https:\\\/\\\/www.deskmodder.de\\\/blog\\\/2015\\\/09\\\/03\\\/wintel-bald-auch-gemeinsame-smartphones\\\/\"},\"author\":{\"name\":\"W8U\",\"@id\":\"https:\\\/\\\/www.deskmodder.de\\\/blog\\\/#\\\/schema\\\/person\\\/f3c70b4f4860c9fcc4c04057ed04f469\"},\"headline\":\"Wintel: Bald auch gemeinsame Smartphones?\",\"datePublished\":\"2015-09-03T17:12:31+00:00\",\"dateModified\":\"2015-09-03T17:30:29+00:00\",\"mainEntityOfPage\":{\"@id\":\"https:\\\/\\\/www.deskmodder.de\\\/blog\\\/2015\\\/09\\\/03\\\/wintel-bald-auch-gemeinsame-smartphones\\\/\"},\"wordCount\":190,\"commentCount\":3,\"publisher\":{\"@id\":\"https:\\\/\\\/www.deskmodder.de\\\/blog\\\/#organization\"},\"image\":{\"@id\":\"https:\\\/\\\/www.deskmodder.de\\\/blog\\\/2015\\\/09\\\/03\\\/wintel-bald-auch-gemeinsame-smartphones\\\/#primaryimage\"},\"thumbnailUrl\":\"https:\\\/\\\/www.deskmodder.de\\\/blog\\\/wp-content\\\/uploads\\\/2015\\\/09\\\/wintel_windows_intel.jpg\",\"keywords\":[\"core m\",\"Intel\",\"Lumia\",\"Microsoft\",\"Smartphone\",\"Windows \u00e4lter\"],\"articleSection\":[\"Mobile\"],\"inLanguage\":\"de\",\"potentialAction\":[{\"@type\":\"CommentAction\",\"name\":\"Comment\",\"target\":[\"https:\\\/\\\/www.deskmodder.de\\\/blog\\\/2015\\\/09\\\/03\\\/wintel-bald-auch-gemeinsame-smartphones\\\/#respond\"]}],\"copyrightYear\":\"2015\",\"copyrightHolder\":{\"@id\":\"https:\\\/\\\/www.deskmodder.de\\\/blog\\\/#organization\"}},{\"@type\":\"WebPage\",\"@id\":\"https:\\\/\\\/www.deskmodder.de\\\/blog\\\/2015\\\/09\\\/03\\\/wintel-bald-auch-gemeinsame-smartphones\\\/\",\"url\":\"https:\\\/\\\/www.deskmodder.de\\\/blog\\\/2015\\\/09\\\/03\\\/wintel-bald-auch-gemeinsame-smartphones\\\/\",\"name\":\"Wintel: Bald auch gemeinsame Smartphones? - Deskmodder.de\",\"isPartOf\":{\"@id\":\"https:\\\/\\\/www.deskmodder.de\\\/blog\\\/#website\"},\"primaryImageOfPage\":{\"@id\":\"https:\\\/\\\/www.deskmodder.de\\\/blog\\\/2015\\\/09\\\/03\\\/wintel-bald-auch-gemeinsame-smartphones\\\/#primaryimage\"},\"image\":{\"@id\":\"https:\\\/\\\/www.deskmodder.de\\\/blog\\\/2015\\\/09\\\/03\\\/wintel-bald-auch-gemeinsame-smartphones\\\/#primaryimage\"},\"thumbnailUrl\":\"https:\\\/\\\/www.deskmodder.de\\\/blog\\\/wp-content\\\/uploads\\\/2015\\\/09\\\/wintel_windows_intel.jpg\",\"datePublished\":\"2015-09-03T17:12:31+00:00\",\"dateModified\":\"2015-09-03T17:30:29+00:00\",\"breadcrumb\":{\"@id\":\"https:\\\/\\\/www.deskmodder.de\\\/blog\\\/2015\\\/09\\\/03\\\/wintel-bald-auch-gemeinsame-smartphones\\\/#breadcrumb\"},\"inLanguage\":\"de\",\"potentialAction\":[{\"@type\":\"ReadAction\",\"target\":[\"https:\\\/\\\/www.deskmodder.de\\\/blog\\\/2015\\\/09\\\/03\\\/wintel-bald-auch-gemeinsame-smartphones\\\/\"]}]},{\"@type\":\"ImageObject\",\"inLanguage\":\"de\",\"@id\":\"https:\\\/\\\/www.deskmodder.de\\\/blog\\\/2015\\\/09\\\/03\\\/wintel-bald-auch-gemeinsame-smartphones\\\/#primaryimage\",\"url\":\"https:\\\/\\\/www.deskmodder.de\\\/blog\\\/wp-content\\\/uploads\\\/2015\\\/09\\\/wintel_windows_intel.jpg\",\"contentUrl\":\"https:\\\/\\\/www.deskmodder.de\\\/blog\\\/wp-content\\\/uploads\\\/2015\\\/09\\\/wintel_windows_intel.jpg\",\"width\":640,\"height\":355},{\"@type\":\"BreadcrumbList\",\"@id\":\"https:\\\/\\\/www.deskmodder.de\\\/blog\\\/2015\\\/09\\\/03\\\/wintel-bald-auch-gemeinsame-smartphones\\\/#breadcrumb\",\"itemListElement\":[{\"@type\":\"ListItem\",\"position\":1,\"name\":\"Startseite\",\"item\":\"https:\\\/\\\/www.deskmodder.de\\\/blog\\\/\"},{\"@type\":\"ListItem\",\"position\":2,\"name\":\"Wintel: Bald auch gemeinsame Smartphones?\"}]},{\"@type\":\"WebSite\",\"@id\":\"https:\\\/\\\/www.deskmodder.de\\\/blog\\\/#website\",\"url\":\"https:\\\/\\\/www.deskmodder.de\\\/blog\\\/\",\"name\":\"Deskmodder.de\",\"description\":\"News zum Thema Microsoft, Windows 11 \\\/ 10, sowie anderen Neuigkeiten aus dem Netz, viele Tipps und individuelle Hilfe bei Problemen in unserem Forum \u25cf Deskmodder - seit 2003\",\"publisher\":{\"@id\":\"https:\\\/\\\/www.deskmodder.de\\\/blog\\\/#organization\"},\"potentialAction\":[{\"@type\":\"SearchAction\",\"target\":{\"@type\":\"EntryPoint\",\"urlTemplate\":\"https:\\\/\\\/www.deskmodder.de\\\/blog\\\/?s={search_term_string}\"},\"query-input\":{\"@type\":\"PropertyValueSpecification\",\"valueRequired\":true,\"valueName\":\"search_term_string\"}}],\"inLanguage\":\"de\"},{\"@type\":\"Organization\",\"@id\":\"https:\\\/\\\/www.deskmodder.de\\\/blog\\\/#organization\",\"name\":\"Deskmodder\",\"url\":\"https:\\\/\\\/www.deskmodder.de\\\/blog\\\/\",\"logo\":{\"@type\":\"ImageObject\",\"inLanguage\":\"de\",\"@id\":\"https:\\\/\\\/www.deskmodder.de\\\/blog\\\/#\\\/schema\\\/logo\\\/image\\\/\",\"url\":\"https:\\\/\\\/www.deskmodder.de\\\/blog\\\/wp-content\\\/uploads\\\/2019\\\/01\\\/deskmodder-logo-app.png\",\"contentUrl\":\"https:\\\/\\\/www.deskmodder.de\\\/blog\\\/wp-content\\\/uploads\\\/2019\\\/01\\\/deskmodder-logo-app.png\",\"width\":281,\"height\":286,\"caption\":\"Deskmodder\"},\"image\":{\"@id\":\"https:\\\/\\\/www.deskmodder.de\\\/blog\\\/#\\\/schema\\\/logo\\\/image\\\/\"},\"sameAs\":[\"https:\\\/\\\/www.facebook.com\\\/Deskmodder\",\"https:\\\/\\\/x.com\\\/Deskmodder\",\"https:\\\/\\\/mastodontech.de\\\/@Deskmodder\",\"https:\\\/\\\/www.youtube.com\\\/user\\\/deskmodder\",\"https:\\\/\\\/mewe.com\\\/group\\\/5c83b5231add826fc80cdae1\"]},{\"@type\":\"Person\",\"@id\":\"https:\\\/\\\/www.deskmodder.de\\\/blog\\\/#\\\/schema\\\/person\\\/f3c70b4f4860c9fcc4c04057ed04f469\",\"name\":\"W8U\",\"image\":{\"@type\":\"ImageObject\",\"inLanguage\":\"de\",\"@id\":\"https:\\\/\\\/secure.gravatar.com\\\/avatar\\\/a1e9db99fdd71a9ae2c516203e3fcd390817fa98f868eb9ba6d4a77d1a815cd4?s=96&d=mm&r=g\",\"url\":\"https:\\\/\\\/secure.gravatar.com\\\/avatar\\\/a1e9db99fdd71a9ae2c516203e3fcd390817fa98f868eb9ba6d4a77d1a815cd4?s=96&d=mm&r=g\",\"contentUrl\":\"https:\\\/\\\/secure.gravatar.com\\\/avatar\\\/a1e9db99fdd71a9ae2c516203e3fcd390817fa98f868eb9ba6d4a77d1a815cd4?s=96&d=mm&r=g\",\"caption\":\"W8U\"},\"description\":\"Technikliebhaber aus Niedersachsen und seit 2013 bei den Deskmoddern. Interessiert sich f\u00fcr (fast) alles, durch das Strom flie\u00dft: Computer, Smartphones, Tablets, Autos und so weiter.\",\"url\":\"https:\\\/\\\/www.deskmodder.de\\\/blog\\\/author\\\/w8u\\\/\"}]}<\/script>\n<!-- \/ Yoast SEO Premium plugin. -->","yoast_head_json":{"title":"Wintel: Bald auch gemeinsame Smartphones? - Deskmodder.de","robots":{"index":"index","follow":"follow","max-snippet":"max-snippet:-1","max-image-preview":"max-image-preview:large","max-video-preview":"max-video-preview:-1"},"canonical":"https:\/\/www.deskmodder.de\/blog\/2015\/09\/03\/wintel-bald-auch-gemeinsame-smartphones\/","og_locale":"de_DE","og_type":"article","og_title":"Wintel: Bald auch gemeinsame Smartphones?","og_description":"Microsoft und Intel verbinden eine glor\u00adreiche Vergangenheit: Als Windows-Entwickler und\u00a0Chiphersteller pr\u00e4gen sie gemeinsam seit etwa 30 Jahren eine \u00c4ra der Desktop-PCs. Beide haben aber auch die sp\u00e4ten Nullerjahre v\u00f6llig verpennt und erst sp\u00e4t den Trend der mobilen Ger\u00e4te erkannt. Folglich&hellip;","og_url":"https:\/\/www.deskmodder.de\/blog\/2015\/09\/03\/wintel-bald-auch-gemeinsame-smartphones\/","og_site_name":"Deskmodder.de","article_publisher":"https:\/\/www.facebook.com\/Deskmodder","article_published_time":"2015-09-03T17:12:31+00:00","article_modified_time":"2015-09-03T17:30:29+00:00","og_image":[{"width":640,"height":355,"url":"https:\/\/www.deskmodder.de\/blog\/wp-content\/uploads\/2015\/09\/wintel_windows_intel.jpg","type":"image\/jpeg"}],"author":"W8U","twitter_card":"summary_large_image","twitter_creator":"@Deskmodder","twitter_site":"@Deskmodder","schema":{"@context":"https:\/\/schema.org","@graph":[{"@type":"Article","@id":"https:\/\/www.deskmodder.de\/blog\/2015\/09\/03\/wintel-bald-auch-gemeinsame-smartphones\/#article","isPartOf":{"@id":"https:\/\/www.deskmodder.de\/blog\/2015\/09\/03\/wintel-bald-auch-gemeinsame-smartphones\/"},"author":{"name":"W8U","@id":"https:\/\/www.deskmodder.de\/blog\/#\/schema\/person\/f3c70b4f4860c9fcc4c04057ed04f469"},"headline":"Wintel: Bald auch gemeinsame Smartphones?","datePublished":"2015-09-03T17:12:31+00:00","dateModified":"2015-09-03T17:30:29+00:00","mainEntityOfPage":{"@id":"https:\/\/www.deskmodder.de\/blog\/2015\/09\/03\/wintel-bald-auch-gemeinsame-smartphones\/"},"wordCount":190,"commentCount":3,"publisher":{"@id":"https:\/\/www.deskmodder.de\/blog\/#organization"},"image":{"@id":"https:\/\/www.deskmodder.de\/blog\/2015\/09\/03\/wintel-bald-auch-gemeinsame-smartphones\/#primaryimage"},"thumbnailUrl":"https:\/\/www.deskmodder.de\/blog\/wp-content\/uploads\/2015\/09\/wintel_windows_intel.jpg","keywords":["core m","Intel","Lumia","Microsoft","Smartphone","Windows \u00e4lter"],"articleSection":["Mobile"],"inLanguage":"de","potentialAction":[{"@type":"CommentAction","name":"Comment","target":["https:\/\/www.deskmodder.de\/blog\/2015\/09\/03\/wintel-bald-auch-gemeinsame-smartphones\/#respond"]}],"copyrightYear":"2015","copyrightHolder":{"@id":"https:\/\/www.deskmodder.de\/blog\/#organization"}},{"@type":"WebPage","@id":"https:\/\/www.deskmodder.de\/blog\/2015\/09\/03\/wintel-bald-auch-gemeinsame-smartphones\/","url":"https:\/\/www.deskmodder.de\/blog\/2015\/09\/03\/wintel-bald-auch-gemeinsame-smartphones\/","name":"Wintel: Bald auch gemeinsame Smartphones? - Deskmodder.de","isPartOf":{"@id":"https:\/\/www.deskmodder.de\/blog\/#website"},"primaryImageOfPage":{"@id":"https:\/\/www.deskmodder.de\/blog\/2015\/09\/03\/wintel-bald-auch-gemeinsame-smartphones\/#primaryimage"},"image":{"@id":"https:\/\/www.deskmodder.de\/blog\/2015\/09\/03\/wintel-bald-auch-gemeinsame-smartphones\/#primaryimage"},"thumbnailUrl":"https:\/\/www.deskmodder.de\/blog\/wp-content\/uploads\/2015\/09\/wintel_windows_intel.jpg","datePublished":"2015-09-03T17:12:31+00:00","dateModified":"2015-09-03T17:30:29+00:00","breadcrumb":{"@id":"https:\/\/www.deskmodder.de\/blog\/2015\/09\/03\/wintel-bald-auch-gemeinsame-smartphones\/#breadcrumb"},"inLanguage":"de","potentialAction":[{"@type":"ReadAction","target":["https:\/\/www.deskmodder.de\/blog\/2015\/09\/03\/wintel-bald-auch-gemeinsame-smartphones\/"]}]},{"@type":"ImageObject","inLanguage":"de","@id":"https:\/\/www.deskmodder.de\/blog\/2015\/09\/03\/wintel-bald-auch-gemeinsame-smartphones\/#primaryimage","url":"https:\/\/www.deskmodder.de\/blog\/wp-content\/uploads\/2015\/09\/wintel_windows_intel.jpg","contentUrl":"https:\/\/www.deskmodder.de\/blog\/wp-content\/uploads\/2015\/09\/wintel_windows_intel.jpg","width":640,"height":355},{"@type":"BreadcrumbList","@id":"https:\/\/www.deskmodder.de\/blog\/2015\/09\/03\/wintel-bald-auch-gemeinsame-smartphones\/#breadcrumb","itemListElement":[{"@type":"ListItem","position":1,"name":"Startseite","item":"https:\/\/www.deskmodder.de\/blog\/"},{"@type":"ListItem","position":2,"name":"Wintel: Bald auch gemeinsame Smartphones?"}]},{"@type":"WebSite","@id":"https:\/\/www.deskmodder.de\/blog\/#website","url":"https:\/\/www.deskmodder.de\/blog\/","name":"Deskmodder.de","description":"News zum Thema Microsoft, Windows 11 \/ 10, sowie anderen Neuigkeiten aus dem Netz, viele Tipps und individuelle Hilfe bei Problemen in unserem Forum \u25cf Deskmodder - seit 2003","publisher":{"@id":"https:\/\/www.deskmodder.de\/blog\/#organization"},"potentialAction":[{"@type":"SearchAction","target":{"@type":"EntryPoint","urlTemplate":"https:\/\/www.deskmodder.de\/blog\/?s={search_term_string}"},"query-input":{"@type":"PropertyValueSpecification","valueRequired":true,"valueName":"search_term_string"}}],"inLanguage":"de"},{"@type":"Organization","@id":"https:\/\/www.deskmodder.de\/blog\/#organization","name":"Deskmodder","url":"https:\/\/www.deskmodder.de\/blog\/","logo":{"@type":"ImageObject","inLanguage":"de","@id":"https:\/\/www.deskmodder.de\/blog\/#\/schema\/logo\/image\/","url":"https:\/\/www.deskmodder.de\/blog\/wp-content\/uploads\/2019\/01\/deskmodder-logo-app.png","contentUrl":"https:\/\/www.deskmodder.de\/blog\/wp-content\/uploads\/2019\/01\/deskmodder-logo-app.png","width":281,"height":286,"caption":"Deskmodder"},"image":{"@id":"https:\/\/www.deskmodder.de\/blog\/#\/schema\/logo\/image\/"},"sameAs":["https:\/\/www.facebook.com\/Deskmodder","https:\/\/x.com\/Deskmodder","https:\/\/mastodontech.de\/@Deskmodder","https:\/\/www.youtube.com\/user\/deskmodder","https:\/\/mewe.com\/group\/5c83b5231add826fc80cdae1"]},{"@type":"Person","@id":"https:\/\/www.deskmodder.de\/blog\/#\/schema\/person\/f3c70b4f4860c9fcc4c04057ed04f469","name":"W8U","image":{"@type":"ImageObject","inLanguage":"de","@id":"https:\/\/secure.gravatar.com\/avatar\/a1e9db99fdd71a9ae2c516203e3fcd390817fa98f868eb9ba6d4a77d1a815cd4?s=96&d=mm&r=g","url":"https:\/\/secure.gravatar.com\/avatar\/a1e9db99fdd71a9ae2c516203e3fcd390817fa98f868eb9ba6d4a77d1a815cd4?s=96&d=mm&r=g","contentUrl":"https:\/\/secure.gravatar.com\/avatar\/a1e9db99fdd71a9ae2c516203e3fcd390817fa98f868eb9ba6d4a77d1a815cd4?s=96&d=mm&r=g","caption":"W8U"},"description":"Technikliebhaber aus Niedersachsen und seit 2013 bei den Deskmoddern. Interessiert sich f\u00fcr (fast) alles, durch das Strom flie\u00dft: Computer, Smartphones, Tablets, Autos und so weiter.","url":"https:\/\/www.deskmodder.de\/blog\/author\/w8u\/"}]}},"jetpack_publicize_connections":[],"jetpack_featured_media_url":"https:\/\/www.deskmodder.de\/blog\/wp-content\/uploads\/2015\/09\/wintel_windows_intel.jpg","_links":{"self":[{"href":"https:\/\/www.deskmodder.de\/blog\/wp-json\/wp\/v2\/posts\/52223","targetHints":{"allow":["GET"]}}],"collection":[{"href":"https:\/\/www.deskmodder.de\/blog\/wp-json\/wp\/v2\/posts"}],"about":[{"href":"https:\/\/www.deskmodder.de\/blog\/wp-json\/wp\/v2\/types\/post"}],"author":[{"embeddable":true,"href":"https:\/\/www.deskmodder.de\/blog\/wp-json\/wp\/v2\/users\/1525"}],"replies":[{"embeddable":true,"href":"https:\/\/www.deskmodder.de\/blog\/wp-json\/wp\/v2\/comments?post=52223"}],"version-history":[{"count":0,"href":"https:\/\/www.deskmodder.de\/blog\/wp-json\/wp\/v2\/posts\/52223\/revisions"}],"wp:featuredmedia":[{"embeddable":true,"href":"https:\/\/www.deskmodder.de\/blog\/wp-json\/wp\/v2\/media\/52245"}],"wp:attachment":[{"href":"https:\/\/www.deskmodder.de\/blog\/wp-json\/wp\/v2\/media?parent=52223"}],"wp:term":[{"taxonomy":"category","embeddable":true,"href":"https:\/\/www.deskmodder.de\/blog\/wp-json\/wp\/v2\/categories?post=52223"},{"taxonomy":"post_tag","embeddable":true,"href":"https:\/\/www.deskmodder.de\/blog\/wp-json\/wp\/v2\/tags?post=52223"}],"curies":[{"name":"wp","href":"https:\/\/api.w.org\/{rel}","templated":true}]}}