{"id":51456,"date":"2015-08-27T09:59:30","date_gmt":"2015-08-27T07:59:30","guid":{"rendered":"http:\/\/www.deskmodder.de\/blog\/?p=51456"},"modified":"2015-08-27T09:59:30","modified_gmt":"2015-08-27T07:59:30","slug":"obi-worldphone-ehemaliger-apple-ceo-stellt-smartphones-vor","status":"publish","type":"post","link":"https:\/\/www.deskmodder.de\/blog\/2015\/08\/27\/obi-worldphone-ehemaliger-apple-ceo-stellt-smartphones-vor\/","title":{"rendered":"Obi Worldphone &#8211; Ehemaliger Apple CEO stellt Smartphones vor!"},"content":{"rendered":"<p>Wieder einmal erblicken neue Smartphones das Licht der Welt, interessant ist diesmal das sie von keinem unbekannten kommen. John Sculley, Mitgr\u00fcnder von Obi Worldphone und ehemaliger CEO bei Apple (1983 bis 1993) stellt zwei neue Android Smartphones vor. Diese sollen sich in der Mittelklasse positionieren und cooles Design mit einem guten Preis verbinden.<\/p>\n<p><a href=\"http:\/\/www.deskmodder.de\/blog\/wp-content\/uploads\/2015\/08\/ObiWorldphone_2.jpg\" rel=\"lightbox[51456]\"><img loading=\"lazy\" decoding=\"async\" class=\"alignnone size-full wp-image-51459\" src=\"http:\/\/www.deskmodder.de\/blog\/wp-content\/uploads\/2015\/08\/ObiWorldphone_2.jpg\" alt=\"Obi Worldphone\" width=\"851\" height=\"315\" \/><\/a><\/p>\n<p>Obi Worldphone hat zwei Ger\u00e4te im Portfolio, das SF1 und das SJ1.5. Beide sollen sehr g\u00fcnstig \u00fcber die Ladentheke gehen, so verlangt man f\u00fcr das SF1 199$ und f\u00fcr das SJ1.5 129$. Ob die Preise auch bei uns so ankommen, steht nat\u00fcrlich auf einem anderen Blatt. Ich bin gespannt ob die Ger\u00e4te \u00fcberhaupt ihren Weg nach Deutschland finden.<\/p>\n<p><a href=\"http:\/\/www.deskmodder.de\/blog\/wp-content\/uploads\/2015\/08\/ObiWorldphone_3.png\" rel=\"lightbox[51456]\"><img loading=\"lazy\" decoding=\"async\" class=\"alignnone size-full wp-image-51462\" src=\"http:\/\/www.deskmodder.de\/blog\/wp-content\/uploads\/2015\/08\/ObiWorldphone_3.png\" alt=\"Obi Worldphone\" width=\"1361\" height=\"157\" \/><\/a><\/p>\n<p>Das SF1 ist die bessere Variante, erkennt man ja schon am Preis, es besteht aus einem Unibody-Design mit Metall-Elementen. Das JDI In-Cell IPS Display ist 5&#8243; Zoll gro\u00df und l\u00f6st mit 1920&#215;1080 Pixel auf, dadurch haben wir eine Pixeldichte von 443 PPI. Gesch\u00fctzt wird das Display durch Gorilla Glas 4. Dem ganzen steht ein Qualcomm\u00ae Snapdragon\u2122 615 (@1.5GHz) bei, je nach Speicher hat das Ger\u00e4t 3GB (32GB Version) oder 2GB RAM (16GB Version). Zus\u00e4tzlich kann man den Speicher mit einer SD-Karte erweitern, so hat man dann doch ordentlich Platz zur Verf\u00fcgung. Bei der Kamera kommt der 13MP Sony Exmor IMX214 Sensor zum Einsatz, diesen kennen wir beispielsweise schon aus dem OnePlus. Das SF1 bietet auch die M\u00f6glichkeit eine zweite SIM-Karte einzusetzen, ob es dann auch auf beiden SIM-Karten LTE anbietet ist unbekannt. Neben vielen anderen Features bietet man auch Quick-Charge f\u00fcr den 3000 mAh Akku und Dolby Audio\u2122 Surround 7.1.<\/p>\n<p><a href=\"http:\/\/www.deskmodder.de\/blog\/wp-content\/uploads\/2015\/08\/ObiWorldphone_4.png\" rel=\"lightbox[51456]\"><img loading=\"lazy\" decoding=\"async\" class=\"alignnone size-full wp-image-51464\" src=\"http:\/\/www.deskmodder.de\/blog\/wp-content\/uploads\/2015\/08\/ObiWorldphone_4.png\" alt=\"Obi Worldphone\" width=\"1330\" height=\"152\" \/><\/a><\/p>\n<p>Das g\u00fcnstigere Modell SJ1.5 hat nat\u00fcrlich etwas weniger auf dem Kasten, so l\u00f6st das 5&#8243; Zoll IPS Display nur mit 1280&#215;720 Pixel auf und wird durch Gorilla Glas 3 gesch\u00fctzt. Als CPU steht hier ein MediaTek MT6580 (@1,6GHz) zur Verf\u00fcgung, der Arbeitsspeicher ist generell auf 1GB RAM begrenzt. Das SJ1.5 ist nur in einer 16GB Version erh\u00e4ltlich, kann allerdings auch mit einer SD-Karte aufger\u00fcstet werden. Auch die Kamera f\u00e4llt schlechter aus, so setzt man auf den 8MP AF OV8865 Sensor, diesen findet man \u00f6fter mal in diversen No-Name Ger\u00e4ten. Dual-SIM ist auch hier mit an Board, jedoch nicht mit LTE. Auch das SJ1.5 hat einen 3000 mAh starken Akku, die Quick-Charge Funktion fehlt aber komplett.<\/p>\n<div id='gallery-1' class='gallery galleryid-51456 gallery-columns-2 gallery-size-thumbnail'><figure class='gallery-item'>\n\t\t\t<div class='gallery-icon landscape'>\n\t\t\t\t<a href='https:\/\/www.deskmodder.de\/blog\/wp-content\/uploads\/2015\/08\/ObiWorldphone_5.jpg' rel=\"lightbox[51456]\"><img loading=\"lazy\" decoding=\"async\" width=\"250\" height=\"180\" src=\"https:\/\/www.deskmodder.de\/blog\/wp-content\/uploads\/2015\/08\/ObiWorldphone_5-250x180.jpg\" class=\"attachment-thumbnail size-thumbnail\" alt=\"Obi Worldphone\" srcset=\"https:\/\/www.deskmodder.de\/blog\/wp-content\/uploads\/2015\/08\/ObiWorldphone_5-250x180.jpg 250w, https:\/\/www.deskmodder.de\/blog\/wp-content\/uploads\/2015\/08\/ObiWorldphone_5-500x360.jpg 500w, https:\/\/www.deskmodder.de\/blog\/wp-content\/uploads\/2015\/08\/ObiWorldphone_5-700x504.jpg 700w\" sizes=\"auto, (max-width: 250px) 100vw, 250px\" \/><\/a>\n\t\t\t<\/div><\/figure><figure class='gallery-item'>\n\t\t\t<div class='gallery-icon landscape'>\n\t\t\t\t<a href='https:\/\/www.deskmodder.de\/blog\/wp-content\/uploads\/2015\/08\/ObiWorldphone_6.jpg' rel=\"lightbox[51456]\"><img loading=\"lazy\" decoding=\"async\" width=\"250\" height=\"180\" src=\"https:\/\/www.deskmodder.de\/blog\/wp-content\/uploads\/2015\/08\/ObiWorldphone_6-250x180.jpg\" class=\"attachment-thumbnail size-thumbnail\" alt=\"Obi Worldphone\" srcset=\"https:\/\/www.deskmodder.de\/blog\/wp-content\/uploads\/2015\/08\/ObiWorldphone_6-250x180.jpg 250w, https:\/\/www.deskmodder.de\/blog\/wp-content\/uploads\/2015\/08\/ObiWorldphone_6-500x360.jpg 500w, https:\/\/www.deskmodder.de\/blog\/wp-content\/uploads\/2015\/08\/ObiWorldphone_6-700x504.jpg 700w\" sizes=\"auto, (max-width: 250px) 100vw, 250px\" \/><\/a>\n\t\t\t<\/div><\/figure>\n\t\t<\/div>\n\n<p>Beide Ger\u00e4te sollen ab Oktober verf\u00fcgbar sein, allerdings erst mal f\u00fcr eine handvoll kleinerer L\u00e4nder. Die Modelle kommen mit einem angepassten Android 5.0.2 daher, warum man sich hier nicht f\u00fcr die aktuelle Version 5.1.1 entschieden hat, ist mir schleierhaft. Auch habe ich zweifel das man hier besonderes viele Updates sehen wird, nicht zuletzt weil\u00a0 man beim SJ1.5 auf einen MediaTek Prozessor setzt. Trotzdem gef\u00e4llt mir das Design der Ger\u00e4te, gerade das SF1 macht einen wirklich coolen und neuen Eindruck. Ich bin gespannt ob wir die Ger\u00e4te evt. auch auf der IFA sehen und wie sie sich dann in einem Hands-On geben.<\/p>\n<div class=\"quelle\">Quelle: <a href=\"http:\/\/www.obiworldphone.com\/\">Obi Worldphone<\/a><\/div>\n","protected":false},"excerpt":{"rendered":"<p>Wieder einmal erblicken neue Smartphones das Licht der Welt, interessant ist diesmal das sie von keinem unbekannten kommen. John Sculley, Mitgr\u00fcnder von Obi Worldphone und ehemaliger CEO bei Apple (1983 bis 1993) stellt zwei neue Android Smartphones vor. Diese sollen&hellip; <\/p>\n","protected":false},"author":2448,"featured_media":51457,"comment_status":"open","ping_status":"open","sticky":false,"template":"","format":"standard","meta":{"jetpack_post_was_ever_published":false,"footnotes":"","jetpack_publicize_message":"Obi Worldphone - Ehemaliger Apple CEO stellt Smartphones vor!","jetpack_publicize_feature_enabled":true,"jetpack_social_post_already_shared":true,"jetpack_social_options":{"image_generator_settings":{"template":"highway","default_image_id":0,"font":"","enabled":false},"version":2}},"categories":[231],"tags":[9747,9909,9910,9911,897],"class_list":["post-51456","post","type-post","status-publish","format-standard","has-post-thumbnail","hentry","category-mobile","tag-android","tag-obi-worldphone","tag-obi-worldphone-sf1","tag-obi-worldphone-sj1-5","tag-smartphone"],"wp_featured_image":{"id":51457,"alt_text":"Obi Worldphone","description":"","media_type":"image","media_details":{"width":1024,"height":768,"file":"2015\/08\/ObiWorldphone_1.jpg","sizes":{"thumbnail":{"file":"ObiWorldphone_1-250x180.jpg","width":250,"height":180,"mime-type":"image\/jpeg","source_url":"https:\/\/www.deskmodder.de\/blog\/wp-content\/uploads\/2015\/08\/ObiWorldphone_1-250x180.jpg"},"medium":{"file":"ObiWorldphone_1-500x360.jpg","width":500,"height":360,"mime-type":"image\/jpeg","source_url":"https:\/\/www.deskmodder.de\/blog\/wp-content\/uploads\/2015\/08\/ObiWorldphone_1-500x360.jpg"},"large":{"file":"ObiWorldphone_1-700x504.jpg","width":700,"height":504,"mime-type":"image\/jpeg","source_url":"https:\/\/www.deskmodder.de\/blog\/wp-content\/uploads\/2015\/08\/ObiWorldphone_1-700x504.jpg"},"wp_rp_thumbnail":{"file":"ObiWorldphone_1-150x150.jpg","width":150,"height":150,"mime-type":"image\/jpeg","source_url":"https:\/\/www.deskmodder.de\/blog\/wp-content\/uploads\/2015\/08\/ObiWorldphone_1-150x150.jpg"}},"image_meta":{"aperture":0,"credit":"","camera":"","caption":"","created_timestamp":0,"copyright":"","focal_length":0,"iso":0,"shutter_speed":0,"title":"","orientation":1}},"post":51456,"source_url":"https:\/\/www.deskmodder.de\/blog\/wp-content\/uploads\/2015\/08\/ObiWorldphone_1.jpg"},"commentcount":3,"wp_comments":[{"id":14034,"parent":0,"author":0,"author_name":"Michi","author_email":"michimann@kurzepost.de","author_url":"","author_avatar_urls":{"24":"https:\/\/secure.gravatar.com\/avatar\/6313bed7655f965abca2c26ae03863004da9b4d7583ef9544682ddd4d80f1193?s=24&d=mm&r=g","48":"https:\/\/secure.gravatar.com\/avatar\/6313bed7655f965abca2c26ae03863004da9b4d7583ef9544682ddd4d80f1193?s=48&d=mm&r=g","96":"https:\/\/secure.gravatar.com\/avatar\/6313bed7655f965abca2c26ae03863004da9b4d7583ef9544682ddd4d80f1193?s=96&d=mm&r=g"},"date":"2015-08-27T11:12:05","cld_nonce":"5cfe60523a","content":{"rendered":"<p>CEO bei Apple, h\u00f6rt sich ja ganz gut an&#8230;aber war das nicht die Zeit, in der Apple (durch Fehlentscheidungen der F\u00fchrung) in die Bedeutungslosigkeit absackte?! Und genau dieser CEO bringt nun &#8222;Mittelklasse&#8220;-Android-Smartphones auf den Markt &#8211; naja, dann wei\u00df man wenigstens was einen erwartet &#8211; Bedeutungslosigkeit! <img src=\"https:\/\/www.deskmodder.de\/blog\/wp-content\/plugins\/classic-smilies\/img\/icon_wink.gif\" alt=\";-)\" class=\"wp-smiley\" \/><\/p>\n"},"status":"1"},{"id":14036,"parent":14034,"author":2448,"author_name":"TimTaylor","author_email":"questions@scarifying.de","author_url":"","author_avatar_urls":{"24":"https:\/\/secure.gravatar.com\/avatar\/8bd6f44fb7345c059c873c1ca473a6ac42795ccf9eb4ab3e3dc7f1c407c7929b?s=24&d=mm&r=g","48":"https:\/\/secure.gravatar.com\/avatar\/8bd6f44fb7345c059c873c1ca473a6ac42795ccf9eb4ab3e3dc7f1c407c7929b?s=48&d=mm&r=g","96":"https:\/\/secure.gravatar.com\/avatar\/8bd6f44fb7345c059c873c1ca473a6ac42795ccf9eb4ab3e3dc7f1c407c7929b?s=96&d=mm&r=g"},"date":"2015-08-27T13:03:36","cld_nonce":"5cfe60523a","content":{"rendered":"<p>Jup auch, aber er hat auch gutes auf den Weg gebracht <img src=\"https:\/\/www.deskmodder.de\/blog\/wp-content\/plugins\/classic-smilies\/img\/icon_smile.gif\" alt=\":)\" class=\"wp-smiley\" \/> Ich denke das SF1 k\u00f6nnte ein ganz gutes Ger\u00e4t werden&#8230;<\/p>\n"},"status":"1"},{"id":14037,"parent":0,"author":0,"author_name":"Chris","author_email":"d3rpr4ktik4nt@gmail.com","author_url":"","author_avatar_urls":{"24":"https:\/\/secure.gravatar.com\/avatar\/0e271fd1901292f493f1c7a2d18a5760c82cf6b7a2de0a3652b9109f9e260a80?s=24&d=mm&r=g","48":"https:\/\/secure.gravatar.com\/avatar\/0e271fd1901292f493f1c7a2d18a5760c82cf6b7a2de0a3652b9109f9e260a80?s=48&d=mm&r=g","96":"https:\/\/secure.gravatar.com\/avatar\/0e271fd1901292f493f1c7a2d18a5760c82cf6b7a2de0a3652b9109f9e260a80?s=96&d=mm&r=g"},"date":"2015-08-27T15:01:12","cld_nonce":"5cfe60523a","content":{"rendered":"<p>sch\u00f6nes Deisgn aber <img src=\"https:\/\/www.deskmodder.de\/blog\/wp-content\/plugins\/classic-smilies\/img\/icon_wink.gif\" alt=\";-)\" class=\"wp-smiley\" \/><\/p>\n<p>Bin mal gespannt<\/p>\n"},"status":"1"}],"wp_author":{"id":2448,"name":"TimTaylor","description":"Hallo ich bin Sascha, komme aus dem warmen S\u00fcden, genauer gesagt aus der N\u00e4he von Freiburg. Ich bin begeisterter Technik- und Smartphone-Fan. Haupts\u00e4chlich bei Android zu Hause, aber ich liebe es \u00fcber den Tellerrand zu schauen!","author_avatar_urls":{"24":"https:\/\/secure.gravatar.com\/avatar\/6b08636e5d08ccd287af1aa1aaca7005546b62ff98949087c13a166036ba740c?s=24&d=mm&r=g","48":"https:\/\/secure.gravatar.com\/avatar\/6b08636e5d08ccd287af1aa1aaca7005546b62ff98949087c13a166036ba740c?s=48&d=mm&r=g","96":"https:\/\/secure.gravatar.com\/avatar\/6b08636e5d08ccd287af1aa1aaca7005546b62ff98949087c13a166036ba740c?s=96&d=mm&r=g"}},"cld_nonce":"5cfe60523a","yoast_head":"<!-- This site is optimized with the Yoast SEO Premium plugin v27.5 (Yoast SEO v27.5) - https:\/\/yoast.com\/product\/yoast-seo-premium-wordpress\/ -->\n<title>Obi Worldphone: Ehemaliger Apple CEO zeigt Smartphones<\/title>\n<meta name=\"description\" content=\"Obi Worldphone und ehemaliger CEO bei Apple (1983 bis 1993) stellt zwei neue Android Smartphones vor. Diese sollen sich in der Mittelklasse positionieren...\" \/>\n<meta name=\"robots\" content=\"index, follow, max-snippet:-1, max-image-preview:large, max-video-preview:-1\" \/>\n<link rel=\"canonical\" href=\"https:\/\/www.deskmodder.de\/blog\/2015\/08\/27\/obi-worldphone-ehemaliger-apple-ceo-stellt-smartphones-vor\/\" \/>\n<meta property=\"og:locale\" content=\"de_DE\" \/>\n<meta property=\"og:type\" content=\"article\" \/>\n<meta property=\"og:title\" content=\"Obi Worldphone - Ehemaliger Apple CEO stellt Smartphones vor!\" \/>\n<meta property=\"og:description\" content=\"Obi Worldphone und ehemaliger CEO bei Apple (1983 bis 1993) stellt zwei neue Android Smartphones vor. Diese sollen sich in der Mittelklasse positionieren...\" \/>\n<meta property=\"og:url\" content=\"https:\/\/www.deskmodder.de\/blog\/2015\/08\/27\/obi-worldphone-ehemaliger-apple-ceo-stellt-smartphones-vor\/\" \/>\n<meta property=\"og:site_name\" content=\"Deskmodder.de\" \/>\n<meta property=\"article:publisher\" content=\"https:\/\/www.facebook.com\/Deskmodder\" \/>\n<meta property=\"article:published_time\" content=\"2015-08-27T07:59:30+00:00\" \/>\n<meta property=\"og:image\" content=\"https:\/\/www.deskmodder.de\/blog\/wp-content\/uploads\/2015\/08\/ObiWorldphone_1.jpg\" \/>\n\t<meta property=\"og:image:width\" content=\"1024\" \/>\n\t<meta property=\"og:image:height\" content=\"768\" \/>\n\t<meta property=\"og:image:type\" content=\"image\/jpeg\" \/>\n<meta name=\"author\" content=\"TimTaylor\" \/>\n<meta name=\"twitter:card\" content=\"summary_large_image\" \/>\n<meta name=\"twitter:creator\" content=\"@https:\/\/twitter.com\/SysworX\" \/>\n<meta name=\"twitter:site\" content=\"@Deskmodder\" \/>\n<script type=\"application\/ld+json\" class=\"yoast-schema-graph\">{\"@context\":\"https:\\\/\\\/schema.org\",\"@graph\":[{\"@type\":\"Article\",\"@id\":\"https:\\\/\\\/www.deskmodder.de\\\/blog\\\/2015\\\/08\\\/27\\\/obi-worldphone-ehemaliger-apple-ceo-stellt-smartphones-vor\\\/#article\",\"isPartOf\":{\"@id\":\"https:\\\/\\\/www.deskmodder.de\\\/blog\\\/2015\\\/08\\\/27\\\/obi-worldphone-ehemaliger-apple-ceo-stellt-smartphones-vor\\\/\"},\"author\":{\"name\":\"TimTaylor\",\"@id\":\"https:\\\/\\\/www.deskmodder.de\\\/blog\\\/#\\\/schema\\\/person\\\/91acd7e18c4084934635f2f680485ba1\"},\"headline\":\"Obi Worldphone &#8211; Ehemaliger Apple CEO stellt Smartphones vor!\",\"datePublished\":\"2015-08-27T07:59:30+00:00\",\"mainEntityOfPage\":{\"@id\":\"https:\\\/\\\/www.deskmodder.de\\\/blog\\\/2015\\\/08\\\/27\\\/obi-worldphone-ehemaliger-apple-ceo-stellt-smartphones-vor\\\/\"},\"wordCount\":512,\"commentCount\":3,\"publisher\":{\"@id\":\"https:\\\/\\\/www.deskmodder.de\\\/blog\\\/#organization\"},\"image\":{\"@id\":\"https:\\\/\\\/www.deskmodder.de\\\/blog\\\/2015\\\/08\\\/27\\\/obi-worldphone-ehemaliger-apple-ceo-stellt-smartphones-vor\\\/#primaryimage\"},\"thumbnailUrl\":\"https:\\\/\\\/www.deskmodder.de\\\/blog\\\/wp-content\\\/uploads\\\/2015\\\/08\\\/ObiWorldphone_1.jpg\",\"keywords\":[\"Android\",\"Obi Worldphone\",\"Obi Worldphone sf1\",\"Obi Worldphone sj1.5\",\"Smartphone\"],\"articleSection\":[\"Mobile\"],\"inLanguage\":\"de\",\"potentialAction\":[{\"@type\":\"CommentAction\",\"name\":\"Comment\",\"target\":[\"https:\\\/\\\/www.deskmodder.de\\\/blog\\\/2015\\\/08\\\/27\\\/obi-worldphone-ehemaliger-apple-ceo-stellt-smartphones-vor\\\/#respond\"]}],\"copyrightYear\":\"2015\",\"copyrightHolder\":{\"@id\":\"https:\\\/\\\/www.deskmodder.de\\\/blog\\\/#organization\"}},{\"@type\":\"WebPage\",\"@id\":\"https:\\\/\\\/www.deskmodder.de\\\/blog\\\/2015\\\/08\\\/27\\\/obi-worldphone-ehemaliger-apple-ceo-stellt-smartphones-vor\\\/\",\"url\":\"https:\\\/\\\/www.deskmodder.de\\\/blog\\\/2015\\\/08\\\/27\\\/obi-worldphone-ehemaliger-apple-ceo-stellt-smartphones-vor\\\/\",\"name\":\"Obi Worldphone: Ehemaliger Apple CEO zeigt Smartphones\",\"isPartOf\":{\"@id\":\"https:\\\/\\\/www.deskmodder.de\\\/blog\\\/#website\"},\"primaryImageOfPage\":{\"@id\":\"https:\\\/\\\/www.deskmodder.de\\\/blog\\\/2015\\\/08\\\/27\\\/obi-worldphone-ehemaliger-apple-ceo-stellt-smartphones-vor\\\/#primaryimage\"},\"image\":{\"@id\":\"https:\\\/\\\/www.deskmodder.de\\\/blog\\\/2015\\\/08\\\/27\\\/obi-worldphone-ehemaliger-apple-ceo-stellt-smartphones-vor\\\/#primaryimage\"},\"thumbnailUrl\":\"https:\\\/\\\/www.deskmodder.de\\\/blog\\\/wp-content\\\/uploads\\\/2015\\\/08\\\/ObiWorldphone_1.jpg\",\"datePublished\":\"2015-08-27T07:59:30+00:00\",\"description\":\"Obi Worldphone und ehemaliger CEO bei Apple (1983 bis 1993) stellt zwei neue Android Smartphones vor. Diese sollen sich in der Mittelklasse positionieren...\",\"breadcrumb\":{\"@id\":\"https:\\\/\\\/www.deskmodder.de\\\/blog\\\/2015\\\/08\\\/27\\\/obi-worldphone-ehemaliger-apple-ceo-stellt-smartphones-vor\\\/#breadcrumb\"},\"inLanguage\":\"de\",\"potentialAction\":[{\"@type\":\"ReadAction\",\"target\":[\"https:\\\/\\\/www.deskmodder.de\\\/blog\\\/2015\\\/08\\\/27\\\/obi-worldphone-ehemaliger-apple-ceo-stellt-smartphones-vor\\\/\"]}]},{\"@type\":\"ImageObject\",\"inLanguage\":\"de\",\"@id\":\"https:\\\/\\\/www.deskmodder.de\\\/blog\\\/2015\\\/08\\\/27\\\/obi-worldphone-ehemaliger-apple-ceo-stellt-smartphones-vor\\\/#primaryimage\",\"url\":\"https:\\\/\\\/www.deskmodder.de\\\/blog\\\/wp-content\\\/uploads\\\/2015\\\/08\\\/ObiWorldphone_1.jpg\",\"contentUrl\":\"https:\\\/\\\/www.deskmodder.de\\\/blog\\\/wp-content\\\/uploads\\\/2015\\\/08\\\/ObiWorldphone_1.jpg\",\"width\":1024,\"height\":768,\"caption\":\"Obi Worldphone\"},{\"@type\":\"BreadcrumbList\",\"@id\":\"https:\\\/\\\/www.deskmodder.de\\\/blog\\\/2015\\\/08\\\/27\\\/obi-worldphone-ehemaliger-apple-ceo-stellt-smartphones-vor\\\/#breadcrumb\",\"itemListElement\":[{\"@type\":\"ListItem\",\"position\":1,\"name\":\"Startseite\",\"item\":\"https:\\\/\\\/www.deskmodder.de\\\/blog\\\/\"},{\"@type\":\"ListItem\",\"position\":2,\"name\":\"Obi Worldphone &#8211; Ehemaliger Apple CEO stellt Smartphones vor!\"}]},{\"@type\":\"WebSite\",\"@id\":\"https:\\\/\\\/www.deskmodder.de\\\/blog\\\/#website\",\"url\":\"https:\\\/\\\/www.deskmodder.de\\\/blog\\\/\",\"name\":\"Deskmodder.de\",\"description\":\"News zum Thema Microsoft, Windows 11 \\\/ 10, sowie anderen Neuigkeiten aus dem Netz, viele Tipps und individuelle Hilfe bei Problemen in unserem Forum \u25cf Deskmodder - seit 2003\",\"publisher\":{\"@id\":\"https:\\\/\\\/www.deskmodder.de\\\/blog\\\/#organization\"},\"potentialAction\":[{\"@type\":\"SearchAction\",\"target\":{\"@type\":\"EntryPoint\",\"urlTemplate\":\"https:\\\/\\\/www.deskmodder.de\\\/blog\\\/?s={search_term_string}\"},\"query-input\":{\"@type\":\"PropertyValueSpecification\",\"valueRequired\":true,\"valueName\":\"search_term_string\"}}],\"inLanguage\":\"de\"},{\"@type\":\"Organization\",\"@id\":\"https:\\\/\\\/www.deskmodder.de\\\/blog\\\/#organization\",\"name\":\"Deskmodder\",\"url\":\"https:\\\/\\\/www.deskmodder.de\\\/blog\\\/\",\"logo\":{\"@type\":\"ImageObject\",\"inLanguage\":\"de\",\"@id\":\"https:\\\/\\\/www.deskmodder.de\\\/blog\\\/#\\\/schema\\\/logo\\\/image\\\/\",\"url\":\"https:\\\/\\\/www.deskmodder.de\\\/blog\\\/wp-content\\\/uploads\\\/2019\\\/01\\\/deskmodder-logo-app.png\",\"contentUrl\":\"https:\\\/\\\/www.deskmodder.de\\\/blog\\\/wp-content\\\/uploads\\\/2019\\\/01\\\/deskmodder-logo-app.png\",\"width\":281,\"height\":286,\"caption\":\"Deskmodder\"},\"image\":{\"@id\":\"https:\\\/\\\/www.deskmodder.de\\\/blog\\\/#\\\/schema\\\/logo\\\/image\\\/\"},\"sameAs\":[\"https:\\\/\\\/www.facebook.com\\\/Deskmodder\",\"https:\\\/\\\/x.com\\\/Deskmodder\",\"https:\\\/\\\/mastodontech.de\\\/@Deskmodder\",\"https:\\\/\\\/www.youtube.com\\\/user\\\/deskmodder\",\"https:\\\/\\\/mewe.com\\\/group\\\/5c83b5231add826fc80cdae1\"]},{\"@type\":\"Person\",\"@id\":\"https:\\\/\\\/www.deskmodder.de\\\/blog\\\/#\\\/schema\\\/person\\\/91acd7e18c4084934635f2f680485ba1\",\"name\":\"TimTaylor\",\"image\":{\"@type\":\"ImageObject\",\"inLanguage\":\"de\",\"@id\":\"https:\\\/\\\/secure.gravatar.com\\\/avatar\\\/6b08636e5d08ccd287af1aa1aaca7005546b62ff98949087c13a166036ba740c?s=96&d=mm&r=g\",\"url\":\"https:\\\/\\\/secure.gravatar.com\\\/avatar\\\/6b08636e5d08ccd287af1aa1aaca7005546b62ff98949087c13a166036ba740c?s=96&d=mm&r=g\",\"contentUrl\":\"https:\\\/\\\/secure.gravatar.com\\\/avatar\\\/6b08636e5d08ccd287af1aa1aaca7005546b62ff98949087c13a166036ba740c?s=96&d=mm&r=g\",\"caption\":\"TimTaylor\"},\"description\":\"Hallo ich bin Sascha, komme aus dem warmen S\u00fcden, genauer gesagt aus der N\u00e4he von Freiburg. Ich bin begeisterter Technik- und Smartphone-Fan. Haupts\u00e4chlich bei Android zu Hause, aber ich liebe es \u00fcber den Tellerrand zu schauen!\",\"sameAs\":[\"https:\\\/\\\/x.com\\\/https:\\\/\\\/twitter.com\\\/SysworX\",\"https:\\\/\\\/www.youtube.com\\\/channel\\\/UCFqp-UYIRWT4QpELvE7BkSg\"],\"url\":\"https:\\\/\\\/www.deskmodder.de\\\/blog\\\/author\\\/timtaylor\\\/\"}]}<\/script>\n<!-- \/ Yoast SEO Premium plugin. -->","yoast_head_json":{"title":"Obi Worldphone: Ehemaliger Apple CEO zeigt Smartphones","description":"Obi Worldphone und ehemaliger CEO bei Apple (1983 bis 1993) stellt zwei neue Android Smartphones vor. Diese sollen sich in der Mittelklasse positionieren...","robots":{"index":"index","follow":"follow","max-snippet":"max-snippet:-1","max-image-preview":"max-image-preview:large","max-video-preview":"max-video-preview:-1"},"canonical":"https:\/\/www.deskmodder.de\/blog\/2015\/08\/27\/obi-worldphone-ehemaliger-apple-ceo-stellt-smartphones-vor\/","og_locale":"de_DE","og_type":"article","og_title":"Obi Worldphone - Ehemaliger Apple CEO stellt Smartphones vor!","og_description":"Obi Worldphone und ehemaliger CEO bei Apple (1983 bis 1993) stellt zwei neue Android Smartphones vor. Diese sollen sich in der Mittelklasse positionieren...","og_url":"https:\/\/www.deskmodder.de\/blog\/2015\/08\/27\/obi-worldphone-ehemaliger-apple-ceo-stellt-smartphones-vor\/","og_site_name":"Deskmodder.de","article_publisher":"https:\/\/www.facebook.com\/Deskmodder","article_published_time":"2015-08-27T07:59:30+00:00","og_image":[{"width":1024,"height":768,"url":"https:\/\/www.deskmodder.de\/blog\/wp-content\/uploads\/2015\/08\/ObiWorldphone_1.jpg","type":"image\/jpeg"}],"author":"TimTaylor","twitter_card":"summary_large_image","twitter_creator":"@https:\/\/twitter.com\/SysworX","twitter_site":"@Deskmodder","schema":{"@context":"https:\/\/schema.org","@graph":[{"@type":"Article","@id":"https:\/\/www.deskmodder.de\/blog\/2015\/08\/27\/obi-worldphone-ehemaliger-apple-ceo-stellt-smartphones-vor\/#article","isPartOf":{"@id":"https:\/\/www.deskmodder.de\/blog\/2015\/08\/27\/obi-worldphone-ehemaliger-apple-ceo-stellt-smartphones-vor\/"},"author":{"name":"TimTaylor","@id":"https:\/\/www.deskmodder.de\/blog\/#\/schema\/person\/91acd7e18c4084934635f2f680485ba1"},"headline":"Obi Worldphone &#8211; Ehemaliger Apple CEO stellt Smartphones vor!","datePublished":"2015-08-27T07:59:30+00:00","mainEntityOfPage":{"@id":"https:\/\/www.deskmodder.de\/blog\/2015\/08\/27\/obi-worldphone-ehemaliger-apple-ceo-stellt-smartphones-vor\/"},"wordCount":512,"commentCount":3,"publisher":{"@id":"https:\/\/www.deskmodder.de\/blog\/#organization"},"image":{"@id":"https:\/\/www.deskmodder.de\/blog\/2015\/08\/27\/obi-worldphone-ehemaliger-apple-ceo-stellt-smartphones-vor\/#primaryimage"},"thumbnailUrl":"https:\/\/www.deskmodder.de\/blog\/wp-content\/uploads\/2015\/08\/ObiWorldphone_1.jpg","keywords":["Android","Obi Worldphone","Obi Worldphone sf1","Obi Worldphone sj1.5","Smartphone"],"articleSection":["Mobile"],"inLanguage":"de","potentialAction":[{"@type":"CommentAction","name":"Comment","target":["https:\/\/www.deskmodder.de\/blog\/2015\/08\/27\/obi-worldphone-ehemaliger-apple-ceo-stellt-smartphones-vor\/#respond"]}],"copyrightYear":"2015","copyrightHolder":{"@id":"https:\/\/www.deskmodder.de\/blog\/#organization"}},{"@type":"WebPage","@id":"https:\/\/www.deskmodder.de\/blog\/2015\/08\/27\/obi-worldphone-ehemaliger-apple-ceo-stellt-smartphones-vor\/","url":"https:\/\/www.deskmodder.de\/blog\/2015\/08\/27\/obi-worldphone-ehemaliger-apple-ceo-stellt-smartphones-vor\/","name":"Obi Worldphone: Ehemaliger Apple CEO zeigt Smartphones","isPartOf":{"@id":"https:\/\/www.deskmodder.de\/blog\/#website"},"primaryImageOfPage":{"@id":"https:\/\/www.deskmodder.de\/blog\/2015\/08\/27\/obi-worldphone-ehemaliger-apple-ceo-stellt-smartphones-vor\/#primaryimage"},"image":{"@id":"https:\/\/www.deskmodder.de\/blog\/2015\/08\/27\/obi-worldphone-ehemaliger-apple-ceo-stellt-smartphones-vor\/#primaryimage"},"thumbnailUrl":"https:\/\/www.deskmodder.de\/blog\/wp-content\/uploads\/2015\/08\/ObiWorldphone_1.jpg","datePublished":"2015-08-27T07:59:30+00:00","description":"Obi Worldphone und ehemaliger CEO bei Apple (1983 bis 1993) stellt zwei neue Android Smartphones vor. Diese sollen sich in der Mittelklasse positionieren...","breadcrumb":{"@id":"https:\/\/www.deskmodder.de\/blog\/2015\/08\/27\/obi-worldphone-ehemaliger-apple-ceo-stellt-smartphones-vor\/#breadcrumb"},"inLanguage":"de","potentialAction":[{"@type":"ReadAction","target":["https:\/\/www.deskmodder.de\/blog\/2015\/08\/27\/obi-worldphone-ehemaliger-apple-ceo-stellt-smartphones-vor\/"]}]},{"@type":"ImageObject","inLanguage":"de","@id":"https:\/\/www.deskmodder.de\/blog\/2015\/08\/27\/obi-worldphone-ehemaliger-apple-ceo-stellt-smartphones-vor\/#primaryimage","url":"https:\/\/www.deskmodder.de\/blog\/wp-content\/uploads\/2015\/08\/ObiWorldphone_1.jpg","contentUrl":"https:\/\/www.deskmodder.de\/blog\/wp-content\/uploads\/2015\/08\/ObiWorldphone_1.jpg","width":1024,"height":768,"caption":"Obi Worldphone"},{"@type":"BreadcrumbList","@id":"https:\/\/www.deskmodder.de\/blog\/2015\/08\/27\/obi-worldphone-ehemaliger-apple-ceo-stellt-smartphones-vor\/#breadcrumb","itemListElement":[{"@type":"ListItem","position":1,"name":"Startseite","item":"https:\/\/www.deskmodder.de\/blog\/"},{"@type":"ListItem","position":2,"name":"Obi Worldphone &#8211; Ehemaliger Apple CEO stellt Smartphones vor!"}]},{"@type":"WebSite","@id":"https:\/\/www.deskmodder.de\/blog\/#website","url":"https:\/\/www.deskmodder.de\/blog\/","name":"Deskmodder.de","description":"News zum Thema Microsoft, Windows 11 \/ 10, sowie anderen Neuigkeiten aus dem Netz, viele Tipps und individuelle Hilfe bei Problemen in unserem Forum \u25cf Deskmodder - seit 2003","publisher":{"@id":"https:\/\/www.deskmodder.de\/blog\/#organization"},"potentialAction":[{"@type":"SearchAction","target":{"@type":"EntryPoint","urlTemplate":"https:\/\/www.deskmodder.de\/blog\/?s={search_term_string}"},"query-input":{"@type":"PropertyValueSpecification","valueRequired":true,"valueName":"search_term_string"}}],"inLanguage":"de"},{"@type":"Organization","@id":"https:\/\/www.deskmodder.de\/blog\/#organization","name":"Deskmodder","url":"https:\/\/www.deskmodder.de\/blog\/","logo":{"@type":"ImageObject","inLanguage":"de","@id":"https:\/\/www.deskmodder.de\/blog\/#\/schema\/logo\/image\/","url":"https:\/\/www.deskmodder.de\/blog\/wp-content\/uploads\/2019\/01\/deskmodder-logo-app.png","contentUrl":"https:\/\/www.deskmodder.de\/blog\/wp-content\/uploads\/2019\/01\/deskmodder-logo-app.png","width":281,"height":286,"caption":"Deskmodder"},"image":{"@id":"https:\/\/www.deskmodder.de\/blog\/#\/schema\/logo\/image\/"},"sameAs":["https:\/\/www.facebook.com\/Deskmodder","https:\/\/x.com\/Deskmodder","https:\/\/mastodontech.de\/@Deskmodder","https:\/\/www.youtube.com\/user\/deskmodder","https:\/\/mewe.com\/group\/5c83b5231add826fc80cdae1"]},{"@type":"Person","@id":"https:\/\/www.deskmodder.de\/blog\/#\/schema\/person\/91acd7e18c4084934635f2f680485ba1","name":"TimTaylor","image":{"@type":"ImageObject","inLanguage":"de","@id":"https:\/\/secure.gravatar.com\/avatar\/6b08636e5d08ccd287af1aa1aaca7005546b62ff98949087c13a166036ba740c?s=96&d=mm&r=g","url":"https:\/\/secure.gravatar.com\/avatar\/6b08636e5d08ccd287af1aa1aaca7005546b62ff98949087c13a166036ba740c?s=96&d=mm&r=g","contentUrl":"https:\/\/secure.gravatar.com\/avatar\/6b08636e5d08ccd287af1aa1aaca7005546b62ff98949087c13a166036ba740c?s=96&d=mm&r=g","caption":"TimTaylor"},"description":"Hallo ich bin Sascha, komme aus dem warmen S\u00fcden, genauer gesagt aus der N\u00e4he von Freiburg. Ich bin begeisterter Technik- und Smartphone-Fan. Haupts\u00e4chlich bei Android zu Hause, aber ich liebe es \u00fcber den Tellerrand zu schauen!","sameAs":["https:\/\/x.com\/https:\/\/twitter.com\/SysworX","https:\/\/www.youtube.com\/channel\/UCFqp-UYIRWT4QpELvE7BkSg"],"url":"https:\/\/www.deskmodder.de\/blog\/author\/timtaylor\/"}]}},"jetpack_publicize_connections":[],"jetpack_featured_media_url":"https:\/\/www.deskmodder.de\/blog\/wp-content\/uploads\/2015\/08\/ObiWorldphone_1.jpg","_links":{"self":[{"href":"https:\/\/www.deskmodder.de\/blog\/wp-json\/wp\/v2\/posts\/51456","targetHints":{"allow":["GET"]}}],"collection":[{"href":"https:\/\/www.deskmodder.de\/blog\/wp-json\/wp\/v2\/posts"}],"about":[{"href":"https:\/\/www.deskmodder.de\/blog\/wp-json\/wp\/v2\/types\/post"}],"author":[{"embeddable":true,"href":"https:\/\/www.deskmodder.de\/blog\/wp-json\/wp\/v2\/users\/2448"}],"replies":[{"embeddable":true,"href":"https:\/\/www.deskmodder.de\/blog\/wp-json\/wp\/v2\/comments?post=51456"}],"version-history":[{"count":0,"href":"https:\/\/www.deskmodder.de\/blog\/wp-json\/wp\/v2\/posts\/51456\/revisions"}],"wp:featuredmedia":[{"embeddable":true,"href":"https:\/\/www.deskmodder.de\/blog\/wp-json\/wp\/v2\/media\/51457"}],"wp:attachment":[{"href":"https:\/\/www.deskmodder.de\/blog\/wp-json\/wp\/v2\/media?parent=51456"}],"wp:term":[{"taxonomy":"category","embeddable":true,"href":"https:\/\/www.deskmodder.de\/blog\/wp-json\/wp\/v2\/categories?post=51456"},{"taxonomy":"post_tag","embeddable":true,"href":"https:\/\/www.deskmodder.de\/blog\/wp-json\/wp\/v2\/tags?post=51456"}],"curies":[{"name":"wp","href":"https:\/\/api.w.org\/{rel}","templated":true}]}}