{"id":48596,"date":"2015-07-13T14:48:16","date_gmt":"2015-07-13T12:48:16","guid":{"rendered":"http:\/\/www.deskmodder.de\/blog\/?p=48596"},"modified":"2015-07-13T15:25:54","modified_gmt":"2015-07-13T13:25:54","slug":"microsoft-stellt-auf-der-ifa-am-4-september-die-neuen-geraete-vor","status":"publish","type":"post","link":"https:\/\/www.deskmodder.de\/blog\/2015\/07\/13\/microsoft-stellt-auf-der-ifa-am-4-september-die-neuen-geraete-vor\/","title":{"rendered":"Microsoft stellt auf der IFA am 4. September die neuen Ger\u00e4te vor"},"content":{"rendered":"<p>Wenn es um Hardware von Microsoft geht, ist es die letzte Zeit sehr ruhig geworden. Ausser Ger\u00fcchte und Ank\u00fcndigungen vom Lumia 940 (XL) h\u00f6rt man sehr wenig.<br \/>\nHat nat\u00fcrlich alles auch einen Grund. Microsoft wartet auf Windows 10 Mobile, um dann die neuen Ger\u00e4te damit gleich ausstatten zu k\u00f6nnen. Jetzt wurde bekanntgegeben, dass der Vizepr\u00e4sident von Microsoft Nick Parker am 4. September um 15.00 Uhr auf der IFA in Berlin eine Keynote zu den neuen Ger\u00e4ten halten wird. Der Titel: <em>&#8222;Windows 10 Lights up New Devices&#8220;<\/em><\/p>\n<p><a href=\"http:\/\/www.deskmodder.de\/blog\/wp-content\/uploads\/2013\/10\/microsoft-logo-1.jpg\" rel=\"lightbox[48596]\"><img loading=\"lazy\" decoding=\"async\" class=\"aligncenter size-large wp-image-14621\" src=\"http:\/\/www.deskmodder.de\/blog\/wp-content\/uploads\/2013\/10\/microsoft-logo-1-500x116.jpg\" alt=\"microsoft-logo-1\" width=\"500\" height=\"116\" \/><\/a><\/p>\n<blockquote class=\"quote_border_top\">\"<em>Parker will demonstrate a breadth of new Windows 10 devices, including tablets, 2-in-1s, premium notebooks, gaming devices and all-in-ones that will light up the Windows 10 experience for customers.<\/em>\"<\/blockquote>\n<p>Als Corporate Vize Pr\u00e4sident der Original Equipment Manufaktur (OEM) Division von Microsoft Corp., leitet Parker den weltweiten Vertrieb, Vermarktung und Lizenzierung vorinstallierter Windows-Betriebssysteme und Microsoft Anwendungen, Dienste auf mobilen und Embedded-Ger\u00e4te, PCs,<br \/>\nServer und Internet der Dinge (IoT) Ger\u00e4te von Hardware-Herstellern produziert.<\/p>\n<p>Also merkt euch den Termin schon mal im Kalender vor. Denn falls nicht alles wieder vorher an die \u00d6ffentlichkeit ger\u00e4t, wird diese Keynote sicherlich spannend.<br \/>\n<div class=\"viaquelle\">Via: <a href=\"http:\/\/www.windowscentral.com\/microsoft-host-windows-10-devices-press-conference-ifa-september-4#comments\" target=\"_blank\">windowscentral<\/a><\/div><\/p>\n","protected":false},"excerpt":{"rendered":"<p>Wenn es um Hardware von Microsoft geht, ist es die letzte Zeit sehr ruhig geworden. Ausser Ger\u00fcchte und Ank\u00fcndigungen vom Lumia 940 (XL) h\u00f6rt man sehr wenig. Hat nat\u00fcrlich alles auch einen Grund. Microsoft wartet auf Windows 10 Mobile, um&hellip; <\/p>\n","protected":false},"author":134,"featured_media":18112,"comment_status":"open","ping_status":"open","sticky":false,"template":"","format":"standard","meta":{"jetpack_post_was_ever_published":false,"footnotes":"","jetpack_publicize_message":"","jetpack_publicize_feature_enabled":true,"jetpack_social_post_already_shared":false,"jetpack_social_options":{"image_generator_settings":{"template":"highway","default_image_id":0,"font":"","enabled":false},"version":2}},"categories":[1286],"tags":[4499,2879,148,4593],"class_list":["post-48596","post","type-post","status-publish","format-standard","has-post-thumbnail","hentry","category-hardware","tag-ifa","tag-keynote","tag-microsoft","tag-neue-geraete"],"wp_featured_image":{"id":18112,"alt_text":"","description":"","media_type":"image","media_details":{"width":400,"height":300,"file":"2014\/01\/kategorie-hardware.png","sizes":{"thumbnail":{"file":"kategorie-hardware-150x150.png","width":150,"height":150,"mime-type":"image\/png","source_url":"https:\/\/www.deskmodder.de\/blog\/wp-content\/uploads\/2014\/01\/kategorie-hardware-150x150.png"},"medium":{"file":"kategorie-hardware-150x112.png","width":150,"height":112,"mime-type":"image\/png","source_url":"https:\/\/www.deskmodder.de\/blog\/wp-content\/uploads\/2014\/01\/kategorie-hardware-150x112.png"}},"image_meta":{"aperture":0,"credit":"","camera":"","caption":"","created_timestamp":0,"copyright":"","focal_length":0,"iso":0,"shutter_speed":0,"title":""}},"post":22603,"source_url":"https:\/\/www.deskmodder.de\/blog\/wp-content\/uploads\/2014\/01\/kategorie-hardware.png"},"commentcount":0,"wp_comments":[],"wp_author":{"id":134,"name":"moinmoin","description":"Ich bin nicht allwissend, was <a href=\"https:\/\/www.deskmodder.de\/wiki\/index.php?title=Kategorie:Windows_11\">Windows<\/a> angeht. Aber genau deshalb nehme ich Windows gerne auseinander und unter die Lupe, um all mein Wissen zu erweitern. <i>J\u00fcrgen<\/i>","author_avatar_urls":{"24":"https:\/\/secure.gravatar.com\/avatar\/fab96769102f8886245ab411df9a42a235be79261e4b44aa7ab2a555da8b86b4?s=24&d=mm&r=g","48":"https:\/\/secure.gravatar.com\/avatar\/fab96769102f8886245ab411df9a42a235be79261e4b44aa7ab2a555da8b86b4?s=48&d=mm&r=g","96":"https:\/\/secure.gravatar.com\/avatar\/fab96769102f8886245ab411df9a42a235be79261e4b44aa7ab2a555da8b86b4?s=96&d=mm&r=g"}},"cld_nonce":"5b064c4575","yoast_head":"<!-- This site is optimized with the Yoast SEO Premium plugin v27.5 (Yoast SEO v27.5) - https:\/\/yoast.com\/product\/yoast-seo-premium-wordpress\/ -->\n<title>Microsoft stellt auf der IFA am 4. September die neuen Ger\u00e4te vor - Deskmodder.de<\/title>\n<meta name=\"robots\" content=\"index, follow, max-snippet:-1, max-image-preview:large, max-video-preview:-1\" \/>\n<link rel=\"canonical\" href=\"https:\/\/www.deskmodder.de\/blog\/2015\/07\/13\/microsoft-stellt-auf-der-ifa-am-4-september-die-neuen-geraete-vor\/\" \/>\n<meta property=\"og:locale\" content=\"de_DE\" \/>\n<meta property=\"og:type\" content=\"article\" \/>\n<meta property=\"og:title\" content=\"Microsoft stellt auf der IFA am 4. September die neuen Ger\u00e4te vor\" \/>\n<meta property=\"og:description\" content=\"Wenn es um Hardware von Microsoft geht, ist es die letzte Zeit sehr ruhig geworden. Ausser Ger\u00fcchte und Ank\u00fcndigungen vom Lumia 940 (XL) h\u00f6rt man sehr wenig. Hat nat\u00fcrlich alles auch einen Grund. Microsoft wartet auf Windows 10 Mobile, um&hellip;\" \/>\n<meta property=\"og:url\" content=\"https:\/\/www.deskmodder.de\/blog\/2015\/07\/13\/microsoft-stellt-auf-der-ifa-am-4-september-die-neuen-geraete-vor\/\" \/>\n<meta property=\"og:site_name\" content=\"Deskmodder.de\" \/>\n<meta property=\"article:publisher\" content=\"https:\/\/www.facebook.com\/Deskmodder\" \/>\n<meta property=\"article:published_time\" content=\"2015-07-13T12:48:16+00:00\" \/>\n<meta property=\"article:modified_time\" content=\"2015-07-13T13:25:54+00:00\" \/>\n<meta property=\"og:image\" content=\"https:\/\/www.deskmodder.de\/blog\/wp-content\/uploads\/2014\/01\/kategorie-hardware.png\" \/>\n\t<meta property=\"og:image:width\" content=\"400\" \/>\n\t<meta property=\"og:image:height\" content=\"300\" \/>\n\t<meta property=\"og:image:type\" content=\"image\/png\" \/>\n<meta name=\"author\" content=\"moinmoin\" \/>\n<meta name=\"twitter:card\" content=\"summary_large_image\" \/>\n<meta name=\"twitter:creator\" content=\"@Deskmodder\" \/>\n<meta name=\"twitter:site\" content=\"@Deskmodder\" \/>\n<script type=\"application\/ld+json\" class=\"yoast-schema-graph\">{\"@context\":\"https:\\\/\\\/schema.org\",\"@graph\":[{\"@type\":\"Article\",\"@id\":\"https:\\\/\\\/www.deskmodder.de\\\/blog\\\/2015\\\/07\\\/13\\\/microsoft-stellt-auf-der-ifa-am-4-september-die-neuen-geraete-vor\\\/#article\",\"isPartOf\":{\"@id\":\"https:\\\/\\\/www.deskmodder.de\\\/blog\\\/2015\\\/07\\\/13\\\/microsoft-stellt-auf-der-ifa-am-4-september-die-neuen-geraete-vor\\\/\"},\"author\":{\"name\":\"moinmoin\",\"@id\":\"https:\\\/\\\/www.deskmodder.de\\\/blog\\\/#\\\/schema\\\/person\\\/a40b17a9503c4a1568ac4073bb54182a\"},\"headline\":\"Microsoft stellt auf der IFA am 4. September die neuen Ger\u00e4te vor\",\"datePublished\":\"2015-07-13T12:48:16+00:00\",\"dateModified\":\"2015-07-13T13:25:54+00:00\",\"mainEntityOfPage\":{\"@id\":\"https:\\\/\\\/www.deskmodder.de\\\/blog\\\/2015\\\/07\\\/13\\\/microsoft-stellt-auf-der-ifa-am-4-september-die-neuen-geraete-vor\\\/\"},\"wordCount\":209,\"commentCount\":0,\"publisher\":{\"@id\":\"https:\\\/\\\/www.deskmodder.de\\\/blog\\\/#organization\"},\"image\":{\"@id\":\"https:\\\/\\\/www.deskmodder.de\\\/blog\\\/2015\\\/07\\\/13\\\/microsoft-stellt-auf-der-ifa-am-4-september-die-neuen-geraete-vor\\\/#primaryimage\"},\"thumbnailUrl\":\"https:\\\/\\\/www.deskmodder.de\\\/blog\\\/wp-content\\\/uploads\\\/2014\\\/01\\\/kategorie-hardware.png\",\"keywords\":[\"ifa\",\"Keynote\",\"Microsoft\",\"neue Ger\u00e4te\"],\"articleSection\":[\"Hardware\"],\"inLanguage\":\"de\",\"potentialAction\":[{\"@type\":\"CommentAction\",\"name\":\"Comment\",\"target\":[\"https:\\\/\\\/www.deskmodder.de\\\/blog\\\/2015\\\/07\\\/13\\\/microsoft-stellt-auf-der-ifa-am-4-september-die-neuen-geraete-vor\\\/#respond\"]}],\"copyrightYear\":\"2015\",\"copyrightHolder\":{\"@id\":\"https:\\\/\\\/www.deskmodder.de\\\/blog\\\/#organization\"}},{\"@type\":\"WebPage\",\"@id\":\"https:\\\/\\\/www.deskmodder.de\\\/blog\\\/2015\\\/07\\\/13\\\/microsoft-stellt-auf-der-ifa-am-4-september-die-neuen-geraete-vor\\\/\",\"url\":\"https:\\\/\\\/www.deskmodder.de\\\/blog\\\/2015\\\/07\\\/13\\\/microsoft-stellt-auf-der-ifa-am-4-september-die-neuen-geraete-vor\\\/\",\"name\":\"Microsoft stellt auf der IFA am 4. September die neuen Ger\u00e4te vor - Deskmodder.de\",\"isPartOf\":{\"@id\":\"https:\\\/\\\/www.deskmodder.de\\\/blog\\\/#website\"},\"primaryImageOfPage\":{\"@id\":\"https:\\\/\\\/www.deskmodder.de\\\/blog\\\/2015\\\/07\\\/13\\\/microsoft-stellt-auf-der-ifa-am-4-september-die-neuen-geraete-vor\\\/#primaryimage\"},\"image\":{\"@id\":\"https:\\\/\\\/www.deskmodder.de\\\/blog\\\/2015\\\/07\\\/13\\\/microsoft-stellt-auf-der-ifa-am-4-september-die-neuen-geraete-vor\\\/#primaryimage\"},\"thumbnailUrl\":\"https:\\\/\\\/www.deskmodder.de\\\/blog\\\/wp-content\\\/uploads\\\/2014\\\/01\\\/kategorie-hardware.png\",\"datePublished\":\"2015-07-13T12:48:16+00:00\",\"dateModified\":\"2015-07-13T13:25:54+00:00\",\"breadcrumb\":{\"@id\":\"https:\\\/\\\/www.deskmodder.de\\\/blog\\\/2015\\\/07\\\/13\\\/microsoft-stellt-auf-der-ifa-am-4-september-die-neuen-geraete-vor\\\/#breadcrumb\"},\"inLanguage\":\"de\",\"potentialAction\":[{\"@type\":\"ReadAction\",\"target\":[\"https:\\\/\\\/www.deskmodder.de\\\/blog\\\/2015\\\/07\\\/13\\\/microsoft-stellt-auf-der-ifa-am-4-september-die-neuen-geraete-vor\\\/\"]}]},{\"@type\":\"ImageObject\",\"inLanguage\":\"de\",\"@id\":\"https:\\\/\\\/www.deskmodder.de\\\/blog\\\/2015\\\/07\\\/13\\\/microsoft-stellt-auf-der-ifa-am-4-september-die-neuen-geraete-vor\\\/#primaryimage\",\"url\":\"https:\\\/\\\/www.deskmodder.de\\\/blog\\\/wp-content\\\/uploads\\\/2014\\\/01\\\/kategorie-hardware.png\",\"contentUrl\":\"https:\\\/\\\/www.deskmodder.de\\\/blog\\\/wp-content\\\/uploads\\\/2014\\\/01\\\/kategorie-hardware.png\",\"width\":400,\"height\":300},{\"@type\":\"BreadcrumbList\",\"@id\":\"https:\\\/\\\/www.deskmodder.de\\\/blog\\\/2015\\\/07\\\/13\\\/microsoft-stellt-auf-der-ifa-am-4-september-die-neuen-geraete-vor\\\/#breadcrumb\",\"itemListElement\":[{\"@type\":\"ListItem\",\"position\":1,\"name\":\"Startseite\",\"item\":\"https:\\\/\\\/www.deskmodder.de\\\/blog\\\/\"},{\"@type\":\"ListItem\",\"position\":2,\"name\":\"Microsoft stellt auf der IFA am 4. September die neuen Ger\u00e4te vor\"}]},{\"@type\":\"WebSite\",\"@id\":\"https:\\\/\\\/www.deskmodder.de\\\/blog\\\/#website\",\"url\":\"https:\\\/\\\/www.deskmodder.de\\\/blog\\\/\",\"name\":\"Deskmodder.de\",\"description\":\"News zum Thema Microsoft, Windows 11 \\\/ 10, sowie anderen Neuigkeiten aus dem Netz, viele Tipps und individuelle Hilfe bei Problemen in unserem Forum \u25cf Deskmodder - seit 2003\",\"publisher\":{\"@id\":\"https:\\\/\\\/www.deskmodder.de\\\/blog\\\/#organization\"},\"potentialAction\":[{\"@type\":\"SearchAction\",\"target\":{\"@type\":\"EntryPoint\",\"urlTemplate\":\"https:\\\/\\\/www.deskmodder.de\\\/blog\\\/?s={search_term_string}\"},\"query-input\":{\"@type\":\"PropertyValueSpecification\",\"valueRequired\":true,\"valueName\":\"search_term_string\"}}],\"inLanguage\":\"de\"},{\"@type\":\"Organization\",\"@id\":\"https:\\\/\\\/www.deskmodder.de\\\/blog\\\/#organization\",\"name\":\"Deskmodder\",\"url\":\"https:\\\/\\\/www.deskmodder.de\\\/blog\\\/\",\"logo\":{\"@type\":\"ImageObject\",\"inLanguage\":\"de\",\"@id\":\"https:\\\/\\\/www.deskmodder.de\\\/blog\\\/#\\\/schema\\\/logo\\\/image\\\/\",\"url\":\"https:\\\/\\\/www.deskmodder.de\\\/blog\\\/wp-content\\\/uploads\\\/2019\\\/01\\\/deskmodder-logo-app.png\",\"contentUrl\":\"https:\\\/\\\/www.deskmodder.de\\\/blog\\\/wp-content\\\/uploads\\\/2019\\\/01\\\/deskmodder-logo-app.png\",\"width\":281,\"height\":286,\"caption\":\"Deskmodder\"},\"image\":{\"@id\":\"https:\\\/\\\/www.deskmodder.de\\\/blog\\\/#\\\/schema\\\/logo\\\/image\\\/\"},\"sameAs\":[\"https:\\\/\\\/www.facebook.com\\\/Deskmodder\",\"https:\\\/\\\/x.com\\\/Deskmodder\",\"https:\\\/\\\/mastodontech.de\\\/@Deskmodder\",\"https:\\\/\\\/www.youtube.com\\\/user\\\/deskmodder\",\"https:\\\/\\\/mewe.com\\\/group\\\/5c83b5231add826fc80cdae1\"]},{\"@type\":\"Person\",\"@id\":\"https:\\\/\\\/www.deskmodder.de\\\/blog\\\/#\\\/schema\\\/person\\\/a40b17a9503c4a1568ac4073bb54182a\",\"name\":\"moinmoin\",\"image\":{\"@type\":\"ImageObject\",\"inLanguage\":\"de\",\"@id\":\"https:\\\/\\\/secure.gravatar.com\\\/avatar\\\/fab96769102f8886245ab411df9a42a235be79261e4b44aa7ab2a555da8b86b4?s=96&d=mm&r=g\",\"url\":\"https:\\\/\\\/secure.gravatar.com\\\/avatar\\\/fab96769102f8886245ab411df9a42a235be79261e4b44aa7ab2a555da8b86b4?s=96&d=mm&r=g\",\"contentUrl\":\"https:\\\/\\\/secure.gravatar.com\\\/avatar\\\/fab96769102f8886245ab411df9a42a235be79261e4b44aa7ab2a555da8b86b4?s=96&d=mm&r=g\",\"caption\":\"moinmoin\"},\"description\":\"Ich bin nicht allwissend, was Windows angeht. Aber genau deshalb nehme ich Windows gerne auseinander und unter die Lupe, um all mein Wissen zu erweitern. J\u00fcrgen\",\"url\":\"https:\\\/\\\/www.deskmodder.de\\\/blog\\\/author\\\/moinmoin\\\/\"}]}<\/script>\n<!-- \/ Yoast SEO Premium plugin. -->","yoast_head_json":{"title":"Microsoft stellt auf der IFA am 4. September die neuen Ger\u00e4te vor - Deskmodder.de","robots":{"index":"index","follow":"follow","max-snippet":"max-snippet:-1","max-image-preview":"max-image-preview:large","max-video-preview":"max-video-preview:-1"},"canonical":"https:\/\/www.deskmodder.de\/blog\/2015\/07\/13\/microsoft-stellt-auf-der-ifa-am-4-september-die-neuen-geraete-vor\/","og_locale":"de_DE","og_type":"article","og_title":"Microsoft stellt auf der IFA am 4. September die neuen Ger\u00e4te vor","og_description":"Wenn es um Hardware von Microsoft geht, ist es die letzte Zeit sehr ruhig geworden. Ausser Ger\u00fcchte und Ank\u00fcndigungen vom Lumia 940 (XL) h\u00f6rt man sehr wenig. Hat nat\u00fcrlich alles auch einen Grund. Microsoft wartet auf Windows 10 Mobile, um&hellip;","og_url":"https:\/\/www.deskmodder.de\/blog\/2015\/07\/13\/microsoft-stellt-auf-der-ifa-am-4-september-die-neuen-geraete-vor\/","og_site_name":"Deskmodder.de","article_publisher":"https:\/\/www.facebook.com\/Deskmodder","article_published_time":"2015-07-13T12:48:16+00:00","article_modified_time":"2015-07-13T13:25:54+00:00","og_image":[{"width":400,"height":300,"url":"https:\/\/www.deskmodder.de\/blog\/wp-content\/uploads\/2014\/01\/kategorie-hardware.png","type":"image\/png"}],"author":"moinmoin","twitter_card":"summary_large_image","twitter_creator":"@Deskmodder","twitter_site":"@Deskmodder","schema":{"@context":"https:\/\/schema.org","@graph":[{"@type":"Article","@id":"https:\/\/www.deskmodder.de\/blog\/2015\/07\/13\/microsoft-stellt-auf-der-ifa-am-4-september-die-neuen-geraete-vor\/#article","isPartOf":{"@id":"https:\/\/www.deskmodder.de\/blog\/2015\/07\/13\/microsoft-stellt-auf-der-ifa-am-4-september-die-neuen-geraete-vor\/"},"author":{"name":"moinmoin","@id":"https:\/\/www.deskmodder.de\/blog\/#\/schema\/person\/a40b17a9503c4a1568ac4073bb54182a"},"headline":"Microsoft stellt auf der IFA am 4. September die neuen Ger\u00e4te vor","datePublished":"2015-07-13T12:48:16+00:00","dateModified":"2015-07-13T13:25:54+00:00","mainEntityOfPage":{"@id":"https:\/\/www.deskmodder.de\/blog\/2015\/07\/13\/microsoft-stellt-auf-der-ifa-am-4-september-die-neuen-geraete-vor\/"},"wordCount":209,"commentCount":0,"publisher":{"@id":"https:\/\/www.deskmodder.de\/blog\/#organization"},"image":{"@id":"https:\/\/www.deskmodder.de\/blog\/2015\/07\/13\/microsoft-stellt-auf-der-ifa-am-4-september-die-neuen-geraete-vor\/#primaryimage"},"thumbnailUrl":"https:\/\/www.deskmodder.de\/blog\/wp-content\/uploads\/2014\/01\/kategorie-hardware.png","keywords":["ifa","Keynote","Microsoft","neue Ger\u00e4te"],"articleSection":["Hardware"],"inLanguage":"de","potentialAction":[{"@type":"CommentAction","name":"Comment","target":["https:\/\/www.deskmodder.de\/blog\/2015\/07\/13\/microsoft-stellt-auf-der-ifa-am-4-september-die-neuen-geraete-vor\/#respond"]}],"copyrightYear":"2015","copyrightHolder":{"@id":"https:\/\/www.deskmodder.de\/blog\/#organization"}},{"@type":"WebPage","@id":"https:\/\/www.deskmodder.de\/blog\/2015\/07\/13\/microsoft-stellt-auf-der-ifa-am-4-september-die-neuen-geraete-vor\/","url":"https:\/\/www.deskmodder.de\/blog\/2015\/07\/13\/microsoft-stellt-auf-der-ifa-am-4-september-die-neuen-geraete-vor\/","name":"Microsoft stellt auf der IFA am 4. September die neuen Ger\u00e4te vor - Deskmodder.de","isPartOf":{"@id":"https:\/\/www.deskmodder.de\/blog\/#website"},"primaryImageOfPage":{"@id":"https:\/\/www.deskmodder.de\/blog\/2015\/07\/13\/microsoft-stellt-auf-der-ifa-am-4-september-die-neuen-geraete-vor\/#primaryimage"},"image":{"@id":"https:\/\/www.deskmodder.de\/blog\/2015\/07\/13\/microsoft-stellt-auf-der-ifa-am-4-september-die-neuen-geraete-vor\/#primaryimage"},"thumbnailUrl":"https:\/\/www.deskmodder.de\/blog\/wp-content\/uploads\/2014\/01\/kategorie-hardware.png","datePublished":"2015-07-13T12:48:16+00:00","dateModified":"2015-07-13T13:25:54+00:00","breadcrumb":{"@id":"https:\/\/www.deskmodder.de\/blog\/2015\/07\/13\/microsoft-stellt-auf-der-ifa-am-4-september-die-neuen-geraete-vor\/#breadcrumb"},"inLanguage":"de","potentialAction":[{"@type":"ReadAction","target":["https:\/\/www.deskmodder.de\/blog\/2015\/07\/13\/microsoft-stellt-auf-der-ifa-am-4-september-die-neuen-geraete-vor\/"]}]},{"@type":"ImageObject","inLanguage":"de","@id":"https:\/\/www.deskmodder.de\/blog\/2015\/07\/13\/microsoft-stellt-auf-der-ifa-am-4-september-die-neuen-geraete-vor\/#primaryimage","url":"https:\/\/www.deskmodder.de\/blog\/wp-content\/uploads\/2014\/01\/kategorie-hardware.png","contentUrl":"https:\/\/www.deskmodder.de\/blog\/wp-content\/uploads\/2014\/01\/kategorie-hardware.png","width":400,"height":300},{"@type":"BreadcrumbList","@id":"https:\/\/www.deskmodder.de\/blog\/2015\/07\/13\/microsoft-stellt-auf-der-ifa-am-4-september-die-neuen-geraete-vor\/#breadcrumb","itemListElement":[{"@type":"ListItem","position":1,"name":"Startseite","item":"https:\/\/www.deskmodder.de\/blog\/"},{"@type":"ListItem","position":2,"name":"Microsoft stellt auf der IFA am 4. September die neuen Ger\u00e4te vor"}]},{"@type":"WebSite","@id":"https:\/\/www.deskmodder.de\/blog\/#website","url":"https:\/\/www.deskmodder.de\/blog\/","name":"Deskmodder.de","description":"News zum Thema Microsoft, Windows 11 \/ 10, sowie anderen Neuigkeiten aus dem Netz, viele Tipps und individuelle Hilfe bei Problemen in unserem Forum \u25cf Deskmodder - seit 2003","publisher":{"@id":"https:\/\/www.deskmodder.de\/blog\/#organization"},"potentialAction":[{"@type":"SearchAction","target":{"@type":"EntryPoint","urlTemplate":"https:\/\/www.deskmodder.de\/blog\/?s={search_term_string}"},"query-input":{"@type":"PropertyValueSpecification","valueRequired":true,"valueName":"search_term_string"}}],"inLanguage":"de"},{"@type":"Organization","@id":"https:\/\/www.deskmodder.de\/blog\/#organization","name":"Deskmodder","url":"https:\/\/www.deskmodder.de\/blog\/","logo":{"@type":"ImageObject","inLanguage":"de","@id":"https:\/\/www.deskmodder.de\/blog\/#\/schema\/logo\/image\/","url":"https:\/\/www.deskmodder.de\/blog\/wp-content\/uploads\/2019\/01\/deskmodder-logo-app.png","contentUrl":"https:\/\/www.deskmodder.de\/blog\/wp-content\/uploads\/2019\/01\/deskmodder-logo-app.png","width":281,"height":286,"caption":"Deskmodder"},"image":{"@id":"https:\/\/www.deskmodder.de\/blog\/#\/schema\/logo\/image\/"},"sameAs":["https:\/\/www.facebook.com\/Deskmodder","https:\/\/x.com\/Deskmodder","https:\/\/mastodontech.de\/@Deskmodder","https:\/\/www.youtube.com\/user\/deskmodder","https:\/\/mewe.com\/group\/5c83b5231add826fc80cdae1"]},{"@type":"Person","@id":"https:\/\/www.deskmodder.de\/blog\/#\/schema\/person\/a40b17a9503c4a1568ac4073bb54182a","name":"moinmoin","image":{"@type":"ImageObject","inLanguage":"de","@id":"https:\/\/secure.gravatar.com\/avatar\/fab96769102f8886245ab411df9a42a235be79261e4b44aa7ab2a555da8b86b4?s=96&d=mm&r=g","url":"https:\/\/secure.gravatar.com\/avatar\/fab96769102f8886245ab411df9a42a235be79261e4b44aa7ab2a555da8b86b4?s=96&d=mm&r=g","contentUrl":"https:\/\/secure.gravatar.com\/avatar\/fab96769102f8886245ab411df9a42a235be79261e4b44aa7ab2a555da8b86b4?s=96&d=mm&r=g","caption":"moinmoin"},"description":"Ich bin nicht allwissend, was Windows angeht. Aber genau deshalb nehme ich Windows gerne auseinander und unter die Lupe, um all mein Wissen zu erweitern. J\u00fcrgen","url":"https:\/\/www.deskmodder.de\/blog\/author\/moinmoin\/"}]}},"jetpack_publicize_connections":[],"jetpack_featured_media_url":"https:\/\/www.deskmodder.de\/blog\/wp-content\/uploads\/2014\/01\/kategorie-hardware.png","_links":{"self":[{"href":"https:\/\/www.deskmodder.de\/blog\/wp-json\/wp\/v2\/posts\/48596","targetHints":{"allow":["GET"]}}],"collection":[{"href":"https:\/\/www.deskmodder.de\/blog\/wp-json\/wp\/v2\/posts"}],"about":[{"href":"https:\/\/www.deskmodder.de\/blog\/wp-json\/wp\/v2\/types\/post"}],"author":[{"embeddable":true,"href":"https:\/\/www.deskmodder.de\/blog\/wp-json\/wp\/v2\/users\/134"}],"replies":[{"embeddable":true,"href":"https:\/\/www.deskmodder.de\/blog\/wp-json\/wp\/v2\/comments?post=48596"}],"version-history":[{"count":0,"href":"https:\/\/www.deskmodder.de\/blog\/wp-json\/wp\/v2\/posts\/48596\/revisions"}],"wp:featuredmedia":[{"embeddable":true,"href":"https:\/\/www.deskmodder.de\/blog\/wp-json\/wp\/v2\/media\/18112"}],"wp:attachment":[{"href":"https:\/\/www.deskmodder.de\/blog\/wp-json\/wp\/v2\/media?parent=48596"}],"wp:term":[{"taxonomy":"category","embeddable":true,"href":"https:\/\/www.deskmodder.de\/blog\/wp-json\/wp\/v2\/categories?post=48596"},{"taxonomy":"post_tag","embeddable":true,"href":"https:\/\/www.deskmodder.de\/blog\/wp-json\/wp\/v2\/tags?post=48596"}],"curies":[{"name":"wp","href":"https:\/\/api.w.org\/{rel}","templated":true}]}}