{"id":45418,"date":"2015-05-31T11:05:51","date_gmt":"2015-05-31T09:05:51","guid":{"rendered":"http:\/\/www.deskmodder.de\/blog\/?p=45418"},"modified":"2015-05-31T11:05:51","modified_gmt":"2015-05-31T09:05:51","slug":"asus-soll-zenfone-selfie-zur-computex-2015-praesentieren","status":"publish","type":"post","link":"https:\/\/www.deskmodder.de\/blog\/2015\/05\/31\/asus-soll-zenfone-selfie-zur-computex-2015-praesentieren\/","title":{"rendered":"Asus soll &#8222;Zenfone Selfie&#8220; zur Computex 2015 pr\u00e4sentieren"},"content":{"rendered":"<p>Das Wort &#8222;Selfie&#8220; ist f\u00fcr mich immer noch eines der Unw\u00f6rter der letzten Jahre. Trotzdem scheint es die Generation der Selfie-User zu geben, welche bei ihrem Smartphone gerade auf die verbaute Frontkamera achten. Und diese will nun offensichtlich auch Asus bedienen. Denn zur Computex 2015 soll Asus das &#8222;Zenfone Selfie&#8220; pr\u00e4sentieren, wie man selbst <a href=\"https:\/\/m.facebook.com\/ASUS\/photos\/a.186749591368447.43127.179161458793927\/900259390017460\/?type=1&amp;theater\" target=\"_blank\">anteasert<\/a>.<\/p>\n<p><a href=\"http:\/\/www.deskmodder.de\/blog\/wp-content\/uploads\/2015\/05\/885911_900259390017460_474882824502834913_o.jpg\" rel=\"lightbox[45418]\"><img loading=\"lazy\" decoding=\"async\" class=\"aligncenter size-full wp-image-45420\" src=\"http:\/\/www.deskmodder.de\/blog\/wp-content\/uploads\/2015\/05\/885911_900259390017460_474882824502834913_o.jpg\" alt=\"885911_900259390017460_474882824502834913_o\" width=\"1968\" height=\"1968\" srcset=\"https:\/\/www.deskmodder.de\/blog\/wp-content\/uploads\/2015\/05\/885911_900259390017460_474882824502834913_o.jpg 1968w, https:\/\/www.deskmodder.de\/blog\/wp-content\/uploads\/2015\/05\/885911_900259390017460_474882824502834913_o-150x150.jpg 150w\" sizes=\"auto, (max-width: 1968px) 100vw, 1968px\" \/><\/a><\/p>\n<p>Zumindest ist auf dem ver\u00f6ffentlichtem Bild Hauptaugenmerk auf die verbaute Frontkamera mit LED-Blitz gelegt worden. Rein von der vermuteten Ausstattung soll sich das Smartphone in der Mittelklasse ansiedeln und vermutlich einige Tools f\u00fcr Fotoaufnahmen mitbringen. Weiteres wird&#8217;s dann wohl zur Computex geben.<\/p>\n<p>&nbsp;<\/p>\n","protected":false},"excerpt":{"rendered":"<p>Das Wort &#8222;Selfie&#8220; ist f\u00fcr mich immer noch eines der Unw\u00f6rter der letzten Jahre. Trotzdem scheint es die Generation der Selfie-User zu geben, welche bei ihrem Smartphone gerade auf die verbaute Frontkamera achten. Und diese will nun offensichtlich auch Asus&hellip; <\/p>\n","protected":false},"author":2020,"featured_media":45420,"comment_status":"open","ping_status":"open","sticky":false,"template":"","format":"standard","meta":{"jetpack_post_was_ever_published":false,"footnotes":"","jetpack_publicize_message":"","jetpack_publicize_feature_enabled":true,"jetpack_social_post_already_shared":false,"jetpack_social_options":{"image_generator_settings":{"template":"highway","default_image_id":0,"font":"","enabled":false},"version":2}},"categories":[1286],"tags":[2146,8815,6847,8816],"class_list":["post-45418","post","type-post","status-publish","format-standard","has-post-thumbnail","hentry","category-hardware","tag-asus","tag-computex-2015","tag-frontkamera","tag-zenfone-selfie"],"wp_featured_image":{"id":45420,"alt_text":"","description":"","media_type":"image","media_details":{"width":1968,"height":1968,"file":"2015\/05\/885911_900259390017460_474882824502834913_o.jpg","sizes":{"thumbnail":{"file":"885911_900259390017460_474882824502834913_o-250x180.jpg","width":250,"height":180,"mime-type":"image\/jpeg","source_url":"https:\/\/www.deskmodder.de\/blog\/wp-content\/uploads\/2015\/05\/885911_900259390017460_474882824502834913_o-250x180.jpg"},"medium":{"file":"885911_900259390017460_474882824502834913_o-500x360.jpg","width":500,"height":360,"mime-type":"image\/jpeg","source_url":"https:\/\/www.deskmodder.de\/blog\/wp-content\/uploads\/2015\/05\/885911_900259390017460_474882824502834913_o-500x360.jpg"},"large":{"file":"885911_900259390017460_474882824502834913_o-700x504.jpg","width":700,"height":504,"mime-type":"image\/jpeg","source_url":"https:\/\/www.deskmodder.de\/blog\/wp-content\/uploads\/2015\/05\/885911_900259390017460_474882824502834913_o-700x504.jpg"},"wp_rp_thumbnail":{"file":"885911_900259390017460_474882824502834913_o-150x150.jpg","width":150,"height":150,"mime-type":"image\/jpeg","source_url":"https:\/\/www.deskmodder.de\/blog\/wp-content\/uploads\/2015\/05\/885911_900259390017460_474882824502834913_o-150x150.jpg"}},"image_meta":{"aperture":0,"credit":"","camera":"","caption":"","created_timestamp":0,"copyright":"","focal_length":0,"iso":0,"shutter_speed":0,"title":"","orientation":0}},"post":45418,"source_url":"https:\/\/www.deskmodder.de\/blog\/wp-content\/uploads\/2015\/05\/885911_900259390017460_474882824502834913_o.jpg"},"commentcount":1,"wp_comments":[{"id":11002,"parent":0,"author":0,"author_name":"","author_email":"","author_url":"http:\/\/www.drwindows.de\/windows-news\/89090-uber-tellerrand-geschaut-news-31-05-15-a.html#post856972","author_avatar_urls":{"24":"https:\/\/secure.gravatar.com\/avatar\/?s=24&d=mm&r=g","48":"https:\/\/secure.gravatar.com\/avatar\/?s=48&d=mm&r=g","96":"https:\/\/secure.gravatar.com\/avatar\/?s=96&d=mm&r=g"},"date":"2015-05-31T12:28:20","cld_nonce":"5b064c4575","content":{"rendered":"<p>[&#8230;]  [&#8230;]<\/p>\n"},"status":"1"}],"wp_author":{"id":2020,"name":"Mike","description":"\u00dcber das Anpassen &amp; Abspecken von XP in die \"Windows-Welt\" gekommen, interessiere ich mich eigentlich f\u00fcr jedes gute St\u00fcck Technik. Neben Windows hat auch Android bei mir ein zu Hause gefunden. Und ich bin jedes Jahr gespannt, was mich Neues erwartet. Bloggen ist eine Leidenschaft von mir und ich teile diese hier gerne mit euch.","author_avatar_urls":{"24":"https:\/\/secure.gravatar.com\/avatar\/a25a00ccc6c845d38ee2695915f64089ae7e42ad1a0e8247e29b357ef56b0fab?s=24&d=mm&r=g","48":"https:\/\/secure.gravatar.com\/avatar\/a25a00ccc6c845d38ee2695915f64089ae7e42ad1a0e8247e29b357ef56b0fab?s=48&d=mm&r=g","96":"https:\/\/secure.gravatar.com\/avatar\/a25a00ccc6c845d38ee2695915f64089ae7e42ad1a0e8247e29b357ef56b0fab?s=96&d=mm&r=g"}},"cld_nonce":"5b064c4575","yoast_head":"<!-- This site is optimized with the Yoast SEO Premium plugin v27.5 (Yoast SEO v27.5) - https:\/\/yoast.com\/product\/yoast-seo-premium-wordpress\/ -->\n<title>Asus soll &quot;Zenfone Selfie&quot; zur Computex 2015 pr\u00e4sentieren - Deskmodder.de<\/title>\n<meta name=\"robots\" content=\"index, follow, max-snippet:-1, max-image-preview:large, max-video-preview:-1\" \/>\n<link rel=\"canonical\" href=\"https:\/\/www.deskmodder.de\/blog\/2015\/05\/31\/asus-soll-zenfone-selfie-zur-computex-2015-praesentieren\/\" \/>\n<meta property=\"og:locale\" content=\"de_DE\" \/>\n<meta property=\"og:type\" content=\"article\" \/>\n<meta property=\"og:title\" content=\"Asus soll &quot;Zenfone Selfie&quot; zur Computex 2015 pr\u00e4sentieren\" \/>\n<meta property=\"og:description\" content=\"Das Wort &#8222;Selfie&#8220; ist f\u00fcr mich immer noch eines der Unw\u00f6rter der letzten Jahre. Trotzdem scheint es die Generation der Selfie-User zu geben, welche bei ihrem Smartphone gerade auf die verbaute Frontkamera achten. Und diese will nun offensichtlich auch Asus&hellip;\" \/>\n<meta property=\"og:url\" content=\"https:\/\/www.deskmodder.de\/blog\/2015\/05\/31\/asus-soll-zenfone-selfie-zur-computex-2015-praesentieren\/\" \/>\n<meta property=\"og:site_name\" content=\"Deskmodder.de\" \/>\n<meta property=\"article:publisher\" content=\"https:\/\/www.facebook.com\/Deskmodder\" \/>\n<meta property=\"article:published_time\" content=\"2015-05-31T09:05:51+00:00\" \/>\n<meta property=\"og:image\" content=\"https:\/\/www.deskmodder.de\/blog\/wp-content\/uploads\/2015\/05\/885911_900259390017460_474882824502834913_o.jpg\" \/>\n\t<meta property=\"og:image:width\" content=\"1968\" \/>\n\t<meta property=\"og:image:height\" content=\"1968\" \/>\n\t<meta property=\"og:image:type\" content=\"image\/jpeg\" \/>\n<meta name=\"author\" content=\"Mike\" \/>\n<meta name=\"twitter:card\" content=\"summary_large_image\" \/>\n<meta name=\"twitter:creator\" content=\"@Deskmodder\" \/>\n<meta name=\"twitter:site\" content=\"@Deskmodder\" \/>\n<script type=\"application\/ld+json\" class=\"yoast-schema-graph\">{\"@context\":\"https:\\\/\\\/schema.org\",\"@graph\":[{\"@type\":\"Article\",\"@id\":\"https:\\\/\\\/www.deskmodder.de\\\/blog\\\/2015\\\/05\\\/31\\\/asus-soll-zenfone-selfie-zur-computex-2015-praesentieren\\\/#article\",\"isPartOf\":{\"@id\":\"https:\\\/\\\/www.deskmodder.de\\\/blog\\\/2015\\\/05\\\/31\\\/asus-soll-zenfone-selfie-zur-computex-2015-praesentieren\\\/\"},\"author\":{\"name\":\"Mike\",\"@id\":\"https:\\\/\\\/www.deskmodder.de\\\/blog\\\/#\\\/schema\\\/person\\\/0d15dadb25ee420cb54f76ad120c98fa\"},\"headline\":\"Asus soll &#8222;Zenfone Selfie&#8220; zur Computex 2015 pr\u00e4sentieren\",\"datePublished\":\"2015-05-31T09:05:51+00:00\",\"mainEntityOfPage\":{\"@id\":\"https:\\\/\\\/www.deskmodder.de\\\/blog\\\/2015\\\/05\\\/31\\\/asus-soll-zenfone-selfie-zur-computex-2015-praesentieren\\\/\"},\"wordCount\":111,\"commentCount\":1,\"publisher\":{\"@id\":\"https:\\\/\\\/www.deskmodder.de\\\/blog\\\/#organization\"},\"image\":{\"@id\":\"https:\\\/\\\/www.deskmodder.de\\\/blog\\\/2015\\\/05\\\/31\\\/asus-soll-zenfone-selfie-zur-computex-2015-praesentieren\\\/#primaryimage\"},\"thumbnailUrl\":\"https:\\\/\\\/www.deskmodder.de\\\/blog\\\/wp-content\\\/uploads\\\/2015\\\/05\\\/885911_900259390017460_474882824502834913_o.jpg\",\"keywords\":[\"Asus\",\"Computex 2015\",\"Frontkamera\",\"Zenfone Selfie\"],\"articleSection\":[\"Hardware\"],\"inLanguage\":\"de\",\"potentialAction\":[{\"@type\":\"CommentAction\",\"name\":\"Comment\",\"target\":[\"https:\\\/\\\/www.deskmodder.de\\\/blog\\\/2015\\\/05\\\/31\\\/asus-soll-zenfone-selfie-zur-computex-2015-praesentieren\\\/#respond\"]}],\"copyrightYear\":\"2015\",\"copyrightHolder\":{\"@id\":\"https:\\\/\\\/www.deskmodder.de\\\/blog\\\/#organization\"}},{\"@type\":\"WebPage\",\"@id\":\"https:\\\/\\\/www.deskmodder.de\\\/blog\\\/2015\\\/05\\\/31\\\/asus-soll-zenfone-selfie-zur-computex-2015-praesentieren\\\/\",\"url\":\"https:\\\/\\\/www.deskmodder.de\\\/blog\\\/2015\\\/05\\\/31\\\/asus-soll-zenfone-selfie-zur-computex-2015-praesentieren\\\/\",\"name\":\"Asus soll \\\"Zenfone Selfie\\\" zur Computex 2015 pr\u00e4sentieren - Deskmodder.de\",\"isPartOf\":{\"@id\":\"https:\\\/\\\/www.deskmodder.de\\\/blog\\\/#website\"},\"primaryImageOfPage\":{\"@id\":\"https:\\\/\\\/www.deskmodder.de\\\/blog\\\/2015\\\/05\\\/31\\\/asus-soll-zenfone-selfie-zur-computex-2015-praesentieren\\\/#primaryimage\"},\"image\":{\"@id\":\"https:\\\/\\\/www.deskmodder.de\\\/blog\\\/2015\\\/05\\\/31\\\/asus-soll-zenfone-selfie-zur-computex-2015-praesentieren\\\/#primaryimage\"},\"thumbnailUrl\":\"https:\\\/\\\/www.deskmodder.de\\\/blog\\\/wp-content\\\/uploads\\\/2015\\\/05\\\/885911_900259390017460_474882824502834913_o.jpg\",\"datePublished\":\"2015-05-31T09:05:51+00:00\",\"breadcrumb\":{\"@id\":\"https:\\\/\\\/www.deskmodder.de\\\/blog\\\/2015\\\/05\\\/31\\\/asus-soll-zenfone-selfie-zur-computex-2015-praesentieren\\\/#breadcrumb\"},\"inLanguage\":\"de\",\"potentialAction\":[{\"@type\":\"ReadAction\",\"target\":[\"https:\\\/\\\/www.deskmodder.de\\\/blog\\\/2015\\\/05\\\/31\\\/asus-soll-zenfone-selfie-zur-computex-2015-praesentieren\\\/\"]}]},{\"@type\":\"ImageObject\",\"inLanguage\":\"de\",\"@id\":\"https:\\\/\\\/www.deskmodder.de\\\/blog\\\/2015\\\/05\\\/31\\\/asus-soll-zenfone-selfie-zur-computex-2015-praesentieren\\\/#primaryimage\",\"url\":\"https:\\\/\\\/www.deskmodder.de\\\/blog\\\/wp-content\\\/uploads\\\/2015\\\/05\\\/885911_900259390017460_474882824502834913_o.jpg\",\"contentUrl\":\"https:\\\/\\\/www.deskmodder.de\\\/blog\\\/wp-content\\\/uploads\\\/2015\\\/05\\\/885911_900259390017460_474882824502834913_o.jpg\",\"width\":1968,\"height\":1968},{\"@type\":\"BreadcrumbList\",\"@id\":\"https:\\\/\\\/www.deskmodder.de\\\/blog\\\/2015\\\/05\\\/31\\\/asus-soll-zenfone-selfie-zur-computex-2015-praesentieren\\\/#breadcrumb\",\"itemListElement\":[{\"@type\":\"ListItem\",\"position\":1,\"name\":\"Startseite\",\"item\":\"https:\\\/\\\/www.deskmodder.de\\\/blog\\\/\"},{\"@type\":\"ListItem\",\"position\":2,\"name\":\"Asus soll &#8222;Zenfone Selfie&#8220; zur Computex 2015 pr\u00e4sentieren\"}]},{\"@type\":\"WebSite\",\"@id\":\"https:\\\/\\\/www.deskmodder.de\\\/blog\\\/#website\",\"url\":\"https:\\\/\\\/www.deskmodder.de\\\/blog\\\/\",\"name\":\"Deskmodder.de\",\"description\":\"News zum Thema Microsoft, Windows 11 \\\/ 10, sowie anderen Neuigkeiten aus dem Netz, viele Tipps und individuelle Hilfe bei Problemen in unserem Forum \u25cf Deskmodder - seit 2003\",\"publisher\":{\"@id\":\"https:\\\/\\\/www.deskmodder.de\\\/blog\\\/#organization\"},\"potentialAction\":[{\"@type\":\"SearchAction\",\"target\":{\"@type\":\"EntryPoint\",\"urlTemplate\":\"https:\\\/\\\/www.deskmodder.de\\\/blog\\\/?s={search_term_string}\"},\"query-input\":{\"@type\":\"PropertyValueSpecification\",\"valueRequired\":true,\"valueName\":\"search_term_string\"}}],\"inLanguage\":\"de\"},{\"@type\":\"Organization\",\"@id\":\"https:\\\/\\\/www.deskmodder.de\\\/blog\\\/#organization\",\"name\":\"Deskmodder\",\"url\":\"https:\\\/\\\/www.deskmodder.de\\\/blog\\\/\",\"logo\":{\"@type\":\"ImageObject\",\"inLanguage\":\"de\",\"@id\":\"https:\\\/\\\/www.deskmodder.de\\\/blog\\\/#\\\/schema\\\/logo\\\/image\\\/\",\"url\":\"https:\\\/\\\/www.deskmodder.de\\\/blog\\\/wp-content\\\/uploads\\\/2019\\\/01\\\/deskmodder-logo-app.png\",\"contentUrl\":\"https:\\\/\\\/www.deskmodder.de\\\/blog\\\/wp-content\\\/uploads\\\/2019\\\/01\\\/deskmodder-logo-app.png\",\"width\":281,\"height\":286,\"caption\":\"Deskmodder\"},\"image\":{\"@id\":\"https:\\\/\\\/www.deskmodder.de\\\/blog\\\/#\\\/schema\\\/logo\\\/image\\\/\"},\"sameAs\":[\"https:\\\/\\\/www.facebook.com\\\/Deskmodder\",\"https:\\\/\\\/x.com\\\/Deskmodder\",\"https:\\\/\\\/mastodontech.de\\\/@Deskmodder\",\"https:\\\/\\\/www.youtube.com\\\/user\\\/deskmodder\",\"https:\\\/\\\/mewe.com\\\/group\\\/5c83b5231add826fc80cdae1\"]},{\"@type\":\"Person\",\"@id\":\"https:\\\/\\\/www.deskmodder.de\\\/blog\\\/#\\\/schema\\\/person\\\/0d15dadb25ee420cb54f76ad120c98fa\",\"name\":\"Mike\",\"image\":{\"@type\":\"ImageObject\",\"inLanguage\":\"de\",\"@id\":\"https:\\\/\\\/secure.gravatar.com\\\/avatar\\\/a25a00ccc6c845d38ee2695915f64089ae7e42ad1a0e8247e29b357ef56b0fab?s=96&d=mm&r=g\",\"url\":\"https:\\\/\\\/secure.gravatar.com\\\/avatar\\\/a25a00ccc6c845d38ee2695915f64089ae7e42ad1a0e8247e29b357ef56b0fab?s=96&d=mm&r=g\",\"contentUrl\":\"https:\\\/\\\/secure.gravatar.com\\\/avatar\\\/a25a00ccc6c845d38ee2695915f64089ae7e42ad1a0e8247e29b357ef56b0fab?s=96&d=mm&r=g\",\"caption\":\"Mike\"},\"description\":\"\u00dcber das Anpassen &amp; Abspecken von XP in die \\\"Windows-Welt\\\" gekommen, interessiere ich mich eigentlich f\u00fcr jedes gute St\u00fcck Technik. Neben Windows hat auch Android bei mir ein zu Hause gefunden. Und ich bin jedes Jahr gespannt, was mich Neues erwartet. Bloggen ist eine Leidenschaft von mir und ich teile diese hier gerne mit euch.\",\"url\":\"https:\\\/\\\/www.deskmodder.de\\\/blog\\\/author\\\/mike\\\/\"}]}<\/script>\n<!-- \/ Yoast SEO Premium plugin. -->","yoast_head_json":{"title":"Asus soll \"Zenfone Selfie\" zur Computex 2015 pr\u00e4sentieren - Deskmodder.de","robots":{"index":"index","follow":"follow","max-snippet":"max-snippet:-1","max-image-preview":"max-image-preview:large","max-video-preview":"max-video-preview:-1"},"canonical":"https:\/\/www.deskmodder.de\/blog\/2015\/05\/31\/asus-soll-zenfone-selfie-zur-computex-2015-praesentieren\/","og_locale":"de_DE","og_type":"article","og_title":"Asus soll \"Zenfone Selfie\" zur Computex 2015 pr\u00e4sentieren","og_description":"Das Wort &#8222;Selfie&#8220; ist f\u00fcr mich immer noch eines der Unw\u00f6rter der letzten Jahre. Trotzdem scheint es die Generation der Selfie-User zu geben, welche bei ihrem Smartphone gerade auf die verbaute Frontkamera achten. Und diese will nun offensichtlich auch Asus&hellip;","og_url":"https:\/\/www.deskmodder.de\/blog\/2015\/05\/31\/asus-soll-zenfone-selfie-zur-computex-2015-praesentieren\/","og_site_name":"Deskmodder.de","article_publisher":"https:\/\/www.facebook.com\/Deskmodder","article_published_time":"2015-05-31T09:05:51+00:00","og_image":[{"width":1968,"height":1968,"url":"https:\/\/www.deskmodder.de\/blog\/wp-content\/uploads\/2015\/05\/885911_900259390017460_474882824502834913_o.jpg","type":"image\/jpeg"}],"author":"Mike","twitter_card":"summary_large_image","twitter_creator":"@Deskmodder","twitter_site":"@Deskmodder","schema":{"@context":"https:\/\/schema.org","@graph":[{"@type":"Article","@id":"https:\/\/www.deskmodder.de\/blog\/2015\/05\/31\/asus-soll-zenfone-selfie-zur-computex-2015-praesentieren\/#article","isPartOf":{"@id":"https:\/\/www.deskmodder.de\/blog\/2015\/05\/31\/asus-soll-zenfone-selfie-zur-computex-2015-praesentieren\/"},"author":{"name":"Mike","@id":"https:\/\/www.deskmodder.de\/blog\/#\/schema\/person\/0d15dadb25ee420cb54f76ad120c98fa"},"headline":"Asus soll &#8222;Zenfone Selfie&#8220; zur Computex 2015 pr\u00e4sentieren","datePublished":"2015-05-31T09:05:51+00:00","mainEntityOfPage":{"@id":"https:\/\/www.deskmodder.de\/blog\/2015\/05\/31\/asus-soll-zenfone-selfie-zur-computex-2015-praesentieren\/"},"wordCount":111,"commentCount":1,"publisher":{"@id":"https:\/\/www.deskmodder.de\/blog\/#organization"},"image":{"@id":"https:\/\/www.deskmodder.de\/blog\/2015\/05\/31\/asus-soll-zenfone-selfie-zur-computex-2015-praesentieren\/#primaryimage"},"thumbnailUrl":"https:\/\/www.deskmodder.de\/blog\/wp-content\/uploads\/2015\/05\/885911_900259390017460_474882824502834913_o.jpg","keywords":["Asus","Computex 2015","Frontkamera","Zenfone Selfie"],"articleSection":["Hardware"],"inLanguage":"de","potentialAction":[{"@type":"CommentAction","name":"Comment","target":["https:\/\/www.deskmodder.de\/blog\/2015\/05\/31\/asus-soll-zenfone-selfie-zur-computex-2015-praesentieren\/#respond"]}],"copyrightYear":"2015","copyrightHolder":{"@id":"https:\/\/www.deskmodder.de\/blog\/#organization"}},{"@type":"WebPage","@id":"https:\/\/www.deskmodder.de\/blog\/2015\/05\/31\/asus-soll-zenfone-selfie-zur-computex-2015-praesentieren\/","url":"https:\/\/www.deskmodder.de\/blog\/2015\/05\/31\/asus-soll-zenfone-selfie-zur-computex-2015-praesentieren\/","name":"Asus soll \"Zenfone Selfie\" zur Computex 2015 pr\u00e4sentieren - Deskmodder.de","isPartOf":{"@id":"https:\/\/www.deskmodder.de\/blog\/#website"},"primaryImageOfPage":{"@id":"https:\/\/www.deskmodder.de\/blog\/2015\/05\/31\/asus-soll-zenfone-selfie-zur-computex-2015-praesentieren\/#primaryimage"},"image":{"@id":"https:\/\/www.deskmodder.de\/blog\/2015\/05\/31\/asus-soll-zenfone-selfie-zur-computex-2015-praesentieren\/#primaryimage"},"thumbnailUrl":"https:\/\/www.deskmodder.de\/blog\/wp-content\/uploads\/2015\/05\/885911_900259390017460_474882824502834913_o.jpg","datePublished":"2015-05-31T09:05:51+00:00","breadcrumb":{"@id":"https:\/\/www.deskmodder.de\/blog\/2015\/05\/31\/asus-soll-zenfone-selfie-zur-computex-2015-praesentieren\/#breadcrumb"},"inLanguage":"de","potentialAction":[{"@type":"ReadAction","target":["https:\/\/www.deskmodder.de\/blog\/2015\/05\/31\/asus-soll-zenfone-selfie-zur-computex-2015-praesentieren\/"]}]},{"@type":"ImageObject","inLanguage":"de","@id":"https:\/\/www.deskmodder.de\/blog\/2015\/05\/31\/asus-soll-zenfone-selfie-zur-computex-2015-praesentieren\/#primaryimage","url":"https:\/\/www.deskmodder.de\/blog\/wp-content\/uploads\/2015\/05\/885911_900259390017460_474882824502834913_o.jpg","contentUrl":"https:\/\/www.deskmodder.de\/blog\/wp-content\/uploads\/2015\/05\/885911_900259390017460_474882824502834913_o.jpg","width":1968,"height":1968},{"@type":"BreadcrumbList","@id":"https:\/\/www.deskmodder.de\/blog\/2015\/05\/31\/asus-soll-zenfone-selfie-zur-computex-2015-praesentieren\/#breadcrumb","itemListElement":[{"@type":"ListItem","position":1,"name":"Startseite","item":"https:\/\/www.deskmodder.de\/blog\/"},{"@type":"ListItem","position":2,"name":"Asus soll &#8222;Zenfone Selfie&#8220; zur Computex 2015 pr\u00e4sentieren"}]},{"@type":"WebSite","@id":"https:\/\/www.deskmodder.de\/blog\/#website","url":"https:\/\/www.deskmodder.de\/blog\/","name":"Deskmodder.de","description":"News zum Thema Microsoft, Windows 11 \/ 10, sowie anderen Neuigkeiten aus dem Netz, viele Tipps und individuelle Hilfe bei Problemen in unserem Forum \u25cf Deskmodder - seit 2003","publisher":{"@id":"https:\/\/www.deskmodder.de\/blog\/#organization"},"potentialAction":[{"@type":"SearchAction","target":{"@type":"EntryPoint","urlTemplate":"https:\/\/www.deskmodder.de\/blog\/?s={search_term_string}"},"query-input":{"@type":"PropertyValueSpecification","valueRequired":true,"valueName":"search_term_string"}}],"inLanguage":"de"},{"@type":"Organization","@id":"https:\/\/www.deskmodder.de\/blog\/#organization","name":"Deskmodder","url":"https:\/\/www.deskmodder.de\/blog\/","logo":{"@type":"ImageObject","inLanguage":"de","@id":"https:\/\/www.deskmodder.de\/blog\/#\/schema\/logo\/image\/","url":"https:\/\/www.deskmodder.de\/blog\/wp-content\/uploads\/2019\/01\/deskmodder-logo-app.png","contentUrl":"https:\/\/www.deskmodder.de\/blog\/wp-content\/uploads\/2019\/01\/deskmodder-logo-app.png","width":281,"height":286,"caption":"Deskmodder"},"image":{"@id":"https:\/\/www.deskmodder.de\/blog\/#\/schema\/logo\/image\/"},"sameAs":["https:\/\/www.facebook.com\/Deskmodder","https:\/\/x.com\/Deskmodder","https:\/\/mastodontech.de\/@Deskmodder","https:\/\/www.youtube.com\/user\/deskmodder","https:\/\/mewe.com\/group\/5c83b5231add826fc80cdae1"]},{"@type":"Person","@id":"https:\/\/www.deskmodder.de\/blog\/#\/schema\/person\/0d15dadb25ee420cb54f76ad120c98fa","name":"Mike","image":{"@type":"ImageObject","inLanguage":"de","@id":"https:\/\/secure.gravatar.com\/avatar\/a25a00ccc6c845d38ee2695915f64089ae7e42ad1a0e8247e29b357ef56b0fab?s=96&d=mm&r=g","url":"https:\/\/secure.gravatar.com\/avatar\/a25a00ccc6c845d38ee2695915f64089ae7e42ad1a0e8247e29b357ef56b0fab?s=96&d=mm&r=g","contentUrl":"https:\/\/secure.gravatar.com\/avatar\/a25a00ccc6c845d38ee2695915f64089ae7e42ad1a0e8247e29b357ef56b0fab?s=96&d=mm&r=g","caption":"Mike"},"description":"\u00dcber das Anpassen &amp; Abspecken von XP in die \"Windows-Welt\" gekommen, interessiere ich mich eigentlich f\u00fcr jedes gute St\u00fcck Technik. Neben Windows hat auch Android bei mir ein zu Hause gefunden. Und ich bin jedes Jahr gespannt, was mich Neues erwartet. Bloggen ist eine Leidenschaft von mir und ich teile diese hier gerne mit euch.","url":"https:\/\/www.deskmodder.de\/blog\/author\/mike\/"}]}},"jetpack_publicize_connections":[],"jetpack_featured_media_url":"https:\/\/www.deskmodder.de\/blog\/wp-content\/uploads\/2015\/05\/885911_900259390017460_474882824502834913_o.jpg","_links":{"self":[{"href":"https:\/\/www.deskmodder.de\/blog\/wp-json\/wp\/v2\/posts\/45418","targetHints":{"allow":["GET"]}}],"collection":[{"href":"https:\/\/www.deskmodder.de\/blog\/wp-json\/wp\/v2\/posts"}],"about":[{"href":"https:\/\/www.deskmodder.de\/blog\/wp-json\/wp\/v2\/types\/post"}],"author":[{"embeddable":true,"href":"https:\/\/www.deskmodder.de\/blog\/wp-json\/wp\/v2\/users\/2020"}],"replies":[{"embeddable":true,"href":"https:\/\/www.deskmodder.de\/blog\/wp-json\/wp\/v2\/comments?post=45418"}],"version-history":[{"count":0,"href":"https:\/\/www.deskmodder.de\/blog\/wp-json\/wp\/v2\/posts\/45418\/revisions"}],"wp:featuredmedia":[{"embeddable":true,"href":"https:\/\/www.deskmodder.de\/blog\/wp-json\/wp\/v2\/media\/45420"}],"wp:attachment":[{"href":"https:\/\/www.deskmodder.de\/blog\/wp-json\/wp\/v2\/media?parent=45418"}],"wp:term":[{"taxonomy":"category","embeddable":true,"href":"https:\/\/www.deskmodder.de\/blog\/wp-json\/wp\/v2\/categories?post=45418"},{"taxonomy":"post_tag","embeddable":true,"href":"https:\/\/www.deskmodder.de\/blog\/wp-json\/wp\/v2\/tags?post=45418"}],"curies":[{"name":"wp","href":"https:\/\/api.w.org\/{rel}","templated":true}]}}