{"id":45111,"date":"2015-05-27T18:34:49","date_gmt":"2015-05-27T16:34:49","guid":{"rendered":"http:\/\/www.deskmodder.de\/blog\/?p=45111"},"modified":"2015-05-27T19:22:40","modified_gmt":"2015-05-27T17:22:40","slug":"uservoice-schaltflaeche-zum-erweitern-des-startmenues-soll-zurueck-oder-nicht","status":"publish","type":"post","link":"https:\/\/www.deskmodder.de\/blog\/2015\/05\/27\/uservoice-schaltflaeche-zum-erweitern-des-startmenues-soll-zurueck-oder-nicht\/","title":{"rendered":"Uservoice: Schaltfl\u00e4che zum Erweitern des Startmen\u00fcs soll zur\u00fcck&#8230;oder nicht?"},"content":{"rendered":"<p>Mit der <a href='http:\/\/www.deskmodder.de\/blog\/2015\/05\/20\/windows-10-build-10122-steht-zum-download-bereit\/' target='_blank'>Windows 10 Build 10122<\/a> hat Microsoft das Startmen\u00fc umgekrempelt. Man hat unter anderem rechts oben den kleinen Doppelpfeil entfernt, mit dem man bequem das Startmen\u00fc mal kurzzeitig auf Vollbild umswitchen konnte, damit man nicht ellenlang scrollen muss, um alle Apps die man im Startmen\u00fc angepinnt hat zu sehen.<br \/>\nAuf uservoice.com hat nun ein Fan dieses Doppelpfeils ein Aufruf an Microsoft gestartet: <em>Bring Back the &#8222;Expand Start Menu Full Screen&#8220; Button!<\/em><br \/>\n<a href=\"http:\/\/www.deskmodder.de\/blog\/wp-content\/uploads\/2015\/05\/start-win-10.jpg\" rel=\"lightbox[45111]\"><img loading=\"lazy\" decoding=\"async\" src=\"http:\/\/www.deskmodder.de\/blog\/wp-content\/uploads\/2015\/05\/start-win-10-500x360.jpg\" alt=\"start-win-10\" width=\"500\" height=\"360\" class=\"aligncenter size-medium wp-image-45113\" srcset=\"https:\/\/www.deskmodder.de\/blog\/wp-content\/uploads\/2015\/05\/start-win-10-500x360.jpg 500w, https:\/\/www.deskmodder.de\/blog\/wp-content\/uploads\/2015\/05\/start-win-10-250x180.jpg 250w, https:\/\/www.deskmodder.de\/blog\/wp-content\/uploads\/2015\/05\/start-win-10-700x504.jpg 700w\" sizes=\"auto, (max-width: 500px) 100vw, 500px\" \/><\/a><br \/>\nEr hat zwar schon \u00fcber 3.300 Stimmen f\u00fcr seinen Vorschlag, aber in den Kommentaren kann man auch lesen, dass viele diesen Doppelpfeil f\u00fcr das Vollbildstartmen\u00fc gar nicht mehr wollen.<\/p>\n<p>Ich muss gestehen, ich hatte in der Windows 10 Preview noch nie so viele Apps, dass ich h\u00e4tte umschalten m\u00fcssen, trotzdem fand ich die Idee mit dem Button dann doch recht nett. Was meint ihr, war dieser Pfeil, der ja nun auch in den Apps selber fehlt unn\u00fctz?<\/p>\n<p>Wie man das Startmen\u00fc weiterhin  den Vollbildmodus einstellen kann, findet ihr bei uns im Wiki unter:<br \/>\n\u25aa <a href='http:\/\/www.deskmodder.de\/wiki\/index.php?title=Das_Windows_10_Startmen%C3%BC_richtig_einrichten_Tipps_und_Tricks' target='_blank'><strong>Das Windows 10 Startmen\u00fc richtig einrichten Tipps und Tricks<\/strong><\/a><\/p>\n<p><b>Auch interessant:<\/b><br \/>\nIhr sucht weitere Tipps, Tricks und Tutorials f\u00fcr Windows 10? Dann schaut in unserem Wiki vorbei, bzw. speichert die Seite als Favoriten:<br \/>\n\u25aa  <a href='http:\/\/www.deskmodder.de\/wiki\/index.php?title=Portal:Windows_10'\" target=\"_blank\"'><strong>Portal Windows 10 Deskmodder-Wiki<\/strong><\/a><br \/>\nIhr habt Fragen zu Windows 10? Dann ab in unser Forum. Auch G\u00e4ste d\u00fcrfen fragen stellen oder nat\u00fcrlich auch beantworten<br \/>\n\u25aa <a href='http:\/\/www.deskmodder.de\/phpBB3\/viewforum.php?f=326'\" target=\"_blank\"'><strong>Windows 10 Deskmodder-Forum<\/strong><\/a><\/p>\n<p><div class=\"quelle\">Quelle: <a href='https:\/\/windows.uservoice.com\/forums\/265757-windows-feature-suggestions\/suggestions\/8041581-bring-back-the-expand-start-menu-full-screen-but' target='_blank'>uservoice<\/a><\/div><br \/>\n<div class=\"viaquelle\">Via: <a href='http:\/\/www.winbeta.org\/news\/windows-10-feedback-insiders-want-full-screen-expand-option-start-menu' target='_blank'>winbeta<\/a><\/div><\/p>\n","protected":false},"excerpt":{"rendered":"<p>Mit der Windows 10 Build 10122 hat Microsoft das Startmen\u00fc umgekrempelt. Man hat unter anderem rechts oben den kleinen Doppelpfeil entfernt, mit dem man bequem das Startmen\u00fc mal kurzzeitig auf Vollbild umswitchen konnte, damit man nicht ellenlang scrollen muss, um&hellip; <\/p>\n","protected":false},"author":134,"featured_media":45113,"comment_status":"open","ping_status":"open","sticky":false,"template":"","format":"standard","meta":{"jetpack_post_was_ever_published":false,"footnotes":"","jetpack_publicize_message":"","jetpack_publicize_feature_enabled":true,"jetpack_social_post_already_shared":false,"jetpack_social_options":{"image_generator_settings":{"template":"highway","default_image_id":0,"font":"","enabled":false},"version":2}},"categories":[2689],"tags":[126,8769,9751],"class_list":["post-45111","post","type-post","status-publish","format-standard","has-post-thumbnail","hentry","category-windows-10","tag-startmenu","tag-vollbildmodus","tag-windows-10"],"wp_featured_image":{"id":45113,"alt_text":"","description":"","media_type":"image","media_details":{"width":764,"height":528,"file":"2015\/05\/start-win-10.jpg","sizes":{"thumbnail":{"file":"start-win-10-250x180.jpg","width":250,"height":180,"mime-type":"image\/jpeg","source_url":"https:\/\/www.deskmodder.de\/blog\/wp-content\/uploads\/2015\/05\/start-win-10-250x180.jpg"},"medium":{"file":"start-win-10-500x360.jpg","width":500,"height":360,"mime-type":"image\/jpeg","source_url":"https:\/\/www.deskmodder.de\/blog\/wp-content\/uploads\/2015\/05\/start-win-10-500x360.jpg"},"large":{"file":"start-win-10-700x504.jpg","width":700,"height":504,"mime-type":"image\/jpeg","source_url":"https:\/\/www.deskmodder.de\/blog\/wp-content\/uploads\/2015\/05\/start-win-10-700x504.jpg"},"wp_rp_thumbnail":{"file":"start-win-10-150x150.jpg","width":150,"height":150,"mime-type":"image\/jpeg","source_url":"https:\/\/www.deskmodder.de\/blog\/wp-content\/uploads\/2015\/05\/start-win-10-150x150.jpg"}},"image_meta":{"aperture":0,"credit":"","camera":"","caption":"","created_timestamp":0,"copyright":"","focal_length":0,"iso":0,"shutter_speed":0,"title":"","orientation":0}},"post":45111,"source_url":"https:\/\/www.deskmodder.de\/blog\/wp-content\/uploads\/2015\/05\/start-win-10.jpg"},"commentcount":10,"wp_comments":[{"id":10907,"parent":0,"author":1525,"author_name":"&#087;&#105;&#110;&#100;&#111;&#119;&#115;&#032;&#056;&#032;&#085;&#115;&#101;&#114;","author_email":"windows-8-user@live.de","author_url":"","author_avatar_urls":{"24":"https:\/\/secure.gravatar.com\/avatar\/a1e9db99fdd71a9ae2c516203e3fcd390817fa98f868eb9ba6d4a77d1a815cd4?s=24&d=mm&r=g","48":"https:\/\/secure.gravatar.com\/avatar\/a1e9db99fdd71a9ae2c516203e3fcd390817fa98f868eb9ba6d4a77d1a815cd4?s=48&d=mm&r=g","96":"https:\/\/secure.gravatar.com\/avatar\/a1e9db99fdd71a9ae2c516203e3fcd390817fa98f868eb9ba6d4a77d1a815cd4?s=96&d=mm&r=g"},"date":"2015-05-27T18:48:33","cld_nonce":"5b064c4575","content":{"rendered":"<p>Ich finde die derzeitige L\u00f6sung besser. Was will man denn da immer umschalten?<\/p>\n"},"status":"1"},{"id":10908,"parent":0,"author":2315,"author_name":"&#077;&#097;&#116;&#122;&#101;&#095;&#095;&#095;","author_email":"nixdorf@congstar.de","author_url":"","author_avatar_urls":{"24":"https:\/\/secure.gravatar.com\/avatar\/7040fe85525a6de5569309e727d64881b936cbd6dae32b4adf094ff25ff15291?s=24&d=mm&r=g","48":"https:\/\/secure.gravatar.com\/avatar\/7040fe85525a6de5569309e727d64881b936cbd6dae32b4adf094ff25ff15291?s=48&d=mm&r=g","96":"https:\/\/secure.gravatar.com\/avatar\/7040fe85525a6de5569309e727d64881b936cbd6dae32b4adf094ff25ff15291?s=96&d=mm&r=g"},"date":"2015-05-27T18:59:17","cld_nonce":"5b064c4575","content":{"rendered":"<p>Moin Moin!<\/p>\n<p>Mein Startmen\u00fc:<br \/>\n<a href=\"http:\/\/picload.org\/thumbnail\/ioolddo\/startmenue.jpg\"  rel=\"lightbox[45111] nofollow ugc\">http:\/\/picload.org\/thumbnail\/ioolddo\/startmenue.jpg<\/a><\/p>\n<p>Daher die Antwort:<br \/>\nN\u00f6, das brauch ich nicht. <img src=\"https:\/\/www.deskmodder.de\/blog\/wp-content\/plugins\/classic-smilies\/img\/icon_smile.gif\" alt=\":)\" class=\"wp-smiley\" \/><\/p>\n<p>MfG<br \/>\nMatthias<\/p>\n"},"status":"1"},{"id":10909,"parent":0,"author":0,"author_name":"Daniel","author_email":"register@dpoetzsch.de","author_url":"","author_avatar_urls":{"24":"https:\/\/secure.gravatar.com\/avatar\/2c077ac5923cf337d417f891547e0c320425b7b5b466978424463903bcf02db3?s=24&d=mm&r=g","48":"https:\/\/secure.gravatar.com\/avatar\/2c077ac5923cf337d417f891547e0c320425b7b5b466978424463903bcf02db3?s=48&d=mm&r=g","96":"https:\/\/secure.gravatar.com\/avatar\/2c077ac5923cf337d417f891547e0c320425b7b5b466978424463903bcf02db3?s=96&d=mm&r=g"},"date":"2015-05-27T19:36:57","cld_nonce":"5b064c4575","content":{"rendered":"<p>Warum nicht einfach optional lassen und beide Seiten gl\u00fccklich machen? Versteh nicht, warum es immer nur ein Schwarz oder Wei\u00df gibt. Das gleiche gilt f\u00fcr Aero und vieles anderes.<\/p>\n"},"status":"1"},{"id":10910,"parent":0,"author":2177,"author_name":"&#068;&#101;&#114;&#032;&#080;&#117;&#114;&#105;&#116;&#097;&#110;&#101;&#114;","author_email":"der-puritaner@gmx.net","author_url":"","author_avatar_urls":{"24":"https:\/\/secure.gravatar.com\/avatar\/9d6937f93cc6173813be361c8e62fc8d6bdd38aec327224eb7bf45bfc3f61600?s=24&d=mm&r=g","48":"https:\/\/secure.gravatar.com\/avatar\/9d6937f93cc6173813be361c8e62fc8d6bdd38aec327224eb7bf45bfc3f61600?s=48&d=mm&r=g","96":"https:\/\/secure.gravatar.com\/avatar\/9d6937f93cc6173813be361c8e62fc8d6bdd38aec327224eb7bf45bfc3f61600?s=96&d=mm&r=g"},"date":"2015-05-27T19:40:54","cld_nonce":"5b064c4575","content":{"rendered":"<p>also ich bin f\u00fcr die Erweiterung mit dem Doppelpfeil f\u00fcr das Vollbildstartmen\u00fc auch wenn ich f\u00fcr ein klassisches Startmen\u00fc bin, man sollte die Wahl aber dem User \u00fcberlassen wie er sein Start Men\u00fc sehen m\u00f6chte und nicht wieder von Oben vorschreiben wie man es zu sehen hat.<br \/>\nDas ist so \u00e4hnlich wie der Hund in der Windows 2000 Suche, wer wollte den schon sehen.<br \/>\nHabe gerade was L\u00e4uten geh\u00f6rt das sich Microsoft am 1. Juni den Releasetermin f\u00fcr Windows 10 Bekanntgeben will. <a href=\"http:\/\/www.gulli.com\/news\/26065-windows-10-bekanntgabe-des-releasetermins-steht-bevor-2015-05-27\" rel=\"nofollow ugc\">http:\/\/www.gulli.com\/news\/26065-windows-10-bekanntgabe-des-releasetermins-steht-bevor-2015-05-27<\/a><\/p>\n"},"status":"1"},{"id":10912,"parent":0,"author":2413,"author_name":"&#088;&#068;&#097;&#110;&#105;&#056;&#057;","author_email":"daniel.maurukas@outlook.de","author_url":"","author_avatar_urls":{"24":"https:\/\/secure.gravatar.com\/avatar\/eb8d04d4d65caa08884a2747fb1daa9c8b98684f2e54e9c4ed55019bf1509092?s=24&d=mm&r=g","48":"https:\/\/secure.gravatar.com\/avatar\/eb8d04d4d65caa08884a2747fb1daa9c8b98684f2e54e9c4ed55019bf1509092?s=48&d=mm&r=g","96":"https:\/\/secure.gravatar.com\/avatar\/eb8d04d4d65caa08884a2747fb1daa9c8b98684f2e54e9c4ed55019bf1509092?s=96&d=mm&r=g"},"date":"2015-05-27T19:47:11","cld_nonce":"5b064c4575","content":{"rendered":"<p>Ich finde diese Schaltfl\u00e4che vor allem f\u00fcr die Anh\u00e4nger des Windows 8.1 Startbildschirms, die dennoch Windows 10 nutzen wollen, sinnvoll.<\/p>\n<p><i>geschrieben mit der <a href=\"http:\/\/www.windowsphone.com\/s?appid=6b779d90-6bcf-4965-89c0-1441a1e1a0e1\" >Deskmodder.de App<\/a><\/i><\/p>\n"},"status":"1"},{"id":10914,"parent":10910,"author":1525,"author_name":"&#087;&#105;&#110;&#100;&#111;&#119;&#115;&#032;&#056;&#032;&#085;&#115;&#101;&#114;","author_email":"windows-8-user@live.de","author_url":"","author_avatar_urls":{"24":"https:\/\/secure.gravatar.com\/avatar\/a1e9db99fdd71a9ae2c516203e3fcd390817fa98f868eb9ba6d4a77d1a815cd4?s=24&d=mm&r=g","48":"https:\/\/secure.gravatar.com\/avatar\/a1e9db99fdd71a9ae2c516203e3fcd390817fa98f868eb9ba6d4a77d1a815cd4?s=48&d=mm&r=g","96":"https:\/\/secure.gravatar.com\/avatar\/a1e9db99fdd71a9ae2c516203e3fcd390817fa98f868eb9ba6d4a77d1a815cd4?s=96&d=mm&r=g"},"date":"2015-05-27T19:53:42","cld_nonce":"5b064c4575","content":{"rendered":"<p>Das Vollbildstartmen\u00fc gibt es ja weiterhin. Die Einstellung daf\u00fcr ist halt jetzt in die PC-Einstellungen gewandert.<\/p>\n"},"status":"1"},{"id":10915,"parent":0,"author":0,"author_name":"G.O.Tuhls","author_email":"g.o.tuhls@gmail.com","author_url":"","author_avatar_urls":{"24":"https:\/\/secure.gravatar.com\/avatar\/112c2a421e3c396690f8d9a320bfd61de6da9b5900f1cb4a739376164be01269?s=24&d=mm&r=g","48":"https:\/\/secure.gravatar.com\/avatar\/112c2a421e3c396690f8d9a320bfd61de6da9b5900f1cb4a739376164be01269?s=48&d=mm&r=g","96":"https:\/\/secure.gravatar.com\/avatar\/112c2a421e3c396690f8d9a320bfd61de6da9b5900f1cb4a739376164be01269?s=96&d=mm&r=g"},"date":"2015-05-27T20:01:42","cld_nonce":"5b064c4575","content":{"rendered":"<p>Sinnvoller w\u00e4re, den Klick auf &#8222;Alle Apps&#8220; einzusparen und die Liste direkt scrollen zu lassen, wenn man in der linken Leiste des Startmen\u00fcs am Rad dreht.<\/p>\n<p>Gru\u00df<br \/>\nG.O.<\/p>\n"},"status":"1"},{"id":10917,"parent":10908,"author":0,"author_name":"Andreas","author_email":"kuhntandreas@googlemail.com","author_url":"","author_avatar_urls":{"24":"https:\/\/secure.gravatar.com\/avatar\/b202ef46fcc76b0961efd160f7bc139333fd1e9651d477abd570fab77c578868?s=24&d=mm&r=g","48":"https:\/\/secure.gravatar.com\/avatar\/b202ef46fcc76b0961efd160f7bc139333fd1e9651d477abd570fab77c578868?s=48&d=mm&r=g","96":"https:\/\/secure.gravatar.com\/avatar\/b202ef46fcc76b0961efd160f7bc139333fd1e9651d477abd570fab77c578868?s=96&d=mm&r=g"},"date":"2015-05-27T20:49:10","cld_nonce":"5b064c4575","content":{"rendered":"<p>Grausam. Der Aufgabe des Startmen\u00fcs, Programme zu starten, kann man damit nicht effizient nachkommen.<\/p>\n"},"status":"1"},{"id":10918,"parent":10912,"author":0,"author_name":"Andreas","author_email":"kuhntandreas@googlemail.com","author_url":"","author_avatar_urls":{"24":"https:\/\/secure.gravatar.com\/avatar\/b202ef46fcc76b0961efd160f7bc139333fd1e9651d477abd570fab77c578868?s=24&d=mm&r=g","48":"https:\/\/secure.gravatar.com\/avatar\/b202ef46fcc76b0961efd160f7bc139333fd1e9651d477abd570fab77c578868?s=48&d=mm&r=g","96":"https:\/\/secure.gravatar.com\/avatar\/b202ef46fcc76b0961efd160f7bc139333fd1e9651d477abd570fab77c578868?s=96&d=mm&r=g"},"date":"2015-05-27T20:57:57","cld_nonce":"5b064c4575","content":{"rendered":"<p>Das Vollbild-Startmen\u00fc gibt es unabh\u00e4ngig von dieser Schaltfl\u00e4che. Zur Zeit ist das \u00fcber einen Eintrag in den Einstellungen geregelt.<br \/>\nDas Vern\u00fcnftigste w\u00e4re es wohl, MS bietet eine Option in den Einstellungen, diesen Pfeilbutton einblenden zu lassen.<\/p>\n"},"status":"1"},{"id":10923,"parent":10915,"author":2177,"author_name":"&#068;&#101;&#114;&#032;&#080;&#117;&#114;&#105;&#116;&#097;&#110;&#101;&#114;","author_email":"der-puritaner@gmx.net","author_url":"","author_avatar_urls":{"24":"https:\/\/secure.gravatar.com\/avatar\/9d6937f93cc6173813be361c8e62fc8d6bdd38aec327224eb7bf45bfc3f61600?s=24&d=mm&r=g","48":"https:\/\/secure.gravatar.com\/avatar\/9d6937f93cc6173813be361c8e62fc8d6bdd38aec327224eb7bf45bfc3f61600?s=48&d=mm&r=g","96":"https:\/\/secure.gravatar.com\/avatar\/9d6937f93cc6173813be361c8e62fc8d6bdd38aec327224eb7bf45bfc3f61600?s=96&d=mm&r=g"},"date":"2015-05-28T10:48:32","cld_nonce":"5b064c4575","content":{"rendered":"<p>Ich verstehe nicht ganz was du meinst, aber du k\u00f6nntest ja alle apps auf dem Befindlichen PC einfach in die Rechte Kachelleiste  hinzuf\u00fcgen und kannst dann auch scollen.<\/p>\n"},"status":"1"}],"wp_author":{"id":134,"name":"moinmoin","description":"Ich bin nicht allwissend, was <a href=\"https:\/\/www.deskmodder.de\/wiki\/index.php?title=Kategorie:Windows_11\">Windows<\/a> angeht. Aber genau deshalb nehme ich Windows gerne auseinander und unter die Lupe, um all mein Wissen zu erweitern. <i>J\u00fcrgen<\/i>","author_avatar_urls":{"24":"https:\/\/secure.gravatar.com\/avatar\/fab96769102f8886245ab411df9a42a235be79261e4b44aa7ab2a555da8b86b4?s=24&d=mm&r=g","48":"https:\/\/secure.gravatar.com\/avatar\/fab96769102f8886245ab411df9a42a235be79261e4b44aa7ab2a555da8b86b4?s=48&d=mm&r=g","96":"https:\/\/secure.gravatar.com\/avatar\/fab96769102f8886245ab411df9a42a235be79261e4b44aa7ab2a555da8b86b4?s=96&d=mm&r=g"}},"cld_nonce":"5b064c4575","yoast_head":"<!-- This site is optimized with the Yoast SEO Premium plugin v27.5 (Yoast SEO v27.5) - https:\/\/yoast.com\/product\/yoast-seo-premium-wordpress\/ -->\n<title>Uservoice: Schaltfl\u00e4che zum Erweitern des Startmen\u00fcs soll zur\u00fcck...oder nicht? - Deskmodder.de<\/title>\n<meta name=\"robots\" content=\"index, follow, max-snippet:-1, max-image-preview:large, max-video-preview:-1\" \/>\n<link rel=\"canonical\" href=\"https:\/\/www.deskmodder.de\/blog\/2015\/05\/27\/uservoice-schaltflaeche-zum-erweitern-des-startmenues-soll-zurueck-oder-nicht\/\" \/>\n<meta property=\"og:locale\" content=\"de_DE\" \/>\n<meta property=\"og:type\" content=\"article\" \/>\n<meta property=\"og:title\" content=\"Uservoice: Schaltfl\u00e4che zum Erweitern des Startmen\u00fcs soll zur\u00fcck...oder nicht?\" \/>\n<meta property=\"og:description\" content=\"Mit der Windows 10 Build 10122 hat Microsoft das Startmen\u00fc umgekrempelt. Man hat unter anderem rechts oben den kleinen Doppelpfeil entfernt, mit dem man bequem das Startmen\u00fc mal kurzzeitig auf Vollbild umswitchen konnte, damit man nicht ellenlang scrollen muss, um&hellip;\" \/>\n<meta property=\"og:url\" content=\"https:\/\/www.deskmodder.de\/blog\/2015\/05\/27\/uservoice-schaltflaeche-zum-erweitern-des-startmenues-soll-zurueck-oder-nicht\/\" \/>\n<meta property=\"og:site_name\" content=\"Deskmodder.de\" \/>\n<meta property=\"article:publisher\" content=\"https:\/\/www.facebook.com\/Deskmodder\" \/>\n<meta property=\"article:published_time\" content=\"2015-05-27T16:34:49+00:00\" \/>\n<meta property=\"article:modified_time\" content=\"2015-05-27T17:22:40+00:00\" \/>\n<meta property=\"og:image\" content=\"https:\/\/www.deskmodder.de\/blog\/wp-content\/uploads\/2015\/05\/start-win-10.jpg\" \/>\n\t<meta property=\"og:image:width\" content=\"764\" \/>\n\t<meta property=\"og:image:height\" content=\"528\" \/>\n\t<meta property=\"og:image:type\" content=\"image\/jpeg\" \/>\n<meta name=\"author\" content=\"moinmoin\" \/>\n<meta name=\"twitter:card\" content=\"summary_large_image\" \/>\n<meta name=\"twitter:creator\" content=\"@Deskmodder\" \/>\n<meta name=\"twitter:site\" content=\"@Deskmodder\" \/>\n<script type=\"application\/ld+json\" class=\"yoast-schema-graph\">{\"@context\":\"https:\\\/\\\/schema.org\",\"@graph\":[{\"@type\":\"Article\",\"@id\":\"https:\\\/\\\/www.deskmodder.de\\\/blog\\\/2015\\\/05\\\/27\\\/uservoice-schaltflaeche-zum-erweitern-des-startmenues-soll-zurueck-oder-nicht\\\/#article\",\"isPartOf\":{\"@id\":\"https:\\\/\\\/www.deskmodder.de\\\/blog\\\/2015\\\/05\\\/27\\\/uservoice-schaltflaeche-zum-erweitern-des-startmenues-soll-zurueck-oder-nicht\\\/\"},\"author\":{\"name\":\"moinmoin\",\"@id\":\"https:\\\/\\\/www.deskmodder.de\\\/blog\\\/#\\\/schema\\\/person\\\/a40b17a9503c4a1568ac4073bb54182a\"},\"headline\":\"Uservoice: Schaltfl\u00e4che zum Erweitern des Startmen\u00fcs soll zur\u00fcck&#8230;oder nicht?\",\"datePublished\":\"2015-05-27T16:34:49+00:00\",\"dateModified\":\"2015-05-27T17:22:40+00:00\",\"mainEntityOfPage\":{\"@id\":\"https:\\\/\\\/www.deskmodder.de\\\/blog\\\/2015\\\/05\\\/27\\\/uservoice-schaltflaeche-zum-erweitern-des-startmenues-soll-zurueck-oder-nicht\\\/\"},\"wordCount\":212,\"commentCount\":10,\"publisher\":{\"@id\":\"https:\\\/\\\/www.deskmodder.de\\\/blog\\\/#organization\"},\"image\":{\"@id\":\"https:\\\/\\\/www.deskmodder.de\\\/blog\\\/2015\\\/05\\\/27\\\/uservoice-schaltflaeche-zum-erweitern-des-startmenues-soll-zurueck-oder-nicht\\\/#primaryimage\"},\"thumbnailUrl\":\"https:\\\/\\\/www.deskmodder.de\\\/blog\\\/wp-content\\\/uploads\\\/2015\\\/05\\\/start-win-10.jpg\",\"keywords\":[\"Startmen\u00fc\",\"Vollbildmodus\",\"Windows 10\"],\"articleSection\":[\"Windows 10\"],\"inLanguage\":\"de\",\"potentialAction\":[{\"@type\":\"CommentAction\",\"name\":\"Comment\",\"target\":[\"https:\\\/\\\/www.deskmodder.de\\\/blog\\\/2015\\\/05\\\/27\\\/uservoice-schaltflaeche-zum-erweitern-des-startmenues-soll-zurueck-oder-nicht\\\/#respond\"]}],\"copyrightYear\":\"2015\",\"copyrightHolder\":{\"@id\":\"https:\\\/\\\/www.deskmodder.de\\\/blog\\\/#organization\"}},{\"@type\":\"WebPage\",\"@id\":\"https:\\\/\\\/www.deskmodder.de\\\/blog\\\/2015\\\/05\\\/27\\\/uservoice-schaltflaeche-zum-erweitern-des-startmenues-soll-zurueck-oder-nicht\\\/\",\"url\":\"https:\\\/\\\/www.deskmodder.de\\\/blog\\\/2015\\\/05\\\/27\\\/uservoice-schaltflaeche-zum-erweitern-des-startmenues-soll-zurueck-oder-nicht\\\/\",\"name\":\"Uservoice: Schaltfl\u00e4che zum Erweitern des Startmen\u00fcs soll zur\u00fcck...oder nicht? - Deskmodder.de\",\"isPartOf\":{\"@id\":\"https:\\\/\\\/www.deskmodder.de\\\/blog\\\/#website\"},\"primaryImageOfPage\":{\"@id\":\"https:\\\/\\\/www.deskmodder.de\\\/blog\\\/2015\\\/05\\\/27\\\/uservoice-schaltflaeche-zum-erweitern-des-startmenues-soll-zurueck-oder-nicht\\\/#primaryimage\"},\"image\":{\"@id\":\"https:\\\/\\\/www.deskmodder.de\\\/blog\\\/2015\\\/05\\\/27\\\/uservoice-schaltflaeche-zum-erweitern-des-startmenues-soll-zurueck-oder-nicht\\\/#primaryimage\"},\"thumbnailUrl\":\"https:\\\/\\\/www.deskmodder.de\\\/blog\\\/wp-content\\\/uploads\\\/2015\\\/05\\\/start-win-10.jpg\",\"datePublished\":\"2015-05-27T16:34:49+00:00\",\"dateModified\":\"2015-05-27T17:22:40+00:00\",\"breadcrumb\":{\"@id\":\"https:\\\/\\\/www.deskmodder.de\\\/blog\\\/2015\\\/05\\\/27\\\/uservoice-schaltflaeche-zum-erweitern-des-startmenues-soll-zurueck-oder-nicht\\\/#breadcrumb\"},\"inLanguage\":\"de\",\"potentialAction\":[{\"@type\":\"ReadAction\",\"target\":[\"https:\\\/\\\/www.deskmodder.de\\\/blog\\\/2015\\\/05\\\/27\\\/uservoice-schaltflaeche-zum-erweitern-des-startmenues-soll-zurueck-oder-nicht\\\/\"]}]},{\"@type\":\"ImageObject\",\"inLanguage\":\"de\",\"@id\":\"https:\\\/\\\/www.deskmodder.de\\\/blog\\\/2015\\\/05\\\/27\\\/uservoice-schaltflaeche-zum-erweitern-des-startmenues-soll-zurueck-oder-nicht\\\/#primaryimage\",\"url\":\"https:\\\/\\\/www.deskmodder.de\\\/blog\\\/wp-content\\\/uploads\\\/2015\\\/05\\\/start-win-10.jpg\",\"contentUrl\":\"https:\\\/\\\/www.deskmodder.de\\\/blog\\\/wp-content\\\/uploads\\\/2015\\\/05\\\/start-win-10.jpg\",\"width\":764,\"height\":528},{\"@type\":\"BreadcrumbList\",\"@id\":\"https:\\\/\\\/www.deskmodder.de\\\/blog\\\/2015\\\/05\\\/27\\\/uservoice-schaltflaeche-zum-erweitern-des-startmenues-soll-zurueck-oder-nicht\\\/#breadcrumb\",\"itemListElement\":[{\"@type\":\"ListItem\",\"position\":1,\"name\":\"Startseite\",\"item\":\"https:\\\/\\\/www.deskmodder.de\\\/blog\\\/\"},{\"@type\":\"ListItem\",\"position\":2,\"name\":\"Uservoice: Schaltfl\u00e4che zum Erweitern des Startmen\u00fcs soll zur\u00fcck&#8230;oder nicht?\"}]},{\"@type\":\"WebSite\",\"@id\":\"https:\\\/\\\/www.deskmodder.de\\\/blog\\\/#website\",\"url\":\"https:\\\/\\\/www.deskmodder.de\\\/blog\\\/\",\"name\":\"Deskmodder.de\",\"description\":\"News zum Thema Microsoft, Windows 11 \\\/ 10, sowie anderen Neuigkeiten aus dem Netz, viele Tipps und individuelle Hilfe bei Problemen in unserem Forum \u25cf Deskmodder - seit 2003\",\"publisher\":{\"@id\":\"https:\\\/\\\/www.deskmodder.de\\\/blog\\\/#organization\"},\"potentialAction\":[{\"@type\":\"SearchAction\",\"target\":{\"@type\":\"EntryPoint\",\"urlTemplate\":\"https:\\\/\\\/www.deskmodder.de\\\/blog\\\/?s={search_term_string}\"},\"query-input\":{\"@type\":\"PropertyValueSpecification\",\"valueRequired\":true,\"valueName\":\"search_term_string\"}}],\"inLanguage\":\"de\"},{\"@type\":\"Organization\",\"@id\":\"https:\\\/\\\/www.deskmodder.de\\\/blog\\\/#organization\",\"name\":\"Deskmodder\",\"url\":\"https:\\\/\\\/www.deskmodder.de\\\/blog\\\/\",\"logo\":{\"@type\":\"ImageObject\",\"inLanguage\":\"de\",\"@id\":\"https:\\\/\\\/www.deskmodder.de\\\/blog\\\/#\\\/schema\\\/logo\\\/image\\\/\",\"url\":\"https:\\\/\\\/www.deskmodder.de\\\/blog\\\/wp-content\\\/uploads\\\/2019\\\/01\\\/deskmodder-logo-app.png\",\"contentUrl\":\"https:\\\/\\\/www.deskmodder.de\\\/blog\\\/wp-content\\\/uploads\\\/2019\\\/01\\\/deskmodder-logo-app.png\",\"width\":281,\"height\":286,\"caption\":\"Deskmodder\"},\"image\":{\"@id\":\"https:\\\/\\\/www.deskmodder.de\\\/blog\\\/#\\\/schema\\\/logo\\\/image\\\/\"},\"sameAs\":[\"https:\\\/\\\/www.facebook.com\\\/Deskmodder\",\"https:\\\/\\\/x.com\\\/Deskmodder\",\"https:\\\/\\\/mastodontech.de\\\/@Deskmodder\",\"https:\\\/\\\/www.youtube.com\\\/user\\\/deskmodder\",\"https:\\\/\\\/mewe.com\\\/group\\\/5c83b5231add826fc80cdae1\"]},{\"@type\":\"Person\",\"@id\":\"https:\\\/\\\/www.deskmodder.de\\\/blog\\\/#\\\/schema\\\/person\\\/a40b17a9503c4a1568ac4073bb54182a\",\"name\":\"moinmoin\",\"image\":{\"@type\":\"ImageObject\",\"inLanguage\":\"de\",\"@id\":\"https:\\\/\\\/secure.gravatar.com\\\/avatar\\\/fab96769102f8886245ab411df9a42a235be79261e4b44aa7ab2a555da8b86b4?s=96&d=mm&r=g\",\"url\":\"https:\\\/\\\/secure.gravatar.com\\\/avatar\\\/fab96769102f8886245ab411df9a42a235be79261e4b44aa7ab2a555da8b86b4?s=96&d=mm&r=g\",\"contentUrl\":\"https:\\\/\\\/secure.gravatar.com\\\/avatar\\\/fab96769102f8886245ab411df9a42a235be79261e4b44aa7ab2a555da8b86b4?s=96&d=mm&r=g\",\"caption\":\"moinmoin\"},\"description\":\"Ich bin nicht allwissend, was Windows angeht. Aber genau deshalb nehme ich Windows gerne auseinander und unter die Lupe, um all mein Wissen zu erweitern. J\u00fcrgen\",\"url\":\"https:\\\/\\\/www.deskmodder.de\\\/blog\\\/author\\\/moinmoin\\\/\"}]}<\/script>\n<!-- \/ Yoast SEO Premium plugin. -->","yoast_head_json":{"title":"Uservoice: Schaltfl\u00e4che zum Erweitern des Startmen\u00fcs soll zur\u00fcck...oder nicht? - Deskmodder.de","robots":{"index":"index","follow":"follow","max-snippet":"max-snippet:-1","max-image-preview":"max-image-preview:large","max-video-preview":"max-video-preview:-1"},"canonical":"https:\/\/www.deskmodder.de\/blog\/2015\/05\/27\/uservoice-schaltflaeche-zum-erweitern-des-startmenues-soll-zurueck-oder-nicht\/","og_locale":"de_DE","og_type":"article","og_title":"Uservoice: Schaltfl\u00e4che zum Erweitern des Startmen\u00fcs soll zur\u00fcck...oder nicht?","og_description":"Mit der Windows 10 Build 10122 hat Microsoft das Startmen\u00fc umgekrempelt. Man hat unter anderem rechts oben den kleinen Doppelpfeil entfernt, mit dem man bequem das Startmen\u00fc mal kurzzeitig auf Vollbild umswitchen konnte, damit man nicht ellenlang scrollen muss, um&hellip;","og_url":"https:\/\/www.deskmodder.de\/blog\/2015\/05\/27\/uservoice-schaltflaeche-zum-erweitern-des-startmenues-soll-zurueck-oder-nicht\/","og_site_name":"Deskmodder.de","article_publisher":"https:\/\/www.facebook.com\/Deskmodder","article_published_time":"2015-05-27T16:34:49+00:00","article_modified_time":"2015-05-27T17:22:40+00:00","og_image":[{"width":764,"height":528,"url":"https:\/\/www.deskmodder.de\/blog\/wp-content\/uploads\/2015\/05\/start-win-10.jpg","type":"image\/jpeg"}],"author":"moinmoin","twitter_card":"summary_large_image","twitter_creator":"@Deskmodder","twitter_site":"@Deskmodder","schema":{"@context":"https:\/\/schema.org","@graph":[{"@type":"Article","@id":"https:\/\/www.deskmodder.de\/blog\/2015\/05\/27\/uservoice-schaltflaeche-zum-erweitern-des-startmenues-soll-zurueck-oder-nicht\/#article","isPartOf":{"@id":"https:\/\/www.deskmodder.de\/blog\/2015\/05\/27\/uservoice-schaltflaeche-zum-erweitern-des-startmenues-soll-zurueck-oder-nicht\/"},"author":{"name":"moinmoin","@id":"https:\/\/www.deskmodder.de\/blog\/#\/schema\/person\/a40b17a9503c4a1568ac4073bb54182a"},"headline":"Uservoice: Schaltfl\u00e4che zum Erweitern des Startmen\u00fcs soll zur\u00fcck&#8230;oder nicht?","datePublished":"2015-05-27T16:34:49+00:00","dateModified":"2015-05-27T17:22:40+00:00","mainEntityOfPage":{"@id":"https:\/\/www.deskmodder.de\/blog\/2015\/05\/27\/uservoice-schaltflaeche-zum-erweitern-des-startmenues-soll-zurueck-oder-nicht\/"},"wordCount":212,"commentCount":10,"publisher":{"@id":"https:\/\/www.deskmodder.de\/blog\/#organization"},"image":{"@id":"https:\/\/www.deskmodder.de\/blog\/2015\/05\/27\/uservoice-schaltflaeche-zum-erweitern-des-startmenues-soll-zurueck-oder-nicht\/#primaryimage"},"thumbnailUrl":"https:\/\/www.deskmodder.de\/blog\/wp-content\/uploads\/2015\/05\/start-win-10.jpg","keywords":["Startmen\u00fc","Vollbildmodus","Windows 10"],"articleSection":["Windows 10"],"inLanguage":"de","potentialAction":[{"@type":"CommentAction","name":"Comment","target":["https:\/\/www.deskmodder.de\/blog\/2015\/05\/27\/uservoice-schaltflaeche-zum-erweitern-des-startmenues-soll-zurueck-oder-nicht\/#respond"]}],"copyrightYear":"2015","copyrightHolder":{"@id":"https:\/\/www.deskmodder.de\/blog\/#organization"}},{"@type":"WebPage","@id":"https:\/\/www.deskmodder.de\/blog\/2015\/05\/27\/uservoice-schaltflaeche-zum-erweitern-des-startmenues-soll-zurueck-oder-nicht\/","url":"https:\/\/www.deskmodder.de\/blog\/2015\/05\/27\/uservoice-schaltflaeche-zum-erweitern-des-startmenues-soll-zurueck-oder-nicht\/","name":"Uservoice: Schaltfl\u00e4che zum Erweitern des Startmen\u00fcs soll zur\u00fcck...oder nicht? - Deskmodder.de","isPartOf":{"@id":"https:\/\/www.deskmodder.de\/blog\/#website"},"primaryImageOfPage":{"@id":"https:\/\/www.deskmodder.de\/blog\/2015\/05\/27\/uservoice-schaltflaeche-zum-erweitern-des-startmenues-soll-zurueck-oder-nicht\/#primaryimage"},"image":{"@id":"https:\/\/www.deskmodder.de\/blog\/2015\/05\/27\/uservoice-schaltflaeche-zum-erweitern-des-startmenues-soll-zurueck-oder-nicht\/#primaryimage"},"thumbnailUrl":"https:\/\/www.deskmodder.de\/blog\/wp-content\/uploads\/2015\/05\/start-win-10.jpg","datePublished":"2015-05-27T16:34:49+00:00","dateModified":"2015-05-27T17:22:40+00:00","breadcrumb":{"@id":"https:\/\/www.deskmodder.de\/blog\/2015\/05\/27\/uservoice-schaltflaeche-zum-erweitern-des-startmenues-soll-zurueck-oder-nicht\/#breadcrumb"},"inLanguage":"de","potentialAction":[{"@type":"ReadAction","target":["https:\/\/www.deskmodder.de\/blog\/2015\/05\/27\/uservoice-schaltflaeche-zum-erweitern-des-startmenues-soll-zurueck-oder-nicht\/"]}]},{"@type":"ImageObject","inLanguage":"de","@id":"https:\/\/www.deskmodder.de\/blog\/2015\/05\/27\/uservoice-schaltflaeche-zum-erweitern-des-startmenues-soll-zurueck-oder-nicht\/#primaryimage","url":"https:\/\/www.deskmodder.de\/blog\/wp-content\/uploads\/2015\/05\/start-win-10.jpg","contentUrl":"https:\/\/www.deskmodder.de\/blog\/wp-content\/uploads\/2015\/05\/start-win-10.jpg","width":764,"height":528},{"@type":"BreadcrumbList","@id":"https:\/\/www.deskmodder.de\/blog\/2015\/05\/27\/uservoice-schaltflaeche-zum-erweitern-des-startmenues-soll-zurueck-oder-nicht\/#breadcrumb","itemListElement":[{"@type":"ListItem","position":1,"name":"Startseite","item":"https:\/\/www.deskmodder.de\/blog\/"},{"@type":"ListItem","position":2,"name":"Uservoice: Schaltfl\u00e4che zum Erweitern des Startmen\u00fcs soll zur\u00fcck&#8230;oder nicht?"}]},{"@type":"WebSite","@id":"https:\/\/www.deskmodder.de\/blog\/#website","url":"https:\/\/www.deskmodder.de\/blog\/","name":"Deskmodder.de","description":"News zum Thema Microsoft, Windows 11 \/ 10, sowie anderen Neuigkeiten aus dem Netz, viele Tipps und individuelle Hilfe bei Problemen in unserem Forum \u25cf Deskmodder - seit 2003","publisher":{"@id":"https:\/\/www.deskmodder.de\/blog\/#organization"},"potentialAction":[{"@type":"SearchAction","target":{"@type":"EntryPoint","urlTemplate":"https:\/\/www.deskmodder.de\/blog\/?s={search_term_string}"},"query-input":{"@type":"PropertyValueSpecification","valueRequired":true,"valueName":"search_term_string"}}],"inLanguage":"de"},{"@type":"Organization","@id":"https:\/\/www.deskmodder.de\/blog\/#organization","name":"Deskmodder","url":"https:\/\/www.deskmodder.de\/blog\/","logo":{"@type":"ImageObject","inLanguage":"de","@id":"https:\/\/www.deskmodder.de\/blog\/#\/schema\/logo\/image\/","url":"https:\/\/www.deskmodder.de\/blog\/wp-content\/uploads\/2019\/01\/deskmodder-logo-app.png","contentUrl":"https:\/\/www.deskmodder.de\/blog\/wp-content\/uploads\/2019\/01\/deskmodder-logo-app.png","width":281,"height":286,"caption":"Deskmodder"},"image":{"@id":"https:\/\/www.deskmodder.de\/blog\/#\/schema\/logo\/image\/"},"sameAs":["https:\/\/www.facebook.com\/Deskmodder","https:\/\/x.com\/Deskmodder","https:\/\/mastodontech.de\/@Deskmodder","https:\/\/www.youtube.com\/user\/deskmodder","https:\/\/mewe.com\/group\/5c83b5231add826fc80cdae1"]},{"@type":"Person","@id":"https:\/\/www.deskmodder.de\/blog\/#\/schema\/person\/a40b17a9503c4a1568ac4073bb54182a","name":"moinmoin","image":{"@type":"ImageObject","inLanguage":"de","@id":"https:\/\/secure.gravatar.com\/avatar\/fab96769102f8886245ab411df9a42a235be79261e4b44aa7ab2a555da8b86b4?s=96&d=mm&r=g","url":"https:\/\/secure.gravatar.com\/avatar\/fab96769102f8886245ab411df9a42a235be79261e4b44aa7ab2a555da8b86b4?s=96&d=mm&r=g","contentUrl":"https:\/\/secure.gravatar.com\/avatar\/fab96769102f8886245ab411df9a42a235be79261e4b44aa7ab2a555da8b86b4?s=96&d=mm&r=g","caption":"moinmoin"},"description":"Ich bin nicht allwissend, was Windows angeht. Aber genau deshalb nehme ich Windows gerne auseinander und unter die Lupe, um all mein Wissen zu erweitern. J\u00fcrgen","url":"https:\/\/www.deskmodder.de\/blog\/author\/moinmoin\/"}]}},"jetpack_publicize_connections":[],"jetpack_featured_media_url":"https:\/\/www.deskmodder.de\/blog\/wp-content\/uploads\/2015\/05\/start-win-10.jpg","_links":{"self":[{"href":"https:\/\/www.deskmodder.de\/blog\/wp-json\/wp\/v2\/posts\/45111","targetHints":{"allow":["GET"]}}],"collection":[{"href":"https:\/\/www.deskmodder.de\/blog\/wp-json\/wp\/v2\/posts"}],"about":[{"href":"https:\/\/www.deskmodder.de\/blog\/wp-json\/wp\/v2\/types\/post"}],"author":[{"embeddable":true,"href":"https:\/\/www.deskmodder.de\/blog\/wp-json\/wp\/v2\/users\/134"}],"replies":[{"embeddable":true,"href":"https:\/\/www.deskmodder.de\/blog\/wp-json\/wp\/v2\/comments?post=45111"}],"version-history":[{"count":0,"href":"https:\/\/www.deskmodder.de\/blog\/wp-json\/wp\/v2\/posts\/45111\/revisions"}],"wp:featuredmedia":[{"embeddable":true,"href":"https:\/\/www.deskmodder.de\/blog\/wp-json\/wp\/v2\/media\/45113"}],"wp:attachment":[{"href":"https:\/\/www.deskmodder.de\/blog\/wp-json\/wp\/v2\/media?parent=45111"}],"wp:term":[{"taxonomy":"category","embeddable":true,"href":"https:\/\/www.deskmodder.de\/blog\/wp-json\/wp\/v2\/categories?post=45111"},{"taxonomy":"post_tag","embeddable":true,"href":"https:\/\/www.deskmodder.de\/blog\/wp-json\/wp\/v2\/tags?post=45111"}],"curies":[{"name":"wp","href":"https:\/\/api.w.org\/{rel}","templated":true}]}}