{"id":40588,"date":"2015-03-18T09:19:47","date_gmt":"2015-03-18T08:19:47","guid":{"rendered":"http:\/\/www.deskmodder.de\/blog\/?p=40588"},"modified":"2015-03-18T09:24:07","modified_gmt":"2015-03-18T08:24:07","slug":"microsoft-legt-die-veroeffentlichung-von-windows-10-nun-oeffentlich-auf-den-sommer","status":"publish","type":"post","link":"https:\/\/www.deskmodder.de\/blog\/2015\/03\/18\/microsoft-legt-die-veroeffentlichung-von-windows-10-nun-oeffentlich-auf-den-sommer\/","title":{"rendered":"Microsoft legt die Ver\u00f6ffentlichung von Windows 10 nun offiziell auf den Sommer"},"content":{"rendered":"<p><a href=\"http:\/\/www.deskmodder.de\/blog\/wp-content\/uploads\/2015\/01\/windows-10-logo.jpg\" rel=\"lightbox[40588]\"><img loading=\"lazy\" decoding=\"async\" class=\"alignleft size-medium wp-image-37202\" src=\"http:\/\/www.deskmodder.de\/blog\/wp-content\/uploads\/2015\/01\/windows-10-logo-150x77.jpg\" alt=\"windows-10-logo\" width=\"150\" height=\"77\" srcset=\"https:\/\/www.deskmodder.de\/blog\/wp-content\/uploads\/2015\/01\/windows-10-logo-150x77.jpg 150w, https:\/\/www.deskmodder.de\/blog\/wp-content\/uploads\/2015\/01\/windows-10-logo-500x257.jpg 500w, https:\/\/www.deskmodder.de\/blog\/wp-content\/uploads\/2015\/01\/windows-10-logo.jpg 939w\" sizes=\"auto, (max-width: 150px) 100vw, 150px\" \/><\/a>Bisher wurde ja immer gesagt, dass Windows 10 im Herbst kommen wird. So wie auch bei den anderen Versionen vor Windows 10. Dann wurde aber spekuliert, dass Microsoft dem Druck der Hersteller von PCs und Laptops nachgeben will und Windows 10 schon im Sommer ver\u00f6ffentlichen.<\/p>\n<p>Und nun ist dies auch offiziell. Windows 10 wird im Sommer in 190 L\u00e4ndern und in 111 Sprachen erscheinen.<!--more--><\/p>\n<p>Die Hersteller wird es freuen, denn so k\u00f6nnen sie noch den Schulbeginn abgreifen, wenn die Kids mit neuen PCs\/ Laptops oder Tablets ausgestattet werden. Da kommt das Bild auf <a href=\"https:\/\/www.facebook.com\/Deskmodder\/photos\/pb.219186761437558.-2207520000.1426666506.\/879803148709246\/?type=1&amp;theater\" target=\"_blank\">Facebook<\/a> doch genau richtig.<\/p>\n<p>Ansonsten ging es im <a href=\"http:\/\/blogs.windows.com\/bloggingwindows\/2015\/03\/17\/windows-10-launching-this-summer-in-190-countries-and-111-languages\/\" target=\"_blank\">Blogbeitrag<\/a> von Microsoft nur um Hardware und die Unterst\u00fctzung der Hersteller.<\/p>\n<p>Aber einen Kommentar unter dem Beitrag will ich euch nicht vorenthalten:<\/p>\n<p>[stextbox id=&#8220;zitat&#8220;]<\/p>\n<p><em> I miss the Windows Vista BSoD so much. Can you add those features to Windows 10?<\/em><\/p>\n<p>[\/stextbox]<\/p>\n","protected":false},"excerpt":{"rendered":"<p>Bisher wurde ja immer gesagt, dass Windows 10 im Herbst kommen wird. So wie auch bei den anderen Versionen vor Windows 10. Dann wurde aber spekuliert, dass Microsoft dem Druck der Hersteller von PCs und Laptops nachgeben will und Windows&hellip; <\/p>\n","protected":false},"author":134,"featured_media":0,"comment_status":"open","ping_status":"open","sticky":false,"template":"","format":"standard","meta":{"jetpack_post_was_ever_published":false,"footnotes":"","jetpack_publicize_message":"","jetpack_publicize_feature_enabled":true,"jetpack_social_post_already_shared":true,"jetpack_social_options":{"image_generator_settings":{"template":"highway","default_image_id":0,"font":"","enabled":false},"version":2}},"categories":[2689],"tags":[8187,8186,9751],"class_list":["post-40588","post","type-post","status-publish","format-standard","hentry","category-windows-10","tag-sommer-2015","tag-starttermin","tag-windows-10"],"wp_featured_image":null,"commentcount":1,"wp_comments":[{"id":9662,"parent":0,"author":0,"author_name":"Herr Hugo","author_email":"hugohilter@t-online.de","author_url":"http:\/\/aurum2rivi.wordpress.com\/","author_avatar_urls":{"24":"https:\/\/secure.gravatar.com\/avatar\/dc5176746c873787fa3f8df5f9bdfbd2f7688721f771100eb4d7b4e82e2d655b?s=24&d=mm&r=g","48":"https:\/\/secure.gravatar.com\/avatar\/dc5176746c873787fa3f8df5f9bdfbd2f7688721f771100eb4d7b4e82e2d655b?s=48&d=mm&r=g","96":"https:\/\/secure.gravatar.com\/avatar\/dc5176746c873787fa3f8df5f9bdfbd2f7688721f771100eb4d7b4e82e2d655b?s=96&d=mm&r=g"},"date":"2015-03-18T10:32:54","cld_nonce":"015d9540d6","content":{"rendered":"<p>Der Sommer 2015 geht bis genau:<\/p>\n<p>23.09.2015 um 10:19 Uhr MESZ &#8211; weil:<\/p>\n<p>23.09.2015 um 10:20 Uhr MESZ ist Herbstanfang.<\/p>\n<p>Kid Herr Hugo wird aber nicht &#8222;ausgestattet&#8220; werden, er nimmt nuuur Win10. Bez\u00fcglich Hardware mu\u00df ich mir ja nun keine Gedanken machen &#8211; selbst mein schw\u00e4chstes Teil \u00fcbererf\u00fcllt die lockerst.<\/p>\n<p>Allerdings hat das nat\u00fcrlich noch kein &#8222;UEFI, Secure Boot enabled&#8220; wie auf dem Screenshot bei euch zu sehen. Aber ich sch\u00e4tze, Win10 wird sich auch mit BIOS installieren lassen. Sonst w\u00fcrde MS ja alle die vielen, die noch Rechner mit BIOS haben, au\u00dfen vor lassen.<\/p>\n"},"status":"1"}],"wp_author":{"id":134,"name":"moinmoin","description":"Ich bin nicht allwissend, was <a href=\"https:\/\/www.deskmodder.de\/wiki\/index.php?title=Kategorie:Windows_11\">Windows<\/a> angeht. Aber genau deshalb nehme ich Windows gerne auseinander und unter die Lupe, um all mein Wissen zu erweitern. <i>J\u00fcrgen<\/i>","author_avatar_urls":{"24":"https:\/\/secure.gravatar.com\/avatar\/fab96769102f8886245ab411df9a42a235be79261e4b44aa7ab2a555da8b86b4?s=24&d=mm&r=g","48":"https:\/\/secure.gravatar.com\/avatar\/fab96769102f8886245ab411df9a42a235be79261e4b44aa7ab2a555da8b86b4?s=48&d=mm&r=g","96":"https:\/\/secure.gravatar.com\/avatar\/fab96769102f8886245ab411df9a42a235be79261e4b44aa7ab2a555da8b86b4?s=96&d=mm&r=g"}},"cld_nonce":"015d9540d6","yoast_head":"<!-- This site is optimized with the Yoast SEO Premium plugin v27.5 (Yoast SEO v27.5) - https:\/\/yoast.com\/product\/yoast-seo-premium-wordpress\/ -->\n<title>Microsoft legt die Ver\u00f6ffentlichung von Windows 10 nun offiziell auf den Sommer - Deskmodder.de<\/title>\n<meta name=\"robots\" content=\"index, follow, max-snippet:-1, max-image-preview:large, max-video-preview:-1\" \/>\n<link rel=\"canonical\" href=\"https:\/\/www.deskmodder.de\/blog\/2015\/03\/18\/microsoft-legt-die-veroeffentlichung-von-windows-10-nun-oeffentlich-auf-den-sommer\/\" \/>\n<meta property=\"og:locale\" content=\"de_DE\" \/>\n<meta property=\"og:type\" content=\"article\" \/>\n<meta property=\"og:title\" content=\"Microsoft legt die Ver\u00f6ffentlichung von Windows 10 nun offiziell auf den Sommer\" \/>\n<meta property=\"og:description\" content=\"Bisher wurde ja immer gesagt, dass Windows 10 im Herbst kommen wird. So wie auch bei den anderen Versionen vor Windows 10. Dann wurde aber spekuliert, dass Microsoft dem Druck der Hersteller von PCs und Laptops nachgeben will und Windows&hellip;\" \/>\n<meta property=\"og:url\" content=\"https:\/\/www.deskmodder.de\/blog\/2015\/03\/18\/microsoft-legt-die-veroeffentlichung-von-windows-10-nun-oeffentlich-auf-den-sommer\/\" \/>\n<meta property=\"og:site_name\" content=\"Deskmodder.de\" \/>\n<meta property=\"article:publisher\" content=\"https:\/\/www.facebook.com\/Deskmodder\" \/>\n<meta property=\"article:published_time\" content=\"2015-03-18T08:19:47+00:00\" \/>\n<meta property=\"article:modified_time\" content=\"2015-03-18T08:24:07+00:00\" \/>\n<meta property=\"og:image\" content=\"http:\/\/www.deskmodder.de\/blog\/wp-content\/uploads\/2015\/01\/windows-10-logo-150x77.jpg\" \/>\n<meta name=\"author\" content=\"moinmoin\" \/>\n<meta name=\"twitter:card\" content=\"summary_large_image\" \/>\n<meta name=\"twitter:creator\" content=\"@Deskmodder\" \/>\n<meta name=\"twitter:site\" content=\"@Deskmodder\" \/>\n<script type=\"application\/ld+json\" class=\"yoast-schema-graph\">{\"@context\":\"https:\\\/\\\/schema.org\",\"@graph\":[{\"@type\":\"Article\",\"@id\":\"https:\\\/\\\/www.deskmodder.de\\\/blog\\\/2015\\\/03\\\/18\\\/microsoft-legt-die-veroeffentlichung-von-windows-10-nun-oeffentlich-auf-den-sommer\\\/#article\",\"isPartOf\":{\"@id\":\"https:\\\/\\\/www.deskmodder.de\\\/blog\\\/2015\\\/03\\\/18\\\/microsoft-legt-die-veroeffentlichung-von-windows-10-nun-oeffentlich-auf-den-sommer\\\/\"},\"author\":{\"name\":\"moinmoin\",\"@id\":\"https:\\\/\\\/www.deskmodder.de\\\/blog\\\/#\\\/schema\\\/person\\\/a40b17a9503c4a1568ac4073bb54182a\"},\"headline\":\"Microsoft legt die Ver\u00f6ffentlichung von Windows 10 nun offiziell auf den Sommer\",\"datePublished\":\"2015-03-18T08:19:47+00:00\",\"dateModified\":\"2015-03-18T08:24:07+00:00\",\"mainEntityOfPage\":{\"@id\":\"https:\\\/\\\/www.deskmodder.de\\\/blog\\\/2015\\\/03\\\/18\\\/microsoft-legt-die-veroeffentlichung-von-windows-10-nun-oeffentlich-auf-den-sommer\\\/\"},\"wordCount\":152,\"commentCount\":1,\"publisher\":{\"@id\":\"https:\\\/\\\/www.deskmodder.de\\\/blog\\\/#organization\"},\"image\":{\"@id\":\"https:\\\/\\\/www.deskmodder.de\\\/blog\\\/2015\\\/03\\\/18\\\/microsoft-legt-die-veroeffentlichung-von-windows-10-nun-oeffentlich-auf-den-sommer\\\/#primaryimage\"},\"thumbnailUrl\":\"http:\\\/\\\/www.deskmodder.de\\\/blog\\\/wp-content\\\/uploads\\\/2015\\\/01\\\/windows-10-logo-150x77.jpg\",\"keywords\":[\"Sommer 2015\",\"Starttermin\",\"Windows 10\"],\"articleSection\":[\"Windows 10\"],\"inLanguage\":\"de\",\"potentialAction\":[{\"@type\":\"CommentAction\",\"name\":\"Comment\",\"target\":[\"https:\\\/\\\/www.deskmodder.de\\\/blog\\\/2015\\\/03\\\/18\\\/microsoft-legt-die-veroeffentlichung-von-windows-10-nun-oeffentlich-auf-den-sommer\\\/#respond\"]}],\"copyrightYear\":\"2015\",\"copyrightHolder\":{\"@id\":\"https:\\\/\\\/www.deskmodder.de\\\/blog\\\/#organization\"}},{\"@type\":\"WebPage\",\"@id\":\"https:\\\/\\\/www.deskmodder.de\\\/blog\\\/2015\\\/03\\\/18\\\/microsoft-legt-die-veroeffentlichung-von-windows-10-nun-oeffentlich-auf-den-sommer\\\/\",\"url\":\"https:\\\/\\\/www.deskmodder.de\\\/blog\\\/2015\\\/03\\\/18\\\/microsoft-legt-die-veroeffentlichung-von-windows-10-nun-oeffentlich-auf-den-sommer\\\/\",\"name\":\"Microsoft legt die Ver\u00f6ffentlichung von Windows 10 nun offiziell auf den Sommer - Deskmodder.de\",\"isPartOf\":{\"@id\":\"https:\\\/\\\/www.deskmodder.de\\\/blog\\\/#website\"},\"primaryImageOfPage\":{\"@id\":\"https:\\\/\\\/www.deskmodder.de\\\/blog\\\/2015\\\/03\\\/18\\\/microsoft-legt-die-veroeffentlichung-von-windows-10-nun-oeffentlich-auf-den-sommer\\\/#primaryimage\"},\"image\":{\"@id\":\"https:\\\/\\\/www.deskmodder.de\\\/blog\\\/2015\\\/03\\\/18\\\/microsoft-legt-die-veroeffentlichung-von-windows-10-nun-oeffentlich-auf-den-sommer\\\/#primaryimage\"},\"thumbnailUrl\":\"http:\\\/\\\/www.deskmodder.de\\\/blog\\\/wp-content\\\/uploads\\\/2015\\\/01\\\/windows-10-logo-150x77.jpg\",\"datePublished\":\"2015-03-18T08:19:47+00:00\",\"dateModified\":\"2015-03-18T08:24:07+00:00\",\"breadcrumb\":{\"@id\":\"https:\\\/\\\/www.deskmodder.de\\\/blog\\\/2015\\\/03\\\/18\\\/microsoft-legt-die-veroeffentlichung-von-windows-10-nun-oeffentlich-auf-den-sommer\\\/#breadcrumb\"},\"inLanguage\":\"de\",\"potentialAction\":[{\"@type\":\"ReadAction\",\"target\":[\"https:\\\/\\\/www.deskmodder.de\\\/blog\\\/2015\\\/03\\\/18\\\/microsoft-legt-die-veroeffentlichung-von-windows-10-nun-oeffentlich-auf-den-sommer\\\/\"]}]},{\"@type\":\"ImageObject\",\"inLanguage\":\"de\",\"@id\":\"https:\\\/\\\/www.deskmodder.de\\\/blog\\\/2015\\\/03\\\/18\\\/microsoft-legt-die-veroeffentlichung-von-windows-10-nun-oeffentlich-auf-den-sommer\\\/#primaryimage\",\"url\":\"https:\\\/\\\/www.deskmodder.de\\\/blog\\\/wp-content\\\/uploads\\\/2015\\\/01\\\/windows-10-logo.jpg\",\"contentUrl\":\"https:\\\/\\\/www.deskmodder.de\\\/blog\\\/wp-content\\\/uploads\\\/2015\\\/01\\\/windows-10-logo.jpg\",\"width\":939,\"height\":483},{\"@type\":\"BreadcrumbList\",\"@id\":\"https:\\\/\\\/www.deskmodder.de\\\/blog\\\/2015\\\/03\\\/18\\\/microsoft-legt-die-veroeffentlichung-von-windows-10-nun-oeffentlich-auf-den-sommer\\\/#breadcrumb\",\"itemListElement\":[{\"@type\":\"ListItem\",\"position\":1,\"name\":\"Startseite\",\"item\":\"https:\\\/\\\/www.deskmodder.de\\\/blog\\\/\"},{\"@type\":\"ListItem\",\"position\":2,\"name\":\"Microsoft legt die Ver\u00f6ffentlichung von Windows 10 nun offiziell auf den Sommer\"}]},{\"@type\":\"WebSite\",\"@id\":\"https:\\\/\\\/www.deskmodder.de\\\/blog\\\/#website\",\"url\":\"https:\\\/\\\/www.deskmodder.de\\\/blog\\\/\",\"name\":\"Deskmodder.de\",\"description\":\"News zum Thema Microsoft, Windows 11 \\\/ 10, sowie anderen Neuigkeiten aus dem Netz, viele Tipps und individuelle Hilfe bei Problemen in unserem Forum \u25cf Deskmodder - seit 2003\",\"publisher\":{\"@id\":\"https:\\\/\\\/www.deskmodder.de\\\/blog\\\/#organization\"},\"potentialAction\":[{\"@type\":\"SearchAction\",\"target\":{\"@type\":\"EntryPoint\",\"urlTemplate\":\"https:\\\/\\\/www.deskmodder.de\\\/blog\\\/?s={search_term_string}\"},\"query-input\":{\"@type\":\"PropertyValueSpecification\",\"valueRequired\":true,\"valueName\":\"search_term_string\"}}],\"inLanguage\":\"de\"},{\"@type\":\"Organization\",\"@id\":\"https:\\\/\\\/www.deskmodder.de\\\/blog\\\/#organization\",\"name\":\"Deskmodder\",\"url\":\"https:\\\/\\\/www.deskmodder.de\\\/blog\\\/\",\"logo\":{\"@type\":\"ImageObject\",\"inLanguage\":\"de\",\"@id\":\"https:\\\/\\\/www.deskmodder.de\\\/blog\\\/#\\\/schema\\\/logo\\\/image\\\/\",\"url\":\"https:\\\/\\\/www.deskmodder.de\\\/blog\\\/wp-content\\\/uploads\\\/2019\\\/01\\\/deskmodder-logo-app.png\",\"contentUrl\":\"https:\\\/\\\/www.deskmodder.de\\\/blog\\\/wp-content\\\/uploads\\\/2019\\\/01\\\/deskmodder-logo-app.png\",\"width\":281,\"height\":286,\"caption\":\"Deskmodder\"},\"image\":{\"@id\":\"https:\\\/\\\/www.deskmodder.de\\\/blog\\\/#\\\/schema\\\/logo\\\/image\\\/\"},\"sameAs\":[\"https:\\\/\\\/www.facebook.com\\\/Deskmodder\",\"https:\\\/\\\/x.com\\\/Deskmodder\",\"https:\\\/\\\/mastodontech.de\\\/@Deskmodder\",\"https:\\\/\\\/www.youtube.com\\\/user\\\/deskmodder\",\"https:\\\/\\\/mewe.com\\\/group\\\/5c83b5231add826fc80cdae1\"]},{\"@type\":\"Person\",\"@id\":\"https:\\\/\\\/www.deskmodder.de\\\/blog\\\/#\\\/schema\\\/person\\\/a40b17a9503c4a1568ac4073bb54182a\",\"name\":\"moinmoin\",\"image\":{\"@type\":\"ImageObject\",\"inLanguage\":\"de\",\"@id\":\"https:\\\/\\\/secure.gravatar.com\\\/avatar\\\/fab96769102f8886245ab411df9a42a235be79261e4b44aa7ab2a555da8b86b4?s=96&d=mm&r=g\",\"url\":\"https:\\\/\\\/secure.gravatar.com\\\/avatar\\\/fab96769102f8886245ab411df9a42a235be79261e4b44aa7ab2a555da8b86b4?s=96&d=mm&r=g\",\"contentUrl\":\"https:\\\/\\\/secure.gravatar.com\\\/avatar\\\/fab96769102f8886245ab411df9a42a235be79261e4b44aa7ab2a555da8b86b4?s=96&d=mm&r=g\",\"caption\":\"moinmoin\"},\"description\":\"Ich bin nicht allwissend, was Windows angeht. Aber genau deshalb nehme ich Windows gerne auseinander und unter die Lupe, um all mein Wissen zu erweitern. J\u00fcrgen\",\"url\":\"https:\\\/\\\/www.deskmodder.de\\\/blog\\\/author\\\/moinmoin\\\/\"}]}<\/script>\n<!-- \/ Yoast SEO Premium plugin. -->","yoast_head_json":{"title":"Microsoft legt die Ver\u00f6ffentlichung von Windows 10 nun offiziell auf den Sommer - Deskmodder.de","robots":{"index":"index","follow":"follow","max-snippet":"max-snippet:-1","max-image-preview":"max-image-preview:large","max-video-preview":"max-video-preview:-1"},"canonical":"https:\/\/www.deskmodder.de\/blog\/2015\/03\/18\/microsoft-legt-die-veroeffentlichung-von-windows-10-nun-oeffentlich-auf-den-sommer\/","og_locale":"de_DE","og_type":"article","og_title":"Microsoft legt die Ver\u00f6ffentlichung von Windows 10 nun offiziell auf den Sommer","og_description":"Bisher wurde ja immer gesagt, dass Windows 10 im Herbst kommen wird. So wie auch bei den anderen Versionen vor Windows 10. Dann wurde aber spekuliert, dass Microsoft dem Druck der Hersteller von PCs und Laptops nachgeben will und Windows&hellip;","og_url":"https:\/\/www.deskmodder.de\/blog\/2015\/03\/18\/microsoft-legt-die-veroeffentlichung-von-windows-10-nun-oeffentlich-auf-den-sommer\/","og_site_name":"Deskmodder.de","article_publisher":"https:\/\/www.facebook.com\/Deskmodder","article_published_time":"2015-03-18T08:19:47+00:00","article_modified_time":"2015-03-18T08:24:07+00:00","og_image":[{"url":"http:\/\/www.deskmodder.de\/blog\/wp-content\/uploads\/2015\/01\/windows-10-logo-150x77.jpg","type":"","width":"","height":""}],"author":"moinmoin","twitter_card":"summary_large_image","twitter_creator":"@Deskmodder","twitter_site":"@Deskmodder","schema":{"@context":"https:\/\/schema.org","@graph":[{"@type":"Article","@id":"https:\/\/www.deskmodder.de\/blog\/2015\/03\/18\/microsoft-legt-die-veroeffentlichung-von-windows-10-nun-oeffentlich-auf-den-sommer\/#article","isPartOf":{"@id":"https:\/\/www.deskmodder.de\/blog\/2015\/03\/18\/microsoft-legt-die-veroeffentlichung-von-windows-10-nun-oeffentlich-auf-den-sommer\/"},"author":{"name":"moinmoin","@id":"https:\/\/www.deskmodder.de\/blog\/#\/schema\/person\/a40b17a9503c4a1568ac4073bb54182a"},"headline":"Microsoft legt die Ver\u00f6ffentlichung von Windows 10 nun offiziell auf den Sommer","datePublished":"2015-03-18T08:19:47+00:00","dateModified":"2015-03-18T08:24:07+00:00","mainEntityOfPage":{"@id":"https:\/\/www.deskmodder.de\/blog\/2015\/03\/18\/microsoft-legt-die-veroeffentlichung-von-windows-10-nun-oeffentlich-auf-den-sommer\/"},"wordCount":152,"commentCount":1,"publisher":{"@id":"https:\/\/www.deskmodder.de\/blog\/#organization"},"image":{"@id":"https:\/\/www.deskmodder.de\/blog\/2015\/03\/18\/microsoft-legt-die-veroeffentlichung-von-windows-10-nun-oeffentlich-auf-den-sommer\/#primaryimage"},"thumbnailUrl":"http:\/\/www.deskmodder.de\/blog\/wp-content\/uploads\/2015\/01\/windows-10-logo-150x77.jpg","keywords":["Sommer 2015","Starttermin","Windows 10"],"articleSection":["Windows 10"],"inLanguage":"de","potentialAction":[{"@type":"CommentAction","name":"Comment","target":["https:\/\/www.deskmodder.de\/blog\/2015\/03\/18\/microsoft-legt-die-veroeffentlichung-von-windows-10-nun-oeffentlich-auf-den-sommer\/#respond"]}],"copyrightYear":"2015","copyrightHolder":{"@id":"https:\/\/www.deskmodder.de\/blog\/#organization"}},{"@type":"WebPage","@id":"https:\/\/www.deskmodder.de\/blog\/2015\/03\/18\/microsoft-legt-die-veroeffentlichung-von-windows-10-nun-oeffentlich-auf-den-sommer\/","url":"https:\/\/www.deskmodder.de\/blog\/2015\/03\/18\/microsoft-legt-die-veroeffentlichung-von-windows-10-nun-oeffentlich-auf-den-sommer\/","name":"Microsoft legt die Ver\u00f6ffentlichung von Windows 10 nun offiziell auf den Sommer - Deskmodder.de","isPartOf":{"@id":"https:\/\/www.deskmodder.de\/blog\/#website"},"primaryImageOfPage":{"@id":"https:\/\/www.deskmodder.de\/blog\/2015\/03\/18\/microsoft-legt-die-veroeffentlichung-von-windows-10-nun-oeffentlich-auf-den-sommer\/#primaryimage"},"image":{"@id":"https:\/\/www.deskmodder.de\/blog\/2015\/03\/18\/microsoft-legt-die-veroeffentlichung-von-windows-10-nun-oeffentlich-auf-den-sommer\/#primaryimage"},"thumbnailUrl":"http:\/\/www.deskmodder.de\/blog\/wp-content\/uploads\/2015\/01\/windows-10-logo-150x77.jpg","datePublished":"2015-03-18T08:19:47+00:00","dateModified":"2015-03-18T08:24:07+00:00","breadcrumb":{"@id":"https:\/\/www.deskmodder.de\/blog\/2015\/03\/18\/microsoft-legt-die-veroeffentlichung-von-windows-10-nun-oeffentlich-auf-den-sommer\/#breadcrumb"},"inLanguage":"de","potentialAction":[{"@type":"ReadAction","target":["https:\/\/www.deskmodder.de\/blog\/2015\/03\/18\/microsoft-legt-die-veroeffentlichung-von-windows-10-nun-oeffentlich-auf-den-sommer\/"]}]},{"@type":"ImageObject","inLanguage":"de","@id":"https:\/\/www.deskmodder.de\/blog\/2015\/03\/18\/microsoft-legt-die-veroeffentlichung-von-windows-10-nun-oeffentlich-auf-den-sommer\/#primaryimage","url":"https:\/\/www.deskmodder.de\/blog\/wp-content\/uploads\/2015\/01\/windows-10-logo.jpg","contentUrl":"https:\/\/www.deskmodder.de\/blog\/wp-content\/uploads\/2015\/01\/windows-10-logo.jpg","width":939,"height":483},{"@type":"BreadcrumbList","@id":"https:\/\/www.deskmodder.de\/blog\/2015\/03\/18\/microsoft-legt-die-veroeffentlichung-von-windows-10-nun-oeffentlich-auf-den-sommer\/#breadcrumb","itemListElement":[{"@type":"ListItem","position":1,"name":"Startseite","item":"https:\/\/www.deskmodder.de\/blog\/"},{"@type":"ListItem","position":2,"name":"Microsoft legt die Ver\u00f6ffentlichung von Windows 10 nun offiziell auf den Sommer"}]},{"@type":"WebSite","@id":"https:\/\/www.deskmodder.de\/blog\/#website","url":"https:\/\/www.deskmodder.de\/blog\/","name":"Deskmodder.de","description":"News zum Thema Microsoft, Windows 11 \/ 10, sowie anderen Neuigkeiten aus dem Netz, viele Tipps und individuelle Hilfe bei Problemen in unserem Forum \u25cf Deskmodder - seit 2003","publisher":{"@id":"https:\/\/www.deskmodder.de\/blog\/#organization"},"potentialAction":[{"@type":"SearchAction","target":{"@type":"EntryPoint","urlTemplate":"https:\/\/www.deskmodder.de\/blog\/?s={search_term_string}"},"query-input":{"@type":"PropertyValueSpecification","valueRequired":true,"valueName":"search_term_string"}}],"inLanguage":"de"},{"@type":"Organization","@id":"https:\/\/www.deskmodder.de\/blog\/#organization","name":"Deskmodder","url":"https:\/\/www.deskmodder.de\/blog\/","logo":{"@type":"ImageObject","inLanguage":"de","@id":"https:\/\/www.deskmodder.de\/blog\/#\/schema\/logo\/image\/","url":"https:\/\/www.deskmodder.de\/blog\/wp-content\/uploads\/2019\/01\/deskmodder-logo-app.png","contentUrl":"https:\/\/www.deskmodder.de\/blog\/wp-content\/uploads\/2019\/01\/deskmodder-logo-app.png","width":281,"height":286,"caption":"Deskmodder"},"image":{"@id":"https:\/\/www.deskmodder.de\/blog\/#\/schema\/logo\/image\/"},"sameAs":["https:\/\/www.facebook.com\/Deskmodder","https:\/\/x.com\/Deskmodder","https:\/\/mastodontech.de\/@Deskmodder","https:\/\/www.youtube.com\/user\/deskmodder","https:\/\/mewe.com\/group\/5c83b5231add826fc80cdae1"]},{"@type":"Person","@id":"https:\/\/www.deskmodder.de\/blog\/#\/schema\/person\/a40b17a9503c4a1568ac4073bb54182a","name":"moinmoin","image":{"@type":"ImageObject","inLanguage":"de","@id":"https:\/\/secure.gravatar.com\/avatar\/fab96769102f8886245ab411df9a42a235be79261e4b44aa7ab2a555da8b86b4?s=96&d=mm&r=g","url":"https:\/\/secure.gravatar.com\/avatar\/fab96769102f8886245ab411df9a42a235be79261e4b44aa7ab2a555da8b86b4?s=96&d=mm&r=g","contentUrl":"https:\/\/secure.gravatar.com\/avatar\/fab96769102f8886245ab411df9a42a235be79261e4b44aa7ab2a555da8b86b4?s=96&d=mm&r=g","caption":"moinmoin"},"description":"Ich bin nicht allwissend, was Windows angeht. Aber genau deshalb nehme ich Windows gerne auseinander und unter die Lupe, um all mein Wissen zu erweitern. J\u00fcrgen","url":"https:\/\/www.deskmodder.de\/blog\/author\/moinmoin\/"}]}},"jetpack_publicize_connections":[],"jetpack_featured_media_url":"","_links":{"self":[{"href":"https:\/\/www.deskmodder.de\/blog\/wp-json\/wp\/v2\/posts\/40588","targetHints":{"allow":["GET"]}}],"collection":[{"href":"https:\/\/www.deskmodder.de\/blog\/wp-json\/wp\/v2\/posts"}],"about":[{"href":"https:\/\/www.deskmodder.de\/blog\/wp-json\/wp\/v2\/types\/post"}],"author":[{"embeddable":true,"href":"https:\/\/www.deskmodder.de\/blog\/wp-json\/wp\/v2\/users\/134"}],"replies":[{"embeddable":true,"href":"https:\/\/www.deskmodder.de\/blog\/wp-json\/wp\/v2\/comments?post=40588"}],"version-history":[{"count":0,"href":"https:\/\/www.deskmodder.de\/blog\/wp-json\/wp\/v2\/posts\/40588\/revisions"}],"wp:attachment":[{"href":"https:\/\/www.deskmodder.de\/blog\/wp-json\/wp\/v2\/media?parent=40588"}],"wp:term":[{"taxonomy":"category","embeddable":true,"href":"https:\/\/www.deskmodder.de\/blog\/wp-json\/wp\/v2\/categories?post=40588"},{"taxonomy":"post_tag","embeddable":true,"href":"https:\/\/www.deskmodder.de\/blog\/wp-json\/wp\/v2\/tags?post=40588"}],"curies":[{"name":"wp","href":"https:\/\/api.w.org\/{rel}","templated":true}]}}