{"id":3966,"date":"2012-10-13T10:39:17","date_gmt":"2012-10-13T08:39:17","guid":{"rendered":"http:\/\/www.deskmodder.de\/blog\/?p=3966"},"modified":"2023-01-14T17:19:11","modified_gmt":"2023-01-14T16:19:11","slug":"ahci-nachtraeglich-aktivieren-unter-windows-8","status":"publish","type":"post","link":"https:\/\/www.deskmodder.de\/blog\/2012\/10\/13\/ahci-nachtraeglich-aktivieren-unter-windows-8\/","title":{"rendered":"AHCI nachtr\u00e4glich aktivieren unter Windows 8,  8.1 und Windows 10"},"content":{"rendered":"<p><a href=\"http:\/\/www.deskmodder.de\/blog\/wp-content\/uploads\/2012\/10\/ahci_aktivieren_windows_8.jpg\" rel=\"lightbox[3966]\"><img loading=\"lazy\" decoding=\"async\" class=\"alignleft size-thumbnail wp-image-3967\" title=\"ahci_aktivieren_windows_8\" src=\"http:\/\/www.deskmodder.de\/blog\/wp-content\/uploads\/2012\/10\/ahci_aktivieren_windows_8-150x150.jpg\" alt=\"\" width=\"150\" height=\"150\" \/><\/a>AHCI ist ein Standard f\u00fcr SATA-Festplatten und auch f\u00fcr Raid-Systeme. Ist AHCI im Bios eingestellt, nimmt Windows (ab Vista) das auch als Standard und installiert das Betriebsystem im AHCI-Modus.<br \/>\nEs kann ja mal passieren, dass im Bios IDE anstatt AHCI eingestellt ist.<br \/>\nWindows 8, 8.1 und auch Windows 10 erkennen diese Einstellung und nimmt diese auch als Standard. Wer nun auf AHCI umstellen will, muss nicht neu installieren.<br \/>\n<strong>WICHTIG:<\/strong> Die alten Tricks von Windows 7 funktionieren hier nicht.<br \/>\n<strong>WICHTIG2:<\/strong> Die Festplatte mit dem Betriebssystem geh\u00f6rt auf dem Motherboard <strong>immer<\/strong> auf den ersten Steckplatz. Ansonsten kann es passieren, dass durch einen anderen Controller diese Einstellungen nicht \u00fcbernommen werden. <em>Danke an Peter f\u00fcr den Hinweis<\/em>.<\/p>\n<p>Mit einem Trick der <strong>nur<\/strong> unter Windows 8, Windows 8.1 und Windows 10 funktioniert, l\u00e4sst sich AHCI als Standard schnell einstellen.<br \/>\nWir zeigen euch jetzt wie es geht:<br \/>\n<em><strong>Bitte auch die Hinweise weiter unten beachten, falls der Tipp hier nicht zum Erfolg f\u00fchrt.<\/strong><\/em><\/p>\n<ul>\n<li>Win + R dr\u00fccken, regedit eintippen und starten<\/li>\n<\/ul>\n<p><!--more--><\/p>\n<ul>\n<li>Zum Pfad: <i><strong>HKEY_LOCAL_MACHINE\\SYSTEM\\CurrentControlSet\\Services\\storahci<\/strong><\/i> gehen.<\/li>\n<li>Den Namen <strong>Start<\/strong> doppelt anklicken und den Wert auf <strong>0<\/strong> setzen. (Siehe Bild)<\/li>\n<li>Nun Neustarten und das Bios \u00fcber Entf oder F2 je nach Biostyp aufrufen. Schaut im Benutzerbuch nach.<\/li>\n<li>Dort nun den Controller von IDE auf AHCI umstellen.<\/li>\n<\/ul>\n<p>Das wars auch schon. Nach einem Neustart ist Windows 8, 8.1 oder Windows 10 nun im AHCI Modus.<\/p>\n<p>Kleiner Tipp: Solltet ihr mit dem Bios unsicher sein, schaut euch die Einstellung erst an, wo sie ist. Dann startet Windows, stellt es um und geht wieder ins Bios. So kann nichts schief gehen.<\/p>\n<p>Und noch ein Tipp von unserem Leser W8-Tester:<br \/>\n<i> Bei mir funzte das nicht, wegen einem Unterschl\u00fcssel <strong>StartOverride<\/strong><br \/>\n&#8230;habe den besagten Unterschl\u00fcssel gel\u00f6scht und alles hat wie hier beschrieben funktioniert<br \/>\nSalut<\/i><br \/>\nEin weiterer Tipp von Christian:<br \/>\n<i> Und wenn das alles nichts bringt, in regedit (HKEY_LOCAL_MACHINE\\SYSTEM\\CurrentControlSet\\Services\\storahci) den ImagePath auf <strong>storahci.sys<\/strong> statt msahci.sys setzen!<\/i><\/p>\n<p>Und noch ein Tipp von Gerhardoddworld<br \/>\n<em>das mit dem override hat auch bei mir geklappt (vielen dank)<br \/>\n aber wichtig ist das man da den wert auf 0 setzt, und nicht wie ich einfach wortw\u00f6rtlich den ordner l\u00f6scht. Denn windows erstellt diesen Schl\u00fcssel\/Ordner einfach neu mit dem Wert der vorher das Problem war.<\/em><\/p>\n","protected":false},"excerpt":{"rendered":"<p>AHCI ist ein Standard f\u00fcr SATA-Festplatten und auch f\u00fcr Raid-Systeme. Ist AHCI im Bios eingestellt, nimmt Windows (ab Vista) das auch als Standard und installiert das Betriebsystem im AHCI-Modus. Es kann ja mal passieren, dass im Bios IDE anstatt AHCI&hellip; <\/p>\n","protected":false},"author":134,"featured_media":3967,"comment_status":"open","ping_status":"open","sticky":false,"template":"","format":"standard","meta":{"jetpack_post_was_ever_published":false,"footnotes":"","jetpack_publicize_message":"","jetpack_publicize_feature_enabled":true,"jetpack_social_post_already_shared":false,"jetpack_social_options":{"image_generator_settings":{"template":"highway","default_image_id":0,"font":"","enabled":false},"version":2}},"categories":[2689,11],"tags":[1059,1060,1061,9751,9742,9750],"class_list":["post-3966","post","type-post","status-publish","format-standard","has-post-thumbnail","hentry","category-windows-10","category-windows","tag-ahci-aktivieren","tag-ahci-ohne-neuinstallation","tag-ide-auf-ahci-umstellen","tag-windows-10","tag-windows-8","tag-windows-8-1"],"wp_featured_image":{"id":3967,"alt_text":"","description":"","media_type":"image","media_details":{"width":"603","height":"408","hwstring_small":"height='86' width='128'","file":"2012\/10\/ahci_aktivieren_windows_8.jpg","sizes":{"thumbnail":{"file":"ahci_aktivieren_windows_8-150x150.jpg","width":"150","height":"150","source_url":"https:\/\/www.deskmodder.de\/blog\/wp-content\/uploads\/2012\/10\/ahci_aktivieren_windows_8-150x150.jpg"},"medium":{"file":"ahci_aktivieren_windows_8-300x202.jpg","width":"300","height":"202","source_url":"https:\/\/www.deskmodder.de\/blog\/wp-content\/uploads\/2012\/10\/ahci_aktivieren_windows_8-300x202.jpg"}},"image_meta":{"aperture":"0","credit":"","camera":"","caption":"","created_timestamp":"0","copyright":"","focal_length":"0","iso":"0","shutter_speed":"0","title":""}},"post":3966,"source_url":"https:\/\/www.deskmodder.de\/blog\/wp-content\/uploads\/2012\/10\/ahci_aktivieren_windows_8.jpg"},"commentcount":82,"wp_comments":[{"id":1200,"parent":0,"author":0,"author_name":"Nachtr\u00e4gliche Umstellung auf den AHCI Modus unter Windows 8 | Beatmasters WinLite Blog","author_email":"","author_url":"http:\/\/beatmasters-winlite-blog.de\/?p=24912","author_avatar_urls":{"24":"https:\/\/secure.gravatar.com\/avatar\/?s=24&d=mm&r=g","48":"https:\/\/secure.gravatar.com\/avatar\/?s=48&d=mm&r=g","96":"https:\/\/secure.gravatar.com\/avatar\/?s=96&d=mm&r=g"},"date":"2012-10-14T08:31:06","cld_nonce":"015d9540d6","content":{"rendered":"<p>[&#8230;] 8 installiert dann beim Start die erforderlichen Treiber. [Quelle]  \/*   jQuery(document).ready(function($){ var shpOptions = [&#8230;]<\/p>\n"},"status":"1"},{"id":1405,"parent":0,"author":0,"author_name":"W8-tester","author_email":"w8-tester@hotmail.com","author_url":"","author_avatar_urls":{"24":"https:\/\/secure.gravatar.com\/avatar\/394bdfa4045abde550cdb96723eb0ed4cc8fd044852c1ad3b2e6d11aed3da55e?s=24&d=mm&r=g","48":"https:\/\/secure.gravatar.com\/avatar\/394bdfa4045abde550cdb96723eb0ed4cc8fd044852c1ad3b2e6d11aed3da55e?s=48&d=mm&r=g","96":"https:\/\/secure.gravatar.com\/avatar\/394bdfa4045abde550cdb96723eb0ed4cc8fd044852c1ad3b2e6d11aed3da55e?s=96&d=mm&r=g"},"date":"2012-11-17T23:07:24","cld_nonce":"015d9540d6","content":{"rendered":"<p>Bei mir funzte das nicht, wegen einem Unterschl\u00fcssel<br \/>\nStartOverride<br \/>\nNachdem ich in einem engl. Board darauf gesto\u00dfen bin,<br \/>\nhabe ich den besagten Unterschl\u00fcssel gel\u00f6scht und<br \/>\nalles hat wie hier beschrieben funktioniert.<\/p>\n<p>Vielleicht stolpert der ein oder andere auch dar\u00fcber.<\/p>\n<p>Salut<\/p>\n"},"status":"1"},{"id":1406,"parent":0,"author":134,"author_name":"&#109;&#111;&#105;&#110;&#109;&#111;&#105;&#110;","author_email":"moin-moin@hab-verschlafen.de","author_url":"","author_avatar_urls":{"24":"https:\/\/secure.gravatar.com\/avatar\/fab96769102f8886245ab411df9a42a235be79261e4b44aa7ab2a555da8b86b4?s=24&d=mm&r=g","48":"https:\/\/secure.gravatar.com\/avatar\/fab96769102f8886245ab411df9a42a235be79261e4b44aa7ab2a555da8b86b4?s=48&d=mm&r=g","96":"https:\/\/secure.gravatar.com\/avatar\/fab96769102f8886245ab411df9a42a235be79261e4b44aa7ab2a555da8b86b4?s=96&d=mm&r=g"},"date":"2012-11-18T09:33:48","cld_nonce":"015d9540d6","content":{"rendered":"<p>Danke f\u00fcr den Tipp, W8-tester.<br \/>\nHab es im Beitrag mit eingebaut. <img src=\"https:\/\/www.deskmodder.de\/blog\/wp-content\/plugins\/classic-smilies\/img\/icon_smile.gif\" alt=\":)\" class=\"wp-smiley\" \/><\/p>\n"},"status":"1"},{"id":1415,"parent":0,"author":0,"author_name":"SSD im Bios auf AHCI umgestellt","author_email":"","author_url":"http:\/\/www.drwindows.de\/windows-8-allgemein\/59707-ssd-im-bios-auf-ahci-umgestellt.html#post452528","author_avatar_urls":{"24":"https:\/\/secure.gravatar.com\/avatar\/?s=24&d=mm&r=g","48":"https:\/\/secure.gravatar.com\/avatar\/?s=48&d=mm&r=g","96":"https:\/\/secure.gravatar.com\/avatar\/?s=96&d=mm&r=g"},"date":"2012-11-18T22:13:48","cld_nonce":"015d9540d6","content":{"rendered":"<p>[&#8230;]  [&#8230;]<\/p>\n"},"status":"1"},{"id":1459,"parent":0,"author":0,"author_name":"Windows 8: AHCI-Modus nachtr\u00e4glich \u00e4ndern - Hope This Helps","author_email":"","author_url":"http:\/\/hope-this-helps.de\/serendipity\/archives\/377-Windows-8-AHCI-Modus-nachtraeglich-aendern.html","author_avatar_urls":{"24":"https:\/\/secure.gravatar.com\/avatar\/?s=24&d=mm&r=g","48":"https:\/\/secure.gravatar.com\/avatar\/?s=48&d=mm&r=g","96":"https:\/\/secure.gravatar.com\/avatar\/?s=96&d=mm&r=g"},"date":"2012-12-02T18:29:16","cld_nonce":"015d9540d6","content":{"rendered":"<p>[&#8230;] &#8211; PC neu starten und im BIOS auf AHCI stellen. &#8211; Windows komplett starten &#8211; AHCI ist aktiv  Quelle: deskmodder.de: AHCI nachtr\u00e4glich aktivieren unter Windows 8   Geschrieben von Ralf Entner in Windows 8 um 18:20       Trackbacks  Trackback-URL f\u00fcr diesen [&#8230;]<\/p>\n"},"status":"1"},{"id":1560,"parent":0,"author":0,"author_name":"Winn","author_email":"whuber3@yahoo.de","author_url":"","author_avatar_urls":{"24":"https:\/\/secure.gravatar.com\/avatar\/93a8aeeb574d6d6fa6e964c1a6e5156738ed11f82a2fa535ba4a7ccf98b38e81?s=24&d=mm&r=g","48":"https:\/\/secure.gravatar.com\/avatar\/93a8aeeb574d6d6fa6e964c1a6e5156738ed11f82a2fa535ba4a7ccf98b38e81?s=48&d=mm&r=g","96":"https:\/\/secure.gravatar.com\/avatar\/93a8aeeb574d6d6fa6e964c1a6e5156738ed11f82a2fa535ba4a7ccf98b38e81?s=96&d=mm&r=g"},"date":"2012-12-30T17:42:45","cld_nonce":"015d9540d6","content":{"rendered":"<p>Vielen Dank f\u00fcr den Tipp mit dem Unterschl\u00fcssel StartOverride l\u00f6schen.<br \/>\nJetzt funktioniert AHCI nachtr\u00e4glivh auch bei mir.<\/p>\n"},"status":"1"},{"id":1575,"parent":0,"author":0,"author_name":"Philipp R.","author_email":"philipp@rederlechner.ch","author_url":"","author_avatar_urls":{"24":"https:\/\/secure.gravatar.com\/avatar\/20ea79630cb2e43d2f9b7a6307ed499be1d0db384d8b3cf5075340c6bafbd8dc?s=24&d=mm&r=g","48":"https:\/\/secure.gravatar.com\/avatar\/20ea79630cb2e43d2f9b7a6307ed499be1d0db384d8b3cf5075340c6bafbd8dc?s=48&d=mm&r=g","96":"https:\/\/secure.gravatar.com\/avatar\/20ea79630cb2e43d2f9b7a6307ed499be1d0db384d8b3cf5075340c6bafbd8dc?s=96&d=mm&r=g"},"date":"2013-01-06T22:32:42","cld_nonce":"015d9540d6","content":{"rendered":"<p>Geht nicht. Wert war schon auf 0 gesetzt. Habe den StartOveride gel\u00f6scht. Programm und Windows beendet. Im BIOS dann auf AHCI gewechselt. Windows crasht beim starten. Im BIOS wieder auf IDE gestellt. Windows startet normal. In der Registry ist der gl\u00f6schte Schl\u00fcssel StartOveride wieder da&#8230;<\/p>\n"},"status":"1"},{"id":1618,"parent":0,"author":0,"author_name":"Philipp R.","author_email":"philipp@rederlechner.ch","author_url":"","author_avatar_urls":{"24":"https:\/\/secure.gravatar.com\/avatar\/20ea79630cb2e43d2f9b7a6307ed499be1d0db384d8b3cf5075340c6bafbd8dc?s=24&d=mm&r=g","48":"https:\/\/secure.gravatar.com\/avatar\/20ea79630cb2e43d2f9b7a6307ed499be1d0db384d8b3cf5075340c6bafbd8dc?s=48&d=mm&r=g","96":"https:\/\/secure.gravatar.com\/avatar\/20ea79630cb2e43d2f9b7a6307ed499be1d0db384d8b3cf5075340c6bafbd8dc?s=96&d=mm&r=g"},"date":"2013-01-18T21:26:22","cld_nonce":"015d9540d6","content":{"rendered":"<p>Nachtrag: Jetzt ist auch klar, warum&#8217;s nicht geht: Microsoft hat gar keinen Treiber f\u00fcr den JMicron JMB36X Chip auf meinem Mainboard. Dieser wird schlicht von Windows 8 ignoriert, d.h. es gibt nicht mal ein Ausrufezeichen im Ger\u00e4temanager. Erst die Installation vom Treiber des Herstellers (darauf achten, dass er WHQL-zertifiziert ist f\u00fcr Windows 8), dann geht das mit dem Umstellen auf AHCI.<\/p>\n"},"status":"1"},{"id":1622,"parent":0,"author":134,"author_name":"&#109;&#111;&#105;&#110;&#109;&#111;&#105;&#110;","author_email":"moin-moin@hab-verschlafen.de","author_url":"","author_avatar_urls":{"24":"https:\/\/secure.gravatar.com\/avatar\/fab96769102f8886245ab411df9a42a235be79261e4b44aa7ab2a555da8b86b4?s=24&d=mm&r=g","48":"https:\/\/secure.gravatar.com\/avatar\/fab96769102f8886245ab411df9a42a235be79261e4b44aa7ab2a555da8b86b4?s=48&d=mm&r=g","96":"https:\/\/secure.gravatar.com\/avatar\/fab96769102f8886245ab411df9a42a235be79261e4b44aa7ab2a555da8b86b4?s=96&d=mm&r=g"},"date":"2013-01-19T08:23:11","cld_nonce":"015d9540d6","content":{"rendered":"<p>Danke f\u00fcr den Hinweis, Philipp.<br \/>\nHast du denn nur den JMicron nur alleine oder zus\u00e4tzlich auf dem Mainboard?<br \/>\nAnsonsten h\u00e4tte ein umstecken auf einen anderen Sata3-Steckplatz geholfen.<\/p>\n"},"status":"1"},{"id":1730,"parent":0,"author":0,"author_name":"BIOS EINSTELLUNGEN IN VERSION ( siehe screenshots)","author_email":"","author_url":"http:\/\/www.drwindows.de\/windows-8-allgemein\/62096-bios-einstellungen-in-version-siehe-screenshots.html#post477511","author_avatar_urls":{"24":"https:\/\/secure.gravatar.com\/avatar\/?s=24&d=mm&r=g","48":"https:\/\/secure.gravatar.com\/avatar\/?s=48&d=mm&r=g","96":"https:\/\/secure.gravatar.com\/avatar\/?s=96&d=mm&r=g"},"date":"2013-02-02T16:17:38","cld_nonce":"015d9540d6","content":{"rendered":"<p>[&#8230;]  [&#8230;]<\/p>\n"},"status":"1"},{"id":1901,"parent":0,"author":0,"author_name":"Lars","author_email":"larsr1755@googlemail.com","author_url":"","author_avatar_urls":{"24":"https:\/\/secure.gravatar.com\/avatar\/2c156e96566bf182a6a102feddddd7ce3e53ef16733e68fb71f17d5c1fafbea5?s=24&d=mm&r=g","48":"https:\/\/secure.gravatar.com\/avatar\/2c156e96566bf182a6a102feddddd7ce3e53ef16733e68fb71f17d5c1fafbea5?s=48&d=mm&r=g","96":"https:\/\/secure.gravatar.com\/avatar\/2c156e96566bf182a6a102feddddd7ce3e53ef16733e68fb71f17d5c1fafbea5?s=96&d=mm&r=g"},"date":"2013-03-16T11:05:35","cld_nonce":"015d9540d6","content":{"rendered":"<p>Wo findet man diesen Unterschl\u00fcssel StartOverride?<\/p>\n"},"status":"1"},{"id":1902,"parent":0,"author":134,"author_name":"&#109;&#111;&#105;&#110;&#109;&#111;&#105;&#110;","author_email":"moin-moin@hab-verschlafen.de","author_url":"","author_avatar_urls":{"24":"https:\/\/secure.gravatar.com\/avatar\/fab96769102f8886245ab411df9a42a235be79261e4b44aa7ab2a555da8b86b4?s=24&d=mm&r=g","48":"https:\/\/secure.gravatar.com\/avatar\/fab96769102f8886245ab411df9a42a235be79261e4b44aa7ab2a555da8b86b4?s=48&d=mm&r=g","96":"https:\/\/secure.gravatar.com\/avatar\/fab96769102f8886245ab411df9a42a235be79261e4b44aa7ab2a555da8b86b4?s=96&d=mm&r=g"},"date":"2013-03-16T11:12:00","cld_nonce":"015d9540d6","content":{"rendered":"<p>Wenn du zum Schl\u00fcssel HKEY_LOCAL_MACHINE\\SYSTEM\\CurrentControlSet\\Services\\storahci gehst und auf den Pfeil neben storahci klickst muss StartOverride als Unterschl\u00fcssel erscheinen.<br \/>\nAlso HKEY_LOCAL_MACHINE\\SYSTEM\\CurrentControlSet\\Services\\storahci\\StartOverride<br \/>\nWenn nicht, dann ist er bei dir nicht vorhanden.<\/p>\n"},"status":"1"},{"id":1903,"parent":0,"author":0,"author_name":"Lars","author_email":"larsr1755@googlemail.com","author_url":"","author_avatar_urls":{"24":"https:\/\/secure.gravatar.com\/avatar\/2c156e96566bf182a6a102feddddd7ce3e53ef16733e68fb71f17d5c1fafbea5?s=24&d=mm&r=g","48":"https:\/\/secure.gravatar.com\/avatar\/2c156e96566bf182a6a102feddddd7ce3e53ef16733e68fb71f17d5c1fafbea5?s=48&d=mm&r=g","96":"https:\/\/secure.gravatar.com\/avatar\/2c156e96566bf182a6a102feddddd7ce3e53ef16733e68fb71f17d5c1fafbea5?s=96&d=mm&r=g"},"date":"2013-03-16T13:19:43","cld_nonce":"015d9540d6","content":{"rendered":"<p>Hat geklappt. Gro\u00dfes Danke an moinmoin!<\/p>\n"},"status":"1"},{"id":1904,"parent":0,"author":134,"author_name":"&#109;&#111;&#105;&#110;&#109;&#111;&#105;&#110;","author_email":"moin-moin@hab-verschlafen.de","author_url":"","author_avatar_urls":{"24":"https:\/\/secure.gravatar.com\/avatar\/fab96769102f8886245ab411df9a42a235be79261e4b44aa7ab2a555da8b86b4?s=24&d=mm&r=g","48":"https:\/\/secure.gravatar.com\/avatar\/fab96769102f8886245ab411df9a42a235be79261e4b44aa7ab2a555da8b86b4?s=48&d=mm&r=g","96":"https:\/\/secure.gravatar.com\/avatar\/fab96769102f8886245ab411df9a42a235be79261e4b44aa7ab2a555da8b86b4?s=96&d=mm&r=g"},"date":"2013-03-16T13:47:57","cld_nonce":"015d9540d6","content":{"rendered":"<p>Gerne doch <img src=\"https:\/\/www.deskmodder.de\/blog\/wp-content\/plugins\/classic-smilies\/img\/icon_smile.gif\" alt=\":)\" class=\"wp-smiley\" \/><\/p>\n"},"status":"1"},{"id":1936,"parent":0,"author":0,"author_name":"Andreas Mvb","author_email":"triergray@hotmail.com","author_url":"","author_avatar_urls":{"24":"https:\/\/secure.gravatar.com\/avatar\/9cef9d5147934d4b830e92cc2a5fdc67e54730e6d3d3442c6455245ed983d00f?s=24&d=mm&r=g","48":"https:\/\/secure.gravatar.com\/avatar\/9cef9d5147934d4b830e92cc2a5fdc67e54730e6d3d3442c6455245ed983d00f?s=48&d=mm&r=g","96":"https:\/\/secure.gravatar.com\/avatar\/9cef9d5147934d4b830e92cc2a5fdc67e54730e6d3d3442c6455245ed983d00f?s=96&d=mm&r=g"},"date":"2013-03-23T01:52:17","cld_nonce":"015d9540d6","content":{"rendered":"<p>Ich hatte auch das &#8222;StartOverride&#8220;-Problem! Jetzt hat es endlich geklappt, AHCI zu aktivieren: vielen Dank!<\/p>\n"},"status":"1"},{"id":2098,"parent":0,"author":0,"author_name":"XPS 14 Problem mit mSata Cache (Win 8 Pro)","author_email":"","author_url":"http:\/\/www.dell-forum.de\/threads\/6319-xps-14-problem-mit-msata-cache-win-8-pro\/#post30851","author_avatar_urls":{"24":"https:\/\/secure.gravatar.com\/avatar\/?s=24&d=mm&r=g","48":"https:\/\/secure.gravatar.com\/avatar\/?s=48&d=mm&r=g","96":"https:\/\/secure.gravatar.com\/avatar\/?s=96&d=mm&r=g"},"date":"2013-04-24T19:45:05","cld_nonce":"015d9540d6","content":{"rendered":"<p>[&#8230;]  [&#8230;]<\/p>\n"},"status":"1"},{"id":2155,"parent":0,"author":0,"author_name":"ahci treiber problem pciide bad bei samsung 830 windows 8","author_email":"","author_url":"http:\/\/www.hardwareluxx.de\/community\/f227\/ahci-treiber-problem-pciide-bad-bei-samsung-830-windows-8-a-956935.html#post20558948","author_avatar_urls":{"24":"https:\/\/secure.gravatar.com\/avatar\/?s=24&d=mm&r=g","48":"https:\/\/secure.gravatar.com\/avatar\/?s=48&d=mm&r=g","96":"https:\/\/secure.gravatar.com\/avatar\/?s=96&d=mm&r=g"},"date":"2013-05-02T22:07:36","cld_nonce":"015d9540d6","content":{"rendered":"<p>[&#8230;]  [&#8230;]<\/p>\n"},"status":"1"},{"id":2431,"parent":0,"author":0,"author_name":"Max","author_email":"gie2@gmx.de","author_url":"","author_avatar_urls":{"24":"https:\/\/secure.gravatar.com\/avatar\/abec35311b91e5d1df12e989998bfa48ac2e5a41618f352b3848ee41cada8b76?s=24&d=mm&r=g","48":"https:\/\/secure.gravatar.com\/avatar\/abec35311b91e5d1df12e989998bfa48ac2e5a41618f352b3848ee41cada8b76?s=48&d=mm&r=g","96":"https:\/\/secure.gravatar.com\/avatar\/abec35311b91e5d1df12e989998bfa48ac2e5a41618f352b3848ee41cada8b76?s=96&d=mm&r=g"},"date":"2013-06-05T20:32:22","cld_nonce":"015d9540d6","content":{"rendered":"<p>Bei mir hat es auch geklappt mit dem Overdrive. Danke vielmals an alle, die ihr Wissen teilen <img src=\"https:\/\/www.deskmodder.de\/blog\/wp-content\/plugins\/classic-smilies\/img\/icon_smile.gif\" alt=\":)\" class=\"wp-smiley\" \/><\/p>\n"},"status":"1"},{"id":2892,"parent":0,"author":0,"author_name":"Christian","author_email":"c.brueggemann94@gmail.com","author_url":"","author_avatar_urls":{"24":"https:\/\/secure.gravatar.com\/avatar\/4883db71fefd43badae005b3dab35ce3d74e7d8fd31726c4aa0fa873d0e70223?s=24&d=mm&r=g","48":"https:\/\/secure.gravatar.com\/avatar\/4883db71fefd43badae005b3dab35ce3d74e7d8fd31726c4aa0fa873d0e70223?s=48&d=mm&r=g","96":"https:\/\/secure.gravatar.com\/avatar\/4883db71fefd43badae005b3dab35ce3d74e7d8fd31726c4aa0fa873d0e70223?s=96&d=mm&r=g"},"date":"2013-07-28T21:06:04","cld_nonce":"015d9540d6","content":{"rendered":"<p>Und wenn das alles nichts bringt, in regedit den ImagePath auf storahci.sys statt msahci.sys setzen!<\/p>\n"},"status":"1"},{"id":2893,"parent":0,"author":134,"author_name":"&#109;&#111;&#105;&#110;&#109;&#111;&#105;&#110;","author_email":"moin-moin@hab-verschlafen.de","author_url":"","author_avatar_urls":{"24":"https:\/\/secure.gravatar.com\/avatar\/fab96769102f8886245ab411df9a42a235be79261e4b44aa7ab2a555da8b86b4?s=24&d=mm&r=g","48":"https:\/\/secure.gravatar.com\/avatar\/fab96769102f8886245ab411df9a42a235be79261e4b44aa7ab2a555da8b86b4?s=48&d=mm&r=g","96":"https:\/\/secure.gravatar.com\/avatar\/fab96769102f8886245ab411df9a42a235be79261e4b44aa7ab2a555da8b86b4?s=96&d=mm&r=g"},"date":"2013-07-29T08:17:18","cld_nonce":"015d9540d6","content":{"rendered":"<p>Danke Christian. Hab es oben als Tipp mit aufgef\u00fchrt. <img src=\"https:\/\/www.deskmodder.de\/blog\/wp-content\/plugins\/classic-smilies\/img\/icon_smile.gif\" alt=\":)\" class=\"wp-smiley\" \/><\/p>\n"},"status":"1"},{"id":3021,"parent":0,"author":0,"author_name":"Windows 8 trotz SSD langsam","author_email":"","author_url":"http:\/\/www.drwindows.de\/windows-8-allgemein\/66710-windows-8-trotz-ssd-langsam.html#post540127","author_avatar_urls":{"24":"https:\/\/secure.gravatar.com\/avatar\/?s=24&d=mm&r=g","48":"https:\/\/secure.gravatar.com\/avatar\/?s=48&d=mm&r=g","96":"https:\/\/secure.gravatar.com\/avatar\/?s=96&d=mm&r=g"},"date":"2013-08-11T14:11:55","cld_nonce":"015d9540d6","content":{"rendered":"<p>[&#8230;]  [&#8230;]<\/p>\n"},"status":"1"},{"id":3896,"parent":0,"author":0,"author_name":"soll\/muss ich die Hardware meines Computers aktualisieren? - Seite 4","author_email":"","author_url":"http:\/\/www.drwindows.de\/hardware-and-treiber\/68284-soll-muss-ich-hardware-meines-computers-aktualisieren-4.html#post570185","author_avatar_urls":{"24":"https:\/\/secure.gravatar.com\/avatar\/?s=24&d=mm&r=g","48":"https:\/\/secure.gravatar.com\/avatar\/?s=48&d=mm&r=g","96":"https:\/\/secure.gravatar.com\/avatar\/?s=96&d=mm&r=g"},"date":"2013-10-27T14:47:51","cld_nonce":"015d9540d6","content":{"rendered":"<p>[&#8230;]  [&#8230;]<\/p>\n"},"status":"1"},{"id":4423,"parent":0,"author":0,"author_name":"Sebastian","author_email":"Basti.dj@gmx.de","author_url":"","author_avatar_urls":{"24":"https:\/\/secure.gravatar.com\/avatar\/99ee6bd13263b88f458feb22caa49df4ccdc293335ae3b292f401bca064f89b6?s=24&d=mm&r=g","48":"https:\/\/secure.gravatar.com\/avatar\/99ee6bd13263b88f458feb22caa49df4ccdc293335ae3b292f401bca064f89b6?s=48&d=mm&r=g","96":"https:\/\/secure.gravatar.com\/avatar\/99ee6bd13263b88f458feb22caa49df4ccdc293335ae3b292f401bca064f89b6?s=96&d=mm&r=g"},"date":"2014-01-01T00:58:07","cld_nonce":"015d9540d6","content":{"rendered":"<p>Habe heute gesehen, dass meine SATA-SSD und SATA- HDD beide auf IDE laufen. War immer der Meinung die Einstellung im BIOS w\u00e4re AHCI&#8230;. Wie dem auch sei: Ich kann nicht nachtr\u00e4glich auf AHCI umstellen. Windows 8.1 bleibt dann beim Hochfahren h\u00e4ngen. Ich vermute es liegt tats\u00e4chlich daran, dass keine AHCI-Treiber im System existieren.<br \/>\nOder hat sonst noch jmd. Rat? Asus jedenfalls bietet keine an und die von Win7 lassen sich nicht installieren. Echt bl\u00f6de.<\/p>\n"},"status":"1"},{"id":4424,"parent":0,"author":134,"author_name":"&#109;&#111;&#105;&#110;&#109;&#111;&#105;&#110;","author_email":"moin-moin@hab-verschlafen.de","author_url":"","author_avatar_urls":{"24":"https:\/\/secure.gravatar.com\/avatar\/fab96769102f8886245ab411df9a42a235be79261e4b44aa7ab2a555da8b86b4?s=24&d=mm&r=g","48":"https:\/\/secure.gravatar.com\/avatar\/fab96769102f8886245ab411df9a42a235be79261e4b44aa7ab2a555da8b86b4?s=48&d=mm&r=g","96":"https:\/\/secure.gravatar.com\/avatar\/fab96769102f8886245ab411df9a42a235be79261e4b44aa7ab2a555da8b86b4?s=96&d=mm&r=g"},"date":"2014-01-01T10:09:48","cld_nonce":"015d9540d6","content":{"rendered":"<p>Treiber hat Windows 8.1 an Board. Da brauchst du eigentlich keine.<br \/>\nDu bist genau nach Anleitung vorgegangen? Regedit dann sofort Bios dann neu starten?<\/p>\n"},"status":"1"},{"id":4476,"parent":0,"author":0,"author_name":"Windows 8 Bootproblem","author_email":"","author_url":"http:\/\/www.overclockingstation.de\/windows-7\/19989-windows-8-bootproblem.html#post313798","author_avatar_urls":{"24":"https:\/\/secure.gravatar.com\/avatar\/?s=24&d=mm&r=g","48":"https:\/\/secure.gravatar.com\/avatar\/?s=48&d=mm&r=g","96":"https:\/\/secure.gravatar.com\/avatar\/?s=96&d=mm&r=g"},"date":"2014-01-06T19:59:22","cld_nonce":"015d9540d6","content":{"rendered":"<p>[&#8230;]  [&#8230;]<\/p>\n"},"status":"1"},{"id":4571,"parent":0,"author":0,"author_name":"ralleycorse","author_email":"thomas.busch@mnet-online.de","author_url":"","author_avatar_urls":{"24":"https:\/\/secure.gravatar.com\/avatar\/d0e81e7e27743127494346669da51e2bbe655274794903da29a62ff50c08b7d0?s=24&d=mm&r=g","48":"https:\/\/secure.gravatar.com\/avatar\/d0e81e7e27743127494346669da51e2bbe655274794903da29a62ff50c08b7d0?s=48&d=mm&r=g","96":"https:\/\/secure.gravatar.com\/avatar\/d0e81e7e27743127494346669da51e2bbe655274794903da29a62ff50c08b7d0?s=96&d=mm&r=g"},"date":"2014-01-16T20:32:46","cld_nonce":"015d9540d6","content":{"rendered":"<p>hm,<\/p>\n<p>bei mir klappt es einfach nicht <img src=\"https:\/\/www.deskmodder.de\/blog\/wp-content\/plugins\/classic-smilies\/img\/icon_sad.gif\" alt=\":-(\" class=\"wp-smiley\" \/><br \/>\nAlle Einstellungen in der registry sind schon so wie hier beschrieben. Dennoch crasht windoof wenn ich es im Bios umstelle. Auch die &#8222;Reparatur&#8220; hat da nix erreicht.<br \/>\nKann das daran liegen, dass die SSD unter einem Asus M2N-e formatiert wurde (das kann kein AHCI). Nun l\u00e4uft es auf einem ASROCK 970 Extreme und da w\u00fcrde ich gerne endlich AHCI nutzen!?<br \/>\nMan, ist das wirklich so schwierig und muss ich jetzt das ganze System platt machen und neu installieren??<\/p>\n<p>ralleycorse<\/p>\n"},"status":"1"},{"id":4581,"parent":0,"author":3,"author_name":"moinmoin","author_email":"moin-moin@hab-verschlafen.de","author_url":"","author_avatar_urls":{"24":"https:\/\/secure.gravatar.com\/avatar\/fab96769102f8886245ab411df9a42a235be79261e4b44aa7ab2a555da8b86b4?s=24&d=mm&r=g","48":"https:\/\/secure.gravatar.com\/avatar\/fab96769102f8886245ab411df9a42a235be79261e4b44aa7ab2a555da8b86b4?s=48&d=mm&r=g","96":"https:\/\/secure.gravatar.com\/avatar\/fab96769102f8886245ab411df9a42a235be79261e4b44aa7ab2a555da8b86b4?s=96&d=mm&r=g"},"date":"2014-01-17T17:24:09","cld_nonce":"015d9540d6","content":{"rendered":"<p>Hallo ralleycorse,<br \/>\nam formatieren kann es nicht liegen.<br \/>\nHast du die SSD auch auf dem ersten Sata-Steckplatz?<\/p>\n"},"status":"1"},{"id":4587,"parent":0,"author":0,"author_name":"ralleycorse","author_email":"thomas.busch@mnet-online.de","author_url":"","author_avatar_urls":{"24":"https:\/\/secure.gravatar.com\/avatar\/d0e81e7e27743127494346669da51e2bbe655274794903da29a62ff50c08b7d0?s=24&d=mm&r=g","48":"https:\/\/secure.gravatar.com\/avatar\/d0e81e7e27743127494346669da51e2bbe655274794903da29a62ff50c08b7d0?s=48&d=mm&r=g","96":"https:\/\/secure.gravatar.com\/avatar\/d0e81e7e27743127494346669da51e2bbe655274794903da29a62ff50c08b7d0?s=96&d=mm&r=g"},"date":"2014-01-17T21:49:56","cld_nonce":"015d9540d6","content":{"rendered":"<p>Ja, ist am SATA1&#8230;<\/p>\n"},"status":"1"},{"id":4589,"parent":0,"author":3,"author_name":"moinmoin","author_email":"moin-moin@hab-verschlafen.de","author_url":"","author_avatar_urls":{"24":"https:\/\/secure.gravatar.com\/avatar\/fab96769102f8886245ab411df9a42a235be79261e4b44aa7ab2a555da8b86b4?s=24&d=mm&r=g","48":"https:\/\/secure.gravatar.com\/avatar\/fab96769102f8886245ab411df9a42a235be79261e4b44aa7ab2a555da8b86b4?s=48&d=mm&r=g","96":"https:\/\/secure.gravatar.com\/avatar\/fab96769102f8886245ab411df9a42a235be79261e4b44aa7ab2a555da8b86b4?s=96&d=mm&r=g"},"date":"2014-01-18T08:07:09","cld_nonce":"015d9540d6","content":{"rendered":"<p>Da bin ich dann \u00fcberfragt. Ganz ehrlich.<\/p>\n"},"status":"1"},{"id":4594,"parent":0,"author":0,"author_name":"ralleycorse","author_email":"thomas.busch@mnet-online.de","author_url":"","author_avatar_urls":{"24":"https:\/\/secure.gravatar.com\/avatar\/d0e81e7e27743127494346669da51e2bbe655274794903da29a62ff50c08b7d0?s=24&d=mm&r=g","48":"https:\/\/secure.gravatar.com\/avatar\/d0e81e7e27743127494346669da51e2bbe655274794903da29a62ff50c08b7d0?s=48&d=mm&r=g","96":"https:\/\/secure.gravatar.com\/avatar\/d0e81e7e27743127494346669da51e2bbe655274794903da29a62ff50c08b7d0?s=96&d=mm&r=g"},"date":"2014-01-18T14:59:00","cld_nonce":"015d9540d6","content":{"rendered":"<p>*seufz*<\/p>\n<p>Warum finde ich immer die Probleme die noch keiner hatte?<br \/>\nMuss ich bei Gelegenheit wohl mal komplett neu installieren.<\/p>\n<p>Danke trotzdem,<\/p>\n<p>ralleycorse<\/p>\n"},"status":"1"},{"id":4873,"parent":0,"author":1697,"author_name":"huggenknubbel","author_email":"hirsch.steffen@googlemail.com","author_url":"","author_avatar_urls":{"24":"https:\/\/secure.gravatar.com\/avatar\/96c35124acbd3bd4708db6ba2eefa32f6bb580bddacbdfa230186a06f719ed79?s=24&d=mm&r=g","48":"https:\/\/secure.gravatar.com\/avatar\/96c35124acbd3bd4708db6ba2eefa32f6bb580bddacbdfa230186a06f719ed79?s=48&d=mm&r=g","96":"https:\/\/secure.gravatar.com\/avatar\/96c35124acbd3bd4708db6ba2eefa32f6bb580bddacbdfa230186a06f719ed79?s=96&d=mm&r=g"},"date":"2014-02-21T10:03:28","cld_nonce":"015d9540d6","content":{"rendered":"<p>ich hatte das selbe Problem wie ralleycorse.<br \/>\nHKEY_LOCAL_MACHINE\\System\\CurrentControlSet\\Services\\pciide Start auf 3 stellen, runterfahren, auf AHCI stellen, starten, freuen <img src=\"https:\/\/www.deskmodder.de\/blog\/wp-content\/plugins\/classic-smilies\/img\/icon_smile.gif\" alt=\":)\" class=\"wp-smiley\" \/><\/p>\n"},"status":"1"},{"id":4900,"parent":0,"author":1705,"author_name":"mchnp006","author_email":"pn006@gmx.de","author_url":"","author_avatar_urls":{"24":"https:\/\/secure.gravatar.com\/avatar\/7248189fc00075245c84960db7f1e805f662b68cbefdce1c9b6cbd3bd0500714?s=24&d=mm&r=g","48":"https:\/\/secure.gravatar.com\/avatar\/7248189fc00075245c84960db7f1e805f662b68cbefdce1c9b6cbd3bd0500714?s=48&d=mm&r=g","96":"https:\/\/secure.gravatar.com\/avatar\/7248189fc00075245c84960db7f1e805f662b68cbefdce1c9b6cbd3bd0500714?s=96&d=mm&r=g"},"date":"2014-02-24T17:51:24","cld_nonce":"015d9540d6","content":{"rendered":"<p>Hat jemand Erfahrung ob und wie die Umstellung auf AHCI funktioniert, wenn man Windows 8 auf der einen und Windows 7 auf einer anderen Partition installiert hat ?<\/p>\n<p>Mu\u00df ich a) die Regedit in Windows 8 \u00e4ndern und b) auch in Windows 7 ?<\/p>\n<p>danke<\/p>\n"},"status":"1"},{"id":4901,"parent":0,"author":3,"author_name":"moinmoin","author_email":"moin-moin@hab-verschlafen.de","author_url":"","author_avatar_urls":{"24":"https:\/\/secure.gravatar.com\/avatar\/fab96769102f8886245ab411df9a42a235be79261e4b44aa7ab2a555da8b86b4?s=24&d=mm&r=g","48":"https:\/\/secure.gravatar.com\/avatar\/fab96769102f8886245ab411df9a42a235be79261e4b44aa7ab2a555da8b86b4?s=48&d=mm&r=g","96":"https:\/\/secure.gravatar.com\/avatar\/fab96769102f8886245ab411df9a42a235be79261e4b44aa7ab2a555da8b86b4?s=96&d=mm&r=g"},"date":"2014-02-24T17:58:21","cld_nonce":"015d9540d6","content":{"rendered":"<p>Du musst sie unter Win 8 und auch unter Win 7 \u00e4ndern.Unter Win 7 ist es aber &#8230;\\services\\<b>msahci<\/b><\/p>\n<p>Was du versuchen kannst ist: Erst unter Win 7 \u00e4ndern, zu Win 8 booten \u00e4ndern und danach neu starten und im Bios den Eintrag \u00e4ndern.<\/p>\n<p>Gib mal bescheid, wenns geklappt hat.<\/p>\n"},"status":"1"},{"id":4929,"parent":0,"author":0,"author_name":"Seltsames Disk und Partitionen auf meiner Festplatte","author_email":"","author_url":"http:\/\/www.drwindows.de\/windows-8-allgemein\/72471-seltsames-disk-und-partitionen-auf-meiner-festplatte.html#post614348","author_avatar_urls":{"24":"https:\/\/secure.gravatar.com\/avatar\/?s=24&d=mm&r=g","48":"https:\/\/secure.gravatar.com\/avatar\/?s=48&d=mm&r=g","96":"https:\/\/secure.gravatar.com\/avatar\/?s=96&d=mm&r=g"},"date":"2014-02-28T13:59:03","cld_nonce":"015d9540d6","content":{"rendered":"<p>[&#8230;]  [&#8230;]<\/p>\n"},"status":"1"},{"id":5101,"parent":0,"author":0,"author_name":"tminar","author_email":"tminar@arcor.de","author_url":"http:\/\/www.tminar.9gb.eu","author_avatar_urls":{"24":"https:\/\/secure.gravatar.com\/avatar\/7f00ca04e7b34f1af44293c4f5d717e4f3cfc32519d7163ab8f223a7730e4fcd?s=24&d=mm&r=g","48":"https:\/\/secure.gravatar.com\/avatar\/7f00ca04e7b34f1af44293c4f5d717e4f3cfc32519d7163ab8f223a7730e4fcd?s=48&d=mm&r=g","96":"https:\/\/secure.gravatar.com\/avatar\/7f00ca04e7b34f1af44293c4f5d717e4f3cfc32519d7163ab8f223a7730e4fcd?s=96&d=mm&r=g"},"date":"2014-03-25T12:19:47","cld_nonce":"015d9540d6","content":{"rendered":"<p>&#8230; klappte anf\u00e4nglich nicht.<br \/>\nIch musste zuerst HKEY_LOCAL_MACHINESYSTEMCurrentControlSetServicesstorahci den Wert: Start auf 0 stellen.<br \/>\nDann im Unterschl\u00fcssel StartOverride ebenfalls den Wert: Start auf 0 stellen.<br \/>\nNeustart&gt;Bios umstellen&gt;Bingo!!<br \/>\nDer Unterschl\u00fcssel StartOverride verschwand danach automatisch.<\/p>\n"},"status":"1"},{"id":5102,"parent":0,"author":3,"author_name":"moinmoin","author_email":"moin-moin@hab-verschlafen.de","author_url":"","author_avatar_urls":{"24":"https:\/\/secure.gravatar.com\/avatar\/fab96769102f8886245ab411df9a42a235be79261e4b44aa7ab2a555da8b86b4?s=24&d=mm&r=g","48":"https:\/\/secure.gravatar.com\/avatar\/fab96769102f8886245ab411df9a42a235be79261e4b44aa7ab2a555da8b86b4?s=48&d=mm&r=g","96":"https:\/\/secure.gravatar.com\/avatar\/fab96769102f8886245ab411df9a42a235be79261e4b44aa7ab2a555da8b86b4?s=96&d=mm&r=g"},"date":"2014-03-25T16:25:05","cld_nonce":"015d9540d6","content":{"rendered":"<p>Na Hauptsache es hat im Endeffekt funktioniert. <img src=\"https:\/\/www.deskmodder.de\/blog\/wp-content\/plugins\/classic-smilies\/img\/icon_smile.gif\" alt=\":)\" class=\"wp-smiley\" \/><br \/>\nVielleicht hilft es noch dem einen oder anderen.<\/p>\n"},"status":"1"},{"id":5142,"parent":0,"author":1705,"author_name":"mchnp006","author_email":"pn006@gmx.de","author_url":"","author_avatar_urls":{"24":"https:\/\/secure.gravatar.com\/avatar\/7248189fc00075245c84960db7f1e805f662b68cbefdce1c9b6cbd3bd0500714?s=24&d=mm&r=g","48":"https:\/\/secure.gravatar.com\/avatar\/7248189fc00075245c84960db7f1e805f662b68cbefdce1c9b6cbd3bd0500714?s=48&d=mm&r=g","96":"https:\/\/secure.gravatar.com\/avatar\/7248189fc00075245c84960db7f1e805f662b68cbefdce1c9b6cbd3bd0500714?s=96&d=mm&r=g"},"date":"2014-03-31T17:23:17","cld_nonce":"015d9540d6","content":{"rendered":"<p>Ich habe bereits zweimal auf AHCI umgestellt, das booten hat danach zu lange gedauert. Danach hatte ich ca. 2 Tage Aufwand bis alles wieder im IDE-Modus so lief wie zuvor. Deshalb f\u00fcrchte ich mich nochmals einen Versuch zu starten.<br \/>\nHatte bereits am 24.2.14 hier im Forum die Frage gestellt, wie und ob die Umstellung auf AHCI bei Nutzung von zwei Windowsversionen (W7 und W8) funktioniert.<br \/>\nMeine Nachfrage zur Antwort von moinmoin : gibt es denn auf einem computer mehrere Regedit ? Meines Erachtens gibt es nur eine Regedit.<\/p>\n"},"status":"1"},{"id":5143,"parent":0,"author":3,"author_name":"moinmoin","author_email":"moin-moin@hab-verschlafen.de","author_url":"","author_avatar_urls":{"24":"https:\/\/secure.gravatar.com\/avatar\/fab96769102f8886245ab411df9a42a235be79261e4b44aa7ab2a555da8b86b4?s=24&d=mm&r=g","48":"https:\/\/secure.gravatar.com\/avatar\/fab96769102f8886245ab411df9a42a235be79261e4b44aa7ab2a555da8b86b4?s=48&d=mm&r=g","96":"https:\/\/secure.gravatar.com\/avatar\/fab96769102f8886245ab411df9a42a235be79261e4b44aa7ab2a555da8b86b4?s=96&d=mm&r=g"},"date":"2014-03-31T18:02:31","cld_nonce":"015d9540d6","content":{"rendered":"<p>Hallo mchnp006,<br \/>\nscheinbar verwechselst du das Bios mit der Registry.<br \/>\nDas Bios gibt es auf dem PC nur einmal. Aber jede Windows-Version hat seine eigene Registry. Deshalb musst du auch die Umstellung in beiden Systemen sowie im Bios vornehmen. Sonst kommt ein System durcheinander, da die Daten ja mit dem Bios abgeglichen werden beim Start.<br \/>\nIch hoffe das hilft dir weiter.<\/p>\n"},"status":"1"},{"id":5281,"parent":0,"author":1705,"author_name":"mchnp006","author_email":"pn006@gmx.de","author_url":"","author_avatar_urls":{"24":"https:\/\/secure.gravatar.com\/avatar\/7248189fc00075245c84960db7f1e805f662b68cbefdce1c9b6cbd3bd0500714?s=24&d=mm&r=g","48":"https:\/\/secure.gravatar.com\/avatar\/7248189fc00075245c84960db7f1e805f662b68cbefdce1c9b6cbd3bd0500714?s=48&d=mm&r=g","96":"https:\/\/secure.gravatar.com\/avatar\/7248189fc00075245c84960db7f1e805f662b68cbefdce1c9b6cbd3bd0500714?s=96&d=mm&r=g"},"date":"2014-04-08T16:28:25","cld_nonce":"015d9540d6","content":{"rendered":"<p>Nun habe ich mir doch noch mal die Zeit genommen nachtr\u00e4glich auf AHCI umzustellen. Habe alle hier im Forum gefundenen empfohlenen \u00c4nderungen in der regedit 1) in Windows 7 und 2) in Windows 8 vorgenommen. Dann in BIOS auf AHCI umgestellt <\/p>\n<p>Das booten in Windows 7 hat danach sofort funktioniert. Beim booten in Windows 8 bekam ich immer wieder folgende Fehlermeldung : &#8222;Auf dem PC ist ein Problem aufgetreten, es muss neu gestartet werden. Es werden einige Fehlerinformationen gesammet, und dann wird ein Neustart ausgef\u00fchrt.&#8220; Ich habe dann im abgesicherten Modus gebootet. Habe nichts ge\u00e4ndert. Habe neu gestartet, danach hat der PC normal gebootet.<br \/>\nEinziges Problem ist jetzt, dass die &#8222;Intitializing Adapters&#8220; l\u00e4nger dauert (ca. 15 Sekunden). Wei\u00df jemand woran das noch liegen k\u00f6nnte ?<br \/>\nAn sonstens bin ich jetzt happy, dass das booten im AHCI-Modus funktioniert. Allen sei Dank.<\/p>\n"},"status":"1"},{"id":5282,"parent":0,"author":3,"author_name":"moinmoin","author_email":"moin-moin@hab-verschlafen.de","author_url":"","author_avatar_urls":{"24":"https:\/\/secure.gravatar.com\/avatar\/fab96769102f8886245ab411df9a42a235be79261e4b44aa7ab2a555da8b86b4?s=24&d=mm&r=g","48":"https:\/\/secure.gravatar.com\/avatar\/fab96769102f8886245ab411df9a42a235be79261e4b44aa7ab2a555da8b86b4?s=48&d=mm&r=g","96":"https:\/\/secure.gravatar.com\/avatar\/fab96769102f8886245ab411df9a42a235be79261e4b44aa7ab2a555da8b86b4?s=96&d=mm&r=g"},"date":"2014-04-08T16:38:27","cld_nonce":"015d9540d6","content":{"rendered":"<p>Erst einmal sch\u00f6n zu h\u00f6ren (lesen),dass es klappt.<br \/>\nFahr einmal den Rechner vollst\u00e4ndig herunter. St\u00f6psel  alle Ger\u00e4te (Drucker etc.) ab und starte dann neu.<br \/>\nEr scheint irgendein Ger\u00e4t nicht zu finden und sucht dementsprechend.<br \/>\nEin Versuch ist es wert. <img src=\"https:\/\/www.deskmodder.de\/blog\/wp-content\/plugins\/classic-smilies\/img\/icon_smile.gif\" alt=\":)\" class=\"wp-smiley\" \/><\/p>\n"},"status":"1"},{"id":5291,"parent":5282,"author":1705,"author_name":"mchnp006","author_email":"pn006@gmx.de","author_url":"","author_avatar_urls":{"24":"https:\/\/secure.gravatar.com\/avatar\/7248189fc00075245c84960db7f1e805f662b68cbefdce1c9b6cbd3bd0500714?s=24&d=mm&r=g","48":"https:\/\/secure.gravatar.com\/avatar\/7248189fc00075245c84960db7f1e805f662b68cbefdce1c9b6cbd3bd0500714?s=48&d=mm&r=g","96":"https:\/\/secure.gravatar.com\/avatar\/7248189fc00075245c84960db7f1e805f662b68cbefdce1c9b6cbd3bd0500714?s=96&d=mm&r=g"},"date":"2014-04-08T19:24:21","cld_nonce":"015d9540d6","content":{"rendered":"<p>Leider hat das Abst\u00f6pseln nichts gebracht. Trotzdem danke.<\/p>\n<p>Evtl. sollte ich eine Treiberaktualisierung durchf\u00fchren ?<\/p>\n"},"status":"1"},{"id":5301,"parent":5282,"author":1705,"author_name":"mchnp006","author_email":"pn006@gmx.de","author_url":"","author_avatar_urls":{"24":"https:\/\/secure.gravatar.com\/avatar\/7248189fc00075245c84960db7f1e805f662b68cbefdce1c9b6cbd3bd0500714?s=24&d=mm&r=g","48":"https:\/\/secure.gravatar.com\/avatar\/7248189fc00075245c84960db7f1e805f662b68cbefdce1c9b6cbd3bd0500714?s=48&d=mm&r=g","96":"https:\/\/secure.gravatar.com\/avatar\/7248189fc00075245c84960db7f1e805f662b68cbefdce1c9b6cbd3bd0500714?s=96&d=mm&r=g"},"date":"2014-04-09T10:20:46","cld_nonce":"015d9540d6","content":{"rendered":"<p>Noch ein Hinweis bzgl. der verz\u00f6gerten Initializierung Adapters<\/p>\n<p>Nach Umstellung auf AHCI kommt beim Booten folgender Hinweis :<br \/>\n&#8222;Serial Ata AHCI Bios This version supports only Harddisk and CD-Rom drivers&#8220;<\/p>\n<p>Kann die verz\u00f6gerte Initializierung damit zusammenh\u00e4ngen ?<\/p>\n"},"status":"1"},{"id":5302,"parent":0,"author":3,"author_name":"moinmoin","author_email":"moin-moin@hab-verschlafen.de","author_url":"","author_avatar_urls":{"24":"https:\/\/secure.gravatar.com\/avatar\/fab96769102f8886245ab411df9a42a235be79261e4b44aa7ab2a555da8b86b4?s=24&d=mm&r=g","48":"https:\/\/secure.gravatar.com\/avatar\/fab96769102f8886245ab411df9a42a235be79261e4b44aa7ab2a555da8b86b4?s=48&d=mm&r=g","96":"https:\/\/secure.gravatar.com\/avatar\/fab96769102f8886245ab411df9a42a235be79261e4b44aa7ab2a555da8b86b4?s=96&d=mm&r=g"},"date":"2014-04-09T12:12:41","cld_nonce":"015d9540d6","content":{"rendered":"<p>Durchaus. Bios ist auf dem neuesten Stand?<br \/>\nFestplatten am richtigen Sata (II) Anschluss?<\/p>\n"},"status":"1"},{"id":5304,"parent":5302,"author":1705,"author_name":"mchnp006","author_email":"pn006@gmx.de","author_url":"","author_avatar_urls":{"24":"https:\/\/secure.gravatar.com\/avatar\/7248189fc00075245c84960db7f1e805f662b68cbefdce1c9b6cbd3bd0500714?s=24&d=mm&r=g","48":"https:\/\/secure.gravatar.com\/avatar\/7248189fc00075245c84960db7f1e805f662b68cbefdce1c9b6cbd3bd0500714?s=48&d=mm&r=g","96":"https:\/\/secure.gravatar.com\/avatar\/7248189fc00075245c84960db7f1e805f662b68cbefdce1c9b6cbd3bd0500714?s=96&d=mm&r=g"},"date":"2014-04-09T13:32:20","cld_nonce":"015d9540d6","content":{"rendered":"<p>Festplatten am richtigen Anschluss.<\/p>\n<p>Lt. Hersteller (FSC) gibt es f\u00fcr mein BIOS (kein Update (mein PC Esprimo P5925).<\/p>\n<p>Ich denke es ist sicherer, wenn ich keine weiteren Experimente durchf\u00fchre und die ca. 13 Sekungen beim booten akzeptiere.<\/p>\n"},"status":"1"},{"id":5477,"parent":0,"author":0,"author_name":"Marc","author_email":"comarc@web.de","author_url":"","author_avatar_urls":{"24":"https:\/\/secure.gravatar.com\/avatar\/ab83143c305a0314772e9ff248cccf5878608b9060dee430977b18c9f0388b73?s=24&d=mm&r=g","48":"https:\/\/secure.gravatar.com\/avatar\/ab83143c305a0314772e9ff248cccf5878608b9060dee430977b18c9f0388b73?s=48&d=mm&r=g","96":"https:\/\/secure.gravatar.com\/avatar\/ab83143c305a0314772e9ff248cccf5878608b9060dee430977b18c9f0388b73?s=96&d=mm&r=g"},"date":"2014-04-27T10:57:16","cld_nonce":"015d9540d6","content":{"rendered":"<p>Hallo,<\/p>\n<p>bin exakt nach Anleitung vorgegangen &#8211; Win 8.1 startet im AHCI-Modus nicht ! Neustart-im BIOS wieder AHCI deaktiviert, aber WINDOWS startet nicht mehr ! F*** &#8230;<\/p>\n<p>Marc (LENOVO T61, SAMSUNG 840 EVO SSD, WIMDOWS 8.1 64 BIT<\/p>\n"},"status":"1"},{"id":5478,"parent":0,"author":3,"author_name":"moinmoin","author_email":"moin-moin@hab-verschlafen.de","author_url":"","author_avatar_urls":{"24":"https:\/\/secure.gravatar.com\/avatar\/fab96769102f8886245ab411df9a42a235be79261e4b44aa7ab2a555da8b86b4?s=24&d=mm&r=g","48":"https:\/\/secure.gravatar.com\/avatar\/fab96769102f8886245ab411df9a42a235be79261e4b44aa7ab2a555da8b86b4?s=48&d=mm&r=g","96":"https:\/\/secure.gravatar.com\/avatar\/fab96769102f8886245ab411df9a42a235be79261e4b44aa7ab2a555da8b86b4?s=96&d=mm&r=g"},"date":"2014-04-27T11:12:56","cld_nonce":"015d9540d6","content":{"rendered":"<p>Hallo Marc,<br \/>\nBios ist auf dem neusten Stand?<br \/>\nAnsonsten einmal den Kommentar von huggenknubbel (21. Februar 2014) durchlesen<\/p>\n"},"status":"1"},{"id":5481,"parent":0,"author":1705,"author_name":"mchnp006","author_email":"pn006@gmx.de","author_url":"","author_avatar_urls":{"24":"https:\/\/secure.gravatar.com\/avatar\/7248189fc00075245c84960db7f1e805f662b68cbefdce1c9b6cbd3bd0500714?s=24&d=mm&r=g","48":"https:\/\/secure.gravatar.com\/avatar\/7248189fc00075245c84960db7f1e805f662b68cbefdce1c9b6cbd3bd0500714?s=48&d=mm&r=g","96":"https:\/\/secure.gravatar.com\/avatar\/7248189fc00075245c84960db7f1e805f662b68cbefdce1c9b6cbd3bd0500714?s=96&d=mm&r=g"},"date":"2014-04-27T15:40:50","cld_nonce":"015d9540d6","content":{"rendered":"<p>Hallo moinmoin,<\/p>\n<p>nochmals ein Hinweis zur verl\u00e4ngerten Bootzeit bzw. &#8222;H\u00e4nger&#8220; beim Initilizing Adapters:<\/p>\n<p>in einem anderen Forum &#8222;http:\/\/www.biosflash.com&#8220; habe ich gelesen bzw. die Antwort erhalten, dass ein &#8222;H\u00e4nger&#8220; im AHCI-Modus normal w\u00e4re.<\/p>\n<p>Bei &#8222;Initilizing Adapters&#8220; h\u00e4ngt der PC 10 Sekunden<\/p>\n<p>Kannst Du dies best\u00e4tigen ?<\/p>\n"},"status":"1"},{"id":5482,"parent":0,"author":3,"author_name":"moinmoin","author_email":"moin-moin@hab-verschlafen.de","author_url":"","author_avatar_urls":{"24":"https:\/\/secure.gravatar.com\/avatar\/fab96769102f8886245ab411df9a42a235be79261e4b44aa7ab2a555da8b86b4?s=24&d=mm&r=g","48":"https:\/\/secure.gravatar.com\/avatar\/fab96769102f8886245ab411df9a42a235be79261e4b44aa7ab2a555da8b86b4?s=48&d=mm&r=g","96":"https:\/\/secure.gravatar.com\/avatar\/fab96769102f8886245ab411df9a42a235be79261e4b44aa7ab2a555da8b86b4?s=96&d=mm&r=g"},"date":"2014-04-27T16:16:54","cld_nonce":"015d9540d6","content":{"rendered":"<p>Nein, normal ist das nicht.<br \/>\nAber in dem Zusammenhang hatte ich schon mal gelesen, dass hier der Marvell Adapter schuld sein kann.<br \/>\nDeshalb sollte man, wenn auf dem Board ein nativer und ein externer (Marvell) Adapter verbaut sind, die SSD immer auf den ersten Steckplatz setzen. Dort wo der native Adapter angesprochen wird.<\/p>\n"},"status":"1"},{"id":5483,"parent":5482,"author":1705,"author_name":"mchnp006","author_email":"pn006@gmx.de","author_url":"","author_avatar_urls":{"24":"https:\/\/secure.gravatar.com\/avatar\/7248189fc00075245c84960db7f1e805f662b68cbefdce1c9b6cbd3bd0500714?s=24&d=mm&r=g","48":"https:\/\/secure.gravatar.com\/avatar\/7248189fc00075245c84960db7f1e805f662b68cbefdce1c9b6cbd3bd0500714?s=48&d=mm&r=g","96":"https:\/\/secure.gravatar.com\/avatar\/7248189fc00075245c84960db7f1e805f662b68cbefdce1c9b6cbd3bd0500714?s=96&d=mm&r=g"},"date":"2014-04-27T16:44:10","cld_nonce":"015d9540d6","content":{"rendered":"<p>Hallo moinmoin,<\/p>\n<p>danke.<\/p>\n<p>Mein Board hat kein Marvell Adapter und SSD ist auf erstem Steckplatz.<\/p>\n"},"status":"1"},{"id":5536,"parent":0,"author":1705,"author_name":"mchnp006","author_email":"pn006@gmx.de","author_url":"","author_avatar_urls":{"24":"https:\/\/secure.gravatar.com\/avatar\/7248189fc00075245c84960db7f1e805f662b68cbefdce1c9b6cbd3bd0500714?s=24&d=mm&r=g","48":"https:\/\/secure.gravatar.com\/avatar\/7248189fc00075245c84960db7f1e805f662b68cbefdce1c9b6cbd3bd0500714?s=48&d=mm&r=g","96":"https:\/\/secure.gravatar.com\/avatar\/7248189fc00075245c84960db7f1e805f662b68cbefdce1c9b6cbd3bd0500714?s=96&d=mm&r=g"},"date":"2014-05-02T17:46:37","cld_nonce":"015d9540d6","content":{"rendered":"<p>Hallo moinmoin,<\/p>\n<p>ich habe geantwortet, da\u00df mein Board kein Marvell Adapter hat. In der Regedit kommt die Bezeichnung Marvell wiederholt vor. Jetzt stellt sich f\u00fcr mich die Frage ob mein Board doch einen Marvell Adapter hat. Blo\u00df wie kann ich dieses feststellen ?<\/p>\n<p>Danke.<\/p>\n"},"status":"1"},{"id":5537,"parent":0,"author":3,"author_name":"moinmoin","author_email":"moin-moin@hab-verschlafen.de","author_url":"","author_avatar_urls":{"24":"https:\/\/secure.gravatar.com\/avatar\/fab96769102f8886245ab411df9a42a235be79261e4b44aa7ab2a555da8b86b4?s=24&d=mm&r=g","48":"https:\/\/secure.gravatar.com\/avatar\/fab96769102f8886245ab411df9a42a235be79261e4b44aa7ab2a555da8b86b4?s=48&d=mm&r=g","96":"https:\/\/secure.gravatar.com\/avatar\/fab96769102f8886245ab411df9a42a235be79261e4b44aa7ab2a555da8b86b4?s=96&d=mm&r=g"},"date":"2014-05-02T17:59:36","cld_nonce":"015d9540d6","content":{"rendered":"<p>Im Ger\u00e4temanager unter Netzwerkadapter.<br \/>\nDeaktivieren kannst du ihn im Bios. Musst mal schauen.<\/p>\n"},"status":"1"},{"id":5538,"parent":5537,"author":1705,"author_name":"mchnp006","author_email":"pn006@gmx.de","author_url":"","author_avatar_urls":{"24":"https:\/\/secure.gravatar.com\/avatar\/7248189fc00075245c84960db7f1e805f662b68cbefdce1c9b6cbd3bd0500714?s=24&d=mm&r=g","48":"https:\/\/secure.gravatar.com\/avatar\/7248189fc00075245c84960db7f1e805f662b68cbefdce1c9b6cbd3bd0500714?s=48&d=mm&r=g","96":"https:\/\/secure.gravatar.com\/avatar\/7248189fc00075245c84960db7f1e805f662b68cbefdce1c9b6cbd3bd0500714?s=96&d=mm&r=g"},"date":"2014-05-02T18:09:45","cld_nonce":"015d9540d6","content":{"rendered":"<p>Hallo moinmoin,<\/p>\n<p>danke.<\/p>\n<p>Im Ger\u00e4temanager steht unter Netzwerkadapter &#8222;Intel(R) 82566DM-2-Gibabit Netzwerkverbindung&#8220;.<\/p>\n<p>D.h. doch kein Marvell-Adapter ?<\/p>\n"},"status":"1"},{"id":5539,"parent":0,"author":3,"author_name":"moinmoin","author_email":"moin-moin@hab-verschlafen.de","author_url":"","author_avatar_urls":{"24":"https:\/\/secure.gravatar.com\/avatar\/fab96769102f8886245ab411df9a42a235be79261e4b44aa7ab2a555da8b86b4?s=24&d=mm&r=g","48":"https:\/\/secure.gravatar.com\/avatar\/fab96769102f8886245ab411df9a42a235be79261e4b44aa7ab2a555da8b86b4?s=48&d=mm&r=g","96":"https:\/\/secure.gravatar.com\/avatar\/fab96769102f8886245ab411df9a42a235be79261e4b44aa7ab2a555da8b86b4?s=96&d=mm&r=g"},"date":"2014-05-02T18:11:36","cld_nonce":"015d9540d6","content":{"rendered":"<p>Geh mal im Ger\u00e4temanager unter Ansicht Ausgeblendete Ger\u00e4te anzeigen.<br \/>\nAnsonsten wie gesagt ins Bios.<\/p>\n"},"status":"1"},{"id":5541,"parent":5539,"author":1705,"author_name":"mchnp006","author_email":"pn006@gmx.de","author_url":"","author_avatar_urls":{"24":"https:\/\/secure.gravatar.com\/avatar\/7248189fc00075245c84960db7f1e805f662b68cbefdce1c9b6cbd3bd0500714?s=24&d=mm&r=g","48":"https:\/\/secure.gravatar.com\/avatar\/7248189fc00075245c84960db7f1e805f662b68cbefdce1c9b6cbd3bd0500714?s=48&d=mm&r=g","96":"https:\/\/secure.gravatar.com\/avatar\/7248189fc00075245c84960db7f1e805f662b68cbefdce1c9b6cbd3bd0500714?s=96&d=mm&r=g"},"date":"2014-05-03T11:38:42","cld_nonce":"015d9540d6","content":{"rendered":"<p>Hallo moinmoin,<\/p>\n<p>jetzt steht unter Netzwerkadapter:<\/p>\n<p>Asynchroner RAS-Adapter<br \/>\nIntel&#8230;&#8230;..<br \/>\nMicrosoft Kerneldebugger-Netzwerkadapter<br \/>\nMicrosoft-ISATAP-Adapter<br \/>\nTeredo Tunneling Pseudo-Interface<br \/>\nWAN-Miniport (IKEv2)<br \/>\nWAN-Miniport&#8230;&#8230;.<br \/>\nDer Eintrag WAN-Miniport wiederholt sich 8 mal mit unterschiedlichen Klammereintr\u00e4gen.<\/p>\n<p>F\u00fcr mich wird es immer verwirrter.<\/p>\n<p>Unter Andere Ger\u00e4te sind 3 Ger\u00e4te mit Ausrufezeichen gekennzeichnet<br \/>\nund ein Ger\u00e4t mit ?<\/p>\n"},"status":"1"},{"id":5542,"parent":0,"author":3,"author_name":"moinmoin","author_email":"moin-moin@hab-verschlafen.de","author_url":"","author_avatar_urls":{"24":"https:\/\/secure.gravatar.com\/avatar\/fab96769102f8886245ab411df9a42a235be79261e4b44aa7ab2a555da8b86b4?s=24&d=mm&r=g","48":"https:\/\/secure.gravatar.com\/avatar\/fab96769102f8886245ab411df9a42a235be79261e4b44aa7ab2a555da8b86b4?s=48&d=mm&r=g","96":"https:\/\/secure.gravatar.com\/avatar\/fab96769102f8886245ab411df9a42a235be79261e4b44aa7ab2a555da8b86b4?s=96&d=mm&r=g"},"date":"2014-05-03T12:29:20","cld_nonce":"015d9540d6","content":{"rendered":"<p>Muss nicht verwirren, sind ja ausgeblendete Ger\u00e4te.<br \/>\nUnd was sagt das Bios?<\/p>\n"},"status":"1"},{"id":5548,"parent":5542,"author":1705,"author_name":"mchnp006","author_email":"pn006@gmx.de","author_url":"","author_avatar_urls":{"24":"https:\/\/secure.gravatar.com\/avatar\/7248189fc00075245c84960db7f1e805f662b68cbefdce1c9b6cbd3bd0500714?s=24&d=mm&r=g","48":"https:\/\/secure.gravatar.com\/avatar\/7248189fc00075245c84960db7f1e805f662b68cbefdce1c9b6cbd3bd0500714?s=48&d=mm&r=g","96":"https:\/\/secure.gravatar.com\/avatar\/7248189fc00075245c84960db7f1e805f662b68cbefdce1c9b6cbd3bd0500714?s=96&d=mm&r=g"},"date":"2014-05-03T15:35:33","cld_nonce":"015d9540d6","content":{"rendered":"<p>Hallo moinmoin,<\/p>\n<p>im Bios gibt es keinen Hinweis auf diesen Adapter<\/p>\n"},"status":"1"},{"id":5549,"parent":0,"author":3,"author_name":"moinmoin","author_email":"moin-moin@hab-verschlafen.de","author_url":"","author_avatar_urls":{"24":"https:\/\/secure.gravatar.com\/avatar\/fab96769102f8886245ab411df9a42a235be79261e4b44aa7ab2a555da8b86b4?s=24&d=mm&r=g","48":"https:\/\/secure.gravatar.com\/avatar\/fab96769102f8886245ab411df9a42a235be79261e4b44aa7ab2a555da8b86b4?s=48&d=mm&r=g","96":"https:\/\/secure.gravatar.com\/avatar\/fab96769102f8886245ab411df9a42a235be79261e4b44aa7ab2a555da8b86b4?s=96&d=mm&r=g"},"date":"2014-05-03T17:52:34","cld_nonce":"015d9540d6","content":{"rendered":"<p>Dann weiss ich auch nicht weiter.<\/p>\n"},"status":"1"},{"id":5630,"parent":0,"author":0,"author_name":"Gast","author_email":"P-car@gmx.de","author_url":"","author_avatar_urls":{"24":"https:\/\/secure.gravatar.com\/avatar\/bfa22635914e5e0c69d0b96ff312677e4f48328520a3074a4d30f25c71e83a7d?s=24&d=mm&r=g","48":"https:\/\/secure.gravatar.com\/avatar\/bfa22635914e5e0c69d0b96ff312677e4f48328520a3074a4d30f25c71e83a7d?s=48&d=mm&r=g","96":"https:\/\/secure.gravatar.com\/avatar\/bfa22635914e5e0c69d0b96ff312677e4f48328520a3074a4d30f25c71e83a7d?s=96&d=mm&r=g"},"date":"2014-05-11T21:34:59","cld_nonce":"015d9540d6","content":{"rendered":"<p>Ich habe keinerlei Erfolg mit den oben genannten Tips gehabt.  Habe dann im IDE Modus alle IDE Controllertreiber durch den original AMD Chipsatztreiber (A88 Chipsatz)in der Systemsteuerung ersetzt. Man muss dazu auch inkompatible treiber anzeigen lassen und allen warnungen zum Trotz den Treiber installieren. Danach kommt eine Aufforderung zum neustart (AHCI Mode im BIOS wieder einschalten), wobei windows schon deutlich schneller l\u00e4dt, aber dennoch wegen eines Fehlers neustarten will.<br \/>\nDanach bin ich bei der nach 2 erfolglosen starts auftauchenden Systemreparatur zwei mal auf erweiterte einstelllungen gegangen und konnte irgendwann die Systemstartbedingungen ausw\u00e4hlen, nach einem neustart ist man dann in der Lage in den abgesicherten Modus zu kommen wobei Windows anstandslos startete und auch den AMD AHCI Treiber anzeigte!?!?!?   Danach gelang ein normaler start im AHCI Modus, sehr r\u00e4tselhaftes verhalten&#8230;.   Vieleicht gibt es noch eine andere Methode um schneller in den abgesicherten Modus zu kommen wie unter windows 7.<\/p>\n"},"status":"1"},{"id":5631,"parent":0,"author":3,"author_name":"moinmoin","author_email":"moin-moin@hab-verschlafen.de","author_url":"","author_avatar_urls":{"24":"https:\/\/secure.gravatar.com\/avatar\/fab96769102f8886245ab411df9a42a235be79261e4b44aa7ab2a555da8b86b4?s=24&d=mm&r=g","48":"https:\/\/secure.gravatar.com\/avatar\/fab96769102f8886245ab411df9a42a235be79261e4b44aa7ab2a555da8b86b4?s=48&d=mm&r=g","96":"https:\/\/secure.gravatar.com\/avatar\/fab96769102f8886245ab411df9a42a235be79261e4b44aa7ab2a555da8b86b4?s=96&d=mm&r=g"},"date":"2014-05-12T08:50:38","cld_nonce":"015d9540d6","content":{"rendered":"<p><i> Vieleicht gibt es noch eine andere Methode um schneller in den abgesicherten Modus zu kommen wie unter windows 7.<\/i><br \/>\nDie gibt es. Zum Beispiel einfach die Shift-Taste gedr\u00fcckt halten und Neu Starten anklicken.<br \/>\nSiehe: <a href='http:\/\/www.deskmodder.de\/wiki\/index.php?title=In_den_abgesicherten_Modus_von_Windows_8_starten'\" target=\"_blank\"' >In den abgesicherten Modus von Windows 8.x starten<\/a><\/p>\n"},"status":"1"},{"id":5665,"parent":0,"author":0,"author_name":"ano","author_email":"regin001@live.de","author_url":"http:\/\/ingabu","author_avatar_urls":{"24":"https:\/\/secure.gravatar.com\/avatar\/a25c3649ca24be6bbb59d093ea548503ef66847b8fa7ea8a231813c71c4b79ce?s=24&d=mm&r=g","48":"https:\/\/secure.gravatar.com\/avatar\/a25c3649ca24be6bbb59d093ea548503ef66847b8fa7ea8a231813c71c4b79ce?s=48&d=mm&r=g","96":"https:\/\/secure.gravatar.com\/avatar\/a25c3649ca24be6bbb59d093ea548503ef66847b8fa7ea8a231813c71c4b79ce?s=96&d=mm&r=g"},"date":"2014-05-14T21:38:26","cld_nonce":"015d9540d6","content":{"rendered":"<p>Und noch ein Tipp von unserem Leser W8-Tester:<br \/>\nBei mir funzte das nicht, wegen einem Unterschl\u00fcssel StartOverride<br \/>\n\u2026habe den besagten Unterschl\u00fcssel gel\u00f6scht und alles hat wie hier beschrieben funktioniert<br \/>\nSalut<\/p>\n<p>danke<br \/>\nmit dem hats geklappt <img src=\"https:\/\/www.deskmodder.de\/blog\/wp-content\/plugins\/classic-smilies\/img\/icon_smile.gif\" alt=\":)\" class=\"wp-smiley\" \/><br \/>\nmfg<\/p>\n"},"status":"1"},{"id":5674,"parent":0,"author":1795,"author_name":"Tommy79","author_email":"thomasreum@gmx.de","author_url":"","author_avatar_urls":{"24":"https:\/\/secure.gravatar.com\/avatar\/d51c2e5952895ea35c09ffdadde01a0ab8e967456472c57c52fd15830ee33433?s=24&d=mm&r=g","48":"https:\/\/secure.gravatar.com\/avatar\/d51c2e5952895ea35c09ffdadde01a0ab8e967456472c57c52fd15830ee33433?s=48&d=mm&r=g","96":"https:\/\/secure.gravatar.com\/avatar\/d51c2e5952895ea35c09ffdadde01a0ab8e967456472c57c52fd15830ee33433?s=96&d=mm&r=g"},"date":"2014-05-15T16:06:12","cld_nonce":"015d9540d6","content":{"rendered":"<p>Guten Tag die Damen und Herren, ich habe folgendes Problem:<\/p>\n<p>Mein Firmenlappi, ein Lenovo T540p mit einer Samsung 840 Pro Series internen SSD-Festplatte 256GB wird von Samsung Magician nicht erkannt und somit kann auch keine Leistungssteigerung erbracht werden. Die Werte sind zur Zeit unterirdisch.<br \/>\nIch nutze als OS: Windows 8.1 Enterprise<br \/>\nProzessor: Intel(R)Core(TM)i7-4700MQ CPU @ 2.40GHz<br \/>\nController: Intel(R)8 Series SATA AHCI Controller &#8211; 8C03<\/p>\n<p>Die Einstellungen in der regedit sind wie oben beschrieben, alle identisch. Das BIOS ist auf dem neuesten Stand. Leider kann man dort nicht mehr die Festplatteneinstellungen \u00fcberpr\u00fcfen. Wenn der Lappi startet kann man nur kurzzeitig erkennen, das die beiden Festplatten erkannt werden. Die Samsung-Festplatte ist die Master. Hab noch eine 2. eingebaut. Die 1TB gro\u00df ist.<\/p>\n<p>Hat irgendwer einen Plan, woran das Ganze hier scheitert und ich die Performance erh\u00f6hen kann. <\/p>\n<p>Gru\u00df<\/p>\n"},"status":"1"},{"id":5675,"parent":0,"author":3,"author_name":"moinmoin","author_email":"moin-moin@hab-verschlafen.de","author_url":"","author_avatar_urls":{"24":"https:\/\/secure.gravatar.com\/avatar\/fab96769102f8886245ab411df9a42a235be79261e4b44aa7ab2a555da8b86b4?s=24&d=mm&r=g","48":"https:\/\/secure.gravatar.com\/avatar\/fab96769102f8886245ab411df9a42a235be79261e4b44aa7ab2a555da8b86b4?s=48&d=mm&r=g","96":"https:\/\/secure.gravatar.com\/avatar\/fab96769102f8886245ab411df9a42a235be79261e4b44aa7ab2a555da8b86b4?s=96&d=mm&r=g"},"date":"2014-05-15T16:36:26","cld_nonce":"015d9540d6","content":{"rendered":"<p>Hallo Tommy,<br \/>\nwenn es ein Firmen-L\u00e4ppi ist, warum l\u00e4sst du dann das nicht die Admins der Firma \u00fcberpr\u00fcfen?<br \/>\nJetzt aber ein paar Fragen:<br \/>\nWird die SSD denn im Ger\u00e4te Manager erkannt?<br \/>\nWas ist bei dir unterirdisch?<br \/>\nLade dir mal <a href='http:\/\/www.alex-is.de\/PHP\/fusion\/downloads.php?cat_id=4&#038;download_id=9'\" target=\"_blank\"' >AS SSD Benchmark<\/a> (ganz unten) herunter und teste die SSD<br \/>\nWozu \u00fcberhaupt Samsung Magican?<br \/>\nWenn du sagst, die SSD ist &#8222;Master&#8220;, (gibt es bei SATA nicht mehr) schau nach, ob die SSD auch auf dem ersten Steckplatz ist.<br \/>\nAls Test kannst du ja mal die 1 TB Platte ab st\u00f6pseln und das Lenovo hochfahren.<\/p>\n"},"status":"1"},{"id":6291,"parent":0,"author":0,"author_name":"Halolo","author_email":"sgyvekeh.uws@20minutemail.com","author_url":"","author_avatar_urls":{"24":"https:\/\/secure.gravatar.com\/avatar\/909b47f4648128a5bac558fd350e29d42b095ff9449fc834060e47f718920c2e?s=24&d=mm&r=g","48":"https:\/\/secure.gravatar.com\/avatar\/909b47f4648128a5bac558fd350e29d42b095ff9449fc834060e47f718920c2e?s=48&d=mm&r=g","96":"https:\/\/secure.gravatar.com\/avatar\/909b47f4648128a5bac558fd350e29d42b095ff9449fc834060e47f718920c2e?s=96&d=mm&r=g"},"date":"2014-07-06T07:40:33","cld_nonce":"015d9540d6","content":{"rendered":"<p>bei mir hat es von alleine geklappt nach der umstellung im bios. ich brauchte nichts in der registry \u00e4ndern<\/p>\n"},"status":"1"},{"id":6458,"parent":0,"author":0,"author_name":"System: Systemabsturz und 1 x kurz, 3x lang","author_email":"","author_url":"http:\/\/www.drwindows.de\/windows-8-allgemein\/76895-systemabsturz-und-1-x-kurz-3x-lang.html#post671426","author_avatar_urls":{"24":"https:\/\/secure.gravatar.com\/avatar\/?s=24&d=mm&r=g","48":"https:\/\/secure.gravatar.com\/avatar\/?s=48&d=mm&r=g","96":"https:\/\/secure.gravatar.com\/avatar\/?s=96&d=mm&r=g"},"date":"2014-07-21T15:38:04","cld_nonce":"015d9540d6","content":{"rendered":"<p>[&#8230;]  [&#8230;]<\/p>\n"},"status":"1"},{"id":6913,"parent":0,"author":0,"author_name":"CryCeller","author_email":"skycrafthd@gmx.de","author_url":"","author_avatar_urls":{"24":"https:\/\/secure.gravatar.com\/avatar\/2eec71e428690db7253d8296d0669277ba244d6f498e7a410bee56c1119bfb63?s=24&d=mm&r=g","48":"https:\/\/secure.gravatar.com\/avatar\/2eec71e428690db7253d8296d0669277ba244d6f498e7a410bee56c1119bfb63?s=48&d=mm&r=g","96":"https:\/\/secure.gravatar.com\/avatar\/2eec71e428690db7253d8296d0669277ba244d6f498e7a410bee56c1119bfb63?s=96&d=mm&r=g"},"date":"2014-08-30T21:50:43","cld_nonce":"015d9540d6","content":{"rendered":"<p>Bei mir hat es leider auch nicht geklappt. In der registry war bei storahci der start schon auf 0 und StartOverride hab ich auch gel\u00f6scht. Dann hab ich im BIOS ahci eingestellt und es kam beim Starten ein Bluescreen&#8230; nachm Umstellen auf IDE hats dann wieder geklappt. Kann mir jemand helfen?<\/p>\n"},"status":"1"},{"id":6915,"parent":0,"author":3,"author_name":"moinmoin","author_email":"moin-moin@hab-verschlafen.de","author_url":"","author_avatar_urls":{"24":"https:\/\/secure.gravatar.com\/avatar\/fab96769102f8886245ab411df9a42a235be79261e4b44aa7ab2a555da8b86b4?s=24&d=mm&r=g","48":"https:\/\/secure.gravatar.com\/avatar\/fab96769102f8886245ab411df9a42a235be79261e4b44aa7ab2a555da8b86b4?s=48&d=mm&r=g","96":"https:\/\/secure.gravatar.com\/avatar\/fab96769102f8886245ab411df9a42a235be79261e4b44aa7ab2a555da8b86b4?s=96&d=mm&r=g"},"date":"2014-08-31T07:30:36","cld_nonce":"015d9540d6","content":{"rendered":"<p>Hast du auch den Tipp von Christian getestet? (Ganz unten im Beitrag)<\/p>\n"},"status":"1"},{"id":7111,"parent":0,"author":0,"author_name":"Problem Windows 8 64-bit Installation - Seite 2","author_email":"","author_url":"http:\/\/www.drwindows.de\/windows-8-allgemein\/78664-problem-windows-8-64-bit-installation-2.html#post700495","author_avatar_urls":{"24":"https:\/\/secure.gravatar.com\/avatar\/?s=24&d=mm&r=g","48":"https:\/\/secure.gravatar.com\/avatar\/?s=48&d=mm&r=g","96":"https:\/\/secure.gravatar.com\/avatar\/?s=96&d=mm&r=g"},"date":"2014-09-12T15:30:59","cld_nonce":"015d9540d6","content":{"rendered":"<p>[&#8230;]  [&#8230;]<\/p>\n"},"status":"1"},{"id":7776,"parent":0,"author":0,"author_name":"ASROCK AOD790GX\/128M - &quot;Bios checksum error&quot; beim Bios-Update auf 1.90b","author_email":"","author_url":"http:\/\/www.tweakpc.de\/forum\/asrock-amd-mainboards\/98347-asrock-aod790gx-128m-bios-checksum-error.html#post809772","author_avatar_urls":{"24":"https:\/\/secure.gravatar.com\/avatar\/?s=24&d=mm&r=g","48":"https:\/\/secure.gravatar.com\/avatar\/?s=48&d=mm&r=g","96":"https:\/\/secure.gravatar.com\/avatar\/?s=96&d=mm&r=g"},"date":"2014-11-07T17:51:34","cld_nonce":"015d9540d6","content":{"rendered":"<p>[&#8230;]  [&#8230;]<\/p>\n"},"status":"1"},{"id":8698,"parent":0,"author":0,"author_name":"Gerhardoddworld","author_email":"bauarbeiter.bob69@yahoo.de","author_url":"","author_avatar_urls":{"24":"https:\/\/secure.gravatar.com\/avatar\/98effaafac3b8c4b30c10d9cfb87adbe8d79b0131af6bce386d8a2f934012f0a?s=24&d=mm&r=g","48":"https:\/\/secure.gravatar.com\/avatar\/98effaafac3b8c4b30c10d9cfb87adbe8d79b0131af6bce386d8a2f934012f0a?s=48&d=mm&r=g","96":"https:\/\/secure.gravatar.com\/avatar\/98effaafac3b8c4b30c10d9cfb87adbe8d79b0131af6bce386d8a2f934012f0a?s=96&d=mm&r=g"},"date":"2015-01-21T18:33:40","cld_nonce":"015d9540d6","content":{"rendered":"<p>das mit dem override hat auch bei mir geklappt (vielen dank)<br \/>\naber wichtig ist das man da den wert auf 0 setzt, und nicht wie ich einfach wortw\u00f6rtlich den orner l\u00f6scht. Denn windows erstellt diesen Schl\u00fcssel\/Ordner einfach neu mit dem Wert der vorher das Problem war.<\/p>\n"},"status":"1"},{"id":8699,"parent":0,"author":134,"author_name":"&#109;&#111;&#105;&#110;&#109;&#111;&#105;&#110;","author_email":"moin-moin@hab-verschlafen.de","author_url":"","author_avatar_urls":{"24":"https:\/\/secure.gravatar.com\/avatar\/fab96769102f8886245ab411df9a42a235be79261e4b44aa7ab2a555da8b86b4?s=24&d=mm&r=g","48":"https:\/\/secure.gravatar.com\/avatar\/fab96769102f8886245ab411df9a42a235be79261e4b44aa7ab2a555da8b86b4?s=48&d=mm&r=g","96":"https:\/\/secure.gravatar.com\/avatar\/fab96769102f8886245ab411df9a42a235be79261e4b44aa7ab2a555da8b86b4?s=96&d=mm&r=g"},"date":"2015-01-21T18:45:45","cld_nonce":"015d9540d6","content":{"rendered":"<p>Hallo Gerhardoddworld,<br \/>\nich hab es einmal oben als Tipp mit angeh\u00e4ngt, da man es so oder eben so machen kann. <img src=\"https:\/\/www.deskmodder.de\/blog\/wp-content\/plugins\/classic-smilies\/img\/icon_smile.gif\" alt=\":)\" class=\"wp-smiley\" \/><br \/>\nDankesch\u00f6n.<\/p>\n"},"status":"1"},{"id":9088,"parent":0,"author":0,"author_name":"BIOS-Einstellungen","author_email":"","author_url":"http:\/\/www.drwindows.de\/windows-8-allgemein\/84581-bios-einstellungen.html#post786083","author_avatar_urls":{"24":"https:\/\/secure.gravatar.com\/avatar\/?s=24&d=mm&r=g","48":"https:\/\/secure.gravatar.com\/avatar\/?s=48&d=mm&r=g","96":"https:\/\/secure.gravatar.com\/avatar\/?s=96&d=mm&r=g"},"date":"2015-02-11T20:29:53","cld_nonce":"015d9540d6","content":{"rendered":"<p>[&#8230;]  [&#8230;]<\/p>\n"},"status":"1"},{"id":9355,"parent":0,"author":0,"author_name":"Andre grosse","author_email":"andregrosse@web.de","author_url":"","author_avatar_urls":{"24":"https:\/\/secure.gravatar.com\/avatar\/56fcf28e7d2f732341207c8738e5124f24442181537019762e223fe7889783f8?s=24&d=mm&r=g","48":"https:\/\/secure.gravatar.com\/avatar\/56fcf28e7d2f732341207c8738e5124f24442181537019762e223fe7889783f8?s=48&d=mm&r=g","96":"https:\/\/secure.gravatar.com\/avatar\/56fcf28e7d2f732341207c8738e5124f24442181537019762e223fe7889783f8?s=96&d=mm&r=g"},"date":"2015-03-01T01:56:53","cld_nonce":"015d9540d6","content":{"rendered":"<p>man mu\u00df die entsprechenden Registry Eintr\u00e4ge IM ABGESICHERTEN Modus ausf\u00fchren.Neu starten.Direkt ins Bios gehen und auf AHCI umstellen. fertig.<\/p>\n"},"status":"1"},{"id":9903,"parent":0,"author":0,"author_name":"Predator G3-605 Problem mit mSata SSD in meinem Predator - Acer-Userforum.de","author_email":"","author_url":"http:\/\/www.acer-userforum.de\/acer-desktop-pcs\/57418-predator-g3-605-problem-mit-msata-ssd-meinem-predator.html#post450612","author_avatar_urls":{"24":"https:\/\/secure.gravatar.com\/avatar\/?s=24&d=mm&r=g","48":"https:\/\/secure.gravatar.com\/avatar\/?s=48&d=mm&r=g","96":"https:\/\/secure.gravatar.com\/avatar\/?s=96&d=mm&r=g"},"date":"2015-04-04T20:35:15","cld_nonce":"015d9540d6","content":{"rendered":"<p>[&#8230;] Problem mit mSata SSD in meinem Predator      Schau dies mal nach.     __________________ Acer Aspire V3-772G Core i7-4702MQ, Geforce GTX 760M, 16GB DDR3L, [&#8230;]<\/p>\n"},"status":"1"},{"id":10419,"parent":0,"author":0,"author_name":"Merlin Erdogmus","author_email":"missgeburtensalato@web.de","author_url":"","author_avatar_urls":{"24":"https:\/\/secure.gravatar.com\/avatar\/555601bc56bae0ee929597497707f0c1bc7bd8f7aec0222e744f32191171da31?s=24&d=mm&r=g","48":"https:\/\/secure.gravatar.com\/avatar\/555601bc56bae0ee929597497707f0c1bc7bd8f7aec0222e744f32191171da31?s=48&d=mm&r=g","96":"https:\/\/secure.gravatar.com\/avatar\/555601bc56bae0ee929597497707f0c1bc7bd8f7aec0222e744f32191171da31?s=96&d=mm&r=g"},"date":"2015-05-02T06:28:54","cld_nonce":"015d9540d6","content":{"rendered":"<p>Habe erst die anf\u00e4ngliche Anleitung benutzt. Dauernd Systemfreezes und BIOS Abst\u00fcrze gehabt, dann BIOS zur\u00fcckgesetzt auf IDE und den 1. Tipp, also:<br \/>\n&#8222;Und noch ein Tipp von unserem Leser W8-Tester:<br \/>\nBei mir funzte das nicht, wegen einem Unterschl\u00fcssel StartOverride<br \/>\n\u2026habe den besagten Unterschl\u00fcssel gel\u00f6scht und alles hat wie hier beschrieben funktioniert<br \/>\nSalut&#8220;<br \/>\nAusgef\u00fchrt und jetzt l\u00e4uft alles.<\/p>\n"},"status":"1"},{"id":11218,"parent":0,"author":0,"author_name":"AHCI Mode mit Samsung 850 EVO und Dell Latitude E5540 ??? Wie bekomme ich das hin ?","author_email":"","author_url":"http:\/\/www.hardwareluxx.de\/community\/f100\/ahci-mode-mit-samsung-850-evo-und-dell-latitude-e5540-wie-bekomme-ich-das-hin-1075640.html#post23558268","author_avatar_urls":{"24":"https:\/\/secure.gravatar.com\/avatar\/?s=24&d=mm&r=g","48":"https:\/\/secure.gravatar.com\/avatar\/?s=48&d=mm&r=g","96":"https:\/\/secure.gravatar.com\/avatar\/?s=96&d=mm&r=g"},"date":"2015-06-07T14:47:02","cld_nonce":"015d9540d6","content":{"rendered":"<p>[&#8230;]  [&#8230;]<\/p>\n"},"status":"1"},{"id":11366,"parent":0,"author":0,"author_name":"Willobie","author_email":"ville@obermaiers24.de","author_url":"","author_avatar_urls":{"24":"https:\/\/secure.gravatar.com\/avatar\/8f4db07567b7fb9a7951ef7096eb4bd8e9513aba080a717fd34cabdf5c878ce4?s=24&d=mm&r=g","48":"https:\/\/secure.gravatar.com\/avatar\/8f4db07567b7fb9a7951ef7096eb4bd8e9513aba080a717fd34cabdf5c878ce4?s=48&d=mm&r=g","96":"https:\/\/secure.gravatar.com\/avatar\/8f4db07567b7fb9a7951ef7096eb4bd8e9513aba080a717fd34cabdf5c878ce4?s=96&d=mm&r=g"},"date":"2015-06-17T13:12:58","cld_nonce":"015d9540d6","content":{"rendered":"<p>Moin moin, also das l\u00f6schen des StartOverride hat letztendlich geholfen. Viel Arbeit bis dahin aber bin selber schuld, wer genau liest ist klar im Vorteil   ;o))  DANKE!!!<\/p>\n"},"status":"1"},{"id":12599,"parent":0,"author":0,"author_name":"Matze","author_email":"debran@gmx.de","author_url":"","author_avatar_urls":{"24":"https:\/\/secure.gravatar.com\/avatar\/336f94474a22c44e3c91646948249d4d7ccb2b2d9c05d1c4521b0597ee3e7a94?s=24&d=mm&r=g","48":"https:\/\/secure.gravatar.com\/avatar\/336f94474a22c44e3c91646948249d4d7ccb2b2d9c05d1c4521b0597ee3e7a94?s=48&d=mm&r=g","96":"https:\/\/secure.gravatar.com\/avatar\/336f94474a22c44e3c91646948249d4d7ccb2b2d9c05d1c4521b0597ee3e7a94?s=96&d=mm&r=g"},"date":"2015-07-19T14:48:11","cld_nonce":"015d9540d6","content":{"rendered":"<p>Moin, bei meinem Windows 8.1 waren keine besonderen \u00c4nderungen n\u00f6tig.<br \/>\nIch konnte AHCI nachtr\u00e4glichen \u00fcber folgenden Weg einschalten.<br \/>\nPC-Einstellungen -&gt; Update\/Wiederherstellung -&gt; Wiederherstellung -&gt; Erweiterter Start &#8211; Jetzt neu starten<br \/>\nSofort ins Bios\/UEFI<br \/>\nVon IDE auf AHCI umgeschaltet<br \/>\nNeu gestartet und Windows 8.1 im Abgesicherten Modus starten lassen -&gt; Neu gestartet und Windows 8.1 normal starten lassen.<br \/>\nEs gab keinen Bluescreen und alles funktioniert super.<\/p>\n<p>Ich hoffe dass das kein Einzelfall ist.<\/p>\n<p>MfG<\/p>\n"},"status":"1"},{"id":14050,"parent":0,"author":0,"author_name":"Sicherheit: Intel storage manager","author_email":"","author_url":"http:\/\/www.drwindows.de\/windows-10-desktop\/94453-intel-storage-manager.html#post932062","author_avatar_urls":{"24":"https:\/\/secure.gravatar.com\/avatar\/?s=24&d=mm&r=g","48":"https:\/\/secure.gravatar.com\/avatar\/?s=48&d=mm&r=g","96":"https:\/\/secure.gravatar.com\/avatar\/?s=96&d=mm&r=g"},"date":"2015-08-27T19:29:14","cld_nonce":"015d9540d6","content":{"rendered":"<p>[&#8230;]  [&#8230;]<\/p>\n"},"status":"1"},{"id":14134,"parent":0,"author":0,"author_name":"Meyer","author_email":"gibbon43@outlook.de","author_url":"","author_avatar_urls":{"24":"https:\/\/secure.gravatar.com\/avatar\/3d7ba6e88489301476affb666a7b21680969f802ab2b7fb4e84052a1dfba47d2?s=24&d=mm&r=g","48":"https:\/\/secure.gravatar.com\/avatar\/3d7ba6e88489301476affb666a7b21680969f802ab2b7fb4e84052a1dfba47d2?s=48&d=mm&r=g","96":"https:\/\/secure.gravatar.com\/avatar\/3d7ba6e88489301476affb666a7b21680969f802ab2b7fb4e84052a1dfba47d2?s=96&d=mm&r=g"},"date":"2015-08-28T19:45:37","cld_nonce":"015d9540d6","content":{"rendered":"<p>Funktionierte bei mir nicht. Der Tip unter<\/p>\n<p><a href=\"https:\/\/aruqq.de\/2013\/12\/windows-8-1-nachtraglich-von-ide-auf-ahci-umstellen\/\" rel=\"nofollow ugc\">https:\/\/aruqq.de\/2013\/12\/windows-8-1-nachtraglich-von-ide-auf-ahci-umstellen\/<\/a><\/p>\n<p>funktionierte auf Anhieb.<\/p>\n<p>Danke<\/p>\n"},"status":"1"},{"id":19014,"parent":0,"author":0,"author_name":"Windows 8\/8.1 ACHI nachtr\u00e4glich einschalten | headtrails","author_email":"","author_url":"http:\/\/headtrails.de\/?p=27","author_avatar_urls":{"24":"https:\/\/secure.gravatar.com\/avatar\/?s=24&d=mm&r=g","48":"https:\/\/secure.gravatar.com\/avatar\/?s=48&d=mm&r=g","96":"https:\/\/secure.gravatar.com\/avatar\/?s=96&d=mm&r=g"},"date":"2016-02-28T17:36:57","cld_nonce":"015d9540d6","content":{"rendered":"<p>[&#8230;] AHCI nachtr\u00e4glich aktivieren unter Windows 8, 8.1 und Windows 10 [&#8230;]<\/p>\n"},"status":"1"},{"id":58057,"parent":1405,"author":0,"author_name":"allendorfer","author_email":"jkarld@gmx.de","author_url":"","author_avatar_urls":{"24":"https:\/\/secure.gravatar.com\/avatar\/edf9d7d63e3b2fb9c92907c28ef0f575f554f58f81a405febe180b74d324e372?s=24&d=mm&r=g","48":"https:\/\/secure.gravatar.com\/avatar\/edf9d7d63e3b2fb9c92907c28ef0f575f554f58f81a405febe180b74d324e372?s=48&d=mm&r=g","96":"https:\/\/secure.gravatar.com\/avatar\/edf9d7d63e3b2fb9c92907c28ef0f575f554f58f81a405febe180b74d324e372?s=96&d=mm&r=g"},"date":"2017-10-16T10:29:27","cld_nonce":"015d9540d6","content":{"rendered":"<p>um welchen unterschl\u00fcssel im start override handelt es sich genau? Was sollte ich vielleicht genau l\u00f6schen?<\/p>\n<p>Mein Problem: AHCI l\u00e4st sich nicht nachtr\u00e4glich akivieren. Ger\u00e4temanager zeigt den Betrieb im SATA-IDE-Modus. Nach Neustsart und sofortiger Biosumstellung von IDE auf AHCI und neustart-speichern erscheint beim start von Windowsbluescreen (inacessible boot modus). Start nur  nach Bioseinstellung unter IDE m\u00f6glich. Derauf diesen  Seiten beschrieben  L\u00f6sungsweg ist bei mir diesmal  nicht zielf\u00fchrend.<\/p>\n<p>Alle Registry-Einstellung wieauf diesen Seiten  beschrieben durchgef\u00fchrt (Storahci-Override auf &#8218;(3) und StartOverride auf (3). Die Registryeintr\u00e4ge mit einem anderen PC (mit anderen Board), wo AHCI funktiert vorsichtshalber  verglichen Es zeigte sich  eine 100% \u00fcbereinstimmung. Ich vermute das Windows gar nicht versucht<\/p>\n<p> Ich bin nun  einigerma\u00dfen ratlos und wei\u00df nicht weiter. Wer wei\u00df rat?<\/p>\n<p>Ausstattung: (AMD-CPU; 970 Extrem3; SSD Samsung 850 EVO, win10 64) (nur eine SSD am ersten  (SATA1) Port angeschlossen<\/p>\n"},"status":"1"},{"id":58058,"parent":58057,"author":134,"author_name":"moinmoin","author_email":"moin-moin@hab-verschlafen.de","author_url":"","author_avatar_urls":{"24":"https:\/\/secure.gravatar.com\/avatar\/fab96769102f8886245ab411df9a42a235be79261e4b44aa7ab2a555da8b86b4?s=24&d=mm&r=g","48":"https:\/\/secure.gravatar.com\/avatar\/fab96769102f8886245ab411df9a42a235be79261e4b44aa7ab2a555da8b86b4?s=48&d=mm&r=g","96":"https:\/\/secure.gravatar.com\/avatar\/fab96769102f8886245ab411df9a42a235be79261e4b44aa7ab2a555da8b86b4?s=96&d=mm&r=g"},"date":"2017-10-16T10:48:52","cld_nonce":"015d9540d6","content":{"rendered":"<p>StartOverride wird bei einigen zus\u00e4tzlich noch angezeigt in der Registry im linken Verzeichnisbaum.<\/p>\n"},"status":"1"}],"wp_author":{"id":134,"name":"moinmoin","description":"Ich bin nicht allwissend, was <a href=\"https:\/\/www.deskmodder.de\/wiki\/index.php?title=Kategorie:Windows_11\">Windows<\/a> angeht. Aber genau deshalb nehme ich Windows gerne auseinander und unter die Lupe, um all mein Wissen zu erweitern. <i>J\u00fcrgen<\/i>","author_avatar_urls":{"24":"https:\/\/secure.gravatar.com\/avatar\/fab96769102f8886245ab411df9a42a235be79261e4b44aa7ab2a555da8b86b4?s=24&d=mm&r=g","48":"https:\/\/secure.gravatar.com\/avatar\/fab96769102f8886245ab411df9a42a235be79261e4b44aa7ab2a555da8b86b4?s=48&d=mm&r=g","96":"https:\/\/secure.gravatar.com\/avatar\/fab96769102f8886245ab411df9a42a235be79261e4b44aa7ab2a555da8b86b4?s=96&d=mm&r=g"}},"cld_nonce":"015d9540d6","yoast_head":"<!-- This site is optimized with the Yoast SEO Premium plugin v27.5 (Yoast SEO v27.5) - https:\/\/yoast.com\/product\/yoast-seo-premium-wordpress\/ -->\n<title>AHCI nachtr\u00e4glich aktivieren unter Windows 8, 8.1 und Windows 10 - Deskmodder.de<\/title>\n<meta name=\"robots\" content=\"index, follow, max-snippet:-1, max-image-preview:large, max-video-preview:-1\" \/>\n<link rel=\"canonical\" href=\"https:\/\/www.deskmodder.de\/blog\/2012\/10\/13\/ahci-nachtraeglich-aktivieren-unter-windows-8\/\" \/>\n<meta property=\"og:locale\" content=\"de_DE\" \/>\n<meta property=\"og:type\" content=\"article\" \/>\n<meta property=\"og:title\" content=\"AHCI nachtr\u00e4glich aktivieren unter Windows 8, 8.1 und Windows 10\" \/>\n<meta property=\"og:description\" content=\"AHCI ist ein Standard f\u00fcr SATA-Festplatten und auch f\u00fcr Raid-Systeme. Ist AHCI im Bios eingestellt, nimmt Windows (ab Vista) das auch als Standard und installiert das Betriebsystem im AHCI-Modus. Es kann ja mal passieren, dass im Bios IDE anstatt AHCI&hellip;\" \/>\n<meta property=\"og:url\" content=\"https:\/\/www.deskmodder.de\/blog\/2012\/10\/13\/ahci-nachtraeglich-aktivieren-unter-windows-8\/\" \/>\n<meta property=\"og:site_name\" content=\"Deskmodder.de\" \/>\n<meta property=\"article:publisher\" content=\"https:\/\/www.facebook.com\/Deskmodder\" \/>\n<meta property=\"article:published_time\" content=\"2012-10-13T08:39:17+00:00\" \/>\n<meta property=\"article:modified_time\" content=\"2023-01-14T16:19:11+00:00\" \/>\n<meta property=\"og:image\" content=\"https:\/\/www.deskmodder.de\/blog\/wp-content\/uploads\/2012\/10\/ahci_aktivieren_windows_8.jpg\" \/>\n\t<meta property=\"og:image:width\" content=\"603\" \/>\n\t<meta property=\"og:image:height\" content=\"408\" \/>\n\t<meta property=\"og:image:type\" content=\"image\/jpeg\" \/>\n<meta name=\"author\" content=\"moinmoin\" \/>\n<meta name=\"twitter:card\" content=\"summary_large_image\" \/>\n<meta name=\"twitter:creator\" content=\"@Deskmodder\" \/>\n<meta name=\"twitter:site\" content=\"@Deskmodder\" \/>\n<script type=\"application\/ld+json\" class=\"yoast-schema-graph\">{\"@context\":\"https:\\\/\\\/schema.org\",\"@graph\":[{\"@type\":\"Article\",\"@id\":\"https:\\\/\\\/www.deskmodder.de\\\/blog\\\/2012\\\/10\\\/13\\\/ahci-nachtraeglich-aktivieren-unter-windows-8\\\/#article\",\"isPartOf\":{\"@id\":\"https:\\\/\\\/www.deskmodder.de\\\/blog\\\/2012\\\/10\\\/13\\\/ahci-nachtraeglich-aktivieren-unter-windows-8\\\/\"},\"author\":{\"name\":\"moinmoin\",\"@id\":\"https:\\\/\\\/www.deskmodder.de\\\/blog\\\/#\\\/schema\\\/person\\\/a40b17a9503c4a1568ac4073bb54182a\"},\"headline\":\"AHCI nachtr\u00e4glich aktivieren unter Windows 8, 8.1 und Windows 10\",\"datePublished\":\"2012-10-13T08:39:17+00:00\",\"dateModified\":\"2023-01-14T16:19:11+00:00\",\"mainEntityOfPage\":{\"@id\":\"https:\\\/\\\/www.deskmodder.de\\\/blog\\\/2012\\\/10\\\/13\\\/ahci-nachtraeglich-aktivieren-unter-windows-8\\\/\"},\"wordCount\":386,\"commentCount\":82,\"publisher\":{\"@id\":\"https:\\\/\\\/www.deskmodder.de\\\/blog\\\/#organization\"},\"image\":{\"@id\":\"https:\\\/\\\/www.deskmodder.de\\\/blog\\\/2012\\\/10\\\/13\\\/ahci-nachtraeglich-aktivieren-unter-windows-8\\\/#primaryimage\"},\"thumbnailUrl\":\"https:\\\/\\\/www.deskmodder.de\\\/blog\\\/wp-content\\\/uploads\\\/2012\\\/10\\\/ahci_aktivieren_windows_8.jpg\",\"keywords\":[\"AHCI aktivieren\",\"AHCI ohne Neuinstallation\",\"IDE auf AHCI umstellen\",\"Windows 10\",\"Windows 8\",\"Windows 8.1\"],\"articleSection\":[\"Windows 10\",\"Windows \u00e4lter\"],\"inLanguage\":\"de\",\"potentialAction\":[{\"@type\":\"CommentAction\",\"name\":\"Comment\",\"target\":[\"https:\\\/\\\/www.deskmodder.de\\\/blog\\\/2012\\\/10\\\/13\\\/ahci-nachtraeglich-aktivieren-unter-windows-8\\\/#respond\"]}],\"copyrightYear\":\"2012\",\"copyrightHolder\":{\"@id\":\"https:\\\/\\\/www.deskmodder.de\\\/blog\\\/#organization\"}},{\"@type\":\"WebPage\",\"@id\":\"https:\\\/\\\/www.deskmodder.de\\\/blog\\\/2012\\\/10\\\/13\\\/ahci-nachtraeglich-aktivieren-unter-windows-8\\\/\",\"url\":\"https:\\\/\\\/www.deskmodder.de\\\/blog\\\/2012\\\/10\\\/13\\\/ahci-nachtraeglich-aktivieren-unter-windows-8\\\/\",\"name\":\"AHCI nachtr\u00e4glich aktivieren unter Windows 8, 8.1 und Windows 10 - Deskmodder.de\",\"isPartOf\":{\"@id\":\"https:\\\/\\\/www.deskmodder.de\\\/blog\\\/#website\"},\"primaryImageOfPage\":{\"@id\":\"https:\\\/\\\/www.deskmodder.de\\\/blog\\\/2012\\\/10\\\/13\\\/ahci-nachtraeglich-aktivieren-unter-windows-8\\\/#primaryimage\"},\"image\":{\"@id\":\"https:\\\/\\\/www.deskmodder.de\\\/blog\\\/2012\\\/10\\\/13\\\/ahci-nachtraeglich-aktivieren-unter-windows-8\\\/#primaryimage\"},\"thumbnailUrl\":\"https:\\\/\\\/www.deskmodder.de\\\/blog\\\/wp-content\\\/uploads\\\/2012\\\/10\\\/ahci_aktivieren_windows_8.jpg\",\"datePublished\":\"2012-10-13T08:39:17+00:00\",\"dateModified\":\"2023-01-14T16:19:11+00:00\",\"breadcrumb\":{\"@id\":\"https:\\\/\\\/www.deskmodder.de\\\/blog\\\/2012\\\/10\\\/13\\\/ahci-nachtraeglich-aktivieren-unter-windows-8\\\/#breadcrumb\"},\"inLanguage\":\"de\",\"potentialAction\":[{\"@type\":\"ReadAction\",\"target\":[\"https:\\\/\\\/www.deskmodder.de\\\/blog\\\/2012\\\/10\\\/13\\\/ahci-nachtraeglich-aktivieren-unter-windows-8\\\/\"]}]},{\"@type\":\"ImageObject\",\"inLanguage\":\"de\",\"@id\":\"https:\\\/\\\/www.deskmodder.de\\\/blog\\\/2012\\\/10\\\/13\\\/ahci-nachtraeglich-aktivieren-unter-windows-8\\\/#primaryimage\",\"url\":\"https:\\\/\\\/www.deskmodder.de\\\/blog\\\/wp-content\\\/uploads\\\/2012\\\/10\\\/ahci_aktivieren_windows_8.jpg\",\"contentUrl\":\"https:\\\/\\\/www.deskmodder.de\\\/blog\\\/wp-content\\\/uploads\\\/2012\\\/10\\\/ahci_aktivieren_windows_8.jpg\",\"width\":\"603\",\"height\":\"408\"},{\"@type\":\"BreadcrumbList\",\"@id\":\"https:\\\/\\\/www.deskmodder.de\\\/blog\\\/2012\\\/10\\\/13\\\/ahci-nachtraeglich-aktivieren-unter-windows-8\\\/#breadcrumb\",\"itemListElement\":[{\"@type\":\"ListItem\",\"position\":1,\"name\":\"Startseite\",\"item\":\"https:\\\/\\\/www.deskmodder.de\\\/blog\\\/\"},{\"@type\":\"ListItem\",\"position\":2,\"name\":\"AHCI nachtr\u00e4glich aktivieren unter Windows 8, 8.1 und Windows 10\"}]},{\"@type\":\"WebSite\",\"@id\":\"https:\\\/\\\/www.deskmodder.de\\\/blog\\\/#website\",\"url\":\"https:\\\/\\\/www.deskmodder.de\\\/blog\\\/\",\"name\":\"Deskmodder.de\",\"description\":\"News zum Thema Microsoft, Windows 11 \\\/ 10, sowie anderen Neuigkeiten aus dem Netz, viele Tipps und individuelle Hilfe bei Problemen in unserem Forum \u25cf Deskmodder - seit 2003\",\"publisher\":{\"@id\":\"https:\\\/\\\/www.deskmodder.de\\\/blog\\\/#organization\"},\"potentialAction\":[{\"@type\":\"SearchAction\",\"target\":{\"@type\":\"EntryPoint\",\"urlTemplate\":\"https:\\\/\\\/www.deskmodder.de\\\/blog\\\/?s={search_term_string}\"},\"query-input\":{\"@type\":\"PropertyValueSpecification\",\"valueRequired\":true,\"valueName\":\"search_term_string\"}}],\"inLanguage\":\"de\"},{\"@type\":\"Organization\",\"@id\":\"https:\\\/\\\/www.deskmodder.de\\\/blog\\\/#organization\",\"name\":\"Deskmodder\",\"url\":\"https:\\\/\\\/www.deskmodder.de\\\/blog\\\/\",\"logo\":{\"@type\":\"ImageObject\",\"inLanguage\":\"de\",\"@id\":\"https:\\\/\\\/www.deskmodder.de\\\/blog\\\/#\\\/schema\\\/logo\\\/image\\\/\",\"url\":\"https:\\\/\\\/www.deskmodder.de\\\/blog\\\/wp-content\\\/uploads\\\/2019\\\/01\\\/deskmodder-logo-app.png\",\"contentUrl\":\"https:\\\/\\\/www.deskmodder.de\\\/blog\\\/wp-content\\\/uploads\\\/2019\\\/01\\\/deskmodder-logo-app.png\",\"width\":281,\"height\":286,\"caption\":\"Deskmodder\"},\"image\":{\"@id\":\"https:\\\/\\\/www.deskmodder.de\\\/blog\\\/#\\\/schema\\\/logo\\\/image\\\/\"},\"sameAs\":[\"https:\\\/\\\/www.facebook.com\\\/Deskmodder\",\"https:\\\/\\\/x.com\\\/Deskmodder\",\"https:\\\/\\\/mastodontech.de\\\/@Deskmodder\",\"https:\\\/\\\/www.youtube.com\\\/user\\\/deskmodder\",\"https:\\\/\\\/mewe.com\\\/group\\\/5c83b5231add826fc80cdae1\"]},{\"@type\":\"Person\",\"@id\":\"https:\\\/\\\/www.deskmodder.de\\\/blog\\\/#\\\/schema\\\/person\\\/a40b17a9503c4a1568ac4073bb54182a\",\"name\":\"moinmoin\",\"image\":{\"@type\":\"ImageObject\",\"inLanguage\":\"de\",\"@id\":\"https:\\\/\\\/secure.gravatar.com\\\/avatar\\\/fab96769102f8886245ab411df9a42a235be79261e4b44aa7ab2a555da8b86b4?s=96&d=mm&r=g\",\"url\":\"https:\\\/\\\/secure.gravatar.com\\\/avatar\\\/fab96769102f8886245ab411df9a42a235be79261e4b44aa7ab2a555da8b86b4?s=96&d=mm&r=g\",\"contentUrl\":\"https:\\\/\\\/secure.gravatar.com\\\/avatar\\\/fab96769102f8886245ab411df9a42a235be79261e4b44aa7ab2a555da8b86b4?s=96&d=mm&r=g\",\"caption\":\"moinmoin\"},\"description\":\"Ich bin nicht allwissend, was Windows angeht. Aber genau deshalb nehme ich Windows gerne auseinander und unter die Lupe, um all mein Wissen zu erweitern. J\u00fcrgen\",\"url\":\"https:\\\/\\\/www.deskmodder.de\\\/blog\\\/author\\\/moinmoin\\\/\"}]}<\/script>\n<!-- \/ Yoast SEO Premium plugin. -->","yoast_head_json":{"title":"AHCI nachtr\u00e4glich aktivieren unter Windows 8, 8.1 und Windows 10 - Deskmodder.de","robots":{"index":"index","follow":"follow","max-snippet":"max-snippet:-1","max-image-preview":"max-image-preview:large","max-video-preview":"max-video-preview:-1"},"canonical":"https:\/\/www.deskmodder.de\/blog\/2012\/10\/13\/ahci-nachtraeglich-aktivieren-unter-windows-8\/","og_locale":"de_DE","og_type":"article","og_title":"AHCI nachtr\u00e4glich aktivieren unter Windows 8, 8.1 und Windows 10","og_description":"AHCI ist ein Standard f\u00fcr SATA-Festplatten und auch f\u00fcr Raid-Systeme. Ist AHCI im Bios eingestellt, nimmt Windows (ab Vista) das auch als Standard und installiert das Betriebsystem im AHCI-Modus. Es kann ja mal passieren, dass im Bios IDE anstatt AHCI&hellip;","og_url":"https:\/\/www.deskmodder.de\/blog\/2012\/10\/13\/ahci-nachtraeglich-aktivieren-unter-windows-8\/","og_site_name":"Deskmodder.de","article_publisher":"https:\/\/www.facebook.com\/Deskmodder","article_published_time":"2012-10-13T08:39:17+00:00","article_modified_time":"2023-01-14T16:19:11+00:00","og_image":[{"width":603,"height":408,"url":"https:\/\/www.deskmodder.de\/blog\/wp-content\/uploads\/2012\/10\/ahci_aktivieren_windows_8.jpg","type":"image\/jpeg"}],"author":"moinmoin","twitter_card":"summary_large_image","twitter_creator":"@Deskmodder","twitter_site":"@Deskmodder","schema":{"@context":"https:\/\/schema.org","@graph":[{"@type":"Article","@id":"https:\/\/www.deskmodder.de\/blog\/2012\/10\/13\/ahci-nachtraeglich-aktivieren-unter-windows-8\/#article","isPartOf":{"@id":"https:\/\/www.deskmodder.de\/blog\/2012\/10\/13\/ahci-nachtraeglich-aktivieren-unter-windows-8\/"},"author":{"name":"moinmoin","@id":"https:\/\/www.deskmodder.de\/blog\/#\/schema\/person\/a40b17a9503c4a1568ac4073bb54182a"},"headline":"AHCI nachtr\u00e4glich aktivieren unter Windows 8, 8.1 und Windows 10","datePublished":"2012-10-13T08:39:17+00:00","dateModified":"2023-01-14T16:19:11+00:00","mainEntityOfPage":{"@id":"https:\/\/www.deskmodder.de\/blog\/2012\/10\/13\/ahci-nachtraeglich-aktivieren-unter-windows-8\/"},"wordCount":386,"commentCount":82,"publisher":{"@id":"https:\/\/www.deskmodder.de\/blog\/#organization"},"image":{"@id":"https:\/\/www.deskmodder.de\/blog\/2012\/10\/13\/ahci-nachtraeglich-aktivieren-unter-windows-8\/#primaryimage"},"thumbnailUrl":"https:\/\/www.deskmodder.de\/blog\/wp-content\/uploads\/2012\/10\/ahci_aktivieren_windows_8.jpg","keywords":["AHCI aktivieren","AHCI ohne Neuinstallation","IDE auf AHCI umstellen","Windows 10","Windows 8","Windows 8.1"],"articleSection":["Windows 10","Windows \u00e4lter"],"inLanguage":"de","potentialAction":[{"@type":"CommentAction","name":"Comment","target":["https:\/\/www.deskmodder.de\/blog\/2012\/10\/13\/ahci-nachtraeglich-aktivieren-unter-windows-8\/#respond"]}],"copyrightYear":"2012","copyrightHolder":{"@id":"https:\/\/www.deskmodder.de\/blog\/#organization"}},{"@type":"WebPage","@id":"https:\/\/www.deskmodder.de\/blog\/2012\/10\/13\/ahci-nachtraeglich-aktivieren-unter-windows-8\/","url":"https:\/\/www.deskmodder.de\/blog\/2012\/10\/13\/ahci-nachtraeglich-aktivieren-unter-windows-8\/","name":"AHCI nachtr\u00e4glich aktivieren unter Windows 8, 8.1 und Windows 10 - Deskmodder.de","isPartOf":{"@id":"https:\/\/www.deskmodder.de\/blog\/#website"},"primaryImageOfPage":{"@id":"https:\/\/www.deskmodder.de\/blog\/2012\/10\/13\/ahci-nachtraeglich-aktivieren-unter-windows-8\/#primaryimage"},"image":{"@id":"https:\/\/www.deskmodder.de\/blog\/2012\/10\/13\/ahci-nachtraeglich-aktivieren-unter-windows-8\/#primaryimage"},"thumbnailUrl":"https:\/\/www.deskmodder.de\/blog\/wp-content\/uploads\/2012\/10\/ahci_aktivieren_windows_8.jpg","datePublished":"2012-10-13T08:39:17+00:00","dateModified":"2023-01-14T16:19:11+00:00","breadcrumb":{"@id":"https:\/\/www.deskmodder.de\/blog\/2012\/10\/13\/ahci-nachtraeglich-aktivieren-unter-windows-8\/#breadcrumb"},"inLanguage":"de","potentialAction":[{"@type":"ReadAction","target":["https:\/\/www.deskmodder.de\/blog\/2012\/10\/13\/ahci-nachtraeglich-aktivieren-unter-windows-8\/"]}]},{"@type":"ImageObject","inLanguage":"de","@id":"https:\/\/www.deskmodder.de\/blog\/2012\/10\/13\/ahci-nachtraeglich-aktivieren-unter-windows-8\/#primaryimage","url":"https:\/\/www.deskmodder.de\/blog\/wp-content\/uploads\/2012\/10\/ahci_aktivieren_windows_8.jpg","contentUrl":"https:\/\/www.deskmodder.de\/blog\/wp-content\/uploads\/2012\/10\/ahci_aktivieren_windows_8.jpg","width":"603","height":"408"},{"@type":"BreadcrumbList","@id":"https:\/\/www.deskmodder.de\/blog\/2012\/10\/13\/ahci-nachtraeglich-aktivieren-unter-windows-8\/#breadcrumb","itemListElement":[{"@type":"ListItem","position":1,"name":"Startseite","item":"https:\/\/www.deskmodder.de\/blog\/"},{"@type":"ListItem","position":2,"name":"AHCI nachtr\u00e4glich aktivieren unter Windows 8, 8.1 und Windows 10"}]},{"@type":"WebSite","@id":"https:\/\/www.deskmodder.de\/blog\/#website","url":"https:\/\/www.deskmodder.de\/blog\/","name":"Deskmodder.de","description":"News zum Thema Microsoft, Windows 11 \/ 10, sowie anderen Neuigkeiten aus dem Netz, viele Tipps und individuelle Hilfe bei Problemen in unserem Forum \u25cf Deskmodder - seit 2003","publisher":{"@id":"https:\/\/www.deskmodder.de\/blog\/#organization"},"potentialAction":[{"@type":"SearchAction","target":{"@type":"EntryPoint","urlTemplate":"https:\/\/www.deskmodder.de\/blog\/?s={search_term_string}"},"query-input":{"@type":"PropertyValueSpecification","valueRequired":true,"valueName":"search_term_string"}}],"inLanguage":"de"},{"@type":"Organization","@id":"https:\/\/www.deskmodder.de\/blog\/#organization","name":"Deskmodder","url":"https:\/\/www.deskmodder.de\/blog\/","logo":{"@type":"ImageObject","inLanguage":"de","@id":"https:\/\/www.deskmodder.de\/blog\/#\/schema\/logo\/image\/","url":"https:\/\/www.deskmodder.de\/blog\/wp-content\/uploads\/2019\/01\/deskmodder-logo-app.png","contentUrl":"https:\/\/www.deskmodder.de\/blog\/wp-content\/uploads\/2019\/01\/deskmodder-logo-app.png","width":281,"height":286,"caption":"Deskmodder"},"image":{"@id":"https:\/\/www.deskmodder.de\/blog\/#\/schema\/logo\/image\/"},"sameAs":["https:\/\/www.facebook.com\/Deskmodder","https:\/\/x.com\/Deskmodder","https:\/\/mastodontech.de\/@Deskmodder","https:\/\/www.youtube.com\/user\/deskmodder","https:\/\/mewe.com\/group\/5c83b5231add826fc80cdae1"]},{"@type":"Person","@id":"https:\/\/www.deskmodder.de\/blog\/#\/schema\/person\/a40b17a9503c4a1568ac4073bb54182a","name":"moinmoin","image":{"@type":"ImageObject","inLanguage":"de","@id":"https:\/\/secure.gravatar.com\/avatar\/fab96769102f8886245ab411df9a42a235be79261e4b44aa7ab2a555da8b86b4?s=96&d=mm&r=g","url":"https:\/\/secure.gravatar.com\/avatar\/fab96769102f8886245ab411df9a42a235be79261e4b44aa7ab2a555da8b86b4?s=96&d=mm&r=g","contentUrl":"https:\/\/secure.gravatar.com\/avatar\/fab96769102f8886245ab411df9a42a235be79261e4b44aa7ab2a555da8b86b4?s=96&d=mm&r=g","caption":"moinmoin"},"description":"Ich bin nicht allwissend, was Windows angeht. Aber genau deshalb nehme ich Windows gerne auseinander und unter die Lupe, um all mein Wissen zu erweitern. J\u00fcrgen","url":"https:\/\/www.deskmodder.de\/blog\/author\/moinmoin\/"}]}},"jetpack_publicize_connections":[],"jetpack_featured_media_url":"https:\/\/www.deskmodder.de\/blog\/wp-content\/uploads\/2012\/10\/ahci_aktivieren_windows_8.jpg","_links":{"self":[{"href":"https:\/\/www.deskmodder.de\/blog\/wp-json\/wp\/v2\/posts\/3966","targetHints":{"allow":["GET"]}}],"collection":[{"href":"https:\/\/www.deskmodder.de\/blog\/wp-json\/wp\/v2\/posts"}],"about":[{"href":"https:\/\/www.deskmodder.de\/blog\/wp-json\/wp\/v2\/types\/post"}],"author":[{"embeddable":true,"href":"https:\/\/www.deskmodder.de\/blog\/wp-json\/wp\/v2\/users\/134"}],"replies":[{"embeddable":true,"href":"https:\/\/www.deskmodder.de\/blog\/wp-json\/wp\/v2\/comments?post=3966"}],"version-history":[{"count":0,"href":"https:\/\/www.deskmodder.de\/blog\/wp-json\/wp\/v2\/posts\/3966\/revisions"}],"wp:featuredmedia":[{"embeddable":true,"href":"https:\/\/www.deskmodder.de\/blog\/wp-json\/wp\/v2\/media\/3967"}],"wp:attachment":[{"href":"https:\/\/www.deskmodder.de\/blog\/wp-json\/wp\/v2\/media?parent=3966"}],"wp:term":[{"taxonomy":"category","embeddable":true,"href":"https:\/\/www.deskmodder.de\/blog\/wp-json\/wp\/v2\/categories?post=3966"},{"taxonomy":"post_tag","embeddable":true,"href":"https:\/\/www.deskmodder.de\/blog\/wp-json\/wp\/v2\/tags?post=3966"}],"curies":[{"name":"wp","href":"https:\/\/api.w.org\/{rel}","templated":true}]}}