{"id":39558,"date":"2015-02-26T19:48:14","date_gmt":"2015-02-26T18:48:14","guid":{"rendered":"http:\/\/www.deskmodder.de\/blog\/?p=39558"},"modified":"2015-02-26T19:48:14","modified_gmt":"2015-02-26T18:48:14","slug":"apple-kuendigt-event-fuer-den-09-maerz-an-inklusive-livestream","status":"publish","type":"post","link":"https:\/\/www.deskmodder.de\/blog\/2015\/02\/26\/apple-kuendigt-event-fuer-den-09-maerz-an-inklusive-livestream\/","title":{"rendered":"Apple k\u00fcndigt Event f\u00fcr den 09. M\u00e4rz an &#8211; inklusive Livestream"},"content":{"rendered":"<p><a href=\"http:\/\/www.deskmodder.de\/blog\/wp-content\/uploads\/2015\/02\/image1.jpg\" rel=\"lightbox[39558]\"><img loading=\"lazy\" decoding=\"async\" class=\"alignleft size-medium wp-image-39562\" src=\"http:\/\/www.deskmodder.de\/blog\/wp-content\/uploads\/2015\/02\/image1-150x87.jpg\" alt=\"image\" width=\"150\" height=\"87\" srcset=\"https:\/\/www.deskmodder.de\/blog\/wp-content\/uploads\/2015\/02\/image1-150x87.jpg 150w, https:\/\/www.deskmodder.de\/blog\/wp-content\/uploads\/2015\/02\/image1.jpg 335w\" sizes=\"auto, (max-width: 150px) 100vw, 150px\" \/><\/a>Im April wird die Apple Watch erscheinen und neue Ma\u00dfst\u00e4be setzen &#8211; bei den Verkaufszahlen und bei den Preisen. Mehr kann man noch nicht sagen, weil sich Apple bisher zu den Funktionen und Spezifikationen der Smartwatch noch sehr zur\u00fcckgehalten hat und m\u00f6glicherweise noch die ein oder andere \u00dcberraschung bei der kommenden Keynote am 09. M\u00e4rz 2015 auf Lager hat.<\/p>\n<p><!--more-->Schlie\u00dflich hat man bei Apple seit der urspr\u00fcnglichen Vorstellung der Uhr noch flei\u00dfig daran gebastelt. Das finale Produkt wird mit dem damals gezeigten Prototypen nicht mehr viel gemeinsam haben.<\/p>\n<p><a href=\"http:\/\/www.deskmodder.de\/blog\/wp-content\/uploads\/2015\/02\/image.jpg\" rel=\"lightbox[39558]\"><img loading=\"lazy\" decoding=\"async\" class=\"aligncenter size-full wp-image-39560\" src=\"http:\/\/www.deskmodder.de\/blog\/wp-content\/uploads\/2015\/02\/image.jpg\" alt=\"image\" width=\"420\" height=\"414\" srcset=\"https:\/\/www.deskmodder.de\/blog\/wp-content\/uploads\/2015\/02\/image.jpg 420w, https:\/\/www.deskmodder.de\/blog\/wp-content\/uploads\/2015\/02\/image-150x148.jpg 150w\" sizes=\"auto, (max-width: 420px) 100vw, 420px\" \/><\/a><\/p>\n<p>Zudem ist m\u00f6glicherweise mit einem neuen MacBook Air zu rechnen. Wenn die Ger\u00fcchte stimmen, wird das Ding einfach nur richtig geil: Extrem d\u00fcnn und leicht, hochaufl\u00f6sendes Display und anst\u00e4ndige Akkulaufzeit. Aber das ist l\u00e4ngst nicht gesichert. An einem umfassenden Update f\u00fcr Apple TV arbeitet das Unternehmen aus Cupertino ja auch schon etwas l\u00e4nger.<\/p>\n<p>Ein weiterer hei\u00dfer Kandidat f\u00fcr die Pr\u00e4sentation d\u00fcrfte Apples neuer kostenpflichtiger Streaming-Dienst f\u00fcr Musik. Dieser soll diesen Sommer starten und mit Kampfpreisen die Nutzer von Spotify locken.<\/p>\n<p>Die Keynote wird auch dieses Mal wieder exklusiv f\u00fcr Nutzer von Apple-Ger\u00e4ten gestreamt. Microsoft-J\u00fcnger k\u00f6nnen am n\u00e4chsten Tag auf YouTube vorbei schauen.<\/p>\n","protected":false},"excerpt":{"rendered":"<p>Im April wird die Apple Watch erscheinen und neue Ma\u00dfst\u00e4be setzen &#8211; bei den Verkaufszahlen und bei den Preisen. Mehr kann man noch nicht sagen, weil sich Apple bisher zu den Funktionen und Spezifikationen der Smartwatch noch sehr zur\u00fcckgehalten hat&hellip; <\/p>\n","protected":false},"author":1525,"featured_media":39560,"comment_status":"open","ping_status":"open","sticky":false,"template":"","format":"standard","meta":{"jetpack_post_was_ever_published":false,"footnotes":"","jetpack_publicize_message":"","jetpack_publicize_feature_enabled":true,"jetpack_social_post_already_shared":true,"jetpack_social_options":{"image_generator_settings":{"template":"highway","default_image_id":0,"font":"","enabled":false},"version":2}},"categories":[1,232,231],"tags":[3041,7975,7976,1137,720,9741],"class_list":["post-39558","post","type-post","status-publish","format-standard","has-post-thumbnail","hentry","category-allgemein","category-ios","category-mobile","tag-apple-keynote","tag-event-apple-watch","tag-ion-x","tag-livestream","tag-preis","tag-windows"],"wp_featured_image":{"id":39560,"alt_text":"","description":"","media_type":"image","media_details":{"width":420,"height":414,"file":"2015\/02\/image.jpg","sizes":{"thumbnail":{"file":"image-150x150.jpg","width":150,"height":150,"mime-type":"image\/jpeg","source_url":"https:\/\/www.deskmodder.de\/blog\/wp-content\/uploads\/2015\/02\/image-150x150.jpg"},"medium":{"file":"image-150x148.jpg","width":150,"height":148,"mime-type":"image\/jpeg","source_url":"https:\/\/www.deskmodder.de\/blog\/wp-content\/uploads\/2015\/02\/image-150x148.jpg"}},"image_meta":{"aperture":0,"credit":"","camera":"","caption":"","created_timestamp":0,"copyright":"","focal_length":0,"iso":0,"shutter_speed":0,"title":"","orientation":1}},"post":39558,"source_url":"https:\/\/www.deskmodder.de\/blog\/wp-content\/uploads\/2015\/02\/image.jpg"},"commentcount":2,"wp_comments":[{"id":9331,"parent":0,"author":0,"author_name":",Gerhard","author_email":"gerhardsugs@gmail.com","author_url":"","author_avatar_urls":{"24":"https:\/\/secure.gravatar.com\/avatar\/14673eb993b94745fe654cce017e3f77c5796f937fc79e1ab6942918e0cfcbb3?s=24&d=mm&r=g","48":"https:\/\/secure.gravatar.com\/avatar\/14673eb993b94745fe654cce017e3f77c5796f937fc79e1ab6942918e0cfcbb3?s=48&d=mm&r=g","96":"https:\/\/secure.gravatar.com\/avatar\/14673eb993b94745fe654cce017e3f77c5796f937fc79e1ab6942918e0cfcbb3?s=96&d=mm&r=g"},"date":"2015-02-26T22:14:25","cld_nonce":"015d9540d6","content":{"rendered":"<p>Ich setze auf Swatch, das gro\u00dfe Comeback &#8230;<\/p>\n"},"status":"1"},{"id":9332,"parent":0,"author":0,"author_name":"Herr Hugo","author_email":"hugohilter@t-online.de","author_url":"http:\/\/aurum2rivi.wordpress.com\/","author_avatar_urls":{"24":"https:\/\/secure.gravatar.com\/avatar\/dc5176746c873787fa3f8df5f9bdfbd2f7688721f771100eb4d7b4e82e2d655b?s=24&d=mm&r=g","48":"https:\/\/secure.gravatar.com\/avatar\/dc5176746c873787fa3f8df5f9bdfbd2f7688721f771100eb4d7b4e82e2d655b?s=48&d=mm&r=g","96":"https:\/\/secure.gravatar.com\/avatar\/dc5176746c873787fa3f8df5f9bdfbd2f7688721f771100eb4d7b4e82e2d655b?s=96&d=mm&r=g"},"date":"2015-02-26T23:09:48","cld_nonce":"015d9540d6","content":{"rendered":"<p>&#8230;neue Ma\u00dfst\u00e4be setzen \u2013 bei den Verkaufszahlen und bei den Preisen.&#8220;<\/p>\n<p>Na, bei den Preisen wohl nur f\u00fcr Smartwatches, aber nicht f\u00fcr richtige Uhren. <img src=\"https:\/\/www.deskmodder.de\/blog\/wp-content\/plugins\/classic-smilies\/img\/icon_mrgreen.gif\" alt=\":mrgreen:\" class=\"wp-smiley\" \/><\/p>\n"},"status":"1"}],"wp_author":{"id":1525,"name":"W8U","description":"Technikliebhaber aus Niedersachsen und seit 2013 bei den Deskmoddern. Interessiert sich f\u00fcr (fast) alles, durch das Strom flie\u00dft: Computer, Smartphones, Tablets, Autos und so weiter.","author_avatar_urls":{"24":"https:\/\/secure.gravatar.com\/avatar\/a1e9db99fdd71a9ae2c516203e3fcd390817fa98f868eb9ba6d4a77d1a815cd4?s=24&d=mm&r=g","48":"https:\/\/secure.gravatar.com\/avatar\/a1e9db99fdd71a9ae2c516203e3fcd390817fa98f868eb9ba6d4a77d1a815cd4?s=48&d=mm&r=g","96":"https:\/\/secure.gravatar.com\/avatar\/a1e9db99fdd71a9ae2c516203e3fcd390817fa98f868eb9ba6d4a77d1a815cd4?s=96&d=mm&r=g"}},"cld_nonce":"015d9540d6","yoast_head":"<!-- This site is optimized with the Yoast SEO Premium plugin v27.5 (Yoast SEO v27.5) - https:\/\/yoast.com\/product\/yoast-seo-premium-wordpress\/ -->\n<title>Apple k\u00fcndigt Event f\u00fcr den 09. M\u00e4rz an - inklusive Livestream - Deskmodder.de<\/title>\n<meta name=\"robots\" content=\"index, follow, max-snippet:-1, max-image-preview:large, max-video-preview:-1\" \/>\n<link rel=\"canonical\" href=\"https:\/\/www.deskmodder.de\/blog\/2015\/02\/26\/apple-kuendigt-event-fuer-den-09-maerz-an-inklusive-livestream\/\" \/>\n<meta property=\"og:locale\" content=\"de_DE\" \/>\n<meta property=\"og:type\" content=\"article\" \/>\n<meta property=\"og:title\" content=\"Apple k\u00fcndigt Event f\u00fcr den 09. M\u00e4rz an - inklusive Livestream\" \/>\n<meta property=\"og:description\" content=\"Im April wird die Apple Watch erscheinen und neue Ma\u00dfst\u00e4be setzen &#8211; bei den Verkaufszahlen und bei den Preisen. Mehr kann man noch nicht sagen, weil sich Apple bisher zu den Funktionen und Spezifikationen der Smartwatch noch sehr zur\u00fcckgehalten hat&hellip;\" \/>\n<meta property=\"og:url\" content=\"https:\/\/www.deskmodder.de\/blog\/2015\/02\/26\/apple-kuendigt-event-fuer-den-09-maerz-an-inklusive-livestream\/\" \/>\n<meta property=\"og:site_name\" content=\"Deskmodder.de\" \/>\n<meta property=\"article:publisher\" content=\"https:\/\/www.facebook.com\/Deskmodder\" \/>\n<meta property=\"article:published_time\" content=\"2015-02-26T18:48:14+00:00\" \/>\n<meta property=\"og:image\" content=\"https:\/\/www.deskmodder.de\/blog\/wp-content\/uploads\/2015\/02\/image.jpg\" \/>\n\t<meta property=\"og:image:width\" content=\"420\" \/>\n\t<meta property=\"og:image:height\" content=\"414\" \/>\n\t<meta property=\"og:image:type\" content=\"image\/jpeg\" \/>\n<meta name=\"author\" content=\"W8U\" \/>\n<meta name=\"twitter:card\" content=\"summary_large_image\" \/>\n<meta name=\"twitter:creator\" content=\"@Deskmodder\" \/>\n<meta name=\"twitter:site\" content=\"@Deskmodder\" \/>\n<script type=\"application\/ld+json\" class=\"yoast-schema-graph\">{\"@context\":\"https:\\\/\\\/schema.org\",\"@graph\":[{\"@type\":\"Article\",\"@id\":\"https:\\\/\\\/www.deskmodder.de\\\/blog\\\/2015\\\/02\\\/26\\\/apple-kuendigt-event-fuer-den-09-maerz-an-inklusive-livestream\\\/#article\",\"isPartOf\":{\"@id\":\"https:\\\/\\\/www.deskmodder.de\\\/blog\\\/2015\\\/02\\\/26\\\/apple-kuendigt-event-fuer-den-09-maerz-an-inklusive-livestream\\\/\"},\"author\":{\"name\":\"W8U\",\"@id\":\"https:\\\/\\\/www.deskmodder.de\\\/blog\\\/#\\\/schema\\\/person\\\/f3c70b4f4860c9fcc4c04057ed04f469\"},\"headline\":\"Apple k\u00fcndigt Event f\u00fcr den 09. M\u00e4rz an &#8211; inklusive Livestream\",\"datePublished\":\"2015-02-26T18:48:14+00:00\",\"mainEntityOfPage\":{\"@id\":\"https:\\\/\\\/www.deskmodder.de\\\/blog\\\/2015\\\/02\\\/26\\\/apple-kuendigt-event-fuer-den-09-maerz-an-inklusive-livestream\\\/\"},\"wordCount\":227,\"commentCount\":2,\"publisher\":{\"@id\":\"https:\\\/\\\/www.deskmodder.de\\\/blog\\\/#organization\"},\"image\":{\"@id\":\"https:\\\/\\\/www.deskmodder.de\\\/blog\\\/2015\\\/02\\\/26\\\/apple-kuendigt-event-fuer-den-09-maerz-an-inklusive-livestream\\\/#primaryimage\"},\"thumbnailUrl\":\"https:\\\/\\\/www.deskmodder.de\\\/blog\\\/wp-content\\\/uploads\\\/2015\\\/02\\\/image.jpg\",\"keywords\":[\"Apple Keynote\",\"event apple watch\",\"ion x\",\"LiveStream\",\"Preis\",\"Windows \u00e4lter\"],\"articleSection\":{\"1\":\"iOS\",\"2\":\"Mobile\"},\"inLanguage\":\"de\",\"potentialAction\":[{\"@type\":\"CommentAction\",\"name\":\"Comment\",\"target\":[\"https:\\\/\\\/www.deskmodder.de\\\/blog\\\/2015\\\/02\\\/26\\\/apple-kuendigt-event-fuer-den-09-maerz-an-inklusive-livestream\\\/#respond\"]}],\"copyrightYear\":\"2015\",\"copyrightHolder\":{\"@id\":\"https:\\\/\\\/www.deskmodder.de\\\/blog\\\/#organization\"}},{\"@type\":\"WebPage\",\"@id\":\"https:\\\/\\\/www.deskmodder.de\\\/blog\\\/2015\\\/02\\\/26\\\/apple-kuendigt-event-fuer-den-09-maerz-an-inklusive-livestream\\\/\",\"url\":\"https:\\\/\\\/www.deskmodder.de\\\/blog\\\/2015\\\/02\\\/26\\\/apple-kuendigt-event-fuer-den-09-maerz-an-inklusive-livestream\\\/\",\"name\":\"Apple k\u00fcndigt Event f\u00fcr den 09. M\u00e4rz an - inklusive Livestream - Deskmodder.de\",\"isPartOf\":{\"@id\":\"https:\\\/\\\/www.deskmodder.de\\\/blog\\\/#website\"},\"primaryImageOfPage\":{\"@id\":\"https:\\\/\\\/www.deskmodder.de\\\/blog\\\/2015\\\/02\\\/26\\\/apple-kuendigt-event-fuer-den-09-maerz-an-inklusive-livestream\\\/#primaryimage\"},\"image\":{\"@id\":\"https:\\\/\\\/www.deskmodder.de\\\/blog\\\/2015\\\/02\\\/26\\\/apple-kuendigt-event-fuer-den-09-maerz-an-inklusive-livestream\\\/#primaryimage\"},\"thumbnailUrl\":\"https:\\\/\\\/www.deskmodder.de\\\/blog\\\/wp-content\\\/uploads\\\/2015\\\/02\\\/image.jpg\",\"datePublished\":\"2015-02-26T18:48:14+00:00\",\"breadcrumb\":{\"@id\":\"https:\\\/\\\/www.deskmodder.de\\\/blog\\\/2015\\\/02\\\/26\\\/apple-kuendigt-event-fuer-den-09-maerz-an-inklusive-livestream\\\/#breadcrumb\"},\"inLanguage\":\"de\",\"potentialAction\":[{\"@type\":\"ReadAction\",\"target\":[\"https:\\\/\\\/www.deskmodder.de\\\/blog\\\/2015\\\/02\\\/26\\\/apple-kuendigt-event-fuer-den-09-maerz-an-inklusive-livestream\\\/\"]}]},{\"@type\":\"ImageObject\",\"inLanguage\":\"de\",\"@id\":\"https:\\\/\\\/www.deskmodder.de\\\/blog\\\/2015\\\/02\\\/26\\\/apple-kuendigt-event-fuer-den-09-maerz-an-inklusive-livestream\\\/#primaryimage\",\"url\":\"https:\\\/\\\/www.deskmodder.de\\\/blog\\\/wp-content\\\/uploads\\\/2015\\\/02\\\/image.jpg\",\"contentUrl\":\"https:\\\/\\\/www.deskmodder.de\\\/blog\\\/wp-content\\\/uploads\\\/2015\\\/02\\\/image.jpg\",\"width\":420,\"height\":414},{\"@type\":\"BreadcrumbList\",\"@id\":\"https:\\\/\\\/www.deskmodder.de\\\/blog\\\/2015\\\/02\\\/26\\\/apple-kuendigt-event-fuer-den-09-maerz-an-inklusive-livestream\\\/#breadcrumb\",\"itemListElement\":[{\"@type\":\"ListItem\",\"position\":1,\"name\":\"Startseite\",\"item\":\"https:\\\/\\\/www.deskmodder.de\\\/blog\\\/\"},{\"@type\":\"ListItem\",\"position\":2,\"name\":\"Apple k\u00fcndigt Event f\u00fcr den 09. M\u00e4rz an &#8211; inklusive Livestream\"}]},{\"@type\":\"WebSite\",\"@id\":\"https:\\\/\\\/www.deskmodder.de\\\/blog\\\/#website\",\"url\":\"https:\\\/\\\/www.deskmodder.de\\\/blog\\\/\",\"name\":\"Deskmodder.de\",\"description\":\"News zum Thema Microsoft, Windows 11 \\\/ 10, sowie anderen Neuigkeiten aus dem Netz, viele Tipps und individuelle Hilfe bei Problemen in unserem Forum \u25cf Deskmodder - seit 2003\",\"publisher\":{\"@id\":\"https:\\\/\\\/www.deskmodder.de\\\/blog\\\/#organization\"},\"potentialAction\":[{\"@type\":\"SearchAction\",\"target\":{\"@type\":\"EntryPoint\",\"urlTemplate\":\"https:\\\/\\\/www.deskmodder.de\\\/blog\\\/?s={search_term_string}\"},\"query-input\":{\"@type\":\"PropertyValueSpecification\",\"valueRequired\":true,\"valueName\":\"search_term_string\"}}],\"inLanguage\":\"de\"},{\"@type\":\"Organization\",\"@id\":\"https:\\\/\\\/www.deskmodder.de\\\/blog\\\/#organization\",\"name\":\"Deskmodder\",\"url\":\"https:\\\/\\\/www.deskmodder.de\\\/blog\\\/\",\"logo\":{\"@type\":\"ImageObject\",\"inLanguage\":\"de\",\"@id\":\"https:\\\/\\\/www.deskmodder.de\\\/blog\\\/#\\\/schema\\\/logo\\\/image\\\/\",\"url\":\"https:\\\/\\\/www.deskmodder.de\\\/blog\\\/wp-content\\\/uploads\\\/2019\\\/01\\\/deskmodder-logo-app.png\",\"contentUrl\":\"https:\\\/\\\/www.deskmodder.de\\\/blog\\\/wp-content\\\/uploads\\\/2019\\\/01\\\/deskmodder-logo-app.png\",\"width\":281,\"height\":286,\"caption\":\"Deskmodder\"},\"image\":{\"@id\":\"https:\\\/\\\/www.deskmodder.de\\\/blog\\\/#\\\/schema\\\/logo\\\/image\\\/\"},\"sameAs\":[\"https:\\\/\\\/www.facebook.com\\\/Deskmodder\",\"https:\\\/\\\/x.com\\\/Deskmodder\",\"https:\\\/\\\/mastodontech.de\\\/@Deskmodder\",\"https:\\\/\\\/www.youtube.com\\\/user\\\/deskmodder\",\"https:\\\/\\\/mewe.com\\\/group\\\/5c83b5231add826fc80cdae1\"]},{\"@type\":\"Person\",\"@id\":\"https:\\\/\\\/www.deskmodder.de\\\/blog\\\/#\\\/schema\\\/person\\\/f3c70b4f4860c9fcc4c04057ed04f469\",\"name\":\"W8U\",\"image\":{\"@type\":\"ImageObject\",\"inLanguage\":\"de\",\"@id\":\"https:\\\/\\\/secure.gravatar.com\\\/avatar\\\/a1e9db99fdd71a9ae2c516203e3fcd390817fa98f868eb9ba6d4a77d1a815cd4?s=96&d=mm&r=g\",\"url\":\"https:\\\/\\\/secure.gravatar.com\\\/avatar\\\/a1e9db99fdd71a9ae2c516203e3fcd390817fa98f868eb9ba6d4a77d1a815cd4?s=96&d=mm&r=g\",\"contentUrl\":\"https:\\\/\\\/secure.gravatar.com\\\/avatar\\\/a1e9db99fdd71a9ae2c516203e3fcd390817fa98f868eb9ba6d4a77d1a815cd4?s=96&d=mm&r=g\",\"caption\":\"W8U\"},\"description\":\"Technikliebhaber aus Niedersachsen und seit 2013 bei den Deskmoddern. Interessiert sich f\u00fcr (fast) alles, durch das Strom flie\u00dft: Computer, Smartphones, Tablets, Autos und so weiter.\",\"url\":\"https:\\\/\\\/www.deskmodder.de\\\/blog\\\/author\\\/w8u\\\/\"}]}<\/script>\n<!-- \/ Yoast SEO Premium plugin. -->","yoast_head_json":{"title":"Apple k\u00fcndigt Event f\u00fcr den 09. M\u00e4rz an - inklusive Livestream - Deskmodder.de","robots":{"index":"index","follow":"follow","max-snippet":"max-snippet:-1","max-image-preview":"max-image-preview:large","max-video-preview":"max-video-preview:-1"},"canonical":"https:\/\/www.deskmodder.de\/blog\/2015\/02\/26\/apple-kuendigt-event-fuer-den-09-maerz-an-inklusive-livestream\/","og_locale":"de_DE","og_type":"article","og_title":"Apple k\u00fcndigt Event f\u00fcr den 09. M\u00e4rz an - inklusive Livestream","og_description":"Im April wird die Apple Watch erscheinen und neue Ma\u00dfst\u00e4be setzen &#8211; bei den Verkaufszahlen und bei den Preisen. Mehr kann man noch nicht sagen, weil sich Apple bisher zu den Funktionen und Spezifikationen der Smartwatch noch sehr zur\u00fcckgehalten hat&hellip;","og_url":"https:\/\/www.deskmodder.de\/blog\/2015\/02\/26\/apple-kuendigt-event-fuer-den-09-maerz-an-inklusive-livestream\/","og_site_name":"Deskmodder.de","article_publisher":"https:\/\/www.facebook.com\/Deskmodder","article_published_time":"2015-02-26T18:48:14+00:00","og_image":[{"width":420,"height":414,"url":"https:\/\/www.deskmodder.de\/blog\/wp-content\/uploads\/2015\/02\/image.jpg","type":"image\/jpeg"}],"author":"W8U","twitter_card":"summary_large_image","twitter_creator":"@Deskmodder","twitter_site":"@Deskmodder","schema":{"@context":"https:\/\/schema.org","@graph":[{"@type":"Article","@id":"https:\/\/www.deskmodder.de\/blog\/2015\/02\/26\/apple-kuendigt-event-fuer-den-09-maerz-an-inklusive-livestream\/#article","isPartOf":{"@id":"https:\/\/www.deskmodder.de\/blog\/2015\/02\/26\/apple-kuendigt-event-fuer-den-09-maerz-an-inklusive-livestream\/"},"author":{"name":"W8U","@id":"https:\/\/www.deskmodder.de\/blog\/#\/schema\/person\/f3c70b4f4860c9fcc4c04057ed04f469"},"headline":"Apple k\u00fcndigt Event f\u00fcr den 09. M\u00e4rz an &#8211; inklusive Livestream","datePublished":"2015-02-26T18:48:14+00:00","mainEntityOfPage":{"@id":"https:\/\/www.deskmodder.de\/blog\/2015\/02\/26\/apple-kuendigt-event-fuer-den-09-maerz-an-inklusive-livestream\/"},"wordCount":227,"commentCount":2,"publisher":{"@id":"https:\/\/www.deskmodder.de\/blog\/#organization"},"image":{"@id":"https:\/\/www.deskmodder.de\/blog\/2015\/02\/26\/apple-kuendigt-event-fuer-den-09-maerz-an-inklusive-livestream\/#primaryimage"},"thumbnailUrl":"https:\/\/www.deskmodder.de\/blog\/wp-content\/uploads\/2015\/02\/image.jpg","keywords":["Apple Keynote","event apple watch","ion x","LiveStream","Preis","Windows \u00e4lter"],"articleSection":{"1":"iOS","2":"Mobile"},"inLanguage":"de","potentialAction":[{"@type":"CommentAction","name":"Comment","target":["https:\/\/www.deskmodder.de\/blog\/2015\/02\/26\/apple-kuendigt-event-fuer-den-09-maerz-an-inklusive-livestream\/#respond"]}],"copyrightYear":"2015","copyrightHolder":{"@id":"https:\/\/www.deskmodder.de\/blog\/#organization"}},{"@type":"WebPage","@id":"https:\/\/www.deskmodder.de\/blog\/2015\/02\/26\/apple-kuendigt-event-fuer-den-09-maerz-an-inklusive-livestream\/","url":"https:\/\/www.deskmodder.de\/blog\/2015\/02\/26\/apple-kuendigt-event-fuer-den-09-maerz-an-inklusive-livestream\/","name":"Apple k\u00fcndigt Event f\u00fcr den 09. M\u00e4rz an - inklusive Livestream - Deskmodder.de","isPartOf":{"@id":"https:\/\/www.deskmodder.de\/blog\/#website"},"primaryImageOfPage":{"@id":"https:\/\/www.deskmodder.de\/blog\/2015\/02\/26\/apple-kuendigt-event-fuer-den-09-maerz-an-inklusive-livestream\/#primaryimage"},"image":{"@id":"https:\/\/www.deskmodder.de\/blog\/2015\/02\/26\/apple-kuendigt-event-fuer-den-09-maerz-an-inklusive-livestream\/#primaryimage"},"thumbnailUrl":"https:\/\/www.deskmodder.de\/blog\/wp-content\/uploads\/2015\/02\/image.jpg","datePublished":"2015-02-26T18:48:14+00:00","breadcrumb":{"@id":"https:\/\/www.deskmodder.de\/blog\/2015\/02\/26\/apple-kuendigt-event-fuer-den-09-maerz-an-inklusive-livestream\/#breadcrumb"},"inLanguage":"de","potentialAction":[{"@type":"ReadAction","target":["https:\/\/www.deskmodder.de\/blog\/2015\/02\/26\/apple-kuendigt-event-fuer-den-09-maerz-an-inklusive-livestream\/"]}]},{"@type":"ImageObject","inLanguage":"de","@id":"https:\/\/www.deskmodder.de\/blog\/2015\/02\/26\/apple-kuendigt-event-fuer-den-09-maerz-an-inklusive-livestream\/#primaryimage","url":"https:\/\/www.deskmodder.de\/blog\/wp-content\/uploads\/2015\/02\/image.jpg","contentUrl":"https:\/\/www.deskmodder.de\/blog\/wp-content\/uploads\/2015\/02\/image.jpg","width":420,"height":414},{"@type":"BreadcrumbList","@id":"https:\/\/www.deskmodder.de\/blog\/2015\/02\/26\/apple-kuendigt-event-fuer-den-09-maerz-an-inklusive-livestream\/#breadcrumb","itemListElement":[{"@type":"ListItem","position":1,"name":"Startseite","item":"https:\/\/www.deskmodder.de\/blog\/"},{"@type":"ListItem","position":2,"name":"Apple k\u00fcndigt Event f\u00fcr den 09. M\u00e4rz an &#8211; inklusive Livestream"}]},{"@type":"WebSite","@id":"https:\/\/www.deskmodder.de\/blog\/#website","url":"https:\/\/www.deskmodder.de\/blog\/","name":"Deskmodder.de","description":"News zum Thema Microsoft, Windows 11 \/ 10, sowie anderen Neuigkeiten aus dem Netz, viele Tipps und individuelle Hilfe bei Problemen in unserem Forum \u25cf Deskmodder - seit 2003","publisher":{"@id":"https:\/\/www.deskmodder.de\/blog\/#organization"},"potentialAction":[{"@type":"SearchAction","target":{"@type":"EntryPoint","urlTemplate":"https:\/\/www.deskmodder.de\/blog\/?s={search_term_string}"},"query-input":{"@type":"PropertyValueSpecification","valueRequired":true,"valueName":"search_term_string"}}],"inLanguage":"de"},{"@type":"Organization","@id":"https:\/\/www.deskmodder.de\/blog\/#organization","name":"Deskmodder","url":"https:\/\/www.deskmodder.de\/blog\/","logo":{"@type":"ImageObject","inLanguage":"de","@id":"https:\/\/www.deskmodder.de\/blog\/#\/schema\/logo\/image\/","url":"https:\/\/www.deskmodder.de\/blog\/wp-content\/uploads\/2019\/01\/deskmodder-logo-app.png","contentUrl":"https:\/\/www.deskmodder.de\/blog\/wp-content\/uploads\/2019\/01\/deskmodder-logo-app.png","width":281,"height":286,"caption":"Deskmodder"},"image":{"@id":"https:\/\/www.deskmodder.de\/blog\/#\/schema\/logo\/image\/"},"sameAs":["https:\/\/www.facebook.com\/Deskmodder","https:\/\/x.com\/Deskmodder","https:\/\/mastodontech.de\/@Deskmodder","https:\/\/www.youtube.com\/user\/deskmodder","https:\/\/mewe.com\/group\/5c83b5231add826fc80cdae1"]},{"@type":"Person","@id":"https:\/\/www.deskmodder.de\/blog\/#\/schema\/person\/f3c70b4f4860c9fcc4c04057ed04f469","name":"W8U","image":{"@type":"ImageObject","inLanguage":"de","@id":"https:\/\/secure.gravatar.com\/avatar\/a1e9db99fdd71a9ae2c516203e3fcd390817fa98f868eb9ba6d4a77d1a815cd4?s=96&d=mm&r=g","url":"https:\/\/secure.gravatar.com\/avatar\/a1e9db99fdd71a9ae2c516203e3fcd390817fa98f868eb9ba6d4a77d1a815cd4?s=96&d=mm&r=g","contentUrl":"https:\/\/secure.gravatar.com\/avatar\/a1e9db99fdd71a9ae2c516203e3fcd390817fa98f868eb9ba6d4a77d1a815cd4?s=96&d=mm&r=g","caption":"W8U"},"description":"Technikliebhaber aus Niedersachsen und seit 2013 bei den Deskmoddern. Interessiert sich f\u00fcr (fast) alles, durch das Strom flie\u00dft: Computer, Smartphones, Tablets, Autos und so weiter.","url":"https:\/\/www.deskmodder.de\/blog\/author\/w8u\/"}]}},"jetpack_publicize_connections":[],"jetpack_featured_media_url":"https:\/\/www.deskmodder.de\/blog\/wp-content\/uploads\/2015\/02\/image.jpg","_links":{"self":[{"href":"https:\/\/www.deskmodder.de\/blog\/wp-json\/wp\/v2\/posts\/39558","targetHints":{"allow":["GET"]}}],"collection":[{"href":"https:\/\/www.deskmodder.de\/blog\/wp-json\/wp\/v2\/posts"}],"about":[{"href":"https:\/\/www.deskmodder.de\/blog\/wp-json\/wp\/v2\/types\/post"}],"author":[{"embeddable":true,"href":"https:\/\/www.deskmodder.de\/blog\/wp-json\/wp\/v2\/users\/1525"}],"replies":[{"embeddable":true,"href":"https:\/\/www.deskmodder.de\/blog\/wp-json\/wp\/v2\/comments?post=39558"}],"version-history":[{"count":0,"href":"https:\/\/www.deskmodder.de\/blog\/wp-json\/wp\/v2\/posts\/39558\/revisions"}],"wp:featuredmedia":[{"embeddable":true,"href":"https:\/\/www.deskmodder.de\/blog\/wp-json\/wp\/v2\/media\/39560"}],"wp:attachment":[{"href":"https:\/\/www.deskmodder.de\/blog\/wp-json\/wp\/v2\/media?parent=39558"}],"wp:term":[{"taxonomy":"category","embeddable":true,"href":"https:\/\/www.deskmodder.de\/blog\/wp-json\/wp\/v2\/categories?post=39558"},{"taxonomy":"post_tag","embeddable":true,"href":"https:\/\/www.deskmodder.de\/blog\/wp-json\/wp\/v2\/tags?post=39558"}],"curies":[{"name":"wp","href":"https:\/\/api.w.org\/{rel}","templated":true}]}}