{"id":39493,"date":"2015-02-25T16:15:01","date_gmt":"2015-02-25T15:15:01","guid":{"rendered":"http:\/\/www.deskmodder.de\/blog\/?p=39493"},"modified":"2015-02-25T16:22:06","modified_gmt":"2015-02-25T15:22:06","slug":"verschiedenfarbige-emojis-bei-apple-das-ist-doch-laecherlich","status":"publish","type":"post","link":"https:\/\/www.deskmodder.de\/blog\/2015\/02\/25\/verschiedenfarbige-emojis-bei-apple-das-ist-doch-laecherlich\/","title":{"rendered":"Verschiedenfarbige Emojis bei Apple &#8211; das ist doch l\u00e4cherlich!"},"content":{"rendered":"<p><a href=\"http:\/\/www.deskmodder.de\/blog\/wp-content\/uploads\/2015\/02\/emoji.jpg\" rel=\"lightbox[39493]\"><img loading=\"lazy\" decoding=\"async\" class=\"alignleft size-medium wp-image-39514\" src=\"http:\/\/www.deskmodder.de\/blog\/wp-content\/uploads\/2015\/02\/emoji-150x49.jpg\" alt=\"emoji\" width=\"150\" height=\"49\" srcset=\"https:\/\/www.deskmodder.de\/blog\/wp-content\/uploads\/2015\/02\/emoji-150x49.jpg 150w, https:\/\/www.deskmodder.de\/blog\/wp-content\/uploads\/2015\/02\/emoji-500x162.jpg 500w, https:\/\/www.deskmodder.de\/blog\/wp-content\/uploads\/2015\/02\/emoji.jpg 574w\" sizes=\"auto, (max-width: 150px) 100vw, 150px\" \/><\/a>Kommentar: Keine ethnische Gruppe sollte aufgrund ihrer Hautfarbe, Herkunft\u00a0oder\u00a0Religion diskriminiert werden. Dies hat Apple durch den Unicode-Standard auch erfahren und in die aktuellen Beta-Versionen von iOS als erster gro\u00dfer Software-Riese Gesichter und Personen mit verschiedenen Hautfarben ins Emoji-Set integriert.<\/p>\n<p>Der Weihnachtsmann kommt jetzt wahlweise aus Asien oder Afrika und auch einzelne Finger, H\u00e4nde und K\u00f6pfe sind nicht mehr nur hellh\u00e4utig.<!--more--> Ehrlich gesagt finde ich diese vermeintliche politische Korrektheit an dieser Stelle v\u00f6llig l\u00e4cherlich und sogar diskriminierend. Das ist \u00fcberhaupt nicht zu Ende gedacht.<\/p>\n<p><a href=\"http:\/\/www.deskmodder.de\/blog\/wp-content\/uploads\/2015\/02\/emoji_fff.png\" rel=\"lightbox[39493]\"><img loading=\"lazy\" decoding=\"async\" class=\"aligncenter size-large wp-image-39508\" src=\"http:\/\/www.deskmodder.de\/blog\/wp-content\/uploads\/2015\/02\/emoji_fff-500x201.png\" alt=\"emoji_fff\" width=\"500\" height=\"201\" srcset=\"https:\/\/www.deskmodder.de\/blog\/wp-content\/uploads\/2015\/02\/emoji_fff-500x201.png 500w, https:\/\/www.deskmodder.de\/blog\/wp-content\/uploads\/2015\/02\/emoji_fff-150x60.png 150w, https:\/\/www.deskmodder.de\/blog\/wp-content\/uploads\/2015\/02\/emoji_fff.png 680w\" sizes=\"auto, (max-width: 500px) 100vw, 500px\" \/><\/a><\/p>\n<p>Bisher war es doch auch nicht schwierig: Es gab nur eine M\u00f6glichkeit und keiner brauchte sich \u00fcber etwas Gedanken machen &#8211; niemand wurde beleidigt, angegriffen oder diskriminiert. Die neuen Bildchen bieten doch hier ganz neue M\u00f6glichkeit f\u00fcr Mobbing und k\u00f6nnen gezielt absichtlich falsch eingesetzt werden.<\/p>\n<p>Durch diese verschiedenen Hautfarben unterteilt\u00a0man die Menschheit doch gerade wieder in verschiedene Gruppen und unterstreicht zudem noch einige Vorurteile. Warum macht man Unterschiede bei der Hautfarbe aber l\u00e4sst die sonstigen Gesichts-Merkmale unver\u00e4ndert? Gerade das ist doch noch rassistischer.<\/p>\n<p><a href=\"http:\/\/www.deskmodder.de\/blog\/wp-content\/uploads\/2015\/02\/Screen-Shot-2015-02-24-at-8_37_58-am.png\" rel=\"lightbox[39493]\"><img loading=\"lazy\" decoding=\"async\" class=\"aligncenter size-full wp-image-39507\" src=\"http:\/\/www.deskmodder.de\/blog\/wp-content\/uploads\/2015\/02\/Screen-Shot-2015-02-24-at-8_37_58-am.png\" alt=\"Screen-Shot-2015-02-24-at-8_37_58-am\" width=\"453\" height=\"109\" srcset=\"https:\/\/www.deskmodder.de\/blog\/wp-content\/uploads\/2015\/02\/Screen-Shot-2015-02-24-at-8_37_58-am.png 453w, https:\/\/www.deskmodder.de\/blog\/wp-content\/uploads\/2015\/02\/Screen-Shot-2015-02-24-at-8_37_58-am-150x36.png 150w\" sizes=\"auto, (max-width: 453px) 100vw, 453px\" \/><\/a><\/p>\n<p>Darf ich einem dunkelh\u00e4utigen Menschen jetzt keine Nachrichten mehr mit einem hellh\u00e4utigem Weihnachtsmann ohne b\u00f6sen Hintergedanken schicken? Bin ich dann gleich politisch unkorrekt? Bleiben ja eigentlich\u00a0nur noch die klassischen\u00a0Smileys &#8211; ach nee, die sind ja wieder\u00a0gelb&#8230; ;-D Das ist doch alles total l\u00e4cherlich. Ein bisschen politische Korrektheit gerne, aber bitte nicht \u00fcbertreiben. Sonst fordere ich bald Emojis mit abben Beinen und\u00a0\u00fcbergewichtigen Menschen. Und die Simpsons sollen bitte auch an die kulturellen Unterschiede der jeweiligen L\u00e4nder angepasst werden.<\/p>\n<p>Macht die Dinger doch komplett grau und entfernt s\u00e4mtliche menschliche Merkmale. Dann haben wir keine solcher sinnlosen Probleme mehr.<\/p>\n<p>&nbsp;<\/p>\n<div class=\"viaquelle\">Bildquellen: <a href=\"http:\/\/www.dailydot.com\/lifestyle\/emoji-racist-petition\/\" target=\"_blank\">1<\/a> <a href=\"http:\/\/thenextweb.com\/apple\/2015\/02\/23\/these-are-apples-new-diverse-emoji\/\" target=\"_blank\">2<\/a><\/div>\n","protected":false},"excerpt":{"rendered":"<p>Kommentar: Keine ethnische Gruppe sollte aufgrund ihrer Hautfarbe, Herkunft\u00a0oder\u00a0Religion diskriminiert werden. Dies hat Apple durch den Unicode-Standard auch erfahren und in die aktuellen Beta-Versionen von iOS als erster gro\u00dfer Software-Riese Gesichter und Personen mit verschiedenen Hautfarben ins Emoji-Set integriert. Der&hellip; <\/p>\n","protected":false},"author":1525,"featured_media":39507,"comment_status":"open","ping_status":"open","sticky":false,"template":"","format":"standard","meta":{"jetpack_post_was_ever_published":false,"footnotes":"","jetpack_publicize_message":"","jetpack_publicize_feature_enabled":true,"jetpack_social_post_already_shared":true,"jetpack_social_options":{"image_generator_settings":{"template":"highway","default_image_id":0,"font":"","enabled":false},"version":2}},"categories":[1],"tags":[98,7962,7963,7964,7965],"class_list":["post-39493","post","type-post","status-publish","format-standard","has-post-thumbnail","hentry","category-allgemein","tag-apple","tag-emoji","tag-emoticon","tag-hautfarbe","tag-unicode"],"wp_featured_image":{"id":39507,"alt_text":"","description":"","media_type":"image","media_details":{"width":453,"height":109,"file":"2015\/02\/Screen-Shot-2015-02-24-at-8_37_58-am.png","sizes":{"thumbnail":{"file":"Screen-Shot-2015-02-24-at-8_37_58-am-150x109.png","width":150,"height":109,"mime-type":"image\/png","source_url":"https:\/\/www.deskmodder.de\/blog\/wp-content\/uploads\/2015\/02\/Screen-Shot-2015-02-24-at-8_37_58-am-150x109.png"},"medium":{"file":"Screen-Shot-2015-02-24-at-8_37_58-am-150x36.png","width":150,"height":36,"mime-type":"image\/png","source_url":"https:\/\/www.deskmodder.de\/blog\/wp-content\/uploads\/2015\/02\/Screen-Shot-2015-02-24-at-8_37_58-am-150x36.png"}},"image_meta":{"aperture":0,"credit":"","camera":"","caption":"","created_timestamp":0,"copyright":"","focal_length":0,"iso":0,"shutter_speed":0,"title":"","orientation":0}},"post":39493,"source_url":"https:\/\/www.deskmodder.de\/blog\/wp-content\/uploads\/2015\/02\/Screen-Shot-2015-02-24-at-8_37_58-am.png"},"commentcount":3,"wp_comments":[{"id":9318,"parent":0,"author":2038,"author_name":"&#071;&#119;&#101;&#110;&#068;&#114;&#097;&#103;&#111;&#110;","author_email":"info@gwendragon.de","author_url":"http:\/\/gwendragon.de\/","author_avatar_urls":{"24":"https:\/\/secure.gravatar.com\/avatar\/ab9cf037d6cbcba5c651656468693c8727c7122d9141dfa149b5ce8cc5923c48?s=24&d=mm&r=g","48":"https:\/\/secure.gravatar.com\/avatar\/ab9cf037d6cbcba5c651656468693c8727c7122d9141dfa149b5ce8cc5923c48?s=48&d=mm&r=g","96":"https:\/\/secure.gravatar.com\/avatar\/ab9cf037d6cbcba5c651656468693c8727c7122d9141dfa149b5ce8cc5923c48?s=96&d=mm&r=g"},"date":"2015-02-26T11:00:58","cld_nonce":"5b064c4575","content":{"rendered":"<p>Der Ansatz ist falsch. Denn Haut- und Haarfarbe machen keine Ethnie aus. Genau das ist aber so dargestellt und damit auch verdeckt rassistisch.<br \/>\nDas Klischee deckt au\u00dferdem nur bestimmte Gruppen ab. <\/p>\n<p>Fr\u00fcher war das einfach ein : &#8211; ) war f\u00fcr alle Geschlechter gut.<\/p>\n<p>Mit politischer Korrektheit hat das nix zu tun. Apple wollte wohl den Nutzenden mehr Identifikationsm\u00f6glichkeit bieten und auch Diversity zeigen.<br \/>\nAber Apple hat nur das gemacht, was seit zig Jahren gemacht wird: Menschen nach k\u00f6rperlichen Eigenschaften einer geografischen Herkunft\/Abstammung etc. zuordnen.<\/p>\n<p>#AppleFail<\/p>\n"},"status":"1"},{"id":9322,"parent":0,"author":1525,"author_name":"&#087;&#105;&#110;&#100;&#111;&#119;&#115;&#032;&#056;&#032;&#085;&#115;&#101;&#114;","author_email":"windows-8-user@live.de","author_url":"","author_avatar_urls":{"24":"https:\/\/secure.gravatar.com\/avatar\/a1e9db99fdd71a9ae2c516203e3fcd390817fa98f868eb9ba6d4a77d1a815cd4?s=24&d=mm&r=g","48":"https:\/\/secure.gravatar.com\/avatar\/a1e9db99fdd71a9ae2c516203e3fcd390817fa98f868eb9ba6d4a77d1a815cd4?s=48&d=mm&r=g","96":"https:\/\/secure.gravatar.com\/avatar\/a1e9db99fdd71a9ae2c516203e3fcd390817fa98f868eb9ba6d4a77d1a815cd4?s=96&d=mm&r=g"},"date":"2015-02-26T13:22:14","cld_nonce":"5b064c4575","content":{"rendered":"<p>Leider ist Apple ja nur der Anfang &#8211; sie werden die ersten sein, die die den neuen Unicode Standard umsetzen. Die anderen muessen entsprechende Bildchen auch einbauen.<\/p>\n"},"status":"1"},{"id":14252,"parent":0,"author":2213,"author_name":"KnorxThieus","author_email":"knorxthieus@outlook.com","author_url":"","author_avatar_urls":{"24":"https:\/\/secure.gravatar.com\/avatar\/9eb405a525ffc0e1e71260e73871947087f4ff1a371d4741ffd696ae6782e04d?s=24&d=mm&r=g","48":"https:\/\/secure.gravatar.com\/avatar\/9eb405a525ffc0e1e71260e73871947087f4ff1a371d4741ffd696ae6782e04d?s=48&d=mm&r=g","96":"https:\/\/secure.gravatar.com\/avatar\/9eb405a525ffc0e1e71260e73871947087f4ff1a371d4741ffd696ae6782e04d?s=96&d=mm&r=g"},"date":"2015-08-31T12:50:38","cld_nonce":"5b064c4575","content":{"rendered":"<p>Nein, wirklich idiotisch \u2026 man sollte vielmehr systemweit einstellen k\u00f6nnen, mit welcher Hautfarbe und Ethnik empfangene Smileys angezeigt werden!<\/p>\n"},"status":"1"}],"wp_author":{"id":1525,"name":"W8U","description":"Technikliebhaber aus Niedersachsen und seit 2013 bei den Deskmoddern. Interessiert sich f\u00fcr (fast) alles, durch das Strom flie\u00dft: Computer, Smartphones, Tablets, Autos und so weiter.","author_avatar_urls":{"24":"https:\/\/secure.gravatar.com\/avatar\/a1e9db99fdd71a9ae2c516203e3fcd390817fa98f868eb9ba6d4a77d1a815cd4?s=24&d=mm&r=g","48":"https:\/\/secure.gravatar.com\/avatar\/a1e9db99fdd71a9ae2c516203e3fcd390817fa98f868eb9ba6d4a77d1a815cd4?s=48&d=mm&r=g","96":"https:\/\/secure.gravatar.com\/avatar\/a1e9db99fdd71a9ae2c516203e3fcd390817fa98f868eb9ba6d4a77d1a815cd4?s=96&d=mm&r=g"}},"cld_nonce":"5b064c4575","yoast_head":"<!-- This site is optimized with the Yoast SEO Premium plugin v27.5 (Yoast SEO v27.5) - https:\/\/yoast.com\/product\/yoast-seo-premium-wordpress\/ -->\n<title>Verschiedenfarbige Emojis bei Apple - das ist doch l\u00e4cherlich! - Deskmodder.de<\/title>\n<meta name=\"robots\" content=\"index, follow, max-snippet:-1, max-image-preview:large, max-video-preview:-1\" \/>\n<link rel=\"canonical\" href=\"https:\/\/www.deskmodder.de\/blog\/2015\/02\/25\/verschiedenfarbige-emojis-bei-apple-das-ist-doch-laecherlich\/\" \/>\n<meta property=\"og:locale\" content=\"de_DE\" \/>\n<meta property=\"og:type\" content=\"article\" \/>\n<meta property=\"og:title\" content=\"Verschiedenfarbige Emojis bei Apple - das ist doch l\u00e4cherlich!\" \/>\n<meta property=\"og:description\" content=\"Kommentar: Keine ethnische Gruppe sollte aufgrund ihrer Hautfarbe, Herkunft\u00a0oder\u00a0Religion diskriminiert werden. Dies hat Apple durch den Unicode-Standard auch erfahren und in die aktuellen Beta-Versionen von iOS als erster gro\u00dfer Software-Riese Gesichter und Personen mit verschiedenen Hautfarben ins Emoji-Set integriert. Der&hellip;\" \/>\n<meta property=\"og:url\" content=\"https:\/\/www.deskmodder.de\/blog\/2015\/02\/25\/verschiedenfarbige-emojis-bei-apple-das-ist-doch-laecherlich\/\" \/>\n<meta property=\"og:site_name\" content=\"Deskmodder.de\" \/>\n<meta property=\"article:publisher\" content=\"https:\/\/www.facebook.com\/Deskmodder\" \/>\n<meta property=\"article:published_time\" content=\"2015-02-25T15:15:01+00:00\" \/>\n<meta property=\"article:modified_time\" content=\"2015-02-25T15:22:06+00:00\" \/>\n<meta property=\"og:image\" content=\"https:\/\/www.deskmodder.de\/blog\/wp-content\/uploads\/2015\/02\/Screen-Shot-2015-02-24-at-8_37_58-am.png\" \/>\n\t<meta property=\"og:image:width\" content=\"453\" \/>\n\t<meta property=\"og:image:height\" content=\"109\" \/>\n\t<meta property=\"og:image:type\" content=\"image\/png\" \/>\n<meta name=\"author\" content=\"W8U\" \/>\n<meta name=\"twitter:card\" content=\"summary_large_image\" \/>\n<meta name=\"twitter:creator\" content=\"@Deskmodder\" \/>\n<meta name=\"twitter:site\" content=\"@Deskmodder\" \/>\n<script type=\"application\/ld+json\" class=\"yoast-schema-graph\">{\"@context\":\"https:\\\/\\\/schema.org\",\"@graph\":[{\"@type\":\"Article\",\"@id\":\"https:\\\/\\\/www.deskmodder.de\\\/blog\\\/2015\\\/02\\\/25\\\/verschiedenfarbige-emojis-bei-apple-das-ist-doch-laecherlich\\\/#article\",\"isPartOf\":{\"@id\":\"https:\\\/\\\/www.deskmodder.de\\\/blog\\\/2015\\\/02\\\/25\\\/verschiedenfarbige-emojis-bei-apple-das-ist-doch-laecherlich\\\/\"},\"author\":{\"name\":\"W8U\",\"@id\":\"https:\\\/\\\/www.deskmodder.de\\\/blog\\\/#\\\/schema\\\/person\\\/f3c70b4f4860c9fcc4c04057ed04f469\"},\"headline\":\"Verschiedenfarbige Emojis bei Apple &#8211; das ist doch l\u00e4cherlich!\",\"datePublished\":\"2015-02-25T15:15:01+00:00\",\"dateModified\":\"2015-02-25T15:22:06+00:00\",\"mainEntityOfPage\":{\"@id\":\"https:\\\/\\\/www.deskmodder.de\\\/blog\\\/2015\\\/02\\\/25\\\/verschiedenfarbige-emojis-bei-apple-das-ist-doch-laecherlich\\\/\"},\"wordCount\":301,\"commentCount\":3,\"publisher\":{\"@id\":\"https:\\\/\\\/www.deskmodder.de\\\/blog\\\/#organization\"},\"image\":{\"@id\":\"https:\\\/\\\/www.deskmodder.de\\\/blog\\\/2015\\\/02\\\/25\\\/verschiedenfarbige-emojis-bei-apple-das-ist-doch-laecherlich\\\/#primaryimage\"},\"thumbnailUrl\":\"https:\\\/\\\/www.deskmodder.de\\\/blog\\\/wp-content\\\/uploads\\\/2015\\\/02\\\/Screen-Shot-2015-02-24-at-8_37_58-am.png\",\"keywords\":[\"Apple\",\"emoji\",\"emoticon\",\"hautfarbe\",\"unicode\"],\"inLanguage\":\"de\",\"potentialAction\":[{\"@type\":\"CommentAction\",\"name\":\"Comment\",\"target\":[\"https:\\\/\\\/www.deskmodder.de\\\/blog\\\/2015\\\/02\\\/25\\\/verschiedenfarbige-emojis-bei-apple-das-ist-doch-laecherlich\\\/#respond\"]}],\"copyrightYear\":\"2015\",\"copyrightHolder\":{\"@id\":\"https:\\\/\\\/www.deskmodder.de\\\/blog\\\/#organization\"}},{\"@type\":\"WebPage\",\"@id\":\"https:\\\/\\\/www.deskmodder.de\\\/blog\\\/2015\\\/02\\\/25\\\/verschiedenfarbige-emojis-bei-apple-das-ist-doch-laecherlich\\\/\",\"url\":\"https:\\\/\\\/www.deskmodder.de\\\/blog\\\/2015\\\/02\\\/25\\\/verschiedenfarbige-emojis-bei-apple-das-ist-doch-laecherlich\\\/\",\"name\":\"Verschiedenfarbige Emojis bei Apple - das ist doch l\u00e4cherlich! - Deskmodder.de\",\"isPartOf\":{\"@id\":\"https:\\\/\\\/www.deskmodder.de\\\/blog\\\/#website\"},\"primaryImageOfPage\":{\"@id\":\"https:\\\/\\\/www.deskmodder.de\\\/blog\\\/2015\\\/02\\\/25\\\/verschiedenfarbige-emojis-bei-apple-das-ist-doch-laecherlich\\\/#primaryimage\"},\"image\":{\"@id\":\"https:\\\/\\\/www.deskmodder.de\\\/blog\\\/2015\\\/02\\\/25\\\/verschiedenfarbige-emojis-bei-apple-das-ist-doch-laecherlich\\\/#primaryimage\"},\"thumbnailUrl\":\"https:\\\/\\\/www.deskmodder.de\\\/blog\\\/wp-content\\\/uploads\\\/2015\\\/02\\\/Screen-Shot-2015-02-24-at-8_37_58-am.png\",\"datePublished\":\"2015-02-25T15:15:01+00:00\",\"dateModified\":\"2015-02-25T15:22:06+00:00\",\"breadcrumb\":{\"@id\":\"https:\\\/\\\/www.deskmodder.de\\\/blog\\\/2015\\\/02\\\/25\\\/verschiedenfarbige-emojis-bei-apple-das-ist-doch-laecherlich\\\/#breadcrumb\"},\"inLanguage\":\"de\",\"potentialAction\":[{\"@type\":\"ReadAction\",\"target\":[\"https:\\\/\\\/www.deskmodder.de\\\/blog\\\/2015\\\/02\\\/25\\\/verschiedenfarbige-emojis-bei-apple-das-ist-doch-laecherlich\\\/\"]}]},{\"@type\":\"ImageObject\",\"inLanguage\":\"de\",\"@id\":\"https:\\\/\\\/www.deskmodder.de\\\/blog\\\/2015\\\/02\\\/25\\\/verschiedenfarbige-emojis-bei-apple-das-ist-doch-laecherlich\\\/#primaryimage\",\"url\":\"https:\\\/\\\/www.deskmodder.de\\\/blog\\\/wp-content\\\/uploads\\\/2015\\\/02\\\/Screen-Shot-2015-02-24-at-8_37_58-am.png\",\"contentUrl\":\"https:\\\/\\\/www.deskmodder.de\\\/blog\\\/wp-content\\\/uploads\\\/2015\\\/02\\\/Screen-Shot-2015-02-24-at-8_37_58-am.png\",\"width\":453,\"height\":109},{\"@type\":\"BreadcrumbList\",\"@id\":\"https:\\\/\\\/www.deskmodder.de\\\/blog\\\/2015\\\/02\\\/25\\\/verschiedenfarbige-emojis-bei-apple-das-ist-doch-laecherlich\\\/#breadcrumb\",\"itemListElement\":[{\"@type\":\"ListItem\",\"position\":1,\"name\":\"Startseite\",\"item\":\"https:\\\/\\\/www.deskmodder.de\\\/blog\\\/\"},{\"@type\":\"ListItem\",\"position\":2,\"name\":\"Verschiedenfarbige Emojis bei Apple &#8211; das ist doch l\u00e4cherlich!\"}]},{\"@type\":\"WebSite\",\"@id\":\"https:\\\/\\\/www.deskmodder.de\\\/blog\\\/#website\",\"url\":\"https:\\\/\\\/www.deskmodder.de\\\/blog\\\/\",\"name\":\"Deskmodder.de\",\"description\":\"News zum Thema Microsoft, Windows 11 \\\/ 10, sowie anderen Neuigkeiten aus dem Netz, viele Tipps und individuelle Hilfe bei Problemen in unserem Forum \u25cf Deskmodder - seit 2003\",\"publisher\":{\"@id\":\"https:\\\/\\\/www.deskmodder.de\\\/blog\\\/#organization\"},\"potentialAction\":[{\"@type\":\"SearchAction\",\"target\":{\"@type\":\"EntryPoint\",\"urlTemplate\":\"https:\\\/\\\/www.deskmodder.de\\\/blog\\\/?s={search_term_string}\"},\"query-input\":{\"@type\":\"PropertyValueSpecification\",\"valueRequired\":true,\"valueName\":\"search_term_string\"}}],\"inLanguage\":\"de\"},{\"@type\":\"Organization\",\"@id\":\"https:\\\/\\\/www.deskmodder.de\\\/blog\\\/#organization\",\"name\":\"Deskmodder\",\"url\":\"https:\\\/\\\/www.deskmodder.de\\\/blog\\\/\",\"logo\":{\"@type\":\"ImageObject\",\"inLanguage\":\"de\",\"@id\":\"https:\\\/\\\/www.deskmodder.de\\\/blog\\\/#\\\/schema\\\/logo\\\/image\\\/\",\"url\":\"https:\\\/\\\/www.deskmodder.de\\\/blog\\\/wp-content\\\/uploads\\\/2019\\\/01\\\/deskmodder-logo-app.png\",\"contentUrl\":\"https:\\\/\\\/www.deskmodder.de\\\/blog\\\/wp-content\\\/uploads\\\/2019\\\/01\\\/deskmodder-logo-app.png\",\"width\":281,\"height\":286,\"caption\":\"Deskmodder\"},\"image\":{\"@id\":\"https:\\\/\\\/www.deskmodder.de\\\/blog\\\/#\\\/schema\\\/logo\\\/image\\\/\"},\"sameAs\":[\"https:\\\/\\\/www.facebook.com\\\/Deskmodder\",\"https:\\\/\\\/x.com\\\/Deskmodder\",\"https:\\\/\\\/mastodontech.de\\\/@Deskmodder\",\"https:\\\/\\\/www.youtube.com\\\/user\\\/deskmodder\",\"https:\\\/\\\/mewe.com\\\/group\\\/5c83b5231add826fc80cdae1\"]},{\"@type\":\"Person\",\"@id\":\"https:\\\/\\\/www.deskmodder.de\\\/blog\\\/#\\\/schema\\\/person\\\/f3c70b4f4860c9fcc4c04057ed04f469\",\"name\":\"W8U\",\"image\":{\"@type\":\"ImageObject\",\"inLanguage\":\"de\",\"@id\":\"https:\\\/\\\/secure.gravatar.com\\\/avatar\\\/a1e9db99fdd71a9ae2c516203e3fcd390817fa98f868eb9ba6d4a77d1a815cd4?s=96&d=mm&r=g\",\"url\":\"https:\\\/\\\/secure.gravatar.com\\\/avatar\\\/a1e9db99fdd71a9ae2c516203e3fcd390817fa98f868eb9ba6d4a77d1a815cd4?s=96&d=mm&r=g\",\"contentUrl\":\"https:\\\/\\\/secure.gravatar.com\\\/avatar\\\/a1e9db99fdd71a9ae2c516203e3fcd390817fa98f868eb9ba6d4a77d1a815cd4?s=96&d=mm&r=g\",\"caption\":\"W8U\"},\"description\":\"Technikliebhaber aus Niedersachsen und seit 2013 bei den Deskmoddern. Interessiert sich f\u00fcr (fast) alles, durch das Strom flie\u00dft: Computer, Smartphones, Tablets, Autos und so weiter.\",\"url\":\"https:\\\/\\\/www.deskmodder.de\\\/blog\\\/author\\\/w8u\\\/\"}]}<\/script>\n<!-- \/ Yoast SEO Premium plugin. -->","yoast_head_json":{"title":"Verschiedenfarbige Emojis bei Apple - das ist doch l\u00e4cherlich! - Deskmodder.de","robots":{"index":"index","follow":"follow","max-snippet":"max-snippet:-1","max-image-preview":"max-image-preview:large","max-video-preview":"max-video-preview:-1"},"canonical":"https:\/\/www.deskmodder.de\/blog\/2015\/02\/25\/verschiedenfarbige-emojis-bei-apple-das-ist-doch-laecherlich\/","og_locale":"de_DE","og_type":"article","og_title":"Verschiedenfarbige Emojis bei Apple - das ist doch l\u00e4cherlich!","og_description":"Kommentar: Keine ethnische Gruppe sollte aufgrund ihrer Hautfarbe, Herkunft\u00a0oder\u00a0Religion diskriminiert werden. Dies hat Apple durch den Unicode-Standard auch erfahren und in die aktuellen Beta-Versionen von iOS als erster gro\u00dfer Software-Riese Gesichter und Personen mit verschiedenen Hautfarben ins Emoji-Set integriert. Der&hellip;","og_url":"https:\/\/www.deskmodder.de\/blog\/2015\/02\/25\/verschiedenfarbige-emojis-bei-apple-das-ist-doch-laecherlich\/","og_site_name":"Deskmodder.de","article_publisher":"https:\/\/www.facebook.com\/Deskmodder","article_published_time":"2015-02-25T15:15:01+00:00","article_modified_time":"2015-02-25T15:22:06+00:00","og_image":[{"width":453,"height":109,"url":"https:\/\/www.deskmodder.de\/blog\/wp-content\/uploads\/2015\/02\/Screen-Shot-2015-02-24-at-8_37_58-am.png","type":"image\/png"}],"author":"W8U","twitter_card":"summary_large_image","twitter_creator":"@Deskmodder","twitter_site":"@Deskmodder","schema":{"@context":"https:\/\/schema.org","@graph":[{"@type":"Article","@id":"https:\/\/www.deskmodder.de\/blog\/2015\/02\/25\/verschiedenfarbige-emojis-bei-apple-das-ist-doch-laecherlich\/#article","isPartOf":{"@id":"https:\/\/www.deskmodder.de\/blog\/2015\/02\/25\/verschiedenfarbige-emojis-bei-apple-das-ist-doch-laecherlich\/"},"author":{"name":"W8U","@id":"https:\/\/www.deskmodder.de\/blog\/#\/schema\/person\/f3c70b4f4860c9fcc4c04057ed04f469"},"headline":"Verschiedenfarbige Emojis bei Apple &#8211; das ist doch l\u00e4cherlich!","datePublished":"2015-02-25T15:15:01+00:00","dateModified":"2015-02-25T15:22:06+00:00","mainEntityOfPage":{"@id":"https:\/\/www.deskmodder.de\/blog\/2015\/02\/25\/verschiedenfarbige-emojis-bei-apple-das-ist-doch-laecherlich\/"},"wordCount":301,"commentCount":3,"publisher":{"@id":"https:\/\/www.deskmodder.de\/blog\/#organization"},"image":{"@id":"https:\/\/www.deskmodder.de\/blog\/2015\/02\/25\/verschiedenfarbige-emojis-bei-apple-das-ist-doch-laecherlich\/#primaryimage"},"thumbnailUrl":"https:\/\/www.deskmodder.de\/blog\/wp-content\/uploads\/2015\/02\/Screen-Shot-2015-02-24-at-8_37_58-am.png","keywords":["Apple","emoji","emoticon","hautfarbe","unicode"],"inLanguage":"de","potentialAction":[{"@type":"CommentAction","name":"Comment","target":["https:\/\/www.deskmodder.de\/blog\/2015\/02\/25\/verschiedenfarbige-emojis-bei-apple-das-ist-doch-laecherlich\/#respond"]}],"copyrightYear":"2015","copyrightHolder":{"@id":"https:\/\/www.deskmodder.de\/blog\/#organization"}},{"@type":"WebPage","@id":"https:\/\/www.deskmodder.de\/blog\/2015\/02\/25\/verschiedenfarbige-emojis-bei-apple-das-ist-doch-laecherlich\/","url":"https:\/\/www.deskmodder.de\/blog\/2015\/02\/25\/verschiedenfarbige-emojis-bei-apple-das-ist-doch-laecherlich\/","name":"Verschiedenfarbige Emojis bei Apple - das ist doch l\u00e4cherlich! - Deskmodder.de","isPartOf":{"@id":"https:\/\/www.deskmodder.de\/blog\/#website"},"primaryImageOfPage":{"@id":"https:\/\/www.deskmodder.de\/blog\/2015\/02\/25\/verschiedenfarbige-emojis-bei-apple-das-ist-doch-laecherlich\/#primaryimage"},"image":{"@id":"https:\/\/www.deskmodder.de\/blog\/2015\/02\/25\/verschiedenfarbige-emojis-bei-apple-das-ist-doch-laecherlich\/#primaryimage"},"thumbnailUrl":"https:\/\/www.deskmodder.de\/blog\/wp-content\/uploads\/2015\/02\/Screen-Shot-2015-02-24-at-8_37_58-am.png","datePublished":"2015-02-25T15:15:01+00:00","dateModified":"2015-02-25T15:22:06+00:00","breadcrumb":{"@id":"https:\/\/www.deskmodder.de\/blog\/2015\/02\/25\/verschiedenfarbige-emojis-bei-apple-das-ist-doch-laecherlich\/#breadcrumb"},"inLanguage":"de","potentialAction":[{"@type":"ReadAction","target":["https:\/\/www.deskmodder.de\/blog\/2015\/02\/25\/verschiedenfarbige-emojis-bei-apple-das-ist-doch-laecherlich\/"]}]},{"@type":"ImageObject","inLanguage":"de","@id":"https:\/\/www.deskmodder.de\/blog\/2015\/02\/25\/verschiedenfarbige-emojis-bei-apple-das-ist-doch-laecherlich\/#primaryimage","url":"https:\/\/www.deskmodder.de\/blog\/wp-content\/uploads\/2015\/02\/Screen-Shot-2015-02-24-at-8_37_58-am.png","contentUrl":"https:\/\/www.deskmodder.de\/blog\/wp-content\/uploads\/2015\/02\/Screen-Shot-2015-02-24-at-8_37_58-am.png","width":453,"height":109},{"@type":"BreadcrumbList","@id":"https:\/\/www.deskmodder.de\/blog\/2015\/02\/25\/verschiedenfarbige-emojis-bei-apple-das-ist-doch-laecherlich\/#breadcrumb","itemListElement":[{"@type":"ListItem","position":1,"name":"Startseite","item":"https:\/\/www.deskmodder.de\/blog\/"},{"@type":"ListItem","position":2,"name":"Verschiedenfarbige Emojis bei Apple &#8211; das ist doch l\u00e4cherlich!"}]},{"@type":"WebSite","@id":"https:\/\/www.deskmodder.de\/blog\/#website","url":"https:\/\/www.deskmodder.de\/blog\/","name":"Deskmodder.de","description":"News zum Thema Microsoft, Windows 11 \/ 10, sowie anderen Neuigkeiten aus dem Netz, viele Tipps und individuelle Hilfe bei Problemen in unserem Forum \u25cf Deskmodder - seit 2003","publisher":{"@id":"https:\/\/www.deskmodder.de\/blog\/#organization"},"potentialAction":[{"@type":"SearchAction","target":{"@type":"EntryPoint","urlTemplate":"https:\/\/www.deskmodder.de\/blog\/?s={search_term_string}"},"query-input":{"@type":"PropertyValueSpecification","valueRequired":true,"valueName":"search_term_string"}}],"inLanguage":"de"},{"@type":"Organization","@id":"https:\/\/www.deskmodder.de\/blog\/#organization","name":"Deskmodder","url":"https:\/\/www.deskmodder.de\/blog\/","logo":{"@type":"ImageObject","inLanguage":"de","@id":"https:\/\/www.deskmodder.de\/blog\/#\/schema\/logo\/image\/","url":"https:\/\/www.deskmodder.de\/blog\/wp-content\/uploads\/2019\/01\/deskmodder-logo-app.png","contentUrl":"https:\/\/www.deskmodder.de\/blog\/wp-content\/uploads\/2019\/01\/deskmodder-logo-app.png","width":281,"height":286,"caption":"Deskmodder"},"image":{"@id":"https:\/\/www.deskmodder.de\/blog\/#\/schema\/logo\/image\/"},"sameAs":["https:\/\/www.facebook.com\/Deskmodder","https:\/\/x.com\/Deskmodder","https:\/\/mastodontech.de\/@Deskmodder","https:\/\/www.youtube.com\/user\/deskmodder","https:\/\/mewe.com\/group\/5c83b5231add826fc80cdae1"]},{"@type":"Person","@id":"https:\/\/www.deskmodder.de\/blog\/#\/schema\/person\/f3c70b4f4860c9fcc4c04057ed04f469","name":"W8U","image":{"@type":"ImageObject","inLanguage":"de","@id":"https:\/\/secure.gravatar.com\/avatar\/a1e9db99fdd71a9ae2c516203e3fcd390817fa98f868eb9ba6d4a77d1a815cd4?s=96&d=mm&r=g","url":"https:\/\/secure.gravatar.com\/avatar\/a1e9db99fdd71a9ae2c516203e3fcd390817fa98f868eb9ba6d4a77d1a815cd4?s=96&d=mm&r=g","contentUrl":"https:\/\/secure.gravatar.com\/avatar\/a1e9db99fdd71a9ae2c516203e3fcd390817fa98f868eb9ba6d4a77d1a815cd4?s=96&d=mm&r=g","caption":"W8U"},"description":"Technikliebhaber aus Niedersachsen und seit 2013 bei den Deskmoddern. Interessiert sich f\u00fcr (fast) alles, durch das Strom flie\u00dft: Computer, Smartphones, Tablets, Autos und so weiter.","url":"https:\/\/www.deskmodder.de\/blog\/author\/w8u\/"}]}},"jetpack_publicize_connections":[],"jetpack_featured_media_url":"https:\/\/www.deskmodder.de\/blog\/wp-content\/uploads\/2015\/02\/Screen-Shot-2015-02-24-at-8_37_58-am.png","_links":{"self":[{"href":"https:\/\/www.deskmodder.de\/blog\/wp-json\/wp\/v2\/posts\/39493","targetHints":{"allow":["GET"]}}],"collection":[{"href":"https:\/\/www.deskmodder.de\/blog\/wp-json\/wp\/v2\/posts"}],"about":[{"href":"https:\/\/www.deskmodder.de\/blog\/wp-json\/wp\/v2\/types\/post"}],"author":[{"embeddable":true,"href":"https:\/\/www.deskmodder.de\/blog\/wp-json\/wp\/v2\/users\/1525"}],"replies":[{"embeddable":true,"href":"https:\/\/www.deskmodder.de\/blog\/wp-json\/wp\/v2\/comments?post=39493"}],"version-history":[{"count":0,"href":"https:\/\/www.deskmodder.de\/blog\/wp-json\/wp\/v2\/posts\/39493\/revisions"}],"wp:featuredmedia":[{"embeddable":true,"href":"https:\/\/www.deskmodder.de\/blog\/wp-json\/wp\/v2\/media\/39507"}],"wp:attachment":[{"href":"https:\/\/www.deskmodder.de\/blog\/wp-json\/wp\/v2\/media?parent=39493"}],"wp:term":[{"taxonomy":"category","embeddable":true,"href":"https:\/\/www.deskmodder.de\/blog\/wp-json\/wp\/v2\/categories?post=39493"},{"taxonomy":"post_tag","embeddable":true,"href":"https:\/\/www.deskmodder.de\/blog\/wp-json\/wp\/v2\/tags?post=39493"}],"curies":[{"name":"wp","href":"https:\/\/api.w.org\/{rel}","templated":true}]}}