{"id":3481,"date":"2012-09-03T19:20:07","date_gmt":"2012-09-03T17:20:07","guid":{"rendered":"http:\/\/www.deskmodder.de\/blog\/?p=3481"},"modified":"2023-01-14T17:20:56","modified_gmt":"2023-01-14T16:20:56","slug":"uxstyle-core-nun-auch-fur-windows-8","status":"publish","type":"post","link":"https:\/\/www.deskmodder.de\/blog\/2012\/09\/03\/uxstyle-core-nun-auch-fur-windows-8\/","title":{"rendered":"UxStyle Core nun auch f\u00fcr Windows 8"},"content":{"rendered":"<p><a href=\"http:\/\/www.deskmodder.de\/blog\/wp-content\/uploads\/2012\/09\/Uxstyle.png\" rel=\"lightbox[3481]\"><img loading=\"lazy\" decoding=\"async\" src=\"http:\/\/www.deskmodder.de\/blog\/wp-content\/uploads\/2012\/09\/Uxstyle.png\" alt=\"\" title=\"Uxstyle\" width=\"172\" height=\"252\" class=\"alignleft size-full wp-image-3482\" \/><\/a>Nachdem  MZottel seinen <a href='http:\/\/www.deskmodder.de\/wiki\/index.php\/Windows_8_Themes_installieren'>UltraUXThemePatcher<\/a> f\u00fcr Windows 8 x32 und x64 bereitgestellt hat, hat nun auch Rafael Rivera seinen <b> UxStyle Core<\/b> f\u00fcr Windows 8 x64 testweise freigegeben.<\/p>\n<p>Der UxStyle Core arbeitet als Dienst und patcht die 3 notwendigen dlls nach jedem Start im Ram.<br \/>\nDie eigentlichen dlls werden gegen\u00fcber den anderen Patchern nicht ge\u00e4ndert.<br \/>\nDer Vorteil: \u00c4ndert Microsoft per Update die dlls, funktionieren die <a href='http:\/\/www.deskmodder.de\/phpBB3\/viewtopic.php?f=295&#038;t=14174'>Windows 8 Theme<\/a> trotzdem.<br \/>\nNachteil: Der Dienst wird bei jedem Start erneut ausgef\u00fchrt.<\/p>\n<p><b> Bitte beachtet:<\/b> Wer schon einen Themepatcher installiert hat, darf den UxStyle Core nicht noch zus\u00e4tzlich installieren.<\/p>\n<p>Beide Themepatcher in der \u00dcbersicht bei uns im Wiki: <a href='http:\/\/www.deskmodder.de\/wiki\/index.php\/Windows_8_Themes_installieren'>Windows 8 Themes installieren<\/a><\/p>\n<p>Theme \/ Visual Styles nat\u00fcrlich auch bei uns im  <a href='http:\/\/www.deskmodder.de\/phpBB3\/viewtopic.php?p=230974#p230974'>Forum<\/a> in der \u00dcbersicht.<\/p>\n","protected":false},"excerpt":{"rendered":"<p>Nachdem MZottel seinen UltraUXThemePatcher f\u00fcr Windows 8 x32 und x64 bereitgestellt hat, hat nun auch Rafael Rivera seinen UxStyle Core f\u00fcr Windows 8 x64 testweise freigegeben. Der UxStyle Core arbeitet als Dienst und patcht die 3 notwendigen dlls nach jedem&hellip; <\/p>\n","protected":false},"author":134,"featured_media":3482,"comment_status":"open","ping_status":"open","sticky":false,"template":"","format":"standard","meta":{"jetpack_post_was_ever_published":false,"footnotes":"","jetpack_publicize_message":"","jetpack_publicize_feature_enabled":true,"jetpack_social_post_already_shared":false,"jetpack_social_options":{"image_generator_settings":{"template":"highway","default_image_id":0,"font":"","enabled":false},"version":2}},"categories":[11],"tags":[912,743,911,119,9742],"class_list":["post-3481","post","type-post","status-publish","format-standard","has-post-thumbnail","hentry","category-windows","tag-theme-patcher","tag-themes","tag-uxstyle-core","tag-visual-styles","tag-windows-8"],"wp_featured_image":{"id":3482,"alt_text":"","description":"Ux Style Core","media_type":"image","media_details":{"width":"172","height":"252","hwstring_small":"height='96' width='65'","file":"2012\/09\/Uxstyle.png","sizes":{"thumbnail":{"file":"Uxstyle-150x150.png","width":"150","height":"150","source_url":"https:\/\/www.deskmodder.de\/blog\/wp-content\/uploads\/2012\/09\/Uxstyle-150x150.png"}},"image_meta":{"aperture":"0","credit":"","camera":"","caption":"","created_timestamp":"0","copyright":"","focal_length":"0","iso":"0","shutter_speed":"0","title":""}},"post":3481,"source_url":"https:\/\/www.deskmodder.de\/blog\/wp-content\/uploads\/2012\/09\/Uxstyle.png"},"commentcount":0,"wp_comments":[],"wp_author":{"id":134,"name":"moinmoin","description":"Ich bin nicht allwissend, was <a href=\"https:\/\/www.deskmodder.de\/wiki\/index.php?title=Kategorie:Windows_11\">Windows<\/a> angeht. Aber genau deshalb nehme ich Windows gerne auseinander und unter die Lupe, um all mein Wissen zu erweitern. <i>J\u00fcrgen<\/i>","author_avatar_urls":{"24":"https:\/\/secure.gravatar.com\/avatar\/fab96769102f8886245ab411df9a42a235be79261e4b44aa7ab2a555da8b86b4?s=24&d=mm&r=g","48":"https:\/\/secure.gravatar.com\/avatar\/fab96769102f8886245ab411df9a42a235be79261e4b44aa7ab2a555da8b86b4?s=48&d=mm&r=g","96":"https:\/\/secure.gravatar.com\/avatar\/fab96769102f8886245ab411df9a42a235be79261e4b44aa7ab2a555da8b86b4?s=96&d=mm&r=g"}},"cld_nonce":"e41d0d9d34","yoast_head":"<!-- This site is optimized with the Yoast SEO Premium plugin v27.5 (Yoast SEO v27.5) - https:\/\/yoast.com\/product\/yoast-seo-premium-wordpress\/ -->\n<title>UxStyle Core nun auch f\u00fcr Windows 8 - Deskmodder.de<\/title>\n<meta name=\"robots\" content=\"index, follow, max-snippet:-1, max-image-preview:large, max-video-preview:-1\" \/>\n<link rel=\"canonical\" href=\"https:\/\/www.deskmodder.de\/blog\/2012\/09\/03\/uxstyle-core-nun-auch-fur-windows-8\/\" \/>\n<meta property=\"og:locale\" content=\"de_DE\" \/>\n<meta property=\"og:type\" content=\"article\" \/>\n<meta property=\"og:title\" content=\"UxStyle Core nun auch f\u00fcr Windows 8\" \/>\n<meta property=\"og:description\" content=\"Nachdem MZottel seinen UltraUXThemePatcher f\u00fcr Windows 8 x32 und x64 bereitgestellt hat, hat nun auch Rafael Rivera seinen UxStyle Core f\u00fcr Windows 8 x64 testweise freigegeben. Der UxStyle Core arbeitet als Dienst und patcht die 3 notwendigen dlls nach jedem&hellip;\" \/>\n<meta property=\"og:url\" content=\"https:\/\/www.deskmodder.de\/blog\/2012\/09\/03\/uxstyle-core-nun-auch-fur-windows-8\/\" \/>\n<meta property=\"og:site_name\" content=\"Deskmodder.de\" \/>\n<meta property=\"article:publisher\" content=\"https:\/\/www.facebook.com\/Deskmodder\" \/>\n<meta property=\"article:published_time\" content=\"2012-09-03T17:20:07+00:00\" \/>\n<meta property=\"article:modified_time\" content=\"2023-01-14T16:20:56+00:00\" \/>\n<meta property=\"og:image\" content=\"https:\/\/www.deskmodder.de\/blog\/wp-content\/uploads\/2012\/09\/Uxstyle.png\" \/>\n\t<meta property=\"og:image:width\" content=\"172\" \/>\n\t<meta property=\"og:image:height\" content=\"252\" \/>\n\t<meta property=\"og:image:type\" content=\"image\/png\" \/>\n<meta name=\"author\" content=\"moinmoin\" \/>\n<meta name=\"twitter:card\" content=\"summary_large_image\" \/>\n<meta name=\"twitter:creator\" content=\"@Deskmodder\" \/>\n<meta name=\"twitter:site\" content=\"@Deskmodder\" \/>\n<script type=\"application\/ld+json\" class=\"yoast-schema-graph\">{\"@context\":\"https:\\\/\\\/schema.org\",\"@graph\":[{\"@type\":\"Article\",\"@id\":\"https:\\\/\\\/www.deskmodder.de\\\/blog\\\/2012\\\/09\\\/03\\\/uxstyle-core-nun-auch-fur-windows-8\\\/#article\",\"isPartOf\":{\"@id\":\"https:\\\/\\\/www.deskmodder.de\\\/blog\\\/2012\\\/09\\\/03\\\/uxstyle-core-nun-auch-fur-windows-8\\\/\"},\"author\":{\"name\":\"moinmoin\",\"@id\":\"https:\\\/\\\/www.deskmodder.de\\\/blog\\\/#\\\/schema\\\/person\\\/a40b17a9503c4a1568ac4073bb54182a\"},\"headline\":\"UxStyle Core nun auch f\u00fcr Windows 8\",\"datePublished\":\"2012-09-03T17:20:07+00:00\",\"dateModified\":\"2023-01-14T16:20:56+00:00\",\"mainEntityOfPage\":{\"@id\":\"https:\\\/\\\/www.deskmodder.de\\\/blog\\\/2012\\\/09\\\/03\\\/uxstyle-core-nun-auch-fur-windows-8\\\/\"},\"wordCount\":126,\"commentCount\":0,\"publisher\":{\"@id\":\"https:\\\/\\\/www.deskmodder.de\\\/blog\\\/#organization\"},\"image\":{\"@id\":\"https:\\\/\\\/www.deskmodder.de\\\/blog\\\/2012\\\/09\\\/03\\\/uxstyle-core-nun-auch-fur-windows-8\\\/#primaryimage\"},\"thumbnailUrl\":\"https:\\\/\\\/www.deskmodder.de\\\/blog\\\/wp-content\\\/uploads\\\/2012\\\/09\\\/Uxstyle.png\",\"keywords\":[\"Theme Patcher\",\"Themes\",\"UxStyle Core\",\"visual styles\",\"Windows 8\"],\"articleSection\":[\"Windows \u00e4lter\"],\"inLanguage\":\"de\",\"potentialAction\":[{\"@type\":\"CommentAction\",\"name\":\"Comment\",\"target\":[\"https:\\\/\\\/www.deskmodder.de\\\/blog\\\/2012\\\/09\\\/03\\\/uxstyle-core-nun-auch-fur-windows-8\\\/#respond\"]}],\"copyrightYear\":\"2012\",\"copyrightHolder\":{\"@id\":\"https:\\\/\\\/www.deskmodder.de\\\/blog\\\/#organization\"}},{\"@type\":\"WebPage\",\"@id\":\"https:\\\/\\\/www.deskmodder.de\\\/blog\\\/2012\\\/09\\\/03\\\/uxstyle-core-nun-auch-fur-windows-8\\\/\",\"url\":\"https:\\\/\\\/www.deskmodder.de\\\/blog\\\/2012\\\/09\\\/03\\\/uxstyle-core-nun-auch-fur-windows-8\\\/\",\"name\":\"UxStyle Core nun auch f\u00fcr Windows 8 - Deskmodder.de\",\"isPartOf\":{\"@id\":\"https:\\\/\\\/www.deskmodder.de\\\/blog\\\/#website\"},\"primaryImageOfPage\":{\"@id\":\"https:\\\/\\\/www.deskmodder.de\\\/blog\\\/2012\\\/09\\\/03\\\/uxstyle-core-nun-auch-fur-windows-8\\\/#primaryimage\"},\"image\":{\"@id\":\"https:\\\/\\\/www.deskmodder.de\\\/blog\\\/2012\\\/09\\\/03\\\/uxstyle-core-nun-auch-fur-windows-8\\\/#primaryimage\"},\"thumbnailUrl\":\"https:\\\/\\\/www.deskmodder.de\\\/blog\\\/wp-content\\\/uploads\\\/2012\\\/09\\\/Uxstyle.png\",\"datePublished\":\"2012-09-03T17:20:07+00:00\",\"dateModified\":\"2023-01-14T16:20:56+00:00\",\"breadcrumb\":{\"@id\":\"https:\\\/\\\/www.deskmodder.de\\\/blog\\\/2012\\\/09\\\/03\\\/uxstyle-core-nun-auch-fur-windows-8\\\/#breadcrumb\"},\"inLanguage\":\"de\",\"potentialAction\":[{\"@type\":\"ReadAction\",\"target\":[\"https:\\\/\\\/www.deskmodder.de\\\/blog\\\/2012\\\/09\\\/03\\\/uxstyle-core-nun-auch-fur-windows-8\\\/\"]}]},{\"@type\":\"ImageObject\",\"inLanguage\":\"de\",\"@id\":\"https:\\\/\\\/www.deskmodder.de\\\/blog\\\/2012\\\/09\\\/03\\\/uxstyle-core-nun-auch-fur-windows-8\\\/#primaryimage\",\"url\":\"https:\\\/\\\/www.deskmodder.de\\\/blog\\\/wp-content\\\/uploads\\\/2012\\\/09\\\/Uxstyle.png\",\"contentUrl\":\"https:\\\/\\\/www.deskmodder.de\\\/blog\\\/wp-content\\\/uploads\\\/2012\\\/09\\\/Uxstyle.png\",\"width\":\"172\",\"height\":\"252\"},{\"@type\":\"BreadcrumbList\",\"@id\":\"https:\\\/\\\/www.deskmodder.de\\\/blog\\\/2012\\\/09\\\/03\\\/uxstyle-core-nun-auch-fur-windows-8\\\/#breadcrumb\",\"itemListElement\":[{\"@type\":\"ListItem\",\"position\":1,\"name\":\"Startseite\",\"item\":\"https:\\\/\\\/www.deskmodder.de\\\/blog\\\/\"},{\"@type\":\"ListItem\",\"position\":2,\"name\":\"UxStyle Core nun auch f\u00fcr Windows 8\"}]},{\"@type\":\"WebSite\",\"@id\":\"https:\\\/\\\/www.deskmodder.de\\\/blog\\\/#website\",\"url\":\"https:\\\/\\\/www.deskmodder.de\\\/blog\\\/\",\"name\":\"Deskmodder.de\",\"description\":\"News zum Thema Microsoft, Windows 11 \\\/ 10, sowie anderen Neuigkeiten aus dem Netz, viele Tipps und individuelle Hilfe bei Problemen in unserem Forum \u25cf Deskmodder - seit 2003\",\"publisher\":{\"@id\":\"https:\\\/\\\/www.deskmodder.de\\\/blog\\\/#organization\"},\"potentialAction\":[{\"@type\":\"SearchAction\",\"target\":{\"@type\":\"EntryPoint\",\"urlTemplate\":\"https:\\\/\\\/www.deskmodder.de\\\/blog\\\/?s={search_term_string}\"},\"query-input\":{\"@type\":\"PropertyValueSpecification\",\"valueRequired\":true,\"valueName\":\"search_term_string\"}}],\"inLanguage\":\"de\"},{\"@type\":\"Organization\",\"@id\":\"https:\\\/\\\/www.deskmodder.de\\\/blog\\\/#organization\",\"name\":\"Deskmodder\",\"url\":\"https:\\\/\\\/www.deskmodder.de\\\/blog\\\/\",\"logo\":{\"@type\":\"ImageObject\",\"inLanguage\":\"de\",\"@id\":\"https:\\\/\\\/www.deskmodder.de\\\/blog\\\/#\\\/schema\\\/logo\\\/image\\\/\",\"url\":\"https:\\\/\\\/www.deskmodder.de\\\/blog\\\/wp-content\\\/uploads\\\/2019\\\/01\\\/deskmodder-logo-app.png\",\"contentUrl\":\"https:\\\/\\\/www.deskmodder.de\\\/blog\\\/wp-content\\\/uploads\\\/2019\\\/01\\\/deskmodder-logo-app.png\",\"width\":281,\"height\":286,\"caption\":\"Deskmodder\"},\"image\":{\"@id\":\"https:\\\/\\\/www.deskmodder.de\\\/blog\\\/#\\\/schema\\\/logo\\\/image\\\/\"},\"sameAs\":[\"https:\\\/\\\/www.facebook.com\\\/Deskmodder\",\"https:\\\/\\\/x.com\\\/Deskmodder\",\"https:\\\/\\\/mastodontech.de\\\/@Deskmodder\",\"https:\\\/\\\/www.youtube.com\\\/user\\\/deskmodder\",\"https:\\\/\\\/mewe.com\\\/group\\\/5c83b5231add826fc80cdae1\"]},{\"@type\":\"Person\",\"@id\":\"https:\\\/\\\/www.deskmodder.de\\\/blog\\\/#\\\/schema\\\/person\\\/a40b17a9503c4a1568ac4073bb54182a\",\"name\":\"moinmoin\",\"image\":{\"@type\":\"ImageObject\",\"inLanguage\":\"de\",\"@id\":\"https:\\\/\\\/secure.gravatar.com\\\/avatar\\\/fab96769102f8886245ab411df9a42a235be79261e4b44aa7ab2a555da8b86b4?s=96&d=mm&r=g\",\"url\":\"https:\\\/\\\/secure.gravatar.com\\\/avatar\\\/fab96769102f8886245ab411df9a42a235be79261e4b44aa7ab2a555da8b86b4?s=96&d=mm&r=g\",\"contentUrl\":\"https:\\\/\\\/secure.gravatar.com\\\/avatar\\\/fab96769102f8886245ab411df9a42a235be79261e4b44aa7ab2a555da8b86b4?s=96&d=mm&r=g\",\"caption\":\"moinmoin\"},\"description\":\"Ich bin nicht allwissend, was Windows angeht. Aber genau deshalb nehme ich Windows gerne auseinander und unter die Lupe, um all mein Wissen zu erweitern. J\u00fcrgen\",\"url\":\"https:\\\/\\\/www.deskmodder.de\\\/blog\\\/author\\\/moinmoin\\\/\"}]}<\/script>\n<!-- \/ Yoast SEO Premium plugin. -->","yoast_head_json":{"title":"UxStyle Core nun auch f\u00fcr Windows 8 - Deskmodder.de","robots":{"index":"index","follow":"follow","max-snippet":"max-snippet:-1","max-image-preview":"max-image-preview:large","max-video-preview":"max-video-preview:-1"},"canonical":"https:\/\/www.deskmodder.de\/blog\/2012\/09\/03\/uxstyle-core-nun-auch-fur-windows-8\/","og_locale":"de_DE","og_type":"article","og_title":"UxStyle Core nun auch f\u00fcr Windows 8","og_description":"Nachdem MZottel seinen UltraUXThemePatcher f\u00fcr Windows 8 x32 und x64 bereitgestellt hat, hat nun auch Rafael Rivera seinen UxStyle Core f\u00fcr Windows 8 x64 testweise freigegeben. Der UxStyle Core arbeitet als Dienst und patcht die 3 notwendigen dlls nach jedem&hellip;","og_url":"https:\/\/www.deskmodder.de\/blog\/2012\/09\/03\/uxstyle-core-nun-auch-fur-windows-8\/","og_site_name":"Deskmodder.de","article_publisher":"https:\/\/www.facebook.com\/Deskmodder","article_published_time":"2012-09-03T17:20:07+00:00","article_modified_time":"2023-01-14T16:20:56+00:00","og_image":[{"width":172,"height":252,"url":"https:\/\/www.deskmodder.de\/blog\/wp-content\/uploads\/2012\/09\/Uxstyle.png","type":"image\/png"}],"author":"moinmoin","twitter_card":"summary_large_image","twitter_creator":"@Deskmodder","twitter_site":"@Deskmodder","schema":{"@context":"https:\/\/schema.org","@graph":[{"@type":"Article","@id":"https:\/\/www.deskmodder.de\/blog\/2012\/09\/03\/uxstyle-core-nun-auch-fur-windows-8\/#article","isPartOf":{"@id":"https:\/\/www.deskmodder.de\/blog\/2012\/09\/03\/uxstyle-core-nun-auch-fur-windows-8\/"},"author":{"name":"moinmoin","@id":"https:\/\/www.deskmodder.de\/blog\/#\/schema\/person\/a40b17a9503c4a1568ac4073bb54182a"},"headline":"UxStyle Core nun auch f\u00fcr Windows 8","datePublished":"2012-09-03T17:20:07+00:00","dateModified":"2023-01-14T16:20:56+00:00","mainEntityOfPage":{"@id":"https:\/\/www.deskmodder.de\/blog\/2012\/09\/03\/uxstyle-core-nun-auch-fur-windows-8\/"},"wordCount":126,"commentCount":0,"publisher":{"@id":"https:\/\/www.deskmodder.de\/blog\/#organization"},"image":{"@id":"https:\/\/www.deskmodder.de\/blog\/2012\/09\/03\/uxstyle-core-nun-auch-fur-windows-8\/#primaryimage"},"thumbnailUrl":"https:\/\/www.deskmodder.de\/blog\/wp-content\/uploads\/2012\/09\/Uxstyle.png","keywords":["Theme Patcher","Themes","UxStyle Core","visual styles","Windows 8"],"articleSection":["Windows \u00e4lter"],"inLanguage":"de","potentialAction":[{"@type":"CommentAction","name":"Comment","target":["https:\/\/www.deskmodder.de\/blog\/2012\/09\/03\/uxstyle-core-nun-auch-fur-windows-8\/#respond"]}],"copyrightYear":"2012","copyrightHolder":{"@id":"https:\/\/www.deskmodder.de\/blog\/#organization"}},{"@type":"WebPage","@id":"https:\/\/www.deskmodder.de\/blog\/2012\/09\/03\/uxstyle-core-nun-auch-fur-windows-8\/","url":"https:\/\/www.deskmodder.de\/blog\/2012\/09\/03\/uxstyle-core-nun-auch-fur-windows-8\/","name":"UxStyle Core nun auch f\u00fcr Windows 8 - Deskmodder.de","isPartOf":{"@id":"https:\/\/www.deskmodder.de\/blog\/#website"},"primaryImageOfPage":{"@id":"https:\/\/www.deskmodder.de\/blog\/2012\/09\/03\/uxstyle-core-nun-auch-fur-windows-8\/#primaryimage"},"image":{"@id":"https:\/\/www.deskmodder.de\/blog\/2012\/09\/03\/uxstyle-core-nun-auch-fur-windows-8\/#primaryimage"},"thumbnailUrl":"https:\/\/www.deskmodder.de\/blog\/wp-content\/uploads\/2012\/09\/Uxstyle.png","datePublished":"2012-09-03T17:20:07+00:00","dateModified":"2023-01-14T16:20:56+00:00","breadcrumb":{"@id":"https:\/\/www.deskmodder.de\/blog\/2012\/09\/03\/uxstyle-core-nun-auch-fur-windows-8\/#breadcrumb"},"inLanguage":"de","potentialAction":[{"@type":"ReadAction","target":["https:\/\/www.deskmodder.de\/blog\/2012\/09\/03\/uxstyle-core-nun-auch-fur-windows-8\/"]}]},{"@type":"ImageObject","inLanguage":"de","@id":"https:\/\/www.deskmodder.de\/blog\/2012\/09\/03\/uxstyle-core-nun-auch-fur-windows-8\/#primaryimage","url":"https:\/\/www.deskmodder.de\/blog\/wp-content\/uploads\/2012\/09\/Uxstyle.png","contentUrl":"https:\/\/www.deskmodder.de\/blog\/wp-content\/uploads\/2012\/09\/Uxstyle.png","width":"172","height":"252"},{"@type":"BreadcrumbList","@id":"https:\/\/www.deskmodder.de\/blog\/2012\/09\/03\/uxstyle-core-nun-auch-fur-windows-8\/#breadcrumb","itemListElement":[{"@type":"ListItem","position":1,"name":"Startseite","item":"https:\/\/www.deskmodder.de\/blog\/"},{"@type":"ListItem","position":2,"name":"UxStyle Core nun auch f\u00fcr Windows 8"}]},{"@type":"WebSite","@id":"https:\/\/www.deskmodder.de\/blog\/#website","url":"https:\/\/www.deskmodder.de\/blog\/","name":"Deskmodder.de","description":"News zum Thema Microsoft, Windows 11 \/ 10, sowie anderen Neuigkeiten aus dem Netz, viele Tipps und individuelle Hilfe bei Problemen in unserem Forum \u25cf Deskmodder - seit 2003","publisher":{"@id":"https:\/\/www.deskmodder.de\/blog\/#organization"},"potentialAction":[{"@type":"SearchAction","target":{"@type":"EntryPoint","urlTemplate":"https:\/\/www.deskmodder.de\/blog\/?s={search_term_string}"},"query-input":{"@type":"PropertyValueSpecification","valueRequired":true,"valueName":"search_term_string"}}],"inLanguage":"de"},{"@type":"Organization","@id":"https:\/\/www.deskmodder.de\/blog\/#organization","name":"Deskmodder","url":"https:\/\/www.deskmodder.de\/blog\/","logo":{"@type":"ImageObject","inLanguage":"de","@id":"https:\/\/www.deskmodder.de\/blog\/#\/schema\/logo\/image\/","url":"https:\/\/www.deskmodder.de\/blog\/wp-content\/uploads\/2019\/01\/deskmodder-logo-app.png","contentUrl":"https:\/\/www.deskmodder.de\/blog\/wp-content\/uploads\/2019\/01\/deskmodder-logo-app.png","width":281,"height":286,"caption":"Deskmodder"},"image":{"@id":"https:\/\/www.deskmodder.de\/blog\/#\/schema\/logo\/image\/"},"sameAs":["https:\/\/www.facebook.com\/Deskmodder","https:\/\/x.com\/Deskmodder","https:\/\/mastodontech.de\/@Deskmodder","https:\/\/www.youtube.com\/user\/deskmodder","https:\/\/mewe.com\/group\/5c83b5231add826fc80cdae1"]},{"@type":"Person","@id":"https:\/\/www.deskmodder.de\/blog\/#\/schema\/person\/a40b17a9503c4a1568ac4073bb54182a","name":"moinmoin","image":{"@type":"ImageObject","inLanguage":"de","@id":"https:\/\/secure.gravatar.com\/avatar\/fab96769102f8886245ab411df9a42a235be79261e4b44aa7ab2a555da8b86b4?s=96&d=mm&r=g","url":"https:\/\/secure.gravatar.com\/avatar\/fab96769102f8886245ab411df9a42a235be79261e4b44aa7ab2a555da8b86b4?s=96&d=mm&r=g","contentUrl":"https:\/\/secure.gravatar.com\/avatar\/fab96769102f8886245ab411df9a42a235be79261e4b44aa7ab2a555da8b86b4?s=96&d=mm&r=g","caption":"moinmoin"},"description":"Ich bin nicht allwissend, was Windows angeht. Aber genau deshalb nehme ich Windows gerne auseinander und unter die Lupe, um all mein Wissen zu erweitern. J\u00fcrgen","url":"https:\/\/www.deskmodder.de\/blog\/author\/moinmoin\/"}]}},"jetpack_publicize_connections":[],"jetpack_featured_media_url":"https:\/\/www.deskmodder.de\/blog\/wp-content\/uploads\/2012\/09\/Uxstyle.png","_links":{"self":[{"href":"https:\/\/www.deskmodder.de\/blog\/wp-json\/wp\/v2\/posts\/3481","targetHints":{"allow":["GET"]}}],"collection":[{"href":"https:\/\/www.deskmodder.de\/blog\/wp-json\/wp\/v2\/posts"}],"about":[{"href":"https:\/\/www.deskmodder.de\/blog\/wp-json\/wp\/v2\/types\/post"}],"author":[{"embeddable":true,"href":"https:\/\/www.deskmodder.de\/blog\/wp-json\/wp\/v2\/users\/134"}],"replies":[{"embeddable":true,"href":"https:\/\/www.deskmodder.de\/blog\/wp-json\/wp\/v2\/comments?post=3481"}],"version-history":[{"count":0,"href":"https:\/\/www.deskmodder.de\/blog\/wp-json\/wp\/v2\/posts\/3481\/revisions"}],"wp:featuredmedia":[{"embeddable":true,"href":"https:\/\/www.deskmodder.de\/blog\/wp-json\/wp\/v2\/media\/3482"}],"wp:attachment":[{"href":"https:\/\/www.deskmodder.de\/blog\/wp-json\/wp\/v2\/media?parent=3481"}],"wp:term":[{"taxonomy":"category","embeddable":true,"href":"https:\/\/www.deskmodder.de\/blog\/wp-json\/wp\/v2\/categories?post=3481"},{"taxonomy":"post_tag","embeddable":true,"href":"https:\/\/www.deskmodder.de\/blog\/wp-json\/wp\/v2\/tags?post=3481"}],"curies":[{"name":"wp","href":"https:\/\/api.w.org\/{rel}","templated":true}]}}