{"id":25920,"date":"2014-05-20T21:35:59","date_gmt":"2014-05-20T19:35:59","guid":{"rendered":"http:\/\/www.deskmodder.de\/blog\/?p=25920"},"modified":"2023-01-14T17:12:44","modified_gmt":"2023-01-14T16:12:44","slug":"microsoft-surface-pro-3-offiziell-vorgestellt-groesser-duenner-schneller","status":"publish","type":"post","link":"https:\/\/www.deskmodder.de\/blog\/2014\/05\/20\/microsoft-surface-pro-3-offiziell-vorgestellt-groesser-duenner-schneller\/","title":{"rendered":"Microsoft Surface Pro 3 offiziell vorgestellt &#8211; gr\u00f6\u00dfer, d\u00fcnner, schneller"},"content":{"rendered":"<p><a href=\"http:\/\/www.deskmodder.de\/blog\/wp-content\/uploads\/2014\/05\/image1.jpg\" rel=\"lightbox[25920]\"><img loading=\"lazy\" decoding=\"async\" class=\"alignleft size-medium wp-image-25922\" src=\"http:\/\/www.deskmodder.de\/blog\/wp-content\/uploads\/2014\/05\/image1-150x80.jpg\" alt=\"image\" width=\"150\" height=\"80\" srcset=\"https:\/\/www.deskmodder.de\/blog\/wp-content\/uploads\/2014\/05\/image1-150x80.jpg 150w, https:\/\/www.deskmodder.de\/blog\/wp-content\/uploads\/2014\/05\/image1-500x267.jpg 500w, https:\/\/www.deskmodder.de\/blog\/wp-content\/uploads\/2014\/05\/image1.jpg 591w\" sizes=\"auto, (max-width: 150px) 100vw, 150px\" \/><\/a>Microsoft hat am heutigen Abend die neuste Generation seines Tablets f\u00fcr Gesch\u00e4ftskundenmit Windows 8.1 vorgestellt &#8211; also kein Ger\u00e4t mit Windows RT oder gar ein Surface mini.<\/p>\n<p>Die offensichtlichste Ver\u00e4nderung im Vergleich zum Vorg\u00e4ngermodell ist sicherlich das auf 12 Zoll angewachsene Display mit einem Seitenverh\u00e4ltnis von 3:2 bei einer Aufl\u00f6sung von 2160 x 1440 Pixeln.<!--more--><\/p>\n<p>Im Inneren sorgen (auf Wunsch) ein i7-Prozessor der neusten Generation von Intel und bis zu 8 Gigabyte Arbeitsspeicher f\u00fcr eine ausreichende Leistung. Maximal 512 Gigabyte interner Speicher sind m\u00f6glich. Das mit einem L\u00fcfter ausgestattete Ger\u00e4t wiegt 800 Gramm und ist 9,1 Millimeter dick.<\/p>\n<p>Der Kickstand ist nun nahezu stufenlos einstellbar und erm\u00f6glicht dadurch viele neue Arbeitspositionen. Au\u00dferdem sollen die auf der Displayseite platzierten Lautsprecher bis zu 45 Prozent lauter sein. Der kapazitive Homebutton wandert &#8211; wie beim iPad &#8211; an die k\u00fcrzere Seite.<\/p>\n<p>Bei der Pr\u00e4sentation legte Microsoft immer wieder gro\u00dfen Wert auf die Produktivit\u00e4t, welche durch den mitgelieferten Stylus und die gr\u00f6\u00dferen Typecover gesteigert werden k\u00f6nne.<\/p>\n<p>Falls das Ger\u00e4t mit den oben genannten Spezifikationen euer Interesse geweckt haben sollte, liste ich im Folgenden die Preise f\u00fcr den amerikanischen Markt auf. Dort ist das Surface Pro 3 ab dem 20. Juni 2014 zu haben &#8211; bei uns sogar erst Ende August.<\/p>\n<p>Intel Core i3, 64 GB, 4 GB RAM = 799 Dollar<br \/>\nIntel Core i5, 128 GB, 4 GB RAM = 999 Dollar<br \/>\nIntel Core i5, 256 GB, 8 GB RAM = 1299 Dollar<br \/>\nIntel Core i7, 256 GB, 8 GB RAM = 1549 Dollar<br \/>\nIntel Core i7, 512 GB, 8 GB RAM = 1949 Dollar<\/p>\n<p>&nbsp;<\/p>\n<p><a href=\"http:\/\/www.deskmodder.de\/blog\/wp-content\/uploads\/2014\/05\/image.jpg\" rel=\"lightbox[25920]\"><img loading=\"lazy\" decoding=\"async\" class=\"aligncenter size-large wp-image-25921\" src=\"http:\/\/www.deskmodder.de\/blog\/wp-content\/uploads\/2014\/05\/image-500x318.jpg\" alt=\"image\" width=\"500\" height=\"318\" srcset=\"https:\/\/www.deskmodder.de\/blog\/wp-content\/uploads\/2014\/05\/image-500x318.jpg 500w, https:\/\/www.deskmodder.de\/blog\/wp-content\/uploads\/2014\/05\/image-150x95.jpg 150w, https:\/\/www.deskmodder.de\/blog\/wp-content\/uploads\/2014\/05\/image.jpg 660w\" sizes=\"auto, (max-width: 500px) 100vw, 500px\" \/><\/a><\/p>\n","protected":false},"excerpt":{"rendered":"<p>Microsoft hat am heutigen Abend die neuste Generation seines Tablets f\u00fcr Gesch\u00e4ftskundenmit Windows 8.1 vorgestellt &#8211; also kein Ger\u00e4t mit Windows RT oder gar ein Surface mini. Die offensichtlichste Ver\u00e4nderung im Vergleich zum Vorg\u00e4ngermodell ist sicherlich das auf 12 Zoll&hellip; <\/p>\n","protected":false},"author":1525,"featured_media":25921,"comment_status":"open","ping_status":"open","sticky":false,"template":"","format":"standard","meta":{"jetpack_post_was_ever_published":false,"footnotes":"","jetpack_publicize_message":"","jetpack_publicize_feature_enabled":true,"jetpack_social_post_already_shared":true,"jetpack_social_options":{"image_generator_settings":{"template":"highway","default_image_id":0,"font":"","enabled":false},"version":2}},"categories":[1,1286,11],"tags":[5496,4397,148,720,2145,5495,5457],"class_list":["post-25920","post","type-post","status-publish","format-standard","has-post-thumbnail","hentry","category-allgemein","category-hardware","category-windows","tag-12-zoll","tag-deutschland","tag-microsoft","tag-preis","tag-spezifikationen","tag-surface-pro-3","tag-verkaufsstart"],"wp_featured_image":{"id":25921,"alt_text":"","description":"","media_type":"image","media_details":{"width":660,"height":420,"file":"2014\/05\/image.jpg","sizes":{"thumbnail":{"file":"image-150x150.jpg","width":150,"height":150,"mime-type":"image\/jpeg","source_url":"https:\/\/www.deskmodder.de\/blog\/wp-content\/uploads\/2014\/05\/image-150x150.jpg"},"medium":{"file":"image-150x95.jpg","width":150,"height":95,"mime-type":"image\/jpeg","source_url":"https:\/\/www.deskmodder.de\/blog\/wp-content\/uploads\/2014\/05\/image-150x95.jpg"},"large":{"file":"image-500x318.jpg","width":500,"height":318,"mime-type":"image\/jpeg","source_url":"https:\/\/www.deskmodder.de\/blog\/wp-content\/uploads\/2014\/05\/image-500x318.jpg"}},"image_meta":{"aperture":0,"credit":"","camera":"","caption":"","created_timestamp":0,"copyright":"","focal_length":0,"iso":0,"shutter_speed":0,"title":""}},"post":25920,"source_url":"https:\/\/www.deskmodder.de\/blog\/wp-content\/uploads\/2014\/05\/image.jpg"},"commentcount":4,"wp_comments":[{"id":5744,"parent":0,"author":0,"author_name":"Herr Hugo","author_email":"hugohilter@t-online.de","author_url":"http:\/\/aurum2rivi.wordpress.com\/","author_avatar_urls":{"24":"https:\/\/secure.gravatar.com\/avatar\/dc5176746c873787fa3f8df5f9bdfbd2f7688721f771100eb4d7b4e82e2d655b?s=24&d=mm&r=g","48":"https:\/\/secure.gravatar.com\/avatar\/dc5176746c873787fa3f8df5f9bdfbd2f7688721f771100eb4d7b4e82e2d655b?s=48&d=mm&r=g","96":"https:\/\/secure.gravatar.com\/avatar\/dc5176746c873787fa3f8df5f9bdfbd2f7688721f771100eb4d7b4e82e2d655b?s=96&d=mm&r=g"},"date":"2014-05-20T22:08:54","cld_nonce":"173fc99a75","content":{"rendered":"<p>Aaah, die technischen Daten fein in kurz &#8211; ich sag\u00b4mal meine Meinung dazu:<\/p>\n<p>i3, 64 GB, 4 GB RAM = 799 Dollar<br \/>\ni5, 128 GB, 4 GB RAM = 999 Dollar<br \/>\ni5, 256 GB, 8 GB RAM = 1299 Dollar<br \/>\ni7, 256 GB, 8 GB RAM = 1549 Dollar<br \/>\ni7, 512 GB, 8 GB RAM = 1949 Dollar<\/p>\n<p>Hmm &#8211; Preise werden wohl 1:1 in \u20ac umgerechnet, die Tastatur kommt noch dazu. Win8 Core oder Pro.<\/p>\n<p>Ja, wenn mir das einer schenken w\u00fcrde (wer tut das schon&#8230;) &#8211; sonst:<\/p>\n<p>&#8211; f\u00fcr Notebookfreunde ein Notebook<\/p>\n<p>&#8211; f\u00fcr Desktopfreunde ein PC<\/p>\n<p>Gerade f\u00fcr die Produktivit\u00e4t (die ja betont wird) ist eine Tastatur ja wohl zwingend notwendig, die hat jedes Note\/Ultrabook von Haus aus mit.  <\/p>\n<p>Und f\u00fcr die o.a. Preise gibts da f\u00fcr jeden was passendes.<\/p>\n"},"status":"1"},{"id":5746,"parent":0,"author":1594,"author_name":"Crimsonraziel","author_email":"crimsonraziel@t-online.de","author_url":"","author_avatar_urls":{"24":"https:\/\/secure.gravatar.com\/avatar\/031552e732cf774b0f1ecd57e0b69b6b913e58b64bbf3052c7429322a092121f?s=24&d=mm&r=g","48":"https:\/\/secure.gravatar.com\/avatar\/031552e732cf774b0f1ecd57e0b69b6b913e58b64bbf3052c7429322a092121f?s=48&d=mm&r=g","96":"https:\/\/secure.gravatar.com\/avatar\/031552e732cf774b0f1ecd57e0b69b6b913e58b64bbf3052c7429322a092121f?s=96&d=mm&r=g"},"date":"2014-05-21T09:01:03","cld_nonce":"173fc99a75","content":{"rendered":"<p>400\u20ac mehr f\u00fcr 256GB zus\u00e4tzlichen Festplattenspeicher?<br \/>\nIch hoffe doch da gibt&#8217;s es bei den technischen Daten noch ein paar Punkte mehr, die den Aufpreis rechtfertigen.<\/p>\n"},"status":"1"},{"id":5747,"parent":0,"author":3,"author_name":"moinmoin","author_email":"moin-moin@hab-verschlafen.de","author_url":"","author_avatar_urls":{"24":"https:\/\/secure.gravatar.com\/avatar\/fab96769102f8886245ab411df9a42a235be79261e4b44aa7ab2a555da8b86b4?s=24&d=mm&r=g","48":"https:\/\/secure.gravatar.com\/avatar\/fab96769102f8886245ab411df9a42a235be79261e4b44aa7ab2a555da8b86b4?s=48&d=mm&r=g","96":"https:\/\/secure.gravatar.com\/avatar\/fab96769102f8886245ab411df9a42a235be79261e4b44aa7ab2a555da8b86b4?s=96&d=mm&r=g"},"date":"2014-05-21T10:01:01","cld_nonce":"173fc99a75","content":{"rendered":"<p>Noch ein Hinweis von Mary Jo Foley: Der Stift ist beim Surface 3 nun inklusive und muss nicht extra gekauft werden.<br \/>\nSurface Pro Type Cover = 129,99$<br \/>\nZus\u00e4tzlicher Stift = 49,99$<br \/>\nZus\u00e4tzlicher 36 W Akku = 79,99$<\/p>\n"},"status":"1"},{"id":5749,"parent":0,"author":0,"author_name":"qwert73","author_email":"galkauskaite@web.de","author_url":"","author_avatar_urls":{"24":"https:\/\/secure.gravatar.com\/avatar\/6c2ec42ee0d9eac0951d1fb545971dc4a004134365fbc5950821cc2806913881?s=24&d=mm&r=g","48":"https:\/\/secure.gravatar.com\/avatar\/6c2ec42ee0d9eac0951d1fb545971dc4a004134365fbc5950821cc2806913881?s=48&d=mm&r=g","96":"https:\/\/secure.gravatar.com\/avatar\/6c2ec42ee0d9eac0951d1fb545971dc4a004134365fbc5950821cc2806913881?s=96&d=mm&r=g"},"date":"2014-05-21T10:41:54","cld_nonce":"173fc99a75","content":{"rendered":"<p>Crimsonraziel, nat\u00fcrlich gibt es f\u00fcr die 400,-\u20ac nur die 256 GB mehr &#8211; das Ganze nennt sich dann Mischkalkulation:<\/p>\n<p><a href=\"http:\/\/de.wikipedia.org\/wiki\/Mischkalkulation\" rel=\"nofollow ugc\">http:\/\/de.wikipedia.org\/wiki\/Mischkalkulation<\/a><\/p>\n"},"status":"1"}],"wp_author":{"id":1525,"name":"W8U","description":"Technikliebhaber aus Niedersachsen und seit 2013 bei den Deskmoddern. Interessiert sich f\u00fcr (fast) alles, durch das Strom flie\u00dft: Computer, Smartphones, Tablets, Autos und so weiter.","author_avatar_urls":{"24":"https:\/\/secure.gravatar.com\/avatar\/a1e9db99fdd71a9ae2c516203e3fcd390817fa98f868eb9ba6d4a77d1a815cd4?s=24&d=mm&r=g","48":"https:\/\/secure.gravatar.com\/avatar\/a1e9db99fdd71a9ae2c516203e3fcd390817fa98f868eb9ba6d4a77d1a815cd4?s=48&d=mm&r=g","96":"https:\/\/secure.gravatar.com\/avatar\/a1e9db99fdd71a9ae2c516203e3fcd390817fa98f868eb9ba6d4a77d1a815cd4?s=96&d=mm&r=g"}},"cld_nonce":"173fc99a75","yoast_head":"<!-- This site is optimized with the Yoast SEO Premium plugin v27.5 (Yoast SEO v27.5) - https:\/\/yoast.com\/product\/yoast-seo-premium-wordpress\/ -->\n<title>Microsoft Surface Pro 3 offiziell vorgestellt - gr\u00f6\u00dfer, d\u00fcnner, schneller - Deskmodder.de<\/title>\n<meta name=\"robots\" content=\"index, follow, max-snippet:-1, max-image-preview:large, max-video-preview:-1\" \/>\n<link rel=\"canonical\" href=\"https:\/\/www.deskmodder.de\/blog\/2014\/05\/20\/microsoft-surface-pro-3-offiziell-vorgestellt-groesser-duenner-schneller\/\" \/>\n<meta property=\"og:locale\" content=\"de_DE\" \/>\n<meta property=\"og:type\" content=\"article\" \/>\n<meta property=\"og:title\" content=\"Microsoft Surface Pro 3 offiziell vorgestellt - gr\u00f6\u00dfer, d\u00fcnner, schneller\" \/>\n<meta property=\"og:description\" content=\"Microsoft hat am heutigen Abend die neuste Generation seines Tablets f\u00fcr Gesch\u00e4ftskundenmit Windows 8.1 vorgestellt &#8211; also kein Ger\u00e4t mit Windows RT oder gar ein Surface mini. Die offensichtlichste Ver\u00e4nderung im Vergleich zum Vorg\u00e4ngermodell ist sicherlich das auf 12 Zoll&hellip;\" \/>\n<meta property=\"og:url\" content=\"https:\/\/www.deskmodder.de\/blog\/2014\/05\/20\/microsoft-surface-pro-3-offiziell-vorgestellt-groesser-duenner-schneller\/\" \/>\n<meta property=\"og:site_name\" content=\"Deskmodder.de\" \/>\n<meta property=\"article:publisher\" content=\"https:\/\/www.facebook.com\/Deskmodder\" \/>\n<meta property=\"article:published_time\" content=\"2014-05-20T19:35:59+00:00\" \/>\n<meta property=\"article:modified_time\" content=\"2023-01-14T16:12:44+00:00\" \/>\n<meta property=\"og:image\" content=\"https:\/\/www.deskmodder.de\/blog\/wp-content\/uploads\/2014\/05\/image.jpg\" \/>\n\t<meta property=\"og:image:width\" content=\"660\" \/>\n\t<meta property=\"og:image:height\" content=\"420\" \/>\n\t<meta property=\"og:image:type\" content=\"image\/jpeg\" \/>\n<meta name=\"author\" content=\"W8U\" \/>\n<meta name=\"twitter:card\" content=\"summary_large_image\" \/>\n<meta name=\"twitter:creator\" content=\"@Deskmodder\" \/>\n<meta name=\"twitter:site\" content=\"@Deskmodder\" \/>\n<script type=\"application\/ld+json\" class=\"yoast-schema-graph\">{\"@context\":\"https:\\\/\\\/schema.org\",\"@graph\":[{\"@type\":\"Article\",\"@id\":\"https:\\\/\\\/www.deskmodder.de\\\/blog\\\/2014\\\/05\\\/20\\\/microsoft-surface-pro-3-offiziell-vorgestellt-groesser-duenner-schneller\\\/#article\",\"isPartOf\":{\"@id\":\"https:\\\/\\\/www.deskmodder.de\\\/blog\\\/2014\\\/05\\\/20\\\/microsoft-surface-pro-3-offiziell-vorgestellt-groesser-duenner-schneller\\\/\"},\"author\":{\"name\":\"W8U\",\"@id\":\"https:\\\/\\\/www.deskmodder.de\\\/blog\\\/#\\\/schema\\\/person\\\/f3c70b4f4860c9fcc4c04057ed04f469\"},\"headline\":\"Microsoft Surface Pro 3 offiziell vorgestellt &#8211; gr\u00f6\u00dfer, d\u00fcnner, schneller\",\"datePublished\":\"2014-05-20T19:35:59+00:00\",\"dateModified\":\"2023-01-14T16:12:44+00:00\",\"mainEntityOfPage\":{\"@id\":\"https:\\\/\\\/www.deskmodder.de\\\/blog\\\/2014\\\/05\\\/20\\\/microsoft-surface-pro-3-offiziell-vorgestellt-groesser-duenner-schneller\\\/\"},\"wordCount\":262,\"commentCount\":4,\"publisher\":{\"@id\":\"https:\\\/\\\/www.deskmodder.de\\\/blog\\\/#organization\"},\"image\":{\"@id\":\"https:\\\/\\\/www.deskmodder.de\\\/blog\\\/2014\\\/05\\\/20\\\/microsoft-surface-pro-3-offiziell-vorgestellt-groesser-duenner-schneller\\\/#primaryimage\"},\"thumbnailUrl\":\"https:\\\/\\\/www.deskmodder.de\\\/blog\\\/wp-content\\\/uploads\\\/2014\\\/05\\\/image.jpg\",\"keywords\":[\"12 zoll\",\"deutschland\",\"Microsoft\",\"Preis\",\"Spezifikationen\",\"surface pro 3\",\"Verkaufsstart\"],\"articleSection\":{\"1\":\"Hardware\",\"2\":\"Windows \u00e4lter\"},\"inLanguage\":\"de\",\"potentialAction\":[{\"@type\":\"CommentAction\",\"name\":\"Comment\",\"target\":[\"https:\\\/\\\/www.deskmodder.de\\\/blog\\\/2014\\\/05\\\/20\\\/microsoft-surface-pro-3-offiziell-vorgestellt-groesser-duenner-schneller\\\/#respond\"]}],\"copyrightYear\":\"2014\",\"copyrightHolder\":{\"@id\":\"https:\\\/\\\/www.deskmodder.de\\\/blog\\\/#organization\"}},{\"@type\":\"WebPage\",\"@id\":\"https:\\\/\\\/www.deskmodder.de\\\/blog\\\/2014\\\/05\\\/20\\\/microsoft-surface-pro-3-offiziell-vorgestellt-groesser-duenner-schneller\\\/\",\"url\":\"https:\\\/\\\/www.deskmodder.de\\\/blog\\\/2014\\\/05\\\/20\\\/microsoft-surface-pro-3-offiziell-vorgestellt-groesser-duenner-schneller\\\/\",\"name\":\"Microsoft Surface Pro 3 offiziell vorgestellt - gr\u00f6\u00dfer, d\u00fcnner, schneller - Deskmodder.de\",\"isPartOf\":{\"@id\":\"https:\\\/\\\/www.deskmodder.de\\\/blog\\\/#website\"},\"primaryImageOfPage\":{\"@id\":\"https:\\\/\\\/www.deskmodder.de\\\/blog\\\/2014\\\/05\\\/20\\\/microsoft-surface-pro-3-offiziell-vorgestellt-groesser-duenner-schneller\\\/#primaryimage\"},\"image\":{\"@id\":\"https:\\\/\\\/www.deskmodder.de\\\/blog\\\/2014\\\/05\\\/20\\\/microsoft-surface-pro-3-offiziell-vorgestellt-groesser-duenner-schneller\\\/#primaryimage\"},\"thumbnailUrl\":\"https:\\\/\\\/www.deskmodder.de\\\/blog\\\/wp-content\\\/uploads\\\/2014\\\/05\\\/image.jpg\",\"datePublished\":\"2014-05-20T19:35:59+00:00\",\"dateModified\":\"2023-01-14T16:12:44+00:00\",\"breadcrumb\":{\"@id\":\"https:\\\/\\\/www.deskmodder.de\\\/blog\\\/2014\\\/05\\\/20\\\/microsoft-surface-pro-3-offiziell-vorgestellt-groesser-duenner-schneller\\\/#breadcrumb\"},\"inLanguage\":\"de\",\"potentialAction\":[{\"@type\":\"ReadAction\",\"target\":[\"https:\\\/\\\/www.deskmodder.de\\\/blog\\\/2014\\\/05\\\/20\\\/microsoft-surface-pro-3-offiziell-vorgestellt-groesser-duenner-schneller\\\/\"]}]},{\"@type\":\"ImageObject\",\"inLanguage\":\"de\",\"@id\":\"https:\\\/\\\/www.deskmodder.de\\\/blog\\\/2014\\\/05\\\/20\\\/microsoft-surface-pro-3-offiziell-vorgestellt-groesser-duenner-schneller\\\/#primaryimage\",\"url\":\"https:\\\/\\\/www.deskmodder.de\\\/blog\\\/wp-content\\\/uploads\\\/2014\\\/05\\\/image.jpg\",\"contentUrl\":\"https:\\\/\\\/www.deskmodder.de\\\/blog\\\/wp-content\\\/uploads\\\/2014\\\/05\\\/image.jpg\",\"width\":660,\"height\":420},{\"@type\":\"BreadcrumbList\",\"@id\":\"https:\\\/\\\/www.deskmodder.de\\\/blog\\\/2014\\\/05\\\/20\\\/microsoft-surface-pro-3-offiziell-vorgestellt-groesser-duenner-schneller\\\/#breadcrumb\",\"itemListElement\":[{\"@type\":\"ListItem\",\"position\":1,\"name\":\"Startseite\",\"item\":\"https:\\\/\\\/www.deskmodder.de\\\/blog\\\/\"},{\"@type\":\"ListItem\",\"position\":2,\"name\":\"Microsoft Surface Pro 3 offiziell vorgestellt &#8211; gr\u00f6\u00dfer, d\u00fcnner, schneller\"}]},{\"@type\":\"WebSite\",\"@id\":\"https:\\\/\\\/www.deskmodder.de\\\/blog\\\/#website\",\"url\":\"https:\\\/\\\/www.deskmodder.de\\\/blog\\\/\",\"name\":\"Deskmodder.de\",\"description\":\"News zum Thema Microsoft, Windows 11 \\\/ 10, sowie anderen Neuigkeiten aus dem Netz, viele Tipps und individuelle Hilfe bei Problemen in unserem Forum \u25cf Deskmodder - seit 2003\",\"publisher\":{\"@id\":\"https:\\\/\\\/www.deskmodder.de\\\/blog\\\/#organization\"},\"potentialAction\":[{\"@type\":\"SearchAction\",\"target\":{\"@type\":\"EntryPoint\",\"urlTemplate\":\"https:\\\/\\\/www.deskmodder.de\\\/blog\\\/?s={search_term_string}\"},\"query-input\":{\"@type\":\"PropertyValueSpecification\",\"valueRequired\":true,\"valueName\":\"search_term_string\"}}],\"inLanguage\":\"de\"},{\"@type\":\"Organization\",\"@id\":\"https:\\\/\\\/www.deskmodder.de\\\/blog\\\/#organization\",\"name\":\"Deskmodder\",\"url\":\"https:\\\/\\\/www.deskmodder.de\\\/blog\\\/\",\"logo\":{\"@type\":\"ImageObject\",\"inLanguage\":\"de\",\"@id\":\"https:\\\/\\\/www.deskmodder.de\\\/blog\\\/#\\\/schema\\\/logo\\\/image\\\/\",\"url\":\"https:\\\/\\\/www.deskmodder.de\\\/blog\\\/wp-content\\\/uploads\\\/2019\\\/01\\\/deskmodder-logo-app.png\",\"contentUrl\":\"https:\\\/\\\/www.deskmodder.de\\\/blog\\\/wp-content\\\/uploads\\\/2019\\\/01\\\/deskmodder-logo-app.png\",\"width\":281,\"height\":286,\"caption\":\"Deskmodder\"},\"image\":{\"@id\":\"https:\\\/\\\/www.deskmodder.de\\\/blog\\\/#\\\/schema\\\/logo\\\/image\\\/\"},\"sameAs\":[\"https:\\\/\\\/www.facebook.com\\\/Deskmodder\",\"https:\\\/\\\/x.com\\\/Deskmodder\",\"https:\\\/\\\/mastodontech.de\\\/@Deskmodder\",\"https:\\\/\\\/www.youtube.com\\\/user\\\/deskmodder\",\"https:\\\/\\\/mewe.com\\\/group\\\/5c83b5231add826fc80cdae1\"]},{\"@type\":\"Person\",\"@id\":\"https:\\\/\\\/www.deskmodder.de\\\/blog\\\/#\\\/schema\\\/person\\\/f3c70b4f4860c9fcc4c04057ed04f469\",\"name\":\"W8U\",\"image\":{\"@type\":\"ImageObject\",\"inLanguage\":\"de\",\"@id\":\"https:\\\/\\\/secure.gravatar.com\\\/avatar\\\/a1e9db99fdd71a9ae2c516203e3fcd390817fa98f868eb9ba6d4a77d1a815cd4?s=96&d=mm&r=g\",\"url\":\"https:\\\/\\\/secure.gravatar.com\\\/avatar\\\/a1e9db99fdd71a9ae2c516203e3fcd390817fa98f868eb9ba6d4a77d1a815cd4?s=96&d=mm&r=g\",\"contentUrl\":\"https:\\\/\\\/secure.gravatar.com\\\/avatar\\\/a1e9db99fdd71a9ae2c516203e3fcd390817fa98f868eb9ba6d4a77d1a815cd4?s=96&d=mm&r=g\",\"caption\":\"W8U\"},\"description\":\"Technikliebhaber aus Niedersachsen und seit 2013 bei den Deskmoddern. Interessiert sich f\u00fcr (fast) alles, durch das Strom flie\u00dft: Computer, Smartphones, Tablets, Autos und so weiter.\",\"url\":\"https:\\\/\\\/www.deskmodder.de\\\/blog\\\/author\\\/w8u\\\/\"}]}<\/script>\n<!-- \/ Yoast SEO Premium plugin. -->","yoast_head_json":{"title":"Microsoft Surface Pro 3 offiziell vorgestellt - gr\u00f6\u00dfer, d\u00fcnner, schneller - Deskmodder.de","robots":{"index":"index","follow":"follow","max-snippet":"max-snippet:-1","max-image-preview":"max-image-preview:large","max-video-preview":"max-video-preview:-1"},"canonical":"https:\/\/www.deskmodder.de\/blog\/2014\/05\/20\/microsoft-surface-pro-3-offiziell-vorgestellt-groesser-duenner-schneller\/","og_locale":"de_DE","og_type":"article","og_title":"Microsoft Surface Pro 3 offiziell vorgestellt - gr\u00f6\u00dfer, d\u00fcnner, schneller","og_description":"Microsoft hat am heutigen Abend die neuste Generation seines Tablets f\u00fcr Gesch\u00e4ftskundenmit Windows 8.1 vorgestellt &#8211; also kein Ger\u00e4t mit Windows RT oder gar ein Surface mini. Die offensichtlichste Ver\u00e4nderung im Vergleich zum Vorg\u00e4ngermodell ist sicherlich das auf 12 Zoll&hellip;","og_url":"https:\/\/www.deskmodder.de\/blog\/2014\/05\/20\/microsoft-surface-pro-3-offiziell-vorgestellt-groesser-duenner-schneller\/","og_site_name":"Deskmodder.de","article_publisher":"https:\/\/www.facebook.com\/Deskmodder","article_published_time":"2014-05-20T19:35:59+00:00","article_modified_time":"2023-01-14T16:12:44+00:00","og_image":[{"width":660,"height":420,"url":"https:\/\/www.deskmodder.de\/blog\/wp-content\/uploads\/2014\/05\/image.jpg","type":"image\/jpeg"}],"author":"W8U","twitter_card":"summary_large_image","twitter_creator":"@Deskmodder","twitter_site":"@Deskmodder","schema":{"@context":"https:\/\/schema.org","@graph":[{"@type":"Article","@id":"https:\/\/www.deskmodder.de\/blog\/2014\/05\/20\/microsoft-surface-pro-3-offiziell-vorgestellt-groesser-duenner-schneller\/#article","isPartOf":{"@id":"https:\/\/www.deskmodder.de\/blog\/2014\/05\/20\/microsoft-surface-pro-3-offiziell-vorgestellt-groesser-duenner-schneller\/"},"author":{"name":"W8U","@id":"https:\/\/www.deskmodder.de\/blog\/#\/schema\/person\/f3c70b4f4860c9fcc4c04057ed04f469"},"headline":"Microsoft Surface Pro 3 offiziell vorgestellt &#8211; gr\u00f6\u00dfer, d\u00fcnner, schneller","datePublished":"2014-05-20T19:35:59+00:00","dateModified":"2023-01-14T16:12:44+00:00","mainEntityOfPage":{"@id":"https:\/\/www.deskmodder.de\/blog\/2014\/05\/20\/microsoft-surface-pro-3-offiziell-vorgestellt-groesser-duenner-schneller\/"},"wordCount":262,"commentCount":4,"publisher":{"@id":"https:\/\/www.deskmodder.de\/blog\/#organization"},"image":{"@id":"https:\/\/www.deskmodder.de\/blog\/2014\/05\/20\/microsoft-surface-pro-3-offiziell-vorgestellt-groesser-duenner-schneller\/#primaryimage"},"thumbnailUrl":"https:\/\/www.deskmodder.de\/blog\/wp-content\/uploads\/2014\/05\/image.jpg","keywords":["12 zoll","deutschland","Microsoft","Preis","Spezifikationen","surface pro 3","Verkaufsstart"],"articleSection":{"1":"Hardware","2":"Windows \u00e4lter"},"inLanguage":"de","potentialAction":[{"@type":"CommentAction","name":"Comment","target":["https:\/\/www.deskmodder.de\/blog\/2014\/05\/20\/microsoft-surface-pro-3-offiziell-vorgestellt-groesser-duenner-schneller\/#respond"]}],"copyrightYear":"2014","copyrightHolder":{"@id":"https:\/\/www.deskmodder.de\/blog\/#organization"}},{"@type":"WebPage","@id":"https:\/\/www.deskmodder.de\/blog\/2014\/05\/20\/microsoft-surface-pro-3-offiziell-vorgestellt-groesser-duenner-schneller\/","url":"https:\/\/www.deskmodder.de\/blog\/2014\/05\/20\/microsoft-surface-pro-3-offiziell-vorgestellt-groesser-duenner-schneller\/","name":"Microsoft Surface Pro 3 offiziell vorgestellt - gr\u00f6\u00dfer, d\u00fcnner, schneller - Deskmodder.de","isPartOf":{"@id":"https:\/\/www.deskmodder.de\/blog\/#website"},"primaryImageOfPage":{"@id":"https:\/\/www.deskmodder.de\/blog\/2014\/05\/20\/microsoft-surface-pro-3-offiziell-vorgestellt-groesser-duenner-schneller\/#primaryimage"},"image":{"@id":"https:\/\/www.deskmodder.de\/blog\/2014\/05\/20\/microsoft-surface-pro-3-offiziell-vorgestellt-groesser-duenner-schneller\/#primaryimage"},"thumbnailUrl":"https:\/\/www.deskmodder.de\/blog\/wp-content\/uploads\/2014\/05\/image.jpg","datePublished":"2014-05-20T19:35:59+00:00","dateModified":"2023-01-14T16:12:44+00:00","breadcrumb":{"@id":"https:\/\/www.deskmodder.de\/blog\/2014\/05\/20\/microsoft-surface-pro-3-offiziell-vorgestellt-groesser-duenner-schneller\/#breadcrumb"},"inLanguage":"de","potentialAction":[{"@type":"ReadAction","target":["https:\/\/www.deskmodder.de\/blog\/2014\/05\/20\/microsoft-surface-pro-3-offiziell-vorgestellt-groesser-duenner-schneller\/"]}]},{"@type":"ImageObject","inLanguage":"de","@id":"https:\/\/www.deskmodder.de\/blog\/2014\/05\/20\/microsoft-surface-pro-3-offiziell-vorgestellt-groesser-duenner-schneller\/#primaryimage","url":"https:\/\/www.deskmodder.de\/blog\/wp-content\/uploads\/2014\/05\/image.jpg","contentUrl":"https:\/\/www.deskmodder.de\/blog\/wp-content\/uploads\/2014\/05\/image.jpg","width":660,"height":420},{"@type":"BreadcrumbList","@id":"https:\/\/www.deskmodder.de\/blog\/2014\/05\/20\/microsoft-surface-pro-3-offiziell-vorgestellt-groesser-duenner-schneller\/#breadcrumb","itemListElement":[{"@type":"ListItem","position":1,"name":"Startseite","item":"https:\/\/www.deskmodder.de\/blog\/"},{"@type":"ListItem","position":2,"name":"Microsoft Surface Pro 3 offiziell vorgestellt &#8211; gr\u00f6\u00dfer, d\u00fcnner, schneller"}]},{"@type":"WebSite","@id":"https:\/\/www.deskmodder.de\/blog\/#website","url":"https:\/\/www.deskmodder.de\/blog\/","name":"Deskmodder.de","description":"News zum Thema Microsoft, Windows 11 \/ 10, sowie anderen Neuigkeiten aus dem Netz, viele Tipps und individuelle Hilfe bei Problemen in unserem Forum \u25cf Deskmodder - seit 2003","publisher":{"@id":"https:\/\/www.deskmodder.de\/blog\/#organization"},"potentialAction":[{"@type":"SearchAction","target":{"@type":"EntryPoint","urlTemplate":"https:\/\/www.deskmodder.de\/blog\/?s={search_term_string}"},"query-input":{"@type":"PropertyValueSpecification","valueRequired":true,"valueName":"search_term_string"}}],"inLanguage":"de"},{"@type":"Organization","@id":"https:\/\/www.deskmodder.de\/blog\/#organization","name":"Deskmodder","url":"https:\/\/www.deskmodder.de\/blog\/","logo":{"@type":"ImageObject","inLanguage":"de","@id":"https:\/\/www.deskmodder.de\/blog\/#\/schema\/logo\/image\/","url":"https:\/\/www.deskmodder.de\/blog\/wp-content\/uploads\/2019\/01\/deskmodder-logo-app.png","contentUrl":"https:\/\/www.deskmodder.de\/blog\/wp-content\/uploads\/2019\/01\/deskmodder-logo-app.png","width":281,"height":286,"caption":"Deskmodder"},"image":{"@id":"https:\/\/www.deskmodder.de\/blog\/#\/schema\/logo\/image\/"},"sameAs":["https:\/\/www.facebook.com\/Deskmodder","https:\/\/x.com\/Deskmodder","https:\/\/mastodontech.de\/@Deskmodder","https:\/\/www.youtube.com\/user\/deskmodder","https:\/\/mewe.com\/group\/5c83b5231add826fc80cdae1"]},{"@type":"Person","@id":"https:\/\/www.deskmodder.de\/blog\/#\/schema\/person\/f3c70b4f4860c9fcc4c04057ed04f469","name":"W8U","image":{"@type":"ImageObject","inLanguage":"de","@id":"https:\/\/secure.gravatar.com\/avatar\/a1e9db99fdd71a9ae2c516203e3fcd390817fa98f868eb9ba6d4a77d1a815cd4?s=96&d=mm&r=g","url":"https:\/\/secure.gravatar.com\/avatar\/a1e9db99fdd71a9ae2c516203e3fcd390817fa98f868eb9ba6d4a77d1a815cd4?s=96&d=mm&r=g","contentUrl":"https:\/\/secure.gravatar.com\/avatar\/a1e9db99fdd71a9ae2c516203e3fcd390817fa98f868eb9ba6d4a77d1a815cd4?s=96&d=mm&r=g","caption":"W8U"},"description":"Technikliebhaber aus Niedersachsen und seit 2013 bei den Deskmoddern. Interessiert sich f\u00fcr (fast) alles, durch das Strom flie\u00dft: Computer, Smartphones, Tablets, Autos und so weiter.","url":"https:\/\/www.deskmodder.de\/blog\/author\/w8u\/"}]}},"jetpack_publicize_connections":[],"jetpack_featured_media_url":"https:\/\/www.deskmodder.de\/blog\/wp-content\/uploads\/2014\/05\/image.jpg","_links":{"self":[{"href":"https:\/\/www.deskmodder.de\/blog\/wp-json\/wp\/v2\/posts\/25920","targetHints":{"allow":["GET"]}}],"collection":[{"href":"https:\/\/www.deskmodder.de\/blog\/wp-json\/wp\/v2\/posts"}],"about":[{"href":"https:\/\/www.deskmodder.de\/blog\/wp-json\/wp\/v2\/types\/post"}],"author":[{"embeddable":true,"href":"https:\/\/www.deskmodder.de\/blog\/wp-json\/wp\/v2\/users\/1525"}],"replies":[{"embeddable":true,"href":"https:\/\/www.deskmodder.de\/blog\/wp-json\/wp\/v2\/comments?post=25920"}],"version-history":[{"count":0,"href":"https:\/\/www.deskmodder.de\/blog\/wp-json\/wp\/v2\/posts\/25920\/revisions"}],"wp:featuredmedia":[{"embeddable":true,"href":"https:\/\/www.deskmodder.de\/blog\/wp-json\/wp\/v2\/media\/25921"}],"wp:attachment":[{"href":"https:\/\/www.deskmodder.de\/blog\/wp-json\/wp\/v2\/media?parent=25920"}],"wp:term":[{"taxonomy":"category","embeddable":true,"href":"https:\/\/www.deskmodder.de\/blog\/wp-json\/wp\/v2\/categories?post=25920"},{"taxonomy":"post_tag","embeddable":true,"href":"https:\/\/www.deskmodder.de\/blog\/wp-json\/wp\/v2\/tags?post=25920"}],"curies":[{"name":"wp","href":"https:\/\/api.w.org\/{rel}","templated":true}]}}