{"id":216655,"date":"2026-09-06T11:35:02","date_gmt":"2026-09-06T09:35:02","guid":{"rendered":"https:\/\/www.deskmodder.de\/blog\/?p=216655"},"modified":"2026-09-06T11:35:02","modified_gmt":"2026-09-06T09:35:02","slug":"gmktec-evo-x5-pro-auf-der-ifa-2026-vorgestellt-192-gb-unified-memory-fuer-lokale-ki","status":"publish","type":"post","link":"https:\/\/www.deskmodder.de\/blog\/2026\/09\/06\/gmktec-evo-x5-pro-auf-der-ifa-2026-vorgestellt-192-gb-unified-memory-fuer-lokale-ki\/","title":{"rendered":"GMKtec EVO-X5 Pro auf der IFA 2026 vorgestellt: 192 GB Unified Memory f\u00fcr lokale KI"},"content":{"rendered":"<p>Auf der IFA 2026 in Berlin hat GMKtec sein neues Flaggschiff offiziell vorgestellt. Im Rahmen einer Pressekonferenz pr\u00e4sentierte der Hersteller mit dem EVO-X5 Pro eine kompakte Workstation, die vor allem f\u00fcr lokale KI-Workloads ausgelegt ist. Herzst\u00fcck ist AMDs Ryzen AI Max+ PRO 495, kombiniert mit bis zu 192 GB Unified Memory. Wir waren bei der Vorstellung in Berlin vor Ort. GMKtec will mit dem EVO-X5 Pro ausdr\u00fccklich \u00fcber den klassischen Mini-PC hinaus und spricht selbst von einem Desktop-\u201eAI Supercomputing Center\u201c. Entsprechend standen bei der Pr\u00e4sentation weniger typische Office- oder Gaming-Anwendungen im Mittelpunkt, sondern gro\u00dfe Sprachmodelle, lokale Inferenz und sogenannte Agentic-AI-Workflows.<\/p>\n<figure id=\"attachment_216657\" aria-describedby=\"caption-attachment-216657\" style=\"width: 480px\" class=\"wp-caption aligncenter\"><a href=\"https:\/\/www.deskmodder.de\/blog\/wp-content\/uploads\/2026\/09\/img-2260.jpeg\" rel=\"lightbox[216655]\"><img loading=\"lazy\" decoding=\"async\" class=\"size-medium wp-image-216657\" src=\"https:\/\/www.deskmodder.de\/blog\/wp-content\/uploads\/2026\/09\/img-2260-480x360.jpeg\" alt=\"\" width=\"480\" height=\"360\" srcset=\"https:\/\/www.deskmodder.de\/blog\/wp-content\/uploads\/2026\/09\/img-2260-480x360.jpeg 480w, https:\/\/www.deskmodder.de\/blog\/wp-content\/uploads\/2026\/09\/img-2260-777x583.jpeg 777w, https:\/\/www.deskmodder.de\/blog\/wp-content\/uploads\/2026\/09\/img-2260-273x205.jpeg 273w, https:\/\/www.deskmodder.de\/blog\/wp-content\/uploads\/2026\/09\/img-2260-1536x1152.jpeg 1536w, https:\/\/www.deskmodder.de\/blog\/wp-content\/uploads\/2026\/09\/img-2260.jpeg 2048w\" sizes=\"auto, (max-width: 480px) 100vw, 480px\" \/><\/a><figcaption id=\"caption-attachment-216657\" class=\"wp-caption-text\">Foto: Deskmodder<\/figcaption><\/figure>\n<h2>AMD Ryzen AI Max+ PRO 495 mit CPU, GPU und NPU<\/h2>\n<p>GMKtec setzt beim EVO-X5 Pro auf AMDs Ryzen AI Max+ PRO 495. Der Prozessor kombiniert 16 Zen-5-Kerne und 32 Threads mit einem maximalen Boost-Takt von 5,2 GHz. Hinzu kommt die integrierte Radeon 8065S auf Basis von RDNA 3.5. Sie verf\u00fcgt \u00fcber 40 Compute Units und unterst\u00fctzt hardwarebeschleunigtes Raytracing.<\/p>\n<figure id=\"attachment_216663\" aria-describedby=\"caption-attachment-216663\" style=\"width: 480px\" class=\"wp-caption aligncenter\"><a href=\"https:\/\/www.deskmodder.de\/blog\/wp-content\/uploads\/2026\/09\/img-2268.jpeg\" rel=\"lightbox[216655]\"><img loading=\"lazy\" decoding=\"async\" class=\"size-medium wp-image-216663\" src=\"https:\/\/www.deskmodder.de\/blog\/wp-content\/uploads\/2026\/09\/img-2268-480x360.jpeg\" alt=\"\" width=\"480\" height=\"360\" srcset=\"https:\/\/www.deskmodder.de\/blog\/wp-content\/uploads\/2026\/09\/img-2268-480x360.jpeg 480w, https:\/\/www.deskmodder.de\/blog\/wp-content\/uploads\/2026\/09\/img-2268-777x583.jpeg 777w, https:\/\/www.deskmodder.de\/blog\/wp-content\/uploads\/2026\/09\/img-2268-273x205.jpeg 273w, https:\/\/www.deskmodder.de\/blog\/wp-content\/uploads\/2026\/09\/img-2268-1536x1152.jpeg 1536w, https:\/\/www.deskmodder.de\/blog\/wp-content\/uploads\/2026\/09\/img-2268.jpeg 2048w\" sizes=\"auto, (max-width: 480px) 100vw, 480px\" \/><\/a><figcaption id=\"caption-attachment-216663\" class=\"wp-caption-text\">Foto: Deskmodder<\/figcaption><\/figure>\n<p>Als dritte Recheneinheit kommt die auf XDNA 2 basierende NPU hinzu, die bis zu 55 TOPS erreichen soll. Genau dieses Zusammenspiel aus CPU, GPU und NPU stellte GMKtec w\u00e4hrend der Pr\u00e4sentation in den Mittelpunkt. Die drei Recheneinheiten sollen unterschiedliche Teile eines KI-Workloads \u00fcbernehmen und gemeinsam als lokale Plattform f\u00fcr umfangreichere Modelle dienen.<\/p>\n<h2>Bis zu 192 GB LPDDR5X \u2013 davon 160 GB f\u00fcr die GPU<\/h2>\n<p>Eine der interessantesten Eigenschaften des EVO-X5 Pro ist allerdings nicht der Prozessor selbst, sondern dessen Speicheranbindung. GMKtec verbaut bis zu 192 GB LPDDR5X-8533 als Unified Memory. Die Speicherbandbreite gibt das Unternehmen mit 128 GB\/s an. CPU und GPU greifen damit auf einen gemeinsamen Speicherpool zu. Bis zu 160 GB sollen sich der integrierten Radeon-GPU als Videospeicher zuweisen lassen.<\/p>\n<figure id=\"attachment_216659\" aria-describedby=\"caption-attachment-216659\" style=\"width: 480px\" class=\"wp-caption aligncenter\"><a href=\"https:\/\/www.deskmodder.de\/blog\/wp-content\/uploads\/2026\/09\/img-1115-scaled.jpg\" rel=\"lightbox[216655]\"><img loading=\"lazy\" decoding=\"async\" class=\"size-medium wp-image-216659\" src=\"https:\/\/www.deskmodder.de\/blog\/wp-content\/uploads\/2026\/09\/img-1115-480x360.jpg\" alt=\"\" width=\"480\" height=\"360\" srcset=\"https:\/\/www.deskmodder.de\/blog\/wp-content\/uploads\/2026\/09\/img-1115-480x360.jpg 480w, https:\/\/www.deskmodder.de\/blog\/wp-content\/uploads\/2026\/09\/img-1115-777x583.jpg 777w, https:\/\/www.deskmodder.de\/blog\/wp-content\/uploads\/2026\/09\/img-1115-273x205.jpg 273w, https:\/\/www.deskmodder.de\/blog\/wp-content\/uploads\/2026\/09\/img-1115-1536x1152.jpg 1536w, https:\/\/www.deskmodder.de\/blog\/wp-content\/uploads\/2026\/09\/img-1115-2048x1536.jpg 2048w\" sizes=\"auto, (max-width: 480px) 100vw, 480px\" \/><\/a><figcaption id=\"caption-attachment-216659\" class=\"wp-caption-text\">Foto: GMKtec<\/figcaption><\/figure>\n<p>F\u00fcr lokale KI-Anwendungen ist genau das ein wesentlicher Vorteil der Strix-Halo-Plattform. W\u00e4hrend selbst leistungsf\u00e4hige dedizierte Consumer-Grafikkarten beim VRAM vergleichsweise schnell an ihre Grenzen sto\u00dfen k\u00f6nnen, steht der integrierten GPU hier ein erheblich gr\u00f6\u00dferer Speicherbereich zur Verf\u00fcgung. GMKtec geht entsprechend offensiv mit der Ausstattung um und bewirbt den EVO-X5 Pro f\u00fcr die lokale Ausf\u00fchrung von Large Language Models mit bis zu 300 Milliarden Parametern.<\/p>\n<h2>300B-Modelle komplett offline \u2013 mit Einschr\u00e4nkungen<\/h2>\n<p>Nach Angaben des Herstellers sollen entsprechende Modelle vollst\u00e4ndig auf dem EVO-X5 Pro laufen k\u00f6nnen, ohne Daten an einen Cloud-Dienst \u00fcbertragen zu m\u00fcssen. GMKtec spricht dabei von Inferenzlatenzen im Millisekundenbereich und stellt insbesondere den Datenschutz durch die vollst\u00e4ndig lokale Verarbeitung heraus.<\/p>\n<figure id=\"attachment_216660\" aria-describedby=\"caption-attachment-216660\" style=\"width: 480px\" class=\"wp-caption aligncenter\"><a href=\"https:\/\/www.deskmodder.de\/blog\/wp-content\/uploads\/2026\/09\/img-1113-scaled.jpg\" rel=\"lightbox[216655]\"><img loading=\"lazy\" decoding=\"async\" class=\"size-medium wp-image-216660\" src=\"https:\/\/www.deskmodder.de\/blog\/wp-content\/uploads\/2026\/09\/img-1113-480x360.jpg\" alt=\"\" width=\"480\" height=\"360\" srcset=\"https:\/\/www.deskmodder.de\/blog\/wp-content\/uploads\/2026\/09\/img-1113-480x360.jpg 480w, https:\/\/www.deskmodder.de\/blog\/wp-content\/uploads\/2026\/09\/img-1113-777x583.jpg 777w, https:\/\/www.deskmodder.de\/blog\/wp-content\/uploads\/2026\/09\/img-1113-273x205.jpg 273w, https:\/\/www.deskmodder.de\/blog\/wp-content\/uploads\/2026\/09\/img-1113-1536x1152.jpg 1536w, https:\/\/www.deskmodder.de\/blog\/wp-content\/uploads\/2026\/09\/img-1113-2048x1536.jpg 2048w\" sizes=\"auto, (max-width: 480px) 100vw, 480px\" \/><\/a><figcaption id=\"caption-attachment-216660\" class=\"wp-caption-text\">Foto: GMKtec<\/figcaption><\/figure>\n<p>Die beworbene Grenze von 300 Milliarden Parametern sollte allerdings nicht mit der Aussage verwechselt werden, dass jedes beliebige 300B-Modell uneingeschr\u00e4nkt auf dem Rechner l\u00e4uft. Speicherbedarf und Geschwindigkeit h\u00e4ngen unter anderem von Modellarchitektur, Quantisierung und Kontextl\u00e4nge ab. Gerade die M\u00f6glichkeit, einen sehr gro\u00dfen Teil der 192 GB f\u00fcr die GPU bereitzustellen, macht den EVO-X5 Pro dennoch zu einer interessanten Plattform f\u00fcr lokale LLMs.<\/p>\n<h2>GMKtec greift den NVIDIA DGX Spark an<\/h2>\n<p>W\u00e4hrend der Vorstellung zog GMKtec auch einen direkten Vergleich zu <a href=\"https:\/\/www.deskmodder.de\/blog\/?s=NVIDIA\">NVIDIA<\/a>s DGX Spark. Nach eigenen Messungen soll der EVO-X5 Pro bei der CPU-Orchestrierung 66 Prozent schneller arbeiten. Lokale Workflows sollen zudem zu 1,4-fach niedrigeren Kosten ausgef\u00fchrt werden k\u00f6nnen. Das sind zun\u00e4chst Herstellerangaben und entsprechend mit Vorsicht zu betrachten. Wie sich der EVO-X5 Pro bei identischen Modellen und Software-Stacks tats\u00e4chlich gegen NVIDIAs Plattform schl\u00e4gt, m\u00fcssen unabh\u00e4ngige Tests zeigen. Die Sto\u00dfrichtung ist allerdings eindeutig: GMKtec sieht den EVO-X5 Pro nicht als besonders leistungsf\u00e4higen Mini-PC, sondern als kompakte lokale Alternative zu dedizierten AI-Workstations.<\/p>\n<h2>Metallgeh\u00e4use, Vapor Chamber und viermal USB4<\/h2>\n<p>Auch beim Geh\u00e4use unterscheidet sich der EVO-X5 Pro optisch deutlich von vielen bisherigen GMKtec-Systemen. Der Hersteller setzt auf ein CNC-gefertigtes Metallgeh\u00e4use. F\u00fcr die K\u00fchlung kommen eine Vapor Chamber und drei L\u00fcfter zum Einsatz. Auf der Vorderseite sind unter anderem zwei USB-A- sowie zwei USB-C-Anschl\u00fcsse zu erkennen. Nach Herstellerangaben stehen zweimal USB4 an der Front und zweimal USB4 V2 auf der R\u00fcckseite zur Verf\u00fcgung.<\/p>\n<div id='gallery-1' class='gallery galleryid-216655 gallery-columns-2 gallery-size-medium'><figure class='gallery-item'>\n\t\t\t<div class='gallery-icon portrait'>\n\t\t\t\t<a href='https:\/\/www.deskmodder.de\/blog\/wp-content\/uploads\/2026\/09\/img-1108-scaled.jpg' rel=\"lightbox[216655]\"><img loading=\"lazy\" decoding=\"async\" width=\"270\" height=\"360\" src=\"https:\/\/www.deskmodder.de\/blog\/wp-content\/uploads\/2026\/09\/img-1108-270x360.jpg\" class=\"attachment-medium size-medium\" alt=\"\" aria-describedby=\"gallery-1-216662\" srcset=\"https:\/\/www.deskmodder.de\/blog\/wp-content\/uploads\/2026\/09\/img-1108-270x360.jpg 270w, https:\/\/www.deskmodder.de\/blog\/wp-content\/uploads\/2026\/09\/img-1108-437x583.jpg 437w, https:\/\/www.deskmodder.de\/blog\/wp-content\/uploads\/2026\/09\/img-1108-154x205.jpg 154w, https:\/\/www.deskmodder.de\/blog\/wp-content\/uploads\/2026\/09\/img-1108-1152x1536.jpg 1152w, https:\/\/www.deskmodder.de\/blog\/wp-content\/uploads\/2026\/09\/img-1108-1536x2048.jpg 1536w, https:\/\/www.deskmodder.de\/blog\/wp-content\/uploads\/2026\/09\/img-1108-scaled.jpg 1920w\" sizes=\"auto, (max-width: 270px) 100vw, 270px\" \/><\/a>\n\t\t\t<\/div>\n\t\t\t\t<figcaption class='wp-caption-text gallery-caption' id='gallery-1-216662'>\n\t\t\t\tFoto: GMKtec\n\t\t\t\t<\/figcaption><\/figure><figure class='gallery-item'>\n\t\t\t<div class='gallery-icon portrait'>\n\t\t\t\t<a href='https:\/\/www.deskmodder.de\/blog\/wp-content\/uploads\/2026\/09\/img-1112-scaled.jpg' rel=\"lightbox[216655]\"><img loading=\"lazy\" decoding=\"async\" width=\"270\" height=\"360\" src=\"https:\/\/www.deskmodder.de\/blog\/wp-content\/uploads\/2026\/09\/img-1112-270x360.jpg\" class=\"attachment-medium size-medium\" alt=\"\" aria-describedby=\"gallery-1-216661\" srcset=\"https:\/\/www.deskmodder.de\/blog\/wp-content\/uploads\/2026\/09\/img-1112-270x360.jpg 270w, https:\/\/www.deskmodder.de\/blog\/wp-content\/uploads\/2026\/09\/img-1112-437x583.jpg 437w, https:\/\/www.deskmodder.de\/blog\/wp-content\/uploads\/2026\/09\/img-1112-154x205.jpg 154w, https:\/\/www.deskmodder.de\/blog\/wp-content\/uploads\/2026\/09\/img-1112-1152x1536.jpg 1152w, https:\/\/www.deskmodder.de\/blog\/wp-content\/uploads\/2026\/09\/img-1112-1536x2048.jpg 1536w, https:\/\/www.deskmodder.de\/blog\/wp-content\/uploads\/2026\/09\/img-1112-scaled.jpg 1920w\" sizes=\"auto, (max-width: 270px) 100vw, 270px\" \/><\/a>\n\t\t\t<\/div>\n\t\t\t\t<figcaption class='wp-caption-text gallery-caption' id='gallery-1-216661'>\n\t\t\t\tFoto: GMKtec\n\t\t\t\t<\/figcaption><\/figure>\n\t\t<\/div>\n\n<p>Auch eine Erweiterung \u00fcber eine externe GPU ist vorgesehen. Mehrere EVO-X5-Pro-Systeme sollen sich dar\u00fcber hinaus zu einem Cluster verbinden lassen. Damit will GMKtec die Plattform auch f\u00fcr Workloads \u00f6ffnen, die \u00fcber die Ressourcen eines einzelnen Systems hinausgehen. Eine sogenannte All-in-One Smart Function Key geh\u00f6rt ebenfalls zum neuen Geh\u00e4usekonzept. Hinzu kommt ein Fingerabdrucksensor.<\/p>\n<h2>PRO-Funktionen f\u00fcr Unternehmen<\/h2>\n<p>Mit dem Ryzen AI Max+ PRO 495 richtet sich <a href=\"https:\/\/de.gmktec.com\/?utm_source=deskmodder.de&amp;utm_medium=pr&amp;utm_campaign=ifa_2026\">GMKtec<\/a> auch gezielt an professionelle Anwender. Zur Ausstattung geh\u00f6ren AMD DASH f\u00fcr das Out-of-Band-Management und ein diskretes TPM 2.0. GMKtec nennt au\u00dferdem Trusted Boot, vollst\u00e4ndige Laufwerksverschl\u00fcsselung und die biometrische Authentifizierung \u00fcber den Fingerabdrucksensor. Damit soll sich der EVO-X5 Pro auch f\u00fcr Unternehmen eignen, die sensible Daten oder interne KI-Workloads lokal verarbeiten wollen. Gerade dieser Punkt spielte bei der Pr\u00e4sentation eine gr\u00f6\u00dfere Rolle: Die lokale Verarbeitung soll nicht nur unabh\u00e4ngig von Cloud-Diensten machen, sondern Daten innerhalb der eigenen Infrastruktur halten.<\/p>\n<h2>GMKtec will vom Mini-PC-Hersteller zum AI-Anbieter werden<\/h2>\n<p>Die Pr\u00e4sentation auf der <a href=\"https:\/\/www.deskmodder.de\/blog\/?s=IFA+2026\">IFA 2026<\/a> zeigte gleichzeitig, wohin <a href=\"https:\/\/www.gmktec.com\/?utm_source=deskmodder.de&amp;utm_medium=pr&amp;utm_campaign=ifa_2026\">GMKtec<\/a> mit seiner EVO-Serie will. Das Unternehmen versucht zunehmend, sich nicht mehr ausschlie\u00dflich \u00fcber kompakte und vergleichsweise g\u00fcnstige PCs zu definieren. Stattdessen soll rund um leistungsf\u00e4hige AMD-Plattformen ein eigenes Portfolio f\u00fcr Desktop-KI entstehen. Beim EVO-X5 Pro ist dieser Anspruch besonders deutlich. 192 GB Unified Memory, Ryzen AI Max+ PRO 495 und die M\u00f6glichkeit, davon bis zu 160 GB der Radeon 8065S zur Verf\u00fcgung zu stellen, ergeben eine Hardwarekonfiguration, die vor allem f\u00fcr lokale KI interessant ist.<\/p>\n<figure id=\"attachment_216665\" aria-describedby=\"caption-attachment-216665\" style=\"width: 480px\" class=\"wp-caption aligncenter\"><a href=\"https:\/\/www.deskmodder.de\/blog\/wp-content\/uploads\/2026\/09\/img-2282.jpeg\" rel=\"lightbox[216655]\"><img loading=\"lazy\" decoding=\"async\" class=\"size-medium wp-image-216665\" src=\"https:\/\/www.deskmodder.de\/blog\/wp-content\/uploads\/2026\/09\/img-2282-480x360.jpeg\" alt=\"\" width=\"480\" height=\"360\" srcset=\"https:\/\/www.deskmodder.de\/blog\/wp-content\/uploads\/2026\/09\/img-2282-480x360.jpeg 480w, https:\/\/www.deskmodder.de\/blog\/wp-content\/uploads\/2026\/09\/img-2282-777x583.jpeg 777w, https:\/\/www.deskmodder.de\/blog\/wp-content\/uploads\/2026\/09\/img-2282-273x205.jpeg 273w, https:\/\/www.deskmodder.de\/blog\/wp-content\/uploads\/2026\/09\/img-2282-1536x1152.jpeg 1536w, https:\/\/www.deskmodder.de\/blog\/wp-content\/uploads\/2026\/09\/img-2282.jpeg 2048w\" sizes=\"auto, (max-width: 480px) 100vw, 480px\" \/><\/a><figcaption id=\"caption-attachment-216665\" class=\"wp-caption-text\">Foto: Deskmodder<\/figcaption><\/figure>\n<p>Ob GMKtec mit den deutlich gr\u00f6\u00dferen Namen im Workstation- und AI-Markt tats\u00e4chlich mithalten kann, wird sich vor allem bei Software-Support, Treibern und realen Inferenzleistungen zeigen m\u00fcssen. Der <a href=\"https:\/\/www.deskmodder.de\/blog\/?s=GMKtec\">GMKtec<\/a> EVO-X5 Pro soll weltweit im Oktober 2026 auf den Markt kommen. Einen Preis nannte der Hersteller im Rahmen der Vorstellung noch nicht. Gleichzeitig best\u00e4tigte GMKtec bereits seine R\u00fcckkehr zur <a href=\"https:\/\/www.deskmodder.de\/blog\/?s=IFA+2027\">IFA 2027<\/a>.<\/p>\n","protected":false},"excerpt":{"rendered":"<p>Auf der IFA 2026 in Berlin hat GMKtec sein neues Flaggschiff offiziell vorgestellt. Im Rahmen einer Pressekonferenz pr\u00e4sentierte der Hersteller mit dem EVO-X5 Pro eine kompakte Workstation, die vor allem f\u00fcr lokale KI-Workloads ausgelegt ist. Herzst\u00fcck ist AMDs Ryzen AI&hellip; <\/p>\n","protected":false},"author":4894,"featured_media":216657,"comment_status":"open","ping_status":"open","sticky":false,"template":"","format":"standard","meta":{"footnotes":"","jetpack_publicize_message":"","jetpack_publicize_feature_enabled":true,"jetpack_social_post_already_shared":true,"jetpack_social_options":{"image_generator_settings":{"template":"highway","default_image_id":0,"font":"","enabled":false},"version":2},"jetpack_post_was_ever_published":false},"categories":[1286],"tags":[4246,98177,98176,97856,13905,92310,95958,98179,98178,97940,98180],"class_list":["post-216655","post","type-post","status-publish","format-standard","has-post-thumbnail","hentry","category-hardware","tag-amd","tag-evo-x5-pro","tag-gmktec","tag-ifa-2026","tag-ki","tag-llm","tag-local-ai","tag-radeon-8065s","tag-ryzen-ai-max-pro-495","tag-strix-halo","tag-unified-memory"],"wp_featured_image":{"id":216657,"alt_text":"","description":"","media_type":"image","media_details":{"width":2048,"height":1536,"file":"2026\/09\/img-2260.jpeg","filesize":553258,"sizes":{"medium":{"file":"img-2260-480x360.jpeg","width":480,"height":360,"mime-type":"image\/jpeg","filesize":34010,"source_url":"https:\/\/www.deskmodder.de\/blog\/wp-content\/uploads\/2026\/09\/img-2260-480x360.jpeg"},"large":{"file":"img-2260-777x583.jpeg","width":777,"height":583,"mime-type":"image\/jpeg","filesize":59339,"source_url":"https:\/\/www.deskmodder.de\/blog\/wp-content\/uploads\/2026\/09\/img-2260-777x583.jpeg"},"thumbnail":{"file":"img-2260-273x205.jpeg","width":273,"height":205,"mime-type":"image\/jpeg","filesize":20800,"source_url":"https:\/\/www.deskmodder.de\/blog\/wp-content\/uploads\/2026\/09\/img-2260-273x205.jpeg"},"1536x1536":{"file":"img-2260-1536x1152.jpeg","width":1536,"height":1152,"mime-type":"image\/jpeg","filesize":151959,"source_url":"https:\/\/www.deskmodder.de\/blog\/wp-content\/uploads\/2026\/09\/img-2260-1536x1152.jpeg"},"blog-large":{"file":"img-2260-642x300.jpeg","width":642,"height":300,"mime-type":"image\/jpeg","filesize":30808,"source_url":"https:\/\/www.deskmodder.de\/blog\/wp-content\/uploads\/2026\/09\/img-2260-642x300.jpeg"},"blog-medium":{"file":"img-2260-306x205.jpeg","width":306,"height":205,"mime-type":"image\/jpeg","filesize":21303,"source_url":"https:\/\/www.deskmodder.de\/blog\/wp-content\/uploads\/2026\/09\/img-2260-306x205.jpeg"},"recent-thumb":{"file":"img-2260-350x316.jpeg","width":350,"height":316,"mime-type":"image\/jpeg","filesize":27319,"source_url":"https:\/\/www.deskmodder.de\/blog\/wp-content\/uploads\/2026\/09\/img-2260-350x316.jpeg"},"service-featured":{"file":"img-2260-600x330.jpeg","width":600,"height":330,"mime-type":"image\/jpeg","filesize":33466,"source_url":"https:\/\/www.deskmodder.de\/blog\/wp-content\/uploads\/2026\/09\/img-2260-600x330.jpeg"}},"image_meta":{"aperture":"1.6","credit":"","camera":"iPhone 17","caption":"","created_timestamp":"1788622803","copyright":"","focal_length":"5.960000038147","iso":"80","shutter_speed":"0.01","title":"","orientation":"1","keywords":[],"alt":""}},"post":216655,"source_url":"https:\/\/www.deskmodder.de\/blog\/wp-content\/uploads\/2026\/09\/img-2260.jpeg"},"commentcount":1,"wp_comments":[{"id":344825,"parent":0,"author":0,"author_name":"Frank","author_email":"frank.prasnitz@gmail.com","author_url":"","author_avatar_urls":{"24":"https:\/\/secure.gravatar.com\/avatar\/1e554e758e135cb01b7d306c61a5b365a9da57b5b9964a4e2db3c27359e02ae0?s=24&d=mm&r=g","48":"https:\/\/secure.gravatar.com\/avatar\/1e554e758e135cb01b7d306c61a5b365a9da57b5b9964a4e2db3c27359e02ae0?s=48&d=mm&r=g","96":"https:\/\/secure.gravatar.com\/avatar\/1e554e758e135cb01b7d306c61a5b365a9da57b5b9964a4e2db3c27359e02ae0?s=96&d=mm&r=g"},"date":"2026-09-06T11:48:24","cld_nonce":"2d664803cb","content":{"rendered":"<p>&gt;&gt; Einen Preis nannte der Hersteller im Rahmen der Vorstellung noch nicht. &lt;&lt;<\/p>\n<p>Na logisch, wenn das Teil erst in einem Monat an den Start gehen wird, werden zwischenzeitlich die Speicherpreise weiter anziehen und man haut dann kurz vor Marktstart den Preis raus.<\/p>\n<p>Bei Vollausbau mit 192 GB verl\u00f6tetem Speicher werden es dann 8999 \u20ac.<\/p>\n"},"status":"1"}],"wp_author":{"id":4894,"name":"Wagener_bjoern","description":"Blaulicht- &amp; Technikjournalist \u270f\ufe0f | Fotografie, Drohnen &amp; Luftfahrt \ud83d\udcf8\u2708\ufe0f | 3D-Druck &amp; Maker \ud83d\udda8\ufe0f | Cat Dad \ud83d\udc3e","author_avatar_urls":{"24":"https:\/\/secure.gravatar.com\/avatar\/faab38a98808dff100d6876904ec74377b3897ebbe844221f011f24bf665bd16?s=24&d=mm&r=g","48":"https:\/\/secure.gravatar.com\/avatar\/faab38a98808dff100d6876904ec74377b3897ebbe844221f011f24bf665bd16?s=48&d=mm&r=g","96":"https:\/\/secure.gravatar.com\/avatar\/faab38a98808dff100d6876904ec74377b3897ebbe844221f011f24bf665bd16?s=96&d=mm&r=g"}},"cld_nonce":"2d664803cb","yoast_head":"<!-- This site is optimized with the Yoast SEO Premium plugin v28.4 (Yoast SEO v28.4) - https:\/\/yoast.com\/product\/yoast-seo-premium-wordpress\/ -->\n<title>GMKtec EVO-X5 Pro auf der IFA 2026 vorgestellt: 192 GB Unified Memory f\u00fcr lokale KI - Deskmodder.de<\/title>\n<meta name=\"description\" content=\"GMKtec zeigt auf der IFA 2026 den EVO-X5 Pro mit Ryzen AI Max+ PRO 495, Radeon 8065S und bis zu 192 GB Unified Memory f\u00fcr lokale KI.\" \/>\n<meta name=\"robots\" content=\"index, follow, max-snippet:-1, max-image-preview:large, max-video-preview:-1\" \/>\n<link rel=\"canonical\" href=\"https:\/\/www.deskmodder.de\/blog\/2026\/09\/06\/gmktec-evo-x5-pro-auf-der-ifa-2026-vorgestellt-192-gb-unified-memory-fuer-lokale-ki\/\" \/>\n<meta property=\"og:locale\" content=\"de_DE\" \/>\n<meta property=\"og:type\" content=\"article\" \/>\n<meta property=\"og:title\" content=\"GMKtec EVO-X5 Pro auf der IFA 2026 vorgestellt: 192 GB Unified Memory f\u00fcr lokale KI\" \/>\n<meta property=\"og:description\" content=\"GMKtec zeigt auf der IFA 2026 den EVO-X5 Pro mit Ryzen AI Max+ PRO 495, Radeon 8065S und bis zu 192 GB Unified Memory f\u00fcr lokale KI.\" \/>\n<meta property=\"og:url\" content=\"https:\/\/www.deskmodder.de\/blog\/2026\/09\/06\/gmktec-evo-x5-pro-auf-der-ifa-2026-vorgestellt-192-gb-unified-memory-fuer-lokale-ki\/\" \/>\n<meta property=\"og:site_name\" content=\"Deskmodder.de\" \/>\n<meta property=\"article:publisher\" content=\"https:\/\/www.facebook.com\/Deskmodder\" \/>\n<meta property=\"article:author\" content=\"https:\/\/www.facebook.com\/bjoern.max.wagener\" \/>\n<meta property=\"article:published_time\" content=\"2026-09-06T09:35:02+00:00\" \/>\n<meta property=\"og:image\" content=\"https:\/\/www.deskmodder.de\/blog\/wp-content\/uploads\/2026\/09\/img-2260.jpeg\" \/>\n\t<meta property=\"og:image:width\" content=\"2048\" \/>\n\t<meta property=\"og:image:height\" content=\"1536\" \/>\n\t<meta property=\"og:image:type\" content=\"image\/jpeg\" \/>\n<meta name=\"author\" content=\"Wagener_bjoern\" \/>\n<meta name=\"twitter:card\" content=\"summary_large_image\" \/>\n<meta name=\"twitter:creator\" content=\"@wagener_bjoern\" \/>\n<meta name=\"twitter:site\" content=\"@Deskmodder\" \/>\n<script type=\"application\/ld+json\" class=\"yoast-schema-graph\">{\"@context\":\"https:\\\/\\\/schema.org\",\"@graph\":[{\"@type\":\"Article\",\"@id\":\"https:\\\/\\\/www.deskmodder.de\\\/blog\\\/2026\\\/09\\\/06\\\/gmktec-evo-x5-pro-auf-der-ifa-2026-vorgestellt-192-gb-unified-memory-fuer-lokale-ki\\\/#article\",\"isPartOf\":{\"@id\":\"https:\\\/\\\/www.deskmodder.de\\\/blog\\\/2026\\\/09\\\/06\\\/gmktec-evo-x5-pro-auf-der-ifa-2026-vorgestellt-192-gb-unified-memory-fuer-lokale-ki\\\/\"},\"author\":{\"name\":\"Wagener_bjoern\",\"@id\":\"https:\\\/\\\/www.deskmodder.de\\\/blog\\\/#\\\/schema\\\/person\\\/efd7dda2abfc34d2f026b3dd1ff08c0c\"},\"headline\":\"GMKtec EVO-X5 Pro auf der IFA 2026 vorgestellt: 192 GB Unified Memory f\u00fcr lokale KI\",\"datePublished\":\"2026-09-06T09:35:02+00:00\",\"mainEntityOfPage\":{\"@id\":\"https:\\\/\\\/www.deskmodder.de\\\/blog\\\/2026\\\/09\\\/06\\\/gmktec-evo-x5-pro-auf-der-ifa-2026-vorgestellt-192-gb-unified-memory-fuer-lokale-ki\\\/\"},\"wordCount\":1033,\"commentCount\":1,\"publisher\":{\"@id\":\"https:\\\/\\\/www.deskmodder.de\\\/blog\\\/#organization\"},\"image\":{\"@id\":\"https:\\\/\\\/www.deskmodder.de\\\/blog\\\/2026\\\/09\\\/06\\\/gmktec-evo-x5-pro-auf-der-ifa-2026-vorgestellt-192-gb-unified-memory-fuer-lokale-ki\\\/#primaryimage\"},\"thumbnailUrl\":\"https:\\\/\\\/www.deskmodder.de\\\/blog\\\/wp-content\\\/uploads\\\/2026\\\/09\\\/img-2260.jpeg\",\"keywords\":[\"AMD\",\"EVO-X5 Pro\",\"GMKtec\",\"IFA 2026\",\"KI\",\"LLM\",\"Local AI\",\"Radeon 8065S\",\"Ryzen AI Max+ PRO 495\",\"Strix Halo\",\"Unified Memory\"],\"articleSection\":[\"Hardware\"],\"inLanguage\":\"de\",\"potentialAction\":[{\"@type\":\"CommentAction\",\"name\":\"Comment\",\"target\":[\"https:\\\/\\\/www.deskmodder.de\\\/blog\\\/2026\\\/09\\\/06\\\/gmktec-evo-x5-pro-auf-der-ifa-2026-vorgestellt-192-gb-unified-memory-fuer-lokale-ki\\\/#respond\"]}],\"copyrightYear\":\"2026\",\"copyrightHolder\":{\"@id\":\"https:\\\/\\\/www.deskmodder.de\\\/blog\\\/#organization\"}},{\"@type\":\"WebPage\",\"@id\":\"https:\\\/\\\/www.deskmodder.de\\\/blog\\\/2026\\\/09\\\/06\\\/gmktec-evo-x5-pro-auf-der-ifa-2026-vorgestellt-192-gb-unified-memory-fuer-lokale-ki\\\/\",\"url\":\"https:\\\/\\\/www.deskmodder.de\\\/blog\\\/2026\\\/09\\\/06\\\/gmktec-evo-x5-pro-auf-der-ifa-2026-vorgestellt-192-gb-unified-memory-fuer-lokale-ki\\\/\",\"name\":\"GMKtec EVO-X5 Pro auf der IFA 2026 vorgestellt: 192 GB Unified Memory f\u00fcr lokale KI - Deskmodder.de\",\"isPartOf\":{\"@id\":\"https:\\\/\\\/www.deskmodder.de\\\/blog\\\/#website\"},\"primaryImageOfPage\":{\"@id\":\"https:\\\/\\\/www.deskmodder.de\\\/blog\\\/2026\\\/09\\\/06\\\/gmktec-evo-x5-pro-auf-der-ifa-2026-vorgestellt-192-gb-unified-memory-fuer-lokale-ki\\\/#primaryimage\"},\"image\":{\"@id\":\"https:\\\/\\\/www.deskmodder.de\\\/blog\\\/2026\\\/09\\\/06\\\/gmktec-evo-x5-pro-auf-der-ifa-2026-vorgestellt-192-gb-unified-memory-fuer-lokale-ki\\\/#primaryimage\"},\"thumbnailUrl\":\"https:\\\/\\\/www.deskmodder.de\\\/blog\\\/wp-content\\\/uploads\\\/2026\\\/09\\\/img-2260.jpeg\",\"datePublished\":\"2026-09-06T09:35:02+00:00\",\"description\":\"GMKtec zeigt auf der IFA 2026 den EVO-X5 Pro mit Ryzen AI Max+ PRO 495, Radeon 8065S und bis zu 192 GB Unified Memory f\u00fcr lokale KI.\",\"breadcrumb\":{\"@id\":\"https:\\\/\\\/www.deskmodder.de\\\/blog\\\/2026\\\/09\\\/06\\\/gmktec-evo-x5-pro-auf-der-ifa-2026-vorgestellt-192-gb-unified-memory-fuer-lokale-ki\\\/#breadcrumb\"},\"inLanguage\":\"de\",\"potentialAction\":[{\"@type\":\"ReadAction\",\"target\":[\"https:\\\/\\\/www.deskmodder.de\\\/blog\\\/2026\\\/09\\\/06\\\/gmktec-evo-x5-pro-auf-der-ifa-2026-vorgestellt-192-gb-unified-memory-fuer-lokale-ki\\\/\"]}]},{\"@type\":\"ImageObject\",\"inLanguage\":\"de\",\"@id\":\"https:\\\/\\\/www.deskmodder.de\\\/blog\\\/2026\\\/09\\\/06\\\/gmktec-evo-x5-pro-auf-der-ifa-2026-vorgestellt-192-gb-unified-memory-fuer-lokale-ki\\\/#primaryimage\",\"url\":\"https:\\\/\\\/www.deskmodder.de\\\/blog\\\/wp-content\\\/uploads\\\/2026\\\/09\\\/img-2260.jpeg\",\"contentUrl\":\"https:\\\/\\\/www.deskmodder.de\\\/blog\\\/wp-content\\\/uploads\\\/2026\\\/09\\\/img-2260.jpeg\",\"width\":2048,\"height\":1536,\"caption\":\"Foto: Deskmodder\"},{\"@type\":\"BreadcrumbList\",\"@id\":\"https:\\\/\\\/www.deskmodder.de\\\/blog\\\/2026\\\/09\\\/06\\\/gmktec-evo-x5-pro-auf-der-ifa-2026-vorgestellt-192-gb-unified-memory-fuer-lokale-ki\\\/#breadcrumb\",\"itemListElement\":[{\"@type\":\"ListItem\",\"position\":1,\"name\":\"Startseite\",\"item\":\"https:\\\/\\\/www.deskmodder.de\\\/blog\\\/\"},{\"@type\":\"ListItem\",\"position\":2,\"name\":\"GMKtec EVO-X5 Pro auf der IFA 2026 vorgestellt: 192 GB Unified Memory f\u00fcr lokale KI\"}]},{\"@type\":\"WebSite\",\"@id\":\"https:\\\/\\\/www.deskmodder.de\\\/blog\\\/#website\",\"url\":\"https:\\\/\\\/www.deskmodder.de\\\/blog\\\/\",\"name\":\"Deskmodder.de\",\"description\":\"News zum Thema Microsoft, Windows 11 \\\/ 10, sowie anderen Neuigkeiten aus dem Netz, viele Tipps und individuelle Hilfe bei Problemen in unserem Forum \u25cf Deskmodder - seit 2003\",\"publisher\":{\"@id\":\"https:\\\/\\\/www.deskmodder.de\\\/blog\\\/#organization\"},\"potentialAction\":[{\"@type\":\"SearchAction\",\"target\":{\"@type\":\"EntryPoint\",\"urlTemplate\":\"https:\\\/\\\/www.deskmodder.de\\\/blog\\\/?s={search_term_string}\"},\"query-input\":{\"@type\":\"PropertyValueSpecification\",\"valueRequired\":true,\"valueName\":\"search_term_string\"}}],\"inLanguage\":\"de\"},{\"@type\":\"Organization\",\"@id\":\"https:\\\/\\\/www.deskmodder.de\\\/blog\\\/#organization\",\"name\":\"Deskmodder\",\"url\":\"https:\\\/\\\/www.deskmodder.de\\\/blog\\\/\",\"logo\":{\"@type\":\"ImageObject\",\"inLanguage\":\"de\",\"@id\":\"https:\\\/\\\/www.deskmodder.de\\\/blog\\\/#\\\/schema\\\/logo\\\/image\\\/\",\"url\":\"https:\\\/\\\/www.deskmodder.de\\\/blog\\\/wp-content\\\/uploads\\\/2019\\\/01\\\/deskmodder-logo-app.png\",\"contentUrl\":\"https:\\\/\\\/www.deskmodder.de\\\/blog\\\/wp-content\\\/uploads\\\/2019\\\/01\\\/deskmodder-logo-app.png\",\"width\":281,\"height\":286,\"caption\":\"Deskmodder\"},\"image\":{\"@id\":\"https:\\\/\\\/www.deskmodder.de\\\/blog\\\/#\\\/schema\\\/logo\\\/image\\\/\"},\"sameAs\":[\"https:\\\/\\\/www.facebook.com\\\/Deskmodder\",\"https:\\\/\\\/x.com\\\/Deskmodder\",\"https:\\\/\\\/mastodontech.de\\\/@Deskmodder\",\"https:\\\/\\\/www.youtube.com\\\/user\\\/deskmodder\",\"https:\\\/\\\/mewe.com\\\/group\\\/5c83b5231add826fc80cdae1\"]},{\"@type\":\"Person\",\"@id\":\"https:\\\/\\\/www.deskmodder.de\\\/blog\\\/#\\\/schema\\\/person\\\/efd7dda2abfc34d2f026b3dd1ff08c0c\",\"name\":\"Wagener_bjoern\",\"image\":{\"@type\":\"ImageObject\",\"inLanguage\":\"de\",\"@id\":\"https:\\\/\\\/secure.gravatar.com\\\/avatar\\\/faab38a98808dff100d6876904ec74377b3897ebbe844221f011f24bf665bd16?s=96&d=mm&r=g\",\"url\":\"https:\\\/\\\/secure.gravatar.com\\\/avatar\\\/faab38a98808dff100d6876904ec74377b3897ebbe844221f011f24bf665bd16?s=96&d=mm&r=g\",\"contentUrl\":\"https:\\\/\\\/secure.gravatar.com\\\/avatar\\\/faab38a98808dff100d6876904ec74377b3897ebbe844221f011f24bf665bd16?s=96&d=mm&r=g\",\"caption\":\"Wagener_bjoern\"},\"description\":\"Blaulicht- &amp; Technikjournalist \u270f\ufe0f | Fotografie, Drohnen &amp; Luftfahrt \ud83d\udcf8\u2708\ufe0f | 3D-Druck &amp; Maker \ud83d\udda8\ufe0f | Cat Dad \ud83d\udc3e\",\"sameAs\":[\"https:\\\/\\\/www.facebook.com\\\/bjoern.max.wagener\",\"https:\\\/\\\/www.instagram.com\\\/wagener_bjoern\\\/\",\"https:\\\/\\\/x.com\\\/wagener_bjoern\"],\"url\":\"https:\\\/\\\/www.deskmodder.de\\\/blog\\\/author\\\/wagener_bjoern\\\/\"}]}<\/script>\n<!-- \/ Yoast SEO Premium plugin. -->","yoast_head_json":{"title":"GMKtec EVO-X5 Pro auf der IFA 2026 vorgestellt: 192 GB Unified Memory f\u00fcr lokale KI - Deskmodder.de","description":"GMKtec zeigt auf der IFA 2026 den EVO-X5 Pro mit Ryzen AI Max+ PRO 495, Radeon 8065S und bis zu 192 GB Unified Memory f\u00fcr lokale KI.","robots":{"index":"index","follow":"follow","max-snippet":"max-snippet:-1","max-image-preview":"max-image-preview:large","max-video-preview":"max-video-preview:-1"},"canonical":"https:\/\/www.deskmodder.de\/blog\/2026\/09\/06\/gmktec-evo-x5-pro-auf-der-ifa-2026-vorgestellt-192-gb-unified-memory-fuer-lokale-ki\/","og_locale":"de_DE","og_type":"article","og_title":"GMKtec EVO-X5 Pro auf der IFA 2026 vorgestellt: 192 GB Unified Memory f\u00fcr lokale KI","og_description":"GMKtec zeigt auf der IFA 2026 den EVO-X5 Pro mit Ryzen AI Max+ PRO 495, Radeon 8065S und bis zu 192 GB Unified Memory f\u00fcr lokale KI.","og_url":"https:\/\/www.deskmodder.de\/blog\/2026\/09\/06\/gmktec-evo-x5-pro-auf-der-ifa-2026-vorgestellt-192-gb-unified-memory-fuer-lokale-ki\/","og_site_name":"Deskmodder.de","article_publisher":"https:\/\/www.facebook.com\/Deskmodder","article_author":"https:\/\/www.facebook.com\/bjoern.max.wagener","article_published_time":"2026-09-06T09:35:02+00:00","og_image":[{"width":2048,"height":1536,"url":"https:\/\/www.deskmodder.de\/blog\/wp-content\/uploads\/2026\/09\/img-2260.jpeg","type":"image\/jpeg"}],"author":"Wagener_bjoern","twitter_card":"summary_large_image","twitter_creator":"@wagener_bjoern","twitter_site":"@Deskmodder","schema":{"@context":"https:\/\/schema.org","@graph":[{"@type":"Article","@id":"https:\/\/www.deskmodder.de\/blog\/2026\/09\/06\/gmktec-evo-x5-pro-auf-der-ifa-2026-vorgestellt-192-gb-unified-memory-fuer-lokale-ki\/#article","isPartOf":{"@id":"https:\/\/www.deskmodder.de\/blog\/2026\/09\/06\/gmktec-evo-x5-pro-auf-der-ifa-2026-vorgestellt-192-gb-unified-memory-fuer-lokale-ki\/"},"author":{"name":"Wagener_bjoern","@id":"https:\/\/www.deskmodder.de\/blog\/#\/schema\/person\/efd7dda2abfc34d2f026b3dd1ff08c0c"},"headline":"GMKtec EVO-X5 Pro auf der IFA 2026 vorgestellt: 192 GB Unified Memory f\u00fcr lokale KI","datePublished":"2026-09-06T09:35:02+00:00","mainEntityOfPage":{"@id":"https:\/\/www.deskmodder.de\/blog\/2026\/09\/06\/gmktec-evo-x5-pro-auf-der-ifa-2026-vorgestellt-192-gb-unified-memory-fuer-lokale-ki\/"},"wordCount":1033,"commentCount":1,"publisher":{"@id":"https:\/\/www.deskmodder.de\/blog\/#organization"},"image":{"@id":"https:\/\/www.deskmodder.de\/blog\/2026\/09\/06\/gmktec-evo-x5-pro-auf-der-ifa-2026-vorgestellt-192-gb-unified-memory-fuer-lokale-ki\/#primaryimage"},"thumbnailUrl":"https:\/\/www.deskmodder.de\/blog\/wp-content\/uploads\/2026\/09\/img-2260.jpeg","keywords":["AMD","EVO-X5 Pro","GMKtec","IFA 2026","KI","LLM","Local AI","Radeon 8065S","Ryzen AI Max+ PRO 495","Strix Halo","Unified Memory"],"articleSection":["Hardware"],"inLanguage":"de","potentialAction":[{"@type":"CommentAction","name":"Comment","target":["https:\/\/www.deskmodder.de\/blog\/2026\/09\/06\/gmktec-evo-x5-pro-auf-der-ifa-2026-vorgestellt-192-gb-unified-memory-fuer-lokale-ki\/#respond"]}],"copyrightYear":"2026","copyrightHolder":{"@id":"https:\/\/www.deskmodder.de\/blog\/#organization"}},{"@type":"WebPage","@id":"https:\/\/www.deskmodder.de\/blog\/2026\/09\/06\/gmktec-evo-x5-pro-auf-der-ifa-2026-vorgestellt-192-gb-unified-memory-fuer-lokale-ki\/","url":"https:\/\/www.deskmodder.de\/blog\/2026\/09\/06\/gmktec-evo-x5-pro-auf-der-ifa-2026-vorgestellt-192-gb-unified-memory-fuer-lokale-ki\/","name":"GMKtec EVO-X5 Pro auf der IFA 2026 vorgestellt: 192 GB Unified Memory f\u00fcr lokale KI - Deskmodder.de","isPartOf":{"@id":"https:\/\/www.deskmodder.de\/blog\/#website"},"primaryImageOfPage":{"@id":"https:\/\/www.deskmodder.de\/blog\/2026\/09\/06\/gmktec-evo-x5-pro-auf-der-ifa-2026-vorgestellt-192-gb-unified-memory-fuer-lokale-ki\/#primaryimage"},"image":{"@id":"https:\/\/www.deskmodder.de\/blog\/2026\/09\/06\/gmktec-evo-x5-pro-auf-der-ifa-2026-vorgestellt-192-gb-unified-memory-fuer-lokale-ki\/#primaryimage"},"thumbnailUrl":"https:\/\/www.deskmodder.de\/blog\/wp-content\/uploads\/2026\/09\/img-2260.jpeg","datePublished":"2026-09-06T09:35:02+00:00","description":"GMKtec zeigt auf der IFA 2026 den EVO-X5 Pro mit Ryzen AI Max+ PRO 495, Radeon 8065S und bis zu 192 GB Unified Memory f\u00fcr lokale KI.","breadcrumb":{"@id":"https:\/\/www.deskmodder.de\/blog\/2026\/09\/06\/gmktec-evo-x5-pro-auf-der-ifa-2026-vorgestellt-192-gb-unified-memory-fuer-lokale-ki\/#breadcrumb"},"inLanguage":"de","potentialAction":[{"@type":"ReadAction","target":["https:\/\/www.deskmodder.de\/blog\/2026\/09\/06\/gmktec-evo-x5-pro-auf-der-ifa-2026-vorgestellt-192-gb-unified-memory-fuer-lokale-ki\/"]}]},{"@type":"ImageObject","inLanguage":"de","@id":"https:\/\/www.deskmodder.de\/blog\/2026\/09\/06\/gmktec-evo-x5-pro-auf-der-ifa-2026-vorgestellt-192-gb-unified-memory-fuer-lokale-ki\/#primaryimage","url":"https:\/\/www.deskmodder.de\/blog\/wp-content\/uploads\/2026\/09\/img-2260.jpeg","contentUrl":"https:\/\/www.deskmodder.de\/blog\/wp-content\/uploads\/2026\/09\/img-2260.jpeg","width":2048,"height":1536,"caption":"Foto: Deskmodder"},{"@type":"BreadcrumbList","@id":"https:\/\/www.deskmodder.de\/blog\/2026\/09\/06\/gmktec-evo-x5-pro-auf-der-ifa-2026-vorgestellt-192-gb-unified-memory-fuer-lokale-ki\/#breadcrumb","itemListElement":[{"@type":"ListItem","position":1,"name":"Startseite","item":"https:\/\/www.deskmodder.de\/blog\/"},{"@type":"ListItem","position":2,"name":"GMKtec EVO-X5 Pro auf der IFA 2026 vorgestellt: 192 GB Unified Memory f\u00fcr lokale KI"}]},{"@type":"WebSite","@id":"https:\/\/www.deskmodder.de\/blog\/#website","url":"https:\/\/www.deskmodder.de\/blog\/","name":"Deskmodder.de","description":"News zum Thema Microsoft, Windows 11 \/ 10, sowie anderen Neuigkeiten aus dem Netz, viele Tipps und individuelle Hilfe bei Problemen in unserem Forum \u25cf Deskmodder - seit 2003","publisher":{"@id":"https:\/\/www.deskmodder.de\/blog\/#organization"},"potentialAction":[{"@type":"SearchAction","target":{"@type":"EntryPoint","urlTemplate":"https:\/\/www.deskmodder.de\/blog\/?s={search_term_string}"},"query-input":{"@type":"PropertyValueSpecification","valueRequired":true,"valueName":"search_term_string"}}],"inLanguage":"de"},{"@type":"Organization","@id":"https:\/\/www.deskmodder.de\/blog\/#organization","name":"Deskmodder","url":"https:\/\/www.deskmodder.de\/blog\/","logo":{"@type":"ImageObject","inLanguage":"de","@id":"https:\/\/www.deskmodder.de\/blog\/#\/schema\/logo\/image\/","url":"https:\/\/www.deskmodder.de\/blog\/wp-content\/uploads\/2019\/01\/deskmodder-logo-app.png","contentUrl":"https:\/\/www.deskmodder.de\/blog\/wp-content\/uploads\/2019\/01\/deskmodder-logo-app.png","width":281,"height":286,"caption":"Deskmodder"},"image":{"@id":"https:\/\/www.deskmodder.de\/blog\/#\/schema\/logo\/image\/"},"sameAs":["https:\/\/www.facebook.com\/Deskmodder","https:\/\/x.com\/Deskmodder","https:\/\/mastodontech.de\/@Deskmodder","https:\/\/www.youtube.com\/user\/deskmodder","https:\/\/mewe.com\/group\/5c83b5231add826fc80cdae1"]},{"@type":"Person","@id":"https:\/\/www.deskmodder.de\/blog\/#\/schema\/person\/efd7dda2abfc34d2f026b3dd1ff08c0c","name":"Wagener_bjoern","image":{"@type":"ImageObject","inLanguage":"de","@id":"https:\/\/secure.gravatar.com\/avatar\/faab38a98808dff100d6876904ec74377b3897ebbe844221f011f24bf665bd16?s=96&d=mm&r=g","url":"https:\/\/secure.gravatar.com\/avatar\/faab38a98808dff100d6876904ec74377b3897ebbe844221f011f24bf665bd16?s=96&d=mm&r=g","contentUrl":"https:\/\/secure.gravatar.com\/avatar\/faab38a98808dff100d6876904ec74377b3897ebbe844221f011f24bf665bd16?s=96&d=mm&r=g","caption":"Wagener_bjoern"},"description":"Blaulicht- &amp; Technikjournalist \u270f\ufe0f | Fotografie, Drohnen &amp; Luftfahrt \ud83d\udcf8\u2708\ufe0f | 3D-Druck &amp; Maker \ud83d\udda8\ufe0f | Cat Dad \ud83d\udc3e","sameAs":["https:\/\/www.facebook.com\/bjoern.max.wagener","https:\/\/www.instagram.com\/wagener_bjoern\/","https:\/\/x.com\/wagener_bjoern"],"url":"https:\/\/www.deskmodder.de\/blog\/author\/wagener_bjoern\/"}]}},"jetpack_publicize_connections":[],"jetpack_featured_media_url":"https:\/\/www.deskmodder.de\/blog\/wp-content\/uploads\/2026\/09\/img-2260.jpeg","_links":{"self":[{"href":"https:\/\/www.deskmodder.de\/blog\/wp-json\/wp\/v2\/posts\/216655","targetHints":{"allow":["GET"]}}],"collection":[{"href":"https:\/\/www.deskmodder.de\/blog\/wp-json\/wp\/v2\/posts"}],"about":[{"href":"https:\/\/www.deskmodder.de\/blog\/wp-json\/wp\/v2\/types\/post"}],"author":[{"embeddable":true,"href":"https:\/\/www.deskmodder.de\/blog\/wp-json\/wp\/v2\/users\/4894"}],"replies":[{"embeddable":true,"href":"https:\/\/www.deskmodder.de\/blog\/wp-json\/wp\/v2\/comments?post=216655"}],"version-history":[{"count":1,"href":"https:\/\/www.deskmodder.de\/blog\/wp-json\/wp\/v2\/posts\/216655\/revisions"}],"predecessor-version":[{"id":216666,"href":"https:\/\/www.deskmodder.de\/blog\/wp-json\/wp\/v2\/posts\/216655\/revisions\/216666"}],"wp:featuredmedia":[{"embeddable":true,"href":"https:\/\/www.deskmodder.de\/blog\/wp-json\/wp\/v2\/media\/216657"}],"wp:attachment":[{"href":"https:\/\/www.deskmodder.de\/blog\/wp-json\/wp\/v2\/media?parent=216655"}],"wp:term":[{"taxonomy":"category","embeddable":true,"href":"https:\/\/www.deskmodder.de\/blog\/wp-json\/wp\/v2\/categories?post=216655"},{"taxonomy":"post_tag","embeddable":true,"href":"https:\/\/www.deskmodder.de\/blog\/wp-json\/wp\/v2\/tags?post=216655"}],"curies":[{"name":"wp","href":"https:\/\/api.w.org\/{rel}","templated":true}]}}