{"id":204614,"date":"2025-09-26T11:08:31","date_gmt":"2025-09-26T09:08:31","guid":{"rendered":"https:\/\/www.deskmodder.de\/blog\/?p=204614"},"modified":"2025-09-26T11:08:31","modified_gmt":"2025-09-26T09:08:31","slug":"intel-sucht-unterstuetzung-bei-apple-gespraeche-ueber-moeglichen-einstieg","status":"publish","type":"post","link":"https:\/\/www.deskmodder.de\/blog\/2025\/09\/26\/intel-sucht-unterstuetzung-bei-apple-gespraeche-ueber-moeglichen-einstieg\/","title":{"rendered":"Intel sucht Unterst\u00fctzung bei Apple: Gespr\u00e4che \u00fcber m\u00f6glichen Einstieg"},"content":{"rendered":"<p>Der traditionsreiche Chiphersteller Intel hat nach Informationen von Bloomberg Apple angesprochen, um ein m\u00f6gliches Investment auszuloten. Damit reiht sich Apple in eine Liste potenzieller Partner ein, die Intel helfen k\u00f6nnten, den Konzern nach Jahren des Niedergangs wieder auf Kurs zu bringen. Die Gespr\u00e4che befinden sich laut mit der Angelegenheit vertrauten Personen noch in einem fr\u00fchen Stadium. Ob daraus tats\u00e4chlich ein verbindliches Abkommen wird, ist derzeit offen.<\/p>\n<p><a href=\"https:\/\/www.deskmodder.de\/blog\/wp-content\/uploads\/2022\/09\/intel-logo-ifa-2022-2.jpg\" rel=\"lightbox[204614]\"><img loading=\"lazy\" decoding=\"async\" class=\"aligncenter size-medium wp-image-169132\" src=\"https:\/\/www.deskmodder.de\/blog\/wp-content\/uploads\/2022\/09\/intel-logo-ifa-2022-2-500x360.jpg\" alt=\"\" width=\"500\" height=\"360\" srcset=\"https:\/\/www.deskmodder.de\/blog\/wp-content\/uploads\/2022\/09\/intel-logo-ifa-2022-2-500x360.jpg 500w, https:\/\/www.deskmodder.de\/blog\/wp-content\/uploads\/2022\/09\/intel-logo-ifa-2022-2-810x583.jpg 810w, https:\/\/www.deskmodder.de\/blog\/wp-content\/uploads\/2022\/09\/intel-logo-ifa-2022-2-285x205.jpg 285w, https:\/\/www.deskmodder.de\/blog\/wp-content\/uploads\/2022\/09\/intel-logo-ifa-2022-2-1536x1105.jpg 1536w, https:\/\/www.deskmodder.de\/blog\/wp-content\/uploads\/2022\/09\/intel-logo-ifa-2022-2.jpg 1982w\" sizes=\"auto, (max-width: 500px) 100vw, 500px\" \/><\/a><\/p>\n<h2>Aufwind durch neue Investoren<\/h2>\n<p>Erst vor wenigen Wochen hatten andere Technologiekonzerne ihr Vertrauen in Intel bekundet. Nvidia k\u00fcndigte ein Investment von rund f\u00fcnf Milliarden US-Dollar an, SoftBank stieg mit zwei Milliarden ein. Beide wollen k\u00fcnftig enger mit Intel zusammenarbeiten \u2013 vor allem im Bereich Rechenzentren und k\u00fcnstliche Intelligenz. Die B\u00f6rse reagierte sp\u00fcrbar: Intels Aktienkurs legte zuletzt deutlich zu, w\u00e4hrend die Aussicht auf eine engere Kooperation mit Apple den Optimismus weiter befeuert.<\/p>\n<h2>Regierung als Teilhaber<\/h2>\n<p>Besondere Brisanz erh\u00e4lt die Entwicklung durch die Rolle der US-Regierung. Bereits im August war bekannt geworden, dass Washington im Rahmen eines von der damaligen Trump-Administration vermittelten Deals einen Anteil von rund zehn Prozent an Intel \u00fcbernommen hat. Ziel ist es, die heimische Chipfertigung zu st\u00e4rken und die Abh\u00e4ngigkeit von asiatischen Produzenten zu verringern.<\/p>\n<h2>Herausforderungen bleiben gro\u00df<\/h2>\n<p>Trotz staatlicher Unterst\u00fctzung und neuer Investoren k\u00e4mpft Intel weiterhin mit gravierenden Problemen. Technologisch liegt das Unternehmen hinter Rivalen wie AMD und Nvidia zur\u00fcck. In zentralen Bereichen wie bei Hochleistungschips f\u00fcr k\u00fcnstliche Intelligenz konnte Intel bislang kaum Boden gutmachen. Werksschlie\u00dfungen, verschobene Ausbaupl\u00e4ne und Stellenstreichungen zeigen, wie ernst die Lage ist.<\/p>\n<h2>Verh\u00e4ltnis zu Apple<\/h2>\n<p>Apple und Intel verbindet eine lange, aber auch wechselvolle Geschichte. \u00dcber Jahre hinweg setzte Apple in seinen Macs auf Prozessoren aus Santa Clara. Mit der Einf\u00fchrung eigener Chips \u2013 den <a href=\"https:\/\/www.deskmodder.de\/blog\/2018\/06\/01\/apple-eigener-mac-prozessor-wird-bereits-entwickelt\/\">Apple Silicon<\/a> \u2013 begann ab 2020 jedoch der Abschied von Intel. Auch die \u00dcbernahme der Modemsparte 2019 war Teil dieser strategischen Neuausrichtung. Ein erneutes Prozessor-Comeback gilt deshalb als unwahrscheinlich. Gleichwohl k\u00f6nnten beide Seiten in anderen Bereichen profitieren. Apple betont seit Jahren, verst\u00e4rkt in den USA zu investieren, und begr\u00fc\u00dft Wettbewerb bei den Foundries. \u201eWir w\u00fcrden es begr\u00fc\u00dfen, wenn Intel zur\u00fcckkommt\u201c, sagte Apple-Chef Tim Cook zuletzt in einem Interview.<\/p>\n<h2>Blick nach vorn<\/h2>\n<p>Noch ist offen, ob die <a href=\"https:\/\/www.bloomberg.com\/news\/articles\/2025-09-24\/intel-is-seeking-an-investment-from-apple-as-part-of-its-comeback-bid\">Gespr\u00e4che zwischen Apple und Intel<\/a> konkrete Folgen haben werden. Klar ist jedoch, dass Intel im Kampf um Marktanteile und technologische Relevanz starke Partner braucht. Ob Apple dabei nur als Investor oder auch als strategischer Unterst\u00fctzer auftritt, d\u00fcrfte entscheidend daf\u00fcr sein, wie schnell und nachhaltig der einstige Branchenprimus wieder an Bedeutung gewinnt.<\/p>\n","protected":false},"excerpt":{"rendered":"<p>Der traditionsreiche Chiphersteller Intel hat nach Informationen von Bloomberg Apple angesprochen, um ein m\u00f6gliches Investment auszuloten. Damit reiht sich Apple in eine Liste potenzieller Partner ein, die Intel helfen k\u00f6nnten, den Konzern nach Jahren des Niedergangs wieder auf Kurs zu&hellip; <\/p>\n","protected":false},"author":4894,"featured_media":169132,"comment_status":"open","ping_status":"open","sticky":false,"template":"","format":"standard","meta":{"jetpack_post_was_ever_published":false,"footnotes":"","jetpack_publicize_message":"","jetpack_publicize_feature_enabled":true,"jetpack_social_post_already_shared":false,"jetpack_social_options":{"image_generator_settings":{"template":"highway","default_image_id":0,"font":"","enabled":false},"version":2}},"categories":[1],"tags":[98,574,477,6336],"class_list":["post-204614","post","type-post","status-publish","format-standard","has-post-thumbnail","hentry","category-allgemein","tag-apple","tag-intel","tag-nvidia","tag-tim-cook"],"wp_featured_image":{"id":169132,"alt_text":"","description":"","media_type":"image","media_details":{"width":1982,"height":1426,"file":"2022\/09\/intel-logo-ifa-2022-2.jpg","filesize":1347103,"sizes":{"medium":{"file":"intel-logo-ifa-2022-2-500x360.jpg","width":500,"height":360,"mime-type":"image\/jpeg","filesize":42259,"source_url":"https:\/\/www.deskmodder.de\/blog\/wp-content\/uploads\/2022\/09\/intel-logo-ifa-2022-2-500x360.jpg"},"large":{"file":"intel-logo-ifa-2022-2-810x583.jpg","width":810,"height":583,"mime-type":"image\/jpeg","filesize":72041,"source_url":"https:\/\/www.deskmodder.de\/blog\/wp-content\/uploads\/2022\/09\/intel-logo-ifa-2022-2-810x583.jpg"},"thumbnail":{"file":"intel-logo-ifa-2022-2-285x205.jpg","width":285,"height":205,"mime-type":"image\/jpeg","filesize":26278,"source_url":"https:\/\/www.deskmodder.de\/blog\/wp-content\/uploads\/2022\/09\/intel-logo-ifa-2022-2-285x205.jpg"},"1536x1536":{"file":"intel-logo-ifa-2022-2-1536x1105.jpg","width":1536,"height":1105,"mime-type":"image\/jpeg","filesize":186298,"source_url":"https:\/\/www.deskmodder.de\/blog\/wp-content\/uploads\/2022\/09\/intel-logo-ifa-2022-2-1536x1105.jpg"},"blog-large":{"file":"intel-logo-ifa-2022-2-642x300.jpg","width":642,"height":300,"mime-type":"image\/jpeg","filesize":42786,"source_url":"https:\/\/www.deskmodder.de\/blog\/wp-content\/uploads\/2022\/09\/intel-logo-ifa-2022-2-642x300.jpg"},"blog-medium":{"file":"intel-logo-ifa-2022-2-306x205.jpg","width":306,"height":205,"mime-type":"image\/jpeg","filesize":27025,"source_url":"https:\/\/www.deskmodder.de\/blog\/wp-content\/uploads\/2022\/09\/intel-logo-ifa-2022-2-306x205.jpg"},"recent-thumb":{"file":"intel-logo-ifa-2022-2-350x316.jpg","width":350,"height":316,"mime-type":"image\/jpeg","filesize":33671,"source_url":"https:\/\/www.deskmodder.de\/blog\/wp-content\/uploads\/2022\/09\/intel-logo-ifa-2022-2-350x316.jpg"},"service-featured":{"file":"intel-logo-ifa-2022-2-600x330.jpg","width":600,"height":330,"mime-type":"image\/jpeg","filesize":43699,"source_url":"https:\/\/www.deskmodder.de\/blog\/wp-content\/uploads\/2022\/09\/intel-logo-ifa-2022-2-600x330.jpg"}},"image_meta":{"aperture":"1.6","credit":"","camera":"iPhone 12 mini","caption":"","created_timestamp":"1662126505","copyright":"","focal_length":"4.2","iso":"32","shutter_speed":"0.004","title":"","orientation":"1","keywords":[]}},"post":169996,"source_url":"https:\/\/www.deskmodder.de\/blog\/wp-content\/uploads\/2022\/09\/intel-logo-ifa-2022-2.jpg"},"commentcount":8,"wp_comments":[{"id":313349,"parent":0,"author":0,"author_name":"muem","author_email":"mmfeu@outlook.de","author_url":"","author_avatar_urls":{"24":"https:\/\/secure.gravatar.com\/avatar\/b23abbdc0651a769c8e2fc540bb1ee0ec3fc986de49f9fb674f7b8f01b1cd48b?s=24&d=mm&r=g","48":"https:\/\/secure.gravatar.com\/avatar\/b23abbdc0651a769c8e2fc540bb1ee0ec3fc986de49f9fb674f7b8f01b1cd48b?s=48&d=mm&r=g","96":"https:\/\/secure.gravatar.com\/avatar\/b23abbdc0651a769c8e2fc540bb1ee0ec3fc986de49f9fb674f7b8f01b1cd48b?s=96&d=mm&r=g"},"date":"2025-09-26T13:55:58","cld_nonce":"71b284f63c","content":{"rendered":"<p>wenn Intel Geld braucht, k\u00f6nnen sie die<br \/>\n49% Anteile von McAfee verkaufen. <\/p>\n<p><i>gepostet mit der <a href=\"https:\/\/play.google.com\/store\/apps\/details?id=com.deskmodder\" rel=\"nofollow ugc\">Deskmodder.de-App f\u00fcr Android<\/a><\/i><\/p>\n"},"status":"1"},{"id":313350,"parent":313349,"author":10684,"author_name":"Sinnvoller Beitrag","author_email":"teamdjs@gmail.com","author_url":"","author_avatar_urls":{"24":"https:\/\/secure.gravatar.com\/avatar\/fca52af40a3bd7694ea31ae294696d1737d18a31181dff02e46217744766b3fe?s=24&d=mm&r=g","48":"https:\/\/secure.gravatar.com\/avatar\/fca52af40a3bd7694ea31ae294696d1737d18a31181dff02e46217744766b3fe?s=48&d=mm&r=g","96":"https:\/\/secure.gravatar.com\/avatar\/fca52af40a3bd7694ea31ae294696d1737d18a31181dff02e46217744766b3fe?s=96&d=mm&r=g"},"date":"2025-09-26T14:20:15","cld_nonce":"71b284f63c","content":{"rendered":"<p>Ja voll. Ich hab nie verstanden, warum sie den Laden gekauft haben. Und jetzt jammern sie rum.<\/p>\n<p>Falls eine Kooperation zwischen Apple und Intel zustande kommt, ist Apple gut beraten, keine Details zu ihrer Silicon-Architektur zu verraten. Sonst baut Intel da noch Konkurrenz zu ARM und Apple auf. Es ist allerdings auch so, dass es noch Jahre dauern wird, bis die ARM-basierten CPUs wirklich konkurrenzf\u00e4hig sind. Ja, die sind relativ schnell und sparsam. Aber Software ist Mangelware. Bis all das sauber portiert ist, braucht es Zeit. Zeit, die Intel nicht hat. Daher gehe ich davon aus, dass ARM in absehbarer Zeit auf dem Desktop keine Rolle spielen wird. Die Copilot+ PCs mit ARM64 waren jedenfalls ein Flop.<\/p>\n<p>Ein weiterer Punkt ist Intel Arc. Ja, ganz nett. Mehr aber auch nicht. Und Intel hat es bisher nicht geschafft, Arc in brauchbarer Form in die CPUs zu integrieren. Falls sie es dennoch schaffen, w\u00e4re das ein entscheidener Mehrwert, denn das w\u00fcrde die effektiv notwendige Geh\u00e4usegr\u00f6sse von Mini-PCs nochmal deutlich reduzieren. Ich erwarte gar nicht, dass Arc auf dem Niveau von aktuelle AMD oder Nvidia Karten mitspielt. Aber ich erwarte einfach, dass iGPUs heutzutage ohne M\u00fche 3D in 4K und HDR10+ mit 60Hz stabil liefern. Mit dem Iris Xe ist das eher m\u00fchsam.<\/p>\n"},"status":"1"},{"id":313361,"parent":313350,"author":4894,"author_name":"Wagener_bjoern","author_email":"wagener.bjoern.max@mailbox.org","author_url":"","author_avatar_urls":{"24":"https:\/\/secure.gravatar.com\/avatar\/faab38a98808dff100d6876904ec74377b3897ebbe844221f011f24bf665bd16?s=24&d=mm&r=g","48":"https:\/\/secure.gravatar.com\/avatar\/faab38a98808dff100d6876904ec74377b3897ebbe844221f011f24bf665bd16?s=48&d=mm&r=g","96":"https:\/\/secure.gravatar.com\/avatar\/faab38a98808dff100d6876904ec74377b3897ebbe844221f011f24bf665bd16?s=96&d=mm&r=g"},"date":"2025-09-26T18:00:58","cld_nonce":"71b284f63c","content":{"rendered":"<p>Der Mangel an ARM-Software ist prim\u00e4r ein Problem von Windows. Sowohl Linux als auch macOS haben idR damit kein Problem. <img src=\"https:\/\/www.deskmodder.de\/blog\/wp-content\/plugins\/classic-smilies\/img\/icon_smile.gif\" alt=\":-)\" class=\"wp-smiley\" \/><\/p>\n"},"status":"1"},{"id":313362,"parent":0,"author":0,"author_name":"m.m","author_email":"m.vegeta@gmx.net","author_url":"","author_avatar_urls":{"24":"https:\/\/secure.gravatar.com\/avatar\/174a2027aafb37368e0947c36c0107d88cab27fa5c3b92b47b21cba2be642d77?s=24&d=mm&r=g","48":"https:\/\/secure.gravatar.com\/avatar\/174a2027aafb37368e0947c36c0107d88cab27fa5c3b92b47b21cba2be642d77?s=48&d=mm&r=g","96":"https:\/\/secure.gravatar.com\/avatar\/174a2027aafb37368e0947c36c0107d88cab27fa5c3b92b47b21cba2be642d77?s=96&d=mm&r=g"},"date":"2025-09-26T18:43:23","cld_nonce":"71b284f63c","content":{"rendered":"<p>Intel h\u00e4tte vor 10 Jahren Nvidia strategisch komplett aufkaufen sollen, so wie AMD mit Ati damals gemacht hat.<br \/>\nDas Gesch\u00e4ft w\u00e4re viel besser gelaufen als AMD zu damaligen Zeit.<\/p>\n"},"status":"1"},{"id":313365,"parent":313361,"author":10684,"author_name":"Sinnvoller Beitrag","author_email":"teamdjs@gmail.com","author_url":"","author_avatar_urls":{"24":"https:\/\/secure.gravatar.com\/avatar\/fca52af40a3bd7694ea31ae294696d1737d18a31181dff02e46217744766b3fe?s=24&d=mm&r=g","48":"https:\/\/secure.gravatar.com\/avatar\/fca52af40a3bd7694ea31ae294696d1737d18a31181dff02e46217744766b3fe?s=48&d=mm&r=g","96":"https:\/\/secure.gravatar.com\/avatar\/fca52af40a3bd7694ea31ae294696d1737d18a31181dff02e46217744766b3fe?s=96&d=mm&r=g"},"date":"2025-09-26T20:05:10","cld_nonce":"71b284f63c","content":{"rendered":"<p>Das ist richtig, aber die Marktanteile von macOS und Linux reichen nicht mal ansatzweise an die von Windows ran. Und solang es kein Alleinstellungsmerkmal gibt wie bspw bei macOS, wird es niemand nutzen wollen, wenn er unter x86 Windows effektiv nicht nur das Gleiche sondern mehr bekommt.<\/p>\n"},"status":"1"},{"id":313368,"parent":313362,"author":10684,"author_name":"Sinnvoller Beitrag","author_email":"teamdjs@gmail.com","author_url":"","author_avatar_urls":{"24":"https:\/\/secure.gravatar.com\/avatar\/fca52af40a3bd7694ea31ae294696d1737d18a31181dff02e46217744766b3fe?s=24&d=mm&r=g","48":"https:\/\/secure.gravatar.com\/avatar\/fca52af40a3bd7694ea31ae294696d1737d18a31181dff02e46217744766b3fe?s=48&d=mm&r=g","96":"https:\/\/secure.gravatar.com\/avatar\/fca52af40a3bd7694ea31ae294696d1737d18a31181dff02e46217744766b3fe?s=96&d=mm&r=g"},"date":"2025-09-26T20:08:14","cld_nonce":"71b284f63c","content":{"rendered":"<p>H\u00e4tte, h\u00e4tte, Fahrradkette. H\u00e4tte ich damals EUR 2000.- in Bitcoins investiert, m\u00fcsste ich jetzt nicht mehr arbeiten gehen.<\/p>\n<p>Intel hat&#8217;s damals nicht gemacht. Folglich \u00e4ndert&#8217;s jetzt auch nix mehr, denn das Kind liegt bereits im Brunnen und kommt da so schnell nicht wieder raus.<\/p>\n"},"status":"1"},{"id":313373,"parent":0,"author":0,"author_name":"Olli S.","author_email":"ollicom@anpa.de","author_url":"","author_avatar_urls":{"24":"https:\/\/secure.gravatar.com\/avatar\/5de45c98cdcf1996ca008484644a20a082147df7f9b97a34853d6b31efd72c81?s=24&d=mm&r=g","48":"https:\/\/secure.gravatar.com\/avatar\/5de45c98cdcf1996ca008484644a20a082147df7f9b97a34853d6b31efd72c81?s=48&d=mm&r=g","96":"https:\/\/secure.gravatar.com\/avatar\/5de45c98cdcf1996ca008484644a20a082147df7f9b97a34853d6b31efd72c81?s=96&d=mm&r=g"},"date":"2025-09-26T22:51:28","cld_nonce":"71b284f63c","content":{"rendered":"<p>Das ist ja mal reichlich spannend. Denn wer war es noch als Apple in den 1990ern direkt vor dem Abgrund stand?<br \/>\nBilly Boy Gates via Videoschalte mit dem alten und neuen Applechef Steve Jobs verk\u00fcndete das MicroWeich Apple retten wird.<\/p>\n<p>Das war nat\u00fcrlich nicht ganz uneigenn\u00fctzig da man gerade zu dem Zeitpunkt etwas Stress mit den US Beh\u00f6rden hatte und zerschlagen werden sollte wegen, man h\u00f6re und staune, einer Marktbeherrschenden Stellung also ein Quasimonopol. Und war es doch ganz praktisch Apple zu retten und zu sagen: Seht her, da ist doch noch ein zweites Betriebsystem und MircoWeich kann also keine monopolistische Stellung haben, basta.<\/p>\n<p>Mal schauen ob Apple so viel Gr\u00f6\u00dfe besitzt Intel den &#8222;aller wertesten&#8220; zu retten, finanziell d\u00fcrfte das bei denen ja nur die &#8222;Portokasse&#8220; sein.<\/p>\n"},"status":"1"},{"id":313381,"parent":0,"author":4044,"author_name":"baschdi","author_email":"sebwalter@gmx.net","author_url":"","author_avatar_urls":{"24":"https:\/\/secure.gravatar.com\/avatar\/b8804e4f065bf9c01c49a8187b8e2159756f5ecd9b9dfe0bb6bbe165ca7bd94d?s=24&d=mm&r=g","48":"https:\/\/secure.gravatar.com\/avatar\/b8804e4f065bf9c01c49a8187b8e2159756f5ecd9b9dfe0bb6bbe165ca7bd94d?s=48&d=mm&r=g","96":"https:\/\/secure.gravatar.com\/avatar\/b8804e4f065bf9c01c49a8187b8e2159756f5ecd9b9dfe0bb6bbe165ca7bd94d?s=96&d=mm&r=g"},"date":"2025-09-27T07:26:59","cld_nonce":"71b284f63c","content":{"rendered":"<p>w\u00fcrde apple noch intel verbauen, w\u00e4r das evtl. sogar noch nachvollziehbar. aber was sollen die denn jetzt, seit sie eigene prozessoren verbauen, noch mit intel anstellen?<br \/>\ngut, synergieeffekte nutzen; know-how, produktionsst\u00e4tten&#8230;<\/p>\n"},"status":"1"}],"wp_author":{"id":4894,"name":"Wagener_bjoern","description":"Blaulicht- &amp; Technikjournalist \u270f\ufe0f | Fotografie, Drohnen &amp; Luftfahrt \ud83d\udcf8\u2708\ufe0f | 3D-Druck &amp; Maker \ud83d\udda8\ufe0f | Cat Dad \ud83d\udc3e","author_avatar_urls":{"24":"https:\/\/secure.gravatar.com\/avatar\/faab38a98808dff100d6876904ec74377b3897ebbe844221f011f24bf665bd16?s=24&d=mm&r=g","48":"https:\/\/secure.gravatar.com\/avatar\/faab38a98808dff100d6876904ec74377b3897ebbe844221f011f24bf665bd16?s=48&d=mm&r=g","96":"https:\/\/secure.gravatar.com\/avatar\/faab38a98808dff100d6876904ec74377b3897ebbe844221f011f24bf665bd16?s=96&d=mm&r=g"}},"cld_nonce":"71b284f63c","yoast_head":"<!-- This site is optimized with the Yoast SEO Premium plugin v27.4 (Yoast SEO v27.4) - https:\/\/yoast.com\/product\/yoast-seo-premium-wordpress\/ -->\n<title>Intel sucht Unterst\u00fctzung bei Apple: Gespr\u00e4che \u00fcber m\u00f6glichen Einstieg - Deskmodder.de<\/title>\n<meta name=\"description\" content=\"Intel verhandelt mit Apple \u00fcber ein m\u00f6gliches Investment. Ziel ist die St\u00e4rkung des Chip-Gesch\u00e4fts nach Investitionen von Nvidia und SoftBank.\" \/>\n<meta name=\"robots\" content=\"index, follow, max-snippet:-1, max-image-preview:large, max-video-preview:-1\" \/>\n<link rel=\"canonical\" href=\"https:\/\/www.deskmodder.de\/blog\/2025\/09\/26\/intel-sucht-unterstuetzung-bei-apple-gespraeche-ueber-moeglichen-einstieg\/\" \/>\n<meta property=\"og:locale\" content=\"de_DE\" \/>\n<meta property=\"og:type\" content=\"article\" \/>\n<meta property=\"og:title\" content=\"Intel sucht Unterst\u00fctzung bei Apple: Gespr\u00e4che \u00fcber m\u00f6glichen Einstieg\" \/>\n<meta property=\"og:description\" content=\"Intel verhandelt mit Apple \u00fcber ein m\u00f6gliches Investment. Ziel ist die St\u00e4rkung des Chip-Gesch\u00e4fts nach Investitionen von Nvidia und SoftBank.\" \/>\n<meta property=\"og:url\" content=\"https:\/\/www.deskmodder.de\/blog\/2025\/09\/26\/intel-sucht-unterstuetzung-bei-apple-gespraeche-ueber-moeglichen-einstieg\/\" \/>\n<meta property=\"og:site_name\" content=\"Deskmodder.de\" \/>\n<meta property=\"article:publisher\" content=\"https:\/\/www.facebook.com\/Deskmodder\" \/>\n<meta property=\"article:author\" content=\"https:\/\/www.facebook.com\/bjoern.max.wagener\" \/>\n<meta property=\"article:published_time\" content=\"2025-09-26T09:08:31+00:00\" \/>\n<meta property=\"og:image\" content=\"https:\/\/www.deskmodder.de\/blog\/wp-content\/uploads\/2022\/09\/intel-logo-ifa-2022-2.jpg\" \/>\n\t<meta property=\"og:image:width\" content=\"1982\" \/>\n\t<meta property=\"og:image:height\" content=\"1426\" \/>\n\t<meta property=\"og:image:type\" content=\"image\/jpeg\" \/>\n<meta name=\"author\" content=\"Wagener_bjoern\" \/>\n<meta name=\"twitter:card\" content=\"summary_large_image\" \/>\n<meta name=\"twitter:creator\" content=\"@wagener_bjoern\" \/>\n<meta name=\"twitter:site\" content=\"@Deskmodder\" \/>\n<script type=\"application\/ld+json\" class=\"yoast-schema-graph\">{\"@context\":\"https:\\\/\\\/schema.org\",\"@graph\":[{\"@type\":\"Article\",\"@id\":\"https:\\\/\\\/www.deskmodder.de\\\/blog\\\/2025\\\/09\\\/26\\\/intel-sucht-unterstuetzung-bei-apple-gespraeche-ueber-moeglichen-einstieg\\\/#article\",\"isPartOf\":{\"@id\":\"https:\\\/\\\/www.deskmodder.de\\\/blog\\\/2025\\\/09\\\/26\\\/intel-sucht-unterstuetzung-bei-apple-gespraeche-ueber-moeglichen-einstieg\\\/\"},\"author\":{\"name\":\"Wagener_bjoern\",\"@id\":\"https:\\\/\\\/www.deskmodder.de\\\/blog\\\/#\\\/schema\\\/person\\\/efd7dda2abfc34d2f026b3dd1ff08c0c\"},\"headline\":\"Intel sucht Unterst\u00fctzung bei Apple: Gespr\u00e4che \u00fcber m\u00f6glichen Einstieg\",\"datePublished\":\"2025-09-26T09:08:31+00:00\",\"mainEntityOfPage\":{\"@id\":\"https:\\\/\\\/www.deskmodder.de\\\/blog\\\/2025\\\/09\\\/26\\\/intel-sucht-unterstuetzung-bei-apple-gespraeche-ueber-moeglichen-einstieg\\\/\"},\"wordCount\":446,\"commentCount\":8,\"publisher\":{\"@id\":\"https:\\\/\\\/www.deskmodder.de\\\/blog\\\/#organization\"},\"image\":{\"@id\":\"https:\\\/\\\/www.deskmodder.de\\\/blog\\\/2025\\\/09\\\/26\\\/intel-sucht-unterstuetzung-bei-apple-gespraeche-ueber-moeglichen-einstieg\\\/#primaryimage\"},\"thumbnailUrl\":\"https:\\\/\\\/www.deskmodder.de\\\/blog\\\/wp-content\\\/uploads\\\/2022\\\/09\\\/intel-logo-ifa-2022-2.jpg\",\"keywords\":[\"Apple\",\"Intel\",\"nVidia\",\"tim cook\"],\"inLanguage\":\"de\",\"potentialAction\":[{\"@type\":\"CommentAction\",\"name\":\"Comment\",\"target\":[\"https:\\\/\\\/www.deskmodder.de\\\/blog\\\/2025\\\/09\\\/26\\\/intel-sucht-unterstuetzung-bei-apple-gespraeche-ueber-moeglichen-einstieg\\\/#respond\"]}],\"copyrightYear\":\"2025\",\"copyrightHolder\":{\"@id\":\"https:\\\/\\\/www.deskmodder.de\\\/blog\\\/#organization\"}},{\"@type\":\"WebPage\",\"@id\":\"https:\\\/\\\/www.deskmodder.de\\\/blog\\\/2025\\\/09\\\/26\\\/intel-sucht-unterstuetzung-bei-apple-gespraeche-ueber-moeglichen-einstieg\\\/\",\"url\":\"https:\\\/\\\/www.deskmodder.de\\\/blog\\\/2025\\\/09\\\/26\\\/intel-sucht-unterstuetzung-bei-apple-gespraeche-ueber-moeglichen-einstieg\\\/\",\"name\":\"Intel sucht Unterst\u00fctzung bei Apple: Gespr\u00e4che \u00fcber m\u00f6glichen Einstieg - Deskmodder.de\",\"isPartOf\":{\"@id\":\"https:\\\/\\\/www.deskmodder.de\\\/blog\\\/#website\"},\"primaryImageOfPage\":{\"@id\":\"https:\\\/\\\/www.deskmodder.de\\\/blog\\\/2025\\\/09\\\/26\\\/intel-sucht-unterstuetzung-bei-apple-gespraeche-ueber-moeglichen-einstieg\\\/#primaryimage\"},\"image\":{\"@id\":\"https:\\\/\\\/www.deskmodder.de\\\/blog\\\/2025\\\/09\\\/26\\\/intel-sucht-unterstuetzung-bei-apple-gespraeche-ueber-moeglichen-einstieg\\\/#primaryimage\"},\"thumbnailUrl\":\"https:\\\/\\\/www.deskmodder.de\\\/blog\\\/wp-content\\\/uploads\\\/2022\\\/09\\\/intel-logo-ifa-2022-2.jpg\",\"datePublished\":\"2025-09-26T09:08:31+00:00\",\"description\":\"Intel verhandelt mit Apple \u00fcber ein m\u00f6gliches Investment. Ziel ist die St\u00e4rkung des Chip-Gesch\u00e4fts nach Investitionen von Nvidia und SoftBank.\",\"breadcrumb\":{\"@id\":\"https:\\\/\\\/www.deskmodder.de\\\/blog\\\/2025\\\/09\\\/26\\\/intel-sucht-unterstuetzung-bei-apple-gespraeche-ueber-moeglichen-einstieg\\\/#breadcrumb\"},\"inLanguage\":\"de\",\"potentialAction\":[{\"@type\":\"ReadAction\",\"target\":[\"https:\\\/\\\/www.deskmodder.de\\\/blog\\\/2025\\\/09\\\/26\\\/intel-sucht-unterstuetzung-bei-apple-gespraeche-ueber-moeglichen-einstieg\\\/\"]}]},{\"@type\":\"ImageObject\",\"inLanguage\":\"de\",\"@id\":\"https:\\\/\\\/www.deskmodder.de\\\/blog\\\/2025\\\/09\\\/26\\\/intel-sucht-unterstuetzung-bei-apple-gespraeche-ueber-moeglichen-einstieg\\\/#primaryimage\",\"url\":\"https:\\\/\\\/www.deskmodder.de\\\/blog\\\/wp-content\\\/uploads\\\/2022\\\/09\\\/intel-logo-ifa-2022-2.jpg\",\"contentUrl\":\"https:\\\/\\\/www.deskmodder.de\\\/blog\\\/wp-content\\\/uploads\\\/2022\\\/09\\\/intel-logo-ifa-2022-2.jpg\",\"width\":1982,\"height\":1426},{\"@type\":\"BreadcrumbList\",\"@id\":\"https:\\\/\\\/www.deskmodder.de\\\/blog\\\/2025\\\/09\\\/26\\\/intel-sucht-unterstuetzung-bei-apple-gespraeche-ueber-moeglichen-einstieg\\\/#breadcrumb\",\"itemListElement\":[{\"@type\":\"ListItem\",\"position\":1,\"name\":\"Startseite\",\"item\":\"https:\\\/\\\/www.deskmodder.de\\\/blog\\\/\"},{\"@type\":\"ListItem\",\"position\":2,\"name\":\"Intel sucht Unterst\u00fctzung bei Apple: Gespr\u00e4che \u00fcber m\u00f6glichen Einstieg\"}]},{\"@type\":\"WebSite\",\"@id\":\"https:\\\/\\\/www.deskmodder.de\\\/blog\\\/#website\",\"url\":\"https:\\\/\\\/www.deskmodder.de\\\/blog\\\/\",\"name\":\"Deskmodder.de\",\"description\":\"News zum Thema Microsoft, Windows 11 \\\/ 10, sowie anderen Neuigkeiten aus dem Netz, viele Tipps und individuelle Hilfe bei Problemen in unserem Forum \u25cf Deskmodder - seit 2003\",\"publisher\":{\"@id\":\"https:\\\/\\\/www.deskmodder.de\\\/blog\\\/#organization\"},\"potentialAction\":[{\"@type\":\"SearchAction\",\"target\":{\"@type\":\"EntryPoint\",\"urlTemplate\":\"https:\\\/\\\/www.deskmodder.de\\\/blog\\\/?s={search_term_string}\"},\"query-input\":{\"@type\":\"PropertyValueSpecification\",\"valueRequired\":true,\"valueName\":\"search_term_string\"}}],\"inLanguage\":\"de\"},{\"@type\":\"Organization\",\"@id\":\"https:\\\/\\\/www.deskmodder.de\\\/blog\\\/#organization\",\"name\":\"Deskmodder\",\"url\":\"https:\\\/\\\/www.deskmodder.de\\\/blog\\\/\",\"logo\":{\"@type\":\"ImageObject\",\"inLanguage\":\"de\",\"@id\":\"https:\\\/\\\/www.deskmodder.de\\\/blog\\\/#\\\/schema\\\/logo\\\/image\\\/\",\"url\":\"https:\\\/\\\/www.deskmodder.de\\\/blog\\\/wp-content\\\/uploads\\\/2019\\\/01\\\/deskmodder-logo-app.png\",\"contentUrl\":\"https:\\\/\\\/www.deskmodder.de\\\/blog\\\/wp-content\\\/uploads\\\/2019\\\/01\\\/deskmodder-logo-app.png\",\"width\":281,\"height\":286,\"caption\":\"Deskmodder\"},\"image\":{\"@id\":\"https:\\\/\\\/www.deskmodder.de\\\/blog\\\/#\\\/schema\\\/logo\\\/image\\\/\"},\"sameAs\":[\"https:\\\/\\\/www.facebook.com\\\/Deskmodder\",\"https:\\\/\\\/x.com\\\/Deskmodder\",\"https:\\\/\\\/mastodontech.de\\\/@Deskmodder\",\"https:\\\/\\\/www.youtube.com\\\/user\\\/deskmodder\",\"https:\\\/\\\/mewe.com\\\/group\\\/5c83b5231add826fc80cdae1\"]},{\"@type\":\"Person\",\"@id\":\"https:\\\/\\\/www.deskmodder.de\\\/blog\\\/#\\\/schema\\\/person\\\/efd7dda2abfc34d2f026b3dd1ff08c0c\",\"name\":\"Wagener_bjoern\",\"image\":{\"@type\":\"ImageObject\",\"inLanguage\":\"de\",\"@id\":\"https:\\\/\\\/secure.gravatar.com\\\/avatar\\\/faab38a98808dff100d6876904ec74377b3897ebbe844221f011f24bf665bd16?s=96&d=mm&r=g\",\"url\":\"https:\\\/\\\/secure.gravatar.com\\\/avatar\\\/faab38a98808dff100d6876904ec74377b3897ebbe844221f011f24bf665bd16?s=96&d=mm&r=g\",\"contentUrl\":\"https:\\\/\\\/secure.gravatar.com\\\/avatar\\\/faab38a98808dff100d6876904ec74377b3897ebbe844221f011f24bf665bd16?s=96&d=mm&r=g\",\"caption\":\"Wagener_bjoern\"},\"description\":\"Blaulicht- &amp; Technikjournalist \u270f\ufe0f | Fotografie, Drohnen &amp; Luftfahrt \ud83d\udcf8\u2708\ufe0f | 3D-Druck &amp; Maker \ud83d\udda8\ufe0f | Cat Dad \ud83d\udc3e\",\"sameAs\":[\"https:\\\/\\\/www.facebook.com\\\/bjoern.max.wagener\",\"https:\\\/\\\/www.instagram.com\\\/wagener_bjoern\\\/\",\"https:\\\/\\\/x.com\\\/wagener_bjoern\"],\"url\":\"https:\\\/\\\/www.deskmodder.de\\\/blog\\\/author\\\/wagener_bjoern\\\/\"}]}<\/script>\n<!-- \/ Yoast SEO Premium plugin. -->","yoast_head_json":{"title":"Intel sucht Unterst\u00fctzung bei Apple: Gespr\u00e4che \u00fcber m\u00f6glichen Einstieg - Deskmodder.de","description":"Intel verhandelt mit Apple \u00fcber ein m\u00f6gliches Investment. Ziel ist die St\u00e4rkung des Chip-Gesch\u00e4fts nach Investitionen von Nvidia und SoftBank.","robots":{"index":"index","follow":"follow","max-snippet":"max-snippet:-1","max-image-preview":"max-image-preview:large","max-video-preview":"max-video-preview:-1"},"canonical":"https:\/\/www.deskmodder.de\/blog\/2025\/09\/26\/intel-sucht-unterstuetzung-bei-apple-gespraeche-ueber-moeglichen-einstieg\/","og_locale":"de_DE","og_type":"article","og_title":"Intel sucht Unterst\u00fctzung bei Apple: Gespr\u00e4che \u00fcber m\u00f6glichen Einstieg","og_description":"Intel verhandelt mit Apple \u00fcber ein m\u00f6gliches Investment. Ziel ist die St\u00e4rkung des Chip-Gesch\u00e4fts nach Investitionen von Nvidia und SoftBank.","og_url":"https:\/\/www.deskmodder.de\/blog\/2025\/09\/26\/intel-sucht-unterstuetzung-bei-apple-gespraeche-ueber-moeglichen-einstieg\/","og_site_name":"Deskmodder.de","article_publisher":"https:\/\/www.facebook.com\/Deskmodder","article_author":"https:\/\/www.facebook.com\/bjoern.max.wagener","article_published_time":"2025-09-26T09:08:31+00:00","og_image":[{"width":1982,"height":1426,"url":"https:\/\/www.deskmodder.de\/blog\/wp-content\/uploads\/2022\/09\/intel-logo-ifa-2022-2.jpg","type":"image\/jpeg"}],"author":"Wagener_bjoern","twitter_card":"summary_large_image","twitter_creator":"@wagener_bjoern","twitter_site":"@Deskmodder","schema":{"@context":"https:\/\/schema.org","@graph":[{"@type":"Article","@id":"https:\/\/www.deskmodder.de\/blog\/2025\/09\/26\/intel-sucht-unterstuetzung-bei-apple-gespraeche-ueber-moeglichen-einstieg\/#article","isPartOf":{"@id":"https:\/\/www.deskmodder.de\/blog\/2025\/09\/26\/intel-sucht-unterstuetzung-bei-apple-gespraeche-ueber-moeglichen-einstieg\/"},"author":{"name":"Wagener_bjoern","@id":"https:\/\/www.deskmodder.de\/blog\/#\/schema\/person\/efd7dda2abfc34d2f026b3dd1ff08c0c"},"headline":"Intel sucht Unterst\u00fctzung bei Apple: Gespr\u00e4che \u00fcber m\u00f6glichen Einstieg","datePublished":"2025-09-26T09:08:31+00:00","mainEntityOfPage":{"@id":"https:\/\/www.deskmodder.de\/blog\/2025\/09\/26\/intel-sucht-unterstuetzung-bei-apple-gespraeche-ueber-moeglichen-einstieg\/"},"wordCount":446,"commentCount":8,"publisher":{"@id":"https:\/\/www.deskmodder.de\/blog\/#organization"},"image":{"@id":"https:\/\/www.deskmodder.de\/blog\/2025\/09\/26\/intel-sucht-unterstuetzung-bei-apple-gespraeche-ueber-moeglichen-einstieg\/#primaryimage"},"thumbnailUrl":"https:\/\/www.deskmodder.de\/blog\/wp-content\/uploads\/2022\/09\/intel-logo-ifa-2022-2.jpg","keywords":["Apple","Intel","nVidia","tim cook"],"inLanguage":"de","potentialAction":[{"@type":"CommentAction","name":"Comment","target":["https:\/\/www.deskmodder.de\/blog\/2025\/09\/26\/intel-sucht-unterstuetzung-bei-apple-gespraeche-ueber-moeglichen-einstieg\/#respond"]}],"copyrightYear":"2025","copyrightHolder":{"@id":"https:\/\/www.deskmodder.de\/blog\/#organization"}},{"@type":"WebPage","@id":"https:\/\/www.deskmodder.de\/blog\/2025\/09\/26\/intel-sucht-unterstuetzung-bei-apple-gespraeche-ueber-moeglichen-einstieg\/","url":"https:\/\/www.deskmodder.de\/blog\/2025\/09\/26\/intel-sucht-unterstuetzung-bei-apple-gespraeche-ueber-moeglichen-einstieg\/","name":"Intel sucht Unterst\u00fctzung bei Apple: Gespr\u00e4che \u00fcber m\u00f6glichen Einstieg - Deskmodder.de","isPartOf":{"@id":"https:\/\/www.deskmodder.de\/blog\/#website"},"primaryImageOfPage":{"@id":"https:\/\/www.deskmodder.de\/blog\/2025\/09\/26\/intel-sucht-unterstuetzung-bei-apple-gespraeche-ueber-moeglichen-einstieg\/#primaryimage"},"image":{"@id":"https:\/\/www.deskmodder.de\/blog\/2025\/09\/26\/intel-sucht-unterstuetzung-bei-apple-gespraeche-ueber-moeglichen-einstieg\/#primaryimage"},"thumbnailUrl":"https:\/\/www.deskmodder.de\/blog\/wp-content\/uploads\/2022\/09\/intel-logo-ifa-2022-2.jpg","datePublished":"2025-09-26T09:08:31+00:00","description":"Intel verhandelt mit Apple \u00fcber ein m\u00f6gliches Investment. Ziel ist die St\u00e4rkung des Chip-Gesch\u00e4fts nach Investitionen von Nvidia und SoftBank.","breadcrumb":{"@id":"https:\/\/www.deskmodder.de\/blog\/2025\/09\/26\/intel-sucht-unterstuetzung-bei-apple-gespraeche-ueber-moeglichen-einstieg\/#breadcrumb"},"inLanguage":"de","potentialAction":[{"@type":"ReadAction","target":["https:\/\/www.deskmodder.de\/blog\/2025\/09\/26\/intel-sucht-unterstuetzung-bei-apple-gespraeche-ueber-moeglichen-einstieg\/"]}]},{"@type":"ImageObject","inLanguage":"de","@id":"https:\/\/www.deskmodder.de\/blog\/2025\/09\/26\/intel-sucht-unterstuetzung-bei-apple-gespraeche-ueber-moeglichen-einstieg\/#primaryimage","url":"https:\/\/www.deskmodder.de\/blog\/wp-content\/uploads\/2022\/09\/intel-logo-ifa-2022-2.jpg","contentUrl":"https:\/\/www.deskmodder.de\/blog\/wp-content\/uploads\/2022\/09\/intel-logo-ifa-2022-2.jpg","width":1982,"height":1426},{"@type":"BreadcrumbList","@id":"https:\/\/www.deskmodder.de\/blog\/2025\/09\/26\/intel-sucht-unterstuetzung-bei-apple-gespraeche-ueber-moeglichen-einstieg\/#breadcrumb","itemListElement":[{"@type":"ListItem","position":1,"name":"Startseite","item":"https:\/\/www.deskmodder.de\/blog\/"},{"@type":"ListItem","position":2,"name":"Intel sucht Unterst\u00fctzung bei Apple: Gespr\u00e4che \u00fcber m\u00f6glichen Einstieg"}]},{"@type":"WebSite","@id":"https:\/\/www.deskmodder.de\/blog\/#website","url":"https:\/\/www.deskmodder.de\/blog\/","name":"Deskmodder.de","description":"News zum Thema Microsoft, Windows 11 \/ 10, sowie anderen Neuigkeiten aus dem Netz, viele Tipps und individuelle Hilfe bei Problemen in unserem Forum \u25cf Deskmodder - seit 2003","publisher":{"@id":"https:\/\/www.deskmodder.de\/blog\/#organization"},"potentialAction":[{"@type":"SearchAction","target":{"@type":"EntryPoint","urlTemplate":"https:\/\/www.deskmodder.de\/blog\/?s={search_term_string}"},"query-input":{"@type":"PropertyValueSpecification","valueRequired":true,"valueName":"search_term_string"}}],"inLanguage":"de"},{"@type":"Organization","@id":"https:\/\/www.deskmodder.de\/blog\/#organization","name":"Deskmodder","url":"https:\/\/www.deskmodder.de\/blog\/","logo":{"@type":"ImageObject","inLanguage":"de","@id":"https:\/\/www.deskmodder.de\/blog\/#\/schema\/logo\/image\/","url":"https:\/\/www.deskmodder.de\/blog\/wp-content\/uploads\/2019\/01\/deskmodder-logo-app.png","contentUrl":"https:\/\/www.deskmodder.de\/blog\/wp-content\/uploads\/2019\/01\/deskmodder-logo-app.png","width":281,"height":286,"caption":"Deskmodder"},"image":{"@id":"https:\/\/www.deskmodder.de\/blog\/#\/schema\/logo\/image\/"},"sameAs":["https:\/\/www.facebook.com\/Deskmodder","https:\/\/x.com\/Deskmodder","https:\/\/mastodontech.de\/@Deskmodder","https:\/\/www.youtube.com\/user\/deskmodder","https:\/\/mewe.com\/group\/5c83b5231add826fc80cdae1"]},{"@type":"Person","@id":"https:\/\/www.deskmodder.de\/blog\/#\/schema\/person\/efd7dda2abfc34d2f026b3dd1ff08c0c","name":"Wagener_bjoern","image":{"@type":"ImageObject","inLanguage":"de","@id":"https:\/\/secure.gravatar.com\/avatar\/faab38a98808dff100d6876904ec74377b3897ebbe844221f011f24bf665bd16?s=96&d=mm&r=g","url":"https:\/\/secure.gravatar.com\/avatar\/faab38a98808dff100d6876904ec74377b3897ebbe844221f011f24bf665bd16?s=96&d=mm&r=g","contentUrl":"https:\/\/secure.gravatar.com\/avatar\/faab38a98808dff100d6876904ec74377b3897ebbe844221f011f24bf665bd16?s=96&d=mm&r=g","caption":"Wagener_bjoern"},"description":"Blaulicht- &amp; Technikjournalist \u270f\ufe0f | Fotografie, Drohnen &amp; Luftfahrt \ud83d\udcf8\u2708\ufe0f | 3D-Druck &amp; Maker \ud83d\udda8\ufe0f | Cat Dad \ud83d\udc3e","sameAs":["https:\/\/www.facebook.com\/bjoern.max.wagener","https:\/\/www.instagram.com\/wagener_bjoern\/","https:\/\/x.com\/wagener_bjoern"],"url":"https:\/\/www.deskmodder.de\/blog\/author\/wagener_bjoern\/"}]}},"jetpack_publicize_connections":[],"jetpack_featured_media_url":"https:\/\/www.deskmodder.de\/blog\/wp-content\/uploads\/2022\/09\/intel-logo-ifa-2022-2.jpg","_links":{"self":[{"href":"https:\/\/www.deskmodder.de\/blog\/wp-json\/wp\/v2\/posts\/204614","targetHints":{"allow":["GET"]}}],"collection":[{"href":"https:\/\/www.deskmodder.de\/blog\/wp-json\/wp\/v2\/posts"}],"about":[{"href":"https:\/\/www.deskmodder.de\/blog\/wp-json\/wp\/v2\/types\/post"}],"author":[{"embeddable":true,"href":"https:\/\/www.deskmodder.de\/blog\/wp-json\/wp\/v2\/users\/4894"}],"replies":[{"embeddable":true,"href":"https:\/\/www.deskmodder.de\/blog\/wp-json\/wp\/v2\/comments?post=204614"}],"version-history":[{"count":1,"href":"https:\/\/www.deskmodder.de\/blog\/wp-json\/wp\/v2\/posts\/204614\/revisions"}],"predecessor-version":[{"id":204615,"href":"https:\/\/www.deskmodder.de\/blog\/wp-json\/wp\/v2\/posts\/204614\/revisions\/204615"}],"wp:featuredmedia":[{"embeddable":true,"href":"https:\/\/www.deskmodder.de\/blog\/wp-json\/wp\/v2\/media\/169132"}],"wp:attachment":[{"href":"https:\/\/www.deskmodder.de\/blog\/wp-json\/wp\/v2\/media?parent=204614"}],"wp:term":[{"taxonomy":"category","embeddable":true,"href":"https:\/\/www.deskmodder.de\/blog\/wp-json\/wp\/v2\/categories?post=204614"},{"taxonomy":"post_tag","embeddable":true,"href":"https:\/\/www.deskmodder.de\/blog\/wp-json\/wp\/v2\/tags?post=204614"}],"curies":[{"name":"wp","href":"https:\/\/api.w.org\/{rel}","templated":true}]}}