{"id":204560,"date":"2025-09-25T11:22:09","date_gmt":"2025-09-25T09:22:09","guid":{"rendered":"https:\/\/www.deskmodder.de\/blog\/?p=204560"},"modified":"2025-09-25T01:26:50","modified_gmt":"2025-09-24T23:26:50","slug":"vodafone-kuendigt-abschaltung-von-2g-im-jahr-2028-an","status":"publish","type":"post","link":"https:\/\/www.deskmodder.de\/blog\/2025\/09\/25\/vodafone-kuendigt-abschaltung-von-2g-im-jahr-2028-an\/","title":{"rendered":"Vodafone k\u00fcndigt Abschaltung von 2G im Jahr 2028 an"},"content":{"rendered":"<p>Die Tage des 2G-Netzes sind gez\u00e4hlt. Nachdem die Deutsche Telekom bereits einen festen Termin f\u00fcr das Ende von GSM gesetzt hat, zieht nun auch Vodafone nach. Im September 2028 soll das in die Jahre gekommene Netz f\u00fcr Privat- und Gesch\u00e4ftskunden abgeschaltet werden. Damit verabschiedet sich eine Technik, die in den 1990er-Jahren Millionen Menschen den ersten mobilen Zugang verschafft hat und seitdem zuverl\u00e4ssig ihren Dienst tat.<\/p>\n<figure id=\"attachment_204561\" aria-describedby=\"caption-attachment-204561\" style=\"width: 500px\" class=\"wp-caption aligncenter\"><a href=\"https:\/\/www.deskmodder.de\/blog\/wp-content\/uploads\/2025\/09\/5g-carrier-aggregation-mobilfunk-antenne.jpg\" rel=\"lightbox[204560]\"><img loading=\"lazy\" decoding=\"async\" class=\"size-medium wp-image-204561\" src=\"https:\/\/www.deskmodder.de\/blog\/wp-content\/uploads\/2025\/09\/5g-carrier-aggregation-mobilfunk-antenne-500x281.jpg\" alt=\"\" width=\"500\" height=\"281\" srcset=\"https:\/\/www.deskmodder.de\/blog\/wp-content\/uploads\/2025\/09\/5g-carrier-aggregation-mobilfunk-antenne-500x281.jpg 500w, https:\/\/www.deskmodder.de\/blog\/wp-content\/uploads\/2025\/09\/5g-carrier-aggregation-mobilfunk-antenne-810x456.jpg 810w, https:\/\/www.deskmodder.de\/blog\/wp-content\/uploads\/2025\/09\/5g-carrier-aggregation-mobilfunk-antenne-306x172.jpg 306w, https:\/\/www.deskmodder.de\/blog\/wp-content\/uploads\/2025\/09\/5g-carrier-aggregation-mobilfunk-antenne-1536x864.jpg 1536w, https:\/\/www.deskmodder.de\/blog\/wp-content\/uploads\/2025\/09\/5g-carrier-aggregation-mobilfunk-antenne.jpg 1920w\" sizes=\"auto, (max-width: 500px) 100vw, 500px\" \/><\/a><figcaption id=\"caption-attachment-204561\" class=\"wp-caption-text\">Grafik: Vodafone<\/figcaption><\/figure>\n<h2>Ausnahme f\u00fcr vernetzte Ger\u00e4te<\/h2>\n<p>Ganz verschwinden wird 2G bei Vodafone jedoch nicht. F\u00fcr Anwendungen, die im Alltag eine kritische Rolle spielen \u2013 etwa in der Industrie, in Logistikketten oder bei Z\u00e4hlern in der Energiewirtschaft \u2013, bleibt das Netz noch bis Ende 2030 ge\u00f6ffnet. Auf diese Weise soll Unternehmen ausreichend Zeit gegeben werden, ihre Infrastruktur an neue Standards wie NB-IoT, CAT-M oder k\u00fcnftig auch 5G RedCap anzupassen.<\/p>\n<h2>Mehr Platz f\u00fcr moderne Netze<\/h2>\n<p>Mit dem Ende von 2G werden wertvolle Frequenzen frei. Vodafone will diese unmittelbar f\u00fcr LTE und 5G einsetzen. Die Technik-Chefin des Unternehmens, Tanja Richter, spricht in diesem Zusammenhang von einem \u201ewohlverdienten Ruhestand\u201c f\u00fcr GSM. Kunden sollen vom Kapazit\u00e4tsgewinn profitieren \u2013 vor allem im l\u00e4ndlichen Raum, wo bislang noch Standorte mit reiner 2G-Versorgung bestehen.<\/p>\n<h2>Ausbau auf dem Land<\/h2>\n<p>Gerade in Regionen abseits der gro\u00dfen St\u00e4dte ist der Netzausbau seit Jahren ein Thema. Vodafone k\u00fcndigt an, s\u00e4mtliche verbliebenen 2G-Standorte vor der Abschaltung umzur\u00fcsten. Dort, wo bislang nur GSM verf\u00fcgbar war, sollen k\u00fcnftig LTE oder 5G f\u00fcr bessere Sprachqualit\u00e4t und schnelle Daten sorgen. F\u00fcr viele Nutzer bedeutet das erstmals ruckelfreies mobiles Internet, wo bislang nur das Notwendigste lief.<\/p>\n<h2>\u00c4ltere Handys geraten ins Abseits<\/h2>\n<p>F\u00fcr die meisten Kunden \u00e4ndert sich wenig. Wer heute mit einem Smartphone unterwegs ist, das LTE oder gar 5G beherrscht, wird vom 2G-Aus nichts sp\u00fcren. Schwieriger wird es f\u00fcr Besitzer \u00e4lterer Handys oder spezieller Ger\u00e4te, die nur GSM kennen. Hier ist ein Umstieg erforderlich. Vodafone weist darauf hin, dass ein Blick auf das Display meist schon gen\u00fcgt: Steht dort 4G, LTE oder 5G, ist man auf der sicheren Seite.<\/p>\n<h2>Zukunft der IoT-Kommunikation<\/h2>\n<p>W\u00e4hrend klassische Telefonie l\u00e4ngst in die Netze von heute abgewandert ist, gilt 2G bei vernetzten Ger\u00e4ten noch immer als R\u00fcckgrat. Doch die Alternativen stehen bereit. Standards wie NB-IoT und CAT-M sind l\u00e4ngst eingef\u00fchrt und bieten bei geringem Energieverbrauch zuverl\u00e4ssige Verbindungen. Mit 5G RedCap kommt zudem eine neue Option hinzu, die ebenfalls auf niedrigen Stromverbrauch setzt und damit viele \u00e4ltere IoT-Anwendungen abl\u00f6sen k\u00f6nnte.<\/p>\n","protected":false},"excerpt":{"rendered":"<p>Die Tage des 2G-Netzes sind gez\u00e4hlt. Nachdem die Deutsche Telekom bereits einen festen Termin f\u00fcr das Ende von GSM gesetzt hat, zieht nun auch Vodafone nach. Im September 2028 soll das in die Jahre gekommene Netz f\u00fcr Privat- und Gesch\u00e4ftskunden&hellip; <\/p>\n","protected":false},"author":4894,"featured_media":204561,"comment_status":"open","ping_status":"open","sticky":false,"template":"","format":"standard","meta":{"jetpack_post_was_ever_published":false,"footnotes":"","jetpack_publicize_message":"","jetpack_publicize_feature_enabled":true,"jetpack_social_post_already_shared":false,"jetpack_social_options":{"image_generator_settings":{"template":"highway","default_image_id":0,"font":"","enabled":false},"version":2}},"categories":[1],"tags":[89996,15866,16451,15958,2859,5638,94003,94004,1748],"class_list":["post-204560","post","type-post","status-publish","format-standard","has-post-thumbnail","hentry","category-allgemein","tag-2g","tag-5g","tag-gsm","tag-iot","tag-lte","tag-mobilfunk","tag-netzabschaltung","tag-redcap","tag-vodafone"],"wp_featured_image":{"id":204561,"alt_text":"","description":"","media_type":"image","media_details":{"width":1920,"height":1080,"file":"2025\/09\/5g-carrier-aggregation-mobilfunk-antenne.jpg","filesize":1184694,"sizes":{"medium":{"file":"5g-carrier-aggregation-mobilfunk-antenne-500x281.jpg","width":500,"height":281,"mime-type":"image\/jpeg","filesize":34266,"source_url":"https:\/\/www.deskmodder.de\/blog\/wp-content\/uploads\/2025\/09\/5g-carrier-aggregation-mobilfunk-antenne-500x281.jpg"},"large":{"file":"5g-carrier-aggregation-mobilfunk-antenne-810x456.jpg","width":810,"height":456,"mime-type":"image\/jpeg","filesize":67540,"source_url":"https:\/\/www.deskmodder.de\/blog\/wp-content\/uploads\/2025\/09\/5g-carrier-aggregation-mobilfunk-antenne-810x456.jpg"},"thumbnail":{"file":"5g-carrier-aggregation-mobilfunk-antenne-306x172.jpg","width":306,"height":172,"mime-type":"image\/jpeg","filesize":19238,"source_url":"https:\/\/www.deskmodder.de\/blog\/wp-content\/uploads\/2025\/09\/5g-carrier-aggregation-mobilfunk-antenne-306x172.jpg"},"1536x1536":{"file":"5g-carrier-aggregation-mobilfunk-antenne-1536x864.jpg","width":1536,"height":864,"mime-type":"image\/jpeg","filesize":184399,"source_url":"https:\/\/www.deskmodder.de\/blog\/wp-content\/uploads\/2025\/09\/5g-carrier-aggregation-mobilfunk-antenne-1536x864.jpg"},"blog-large":{"file":"5g-carrier-aggregation-mobilfunk-antenne-642x300.jpg","width":642,"height":300,"mime-type":"image\/jpeg","filesize":41895,"source_url":"https:\/\/www.deskmodder.de\/blog\/wp-content\/uploads\/2025\/09\/5g-carrier-aggregation-mobilfunk-antenne-642x300.jpg"},"blog-medium":{"file":"5g-carrier-aggregation-mobilfunk-antenne-306x205.jpg","width":306,"height":205,"mime-type":"image\/jpeg","filesize":21066,"source_url":"https:\/\/www.deskmodder.de\/blog\/wp-content\/uploads\/2025\/09\/5g-carrier-aggregation-mobilfunk-antenne-306x205.jpg"},"recent-thumb":{"file":"5g-carrier-aggregation-mobilfunk-antenne-350x316.jpg","width":350,"height":316,"mime-type":"image\/jpeg","filesize":28606,"source_url":"https:\/\/www.deskmodder.de\/blog\/wp-content\/uploads\/2025\/09\/5g-carrier-aggregation-mobilfunk-antenne-350x316.jpg"},"service-featured":{"file":"5g-carrier-aggregation-mobilfunk-antenne-600x330.jpg","width":600,"height":330,"mime-type":"image\/jpeg","filesize":42877,"source_url":"https:\/\/www.deskmodder.de\/blog\/wp-content\/uploads\/2025\/09\/5g-carrier-aggregation-mobilfunk-antenne-600x330.jpg"}},"image_meta":{"aperture":"0","credit":"","camera":"","caption":"","created_timestamp":"0","copyright":"","focal_length":"0","iso":"0","shutter_speed":"0","title":"","orientation":"1","keywords":[]}},"post":204560,"source_url":"https:\/\/www.deskmodder.de\/blog\/wp-content\/uploads\/2025\/09\/5g-carrier-aggregation-mobilfunk-antenne.jpg"},"commentcount":16,"wp_comments":[{"id":313223,"parent":0,"author":0,"author_name":"m.m","author_email":"m.vegeta@gmx.net","author_url":"","author_avatar_urls":{"24":"https:\/\/secure.gravatar.com\/avatar\/174a2027aafb37368e0947c36c0107d88cab27fa5c3b92b47b21cba2be642d77?s=24&d=mm&r=g","48":"https:\/\/secure.gravatar.com\/avatar\/174a2027aafb37368e0947c36c0107d88cab27fa5c3b92b47b21cba2be642d77?s=48&d=mm&r=g","96":"https:\/\/secure.gravatar.com\/avatar\/174a2027aafb37368e0947c36c0107d88cab27fa5c3b92b47b21cba2be642d77?s=96&d=mm&r=g"},"date":"2025-09-25T11:34:59","cld_nonce":"71b284f63c","content":{"rendered":"<p>War tats\u00e4chlich auch langsam Zeit. Jetzt muss auch noch telefonica nachziehen.<\/p>\n"},"status":"1"},{"id":313225,"parent":0,"author":0,"author_name":"ChiemseeChaot","author_email":"gerusc@web.de","author_url":"","author_avatar_urls":{"24":"https:\/\/secure.gravatar.com\/avatar\/f5983440a9cc4a3967368fdc00dd99ce944d7037ba568e8a7b1117eaceee0f42?s=24&d=mm&r=g","48":"https:\/\/secure.gravatar.com\/avatar\/f5983440a9cc4a3967368fdc00dd99ce944d7037ba568e8a7b1117eaceee0f42?s=48&d=mm&r=g","96":"https:\/\/secure.gravatar.com\/avatar\/f5983440a9cc4a3967368fdc00dd99ce944d7037ba568e8a7b1117eaceee0f42?s=96&d=mm&r=g"},"date":"2025-09-25T12:03:25","cld_nonce":"71b284f63c","content":{"rendered":"<p>eCall &#8211; 2G?<br \/>\n<a href=\"https:\/\/www.chip.de\/news\/Ab-Januar-Pflicht-fuer-Neuwagen-Was-sich-beim-Notruf-im-Auto-aendert_185828994.html\" rel=\"nofollow ugc\">https:\/\/www.chip.de\/news\/Ab-Januar-Pflicht-fuer-Neuwagen-Was-sich-beim-Notruf-im-Auto-aendert_185828994.html<\/a><\/p>\n"},"status":"1"},{"id":313226,"parent":313223,"author":9003,"author_name":"chakko","author_email":"chakko071@gmail.com","author_url":"","author_avatar_urls":{"24":"https:\/\/secure.gravatar.com\/avatar\/ba463ca8c8d27462192094e65268b3d1241fa648f7398244caddec1590d68160?s=24&d=mm&r=g","48":"https:\/\/secure.gravatar.com\/avatar\/ba463ca8c8d27462192094e65268b3d1241fa648f7398244caddec1590d68160?s=48&d=mm&r=g","96":"https:\/\/secure.gravatar.com\/avatar\/ba463ca8c8d27462192094e65268b3d1241fa648f7398244caddec1590d68160?s=96&d=mm&r=g"},"date":"2025-09-25T12:13:00","cld_nonce":"71b284f63c","content":{"rendered":"<p>Naja, man hatte ja jetzt wirklich keinen Nachteil dadurch. <\/p>\n<p>Ich muss da immer an die armen alten Leute denken, die immer noch mit einem stinknormalen Handy, oder Seniorenhandy durch die Gegend gelaufen sind. Die m\u00fcssen sich jetzt alle an den komplizierten Mini-Computer in Hosentaschenformat gew\u00f6hnen. Nicht gut. <\/p>\n<p>Man sollte nicht immer nur an sich selbst, sondern auch mal an andere denken.<\/p>\n"},"status":"1"},{"id":313227,"parent":313225,"author":0,"author_name":"dell 1","author_email":"axeldessau@t-online.de","author_url":"","author_avatar_urls":{"24":"https:\/\/secure.gravatar.com\/avatar\/718c74be3d36ad6ddaab43ede88aa96fa7c20f481d87ed2c6274525847029e73?s=24&d=mm&r=g","48":"https:\/\/secure.gravatar.com\/avatar\/718c74be3d36ad6ddaab43ede88aa96fa7c20f481d87ed2c6274525847029e73?s=48&d=mm&r=g","96":"https:\/\/secure.gravatar.com\/avatar\/718c74be3d36ad6ddaab43ede88aa96fa7c20f481d87ed2c6274525847029e73?s=96&d=mm&r=g"},"date":"2025-09-25T12:25:12","cld_nonce":"71b284f63c","content":{"rendered":"<p>mit der alten funktionierenden Technik leider schade, mein Auto hatte 3G-Mobilfunk f\u00fcr alle Funktionen zum Gl\u00fcck mit R\u00fcckfall in das 2G-Netz ( alles etwas langsamer jetzt aber es geht wenigstens noch) . Vielleicht gibt es ja dann einen Markt f\u00fcr einfachste  Konverter auf 3oder 2G vom LTE oder 5G. mit reduzierter Datenrate .<\/p>\n"},"status":"1"},{"id":313231,"parent":0,"author":0,"author_name":"mw","author_email":"mark.wolf@gmx.de","author_url":"","author_avatar_urls":{"24":"https:\/\/secure.gravatar.com\/avatar\/ece4442e3b910f942308f97c2532c8a555070184cdd2b194e3f4cfa8dc6b0fc5?s=24&d=mm&r=g","48":"https:\/\/secure.gravatar.com\/avatar\/ece4442e3b910f942308f97c2532c8a555070184cdd2b194e3f4cfa8dc6b0fc5?s=48&d=mm&r=g","96":"https:\/\/secure.gravatar.com\/avatar\/ece4442e3b910f942308f97c2532c8a555070184cdd2b194e3f4cfa8dc6b0fc5?s=96&d=mm&r=g"},"date":"2025-09-25T13:02:49","cld_nonce":"71b284f63c","content":{"rendered":"<p>Die Fehler von damals fallen uns heute auf die F\u00fc\u00dfe. H\u00e4tte am die Technik kompatibel entwickelt, dann w\u00e4re die Abschaltung kein Problem. Eine mehr oder weniger geplante Obsoleszenz, die nicht h\u00e4tte sein m\u00fcssen. Jetzt werden die Nerds wider aufbrausen und sagen, es gibt sowieso keine alte Hardware mehr, die noch im Dienst ist. Aber leider haben diese Greenhorns keine Ahnung. Und &#8222;nur telefonieren&#8220; ist eine veritable Anwendung, die keine online Wanze mit Schicki-Micki Schnick-Schnack in der Hosentasche braucht. Die cellular networks haben sich in die Wegwerfmentalit\u00e4t perfekt eingereiht, wie Windows und andere Gadgets. Dabei geht es auch anders.<\/p>\n"},"status":"1"},{"id":313232,"parent":313226,"author":0,"author_name":"m.m","author_email":"m.vegeta@gmx.net","author_url":"","author_avatar_urls":{"24":"https:\/\/secure.gravatar.com\/avatar\/174a2027aafb37368e0947c36c0107d88cab27fa5c3b92b47b21cba2be642d77?s=24&d=mm&r=g","48":"https:\/\/secure.gravatar.com\/avatar\/174a2027aafb37368e0947c36c0107d88cab27fa5c3b92b47b21cba2be642d77?s=48&d=mm&r=g","96":"https:\/\/secure.gravatar.com\/avatar\/174a2027aafb37368e0947c36c0107d88cab27fa5c3b92b47b21cba2be642d77?s=96&d=mm&r=g"},"date":"2025-09-25T13:15:34","cld_nonce":"71b284f63c","content":{"rendered":"<p>Es gibt aber auch Seniorenhandy mit 5G ohne schnick schnack und mit Eingabetastatur f\u00fcr lau. Man braucht sich dabei auch nicht viel anzustrengen. Ein Handy mit 5G, hei\u00dft unbedingt nicht dass es gleichzeitig Ultra schick schnack Funktionen hat.<br \/>\nStellt dir mal vor wenn wir die Technikentwicklung wegen fehlenden Anpassungsf\u00e4higkeit der User ins stocken geraten w\u00e4re, dann st\u00fcnden wir noch heute mit alten Handys. Ca. 90% der Mensch hat schlie\u00dflich mitgezogen.<br \/>\nFr\u00fcher oder sp\u00e4ter h\u00e4tte der Akku auch Probleme gemacht und im Markt h\u00e4tte man kein Ersatz finden k\u00f6nnen.<\/p>\n"},"status":"1"},{"id":313250,"parent":0,"author":0,"author_name":"Androidler","author_email":"androidler@t-online.de","author_url":"","author_avatar_urls":{"24":"https:\/\/secure.gravatar.com\/avatar\/589a001dfa5b7b5955a84b1d3615da5600dfbb025f5b9110fa95125ae9f66de6?s=24&d=mm&r=g","48":"https:\/\/secure.gravatar.com\/avatar\/589a001dfa5b7b5955a84b1d3615da5600dfbb025f5b9110fa95125ae9f66de6?s=48&d=mm&r=g","96":"https:\/\/secure.gravatar.com\/avatar\/589a001dfa5b7b5955a84b1d3615da5600dfbb025f5b9110fa95125ae9f66de6?s=96&d=mm&r=g"},"date":"2025-09-25T16:20:50","cld_nonce":"71b284f63c","content":{"rendered":"<p>Sportlich, ich wurde als Drillisch Kunde vom O2 ins D2 Netz zwangsgeschoben.<br \/>\nVorher 4G jetzt 2G im ganzen Dorf, geht man in den Keller hat man garkeinen Empfang. im Waldgebiet im Umkreis von 30km oft \u00fcberhaupt keine Empfang. Bevor man irgendwas von Abschaltung faselt sollte man vorher mal verbindlich Termine f\u00fcr einen Ersatz nennen. Fr\u00fcher gabs hier mal im D2 Netz zumindest 3G, jetzt eben nur noch 2G. Vom ach so tollen 5G habe ich im Leben noch nicht gehabt und ich bin per PKW und Rad absolut jeden Weg hier abgefahren um die Datenbank bei der Bundesnetzagentur zu f\u00fcllen.<br \/>\nIrgendwo schwirrt ein Karte herum wo man zuk\u00fcnftige Sendeanlagen sieht. Im Jahre 2030 will man hier ein St\u00fcck Autobahn ausleuchten, sch\u00f6n per Richtfunk geb\u00fcndelt in eine einzige Richtung damit ja kein Strahl in die benachbarten Ortschaften kommt.<\/p>\n"},"status":"1"},{"id":313268,"parent":0,"author":0,"author_name":"Meisterlein","author_email":"meisterlein.994@gmx.de","author_url":"","author_avatar_urls":{"24":"https:\/\/secure.gravatar.com\/avatar\/dff6594f7ba32b6e46441a186aa3dc550e26f86d5f986cd2abe3b5af74b4341f?s=24&d=mm&r=g","48":"https:\/\/secure.gravatar.com\/avatar\/dff6594f7ba32b6e46441a186aa3dc550e26f86d5f986cd2abe3b5af74b4341f?s=48&d=mm&r=g","96":"https:\/\/secure.gravatar.com\/avatar\/dff6594f7ba32b6e46441a186aa3dc550e26f86d5f986cd2abe3b5af74b4341f?s=96&d=mm&r=g"},"date":"2025-09-25T17:44:47","cld_nonce":"71b284f63c","content":{"rendered":"<p>Irgendwie verstehe ich das nicht ganz: &#8222;F\u00fcr Anwendungen, die im Alltag eine kritische Rolle spielen \u2013 etwa in der Industrie, in Logistikketten oder bei Z\u00e4hlern in der Energiewirtschaft \u2013, bleibt das Netz noch bis Ende 2030 ge\u00f6ffnet.&#8220; Dann muss das 2G-Netz doch bis dahin weiter aktiv bleiben. Wie passt das damit zusammen, dass Frequenzen f\u00fcr 4G und 5G frei werden sollen?<\/p>\n"},"status":"1"},{"id":313273,"parent":0,"author":0,"author_name":"Chris","author_email":"Ch-h@partyheld.de","author_url":"","author_avatar_urls":{"24":"https:\/\/secure.gravatar.com\/avatar\/98accb28f3f2f90f42ed98e47bb115b84c665393206ffee9c9fd567b819b05e4?s=24&d=mm&r=g","48":"https:\/\/secure.gravatar.com\/avatar\/98accb28f3f2f90f42ed98e47bb115b84c665393206ffee9c9fd567b819b05e4?s=48&d=mm&r=g","96":"https:\/\/secure.gravatar.com\/avatar\/98accb28f3f2f90f42ed98e47bb115b84c665393206ffee9c9fd567b819b05e4?s=96&d=mm&r=g"},"date":"2025-09-25T17:59:04","cld_nonce":"71b284f63c","content":{"rendered":"<p>Nur was tun wenn sich am Smartphone VoLTE nicht aktivieren l\u00e4sst und 2G dann nicht mehr verf\u00fcgbar ist?<\/p>\n<p>Genau so einen Fall erlebe ich aktuell im 1&amp;1 5G Netz mit Vodafone Roaming.<br \/>\nVoLTE (und auch WLAN Call sowie RCS) l\u00e4sst sich nicht aktivieren, weil die entsprechende Carrier Konfiguration (IMS Registration: Not Registered, VoLTE: Unavailable, WLAN Calling: Unavailable) auf dem Ger\u00e4t fehlt.<br \/>\nDadurch wechselt das Handy immer ins 2G Netz bzw. wird die mobile Datenverbindung komplett gekappt, sobald ich einen Anruf starte.<\/p>\n<p>Mein \u00e4lteres Handy (Samsung Galaxy S10) bekommt leider keine Updates mehr (sodass auch die Carrier Konfiguration nicht aktualisiert werden kann).<\/p>\n<p>Hei\u00dft also, wenn das 2G Netz abgeschaltet ist und VoLTE nicht aktiviert werden kann, dass ich mit dem Handy dann im 1&amp;1 5G Netz nicht mehr telefonieren kann. Schade.<br \/>\n(Randinfo: Mit Telekom SIM funktioniert VoLTE problemlos)<\/p>\n"},"status":"1"},{"id":313276,"parent":313268,"author":0,"author_name":"Hodor","author_email":"Hodor@Hodor.Hodor","author_url":"","author_avatar_urls":{"24":"https:\/\/secure.gravatar.com\/avatar\/e6cc25334dcc380e112b62e9e3d32ad45125e43a12aaf9324ba53732192215d3?s=24&d=mm&r=g","48":"https:\/\/secure.gravatar.com\/avatar\/e6cc25334dcc380e112b62e9e3d32ad45125e43a12aaf9324ba53732192215d3?s=48&d=mm&r=g","96":"https:\/\/secure.gravatar.com\/avatar\/e6cc25334dcc380e112b62e9e3d32ad45125e43a12aaf9324ba53732192215d3?s=96&d=mm&r=g"},"date":"2025-09-25T18:02:51","cld_nonce":"71b284f63c","content":{"rendered":"<p>Weil 2G f\u00fcr IoT vermutlich ohne Voice ist und ggf auch langsamer. Und dadurch das genutzte Frequenzband kleiner.<\/p>\n"},"status":"1"},{"id":313305,"parent":313250,"author":0,"author_name":"Marko","author_email":"marko.polo@web.de","author_url":"","author_avatar_urls":{"24":"https:\/\/secure.gravatar.com\/avatar\/aa7fe905959e9a7a07c6f2c4743c23203a6ef3fc36deb738a8f143c22b16de41?s=24&d=mm&r=g","48":"https:\/\/secure.gravatar.com\/avatar\/aa7fe905959e9a7a07c6f2c4743c23203a6ef3fc36deb738a8f143c22b16de41?s=48&d=mm&r=g","96":"https:\/\/secure.gravatar.com\/avatar\/aa7fe905959e9a7a07c6f2c4743c23203a6ef3fc36deb738a8f143c22b16de41?s=96&d=mm&r=g"},"date":"2025-09-25T22:12:18","cld_nonce":"71b284f63c","content":{"rendered":"<p>Falsch. Du wurdest ins Drillisch 5G Netz verschoben und hast nun Roaming bei Vodafone und dort schlechten Empfang. Steht alles so in Deinen Vertragsunterlagen.<\/p>\n"},"status":"1"},{"id":313306,"parent":313273,"author":0,"author_name":"Winkel","author_email":"bernd.winkel@web.de","author_url":"","author_avatar_urls":{"24":"https:\/\/secure.gravatar.com\/avatar\/4a88cbf291b65b6295c74c01864ac15d94fa6c0f34ad86cb81b0a952ab0c62a6?s=24&d=mm&r=g","48":"https:\/\/secure.gravatar.com\/avatar\/4a88cbf291b65b6295c74c01864ac15d94fa6c0f34ad86cb81b0a952ab0c62a6?s=48&d=mm&r=g","96":"https:\/\/secure.gravatar.com\/avatar\/4a88cbf291b65b6295c74c01864ac15d94fa6c0f34ad86cb81b0a952ab0c62a6?s=96&d=mm&r=g"},"date":"2025-09-25T22:14:07","cld_nonce":"71b284f63c","content":{"rendered":"<p>Dann mal 50 Euro in ein neueres Ger\u00e4t investieren\u2026<\/p>\n"},"status":"1"},{"id":313351,"parent":0,"author":0,"author_name":"Maik","author_email":"maik232@aol.com","author_url":"","author_avatar_urls":{"24":"https:\/\/secure.gravatar.com\/avatar\/18ccae8807a67ec462d82ead6694b11ef903f0656df90bdd61c84b2cab6fba2b?s=24&d=mm&r=g","48":"https:\/\/secure.gravatar.com\/avatar\/18ccae8807a67ec462d82ead6694b11ef903f0656df90bdd61c84b2cab6fba2b?s=48&d=mm&r=g","96":"https:\/\/secure.gravatar.com\/avatar\/18ccae8807a67ec462d82ead6694b11ef903f0656df90bdd61c84b2cab6fba2b?s=96&d=mm&r=g"},"date":"2025-09-26T14:21:06","cld_nonce":"71b284f63c","content":{"rendered":"<p>Tja alles nicht nachhaltig, da gibts wieder massiven Elektroschrott! Mein gutes und stabiles Panasonic GSM Handy geht dann nat\u00fcrlich auch nicht mehr, da ist noch eine D2 Mannesman Karte drin! <img src=\"https:\/\/www.deskmodder.de\/blog\/wp-content\/plugins\/classic-smilies\/img\/icon_biggrin.gif\" alt=\":D\" class=\"wp-smiley\" \/><\/p>\n"},"status":"1"},{"id":313377,"parent":313273,"author":0,"author_name":"Marc","author_email":"marcsenntangermunde@gmail.com","author_url":"","author_avatar_urls":{"24":"https:\/\/secure.gravatar.com\/avatar\/be3ca7f71460bf8a920be69f12507e7cc9d7a90522cc70f68ce434f6a87673fa?s=24&d=mm&r=g","48":"https:\/\/secure.gravatar.com\/avatar\/be3ca7f71460bf8a920be69f12507e7cc9d7a90522cc70f68ce434f6a87673fa?s=48&d=mm&r=g","96":"https:\/\/secure.gravatar.com\/avatar\/be3ca7f71460bf8a920be69f12507e7cc9d7a90522cc70f68ce434f6a87673fa?s=96&d=mm&r=g"},"date":"2025-09-27T00:02:32","cld_nonce":"71b284f63c","content":{"rendered":"<p>Das w\u00e4hre ja sooo schlimm mal kein Handy Empfang da, k\u00f6nnte ja was verpassen in den 5-6 Minuten auf insta und co wenn man durch ein Wald f\u00e4hrt oder mal nicht telefonieren k\u00f6nnen das muss ja sooooooo schlimm sein. \ud83d\ude02\ud83e\udd23 \ud83d\ude02<\/p>\n<p>Das schlimme ist ja wir habe kein emfang Im Dorf  meckermecker, und wenn sie den mehr antennen bauen wollen wer steht in der ersten Reihe der Gegner die wo meckern \u00fcber schlechten Empfang \ud83e\udd23\ud83d\ude02<\/p>\n"},"status":"1"},{"id":313378,"parent":313351,"author":0,"author_name":"Marc","author_email":"marcsenntangermunde@gmail.com","author_url":"","author_avatar_urls":{"24":"https:\/\/secure.gravatar.com\/avatar\/be3ca7f71460bf8a920be69f12507e7cc9d7a90522cc70f68ce434f6a87673fa?s=24&d=mm&r=g","48":"https:\/\/secure.gravatar.com\/avatar\/be3ca7f71460bf8a920be69f12507e7cc9d7a90522cc70f68ce434f6a87673fa?s=48&d=mm&r=g","96":"https:\/\/secure.gravatar.com\/avatar\/be3ca7f71460bf8a920be69f12507e7cc9d7a90522cc70f68ce434f6a87673fa?s=96&d=mm&r=g"},"date":"2025-09-27T00:11:53","cld_nonce":"71b284f63c","content":{"rendered":"<p>Nein das kein elektro Schrott das wird auseinander genomen und die Teile wider verwendet.<br \/>\nAnderst rum wenn alle deutschen ihr 20 alten Handys  zum recycling bringen w\u00fcrden k\u00f6nnten wir tonnenweise neue Teile verhindern.<\/p>\n"},"status":"1"},{"id":313993,"parent":0,"author":0,"author_name":"Batlh","author_email":"saufbiene54@gmail.com","author_url":"","author_avatar_urls":{"24":"https:\/\/secure.gravatar.com\/avatar\/95ec0cf16aaf37b3f9b845ff3e159b5ca54177742f56cf2e9b280ba5fa1e7325?s=24&d=mm&r=g","48":"https:\/\/secure.gravatar.com\/avatar\/95ec0cf16aaf37b3f9b845ff3e159b5ca54177742f56cf2e9b280ba5fa1e7325?s=48&d=mm&r=g","96":"https:\/\/secure.gravatar.com\/avatar\/95ec0cf16aaf37b3f9b845ff3e159b5ca54177742f56cf2e9b280ba5fa1e7325?s=96&d=mm&r=g"},"date":"2025-10-06T12:15:36","cld_nonce":"71b284f63c","content":{"rendered":"<p>uff und wieder mal wurde nicht dr\u00fcber nachgedacht -.-*<br \/>\n2G oder auch GSM genannt ist ein Frequenzband das als absoluter Fallback benutzt wird wen gar keine 4G, 5G usw. empfangen wird. Dar\u00fcber laufen unter anderem auch das gesamte SMS Netzwerk. Notrufe gehen auch im Fallback auf das 2G Netzwerk da es energiesparender ist als eine 5G Verbindung vor allem wen man in einem Bereich ist wo kein Empfang vorhanden ist selbst von anderen Anbietern. Vor allem sollte man vlt mal darauf hinweisen das wir hier in Deutschland was Netzabdeckung angeht eine absolute voll Katastrophe sind. In einigen Gebieten wegen topographischer Lage und in l\u00e4ndlichen Raum es einfach keine 4G oder 5G Sendem\u00e4ste gibt oder kein Signal dort reingestrahlt wird und deshalb nur 2G zur Verf\u00fcgung steht.<br \/>\nIm Klartext hat man einen Notfall w\u00fcrde dann auch kein Notruf mehr gehen.<br \/>\nHat man aus der 3G Abschaltung und den Problem die dadurch entstanden sind nicht schon gelernt?<br \/>\nAnscheinend nicht wie immer&#8230;.<br \/>\n\u00dcbrigens noch so nebenbei gesetzlich auch fraglich mit der Abschaltung den die Abschaltung einer Frequenz darf nur erfolgen solange in dem Gebiet eine Alternative existiert (4G, 5G) vor allem wen es um den Notruf geht. Solange dort keine alternativen existieren (Festnetz z\u00e4hlt nicht) f\u00fcr den Notruf abzusetzen kann das 2G auch nicht abgeschaltet werden.<br \/>\nNoch ein kleiner fun fakt in Asien wird mittlerweile mit Smarten Handy Netzen gearbeitet die automatisch selbstst\u00e4ndig Entscheiden wann und was aktiv ist. Hei\u00dft kein 2G Ger\u00e4t in der Zelle Frequenzen werden f\u00fcr 4G oder 5G oder sogar 6G genutzt. Kommt ein altes 2G Ger\u00e4t dazu in die Zelle werden ein kleiner Teil daf\u00fcr genutzt in dem eine 2G Frequenz aktiviert wird. Geht das Ger\u00e4t wieder aus der Zelle wird wieder alles f\u00fcr 4G, 5G oder sogar 6G genutzt.<br \/>\nSpart 40% Energie ein pro Mast in Asien und funktioniert ohne Problem.<br \/>\nAch Moment in der EU und Deutschland geht das alles ja nicht, weil hier Firmen Konkurrieren und die Frequenzen versteigert werden&#8230;<br \/>\nW\u00fcrde so manche zwangs Obsolenz und Elektroschrott verhindern aber hey das ist ja so gewollt.<br \/>\nWie gesagt die Technik kann es mittlerweile aber B\u00fcrokratie und die Mentalit\u00e4t lohnt sich das in 2 Jahren als Investment in Vorst\u00e4nden verhindert sowas stark.<br \/>\nEinfach mal wo anders Schauen wie es da abl\u00e4uft Skandinavien als Beispiel die testen diese Technik aktuell auch schon.<\/p>\n"},"status":"1"}],"wp_author":{"id":4894,"name":"Wagener_bjoern","description":"Blaulicht- &amp; Technikjournalist \u270f\ufe0f | Fotografie, Drohnen &amp; Luftfahrt \ud83d\udcf8\u2708\ufe0f | 3D-Druck &amp; Maker \ud83d\udda8\ufe0f | Cat Dad \ud83d\udc3e","author_avatar_urls":{"24":"https:\/\/secure.gravatar.com\/avatar\/faab38a98808dff100d6876904ec74377b3897ebbe844221f011f24bf665bd16?s=24&d=mm&r=g","48":"https:\/\/secure.gravatar.com\/avatar\/faab38a98808dff100d6876904ec74377b3897ebbe844221f011f24bf665bd16?s=48&d=mm&r=g","96":"https:\/\/secure.gravatar.com\/avatar\/faab38a98808dff100d6876904ec74377b3897ebbe844221f011f24bf665bd16?s=96&d=mm&r=g"}},"cld_nonce":"71b284f63c","yoast_head":"<!-- This site is optimized with the Yoast SEO Premium plugin v27.4 (Yoast SEO v27.4) - https:\/\/yoast.com\/product\/yoast-seo-premium-wordpress\/ -->\n<title>Vodafone k\u00fcndigt Abschaltung von 2G im Jahr 2028 an - Deskmodder.de<\/title>\n<meta name=\"description\" content=\"Vodafone schaltet 2G im September 2028 ab. IoT-Anwendungen bleiben bis Ende 2030 versorgt. LTE und 5G erhalten zus\u00e4tzliche Kapazit\u00e4ten.\" \/>\n<meta name=\"robots\" content=\"index, follow, max-snippet:-1, max-image-preview:large, max-video-preview:-1\" \/>\n<link rel=\"canonical\" href=\"https:\/\/www.deskmodder.de\/blog\/2025\/09\/25\/vodafone-kuendigt-abschaltung-von-2g-im-jahr-2028-an\/\" \/>\n<meta property=\"og:locale\" content=\"de_DE\" \/>\n<meta property=\"og:type\" content=\"article\" \/>\n<meta property=\"og:title\" content=\"Vodafone k\u00fcndigt Abschaltung von 2G im Jahr 2028 an\" \/>\n<meta property=\"og:description\" content=\"Vodafone schaltet 2G im September 2028 ab. IoT-Anwendungen bleiben bis Ende 2030 versorgt. LTE und 5G erhalten zus\u00e4tzliche Kapazit\u00e4ten.\" \/>\n<meta property=\"og:url\" content=\"https:\/\/www.deskmodder.de\/blog\/2025\/09\/25\/vodafone-kuendigt-abschaltung-von-2g-im-jahr-2028-an\/\" \/>\n<meta property=\"og:site_name\" content=\"Deskmodder.de\" \/>\n<meta property=\"article:publisher\" content=\"https:\/\/www.facebook.com\/Deskmodder\" \/>\n<meta property=\"article:author\" content=\"https:\/\/www.facebook.com\/bjoern.max.wagener\" \/>\n<meta property=\"article:published_time\" content=\"2025-09-25T09:22:09+00:00\" \/>\n<meta property=\"og:image\" content=\"https:\/\/www.deskmodder.de\/blog\/wp-content\/uploads\/2025\/09\/5g-carrier-aggregation-mobilfunk-antenne.jpg\" \/>\n\t<meta property=\"og:image:width\" content=\"1920\" \/>\n\t<meta property=\"og:image:height\" content=\"1080\" \/>\n\t<meta property=\"og:image:type\" content=\"image\/jpeg\" \/>\n<meta name=\"author\" content=\"Wagener_bjoern\" \/>\n<meta name=\"twitter:card\" content=\"summary_large_image\" \/>\n<meta name=\"twitter:creator\" content=\"@wagener_bjoern\" \/>\n<meta name=\"twitter:site\" content=\"@Deskmodder\" \/>\n<script type=\"application\/ld+json\" class=\"yoast-schema-graph\">{\"@context\":\"https:\\\/\\\/schema.org\",\"@graph\":[{\"@type\":\"Article\",\"@id\":\"https:\\\/\\\/www.deskmodder.de\\\/blog\\\/2025\\\/09\\\/25\\\/vodafone-kuendigt-abschaltung-von-2g-im-jahr-2028-an\\\/#article\",\"isPartOf\":{\"@id\":\"https:\\\/\\\/www.deskmodder.de\\\/blog\\\/2025\\\/09\\\/25\\\/vodafone-kuendigt-abschaltung-von-2g-im-jahr-2028-an\\\/\"},\"author\":{\"name\":\"Wagener_bjoern\",\"@id\":\"https:\\\/\\\/www.deskmodder.de\\\/blog\\\/#\\\/schema\\\/person\\\/efd7dda2abfc34d2f026b3dd1ff08c0c\"},\"headline\":\"Vodafone k\u00fcndigt Abschaltung von 2G im Jahr 2028 an\",\"datePublished\":\"2025-09-25T09:22:09+00:00\",\"mainEntityOfPage\":{\"@id\":\"https:\\\/\\\/www.deskmodder.de\\\/blog\\\/2025\\\/09\\\/25\\\/vodafone-kuendigt-abschaltung-von-2g-im-jahr-2028-an\\\/\"},\"wordCount\":443,\"commentCount\":16,\"publisher\":{\"@id\":\"https:\\\/\\\/www.deskmodder.de\\\/blog\\\/#organization\"},\"image\":{\"@id\":\"https:\\\/\\\/www.deskmodder.de\\\/blog\\\/2025\\\/09\\\/25\\\/vodafone-kuendigt-abschaltung-von-2g-im-jahr-2028-an\\\/#primaryimage\"},\"thumbnailUrl\":\"https:\\\/\\\/www.deskmodder.de\\\/blog\\\/wp-content\\\/uploads\\\/2025\\\/09\\\/5g-carrier-aggregation-mobilfunk-antenne.jpg\",\"keywords\":[\"2G\",\"5G\",\"GSM\",\"IoT\",\"LTE+\",\"Mobilfunk\",\"Netzabschaltung\",\"RedCap\",\"Vodafone\"],\"inLanguage\":\"de\",\"potentialAction\":[{\"@type\":\"CommentAction\",\"name\":\"Comment\",\"target\":[\"https:\\\/\\\/www.deskmodder.de\\\/blog\\\/2025\\\/09\\\/25\\\/vodafone-kuendigt-abschaltung-von-2g-im-jahr-2028-an\\\/#respond\"]}],\"copyrightYear\":\"2025\",\"copyrightHolder\":{\"@id\":\"https:\\\/\\\/www.deskmodder.de\\\/blog\\\/#organization\"}},{\"@type\":\"WebPage\",\"@id\":\"https:\\\/\\\/www.deskmodder.de\\\/blog\\\/2025\\\/09\\\/25\\\/vodafone-kuendigt-abschaltung-von-2g-im-jahr-2028-an\\\/\",\"url\":\"https:\\\/\\\/www.deskmodder.de\\\/blog\\\/2025\\\/09\\\/25\\\/vodafone-kuendigt-abschaltung-von-2g-im-jahr-2028-an\\\/\",\"name\":\"Vodafone k\u00fcndigt Abschaltung von 2G im Jahr 2028 an - Deskmodder.de\",\"isPartOf\":{\"@id\":\"https:\\\/\\\/www.deskmodder.de\\\/blog\\\/#website\"},\"primaryImageOfPage\":{\"@id\":\"https:\\\/\\\/www.deskmodder.de\\\/blog\\\/2025\\\/09\\\/25\\\/vodafone-kuendigt-abschaltung-von-2g-im-jahr-2028-an\\\/#primaryimage\"},\"image\":{\"@id\":\"https:\\\/\\\/www.deskmodder.de\\\/blog\\\/2025\\\/09\\\/25\\\/vodafone-kuendigt-abschaltung-von-2g-im-jahr-2028-an\\\/#primaryimage\"},\"thumbnailUrl\":\"https:\\\/\\\/www.deskmodder.de\\\/blog\\\/wp-content\\\/uploads\\\/2025\\\/09\\\/5g-carrier-aggregation-mobilfunk-antenne.jpg\",\"datePublished\":\"2025-09-25T09:22:09+00:00\",\"description\":\"Vodafone schaltet 2G im September 2028 ab. IoT-Anwendungen bleiben bis Ende 2030 versorgt. LTE und 5G erhalten zus\u00e4tzliche Kapazit\u00e4ten.\",\"breadcrumb\":{\"@id\":\"https:\\\/\\\/www.deskmodder.de\\\/blog\\\/2025\\\/09\\\/25\\\/vodafone-kuendigt-abschaltung-von-2g-im-jahr-2028-an\\\/#breadcrumb\"},\"inLanguage\":\"de\",\"potentialAction\":[{\"@type\":\"ReadAction\",\"target\":[\"https:\\\/\\\/www.deskmodder.de\\\/blog\\\/2025\\\/09\\\/25\\\/vodafone-kuendigt-abschaltung-von-2g-im-jahr-2028-an\\\/\"]}]},{\"@type\":\"ImageObject\",\"inLanguage\":\"de\",\"@id\":\"https:\\\/\\\/www.deskmodder.de\\\/blog\\\/2025\\\/09\\\/25\\\/vodafone-kuendigt-abschaltung-von-2g-im-jahr-2028-an\\\/#primaryimage\",\"url\":\"https:\\\/\\\/www.deskmodder.de\\\/blog\\\/wp-content\\\/uploads\\\/2025\\\/09\\\/5g-carrier-aggregation-mobilfunk-antenne.jpg\",\"contentUrl\":\"https:\\\/\\\/www.deskmodder.de\\\/blog\\\/wp-content\\\/uploads\\\/2025\\\/09\\\/5g-carrier-aggregation-mobilfunk-antenne.jpg\",\"width\":1920,\"height\":1080,\"caption\":\"Grafik: Vodafone\"},{\"@type\":\"BreadcrumbList\",\"@id\":\"https:\\\/\\\/www.deskmodder.de\\\/blog\\\/2025\\\/09\\\/25\\\/vodafone-kuendigt-abschaltung-von-2g-im-jahr-2028-an\\\/#breadcrumb\",\"itemListElement\":[{\"@type\":\"ListItem\",\"position\":1,\"name\":\"Startseite\",\"item\":\"https:\\\/\\\/www.deskmodder.de\\\/blog\\\/\"},{\"@type\":\"ListItem\",\"position\":2,\"name\":\"Vodafone k\u00fcndigt Abschaltung von 2G im Jahr 2028 an\"}]},{\"@type\":\"WebSite\",\"@id\":\"https:\\\/\\\/www.deskmodder.de\\\/blog\\\/#website\",\"url\":\"https:\\\/\\\/www.deskmodder.de\\\/blog\\\/\",\"name\":\"Deskmodder.de\",\"description\":\"News zum Thema Microsoft, Windows 11 \\\/ 10, sowie anderen Neuigkeiten aus dem Netz, viele Tipps und individuelle Hilfe bei Problemen in unserem Forum \u25cf Deskmodder - seit 2003\",\"publisher\":{\"@id\":\"https:\\\/\\\/www.deskmodder.de\\\/blog\\\/#organization\"},\"potentialAction\":[{\"@type\":\"SearchAction\",\"target\":{\"@type\":\"EntryPoint\",\"urlTemplate\":\"https:\\\/\\\/www.deskmodder.de\\\/blog\\\/?s={search_term_string}\"},\"query-input\":{\"@type\":\"PropertyValueSpecification\",\"valueRequired\":true,\"valueName\":\"search_term_string\"}}],\"inLanguage\":\"de\"},{\"@type\":\"Organization\",\"@id\":\"https:\\\/\\\/www.deskmodder.de\\\/blog\\\/#organization\",\"name\":\"Deskmodder\",\"url\":\"https:\\\/\\\/www.deskmodder.de\\\/blog\\\/\",\"logo\":{\"@type\":\"ImageObject\",\"inLanguage\":\"de\",\"@id\":\"https:\\\/\\\/www.deskmodder.de\\\/blog\\\/#\\\/schema\\\/logo\\\/image\\\/\",\"url\":\"https:\\\/\\\/www.deskmodder.de\\\/blog\\\/wp-content\\\/uploads\\\/2019\\\/01\\\/deskmodder-logo-app.png\",\"contentUrl\":\"https:\\\/\\\/www.deskmodder.de\\\/blog\\\/wp-content\\\/uploads\\\/2019\\\/01\\\/deskmodder-logo-app.png\",\"width\":281,\"height\":286,\"caption\":\"Deskmodder\"},\"image\":{\"@id\":\"https:\\\/\\\/www.deskmodder.de\\\/blog\\\/#\\\/schema\\\/logo\\\/image\\\/\"},\"sameAs\":[\"https:\\\/\\\/www.facebook.com\\\/Deskmodder\",\"https:\\\/\\\/x.com\\\/Deskmodder\",\"https:\\\/\\\/mastodontech.de\\\/@Deskmodder\",\"https:\\\/\\\/www.youtube.com\\\/user\\\/deskmodder\",\"https:\\\/\\\/mewe.com\\\/group\\\/5c83b5231add826fc80cdae1\"]},{\"@type\":\"Person\",\"@id\":\"https:\\\/\\\/www.deskmodder.de\\\/blog\\\/#\\\/schema\\\/person\\\/efd7dda2abfc34d2f026b3dd1ff08c0c\",\"name\":\"Wagener_bjoern\",\"image\":{\"@type\":\"ImageObject\",\"inLanguage\":\"de\",\"@id\":\"https:\\\/\\\/secure.gravatar.com\\\/avatar\\\/faab38a98808dff100d6876904ec74377b3897ebbe844221f011f24bf665bd16?s=96&d=mm&r=g\",\"url\":\"https:\\\/\\\/secure.gravatar.com\\\/avatar\\\/faab38a98808dff100d6876904ec74377b3897ebbe844221f011f24bf665bd16?s=96&d=mm&r=g\",\"contentUrl\":\"https:\\\/\\\/secure.gravatar.com\\\/avatar\\\/faab38a98808dff100d6876904ec74377b3897ebbe844221f011f24bf665bd16?s=96&d=mm&r=g\",\"caption\":\"Wagener_bjoern\"},\"description\":\"Blaulicht- &amp; Technikjournalist \u270f\ufe0f | Fotografie, Drohnen &amp; Luftfahrt \ud83d\udcf8\u2708\ufe0f | 3D-Druck &amp; Maker \ud83d\udda8\ufe0f | Cat Dad \ud83d\udc3e\",\"sameAs\":[\"https:\\\/\\\/www.facebook.com\\\/bjoern.max.wagener\",\"https:\\\/\\\/www.instagram.com\\\/wagener_bjoern\\\/\",\"https:\\\/\\\/x.com\\\/wagener_bjoern\"],\"url\":\"https:\\\/\\\/www.deskmodder.de\\\/blog\\\/author\\\/wagener_bjoern\\\/\"}]}<\/script>\n<!-- \/ Yoast SEO Premium plugin. -->","yoast_head_json":{"title":"Vodafone k\u00fcndigt Abschaltung von 2G im Jahr 2028 an - Deskmodder.de","description":"Vodafone schaltet 2G im September 2028 ab. IoT-Anwendungen bleiben bis Ende 2030 versorgt. LTE und 5G erhalten zus\u00e4tzliche Kapazit\u00e4ten.","robots":{"index":"index","follow":"follow","max-snippet":"max-snippet:-1","max-image-preview":"max-image-preview:large","max-video-preview":"max-video-preview:-1"},"canonical":"https:\/\/www.deskmodder.de\/blog\/2025\/09\/25\/vodafone-kuendigt-abschaltung-von-2g-im-jahr-2028-an\/","og_locale":"de_DE","og_type":"article","og_title":"Vodafone k\u00fcndigt Abschaltung von 2G im Jahr 2028 an","og_description":"Vodafone schaltet 2G im September 2028 ab. IoT-Anwendungen bleiben bis Ende 2030 versorgt. LTE und 5G erhalten zus\u00e4tzliche Kapazit\u00e4ten.","og_url":"https:\/\/www.deskmodder.de\/blog\/2025\/09\/25\/vodafone-kuendigt-abschaltung-von-2g-im-jahr-2028-an\/","og_site_name":"Deskmodder.de","article_publisher":"https:\/\/www.facebook.com\/Deskmodder","article_author":"https:\/\/www.facebook.com\/bjoern.max.wagener","article_published_time":"2025-09-25T09:22:09+00:00","og_image":[{"width":1920,"height":1080,"url":"https:\/\/www.deskmodder.de\/blog\/wp-content\/uploads\/2025\/09\/5g-carrier-aggregation-mobilfunk-antenne.jpg","type":"image\/jpeg"}],"author":"Wagener_bjoern","twitter_card":"summary_large_image","twitter_creator":"@wagener_bjoern","twitter_site":"@Deskmodder","schema":{"@context":"https:\/\/schema.org","@graph":[{"@type":"Article","@id":"https:\/\/www.deskmodder.de\/blog\/2025\/09\/25\/vodafone-kuendigt-abschaltung-von-2g-im-jahr-2028-an\/#article","isPartOf":{"@id":"https:\/\/www.deskmodder.de\/blog\/2025\/09\/25\/vodafone-kuendigt-abschaltung-von-2g-im-jahr-2028-an\/"},"author":{"name":"Wagener_bjoern","@id":"https:\/\/www.deskmodder.de\/blog\/#\/schema\/person\/efd7dda2abfc34d2f026b3dd1ff08c0c"},"headline":"Vodafone k\u00fcndigt Abschaltung von 2G im Jahr 2028 an","datePublished":"2025-09-25T09:22:09+00:00","mainEntityOfPage":{"@id":"https:\/\/www.deskmodder.de\/blog\/2025\/09\/25\/vodafone-kuendigt-abschaltung-von-2g-im-jahr-2028-an\/"},"wordCount":443,"commentCount":16,"publisher":{"@id":"https:\/\/www.deskmodder.de\/blog\/#organization"},"image":{"@id":"https:\/\/www.deskmodder.de\/blog\/2025\/09\/25\/vodafone-kuendigt-abschaltung-von-2g-im-jahr-2028-an\/#primaryimage"},"thumbnailUrl":"https:\/\/www.deskmodder.de\/blog\/wp-content\/uploads\/2025\/09\/5g-carrier-aggregation-mobilfunk-antenne.jpg","keywords":["2G","5G","GSM","IoT","LTE+","Mobilfunk","Netzabschaltung","RedCap","Vodafone"],"inLanguage":"de","potentialAction":[{"@type":"CommentAction","name":"Comment","target":["https:\/\/www.deskmodder.de\/blog\/2025\/09\/25\/vodafone-kuendigt-abschaltung-von-2g-im-jahr-2028-an\/#respond"]}],"copyrightYear":"2025","copyrightHolder":{"@id":"https:\/\/www.deskmodder.de\/blog\/#organization"}},{"@type":"WebPage","@id":"https:\/\/www.deskmodder.de\/blog\/2025\/09\/25\/vodafone-kuendigt-abschaltung-von-2g-im-jahr-2028-an\/","url":"https:\/\/www.deskmodder.de\/blog\/2025\/09\/25\/vodafone-kuendigt-abschaltung-von-2g-im-jahr-2028-an\/","name":"Vodafone k\u00fcndigt Abschaltung von 2G im Jahr 2028 an - Deskmodder.de","isPartOf":{"@id":"https:\/\/www.deskmodder.de\/blog\/#website"},"primaryImageOfPage":{"@id":"https:\/\/www.deskmodder.de\/blog\/2025\/09\/25\/vodafone-kuendigt-abschaltung-von-2g-im-jahr-2028-an\/#primaryimage"},"image":{"@id":"https:\/\/www.deskmodder.de\/blog\/2025\/09\/25\/vodafone-kuendigt-abschaltung-von-2g-im-jahr-2028-an\/#primaryimage"},"thumbnailUrl":"https:\/\/www.deskmodder.de\/blog\/wp-content\/uploads\/2025\/09\/5g-carrier-aggregation-mobilfunk-antenne.jpg","datePublished":"2025-09-25T09:22:09+00:00","description":"Vodafone schaltet 2G im September 2028 ab. IoT-Anwendungen bleiben bis Ende 2030 versorgt. LTE und 5G erhalten zus\u00e4tzliche Kapazit\u00e4ten.","breadcrumb":{"@id":"https:\/\/www.deskmodder.de\/blog\/2025\/09\/25\/vodafone-kuendigt-abschaltung-von-2g-im-jahr-2028-an\/#breadcrumb"},"inLanguage":"de","potentialAction":[{"@type":"ReadAction","target":["https:\/\/www.deskmodder.de\/blog\/2025\/09\/25\/vodafone-kuendigt-abschaltung-von-2g-im-jahr-2028-an\/"]}]},{"@type":"ImageObject","inLanguage":"de","@id":"https:\/\/www.deskmodder.de\/blog\/2025\/09\/25\/vodafone-kuendigt-abschaltung-von-2g-im-jahr-2028-an\/#primaryimage","url":"https:\/\/www.deskmodder.de\/blog\/wp-content\/uploads\/2025\/09\/5g-carrier-aggregation-mobilfunk-antenne.jpg","contentUrl":"https:\/\/www.deskmodder.de\/blog\/wp-content\/uploads\/2025\/09\/5g-carrier-aggregation-mobilfunk-antenne.jpg","width":1920,"height":1080,"caption":"Grafik: Vodafone"},{"@type":"BreadcrumbList","@id":"https:\/\/www.deskmodder.de\/blog\/2025\/09\/25\/vodafone-kuendigt-abschaltung-von-2g-im-jahr-2028-an\/#breadcrumb","itemListElement":[{"@type":"ListItem","position":1,"name":"Startseite","item":"https:\/\/www.deskmodder.de\/blog\/"},{"@type":"ListItem","position":2,"name":"Vodafone k\u00fcndigt Abschaltung von 2G im Jahr 2028 an"}]},{"@type":"WebSite","@id":"https:\/\/www.deskmodder.de\/blog\/#website","url":"https:\/\/www.deskmodder.de\/blog\/","name":"Deskmodder.de","description":"News zum Thema Microsoft, Windows 11 \/ 10, sowie anderen Neuigkeiten aus dem Netz, viele Tipps und individuelle Hilfe bei Problemen in unserem Forum \u25cf Deskmodder - seit 2003","publisher":{"@id":"https:\/\/www.deskmodder.de\/blog\/#organization"},"potentialAction":[{"@type":"SearchAction","target":{"@type":"EntryPoint","urlTemplate":"https:\/\/www.deskmodder.de\/blog\/?s={search_term_string}"},"query-input":{"@type":"PropertyValueSpecification","valueRequired":true,"valueName":"search_term_string"}}],"inLanguage":"de"},{"@type":"Organization","@id":"https:\/\/www.deskmodder.de\/blog\/#organization","name":"Deskmodder","url":"https:\/\/www.deskmodder.de\/blog\/","logo":{"@type":"ImageObject","inLanguage":"de","@id":"https:\/\/www.deskmodder.de\/blog\/#\/schema\/logo\/image\/","url":"https:\/\/www.deskmodder.de\/blog\/wp-content\/uploads\/2019\/01\/deskmodder-logo-app.png","contentUrl":"https:\/\/www.deskmodder.de\/blog\/wp-content\/uploads\/2019\/01\/deskmodder-logo-app.png","width":281,"height":286,"caption":"Deskmodder"},"image":{"@id":"https:\/\/www.deskmodder.de\/blog\/#\/schema\/logo\/image\/"},"sameAs":["https:\/\/www.facebook.com\/Deskmodder","https:\/\/x.com\/Deskmodder","https:\/\/mastodontech.de\/@Deskmodder","https:\/\/www.youtube.com\/user\/deskmodder","https:\/\/mewe.com\/group\/5c83b5231add826fc80cdae1"]},{"@type":"Person","@id":"https:\/\/www.deskmodder.de\/blog\/#\/schema\/person\/efd7dda2abfc34d2f026b3dd1ff08c0c","name":"Wagener_bjoern","image":{"@type":"ImageObject","inLanguage":"de","@id":"https:\/\/secure.gravatar.com\/avatar\/faab38a98808dff100d6876904ec74377b3897ebbe844221f011f24bf665bd16?s=96&d=mm&r=g","url":"https:\/\/secure.gravatar.com\/avatar\/faab38a98808dff100d6876904ec74377b3897ebbe844221f011f24bf665bd16?s=96&d=mm&r=g","contentUrl":"https:\/\/secure.gravatar.com\/avatar\/faab38a98808dff100d6876904ec74377b3897ebbe844221f011f24bf665bd16?s=96&d=mm&r=g","caption":"Wagener_bjoern"},"description":"Blaulicht- &amp; Technikjournalist \u270f\ufe0f | Fotografie, Drohnen &amp; Luftfahrt \ud83d\udcf8\u2708\ufe0f | 3D-Druck &amp; Maker \ud83d\udda8\ufe0f | Cat Dad \ud83d\udc3e","sameAs":["https:\/\/www.facebook.com\/bjoern.max.wagener","https:\/\/www.instagram.com\/wagener_bjoern\/","https:\/\/x.com\/wagener_bjoern"],"url":"https:\/\/www.deskmodder.de\/blog\/author\/wagener_bjoern\/"}]}},"jetpack_publicize_connections":[],"jetpack_featured_media_url":"https:\/\/www.deskmodder.de\/blog\/wp-content\/uploads\/2025\/09\/5g-carrier-aggregation-mobilfunk-antenne.jpg","_links":{"self":[{"href":"https:\/\/www.deskmodder.de\/blog\/wp-json\/wp\/v2\/posts\/204560","targetHints":{"allow":["GET"]}}],"collection":[{"href":"https:\/\/www.deskmodder.de\/blog\/wp-json\/wp\/v2\/posts"}],"about":[{"href":"https:\/\/www.deskmodder.de\/blog\/wp-json\/wp\/v2\/types\/post"}],"author":[{"embeddable":true,"href":"https:\/\/www.deskmodder.de\/blog\/wp-json\/wp\/v2\/users\/4894"}],"replies":[{"embeddable":true,"href":"https:\/\/www.deskmodder.de\/blog\/wp-json\/wp\/v2\/comments?post=204560"}],"version-history":[{"count":1,"href":"https:\/\/www.deskmodder.de\/blog\/wp-json\/wp\/v2\/posts\/204560\/revisions"}],"predecessor-version":[{"id":204562,"href":"https:\/\/www.deskmodder.de\/blog\/wp-json\/wp\/v2\/posts\/204560\/revisions\/204562"}],"wp:featuredmedia":[{"embeddable":true,"href":"https:\/\/www.deskmodder.de\/blog\/wp-json\/wp\/v2\/media\/204561"}],"wp:attachment":[{"href":"https:\/\/www.deskmodder.de\/blog\/wp-json\/wp\/v2\/media?parent=204560"}],"wp:term":[{"taxonomy":"category","embeddable":true,"href":"https:\/\/www.deskmodder.de\/blog\/wp-json\/wp\/v2\/categories?post=204560"},{"taxonomy":"post_tag","embeddable":true,"href":"https:\/\/www.deskmodder.de\/blog\/wp-json\/wp\/v2\/tags?post=204560"}],"curies":[{"name":"wp","href":"https:\/\/api.w.org\/{rel}","templated":true}]}}