{"id":204341,"date":"2025-09-18T15:27:33","date_gmt":"2025-09-18T13:27:33","guid":{"rendered":"https:\/\/www.deskmodder.de\/blog\/?p=204341"},"modified":"2025-09-18T15:28:26","modified_gmt":"2025-09-18T13:28:26","slug":"deutschlandticket-verkehrsminister-beschliessen-preiserhoehung-auf-63-euro","status":"publish","type":"post","link":"https:\/\/www.deskmodder.de\/blog\/2025\/09\/18\/deutschlandticket-verkehrsminister-beschliessen-preiserhoehung-auf-63-euro\/","title":{"rendered":"Deutschlandticket: Verkehrsminister beschlie\u00dfen Preiserh\u00f6hung auf 63 Euro"},"content":{"rendered":"<p>Noch vor wenigen Tagen war lediglich von einer <a href=\"https:\/\/www.deskmodder.de\/blog\/2025\/09\/16\/deutschlandticket-laender-erwaegen-preiserhoehung-auf-bis-zu-64-euro\/\">internen Beschlussvorlage die Rede<\/a>, \u00fcber die in M\u00fcnchen diskutiert werden sollte. Darin stand, dass der Preis des Deutschlandtickets schon 2026 auf 62 oder sogar 64 Euro steigen k\u00f6nnte. Nun liegt eine endg\u00fcltige Entscheidung vor: Die Verkehrsministerkonferenz hat sich auf 63 Euro geeinigt. Damit m\u00fcssen Fahrg\u00e4ste ab dem 1. Januar 2026 monatlich f\u00fcnf Euro mehr bezahlen.<\/p>\n<figure id=\"attachment_200275\" aria-describedby=\"caption-attachment-200275\" style=\"width: 500px\" class=\"wp-caption aligncenter\"><img loading=\"lazy\" decoding=\"async\" class=\"size-medium wp-image-200275\" src=\"https:\/\/www.deskmodder.de\/blog\/wp-content\/uploads\/2025\/06\/deutschlandticket-500x333.jpg\" alt=\"\" width=\"500\" height=\"333\" srcset=\"https:\/\/www.deskmodder.de\/blog\/wp-content\/uploads\/2025\/06\/deutschlandticket-500x333.jpg 500w, https:\/\/www.deskmodder.de\/blog\/wp-content\/uploads\/2025\/06\/deutschlandticket-810x540.jpg 810w, https:\/\/www.deskmodder.de\/blog\/wp-content\/uploads\/2025\/06\/deutschlandticket-306x205.jpg 306w, https:\/\/www.deskmodder.de\/blog\/wp-content\/uploads\/2025\/06\/deutschlandticket-1536x1024.jpg 1536w, https:\/\/www.deskmodder.de\/blog\/wp-content\/uploads\/2025\/06\/deutschlandticket.jpg 1748w\" sizes=\"auto, (max-width: 500px) 100vw, 500px\" \/><figcaption id=\"caption-attachment-200275\" class=\"wp-caption-text\">Foto: Deutsche Bahn AG \/ Dominic Dupont<\/figcaption><\/figure>\n<h2>Zweite Erh\u00f6hung seit der Einf\u00fchrung<\/h2>\n<p>Das Deutschlandticket hat in seiner noch jungen Geschichte bereits mehrere Preisanpassungen erlebt. Urspr\u00fcnglich startete es im Mai 2023 mit einem attraktiven Einstiegspreis von 49 Euro. Anfang 2025 erfolgte dann die erste Anhebung auf 58 Euro. Mit dem nun beschlossenen Schritt zahlen Nutzerinnen und Nutzer k\u00fcnftig 14 Euro mehr als zum Start. Kritische Stimmen kommen vor allem aus der SPD, die im Sommer noch betonte, eine weitere Verteuerung nicht mittragen zu wollen. Dennoch setzte sich nun die Sichtweise durch, dass eine Anpassung unausweichlich ist.<\/p>\n<h2>Finanzierung bleibt ein Dauerproblem<\/h2>\n<p>Der Hintergrund dieser Entwicklung liegt wie so oft beim Geld. Bund und L\u00e4nder beteiligen sich jeweils mit 1,5 Milliarden Euro pro Jahr, um die Mindereinnahmen der Verkehrsunternehmen auszugleichen. Laut dem Verband Deutscher Verkehrsunternehmen reicht diese Summe jedoch nicht aus. Schon f\u00fcr 2026 erwarten Fachleute ein Minus von rund 400 Millionen Euro. Mit der Preiserh\u00f6hung wollen die Minister zumindest einen Teil dieser L\u00fccke schlie\u00dfen, wenngleich die langfristige Finanzierung damit nicht endg\u00fcltig gesichert ist.<\/p>\n<h2>Blick nach vorn: Indexl\u00f6sung ab 2027<\/h2>\n<p>Parallel zur Preisanhebung planen die L\u00e4nder eine sogenannte Indexl\u00f6sung. Ab 2027 soll der Ticketpreis automatisch an steigende Personal- und Energiekosten angepasst werden. Damit entf\u00e4llt der Zwang, jedes Jahr erneut politische Debatten \u00fcber den Preis zu f\u00fchren. Der Index soll zun\u00e4chst drei Jahre lang getestet und anschlie\u00dfend \u00fcberpr\u00fcft werden. Auf diese Weise erhoffen sich die Verantwortlichen eine verl\u00e4sslichere Kalkulation und zugleich mehr Planungssicherheit f\u00fcr Verkehrsunternehmen und Fahrg\u00e4ste.<\/p>\n","protected":false},"excerpt":{"rendered":"<p>Noch vor wenigen Tagen war lediglich von einer internen Beschlussvorlage die Rede, \u00fcber die in M\u00fcnchen diskutiert werden sollte. Darin stand, dass der Preis des Deutschlandtickets schon 2026 auf 62 oder sogar 64 Euro steigen k\u00f6nnte. Nun liegt eine endg\u00fcltige&hellip; <\/p>\n","protected":false},"author":4894,"featured_media":200275,"comment_status":"open","ping_status":"open","sticky":false,"template":"","format":"standard","meta":{"jetpack_post_was_ever_published":false,"footnotes":"","jetpack_publicize_message":"","jetpack_publicize_feature_enabled":true,"jetpack_social_post_already_shared":false,"jetpack_social_options":{"image_generator_settings":{"template":"highway","default_image_id":0,"font":"","enabled":false},"version":2}},"categories":[1],"tags":[7266,85540,20011,69537],"class_list":["post-204341","post","type-post","status-publish","format-standard","has-post-thumbnail","hentry","category-allgemein","tag-bahn","tag-deutschlandticket","tag-mobilitaet","tag-oepnv"],"wp_featured_image":{"id":200275,"alt_text":"","description":"","media_type":"image","media_details":{"width":1748,"height":1165,"file":"2025\/06\/deutschlandticket.jpg","filesize":548093,"sizes":{"medium":{"file":"deutschlandticket-500x333.jpg","width":500,"height":333,"mime-type":"image\/jpeg","filesize":44638,"source_url":"https:\/\/www.deskmodder.de\/blog\/wp-content\/uploads\/2025\/06\/deutschlandticket-500x333.jpg"},"large":{"file":"deutschlandticket-810x540.jpg","width":810,"height":540,"mime-type":"image\/jpeg","filesize":88430,"source_url":"https:\/\/www.deskmodder.de\/blog\/wp-content\/uploads\/2025\/06\/deutschlandticket-810x540.jpg"},"thumbnail":{"file":"deutschlandticket-306x205.jpg","width":306,"height":205,"mime-type":"image\/jpeg","filesize":24462,"source_url":"https:\/\/www.deskmodder.de\/blog\/wp-content\/uploads\/2025\/06\/deutschlandticket-306x205.jpg"},"1536x1536":{"file":"deutschlandticket-1536x1024.jpg","width":1536,"height":1024,"mime-type":"image\/jpeg","filesize":227274,"source_url":"https:\/\/www.deskmodder.de\/blog\/wp-content\/uploads\/2025\/06\/deutschlandticket-1536x1024.jpg"},"blog-large":{"file":"deutschlandticket-642x300.jpg","width":642,"height":300,"mime-type":"image\/jpeg","filesize":53652,"source_url":"https:\/\/www.deskmodder.de\/blog\/wp-content\/uploads\/2025\/06\/deutschlandticket-642x300.jpg"},"blog-medium":{"file":"deutschlandticket-306x205.jpg","width":306,"height":205,"mime-type":"image\/jpeg","filesize":24479,"source_url":"https:\/\/www.deskmodder.de\/blog\/wp-content\/uploads\/2025\/06\/deutschlandticket-306x205.jpg"},"recent-thumb":{"file":"deutschlandticket-350x316.jpg","width":350,"height":316,"mime-type":"image\/jpeg","filesize":37138,"source_url":"https:\/\/www.deskmodder.de\/blog\/wp-content\/uploads\/2025\/06\/deutschlandticket-350x316.jpg"},"service-featured":{"file":"deutschlandticket-600x330.jpg","width":600,"height":330,"mime-type":"image\/jpeg","filesize":52303,"source_url":"https:\/\/www.deskmodder.de\/blog\/wp-content\/uploads\/2025\/06\/deutschlandticket-600x330.jpg"}},"image_meta":{"aperture":"0","credit":"Deutsche Bahn AG","camera":"","caption":"<p>Deutschlandticket<\/p>","created_timestamp":"1679741999","copyright":"Deutsche Bahn AG \/ Dominic Dupont","focal_length":"0","iso":"0","shutter_speed":"0","title":"Deutschlandticket","orientation":"0","keywords":["Deutschlandticket","Personenverkehr","Symbolbilder"]}},"post":200273,"source_url":"https:\/\/www.deskmodder.de\/blog\/wp-content\/uploads\/2025\/06\/deutschlandticket.jpg"},"commentcount":19,"wp_comments":[{"id":312719,"parent":0,"author":4845,"author_name":"Davito","author_email":"dniedziella@gmx.de","author_url":"","author_avatar_urls":{"24":"https:\/\/secure.gravatar.com\/avatar\/889a8f2bfffb6f926d141a07e6228c80f4227afe0420a0d69775bd8630e0fa04?s=24&d=mm&r=g","48":"https:\/\/secure.gravatar.com\/avatar\/889a8f2bfffb6f926d141a07e6228c80f4227afe0420a0d69775bd8630e0fa04?s=48&d=mm&r=g","96":"https:\/\/secure.gravatar.com\/avatar\/889a8f2bfffb6f926d141a07e6228c80f4227afe0420a0d69775bd8630e0fa04?s=96&d=mm&r=g"},"date":"2025-09-18T15:31:05","cld_nonce":"71b284f63c","content":{"rendered":"<p>Immer noch billiger als das Monatsabo bei uns f\u00fcr die Stra\u00dfenbahn und dann kann ich noch in andere St\u00e4dte fahren. Daher, noch passt mir der Preis.<\/p>\n"},"status":"1"},{"id":312723,"parent":312719,"author":0,"author_name":"Zustimmer","author_email":"Zustimmer123123@web.de","author_url":"","author_avatar_urls":{"24":"https:\/\/secure.gravatar.com\/avatar\/c38ff166ffb72bd3799cb37cccca1143e89b04518d91d4963459921c0ddf7945?s=24&d=mm&r=g","48":"https:\/\/secure.gravatar.com\/avatar\/c38ff166ffb72bd3799cb37cccca1143e89b04518d91d4963459921c0ddf7945?s=48&d=mm&r=g","96":"https:\/\/secure.gravatar.com\/avatar\/c38ff166ffb72bd3799cb37cccca1143e89b04518d91d4963459921c0ddf7945?s=96&d=mm&r=g"},"date":"2025-09-18T16:02:56","cld_nonce":"71b284f63c","content":{"rendered":"<p>Ich glaube die meisten die Qu\u00e4ken nutzen \u00d6ffis gar nicht oft genug um es wertzusch\u00e4tzen. Sollen mal gucken wie man sich arm bezahlt f\u00fcr eine Tageskarte einer beliebigen Gro\u00dfstadt, und das ist ohne \u00dcbergang von Tarifzonen.<\/p>\n<p>Denkaufgabe:<br \/>\nVergleicht mal rein gegen Benzinkosten pro Einzelfahrt\/Hin- und R\u00fcck mit dem KFZ.<\/p>\n"},"status":"1"},{"id":312724,"parent":0,"author":10115,"author_name":"Micha57","author_email":"m.redmann@outlook.com","author_url":"","author_avatar_urls":{"24":"https:\/\/secure.gravatar.com\/avatar\/3b5ee237f633594ee9eb6cf850df8e76dfce7233d33d226e3cf6b3700101f03f?s=24&d=mm&r=g","48":"https:\/\/secure.gravatar.com\/avatar\/3b5ee237f633594ee9eb6cf850df8e76dfce7233d33d226e3cf6b3700101f03f?s=48&d=mm&r=g","96":"https:\/\/secure.gravatar.com\/avatar\/3b5ee237f633594ee9eb6cf850df8e76dfce7233d33d226e3cf6b3700101f03f?s=96&d=mm&r=g"},"date":"2025-09-18T16:16:31","cld_nonce":"71b284f63c","content":{"rendered":"<p>Aber knapp 30 % Preissteigerung in rund 3 Jahren sind schon ein Wort! Das hilft sicher nicht, weitere Abonnenten zu gewinnen.<\/p>\n"},"status":"1"},{"id":312725,"parent":312723,"author":0,"author_name":"Marten","author_email":"marten.bisquit@web.de","author_url":"","author_avatar_urls":{"24":"https:\/\/secure.gravatar.com\/avatar\/a2fc073fc4865473919545db7a727900c6fc7fa3c9bec20d9cf577b6196fdefa?s=24&d=mm&r=g","48":"https:\/\/secure.gravatar.com\/avatar\/a2fc073fc4865473919545db7a727900c6fc7fa3c9bec20d9cf577b6196fdefa?s=48&d=mm&r=g","96":"https:\/\/secure.gravatar.com\/avatar\/a2fc073fc4865473919545db7a727900c6fc7fa3c9bec20d9cf577b6196fdefa?s=96&d=mm&r=g"},"date":"2025-09-18T16:47:25","cld_nonce":"71b284f63c","content":{"rendered":"<p>Denkaufgabe:<br \/>\nVergleiche mal die Zeit \u00d6ffis und Auto zueinander bei 6 Kilometern Fahrt auf dem Lande&#8230; hier sind es beispielsweise 60 Minuten Busfahrt.<\/p>\n"},"status":"1"},{"id":312726,"parent":0,"author":0,"author_name":"\u00d6ffi","author_email":"oeffi@fahr.gast","author_url":"","author_avatar_urls":{"24":"https:\/\/secure.gravatar.com\/avatar\/e0057e80eca62c73906d7c1b8e5ce0bf080d54b6d361d31624a2714db408e9d7?s=24&d=mm&r=g","48":"https:\/\/secure.gravatar.com\/avatar\/e0057e80eca62c73906d7c1b8e5ce0bf080d54b6d361d31624a2714db408e9d7?s=48&d=mm&r=g","96":"https:\/\/secure.gravatar.com\/avatar\/e0057e80eca62c73906d7c1b8e5ce0bf080d54b6d361d31624a2714db408e9d7?s=96&d=mm&r=g"},"date":"2025-09-18T16:52:34","cld_nonce":"71b284f63c","content":{"rendered":"<p>Leider ist f\u00fcr alles, was der Bev\u00f6lkerung zugute kommt, pl\u00f6tzlich kein Geld mehr da.<br \/>\nAlso auch weiter Diesel &amp; Dienstwagen weiter bezuschussen.<\/p>\n"},"status":"1"},{"id":312727,"parent":0,"author":9995,"author_name":"ronnybruechner","author_email":"ronny.bruechner@googlemail.com","author_url":"","author_avatar_urls":{"24":"https:\/\/secure.gravatar.com\/avatar\/c8d3af6b82837b2842ca8114a91dbaaba426f6a90abde072169e09cce08610c4?s=24&d=mm&r=g","48":"https:\/\/secure.gravatar.com\/avatar\/c8d3af6b82837b2842ca8114a91dbaaba426f6a90abde072169e09cce08610c4?s=48&d=mm&r=g","96":"https:\/\/secure.gravatar.com\/avatar\/c8d3af6b82837b2842ca8114a91dbaaba426f6a90abde072169e09cce08610c4?s=96&d=mm&r=g"},"date":"2025-09-18T17:18:01","cld_nonce":"71b284f63c","content":{"rendered":"<p>Dann wird doch sicherlich f\u00fcr die B\u00fcrgergeldempf\u00e4nger, n\u00e4chstes Jahr, der Satz um 5 \u20ac erh\u00f6ht. \/s<\/p>\n<p>So traurig.<br \/>\nGerade die, die es n\u00f6tig haben, werden gesch\u00f6pft, noch und n\u00f6cher.<br \/>\nDas BG reicht so schon hinten und vorne nicht (f\u00fcr ehrliche Menschen, die es aus diversen Gr\u00fcnden tats\u00e4chlich ben\u00f6tigen um wieder im Leben Fu\u00df zu fassen) und dann werden wieder 5 \u20ac davon gestohlen um mobil zu bleiben.<\/p>\n<p>Ein Auto halten damit, ist absolut unm\u00f6glich, da weder Steuer, noch Versicherung oder T\u00dcV in irgendeiner Weise abgedeckt ist und die veranschlagten ~50 \u20ac f\u00fcr Verkehr, absolut NICHT reichen.<br \/>\nNichtmal f\u00fcr Sprit oder die ganz tollen neuen E-Autos, um Umwelt zu schonen.<\/p>\n<p><a href=\"https:\/\/www.buergergeld.org\/wp-content\/uploads\/regelsatztorte2024-buergergeld.jpg\"  rel=\"lightbox[204341] nofollow ugc\">https:\/\/www.buergergeld.org\/wp-content\/uploads\/regelsatztorte2024-buergergeld.jpg<\/a><\/p>\n"},"status":"1"},{"id":312729,"parent":312726,"author":9995,"author_name":"ronnybruechner","author_email":"ronny.bruechner@googlemail.com","author_url":"","author_avatar_urls":{"24":"https:\/\/secure.gravatar.com\/avatar\/c8d3af6b82837b2842ca8114a91dbaaba426f6a90abde072169e09cce08610c4?s=24&d=mm&r=g","48":"https:\/\/secure.gravatar.com\/avatar\/c8d3af6b82837b2842ca8114a91dbaaba426f6a90abde072169e09cce08610c4?s=48&d=mm&r=g","96":"https:\/\/secure.gravatar.com\/avatar\/c8d3af6b82837b2842ca8114a91dbaaba426f6a90abde072169e09cce08610c4?s=96&d=mm&r=g"},"date":"2025-09-18T17:20:22","cld_nonce":"71b284f63c","content":{"rendered":"<p>Und Kerosin.<br \/>\nUnd Agrar.<br \/>\nUnd Milch. Usw.<\/p>\n<p>Nervt.<\/p>\n<p>Wir haben kein Einnahmen, sondern ein Ausgabenproblem.<\/p>\n<p>B\u00fcrokratie.<br \/>\nMilit\u00e4r.<br \/>\nNGOs usw.<br \/>\nWas da an Milliarden flie\u00dfen&#8230;<\/p>\n"},"status":"1"},{"id":312732,"parent":0,"author":3733,"author_name":"NutztDeskmodder","author_email":"deskmodder@werner-ruf.de","author_url":"","author_avatar_urls":{"24":"https:\/\/secure.gravatar.com\/avatar\/84d2b29070f92add5556d5c728bde3b10a1209be46ed1f24080c55b82cd703a0?s=24&d=mm&r=g","48":"https:\/\/secure.gravatar.com\/avatar\/84d2b29070f92add5556d5c728bde3b10a1209be46ed1f24080c55b82cd703a0?s=48&d=mm&r=g","96":"https:\/\/secure.gravatar.com\/avatar\/84d2b29070f92add5556d5c728bde3b10a1209be46ed1f24080c55b82cd703a0?s=96&d=mm&r=g"},"date":"2025-09-18T17:31:01","cld_nonce":"71b284f63c","content":{"rendered":"<p>Halten wir mal fest, wir sollten uns bei den Preisen f\u00fcr den \u00d6PNV an unseren Nachbarn im Westen orientieren, genauer gesagt an Luxemburg.<\/p>\n"},"status":"1"},{"id":312735,"parent":312726,"author":0,"author_name":"boroben8","author_email":"boroben@web.de","author_url":"","author_avatar_urls":{"24":"https:\/\/secure.gravatar.com\/avatar\/4389dff65116173de76c010097b85741ee2895da8d1630eb96f5ee18b51cb174?s=24&d=mm&r=g","48":"https:\/\/secure.gravatar.com\/avatar\/4389dff65116173de76c010097b85741ee2895da8d1630eb96f5ee18b51cb174?s=48&d=mm&r=g","96":"https:\/\/secure.gravatar.com\/avatar\/4389dff65116173de76c010097b85741ee2895da8d1630eb96f5ee18b51cb174?s=96&d=mm&r=g"},"date":"2025-09-18T17:52:58","cld_nonce":"71b284f63c","content":{"rendered":"<p>Immer diese Halbwahrheiten mit dem Diesel. Ja, bei Diesel betr\u00e4gt die Energiesteuer nur 47 ct pro Liter, bei Benzin 65 ct. Dadurch spare ich (12.000 km pro Jahr, 5 l\/100 km) 108 \u20ac. Die Kehrseite, und das wissen die Meisten nicht, ist die Kfz-Steuer. Da zahlt man beim Benziner 2 \u20ac pro 100 cm\u00b3 Hubraum, beim Diesel aber 9,50 \u20ac pro 100 cm\u00b3 (+ einen Betrag je nach CO2-Aussto\u00df). Bei meinem 2-Liter-Vierzylinder zahle ich also schlappe 150 \u20ac mehr Steuer als es bei einem Benziner der Fall w\u00e4re. Macht f\u00fcr mich ein &#8222;Dieselprivileg&#8220; von -42 \u20ac pro Jahr.<br \/>\nSo geht es \u00fcbrigens den meisten Dieselfahrern. Also ja, die Energiesteuer auf Diesel auf 65 ct pro Liter anheben w\u00e4re okay f\u00fcr mich, wenn gleichzeitig bei der Kfz-Steuer auf 2 \u20ac pro 100 cm\u00b3 gesenkt wird (sonst w\u00e4re das ja eine durch nichts zu rechtfertigende Ungleichbehandlung). Problem dabei nur: F\u00fcr jeden, der sehr viel verbraucht, also vor allem im Transport (Lkw), wird es dadurch viel teurer und das zahlen wir dann alle im Supermarkt.<\/p>\n"},"status":"1"},{"id":312736,"parent":312725,"author":0,"author_name":"boroben8","author_email":"boroben@web.de","author_url":"","author_avatar_urls":{"24":"https:\/\/secure.gravatar.com\/avatar\/4389dff65116173de76c010097b85741ee2895da8d1630eb96f5ee18b51cb174?s=24&d=mm&r=g","48":"https:\/\/secure.gravatar.com\/avatar\/4389dff65116173de76c010097b85741ee2895da8d1630eb96f5ee18b51cb174?s=48&d=mm&r=g","96":"https:\/\/secure.gravatar.com\/avatar\/4389dff65116173de76c010097b85741ee2895da8d1630eb96f5ee18b51cb174?s=96&d=mm&r=g"},"date":"2025-09-18T17:58:19","cld_nonce":"71b284f63c","content":{"rendered":"<p>Geht mir \u00e4hnlich. Ich lebe auf dem Land und habe einen Arbeitsweg von 26 km pro Strecke. Mit dem Auto bin ich da eine knappe Stunde jeden Tag unterwegs, das geht gerade noch. Ich habe aus Spa\u00df mal nachgesehen, wie lange es mit dem \u00d6PNV dauern w\u00fcrde: 7 Stunden! (Tja, die Anschl\u00fcsse klappen nirgendwo, da ist mehrfach eine Wartezeit von einer knappen Stunde beim Umsteigen dabei. Und die n\u00e4chste Haltestelle ist auch 3 km zu Fu\u00df \u00fcber eine gef\u00e4hrliche Au\u00dferortsstra\u00dfe entfernt.)<\/p>\n"},"status":"1"},{"id":312738,"parent":312725,"author":0,"author_name":"Merksteselbstne","author_email":"Merksteselbstne1324124@web.de","author_url":"","author_avatar_urls":{"24":"https:\/\/secure.gravatar.com\/avatar\/7d74e286ceed9ffa728160964378b3fa923ffb9acb064734ee53ca9f876cd255?s=24&d=mm&r=g","48":"https:\/\/secure.gravatar.com\/avatar\/7d74e286ceed9ffa728160964378b3fa923ffb9acb064734ee53ca9f876cd255?s=48&d=mm&r=g","96":"https:\/\/secure.gravatar.com\/avatar\/7d74e286ceed9ffa728160964378b3fa923ffb9acb064734ee53ca9f876cd255?s=96&d=mm&r=g"},"date":"2025-09-18T18:16:21","cld_nonce":"71b284f63c","content":{"rendered":"<p>Da ist keine Denkaufgabe, du bist nicht richtig am Netz angebunden.<\/p>\n<p>Frankfurt Mannheim RE60\/70<br \/>\n1h 15min (ohne Versp\u00e4tung)<\/p>\n<p>Frankfurt Mannheim KFZ<br \/>\n1 h 9 min (ohne Stau)<\/p>\n<p>Darfste mal klug raten was ich \u00f6fters hatte, Stau oder Versp\u00e4tung. Von Parkplatzsuche ganz abgesehen, m(<\/p>\n"},"status":"1"},{"id":312739,"parent":312738,"author":0,"author_name":"Merksteselbstne","author_email":"Merksteselbstne1324124@web.de","author_url":"","author_avatar_urls":{"24":"https:\/\/secure.gravatar.com\/avatar\/7d74e286ceed9ffa728160964378b3fa923ffb9acb064734ee53ca9f876cd255?s=24&d=mm&r=g","48":"https:\/\/secure.gravatar.com\/avatar\/7d74e286ceed9ffa728160964378b3fa923ffb9acb064734ee53ca9f876cd255?s=48&d=mm&r=g","96":"https:\/\/secure.gravatar.com\/avatar\/7d74e286ceed9ffa728160964378b3fa923ffb9acb064734ee53ca9f876cd255?s=96&d=mm&r=g"},"date":"2025-09-18T18:18:35","cld_nonce":"71b284f63c","content":{"rendered":"<p>Bonus:<br \/>\nNach 3,5 Werktagen (hin\/r\u00fcck) h\u00e4tte ich das Benzingeld schon teurer als ein DE Ticket \u00e0 la 63\u20ac, har har.<\/p>\n"},"status":"1"},{"id":312742,"parent":312735,"author":0,"author_name":"Busfahrer","author_email":"gegen@Diesel.benzin","author_url":"","author_avatar_urls":{"24":"https:\/\/secure.gravatar.com\/avatar\/a56ad48f66de67f63b9b00e05ddfbf8e58cebaf31d3f9435eb41213cad18320b?s=24&d=mm&r=g","48":"https:\/\/secure.gravatar.com\/avatar\/a56ad48f66de67f63b9b00e05ddfbf8e58cebaf31d3f9435eb41213cad18320b?s=48&d=mm&r=g","96":"https:\/\/secure.gravatar.com\/avatar\/a56ad48f66de67f63b9b00e05ddfbf8e58cebaf31d3f9435eb41213cad18320b?s=96&d=mm&r=g"},"date":"2025-09-18T18:37:16","cld_nonce":"71b284f63c","content":{"rendered":"<p>@ boroben8<br \/>\nBei \u00d6ffi ging es nicht um den Vergleich Diesel vs Benzin, sondern dass u.a. Diesel steuerlich beg\u00fcnstigt wird und f\u00fcr den \u00d6PNV kein Geld vorhanden ist. Beitrag ganz lesen, dann nachdenken und erst zum Schluss schreiben. <img src=\"https:\/\/www.deskmodder.de\/blog\/wp-content\/plugins\/classic-smilies\/img\/icon_wink.gif\" alt=\";-)\" class=\"wp-smiley\" \/><\/p>\n"},"status":"1"},{"id":312748,"parent":0,"author":0,"author_name":"Mira Bellenbaum","author_email":"mira.bellenbaum@gmx.net","author_url":"","author_avatar_urls":{"24":"https:\/\/secure.gravatar.com\/avatar\/c60a0cefbcf687e88c3850db7a78ba846e86d0dad6cb5d57bd8810609fc8afbf?s=24&d=mm&r=g","48":"https:\/\/secure.gravatar.com\/avatar\/c60a0cefbcf687e88c3850db7a78ba846e86d0dad6cb5d57bd8810609fc8afbf?s=48&d=mm&r=g","96":"https:\/\/secure.gravatar.com\/avatar\/c60a0cefbcf687e88c3850db7a78ba846e86d0dad6cb5d57bd8810609fc8afbf?s=96&d=mm&r=g"},"date":"2025-09-18T20:01:26","cld_nonce":"71b284f63c","content":{"rendered":"<p>Es gibt nun, au\u00dfer der Erh\u00f6hung des Preises noch weitere Gr\u00fcnde auf den \u00d6PNV zu verzichten.<\/p>\n<p>1. Bus kommt ja noch recht p\u00fcnktlich, aber die Bahn eben nicht, wenn sie denn \u00fcberhaupt mal f\u00e4hrt!<br \/>\n2. Bin mit \u00d6PNV, wenn es denn mal klappt, ca. 45 min unterwegs. Mit dem Auto 15 min.<br \/>\n(Wenn der Zug mal wieder ausf\u00e4llt, was recht h\u00e4ufig passiert, habe ich Stress und bin noch mal doppelt so lange unterwegs)<\/p>\n<p>Unterm Strich mag das Auto zwar teurer sein, aber jeden Tag eine Stunde mehr Zeit ist es mir wert.<\/p>\n"},"status":"1"},{"id":312754,"parent":0,"author":0,"author_name":"Deskmodderfan seit Jahren?","author_email":"relletsuz@t-online.de","author_url":"","author_avatar_urls":{"24":"https:\/\/secure.gravatar.com\/avatar\/b63fbc82ecb65130ec5eafd1b194afbf4bf523d1df28e2ef96a46a2159bb8760?s=24&d=mm&r=g","48":"https:\/\/secure.gravatar.com\/avatar\/b63fbc82ecb65130ec5eafd1b194afbf4bf523d1df28e2ef96a46a2159bb8760?s=48&d=mm&r=g","96":"https:\/\/secure.gravatar.com\/avatar\/b63fbc82ecb65130ec5eafd1b194afbf4bf523d1df28e2ef96a46a2159bb8760?s=96&d=mm&r=g"},"date":"2025-09-18T21:29:22","cld_nonce":"71b284f63c","content":{"rendered":"<p>Im Pott wurde mal das Ticket 2000 mit einem Preis von 49.00 DM = Deutsche Mark eingef\u00fchrt. Etwarb Mann \ud83d\udc68 und Frau es im Abo konnten Sa und So noch 1 Erwachsener oder 2 Kinder oder 3 Kinder kostenlos mitgenommen werden und der Hammer : &#8220; Es war \u00fcbertragbar ! &#8220; Habe dieses bis Corana behalten und da kostete es bereits 74,00 Euro \ud83d\udcb6 !  Das sind wieviel DM ? 74 X 1,53 = \ud83d\ude31 ! Habe es dann nach Jahren gek\u00fcndigt, da ich in Rente ging ! Hattes das Deutschlandticket sofort f\u00fcr alle 10 Familienmitglieder gekauft als es 3 Monate lang 9 Eurp kostete \ud83d\udc96 ! Dann legte ich es, aber nuuur mir, bin ja nicht Kr\u00f6sus, vor 4 Monaten f\u00fcr 58,00 Euronen erneut zu weil ich f\u00fcr meine beiden Enkel auch gleichzeitig das Sch\u00fcler Ferien NRW Ticket f\u00fcr je 72,60 Euro erworben hatte !  War in den Ferien fast t\u00e4glich mit Denen  in ganz NRW unterwegs. Dabei erlebte ich nach Jahren mal wieder,  wie juuut dee Deutsche Bahn nicht funktioniert \ud83d\ude02! Habe es immer noch, nutze es daf\u00fcr jetzt konsequent um in die Stadt rein und raus, sowie Einkaufen zufahren ! Spare Sprit, die Unterhaltskosten f\u00fcrs Auto sinken, die wuchernenden Parkpreise inne Stadt usw., usf ! W\u00fcrde es immer noch f\u00fcr alle  Familienmitglieder kaufen, wenn es bei 29 Euro gelandet w\u00e4re. W\u00e4re daf\u00fcr alle KFZ Steuer um diesen Betrag zu erh\u00f6hen, damit alle das D\u00fctschlandticket f\u00fcr nothing, niente, alsooo : &#8220; 0 &#8220; Euro bek\u00e4men. Aber in der BRD wird halt lieber viel Geld \ud83d\udcb0 f\u00fcr Quatsch verwendet!  Amen \ud83d\ude4f<\/p>\n"},"status":"1"},{"id":312761,"parent":312742,"author":0,"author_name":"Bernd Bachmann","author_email":"bbachmann@web.de","author_url":"","author_avatar_urls":{"24":"https:\/\/secure.gravatar.com\/avatar\/4d77658cc234067d1a8c2363585899b3b1e3be3482979e8f7ccf3969a8b88ac9?s=24&d=mm&r=g","48":"https:\/\/secure.gravatar.com\/avatar\/4d77658cc234067d1a8c2363585899b3b1e3be3482979e8f7ccf3969a8b88ac9?s=48&d=mm&r=g","96":"https:\/\/secure.gravatar.com\/avatar\/4d77658cc234067d1a8c2363585899b3b1e3be3482979e8f7ccf3969a8b88ac9?s=96&d=mm&r=g"},"date":"2025-09-19T05:54:19","cld_nonce":"71b284f63c","content":{"rendered":"<p>Wie boroben8 darlegt, wird Diesel ja eben *nicht* steuerlich beg\u00fcnstigt.<\/p>\n<p>Hintergrund f\u00fcr die, die sich nicht mehr erinnern \u2014 oder schlicht zu jung sind: Irgendeine Bundesregierung \u2014 ich wei\u00df nicht mehr, welche \u2014 wollte dem B\u00fcrger mal wieder kr\u00e4ftig in die Tasche langen und hat beschlossen(1), die ohnehin schon hohe Steuer auf Treibstoff(2) weiter zu erh\u00f6hen.<\/p>\n<p>Problem: Wenn man die Steuer auf Diesel in gleichem Ma\u00dfe wie die auf Benzin erh\u00f6ht h\u00e4tte, h\u00e4tten die ganzen Fernfahrer vor Deutschland ihre gro\u00dfen Tanks vollgemacht und in Deutschland nicht mehr getankt. Wodurch man nach der Steuererh\u00f6hung weniger Einnahmen gehabt h\u00e4tte als vorher.<\/p>\n<p>Also hat man sich bei der direkten Dieselbesteuerung zur\u00fcckgehalten. Neues Problem: Das w\u00e4re ein Anreiz f\u00fcr deutsche PKW-Besitzer gewesen, vom Benziner auf Diesel zu wechseln, wiederumt mit dem Ergebnis niedrigerer Steuereinnahmen. L\u00f6sung: Drastische Erh\u00f6hung der KFZ-Steuer f\u00fcr Diesel-PKW.<\/p>\n<p>(1) Ja, ich wei\u00df, formell ist der Bundestag und nicht die Bundesregierung f\u00fcr Gesetzes\u00e4nderungen zust\u00e4ndig.<br \/>\n(2) Ich befinde mich gerade in einem gro\u00dfen Land jenseits des Atlantiks und zahle ungerechnet etwa 75 Euro-Cent f\u00fcr den Liter Benzin.<\/p>\n"},"status":"1"},{"id":312782,"parent":0,"author":0,"author_name":"Ingo","author_email":"ingo.huber@andeski.de","author_url":"","author_avatar_urls":{"24":"https:\/\/secure.gravatar.com\/avatar\/4a5324ece7a5a95a722a1a3dde51a133cc25b2d0482f8c0062f145ee8378a8ac?s=24&d=mm&r=g","48":"https:\/\/secure.gravatar.com\/avatar\/4a5324ece7a5a95a722a1a3dde51a133cc25b2d0482f8c0062f145ee8378a8ac?s=48&d=mm&r=g","96":"https:\/\/secure.gravatar.com\/avatar\/4a5324ece7a5a95a722a1a3dde51a133cc25b2d0482f8c0062f145ee8378a8ac?s=96&d=mm&r=g"},"date":"2025-09-19T13:05:41","cld_nonce":"71b284f63c","content":{"rendered":"<p>Also ich habe es mir in der 15-Minuten-Zone bequem gemacht. Es hat keinen Sinn mehr, hier noch zu arbeiten und Steuern zu zahlen.<\/p>\n"},"status":"1"},{"id":312817,"parent":312738,"author":0,"author_name":"boroben8","author_email":"boroben@web.de","author_url":"","author_avatar_urls":{"24":"https:\/\/secure.gravatar.com\/avatar\/4389dff65116173de76c010097b85741ee2895da8d1630eb96f5ee18b51cb174?s=24&d=mm&r=g","48":"https:\/\/secure.gravatar.com\/avatar\/4389dff65116173de76c010097b85741ee2895da8d1630eb96f5ee18b51cb174?s=48&d=mm&r=g","96":"https:\/\/secure.gravatar.com\/avatar\/4389dff65116173de76c010097b85741ee2895da8d1630eb96f5ee18b51cb174?s=96&d=mm&r=g"},"date":"2025-09-19T20:05:58","cld_nonce":"71b284f63c","content":{"rendered":"<p>Es stimmt, wenn man in der Gro\u00dfstadt lebt und damit sch\u00f6n ans Netz angeschlossen ist, rentiert sich das Ticket schon nach wenigen Tagen.<br \/>\nAber in Deutschland lebt ca. 1\/3 der Bev\u00f6lkerung auf dem Land und das bedeutet, dass es meist nur noch einen Schulbus gibt, wenn man Gl\u00fcck hat vielleicht noch eine weitere Linie, die aller 1-2 h f\u00e4hrt. Dieses Drittel ist also nicht ans Netz angeschlossen. Bei dem Drittel, welches in Kleinst\u00e4dten lebt, ist es mal so und mal so, je nach Stadt.<br \/>\nDaher gibt es in Deutschland grob zwei etwa gleich gro\u00dfe Gruppen: Die eine ist ans Netz angeschlossen, hier lohnt sich das Ticket auch mit dem h\u00f6heren Preis fast immer. Die andere ist nicht richtig ans Netz angeschlossen, hier ist das Ticket meist nutzlos.<br \/>\nDen Steueranteil tragen nat\u00fcrlich beide Gruppen gleicherma\u00dfen, da ist es nur fair, wenn die steigenden Kosten durch h\u00f6here Ticketpreise vor allem von denen getragen werden, die vom Ticket auch tats\u00e4chlich profitieren.<\/p>\n"},"status":"1"},{"id":312825,"parent":312729,"author":0,"author_name":"Trulli","author_email":"tulia@web.de","author_url":"","author_avatar_urls":{"24":"https:\/\/secure.gravatar.com\/avatar\/e227c5dd241ae3a1ef9e8a6ef4b4f715b8fe47bdacfe40705292dd0b0787fa9e?s=24&d=mm&r=g","48":"https:\/\/secure.gravatar.com\/avatar\/e227c5dd241ae3a1ef9e8a6ef4b4f715b8fe47bdacfe40705292dd0b0787fa9e?s=48&d=mm&r=g","96":"https:\/\/secure.gravatar.com\/avatar\/e227c5dd241ae3a1ef9e8a6ef4b4f715b8fe47bdacfe40705292dd0b0787fa9e?s=96&d=mm&r=g"},"date":"2025-09-19T23:04:33","cld_nonce":"71b284f63c","content":{"rendered":"<p>Komischerweise fragt sich keiner was mit dem ganzen Geld passiert war, was die Bundeswehr bekommen hat seit 2011 (Aussetzung der Wehrpflicht), danach ging es bis auf 1 Jahr steil mit dem Ausgaben bergauf***, demnach m\u00fcsste Deutschland besser ausger\u00fcstet sein als USA und China zusammen. Realit\u00e4t ist, selbst Afrika ist besser ausger\u00fcstet. Fragt sich da echt ernsthaft keiner wohin das Geld verschwunden ist? <\/p>\n<p>*** Jahr 2000 26 Milliarden &gt; 2004 35 Millarden [&#8230;] 2011 45 Milliarden, 2024 88,5 Millarden.<\/p>\n"},"status":"1"}],"wp_author":{"id":4894,"name":"Wagener_bjoern","description":"Blaulicht- &amp; Technikjournalist \u270f\ufe0f | Fotografie, Drohnen &amp; Luftfahrt \ud83d\udcf8\u2708\ufe0f | 3D-Druck &amp; Maker \ud83d\udda8\ufe0f | Cat Dad \ud83d\udc3e","author_avatar_urls":{"24":"https:\/\/secure.gravatar.com\/avatar\/faab38a98808dff100d6876904ec74377b3897ebbe844221f011f24bf665bd16?s=24&d=mm&r=g","48":"https:\/\/secure.gravatar.com\/avatar\/faab38a98808dff100d6876904ec74377b3897ebbe844221f011f24bf665bd16?s=48&d=mm&r=g","96":"https:\/\/secure.gravatar.com\/avatar\/faab38a98808dff100d6876904ec74377b3897ebbe844221f011f24bf665bd16?s=96&d=mm&r=g"}},"cld_nonce":"71b284f63c","yoast_head":"<!-- This site is optimized with the Yoast SEO Premium plugin v27.4 (Yoast SEO v27.4) - https:\/\/yoast.com\/product\/yoast-seo-premium-wordpress\/ -->\n<title>Deutschlandticket: Verkehrsminister beschlie\u00dfen Preiserh\u00f6hung auf 63 Euro - Deskmodder.de<\/title>\n<meta name=\"description\" content=\"Ab Januar 2026 steigt der Preis f\u00fcrs Deutschlandticket auf 63 Euro. Verkehrsminister beschlie\u00dfen zweite Erh\u00f6hung seit 2023.\" \/>\n<meta name=\"robots\" content=\"index, follow, max-snippet:-1, max-image-preview:large, max-video-preview:-1\" \/>\n<link rel=\"canonical\" href=\"https:\/\/www.deskmodder.de\/blog\/2025\/09\/18\/deutschlandticket-verkehrsminister-beschliessen-preiserhoehung-auf-63-euro\/\" \/>\n<meta property=\"og:locale\" content=\"de_DE\" \/>\n<meta property=\"og:type\" content=\"article\" \/>\n<meta property=\"og:title\" content=\"Deutschlandticket: Verkehrsminister beschlie\u00dfen Preiserh\u00f6hung auf 63 Euro\" \/>\n<meta property=\"og:description\" content=\"Ab Januar 2026 steigt der Preis f\u00fcrs Deutschlandticket auf 63 Euro. Verkehrsminister beschlie\u00dfen zweite Erh\u00f6hung seit 2023.\" \/>\n<meta property=\"og:url\" content=\"https:\/\/www.deskmodder.de\/blog\/2025\/09\/18\/deutschlandticket-verkehrsminister-beschliessen-preiserhoehung-auf-63-euro\/\" \/>\n<meta property=\"og:site_name\" content=\"Deskmodder.de\" \/>\n<meta property=\"article:publisher\" content=\"https:\/\/www.facebook.com\/Deskmodder\" \/>\n<meta property=\"article:author\" content=\"https:\/\/www.facebook.com\/bjoern.max.wagener\" \/>\n<meta property=\"article:published_time\" content=\"2025-09-18T13:27:33+00:00\" \/>\n<meta property=\"article:modified_time\" content=\"2025-09-18T13:28:26+00:00\" \/>\n<meta property=\"og:image\" content=\"https:\/\/www.deskmodder.de\/blog\/wp-content\/uploads\/2025\/06\/deutschlandticket.jpg\" \/>\n\t<meta property=\"og:image:width\" content=\"1748\" \/>\n\t<meta property=\"og:image:height\" content=\"1165\" \/>\n\t<meta property=\"og:image:type\" content=\"image\/jpeg\" \/>\n<meta name=\"author\" content=\"Wagener_bjoern\" \/>\n<meta name=\"twitter:card\" content=\"summary_large_image\" \/>\n<meta name=\"twitter:creator\" content=\"@wagener_bjoern\" \/>\n<meta name=\"twitter:site\" content=\"@Deskmodder\" \/>\n<script type=\"application\/ld+json\" class=\"yoast-schema-graph\">{\"@context\":\"https:\\\/\\\/schema.org\",\"@graph\":[{\"@type\":\"Article\",\"@id\":\"https:\\\/\\\/www.deskmodder.de\\\/blog\\\/2025\\\/09\\\/18\\\/deutschlandticket-verkehrsminister-beschliessen-preiserhoehung-auf-63-euro\\\/#article\",\"isPartOf\":{\"@id\":\"https:\\\/\\\/www.deskmodder.de\\\/blog\\\/2025\\\/09\\\/18\\\/deutschlandticket-verkehrsminister-beschliessen-preiserhoehung-auf-63-euro\\\/\"},\"author\":{\"name\":\"Wagener_bjoern\",\"@id\":\"https:\\\/\\\/www.deskmodder.de\\\/blog\\\/#\\\/schema\\\/person\\\/efd7dda2abfc34d2f026b3dd1ff08c0c\"},\"headline\":\"Deutschlandticket: Verkehrsminister beschlie\u00dfen Preiserh\u00f6hung auf 63 Euro\",\"datePublished\":\"2025-09-18T13:27:33+00:00\",\"dateModified\":\"2025-09-18T13:28:26+00:00\",\"mainEntityOfPage\":{\"@id\":\"https:\\\/\\\/www.deskmodder.de\\\/blog\\\/2025\\\/09\\\/18\\\/deutschlandticket-verkehrsminister-beschliessen-preiserhoehung-auf-63-euro\\\/\"},\"wordCount\":331,\"commentCount\":19,\"publisher\":{\"@id\":\"https:\\\/\\\/www.deskmodder.de\\\/blog\\\/#organization\"},\"image\":{\"@id\":\"https:\\\/\\\/www.deskmodder.de\\\/blog\\\/2025\\\/09\\\/18\\\/deutschlandticket-verkehrsminister-beschliessen-preiserhoehung-auf-63-euro\\\/#primaryimage\"},\"thumbnailUrl\":\"https:\\\/\\\/www.deskmodder.de\\\/blog\\\/wp-content\\\/uploads\\\/2025\\\/06\\\/deutschlandticket.jpg\",\"keywords\":[\"bahn\",\"Deutschlandticket\",\"Mobilit\u00e4t\",\"\u00d6PNV\"],\"inLanguage\":\"de\",\"potentialAction\":[{\"@type\":\"CommentAction\",\"name\":\"Comment\",\"target\":[\"https:\\\/\\\/www.deskmodder.de\\\/blog\\\/2025\\\/09\\\/18\\\/deutschlandticket-verkehrsminister-beschliessen-preiserhoehung-auf-63-euro\\\/#respond\"]}],\"copyrightYear\":\"2025\",\"copyrightHolder\":{\"@id\":\"https:\\\/\\\/www.deskmodder.de\\\/blog\\\/#organization\"}},{\"@type\":\"WebPage\",\"@id\":\"https:\\\/\\\/www.deskmodder.de\\\/blog\\\/2025\\\/09\\\/18\\\/deutschlandticket-verkehrsminister-beschliessen-preiserhoehung-auf-63-euro\\\/\",\"url\":\"https:\\\/\\\/www.deskmodder.de\\\/blog\\\/2025\\\/09\\\/18\\\/deutschlandticket-verkehrsminister-beschliessen-preiserhoehung-auf-63-euro\\\/\",\"name\":\"Deutschlandticket: Verkehrsminister beschlie\u00dfen Preiserh\u00f6hung auf 63 Euro - Deskmodder.de\",\"isPartOf\":{\"@id\":\"https:\\\/\\\/www.deskmodder.de\\\/blog\\\/#website\"},\"primaryImageOfPage\":{\"@id\":\"https:\\\/\\\/www.deskmodder.de\\\/blog\\\/2025\\\/09\\\/18\\\/deutschlandticket-verkehrsminister-beschliessen-preiserhoehung-auf-63-euro\\\/#primaryimage\"},\"image\":{\"@id\":\"https:\\\/\\\/www.deskmodder.de\\\/blog\\\/2025\\\/09\\\/18\\\/deutschlandticket-verkehrsminister-beschliessen-preiserhoehung-auf-63-euro\\\/#primaryimage\"},\"thumbnailUrl\":\"https:\\\/\\\/www.deskmodder.de\\\/blog\\\/wp-content\\\/uploads\\\/2025\\\/06\\\/deutschlandticket.jpg\",\"datePublished\":\"2025-09-18T13:27:33+00:00\",\"dateModified\":\"2025-09-18T13:28:26+00:00\",\"description\":\"Ab Januar 2026 steigt der Preis f\u00fcrs Deutschlandticket auf 63 Euro. Verkehrsminister beschlie\u00dfen zweite Erh\u00f6hung seit 2023.\",\"breadcrumb\":{\"@id\":\"https:\\\/\\\/www.deskmodder.de\\\/blog\\\/2025\\\/09\\\/18\\\/deutschlandticket-verkehrsminister-beschliessen-preiserhoehung-auf-63-euro\\\/#breadcrumb\"},\"inLanguage\":\"de\",\"potentialAction\":[{\"@type\":\"ReadAction\",\"target\":[\"https:\\\/\\\/www.deskmodder.de\\\/blog\\\/2025\\\/09\\\/18\\\/deutschlandticket-verkehrsminister-beschliessen-preiserhoehung-auf-63-euro\\\/\"]}]},{\"@type\":\"ImageObject\",\"inLanguage\":\"de\",\"@id\":\"https:\\\/\\\/www.deskmodder.de\\\/blog\\\/2025\\\/09\\\/18\\\/deutschlandticket-verkehrsminister-beschliessen-preiserhoehung-auf-63-euro\\\/#primaryimage\",\"url\":\"https:\\\/\\\/www.deskmodder.de\\\/blog\\\/wp-content\\\/uploads\\\/2025\\\/06\\\/deutschlandticket.jpg\",\"contentUrl\":\"https:\\\/\\\/www.deskmodder.de\\\/blog\\\/wp-content\\\/uploads\\\/2025\\\/06\\\/deutschlandticket.jpg\",\"width\":1748,\"height\":1165,\"caption\":\"Foto: Deutsche Bahn AG \\\/ Dominic Dupont\"},{\"@type\":\"BreadcrumbList\",\"@id\":\"https:\\\/\\\/www.deskmodder.de\\\/blog\\\/2025\\\/09\\\/18\\\/deutschlandticket-verkehrsminister-beschliessen-preiserhoehung-auf-63-euro\\\/#breadcrumb\",\"itemListElement\":[{\"@type\":\"ListItem\",\"position\":1,\"name\":\"Startseite\",\"item\":\"https:\\\/\\\/www.deskmodder.de\\\/blog\\\/\"},{\"@type\":\"ListItem\",\"position\":2,\"name\":\"Deutschlandticket: Verkehrsminister beschlie\u00dfen Preiserh\u00f6hung auf 63 Euro\"}]},{\"@type\":\"WebSite\",\"@id\":\"https:\\\/\\\/www.deskmodder.de\\\/blog\\\/#website\",\"url\":\"https:\\\/\\\/www.deskmodder.de\\\/blog\\\/\",\"name\":\"Deskmodder.de\",\"description\":\"News zum Thema Microsoft, Windows 11 \\\/ 10, sowie anderen Neuigkeiten aus dem Netz, viele Tipps und individuelle Hilfe bei Problemen in unserem Forum \u25cf Deskmodder - seit 2003\",\"publisher\":{\"@id\":\"https:\\\/\\\/www.deskmodder.de\\\/blog\\\/#organization\"},\"potentialAction\":[{\"@type\":\"SearchAction\",\"target\":{\"@type\":\"EntryPoint\",\"urlTemplate\":\"https:\\\/\\\/www.deskmodder.de\\\/blog\\\/?s={search_term_string}\"},\"query-input\":{\"@type\":\"PropertyValueSpecification\",\"valueRequired\":true,\"valueName\":\"search_term_string\"}}],\"inLanguage\":\"de\"},{\"@type\":\"Organization\",\"@id\":\"https:\\\/\\\/www.deskmodder.de\\\/blog\\\/#organization\",\"name\":\"Deskmodder\",\"url\":\"https:\\\/\\\/www.deskmodder.de\\\/blog\\\/\",\"logo\":{\"@type\":\"ImageObject\",\"inLanguage\":\"de\",\"@id\":\"https:\\\/\\\/www.deskmodder.de\\\/blog\\\/#\\\/schema\\\/logo\\\/image\\\/\",\"url\":\"https:\\\/\\\/www.deskmodder.de\\\/blog\\\/wp-content\\\/uploads\\\/2019\\\/01\\\/deskmodder-logo-app.png\",\"contentUrl\":\"https:\\\/\\\/www.deskmodder.de\\\/blog\\\/wp-content\\\/uploads\\\/2019\\\/01\\\/deskmodder-logo-app.png\",\"width\":281,\"height\":286,\"caption\":\"Deskmodder\"},\"image\":{\"@id\":\"https:\\\/\\\/www.deskmodder.de\\\/blog\\\/#\\\/schema\\\/logo\\\/image\\\/\"},\"sameAs\":[\"https:\\\/\\\/www.facebook.com\\\/Deskmodder\",\"https:\\\/\\\/x.com\\\/Deskmodder\",\"https:\\\/\\\/mastodontech.de\\\/@Deskmodder\",\"https:\\\/\\\/www.youtube.com\\\/user\\\/deskmodder\",\"https:\\\/\\\/mewe.com\\\/group\\\/5c83b5231add826fc80cdae1\"]},{\"@type\":\"Person\",\"@id\":\"https:\\\/\\\/www.deskmodder.de\\\/blog\\\/#\\\/schema\\\/person\\\/efd7dda2abfc34d2f026b3dd1ff08c0c\",\"name\":\"Wagener_bjoern\",\"image\":{\"@type\":\"ImageObject\",\"inLanguage\":\"de\",\"@id\":\"https:\\\/\\\/secure.gravatar.com\\\/avatar\\\/faab38a98808dff100d6876904ec74377b3897ebbe844221f011f24bf665bd16?s=96&d=mm&r=g\",\"url\":\"https:\\\/\\\/secure.gravatar.com\\\/avatar\\\/faab38a98808dff100d6876904ec74377b3897ebbe844221f011f24bf665bd16?s=96&d=mm&r=g\",\"contentUrl\":\"https:\\\/\\\/secure.gravatar.com\\\/avatar\\\/faab38a98808dff100d6876904ec74377b3897ebbe844221f011f24bf665bd16?s=96&d=mm&r=g\",\"caption\":\"Wagener_bjoern\"},\"description\":\"Blaulicht- &amp; Technikjournalist \u270f\ufe0f | Fotografie, Drohnen &amp; Luftfahrt \ud83d\udcf8\u2708\ufe0f | 3D-Druck &amp; Maker \ud83d\udda8\ufe0f | Cat Dad \ud83d\udc3e\",\"sameAs\":[\"https:\\\/\\\/www.facebook.com\\\/bjoern.max.wagener\",\"https:\\\/\\\/www.instagram.com\\\/wagener_bjoern\\\/\",\"https:\\\/\\\/x.com\\\/wagener_bjoern\"],\"url\":\"https:\\\/\\\/www.deskmodder.de\\\/blog\\\/author\\\/wagener_bjoern\\\/\"}]}<\/script>\n<!-- \/ Yoast SEO Premium plugin. -->","yoast_head_json":{"title":"Deutschlandticket: Verkehrsminister beschlie\u00dfen Preiserh\u00f6hung auf 63 Euro - Deskmodder.de","description":"Ab Januar 2026 steigt der Preis f\u00fcrs Deutschlandticket auf 63 Euro. Verkehrsminister beschlie\u00dfen zweite Erh\u00f6hung seit 2023.","robots":{"index":"index","follow":"follow","max-snippet":"max-snippet:-1","max-image-preview":"max-image-preview:large","max-video-preview":"max-video-preview:-1"},"canonical":"https:\/\/www.deskmodder.de\/blog\/2025\/09\/18\/deutschlandticket-verkehrsminister-beschliessen-preiserhoehung-auf-63-euro\/","og_locale":"de_DE","og_type":"article","og_title":"Deutschlandticket: Verkehrsminister beschlie\u00dfen Preiserh\u00f6hung auf 63 Euro","og_description":"Ab Januar 2026 steigt der Preis f\u00fcrs Deutschlandticket auf 63 Euro. Verkehrsminister beschlie\u00dfen zweite Erh\u00f6hung seit 2023.","og_url":"https:\/\/www.deskmodder.de\/blog\/2025\/09\/18\/deutschlandticket-verkehrsminister-beschliessen-preiserhoehung-auf-63-euro\/","og_site_name":"Deskmodder.de","article_publisher":"https:\/\/www.facebook.com\/Deskmodder","article_author":"https:\/\/www.facebook.com\/bjoern.max.wagener","article_published_time":"2025-09-18T13:27:33+00:00","article_modified_time":"2025-09-18T13:28:26+00:00","og_image":[{"width":1748,"height":1165,"url":"https:\/\/www.deskmodder.de\/blog\/wp-content\/uploads\/2025\/06\/deutschlandticket.jpg","type":"image\/jpeg"}],"author":"Wagener_bjoern","twitter_card":"summary_large_image","twitter_creator":"@wagener_bjoern","twitter_site":"@Deskmodder","schema":{"@context":"https:\/\/schema.org","@graph":[{"@type":"Article","@id":"https:\/\/www.deskmodder.de\/blog\/2025\/09\/18\/deutschlandticket-verkehrsminister-beschliessen-preiserhoehung-auf-63-euro\/#article","isPartOf":{"@id":"https:\/\/www.deskmodder.de\/blog\/2025\/09\/18\/deutschlandticket-verkehrsminister-beschliessen-preiserhoehung-auf-63-euro\/"},"author":{"name":"Wagener_bjoern","@id":"https:\/\/www.deskmodder.de\/blog\/#\/schema\/person\/efd7dda2abfc34d2f026b3dd1ff08c0c"},"headline":"Deutschlandticket: Verkehrsminister beschlie\u00dfen Preiserh\u00f6hung auf 63 Euro","datePublished":"2025-09-18T13:27:33+00:00","dateModified":"2025-09-18T13:28:26+00:00","mainEntityOfPage":{"@id":"https:\/\/www.deskmodder.de\/blog\/2025\/09\/18\/deutschlandticket-verkehrsminister-beschliessen-preiserhoehung-auf-63-euro\/"},"wordCount":331,"commentCount":19,"publisher":{"@id":"https:\/\/www.deskmodder.de\/blog\/#organization"},"image":{"@id":"https:\/\/www.deskmodder.de\/blog\/2025\/09\/18\/deutschlandticket-verkehrsminister-beschliessen-preiserhoehung-auf-63-euro\/#primaryimage"},"thumbnailUrl":"https:\/\/www.deskmodder.de\/blog\/wp-content\/uploads\/2025\/06\/deutschlandticket.jpg","keywords":["bahn","Deutschlandticket","Mobilit\u00e4t","\u00d6PNV"],"inLanguage":"de","potentialAction":[{"@type":"CommentAction","name":"Comment","target":["https:\/\/www.deskmodder.de\/blog\/2025\/09\/18\/deutschlandticket-verkehrsminister-beschliessen-preiserhoehung-auf-63-euro\/#respond"]}],"copyrightYear":"2025","copyrightHolder":{"@id":"https:\/\/www.deskmodder.de\/blog\/#organization"}},{"@type":"WebPage","@id":"https:\/\/www.deskmodder.de\/blog\/2025\/09\/18\/deutschlandticket-verkehrsminister-beschliessen-preiserhoehung-auf-63-euro\/","url":"https:\/\/www.deskmodder.de\/blog\/2025\/09\/18\/deutschlandticket-verkehrsminister-beschliessen-preiserhoehung-auf-63-euro\/","name":"Deutschlandticket: Verkehrsminister beschlie\u00dfen Preiserh\u00f6hung auf 63 Euro - Deskmodder.de","isPartOf":{"@id":"https:\/\/www.deskmodder.de\/blog\/#website"},"primaryImageOfPage":{"@id":"https:\/\/www.deskmodder.de\/blog\/2025\/09\/18\/deutschlandticket-verkehrsminister-beschliessen-preiserhoehung-auf-63-euro\/#primaryimage"},"image":{"@id":"https:\/\/www.deskmodder.de\/blog\/2025\/09\/18\/deutschlandticket-verkehrsminister-beschliessen-preiserhoehung-auf-63-euro\/#primaryimage"},"thumbnailUrl":"https:\/\/www.deskmodder.de\/blog\/wp-content\/uploads\/2025\/06\/deutschlandticket.jpg","datePublished":"2025-09-18T13:27:33+00:00","dateModified":"2025-09-18T13:28:26+00:00","description":"Ab Januar 2026 steigt der Preis f\u00fcrs Deutschlandticket auf 63 Euro. Verkehrsminister beschlie\u00dfen zweite Erh\u00f6hung seit 2023.","breadcrumb":{"@id":"https:\/\/www.deskmodder.de\/blog\/2025\/09\/18\/deutschlandticket-verkehrsminister-beschliessen-preiserhoehung-auf-63-euro\/#breadcrumb"},"inLanguage":"de","potentialAction":[{"@type":"ReadAction","target":["https:\/\/www.deskmodder.de\/blog\/2025\/09\/18\/deutschlandticket-verkehrsminister-beschliessen-preiserhoehung-auf-63-euro\/"]}]},{"@type":"ImageObject","inLanguage":"de","@id":"https:\/\/www.deskmodder.de\/blog\/2025\/09\/18\/deutschlandticket-verkehrsminister-beschliessen-preiserhoehung-auf-63-euro\/#primaryimage","url":"https:\/\/www.deskmodder.de\/blog\/wp-content\/uploads\/2025\/06\/deutschlandticket.jpg","contentUrl":"https:\/\/www.deskmodder.de\/blog\/wp-content\/uploads\/2025\/06\/deutschlandticket.jpg","width":1748,"height":1165,"caption":"Foto: Deutsche Bahn AG \/ Dominic Dupont"},{"@type":"BreadcrumbList","@id":"https:\/\/www.deskmodder.de\/blog\/2025\/09\/18\/deutschlandticket-verkehrsminister-beschliessen-preiserhoehung-auf-63-euro\/#breadcrumb","itemListElement":[{"@type":"ListItem","position":1,"name":"Startseite","item":"https:\/\/www.deskmodder.de\/blog\/"},{"@type":"ListItem","position":2,"name":"Deutschlandticket: Verkehrsminister beschlie\u00dfen Preiserh\u00f6hung auf 63 Euro"}]},{"@type":"WebSite","@id":"https:\/\/www.deskmodder.de\/blog\/#website","url":"https:\/\/www.deskmodder.de\/blog\/","name":"Deskmodder.de","description":"News zum Thema Microsoft, Windows 11 \/ 10, sowie anderen Neuigkeiten aus dem Netz, viele Tipps und individuelle Hilfe bei Problemen in unserem Forum \u25cf Deskmodder - seit 2003","publisher":{"@id":"https:\/\/www.deskmodder.de\/blog\/#organization"},"potentialAction":[{"@type":"SearchAction","target":{"@type":"EntryPoint","urlTemplate":"https:\/\/www.deskmodder.de\/blog\/?s={search_term_string}"},"query-input":{"@type":"PropertyValueSpecification","valueRequired":true,"valueName":"search_term_string"}}],"inLanguage":"de"},{"@type":"Organization","@id":"https:\/\/www.deskmodder.de\/blog\/#organization","name":"Deskmodder","url":"https:\/\/www.deskmodder.de\/blog\/","logo":{"@type":"ImageObject","inLanguage":"de","@id":"https:\/\/www.deskmodder.de\/blog\/#\/schema\/logo\/image\/","url":"https:\/\/www.deskmodder.de\/blog\/wp-content\/uploads\/2019\/01\/deskmodder-logo-app.png","contentUrl":"https:\/\/www.deskmodder.de\/blog\/wp-content\/uploads\/2019\/01\/deskmodder-logo-app.png","width":281,"height":286,"caption":"Deskmodder"},"image":{"@id":"https:\/\/www.deskmodder.de\/blog\/#\/schema\/logo\/image\/"},"sameAs":["https:\/\/www.facebook.com\/Deskmodder","https:\/\/x.com\/Deskmodder","https:\/\/mastodontech.de\/@Deskmodder","https:\/\/www.youtube.com\/user\/deskmodder","https:\/\/mewe.com\/group\/5c83b5231add826fc80cdae1"]},{"@type":"Person","@id":"https:\/\/www.deskmodder.de\/blog\/#\/schema\/person\/efd7dda2abfc34d2f026b3dd1ff08c0c","name":"Wagener_bjoern","image":{"@type":"ImageObject","inLanguage":"de","@id":"https:\/\/secure.gravatar.com\/avatar\/faab38a98808dff100d6876904ec74377b3897ebbe844221f011f24bf665bd16?s=96&d=mm&r=g","url":"https:\/\/secure.gravatar.com\/avatar\/faab38a98808dff100d6876904ec74377b3897ebbe844221f011f24bf665bd16?s=96&d=mm&r=g","contentUrl":"https:\/\/secure.gravatar.com\/avatar\/faab38a98808dff100d6876904ec74377b3897ebbe844221f011f24bf665bd16?s=96&d=mm&r=g","caption":"Wagener_bjoern"},"description":"Blaulicht- &amp; Technikjournalist \u270f\ufe0f | Fotografie, Drohnen &amp; Luftfahrt \ud83d\udcf8\u2708\ufe0f | 3D-Druck &amp; Maker \ud83d\udda8\ufe0f | Cat Dad \ud83d\udc3e","sameAs":["https:\/\/www.facebook.com\/bjoern.max.wagener","https:\/\/www.instagram.com\/wagener_bjoern\/","https:\/\/x.com\/wagener_bjoern"],"url":"https:\/\/www.deskmodder.de\/blog\/author\/wagener_bjoern\/"}]}},"jetpack_publicize_connections":[],"jetpack_featured_media_url":"https:\/\/www.deskmodder.de\/blog\/wp-content\/uploads\/2025\/06\/deutschlandticket.jpg","_links":{"self":[{"href":"https:\/\/www.deskmodder.de\/blog\/wp-json\/wp\/v2\/posts\/204341","targetHints":{"allow":["GET"]}}],"collection":[{"href":"https:\/\/www.deskmodder.de\/blog\/wp-json\/wp\/v2\/posts"}],"about":[{"href":"https:\/\/www.deskmodder.de\/blog\/wp-json\/wp\/v2\/types\/post"}],"author":[{"embeddable":true,"href":"https:\/\/www.deskmodder.de\/blog\/wp-json\/wp\/v2\/users\/4894"}],"replies":[{"embeddable":true,"href":"https:\/\/www.deskmodder.de\/blog\/wp-json\/wp\/v2\/comments?post=204341"}],"version-history":[{"count":2,"href":"https:\/\/www.deskmodder.de\/blog\/wp-json\/wp\/v2\/posts\/204341\/revisions"}],"predecessor-version":[{"id":204343,"href":"https:\/\/www.deskmodder.de\/blog\/wp-json\/wp\/v2\/posts\/204341\/revisions\/204343"}],"wp:featuredmedia":[{"embeddable":true,"href":"https:\/\/www.deskmodder.de\/blog\/wp-json\/wp\/v2\/media\/200275"}],"wp:attachment":[{"href":"https:\/\/www.deskmodder.de\/blog\/wp-json\/wp\/v2\/media?parent=204341"}],"wp:term":[{"taxonomy":"category","embeddable":true,"href":"https:\/\/www.deskmodder.de\/blog\/wp-json\/wp\/v2\/categories?post=204341"},{"taxonomy":"post_tag","embeddable":true,"href":"https:\/\/www.deskmodder.de\/blog\/wp-json\/wp\/v2\/tags?post=204341"}],"curies":[{"name":"wp","href":"https:\/\/api.w.org\/{rel}","templated":true}]}}