{"id":20413,"date":"2014-02-04T17:28:39","date_gmt":"2014-02-04T16:28:39","guid":{"rendered":"http:\/\/www.deskmodder.de\/blog\/?p=20413"},"modified":"2014-02-04T17:28:39","modified_gmt":"2014-02-04T16:28:39","slug":"der-neue-ceo-bei-microsoft-heisst-satya-nadella","status":"publish","type":"post","link":"https:\/\/www.deskmodder.de\/blog\/2014\/02\/04\/der-neue-ceo-bei-microsoft-heisst-satya-nadella\/","title":{"rendered":"Der neue CEO bei Microsoft hei\u00dft Satya Nadella"},"content":{"rendered":"<p><a href=\"http:\/\/www.deskmodder.de\/blog\/wp-content\/uploads\/2013\/07\/Microsoft.jpg\" rel=\"lightbox[20413]\"><img loading=\"lazy\" decoding=\"async\" class=\"alignleft size-medium wp-image-8473\" alt=\"Microsoft\" src=\"http:\/\/www.deskmodder.de\/blog\/wp-content\/uploads\/2013\/07\/Microsoft-150x84.jpg\" width=\"150\" height=\"84\" \/><\/a>In den letzten Wochen war regelm\u00e4\u00dfig Thema in den Techblogs und Webseiten, wer denn nun der neue Kopf bei Microsoft nach dem Abschied von Steve Ballmer werden wird. Viele Namen waren im Gespr\u00e4ch. Dabei gab es Namen aus den eigenen Reihen von Microsoft als auch &#8222;ausw\u00e4rtige&#8220; Kandidaten.<\/p>\n<p>Nun ist das Rennen beendet und Microsoft hat mit Satya Nadella seinen neuen CEO gefunden. Dies hat man nun offiziell bekanntgegeben. Mit sofortiger Wirkung wird er den Chefsessel \u00fcbernehmen.<\/p>\n<p><!--more--><\/p>\n<p>Ob die 20 Jahre, welche Satya Nadella bereits bei Microsoft arbeitet, ausschlaggebend waren, wissen wir nicht. Bisher war dieser Chef der Cloud-Sparte von Microsoft und kennt somit auch sehr gut die Strukturen im Unternehmen.<\/p>\n<p>[stextbox id=&#8220;zitat&#8220;]<\/p>\n<p>\u201cMicrosoft is one of those rare companies to have truly revolutionized the world through technology, and I couldn\u2019t be more honored to have been chosen to lead the company. The opportunity ahead for Microsoft is vast, but to seize it, we must focus clearly, move faster and continue to transform. A big part of my job is to accelerate our ability to bring innovative products to our customers more quickly.\u201d Satya Nadella<\/p>\n<p>[\/stextbox]<\/p>\n<p>Gespannt bin ich, wie er das Unternehmen gerade im Hinblick auf Windows voranbringen wird. Steve Ballmer war hier immer sehr umstritten. Die Erfahrung ist da und hoffentlich die Coolness und Lockerheit auch.<\/p>\n<p>Letztlich steht er nicht ganz alleine da &#8211; denn die Icone Bill Gates kommt aus dem Ruhestand zur\u00fcck und wird. Dieser tritt als Vorstandsvorsitzender zur\u00fcck und wird \u201cTechnology Advisor\u201d.<br \/>\nNeben dem ersten Interview von Satya Nadella, gibt&#8217;s hier einmal noch ein paar weitere Videos von Bill Gates, Steve Ballmer und John Thompson.<\/p>\n<p><center><iframe loading=\"lazy\" src=\"\/\/www.youtube-nocookie.com\/embed\/T8JwNZBJ_wI?feature=player_embedded\" height=\"360\" width=\"640\" allowfullscreen=\"\" frameborder=\"0\"><\/iframe><\/center><br \/>\n<center><iframe loading=\"lazy\" src=\"\/\/www.youtube-nocookie.com\/embed\/M5BhQVuRcTk?feature=player_embedded\" height=\"360\" width=\"640\" allowfullscreen=\"\" frameborder=\"0\"><\/iframe><\/center><br \/>\n<center><iframe loading=\"lazy\" src=\"\/\/www.youtube-nocookie.com\/embed\/jy8Qhcf_moA?feature=player_embedded\" height=\"360\" width=\"640\" allowfullscreen=\"\" frameborder=\"0\"><\/iframe><\/center><br \/>\n<center><iframe loading=\"lazy\" src=\"\/\/www.youtube-nocookie.com\/embed\/o3K5lloQTT8?feature=player_embedded\" height=\"360\" width=\"640\" allowfullscreen=\"\" frameborder=\"0\"><\/iframe><\/center><br \/>\n[<a href=\"http:\/\/www.microsoft.com\/en-us\/news\/press\/2014\/feb14\/02-04newspr.aspx\" target=\"_blank\">Quelle<\/a>]<\/p>\n<p><center><\/center><\/p>\n","protected":false},"excerpt":{"rendered":"<p>In den letzten Wochen war regelm\u00e4\u00dfig Thema in den Techblogs und Webseiten, wer denn nun der neue Kopf bei Microsoft nach dem Abschied von Steve Ballmer werden wird. Viele Namen waren im Gespr\u00e4ch. Dabei gab es Namen aus den eigenen&hellip; <\/p>\n","protected":false},"author":2020,"featured_media":0,"comment_status":"open","ping_status":"open","sticky":false,"template":"","format":"standard","meta":{"jetpack_post_was_ever_published":false,"footnotes":"","jetpack_publicize_message":"","jetpack_publicize_feature_enabled":true,"jetpack_social_post_already_shared":false,"jetpack_social_options":{"image_generator_settings":{"template":"highway","default_image_id":0,"font":"","enabled":false},"version":2}},"categories":[1],"tags":[4582,148,4583],"class_list":["post-20413","post","type-post","status-publish","format-standard","hentry","category-allgemein","tag-ceo","tag-microsoft","tag-satya-nadella"],"wp_featured_image":null,"commentcount":1,"wp_comments":[{"id":4751,"parent":0,"author":0,"author_name":"magnet","author_email":"mmgermany@arcor.de","author_url":"","author_avatar_urls":{"24":"https:\/\/secure.gravatar.com\/avatar\/fe7f98dac3622cfd748e39443dbde21340d86cb9d560223a91fc6375169d0e41?s=24&d=mm&r=g","48":"https:\/\/secure.gravatar.com\/avatar\/fe7f98dac3622cfd748e39443dbde21340d86cb9d560223a91fc6375169d0e41?s=48&d=mm&r=g","96":"https:\/\/secure.gravatar.com\/avatar\/fe7f98dac3622cfd748e39443dbde21340d86cb9d560223a91fc6375169d0e41?s=96&d=mm&r=g"},"date":"2014-02-04T18:14:34","cld_nonce":"015d9540d6","content":{"rendered":"<p>Na dann lassen wir uns einmal \u00fcberraschen, ob der Wechsel mit der Zeit etwas in Bewegung setzt. <img src=\"https:\/\/www.deskmodder.de\/blog\/wp-content\/plugins\/classic-smilies\/img\/icon_smile.gif\" alt=\":)\" class=\"wp-smiley\" \/><\/p>\n"},"status":"1"}],"wp_author":{"id":2020,"name":"Mike","description":"\u00dcber das Anpassen &amp; Abspecken von XP in die \"Windows-Welt\" gekommen, interessiere ich mich eigentlich f\u00fcr jedes gute St\u00fcck Technik. Neben Windows hat auch Android bei mir ein zu Hause gefunden. Und ich bin jedes Jahr gespannt, was mich Neues erwartet. Bloggen ist eine Leidenschaft von mir und ich teile diese hier gerne mit euch.","author_avatar_urls":{"24":"https:\/\/secure.gravatar.com\/avatar\/a25a00ccc6c845d38ee2695915f64089ae7e42ad1a0e8247e29b357ef56b0fab?s=24&d=mm&r=g","48":"https:\/\/secure.gravatar.com\/avatar\/a25a00ccc6c845d38ee2695915f64089ae7e42ad1a0e8247e29b357ef56b0fab?s=48&d=mm&r=g","96":"https:\/\/secure.gravatar.com\/avatar\/a25a00ccc6c845d38ee2695915f64089ae7e42ad1a0e8247e29b357ef56b0fab?s=96&d=mm&r=g"}},"cld_nonce":"015d9540d6","yoast_head":"<!-- This site is optimized with the Yoast SEO Premium plugin v27.5 (Yoast SEO v27.5) - https:\/\/yoast.com\/product\/yoast-seo-premium-wordpress\/ -->\n<title>Der neue CEO bei Microsoft hei\u00dft Satya Nadella - Deskmodder.de<\/title>\n<meta name=\"robots\" content=\"index, follow, max-snippet:-1, max-image-preview:large, max-video-preview:-1\" \/>\n<link rel=\"canonical\" href=\"https:\/\/www.deskmodder.de\/blog\/2014\/02\/04\/der-neue-ceo-bei-microsoft-heisst-satya-nadella\/\" \/>\n<meta property=\"og:locale\" content=\"de_DE\" \/>\n<meta property=\"og:type\" content=\"article\" \/>\n<meta property=\"og:title\" content=\"Der neue CEO bei Microsoft hei\u00dft Satya Nadella\" \/>\n<meta property=\"og:description\" content=\"In den letzten Wochen war regelm\u00e4\u00dfig Thema in den Techblogs und Webseiten, wer denn nun der neue Kopf bei Microsoft nach dem Abschied von Steve Ballmer werden wird. Viele Namen waren im Gespr\u00e4ch. Dabei gab es Namen aus den eigenen&hellip;\" \/>\n<meta property=\"og:url\" content=\"https:\/\/www.deskmodder.de\/blog\/2014\/02\/04\/der-neue-ceo-bei-microsoft-heisst-satya-nadella\/\" \/>\n<meta property=\"og:site_name\" content=\"Deskmodder.de\" \/>\n<meta property=\"article:publisher\" content=\"https:\/\/www.facebook.com\/Deskmodder\" \/>\n<meta property=\"article:published_time\" content=\"2014-02-04T16:28:39+00:00\" \/>\n<meta property=\"og:image\" content=\"http:\/\/www.deskmodder.de\/blog\/wp-content\/uploads\/2013\/07\/Microsoft-150x84.jpg\" \/>\n<meta name=\"author\" content=\"Mike\" \/>\n<meta name=\"twitter:card\" content=\"summary_large_image\" \/>\n<meta name=\"twitter:creator\" content=\"@Deskmodder\" \/>\n<meta name=\"twitter:site\" content=\"@Deskmodder\" \/>\n<script type=\"application\/ld+json\" class=\"yoast-schema-graph\">{\"@context\":\"https:\\\/\\\/schema.org\",\"@graph\":[{\"@type\":\"Article\",\"@id\":\"https:\\\/\\\/www.deskmodder.de\\\/blog\\\/2014\\\/02\\\/04\\\/der-neue-ceo-bei-microsoft-heisst-satya-nadella\\\/#article\",\"isPartOf\":{\"@id\":\"https:\\\/\\\/www.deskmodder.de\\\/blog\\\/2014\\\/02\\\/04\\\/der-neue-ceo-bei-microsoft-heisst-satya-nadella\\\/\"},\"author\":{\"name\":\"Mike\",\"@id\":\"https:\\\/\\\/www.deskmodder.de\\\/blog\\\/#\\\/schema\\\/person\\\/0d15dadb25ee420cb54f76ad120c98fa\"},\"headline\":\"Der neue CEO bei Microsoft hei\u00dft Satya Nadella\",\"datePublished\":\"2014-02-04T16:28:39+00:00\",\"mainEntityOfPage\":{\"@id\":\"https:\\\/\\\/www.deskmodder.de\\\/blog\\\/2014\\\/02\\\/04\\\/der-neue-ceo-bei-microsoft-heisst-satya-nadella\\\/\"},\"wordCount\":286,\"commentCount\":1,\"publisher\":{\"@id\":\"https:\\\/\\\/www.deskmodder.de\\\/blog\\\/#organization\"},\"image\":{\"@id\":\"https:\\\/\\\/www.deskmodder.de\\\/blog\\\/2014\\\/02\\\/04\\\/der-neue-ceo-bei-microsoft-heisst-satya-nadella\\\/#primaryimage\"},\"thumbnailUrl\":\"http:\\\/\\\/www.deskmodder.de\\\/blog\\\/wp-content\\\/uploads\\\/2013\\\/07\\\/Microsoft-150x84.jpg\",\"keywords\":[\"CEO\",\"Microsoft\",\"Satya Nadella\"],\"inLanguage\":\"de\",\"potentialAction\":[{\"@type\":\"CommentAction\",\"name\":\"Comment\",\"target\":[\"https:\\\/\\\/www.deskmodder.de\\\/blog\\\/2014\\\/02\\\/04\\\/der-neue-ceo-bei-microsoft-heisst-satya-nadella\\\/#respond\"]}],\"copyrightYear\":\"2014\",\"copyrightHolder\":{\"@id\":\"https:\\\/\\\/www.deskmodder.de\\\/blog\\\/#organization\"}},{\"@type\":\"WebPage\",\"@id\":\"https:\\\/\\\/www.deskmodder.de\\\/blog\\\/2014\\\/02\\\/04\\\/der-neue-ceo-bei-microsoft-heisst-satya-nadella\\\/\",\"url\":\"https:\\\/\\\/www.deskmodder.de\\\/blog\\\/2014\\\/02\\\/04\\\/der-neue-ceo-bei-microsoft-heisst-satya-nadella\\\/\",\"name\":\"Der neue CEO bei Microsoft hei\u00dft Satya Nadella - Deskmodder.de\",\"isPartOf\":{\"@id\":\"https:\\\/\\\/www.deskmodder.de\\\/blog\\\/#website\"},\"primaryImageOfPage\":{\"@id\":\"https:\\\/\\\/www.deskmodder.de\\\/blog\\\/2014\\\/02\\\/04\\\/der-neue-ceo-bei-microsoft-heisst-satya-nadella\\\/#primaryimage\"},\"image\":{\"@id\":\"https:\\\/\\\/www.deskmodder.de\\\/blog\\\/2014\\\/02\\\/04\\\/der-neue-ceo-bei-microsoft-heisst-satya-nadella\\\/#primaryimage\"},\"thumbnailUrl\":\"http:\\\/\\\/www.deskmodder.de\\\/blog\\\/wp-content\\\/uploads\\\/2013\\\/07\\\/Microsoft-150x84.jpg\",\"datePublished\":\"2014-02-04T16:28:39+00:00\",\"breadcrumb\":{\"@id\":\"https:\\\/\\\/www.deskmodder.de\\\/blog\\\/2014\\\/02\\\/04\\\/der-neue-ceo-bei-microsoft-heisst-satya-nadella\\\/#breadcrumb\"},\"inLanguage\":\"de\",\"potentialAction\":[{\"@type\":\"ReadAction\",\"target\":[\"https:\\\/\\\/www.deskmodder.de\\\/blog\\\/2014\\\/02\\\/04\\\/der-neue-ceo-bei-microsoft-heisst-satya-nadella\\\/\"]}]},{\"@type\":\"ImageObject\",\"inLanguage\":\"de\",\"@id\":\"https:\\\/\\\/www.deskmodder.de\\\/blog\\\/2014\\\/02\\\/04\\\/der-neue-ceo-bei-microsoft-heisst-satya-nadella\\\/#primaryimage\",\"url\":\"http:\\\/\\\/www.deskmodder.de\\\/blog\\\/wp-content\\\/uploads\\\/2013\\\/07\\\/Microsoft-150x84.jpg\",\"contentUrl\":\"http:\\\/\\\/www.deskmodder.de\\\/blog\\\/wp-content\\\/uploads\\\/2013\\\/07\\\/Microsoft-150x84.jpg\"},{\"@type\":\"BreadcrumbList\",\"@id\":\"https:\\\/\\\/www.deskmodder.de\\\/blog\\\/2014\\\/02\\\/04\\\/der-neue-ceo-bei-microsoft-heisst-satya-nadella\\\/#breadcrumb\",\"itemListElement\":[{\"@type\":\"ListItem\",\"position\":1,\"name\":\"Startseite\",\"item\":\"https:\\\/\\\/www.deskmodder.de\\\/blog\\\/\"},{\"@type\":\"ListItem\",\"position\":2,\"name\":\"Der neue CEO bei Microsoft hei\u00dft Satya Nadella\"}]},{\"@type\":\"WebSite\",\"@id\":\"https:\\\/\\\/www.deskmodder.de\\\/blog\\\/#website\",\"url\":\"https:\\\/\\\/www.deskmodder.de\\\/blog\\\/\",\"name\":\"Deskmodder.de\",\"description\":\"News zum Thema Microsoft, Windows 11 \\\/ 10, sowie anderen Neuigkeiten aus dem Netz, viele Tipps und individuelle Hilfe bei Problemen in unserem Forum \u25cf Deskmodder - seit 2003\",\"publisher\":{\"@id\":\"https:\\\/\\\/www.deskmodder.de\\\/blog\\\/#organization\"},\"potentialAction\":[{\"@type\":\"SearchAction\",\"target\":{\"@type\":\"EntryPoint\",\"urlTemplate\":\"https:\\\/\\\/www.deskmodder.de\\\/blog\\\/?s={search_term_string}\"},\"query-input\":{\"@type\":\"PropertyValueSpecification\",\"valueRequired\":true,\"valueName\":\"search_term_string\"}}],\"inLanguage\":\"de\"},{\"@type\":\"Organization\",\"@id\":\"https:\\\/\\\/www.deskmodder.de\\\/blog\\\/#organization\",\"name\":\"Deskmodder\",\"url\":\"https:\\\/\\\/www.deskmodder.de\\\/blog\\\/\",\"logo\":{\"@type\":\"ImageObject\",\"inLanguage\":\"de\",\"@id\":\"https:\\\/\\\/www.deskmodder.de\\\/blog\\\/#\\\/schema\\\/logo\\\/image\\\/\",\"url\":\"https:\\\/\\\/www.deskmodder.de\\\/blog\\\/wp-content\\\/uploads\\\/2019\\\/01\\\/deskmodder-logo-app.png\",\"contentUrl\":\"https:\\\/\\\/www.deskmodder.de\\\/blog\\\/wp-content\\\/uploads\\\/2019\\\/01\\\/deskmodder-logo-app.png\",\"width\":281,\"height\":286,\"caption\":\"Deskmodder\"},\"image\":{\"@id\":\"https:\\\/\\\/www.deskmodder.de\\\/blog\\\/#\\\/schema\\\/logo\\\/image\\\/\"},\"sameAs\":[\"https:\\\/\\\/www.facebook.com\\\/Deskmodder\",\"https:\\\/\\\/x.com\\\/Deskmodder\",\"https:\\\/\\\/mastodontech.de\\\/@Deskmodder\",\"https:\\\/\\\/www.youtube.com\\\/user\\\/deskmodder\",\"https:\\\/\\\/mewe.com\\\/group\\\/5c83b5231add826fc80cdae1\"]},{\"@type\":\"Person\",\"@id\":\"https:\\\/\\\/www.deskmodder.de\\\/blog\\\/#\\\/schema\\\/person\\\/0d15dadb25ee420cb54f76ad120c98fa\",\"name\":\"Mike\",\"image\":{\"@type\":\"ImageObject\",\"inLanguage\":\"de\",\"@id\":\"https:\\\/\\\/secure.gravatar.com\\\/avatar\\\/a25a00ccc6c845d38ee2695915f64089ae7e42ad1a0e8247e29b357ef56b0fab?s=96&d=mm&r=g\",\"url\":\"https:\\\/\\\/secure.gravatar.com\\\/avatar\\\/a25a00ccc6c845d38ee2695915f64089ae7e42ad1a0e8247e29b357ef56b0fab?s=96&d=mm&r=g\",\"contentUrl\":\"https:\\\/\\\/secure.gravatar.com\\\/avatar\\\/a25a00ccc6c845d38ee2695915f64089ae7e42ad1a0e8247e29b357ef56b0fab?s=96&d=mm&r=g\",\"caption\":\"Mike\"},\"description\":\"\u00dcber das Anpassen &amp; Abspecken von XP in die \\\"Windows-Welt\\\" gekommen, interessiere ich mich eigentlich f\u00fcr jedes gute St\u00fcck Technik. Neben Windows hat auch Android bei mir ein zu Hause gefunden. Und ich bin jedes Jahr gespannt, was mich Neues erwartet. Bloggen ist eine Leidenschaft von mir und ich teile diese hier gerne mit euch.\",\"url\":\"https:\\\/\\\/www.deskmodder.de\\\/blog\\\/author\\\/mike\\\/\"}]}<\/script>\n<!-- \/ Yoast SEO Premium plugin. -->","yoast_head_json":{"title":"Der neue CEO bei Microsoft hei\u00dft Satya Nadella - Deskmodder.de","robots":{"index":"index","follow":"follow","max-snippet":"max-snippet:-1","max-image-preview":"max-image-preview:large","max-video-preview":"max-video-preview:-1"},"canonical":"https:\/\/www.deskmodder.de\/blog\/2014\/02\/04\/der-neue-ceo-bei-microsoft-heisst-satya-nadella\/","og_locale":"de_DE","og_type":"article","og_title":"Der neue CEO bei Microsoft hei\u00dft Satya Nadella","og_description":"In den letzten Wochen war regelm\u00e4\u00dfig Thema in den Techblogs und Webseiten, wer denn nun der neue Kopf bei Microsoft nach dem Abschied von Steve Ballmer werden wird. Viele Namen waren im Gespr\u00e4ch. Dabei gab es Namen aus den eigenen&hellip;","og_url":"https:\/\/www.deskmodder.de\/blog\/2014\/02\/04\/der-neue-ceo-bei-microsoft-heisst-satya-nadella\/","og_site_name":"Deskmodder.de","article_publisher":"https:\/\/www.facebook.com\/Deskmodder","article_published_time":"2014-02-04T16:28:39+00:00","og_image":[{"url":"http:\/\/www.deskmodder.de\/blog\/wp-content\/uploads\/2013\/07\/Microsoft-150x84.jpg","type":"","width":"","height":""}],"author":"Mike","twitter_card":"summary_large_image","twitter_creator":"@Deskmodder","twitter_site":"@Deskmodder","schema":{"@context":"https:\/\/schema.org","@graph":[{"@type":"Article","@id":"https:\/\/www.deskmodder.de\/blog\/2014\/02\/04\/der-neue-ceo-bei-microsoft-heisst-satya-nadella\/#article","isPartOf":{"@id":"https:\/\/www.deskmodder.de\/blog\/2014\/02\/04\/der-neue-ceo-bei-microsoft-heisst-satya-nadella\/"},"author":{"name":"Mike","@id":"https:\/\/www.deskmodder.de\/blog\/#\/schema\/person\/0d15dadb25ee420cb54f76ad120c98fa"},"headline":"Der neue CEO bei Microsoft hei\u00dft Satya Nadella","datePublished":"2014-02-04T16:28:39+00:00","mainEntityOfPage":{"@id":"https:\/\/www.deskmodder.de\/blog\/2014\/02\/04\/der-neue-ceo-bei-microsoft-heisst-satya-nadella\/"},"wordCount":286,"commentCount":1,"publisher":{"@id":"https:\/\/www.deskmodder.de\/blog\/#organization"},"image":{"@id":"https:\/\/www.deskmodder.de\/blog\/2014\/02\/04\/der-neue-ceo-bei-microsoft-heisst-satya-nadella\/#primaryimage"},"thumbnailUrl":"http:\/\/www.deskmodder.de\/blog\/wp-content\/uploads\/2013\/07\/Microsoft-150x84.jpg","keywords":["CEO","Microsoft","Satya Nadella"],"inLanguage":"de","potentialAction":[{"@type":"CommentAction","name":"Comment","target":["https:\/\/www.deskmodder.de\/blog\/2014\/02\/04\/der-neue-ceo-bei-microsoft-heisst-satya-nadella\/#respond"]}],"copyrightYear":"2014","copyrightHolder":{"@id":"https:\/\/www.deskmodder.de\/blog\/#organization"}},{"@type":"WebPage","@id":"https:\/\/www.deskmodder.de\/blog\/2014\/02\/04\/der-neue-ceo-bei-microsoft-heisst-satya-nadella\/","url":"https:\/\/www.deskmodder.de\/blog\/2014\/02\/04\/der-neue-ceo-bei-microsoft-heisst-satya-nadella\/","name":"Der neue CEO bei Microsoft hei\u00dft Satya Nadella - Deskmodder.de","isPartOf":{"@id":"https:\/\/www.deskmodder.de\/blog\/#website"},"primaryImageOfPage":{"@id":"https:\/\/www.deskmodder.de\/blog\/2014\/02\/04\/der-neue-ceo-bei-microsoft-heisst-satya-nadella\/#primaryimage"},"image":{"@id":"https:\/\/www.deskmodder.de\/blog\/2014\/02\/04\/der-neue-ceo-bei-microsoft-heisst-satya-nadella\/#primaryimage"},"thumbnailUrl":"http:\/\/www.deskmodder.de\/blog\/wp-content\/uploads\/2013\/07\/Microsoft-150x84.jpg","datePublished":"2014-02-04T16:28:39+00:00","breadcrumb":{"@id":"https:\/\/www.deskmodder.de\/blog\/2014\/02\/04\/der-neue-ceo-bei-microsoft-heisst-satya-nadella\/#breadcrumb"},"inLanguage":"de","potentialAction":[{"@type":"ReadAction","target":["https:\/\/www.deskmodder.de\/blog\/2014\/02\/04\/der-neue-ceo-bei-microsoft-heisst-satya-nadella\/"]}]},{"@type":"ImageObject","inLanguage":"de","@id":"https:\/\/www.deskmodder.de\/blog\/2014\/02\/04\/der-neue-ceo-bei-microsoft-heisst-satya-nadella\/#primaryimage","url":"http:\/\/www.deskmodder.de\/blog\/wp-content\/uploads\/2013\/07\/Microsoft-150x84.jpg","contentUrl":"http:\/\/www.deskmodder.de\/blog\/wp-content\/uploads\/2013\/07\/Microsoft-150x84.jpg"},{"@type":"BreadcrumbList","@id":"https:\/\/www.deskmodder.de\/blog\/2014\/02\/04\/der-neue-ceo-bei-microsoft-heisst-satya-nadella\/#breadcrumb","itemListElement":[{"@type":"ListItem","position":1,"name":"Startseite","item":"https:\/\/www.deskmodder.de\/blog\/"},{"@type":"ListItem","position":2,"name":"Der neue CEO bei Microsoft hei\u00dft Satya Nadella"}]},{"@type":"WebSite","@id":"https:\/\/www.deskmodder.de\/blog\/#website","url":"https:\/\/www.deskmodder.de\/blog\/","name":"Deskmodder.de","description":"News zum Thema Microsoft, Windows 11 \/ 10, sowie anderen Neuigkeiten aus dem Netz, viele Tipps und individuelle Hilfe bei Problemen in unserem Forum \u25cf Deskmodder - seit 2003","publisher":{"@id":"https:\/\/www.deskmodder.de\/blog\/#organization"},"potentialAction":[{"@type":"SearchAction","target":{"@type":"EntryPoint","urlTemplate":"https:\/\/www.deskmodder.de\/blog\/?s={search_term_string}"},"query-input":{"@type":"PropertyValueSpecification","valueRequired":true,"valueName":"search_term_string"}}],"inLanguage":"de"},{"@type":"Organization","@id":"https:\/\/www.deskmodder.de\/blog\/#organization","name":"Deskmodder","url":"https:\/\/www.deskmodder.de\/blog\/","logo":{"@type":"ImageObject","inLanguage":"de","@id":"https:\/\/www.deskmodder.de\/blog\/#\/schema\/logo\/image\/","url":"https:\/\/www.deskmodder.de\/blog\/wp-content\/uploads\/2019\/01\/deskmodder-logo-app.png","contentUrl":"https:\/\/www.deskmodder.de\/blog\/wp-content\/uploads\/2019\/01\/deskmodder-logo-app.png","width":281,"height":286,"caption":"Deskmodder"},"image":{"@id":"https:\/\/www.deskmodder.de\/blog\/#\/schema\/logo\/image\/"},"sameAs":["https:\/\/www.facebook.com\/Deskmodder","https:\/\/x.com\/Deskmodder","https:\/\/mastodontech.de\/@Deskmodder","https:\/\/www.youtube.com\/user\/deskmodder","https:\/\/mewe.com\/group\/5c83b5231add826fc80cdae1"]},{"@type":"Person","@id":"https:\/\/www.deskmodder.de\/blog\/#\/schema\/person\/0d15dadb25ee420cb54f76ad120c98fa","name":"Mike","image":{"@type":"ImageObject","inLanguage":"de","@id":"https:\/\/secure.gravatar.com\/avatar\/a25a00ccc6c845d38ee2695915f64089ae7e42ad1a0e8247e29b357ef56b0fab?s=96&d=mm&r=g","url":"https:\/\/secure.gravatar.com\/avatar\/a25a00ccc6c845d38ee2695915f64089ae7e42ad1a0e8247e29b357ef56b0fab?s=96&d=mm&r=g","contentUrl":"https:\/\/secure.gravatar.com\/avatar\/a25a00ccc6c845d38ee2695915f64089ae7e42ad1a0e8247e29b357ef56b0fab?s=96&d=mm&r=g","caption":"Mike"},"description":"\u00dcber das Anpassen &amp; Abspecken von XP in die \"Windows-Welt\" gekommen, interessiere ich mich eigentlich f\u00fcr jedes gute St\u00fcck Technik. Neben Windows hat auch Android bei mir ein zu Hause gefunden. Und ich bin jedes Jahr gespannt, was mich Neues erwartet. Bloggen ist eine Leidenschaft von mir und ich teile diese hier gerne mit euch.","url":"https:\/\/www.deskmodder.de\/blog\/author\/mike\/"}]}},"jetpack_publicize_connections":[],"jetpack_featured_media_url":"","_links":{"self":[{"href":"https:\/\/www.deskmodder.de\/blog\/wp-json\/wp\/v2\/posts\/20413","targetHints":{"allow":["GET"]}}],"collection":[{"href":"https:\/\/www.deskmodder.de\/blog\/wp-json\/wp\/v2\/posts"}],"about":[{"href":"https:\/\/www.deskmodder.de\/blog\/wp-json\/wp\/v2\/types\/post"}],"author":[{"embeddable":true,"href":"https:\/\/www.deskmodder.de\/blog\/wp-json\/wp\/v2\/users\/2020"}],"replies":[{"embeddable":true,"href":"https:\/\/www.deskmodder.de\/blog\/wp-json\/wp\/v2\/comments?post=20413"}],"version-history":[{"count":0,"href":"https:\/\/www.deskmodder.de\/blog\/wp-json\/wp\/v2\/posts\/20413\/revisions"}],"wp:attachment":[{"href":"https:\/\/www.deskmodder.de\/blog\/wp-json\/wp\/v2\/media?parent=20413"}],"wp:term":[{"taxonomy":"category","embeddable":true,"href":"https:\/\/www.deskmodder.de\/blog\/wp-json\/wp\/v2\/categories?post=20413"},{"taxonomy":"post_tag","embeddable":true,"href":"https:\/\/www.deskmodder.de\/blog\/wp-json\/wp\/v2\/tags?post=20413"}],"curies":[{"name":"wp","href":"https:\/\/api.w.org\/{rel}","templated":true}]}}