{"id":20402,"date":"2014-02-04T15:23:40","date_gmt":"2014-02-04T14:23:40","guid":{"rendered":"http:\/\/www.deskmodder.de\/blog\/?p=20402"},"modified":"2014-02-04T15:23:40","modified_gmt":"2014-02-04T14:23:40","slug":"neue-informationen-zur-verbauten-kamera-im-kommenden-lg-g-pro-2","status":"publish","type":"post","link":"https:\/\/www.deskmodder.de\/blog\/2014\/02\/04\/neue-informationen-zur-verbauten-kamera-im-kommenden-lg-g-pro-2\/","title":{"rendered":"Neue Informationen zur verbauten Kamera im kommenden &#8222;LG G Pro 2&#8220;"},"content":{"rendered":"<p><a href=\"http:\/\/www.deskmodder.de\/blog\/wp-content\/uploads\/2014\/01\/lg-g2-header.jpg\" rel=\"lightbox[20402]\"><img loading=\"lazy\" decoding=\"async\" class=\"alignleft size-medium wp-image-19164\" alt=\"lg-g2\" src=\"http:\/\/www.deskmodder.de\/blog\/wp-content\/uploads\/2014\/01\/lg-g2-header-150x101.jpg\" width=\"150\" height=\"101\" srcset=\"https:\/\/www.deskmodder.de\/blog\/wp-content\/uploads\/2014\/01\/lg-g2-header-150x101.jpg 150w, https:\/\/www.deskmodder.de\/blog\/wp-content\/uploads\/2014\/01\/lg-g2-header-500x337.jpg 500w, https:\/\/www.deskmodder.de\/blog\/wp-content\/uploads\/2014\/01\/lg-g2-header.jpg 512w\" sizes=\"auto, (max-width: 150px) 100vw, 150px\" \/><\/a>Auch LG wird auf dem Mobile World Congress in Barcelona anwesend sein und uns hoffentlich schicke, neue Ger\u00e4te pr\u00e4sentieren. Zumindest werden wir wohl das &#8222;LG G Pro 2&#8220; Smartphone zu sehen bekommen, welches vor Allem mit seiner Kamera und deren Funktionen punkten kann.<\/p>\n<p>Als Konkurrenz zum Galaxy Note tritt das G Pro 2 an und punktet u.a. mit einem optischen Bildstabilisator. Dieser soll jedoch verbessert worden sein und auf die Bezeichnung &#8222;OIS Plus&#8220; h\u00f6ren. Neben dem verbauten Stabilisator soll auch die neue Kamerasoftware zus\u00e4tzlich f\u00fcr noch mehr Stabilit\u00e4t und bessere Bilder sorgen.<\/p>\n<p><!--more--><\/p>\n<p>Auch der Burst-Modus wurde erweiteret. Denn nun kann man beim festhalten des Ausl\u00f6sers bis zu 20 Bilder kurz hintereinander &#8222;schie\u00dfen&#8220; lassen. Die Speicherung soll in einem Bild erfolgen, so dass man neben der Auswahl einzelner Aufnahmen auch die M\u00f6glichkeit alle Bilder als ein Bild z.B. bei Sportaufnahmen zu speichern. Ebenfalls ist die Kamera nun in der Lage Videos in 4k bzw. mit 3840 x 2160 Pixel aufzuzeichnen siwie unterst\u00fctzt diese den 1\/4 SlowMotion Modus.<\/p>\n<p>Klingt alles sehr gut und spannend &#8211; erste Bilder werden uns dann zeigen, was in der Kamera steckt.<\/p>\n<p>[<a href=\"http:\/\/www.androidcentral.com\/lg-confirms-g-pro-2-will-have-ois-camera-slow-motion-and-uhd-video\" target=\"_blank\">via<\/a>]<\/p>\n","protected":false},"excerpt":{"rendered":"<p>Auch LG wird auf dem Mobile World Congress in Barcelona anwesend sein und uns hoffentlich schicke, neue Ger\u00e4te pr\u00e4sentieren. Zumindest werden wir wohl das &#8222;LG G Pro 2&#8220; Smartphone zu sehen bekommen, welches vor Allem mit seiner Kamera und deren&hellip; <\/p>\n","protected":false},"author":2020,"featured_media":0,"comment_status":"open","ping_status":"open","sticky":false,"template":"","format":"standard","meta":{"jetpack_post_was_ever_published":false,"footnotes":"","jetpack_publicize_message":"","jetpack_publicize_feature_enabled":true,"jetpack_social_post_already_shared":false,"jetpack_social_options":{"image_generator_settings":{"template":"highway","default_image_id":0,"font":"","enabled":false},"version":2}},"categories":[1,1286],"tags":[4574,4196,4576,4575],"class_list":["post-20402","post","type-post","status-publish","format-standard","hentry","category-allgemein","category-hardware","tag-g-pro-2-kamera","tag-lg-g-pro-2","tag-ois-plus","tag-slowmotion"],"wp_featured_image":null,"commentcount":0,"wp_comments":[],"wp_author":{"id":2020,"name":"Mike","description":"\u00dcber das Anpassen &amp; Abspecken von XP in die \"Windows-Welt\" gekommen, interessiere ich mich eigentlich f\u00fcr jedes gute St\u00fcck Technik. Neben Windows hat auch Android bei mir ein zu Hause gefunden. Und ich bin jedes Jahr gespannt, was mich Neues erwartet. Bloggen ist eine Leidenschaft von mir und ich teile diese hier gerne mit euch.","author_avatar_urls":{"24":"https:\/\/secure.gravatar.com\/avatar\/a25a00ccc6c845d38ee2695915f64089ae7e42ad1a0e8247e29b357ef56b0fab?s=24&d=mm&r=g","48":"https:\/\/secure.gravatar.com\/avatar\/a25a00ccc6c845d38ee2695915f64089ae7e42ad1a0e8247e29b357ef56b0fab?s=48&d=mm&r=g","96":"https:\/\/secure.gravatar.com\/avatar\/a25a00ccc6c845d38ee2695915f64089ae7e42ad1a0e8247e29b357ef56b0fab?s=96&d=mm&r=g"}},"cld_nonce":"2c6819c04b","yoast_head":"<!-- This site is optimized with the Yoast SEO Premium plugin v27.5 (Yoast SEO v27.5) - https:\/\/yoast.com\/product\/yoast-seo-premium-wordpress\/ -->\n<title>Neue Informationen zur verbauten Kamera im kommenden &quot;LG G Pro 2&quot; - Deskmodder.de<\/title>\n<meta name=\"robots\" content=\"index, follow, max-snippet:-1, max-image-preview:large, max-video-preview:-1\" \/>\n<link rel=\"canonical\" href=\"https:\/\/www.deskmodder.de\/blog\/2014\/02\/04\/neue-informationen-zur-verbauten-kamera-im-kommenden-lg-g-pro-2\/\" \/>\n<meta property=\"og:locale\" content=\"de_DE\" \/>\n<meta property=\"og:type\" content=\"article\" \/>\n<meta property=\"og:title\" content=\"Neue Informationen zur verbauten Kamera im kommenden &quot;LG G Pro 2&quot;\" \/>\n<meta property=\"og:description\" content=\"Auch LG wird auf dem Mobile World Congress in Barcelona anwesend sein und uns hoffentlich schicke, neue Ger\u00e4te pr\u00e4sentieren. Zumindest werden wir wohl das &#8222;LG G Pro 2&#8220; Smartphone zu sehen bekommen, welches vor Allem mit seiner Kamera und deren&hellip;\" \/>\n<meta property=\"og:url\" content=\"https:\/\/www.deskmodder.de\/blog\/2014\/02\/04\/neue-informationen-zur-verbauten-kamera-im-kommenden-lg-g-pro-2\/\" \/>\n<meta property=\"og:site_name\" content=\"Deskmodder.de\" \/>\n<meta property=\"article:publisher\" content=\"https:\/\/www.facebook.com\/Deskmodder\" \/>\n<meta property=\"article:published_time\" content=\"2014-02-04T14:23:40+00:00\" \/>\n<meta property=\"og:image\" content=\"http:\/\/www.deskmodder.de\/blog\/wp-content\/uploads\/2014\/01\/lg-g2-header-150x101.jpg\" \/>\n<meta name=\"author\" content=\"Mike\" \/>\n<meta name=\"twitter:card\" content=\"summary_large_image\" \/>\n<meta name=\"twitter:creator\" content=\"@Deskmodder\" \/>\n<meta name=\"twitter:site\" content=\"@Deskmodder\" \/>\n<script type=\"application\/ld+json\" class=\"yoast-schema-graph\">{\"@context\":\"https:\\\/\\\/schema.org\",\"@graph\":[{\"@type\":\"Article\",\"@id\":\"https:\\\/\\\/www.deskmodder.de\\\/blog\\\/2014\\\/02\\\/04\\\/neue-informationen-zur-verbauten-kamera-im-kommenden-lg-g-pro-2\\\/#article\",\"isPartOf\":{\"@id\":\"https:\\\/\\\/www.deskmodder.de\\\/blog\\\/2014\\\/02\\\/04\\\/neue-informationen-zur-verbauten-kamera-im-kommenden-lg-g-pro-2\\\/\"},\"author\":{\"name\":\"Mike\",\"@id\":\"https:\\\/\\\/www.deskmodder.de\\\/blog\\\/#\\\/schema\\\/person\\\/0d15dadb25ee420cb54f76ad120c98fa\"},\"headline\":\"Neue Informationen zur verbauten Kamera im kommenden &#8222;LG G Pro 2&#8220;\",\"datePublished\":\"2014-02-04T14:23:40+00:00\",\"mainEntityOfPage\":{\"@id\":\"https:\\\/\\\/www.deskmodder.de\\\/blog\\\/2014\\\/02\\\/04\\\/neue-informationen-zur-verbauten-kamera-im-kommenden-lg-g-pro-2\\\/\"},\"wordCount\":201,\"commentCount\":0,\"publisher\":{\"@id\":\"https:\\\/\\\/www.deskmodder.de\\\/blog\\\/#organization\"},\"image\":{\"@id\":\"https:\\\/\\\/www.deskmodder.de\\\/blog\\\/2014\\\/02\\\/04\\\/neue-informationen-zur-verbauten-kamera-im-kommenden-lg-g-pro-2\\\/#primaryimage\"},\"thumbnailUrl\":\"http:\\\/\\\/www.deskmodder.de\\\/blog\\\/wp-content\\\/uploads\\\/2014\\\/01\\\/lg-g2-header-150x101.jpg\",\"keywords\":[\"G Pro 2 Kamera\",\"LG G Pro 2\",\"OIS Plus\",\"SlowMotion\"],\"articleSection\":{\"1\":\"Hardware\"},\"inLanguage\":\"de\",\"potentialAction\":[{\"@type\":\"CommentAction\",\"name\":\"Comment\",\"target\":[\"https:\\\/\\\/www.deskmodder.de\\\/blog\\\/2014\\\/02\\\/04\\\/neue-informationen-zur-verbauten-kamera-im-kommenden-lg-g-pro-2\\\/#respond\"]}],\"copyrightYear\":\"2014\",\"copyrightHolder\":{\"@id\":\"https:\\\/\\\/www.deskmodder.de\\\/blog\\\/#organization\"}},{\"@type\":\"WebPage\",\"@id\":\"https:\\\/\\\/www.deskmodder.de\\\/blog\\\/2014\\\/02\\\/04\\\/neue-informationen-zur-verbauten-kamera-im-kommenden-lg-g-pro-2\\\/\",\"url\":\"https:\\\/\\\/www.deskmodder.de\\\/blog\\\/2014\\\/02\\\/04\\\/neue-informationen-zur-verbauten-kamera-im-kommenden-lg-g-pro-2\\\/\",\"name\":\"Neue Informationen zur verbauten Kamera im kommenden \\\"LG G Pro 2\\\" - Deskmodder.de\",\"isPartOf\":{\"@id\":\"https:\\\/\\\/www.deskmodder.de\\\/blog\\\/#website\"},\"primaryImageOfPage\":{\"@id\":\"https:\\\/\\\/www.deskmodder.de\\\/blog\\\/2014\\\/02\\\/04\\\/neue-informationen-zur-verbauten-kamera-im-kommenden-lg-g-pro-2\\\/#primaryimage\"},\"image\":{\"@id\":\"https:\\\/\\\/www.deskmodder.de\\\/blog\\\/2014\\\/02\\\/04\\\/neue-informationen-zur-verbauten-kamera-im-kommenden-lg-g-pro-2\\\/#primaryimage\"},\"thumbnailUrl\":\"http:\\\/\\\/www.deskmodder.de\\\/blog\\\/wp-content\\\/uploads\\\/2014\\\/01\\\/lg-g2-header-150x101.jpg\",\"datePublished\":\"2014-02-04T14:23:40+00:00\",\"breadcrumb\":{\"@id\":\"https:\\\/\\\/www.deskmodder.de\\\/blog\\\/2014\\\/02\\\/04\\\/neue-informationen-zur-verbauten-kamera-im-kommenden-lg-g-pro-2\\\/#breadcrumb\"},\"inLanguage\":\"de\",\"potentialAction\":[{\"@type\":\"ReadAction\",\"target\":[\"https:\\\/\\\/www.deskmodder.de\\\/blog\\\/2014\\\/02\\\/04\\\/neue-informationen-zur-verbauten-kamera-im-kommenden-lg-g-pro-2\\\/\"]}]},{\"@type\":\"ImageObject\",\"inLanguage\":\"de\",\"@id\":\"https:\\\/\\\/www.deskmodder.de\\\/blog\\\/2014\\\/02\\\/04\\\/neue-informationen-zur-verbauten-kamera-im-kommenden-lg-g-pro-2\\\/#primaryimage\",\"url\":\"https:\\\/\\\/www.deskmodder.de\\\/blog\\\/wp-content\\\/uploads\\\/2014\\\/01\\\/lg-g2-header.jpg\",\"contentUrl\":\"https:\\\/\\\/www.deskmodder.de\\\/blog\\\/wp-content\\\/uploads\\\/2014\\\/01\\\/lg-g2-header.jpg\",\"width\":512,\"height\":346},{\"@type\":\"BreadcrumbList\",\"@id\":\"https:\\\/\\\/www.deskmodder.de\\\/blog\\\/2014\\\/02\\\/04\\\/neue-informationen-zur-verbauten-kamera-im-kommenden-lg-g-pro-2\\\/#breadcrumb\",\"itemListElement\":[{\"@type\":\"ListItem\",\"position\":1,\"name\":\"Startseite\",\"item\":\"https:\\\/\\\/www.deskmodder.de\\\/blog\\\/\"},{\"@type\":\"ListItem\",\"position\":2,\"name\":\"Neue Informationen zur verbauten Kamera im kommenden &#8222;LG G Pro 2&#8220;\"}]},{\"@type\":\"WebSite\",\"@id\":\"https:\\\/\\\/www.deskmodder.de\\\/blog\\\/#website\",\"url\":\"https:\\\/\\\/www.deskmodder.de\\\/blog\\\/\",\"name\":\"Deskmodder.de\",\"description\":\"News zum Thema Microsoft, Windows 11 \\\/ 10, sowie anderen Neuigkeiten aus dem Netz, viele Tipps und individuelle Hilfe bei Problemen in unserem Forum \u25cf Deskmodder - seit 2003\",\"publisher\":{\"@id\":\"https:\\\/\\\/www.deskmodder.de\\\/blog\\\/#organization\"},\"potentialAction\":[{\"@type\":\"SearchAction\",\"target\":{\"@type\":\"EntryPoint\",\"urlTemplate\":\"https:\\\/\\\/www.deskmodder.de\\\/blog\\\/?s={search_term_string}\"},\"query-input\":{\"@type\":\"PropertyValueSpecification\",\"valueRequired\":true,\"valueName\":\"search_term_string\"}}],\"inLanguage\":\"de\"},{\"@type\":\"Organization\",\"@id\":\"https:\\\/\\\/www.deskmodder.de\\\/blog\\\/#organization\",\"name\":\"Deskmodder\",\"url\":\"https:\\\/\\\/www.deskmodder.de\\\/blog\\\/\",\"logo\":{\"@type\":\"ImageObject\",\"inLanguage\":\"de\",\"@id\":\"https:\\\/\\\/www.deskmodder.de\\\/blog\\\/#\\\/schema\\\/logo\\\/image\\\/\",\"url\":\"https:\\\/\\\/www.deskmodder.de\\\/blog\\\/wp-content\\\/uploads\\\/2019\\\/01\\\/deskmodder-logo-app.png\",\"contentUrl\":\"https:\\\/\\\/www.deskmodder.de\\\/blog\\\/wp-content\\\/uploads\\\/2019\\\/01\\\/deskmodder-logo-app.png\",\"width\":281,\"height\":286,\"caption\":\"Deskmodder\"},\"image\":{\"@id\":\"https:\\\/\\\/www.deskmodder.de\\\/blog\\\/#\\\/schema\\\/logo\\\/image\\\/\"},\"sameAs\":[\"https:\\\/\\\/www.facebook.com\\\/Deskmodder\",\"https:\\\/\\\/x.com\\\/Deskmodder\",\"https:\\\/\\\/mastodontech.de\\\/@Deskmodder\",\"https:\\\/\\\/www.youtube.com\\\/user\\\/deskmodder\",\"https:\\\/\\\/mewe.com\\\/group\\\/5c83b5231add826fc80cdae1\"]},{\"@type\":\"Person\",\"@id\":\"https:\\\/\\\/www.deskmodder.de\\\/blog\\\/#\\\/schema\\\/person\\\/0d15dadb25ee420cb54f76ad120c98fa\",\"name\":\"Mike\",\"image\":{\"@type\":\"ImageObject\",\"inLanguage\":\"de\",\"@id\":\"https:\\\/\\\/secure.gravatar.com\\\/avatar\\\/a25a00ccc6c845d38ee2695915f64089ae7e42ad1a0e8247e29b357ef56b0fab?s=96&d=mm&r=g\",\"url\":\"https:\\\/\\\/secure.gravatar.com\\\/avatar\\\/a25a00ccc6c845d38ee2695915f64089ae7e42ad1a0e8247e29b357ef56b0fab?s=96&d=mm&r=g\",\"contentUrl\":\"https:\\\/\\\/secure.gravatar.com\\\/avatar\\\/a25a00ccc6c845d38ee2695915f64089ae7e42ad1a0e8247e29b357ef56b0fab?s=96&d=mm&r=g\",\"caption\":\"Mike\"},\"description\":\"\u00dcber das Anpassen &amp; Abspecken von XP in die \\\"Windows-Welt\\\" gekommen, interessiere ich mich eigentlich f\u00fcr jedes gute St\u00fcck Technik. Neben Windows hat auch Android bei mir ein zu Hause gefunden. Und ich bin jedes Jahr gespannt, was mich Neues erwartet. Bloggen ist eine Leidenschaft von mir und ich teile diese hier gerne mit euch.\",\"url\":\"https:\\\/\\\/www.deskmodder.de\\\/blog\\\/author\\\/mike\\\/\"}]}<\/script>\n<!-- \/ Yoast SEO Premium plugin. -->","yoast_head_json":{"title":"Neue Informationen zur verbauten Kamera im kommenden \"LG G Pro 2\" - Deskmodder.de","robots":{"index":"index","follow":"follow","max-snippet":"max-snippet:-1","max-image-preview":"max-image-preview:large","max-video-preview":"max-video-preview:-1"},"canonical":"https:\/\/www.deskmodder.de\/blog\/2014\/02\/04\/neue-informationen-zur-verbauten-kamera-im-kommenden-lg-g-pro-2\/","og_locale":"de_DE","og_type":"article","og_title":"Neue Informationen zur verbauten Kamera im kommenden \"LG G Pro 2\"","og_description":"Auch LG wird auf dem Mobile World Congress in Barcelona anwesend sein und uns hoffentlich schicke, neue Ger\u00e4te pr\u00e4sentieren. Zumindest werden wir wohl das &#8222;LG G Pro 2&#8220; Smartphone zu sehen bekommen, welches vor Allem mit seiner Kamera und deren&hellip;","og_url":"https:\/\/www.deskmodder.de\/blog\/2014\/02\/04\/neue-informationen-zur-verbauten-kamera-im-kommenden-lg-g-pro-2\/","og_site_name":"Deskmodder.de","article_publisher":"https:\/\/www.facebook.com\/Deskmodder","article_published_time":"2014-02-04T14:23:40+00:00","og_image":[{"url":"http:\/\/www.deskmodder.de\/blog\/wp-content\/uploads\/2014\/01\/lg-g2-header-150x101.jpg","type":"","width":"","height":""}],"author":"Mike","twitter_card":"summary_large_image","twitter_creator":"@Deskmodder","twitter_site":"@Deskmodder","schema":{"@context":"https:\/\/schema.org","@graph":[{"@type":"Article","@id":"https:\/\/www.deskmodder.de\/blog\/2014\/02\/04\/neue-informationen-zur-verbauten-kamera-im-kommenden-lg-g-pro-2\/#article","isPartOf":{"@id":"https:\/\/www.deskmodder.de\/blog\/2014\/02\/04\/neue-informationen-zur-verbauten-kamera-im-kommenden-lg-g-pro-2\/"},"author":{"name":"Mike","@id":"https:\/\/www.deskmodder.de\/blog\/#\/schema\/person\/0d15dadb25ee420cb54f76ad120c98fa"},"headline":"Neue Informationen zur verbauten Kamera im kommenden &#8222;LG G Pro 2&#8220;","datePublished":"2014-02-04T14:23:40+00:00","mainEntityOfPage":{"@id":"https:\/\/www.deskmodder.de\/blog\/2014\/02\/04\/neue-informationen-zur-verbauten-kamera-im-kommenden-lg-g-pro-2\/"},"wordCount":201,"commentCount":0,"publisher":{"@id":"https:\/\/www.deskmodder.de\/blog\/#organization"},"image":{"@id":"https:\/\/www.deskmodder.de\/blog\/2014\/02\/04\/neue-informationen-zur-verbauten-kamera-im-kommenden-lg-g-pro-2\/#primaryimage"},"thumbnailUrl":"http:\/\/www.deskmodder.de\/blog\/wp-content\/uploads\/2014\/01\/lg-g2-header-150x101.jpg","keywords":["G Pro 2 Kamera","LG G Pro 2","OIS Plus","SlowMotion"],"articleSection":{"1":"Hardware"},"inLanguage":"de","potentialAction":[{"@type":"CommentAction","name":"Comment","target":["https:\/\/www.deskmodder.de\/blog\/2014\/02\/04\/neue-informationen-zur-verbauten-kamera-im-kommenden-lg-g-pro-2\/#respond"]}],"copyrightYear":"2014","copyrightHolder":{"@id":"https:\/\/www.deskmodder.de\/blog\/#organization"}},{"@type":"WebPage","@id":"https:\/\/www.deskmodder.de\/blog\/2014\/02\/04\/neue-informationen-zur-verbauten-kamera-im-kommenden-lg-g-pro-2\/","url":"https:\/\/www.deskmodder.de\/blog\/2014\/02\/04\/neue-informationen-zur-verbauten-kamera-im-kommenden-lg-g-pro-2\/","name":"Neue Informationen zur verbauten Kamera im kommenden \"LG G Pro 2\" - Deskmodder.de","isPartOf":{"@id":"https:\/\/www.deskmodder.de\/blog\/#website"},"primaryImageOfPage":{"@id":"https:\/\/www.deskmodder.de\/blog\/2014\/02\/04\/neue-informationen-zur-verbauten-kamera-im-kommenden-lg-g-pro-2\/#primaryimage"},"image":{"@id":"https:\/\/www.deskmodder.de\/blog\/2014\/02\/04\/neue-informationen-zur-verbauten-kamera-im-kommenden-lg-g-pro-2\/#primaryimage"},"thumbnailUrl":"http:\/\/www.deskmodder.de\/blog\/wp-content\/uploads\/2014\/01\/lg-g2-header-150x101.jpg","datePublished":"2014-02-04T14:23:40+00:00","breadcrumb":{"@id":"https:\/\/www.deskmodder.de\/blog\/2014\/02\/04\/neue-informationen-zur-verbauten-kamera-im-kommenden-lg-g-pro-2\/#breadcrumb"},"inLanguage":"de","potentialAction":[{"@type":"ReadAction","target":["https:\/\/www.deskmodder.de\/blog\/2014\/02\/04\/neue-informationen-zur-verbauten-kamera-im-kommenden-lg-g-pro-2\/"]}]},{"@type":"ImageObject","inLanguage":"de","@id":"https:\/\/www.deskmodder.de\/blog\/2014\/02\/04\/neue-informationen-zur-verbauten-kamera-im-kommenden-lg-g-pro-2\/#primaryimage","url":"https:\/\/www.deskmodder.de\/blog\/wp-content\/uploads\/2014\/01\/lg-g2-header.jpg","contentUrl":"https:\/\/www.deskmodder.de\/blog\/wp-content\/uploads\/2014\/01\/lg-g2-header.jpg","width":512,"height":346},{"@type":"BreadcrumbList","@id":"https:\/\/www.deskmodder.de\/blog\/2014\/02\/04\/neue-informationen-zur-verbauten-kamera-im-kommenden-lg-g-pro-2\/#breadcrumb","itemListElement":[{"@type":"ListItem","position":1,"name":"Startseite","item":"https:\/\/www.deskmodder.de\/blog\/"},{"@type":"ListItem","position":2,"name":"Neue Informationen zur verbauten Kamera im kommenden &#8222;LG G Pro 2&#8220;"}]},{"@type":"WebSite","@id":"https:\/\/www.deskmodder.de\/blog\/#website","url":"https:\/\/www.deskmodder.de\/blog\/","name":"Deskmodder.de","description":"News zum Thema Microsoft, Windows 11 \/ 10, sowie anderen Neuigkeiten aus dem Netz, viele Tipps und individuelle Hilfe bei Problemen in unserem Forum \u25cf Deskmodder - seit 2003","publisher":{"@id":"https:\/\/www.deskmodder.de\/blog\/#organization"},"potentialAction":[{"@type":"SearchAction","target":{"@type":"EntryPoint","urlTemplate":"https:\/\/www.deskmodder.de\/blog\/?s={search_term_string}"},"query-input":{"@type":"PropertyValueSpecification","valueRequired":true,"valueName":"search_term_string"}}],"inLanguage":"de"},{"@type":"Organization","@id":"https:\/\/www.deskmodder.de\/blog\/#organization","name":"Deskmodder","url":"https:\/\/www.deskmodder.de\/blog\/","logo":{"@type":"ImageObject","inLanguage":"de","@id":"https:\/\/www.deskmodder.de\/blog\/#\/schema\/logo\/image\/","url":"https:\/\/www.deskmodder.de\/blog\/wp-content\/uploads\/2019\/01\/deskmodder-logo-app.png","contentUrl":"https:\/\/www.deskmodder.de\/blog\/wp-content\/uploads\/2019\/01\/deskmodder-logo-app.png","width":281,"height":286,"caption":"Deskmodder"},"image":{"@id":"https:\/\/www.deskmodder.de\/blog\/#\/schema\/logo\/image\/"},"sameAs":["https:\/\/www.facebook.com\/Deskmodder","https:\/\/x.com\/Deskmodder","https:\/\/mastodontech.de\/@Deskmodder","https:\/\/www.youtube.com\/user\/deskmodder","https:\/\/mewe.com\/group\/5c83b5231add826fc80cdae1"]},{"@type":"Person","@id":"https:\/\/www.deskmodder.de\/blog\/#\/schema\/person\/0d15dadb25ee420cb54f76ad120c98fa","name":"Mike","image":{"@type":"ImageObject","inLanguage":"de","@id":"https:\/\/secure.gravatar.com\/avatar\/a25a00ccc6c845d38ee2695915f64089ae7e42ad1a0e8247e29b357ef56b0fab?s=96&d=mm&r=g","url":"https:\/\/secure.gravatar.com\/avatar\/a25a00ccc6c845d38ee2695915f64089ae7e42ad1a0e8247e29b357ef56b0fab?s=96&d=mm&r=g","contentUrl":"https:\/\/secure.gravatar.com\/avatar\/a25a00ccc6c845d38ee2695915f64089ae7e42ad1a0e8247e29b357ef56b0fab?s=96&d=mm&r=g","caption":"Mike"},"description":"\u00dcber das Anpassen &amp; Abspecken von XP in die \"Windows-Welt\" gekommen, interessiere ich mich eigentlich f\u00fcr jedes gute St\u00fcck Technik. Neben Windows hat auch Android bei mir ein zu Hause gefunden. Und ich bin jedes Jahr gespannt, was mich Neues erwartet. Bloggen ist eine Leidenschaft von mir und ich teile diese hier gerne mit euch.","url":"https:\/\/www.deskmodder.de\/blog\/author\/mike\/"}]}},"jetpack_publicize_connections":[],"jetpack_featured_media_url":"","_links":{"self":[{"href":"https:\/\/www.deskmodder.de\/blog\/wp-json\/wp\/v2\/posts\/20402","targetHints":{"allow":["GET"]}}],"collection":[{"href":"https:\/\/www.deskmodder.de\/blog\/wp-json\/wp\/v2\/posts"}],"about":[{"href":"https:\/\/www.deskmodder.de\/blog\/wp-json\/wp\/v2\/types\/post"}],"author":[{"embeddable":true,"href":"https:\/\/www.deskmodder.de\/blog\/wp-json\/wp\/v2\/users\/2020"}],"replies":[{"embeddable":true,"href":"https:\/\/www.deskmodder.de\/blog\/wp-json\/wp\/v2\/comments?post=20402"}],"version-history":[{"count":0,"href":"https:\/\/www.deskmodder.de\/blog\/wp-json\/wp\/v2\/posts\/20402\/revisions"}],"wp:attachment":[{"href":"https:\/\/www.deskmodder.de\/blog\/wp-json\/wp\/v2\/media?parent=20402"}],"wp:term":[{"taxonomy":"category","embeddable":true,"href":"https:\/\/www.deskmodder.de\/blog\/wp-json\/wp\/v2\/categories?post=20402"},{"taxonomy":"post_tag","embeddable":true,"href":"https:\/\/www.deskmodder.de\/blog\/wp-json\/wp\/v2\/tags?post=20402"}],"curies":[{"name":"wp","href":"https:\/\/api.w.org\/{rel}","templated":true}]}}